{"id":2128,"date":"2018-02-21T19:42:00","date_gmt":"2018-02-21T22:42:00","guid":{"rendered":"https:\/\/globalattitude.org.br\/inscricoes-abertas-diplomacia-civil-busca-delegacoes-para-evento-da-onu-e-ocde\/"},"modified":"2023-03-10T10:32:06","modified_gmt":"2023-03-10T13:32:06","slug":"inscricoes-abertas-diplomacia-civil-busca-delegacoes-para-evento-da-onu-e-ocde","status":"publish","type":"post","link":"https:\/\/globalattitude.org.br\/en\/inscricoes-abertas-diplomacia-civil-busca-delegacoes-para-evento-da-onu-e-ocde\/","title":{"rendered":"Inscri\u00e7\u00f5es abertas: Diplomacia Civil busca delega\u00e7\u00f5es para evento da ONU e OCDE"},"content":{"rendered":"<p>O programa Diplomacia Civil est\u00e1 com novas inscri\u00e7\u00f5es abertas para formar duas delega\u00e7\u00f5es, as quais ir\u00e3o ao <strong>F\u00f3rum dos Pa\u00edses da Am\u00e9rica Latina e Caribe sobre Desenvolvimento Sustent\u00e1vel<\/strong> (de 15 a 21 de abril), no Chile, e ao <strong>OECD Forum 2018<\/strong> (de 27 de maio a 1 de junho), na Fran\u00e7a.\u00a0Os selecionados ter\u00e3o a oportunidade de assistir a debates e palestras com l\u00edderes mundiais e organiza\u00e7\u00f5es internacionais, al\u00e9m de contar com uma agenda de reuni\u00f5es exclusiva, organizada pelo programa, e workshops preparat\u00f3rios realizados antes\u00a0do evento.<\/p>\n<p>As inscri\u00e7\u00f5es s\u00e3o feitas\u00a0por meio do preenchimento de\u00a0<a href=\"http:\/\/blog.globalattitude.org.br\/inscricoes\/\">formul\u00e1rio online<\/a>\u00a0<strong>at\u00e9\u00a04 de mar\u00e7o<\/strong> (domingo), \u00e0s 23h59, e podem se inscrever estudantes, jovens profissionais e pesquisadores brasileiros, de 18 a 35 anos, independente da \u00e1rea de forma\u00e7\u00e3o, interessados em desenvolvimento sustent\u00e1vel ou economia global.<\/p>\n<p>O programa \u00e9 pago e inclui o credenciamento no evento, passagens a\u00e9reas de ida e volta, traslado aeroporto-hotel, acomoda\u00e7\u00e3o em hotel, seguro sa\u00fade, assist\u00eancia na emiss\u00e3o de visto (se necess\u00e1rio), workshops de capacita\u00e7\u00e3o, supervis\u00e3o e orienta\u00e7\u00e3o para reda\u00e7\u00e3o do artigo de pesquisa, cart\u00e3o de visita personalizado, certificado de participa\u00e7\u00e3o e acompanhamento de um coordenador do Instituto Global Attitude no evento.<\/p>\n<p><strong>Sobre o\u00a0F\u00f3rum dos Pa\u00edses da Am\u00e9rica Latina e Caribe sobre Desenvolvimento Sustent\u00e1vel<br \/>\n<\/strong>Promovido pela Comiss\u00e3o Econ\u00f4mica da ONU para Am\u00e9rica Latina e Caribe (Cepal), o f\u00f3rum foi criado para dar seguimento e monitorar a implementa\u00e7\u00e3o da Agenda 2030 para o Desenvolvimento Sustent\u00e1vel, os Objetivos de Desenvolvimento Sustent\u00e1vel (ODS) e suas metas, aprovados em 2016 durante sess\u00e3o da Cepal no M\u00e9xico. O evento acontece na\u00a0cidade de Santiago, Chile, e\u00a0re\u00fane\u00a0representantes de Estado, setores privados, sociedade civil, bancos de desenvolvimento, \u00f3rg\u00e3os subsidi\u00e1rios da pr\u00f3pria Cepal, ag\u00eancias da ONU e blocos de integra\u00e7\u00e3o regional.<\/p>\n<p><a href=\"http:\/\/globalattitude.org.br\/wp-content\/uploads\/2023\/03\/CEPAL1-1.jpg\"><img fetchpriority=\"high\" decoding=\"async\" class=\"aligncenter wp-image-3905\" src=\"http:\/\/globalattitude.org.br\/wp-content\/uploads\/2023\/03\/CEPAL1-1-300x183.jpg\" alt=\"\" width=\"600\" height=\"366\" \/><\/a><\/p>\n<p class=\"p2\"><strong>Sobre o OECD Forum 2018<\/strong><br \/>\nRealizado anualmente pela\u00a0Organiza\u00e7\u00e3o para Coopera\u00e7\u00e3o e Desenvolvimento Econ\u00f4mico, o OECD Forum 2018 acontece em Paris, Fran\u00e7a. Sob o tema &#8220;O Que Nos Une?&#8221;, o evento\u00a0\u00e9 uma oportunidade de\u00a0debate entre governo, sociedade civil, terceiro setor, acad\u00eamicos e representantes da OCDE sobre como enfrentar os principais desafios econ\u00f4micos, sociais e de governo, decorrentes da economia globalizada, reunindo mais de 3 mil pessoas dos mais diversos pa\u00edses.<\/p>\n<p class=\"p2\"><a href=\"http:\/\/globalattitude.org.br\/wp-content\/uploads\/2023\/03\/oecd-meeting.jpg\"><img decoding=\"async\" class=\"wp-image-3906 aligncenter\" src=\"http:\/\/globalattitude.org.br\/wp-content\/uploads\/2023\/03\/oecd-meeting-300x169.jpg\" alt=\"\" width=\"600\" height=\"337\" \/><\/a><\/p>\n<p><strong>Como participar<\/strong><br \/>\nO interessado em se inscrever em um dos dois eventos deve preencher o <a href=\"http:\/\/blog.globalattitude.org.br\/inscricoes\/\">formul\u00e1rio eletr\u00f4nico<\/a> e anexar curr\u00edculo at\u00e9 o dia 4 de mar\u00e7o, \u00e0s 23h59 (hor\u00e1rio de Bras\u00edlia).\u00a0O crit\u00e9rio de sele\u00e7\u00e3o leva em conta tanto o desempenho acad\u00eamico do candidato como o interesse pela tem\u00e1tica abordada nos eventos, al\u00e9m da proposta de artigo que ser\u00e1 desenvolvido durante a prepara\u00e7\u00e3o para a viagem.<\/p>\n<p>Fique de olho nos prazos e comece a sua inscri\u00e7\u00e3o agora. Estamos te esperando!<\/p>\n<p>Para mais informa\u00e7\u00f5es, acesse a nossa p\u00e1gina de\u00a0<a href=\"http:\/\/blog.globalattitude.org.br\/services-1\/\" target=\"_blank\" rel=\"noopener noreferrer\">perguntas frequentes<\/a>.<\/p>\n","protected":false},"excerpt":{"rendered":"<p>O programa Diplomacia Civil est\u00e1 com novas inscri\u00e7\u00f5es abertas para formar duas delega\u00e7\u00f5es, as quais ir\u00e3o ao F\u00f3rum dos Pa\u00edses da Am\u00e9rica Latina e Caribe sobre Desenvolvimento Sustent\u00e1vel (de 15 a 21 de abril), no Chile, e ao OECD Forum 2018 (de 27 de maio a 1 de junho), na Fran\u00e7a.\u00a0Os selecionados ter\u00e3o a oportunidade [&hellip;]<\/p>\n","protected":false},"author":1,"featured_media":2129,"comment_status":"open","ping_status":"open","sticky":false,"template":"","format":"standard","meta":{"_acf_changed":false,"om_disable_all_campaigns":false,"_monsterinsights_skip_tracking":false,"_monsterinsights_sitenote_active":false,"_monsterinsights_sitenote_note":"","_monsterinsights_sitenote_category":0,"_uf_show_specific_survey":0,"_uf_disable_surveys":false,"footnotes":""},"categories":[22,34],"tags":[],"class_list":["post-2128","post","type-post","status-publish","format-standard","hentry","category-programas","category-ultimas"],"acf":[],"aioseo_notices":[],"yoast_head":"<!-- This site is optimized with the Yoast SEO plugin v27.5 - https:\/\/yoast.com\/product\/yoast-seo-wordpress\/ -->\n<title>Inscri\u00e7\u00f5es abertas: Diplomacia Civil busca delega\u00e7\u00f5es para evento da ONU e OCDE - Instituto Global Attitude<\/title>\n<meta name=\"robots\" content=\"index, follow, max-snippet:-1, max-image-preview:large, max-video-preview:-1\" \/>\n<link rel=\"canonical\" href=\"https:\/\/globalattitude.org.br\/en\/inscricoes-abertas-diplomacia-civil-busca-delegacoes-para-evento-da-onu-e-ocde\/\" \/>\n<meta property=\"og:locale\" content=\"en_US\" \/>\n<meta property=\"og:type\" content=\"article\" \/>\n<meta property=\"og:title\" content=\"Inscri\u00e7\u00f5es abertas: Diplomacia Civil busca delega\u00e7\u00f5es para evento da ONU e OCDE - Instituto Global Attitude\" \/>\n<meta property=\"og:description\" content=\"O programa Diplomacia Civil est\u00e1 com novas inscri\u00e7\u00f5es abertas para formar duas delega\u00e7\u00f5es, as quais ir\u00e3o ao F\u00f3rum dos Pa\u00edses da Am\u00e9rica Latina e Caribe sobre Desenvolvimento Sustent\u00e1vel (de 15 a 21 de abril), no Chile, e ao OECD Forum 2018 (de 27 de maio a 1 de junho), na Fran\u00e7a.\u00a0Os selecionados ter\u00e3o a oportunidade [&hellip;]\" \/>\n<meta property=\"og:url\" content=\"https:\/\/globalattitude.org.br\/en\/inscricoes-abertas-diplomacia-civil-busca-delegacoes-para-evento-da-onu-e-ocde\/\" \/>\n<meta property=\"og:site_name\" content=\"Instituto Global Attitude\" \/>\n<meta property=\"article:publisher\" content=\"https:\/\/www.facebook.com\/global.attitude.org\/\" \/>\n<meta property=\"article:published_time\" content=\"2018-02-21T22:42:00+00:00\" \/>\n<meta property=\"article:modified_time\" content=\"2023-03-10T13:32:06+00:00\" \/>\n<meta property=\"og:image\" content=\"https:\/\/globalattitude.org.br\/wp-content\/uploads\/2023\/03\/CEPAL1-1.jpg\" \/>\n\t<meta property=\"og:image:width\" content=\"1000\" \/>\n\t<meta property=\"og:image:height\" content=\"610\" \/>\n\t<meta property=\"og:image:type\" content=\"image\/jpeg\" \/>\n<meta name=\"author\" content=\"123esite\" \/>\n<meta name=\"twitter:card\" content=\"summary_large_image\" \/>\n<meta name=\"twitter:creator\" content=\"@global_attitude\" \/>\n<meta name=\"twitter:site\" content=\"@global_attitude\" \/>\n<meta name=\"twitter:label1\" content=\"Written by\" \/>\n\t<meta name=\"twitter:data1\" content=\"123esite\" \/>\n\t<meta name=\"twitter:label2\" content=\"Est. reading time\" \/>\n\t<meta name=\"twitter:data2\" content=\"3 minutes\" \/>\n<script type=\"application\/ld+json\" class=\"yoast-schema-graph\">{\"@context\":\"https:\\\/\\\/schema.org\",\"@graph\":[{\"@type\":[\"Article\",\"BlogPosting\"],\"@id\":\"https:\\\/\\\/globalattitude.org.br\\\/en\\\/inscricoes-abertas-diplomacia-civil-busca-delegacoes-para-evento-da-onu-e-ocde\\\/#article\",\"isPartOf\":{\"@id\":\"https:\\\/\\\/globalattitude.org.br\\\/en\\\/inscricoes-abertas-diplomacia-civil-busca-delegacoes-para-evento-da-onu-e-ocde\\\/\"},\"author\":{\"name\":\"123esite\",\"@id\":\"https:\\\/\\\/globalattitude.org.br\\\/en\\\/#\\\/schema\\\/person\\\/6d308f9d9d1eebad0278ad9386f13169\"},\"headline\":\"Inscri\u00e7\u00f5es abertas: Diplomacia Civil busca delega\u00e7\u00f5es para evento da ONU e OCDE\",\"datePublished\":\"2018-02-21T22:42:00+00:00\",\"dateModified\":\"2023-03-10T13:32:06+00:00\",\"mainEntityOfPage\":{\"@id\":\"https:\\\/\\\/globalattitude.org.br\\\/en\\\/inscricoes-abertas-diplomacia-civil-busca-delegacoes-para-evento-da-onu-e-ocde\\\/\"},\"wordCount\":519,\"commentCount\":0,\"publisher\":{\"@id\":\"https:\\\/\\\/globalattitude.org.br\\\/en\\\/#organization\"},\"image\":{\"@id\":\"https:\\\/\\\/globalattitude.org.br\\\/en\\\/inscricoes-abertas-diplomacia-civil-busca-delegacoes-para-evento-da-onu-e-ocde\\\/#primaryimage\"},\"thumbnailUrl\":\"https:\\\/\\\/globalattitude.org.br\\\/wp-content\\\/uploads\\\/2023\\\/03\\\/CEPAL1-1.jpg\",\"articleSection\":[\"Programas\",\"\u00daltimas\"],\"inLanguage\":\"en-US\",\"potentialAction\":[{\"@type\":\"CommentAction\",\"name\":\"Comment\",\"target\":[\"https:\\\/\\\/globalattitude.org.br\\\/en\\\/inscricoes-abertas-diplomacia-civil-busca-delegacoes-para-evento-da-onu-e-ocde\\\/#respond\"]}]},{\"@type\":\"WebPage\",\"@id\":\"https:\\\/\\\/globalattitude.org.br\\\/en\\\/inscricoes-abertas-diplomacia-civil-busca-delegacoes-para-evento-da-onu-e-ocde\\\/\",\"url\":\"https:\\\/\\\/globalattitude.org.br\\\/en\\\/inscricoes-abertas-diplomacia-civil-busca-delegacoes-para-evento-da-onu-e-ocde\\\/\",\"name\":\"Inscri\u00e7\u00f5es abertas: Diplomacia Civil busca delega\u00e7\u00f5es para evento da ONU e OCDE - Instituto Global Attitude\",\"isPartOf\":{\"@id\":\"https:\\\/\\\/globalattitude.org.br\\\/en\\\/#website\"},\"primaryImageOfPage\":{\"@id\":\"https:\\\/\\\/globalattitude.org.br\\\/en\\\/inscricoes-abertas-diplomacia-civil-busca-delegacoes-para-evento-da-onu-e-ocde\\\/#primaryimage\"},\"image\":{\"@id\":\"https:\\\/\\\/globalattitude.org.br\\\/en\\\/inscricoes-abertas-diplomacia-civil-busca-delegacoes-para-evento-da-onu-e-ocde\\\/#primaryimage\"},\"thumbnailUrl\":\"https:\\\/\\\/globalattitude.org.br\\\/wp-content\\\/uploads\\\/2023\\\/03\\\/CEPAL1-1.jpg\",\"datePublished\":\"2018-02-21T22:42:00+00:00\",\"dateModified\":\"2023-03-10T13:32:06+00:00\",\"breadcrumb\":{\"@id\":\"https:\\\/\\\/globalattitude.org.br\\\/en\\\/inscricoes-abertas-diplomacia-civil-busca-delegacoes-para-evento-da-onu-e-ocde\\\/#breadcrumb\"},\"inLanguage\":\"en-US\",\"potentialAction\":[{\"@type\":\"ReadAction\",\"target\":[\"https:\\\/\\\/globalattitude.org.br\\\/en\\\/inscricoes-abertas-diplomacia-civil-busca-delegacoes-para-evento-da-onu-e-ocde\\\/\"]}]},{\"@type\":\"ImageObject\",\"inLanguage\":\"en-US\",\"@id\":\"https:\\\/\\\/globalattitude.org.br\\\/en\\\/inscricoes-abertas-diplomacia-civil-busca-delegacoes-para-evento-da-onu-e-ocde\\\/#primaryimage\",\"url\":\"https:\\\/\\\/globalattitude.org.br\\\/wp-content\\\/uploads\\\/2023\\\/03\\\/CEPAL1-1.jpg\",\"contentUrl\":\"https:\\\/\\\/globalattitude.org.br\\\/wp-content\\\/uploads\\\/2023\\\/03\\\/CEPAL1-1.jpg\",\"width\":1000,\"height\":610},{\"@type\":\"BreadcrumbList\",\"@id\":\"https:\\\/\\\/globalattitude.org.br\\\/en\\\/inscricoes-abertas-diplomacia-civil-busca-delegacoes-para-evento-da-onu-e-ocde\\\/#breadcrumb\",\"itemListElement\":[{\"@type\":\"ListItem\",\"position\":1,\"name\":\"In\u00edcio\",\"item\":\"https:\\\/\\\/globalattitude.org.br\\\/en\\\/\"},{\"@type\":\"ListItem\",\"position\":2,\"name\":\"Inscri\u00e7\u00f5es abertas: Diplomacia Civil busca delega\u00e7\u00f5es para evento da ONU e OCDE\"}]},{\"@type\":\"WebSite\",\"@id\":\"https:\\\/\\\/globalattitude.org.br\\\/en\\\/#website\",\"url\":\"https:\\\/\\\/globalattitude.org.br\\\/en\\\/\",\"name\":\"Instituto Global Attitude\",\"description\":\"\",\"publisher\":{\"@id\":\"https:\\\/\\\/globalattitude.org.br\\\/en\\\/#organization\"},\"potentialAction\":[{\"@type\":\"SearchAction\",\"target\":{\"@type\":\"EntryPoint\",\"urlTemplate\":\"https:\\\/\\\/globalattitude.org.br\\\/en\\\/?s={search_term_string}\"},\"query-input\":{\"@type\":\"PropertyValueSpecification\",\"valueRequired\":true,\"valueName\":\"search_term_string\"}}],\"inLanguage\":\"en-US\"},{\"@type\":\"Organization\",\"@id\":\"https:\\\/\\\/globalattitude.org.br\\\/en\\\/#organization\",\"name\":\"Instituto Global Attitude\",\"url\":\"https:\\\/\\\/globalattitude.org.br\\\/en\\\/\",\"logo\":{\"@type\":\"ImageObject\",\"inLanguage\":\"en-US\",\"@id\":\"https:\\\/\\\/globalattitude.org.br\\\/en\\\/#\\\/schema\\\/logo\\\/image\\\/\",\"url\":\"https:\\\/\\\/globalattitude.org.br\\\/wp-content\\\/uploads\\\/2023\\\/01\\\/instituto-global-attitude-color.png\",\"contentUrl\":\"https:\\\/\\\/globalattitude.org.br\\\/wp-content\\\/uploads\\\/2023\\\/01\\\/instituto-global-attitude-color.png\",\"width\":300,\"height\":131,\"caption\":\"Instituto Global Attitude\"},\"image\":{\"@id\":\"https:\\\/\\\/globalattitude.org.br\\\/en\\\/#\\\/schema\\\/logo\\\/image\\\/\"},\"sameAs\":[\"https:\\\/\\\/www.facebook.com\\\/global.attitude.org\\\/\",\"https:\\\/\\\/x.com\\\/global_attitude\",\"https:\\\/\\\/www.instagram.com\\\/globalattitude\",\"https:\\\/\\\/www.linkedin.com\\\/company\\\/global-attitude\\\/?viewAsMember=true\"]},{\"@type\":\"Person\",\"@id\":\"https:\\\/\\\/globalattitude.org.br\\\/en\\\/#\\\/schema\\\/person\\\/6d308f9d9d1eebad0278ad9386f13169\",\"name\":\"123esite\",\"image\":{\"@type\":\"ImageObject\",\"inLanguage\":\"en-US\",\"@id\":\"https:\\\/\\\/secure.gravatar.com\\\/avatar\\\/07bd71fac19f42004f2b73567f012e126689afdb23cb0017536dea9113ba1806?s=96&d=mm&r=g\",\"url\":\"https:\\\/\\\/secure.gravatar.com\\\/avatar\\\/07bd71fac19f42004f2b73567f012e126689afdb23cb0017536dea9113ba1806?s=96&d=mm&r=g\",\"contentUrl\":\"https:\\\/\\\/secure.gravatar.com\\\/avatar\\\/07bd71fac19f42004f2b73567f012e126689afdb23cb0017536dea9113ba1806?s=96&d=mm&r=g\",\"caption\":\"123esite\"},\"sameAs\":[\"http:\\\/\\\/globalattitude.org.br\"],\"url\":\"https:\\\/\\\/globalattitude.org.br\\\/en\\\/author\\\/123esite\\\/\"}]}<\/script>\n<!-- \/ Yoast SEO plugin. -->","yoast_head_json":{"title":"Inscri\u00e7\u00f5es abertas: Diplomacia Civil busca delega\u00e7\u00f5es para evento da ONU e OCDE - Instituto Global Attitude","robots":{"index":"index","follow":"follow","max-snippet":"max-snippet:-1","max-image-preview":"max-image-preview:large","max-video-preview":"max-video-preview:-1"},"canonical":"https:\/\/globalattitude.org.br\/en\/inscricoes-abertas-diplomacia-civil-busca-delegacoes-para-evento-da-onu-e-ocde\/","og_locale":"en_US","og_type":"article","og_title":"Inscri\u00e7\u00f5es abertas: Diplomacia Civil busca delega\u00e7\u00f5es para evento da ONU e OCDE - Instituto Global Attitude","og_description":"O programa Diplomacia Civil est\u00e1 com novas inscri\u00e7\u00f5es abertas para formar duas delega\u00e7\u00f5es, as quais ir\u00e3o ao F\u00f3rum dos Pa\u00edses da Am\u00e9rica Latina e Caribe sobre Desenvolvimento Sustent\u00e1vel (de 15 a 21 de abril), no Chile, e ao OECD Forum 2018 (de 27 de maio a 1 de junho), na Fran\u00e7a.\u00a0Os selecionados ter\u00e3o a oportunidade [&hellip;]","og_url":"https:\/\/globalattitude.org.br\/en\/inscricoes-abertas-diplomacia-civil-busca-delegacoes-para-evento-da-onu-e-ocde\/","og_site_name":"Instituto Global Attitude","article_publisher":"https:\/\/www.facebook.com\/global.attitude.org\/","article_published_time":"2018-02-21T22:42:00+00:00","article_modified_time":"2023-03-10T13:32:06+00:00","og_image":[{"width":1000,"height":610,"url":"https:\/\/globalattitude.org.br\/wp-content\/uploads\/2023\/03\/CEPAL1-1.jpg","type":"image\/jpeg"}],"author":"123esite","twitter_card":"summary_large_image","twitter_creator":"@global_attitude","twitter_site":"@global_attitude","twitter_misc":{"Written by":"123esite","Est. reading time":"3 minutes"},"schema":{"@context":"https:\/\/schema.org","@graph":[{"@type":["Article","BlogPosting"],"@id":"https:\/\/globalattitude.org.br\/en\/inscricoes-abertas-diplomacia-civil-busca-delegacoes-para-evento-da-onu-e-ocde\/#article","isPartOf":{"@id":"https:\/\/globalattitude.org.br\/en\/inscricoes-abertas-diplomacia-civil-busca-delegacoes-para-evento-da-onu-e-ocde\/"},"author":{"name":"123esite","@id":"https:\/\/globalattitude.org.br\/en\/#\/schema\/person\/6d308f9d9d1eebad0278ad9386f13169"},"headline":"Inscri\u00e7\u00f5es abertas: Diplomacia Civil busca delega\u00e7\u00f5es para evento da ONU e OCDE","datePublished":"2018-02-21T22:42:00+00:00","dateModified":"2023-03-10T13:32:06+00:00","mainEntityOfPage":{"@id":"https:\/\/globalattitude.org.br\/en\/inscricoes-abertas-diplomacia-civil-busca-delegacoes-para-evento-da-onu-e-ocde\/"},"wordCount":519,"commentCount":0,"publisher":{"@id":"https:\/\/globalattitude.org.br\/en\/#organization"},"image":{"@id":"https:\/\/globalattitude.org.br\/en\/inscricoes-abertas-diplomacia-civil-busca-delegacoes-para-evento-da-onu-e-ocde\/#primaryimage"},"thumbnailUrl":"https:\/\/globalattitude.org.br\/wp-content\/uploads\/2023\/03\/CEPAL1-1.jpg","articleSection":["Programas","\u00daltimas"],"inLanguage":"en-US","potentialAction":[{"@type":"CommentAction","name":"Comment","target":["https:\/\/globalattitude.org.br\/en\/inscricoes-abertas-diplomacia-civil-busca-delegacoes-para-evento-da-onu-e-ocde\/#respond"]}]},{"@type":"WebPage","@id":"https:\/\/globalattitude.org.br\/en\/inscricoes-abertas-diplomacia-civil-busca-delegacoes-para-evento-da-onu-e-ocde\/","url":"https:\/\/globalattitude.org.br\/en\/inscricoes-abertas-diplomacia-civil-busca-delegacoes-para-evento-da-onu-e-ocde\/","name":"Inscri\u00e7\u00f5es abertas: Diplomacia Civil busca delega\u00e7\u00f5es para evento da ONU e OCDE - Instituto Global Attitude","isPartOf":{"@id":"https:\/\/globalattitude.org.br\/en\/#website"},"primaryImageOfPage":{"@id":"https:\/\/globalattitude.org.br\/en\/inscricoes-abertas-diplomacia-civil-busca-delegacoes-para-evento-da-onu-e-ocde\/#primaryimage"},"image":{"@id":"https:\/\/globalattitude.org.br\/en\/inscricoes-abertas-diplomacia-civil-busca-delegacoes-para-evento-da-onu-e-ocde\/#primaryimage"},"thumbnailUrl":"https:\/\/globalattitude.org.br\/wp-content\/uploads\/2023\/03\/CEPAL1-1.jpg","datePublished":"2018-02-21T22:42:00+00:00","dateModified":"2023-03-10T13:32:06+00:00","breadcrumb":{"@id":"https:\/\/globalattitude.org.br\/en\/inscricoes-abertas-diplomacia-civil-busca-delegacoes-para-evento-da-onu-e-ocde\/#breadcrumb"},"inLanguage":"en-US","potentialAction":[{"@type":"ReadAction","target":["https:\/\/globalattitude.org.br\/en\/inscricoes-abertas-diplomacia-civil-busca-delegacoes-para-evento-da-onu-e-ocde\/"]}]},{"@type":"ImageObject","inLanguage":"en-US","@id":"https:\/\/globalattitude.org.br\/en\/inscricoes-abertas-diplomacia-civil-busca-delegacoes-para-evento-da-onu-e-ocde\/#primaryimage","url":"https:\/\/globalattitude.org.br\/wp-content\/uploads\/2023\/03\/CEPAL1-1.jpg","contentUrl":"https:\/\/globalattitude.org.br\/wp-content\/uploads\/2023\/03\/CEPAL1-1.jpg","width":1000,"height":610},{"@type":"BreadcrumbList","@id":"https:\/\/globalattitude.org.br\/en\/inscricoes-abertas-diplomacia-civil-busca-delegacoes-para-evento-da-onu-e-ocde\/#breadcrumb","itemListElement":[{"@type":"ListItem","position":1,"name":"In\u00edcio","item":"https:\/\/globalattitude.org.br\/en\/"},{"@type":"ListItem","position":2,"name":"Inscri\u00e7\u00f5es abertas: Diplomacia Civil busca delega\u00e7\u00f5es para evento da ONU e OCDE"}]},{"@type":"WebSite","@id":"https:\/\/globalattitude.org.br\/en\/#website","url":"https:\/\/globalattitude.org.br\/en\/","name":"Instituto Global Attitude","description":"","publisher":{"@id":"https:\/\/globalattitude.org.br\/en\/#organization"},"potentialAction":[{"@type":"SearchAction","target":{"@type":"EntryPoint","urlTemplate":"https:\/\/globalattitude.org.br\/en\/?s={search_term_string}"},"query-input":{"@type":"PropertyValueSpecification","valueRequired":true,"valueName":"search_term_string"}}],"inLanguage":"en-US"},{"@type":"Organization","@id":"https:\/\/globalattitude.org.br\/en\/#organization","name":"Instituto Global Attitude","url":"https:\/\/globalattitude.org.br\/en\/","logo":{"@type":"ImageObject","inLanguage":"en-US","@id":"https:\/\/globalattitude.org.br\/en\/#\/schema\/logo\/image\/","url":"https:\/\/globalattitude.org.br\/wp-content\/uploads\/2023\/01\/instituto-global-attitude-color.png","contentUrl":"https:\/\/globalattitude.org.br\/wp-content\/uploads\/2023\/01\/instituto-global-attitude-color.png","width":300,"height":131,"caption":"Instituto Global Attitude"},"image":{"@id":"https:\/\/globalattitude.org.br\/en\/#\/schema\/logo\/image\/"},"sameAs":["https:\/\/www.facebook.com\/global.attitude.org\/","https:\/\/x.com\/global_attitude","https:\/\/www.instagram.com\/globalattitude","https:\/\/www.linkedin.com\/company\/global-attitude\/?viewAsMember=true"]},{"@type":"Person","@id":"https:\/\/globalattitude.org.br\/en\/#\/schema\/person\/6d308f9d9d1eebad0278ad9386f13169","name":"123esite","image":{"@type":"ImageObject","inLanguage":"en-US","@id":"https:\/\/secure.gravatar.com\/avatar\/07bd71fac19f42004f2b73567f012e126689afdb23cb0017536dea9113ba1806?s=96&d=mm&r=g","url":"https:\/\/secure.gravatar.com\/avatar\/07bd71fac19f42004f2b73567f012e126689afdb23cb0017536dea9113ba1806?s=96&d=mm&r=g","contentUrl":"https:\/\/secure.gravatar.com\/avatar\/07bd71fac19f42004f2b73567f012e126689afdb23cb0017536dea9113ba1806?s=96&d=mm&r=g","caption":"123esite"},"sameAs":["http:\/\/globalattitude.org.br"],"url":"https:\/\/globalattitude.org.br\/en\/author\/123esite\/"}]}},"_links":{"self":[{"href":"https:\/\/globalattitude.org.br\/en\/wp-json\/wp\/v2\/posts\/2128","targetHints":{"allow":["GET"]}}],"collection":[{"href":"https:\/\/globalattitude.org.br\/en\/wp-json\/wp\/v2\/posts"}],"about":[{"href":"https:\/\/globalattitude.org.br\/en\/wp-json\/wp\/v2\/types\/post"}],"author":[{"embeddable":true,"href":"https:\/\/globalattitude.org.br\/en\/wp-json\/wp\/v2\/users\/1"}],"replies":[{"embeddable":true,"href":"https:\/\/globalattitude.org.br\/en\/wp-json\/wp\/v2\/comments?post=2128"}],"version-history":[{"count":1,"href":"https:\/\/globalattitude.org.br\/en\/wp-json\/wp\/v2\/posts\/2128\/revisions"}],"predecessor-version":[{"id":2131,"href":"https:\/\/globalattitude.org.br\/en\/wp-json\/wp\/v2\/posts\/2128\/revisions\/2131"}],"wp:featuredmedia":[{"embeddable":true,"href":"https:\/\/globalattitude.org.br\/en\/wp-json\/wp\/v2\/media\/2129"}],"wp:attachment":[{"href":"https:\/\/globalattitude.org.br\/en\/wp-json\/wp\/v2\/media?parent=2128"}],"wp:term":[{"taxonomy":"category","embeddable":true,"href":"https:\/\/globalattitude.org.br\/en\/wp-json\/wp\/v2\/categories?post=2128"},{"taxonomy":"post_tag","embeddable":true,"href":"https:\/\/globalattitude.org.br\/en\/wp-json\/wp\/v2\/tags?post=2128"}],"curies":[{"name":"wp","href":"https:\/\/api.w.org\/{rel}","templated":true}]}}