{"id":2173,"date":"2018-03-29T17:28:36","date_gmt":"2018-03-29T20:28:36","guid":{"rendered":"https:\/\/globalattitude.org.br\/os-desafios-de-mulheres-de-areas-rurais-e-tema-central-do-ngo-csw-62\/"},"modified":"2023-03-10T10:32:46","modified_gmt":"2023-03-10T13:32:46","slug":"os-desafios-de-mulheres-de-areas-rurais-e-tema-central-do-ngo-csw-62","status":"publish","type":"post","link":"https:\/\/globalattitude.org.br\/en\/os-desafios-de-mulheres-de-areas-rurais-e-tema-central-do-ngo-csw-62\/","title":{"rendered":"Os desafios de meninas e mulheres de \u00e1reas rurais \u00e9 tema central do NGO CSW 62"},"content":{"rendered":"<p><strong><em>Texto produzido pelas delegadas M\u00e9lanie Layet, Camila Almirall e Daniela Godoy<\/em><\/strong><\/p>\n<p>Marcado pela discuss\u00e3o sobre mulheres ao redor do mundo, o m\u00eas de mar\u00e7o tem data simb\u00f3lica em Nova York, onde acontece o f\u00f3rum NGO CSW 62. Realizado anualmente, o evento promove, em paralelo ao f\u00f3rum da Comiss\u00e3o das Na\u00e7\u00f5es Unidas sobre a Situa\u00e7\u00e3o das Mulheres (CSW), um encontro entre centenas de organiza\u00e7\u00f5es e indiv\u00edduos preocupados com a situa\u00e7\u00e3o feminina no mundo, reunindo milhares de ativistas internacionais para discutir assuntos voltados a mulheres e meninas, de forma a compartilhar estrat\u00e9gias e melhores pr\u00e1ticas, al\u00e9m de pressionar governos para que implementem resolu\u00e7\u00f5es e tratados j\u00e1 assinados \u00a0focados nos direitos das mulheres, igualdade de g\u00eanero e empoderamento de mulheres e meninas. O tema deste ano foi &#8220;Desafios e oportunidades para alcan\u00e7ar a igualdade de g\u00eanero e empoderamento das mulheres e meninas rurais&#8221;.<\/p>\n<p>Durante o Consultation Day, que aconteceu no dia 11 de mar\u00e7o, representantes do Brasil, Trinidade e Tobago, Nova York, Canad\u00e1 e Nova Guin\u00e9 discutiram no painel &#8220;The Concerns of Rural Women&#8221;, trazendo o panorama da situa\u00e7\u00e3o de mulheres\u00a0rurais em suas localidades, principalmente em face dos impactos decorrentes das mudan\u00e7as clim\u00e1ticas e dos conflitos envolvendo acesso e escassez de recursos h\u00eddricos.<\/p>\n<div id=\"attachment_3970\" style=\"width: 610px\" class=\"wp-caption aligncenter\"><a href=\"http:\/\/globalattitude.org.br\/wp-content\/uploads\/2023\/03\/DSC0003-2.jpg\"><img fetchpriority=\"high\" decoding=\"async\" aria-describedby=\"caption-attachment-3970\" class=\"wp-image-3970\" src=\"http:\/\/globalattitude.org.br\/wp-content\/uploads\/2023\/03\/DSC0003-2-300x199.jpg\" alt=\"\" width=\"600\" height=\"397\" \/><\/a><p id=\"caption-attachment-3970\" class=\"wp-caption-text\">Consultation Day. Foto: Global Attitude<\/p><\/div>\n<p>A moderadora da confer\u00eancia, Esther Mwaura, inaugurou o painel falando da necessidade de as mulheres rurais tomarem suas pr\u00f3prias decis\u00f5es. Ela esteve na Confer\u00eancia de Beijing em 1995 e fundou o movimento GROOTS no Qu\u00eania, que re\u00fane mais de 3.500 organiza\u00e7\u00f5es de mulheres que trabalham com a defesa de direitos femininos na \u00c1frica. Esther ressaltou as dificuldades enfrentadas pelas mulheres africanas, principalmente jovens, para obterem vistos para comparecerem ao NGO CSW 62 e criticou a express\u00e3o generalista empregada no t\u00edtulo do evento \u201cmulheres rurais\u201d, pois, em sua vis\u00e3o, n\u00e3o existe uma uniformidade de caracter\u00edsticas que abranja todas mulheres ou comunidades rurais em uma \u00fanica categoria generalista denominada \u201crural women\u201d (\u201cmulheres rurais\u201d). Para ela, h\u00e1, de fato, uma vasta diversidade de meninas e mulheres que vivem em \u00e1reas rurais, e \u00e9 a pobreza e a precariedade de suas condi\u00e7\u00f5es de vida que devem ser destacadas e endere\u00e7adas nas discuss\u00f5es.<\/p>\n<p>Esther tamb\u00e9m endere\u00e7ou os Objetivos de Desenvolvimento Sustent\u00e1vel (ODSs), afirmando que o motivo pelo qual ainda n\u00e3o se verificou um progresso efetivo em rela\u00e7\u00e3o \u00e0s metas \u00e9 a car\u00eancia de dados confi\u00e1veis e suficientes sobre as condi\u00e7\u00f5es de vida de meninas e mulheres que vivem em \u00e1reas rurais, defendendo que o investimento em produ\u00e7\u00e3o e levantamento de dados deve ser uma prioridade para a melhoria das condi\u00e7\u00f5es de tais meninas e mulheres. A moderadora do painel concluiu sua fala destacando a import\u00e2ncia de se abordar as problem\u00e1ticas afetas \u00e0s condi\u00e7\u00f5es de vida delas de maneira hol\u00edstica e integrativa, ou seja, considerando a universalidade, comunicabilidade e indissociabilidade dos problemas, evitando, assim, a setoriza\u00e7\u00e3o e a fragmenta\u00e7\u00e3o dos aspectos da vida das mulheres.<\/p>\n<p>Gia Gaspard Taylor, presidente da Rede de Mulheres Produtoras Rurais de Trinidade e Tobago deu in\u00edcio \u00e0 discuss\u00e3o abordando o impacto das mudan\u00e7as clim\u00e1ticas na agricultura, na vida de mulheres de \u00e1reas rurais e no acirramento das desigualdades entre homens e mulheres. A ativista deu especial destaque \u00e0s repercuss\u00f5es das mudan\u00e7as clim\u00e1ticas no agravamento das desigualdades de g\u00eanero, citando como exemplo a inferioridade dos valores de sal\u00e1rios auferidos por mulheres de \u00e1reas rurais em rela\u00e7\u00e3o aos homens, os diferentes pap\u00e9is de g\u00eanero exercidos por homens e mulheres em sua rela\u00e7\u00e3o com o territ\u00f3rio em constante mudan\u00e7a e a aus\u00eancia de pol\u00edticas p\u00fablicas que associam quest\u00f5es de g\u00eanero e mudan\u00e7as clim\u00e1ticas.<\/p>\n<div id=\"attachment_3971\" style=\"width: 610px\" class=\"wp-caption aligncenter\"><a href=\"http:\/\/globalattitude.org.br\/wp-content\/uploads\/2023\/03\/DSC0009-2.jpg\"><img decoding=\"async\" aria-describedby=\"caption-attachment-3971\" class=\"wp-image-3971\" src=\"http:\/\/globalattitude.org.br\/wp-content\/uploads\/2023\/03\/DSC0009-2-300x199.jpg\" alt=\"\" width=\"600\" height=\"397\" \/><\/a><p id=\"caption-attachment-3971\" class=\"wp-caption-text\">Foto: Global Attitude<\/p><\/div>\n<p>Segundo a palestrante, as mudan\u00e7as clim\u00e1ticas s\u00e3o respons\u00e1veis por enchentes, deslizamentos de terra, eros\u00f5es e perdas de moradias, sendo que as comunidades rurais s\u00e3o especialmente atingidas e vulnerabilizadas por seus efeitos negativos. Para Gia Taylor, o empoderamento de meninas e mulheres rurais \u00e9 um passo importante para a redu\u00e7\u00e3o de danos das mudan\u00e7as clim\u00e1ticas nos pa\u00edses em desenvolvimento. A palestrante tamb\u00e9m apresentou alguns dados sobre o sistema de agricultura do seu pa\u00eds: &#8220;A ind\u00fastria extrativa proporciona 54% da receita do pa\u00eds. Isso \u00e9 cerca de 3 bilh\u00f5es de d\u00f3lares e 12% da for\u00e7a de trabalho&#8221;. Ela argumentou a favor da necessidade de se atribuir responsabilidades para as empresas que desenvolvem atividades extrativas, em raz\u00e3o dos impactos negativos de suas atividades nas mudan\u00e7as clim\u00e1ticas nas comunidades rurais.<\/p>\n<p>O Brasil foi representado no painel por Maria Luisa Mendon\u00e7a, diretora da Rede de Justi\u00e7a Social e Direitos Humanos. Ela iniciou sua fala pontuando sobre o direito de mulheres \u00e0 propriedade de terras, uma vez que quando falamos desse direito, estamos nos referindo a v\u00e1rios outros direitos fundamentais, como direito \u00e0 alimenta\u00e7\u00e3o, \u00e0 habita\u00e7\u00e3o, ao empoderamento feminino, e ponderou: \u201cQuando falamos desse tema, n\u00f3s n\u00e3o estamos falando de um assunto isolado, estamos falando por exemplo da mudan\u00e7a de clima e isso afeta todos n\u00f3s\u201d.<\/p>\n<p>Maria Luisa comentou sobre uma das principais demandas que mulheres rurais enfrentam no Brasil: \u201cUma das principais quest\u00f5es que o movimento de mulheres rurais no Brasil est\u00e1 demandando mudan\u00e7a \u00e9 sobre ter sempre seus nomes como propriet\u00e1rias de terras, mesmo que elas n\u00e3o sejam as donas\u201d. Maria Luisa tamb\u00e9m ressaltou a necessidade de mudan\u00e7a do sistema aliment\u00edcio e de \u00e1gua: \u201cQuando tem uma especula\u00e7\u00e3o do pre\u00e7o da comida onde se tem mercado de commodities, o pre\u00e7o do alimento aumenta consequentemente. Isso afeta principalmente as mulheres, que s\u00e3o desproporcionalmente atingidas porque elas investem uma grande porcentagem de suas baixas rendas em comida. Como o modelo atualmente de agricultura usa qu\u00edmicos e combust\u00edveis f\u00f3sseis, elas s\u00e3o mais uma vez impactadas, porque s\u00e3o as respons\u00e1veis em prover \u00e1gua e comida\u201d. Com a discuss\u00e3o inserida nesse contexto, Maria Luisa falou sobre a import\u00e2ncia de nos solidarizamos com agricultores locais, darmos suporte a produtores de comida org\u00e2nica e termos diversidade no sistema aliment\u00edcio.<\/p>\n<div id=\"attachment_3972\" style=\"width: 610px\" class=\"wp-caption aligncenter\"><a href=\"http:\/\/globalattitude.org.br\/wp-content\/uploads\/2023\/03\/DSC0020.jpg\"><img decoding=\"async\" aria-describedby=\"caption-attachment-3972\" class=\"wp-image-3972\" src=\"http:\/\/globalattitude.org.br\/wp-content\/uploads\/2023\/03\/DSC0020-300x199.jpg\" alt=\"\" width=\"600\" height=\"397\" \/><\/a><p id=\"caption-attachment-3972\" class=\"wp-caption-text\">Delegadas conversaram com Maria Luisa Mendon\u00e7a, da Network for Social Justice and Human Rights no Brasil. Foto: Global Attitude<\/p><\/div>\n<p>A representante da ONG Voice for Change na Nova Guin\u00e9, Lilly Be\u2019Soer, ressaltou a necessidade de implementa\u00e7\u00e3o efetiva das pol\u00edticas p\u00fablicas j\u00e1 existentes, para que mulheres e meninas de \u00e1reas rurais passem a ter informa\u00e7\u00e3o e infraestrutura suficientes para combaterem a viol\u00eancia e marginaliza\u00e7\u00e3o por elas sofridas. Lilly tamb\u00e9m destacou que parte da dificuldade na garantia dos direitos das mulheres na Nova Guin\u00e9 adv\u00e9m de aspectos culturais e sociais.<\/p>\n<p>Uma das falas mais emocionantes do painel foi a de Ruth Faircloth, da organiza\u00e7\u00e3o sem fins lucrativos \u201cRural &amp; Migrant Ministry\u201d, atuante no Estado de NY. Ruth destacou a necessidade de se trazer os problemas de meninas e mulheres rurais para a discuss\u00e3o, mesmo para os pa\u00edses que, num primeiro olhar, parecem n\u00e3o enfrentar tal problema, como \u00e9 o caso dos Estados Unidos. Em um discurso de cunho pessoal e profissional, ressaltando sua origem no campo, o trabalho que exerceu enquanto menina e sua trajet\u00f3ria pessoal e profissional de luta e empoderamento, Ruth pontuou a necessidade latente de aten\u00e7\u00e3o, por parte da sociedade civil e dos governos, \u00e0s mulheres rurais que s\u00e3o violentadas, passam fome e n\u00e3o t\u00eam acesso a m\u00e9todos contraceptivos.<\/p>\n<p>Al\u00e9m disso, a ativista denunciou o isolamento de mulheres e meninas que vivem em \u00e1reas rurais no Estado de Nova York, o agravamento do racismo nessas \u00e1reas, o cotidiano de viol\u00eancias e abusos perpetrados pelos c\u00f4njuges e propriet\u00e1rios das fazendas em que mulheres rurais trabalham, al\u00e9m da car\u00eancia de representa\u00e7\u00e3o e aconselhamento legal direcionada a essas mulheres, afirmando, por fim, que deseja ver mudan\u00e7as reais nessas situa\u00e7\u00f5es e que todas as mulheres devem ser respeitadas pelo Estado e pela sociedade.<\/p>\n<p>Em sua conclus\u00e3o, Ruth compartilhou, emocionada, uma grav\u00edssima situa\u00e7\u00e3o de viola\u00e7\u00e3o de direitos sofrida por sua m\u00e3e e por toda a sua fam\u00edlia, que culminou com a retirada de sua irm\u00e3 rec\u00e9m-nascida, ainda na maternidade, por parte do Estado e autoridades m\u00e9dicas, pelo fato de sua m\u00e3e j\u00e1 ter outros filhos, ser de origem rural e possuir poucos recursos materiais. Segundo Ruth, foi dito \u00e0 sua m\u00e3e que a crian\u00e7a havia falecido ap\u00f3s o parto, mas no funeral da crian\u00e7a, notou-se que o caix\u00e3o estava vazio, e a crian\u00e7a nunca foi encontrada. Posteriormente, Ruth descobriu que n\u00e3o foram sequer registradas certid\u00f5es de nascimento ou \u00f3bito em nome de sua irm\u00e3 Mary Evelyn, e, hoje, ela convive com a dor de ter uma irm\u00e3 alienada de sua fam\u00edlia e n\u00e3o identificada, um viol\u00eancia imensur\u00e1vel contra sua fam\u00edlia e sua pr\u00f3pria identidade: \u201cThat needs to stop!\u201d (\u201cIsso precisa acabar!\u201d), ponderou Ruth. E concluiu: \u201cWe are somebody\u201d (\u201cN\u00f3s somos algu\u00e9m\u201d).<\/p>\n<p>A Senadora Independente do Canad\u00e1 e advogada de direitos humanos Marilou McPhedran, finalizou a confer\u00eancia com importantes considera\u00e7\u00f5es sobre a necessidade de implementa\u00e7\u00e3o dos tratados, legisla\u00e7\u00f5es e pol\u00edticas p\u00fablicas j\u00e1 existentes que s\u00e3o sens\u00edveis \u00e0s quest\u00f5es de g\u00eanero, al\u00e9m da import\u00e2ncia do papel exercido por mulheres defensoras de direitos humanos ao redor do mundo. Como Senadora independente, Marilou McPhedran n\u00e3o est\u00e1 vinculada a nenhum dos partidos pol\u00edticos que comp\u00f5em o governo eleito do Canad\u00e1, de forma que seu posicionamento refletiu uma vis\u00e3o pessoal e profissional, e, n\u00e3o, do governo canadense em si.<\/p>\n<p>De acordo com McPhedran, elevar as vozes de meninas e mulheres de \u00e1reas rurais \u00e9 crucial, mas \u00e9 imprescind\u00edvel que todas as vozes levantadas estejam vinculadas a a\u00e7\u00f5es com resultados pr\u00e1ticos efetivos para produzir mudan\u00e7as e permitir que meninas e mulheres de \u00e1reas rurais possam <strong><em>viver<\/em><\/strong> seus direitos. Para a Senadora, direitos podem ser vividos, e n\u00e3o apenas alegados, ratificados ou perseguidos, se aplicarmos diretamente o arcabou\u00e7o de normativas internacionais e pol\u00edticas p\u00fablicas aos contextos locais de meninas e mulheres que vivem em \u00e1reas rurais: \u201c\u00c9 imprescind\u00edvel que comecemos a tratar das quest\u00f5es das mulheres e meninas rurais de forma local. J\u00e1 existem pol\u00edticas e leis suficientes no \u00e2mbito internacional, \u00e9 necess\u00e1rio implementar e efetivar tais medidas. Precisamos focar nos contextos locais e erradicar a \u2018bolha diplom\u00e1tica\u2019 existente no mundo todo e fazer com que a sociedade civil detenha voz, para que possamos, finalmente, ver as pol\u00edticas e leis existentes no mundo todo sendo devidamente executadas\u201d.<\/p>\n<p>A Senadora concluiu sua exposi\u00e7\u00e3o, afirmando que mulheres e meninas de \u00e1reas rurais de todo o mundo s\u00e3o a pr\u00f3pria personifica\u00e7\u00e3o da resili\u00eancia, rememorando o assassinato da l\u00edder ind\u00edgena e ativista ambiental Berta C\u00e1ceres, em Honduras, por seu trabalho com a seguran\u00e7a e acesso \u00e0 \u00e1gua e clamando para que n\u00e3o deixemos que essas mulheres sejam silenciadas, pois estamos todas interconectadas em nossas lutas: \u201cToda mulher \u00e9 uma defensora de direitos humanos\u201d.<\/p>\n","protected":false},"excerpt":{"rendered":"<p>Texto produzido pelas delegadas M\u00e9lanie Layet, Camila Almirall e Daniela Godoy Marcado pela discuss\u00e3o sobre mulheres ao redor do mundo, o m\u00eas de mar\u00e7o tem data simb\u00f3lica em Nova York, onde acontece o f\u00f3rum NGO CSW 62. Realizado anualmente, o evento promove, em paralelo ao f\u00f3rum da Comiss\u00e3o das Na\u00e7\u00f5es Unidas sobre a Situa\u00e7\u00e3o das [&hellip;]<\/p>\n","protected":false},"author":1,"featured_media":2174,"comment_status":"open","ping_status":"open","sticky":false,"template":"","format":"standard","meta":{"_acf_changed":false,"om_disable_all_campaigns":false,"_monsterinsights_skip_tracking":false,"_monsterinsights_sitenote_active":false,"_monsterinsights_sitenote_note":"","_monsterinsights_sitenote_category":0,"_uf_show_specific_survey":0,"_uf_disable_surveys":false,"footnotes":""},"categories":[22,34],"tags":[],"class_list":["post-2173","post","type-post","status-publish","format-standard","hentry","category-programas","category-ultimas"],"acf":[],"aioseo_notices":[],"yoast_head":"<!-- This site is optimized with the Yoast SEO plugin v27.5 - https:\/\/yoast.com\/product\/yoast-seo-wordpress\/ -->\n<title>Os desafios de meninas e mulheres de \u00e1reas rurais \u00e9 tema central do NGO CSW 62 - Instituto Global Attitude<\/title>\n<meta name=\"robots\" content=\"index, follow, max-snippet:-1, max-image-preview:large, max-video-preview:-1\" \/>\n<link rel=\"canonical\" href=\"https:\/\/globalattitude.org.br\/en\/os-desafios-de-mulheres-de-areas-rurais-e-tema-central-do-ngo-csw-62\/\" \/>\n<meta property=\"og:locale\" content=\"en_US\" \/>\n<meta property=\"og:type\" content=\"article\" \/>\n<meta property=\"og:title\" content=\"Os desafios de meninas e mulheres de \u00e1reas rurais \u00e9 tema central do NGO CSW 62 - Instituto Global Attitude\" \/>\n<meta property=\"og:description\" content=\"Texto produzido pelas delegadas M\u00e9lanie Layet, Camila Almirall e Daniela Godoy Marcado pela discuss\u00e3o sobre mulheres ao redor do mundo, o m\u00eas de mar\u00e7o tem data simb\u00f3lica em Nova York, onde acontece o f\u00f3rum NGO CSW 62. Realizado anualmente, o evento promove, em paralelo ao f\u00f3rum da Comiss\u00e3o das Na\u00e7\u00f5es Unidas sobre a Situa\u00e7\u00e3o das [&hellip;]\" \/>\n<meta property=\"og:url\" content=\"https:\/\/globalattitude.org.br\/en\/os-desafios-de-mulheres-de-areas-rurais-e-tema-central-do-ngo-csw-62\/\" \/>\n<meta property=\"og:site_name\" content=\"Instituto Global Attitude\" \/>\n<meta property=\"article:publisher\" content=\"https:\/\/www.facebook.com\/global.attitude.org\/\" \/>\n<meta property=\"article:published_time\" content=\"2018-03-29T20:28:36+00:00\" \/>\n<meta property=\"article:modified_time\" content=\"2023-03-10T13:32:46+00:00\" \/>\n<meta property=\"og:image\" content=\"https:\/\/globalattitude.org.br\/wp-content\/uploads\/2023\/03\/DSC0003-2.jpg\" \/>\n\t<meta property=\"og:image:width\" content=\"1000\" \/>\n\t<meta property=\"og:image:height\" content=\"662\" \/>\n\t<meta property=\"og:image:type\" content=\"image\/jpeg\" \/>\n<meta name=\"author\" content=\"123esite\" \/>\n<meta name=\"twitter:card\" content=\"summary_large_image\" \/>\n<meta name=\"twitter:creator\" content=\"@global_attitude\" \/>\n<meta name=\"twitter:site\" content=\"@global_attitude\" \/>\n<meta name=\"twitter:label1\" content=\"Written by\" \/>\n\t<meta name=\"twitter:data1\" content=\"123esite\" \/>\n\t<meta name=\"twitter:label2\" content=\"Est. reading time\" \/>\n\t<meta name=\"twitter:data2\" content=\"10 minutes\" \/>\n<script type=\"application\/ld+json\" class=\"yoast-schema-graph\">{\"@context\":\"https:\\\/\\\/schema.org\",\"@graph\":[{\"@type\":[\"Article\",\"BlogPosting\"],\"@id\":\"https:\\\/\\\/globalattitude.org.br\\\/en\\\/os-desafios-de-mulheres-de-areas-rurais-e-tema-central-do-ngo-csw-62\\\/#article\",\"isPartOf\":{\"@id\":\"https:\\\/\\\/globalattitude.org.br\\\/en\\\/os-desafios-de-mulheres-de-areas-rurais-e-tema-central-do-ngo-csw-62\\\/\"},\"author\":{\"name\":\"123esite\",\"@id\":\"https:\\\/\\\/globalattitude.org.br\\\/en\\\/#\\\/schema\\\/person\\\/6d308f9d9d1eebad0278ad9386f13169\"},\"headline\":\"Os desafios de meninas e mulheres de \u00e1reas rurais \u00e9 tema central do NGO CSW 62\",\"datePublished\":\"2018-03-29T20:28:36+00:00\",\"dateModified\":\"2023-03-10T13:32:46+00:00\",\"mainEntityOfPage\":{\"@id\":\"https:\\\/\\\/globalattitude.org.br\\\/en\\\/os-desafios-de-mulheres-de-areas-rurais-e-tema-central-do-ngo-csw-62\\\/\"},\"wordCount\":1956,\"commentCount\":0,\"publisher\":{\"@id\":\"https:\\\/\\\/globalattitude.org.br\\\/en\\\/#organization\"},\"image\":{\"@id\":\"https:\\\/\\\/globalattitude.org.br\\\/en\\\/os-desafios-de-mulheres-de-areas-rurais-e-tema-central-do-ngo-csw-62\\\/#primaryimage\"},\"thumbnailUrl\":\"https:\\\/\\\/globalattitude.org.br\\\/wp-content\\\/uploads\\\/2023\\\/03\\\/DSC0003-2.jpg\",\"articleSection\":[\"Programas\",\"\u00daltimas\"],\"inLanguage\":\"en-US\",\"potentialAction\":[{\"@type\":\"CommentAction\",\"name\":\"Comment\",\"target\":[\"https:\\\/\\\/globalattitude.org.br\\\/en\\\/os-desafios-de-mulheres-de-areas-rurais-e-tema-central-do-ngo-csw-62\\\/#respond\"]}]},{\"@type\":\"WebPage\",\"@id\":\"https:\\\/\\\/globalattitude.org.br\\\/en\\\/os-desafios-de-mulheres-de-areas-rurais-e-tema-central-do-ngo-csw-62\\\/\",\"url\":\"https:\\\/\\\/globalattitude.org.br\\\/en\\\/os-desafios-de-mulheres-de-areas-rurais-e-tema-central-do-ngo-csw-62\\\/\",\"name\":\"Os desafios de meninas e mulheres de \u00e1reas rurais \u00e9 tema central do NGO CSW 62 - Instituto Global Attitude\",\"isPartOf\":{\"@id\":\"https:\\\/\\\/globalattitude.org.br\\\/en\\\/#website\"},\"primaryImageOfPage\":{\"@id\":\"https:\\\/\\\/globalattitude.org.br\\\/en\\\/os-desafios-de-mulheres-de-areas-rurais-e-tema-central-do-ngo-csw-62\\\/#primaryimage\"},\"image\":{\"@id\":\"https:\\\/\\\/globalattitude.org.br\\\/en\\\/os-desafios-de-mulheres-de-areas-rurais-e-tema-central-do-ngo-csw-62\\\/#primaryimage\"},\"thumbnailUrl\":\"https:\\\/\\\/globalattitude.org.br\\\/wp-content\\\/uploads\\\/2023\\\/03\\\/DSC0003-2.jpg\",\"datePublished\":\"2018-03-29T20:28:36+00:00\",\"dateModified\":\"2023-03-10T13:32:46+00:00\",\"breadcrumb\":{\"@id\":\"https:\\\/\\\/globalattitude.org.br\\\/en\\\/os-desafios-de-mulheres-de-areas-rurais-e-tema-central-do-ngo-csw-62\\\/#breadcrumb\"},\"inLanguage\":\"en-US\",\"potentialAction\":[{\"@type\":\"ReadAction\",\"target\":[\"https:\\\/\\\/globalattitude.org.br\\\/en\\\/os-desafios-de-mulheres-de-areas-rurais-e-tema-central-do-ngo-csw-62\\\/\"]}]},{\"@type\":\"ImageObject\",\"inLanguage\":\"en-US\",\"@id\":\"https:\\\/\\\/globalattitude.org.br\\\/en\\\/os-desafios-de-mulheres-de-areas-rurais-e-tema-central-do-ngo-csw-62\\\/#primaryimage\",\"url\":\"https:\\\/\\\/globalattitude.org.br\\\/wp-content\\\/uploads\\\/2023\\\/03\\\/DSC0003-2.jpg\",\"contentUrl\":\"https:\\\/\\\/globalattitude.org.br\\\/wp-content\\\/uploads\\\/2023\\\/03\\\/DSC0003-2.jpg\",\"width\":1000,\"height\":662},{\"@type\":\"BreadcrumbList\",\"@id\":\"https:\\\/\\\/globalattitude.org.br\\\/en\\\/os-desafios-de-mulheres-de-areas-rurais-e-tema-central-do-ngo-csw-62\\\/#breadcrumb\",\"itemListElement\":[{\"@type\":\"ListItem\",\"position\":1,\"name\":\"In\u00edcio\",\"item\":\"https:\\\/\\\/globalattitude.org.br\\\/en\\\/\"},{\"@type\":\"ListItem\",\"position\":2,\"name\":\"Os desafios de meninas e mulheres de \u00e1reas rurais \u00e9 tema central do NGO CSW 62\"}]},{\"@type\":\"WebSite\",\"@id\":\"https:\\\/\\\/globalattitude.org.br\\\/en\\\/#website\",\"url\":\"https:\\\/\\\/globalattitude.org.br\\\/en\\\/\",\"name\":\"Instituto Global Attitude\",\"description\":\"\",\"publisher\":{\"@id\":\"https:\\\/\\\/globalattitude.org.br\\\/en\\\/#organization\"},\"potentialAction\":[{\"@type\":\"SearchAction\",\"target\":{\"@type\":\"EntryPoint\",\"urlTemplate\":\"https:\\\/\\\/globalattitude.org.br\\\/en\\\/?s={search_term_string}\"},\"query-input\":{\"@type\":\"PropertyValueSpecification\",\"valueRequired\":true,\"valueName\":\"search_term_string\"}}],\"inLanguage\":\"en-US\"},{\"@type\":\"Organization\",\"@id\":\"https:\\\/\\\/globalattitude.org.br\\\/en\\\/#organization\",\"name\":\"Instituto Global Attitude\",\"url\":\"https:\\\/\\\/globalattitude.org.br\\\/en\\\/\",\"logo\":{\"@type\":\"ImageObject\",\"inLanguage\":\"en-US\",\"@id\":\"https:\\\/\\\/globalattitude.org.br\\\/en\\\/#\\\/schema\\\/logo\\\/image\\\/\",\"url\":\"https:\\\/\\\/globalattitude.org.br\\\/wp-content\\\/uploads\\\/2023\\\/01\\\/instituto-global-attitude-color.png\",\"contentUrl\":\"https:\\\/\\\/globalattitude.org.br\\\/wp-content\\\/uploads\\\/2023\\\/01\\\/instituto-global-attitude-color.png\",\"width\":300,\"height\":131,\"caption\":\"Instituto Global Attitude\"},\"image\":{\"@id\":\"https:\\\/\\\/globalattitude.org.br\\\/en\\\/#\\\/schema\\\/logo\\\/image\\\/\"},\"sameAs\":[\"https:\\\/\\\/www.facebook.com\\\/global.attitude.org\\\/\",\"https:\\\/\\\/x.com\\\/global_attitude\",\"https:\\\/\\\/www.instagram.com\\\/globalattitude\",\"https:\\\/\\\/www.linkedin.com\\\/company\\\/global-attitude\\\/?viewAsMember=true\"]},{\"@type\":\"Person\",\"@id\":\"https:\\\/\\\/globalattitude.org.br\\\/en\\\/#\\\/schema\\\/person\\\/6d308f9d9d1eebad0278ad9386f13169\",\"name\":\"123esite\",\"image\":{\"@type\":\"ImageObject\",\"inLanguage\":\"en-US\",\"@id\":\"https:\\\/\\\/secure.gravatar.com\\\/avatar\\\/07bd71fac19f42004f2b73567f012e126689afdb23cb0017536dea9113ba1806?s=96&d=mm&r=g\",\"url\":\"https:\\\/\\\/secure.gravatar.com\\\/avatar\\\/07bd71fac19f42004f2b73567f012e126689afdb23cb0017536dea9113ba1806?s=96&d=mm&r=g\",\"contentUrl\":\"https:\\\/\\\/secure.gravatar.com\\\/avatar\\\/07bd71fac19f42004f2b73567f012e126689afdb23cb0017536dea9113ba1806?s=96&d=mm&r=g\",\"caption\":\"123esite\"},\"sameAs\":[\"http:\\\/\\\/globalattitude.org.br\"],\"url\":\"https:\\\/\\\/globalattitude.org.br\\\/en\\\/author\\\/123esite\\\/\"}]}<\/script>\n<!-- \/ Yoast SEO plugin. -->","yoast_head_json":{"title":"Os desafios de meninas e mulheres de \u00e1reas rurais \u00e9 tema central do NGO CSW 62 - Instituto Global Attitude","robots":{"index":"index","follow":"follow","max-snippet":"max-snippet:-1","max-image-preview":"max-image-preview:large","max-video-preview":"max-video-preview:-1"},"canonical":"https:\/\/globalattitude.org.br\/en\/os-desafios-de-mulheres-de-areas-rurais-e-tema-central-do-ngo-csw-62\/","og_locale":"en_US","og_type":"article","og_title":"Os desafios de meninas e mulheres de \u00e1reas rurais \u00e9 tema central do NGO CSW 62 - Instituto Global Attitude","og_description":"Texto produzido pelas delegadas M\u00e9lanie Layet, Camila Almirall e Daniela Godoy Marcado pela discuss\u00e3o sobre mulheres ao redor do mundo, o m\u00eas de mar\u00e7o tem data simb\u00f3lica em Nova York, onde acontece o f\u00f3rum NGO CSW 62. Realizado anualmente, o evento promove, em paralelo ao f\u00f3rum da Comiss\u00e3o das Na\u00e7\u00f5es Unidas sobre a Situa\u00e7\u00e3o das [&hellip;]","og_url":"https:\/\/globalattitude.org.br\/en\/os-desafios-de-mulheres-de-areas-rurais-e-tema-central-do-ngo-csw-62\/","og_site_name":"Instituto Global Attitude","article_publisher":"https:\/\/www.facebook.com\/global.attitude.org\/","article_published_time":"2018-03-29T20:28:36+00:00","article_modified_time":"2023-03-10T13:32:46+00:00","og_image":[{"width":1000,"height":662,"url":"https:\/\/globalattitude.org.br\/wp-content\/uploads\/2023\/03\/DSC0003-2.jpg","type":"image\/jpeg"}],"author":"123esite","twitter_card":"summary_large_image","twitter_creator":"@global_attitude","twitter_site":"@global_attitude","twitter_misc":{"Written by":"123esite","Est. reading time":"10 minutes"},"schema":{"@context":"https:\/\/schema.org","@graph":[{"@type":["Article","BlogPosting"],"@id":"https:\/\/globalattitude.org.br\/en\/os-desafios-de-mulheres-de-areas-rurais-e-tema-central-do-ngo-csw-62\/#article","isPartOf":{"@id":"https:\/\/globalattitude.org.br\/en\/os-desafios-de-mulheres-de-areas-rurais-e-tema-central-do-ngo-csw-62\/"},"author":{"name":"123esite","@id":"https:\/\/globalattitude.org.br\/en\/#\/schema\/person\/6d308f9d9d1eebad0278ad9386f13169"},"headline":"Os desafios de meninas e mulheres de \u00e1reas rurais \u00e9 tema central do NGO CSW 62","datePublished":"2018-03-29T20:28:36+00:00","dateModified":"2023-03-10T13:32:46+00:00","mainEntityOfPage":{"@id":"https:\/\/globalattitude.org.br\/en\/os-desafios-de-mulheres-de-areas-rurais-e-tema-central-do-ngo-csw-62\/"},"wordCount":1956,"commentCount":0,"publisher":{"@id":"https:\/\/globalattitude.org.br\/en\/#organization"},"image":{"@id":"https:\/\/globalattitude.org.br\/en\/os-desafios-de-mulheres-de-areas-rurais-e-tema-central-do-ngo-csw-62\/#primaryimage"},"thumbnailUrl":"https:\/\/globalattitude.org.br\/wp-content\/uploads\/2023\/03\/DSC0003-2.jpg","articleSection":["Programas","\u00daltimas"],"inLanguage":"en-US","potentialAction":[{"@type":"CommentAction","name":"Comment","target":["https:\/\/globalattitude.org.br\/en\/os-desafios-de-mulheres-de-areas-rurais-e-tema-central-do-ngo-csw-62\/#respond"]}]},{"@type":"WebPage","@id":"https:\/\/globalattitude.org.br\/en\/os-desafios-de-mulheres-de-areas-rurais-e-tema-central-do-ngo-csw-62\/","url":"https:\/\/globalattitude.org.br\/en\/os-desafios-de-mulheres-de-areas-rurais-e-tema-central-do-ngo-csw-62\/","name":"Os desafios de meninas e mulheres de \u00e1reas rurais \u00e9 tema central do NGO CSW 62 - Instituto Global Attitude","isPartOf":{"@id":"https:\/\/globalattitude.org.br\/en\/#website"},"primaryImageOfPage":{"@id":"https:\/\/globalattitude.org.br\/en\/os-desafios-de-mulheres-de-areas-rurais-e-tema-central-do-ngo-csw-62\/#primaryimage"},"image":{"@id":"https:\/\/globalattitude.org.br\/en\/os-desafios-de-mulheres-de-areas-rurais-e-tema-central-do-ngo-csw-62\/#primaryimage"},"thumbnailUrl":"https:\/\/globalattitude.org.br\/wp-content\/uploads\/2023\/03\/DSC0003-2.jpg","datePublished":"2018-03-29T20:28:36+00:00","dateModified":"2023-03-10T13:32:46+00:00","breadcrumb":{"@id":"https:\/\/globalattitude.org.br\/en\/os-desafios-de-mulheres-de-areas-rurais-e-tema-central-do-ngo-csw-62\/#breadcrumb"},"inLanguage":"en-US","potentialAction":[{"@type":"ReadAction","target":["https:\/\/globalattitude.org.br\/en\/os-desafios-de-mulheres-de-areas-rurais-e-tema-central-do-ngo-csw-62\/"]}]},{"@type":"ImageObject","inLanguage":"en-US","@id":"https:\/\/globalattitude.org.br\/en\/os-desafios-de-mulheres-de-areas-rurais-e-tema-central-do-ngo-csw-62\/#primaryimage","url":"https:\/\/globalattitude.org.br\/wp-content\/uploads\/2023\/03\/DSC0003-2.jpg","contentUrl":"https:\/\/globalattitude.org.br\/wp-content\/uploads\/2023\/03\/DSC0003-2.jpg","width":1000,"height":662},{"@type":"BreadcrumbList","@id":"https:\/\/globalattitude.org.br\/en\/os-desafios-de-mulheres-de-areas-rurais-e-tema-central-do-ngo-csw-62\/#breadcrumb","itemListElement":[{"@type":"ListItem","position":1,"name":"In\u00edcio","item":"https:\/\/globalattitude.org.br\/en\/"},{"@type":"ListItem","position":2,"name":"Os desafios de meninas e mulheres de \u00e1reas rurais \u00e9 tema central do NGO CSW 62"}]},{"@type":"WebSite","@id":"https:\/\/globalattitude.org.br\/en\/#website","url":"https:\/\/globalattitude.org.br\/en\/","name":"Instituto Global Attitude","description":"","publisher":{"@id":"https:\/\/globalattitude.org.br\/en\/#organization"},"potentialAction":[{"@type":"SearchAction","target":{"@type":"EntryPoint","urlTemplate":"https:\/\/globalattitude.org.br\/en\/?s={search_term_string}"},"query-input":{"@type":"PropertyValueSpecification","valueRequired":true,"valueName":"search_term_string"}}],"inLanguage":"en-US"},{"@type":"Organization","@id":"https:\/\/globalattitude.org.br\/en\/#organization","name":"Instituto Global Attitude","url":"https:\/\/globalattitude.org.br\/en\/","logo":{"@type":"ImageObject","inLanguage":"en-US","@id":"https:\/\/globalattitude.org.br\/en\/#\/schema\/logo\/image\/","url":"https:\/\/globalattitude.org.br\/wp-content\/uploads\/2023\/01\/instituto-global-attitude-color.png","contentUrl":"https:\/\/globalattitude.org.br\/wp-content\/uploads\/2023\/01\/instituto-global-attitude-color.png","width":300,"height":131,"caption":"Instituto Global Attitude"},"image":{"@id":"https:\/\/globalattitude.org.br\/en\/#\/schema\/logo\/image\/"},"sameAs":["https:\/\/www.facebook.com\/global.attitude.org\/","https:\/\/x.com\/global_attitude","https:\/\/www.instagram.com\/globalattitude","https:\/\/www.linkedin.com\/company\/global-attitude\/?viewAsMember=true"]},{"@type":"Person","@id":"https:\/\/globalattitude.org.br\/en\/#\/schema\/person\/6d308f9d9d1eebad0278ad9386f13169","name":"123esite","image":{"@type":"ImageObject","inLanguage":"en-US","@id":"https:\/\/secure.gravatar.com\/avatar\/07bd71fac19f42004f2b73567f012e126689afdb23cb0017536dea9113ba1806?s=96&d=mm&r=g","url":"https:\/\/secure.gravatar.com\/avatar\/07bd71fac19f42004f2b73567f012e126689afdb23cb0017536dea9113ba1806?s=96&d=mm&r=g","contentUrl":"https:\/\/secure.gravatar.com\/avatar\/07bd71fac19f42004f2b73567f012e126689afdb23cb0017536dea9113ba1806?s=96&d=mm&r=g","caption":"123esite"},"sameAs":["http:\/\/globalattitude.org.br"],"url":"https:\/\/globalattitude.org.br\/en\/author\/123esite\/"}]}},"_links":{"self":[{"href":"https:\/\/globalattitude.org.br\/en\/wp-json\/wp\/v2\/posts\/2173","targetHints":{"allow":["GET"]}}],"collection":[{"href":"https:\/\/globalattitude.org.br\/en\/wp-json\/wp\/v2\/posts"}],"about":[{"href":"https:\/\/globalattitude.org.br\/en\/wp-json\/wp\/v2\/types\/post"}],"author":[{"embeddable":true,"href":"https:\/\/globalattitude.org.br\/en\/wp-json\/wp\/v2\/users\/1"}],"replies":[{"embeddable":true,"href":"https:\/\/globalattitude.org.br\/en\/wp-json\/wp\/v2\/comments?post=2173"}],"version-history":[{"count":1,"href":"https:\/\/globalattitude.org.br\/en\/wp-json\/wp\/v2\/posts\/2173\/revisions"}],"predecessor-version":[{"id":2177,"href":"https:\/\/globalattitude.org.br\/en\/wp-json\/wp\/v2\/posts\/2173\/revisions\/2177"}],"wp:featuredmedia":[{"embeddable":true,"href":"https:\/\/globalattitude.org.br\/en\/wp-json\/wp\/v2\/media\/2174"}],"wp:attachment":[{"href":"https:\/\/globalattitude.org.br\/en\/wp-json\/wp\/v2\/media?parent=2173"}],"wp:term":[{"taxonomy":"category","embeddable":true,"href":"https:\/\/globalattitude.org.br\/en\/wp-json\/wp\/v2\/categories?post=2173"},{"taxonomy":"post_tag","embeddable":true,"href":"https:\/\/globalattitude.org.br\/en\/wp-json\/wp\/v2\/tags?post=2173"}],"curies":[{"name":"wp","href":"https:\/\/api.w.org\/{rel}","templated":true}]}}