{"id":2183,"date":"2018-04-03T15:23:39","date_gmt":"2018-04-03T18:23:39","guid":{"rendered":"https:\/\/globalattitude.org.br\/organizacoes-brasileiras-participam-de-encontro-anual-de-negocios-na-colombia\/"},"modified":"2023-03-10T10:32:52","modified_gmt":"2023-03-10T13:32:52","slug":"organizacoes-brasileiras-participam-de-encontro-anual-de-negocios-na-colombia","status":"publish","type":"post","link":"https:\/\/globalattitude.org.br\/en\/organizacoes-brasileiras-participam-de-encontro-anual-de-negocios-na-colombia\/","title":{"rendered":"Organiza\u00e7\u00f5es brasileiras participam de encontro anual de neg\u00f3cios na Col\u00f4mbia"},"content":{"rendered":"<p><span style=\"font-weight: 400;\">Convidado pela ag\u00eancia de promo\u00e7\u00e3o comercial ProColombia, o Instituto Global Attitude participou na semana passada da Macrorrueda 70, evento anual que promove o encontro comercial de 3 mil empresas para impulsionar as oportunidades e neg\u00f3cios da ind\u00fastria nacional, contando com compradores de mais de 60 pa\u00edses.<\/span><\/p>\n<p><span style=\"font-weight: 400;\">O Instituto esteve na cidade de Bogot\u00e1, juntamente com os parceiros <a href=\"https:\/\/eureca.me\/#!\/\">Eureca<\/a> &#8211; organiza\u00e7\u00e3o que atua em projetos focados no desenvolvimento de jovens, oportunidades de carreira e projetos de Youth Branding &#8211; e <a href=\"https:\/\/tri.bo\/?gi=2012749a4ce9\">TRIBO<\/a> &#8211; empresa que apoia transforma\u00e7\u00f5es organizacionais a partir de lideran\u00e7as conscientes, times de alto desempenho e culturas com prop\u00f3sito -, ambas pertencentes ao Grupo Anga, para estreitar la\u00e7os com empresas e o setor educacional colombiano.<\/span><\/p>\n<p><span style=\"font-weight: 400;\">&#8220;\u00c9 interessante que nos aproximemos dos demais pa\u00edses da Am\u00e9rica Latina, analisando como est\u00e3o internacionalizando a educa\u00e7\u00e3o. Este evento nos ajuda a entender a educa\u00e7\u00e3o colombiana e a criar uma rela\u00e7\u00e3o que permita que colombianos participem das agendas globais&#8221;, explica Rodrigo Reis, Diretor Executivo do Instituto Global Attitude.<\/span><\/p>\n<div id=\"attachment_3981\" style=\"width: 610px\" class=\"wp-caption aligncenter\"><a href=\"http:\/\/globalattitude.org.br\/wp-content\/uploads\/2023\/03\/IMG_0481.jpeg\"><img fetchpriority=\"high\" decoding=\"async\" aria-describedby=\"caption-attachment-3981\" class=\"wp-image-3981\" src=\"http:\/\/globalattitude.org.br\/wp-content\/uploads\/2023\/03\/IMG_0481-255x300.jpeg\" alt=\"\" width=\"600\" height=\"705\" \/><\/a><p id=\"caption-attachment-3981\" class=\"wp-caption-text\">Rodrigo Reis, Diretor Executivo do Instituto Global Attitude, Douglas dos Santos Souza, Diretor Comercial do Grupo Anga e Ryoichi Oka Penna, CEO da Tribo e S\u00f3cio do Grupo Anga. Foto: Global Attitude<\/p><\/div>\n<p><span style=\"font-weight: 400;\">Desde 1997, a ProColombia realiza diferentes encontros comerciais que re\u00fanem compradores internacionais e exportadores colombianos, de forma a estreitar rela\u00e7\u00f5es e a internacionalizar as empresas, diversificando o mercado.<\/span><\/p>\n<p><span style=\"font-weight: 400;\">Com isso, a Eureca, que em 2018 completa 7 anos de atua\u00e7\u00e3o no mercado e que j\u00e1 possui um hist\u00f3rico de internacionaliza\u00e7\u00e3o, participou do evento com foco em expandir-se para frentes da Am\u00e9rica Latina, buscando conhecer melhor a din\u00e2mica do mercado colombiano e entender os neg\u00f3cios do pa\u00eds, agregando novas tecnologias aos seus processos e servi\u00e7os, sempre focados nos jovens. &#8220;Temos muito o que aprender com eles&#8221;, afirma Douglas Souza, L\u00edder Comercial.<\/span><\/p>\n<p><span style=\"font-weight: 400;\">Para a TRIBO, que j\u00e1 possui atua\u00e7\u00e3o no pa\u00eds h\u00e1 mais de dois anos, a conex\u00e3o com empres\u00e1rios locais serviu como confirma\u00e7\u00e3o da sua presen\u00e7a na Col\u00f4mbia por meio da abertura de novas oportunidades de neg\u00f3cio. Ao mesmo tempo que levanta a bandeira de uma gest\u00e3o mais humanizada, a organiza\u00e7\u00e3o identificou durante o evento a possibilidade de inserir atributos de alto n\u00edvel tecnol\u00f3gico, oferecidos pelas empresas colombianas, que poder\u00e3o ajudar a TRIBO a encontrar diferenciais competitivos sem deixar de ser coerente com o processo de humaniza\u00e7\u00e3o.<\/span><\/p>\n<div id=\"attachment_3980\" style=\"width: 610px\" class=\"wp-caption aligncenter\"><a href=\"http:\/\/globalattitude.org.br\/wp-content\/uploads\/2023\/03\/IMG_0461.jpg\"><img decoding=\"async\" aria-describedby=\"caption-attachment-3980\" class=\"wp-image-3980\" src=\"http:\/\/globalattitude.org.br\/wp-content\/uploads\/2023\/03\/IMG_0461-300x220.jpg\" alt=\"\" width=\"600\" height=\"440\" \/><\/a><p id=\"caption-attachment-3980\" class=\"wp-caption-text\">Evento promove encontros e reuni\u00f5es comerciais com empresas colombianas e o mercado internacional. Na foto, Rodrigo Reis conversa com Diretor Comercial da Buxtar, empresa de marketing digital. Foto: Global Attitude<\/p><\/div>\n<p><span style=\"font-weight: 400;\">As organiza\u00e7\u00f5es participaram de uma s\u00e9rie de reuni\u00f5es durante os dias do evento, incluindo visita \u00e0 Embaixada do Brasil em Bogot\u00e1, com o Setor de Coopera\u00e7\u00e3o Educacional. O Instituto Global Attitude aproveitou, ainda, para conversar com a <a href=\"http:\/\/www.javeriana.edu.co\/home\">Pontif\u00edcia Universidade Javeriana<\/a> e o Minist\u00e9rio de Educa\u00e7\u00e3o Nacional, com o objetivo de tra\u00e7ar novos projetos e a\u00e7\u00f5es voltadas \u00e0 educa\u00e7\u00e3o entre os dois pa\u00edses.<\/span><\/p>\n<p><span style=\"font-weight: 400;\">Em breve, o Instituto Global Attitude, Eureca e TRIBO lan\u00e7am grandes novidades, fruto dos encontros no evento.<\/span><\/p>\n","protected":false},"excerpt":{"rendered":"<p>Convidado pela ag\u00eancia de promo\u00e7\u00e3o comercial ProColombia, o Instituto Global Attitude participou na semana passada da Macrorrueda 70, evento anual que promove o encontro comercial de 3 mil empresas para impulsionar as oportunidades e neg\u00f3cios da ind\u00fastria nacional, contando com compradores de mais de 60 pa\u00edses. O Instituto esteve na cidade de Bogot\u00e1, juntamente com [&hellip;]<\/p>\n","protected":false},"author":1,"featured_media":2184,"comment_status":"open","ping_status":"open","sticky":false,"template":"","format":"standard","meta":{"_acf_changed":false,"om_disable_all_campaigns":false,"_monsterinsights_skip_tracking":false,"_monsterinsights_sitenote_active":false,"_monsterinsights_sitenote_note":"","_monsterinsights_sitenote_category":0,"_uf_show_specific_survey":0,"_uf_disable_surveys":false,"footnotes":""},"categories":[2,34],"tags":[],"class_list":["post-2183","post","type-post","status-publish","format-standard","hentry","category-iga","category-ultimas"],"acf":[],"aioseo_notices":[],"yoast_head":"<!-- This site is optimized with the Yoast SEO plugin v27.5 - https:\/\/yoast.com\/product\/yoast-seo-wordpress\/ -->\n<title>Organiza\u00e7\u00f5es brasileiras participam de encontro anual de neg\u00f3cios na Col\u00f4mbia - Instituto Global Attitude<\/title>\n<meta name=\"robots\" content=\"index, follow, max-snippet:-1, max-image-preview:large, max-video-preview:-1\" \/>\n<link rel=\"canonical\" href=\"https:\/\/globalattitude.org.br\/en\/organizacoes-brasileiras-participam-de-encontro-anual-de-negocios-na-colombia\/\" \/>\n<meta property=\"og:locale\" content=\"en_US\" \/>\n<meta property=\"og:type\" content=\"article\" \/>\n<meta property=\"og:title\" content=\"Organiza\u00e7\u00f5es brasileiras participam de encontro anual de neg\u00f3cios na Col\u00f4mbia - Instituto Global Attitude\" \/>\n<meta property=\"og:description\" content=\"Convidado pela ag\u00eancia de promo\u00e7\u00e3o comercial ProColombia, o Instituto Global Attitude participou na semana passada da Macrorrueda 70, evento anual que promove o encontro comercial de 3 mil empresas para impulsionar as oportunidades e neg\u00f3cios da ind\u00fastria nacional, contando com compradores de mais de 60 pa\u00edses. O Instituto esteve na cidade de Bogot\u00e1, juntamente com [&hellip;]\" \/>\n<meta property=\"og:url\" content=\"https:\/\/globalattitude.org.br\/en\/organizacoes-brasileiras-participam-de-encontro-anual-de-negocios-na-colombia\/\" \/>\n<meta property=\"og:site_name\" content=\"Instituto Global Attitude\" \/>\n<meta property=\"article:publisher\" content=\"https:\/\/www.facebook.com\/global.attitude.org\/\" \/>\n<meta property=\"article:published_time\" content=\"2018-04-03T18:23:39+00:00\" \/>\n<meta property=\"article:modified_time\" content=\"2023-03-10T13:32:52+00:00\" \/>\n<meta property=\"og:image\" content=\"https:\/\/globalattitude.org.br\/wp-content\/uploads\/2023\/03\/IMG_0481.jpeg\" \/>\n\t<meta property=\"og:image:width\" content=\"727\" \/>\n\t<meta property=\"og:image:height\" content=\"854\" \/>\n\t<meta property=\"og:image:type\" content=\"image\/jpeg\" \/>\n<meta name=\"author\" content=\"123esite\" \/>\n<meta name=\"twitter:card\" content=\"summary_large_image\" \/>\n<meta name=\"twitter:creator\" content=\"@global_attitude\" \/>\n<meta name=\"twitter:site\" content=\"@global_attitude\" \/>\n<meta name=\"twitter:label1\" content=\"Written by\" \/>\n\t<meta name=\"twitter:data1\" content=\"123esite\" \/>\n\t<meta name=\"twitter:label2\" content=\"Est. reading time\" \/>\n\t<meta name=\"twitter:data2\" content=\"3 minutes\" \/>\n<script type=\"application\/ld+json\" class=\"yoast-schema-graph\">{\"@context\":\"https:\\\/\\\/schema.org\",\"@graph\":[{\"@type\":[\"Article\",\"BlogPosting\"],\"@id\":\"https:\\\/\\\/globalattitude.org.br\\\/en\\\/organizacoes-brasileiras-participam-de-encontro-anual-de-negocios-na-colombia\\\/#article\",\"isPartOf\":{\"@id\":\"https:\\\/\\\/globalattitude.org.br\\\/en\\\/organizacoes-brasileiras-participam-de-encontro-anual-de-negocios-na-colombia\\\/\"},\"author\":{\"name\":\"123esite\",\"@id\":\"http:\\\/\\\/globalattitude.org.br\\\/#\\\/schema\\\/person\\\/6d308f9d9d1eebad0278ad9386f13169\"},\"headline\":\"Organiza\u00e7\u00f5es brasileiras participam de encontro anual de neg\u00f3cios na Col\u00f4mbia\",\"datePublished\":\"2018-04-03T18:23:39+00:00\",\"dateModified\":\"2023-03-10T13:32:52+00:00\",\"mainEntityOfPage\":{\"@id\":\"https:\\\/\\\/globalattitude.org.br\\\/en\\\/organizacoes-brasileiras-participam-de-encontro-anual-de-negocios-na-colombia\\\/\"},\"wordCount\":563,\"commentCount\":0,\"publisher\":{\"@id\":\"http:\\\/\\\/globalattitude.org.br\\\/#organization\"},\"image\":{\"@id\":\"https:\\\/\\\/globalattitude.org.br\\\/en\\\/organizacoes-brasileiras-participam-de-encontro-anual-de-negocios-na-colombia\\\/#primaryimage\"},\"thumbnailUrl\":\"https:\\\/\\\/globalattitude.org.br\\\/wp-content\\\/uploads\\\/2023\\\/03\\\/IMG_0481.jpeg\",\"articleSection\":[\"IGA\",\"\u00daltimas\"],\"inLanguage\":\"en-US\",\"potentialAction\":[{\"@type\":\"CommentAction\",\"name\":\"Comment\",\"target\":[\"https:\\\/\\\/globalattitude.org.br\\\/en\\\/organizacoes-brasileiras-participam-de-encontro-anual-de-negocios-na-colombia\\\/#respond\"]}]},{\"@type\":\"WebPage\",\"@id\":\"https:\\\/\\\/globalattitude.org.br\\\/en\\\/organizacoes-brasileiras-participam-de-encontro-anual-de-negocios-na-colombia\\\/\",\"url\":\"https:\\\/\\\/globalattitude.org.br\\\/en\\\/organizacoes-brasileiras-participam-de-encontro-anual-de-negocios-na-colombia\\\/\",\"name\":\"Organiza\u00e7\u00f5es brasileiras participam de encontro anual de neg\u00f3cios na Col\u00f4mbia - Instituto Global Attitude\",\"isPartOf\":{\"@id\":\"http:\\\/\\\/globalattitude.org.br\\\/#website\"},\"primaryImageOfPage\":{\"@id\":\"https:\\\/\\\/globalattitude.org.br\\\/en\\\/organizacoes-brasileiras-participam-de-encontro-anual-de-negocios-na-colombia\\\/#primaryimage\"},\"image\":{\"@id\":\"https:\\\/\\\/globalattitude.org.br\\\/en\\\/organizacoes-brasileiras-participam-de-encontro-anual-de-negocios-na-colombia\\\/#primaryimage\"},\"thumbnailUrl\":\"https:\\\/\\\/globalattitude.org.br\\\/wp-content\\\/uploads\\\/2023\\\/03\\\/IMG_0481.jpeg\",\"datePublished\":\"2018-04-03T18:23:39+00:00\",\"dateModified\":\"2023-03-10T13:32:52+00:00\",\"breadcrumb\":{\"@id\":\"https:\\\/\\\/globalattitude.org.br\\\/en\\\/organizacoes-brasileiras-participam-de-encontro-anual-de-negocios-na-colombia\\\/#breadcrumb\"},\"inLanguage\":\"en-US\",\"potentialAction\":[{\"@type\":\"ReadAction\",\"target\":[\"https:\\\/\\\/globalattitude.org.br\\\/en\\\/organizacoes-brasileiras-participam-de-encontro-anual-de-negocios-na-colombia\\\/\"]}]},{\"@type\":\"ImageObject\",\"inLanguage\":\"en-US\",\"@id\":\"https:\\\/\\\/globalattitude.org.br\\\/en\\\/organizacoes-brasileiras-participam-de-encontro-anual-de-negocios-na-colombia\\\/#primaryimage\",\"url\":\"https:\\\/\\\/globalattitude.org.br\\\/wp-content\\\/uploads\\\/2023\\\/03\\\/IMG_0481.jpeg\",\"contentUrl\":\"https:\\\/\\\/globalattitude.org.br\\\/wp-content\\\/uploads\\\/2023\\\/03\\\/IMG_0481.jpeg\",\"width\":727,\"height\":854},{\"@type\":\"BreadcrumbList\",\"@id\":\"https:\\\/\\\/globalattitude.org.br\\\/en\\\/organizacoes-brasileiras-participam-de-encontro-anual-de-negocios-na-colombia\\\/#breadcrumb\",\"itemListElement\":[{\"@type\":\"ListItem\",\"position\":1,\"name\":\"In\u00edcio\",\"item\":\"https:\\\/\\\/globalattitude.org.br\\\/en\\\/\"},{\"@type\":\"ListItem\",\"position\":2,\"name\":\"Organiza\u00e7\u00f5es brasileiras participam de encontro anual de neg\u00f3cios na Col\u00f4mbia\"}]},{\"@type\":\"WebSite\",\"@id\":\"http:\\\/\\\/globalattitude.org.br\\\/#website\",\"url\":\"http:\\\/\\\/globalattitude.org.br\\\/\",\"name\":\"Instituto Global Attitude\",\"description\":\"\",\"publisher\":{\"@id\":\"http:\\\/\\\/globalattitude.org.br\\\/#organization\"},\"potentialAction\":[{\"@type\":\"SearchAction\",\"target\":{\"@type\":\"EntryPoint\",\"urlTemplate\":\"http:\\\/\\\/globalattitude.org.br\\\/?s={search_term_string}\"},\"query-input\":{\"@type\":\"PropertyValueSpecification\",\"valueRequired\":true,\"valueName\":\"search_term_string\"}}],\"inLanguage\":\"en-US\"},{\"@type\":\"Organization\",\"@id\":\"http:\\\/\\\/globalattitude.org.br\\\/#organization\",\"name\":\"Instituto Global Attitude\",\"url\":\"http:\\\/\\\/globalattitude.org.br\\\/\",\"logo\":{\"@type\":\"ImageObject\",\"inLanguage\":\"en-US\",\"@id\":\"http:\\\/\\\/globalattitude.org.br\\\/#\\\/schema\\\/logo\\\/image\\\/\",\"url\":\"https:\\\/\\\/globalattitude.org.br\\\/wp-content\\\/uploads\\\/2023\\\/01\\\/instituto-global-attitude-color.png\",\"contentUrl\":\"https:\\\/\\\/globalattitude.org.br\\\/wp-content\\\/uploads\\\/2023\\\/01\\\/instituto-global-attitude-color.png\",\"width\":300,\"height\":131,\"caption\":\"Instituto Global Attitude\"},\"image\":{\"@id\":\"http:\\\/\\\/globalattitude.org.br\\\/#\\\/schema\\\/logo\\\/image\\\/\"},\"sameAs\":[\"https:\\\/\\\/www.facebook.com\\\/global.attitude.org\\\/\",\"https:\\\/\\\/x.com\\\/global_attitude\",\"https:\\\/\\\/www.instagram.com\\\/globalattitude\",\"https:\\\/\\\/www.linkedin.com\\\/company\\\/global-attitude\\\/?viewAsMember=true\"]},{\"@type\":\"Person\",\"@id\":\"http:\\\/\\\/globalattitude.org.br\\\/#\\\/schema\\\/person\\\/6d308f9d9d1eebad0278ad9386f13169\",\"name\":\"123esite\",\"image\":{\"@type\":\"ImageObject\",\"inLanguage\":\"en-US\",\"@id\":\"https:\\\/\\\/secure.gravatar.com\\\/avatar\\\/07bd71fac19f42004f2b73567f012e126689afdb23cb0017536dea9113ba1806?s=96&d=mm&r=g\",\"url\":\"https:\\\/\\\/secure.gravatar.com\\\/avatar\\\/07bd71fac19f42004f2b73567f012e126689afdb23cb0017536dea9113ba1806?s=96&d=mm&r=g\",\"contentUrl\":\"https:\\\/\\\/secure.gravatar.com\\\/avatar\\\/07bd71fac19f42004f2b73567f012e126689afdb23cb0017536dea9113ba1806?s=96&d=mm&r=g\",\"caption\":\"123esite\"},\"sameAs\":[\"http:\\\/\\\/globalattitude.org.br\"],\"url\":\"https:\\\/\\\/globalattitude.org.br\\\/en\\\/author\\\/123esite\\\/\"}]}<\/script>\n<!-- \/ Yoast SEO plugin. -->","yoast_head_json":{"title":"Organiza\u00e7\u00f5es brasileiras participam de encontro anual de neg\u00f3cios na Col\u00f4mbia - Instituto Global Attitude","robots":{"index":"index","follow":"follow","max-snippet":"max-snippet:-1","max-image-preview":"max-image-preview:large","max-video-preview":"max-video-preview:-1"},"canonical":"https:\/\/globalattitude.org.br\/en\/organizacoes-brasileiras-participam-de-encontro-anual-de-negocios-na-colombia\/","og_locale":"en_US","og_type":"article","og_title":"Organiza\u00e7\u00f5es brasileiras participam de encontro anual de neg\u00f3cios na Col\u00f4mbia - Instituto Global Attitude","og_description":"Convidado pela ag\u00eancia de promo\u00e7\u00e3o comercial ProColombia, o Instituto Global Attitude participou na semana passada da Macrorrueda 70, evento anual que promove o encontro comercial de 3 mil empresas para impulsionar as oportunidades e neg\u00f3cios da ind\u00fastria nacional, contando com compradores de mais de 60 pa\u00edses. O Instituto esteve na cidade de Bogot\u00e1, juntamente com [&hellip;]","og_url":"https:\/\/globalattitude.org.br\/en\/organizacoes-brasileiras-participam-de-encontro-anual-de-negocios-na-colombia\/","og_site_name":"Instituto Global Attitude","article_publisher":"https:\/\/www.facebook.com\/global.attitude.org\/","article_published_time":"2018-04-03T18:23:39+00:00","article_modified_time":"2023-03-10T13:32:52+00:00","og_image":[{"width":727,"height":854,"url":"https:\/\/globalattitude.org.br\/wp-content\/uploads\/2023\/03\/IMG_0481.jpeg","type":"image\/jpeg"}],"author":"123esite","twitter_card":"summary_large_image","twitter_creator":"@global_attitude","twitter_site":"@global_attitude","twitter_misc":{"Written by":"123esite","Est. reading time":"3 minutes"},"schema":{"@context":"https:\/\/schema.org","@graph":[{"@type":["Article","BlogPosting"],"@id":"https:\/\/globalattitude.org.br\/en\/organizacoes-brasileiras-participam-de-encontro-anual-de-negocios-na-colombia\/#article","isPartOf":{"@id":"https:\/\/globalattitude.org.br\/en\/organizacoes-brasileiras-participam-de-encontro-anual-de-negocios-na-colombia\/"},"author":{"name":"123esite","@id":"http:\/\/globalattitude.org.br\/#\/schema\/person\/6d308f9d9d1eebad0278ad9386f13169"},"headline":"Organiza\u00e7\u00f5es brasileiras participam de encontro anual de neg\u00f3cios na Col\u00f4mbia","datePublished":"2018-04-03T18:23:39+00:00","dateModified":"2023-03-10T13:32:52+00:00","mainEntityOfPage":{"@id":"https:\/\/globalattitude.org.br\/en\/organizacoes-brasileiras-participam-de-encontro-anual-de-negocios-na-colombia\/"},"wordCount":563,"commentCount":0,"publisher":{"@id":"http:\/\/globalattitude.org.br\/#organization"},"image":{"@id":"https:\/\/globalattitude.org.br\/en\/organizacoes-brasileiras-participam-de-encontro-anual-de-negocios-na-colombia\/#primaryimage"},"thumbnailUrl":"https:\/\/globalattitude.org.br\/wp-content\/uploads\/2023\/03\/IMG_0481.jpeg","articleSection":["IGA","\u00daltimas"],"inLanguage":"en-US","potentialAction":[{"@type":"CommentAction","name":"Comment","target":["https:\/\/globalattitude.org.br\/en\/organizacoes-brasileiras-participam-de-encontro-anual-de-negocios-na-colombia\/#respond"]}]},{"@type":"WebPage","@id":"https:\/\/globalattitude.org.br\/en\/organizacoes-brasileiras-participam-de-encontro-anual-de-negocios-na-colombia\/","url":"https:\/\/globalattitude.org.br\/en\/organizacoes-brasileiras-participam-de-encontro-anual-de-negocios-na-colombia\/","name":"Organiza\u00e7\u00f5es brasileiras participam de encontro anual de neg\u00f3cios na Col\u00f4mbia - Instituto Global Attitude","isPartOf":{"@id":"http:\/\/globalattitude.org.br\/#website"},"primaryImageOfPage":{"@id":"https:\/\/globalattitude.org.br\/en\/organizacoes-brasileiras-participam-de-encontro-anual-de-negocios-na-colombia\/#primaryimage"},"image":{"@id":"https:\/\/globalattitude.org.br\/en\/organizacoes-brasileiras-participam-de-encontro-anual-de-negocios-na-colombia\/#primaryimage"},"thumbnailUrl":"https:\/\/globalattitude.org.br\/wp-content\/uploads\/2023\/03\/IMG_0481.jpeg","datePublished":"2018-04-03T18:23:39+00:00","dateModified":"2023-03-10T13:32:52+00:00","breadcrumb":{"@id":"https:\/\/globalattitude.org.br\/en\/organizacoes-brasileiras-participam-de-encontro-anual-de-negocios-na-colombia\/#breadcrumb"},"inLanguage":"en-US","potentialAction":[{"@type":"ReadAction","target":["https:\/\/globalattitude.org.br\/en\/organizacoes-brasileiras-participam-de-encontro-anual-de-negocios-na-colombia\/"]}]},{"@type":"ImageObject","inLanguage":"en-US","@id":"https:\/\/globalattitude.org.br\/en\/organizacoes-brasileiras-participam-de-encontro-anual-de-negocios-na-colombia\/#primaryimage","url":"https:\/\/globalattitude.org.br\/wp-content\/uploads\/2023\/03\/IMG_0481.jpeg","contentUrl":"https:\/\/globalattitude.org.br\/wp-content\/uploads\/2023\/03\/IMG_0481.jpeg","width":727,"height":854},{"@type":"BreadcrumbList","@id":"https:\/\/globalattitude.org.br\/en\/organizacoes-brasileiras-participam-de-encontro-anual-de-negocios-na-colombia\/#breadcrumb","itemListElement":[{"@type":"ListItem","position":1,"name":"In\u00edcio","item":"https:\/\/globalattitude.org.br\/en\/"},{"@type":"ListItem","position":2,"name":"Organiza\u00e7\u00f5es brasileiras participam de encontro anual de neg\u00f3cios na Col\u00f4mbia"}]},{"@type":"WebSite","@id":"http:\/\/globalattitude.org.br\/#website","url":"http:\/\/globalattitude.org.br\/","name":"Instituto Global Attitude","description":"","publisher":{"@id":"http:\/\/globalattitude.org.br\/#organization"},"potentialAction":[{"@type":"SearchAction","target":{"@type":"EntryPoint","urlTemplate":"http:\/\/globalattitude.org.br\/?s={search_term_string}"},"query-input":{"@type":"PropertyValueSpecification","valueRequired":true,"valueName":"search_term_string"}}],"inLanguage":"en-US"},{"@type":"Organization","@id":"http:\/\/globalattitude.org.br\/#organization","name":"Instituto Global Attitude","url":"http:\/\/globalattitude.org.br\/","logo":{"@type":"ImageObject","inLanguage":"en-US","@id":"http:\/\/globalattitude.org.br\/#\/schema\/logo\/image\/","url":"https:\/\/globalattitude.org.br\/wp-content\/uploads\/2023\/01\/instituto-global-attitude-color.png","contentUrl":"https:\/\/globalattitude.org.br\/wp-content\/uploads\/2023\/01\/instituto-global-attitude-color.png","width":300,"height":131,"caption":"Instituto Global Attitude"},"image":{"@id":"http:\/\/globalattitude.org.br\/#\/schema\/logo\/image\/"},"sameAs":["https:\/\/www.facebook.com\/global.attitude.org\/","https:\/\/x.com\/global_attitude","https:\/\/www.instagram.com\/globalattitude","https:\/\/www.linkedin.com\/company\/global-attitude\/?viewAsMember=true"]},{"@type":"Person","@id":"http:\/\/globalattitude.org.br\/#\/schema\/person\/6d308f9d9d1eebad0278ad9386f13169","name":"123esite","image":{"@type":"ImageObject","inLanguage":"en-US","@id":"https:\/\/secure.gravatar.com\/avatar\/07bd71fac19f42004f2b73567f012e126689afdb23cb0017536dea9113ba1806?s=96&d=mm&r=g","url":"https:\/\/secure.gravatar.com\/avatar\/07bd71fac19f42004f2b73567f012e126689afdb23cb0017536dea9113ba1806?s=96&d=mm&r=g","contentUrl":"https:\/\/secure.gravatar.com\/avatar\/07bd71fac19f42004f2b73567f012e126689afdb23cb0017536dea9113ba1806?s=96&d=mm&r=g","caption":"123esite"},"sameAs":["http:\/\/globalattitude.org.br"],"url":"https:\/\/globalattitude.org.br\/en\/author\/123esite\/"}]}},"_links":{"self":[{"href":"https:\/\/globalattitude.org.br\/en\/wp-json\/wp\/v2\/posts\/2183","targetHints":{"allow":["GET"]}}],"collection":[{"href":"https:\/\/globalattitude.org.br\/en\/wp-json\/wp\/v2\/posts"}],"about":[{"href":"https:\/\/globalattitude.org.br\/en\/wp-json\/wp\/v2\/types\/post"}],"author":[{"embeddable":true,"href":"https:\/\/globalattitude.org.br\/en\/wp-json\/wp\/v2\/users\/1"}],"replies":[{"embeddable":true,"href":"https:\/\/globalattitude.org.br\/en\/wp-json\/wp\/v2\/comments?post=2183"}],"version-history":[{"count":1,"href":"https:\/\/globalattitude.org.br\/en\/wp-json\/wp\/v2\/posts\/2183\/revisions"}],"predecessor-version":[{"id":2186,"href":"https:\/\/globalattitude.org.br\/en\/wp-json\/wp\/v2\/posts\/2183\/revisions\/2186"}],"wp:featuredmedia":[{"embeddable":true,"href":"https:\/\/globalattitude.org.br\/en\/wp-json\/wp\/v2\/media\/2184"}],"wp:attachment":[{"href":"https:\/\/globalattitude.org.br\/en\/wp-json\/wp\/v2\/media?parent=2183"}],"wp:term":[{"taxonomy":"category","embeddable":true,"href":"https:\/\/globalattitude.org.br\/en\/wp-json\/wp\/v2\/categories?post=2183"},{"taxonomy":"post_tag","embeddable":true,"href":"https:\/\/globalattitude.org.br\/en\/wp-json\/wp\/v2\/tags?post=2183"}],"curies":[{"name":"wp","href":"https:\/\/api.w.org\/{rel}","templated":true}]}}