{"id":2213,"date":"2018-04-11T17:59:25","date_gmt":"2018-04-11T20:59:25","guid":{"rendered":"https:\/\/globalattitude.org.br\/conheca-delegacao-que-participara-do-spring-meetings-2018-em-washington\/"},"modified":"2023-03-10T10:33:35","modified_gmt":"2023-03-10T13:33:35","slug":"conheca-delegacao-que-participara-do-spring-meetings-2018-em-washington","status":"publish","type":"post","link":"https:\/\/globalattitude.org.br\/en\/conheca-delegacao-que-participara-do-spring-meetings-2018-em-washington\/","title":{"rendered":"Conhe\u00e7a delega\u00e7\u00e3o que participar\u00e1 do Spring Meetings 2018, em Washington"},"content":{"rendered":"<p>Mais uma delega\u00e7\u00e3o do programa <strong>Diplomacia Civil<\/strong> se prepara para participar de um f\u00f3rum internacional. Nesta segunda-feira (16) oito jovens partem para Washington, Estados Unidos, para o Spring Meetings 2018, evento anual promovido pelo Banco Mundial e pelo Fundo Monet\u00e1rio Internacional (FMI), que acontece entre os dias 16 e 22 de abril.<\/p>\n<p>Focado no debate em quest\u00f5es da economia global, desenvolvimento internacional, mercados financeiros mundiais e no progresso das pol\u00edticas adotadas pelas duas organiza\u00e7\u00f5es durante o ano, o Spring Meetings conta, ainda, com o Civil Society Policy Forum, evento paralelo e complement\u00e1rio, do qual nossos delegados tamb\u00e9m participar\u00e3o.<\/p>\n<p>A\u00a0delega\u00e7\u00e3o passou por workshops preparat\u00f3rios para a viagem e contou com orienta\u00e7\u00e3o de um professor especialista para produzir artigos com temas voltados ao assunto do f\u00f3rum, sugeridos pelos pr\u00f3prios delegados. Al\u00e9m da participa\u00e7\u00e3o em palestras e debates do Spring Meetings, o Diplomacia Civil promove, ainda, uma agenda exclusiva de reuni\u00f5es e encontros com l\u00edderes, especialistas e diplomatas.<\/p>\n<p><strong>Conhe\u00e7a os delegados:<\/strong><\/p>\n<p><a href=\"http:\/\/globalattitude.org.br\/wp-content\/uploads\/2023\/03\/Arthur.jpg\"><img decoding=\"async\" class=\"alignleft wp-image-4011\" src=\"http:\/\/globalattitude.org.br\/wp-content\/uploads\/2023\/03\/Arthur-300x300.jpg\" alt=\"\" width=\"200\" height=\"200\" \/><\/a><strong>Arthur Pieper Neto<\/strong> \u00e9 formado em Direito pela Universidade Federal de Santa Catarina, tendo uma breve experi\u00eancia acad\u00eamica nos cursos de Geografia (UFSC) e Administra\u00e7\u00e3o de Servi\u00e7os P\u00fablicos (UDESC). Ingressou na Justi\u00e7a Estadual de Santa Catarina em 2015, ap\u00f3s aprova\u00e7\u00e3o em concurso, e ocupa o cargo de Assessor de Gabinete na 1\u00aa C\u00e2mara de Direito P\u00fablico do TJSC desde 2017. J\u00e1 trabalhou como bolsista de Inicia\u00e7\u00e3o Cient\u00edfica em Inform\u00e1tica Jur\u00eddica e como estagi\u00e1rio no Minist\u00e9rio P\u00fablico de Santa Catarina e em Comarcas da grande Florian\u00f3polis. Exerceu trabalho volunt\u00e1rio na AIESEC e no Juizado Especial C\u00edvel e fez Interc\u00e2mbio Profissional no Campus de Sagunto, Espanha, por um semestre.<\/p>\n<p><span style=\"font-weight: 400;\"><a href=\"http:\/\/globalattitude.org.br\/wp-content\/uploads\/2023\/03\/Bruno-2.jpg\"><img decoding=\"async\" class=\"alignleft wp-image-4012\" src=\"http:\/\/globalattitude.org.br\/wp-content\/uploads\/2023\/03\/Bruno-2-300x300.jpg\" alt=\"\" width=\"200\" height=\"200\" \/><\/a><strong>Bruno Zorzetto Rech<\/strong> \u00e9 graduando em Economia Internacional e Finan\u00e7as na Universidade Bocconi, em Mil\u00e3o, It\u00e1lia. Realizou curso de extens\u00e3o em Direito Financeiro Internacional na London School of Economics. Trabalhou como volunt\u00e1rio na organiza\u00e7\u00e3o Agenda 20\/20 em Porto Alegre e na World Newsmedia Association \u201cWAN-IFRA\u201d, em Frankfurt, Alemanha. \u00c9 membro fundador da Quantitative Finance Society em Mil\u00e3o e possui grande interesse nas \u00e1reas de pol\u00edtica monet\u00e1ria e economia internacional.<\/span><\/p>\n<p>&nbsp;<\/p>\n<p>&nbsp;<\/p>\n<p><a href=\"http:\/\/globalattitude.org.br\/wp-content\/uploads\/2023\/03\/Catherine.jpg\"><img decoding=\"async\" class=\"alignleft wp-image-4016\" src=\"http:\/\/globalattitude.org.br\/wp-content\/uploads\/2023\/03\/Catherine-300x300.jpg\" alt=\"\" width=\"200\" height=\"200\" \/><\/a><strong>Catherine Orzes Shirazi<\/strong> \u00e9 graduanda em Direito pela Pontif\u00edcia Universidade Cat\u00f3lica de S\u00e3o Paulo (PUC-SP). No decorrer de sua forma\u00e7\u00e3o, participou de diversos cursos e atividades extracurriculares, dentre eles o Grupo de Estudos em Arbitragem da PUC-SP, e foi oradora pela universidade na VIII Competi\u00e7\u00e3o Brasileira de Arbitragem e Media\u00e7\u00e3o Empresarial da CAMARB &#8211; C\u00e2mara de Arbitragem Brasileira. Al\u00e9m do interesse pela \u00e1rea comercial e corporativa do Direito, tem experi\u00eancia em \u00e1reas como Societ\u00e1rio e M&amp;A, e, atualmente, trabalha como estagi\u00e1ria de Mercado de Capitais em escrit\u00f3rio refer\u00eancia na \u00e1rea.<\/p>\n<p>&nbsp;<\/p>\n<p><a href=\"http:\/\/globalattitude.org.br\/wp-content\/uploads\/2023\/03\/linacamara.jpg\"><img loading=\"lazy\" decoding=\"async\" class=\"alignleft wp-image-4010\" src=\"http:\/\/globalattitude.org.br\/wp-content\/uploads\/2023\/03\/linacamara-300x300.jpg\" alt=\"\" width=\"200\" height=\"200\" \/><\/a><strong>Lina C\u00e2mara<\/strong> \u00e9 advogada e mediadora, Master of Laws (LL.M.) pela University of St. Thomas (EUA), premiada com a bolsa Dean\u2019s Scholarship, e possui extens\u00e3o acad\u00eamico-executiva em Negocia\u00e7\u00e3o pela Harvard University.\u00a0Possui, ainda, educa\u00e7\u00e3o continuada em programas como o Top China, na Shanghai Jiao Tong University, e no programa de Negocia\u00e7\u00e3o e Media\u00e7\u00e3o da Columbia University &#8211; NY, ambos os quais foi premiada com bolsa integral. Em 2015, recebeu Men\u00e7\u00e3o Honrosa concedida pela Escola de Magistratura do Cear\u00e1 por sua atua\u00e7\u00e3o em projetos s\u00f3cio-educativos de Media\u00e7\u00e3o junto ao judici\u00e1rio cearence. Atualmente, coordena projetos junto ao F\u00f3rum de Jovens Empreendedores do Cear\u00e1 como membro ativo, al\u00e9m de atuar na advocacia privada, em consultivo e contencioso empresarial.<\/p>\n<p><span style=\"font-weight: 400;\"><a href=\"http:\/\/globalattitude.org.br\/wp-content\/uploads\/2023\/03\/Lucas.jpg\"><img loading=\"lazy\" decoding=\"async\" class=\"alignleft wp-image-4013\" src=\"http:\/\/globalattitude.org.br\/wp-content\/uploads\/2023\/03\/Lucas-300x300.jpg\" alt=\"\" width=\"200\" height=\"200\" \/><\/a><strong>Lucas Otero Lima<\/strong>\u00a0<\/span><span style=\"font-weight: 400;\">\u00e9 graduando em Rela\u00e7\u00f5es Internacionais pela ESPM-Sul. Fez parte do programa Miniempresa da Junior Achievement, no Col\u00e9gio Marista Ros\u00e1rio (Porto Alegre),\u00a0onde tamb\u00e9m foi Diretor de Marketing do Gr\u00eamio Estudantil. Em 2015, participou do Movimento Empresa J\u00fanior por meio do cargo de diretoria comercial, na Global J\u00fanior ESPM-Sul. No mesmo ano, foi Diretor de Comunica\u00e7\u00e3o do Grande Cap\u00edtulo Estadual (GCE-RS) da Ordem DeMolay Ga\u00facha e, ent\u00e3o, iniciou sua caminhada no empreendedorismo social e em pesquisas na linha de desenvolvimento sustent\u00e1vel. Foi Gerente Comercial da BrasilBev, empresa ga\u00facha de bebidas org\u00e2nicas e funcionais. Atualmente, \u00e9 respons\u00e1vel por Novos Neg\u00f3cios na Plugar Data &amp; Intelligence, empresa que atua no nicho de Intelig\u00eancia de Mercado.<\/span><\/p>\n<p><span style=\"font-weight: 400;\"><a href=\"http:\/\/globalattitude.org.br\/wp-content\/uploads\/2023\/03\/IMG_20180410_194935_798.jpg\"><img loading=\"lazy\" decoding=\"async\" class=\"alignleft wp-image-4009\" src=\"http:\/\/globalattitude.org.br\/wp-content\/uploads\/2023\/03\/IMG_20180410_194935_798-300x300.jpg\" alt=\"\" width=\"200\" height=\"200\" \/><\/a><strong>Maria L\u00edvia de Souza<\/strong>\u00a0\u00e9<\/span><span style=\"font-weight: 400;\">\u00a0economista pela Universidade Federal do Rio de Janeiro (UFRJ). Foi estagi\u00e1ria do Banco Nacional de Desenvolvimento Econ\u00f4mico e Social (BNDES) por dois anos, onde adquiriu experi\u00eancia com an\u00e1lise de capitais intang\u00edveis, dentre os quais, governan\u00e7a, sustentabilidade socioambiental e inova\u00e7\u00e3o. Fez o curso de especializa\u00e7\u00e3o em finan\u00e7as, \u201cJovens Profissionais\u201d, do Instituto COPPEAD\/UFRJ. Durante a gradua\u00e7\u00e3o, tamb\u00e9m foi monitora da disciplina de Matem\u00e1tica I no curso de economia. Atualmente, \u00e9 mestranda em Economia pela UFRJ e d\u00e1 aulas de ingl\u00eas na ONG \u201cMais Caminhos\u201d.<\/span><\/p>\n<p><a href=\"http:\/\/globalattitude.org.br\/wp-content\/uploads\/2023\/03\/Tainah.jpg\"><img loading=\"lazy\" decoding=\"async\" class=\"alignleft wp-image-4014\" src=\"http:\/\/globalattitude.org.br\/wp-content\/uploads\/2023\/03\/Tainah-300x300.jpg\" alt=\"\" width=\"200\" height=\"200\" \/><\/a><strong>Tainah Pereira<\/strong> \u00e9 mestranda em Ci\u00eancia Pol\u00edtica na Universidade Federal do Estado do Rio de Janeiro (UNIRIO) e bacharel em Rela\u00e7\u00f5es Internacionais pela Universidade Est\u00e1cio de S\u00e1. Desenvolve pesquisa nos campos de Economia, Pol\u00edtica Internacional, Teoria Pol\u00edtica e Teoria de Rela\u00e7\u00f5es Internacionais, com foco no BRICS. J\u00e1 trabalhou como Analista de Com\u00e9rcio Exterior e estagiou por dois anos no Banco Nacional de Desenvolvimento Econ\u00f4mico e Social (BNDES), onde atuava na extinta \u00c1rea Internacional; Departamento de Capta\u00e7\u00e3o de Recursos e Relacionamento Institucional Internacional, auxiliando nas tratativas de acordos de coopera\u00e7\u00e3o entre o BNDES e institui\u00e7\u00f5es brasileiras e estrangeiras. Chegou a ser Secret\u00e1ria-Geral da Simula\u00e7\u00e3o da Organiza\u00e7\u00e3o das Na\u00e7\u00f5es Unidas (SiONU 2013), uma das simula\u00e7\u00f5es da ONU mais tradicionais do Brasil.<\/p>\n<p><a href=\"http:\/\/globalattitude.org.br\/wp-content\/uploads\/2023\/03\/Yuri-scaled.jpg\"><img loading=\"lazy\" decoding=\"async\" class=\"alignleft wp-image-4015\" src=\"http:\/\/globalattitude.org.br\/wp-content\/uploads\/2023\/03\/Yuri-scaled.jpg\" alt=\"\" width=\"200\" height=\"200\" \/><\/a><strong>Yuri Jordy<\/strong> \u00e9 advogado, s\u00f3cio do escrit\u00f3rio Cunha, Jordy e Pinheiro Advocacia, em Bel\u00e9m e professor universit\u00e1rio de Direito Ambiental, Administrativo e Tribut\u00e1rio na Universidade Faci Wyden, tamb\u00e9m em Bel\u00e9m. Bacharel em Direito pela Universidade Federal do Par\u00e1 &#8211; UFPA, \u00e9 especialista em Direito Eleitoral pela Universidade Uniderp em parceria com o Instituto Luiz Fl\u00e1vio Gomes (LFG) e possui Mestrado e Doutorado em Direito pela Universidade de S\u00e3o Paulo &#8211; USP, com \u00e1rea de pesquisa em Direito Econ\u00f4mico e Financeiro, voltado \u00e0 minera\u00e7\u00e3o e ao meio ambiente. Recebeu o pr\u00eamio Jos\u00e9 Bonif\u00e1cio de Andrada e Silva, concedido pelo Instituto &#8220;O Direito por um Planeta Verde&#8221;, em 2014, pelo trabalho sobre Licenciamento Ambiental na Amaz\u00f4nia. \u00c9 filiado ao Partido Popular Socialista &#8211; PPS, tendo sido candidato a Vereador de Bel\u00e9m em 2016. Ex-atleta de nata\u00e7\u00e3o, \u00e9 Presidente da Federa\u00e7\u00e3o Paraense de Desportos Aqu\u00e1ticos &#8211; FPDA.<\/p>\n<p>O <strong>Instituto Global Attitude<\/strong> parabeniza os selecionados e agradece a todos os inscritos na sele\u00e7\u00e3o. Para saber tudo sobre o que os delegados estar\u00e3o vivenciando no evento, acompanhe as nossas redes sociais (<a href=\"https:\/\/www.facebook.com\/global.attitude.org\/\">Facebook<\/a>, <a href=\"https:\/\/twitter.com\/global_attitude\">Twitter<\/a> e <a href=\"https:\/\/www.instagram.com\/globalattitude\/\">Instagram<\/a>), onde promovemos a cobertura do programa.<\/p>\n","protected":false},"excerpt":{"rendered":"<p>Mais uma delega\u00e7\u00e3o do programa Diplomacia Civil se prepara para participar de um f\u00f3rum internacional. Nesta segunda-feira (16) oito jovens partem para Washington, Estados Unidos, para o Spring Meetings 2018, evento anual promovido pelo Banco Mundial e pelo Fundo Monet\u00e1rio Internacional (FMI), que acontece entre os dias 16 e 22 de abril. Focado no debate [&hellip;]<\/p>\n","protected":false},"author":1,"featured_media":2214,"comment_status":"open","ping_status":"open","sticky":false,"template":"","format":"standard","meta":{"_acf_changed":false,"om_disable_all_campaigns":false,"_monsterinsights_skip_tracking":false,"_monsterinsights_sitenote_active":false,"_monsterinsights_sitenote_note":"","_monsterinsights_sitenote_category":0,"_uf_show_specific_survey":0,"_uf_disable_surveys":false,"footnotes":""},"categories":[22,34],"tags":[],"class_list":["post-2213","post","type-post","status-publish","format-standard","hentry","category-programas","category-ultimas"],"acf":[],"aioseo_notices":[],"yoast_head":"<!-- This site is optimized with the Yoast SEO plugin v27.5 - https:\/\/yoast.com\/product\/yoast-seo-wordpress\/ -->\n<title>Conhe\u00e7a delega\u00e7\u00e3o que participar\u00e1 do Spring Meetings 2018, em Washington - Instituto Global Attitude<\/title>\n<meta name=\"robots\" content=\"index, follow, max-snippet:-1, max-image-preview:large, max-video-preview:-1\" \/>\n<link rel=\"canonical\" href=\"https:\/\/globalattitude.org.br\/en\/conheca-delegacao-que-participara-do-spring-meetings-2018-em-washington\/\" \/>\n<meta property=\"og:locale\" content=\"en_US\" \/>\n<meta property=\"og:type\" content=\"article\" \/>\n<meta property=\"og:title\" content=\"Conhe\u00e7a delega\u00e7\u00e3o que participar\u00e1 do Spring Meetings 2018, em Washington - Instituto Global Attitude\" \/>\n<meta property=\"og:description\" content=\"Mais uma delega\u00e7\u00e3o do programa Diplomacia Civil se prepara para participar de um f\u00f3rum internacional. Nesta segunda-feira (16) oito jovens partem para Washington, Estados Unidos, para o Spring Meetings 2018, evento anual promovido pelo Banco Mundial e pelo Fundo Monet\u00e1rio Internacional (FMI), que acontece entre os dias 16 e 22 de abril. Focado no debate [&hellip;]\" \/>\n<meta property=\"og:url\" content=\"https:\/\/globalattitude.org.br\/en\/conheca-delegacao-que-participara-do-spring-meetings-2018-em-washington\/\" \/>\n<meta property=\"og:site_name\" content=\"Instituto Global Attitude\" \/>\n<meta property=\"article:publisher\" content=\"https:\/\/www.facebook.com\/global.attitude.org\/\" \/>\n<meta property=\"article:published_time\" content=\"2018-04-11T20:59:25+00:00\" \/>\n<meta property=\"article:modified_time\" content=\"2023-03-10T13:33:35+00:00\" \/>\n<meta property=\"og:image\" content=\"https:\/\/globalattitude.org.br\/wp-content\/uploads\/2023\/03\/Arthur-1200x1200.jpg\" \/>\n\t<meta property=\"og:image:width\" content=\"1944\" \/>\n\t<meta property=\"og:image:height\" content=\"1944\" \/>\n\t<meta property=\"og:image:type\" content=\"image\/jpeg\" \/>\n<meta name=\"author\" content=\"123esite\" \/>\n<meta name=\"twitter:card\" content=\"summary_large_image\" \/>\n<meta name=\"twitter:creator\" content=\"@global_attitude\" \/>\n<meta name=\"twitter:site\" content=\"@global_attitude\" \/>\n<meta name=\"twitter:label1\" content=\"Written by\" \/>\n\t<meta name=\"twitter:data1\" content=\"123esite\" \/>\n\t<meta name=\"twitter:label2\" content=\"Est. reading time\" \/>\n\t<meta name=\"twitter:data2\" content=\"6 minutes\" \/>\n<script type=\"application\/ld+json\" class=\"yoast-schema-graph\">{\"@context\":\"https:\\\/\\\/schema.org\",\"@graph\":[{\"@type\":[\"Article\",\"BlogPosting\"],\"@id\":\"https:\\\/\\\/globalattitude.org.br\\\/en\\\/conheca-delegacao-que-participara-do-spring-meetings-2018-em-washington\\\/#article\",\"isPartOf\":{\"@id\":\"https:\\\/\\\/globalattitude.org.br\\\/en\\\/conheca-delegacao-que-participara-do-spring-meetings-2018-em-washington\\\/\"},\"author\":{\"name\":\"123esite\",\"@id\":\"http:\\\/\\\/globalattitude.org.br\\\/#\\\/schema\\\/person\\\/6d308f9d9d1eebad0278ad9386f13169\"},\"headline\":\"Conhe\u00e7a delega\u00e7\u00e3o que participar\u00e1 do Spring Meetings 2018, em Washington\",\"datePublished\":\"2018-04-11T20:59:25+00:00\",\"dateModified\":\"2023-03-10T13:33:35+00:00\",\"mainEntityOfPage\":{\"@id\":\"https:\\\/\\\/globalattitude.org.br\\\/en\\\/conheca-delegacao-que-participara-do-spring-meetings-2018-em-washington\\\/\"},\"wordCount\":1182,\"commentCount\":0,\"publisher\":{\"@id\":\"http:\\\/\\\/globalattitude.org.br\\\/#organization\"},\"image\":{\"@id\":\"https:\\\/\\\/globalattitude.org.br\\\/en\\\/conheca-delegacao-que-participara-do-spring-meetings-2018-em-washington\\\/#primaryimage\"},\"thumbnailUrl\":\"https:\\\/\\\/globalattitude.org.br\\\/wp-content\\\/uploads\\\/2023\\\/03\\\/Arthur-1200x1200.jpg\",\"articleSection\":[\"Programas\",\"\u00daltimas\"],\"inLanguage\":\"en-US\",\"potentialAction\":[{\"@type\":\"CommentAction\",\"name\":\"Comment\",\"target\":[\"https:\\\/\\\/globalattitude.org.br\\\/en\\\/conheca-delegacao-que-participara-do-spring-meetings-2018-em-washington\\\/#respond\"]}]},{\"@type\":\"WebPage\",\"@id\":\"https:\\\/\\\/globalattitude.org.br\\\/en\\\/conheca-delegacao-que-participara-do-spring-meetings-2018-em-washington\\\/\",\"url\":\"https:\\\/\\\/globalattitude.org.br\\\/en\\\/conheca-delegacao-que-participara-do-spring-meetings-2018-em-washington\\\/\",\"name\":\"Conhe\u00e7a delega\u00e7\u00e3o que participar\u00e1 do Spring Meetings 2018, em Washington - Instituto Global Attitude\",\"isPartOf\":{\"@id\":\"http:\\\/\\\/globalattitude.org.br\\\/#website\"},\"primaryImageOfPage\":{\"@id\":\"https:\\\/\\\/globalattitude.org.br\\\/en\\\/conheca-delegacao-que-participara-do-spring-meetings-2018-em-washington\\\/#primaryimage\"},\"image\":{\"@id\":\"https:\\\/\\\/globalattitude.org.br\\\/en\\\/conheca-delegacao-que-participara-do-spring-meetings-2018-em-washington\\\/#primaryimage\"},\"thumbnailUrl\":\"https:\\\/\\\/globalattitude.org.br\\\/wp-content\\\/uploads\\\/2023\\\/03\\\/Arthur-1200x1200.jpg\",\"datePublished\":\"2018-04-11T20:59:25+00:00\",\"dateModified\":\"2023-03-10T13:33:35+00:00\",\"breadcrumb\":{\"@id\":\"https:\\\/\\\/globalattitude.org.br\\\/en\\\/conheca-delegacao-que-participara-do-spring-meetings-2018-em-washington\\\/#breadcrumb\"},\"inLanguage\":\"en-US\",\"potentialAction\":[{\"@type\":\"ReadAction\",\"target\":[\"https:\\\/\\\/globalattitude.org.br\\\/en\\\/conheca-delegacao-que-participara-do-spring-meetings-2018-em-washington\\\/\"]}]},{\"@type\":\"ImageObject\",\"inLanguage\":\"en-US\",\"@id\":\"https:\\\/\\\/globalattitude.org.br\\\/en\\\/conheca-delegacao-que-participara-do-spring-meetings-2018-em-washington\\\/#primaryimage\",\"url\":\"https:\\\/\\\/globalattitude.org.br\\\/wp-content\\\/uploads\\\/2023\\\/03\\\/Arthur-1200x1200.jpg\",\"contentUrl\":\"https:\\\/\\\/globalattitude.org.br\\\/wp-content\\\/uploads\\\/2023\\\/03\\\/Arthur-1200x1200.jpg\",\"width\":1944,\"height\":1944},{\"@type\":\"BreadcrumbList\",\"@id\":\"https:\\\/\\\/globalattitude.org.br\\\/en\\\/conheca-delegacao-que-participara-do-spring-meetings-2018-em-washington\\\/#breadcrumb\",\"itemListElement\":[{\"@type\":\"ListItem\",\"position\":1,\"name\":\"In\u00edcio\",\"item\":\"https:\\\/\\\/globalattitude.org.br\\\/en\\\/\"},{\"@type\":\"ListItem\",\"position\":2,\"name\":\"Conhe\u00e7a delega\u00e7\u00e3o que participar\u00e1 do Spring Meetings 2018, em Washington\"}]},{\"@type\":\"WebSite\",\"@id\":\"http:\\\/\\\/globalattitude.org.br\\\/#website\",\"url\":\"http:\\\/\\\/globalattitude.org.br\\\/\",\"name\":\"Instituto Global Attitude\",\"description\":\"\",\"publisher\":{\"@id\":\"http:\\\/\\\/globalattitude.org.br\\\/#organization\"},\"potentialAction\":[{\"@type\":\"SearchAction\",\"target\":{\"@type\":\"EntryPoint\",\"urlTemplate\":\"http:\\\/\\\/globalattitude.org.br\\\/?s={search_term_string}\"},\"query-input\":{\"@type\":\"PropertyValueSpecification\",\"valueRequired\":true,\"valueName\":\"search_term_string\"}}],\"inLanguage\":\"en-US\"},{\"@type\":\"Organization\",\"@id\":\"http:\\\/\\\/globalattitude.org.br\\\/#organization\",\"name\":\"Instituto Global Attitude\",\"url\":\"http:\\\/\\\/globalattitude.org.br\\\/\",\"logo\":{\"@type\":\"ImageObject\",\"inLanguage\":\"en-US\",\"@id\":\"http:\\\/\\\/globalattitude.org.br\\\/#\\\/schema\\\/logo\\\/image\\\/\",\"url\":\"https:\\\/\\\/globalattitude.org.br\\\/wp-content\\\/uploads\\\/2023\\\/01\\\/instituto-global-attitude-color.png\",\"contentUrl\":\"https:\\\/\\\/globalattitude.org.br\\\/wp-content\\\/uploads\\\/2023\\\/01\\\/instituto-global-attitude-color.png\",\"width\":300,\"height\":131,\"caption\":\"Instituto Global Attitude\"},\"image\":{\"@id\":\"http:\\\/\\\/globalattitude.org.br\\\/#\\\/schema\\\/logo\\\/image\\\/\"},\"sameAs\":[\"https:\\\/\\\/www.facebook.com\\\/global.attitude.org\\\/\",\"https:\\\/\\\/x.com\\\/global_attitude\",\"https:\\\/\\\/www.instagram.com\\\/globalattitude\",\"https:\\\/\\\/www.linkedin.com\\\/company\\\/global-attitude\\\/?viewAsMember=true\"]},{\"@type\":\"Person\",\"@id\":\"http:\\\/\\\/globalattitude.org.br\\\/#\\\/schema\\\/person\\\/6d308f9d9d1eebad0278ad9386f13169\",\"name\":\"123esite\",\"image\":{\"@type\":\"ImageObject\",\"inLanguage\":\"en-US\",\"@id\":\"https:\\\/\\\/secure.gravatar.com\\\/avatar\\\/07bd71fac19f42004f2b73567f012e126689afdb23cb0017536dea9113ba1806?s=96&d=mm&r=g\",\"url\":\"https:\\\/\\\/secure.gravatar.com\\\/avatar\\\/07bd71fac19f42004f2b73567f012e126689afdb23cb0017536dea9113ba1806?s=96&d=mm&r=g\",\"contentUrl\":\"https:\\\/\\\/secure.gravatar.com\\\/avatar\\\/07bd71fac19f42004f2b73567f012e126689afdb23cb0017536dea9113ba1806?s=96&d=mm&r=g\",\"caption\":\"123esite\"},\"sameAs\":[\"http:\\\/\\\/globalattitude.org.br\"],\"url\":\"https:\\\/\\\/globalattitude.org.br\\\/en\\\/author\\\/123esite\\\/\"}]}<\/script>\n<!-- \/ Yoast SEO plugin. -->","yoast_head_json":{"title":"Conhe\u00e7a delega\u00e7\u00e3o que participar\u00e1 do Spring Meetings 2018, em Washington - Instituto Global Attitude","robots":{"index":"index","follow":"follow","max-snippet":"max-snippet:-1","max-image-preview":"max-image-preview:large","max-video-preview":"max-video-preview:-1"},"canonical":"https:\/\/globalattitude.org.br\/en\/conheca-delegacao-que-participara-do-spring-meetings-2018-em-washington\/","og_locale":"en_US","og_type":"article","og_title":"Conhe\u00e7a delega\u00e7\u00e3o que participar\u00e1 do Spring Meetings 2018, em Washington - Instituto Global Attitude","og_description":"Mais uma delega\u00e7\u00e3o do programa Diplomacia Civil se prepara para participar de um f\u00f3rum internacional. Nesta segunda-feira (16) oito jovens partem para Washington, Estados Unidos, para o Spring Meetings 2018, evento anual promovido pelo Banco Mundial e pelo Fundo Monet\u00e1rio Internacional (FMI), que acontece entre os dias 16 e 22 de abril. Focado no debate [&hellip;]","og_url":"https:\/\/globalattitude.org.br\/en\/conheca-delegacao-que-participara-do-spring-meetings-2018-em-washington\/","og_site_name":"Instituto Global Attitude","article_publisher":"https:\/\/www.facebook.com\/global.attitude.org\/","article_published_time":"2018-04-11T20:59:25+00:00","article_modified_time":"2023-03-10T13:33:35+00:00","og_image":[{"width":1944,"height":1944,"url":"https:\/\/globalattitude.org.br\/wp-content\/uploads\/2023\/03\/Arthur-1200x1200.jpg","type":"image\/jpeg"}],"author":"123esite","twitter_card":"summary_large_image","twitter_creator":"@global_attitude","twitter_site":"@global_attitude","twitter_misc":{"Written by":"123esite","Est. reading time":"6 minutes"},"schema":{"@context":"https:\/\/schema.org","@graph":[{"@type":["Article","BlogPosting"],"@id":"https:\/\/globalattitude.org.br\/en\/conheca-delegacao-que-participara-do-spring-meetings-2018-em-washington\/#article","isPartOf":{"@id":"https:\/\/globalattitude.org.br\/en\/conheca-delegacao-que-participara-do-spring-meetings-2018-em-washington\/"},"author":{"name":"123esite","@id":"http:\/\/globalattitude.org.br\/#\/schema\/person\/6d308f9d9d1eebad0278ad9386f13169"},"headline":"Conhe\u00e7a delega\u00e7\u00e3o que participar\u00e1 do Spring Meetings 2018, em Washington","datePublished":"2018-04-11T20:59:25+00:00","dateModified":"2023-03-10T13:33:35+00:00","mainEntityOfPage":{"@id":"https:\/\/globalattitude.org.br\/en\/conheca-delegacao-que-participara-do-spring-meetings-2018-em-washington\/"},"wordCount":1182,"commentCount":0,"publisher":{"@id":"http:\/\/globalattitude.org.br\/#organization"},"image":{"@id":"https:\/\/globalattitude.org.br\/en\/conheca-delegacao-que-participara-do-spring-meetings-2018-em-washington\/#primaryimage"},"thumbnailUrl":"https:\/\/globalattitude.org.br\/wp-content\/uploads\/2023\/03\/Arthur-1200x1200.jpg","articleSection":["Programas","\u00daltimas"],"inLanguage":"en-US","potentialAction":[{"@type":"CommentAction","name":"Comment","target":["https:\/\/globalattitude.org.br\/en\/conheca-delegacao-que-participara-do-spring-meetings-2018-em-washington\/#respond"]}]},{"@type":"WebPage","@id":"https:\/\/globalattitude.org.br\/en\/conheca-delegacao-que-participara-do-spring-meetings-2018-em-washington\/","url":"https:\/\/globalattitude.org.br\/en\/conheca-delegacao-que-participara-do-spring-meetings-2018-em-washington\/","name":"Conhe\u00e7a delega\u00e7\u00e3o que participar\u00e1 do Spring Meetings 2018, em Washington - Instituto Global Attitude","isPartOf":{"@id":"http:\/\/globalattitude.org.br\/#website"},"primaryImageOfPage":{"@id":"https:\/\/globalattitude.org.br\/en\/conheca-delegacao-que-participara-do-spring-meetings-2018-em-washington\/#primaryimage"},"image":{"@id":"https:\/\/globalattitude.org.br\/en\/conheca-delegacao-que-participara-do-spring-meetings-2018-em-washington\/#primaryimage"},"thumbnailUrl":"https:\/\/globalattitude.org.br\/wp-content\/uploads\/2023\/03\/Arthur-1200x1200.jpg","datePublished":"2018-04-11T20:59:25+00:00","dateModified":"2023-03-10T13:33:35+00:00","breadcrumb":{"@id":"https:\/\/globalattitude.org.br\/en\/conheca-delegacao-que-participara-do-spring-meetings-2018-em-washington\/#breadcrumb"},"inLanguage":"en-US","potentialAction":[{"@type":"ReadAction","target":["https:\/\/globalattitude.org.br\/en\/conheca-delegacao-que-participara-do-spring-meetings-2018-em-washington\/"]}]},{"@type":"ImageObject","inLanguage":"en-US","@id":"https:\/\/globalattitude.org.br\/en\/conheca-delegacao-que-participara-do-spring-meetings-2018-em-washington\/#primaryimage","url":"https:\/\/globalattitude.org.br\/wp-content\/uploads\/2023\/03\/Arthur-1200x1200.jpg","contentUrl":"https:\/\/globalattitude.org.br\/wp-content\/uploads\/2023\/03\/Arthur-1200x1200.jpg","width":1944,"height":1944},{"@type":"BreadcrumbList","@id":"https:\/\/globalattitude.org.br\/en\/conheca-delegacao-que-participara-do-spring-meetings-2018-em-washington\/#breadcrumb","itemListElement":[{"@type":"ListItem","position":1,"name":"In\u00edcio","item":"https:\/\/globalattitude.org.br\/en\/"},{"@type":"ListItem","position":2,"name":"Conhe\u00e7a delega\u00e7\u00e3o que participar\u00e1 do Spring Meetings 2018, em Washington"}]},{"@type":"WebSite","@id":"http:\/\/globalattitude.org.br\/#website","url":"http:\/\/globalattitude.org.br\/","name":"Instituto Global Attitude","description":"","publisher":{"@id":"http:\/\/globalattitude.org.br\/#organization"},"potentialAction":[{"@type":"SearchAction","target":{"@type":"EntryPoint","urlTemplate":"http:\/\/globalattitude.org.br\/?s={search_term_string}"},"query-input":{"@type":"PropertyValueSpecification","valueRequired":true,"valueName":"search_term_string"}}],"inLanguage":"en-US"},{"@type":"Organization","@id":"http:\/\/globalattitude.org.br\/#organization","name":"Instituto Global Attitude","url":"http:\/\/globalattitude.org.br\/","logo":{"@type":"ImageObject","inLanguage":"en-US","@id":"http:\/\/globalattitude.org.br\/#\/schema\/logo\/image\/","url":"https:\/\/globalattitude.org.br\/wp-content\/uploads\/2023\/01\/instituto-global-attitude-color.png","contentUrl":"https:\/\/globalattitude.org.br\/wp-content\/uploads\/2023\/01\/instituto-global-attitude-color.png","width":300,"height":131,"caption":"Instituto Global Attitude"},"image":{"@id":"http:\/\/globalattitude.org.br\/#\/schema\/logo\/image\/"},"sameAs":["https:\/\/www.facebook.com\/global.attitude.org\/","https:\/\/x.com\/global_attitude","https:\/\/www.instagram.com\/globalattitude","https:\/\/www.linkedin.com\/company\/global-attitude\/?viewAsMember=true"]},{"@type":"Person","@id":"http:\/\/globalattitude.org.br\/#\/schema\/person\/6d308f9d9d1eebad0278ad9386f13169","name":"123esite","image":{"@type":"ImageObject","inLanguage":"en-US","@id":"https:\/\/secure.gravatar.com\/avatar\/07bd71fac19f42004f2b73567f012e126689afdb23cb0017536dea9113ba1806?s=96&d=mm&r=g","url":"https:\/\/secure.gravatar.com\/avatar\/07bd71fac19f42004f2b73567f012e126689afdb23cb0017536dea9113ba1806?s=96&d=mm&r=g","contentUrl":"https:\/\/secure.gravatar.com\/avatar\/07bd71fac19f42004f2b73567f012e126689afdb23cb0017536dea9113ba1806?s=96&d=mm&r=g","caption":"123esite"},"sameAs":["http:\/\/globalattitude.org.br"],"url":"https:\/\/globalattitude.org.br\/en\/author\/123esite\/"}]}},"_links":{"self":[{"href":"https:\/\/globalattitude.org.br\/en\/wp-json\/wp\/v2\/posts\/2213","targetHints":{"allow":["GET"]}}],"collection":[{"href":"https:\/\/globalattitude.org.br\/en\/wp-json\/wp\/v2\/posts"}],"about":[{"href":"https:\/\/globalattitude.org.br\/en\/wp-json\/wp\/v2\/types\/post"}],"author":[{"embeddable":true,"href":"https:\/\/globalattitude.org.br\/en\/wp-json\/wp\/v2\/users\/1"}],"replies":[{"embeddable":true,"href":"https:\/\/globalattitude.org.br\/en\/wp-json\/wp\/v2\/comments?post=2213"}],"version-history":[{"count":1,"href":"https:\/\/globalattitude.org.br\/en\/wp-json\/wp\/v2\/posts\/2213\/revisions"}],"predecessor-version":[{"id":2222,"href":"https:\/\/globalattitude.org.br\/en\/wp-json\/wp\/v2\/posts\/2213\/revisions\/2222"}],"wp:featuredmedia":[{"embeddable":true,"href":"https:\/\/globalattitude.org.br\/en\/wp-json\/wp\/v2\/media\/2214"}],"wp:attachment":[{"href":"https:\/\/globalattitude.org.br\/en\/wp-json\/wp\/v2\/media?parent=2213"}],"wp:term":[{"taxonomy":"category","embeddable":true,"href":"https:\/\/globalattitude.org.br\/en\/wp-json\/wp\/v2\/categories?post=2213"},{"taxonomy":"post_tag","embeddable":true,"href":"https:\/\/globalattitude.org.br\/en\/wp-json\/wp\/v2\/tags?post=2213"}],"curies":[{"name":"wp","href":"https:\/\/api.w.org\/{rel}","templated":true}]}}