{"id":2232,"date":"2018-04-18T22:06:56","date_gmt":"2018-04-19T01:06:56","guid":{"rendered":"https:\/\/globalattitude.org.br\/inscricoes-abertas-diplomacia-civil-busca-delegados-para-foruns-sobre-agenda-2030-e-direitos-da-mulher\/"},"modified":"2023-03-10T10:33:53","modified_gmt":"2023-03-10T13:33:53","slug":"inscricoes-abertas-diplomacia-civil-busca-delegados-para-foruns-sobre-agenda-2030-e-direitos-da-mulher","status":"publish","type":"post","link":"https:\/\/globalattitude.org.br\/en\/inscricoes-abertas-diplomacia-civil-busca-delegados-para-foruns-sobre-agenda-2030-e-direitos-da-mulher\/","title":{"rendered":"Inscri\u00e7\u00f5es abertas: Diplomacia Civil busca delegados para f\u00f3runs sobre Agenda 2030 e direitos da mulher"},"content":{"rendered":"<p>O programa Diplomacia Civil encerra suas atividades do primeiro semestre de 2018 com o lan\u00e7amento de mais duas delega\u00e7\u00f5es para f\u00f3runs internacionais. Buscamos candidatos para ir ao <strong>European Development Days<\/strong> e ao <strong>Forum on Science, Technology and Innovation on SDGs<\/strong>, ambos realizados de 3 a 8 de junho, em Bruxelas (B\u00e9lgica) e em Nova York (EUA), respectivamente. Inscri\u00e7\u00f5es s\u00e3o feitas online <a href=\"http:\/\/blog.globalattitude.org.br\/inscricoes\/\">aqui<\/a>.<\/p>\n<p>Para se tornar eleg\u00edvel, o candidato deve ter entre 18 e 35 anos, podendo ser estudante, jovem profissional ou pesquisador, independente da \u00e1rea de forma\u00e7\u00e3o. Para estas delega\u00e7\u00f5es, ser\u00e3o selecionados indiv\u00edduos interessados em assuntos voltados a quest\u00e3o de g\u00eanero, direitos da mulher e Agenda 2030 para o Desenvolvimento Sustent\u00e1vel.<\/p>\n<p>Os\u00a0delegados ter\u00e3o a oportunidade de assistir a debates e palestras com l\u00edderes mundiais e organiza\u00e7\u00f5es internacionais, al\u00e9m de contar com uma agenda de reuni\u00f5es exclusiva, organizada pelo Diplomacia Civil, e workshops preparat\u00f3rios realizados antes\u00a0do evento.<\/p>\n<p><strong>Sobre os f\u00f3runs<\/strong><br \/>\nRealizado anualmente pela Comiss\u00e3o Europeia em Bruxelas, B\u00e9lgica, o <strong>European Development Days<\/strong> (EDD) \u00e9 o principal f\u00f3rum europeu sobre coopera\u00e7\u00e3o e desenvolvimento internacional, reunindo mais de 6 mil participantes de 140 pa\u00edses. Este ano, o evento baseia-se no tema \u201cWomen and Girls at the Forefront of Sustainable Development: protect, empower, invest\u201d, focando no comprometimento da Uni\u00e3o Europeia com a igualdade de g\u00eanero e empoderamento da mulher segundo a Agenda 2030 para o Desenvolvimento Sustent\u00e1vel.<\/p>\n<p class=\"p1\">O EDD englobar\u00e1 as discuss\u00f5es desta edi\u00e7\u00e3o em tr\u00eas tem\u00e1ticas, tomadas como prioridades para o contexto atual, sendo elas:\u00a0assegurar a integridade f\u00edsica e psicol\u00f3gica de meninas e mulheres;\u00a0promover os direitos e empoderamento econ\u00f4mico e social para meninas e mulheres; e fortalecer a voz e participa\u00e7\u00e3o de meninas e mulheres.<\/p>\n<p class=\"p1\"><a href=\"http:\/\/globalattitude.org.br\/wp-content\/uploads\/2023\/03\/FGB0376.jpg\"><img fetchpriority=\"high\" decoding=\"async\" class=\"aligncenter wp-image-4029\" src=\"http:\/\/globalattitude.org.br\/wp-content\/uploads\/2023\/03\/FGB0376-300x200.jpg\" alt=\"\" width=\"600\" height=\"399\" \/><\/a><\/p>\n<p class=\"p1\">\n<p class=\"p1\">J\u00e1 o\u00a0<strong>Forum on Science, Technology and Innovation for the Sustainable Development Goals<\/strong> (STI Forum), promovido\u00a0pelo Departamento das Na\u00e7\u00f5es Unidas para Assuntos Econ\u00f4micos e Sociais (UN-DESA), passa por sua terceira edi\u00e7\u00e3o este ano, servindo como plataforma de discuss\u00e3o sobre \u00e1reas tem\u00e1ticas para a implementa\u00e7\u00e3o dos Objetivos do Desenvolvimento Sustent\u00e1vel (ODS).<\/p>\n<p class=\"p1\">Realizado em Nova York, o tema deste ano ser\u00e1 \u201cScience, Technology and Innovation for sustainable and resilient societies\u201d, com foco nos ODS 6 (\u00e1gua pot\u00e1vel e saneamento); 7 (energia limpa e acess\u00edvel); 11 (cidades e comunidades sustent\u00e1veis), 12 (consumo e produ\u00e7\u00e3o respons\u00e1veis); e 15 (vida terrestre).<\/p>\n<p class=\"p1\"><a href=\"http:\/\/globalattitude.org.br\/wp-content\/uploads\/2023\/03\/image18_6958.jpg\"><img decoding=\"async\" class=\"aligncenter wp-image-4030\" src=\"http:\/\/globalattitude.org.br\/wp-content\/uploads\/2023\/03\/image18_6958-300x225.jpg\" alt=\"\" width=\"600\" height=\"450\" \/><\/a><\/p>\n<p class=\"p1\">\n<p class=\"p1\"><strong>Como participar<br \/>\n<\/strong>Interessados devem se inscrever em um dos dois eventos at\u00e9 o dia 29 de abril, \u00e0s 23:59 (hor\u00e1rio de Bras\u00edlia), preenchendo o formul\u00e1rio eletr\u00f4nico e anexando curr\u00edculo.\u00a0O crit\u00e9rio de sele\u00e7\u00e3o leva em conta tanto o desempenho acad\u00eamico do candidato como o interesse pela tem\u00e1tica abordada nos eventos, al\u00e9m da proposta de artigo (desenvolvido durante a prepara\u00e7\u00e3o para a viagem).<\/p>\n<p><strong>O programa \u00e9 pago<\/strong> e inclui o credenciamento no evento, passagens a\u00e9reas de ida e volta, traslado aeroporto-hotel, acomoda\u00e7\u00e3o em hotel, seguro sa\u00fade, assist\u00eancia na emiss\u00e3o de visto, workshops de capacita\u00e7\u00e3o, supervis\u00e3o e orienta\u00e7\u00e3o para reda\u00e7\u00e3o do artigo de pesquisa, cart\u00e3o de visita personalizado, certificado de participa\u00e7\u00e3o e acompanhamento de um coordenador do Diplomacia Civil.<\/p>\n<p>Fique de olho nos prazos e comece a sua inscri\u00e7\u00e3o agora. Estamos te esperando!<\/p>\n<p>Para mais informa\u00e7\u00f5es, acesse a nossa p\u00e1gina de\u00a0<a href=\"http:\/\/blog.globalattitude.org.br\/services-1\/\" target=\"_blank\" rel=\"noopener noreferrer\">perguntas frequentes<\/a>.<\/p>\n","protected":false},"excerpt":{"rendered":"<p>O programa Diplomacia Civil encerra suas atividades do primeiro semestre de 2018 com o lan\u00e7amento de mais duas delega\u00e7\u00f5es para f\u00f3runs internacionais. Buscamos candidatos para ir ao European Development Days e ao Forum on Science, Technology and Innovation on SDGs, ambos realizados de 3 a 8 de junho, em Bruxelas (B\u00e9lgica) e em Nova York [&hellip;]<\/p>\n","protected":false},"author":1,"featured_media":2233,"comment_status":"open","ping_status":"open","sticky":false,"template":"","format":"standard","meta":{"_acf_changed":false,"om_disable_all_campaigns":false,"_monsterinsights_skip_tracking":false,"_monsterinsights_sitenote_active":false,"_monsterinsights_sitenote_note":"","_monsterinsights_sitenote_category":0,"_uf_show_specific_survey":0,"_uf_disable_surveys":false,"footnotes":""},"categories":[22,34],"tags":[],"class_list":["post-2232","post","type-post","status-publish","format-standard","hentry","category-programas","category-ultimas"],"acf":[],"aioseo_notices":[],"yoast_head":"<!-- This site is optimized with the Yoast SEO plugin v27.5 - https:\/\/yoast.com\/product\/yoast-seo-wordpress\/ -->\n<title>Inscri\u00e7\u00f5es abertas: Diplomacia Civil busca delegados para f\u00f3runs sobre Agenda 2030 e direitos da mulher - Instituto Global Attitude<\/title>\n<meta name=\"robots\" content=\"index, follow, max-snippet:-1, max-image-preview:large, max-video-preview:-1\" \/>\n<link rel=\"canonical\" href=\"https:\/\/globalattitude.org.br\/en\/inscricoes-abertas-diplomacia-civil-busca-delegados-para-foruns-sobre-agenda-2030-e-direitos-da-mulher\/\" \/>\n<meta property=\"og:locale\" content=\"en_US\" \/>\n<meta property=\"og:type\" content=\"article\" \/>\n<meta property=\"og:title\" content=\"Inscri\u00e7\u00f5es abertas: Diplomacia Civil busca delegados para f\u00f3runs sobre Agenda 2030 e direitos da mulher - Instituto Global Attitude\" \/>\n<meta property=\"og:description\" content=\"O programa Diplomacia Civil encerra suas atividades do primeiro semestre de 2018 com o lan\u00e7amento de mais duas delega\u00e7\u00f5es para f\u00f3runs internacionais. Buscamos candidatos para ir ao European Development Days e ao Forum on Science, Technology and Innovation on SDGs, ambos realizados de 3 a 8 de junho, em Bruxelas (B\u00e9lgica) e em Nova York [&hellip;]\" \/>\n<meta property=\"og:url\" content=\"https:\/\/globalattitude.org.br\/en\/inscricoes-abertas-diplomacia-civil-busca-delegados-para-foruns-sobre-agenda-2030-e-direitos-da-mulher\/\" \/>\n<meta property=\"og:site_name\" content=\"Instituto Global Attitude\" \/>\n<meta property=\"article:publisher\" content=\"https:\/\/www.facebook.com\/global.attitude.org\/\" \/>\n<meta property=\"article:published_time\" content=\"2018-04-19T01:06:56+00:00\" \/>\n<meta property=\"article:modified_time\" content=\"2023-03-10T13:33:53+00:00\" \/>\n<meta property=\"og:image\" content=\"https:\/\/globalattitude.org.br\/wp-content\/uploads\/2023\/03\/FGB0376.jpg\" \/>\n\t<meta property=\"og:image:width\" content=\"1200\" \/>\n\t<meta property=\"og:image:height\" content=\"798\" \/>\n\t<meta property=\"og:image:type\" content=\"image\/jpeg\" \/>\n<meta name=\"author\" content=\"123esite\" \/>\n<meta name=\"twitter:card\" content=\"summary_large_image\" \/>\n<meta name=\"twitter:creator\" content=\"@global_attitude\" \/>\n<meta name=\"twitter:site\" content=\"@global_attitude\" \/>\n<meta name=\"twitter:label1\" content=\"Written by\" \/>\n\t<meta name=\"twitter:data1\" content=\"123esite\" \/>\n\t<meta name=\"twitter:label2\" content=\"Est. reading time\" \/>\n\t<meta name=\"twitter:data2\" content=\"3 minutes\" \/>\n<script type=\"application\/ld+json\" class=\"yoast-schema-graph\">{\"@context\":\"https:\\\/\\\/schema.org\",\"@graph\":[{\"@type\":[\"Article\",\"BlogPosting\"],\"@id\":\"https:\\\/\\\/globalattitude.org.br\\\/en\\\/inscricoes-abertas-diplomacia-civil-busca-delegados-para-foruns-sobre-agenda-2030-e-direitos-da-mulher\\\/#article\",\"isPartOf\":{\"@id\":\"https:\\\/\\\/globalattitude.org.br\\\/en\\\/inscricoes-abertas-diplomacia-civil-busca-delegados-para-foruns-sobre-agenda-2030-e-direitos-da-mulher\\\/\"},\"author\":{\"name\":\"123esite\",\"@id\":\"http:\\\/\\\/globalattitude.org.br\\\/#\\\/schema\\\/person\\\/6d308f9d9d1eebad0278ad9386f13169\"},\"headline\":\"Inscri\u00e7\u00f5es abertas: Diplomacia Civil busca delegados para f\u00f3runs sobre Agenda 2030 e direitos da mulher\",\"datePublished\":\"2018-04-19T01:06:56+00:00\",\"dateModified\":\"2023-03-10T13:33:53+00:00\",\"mainEntityOfPage\":{\"@id\":\"https:\\\/\\\/globalattitude.org.br\\\/en\\\/inscricoes-abertas-diplomacia-civil-busca-delegados-para-foruns-sobre-agenda-2030-e-direitos-da-mulher\\\/\"},\"wordCount\":586,\"commentCount\":0,\"publisher\":{\"@id\":\"http:\\\/\\\/globalattitude.org.br\\\/#organization\"},\"image\":{\"@id\":\"https:\\\/\\\/globalattitude.org.br\\\/en\\\/inscricoes-abertas-diplomacia-civil-busca-delegados-para-foruns-sobre-agenda-2030-e-direitos-da-mulher\\\/#primaryimage\"},\"thumbnailUrl\":\"https:\\\/\\\/globalattitude.org.br\\\/wp-content\\\/uploads\\\/2023\\\/03\\\/FGB0376.jpg\",\"articleSection\":[\"Programas\",\"\u00daltimas\"],\"inLanguage\":\"en-US\",\"potentialAction\":[{\"@type\":\"CommentAction\",\"name\":\"Comment\",\"target\":[\"https:\\\/\\\/globalattitude.org.br\\\/en\\\/inscricoes-abertas-diplomacia-civil-busca-delegados-para-foruns-sobre-agenda-2030-e-direitos-da-mulher\\\/#respond\"]}]},{\"@type\":\"WebPage\",\"@id\":\"https:\\\/\\\/globalattitude.org.br\\\/en\\\/inscricoes-abertas-diplomacia-civil-busca-delegados-para-foruns-sobre-agenda-2030-e-direitos-da-mulher\\\/\",\"url\":\"https:\\\/\\\/globalattitude.org.br\\\/en\\\/inscricoes-abertas-diplomacia-civil-busca-delegados-para-foruns-sobre-agenda-2030-e-direitos-da-mulher\\\/\",\"name\":\"Inscri\u00e7\u00f5es abertas: Diplomacia Civil busca delegados para f\u00f3runs sobre Agenda 2030 e direitos da mulher - Instituto Global Attitude\",\"isPartOf\":{\"@id\":\"http:\\\/\\\/globalattitude.org.br\\\/#website\"},\"primaryImageOfPage\":{\"@id\":\"https:\\\/\\\/globalattitude.org.br\\\/en\\\/inscricoes-abertas-diplomacia-civil-busca-delegados-para-foruns-sobre-agenda-2030-e-direitos-da-mulher\\\/#primaryimage\"},\"image\":{\"@id\":\"https:\\\/\\\/globalattitude.org.br\\\/en\\\/inscricoes-abertas-diplomacia-civil-busca-delegados-para-foruns-sobre-agenda-2030-e-direitos-da-mulher\\\/#primaryimage\"},\"thumbnailUrl\":\"https:\\\/\\\/globalattitude.org.br\\\/wp-content\\\/uploads\\\/2023\\\/03\\\/FGB0376.jpg\",\"datePublished\":\"2018-04-19T01:06:56+00:00\",\"dateModified\":\"2023-03-10T13:33:53+00:00\",\"breadcrumb\":{\"@id\":\"https:\\\/\\\/globalattitude.org.br\\\/en\\\/inscricoes-abertas-diplomacia-civil-busca-delegados-para-foruns-sobre-agenda-2030-e-direitos-da-mulher\\\/#breadcrumb\"},\"inLanguage\":\"en-US\",\"potentialAction\":[{\"@type\":\"ReadAction\",\"target\":[\"https:\\\/\\\/globalattitude.org.br\\\/en\\\/inscricoes-abertas-diplomacia-civil-busca-delegados-para-foruns-sobre-agenda-2030-e-direitos-da-mulher\\\/\"]}]},{\"@type\":\"ImageObject\",\"inLanguage\":\"en-US\",\"@id\":\"https:\\\/\\\/globalattitude.org.br\\\/en\\\/inscricoes-abertas-diplomacia-civil-busca-delegados-para-foruns-sobre-agenda-2030-e-direitos-da-mulher\\\/#primaryimage\",\"url\":\"https:\\\/\\\/globalattitude.org.br\\\/wp-content\\\/uploads\\\/2023\\\/03\\\/FGB0376.jpg\",\"contentUrl\":\"https:\\\/\\\/globalattitude.org.br\\\/wp-content\\\/uploads\\\/2023\\\/03\\\/FGB0376.jpg\",\"width\":1200,\"height\":798},{\"@type\":\"BreadcrumbList\",\"@id\":\"https:\\\/\\\/globalattitude.org.br\\\/en\\\/inscricoes-abertas-diplomacia-civil-busca-delegados-para-foruns-sobre-agenda-2030-e-direitos-da-mulher\\\/#breadcrumb\",\"itemListElement\":[{\"@type\":\"ListItem\",\"position\":1,\"name\":\"In\u00edcio\",\"item\":\"https:\\\/\\\/globalattitude.org.br\\\/en\\\/\"},{\"@type\":\"ListItem\",\"position\":2,\"name\":\"Inscri\u00e7\u00f5es abertas: Diplomacia Civil busca delegados para f\u00f3runs sobre Agenda 2030 e direitos da mulher\"}]},{\"@type\":\"WebSite\",\"@id\":\"http:\\\/\\\/globalattitude.org.br\\\/#website\",\"url\":\"http:\\\/\\\/globalattitude.org.br\\\/\",\"name\":\"Instituto Global Attitude\",\"description\":\"\",\"publisher\":{\"@id\":\"http:\\\/\\\/globalattitude.org.br\\\/#organization\"},\"potentialAction\":[{\"@type\":\"SearchAction\",\"target\":{\"@type\":\"EntryPoint\",\"urlTemplate\":\"http:\\\/\\\/globalattitude.org.br\\\/?s={search_term_string}\"},\"query-input\":{\"@type\":\"PropertyValueSpecification\",\"valueRequired\":true,\"valueName\":\"search_term_string\"}}],\"inLanguage\":\"en-US\"},{\"@type\":\"Organization\",\"@id\":\"http:\\\/\\\/globalattitude.org.br\\\/#organization\",\"name\":\"Instituto Global Attitude\",\"url\":\"http:\\\/\\\/globalattitude.org.br\\\/\",\"logo\":{\"@type\":\"ImageObject\",\"inLanguage\":\"en-US\",\"@id\":\"http:\\\/\\\/globalattitude.org.br\\\/#\\\/schema\\\/logo\\\/image\\\/\",\"url\":\"https:\\\/\\\/globalattitude.org.br\\\/wp-content\\\/uploads\\\/2023\\\/01\\\/instituto-global-attitude-color.png\",\"contentUrl\":\"https:\\\/\\\/globalattitude.org.br\\\/wp-content\\\/uploads\\\/2023\\\/01\\\/instituto-global-attitude-color.png\",\"width\":300,\"height\":131,\"caption\":\"Instituto Global Attitude\"},\"image\":{\"@id\":\"http:\\\/\\\/globalattitude.org.br\\\/#\\\/schema\\\/logo\\\/image\\\/\"},\"sameAs\":[\"https:\\\/\\\/www.facebook.com\\\/global.attitude.org\\\/\",\"https:\\\/\\\/x.com\\\/global_attitude\",\"https:\\\/\\\/www.instagram.com\\\/globalattitude\",\"https:\\\/\\\/www.linkedin.com\\\/company\\\/global-attitude\\\/?viewAsMember=true\"]},{\"@type\":\"Person\",\"@id\":\"http:\\\/\\\/globalattitude.org.br\\\/#\\\/schema\\\/person\\\/6d308f9d9d1eebad0278ad9386f13169\",\"name\":\"123esite\",\"image\":{\"@type\":\"ImageObject\",\"inLanguage\":\"en-US\",\"@id\":\"https:\\\/\\\/secure.gravatar.com\\\/avatar\\\/07bd71fac19f42004f2b73567f012e126689afdb23cb0017536dea9113ba1806?s=96&d=mm&r=g\",\"url\":\"https:\\\/\\\/secure.gravatar.com\\\/avatar\\\/07bd71fac19f42004f2b73567f012e126689afdb23cb0017536dea9113ba1806?s=96&d=mm&r=g\",\"contentUrl\":\"https:\\\/\\\/secure.gravatar.com\\\/avatar\\\/07bd71fac19f42004f2b73567f012e126689afdb23cb0017536dea9113ba1806?s=96&d=mm&r=g\",\"caption\":\"123esite\"},\"sameAs\":[\"http:\\\/\\\/globalattitude.org.br\"],\"url\":\"https:\\\/\\\/globalattitude.org.br\\\/en\\\/author\\\/123esite\\\/\"}]}<\/script>\n<!-- \/ Yoast SEO plugin. -->","yoast_head_json":{"title":"Inscri\u00e7\u00f5es abertas: Diplomacia Civil busca delegados para f\u00f3runs sobre Agenda 2030 e direitos da mulher - Instituto Global Attitude","robots":{"index":"index","follow":"follow","max-snippet":"max-snippet:-1","max-image-preview":"max-image-preview:large","max-video-preview":"max-video-preview:-1"},"canonical":"https:\/\/globalattitude.org.br\/en\/inscricoes-abertas-diplomacia-civil-busca-delegados-para-foruns-sobre-agenda-2030-e-direitos-da-mulher\/","og_locale":"en_US","og_type":"article","og_title":"Inscri\u00e7\u00f5es abertas: Diplomacia Civil busca delegados para f\u00f3runs sobre Agenda 2030 e direitos da mulher - Instituto Global Attitude","og_description":"O programa Diplomacia Civil encerra suas atividades do primeiro semestre de 2018 com o lan\u00e7amento de mais duas delega\u00e7\u00f5es para f\u00f3runs internacionais. Buscamos candidatos para ir ao European Development Days e ao Forum on Science, Technology and Innovation on SDGs, ambos realizados de 3 a 8 de junho, em Bruxelas (B\u00e9lgica) e em Nova York [&hellip;]","og_url":"https:\/\/globalattitude.org.br\/en\/inscricoes-abertas-diplomacia-civil-busca-delegados-para-foruns-sobre-agenda-2030-e-direitos-da-mulher\/","og_site_name":"Instituto Global Attitude","article_publisher":"https:\/\/www.facebook.com\/global.attitude.org\/","article_published_time":"2018-04-19T01:06:56+00:00","article_modified_time":"2023-03-10T13:33:53+00:00","og_image":[{"width":1200,"height":798,"url":"https:\/\/globalattitude.org.br\/wp-content\/uploads\/2023\/03\/FGB0376.jpg","type":"image\/jpeg"}],"author":"123esite","twitter_card":"summary_large_image","twitter_creator":"@global_attitude","twitter_site":"@global_attitude","twitter_misc":{"Written by":"123esite","Est. reading time":"3 minutes"},"schema":{"@context":"https:\/\/schema.org","@graph":[{"@type":["Article","BlogPosting"],"@id":"https:\/\/globalattitude.org.br\/en\/inscricoes-abertas-diplomacia-civil-busca-delegados-para-foruns-sobre-agenda-2030-e-direitos-da-mulher\/#article","isPartOf":{"@id":"https:\/\/globalattitude.org.br\/en\/inscricoes-abertas-diplomacia-civil-busca-delegados-para-foruns-sobre-agenda-2030-e-direitos-da-mulher\/"},"author":{"name":"123esite","@id":"http:\/\/globalattitude.org.br\/#\/schema\/person\/6d308f9d9d1eebad0278ad9386f13169"},"headline":"Inscri\u00e7\u00f5es abertas: Diplomacia Civil busca delegados para f\u00f3runs sobre Agenda 2030 e direitos da mulher","datePublished":"2018-04-19T01:06:56+00:00","dateModified":"2023-03-10T13:33:53+00:00","mainEntityOfPage":{"@id":"https:\/\/globalattitude.org.br\/en\/inscricoes-abertas-diplomacia-civil-busca-delegados-para-foruns-sobre-agenda-2030-e-direitos-da-mulher\/"},"wordCount":586,"commentCount":0,"publisher":{"@id":"http:\/\/globalattitude.org.br\/#organization"},"image":{"@id":"https:\/\/globalattitude.org.br\/en\/inscricoes-abertas-diplomacia-civil-busca-delegados-para-foruns-sobre-agenda-2030-e-direitos-da-mulher\/#primaryimage"},"thumbnailUrl":"https:\/\/globalattitude.org.br\/wp-content\/uploads\/2023\/03\/FGB0376.jpg","articleSection":["Programas","\u00daltimas"],"inLanguage":"en-US","potentialAction":[{"@type":"CommentAction","name":"Comment","target":["https:\/\/globalattitude.org.br\/en\/inscricoes-abertas-diplomacia-civil-busca-delegados-para-foruns-sobre-agenda-2030-e-direitos-da-mulher\/#respond"]}]},{"@type":"WebPage","@id":"https:\/\/globalattitude.org.br\/en\/inscricoes-abertas-diplomacia-civil-busca-delegados-para-foruns-sobre-agenda-2030-e-direitos-da-mulher\/","url":"https:\/\/globalattitude.org.br\/en\/inscricoes-abertas-diplomacia-civil-busca-delegados-para-foruns-sobre-agenda-2030-e-direitos-da-mulher\/","name":"Inscri\u00e7\u00f5es abertas: Diplomacia Civil busca delegados para f\u00f3runs sobre Agenda 2030 e direitos da mulher - Instituto Global Attitude","isPartOf":{"@id":"http:\/\/globalattitude.org.br\/#website"},"primaryImageOfPage":{"@id":"https:\/\/globalattitude.org.br\/en\/inscricoes-abertas-diplomacia-civil-busca-delegados-para-foruns-sobre-agenda-2030-e-direitos-da-mulher\/#primaryimage"},"image":{"@id":"https:\/\/globalattitude.org.br\/en\/inscricoes-abertas-diplomacia-civil-busca-delegados-para-foruns-sobre-agenda-2030-e-direitos-da-mulher\/#primaryimage"},"thumbnailUrl":"https:\/\/globalattitude.org.br\/wp-content\/uploads\/2023\/03\/FGB0376.jpg","datePublished":"2018-04-19T01:06:56+00:00","dateModified":"2023-03-10T13:33:53+00:00","breadcrumb":{"@id":"https:\/\/globalattitude.org.br\/en\/inscricoes-abertas-diplomacia-civil-busca-delegados-para-foruns-sobre-agenda-2030-e-direitos-da-mulher\/#breadcrumb"},"inLanguage":"en-US","potentialAction":[{"@type":"ReadAction","target":["https:\/\/globalattitude.org.br\/en\/inscricoes-abertas-diplomacia-civil-busca-delegados-para-foruns-sobre-agenda-2030-e-direitos-da-mulher\/"]}]},{"@type":"ImageObject","inLanguage":"en-US","@id":"https:\/\/globalattitude.org.br\/en\/inscricoes-abertas-diplomacia-civil-busca-delegados-para-foruns-sobre-agenda-2030-e-direitos-da-mulher\/#primaryimage","url":"https:\/\/globalattitude.org.br\/wp-content\/uploads\/2023\/03\/FGB0376.jpg","contentUrl":"https:\/\/globalattitude.org.br\/wp-content\/uploads\/2023\/03\/FGB0376.jpg","width":1200,"height":798},{"@type":"BreadcrumbList","@id":"https:\/\/globalattitude.org.br\/en\/inscricoes-abertas-diplomacia-civil-busca-delegados-para-foruns-sobre-agenda-2030-e-direitos-da-mulher\/#breadcrumb","itemListElement":[{"@type":"ListItem","position":1,"name":"In\u00edcio","item":"https:\/\/globalattitude.org.br\/en\/"},{"@type":"ListItem","position":2,"name":"Inscri\u00e7\u00f5es abertas: Diplomacia Civil busca delegados para f\u00f3runs sobre Agenda 2030 e direitos da mulher"}]},{"@type":"WebSite","@id":"http:\/\/globalattitude.org.br\/#website","url":"http:\/\/globalattitude.org.br\/","name":"Instituto Global Attitude","description":"","publisher":{"@id":"http:\/\/globalattitude.org.br\/#organization"},"potentialAction":[{"@type":"SearchAction","target":{"@type":"EntryPoint","urlTemplate":"http:\/\/globalattitude.org.br\/?s={search_term_string}"},"query-input":{"@type":"PropertyValueSpecification","valueRequired":true,"valueName":"search_term_string"}}],"inLanguage":"en-US"},{"@type":"Organization","@id":"http:\/\/globalattitude.org.br\/#organization","name":"Instituto Global Attitude","url":"http:\/\/globalattitude.org.br\/","logo":{"@type":"ImageObject","inLanguage":"en-US","@id":"http:\/\/globalattitude.org.br\/#\/schema\/logo\/image\/","url":"https:\/\/globalattitude.org.br\/wp-content\/uploads\/2023\/01\/instituto-global-attitude-color.png","contentUrl":"https:\/\/globalattitude.org.br\/wp-content\/uploads\/2023\/01\/instituto-global-attitude-color.png","width":300,"height":131,"caption":"Instituto Global Attitude"},"image":{"@id":"http:\/\/globalattitude.org.br\/#\/schema\/logo\/image\/"},"sameAs":["https:\/\/www.facebook.com\/global.attitude.org\/","https:\/\/x.com\/global_attitude","https:\/\/www.instagram.com\/globalattitude","https:\/\/www.linkedin.com\/company\/global-attitude\/?viewAsMember=true"]},{"@type":"Person","@id":"http:\/\/globalattitude.org.br\/#\/schema\/person\/6d308f9d9d1eebad0278ad9386f13169","name":"123esite","image":{"@type":"ImageObject","inLanguage":"en-US","@id":"https:\/\/secure.gravatar.com\/avatar\/07bd71fac19f42004f2b73567f012e126689afdb23cb0017536dea9113ba1806?s=96&d=mm&r=g","url":"https:\/\/secure.gravatar.com\/avatar\/07bd71fac19f42004f2b73567f012e126689afdb23cb0017536dea9113ba1806?s=96&d=mm&r=g","contentUrl":"https:\/\/secure.gravatar.com\/avatar\/07bd71fac19f42004f2b73567f012e126689afdb23cb0017536dea9113ba1806?s=96&d=mm&r=g","caption":"123esite"},"sameAs":["http:\/\/globalattitude.org.br"],"url":"https:\/\/globalattitude.org.br\/en\/author\/123esite\/"}]}},"_links":{"self":[{"href":"https:\/\/globalattitude.org.br\/en\/wp-json\/wp\/v2\/posts\/2232","targetHints":{"allow":["GET"]}}],"collection":[{"href":"https:\/\/globalattitude.org.br\/en\/wp-json\/wp\/v2\/posts"}],"about":[{"href":"https:\/\/globalattitude.org.br\/en\/wp-json\/wp\/v2\/types\/post"}],"author":[{"embeddable":true,"href":"https:\/\/globalattitude.org.br\/en\/wp-json\/wp\/v2\/users\/1"}],"replies":[{"embeddable":true,"href":"https:\/\/globalattitude.org.br\/en\/wp-json\/wp\/v2\/comments?post=2232"}],"version-history":[{"count":1,"href":"https:\/\/globalattitude.org.br\/en\/wp-json\/wp\/v2\/posts\/2232\/revisions"}],"predecessor-version":[{"id":2235,"href":"https:\/\/globalattitude.org.br\/en\/wp-json\/wp\/v2\/posts\/2232\/revisions\/2235"}],"wp:featuredmedia":[{"embeddable":true,"href":"https:\/\/globalattitude.org.br\/en\/wp-json\/wp\/v2\/media\/2233"}],"wp:attachment":[{"href":"https:\/\/globalattitude.org.br\/en\/wp-json\/wp\/v2\/media?parent=2232"}],"wp:term":[{"taxonomy":"category","embeddable":true,"href":"https:\/\/globalattitude.org.br\/en\/wp-json\/wp\/v2\/categories?post=2232"},{"taxonomy":"post_tag","embeddable":true,"href":"https:\/\/globalattitude.org.br\/en\/wp-json\/wp\/v2\/tags?post=2232"}],"curies":[{"name":"wp","href":"https:\/\/api.w.org\/{rel}","templated":true}]}}