{"id":2255,"date":"2018-05-02T17:43:04","date_gmt":"2018-05-02T20:43:04","guid":{"rendered":"https:\/\/globalattitude.org.br\/representacao-da-sociedade-civil-e-destaque-no-spring-meetings-2018\/"},"modified":"2023-03-10T10:34:31","modified_gmt":"2023-03-10T13:34:31","slug":"representacao-da-sociedade-civil-e-destaque-no-spring-meetings-2018","status":"publish","type":"post","link":"https:\/\/globalattitude.org.br\/en\/representacao-da-sociedade-civil-e-destaque-no-spring-meetings-2018\/","title":{"rendered":"Representa\u00e7\u00e3o da sociedade civil \u00e9 destaque no Spring Meetings 2018"},"content":{"rendered":"<p>Entre os dias 16 e 23 de abril a delega\u00e7\u00e3o do Diplomacia Civil participou do <strong>Spring Meetings 2018<\/strong> e do Civil Society Policy Forum, evento paralelo voltado \u00e0 sociedade civil. Oito jovens delegados vivenciaram em Washington, Estados Unidos, uma atribulada agenda de palestras, debates e reuni\u00f5es exclusivas com grandes nomes internacionais, como o Diretor Executivo do Banco Mundial, Otaviano Canuto, e o\u00a0Prof. Dr. Mark Langevin, Diretor da Brazil Initiative e Professor Pesquisador na Elliott School of International Affairs.<\/p>\n<div id=\"attachment_4054\" style=\"width: 610px\" class=\"wp-caption aligncenter\"><a href=\"http:\/\/globalattitude.org.br\/wp-content\/uploads\/2023\/03\/DSC_0001.jpg\"><img fetchpriority=\"high\" decoding=\"async\" aria-describedby=\"caption-attachment-4054\" class=\"wp-image-4054\" src=\"http:\/\/globalattitude.org.br\/wp-content\/uploads\/2023\/03\/DSC_0001-300x189.jpg\" alt=\"\" width=\"600\" height=\"377\" \/><\/a><p id=\"caption-attachment-4054\" class=\"wp-caption-text\">Delega\u00e7\u00e3o em reuni\u00e3o com Otaviano Canuto, Diretor Executivo do Banco Mundial. Foto: Global Attitude<\/p><\/div>\n<p>Realizado anualmente pelo Banco Mundial e pelo Fundo Monet\u00e1rio Internacional (FMI), o Spring Meetings foca no debate de quest\u00f5es da economia global, desenvolvimento internacional, mercados financeiros mundiais e no progresso das pol\u00edticas adotadas pelas duas organiza\u00e7\u00f5es durante o ano. O evento re\u00fane bancos centrais, ministros de finan\u00e7as e desenvolvimento, parlamentares, representantes de organiza\u00e7\u00f5es da sociedade civil, acad\u00eamicos e o setor privado, al\u00e9m dos delegados do Diplomacia Civil:\u00a0Arthur Pieper Neto, Bruno Rech, Catherine Shirazi, Lina C\u00e2mara, Lucas Lima, Maria L\u00edvia de Souza, Tainah Pereira e Yuri Jordy.<\/p>\n<p>&#8220;Me surpreendi ao ouvir muito mais do que macroeconomia, investimentos e ajuste fiscal, em pain\u00e9is com profissionais de diversos backgrounds e sotaques. Foi fascinante saber a respeito de iniciativas vindas da Indon\u00e9sia, Tun\u00edsia, Costa do Marfim, Chile, M\u00e9xico, Egito e mais uma vintena de pa\u00edses, em temas t\u00e3o diversos como desenvolvimento de lideran\u00e7as em escolas, inclus\u00e3o digital, igualdade de g\u00eanero no ambiente de trabalho, combate \u00e0 corrup\u00e7\u00e3o, empreendedorismo, transpar\u00eancia, startups, inova\u00e7\u00e3o tecnol\u00f3gica, big data e inclus\u00e3o LGBTI&#8221;, afirma Arthur.<\/p>\n<div id=\"attachment_4061\" style=\"width: 610px\" class=\"wp-caption aligncenter\"><a href=\"http:\/\/globalattitude.org.br\/wp-content\/uploads\/2023\/03\/DSC_0210.jpg\"><img decoding=\"async\" aria-describedby=\"caption-attachment-4061\" class=\"wp-image-4061\" src=\"http:\/\/globalattitude.org.br\/wp-content\/uploads\/2023\/03\/DSC_0210-300x183.jpg\" alt=\"\" width=\"600\" height=\"366\" \/><\/a><p id=\"caption-attachment-4061\" class=\"wp-caption-text\">Delega\u00e7\u00e3o se encontra com o Sub-secret\u00e1rio do Tesouro Nacional, Pedro Maciel. Foto: Global Attitude<\/p><\/div>\n<p>O delegado diz, ainda, que se decepcionou com a baixa participa\u00e7\u00e3o brasileira no evento, tanto de palestrantes quanto de espectadores.\u00a0&#8220;Isso me deu mais convic\u00e7\u00e3o da import\u00e2ncia de programas como o Diplomacia Civil&#8221;. Por outro lado, a sociedade civil teve grande voz e participa\u00e7\u00e3o durante o f\u00f3rum, garantindo um espa\u00e7o de discuss\u00e3o em meio a economistas, banqueiros, acionistas e a elite financeira mundial. &#8220;N\u00e3o d\u00e1 pra dizer que a representa\u00e7\u00e3o seja suficiente e sei que ainda est\u00e1 muito longe de resultados pr\u00e1ticos amplamente favor\u00e1veis \u00e0s popula\u00e7\u00f5es mais necessitadas, mas \u00e9 um avan\u00e7o saber que esse espa\u00e7o existe e pode ser ocupado, utilizado e ampliado&#8221;, sentencia.<\/p>\n<p>Para Tainah, os debates do Civil Society Policy Forum foram o ponto alto do evento, uma vez que estudiosos do FMI e do Banco Mundial pressionaram ambas as institui\u00e7\u00f5es &#8220;por respostas aos efeitos colaterais de seus programas&#8221;, com &#8220;destaque especial para um debate sobre\u00a0as pol\u00edticas de austeridade que aconteceu no FMI em que uma brasileira do INESC [Instituto de Estudos Socioecon\u00f4micos] rebateu um diretor do FMI, apontando as consequ\u00eancias negativas das pol\u00edticas de austeridade que est\u00e3o sendo conduzidas pelo governo Temer&#8221;.<\/p>\n<p>Ainda segundo Tainah, o Spring Meetings ampliou sua vis\u00e3o sobre a atua\u00e7\u00e3o das organiza\u00e7\u00f5es, ao mesmo tempo em que lhe apresentou outras entidades que trabalham paralelamente ao Banco Mundial e FMI,\u00a0destacando-se\u00a0as que fiscalizam e pressionam o cumprimento das pol\u00edticas tra\u00e7adas.<\/p>\n<div id=\"attachment_4057\" style=\"width: 610px\" class=\"wp-caption aligncenter\"><a href=\"http:\/\/globalattitude.org.br\/wp-content\/uploads\/2023\/03\/DSC_0043.jpg\"><img decoding=\"async\" aria-describedby=\"caption-attachment-4057\" class=\"wp-image-4057\" src=\"http:\/\/globalattitude.org.br\/wp-content\/uploads\/2023\/03\/DSC_0043-300x199.jpg\" alt=\"\" width=\"600\" height=\"397\" \/><\/a><p id=\"caption-attachment-4057\" class=\"wp-caption-text\">Foto: Global Attitude<\/p><\/div>\n<p>J\u00e1 para Lucas, as palestras que abriram espa\u00e7o para a intera\u00e7\u00e3o da plateia foram os destaques do evento, como as da \u00e1rea de New Economy Forum, onde &#8220;temas interessantes e atuais foram abordados em salas menores, com\u00a0p\u00fablico reduzido, possibilitando que a audi\u00eancia realizasse questionamentos na hora&#8221;, diz o delegado, que destaca ainda a palestra com Bill Gates e o talk sobre Digital Economy for Africa,\u00a0o qual contou com o presidente do\u00a0Banco Mundial, o CEO do LinkedIn e o Presidente da Tony Emelulu Foundation.<\/p>\n<div id=\"attachment_4062\" style=\"width: 610px\" class=\"wp-caption aligncenter\"><a href=\"http:\/\/globalattitude.org.br\/wp-content\/uploads\/2023\/03\/DSC_0216.jpg\"><img loading=\"lazy\" decoding=\"async\" aria-describedby=\"caption-attachment-4062\" class=\"wp-image-4062\" src=\"http:\/\/globalattitude.org.br\/wp-content\/uploads\/2023\/03\/DSC_0216-300x199.jpg\" alt=\"\" width=\"600\" height=\"397\" \/><\/a><p id=\"caption-attachment-4062\" class=\"wp-caption-text\">Palestra com Bill Gates e presidente do Banco Mundial, Jim Yong Kim. Foto: Global Attitude<\/p><\/div>\n<p>&#8220;Al\u00e9m de um incr\u00edvel networking realizado com a pr\u00f3pria delega\u00e7\u00e3o, acredito que para minha linha de pesquisa e \u00e1rea de atua\u00e7\u00e3o o networking com o pessoal da \u00e1rea que estava tratando diretamente sobre divulga\u00e7\u00e3o dos ODS [Objetivos do Desenvolvimento Sustent\u00e1vel] foi interessante, onde consegui relatos e informa\u00e7\u00e3o de novas fontes, onde consigo desenvolver e aperfei\u00e7oar um trabalho que j\u00e1 vem sendo feito h\u00e1 2 anos&#8221;, finaliza.<\/p>\n<p>Em rela\u00e7\u00e3o \u00e0s conquistas voltadas a networking, a delega\u00e7\u00e3o \u00e9 un\u00e2nime: o evento se tornou uma fonte importante de contatos para suas \u00e1reas de pesquisa, trabalho e ideias para novos projetos. &#8220;Um evento como este sempre abre novas oportunidades profissionais, seja pelo networking, pela pr\u00f3pria linha de atua\u00e7\u00e3o das institui\u00e7\u00f5es anfitri\u00e3s ou pela pr\u00f3pria repercuss\u00e3o do evento. No in\u00edcio, n\u00e3o tinha nenhum interesse em aplicar para um programa de carreira dessas institui\u00e7\u00f5es, mas certamente depois dessa experi\u00eancia, \u00e9 algo a considerar, mesmo sendo\u00a0advogado aut\u00f4nomo&#8221;, afirma Yuri, que ap\u00f3s a reuni\u00e3o com o professor Mark Langevin come\u00e7ou at\u00e9 a considerar um p\u00f3s-doutorado\u00a0Elliott School. Assim como Tainah\u00a0inspirou-se\u00a0em fazer um doutorado na mesma institui\u00e7\u00e3o.<\/p>\n<div id=\"attachment_4055\" style=\"width: 610px\" class=\"wp-caption aligncenter\"><a href=\"http:\/\/globalattitude.org.br\/wp-content\/uploads\/2023\/03\/DSC_0004.jpg\"><img loading=\"lazy\" decoding=\"async\" aria-describedby=\"caption-attachment-4055\" class=\"wp-image-4055\" src=\"http:\/\/globalattitude.org.br\/wp-content\/uploads\/2023\/03\/DSC_0004-300x173.jpg\" alt=\"\" width=\"600\" height=\"346\" \/><\/a><p id=\"caption-attachment-4055\" class=\"wp-caption-text\">Reuni\u00e3o com o Prof. Dr. Mark Langevin, Diretor da Brazil Initiative. Foto: Global Attitude<\/p><\/div>\n<p>&#8220;O Diplomacia Civil com certeza \u00e9 um marco na minha carreira. Foi uma excelente oportunidade de conhecer de perto as institui\u00e7\u00f5es que estudo e onde gostaria de trabalhar, de trocar ideias e experi\u00eancias com pessoas extremamente competentes e engajadas e tamb\u00e9m de conhecer uma cidade pulsante e important\u00edssima para a pol\u00edtica mundial, que \u00e9 Washington D.C.&#8221;, finaliza Tainah.<\/p>\n<p><strong>Saiba mais sobre o que os delegados t\u00eam a dizer:<\/strong><\/p>\n<p><iframe src=\"https:\/\/www.youtube.com\/embed\/O-4b5jIjwG8\" width=\"560\" height=\"315\" frameborder=\"0\" allowfullscreen=\"allowfullscreen\"><\/iframe><\/p>\n","protected":false},"excerpt":{"rendered":"<p>Entre os dias 16 e 23 de abril a delega\u00e7\u00e3o do Diplomacia Civil participou do Spring Meetings 2018 e do Civil Society Policy Forum, evento paralelo voltado \u00e0 sociedade civil. Oito jovens delegados vivenciaram em Washington, Estados Unidos, uma atribulada agenda de palestras, debates e reuni\u00f5es exclusivas com grandes nomes internacionais, como o Diretor Executivo [&hellip;]<\/p>\n","protected":false},"author":1,"featured_media":2256,"comment_status":"open","ping_status":"open","sticky":false,"template":"","format":"standard","meta":{"_acf_changed":false,"om_disable_all_campaigns":false,"_monsterinsights_skip_tracking":false,"_monsterinsights_sitenote_active":false,"_monsterinsights_sitenote_note":"","_monsterinsights_sitenote_category":0,"_uf_show_specific_survey":0,"_uf_disable_surveys":false,"footnotes":""},"categories":[22,34],"tags":[],"class_list":["post-2255","post","type-post","status-publish","format-standard","hentry","category-programas","category-ultimas"],"acf":[],"aioseo_notices":[],"yoast_head":"<!-- This site is optimized with the Yoast SEO plugin v27.5 - https:\/\/yoast.com\/product\/yoast-seo-wordpress\/ -->\n<title>Representa\u00e7\u00e3o da sociedade civil \u00e9 destaque no Spring Meetings 2018 - Instituto Global Attitude<\/title>\n<meta name=\"robots\" content=\"index, follow, max-snippet:-1, max-image-preview:large, max-video-preview:-1\" \/>\n<link rel=\"canonical\" href=\"https:\/\/globalattitude.org.br\/en\/representacao-da-sociedade-civil-e-destaque-no-spring-meetings-2018\/\" \/>\n<meta property=\"og:locale\" content=\"en_US\" \/>\n<meta property=\"og:type\" content=\"article\" \/>\n<meta property=\"og:title\" content=\"Representa\u00e7\u00e3o da sociedade civil \u00e9 destaque no Spring Meetings 2018 - Instituto Global Attitude\" \/>\n<meta property=\"og:description\" content=\"Entre os dias 16 e 23 de abril a delega\u00e7\u00e3o do Diplomacia Civil participou do Spring Meetings 2018 e do Civil Society Policy Forum, evento paralelo voltado \u00e0 sociedade civil. Oito jovens delegados vivenciaram em Washington, Estados Unidos, uma atribulada agenda de palestras, debates e reuni\u00f5es exclusivas com grandes nomes internacionais, como o Diretor Executivo [&hellip;]\" \/>\n<meta property=\"og:url\" content=\"https:\/\/globalattitude.org.br\/en\/representacao-da-sociedade-civil-e-destaque-no-spring-meetings-2018\/\" \/>\n<meta property=\"og:site_name\" content=\"Instituto Global Attitude\" \/>\n<meta property=\"article:publisher\" content=\"https:\/\/www.facebook.com\/global.attitude.org\/\" \/>\n<meta property=\"article:published_time\" content=\"2018-05-02T20:43:04+00:00\" \/>\n<meta property=\"article:modified_time\" content=\"2023-03-10T13:34:31+00:00\" \/>\n<meta property=\"og:image\" content=\"https:\/\/globalattitude.org.br\/wp-content\/uploads\/2023\/03\/DSC_0001.jpg\" \/>\n\t<meta property=\"og:image:width\" content=\"1000\" \/>\n\t<meta property=\"og:image:height\" content=\"629\" \/>\n\t<meta property=\"og:image:type\" content=\"image\/jpeg\" \/>\n<meta name=\"author\" content=\"123esite\" \/>\n<meta name=\"twitter:card\" content=\"summary_large_image\" \/>\n<meta name=\"twitter:creator\" content=\"@global_attitude\" \/>\n<meta name=\"twitter:site\" content=\"@global_attitude\" \/>\n<meta name=\"twitter:label1\" content=\"Written by\" \/>\n\t<meta name=\"twitter:data1\" content=\"123esite\" \/>\n\t<meta name=\"twitter:label2\" content=\"Est. reading time\" \/>\n\t<meta name=\"twitter:data2\" content=\"5 minutes\" \/>\n<script type=\"application\/ld+json\" class=\"yoast-schema-graph\">{\"@context\":\"https:\\\/\\\/schema.org\",\"@graph\":[{\"@type\":[\"Article\",\"BlogPosting\"],\"@id\":\"https:\\\/\\\/globalattitude.org.br\\\/en\\\/representacao-da-sociedade-civil-e-destaque-no-spring-meetings-2018\\\/#article\",\"isPartOf\":{\"@id\":\"https:\\\/\\\/globalattitude.org.br\\\/en\\\/representacao-da-sociedade-civil-e-destaque-no-spring-meetings-2018\\\/\"},\"author\":{\"name\":\"123esite\",\"@id\":\"https:\\\/\\\/globalattitude.org.br\\\/en\\\/#\\\/schema\\\/person\\\/6d308f9d9d1eebad0278ad9386f13169\"},\"headline\":\"Representa\u00e7\u00e3o da sociedade civil \u00e9 destaque no Spring Meetings 2018\",\"datePublished\":\"2018-05-02T20:43:04+00:00\",\"dateModified\":\"2023-03-10T13:34:31+00:00\",\"mainEntityOfPage\":{\"@id\":\"https:\\\/\\\/globalattitude.org.br\\\/en\\\/representacao-da-sociedade-civil-e-destaque-no-spring-meetings-2018\\\/\"},\"wordCount\":998,\"commentCount\":0,\"publisher\":{\"@id\":\"https:\\\/\\\/globalattitude.org.br\\\/en\\\/#organization\"},\"image\":{\"@id\":\"https:\\\/\\\/globalattitude.org.br\\\/en\\\/representacao-da-sociedade-civil-e-destaque-no-spring-meetings-2018\\\/#primaryimage\"},\"thumbnailUrl\":\"https:\\\/\\\/globalattitude.org.br\\\/wp-content\\\/uploads\\\/2023\\\/03\\\/DSC_0001.jpg\",\"articleSection\":[\"Programas\",\"\u00daltimas\"],\"inLanguage\":\"en-US\",\"potentialAction\":[{\"@type\":\"CommentAction\",\"name\":\"Comment\",\"target\":[\"https:\\\/\\\/globalattitude.org.br\\\/en\\\/representacao-da-sociedade-civil-e-destaque-no-spring-meetings-2018\\\/#respond\"]}]},{\"@type\":\"WebPage\",\"@id\":\"https:\\\/\\\/globalattitude.org.br\\\/en\\\/representacao-da-sociedade-civil-e-destaque-no-spring-meetings-2018\\\/\",\"url\":\"https:\\\/\\\/globalattitude.org.br\\\/en\\\/representacao-da-sociedade-civil-e-destaque-no-spring-meetings-2018\\\/\",\"name\":\"Representa\u00e7\u00e3o da sociedade civil \u00e9 destaque no Spring Meetings 2018 - Instituto Global Attitude\",\"isPartOf\":{\"@id\":\"https:\\\/\\\/globalattitude.org.br\\\/en\\\/#website\"},\"primaryImageOfPage\":{\"@id\":\"https:\\\/\\\/globalattitude.org.br\\\/en\\\/representacao-da-sociedade-civil-e-destaque-no-spring-meetings-2018\\\/#primaryimage\"},\"image\":{\"@id\":\"https:\\\/\\\/globalattitude.org.br\\\/en\\\/representacao-da-sociedade-civil-e-destaque-no-spring-meetings-2018\\\/#primaryimage\"},\"thumbnailUrl\":\"https:\\\/\\\/globalattitude.org.br\\\/wp-content\\\/uploads\\\/2023\\\/03\\\/DSC_0001.jpg\",\"datePublished\":\"2018-05-02T20:43:04+00:00\",\"dateModified\":\"2023-03-10T13:34:31+00:00\",\"breadcrumb\":{\"@id\":\"https:\\\/\\\/globalattitude.org.br\\\/en\\\/representacao-da-sociedade-civil-e-destaque-no-spring-meetings-2018\\\/#breadcrumb\"},\"inLanguage\":\"en-US\",\"potentialAction\":[{\"@type\":\"ReadAction\",\"target\":[\"https:\\\/\\\/globalattitude.org.br\\\/en\\\/representacao-da-sociedade-civil-e-destaque-no-spring-meetings-2018\\\/\"]}]},{\"@type\":\"ImageObject\",\"inLanguage\":\"en-US\",\"@id\":\"https:\\\/\\\/globalattitude.org.br\\\/en\\\/representacao-da-sociedade-civil-e-destaque-no-spring-meetings-2018\\\/#primaryimage\",\"url\":\"https:\\\/\\\/globalattitude.org.br\\\/wp-content\\\/uploads\\\/2023\\\/03\\\/DSC_0001.jpg\",\"contentUrl\":\"https:\\\/\\\/globalattitude.org.br\\\/wp-content\\\/uploads\\\/2023\\\/03\\\/DSC_0001.jpg\",\"width\":1000,\"height\":629},{\"@type\":\"BreadcrumbList\",\"@id\":\"https:\\\/\\\/globalattitude.org.br\\\/en\\\/representacao-da-sociedade-civil-e-destaque-no-spring-meetings-2018\\\/#breadcrumb\",\"itemListElement\":[{\"@type\":\"ListItem\",\"position\":1,\"name\":\"In\u00edcio\",\"item\":\"https:\\\/\\\/globalattitude.org.br\\\/en\\\/\"},{\"@type\":\"ListItem\",\"position\":2,\"name\":\"Representa\u00e7\u00e3o da sociedade civil \u00e9 destaque no Spring Meetings 2018\"}]},{\"@type\":\"WebSite\",\"@id\":\"https:\\\/\\\/globalattitude.org.br\\\/en\\\/#website\",\"url\":\"https:\\\/\\\/globalattitude.org.br\\\/en\\\/\",\"name\":\"Instituto Global Attitude\",\"description\":\"\",\"publisher\":{\"@id\":\"https:\\\/\\\/globalattitude.org.br\\\/en\\\/#organization\"},\"potentialAction\":[{\"@type\":\"SearchAction\",\"target\":{\"@type\":\"EntryPoint\",\"urlTemplate\":\"https:\\\/\\\/globalattitude.org.br\\\/en\\\/?s={search_term_string}\"},\"query-input\":{\"@type\":\"PropertyValueSpecification\",\"valueRequired\":true,\"valueName\":\"search_term_string\"}}],\"inLanguage\":\"en-US\"},{\"@type\":\"Organization\",\"@id\":\"https:\\\/\\\/globalattitude.org.br\\\/en\\\/#organization\",\"name\":\"Instituto Global Attitude\",\"url\":\"https:\\\/\\\/globalattitude.org.br\\\/en\\\/\",\"logo\":{\"@type\":\"ImageObject\",\"inLanguage\":\"en-US\",\"@id\":\"https:\\\/\\\/globalattitude.org.br\\\/en\\\/#\\\/schema\\\/logo\\\/image\\\/\",\"url\":\"https:\\\/\\\/globalattitude.org.br\\\/wp-content\\\/uploads\\\/2023\\\/01\\\/instituto-global-attitude-color.png\",\"contentUrl\":\"https:\\\/\\\/globalattitude.org.br\\\/wp-content\\\/uploads\\\/2023\\\/01\\\/instituto-global-attitude-color.png\",\"width\":300,\"height\":131,\"caption\":\"Instituto Global Attitude\"},\"image\":{\"@id\":\"https:\\\/\\\/globalattitude.org.br\\\/en\\\/#\\\/schema\\\/logo\\\/image\\\/\"},\"sameAs\":[\"https:\\\/\\\/www.facebook.com\\\/global.attitude.org\\\/\",\"https:\\\/\\\/x.com\\\/global_attitude\",\"https:\\\/\\\/www.instagram.com\\\/globalattitude\",\"https:\\\/\\\/www.linkedin.com\\\/company\\\/global-attitude\\\/?viewAsMember=true\"]},{\"@type\":\"Person\",\"@id\":\"https:\\\/\\\/globalattitude.org.br\\\/en\\\/#\\\/schema\\\/person\\\/6d308f9d9d1eebad0278ad9386f13169\",\"name\":\"123esite\",\"image\":{\"@type\":\"ImageObject\",\"inLanguage\":\"en-US\",\"@id\":\"https:\\\/\\\/secure.gravatar.com\\\/avatar\\\/07bd71fac19f42004f2b73567f012e126689afdb23cb0017536dea9113ba1806?s=96&d=mm&r=g\",\"url\":\"https:\\\/\\\/secure.gravatar.com\\\/avatar\\\/07bd71fac19f42004f2b73567f012e126689afdb23cb0017536dea9113ba1806?s=96&d=mm&r=g\",\"contentUrl\":\"https:\\\/\\\/secure.gravatar.com\\\/avatar\\\/07bd71fac19f42004f2b73567f012e126689afdb23cb0017536dea9113ba1806?s=96&d=mm&r=g\",\"caption\":\"123esite\"},\"sameAs\":[\"http:\\\/\\\/globalattitude.org.br\"],\"url\":\"https:\\\/\\\/globalattitude.org.br\\\/en\\\/author\\\/123esite\\\/\"}]}<\/script>\n<!-- \/ Yoast SEO plugin. -->","yoast_head_json":{"title":"Representa\u00e7\u00e3o da sociedade civil \u00e9 destaque no Spring Meetings 2018 - Instituto Global Attitude","robots":{"index":"index","follow":"follow","max-snippet":"max-snippet:-1","max-image-preview":"max-image-preview:large","max-video-preview":"max-video-preview:-1"},"canonical":"https:\/\/globalattitude.org.br\/en\/representacao-da-sociedade-civil-e-destaque-no-spring-meetings-2018\/","og_locale":"en_US","og_type":"article","og_title":"Representa\u00e7\u00e3o da sociedade civil \u00e9 destaque no Spring Meetings 2018 - Instituto Global Attitude","og_description":"Entre os dias 16 e 23 de abril a delega\u00e7\u00e3o do Diplomacia Civil participou do Spring Meetings 2018 e do Civil Society Policy Forum, evento paralelo voltado \u00e0 sociedade civil. Oito jovens delegados vivenciaram em Washington, Estados Unidos, uma atribulada agenda de palestras, debates e reuni\u00f5es exclusivas com grandes nomes internacionais, como o Diretor Executivo [&hellip;]","og_url":"https:\/\/globalattitude.org.br\/en\/representacao-da-sociedade-civil-e-destaque-no-spring-meetings-2018\/","og_site_name":"Instituto Global Attitude","article_publisher":"https:\/\/www.facebook.com\/global.attitude.org\/","article_published_time":"2018-05-02T20:43:04+00:00","article_modified_time":"2023-03-10T13:34:31+00:00","og_image":[{"width":1000,"height":629,"url":"https:\/\/globalattitude.org.br\/wp-content\/uploads\/2023\/03\/DSC_0001.jpg","type":"image\/jpeg"}],"author":"123esite","twitter_card":"summary_large_image","twitter_creator":"@global_attitude","twitter_site":"@global_attitude","twitter_misc":{"Written by":"123esite","Est. reading time":"5 minutes"},"schema":{"@context":"https:\/\/schema.org","@graph":[{"@type":["Article","BlogPosting"],"@id":"https:\/\/globalattitude.org.br\/en\/representacao-da-sociedade-civil-e-destaque-no-spring-meetings-2018\/#article","isPartOf":{"@id":"https:\/\/globalattitude.org.br\/en\/representacao-da-sociedade-civil-e-destaque-no-spring-meetings-2018\/"},"author":{"name":"123esite","@id":"https:\/\/globalattitude.org.br\/en\/#\/schema\/person\/6d308f9d9d1eebad0278ad9386f13169"},"headline":"Representa\u00e7\u00e3o da sociedade civil \u00e9 destaque no Spring Meetings 2018","datePublished":"2018-05-02T20:43:04+00:00","dateModified":"2023-03-10T13:34:31+00:00","mainEntityOfPage":{"@id":"https:\/\/globalattitude.org.br\/en\/representacao-da-sociedade-civil-e-destaque-no-spring-meetings-2018\/"},"wordCount":998,"commentCount":0,"publisher":{"@id":"https:\/\/globalattitude.org.br\/en\/#organization"},"image":{"@id":"https:\/\/globalattitude.org.br\/en\/representacao-da-sociedade-civil-e-destaque-no-spring-meetings-2018\/#primaryimage"},"thumbnailUrl":"https:\/\/globalattitude.org.br\/wp-content\/uploads\/2023\/03\/DSC_0001.jpg","articleSection":["Programas","\u00daltimas"],"inLanguage":"en-US","potentialAction":[{"@type":"CommentAction","name":"Comment","target":["https:\/\/globalattitude.org.br\/en\/representacao-da-sociedade-civil-e-destaque-no-spring-meetings-2018\/#respond"]}]},{"@type":"WebPage","@id":"https:\/\/globalattitude.org.br\/en\/representacao-da-sociedade-civil-e-destaque-no-spring-meetings-2018\/","url":"https:\/\/globalattitude.org.br\/en\/representacao-da-sociedade-civil-e-destaque-no-spring-meetings-2018\/","name":"Representa\u00e7\u00e3o da sociedade civil \u00e9 destaque no Spring Meetings 2018 - Instituto Global Attitude","isPartOf":{"@id":"https:\/\/globalattitude.org.br\/en\/#website"},"primaryImageOfPage":{"@id":"https:\/\/globalattitude.org.br\/en\/representacao-da-sociedade-civil-e-destaque-no-spring-meetings-2018\/#primaryimage"},"image":{"@id":"https:\/\/globalattitude.org.br\/en\/representacao-da-sociedade-civil-e-destaque-no-spring-meetings-2018\/#primaryimage"},"thumbnailUrl":"https:\/\/globalattitude.org.br\/wp-content\/uploads\/2023\/03\/DSC_0001.jpg","datePublished":"2018-05-02T20:43:04+00:00","dateModified":"2023-03-10T13:34:31+00:00","breadcrumb":{"@id":"https:\/\/globalattitude.org.br\/en\/representacao-da-sociedade-civil-e-destaque-no-spring-meetings-2018\/#breadcrumb"},"inLanguage":"en-US","potentialAction":[{"@type":"ReadAction","target":["https:\/\/globalattitude.org.br\/en\/representacao-da-sociedade-civil-e-destaque-no-spring-meetings-2018\/"]}]},{"@type":"ImageObject","inLanguage":"en-US","@id":"https:\/\/globalattitude.org.br\/en\/representacao-da-sociedade-civil-e-destaque-no-spring-meetings-2018\/#primaryimage","url":"https:\/\/globalattitude.org.br\/wp-content\/uploads\/2023\/03\/DSC_0001.jpg","contentUrl":"https:\/\/globalattitude.org.br\/wp-content\/uploads\/2023\/03\/DSC_0001.jpg","width":1000,"height":629},{"@type":"BreadcrumbList","@id":"https:\/\/globalattitude.org.br\/en\/representacao-da-sociedade-civil-e-destaque-no-spring-meetings-2018\/#breadcrumb","itemListElement":[{"@type":"ListItem","position":1,"name":"In\u00edcio","item":"https:\/\/globalattitude.org.br\/en\/"},{"@type":"ListItem","position":2,"name":"Representa\u00e7\u00e3o da sociedade civil \u00e9 destaque no Spring Meetings 2018"}]},{"@type":"WebSite","@id":"https:\/\/globalattitude.org.br\/en\/#website","url":"https:\/\/globalattitude.org.br\/en\/","name":"Instituto Global Attitude","description":"","publisher":{"@id":"https:\/\/globalattitude.org.br\/en\/#organization"},"potentialAction":[{"@type":"SearchAction","target":{"@type":"EntryPoint","urlTemplate":"https:\/\/globalattitude.org.br\/en\/?s={search_term_string}"},"query-input":{"@type":"PropertyValueSpecification","valueRequired":true,"valueName":"search_term_string"}}],"inLanguage":"en-US"},{"@type":"Organization","@id":"https:\/\/globalattitude.org.br\/en\/#organization","name":"Instituto Global Attitude","url":"https:\/\/globalattitude.org.br\/en\/","logo":{"@type":"ImageObject","inLanguage":"en-US","@id":"https:\/\/globalattitude.org.br\/en\/#\/schema\/logo\/image\/","url":"https:\/\/globalattitude.org.br\/wp-content\/uploads\/2023\/01\/instituto-global-attitude-color.png","contentUrl":"https:\/\/globalattitude.org.br\/wp-content\/uploads\/2023\/01\/instituto-global-attitude-color.png","width":300,"height":131,"caption":"Instituto Global Attitude"},"image":{"@id":"https:\/\/globalattitude.org.br\/en\/#\/schema\/logo\/image\/"},"sameAs":["https:\/\/www.facebook.com\/global.attitude.org\/","https:\/\/x.com\/global_attitude","https:\/\/www.instagram.com\/globalattitude","https:\/\/www.linkedin.com\/company\/global-attitude\/?viewAsMember=true"]},{"@type":"Person","@id":"https:\/\/globalattitude.org.br\/en\/#\/schema\/person\/6d308f9d9d1eebad0278ad9386f13169","name":"123esite","image":{"@type":"ImageObject","inLanguage":"en-US","@id":"https:\/\/secure.gravatar.com\/avatar\/07bd71fac19f42004f2b73567f012e126689afdb23cb0017536dea9113ba1806?s=96&d=mm&r=g","url":"https:\/\/secure.gravatar.com\/avatar\/07bd71fac19f42004f2b73567f012e126689afdb23cb0017536dea9113ba1806?s=96&d=mm&r=g","contentUrl":"https:\/\/secure.gravatar.com\/avatar\/07bd71fac19f42004f2b73567f012e126689afdb23cb0017536dea9113ba1806?s=96&d=mm&r=g","caption":"123esite"},"sameAs":["http:\/\/globalattitude.org.br"],"url":"https:\/\/globalattitude.org.br\/en\/author\/123esite\/"}]}},"_links":{"self":[{"href":"https:\/\/globalattitude.org.br\/en\/wp-json\/wp\/v2\/posts\/2255","targetHints":{"allow":["GET"]}}],"collection":[{"href":"https:\/\/globalattitude.org.br\/en\/wp-json\/wp\/v2\/posts"}],"about":[{"href":"https:\/\/globalattitude.org.br\/en\/wp-json\/wp\/v2\/types\/post"}],"author":[{"embeddable":true,"href":"https:\/\/globalattitude.org.br\/en\/wp-json\/wp\/v2\/users\/1"}],"replies":[{"embeddable":true,"href":"https:\/\/globalattitude.org.br\/en\/wp-json\/wp\/v2\/comments?post=2255"}],"version-history":[{"count":1,"href":"https:\/\/globalattitude.org.br\/en\/wp-json\/wp\/v2\/posts\/2255\/revisions"}],"predecessor-version":[{"id":2261,"href":"https:\/\/globalattitude.org.br\/en\/wp-json\/wp\/v2\/posts\/2255\/revisions\/2261"}],"wp:featuredmedia":[{"embeddable":true,"href":"https:\/\/globalattitude.org.br\/en\/wp-json\/wp\/v2\/media\/2256"}],"wp:attachment":[{"href":"https:\/\/globalattitude.org.br\/en\/wp-json\/wp\/v2\/media?parent=2255"}],"wp:term":[{"taxonomy":"category","embeddable":true,"href":"https:\/\/globalattitude.org.br\/en\/wp-json\/wp\/v2\/categories?post=2255"},{"taxonomy":"post_tag","embeddable":true,"href":"https:\/\/globalattitude.org.br\/en\/wp-json\/wp\/v2\/tags?post=2255"}],"curies":[{"name":"wp","href":"https:\/\/api.w.org\/{rel}","templated":true}]}}