{"id":2280,"date":"2018-06-20T22:09:36","date_gmt":"2018-06-21T01:09:36","guid":{"rendered":"https:\/\/globalattitude.org.br\/apos-intervencao-militar-no-rio-grupos-brasileiros-estreitam-relacoes-com-dissidencias-das-farc\/"},"modified":"2023-03-10T10:34:57","modified_gmt":"2023-03-10T13:34:57","slug":"apos-intervencao-militar-no-rio-grupos-brasileiros-estreitam-relacoes-com-dissidencias-das-farc","status":"publish","type":"post","link":"https:\/\/globalattitude.org.br\/en\/apos-intervencao-militar-no-rio-grupos-brasileiros-estreitam-relacoes-com-dissidencias-das-farc\/","title":{"rendered":"Ap\u00f3s interven\u00e7\u00e3o militar no Rio, grupos brasileiros estreitam rela\u00e7\u00f5es com dissid\u00eancias das Farc"},"content":{"rendered":"<p><em><strong>Colaborou Hillary Cuervo, Assistente de Projetos do Instituto Global Attitude.<\/strong><\/em><\/p>\n<p>Ao entrar em vigor o <a href=\"https:\/\/internacional.estadao.com.br\/noticias\/geral,santos-e-farc-declaram-fim-do-conflito-armado-em-cerimonia-na-colombia,70001866715\">acordo de paz<\/a> entre o governo colombiano e as For\u00e7as Armadas Revolucion\u00e1rias da Col\u00f4mbia (Farc), em dezembro de 2016, acreditava-se que chegaria ao fim meio s\u00e9culo de conflitos no territ\u00f3rio do pa\u00eds, o qual resultou na morte de mais de 200 milh\u00f5es de pessoas e no deslocamento de mais de seis milh\u00f5es.<\/p>\n<p>No acordo, o grupo guerrilheiro se comprometia a p\u00f4r fim ao cultivo de drogas il\u00edcitas e a entregar suas armas, ao passo que o governo promoveria programas sociais para integrar mais de seis mil rebeldes \u00e0 sociedade civil. Com estes termos, as negocia\u00e7\u00f5es foram encerradas ap\u00f3s quatro anos de discuss\u00f5es, ainda que houvesse grande desacordo tanto da oposi\u00e7\u00e3o do governo &#8211; a qual argumentava que o pa\u00eds gastaria grandes quantias em um momento de desaquecimento da economia &#8211; quanto nas pr\u00f3prias Farc e grupos dissidentes.<\/p>\n<p>O feito garantiu ao presidente da Col\u00f4mbia, Juan Manuel Santos, o Pr\u00eamio Nobel da Paz em 2016, mas durante estes dois\u00a0\u00faltimos anos de p\u00f3s-acordo o pa\u00eds ainda enfrenta atividades guerrilheiras e narcotr\u00e1fico por parte de grupos dissidentes das Farc. Os resultados das negocia\u00e7\u00f5es, por\u00e9m, s\u00e3o considerados bem sucedidos, como afirma o advogado e professor da Universidad del Norte (Barranquilha, Col\u00f4mbia) Dr. Luis Fernando Trejos.<\/p>\n<div id=\"attachment_4166\" style=\"width: 610px\" class=\"wp-caption aligncenter\"><a href=\"http:\/\/globalattitude.org.br\/wp-content\/uploads\/2023\/03\/Juan-Manuel-Santos-scaled.jpg\"><img fetchpriority=\"high\" decoding=\"async\" aria-describedby=\"caption-attachment-4166\" class=\"wp-image-4166\" src=\"http:\/\/globalattitude.org.br\/wp-content\/uploads\/2023\/03\/Juan-Manuel-Santos-scaled.jpg\" alt=\"\" width=\"600\" height=\"315\" \/><\/a><p id=\"caption-attachment-4166\" class=\"wp-caption-text\">Presidente colombiano assina acordo de paz. Foto: Divulga\u00e7\u00e3o<\/p><\/div>\n<p>&#8220;O acordo de paz teve \u00eaxito na medida em que desarmou e desmobilizou as Farc como organiza\u00e7\u00e3o armada, sendo hoje um partido pol\u00edtico que j\u00e1 participou de elei\u00e7\u00f5es e possui 10 cadeiras no Congresso. O que falhou neste processo, diferentemente dos anteriores, foi a demora em implementar as a\u00e7\u00f5es de combate \u00e0s causas que deram origem\u00a0\u00e0 viol\u00eancia direta. Esta \u00e9 a real falha&#8221;, afirma.<\/p>\n<p>Ainda segundo Trejos, alguns grupos das Farc n\u00e3o fizeram parte das negocia\u00e7\u00f5es &#8211; as chamadas &#8220;dissid\u00eancias&#8221; -, localizadas principalmente nas regi\u00f5es perif\u00e9ricas (como no sudeste e nordeste da Col\u00f4mbia), onde h\u00e1 pouca presen\u00e7a estatal, contribuindo para a continuidade das atividades armadas.<\/p>\n<p>&#8220;H\u00e1 uma reincid\u00eancia massiva de ex-combatentes que j\u00e1 haviam se desarmado. S\u00e3o indiv\u00edduos que transitam novamente \u00e0 ilegalidade.\u00a0Em paralelo a isso, t\u00eam aparecido grupos emergentes, ou seja, novos grupos armados nos territ\u00f3rios anteriormente controlados pelas Farc. Acredita-se que isso se d\u00e1, em parte, pelo n\u00e3o cumprimento do Estado na implementa\u00e7\u00e3o do que foi acordado, especialmente no quesito sobre a reintegra\u00e7\u00e3o. Est\u00e1 demorando muito a aprova\u00e7\u00e3o dos projetos produtivos e h\u00e1 muita incerteza sobre o futuro das antigas zonas transit\u00f3rias de capacita\u00e7\u00e3o e reintegra\u00e7\u00e3o, porque muitas se localizam em pr\u00e9dios privados e a maioria dos contratos de arrendamento acabam no primeiro semestre deste ano, enquanto os ex-combatentes ainda n\u00e3o tiveram a possibilidade de adquirir terras produtivas para implementar os projetos individuais e coletivos que querem desenvolver&#8221;.<\/p>\n<p>Grande parte do sucesso do acordo de paz dependia da resolu\u00e7\u00e3o da situa\u00e7\u00e3o laboral e produtiva dos ex-guerrilheiros. Ap\u00f3s meses sem a implementa\u00e7\u00e3o dos projetos governamentais, estas pessoas se desencantaram com as promessas e abandonaram os espa\u00e7os de integra\u00e7\u00e3o, vendo no retorno \u00e0 ilegalidade um caminho mais pr\u00e1tico.<\/p>\n<div id=\"attachment_4173\" style=\"width: 610px\" class=\"wp-caption aligncenter\"><a href=\"http:\/\/globalattitude.org.br\/wp-content\/uploads\/2023\/03\/farc-zona-veredal-efe_0.jpg\"><img decoding=\"async\" aria-describedby=\"caption-attachment-4173\" class=\"wp-image-4173\" src=\"http:\/\/globalattitude.org.br\/wp-content\/uploads\/2023\/03\/farc-zona-veredal-efe_0-300x168.jpg\" alt=\"\" width=\"600\" height=\"336\" \/><\/a><p id=\"caption-attachment-4173\" class=\"wp-caption-text\">N\u00e3o cumprimento de a\u00e7\u00f5es do governo e falta de perspectivas levaram membros das Farc a voltarem \u00e0 ilegalidade. Foto: Divulga\u00e7\u00e3o.<\/p><\/div>\n<p>As dissid\u00eancias das Farc j\u00e1 contam com cerca de 1.200 integrantes, atuando no narcotr\u00e1fico e na minera\u00e7\u00e3o ilegal. Recentemente, o ministro de Defesa da Col\u00f4mbia, Luis Carlos Villegas, denunciou que estes grupos teriam v\u00ednculos estreitos com fac\u00e7\u00f5es criminosas brasileiras, a exemplo do Comando Vermelho, que atua principalmente no Rio de Janeiro.<\/p>\n<p>O ministro afirma que estes guerrilheiros buscam expandir\u00a0o esquema de rotas internacionais para o com\u00e9rcio de drogas, sendo o Brasil uma pe\u00e7a a ser inclusa. Em comunicado oficial, ele comentou que &#8220;felizmente, com o Brasil, temos uma coopera\u00e7\u00e3o\u00a0muito boa que impediu que isso acontecesse&#8221;.<\/p>\n<p>A rela\u00e7\u00e3o das Farc com grupos brasileiros, por\u00e9m, n\u00e3o \u00e9 recente. A pris\u00e3o de <a href=\"https:\/\/www.gazetadopovo.com.br\/vida-e-cidadania\/quem-e-fernandinho-beira-mar-aqjc9t231qm6yo66c4q0frxvy\">Fernandinho Beira-Mar<\/a> em 2001, durante uma opera\u00e7\u00e3o colombiana contra as Farc, comprovaram que, durante muitos anos, o grupo vendia ao traficante cloridrato de coca\u00edna.<\/p>\n<p>A not\u00edcia de que guerrilheiros estariam trabalhando junto a grupos brasileiros se d\u00e1 pelo fato de que h\u00e1 um recrutamento de membros das Farc ap\u00f3s o recente desenrolar da seguran\u00e7a no Rio de Janeiro. &#8220;Estas organiza\u00e7\u00f5es estariam interessadas em contratar os servi\u00e7os de ex-comandantes e ex-guerrilheiros das Farc, por terem forma\u00e7\u00e3o e capacidade militar, o que poderia se tornar proveitoso na defesa das favelas&#8221;, afirma Trejos.<\/p>\n<p>Outra atividade realizada em conjunto com\u00a0grupos do Brasil seria a minera\u00e7\u00e3o ilegal. Sabe-se que os garimpeiros pagavam uma esp\u00e9cie de imposto \u00e0s Farc para explorar os minerais em terras colombianas. Esta a\u00e7\u00e3o segue em vigor com as dissid\u00eancias, com a possibilidade de que indiv\u00edduos que j\u00e1 haviam se desarmado tenham sido contratados para prestar servi\u00e7os de seguran\u00e7a \u00e0s minas ilegais. Segundo Trejos, este fen\u00f4meno \u00e9 muito comum e focado no territ\u00f3rio colombiano, &#8220;ao passo que o narcotr\u00e1fico tem maiores implica\u00e7\u00f5es de seguran\u00e7a para ambos os pa\u00edses&#8221;.<\/p>\n<p>Ainda que se tenha consci\u00eancia destas atividades, n\u00e3o houve manifesta\u00e7\u00e3o p\u00fablica por parte do governo colombiano para combater esta rela\u00e7\u00e3o, por n\u00e3o ser um assunto priorit\u00e1rio no momento. &#8220;O foco est\u00e1 centrado na fronteira com o Equador, por conta de um dissidente das Farc que sequestrou e assassinou tr\u00eas funcion\u00e1rios de um jornal equatoriano e sequestrou outros dois cidad\u00e3o na Venezuela. Naquela \u00e1rea h\u00e1 uma situa\u00e7\u00e3o complicada de ordem p\u00fablica por conta do enfrentamento entre dois grupos guerrilheiros que ocupam este territ\u00f3rio. O Brasil, agora, n\u00e3o \u00e9 uma preocupa\u00e7\u00e3o para eles&#8221;, explica o professor.<\/p>\n","protected":false},"excerpt":{"rendered":"<p>Colaborou Hillary Cuervo, Assistente de Projetos do Instituto Global Attitude. Ao entrar em vigor o acordo de paz entre o governo colombiano e as For\u00e7as Armadas Revolucion\u00e1rias da Col\u00f4mbia (Farc), em dezembro de 2016, acreditava-se que chegaria ao fim meio s\u00e9culo de conflitos no territ\u00f3rio do pa\u00eds, o qual resultou na morte de mais de [&hellip;]<\/p>\n","protected":false},"author":1,"featured_media":2281,"comment_status":"open","ping_status":"open","sticky":false,"template":"","format":"standard","meta":{"_acf_changed":false,"om_disable_all_campaigns":false,"_monsterinsights_skip_tracking":false,"_monsterinsights_sitenote_active":false,"_monsterinsights_sitenote_note":"","_monsterinsights_sitenote_category":0,"_uf_show_specific_survey":0,"_uf_disable_surveys":false,"footnotes":""},"categories":[35,34],"tags":[],"class_list":["post-2280","post","type-post","status-publish","format-standard","hentry","category-opiniao","category-ultimas"],"acf":[],"aioseo_notices":[],"yoast_head":"<!-- This site is optimized with the Yoast SEO plugin v27.5 - https:\/\/yoast.com\/product\/yoast-seo-wordpress\/ -->\n<title>Ap\u00f3s interven\u00e7\u00e3o militar no Rio, grupos brasileiros estreitam rela\u00e7\u00f5es com dissid\u00eancias das Farc - Instituto Global Attitude<\/title>\n<meta name=\"robots\" content=\"index, follow, max-snippet:-1, max-image-preview:large, max-video-preview:-1\" \/>\n<link rel=\"canonical\" href=\"https:\/\/globalattitude.org.br\/en\/apos-intervencao-militar-no-rio-grupos-brasileiros-estreitam-relacoes-com-dissidencias-das-farc\/\" \/>\n<meta property=\"og:locale\" content=\"en_US\" \/>\n<meta property=\"og:type\" content=\"article\" \/>\n<meta property=\"og:title\" content=\"Ap\u00f3s interven\u00e7\u00e3o militar no Rio, grupos brasileiros estreitam rela\u00e7\u00f5es com dissid\u00eancias das Farc - Instituto Global Attitude\" \/>\n<meta property=\"og:description\" content=\"Colaborou Hillary Cuervo, Assistente de Projetos do Instituto Global Attitude. Ao entrar em vigor o acordo de paz entre o governo colombiano e as For\u00e7as Armadas Revolucion\u00e1rias da Col\u00f4mbia (Farc), em dezembro de 2016, acreditava-se que chegaria ao fim meio s\u00e9culo de conflitos no territ\u00f3rio do pa\u00eds, o qual resultou na morte de mais de [&hellip;]\" \/>\n<meta property=\"og:url\" content=\"https:\/\/globalattitude.org.br\/en\/apos-intervencao-militar-no-rio-grupos-brasileiros-estreitam-relacoes-com-dissidencias-das-farc\/\" \/>\n<meta property=\"og:site_name\" content=\"Instituto Global Attitude\" \/>\n<meta property=\"article:publisher\" content=\"https:\/\/www.facebook.com\/global.attitude.org\/\" \/>\n<meta property=\"article:published_time\" content=\"2018-06-21T01:09:36+00:00\" \/>\n<meta property=\"article:modified_time\" content=\"2023-03-10T13:34:57+00:00\" \/>\n<meta property=\"og:image\" content=\"https:\/\/globalattitude.org.br\/wp-content\/uploads\/2023\/03\/Juan-Manuel-Santos-1200x631.jpg\" \/>\n\t<meta property=\"og:image:width\" content=\"2560\" \/>\n\t<meta property=\"og:image:height\" content=\"1345\" \/>\n\t<meta property=\"og:image:type\" content=\"image\/jpeg\" \/>\n<meta name=\"author\" content=\"123esite\" \/>\n<meta name=\"twitter:card\" content=\"summary_large_image\" \/>\n<meta name=\"twitter:creator\" content=\"@global_attitude\" \/>\n<meta name=\"twitter:site\" content=\"@global_attitude\" \/>\n<meta name=\"twitter:label1\" content=\"Written by\" \/>\n\t<meta name=\"twitter:data1\" content=\"123esite\" \/>\n\t<meta name=\"twitter:label2\" content=\"Est. reading time\" \/>\n\t<meta name=\"twitter:data2\" content=\"5 minutes\" \/>\n<script type=\"application\/ld+json\" class=\"yoast-schema-graph\">{\"@context\":\"https:\\\/\\\/schema.org\",\"@graph\":[{\"@type\":[\"Article\",\"BlogPosting\"],\"@id\":\"https:\\\/\\\/globalattitude.org.br\\\/en\\\/apos-intervencao-militar-no-rio-grupos-brasileiros-estreitam-relacoes-com-dissidencias-das-farc\\\/#article\",\"isPartOf\":{\"@id\":\"https:\\\/\\\/globalattitude.org.br\\\/en\\\/apos-intervencao-militar-no-rio-grupos-brasileiros-estreitam-relacoes-com-dissidencias-das-farc\\\/\"},\"author\":{\"name\":\"123esite\",\"@id\":\"http:\\\/\\\/globalattitude.org.br\\\/#\\\/schema\\\/person\\\/6d308f9d9d1eebad0278ad9386f13169\"},\"headline\":\"Ap\u00f3s interven\u00e7\u00e3o militar no Rio, grupos brasileiros estreitam rela\u00e7\u00f5es com dissid\u00eancias das Farc\",\"datePublished\":\"2018-06-21T01:09:36+00:00\",\"dateModified\":\"2023-03-10T13:34:57+00:00\",\"mainEntityOfPage\":{\"@id\":\"https:\\\/\\\/globalattitude.org.br\\\/en\\\/apos-intervencao-militar-no-rio-grupos-brasileiros-estreitam-relacoes-com-dissidencias-das-farc\\\/\"},\"wordCount\":1034,\"commentCount\":0,\"publisher\":{\"@id\":\"http:\\\/\\\/globalattitude.org.br\\\/#organization\"},\"image\":{\"@id\":\"https:\\\/\\\/globalattitude.org.br\\\/en\\\/apos-intervencao-militar-no-rio-grupos-brasileiros-estreitam-relacoes-com-dissidencias-das-farc\\\/#primaryimage\"},\"thumbnailUrl\":\"https:\\\/\\\/globalattitude.org.br\\\/wp-content\\\/uploads\\\/2023\\\/03\\\/Juan-Manuel-Santos-1200x631.jpg\",\"articleSection\":[\"Opini\u00e3o\",\"\u00daltimas\"],\"inLanguage\":\"en-US\",\"potentialAction\":[{\"@type\":\"CommentAction\",\"name\":\"Comment\",\"target\":[\"https:\\\/\\\/globalattitude.org.br\\\/en\\\/apos-intervencao-militar-no-rio-grupos-brasileiros-estreitam-relacoes-com-dissidencias-das-farc\\\/#respond\"]}]},{\"@type\":\"WebPage\",\"@id\":\"https:\\\/\\\/globalattitude.org.br\\\/en\\\/apos-intervencao-militar-no-rio-grupos-brasileiros-estreitam-relacoes-com-dissidencias-das-farc\\\/\",\"url\":\"https:\\\/\\\/globalattitude.org.br\\\/en\\\/apos-intervencao-militar-no-rio-grupos-brasileiros-estreitam-relacoes-com-dissidencias-das-farc\\\/\",\"name\":\"Ap\u00f3s interven\u00e7\u00e3o militar no Rio, grupos brasileiros estreitam rela\u00e7\u00f5es com dissid\u00eancias das Farc - Instituto Global Attitude\",\"isPartOf\":{\"@id\":\"http:\\\/\\\/globalattitude.org.br\\\/#website\"},\"primaryImageOfPage\":{\"@id\":\"https:\\\/\\\/globalattitude.org.br\\\/en\\\/apos-intervencao-militar-no-rio-grupos-brasileiros-estreitam-relacoes-com-dissidencias-das-farc\\\/#primaryimage\"},\"image\":{\"@id\":\"https:\\\/\\\/globalattitude.org.br\\\/en\\\/apos-intervencao-militar-no-rio-grupos-brasileiros-estreitam-relacoes-com-dissidencias-das-farc\\\/#primaryimage\"},\"thumbnailUrl\":\"https:\\\/\\\/globalattitude.org.br\\\/wp-content\\\/uploads\\\/2023\\\/03\\\/Juan-Manuel-Santos-1200x631.jpg\",\"datePublished\":\"2018-06-21T01:09:36+00:00\",\"dateModified\":\"2023-03-10T13:34:57+00:00\",\"breadcrumb\":{\"@id\":\"https:\\\/\\\/globalattitude.org.br\\\/en\\\/apos-intervencao-militar-no-rio-grupos-brasileiros-estreitam-relacoes-com-dissidencias-das-farc\\\/#breadcrumb\"},\"inLanguage\":\"en-US\",\"potentialAction\":[{\"@type\":\"ReadAction\",\"target\":[\"https:\\\/\\\/globalattitude.org.br\\\/en\\\/apos-intervencao-militar-no-rio-grupos-brasileiros-estreitam-relacoes-com-dissidencias-das-farc\\\/\"]}]},{\"@type\":\"ImageObject\",\"inLanguage\":\"en-US\",\"@id\":\"https:\\\/\\\/globalattitude.org.br\\\/en\\\/apos-intervencao-militar-no-rio-grupos-brasileiros-estreitam-relacoes-com-dissidencias-das-farc\\\/#primaryimage\",\"url\":\"https:\\\/\\\/globalattitude.org.br\\\/wp-content\\\/uploads\\\/2023\\\/03\\\/Juan-Manuel-Santos-1200x631.jpg\",\"contentUrl\":\"https:\\\/\\\/globalattitude.org.br\\\/wp-content\\\/uploads\\\/2023\\\/03\\\/Juan-Manuel-Santos-1200x631.jpg\",\"width\":2560,\"height\":1345},{\"@type\":\"BreadcrumbList\",\"@id\":\"https:\\\/\\\/globalattitude.org.br\\\/en\\\/apos-intervencao-militar-no-rio-grupos-brasileiros-estreitam-relacoes-com-dissidencias-das-farc\\\/#breadcrumb\",\"itemListElement\":[{\"@type\":\"ListItem\",\"position\":1,\"name\":\"In\u00edcio\",\"item\":\"https:\\\/\\\/globalattitude.org.br\\\/en\\\/\"},{\"@type\":\"ListItem\",\"position\":2,\"name\":\"Ap\u00f3s interven\u00e7\u00e3o militar no Rio, grupos brasileiros estreitam rela\u00e7\u00f5es com dissid\u00eancias das Farc\"}]},{\"@type\":\"WebSite\",\"@id\":\"http:\\\/\\\/globalattitude.org.br\\\/#website\",\"url\":\"http:\\\/\\\/globalattitude.org.br\\\/\",\"name\":\"Instituto Global Attitude\",\"description\":\"\",\"publisher\":{\"@id\":\"http:\\\/\\\/globalattitude.org.br\\\/#organization\"},\"potentialAction\":[{\"@type\":\"SearchAction\",\"target\":{\"@type\":\"EntryPoint\",\"urlTemplate\":\"http:\\\/\\\/globalattitude.org.br\\\/?s={search_term_string}\"},\"query-input\":{\"@type\":\"PropertyValueSpecification\",\"valueRequired\":true,\"valueName\":\"search_term_string\"}}],\"inLanguage\":\"en-US\"},{\"@type\":\"Organization\",\"@id\":\"http:\\\/\\\/globalattitude.org.br\\\/#organization\",\"name\":\"Instituto Global Attitude\",\"url\":\"http:\\\/\\\/globalattitude.org.br\\\/\",\"logo\":{\"@type\":\"ImageObject\",\"inLanguage\":\"en-US\",\"@id\":\"http:\\\/\\\/globalattitude.org.br\\\/#\\\/schema\\\/logo\\\/image\\\/\",\"url\":\"https:\\\/\\\/globalattitude.org.br\\\/wp-content\\\/uploads\\\/2023\\\/01\\\/instituto-global-attitude-color.png\",\"contentUrl\":\"https:\\\/\\\/globalattitude.org.br\\\/wp-content\\\/uploads\\\/2023\\\/01\\\/instituto-global-attitude-color.png\",\"width\":300,\"height\":131,\"caption\":\"Instituto Global Attitude\"},\"image\":{\"@id\":\"http:\\\/\\\/globalattitude.org.br\\\/#\\\/schema\\\/logo\\\/image\\\/\"},\"sameAs\":[\"https:\\\/\\\/www.facebook.com\\\/global.attitude.org\\\/\",\"https:\\\/\\\/x.com\\\/global_attitude\",\"https:\\\/\\\/www.instagram.com\\\/globalattitude\",\"https:\\\/\\\/www.linkedin.com\\\/company\\\/global-attitude\\\/?viewAsMember=true\"]},{\"@type\":\"Person\",\"@id\":\"http:\\\/\\\/globalattitude.org.br\\\/#\\\/schema\\\/person\\\/6d308f9d9d1eebad0278ad9386f13169\",\"name\":\"123esite\",\"image\":{\"@type\":\"ImageObject\",\"inLanguage\":\"en-US\",\"@id\":\"https:\\\/\\\/secure.gravatar.com\\\/avatar\\\/07bd71fac19f42004f2b73567f012e126689afdb23cb0017536dea9113ba1806?s=96&d=mm&r=g\",\"url\":\"https:\\\/\\\/secure.gravatar.com\\\/avatar\\\/07bd71fac19f42004f2b73567f012e126689afdb23cb0017536dea9113ba1806?s=96&d=mm&r=g\",\"contentUrl\":\"https:\\\/\\\/secure.gravatar.com\\\/avatar\\\/07bd71fac19f42004f2b73567f012e126689afdb23cb0017536dea9113ba1806?s=96&d=mm&r=g\",\"caption\":\"123esite\"},\"sameAs\":[\"http:\\\/\\\/globalattitude.org.br\"],\"url\":\"https:\\\/\\\/globalattitude.org.br\\\/en\\\/author\\\/123esite\\\/\"}]}<\/script>\n<!-- \/ Yoast SEO plugin. -->","yoast_head_json":{"title":"Ap\u00f3s interven\u00e7\u00e3o militar no Rio, grupos brasileiros estreitam rela\u00e7\u00f5es com dissid\u00eancias das Farc - Instituto Global Attitude","robots":{"index":"index","follow":"follow","max-snippet":"max-snippet:-1","max-image-preview":"max-image-preview:large","max-video-preview":"max-video-preview:-1"},"canonical":"https:\/\/globalattitude.org.br\/en\/apos-intervencao-militar-no-rio-grupos-brasileiros-estreitam-relacoes-com-dissidencias-das-farc\/","og_locale":"en_US","og_type":"article","og_title":"Ap\u00f3s interven\u00e7\u00e3o militar no Rio, grupos brasileiros estreitam rela\u00e7\u00f5es com dissid\u00eancias das Farc - Instituto Global Attitude","og_description":"Colaborou Hillary Cuervo, Assistente de Projetos do Instituto Global Attitude. Ao entrar em vigor o acordo de paz entre o governo colombiano e as For\u00e7as Armadas Revolucion\u00e1rias da Col\u00f4mbia (Farc), em dezembro de 2016, acreditava-se que chegaria ao fim meio s\u00e9culo de conflitos no territ\u00f3rio do pa\u00eds, o qual resultou na morte de mais de [&hellip;]","og_url":"https:\/\/globalattitude.org.br\/en\/apos-intervencao-militar-no-rio-grupos-brasileiros-estreitam-relacoes-com-dissidencias-das-farc\/","og_site_name":"Instituto Global Attitude","article_publisher":"https:\/\/www.facebook.com\/global.attitude.org\/","article_published_time":"2018-06-21T01:09:36+00:00","article_modified_time":"2023-03-10T13:34:57+00:00","og_image":[{"width":2560,"height":1345,"url":"https:\/\/globalattitude.org.br\/wp-content\/uploads\/2023\/03\/Juan-Manuel-Santos-1200x631.jpg","type":"image\/jpeg"}],"author":"123esite","twitter_card":"summary_large_image","twitter_creator":"@global_attitude","twitter_site":"@global_attitude","twitter_misc":{"Written by":"123esite","Est. reading time":"5 minutes"},"schema":{"@context":"https:\/\/schema.org","@graph":[{"@type":["Article","BlogPosting"],"@id":"https:\/\/globalattitude.org.br\/en\/apos-intervencao-militar-no-rio-grupos-brasileiros-estreitam-relacoes-com-dissidencias-das-farc\/#article","isPartOf":{"@id":"https:\/\/globalattitude.org.br\/en\/apos-intervencao-militar-no-rio-grupos-brasileiros-estreitam-relacoes-com-dissidencias-das-farc\/"},"author":{"name":"123esite","@id":"http:\/\/globalattitude.org.br\/#\/schema\/person\/6d308f9d9d1eebad0278ad9386f13169"},"headline":"Ap\u00f3s interven\u00e7\u00e3o militar no Rio, grupos brasileiros estreitam rela\u00e7\u00f5es com dissid\u00eancias das Farc","datePublished":"2018-06-21T01:09:36+00:00","dateModified":"2023-03-10T13:34:57+00:00","mainEntityOfPage":{"@id":"https:\/\/globalattitude.org.br\/en\/apos-intervencao-militar-no-rio-grupos-brasileiros-estreitam-relacoes-com-dissidencias-das-farc\/"},"wordCount":1034,"commentCount":0,"publisher":{"@id":"http:\/\/globalattitude.org.br\/#organization"},"image":{"@id":"https:\/\/globalattitude.org.br\/en\/apos-intervencao-militar-no-rio-grupos-brasileiros-estreitam-relacoes-com-dissidencias-das-farc\/#primaryimage"},"thumbnailUrl":"https:\/\/globalattitude.org.br\/wp-content\/uploads\/2023\/03\/Juan-Manuel-Santos-1200x631.jpg","articleSection":["Opini\u00e3o","\u00daltimas"],"inLanguage":"en-US","potentialAction":[{"@type":"CommentAction","name":"Comment","target":["https:\/\/globalattitude.org.br\/en\/apos-intervencao-militar-no-rio-grupos-brasileiros-estreitam-relacoes-com-dissidencias-das-farc\/#respond"]}]},{"@type":"WebPage","@id":"https:\/\/globalattitude.org.br\/en\/apos-intervencao-militar-no-rio-grupos-brasileiros-estreitam-relacoes-com-dissidencias-das-farc\/","url":"https:\/\/globalattitude.org.br\/en\/apos-intervencao-militar-no-rio-grupos-brasileiros-estreitam-relacoes-com-dissidencias-das-farc\/","name":"Ap\u00f3s interven\u00e7\u00e3o militar no Rio, grupos brasileiros estreitam rela\u00e7\u00f5es com dissid\u00eancias das Farc - Instituto Global Attitude","isPartOf":{"@id":"http:\/\/globalattitude.org.br\/#website"},"primaryImageOfPage":{"@id":"https:\/\/globalattitude.org.br\/en\/apos-intervencao-militar-no-rio-grupos-brasileiros-estreitam-relacoes-com-dissidencias-das-farc\/#primaryimage"},"image":{"@id":"https:\/\/globalattitude.org.br\/en\/apos-intervencao-militar-no-rio-grupos-brasileiros-estreitam-relacoes-com-dissidencias-das-farc\/#primaryimage"},"thumbnailUrl":"https:\/\/globalattitude.org.br\/wp-content\/uploads\/2023\/03\/Juan-Manuel-Santos-1200x631.jpg","datePublished":"2018-06-21T01:09:36+00:00","dateModified":"2023-03-10T13:34:57+00:00","breadcrumb":{"@id":"https:\/\/globalattitude.org.br\/en\/apos-intervencao-militar-no-rio-grupos-brasileiros-estreitam-relacoes-com-dissidencias-das-farc\/#breadcrumb"},"inLanguage":"en-US","potentialAction":[{"@type":"ReadAction","target":["https:\/\/globalattitude.org.br\/en\/apos-intervencao-militar-no-rio-grupos-brasileiros-estreitam-relacoes-com-dissidencias-das-farc\/"]}]},{"@type":"ImageObject","inLanguage":"en-US","@id":"https:\/\/globalattitude.org.br\/en\/apos-intervencao-militar-no-rio-grupos-brasileiros-estreitam-relacoes-com-dissidencias-das-farc\/#primaryimage","url":"https:\/\/globalattitude.org.br\/wp-content\/uploads\/2023\/03\/Juan-Manuel-Santos-1200x631.jpg","contentUrl":"https:\/\/globalattitude.org.br\/wp-content\/uploads\/2023\/03\/Juan-Manuel-Santos-1200x631.jpg","width":2560,"height":1345},{"@type":"BreadcrumbList","@id":"https:\/\/globalattitude.org.br\/en\/apos-intervencao-militar-no-rio-grupos-brasileiros-estreitam-relacoes-com-dissidencias-das-farc\/#breadcrumb","itemListElement":[{"@type":"ListItem","position":1,"name":"In\u00edcio","item":"https:\/\/globalattitude.org.br\/en\/"},{"@type":"ListItem","position":2,"name":"Ap\u00f3s interven\u00e7\u00e3o militar no Rio, grupos brasileiros estreitam rela\u00e7\u00f5es com dissid\u00eancias das Farc"}]},{"@type":"WebSite","@id":"http:\/\/globalattitude.org.br\/#website","url":"http:\/\/globalattitude.org.br\/","name":"Instituto Global Attitude","description":"","publisher":{"@id":"http:\/\/globalattitude.org.br\/#organization"},"potentialAction":[{"@type":"SearchAction","target":{"@type":"EntryPoint","urlTemplate":"http:\/\/globalattitude.org.br\/?s={search_term_string}"},"query-input":{"@type":"PropertyValueSpecification","valueRequired":true,"valueName":"search_term_string"}}],"inLanguage":"en-US"},{"@type":"Organization","@id":"http:\/\/globalattitude.org.br\/#organization","name":"Instituto Global Attitude","url":"http:\/\/globalattitude.org.br\/","logo":{"@type":"ImageObject","inLanguage":"en-US","@id":"http:\/\/globalattitude.org.br\/#\/schema\/logo\/image\/","url":"https:\/\/globalattitude.org.br\/wp-content\/uploads\/2023\/01\/instituto-global-attitude-color.png","contentUrl":"https:\/\/globalattitude.org.br\/wp-content\/uploads\/2023\/01\/instituto-global-attitude-color.png","width":300,"height":131,"caption":"Instituto Global Attitude"},"image":{"@id":"http:\/\/globalattitude.org.br\/#\/schema\/logo\/image\/"},"sameAs":["https:\/\/www.facebook.com\/global.attitude.org\/","https:\/\/x.com\/global_attitude","https:\/\/www.instagram.com\/globalattitude","https:\/\/www.linkedin.com\/company\/global-attitude\/?viewAsMember=true"]},{"@type":"Person","@id":"http:\/\/globalattitude.org.br\/#\/schema\/person\/6d308f9d9d1eebad0278ad9386f13169","name":"123esite","image":{"@type":"ImageObject","inLanguage":"en-US","@id":"https:\/\/secure.gravatar.com\/avatar\/07bd71fac19f42004f2b73567f012e126689afdb23cb0017536dea9113ba1806?s=96&d=mm&r=g","url":"https:\/\/secure.gravatar.com\/avatar\/07bd71fac19f42004f2b73567f012e126689afdb23cb0017536dea9113ba1806?s=96&d=mm&r=g","contentUrl":"https:\/\/secure.gravatar.com\/avatar\/07bd71fac19f42004f2b73567f012e126689afdb23cb0017536dea9113ba1806?s=96&d=mm&r=g","caption":"123esite"},"sameAs":["http:\/\/globalattitude.org.br"],"url":"https:\/\/globalattitude.org.br\/en\/author\/123esite\/"}]}},"_links":{"self":[{"href":"https:\/\/globalattitude.org.br\/en\/wp-json\/wp\/v2\/posts\/2280","targetHints":{"allow":["GET"]}}],"collection":[{"href":"https:\/\/globalattitude.org.br\/en\/wp-json\/wp\/v2\/posts"}],"about":[{"href":"https:\/\/globalattitude.org.br\/en\/wp-json\/wp\/v2\/types\/post"}],"author":[{"embeddable":true,"href":"https:\/\/globalattitude.org.br\/en\/wp-json\/wp\/v2\/users\/1"}],"replies":[{"embeddable":true,"href":"https:\/\/globalattitude.org.br\/en\/wp-json\/wp\/v2\/comments?post=2280"}],"version-history":[{"count":1,"href":"https:\/\/globalattitude.org.br\/en\/wp-json\/wp\/v2\/posts\/2280\/revisions"}],"predecessor-version":[{"id":2283,"href":"https:\/\/globalattitude.org.br\/en\/wp-json\/wp\/v2\/posts\/2280\/revisions\/2283"}],"wp:featuredmedia":[{"embeddable":true,"href":"https:\/\/globalattitude.org.br\/en\/wp-json\/wp\/v2\/media\/2281"}],"wp:attachment":[{"href":"https:\/\/globalattitude.org.br\/en\/wp-json\/wp\/v2\/media?parent=2280"}],"wp:term":[{"taxonomy":"category","embeddable":true,"href":"https:\/\/globalattitude.org.br\/en\/wp-json\/wp\/v2\/categories?post=2280"},{"taxonomy":"post_tag","embeddable":true,"href":"https:\/\/globalattitude.org.br\/en\/wp-json\/wp\/v2\/tags?post=2280"}],"curies":[{"name":"wp","href":"https:\/\/api.w.org\/{rel}","templated":true}]}}