{"id":2289,"date":"2018-05-14T17:58:14","date_gmt":"2018-05-14T20:58:14","guid":{"rendered":"https:\/\/globalattitude.org.br\/inauguracao-de-embaixada-dos-eua-em-jerusalem-gera-conflitos-e-polemica-internacional\/"},"modified":"2023-03-10T10:35:13","modified_gmt":"2023-03-10T13:35:13","slug":"inauguracao-de-embaixada-dos-eua-em-jerusalem-gera-conflitos-e-polemica-internacional","status":"publish","type":"post","link":"https:\/\/globalattitude.org.br\/en\/inauguracao-de-embaixada-dos-eua-em-jerusalem-gera-conflitos-e-polemica-internacional\/","title":{"rendered":"Inaugura\u00e7\u00e3o de embaixada dos EUA em Jerusal\u00e9m gera conflitos e pol\u00eamica internacional"},"content":{"rendered":"<p class=\"p1\">Nesta segunda-feira (14), os Estados Unidos inauguraram a sua nova Embaixada na cidade de Jerusal\u00e9m, medida que gerou pol\u00eamica em toda a comunidade internacional e tomada em meio a protestos na fronteira com a Faixa de Gaza, que j\u00e1 duram semanas.<\/p>\n<p class=\"p1\">A inaugura\u00e7\u00e3o acontece no dia seguinte \u00e0 uma controversa data celebrada na regi\u00e3o: o anivers\u00e1rio da funda\u00e7\u00e3o de Israel e, ao mesmo tempo, o Nakba (Cat\u00e1strofe), quando milhares de palestinos foram desalojados ou fugiram de casa ap\u00f3s a cria\u00e7\u00e3o do Estado israelense, em 1948.<\/p>\n<p class=\"p1\">Em dezembro do ano passado, ao reconhecer a cidade de Jerusal\u00e9m como capital de Israel, o presidente Donald Trump enfatizou que esta declara\u00e7\u00e3o n\u00e3o equivale a uma posi\u00e7\u00e3o sobre a quest\u00e3o das fronteiras e a soberania de Israel sobre a cidade sagrada, dizendo que reafirma \u201co compromisso de longa data da minha administra\u00e7\u00e3o com um futuro de paz e seguran\u00e7a para a regi\u00e3o. Confiamos que, finalmente, enquanto trabalhamos com essas desaven\u00e7as, chegaremos a uma paz\u201d. Seus atos, por\u00e9m, s\u00e3o vistos pelos palestinos como um sinal de apoio \u00e0 vis\u00e3o israelense, que considera Jerusal\u00e9m como sua capital \u201ceterna e indivis\u00edvel\u201d.<\/p>\n<p class=\"p1\">Motivo de conflitos seculares, a cidade \u00e9 vista por ambos israelenses e palestinos como sagrada, com importantes localidades para judeus, crist\u00e3os e mu\u00e7ulmanos, as tr\u00eas principais religi\u00f5es monote\u00edstas do mundo.<\/p>\n<p class=\"p1\">Em 1948 Jerusal\u00e9m foi dividida entre Ocidental (Israel) e Oriental (Jord\u00e2nia), j\u00e1 em 1980 Israel anexou a parte Oriental ao seu territ\u00f3rio, medida vista como ilegal pela ONU e Uni\u00e3o Europeia. De 1993 em diante, ap\u00f3s tratado firmado entre ambas as partes em conflito, foi acordado que o status final da cidade deve ser discutido nos \u00faltimos est\u00e1gios das negocia\u00e7\u00f5es de paz, mediada pelos EUA.<\/p>\n<p class=\"p1\">O reconhecimento de Jerusal\u00e9m como capital de Israel por parte de Trump, por\u00e9m, preocupa a comunidade internacional, pois compromete a neutralidade do pa\u00eds na media\u00e7\u00e3o do conflito.<\/p>\n<div id=\"attachment_4082\" style=\"width: 610px\" class=\"wp-caption aligncenter\"><a href=\"http:\/\/globalattitude.org.br\/wp-content\/uploads\/2023\/03\/2018-03-05t182950z_179653924_rc1d4f16ad00_rtrmadp_3_usa-israel-scaled.jpg\"><img fetchpriority=\"high\" decoding=\"async\" aria-describedby=\"caption-attachment-4082\" class=\"wp-image-4082\" src=\"http:\/\/globalattitude.org.br\/wp-content\/uploads\/2023\/03\/2018-03-05t182950z_179653924_rc1d4f16ad00_rtrmadp_3_usa-israel-scaled.jpg\" alt=\"\" width=\"600\" height=\"381\" \/><\/a><p id=\"caption-attachment-4082\" class=\"wp-caption-text\">Presidente Donald Trump e o Primeiro-Ministro de Israel, Benjamin Netanyahu, em reuni\u00e3o na Casa Branca. Foto: REUTERS\/Kevin Lamarque<\/p><\/div>\n<p class=\"p1\">E o que se temia est\u00e1 se concretizando: a a\u00e7\u00e3o incentiva que outros pa\u00edses sigam a medida estadunidense, como j\u00e1 declararam outras 10 na\u00e7\u00f5es, como Guatemala, Rom\u00eania e Rep\u00fablica Tcheca. Atrelado a isso, o primeiro-ministro de Israel, Benjamin Netanyahu, pediu que \u201ctodos os pa\u00edses se unam aos EUA para transferir suas embaixadas para Jerusal\u00e9m\u201d.<\/p>\n<p class=\"p1\">Durante a inaugura\u00e7\u00e3o da Embaixada, a qual est\u00e1 funcionando provisoriamente dentro do pr\u00e9dio do consulado dos EUA, o embaixador estadunidense David Friedman declarou em discurso de cerim\u00f4nia que \u201choje, n\u00f3s cumprimos a promessa feita ao povo americano e damos a Israel o mesmo direito que damos a todos os outros pa\u00edses: o direito de escolher a sua capital\u201d. O presidente da Autoridade Palestina, Mahmoud Abbas, considerou a medida como o \u201ctapa do s\u00e9culo\u201d.<\/p>\n<p class=\"p1\">A poucas horas da inaugura\u00e7\u00e3o, as tens\u00f5es na fronteira com a Faixa de Gaza aumentaram, com autoridades palestinas anunciando a morte de 37 palestinos &#8211; um deles de apenas 14 anos &#8211; por soldados israelenses. Estes n\u00fameros se juntam aos outros 40 palestinos mortos nas \u00faltimas semanas durante os protestos.<\/p>\n<div id=\"attachment_4083\" style=\"width: 610px\" class=\"wp-caption aligncenter\"><a href=\"http:\/\/blog.globalattitude.org.br\/wordpress\/wp-content\/uploads\/2018\/05\/000_UX13E-e1512562599417-640x400.jpg\"><img decoding=\"async\" aria-describedby=\"caption-attachment-4083\" class=\"wp-image-4083\" src=\"http:\/\/globalattitude.org.br\/wp-content\/uploads\/2023\/03\/000_UX13E-e1512562599417-640x400-300x188-1.jpg\" alt=\"\" width=\"600\" height=\"375\" \/><\/a><p id=\"caption-attachment-4083\" class=\"wp-caption-text\">Embaixada dos EUA ficava em Tel Aviv. Foto: AFP\/Jack Guez<\/p><\/div>\n<p class=\"p1\">Israel declara que agiu legitimamente para proteger seus civis de militantes que tentam atravessar a fronteira, enquanto o alto comiss\u00e1rio das Na\u00e7\u00f5es Unidas para Direitos Humanos, Zeid Ra\u2019ad al-Hussein, acusa o uso de \u201cfor\u00e7a excessiva\u201d.<\/p>\n<p class=\"p1\">Ainda nesta segunda-feira, o Diretor de Advocacia para o Oriente M\u00e9dio e Norte da \u00c1frica da Anistia Internacional dos EUA, Raed Jarrar, <a href=\"https:\/\/www.amnestyusa.org\/press-releases\/us-embassy-move-to-jerusalem-rewards-israels-illegal-annexation-and-settlement-policy-says-amnesty-international\/\">emitiu comunicado<\/a> sobre a situa\u00e7\u00e3o, afirmando que \u201cos Estados Unidos decidiram recompensar a anexa\u00e7\u00e3o ilegal do territ\u00f3rio ocupado ao mover sua embaixada e reconhecer uma Jerusal\u00e9m unificada como capital de Israel\u201d.<\/p>\n<p class=\"p1\">\u201cA administra\u00e7\u00e3o de Trump pode retratar esta a\u00e7\u00e3o como uma simples mudan\u00e7a de mesas de um pr\u00e9dio para outro. Mas na realidade esta mudan\u00e7a destr\u00f3i os direitos palestinos e aprova d\u00e9cadas de viola\u00e7\u00f5es de Israel, incluindo a cria\u00e7\u00e3o ilegal de assentamentos, o que constitui crime de guerra\u201d, continua.<\/p>\n<p class=\"p1\"><strong>Protestos<br \/>\n<\/strong>Nas \u00faltimas semanas, protestantes t\u00eam feito atos nos limites do territ\u00f3rio de Gaza contra as condi\u00e7\u00f5es invi\u00e1veis na qual vivem, clamando pelo direito de retornar. Soldados israelenses t\u00eam usado armas de m\u00e1ximo dano contra os palestinos, a maioria n\u00e3o demonstrando amea\u00e7a a eles.<\/p>\n<p class=\"p1\">A Anistia Internacional denuncia estes atos, afirmando ser um s\u00e9rio abuso dos direitos humanos e que as autoridades israelenses n\u00e3o est\u00e3o punindo estas a\u00e7\u00f5es.<\/p>\n<p class=\"p1\"><strong>Leia mais:<\/strong><br \/>\n<strong><a href=\"http:\/\/blog.globalattitude.org.br\/analise-as-consequencias-que-declaracao-de-trump-sobre-jerusalem-podem-acarretar-na-regiao\/\">As consequ\u00eancias que declara\u00e7\u00e3o de Trump sobre Jerusal\u00e9m podem acarretar na regi\u00e3o<\/a><\/strong><br \/>\n<strong><a href=\"http:\/\/blog.globalattitude.org.br\/artigo-de-r-i-o-presidente-trump-e-o-oriente-medio\/\">O presidente Trump e o Oriente M\u00e9dio<\/a><\/strong><\/p>\n","protected":false},"excerpt":{"rendered":"<p>Nesta segunda-feira (14), os Estados Unidos inauguraram a sua nova Embaixada na cidade de Jerusal\u00e9m, medida que gerou pol\u00eamica em toda a comunidade internacional e tomada em meio a protestos na fronteira com a Faixa de Gaza, que j\u00e1 duram semanas. A inaugura\u00e7\u00e3o acontece no dia seguinte \u00e0 uma controversa data celebrada na regi\u00e3o: o [&hellip;]<\/p>\n","protected":false},"author":1,"featured_media":2290,"comment_status":"open","ping_status":"open","sticky":false,"template":"","format":"standard","meta":{"_acf_changed":false,"om_disable_all_campaigns":false,"_monsterinsights_skip_tracking":false,"_monsterinsights_sitenote_active":false,"_monsterinsights_sitenote_note":"","_monsterinsights_sitenote_category":0,"_uf_show_specific_survey":0,"_uf_disable_surveys":false,"footnotes":""},"categories":[35,34],"tags":[],"class_list":["post-2289","post","type-post","status-publish","format-standard","hentry","category-opiniao","category-ultimas"],"acf":[],"aioseo_notices":[],"yoast_head":"<!-- This site is optimized with the Yoast SEO plugin v27.5 - https:\/\/yoast.com\/product\/yoast-seo-wordpress\/ -->\n<title>Inaugura\u00e7\u00e3o de embaixada dos EUA em Jerusal\u00e9m gera conflitos e pol\u00eamica internacional - Instituto Global Attitude<\/title>\n<meta name=\"robots\" content=\"index, follow, max-snippet:-1, max-image-preview:large, max-video-preview:-1\" \/>\n<link rel=\"canonical\" href=\"http:\/\/globalattitude.org.br\/inauguracao-de-embaixada-dos-eua-em-jerusalem-gera-conflitos-e-polemica-internacional\/\" \/>\n<meta property=\"og:locale\" content=\"en_US\" \/>\n<meta property=\"og:type\" content=\"article\" \/>\n<meta property=\"og:title\" content=\"Inaugura\u00e7\u00e3o de embaixada dos EUA em Jerusal\u00e9m gera conflitos e pol\u00eamica internacional - Instituto Global Attitude\" \/>\n<meta property=\"og:description\" content=\"Nesta segunda-feira (14), os Estados Unidos inauguraram a sua nova Embaixada na cidade de Jerusal\u00e9m, medida que gerou pol\u00eamica em toda a comunidade internacional e tomada em meio a protestos na fronteira com a Faixa de Gaza, que j\u00e1 duram semanas. A inaugura\u00e7\u00e3o acontece no dia seguinte \u00e0 uma controversa data celebrada na regi\u00e3o: o [&hellip;]\" \/>\n<meta property=\"og:url\" content=\"http:\/\/globalattitude.org.br\/inauguracao-de-embaixada-dos-eua-em-jerusalem-gera-conflitos-e-polemica-internacional\/\" \/>\n<meta property=\"og:site_name\" content=\"Instituto Global Attitude\" \/>\n<meta property=\"article:publisher\" content=\"https:\/\/www.facebook.com\/global.attitude.org\/\" \/>\n<meta property=\"article:published_time\" content=\"2018-05-14T20:58:14+00:00\" \/>\n<meta property=\"article:modified_time\" content=\"2023-03-10T13:35:13+00:00\" \/>\n<meta property=\"og:image\" content=\"http:\/\/globalattitude.org.br\/wp-content\/uploads\/2023\/03\/2018-03-05t182950z_179653924_rc1d4f16ad00_rtrmadp_3_usa-israel-1200x763.jpg\" \/>\n\t<meta property=\"og:image:width\" content=\"2560\" \/>\n\t<meta property=\"og:image:height\" content=\"1627\" \/>\n\t<meta property=\"og:image:type\" content=\"image\/jpeg\" \/>\n<meta name=\"author\" content=\"123esite\" \/>\n<meta name=\"twitter:card\" content=\"summary_large_image\" \/>\n<meta name=\"twitter:creator\" content=\"@global_attitude\" \/>\n<meta name=\"twitter:site\" content=\"@global_attitude\" \/>\n<meta name=\"twitter:label1\" content=\"Written by\" \/>\n\t<meta name=\"twitter:data1\" content=\"123esite\" \/>\n\t<meta name=\"twitter:label2\" content=\"Est. reading time\" \/>\n\t<meta name=\"twitter:data2\" content=\"4 minutes\" \/>\n<script type=\"application\/ld+json\" class=\"yoast-schema-graph\">{\"@context\":\"https:\\\/\\\/schema.org\",\"@graph\":[{\"@type\":[\"Article\",\"BlogPosting\"],\"@id\":\"http:\\\/\\\/globalattitude.org.br\\\/inauguracao-de-embaixada-dos-eua-em-jerusalem-gera-conflitos-e-polemica-internacional\\\/#article\",\"isPartOf\":{\"@id\":\"http:\\\/\\\/globalattitude.org.br\\\/inauguracao-de-embaixada-dos-eua-em-jerusalem-gera-conflitos-e-polemica-internacional\\\/\"},\"author\":{\"name\":\"123esite\",\"@id\":\"http:\\\/\\\/globalattitude.org.br\\\/#\\\/schema\\\/person\\\/6d308f9d9d1eebad0278ad9386f13169\"},\"headline\":\"Inaugura\u00e7\u00e3o de embaixada dos EUA em Jerusal\u00e9m gera conflitos e pol\u00eamica internacional\",\"datePublished\":\"2018-05-14T20:58:14+00:00\",\"dateModified\":\"2023-03-10T13:35:13+00:00\",\"mainEntityOfPage\":{\"@id\":\"http:\\\/\\\/globalattitude.org.br\\\/inauguracao-de-embaixada-dos-eua-em-jerusalem-gera-conflitos-e-polemica-internacional\\\/\"},\"wordCount\":846,\"commentCount\":0,\"publisher\":{\"@id\":\"http:\\\/\\\/globalattitude.org.br\\\/#organization\"},\"image\":{\"@id\":\"http:\\\/\\\/globalattitude.org.br\\\/inauguracao-de-embaixada-dos-eua-em-jerusalem-gera-conflitos-e-polemica-internacional\\\/#primaryimage\"},\"thumbnailUrl\":\"https:\\\/\\\/globalattitude.org.br\\\/wp-content\\\/uploads\\\/2023\\\/03\\\/2018-03-05t182950z_179653924_rc1d4f16ad00_rtrmadp_3_usa-israel-1200x763.jpg\",\"articleSection\":[\"Opini\u00e3o\",\"\u00daltimas\"],\"inLanguage\":\"en-US\",\"potentialAction\":[{\"@type\":\"CommentAction\",\"name\":\"Comment\",\"target\":[\"http:\\\/\\\/globalattitude.org.br\\\/inauguracao-de-embaixada-dos-eua-em-jerusalem-gera-conflitos-e-polemica-internacional\\\/#respond\"]}]},{\"@type\":\"WebPage\",\"@id\":\"http:\\\/\\\/globalattitude.org.br\\\/inauguracao-de-embaixada-dos-eua-em-jerusalem-gera-conflitos-e-polemica-internacional\\\/\",\"url\":\"http:\\\/\\\/globalattitude.org.br\\\/inauguracao-de-embaixada-dos-eua-em-jerusalem-gera-conflitos-e-polemica-internacional\\\/\",\"name\":\"Inaugura\u00e7\u00e3o de embaixada dos EUA em Jerusal\u00e9m gera conflitos e pol\u00eamica internacional - Instituto Global Attitude\",\"isPartOf\":{\"@id\":\"http:\\\/\\\/globalattitude.org.br\\\/#website\"},\"primaryImageOfPage\":{\"@id\":\"http:\\\/\\\/globalattitude.org.br\\\/inauguracao-de-embaixada-dos-eua-em-jerusalem-gera-conflitos-e-polemica-internacional\\\/#primaryimage\"},\"image\":{\"@id\":\"http:\\\/\\\/globalattitude.org.br\\\/inauguracao-de-embaixada-dos-eua-em-jerusalem-gera-conflitos-e-polemica-internacional\\\/#primaryimage\"},\"thumbnailUrl\":\"https:\\\/\\\/globalattitude.org.br\\\/wp-content\\\/uploads\\\/2023\\\/03\\\/2018-03-05t182950z_179653924_rc1d4f16ad00_rtrmadp_3_usa-israel-1200x763.jpg\",\"datePublished\":\"2018-05-14T20:58:14+00:00\",\"dateModified\":\"2023-03-10T13:35:13+00:00\",\"breadcrumb\":{\"@id\":\"http:\\\/\\\/globalattitude.org.br\\\/inauguracao-de-embaixada-dos-eua-em-jerusalem-gera-conflitos-e-polemica-internacional\\\/#breadcrumb\"},\"inLanguage\":\"en-US\",\"potentialAction\":[{\"@type\":\"ReadAction\",\"target\":[\"http:\\\/\\\/globalattitude.org.br\\\/inauguracao-de-embaixada-dos-eua-em-jerusalem-gera-conflitos-e-polemica-internacional\\\/\"]}]},{\"@type\":\"ImageObject\",\"inLanguage\":\"en-US\",\"@id\":\"http:\\\/\\\/globalattitude.org.br\\\/inauguracao-de-embaixada-dos-eua-em-jerusalem-gera-conflitos-e-polemica-internacional\\\/#primaryimage\",\"url\":\"https:\\\/\\\/globalattitude.org.br\\\/wp-content\\\/uploads\\\/2023\\\/03\\\/2018-03-05t182950z_179653924_rc1d4f16ad00_rtrmadp_3_usa-israel-1200x763.jpg\",\"contentUrl\":\"https:\\\/\\\/globalattitude.org.br\\\/wp-content\\\/uploads\\\/2023\\\/03\\\/2018-03-05t182950z_179653924_rc1d4f16ad00_rtrmadp_3_usa-israel-1200x763.jpg\",\"width\":2560,\"height\":1627},{\"@type\":\"BreadcrumbList\",\"@id\":\"http:\\\/\\\/globalattitude.org.br\\\/inauguracao-de-embaixada-dos-eua-em-jerusalem-gera-conflitos-e-polemica-internacional\\\/#breadcrumb\",\"itemListElement\":[{\"@type\":\"ListItem\",\"position\":1,\"name\":\"In\u00edcio\",\"item\":\"https:\\\/\\\/globalattitude.org.br\\\/en\\\/\"},{\"@type\":\"ListItem\",\"position\":2,\"name\":\"Inaugura\u00e7\u00e3o de embaixada dos EUA em Jerusal\u00e9m gera conflitos e pol\u00eamica internacional\"}]},{\"@type\":\"WebSite\",\"@id\":\"http:\\\/\\\/globalattitude.org.br\\\/#website\",\"url\":\"http:\\\/\\\/globalattitude.org.br\\\/\",\"name\":\"Instituto Global Attitude\",\"description\":\"\",\"publisher\":{\"@id\":\"http:\\\/\\\/globalattitude.org.br\\\/#organization\"},\"potentialAction\":[{\"@type\":\"SearchAction\",\"target\":{\"@type\":\"EntryPoint\",\"urlTemplate\":\"http:\\\/\\\/globalattitude.org.br\\\/?s={search_term_string}\"},\"query-input\":{\"@type\":\"PropertyValueSpecification\",\"valueRequired\":true,\"valueName\":\"search_term_string\"}}],\"inLanguage\":\"en-US\"},{\"@type\":\"Organization\",\"@id\":\"http:\\\/\\\/globalattitude.org.br\\\/#organization\",\"name\":\"Instituto Global Attitude\",\"url\":\"http:\\\/\\\/globalattitude.org.br\\\/\",\"logo\":{\"@type\":\"ImageObject\",\"inLanguage\":\"en-US\",\"@id\":\"http:\\\/\\\/globalattitude.org.br\\\/#\\\/schema\\\/logo\\\/image\\\/\",\"url\":\"https:\\\/\\\/globalattitude.org.br\\\/wp-content\\\/uploads\\\/2023\\\/01\\\/instituto-global-attitude-color.png\",\"contentUrl\":\"https:\\\/\\\/globalattitude.org.br\\\/wp-content\\\/uploads\\\/2023\\\/01\\\/instituto-global-attitude-color.png\",\"width\":300,\"height\":131,\"caption\":\"Instituto Global Attitude\"},\"image\":{\"@id\":\"http:\\\/\\\/globalattitude.org.br\\\/#\\\/schema\\\/logo\\\/image\\\/\"},\"sameAs\":[\"https:\\\/\\\/www.facebook.com\\\/global.attitude.org\\\/\",\"https:\\\/\\\/x.com\\\/global_attitude\",\"https:\\\/\\\/www.instagram.com\\\/globalattitude\",\"https:\\\/\\\/www.linkedin.com\\\/company\\\/global-attitude\\\/?viewAsMember=true\"]},{\"@type\":\"Person\",\"@id\":\"http:\\\/\\\/globalattitude.org.br\\\/#\\\/schema\\\/person\\\/6d308f9d9d1eebad0278ad9386f13169\",\"name\":\"123esite\",\"image\":{\"@type\":\"ImageObject\",\"inLanguage\":\"en-US\",\"@id\":\"https:\\\/\\\/secure.gravatar.com\\\/avatar\\\/07bd71fac19f42004f2b73567f012e126689afdb23cb0017536dea9113ba1806?s=96&d=mm&r=g\",\"url\":\"https:\\\/\\\/secure.gravatar.com\\\/avatar\\\/07bd71fac19f42004f2b73567f012e126689afdb23cb0017536dea9113ba1806?s=96&d=mm&r=g\",\"contentUrl\":\"https:\\\/\\\/secure.gravatar.com\\\/avatar\\\/07bd71fac19f42004f2b73567f012e126689afdb23cb0017536dea9113ba1806?s=96&d=mm&r=g\",\"caption\":\"123esite\"},\"sameAs\":[\"http:\\\/\\\/globalattitude.org.br\"],\"url\":\"https:\\\/\\\/globalattitude.org.br\\\/en\\\/author\\\/123esite\\\/\"}]}<\/script>\n<!-- \/ Yoast SEO plugin. -->","yoast_head_json":{"title":"Inaugura\u00e7\u00e3o de embaixada dos EUA em Jerusal\u00e9m gera conflitos e pol\u00eamica internacional - Instituto Global Attitude","robots":{"index":"index","follow":"follow","max-snippet":"max-snippet:-1","max-image-preview":"max-image-preview:large","max-video-preview":"max-video-preview:-1"},"canonical":"http:\/\/globalattitude.org.br\/inauguracao-de-embaixada-dos-eua-em-jerusalem-gera-conflitos-e-polemica-internacional\/","og_locale":"en_US","og_type":"article","og_title":"Inaugura\u00e7\u00e3o de embaixada dos EUA em Jerusal\u00e9m gera conflitos e pol\u00eamica internacional - Instituto Global Attitude","og_description":"Nesta segunda-feira (14), os Estados Unidos inauguraram a sua nova Embaixada na cidade de Jerusal\u00e9m, medida que gerou pol\u00eamica em toda a comunidade internacional e tomada em meio a protestos na fronteira com a Faixa de Gaza, que j\u00e1 duram semanas. A inaugura\u00e7\u00e3o acontece no dia seguinte \u00e0 uma controversa data celebrada na regi\u00e3o: o [&hellip;]","og_url":"http:\/\/globalattitude.org.br\/inauguracao-de-embaixada-dos-eua-em-jerusalem-gera-conflitos-e-polemica-internacional\/","og_site_name":"Instituto Global Attitude","article_publisher":"https:\/\/www.facebook.com\/global.attitude.org\/","article_published_time":"2018-05-14T20:58:14+00:00","article_modified_time":"2023-03-10T13:35:13+00:00","og_image":[{"width":2560,"height":1627,"url":"http:\/\/globalattitude.org.br\/wp-content\/uploads\/2023\/03\/2018-03-05t182950z_179653924_rc1d4f16ad00_rtrmadp_3_usa-israel-1200x763.jpg","type":"image\/jpeg"}],"author":"123esite","twitter_card":"summary_large_image","twitter_creator":"@global_attitude","twitter_site":"@global_attitude","twitter_misc":{"Written by":"123esite","Est. reading time":"4 minutes"},"schema":{"@context":"https:\/\/schema.org","@graph":[{"@type":["Article","BlogPosting"],"@id":"http:\/\/globalattitude.org.br\/inauguracao-de-embaixada-dos-eua-em-jerusalem-gera-conflitos-e-polemica-internacional\/#article","isPartOf":{"@id":"http:\/\/globalattitude.org.br\/inauguracao-de-embaixada-dos-eua-em-jerusalem-gera-conflitos-e-polemica-internacional\/"},"author":{"name":"123esite","@id":"http:\/\/globalattitude.org.br\/#\/schema\/person\/6d308f9d9d1eebad0278ad9386f13169"},"headline":"Inaugura\u00e7\u00e3o de embaixada dos EUA em Jerusal\u00e9m gera conflitos e pol\u00eamica internacional","datePublished":"2018-05-14T20:58:14+00:00","dateModified":"2023-03-10T13:35:13+00:00","mainEntityOfPage":{"@id":"http:\/\/globalattitude.org.br\/inauguracao-de-embaixada-dos-eua-em-jerusalem-gera-conflitos-e-polemica-internacional\/"},"wordCount":846,"commentCount":0,"publisher":{"@id":"http:\/\/globalattitude.org.br\/#organization"},"image":{"@id":"http:\/\/globalattitude.org.br\/inauguracao-de-embaixada-dos-eua-em-jerusalem-gera-conflitos-e-polemica-internacional\/#primaryimage"},"thumbnailUrl":"https:\/\/globalattitude.org.br\/wp-content\/uploads\/2023\/03\/2018-03-05t182950z_179653924_rc1d4f16ad00_rtrmadp_3_usa-israel-1200x763.jpg","articleSection":["Opini\u00e3o","\u00daltimas"],"inLanguage":"en-US","potentialAction":[{"@type":"CommentAction","name":"Comment","target":["http:\/\/globalattitude.org.br\/inauguracao-de-embaixada-dos-eua-em-jerusalem-gera-conflitos-e-polemica-internacional\/#respond"]}]},{"@type":"WebPage","@id":"http:\/\/globalattitude.org.br\/inauguracao-de-embaixada-dos-eua-em-jerusalem-gera-conflitos-e-polemica-internacional\/","url":"http:\/\/globalattitude.org.br\/inauguracao-de-embaixada-dos-eua-em-jerusalem-gera-conflitos-e-polemica-internacional\/","name":"Inaugura\u00e7\u00e3o de embaixada dos EUA em Jerusal\u00e9m gera conflitos e pol\u00eamica internacional - Instituto Global Attitude","isPartOf":{"@id":"http:\/\/globalattitude.org.br\/#website"},"primaryImageOfPage":{"@id":"http:\/\/globalattitude.org.br\/inauguracao-de-embaixada-dos-eua-em-jerusalem-gera-conflitos-e-polemica-internacional\/#primaryimage"},"image":{"@id":"http:\/\/globalattitude.org.br\/inauguracao-de-embaixada-dos-eua-em-jerusalem-gera-conflitos-e-polemica-internacional\/#primaryimage"},"thumbnailUrl":"https:\/\/globalattitude.org.br\/wp-content\/uploads\/2023\/03\/2018-03-05t182950z_179653924_rc1d4f16ad00_rtrmadp_3_usa-israel-1200x763.jpg","datePublished":"2018-05-14T20:58:14+00:00","dateModified":"2023-03-10T13:35:13+00:00","breadcrumb":{"@id":"http:\/\/globalattitude.org.br\/inauguracao-de-embaixada-dos-eua-em-jerusalem-gera-conflitos-e-polemica-internacional\/#breadcrumb"},"inLanguage":"en-US","potentialAction":[{"@type":"ReadAction","target":["http:\/\/globalattitude.org.br\/inauguracao-de-embaixada-dos-eua-em-jerusalem-gera-conflitos-e-polemica-internacional\/"]}]},{"@type":"ImageObject","inLanguage":"en-US","@id":"http:\/\/globalattitude.org.br\/inauguracao-de-embaixada-dos-eua-em-jerusalem-gera-conflitos-e-polemica-internacional\/#primaryimage","url":"https:\/\/globalattitude.org.br\/wp-content\/uploads\/2023\/03\/2018-03-05t182950z_179653924_rc1d4f16ad00_rtrmadp_3_usa-israel-1200x763.jpg","contentUrl":"https:\/\/globalattitude.org.br\/wp-content\/uploads\/2023\/03\/2018-03-05t182950z_179653924_rc1d4f16ad00_rtrmadp_3_usa-israel-1200x763.jpg","width":2560,"height":1627},{"@type":"BreadcrumbList","@id":"http:\/\/globalattitude.org.br\/inauguracao-de-embaixada-dos-eua-em-jerusalem-gera-conflitos-e-polemica-internacional\/#breadcrumb","itemListElement":[{"@type":"ListItem","position":1,"name":"In\u00edcio","item":"https:\/\/globalattitude.org.br\/en\/"},{"@type":"ListItem","position":2,"name":"Inaugura\u00e7\u00e3o de embaixada dos EUA em Jerusal\u00e9m gera conflitos e pol\u00eamica internacional"}]},{"@type":"WebSite","@id":"http:\/\/globalattitude.org.br\/#website","url":"http:\/\/globalattitude.org.br\/","name":"Instituto Global Attitude","description":"","publisher":{"@id":"http:\/\/globalattitude.org.br\/#organization"},"potentialAction":[{"@type":"SearchAction","target":{"@type":"EntryPoint","urlTemplate":"http:\/\/globalattitude.org.br\/?s={search_term_string}"},"query-input":{"@type":"PropertyValueSpecification","valueRequired":true,"valueName":"search_term_string"}}],"inLanguage":"en-US"},{"@type":"Organization","@id":"http:\/\/globalattitude.org.br\/#organization","name":"Instituto Global Attitude","url":"http:\/\/globalattitude.org.br\/","logo":{"@type":"ImageObject","inLanguage":"en-US","@id":"http:\/\/globalattitude.org.br\/#\/schema\/logo\/image\/","url":"https:\/\/globalattitude.org.br\/wp-content\/uploads\/2023\/01\/instituto-global-attitude-color.png","contentUrl":"https:\/\/globalattitude.org.br\/wp-content\/uploads\/2023\/01\/instituto-global-attitude-color.png","width":300,"height":131,"caption":"Instituto Global Attitude"},"image":{"@id":"http:\/\/globalattitude.org.br\/#\/schema\/logo\/image\/"},"sameAs":["https:\/\/www.facebook.com\/global.attitude.org\/","https:\/\/x.com\/global_attitude","https:\/\/www.instagram.com\/globalattitude","https:\/\/www.linkedin.com\/company\/global-attitude\/?viewAsMember=true"]},{"@type":"Person","@id":"http:\/\/globalattitude.org.br\/#\/schema\/person\/6d308f9d9d1eebad0278ad9386f13169","name":"123esite","image":{"@type":"ImageObject","inLanguage":"en-US","@id":"https:\/\/secure.gravatar.com\/avatar\/07bd71fac19f42004f2b73567f012e126689afdb23cb0017536dea9113ba1806?s=96&d=mm&r=g","url":"https:\/\/secure.gravatar.com\/avatar\/07bd71fac19f42004f2b73567f012e126689afdb23cb0017536dea9113ba1806?s=96&d=mm&r=g","contentUrl":"https:\/\/secure.gravatar.com\/avatar\/07bd71fac19f42004f2b73567f012e126689afdb23cb0017536dea9113ba1806?s=96&d=mm&r=g","caption":"123esite"},"sameAs":["http:\/\/globalattitude.org.br"],"url":"https:\/\/globalattitude.org.br\/en\/author\/123esite\/"}]}},"_links":{"self":[{"href":"https:\/\/globalattitude.org.br\/en\/wp-json\/wp\/v2\/posts\/2289","targetHints":{"allow":["GET"]}}],"collection":[{"href":"https:\/\/globalattitude.org.br\/en\/wp-json\/wp\/v2\/posts"}],"about":[{"href":"https:\/\/globalattitude.org.br\/en\/wp-json\/wp\/v2\/types\/post"}],"author":[{"embeddable":true,"href":"https:\/\/globalattitude.org.br\/en\/wp-json\/wp\/v2\/users\/1"}],"replies":[{"embeddable":true,"href":"https:\/\/globalattitude.org.br\/en\/wp-json\/wp\/v2\/comments?post=2289"}],"version-history":[{"count":1,"href":"https:\/\/globalattitude.org.br\/en\/wp-json\/wp\/v2\/posts\/2289\/revisions"}],"predecessor-version":[{"id":2292,"href":"https:\/\/globalattitude.org.br\/en\/wp-json\/wp\/v2\/posts\/2289\/revisions\/2292"}],"wp:featuredmedia":[{"embeddable":true,"href":"https:\/\/globalattitude.org.br\/en\/wp-json\/wp\/v2\/media\/2290"}],"wp:attachment":[{"href":"https:\/\/globalattitude.org.br\/en\/wp-json\/wp\/v2\/media?parent=2289"}],"wp:term":[{"taxonomy":"category","embeddable":true,"href":"https:\/\/globalattitude.org.br\/en\/wp-json\/wp\/v2\/categories?post=2289"},{"taxonomy":"post_tag","embeddable":true,"href":"https:\/\/globalattitude.org.br\/en\/wp-json\/wp\/v2\/tags?post=2289"}],"curies":[{"name":"wp","href":"https:\/\/api.w.org\/{rel}","templated":true}]}}