{"id":2297,"date":"2018-05-21T15:49:03","date_gmt":"2018-05-21T18:49:03","guid":{"rendered":"https:\/\/globalattitude.org.br\/jovens-brasileiros-participarao-do-oecd-forum-2018-conheca-delegacao\/"},"modified":"2023-03-10T10:35:29","modified_gmt":"2023-03-10T13:35:29","slug":"jovens-brasileiros-participarao-do-oecd-forum-2018-conheca-delegacao","status":"publish","type":"post","link":"https:\/\/globalattitude.org.br\/en\/jovens-brasileiros-participarao-do-oecd-forum-2018-conheca-delegacao\/","title":{"rendered":"Jovens brasileiros participar\u00e3o do OECD Forum 2018. Conhe\u00e7a delega\u00e7\u00e3o"},"content":{"rendered":"<p>Oito jovens brasileiros comp\u00f5em a delega\u00e7\u00e3o do programa Diplomacia Civil que ir\u00e1 ao OECD Forum 2018, evento anual promovido pela Organiza\u00e7\u00e3o para Coopera\u00e7\u00e3o e Desenvolvimento Econ\u00f4mico (OECD, na sigla em ingl\u00eas), que acontece entre os dias 29 e 30 de maio, em Paris, Fran\u00e7a.<\/p>\n<p>Sob o tema \u201cO Que Nos Une?\u201d, o evento\u00a0\u00e9 uma oportunidade de\u00a0debate entre governo, sociedade civil, terceiro setor, acad\u00eamicos e representantes da OCDE sobre como enfrentar os principais desafios econ\u00f4micos, sociais e de governo, decorrentes da economia globalizada, reunindo mais de 3 mil pessoas dos mais diversos pa\u00edses.<\/p>\n<p>Ainda como\u00a0parte do programa, os delegados\u00a0contam com\u00a0workshops preparat\u00f3rios para a viagem e est\u00e3o em fase de\u00a0produ\u00e7\u00e3o\u00a0dos artigos, com temas voltados ao assunto do f\u00f3rum, sugeridos por eles mesmos, orientados por\u00a0um professor especialista. A delega\u00e7\u00e3o\u00a0aterrissa em Paris no\u00a0pr\u00f3ximo domingo, onde al\u00e9m de participar das palestras e debates do evento, contar\u00e1 tamb\u00e9m com uma\u00a0agenda exclusiva de reuni\u00f5es e encontros com l\u00edderes e especialistas, promovidos pela coordena\u00e7\u00e3o do Diplomacia Civil.<\/p>\n<p><strong>Conhe\u00e7a os selecionados:<\/strong><\/p>\n<p><a href=\"http:\/\/globalattitude.org.br\/wp-content\/uploads\/2023\/03\/Breno.png\"><img decoding=\"async\" class=\"wp-image-4092 alignleft\" src=\"http:\/\/globalattitude.org.br\/wp-content\/uploads\/2023\/03\/Breno-300x300.png\" alt=\"\" width=\"200\" height=\"200\" \/><\/a><strong>Breno Fernandez<\/strong> \u00e9 graduado em Letras pela Universidade Federal de Minas Gerais, com foco\u00a0em an\u00e1lise do discurso pol\u00edtico. Foi um dos fundadores do grupo de\u00a0pesquisa \u00c9thos \u00c9tico em 2010, o qual ainda permanece em atividade na Faculdade de Letras da\u00a0UFMG. O projeto tem como escopo os escritos do fil\u00f3sofo alem\u00e3o J\u00fcrgen\u00a0Habermas, fundamentado em sua Teoria Moral, vinculada \u00e0 Teoria da A\u00e7\u00e3o\u00a0Comunicativa. Possui p\u00f3s-gradua\u00e7\u00e3o em Pol\u00edticas P\u00fablicas pelo Instituto Universit\u00e1rio\u00a0de Lisboa e em Administra\u00e7\u00e3o P\u00fablica pela PUC Minas.\u00a0Atualmente \u00e9 graduando em Rela\u00e7\u00f5es Econ\u00f4micas Internacionais na UFMG e desenvolve projetos de pesquisa\u00a0em Integra\u00e7\u00e3o Regional e em Lobismo\/Grupos de Interesse. Trabalha como servidor\u00a0p\u00fablico municipal.<\/p>\n<p><span style=\"font-weight: 400;\"><strong><a href=\"http:\/\/globalattitude.org.br\/wp-content\/uploads\/2023\/03\/OECD-foto-Giovanni-Razera.png\"><img decoding=\"async\" class=\"alignleft wp-image-4095\" src=\"http:\/\/globalattitude.org.br\/wp-content\/uploads\/2023\/03\/OECD-foto-Giovanni-Razera.png\" alt=\"\" width=\"200\" height=\"200\" \/><\/a>Giovanni Razera<\/strong> \u00e9 graduado em Engenharia de Bioprocessos e Biotecnologia pela Universidade Federal do Paran\u00e1. Morou em Budapeste durante um ano, cursando dois per\u00edodos de Bioengenharia na BME &#8211;\u00a0Budapesti M\u0171szaki \u00e9s\u00a0Gazdas\u00e1gtudom\u00e1nyi Egyetem. Ali trabalhou no\u00a0CRC-HAS (Centro\u00a0de Pesquisas da Academia H\u00fangara de Ci\u00eancias), com o tratamento plasmo-enzim\u00e1tico da ind\u00fastria t\u00eaxtil. Possui dupla diploma\u00e7\u00e3o de mestrado (Universidade\u00a0Federal do Paran\u00e1 \u2013 Brasil e Aix-Marseille Universit\u00e9 \u2013 Fran\u00e7a) na \u00e1rea de\u00a0biocombust\u00edveis por meio do BIODEV &#8211; programa da UNESCO para forma\u00e7\u00e3o de mestres e doutores com acordos bilaterais. Ainda no Ensino M\u00e9dio fez interc\u00e2mbio para Londres, Inglaterra, ap\u00f3s concorrer com outros 800 alunos, tendo sido selecionado ap\u00f3s testes e entrevistas. Atualmente trabalha no SESI-SP como Gestor Trainee.<\/span><\/p>\n<p>&nbsp;<\/p>\n<p><span style=\"font-weight: 400;\"><a href=\"http:\/\/globalattitude.org.br\/wp-content\/uploads\/2023\/03\/Isabella.jpg\"><img decoding=\"async\" class=\"alignleft wp-image-4093\" src=\"http:\/\/globalattitude.org.br\/wp-content\/uploads\/2023\/03\/Isabella-300x300.jpg\" alt=\"\" width=\"200\" height=\"200\" \/><\/a><\/span><span style=\"font-weight: 400;\"><strong>Isabella Prado<\/strong> \u00e9 graduanda em Rela\u00e7\u00f5es Internacionais pela\u00a0<\/span><span style=\"font-weight: 400;\">Pontif\u00edcia Universidade Cat\u00f3lica de Minas Gerais (PUC-MG). Atualmente, \u00e9\u00a0<\/span><span style=\"font-weight: 400;\">estagi\u00e1ria do Observat\u00f3rio de Coopera\u00e7\u00e3o Internacional (OCI) e participa\u00a0<\/span><span style=\"font-weight: 400;\">como monitora volunt\u00e1ria no projeto de extens\u00e3o \u201cGrupo de Pesquisa Rela\u00e7\u00f5es\u00a0<\/span><span style=\"font-weight: 400;\">Internacionais do Atl\u00e2ntico Sul&#8221;. Realizou interc\u00e2mbio acad\u00eamico\u00a0<\/span><span style=\"font-weight: 400;\">na I\u00c9SEG School of Management, em Lille, na Fran\u00e7a. Al\u00e9m disso, possui\u00a0<\/span><span style=\"font-weight: 400;\">grande interesse na \u00e1rea de coopera\u00e7\u00e3o internacional e integra\u00e7\u00e3o regional,\u00a0<\/span><span style=\"font-weight: 400;\">tendo iniciado seus estudos voltados a este tema.<\/span><\/p>\n<p>&nbsp;<\/p>\n<p><span style=\"font-weight: 400;\"><a href=\"http:\/\/globalattitude.org.br\/wp-content\/uploads\/2023\/03\/Lucas-2.jpg\"><img loading=\"lazy\" decoding=\"async\" class=\"alignleft wp-image-4094\" src=\"http:\/\/globalattitude.org.br\/wp-content\/uploads\/2023\/03\/Lucas-2-300x300.jpg\" alt=\"\" width=\"200\" height=\"200\" \/><\/a><\/span><span style=\"font-weight: 400;\"><strong>Lucas Francato<\/strong> \u00e9 g<\/span><span style=\"font-weight: 400;\">raduando em Engenharia de Produ\u00e7\u00e3o na Universidade de S\u00e3o Paulo e atualmente faz interc\u00e2mbio acad\u00eamico na Technische Universit\u00e4t Hamburg (TUHH), em Hamburgo. Membro do Grupo de Pesquisa em Gest\u00e3o da Mudan\u00e7a, com foco em pesquisa sobre Prop\u00f3sito Organizacional e Cultura, teve o artigo \u201cVantagens e Desafios na implementa\u00e7\u00e3o do Prop\u00f3sito em Empresas Consciente: uma contribui\u00e7\u00e3o Te\u00f3rica\u201d apresentado no XXXVII Encontro Nacional de Engenharia de Produ\u00e7\u00e3o (ENEGEP). Atuou em diversas entidades acad\u00eamicas, como a Empresa J\u00fanior (EESC jr) e o Centro Acad\u00eamico Armando de Salles Oliveira (CAASO), onde foi tesoureiro, e atualmente est\u00e1 focado em desenvolver uma rede universit\u00e1ria com o objetivo de f<\/span><span style=\"font-weight: 400;\">omentar pr\u00e1ticas de organiza\u00e7\u00f5es e conceitos de um modelo mais consciente e humano para o p\u00fablico Universit\u00e1rio.<\/span><\/p>\n<p><a href=\"http:\/\/globalattitude.org.br\/wp-content\/uploads\/2023\/03\/Rebecca.jpg\"><img loading=\"lazy\" decoding=\"async\" class=\"alignleft wp-image-4096\" src=\"http:\/\/globalattitude.org.br\/wp-content\/uploads\/2023\/03\/Rebecca-300x300.jpg\" alt=\"\" width=\"200\" height=\"200\" \/><\/a><strong>Rebecca Faroro Giovannetti<\/strong> \u00e9 graduanda em Rela\u00e7\u00f5es Internacionais e Economia pela Boston University (BU), Estados Unidos. Est\u00e1 no executive board de BU Brazilian Association,\u00a0onde\u00a0planeja eventos e organiza iniciativas pra integrar a cultura brasileira \u00e0 comunidade acad\u00eamica. \u00c9 tamb\u00e9m Layout Coordinator e Escritora para o jornal acad\u00eamico International Relations Review. Foi editora assistente e escritora na publica\u00e7\u00e3o digital The Odyssey Online, com autoria de 16 artigos. Passou tr\u00eas meses em Londres, Inglaterra, completando cursos acad\u00eamicos em London Imperial College em pol\u00edtica, seguran\u00e7a e hist\u00f3ria da Gr\u00e3-Bretanha. Atualmente,\u00a0faz interc\u00e2mbio acad\u00eamico na Universit\u00e9 de Gen\u00e8ve, na Su\u00ed\u00e7a, onde tamb\u00e9m foi estagi\u00e1ria em desenvolvimento econ\u00f4mico no \u00e2mbito das negocia\u00e7\u00f5es internacionais da ONU e OMC com CUTS International.\u00a0Est\u00e1 defendendo tese honor\u00e1ria sobre as consequ\u00eancias eleitorais de corrup\u00e7\u00e3o institutional nos pa\u00edses dos BRICS.<\/p>\n<p><span style=\"font-weight: 400;\"><a href=\"http:\/\/globalattitude.org.br\/wp-content\/uploads\/2023\/03\/Ricardo.jpg\"><img loading=\"lazy\" decoding=\"async\" class=\"alignleft wp-image-4097\" src=\"http:\/\/globalattitude.org.br\/wp-content\/uploads\/2023\/03\/Ricardo-300x300.jpg\" alt=\"\" width=\"200\" height=\"200\" \/><\/a><\/span><span style=\"font-weight: 400;\"><strong>Ricardo Fontes<\/strong> \u00e9 graduando em Economia pela Faculdade de Economia, Administra\u00e7\u00e3o e Contabilidade da Universidade de S\u00e3o Paulo (FEA-USP). Atualmente\u00a0faz interc\u00e2mbio acad\u00eamico na Universit\u00e4t Innsbruck, na \u00c1ustria. Atuou como estagi\u00e1rio de Pesquisa Econ\u00f4mica no Banco de Investimento Credit Suisse, desenvolvendo e colaborando com a produ\u00e7\u00e3o de diversos estudos acerca da economia brasileira, principalmente quanto ao mercado de trabalho, \u00e0 produtividade e ao setor banc\u00e1rio no pa\u00eds. Foi tamb\u00e9m presidente da Liga de Mercado Financeiro FEA-USP, a mais antiga institui\u00e7\u00e3o brasileira do tipo, onde ajudava a aproximar o mercado financeiro do meio universit\u00e1rio por meio de cursos, palestras e grupos de estudo com parceria das principais institui\u00e7\u00f5es financeiras atuantes no pa\u00eds. <\/span><\/p>\n<p><span style=\"font-weight: 400;\"><strong><a href=\"http:\/\/globalattitude.org.br\/wp-content\/uploads\/2023\/03\/Victor.jpg\"><img loading=\"lazy\" decoding=\"async\" class=\"alignleft wp-image-4098\" src=\"http:\/\/globalattitude.org.br\/wp-content\/uploads\/2023\/03\/Victor-300x300.jpg\" alt=\"\" width=\"200\" height=\"200\" \/><\/a>Victor Mendes<\/strong> \u00e9 graduando em Rela\u00e7\u00f5es Internacionais pelo Instituto Brasileiro de Mercados e Capitais (IBMEC-MG). Ap\u00f3s morar um ano na Austr\u00e1lia, onde estudou e trabalhou, iniciou a gradua\u00e7\u00e3o, na qual at\u00e9 o momento recebeu quatro pr\u00eamios por m\u00e9rito e desempenho acad\u00eamico. Participou de v\u00e1rios grupos de estudo, com abordagem, por exemplo, em com\u00e9rcio exterior e log\u00edstica com foco no mercado europeu e do Oriente M\u00e9dio e de teorias e pr\u00e1ticas de negocia\u00e7\u00e3o. Com interesse em expandir seus estudos na \u00e1rea de seguran\u00e7a e intelig\u00eancia internacional, cursou o minicurso de Terrorismo e Fundamentalismo Religioso em sua institui\u00e7\u00e3o de ensino e realiza o curso online <\/span><i><span style=\"font-weight: 400;\">Religious Literacy: Traditions and Scriptures<\/span><\/i><span style=\"font-weight: 400;\"> da Universidade de Harvard. Al\u00e9m de graduando, \u00e9 atualmente Auxiliar de Exporta\u00e7\u00e3o na Embar\u00e9 Ind\u00fastrias Aliment\u00edcias S.A.<\/span><\/p>\n","protected":false},"excerpt":{"rendered":"<p>Oito jovens brasileiros comp\u00f5em a delega\u00e7\u00e3o do programa Diplomacia Civil que ir\u00e1 ao OECD Forum 2018, evento anual promovido pela Organiza\u00e7\u00e3o para Coopera\u00e7\u00e3o e Desenvolvimento Econ\u00f4mico (OECD, na sigla em ingl\u00eas), que acontece entre os dias 29 e 30 de maio, em Paris, Fran\u00e7a. Sob o tema \u201cO Que Nos Une?\u201d, o evento\u00a0\u00e9 uma oportunidade [&hellip;]<\/p>\n","protected":false},"author":1,"featured_media":2298,"comment_status":"open","ping_status":"open","sticky":false,"template":"","format":"standard","meta":{"_acf_changed":false,"om_disable_all_campaigns":false,"_monsterinsights_skip_tracking":false,"_monsterinsights_sitenote_active":false,"_monsterinsights_sitenote_note":"","_monsterinsights_sitenote_category":0,"_uf_show_specific_survey":0,"_uf_disable_surveys":false,"footnotes":""},"categories":[22,34],"tags":[],"class_list":["post-2297","post","type-post","status-publish","format-standard","hentry","category-programas","category-ultimas"],"acf":[],"aioseo_notices":[],"yoast_head":"<!-- This site is optimized with the Yoast SEO plugin v27.5 - https:\/\/yoast.com\/product\/yoast-seo-wordpress\/ -->\n<title>Jovens brasileiros participar\u00e3o do OECD Forum 2018. Conhe\u00e7a delega\u00e7\u00e3o - Instituto Global Attitude<\/title>\n<meta name=\"robots\" content=\"index, follow, max-snippet:-1, max-image-preview:large, max-video-preview:-1\" \/>\n<link rel=\"canonical\" href=\"https:\/\/globalattitude.org.br\/jovens-brasileiros-participarao-do-oecd-forum-2018-conheca-delegacao\/\" \/>\n<meta property=\"og:locale\" content=\"en_US\" \/>\n<meta property=\"og:type\" content=\"article\" \/>\n<meta property=\"og:title\" content=\"Jovens brasileiros participar\u00e3o do OECD Forum 2018. Conhe\u00e7a delega\u00e7\u00e3o - Instituto Global Attitude\" \/>\n<meta property=\"og:description\" content=\"Oito jovens brasileiros comp\u00f5em a delega\u00e7\u00e3o do programa Diplomacia Civil que ir\u00e1 ao OECD Forum 2018, evento anual promovido pela Organiza\u00e7\u00e3o para Coopera\u00e7\u00e3o e Desenvolvimento Econ\u00f4mico (OECD, na sigla em ingl\u00eas), que acontece entre os dias 29 e 30 de maio, em Paris, Fran\u00e7a. Sob o tema \u201cO Que Nos Une?\u201d, o evento\u00a0\u00e9 uma oportunidade [&hellip;]\" \/>\n<meta property=\"og:url\" content=\"https:\/\/globalattitude.org.br\/jovens-brasileiros-participarao-do-oecd-forum-2018-conheca-delegacao\/\" \/>\n<meta property=\"og:site_name\" content=\"Instituto Global Attitude\" \/>\n<meta property=\"article:publisher\" content=\"https:\/\/www.facebook.com\/global.attitude.org\/\" \/>\n<meta property=\"article:published_time\" content=\"2018-05-21T18:49:03+00:00\" \/>\n<meta property=\"article:modified_time\" content=\"2023-03-10T13:35:29+00:00\" \/>\n<meta property=\"og:image\" content=\"https:\/\/globalattitude.org.br\/wp-content\/uploads\/2023\/03\/Breno.png\" \/>\n\t<meta property=\"og:image:width\" content=\"432\" \/>\n\t<meta property=\"og:image:height\" content=\"432\" \/>\n\t<meta property=\"og:image:type\" content=\"image\/png\" \/>\n<meta name=\"author\" content=\"123esite\" \/>\n<meta name=\"twitter:card\" content=\"summary_large_image\" \/>\n<meta name=\"twitter:creator\" content=\"@global_attitude\" \/>\n<meta name=\"twitter:site\" content=\"@global_attitude\" \/>\n<meta name=\"twitter:label1\" content=\"Written by\" \/>\n\t<meta name=\"twitter:data1\" content=\"123esite\" \/>\n\t<meta name=\"twitter:label2\" content=\"Est. reading time\" \/>\n\t<meta name=\"twitter:data2\" content=\"5 minutes\" \/>\n<script type=\"application\/ld+json\" class=\"yoast-schema-graph\">{\"@context\":\"https:\\\/\\\/schema.org\",\"@graph\":[{\"@type\":[\"Article\",\"BlogPosting\"],\"@id\":\"https:\\\/\\\/globalattitude.org.br\\\/jovens-brasileiros-participarao-do-oecd-forum-2018-conheca-delegacao\\\/#article\",\"isPartOf\":{\"@id\":\"https:\\\/\\\/globalattitude.org.br\\\/jovens-brasileiros-participarao-do-oecd-forum-2018-conheca-delegacao\\\/\"},\"author\":{\"name\":\"123esite\",\"@id\":\"https:\\\/\\\/globalattitude.org.br\\\/en\\\/#\\\/schema\\\/person\\\/6d308f9d9d1eebad0278ad9386f13169\"},\"headline\":\"Jovens brasileiros participar\u00e3o do OECD Forum 2018. Conhe\u00e7a delega\u00e7\u00e3o\",\"datePublished\":\"2018-05-21T18:49:03+00:00\",\"dateModified\":\"2023-03-10T13:35:29+00:00\",\"mainEntityOfPage\":{\"@id\":\"https:\\\/\\\/globalattitude.org.br\\\/jovens-brasileiros-participarao-do-oecd-forum-2018-conheca-delegacao\\\/\"},\"wordCount\":1110,\"commentCount\":0,\"publisher\":{\"@id\":\"https:\\\/\\\/globalattitude.org.br\\\/en\\\/#organization\"},\"image\":{\"@id\":\"https:\\\/\\\/globalattitude.org.br\\\/jovens-brasileiros-participarao-do-oecd-forum-2018-conheca-delegacao\\\/#primaryimage\"},\"thumbnailUrl\":\"https:\\\/\\\/globalattitude.org.br\\\/wp-content\\\/uploads\\\/2023\\\/03\\\/Breno.png\",\"articleSection\":[\"Programas\",\"\u00daltimas\"],\"inLanguage\":\"en-US\",\"potentialAction\":[{\"@type\":\"CommentAction\",\"name\":\"Comment\",\"target\":[\"https:\\\/\\\/globalattitude.org.br\\\/jovens-brasileiros-participarao-do-oecd-forum-2018-conheca-delegacao\\\/#respond\"]}]},{\"@type\":\"WebPage\",\"@id\":\"https:\\\/\\\/globalattitude.org.br\\\/jovens-brasileiros-participarao-do-oecd-forum-2018-conheca-delegacao\\\/\",\"url\":\"https:\\\/\\\/globalattitude.org.br\\\/jovens-brasileiros-participarao-do-oecd-forum-2018-conheca-delegacao\\\/\",\"name\":\"Jovens brasileiros participar\u00e3o do OECD Forum 2018. Conhe\u00e7a delega\u00e7\u00e3o - Instituto Global Attitude\",\"isPartOf\":{\"@id\":\"https:\\\/\\\/globalattitude.org.br\\\/en\\\/#website\"},\"primaryImageOfPage\":{\"@id\":\"https:\\\/\\\/globalattitude.org.br\\\/jovens-brasileiros-participarao-do-oecd-forum-2018-conheca-delegacao\\\/#primaryimage\"},\"image\":{\"@id\":\"https:\\\/\\\/globalattitude.org.br\\\/jovens-brasileiros-participarao-do-oecd-forum-2018-conheca-delegacao\\\/#primaryimage\"},\"thumbnailUrl\":\"https:\\\/\\\/globalattitude.org.br\\\/wp-content\\\/uploads\\\/2023\\\/03\\\/Breno.png\",\"datePublished\":\"2018-05-21T18:49:03+00:00\",\"dateModified\":\"2023-03-10T13:35:29+00:00\",\"breadcrumb\":{\"@id\":\"https:\\\/\\\/globalattitude.org.br\\\/jovens-brasileiros-participarao-do-oecd-forum-2018-conheca-delegacao\\\/#breadcrumb\"},\"inLanguage\":\"en-US\",\"potentialAction\":[{\"@type\":\"ReadAction\",\"target\":[\"https:\\\/\\\/globalattitude.org.br\\\/jovens-brasileiros-participarao-do-oecd-forum-2018-conheca-delegacao\\\/\"]}]},{\"@type\":\"ImageObject\",\"inLanguage\":\"en-US\",\"@id\":\"https:\\\/\\\/globalattitude.org.br\\\/jovens-brasileiros-participarao-do-oecd-forum-2018-conheca-delegacao\\\/#primaryimage\",\"url\":\"https:\\\/\\\/globalattitude.org.br\\\/wp-content\\\/uploads\\\/2023\\\/03\\\/Breno.png\",\"contentUrl\":\"https:\\\/\\\/globalattitude.org.br\\\/wp-content\\\/uploads\\\/2023\\\/03\\\/Breno.png\",\"width\":432,\"height\":432},{\"@type\":\"BreadcrumbList\",\"@id\":\"https:\\\/\\\/globalattitude.org.br\\\/jovens-brasileiros-participarao-do-oecd-forum-2018-conheca-delegacao\\\/#breadcrumb\",\"itemListElement\":[{\"@type\":\"ListItem\",\"position\":1,\"name\":\"In\u00edcio\",\"item\":\"https:\\\/\\\/globalattitude.org.br\\\/en\\\/\"},{\"@type\":\"ListItem\",\"position\":2,\"name\":\"Jovens brasileiros participar\u00e3o do OECD Forum 2018. Conhe\u00e7a delega\u00e7\u00e3o\"}]},{\"@type\":\"WebSite\",\"@id\":\"https:\\\/\\\/globalattitude.org.br\\\/en\\\/#website\",\"url\":\"https:\\\/\\\/globalattitude.org.br\\\/en\\\/\",\"name\":\"Instituto Global Attitude\",\"description\":\"\",\"publisher\":{\"@id\":\"https:\\\/\\\/globalattitude.org.br\\\/en\\\/#organization\"},\"potentialAction\":[{\"@type\":\"SearchAction\",\"target\":{\"@type\":\"EntryPoint\",\"urlTemplate\":\"https:\\\/\\\/globalattitude.org.br\\\/en\\\/?s={search_term_string}\"},\"query-input\":{\"@type\":\"PropertyValueSpecification\",\"valueRequired\":true,\"valueName\":\"search_term_string\"}}],\"inLanguage\":\"en-US\"},{\"@type\":\"Organization\",\"@id\":\"https:\\\/\\\/globalattitude.org.br\\\/en\\\/#organization\",\"name\":\"Instituto Global Attitude\",\"url\":\"https:\\\/\\\/globalattitude.org.br\\\/en\\\/\",\"logo\":{\"@type\":\"ImageObject\",\"inLanguage\":\"en-US\",\"@id\":\"https:\\\/\\\/globalattitude.org.br\\\/en\\\/#\\\/schema\\\/logo\\\/image\\\/\",\"url\":\"https:\\\/\\\/globalattitude.org.br\\\/wp-content\\\/uploads\\\/2023\\\/01\\\/instituto-global-attitude-color.png\",\"contentUrl\":\"https:\\\/\\\/globalattitude.org.br\\\/wp-content\\\/uploads\\\/2023\\\/01\\\/instituto-global-attitude-color.png\",\"width\":300,\"height\":131,\"caption\":\"Instituto Global Attitude\"},\"image\":{\"@id\":\"https:\\\/\\\/globalattitude.org.br\\\/en\\\/#\\\/schema\\\/logo\\\/image\\\/\"},\"sameAs\":[\"https:\\\/\\\/www.facebook.com\\\/global.attitude.org\\\/\",\"https:\\\/\\\/x.com\\\/global_attitude\",\"https:\\\/\\\/www.instagram.com\\\/globalattitude\",\"https:\\\/\\\/www.linkedin.com\\\/company\\\/global-attitude\\\/?viewAsMember=true\"]},{\"@type\":\"Person\",\"@id\":\"https:\\\/\\\/globalattitude.org.br\\\/en\\\/#\\\/schema\\\/person\\\/6d308f9d9d1eebad0278ad9386f13169\",\"name\":\"123esite\",\"image\":{\"@type\":\"ImageObject\",\"inLanguage\":\"en-US\",\"@id\":\"https:\\\/\\\/secure.gravatar.com\\\/avatar\\\/07bd71fac19f42004f2b73567f012e126689afdb23cb0017536dea9113ba1806?s=96&d=mm&r=g\",\"url\":\"https:\\\/\\\/secure.gravatar.com\\\/avatar\\\/07bd71fac19f42004f2b73567f012e126689afdb23cb0017536dea9113ba1806?s=96&d=mm&r=g\",\"contentUrl\":\"https:\\\/\\\/secure.gravatar.com\\\/avatar\\\/07bd71fac19f42004f2b73567f012e126689afdb23cb0017536dea9113ba1806?s=96&d=mm&r=g\",\"caption\":\"123esite\"},\"sameAs\":[\"http:\\\/\\\/globalattitude.org.br\"],\"url\":\"https:\\\/\\\/globalattitude.org.br\\\/en\\\/author\\\/123esite\\\/\"}]}<\/script>\n<!-- \/ Yoast SEO plugin. -->","yoast_head_json":{"title":"Jovens brasileiros participar\u00e3o do OECD Forum 2018. Conhe\u00e7a delega\u00e7\u00e3o - Instituto Global Attitude","robots":{"index":"index","follow":"follow","max-snippet":"max-snippet:-1","max-image-preview":"max-image-preview:large","max-video-preview":"max-video-preview:-1"},"canonical":"https:\/\/globalattitude.org.br\/jovens-brasileiros-participarao-do-oecd-forum-2018-conheca-delegacao\/","og_locale":"en_US","og_type":"article","og_title":"Jovens brasileiros participar\u00e3o do OECD Forum 2018. Conhe\u00e7a delega\u00e7\u00e3o - Instituto Global Attitude","og_description":"Oito jovens brasileiros comp\u00f5em a delega\u00e7\u00e3o do programa Diplomacia Civil que ir\u00e1 ao OECD Forum 2018, evento anual promovido pela Organiza\u00e7\u00e3o para Coopera\u00e7\u00e3o e Desenvolvimento Econ\u00f4mico (OECD, na sigla em ingl\u00eas), que acontece entre os dias 29 e 30 de maio, em Paris, Fran\u00e7a. Sob o tema \u201cO Que Nos Une?\u201d, o evento\u00a0\u00e9 uma oportunidade [&hellip;]","og_url":"https:\/\/globalattitude.org.br\/jovens-brasileiros-participarao-do-oecd-forum-2018-conheca-delegacao\/","og_site_name":"Instituto Global Attitude","article_publisher":"https:\/\/www.facebook.com\/global.attitude.org\/","article_published_time":"2018-05-21T18:49:03+00:00","article_modified_time":"2023-03-10T13:35:29+00:00","og_image":[{"width":432,"height":432,"url":"https:\/\/globalattitude.org.br\/wp-content\/uploads\/2023\/03\/Breno.png","type":"image\/png"}],"author":"123esite","twitter_card":"summary_large_image","twitter_creator":"@global_attitude","twitter_site":"@global_attitude","twitter_misc":{"Written by":"123esite","Est. reading time":"5 minutes"},"schema":{"@context":"https:\/\/schema.org","@graph":[{"@type":["Article","BlogPosting"],"@id":"https:\/\/globalattitude.org.br\/jovens-brasileiros-participarao-do-oecd-forum-2018-conheca-delegacao\/#article","isPartOf":{"@id":"https:\/\/globalattitude.org.br\/jovens-brasileiros-participarao-do-oecd-forum-2018-conheca-delegacao\/"},"author":{"name":"123esite","@id":"https:\/\/globalattitude.org.br\/en\/#\/schema\/person\/6d308f9d9d1eebad0278ad9386f13169"},"headline":"Jovens brasileiros participar\u00e3o do OECD Forum 2018. Conhe\u00e7a delega\u00e7\u00e3o","datePublished":"2018-05-21T18:49:03+00:00","dateModified":"2023-03-10T13:35:29+00:00","mainEntityOfPage":{"@id":"https:\/\/globalattitude.org.br\/jovens-brasileiros-participarao-do-oecd-forum-2018-conheca-delegacao\/"},"wordCount":1110,"commentCount":0,"publisher":{"@id":"https:\/\/globalattitude.org.br\/en\/#organization"},"image":{"@id":"https:\/\/globalattitude.org.br\/jovens-brasileiros-participarao-do-oecd-forum-2018-conheca-delegacao\/#primaryimage"},"thumbnailUrl":"https:\/\/globalattitude.org.br\/wp-content\/uploads\/2023\/03\/Breno.png","articleSection":["Programas","\u00daltimas"],"inLanguage":"en-US","potentialAction":[{"@type":"CommentAction","name":"Comment","target":["https:\/\/globalattitude.org.br\/jovens-brasileiros-participarao-do-oecd-forum-2018-conheca-delegacao\/#respond"]}]},{"@type":"WebPage","@id":"https:\/\/globalattitude.org.br\/jovens-brasileiros-participarao-do-oecd-forum-2018-conheca-delegacao\/","url":"https:\/\/globalattitude.org.br\/jovens-brasileiros-participarao-do-oecd-forum-2018-conheca-delegacao\/","name":"Jovens brasileiros participar\u00e3o do OECD Forum 2018. Conhe\u00e7a delega\u00e7\u00e3o - Instituto Global Attitude","isPartOf":{"@id":"https:\/\/globalattitude.org.br\/en\/#website"},"primaryImageOfPage":{"@id":"https:\/\/globalattitude.org.br\/jovens-brasileiros-participarao-do-oecd-forum-2018-conheca-delegacao\/#primaryimage"},"image":{"@id":"https:\/\/globalattitude.org.br\/jovens-brasileiros-participarao-do-oecd-forum-2018-conheca-delegacao\/#primaryimage"},"thumbnailUrl":"https:\/\/globalattitude.org.br\/wp-content\/uploads\/2023\/03\/Breno.png","datePublished":"2018-05-21T18:49:03+00:00","dateModified":"2023-03-10T13:35:29+00:00","breadcrumb":{"@id":"https:\/\/globalattitude.org.br\/jovens-brasileiros-participarao-do-oecd-forum-2018-conheca-delegacao\/#breadcrumb"},"inLanguage":"en-US","potentialAction":[{"@type":"ReadAction","target":["https:\/\/globalattitude.org.br\/jovens-brasileiros-participarao-do-oecd-forum-2018-conheca-delegacao\/"]}]},{"@type":"ImageObject","inLanguage":"en-US","@id":"https:\/\/globalattitude.org.br\/jovens-brasileiros-participarao-do-oecd-forum-2018-conheca-delegacao\/#primaryimage","url":"https:\/\/globalattitude.org.br\/wp-content\/uploads\/2023\/03\/Breno.png","contentUrl":"https:\/\/globalattitude.org.br\/wp-content\/uploads\/2023\/03\/Breno.png","width":432,"height":432},{"@type":"BreadcrumbList","@id":"https:\/\/globalattitude.org.br\/jovens-brasileiros-participarao-do-oecd-forum-2018-conheca-delegacao\/#breadcrumb","itemListElement":[{"@type":"ListItem","position":1,"name":"In\u00edcio","item":"https:\/\/globalattitude.org.br\/en\/"},{"@type":"ListItem","position":2,"name":"Jovens brasileiros participar\u00e3o do OECD Forum 2018. Conhe\u00e7a delega\u00e7\u00e3o"}]},{"@type":"WebSite","@id":"https:\/\/globalattitude.org.br\/en\/#website","url":"https:\/\/globalattitude.org.br\/en\/","name":"Instituto Global Attitude","description":"","publisher":{"@id":"https:\/\/globalattitude.org.br\/en\/#organization"},"potentialAction":[{"@type":"SearchAction","target":{"@type":"EntryPoint","urlTemplate":"https:\/\/globalattitude.org.br\/en\/?s={search_term_string}"},"query-input":{"@type":"PropertyValueSpecification","valueRequired":true,"valueName":"search_term_string"}}],"inLanguage":"en-US"},{"@type":"Organization","@id":"https:\/\/globalattitude.org.br\/en\/#organization","name":"Instituto Global Attitude","url":"https:\/\/globalattitude.org.br\/en\/","logo":{"@type":"ImageObject","inLanguage":"en-US","@id":"https:\/\/globalattitude.org.br\/en\/#\/schema\/logo\/image\/","url":"https:\/\/globalattitude.org.br\/wp-content\/uploads\/2023\/01\/instituto-global-attitude-color.png","contentUrl":"https:\/\/globalattitude.org.br\/wp-content\/uploads\/2023\/01\/instituto-global-attitude-color.png","width":300,"height":131,"caption":"Instituto Global Attitude"},"image":{"@id":"https:\/\/globalattitude.org.br\/en\/#\/schema\/logo\/image\/"},"sameAs":["https:\/\/www.facebook.com\/global.attitude.org\/","https:\/\/x.com\/global_attitude","https:\/\/www.instagram.com\/globalattitude","https:\/\/www.linkedin.com\/company\/global-attitude\/?viewAsMember=true"]},{"@type":"Person","@id":"https:\/\/globalattitude.org.br\/en\/#\/schema\/person\/6d308f9d9d1eebad0278ad9386f13169","name":"123esite","image":{"@type":"ImageObject","inLanguage":"en-US","@id":"https:\/\/secure.gravatar.com\/avatar\/07bd71fac19f42004f2b73567f012e126689afdb23cb0017536dea9113ba1806?s=96&d=mm&r=g","url":"https:\/\/secure.gravatar.com\/avatar\/07bd71fac19f42004f2b73567f012e126689afdb23cb0017536dea9113ba1806?s=96&d=mm&r=g","contentUrl":"https:\/\/secure.gravatar.com\/avatar\/07bd71fac19f42004f2b73567f012e126689afdb23cb0017536dea9113ba1806?s=96&d=mm&r=g","caption":"123esite"},"sameAs":["http:\/\/globalattitude.org.br"],"url":"https:\/\/globalattitude.org.br\/en\/author\/123esite\/"}]}},"_links":{"self":[{"href":"https:\/\/globalattitude.org.br\/en\/wp-json\/wp\/v2\/posts\/2297","targetHints":{"allow":["GET"]}}],"collection":[{"href":"https:\/\/globalattitude.org.br\/en\/wp-json\/wp\/v2\/posts"}],"about":[{"href":"https:\/\/globalattitude.org.br\/en\/wp-json\/wp\/v2\/types\/post"}],"author":[{"embeddable":true,"href":"https:\/\/globalattitude.org.br\/en\/wp-json\/wp\/v2\/users\/1"}],"replies":[{"embeddable":true,"href":"https:\/\/globalattitude.org.br\/en\/wp-json\/wp\/v2\/comments?post=2297"}],"version-history":[{"count":1,"href":"https:\/\/globalattitude.org.br\/en\/wp-json\/wp\/v2\/posts\/2297\/revisions"}],"predecessor-version":[{"id":2305,"href":"https:\/\/globalattitude.org.br\/en\/wp-json\/wp\/v2\/posts\/2297\/revisions\/2305"}],"wp:featuredmedia":[{"embeddable":true,"href":"https:\/\/globalattitude.org.br\/en\/wp-json\/wp\/v2\/media\/2298"}],"wp:attachment":[{"href":"https:\/\/globalattitude.org.br\/en\/wp-json\/wp\/v2\/media?parent=2297"}],"wp:term":[{"taxonomy":"category","embeddable":true,"href":"https:\/\/globalattitude.org.br\/en\/wp-json\/wp\/v2\/categories?post=2297"},{"taxonomy":"post_tag","embeddable":true,"href":"https:\/\/globalattitude.org.br\/en\/wp-json\/wp\/v2\/tags?post=2297"}],"curies":[{"name":"wp","href":"https:\/\/api.w.org\/{rel}","templated":true}]}}