{"id":2314,"date":"2018-05-25T20:25:06","date_gmt":"2018-05-25T23:25:06","guid":{"rendered":"https:\/\/globalattitude.org.br\/delegacao-se-prepara-para-evento-da-comissao-europeia-sobre-direitos-da-mulher\/"},"modified":"2023-03-10T10:35:50","modified_gmt":"2023-03-10T13:35:50","slug":"delegacao-se-prepara-para-evento-da-comissao-europeia-sobre-direitos-da-mulher","status":"publish","type":"post","link":"https:\/\/globalattitude.org.br\/en\/delegacao-se-prepara-para-evento-da-comissao-europeia-sobre-direitos-da-mulher\/","title":{"rendered":"Delega\u00e7\u00e3o se prepara para evento da Comiss\u00e3o Europeia sobre direitos da mulher"},"content":{"rendered":"<p>Parabenizamos os nove delegados do programa Diplomacia Civil que participar\u00e3o do <strong>European Development Days 2018<\/strong> (EDD), evento que h\u00e1 12 anos \u00e9 promovido pela Comiss\u00e3o Europeia, realizado em Bruxelas, B\u00e9lgica, entre os dias 3 e 8 de junho.<\/p>\n<p>Este \u00e9\u00a0o principal f\u00f3rum europeu sobre coopera\u00e7\u00e3o e desenvolvimento internacional, reunindo mais de 6 mil participantes de 140 pa\u00edses. Este ano, o evento baseia-se no tema \u201cWomen and Girls at the Forefront of Sustainable Development: protect, empower, invest\u201d, focando no comprometimento da Uni\u00e3o Europeia com a igualdade de g\u00eanero e empoderamento da mulher segundo a Agenda 2030 para o Desenvolvimento Sustent\u00e1vel.<\/p>\n<p class=\"p1\">O EDD englobar\u00e1 as discuss\u00f5es desta edi\u00e7\u00e3o em tr\u00eas tem\u00e1ticas, tomadas como prioridades para o contexto atual, sendo elas:\u00a0assegurar a integridade f\u00edsica e psicol\u00f3gica de meninas e mulheres;\u00a0promover os direitos e empoderamento econ\u00f4mico e social para meninas e mulheres; e fortalecer a voz e participa\u00e7\u00e3o de meninas e mulheres.<\/p>\n<p class=\"p1\">Como\u00a0parte do programa, os delegados\u00a0contam com cinco workshops preparat\u00f3rios para\u00a0o evento e est\u00e3o em fase de\u00a0produ\u00e7\u00e3o\u00a0dos artigos, com temas sugeridos por eles mesmos, orientados por\u00a0um professor especialista. A delega\u00e7\u00e3o\u00a0participar\u00e1 das palestras e debates do evento e contar\u00e1, ainda, com uma\u00a0agenda exclusiva de reuni\u00f5es e encontros com l\u00edderes e especialistas, promovidos pela coordena\u00e7\u00e3o do Diplomacia Civil.<\/p>\n<p><strong>Conhe\u00e7a a delega\u00e7\u00e3o:<\/strong><\/p>\n<p><strong><a href=\"http:\/\/globalattitude.org.br\/wp-content\/uploads\/2023\/03\/Ana-Claudia.png\"><img decoding=\"async\" class=\"alignleft wp-image-4106\" src=\"http:\/\/globalattitude.org.br\/wp-content\/uploads\/2023\/03\/Ana-Claudia-300x300.png\" alt=\"\" width=\"200\" height=\"200\" \/><\/a>Ana Cl\u00e1udia Cruz<\/strong> \u00e9 graduanda em Rela\u00e7\u00f5es Internacionais pela Pontif\u00edcia Universidade Cat\u00f3lica de Minas Gerais. Atualmente trabalha na C\u00e2mara Americana de Com\u00e9rcio &#8211; Belo Horizonte, auxiliando na promo\u00e7\u00e3o de conte\u00fado por meio da organiza\u00e7\u00e3o de diversos comit\u00eas empresariais e eventos, al\u00e9m de atuar na \u00e1rea de Internacionaliza\u00e7\u00e3o e Com\u00e9rcio Exterior. Tamb\u00e9m faz parte da \u00e1rea de Ensino e Pesquisa do Centro Acad\u00eamico Immanuel Kant (CAIK). Foi Diretora Assistente do comit\u00ea UNASUL no projeto de extens\u00e3o da PUC Minas, o MINIONU, em 2016.<\/p>\n<p>&nbsp;<\/p>\n<p><strong>\u00a0<a href=\"http:\/\/globalattitude.org.br\/wp-content\/uploads\/2023\/03\/Camila.jpeg\"><img decoding=\"async\" class=\"alignleft wp-image-4112\" src=\"http:\/\/globalattitude.org.br\/wp-content\/uploads\/2023\/03\/Camila-300x300.jpeg\" alt=\"\" width=\"200\" height=\"200\" \/><\/a>Camila Cavagnoli<\/strong> \u00e9 graduanda em Rela\u00e7\u00f5es Internacionais pela Pontif\u00edcia Universidade Cat\u00f3lica de S\u00e3o Paulo (PUC-SP), estudou ingl\u00eas em um curso de curta dura\u00e7\u00e3o na University of Portsmouth, Inglaterra, e realizou parte do ensino m\u00e9dio em Sunshine Beach State High School, Austr\u00e1lia. Atualmente \u00e9 presidente da Prisma Consultoria Internacional, empresa j\u00fanior do curso de RI da PUC-SP, tendo exercido o cargo de diretora de Neg\u00f3cios no ano anterior. Tamb\u00e9m \u00e9 professora-monitora no Col\u00e9gio Bandeirantes, como parte do projeto MONU-EM, ministrando aulas de atualidades na geopol\u00edtica para secundaristas. Participou de mais de dez simula\u00e7\u00f5es da ONU, incluindo\u00a0participa\u00e7\u00e3o da mesa diretora de comit\u00eas.<\/p>\n<p><strong><a href=\"http:\/\/globalattitude.org.br\/wp-content\/uploads\/2023\/03\/Carolina.jpg\"><img decoding=\"async\" class=\"alignleft wp-image-4118\" src=\"http:\/\/globalattitude.org.br\/wp-content\/uploads\/2023\/03\/Carolina-300x300.jpg\" alt=\"\" width=\"200\" height=\"200\" \/><\/a>Carolina Lanna<\/strong> \u00e9 graduanda em Rela\u00e7\u00f5es Internacionais e Direito pela Pontif\u00edcia Universidade Cat\u00f3lica de Minas Gerais (PUC-MG). J\u00e1 participou de diversas simula\u00e7\u00f5es inter-colegiais de f\u00f3runs internacionais como delegada. Durante os cursos, envolveu-se com o projeto de extens\u00e3o do \u00e2mbito acad\u00eamico MINIONU, o maior modelo intercolegial da ONU na Am\u00e9rica Latina, j\u00e1 tendo sido volunt\u00e1ria e, atualmente, \u00e9 diretora assistente do comit\u00ea que trata sobre a disputa no mar do Sul da China e as quest\u00f5es das ilhas artificiais na Associa\u00e7\u00e3o das Na\u00e7\u00f5es Unidas do Sudeste Asi\u00e1tico (ASEAN). Possui grande interesse na \u00e1rea de empoderamento e prote\u00e7\u00e3o da mulher.<\/p>\n<p><a href=\"http:\/\/globalattitude.org.br\/wp-content\/uploads\/2023\/03\/Claudia.jpg\"><img loading=\"lazy\" decoding=\"async\" class=\"alignleft wp-image-4107\" src=\"http:\/\/globalattitude.org.br\/wp-content\/uploads\/2023\/03\/Claudia-300x300.jpg\" alt=\"\" width=\"200\" height=\"200\" \/><\/a><\/p>\n<p><strong>Cl\u00e1udia Arai<\/strong> \u00e9 bacharel em Letras (Lingu\u00edstica e Portugu\u00eas) e Rela\u00e7\u00f5es Internacionais, ambos pela Universidade de S\u00e3o Paulo (USP). Possui tamb\u00e9m especializa\u00e7\u00e3o em Projetos Sociais e Pol\u00edticas P\u00fablicas pelo SENAC. Atuou na Secretaria de Direitos Humanos da Presid\u00eancia da Rep\u00fablica (SDH\/PR), no Conselho de Defesa dos Direitos da Pessoa Humana (CDDPH) e na Assessoria Internacional, tratando de temas relacionados \u00e0 participa\u00e7\u00e3o social, empresas e direitos humanos, g\u00eanero, recomenda\u00e7\u00f5es internacionais, dentre outros. Acompanhou miss\u00f5es de grupos de trabalho das Na\u00e7\u00f5es Unidas ao Brasil e trabalhou no I e II F\u00f3rum Mundial de Direitos Humanos (FMDH). Atualmente, \u00e9 mestranda no Programa de P\u00f3s-Gradua\u00e7\u00e3o em Rela\u00e7\u00f5es Internacionais do Instituto de Rela\u00e7\u00f5es Internacionais (PPGRI\/IRI) da USP, com pesquisa voltada ao papel das organiza\u00e7\u00f5es internacionais na formula\u00e7\u00e3o das pol\u00edticas nacionais.<\/p>\n<p><span style=\"font-weight: 400;\"><strong><a href=\"http:\/\/globalattitude.org.br\/wp-content\/uploads\/2023\/03\/Gabriel.png\"><img loading=\"lazy\" decoding=\"async\" class=\"alignleft wp-image-4108\" src=\"http:\/\/globalattitude.org.br\/wp-content\/uploads\/2023\/03\/Gabriel-300x300.png\" alt=\"\" width=\"200\" height=\"200\" \/><\/a>Gabriel Rezende<\/strong> \u00e9\u00a0graduando em Direito pela Pontif\u00edcia Universidade Cat\u00f3lica do Rio de Janeiro (PUC-RJ). Foi aluno da C\u00e1tedra Jean Monnet, no curso &#8220;Regionalismo Comparado&#8221;, oferecido pela Uni\u00e3o Europeia, em parceria com a Funda\u00e7\u00e3o Get\u00falio Vargas (FGV-Rio), com o objetivo de estimular o ensino, a pesquisa e a reflex\u00e3o de temas relacionados \u00e0 integra\u00e7\u00e3o europeia em institui\u00e7\u00f5es de ensino superior. J\u00e1 foi estagi\u00e1rio na Procuradoria do Estado do Rio de Janeiro, na Defensoria do Estado do Rio de Janeiro e em escrit\u00f3rio de advocacia, onde trabalhou com propriedade intelectual internacional. Atualmente, \u00e9 pesquisador bolsista do Conselho Nacional de Desenvolvimento Cient\u00edfico e Tecnol\u00f3gico (CNPq), com pesquisa voltada para o direito ambiental internacional.<\/span><\/p>\n<p><strong><a href=\"http:\/\/globalattitude.org.br\/wp-content\/uploads\/2023\/03\/Gabriela-Machado.png\"><img loading=\"lazy\" decoding=\"async\" class=\"alignleft wp-image-4109\" src=\"http:\/\/globalattitude.org.br\/wp-content\/uploads\/2023\/03\/Gabriela-Machado-300x300.png\" alt=\"\" width=\"200\" height=\"200\" \/><\/a>Gabriela Machado<\/strong>\u00a0\u00e9 graduanda em Direito pela Pontif\u00edcia Universidade Cat\u00f3lica do Rio de Janeiro (PUC-RJ).\u00a0Foi estagi\u00e1ria na 2\u00aa Vice-Presid\u00eancia Criminal do Tribunal de Justi\u00e7a do Rio de Janeiro e hoje atua na \u00e1rea de Contencioso Civil no escrit\u00f3rio de advocacia Bruno Calfat Advogados.\u00a0Antes de ingressar na universidade, morou em Bournemouth, Inglaterra, onde obteve diploma de profici\u00eancia na l\u00edngua inglesa. Atualmente se encontra em n\u00edvel intermedi\u00e1rio no curso de l\u00ednguas, Alian\u00e7a Francesa. Como volunt\u00e1ria, atua em pesquisa coordenada na PUC-Rio, a qual tem como tem\u00e1tica o nepotismo no territ\u00f3rio brasileiro.<\/p>\n<p><span style=\"font-weight: 400;\"><strong><a href=\"http:\/\/globalattitude.org.br\/wp-content\/uploads\/2023\/03\/Juliana.jpg\"><img loading=\"lazy\" decoding=\"async\" class=\"alignleft wp-image-4110\" src=\"http:\/\/globalattitude.org.br\/wp-content\/uploads\/2023\/03\/Juliana-300x300.jpg\" alt=\"\" width=\"200\" height=\"200\" \/><\/a>Juliana Moreschi<\/strong> \u00e9 advogada com especializa\u00e7\u00e3o em Direito Internacional pela Escola Paulista de Direito, onde desenvolveu o trabalho de pesquisa intitulado \u201cS\u00edria: Uma an\u00e1lise da crise humanit\u00e1ria sob a perspectiva da Responsabilidade de Proteger\u201d. Teve seu artigo \u201cExploring Article 50 TEU today: Brexit\u2019s legal foundation, euro-skepticism and populist forces in Europe\u201d publicado no Jean-Monnet Supplement, organizado pelo Instituto de Rela\u00e7\u00f5es Internacionais da Universidade de S\u00e3o Paulo, em parceria com o Centro de Estudos das Negocia\u00e7\u00f5es Internacionais no Programa Brasil-UE. Atualmente, trabalha como volunt\u00e1ria no Centro de Refer\u00eancia para Refugiados da Caritas Arquidiocesana de S\u00e3o Paulo, onde fornece apoio ao corpo jur\u00eddico e desenvolve pesquisas relacionadas a diversas tem\u00e1ticas; em especial,\u00a0relacionadas aos pa\u00edses de origem dos refugiados.<\/span><\/p>\n<p><a href=\"http:\/\/globalattitude.org.br\/wp-content\/uploads\/2023\/03\/Natalia.png\"><img loading=\"lazy\" decoding=\"async\" class=\"alignleft wp-image-4111\" src=\"http:\/\/globalattitude.org.br\/wp-content\/uploads\/2023\/03\/Natalia-300x300.png\" alt=\"\" width=\"200\" height=\"200\" \/><\/a><strong>Natalia Mart\u00ednez Aguayo<\/strong> \u00e9 cirurgi\u00e3-dentista, graduada pelas Faculdades Metropolitanas Unidas (FMU) e especialista em Odontologia Legal pela Universidade de S\u00e3o Paulo de Ribeir\u00e3o Preto (USP\/FUNORP). Propriet\u00e1ria,\u00a0respons\u00e1vel t\u00e9cnica e administrativa de Cl\u00ednica Oro Odontologia e Sa\u00fade Ltda., realizando tamb\u00e9m a gest\u00e3o de pessoas e equipe de trabalho. Atua\u00a0como auditora interna e externa dentro de cl\u00ednicas particulares e planos odontol\u00f3gicos. Como especialista em Odontologia Legal ou Forense\u00a0trabalha diretamente com a justi\u00e7a, atuando nas esferas: c\u00edveis, criminais e trabalhistas, bem como em processos \u00e9ticos e administrativos.\u00a0Participa do corpo de profissionais como Perita Judicial no Tribunal de Justi\u00e7a de S\u00e3o Paulo.<\/p>\n<p><span style=\"font-weight: 400;\"><strong><a href=\"http:\/\/globalattitude.org.br\/wp-content\/uploads\/2023\/03\/Sarah.jpg\"><img loading=\"lazy\" decoding=\"async\" class=\"alignleft wp-image-4119\" src=\"http:\/\/globalattitude.org.br\/wp-content\/uploads\/2023\/03\/Sarah-300x300.jpg\" alt=\"\" width=\"200\" height=\"200\" \/><\/a>Sarah Goifman<\/strong> \u00e9 rec\u00e9m graduada em Rela\u00e7\u00f5es Econ\u00f4micas Internacionais pela UFMG, tendo um semestre cursado na Alemanha. Durante sua trajet\u00f3ria acad\u00eamica, destacou-se em disciplinas de Economia Pol\u00edtica e Estudos Europeus, al\u00e9m de iniciativas estudantis de Simula\u00e7\u00e3o de Organismos Internacionais. Foi Secret\u00e1ria Acad\u00eamica do evento de simula\u00e7\u00e3o para estudantes universit\u00e1rios TEMAS 13 (2017) e foi idealizadora do comit\u00ea simulado do Parlamento Europeu do TEMAS 12 (2016). Atualmente, se dedica ao estudo da Democracia na Uni\u00e3o Europeia.<\/span><\/p>\n<p>&nbsp;<\/p>\n<p>O\u00a0<strong>Instituto Global Attitude<\/strong>\u00a0agradece a todos os inscritos na sele\u00e7\u00e3o. Para saber tudo sobre o que os delegados estar\u00e3o vivenciando no evento, acompanhe as nossas redes sociais (<a href=\"https:\/\/www.facebook.com\/global.attitude.org\/\">Facebook<\/a>,\u00a0<a href=\"https:\/\/twitter.com\/global_attitude\">Twitter<\/a>\u00a0e\u00a0<a href=\"https:\/\/www.instagram.com\/globalattitude\/\">Instagram<\/a>), onde promovemos a cobertura do programa.<\/p>\n","protected":false},"excerpt":{"rendered":"<p>Parabenizamos os nove delegados do programa Diplomacia Civil que participar\u00e3o do European Development Days 2018 (EDD), evento que h\u00e1 12 anos \u00e9 promovido pela Comiss\u00e3o Europeia, realizado em Bruxelas, B\u00e9lgica, entre os dias 3 e 8 de junho. Este \u00e9\u00a0o principal f\u00f3rum europeu sobre coopera\u00e7\u00e3o e desenvolvimento internacional, reunindo mais de 6 mil participantes de [&hellip;]<\/p>\n","protected":false},"author":1,"featured_media":2315,"comment_status":"open","ping_status":"open","sticky":false,"template":"","format":"standard","meta":{"_acf_changed":false,"om_disable_all_campaigns":false,"_monsterinsights_skip_tracking":false,"_monsterinsights_sitenote_active":false,"_monsterinsights_sitenote_note":"","_monsterinsights_sitenote_category":0,"_uf_show_specific_survey":0,"_uf_disable_surveys":false,"footnotes":""},"categories":[22,34],"tags":[],"class_list":["post-2314","post","type-post","status-publish","format-standard","hentry","category-programas","category-ultimas"],"acf":[],"aioseo_notices":[],"yoast_head":"<!-- This site is optimized with the Yoast SEO plugin v27.5 - https:\/\/yoast.com\/product\/yoast-seo-wordpress\/ -->\n<title>Delega\u00e7\u00e3o se prepara para evento da Comiss\u00e3o Europeia sobre direitos da mulher - Instituto Global Attitude<\/title>\n<meta name=\"robots\" content=\"index, follow, max-snippet:-1, max-image-preview:large, max-video-preview:-1\" \/>\n<link rel=\"canonical\" href=\"https:\/\/globalattitude.org.br\/delegacao-se-prepara-para-evento-da-comissao-europeia-sobre-direitos-da-mulher\/\" \/>\n<meta property=\"og:locale\" content=\"en_US\" \/>\n<meta property=\"og:type\" content=\"article\" \/>\n<meta property=\"og:title\" content=\"Delega\u00e7\u00e3o se prepara para evento da Comiss\u00e3o Europeia sobre direitos da mulher - Instituto Global Attitude\" \/>\n<meta property=\"og:description\" content=\"Parabenizamos os nove delegados do programa Diplomacia Civil que participar\u00e3o do European Development Days 2018 (EDD), evento que h\u00e1 12 anos \u00e9 promovido pela Comiss\u00e3o Europeia, realizado em Bruxelas, B\u00e9lgica, entre os dias 3 e 8 de junho. Este \u00e9\u00a0o principal f\u00f3rum europeu sobre coopera\u00e7\u00e3o e desenvolvimento internacional, reunindo mais de 6 mil participantes de [&hellip;]\" \/>\n<meta property=\"og:url\" content=\"https:\/\/globalattitude.org.br\/delegacao-se-prepara-para-evento-da-comissao-europeia-sobre-direitos-da-mulher\/\" \/>\n<meta property=\"og:site_name\" content=\"Instituto Global Attitude\" \/>\n<meta property=\"article:publisher\" content=\"https:\/\/www.facebook.com\/global.attitude.org\/\" \/>\n<meta property=\"article:published_time\" content=\"2018-05-25T23:25:06+00:00\" \/>\n<meta property=\"article:modified_time\" content=\"2023-03-10T13:35:50+00:00\" \/>\n<meta property=\"og:image\" content=\"https:\/\/globalattitude.org.br\/wp-content\/uploads\/2023\/03\/Ana-Claudia.png\" \/>\n\t<meta property=\"og:image:width\" content=\"880\" \/>\n\t<meta property=\"og:image:height\" content=\"880\" \/>\n\t<meta property=\"og:image:type\" content=\"image\/png\" \/>\n<meta name=\"author\" content=\"123esite\" \/>\n<meta name=\"twitter:card\" content=\"summary_large_image\" \/>\n<meta name=\"twitter:creator\" content=\"@global_attitude\" \/>\n<meta name=\"twitter:site\" content=\"@global_attitude\" \/>\n<meta name=\"twitter:label1\" content=\"Written by\" \/>\n\t<meta name=\"twitter:data1\" content=\"123esite\" \/>\n\t<meta name=\"twitter:label2\" content=\"Est. reading time\" \/>\n\t<meta name=\"twitter:data2\" content=\"6 minutes\" \/>\n<script type=\"application\/ld+json\" class=\"yoast-schema-graph\">{\"@context\":\"https:\\\/\\\/schema.org\",\"@graph\":[{\"@type\":[\"Article\",\"BlogPosting\"],\"@id\":\"https:\\\/\\\/globalattitude.org.br\\\/delegacao-se-prepara-para-evento-da-comissao-europeia-sobre-direitos-da-mulher\\\/#article\",\"isPartOf\":{\"@id\":\"https:\\\/\\\/globalattitude.org.br\\\/delegacao-se-prepara-para-evento-da-comissao-europeia-sobre-direitos-da-mulher\\\/\"},\"author\":{\"name\":\"123esite\",\"@id\":\"https:\\\/\\\/globalattitude.org.br\\\/en\\\/#\\\/schema\\\/person\\\/6d308f9d9d1eebad0278ad9386f13169\"},\"headline\":\"Delega\u00e7\u00e3o se prepara para evento da Comiss\u00e3o Europeia sobre direitos da mulher\",\"datePublished\":\"2018-05-25T23:25:06+00:00\",\"dateModified\":\"2023-03-10T13:35:50+00:00\",\"mainEntityOfPage\":{\"@id\":\"https:\\\/\\\/globalattitude.org.br\\\/delegacao-se-prepara-para-evento-da-comissao-europeia-sobre-direitos-da-mulher\\\/\"},\"wordCount\":1313,\"commentCount\":0,\"publisher\":{\"@id\":\"https:\\\/\\\/globalattitude.org.br\\\/en\\\/#organization\"},\"image\":{\"@id\":\"https:\\\/\\\/globalattitude.org.br\\\/delegacao-se-prepara-para-evento-da-comissao-europeia-sobre-direitos-da-mulher\\\/#primaryimage\"},\"thumbnailUrl\":\"https:\\\/\\\/globalattitude.org.br\\\/wp-content\\\/uploads\\\/2023\\\/03\\\/Ana-Claudia.png\",\"articleSection\":[\"Programas\",\"\u00daltimas\"],\"inLanguage\":\"en-US\",\"potentialAction\":[{\"@type\":\"CommentAction\",\"name\":\"Comment\",\"target\":[\"https:\\\/\\\/globalattitude.org.br\\\/delegacao-se-prepara-para-evento-da-comissao-europeia-sobre-direitos-da-mulher\\\/#respond\"]}]},{\"@type\":\"WebPage\",\"@id\":\"https:\\\/\\\/globalattitude.org.br\\\/delegacao-se-prepara-para-evento-da-comissao-europeia-sobre-direitos-da-mulher\\\/\",\"url\":\"https:\\\/\\\/globalattitude.org.br\\\/delegacao-se-prepara-para-evento-da-comissao-europeia-sobre-direitos-da-mulher\\\/\",\"name\":\"Delega\u00e7\u00e3o se prepara para evento da Comiss\u00e3o Europeia sobre direitos da mulher - Instituto Global Attitude\",\"isPartOf\":{\"@id\":\"https:\\\/\\\/globalattitude.org.br\\\/en\\\/#website\"},\"primaryImageOfPage\":{\"@id\":\"https:\\\/\\\/globalattitude.org.br\\\/delegacao-se-prepara-para-evento-da-comissao-europeia-sobre-direitos-da-mulher\\\/#primaryimage\"},\"image\":{\"@id\":\"https:\\\/\\\/globalattitude.org.br\\\/delegacao-se-prepara-para-evento-da-comissao-europeia-sobre-direitos-da-mulher\\\/#primaryimage\"},\"thumbnailUrl\":\"https:\\\/\\\/globalattitude.org.br\\\/wp-content\\\/uploads\\\/2023\\\/03\\\/Ana-Claudia.png\",\"datePublished\":\"2018-05-25T23:25:06+00:00\",\"dateModified\":\"2023-03-10T13:35:50+00:00\",\"breadcrumb\":{\"@id\":\"https:\\\/\\\/globalattitude.org.br\\\/delegacao-se-prepara-para-evento-da-comissao-europeia-sobre-direitos-da-mulher\\\/#breadcrumb\"},\"inLanguage\":\"en-US\",\"potentialAction\":[{\"@type\":\"ReadAction\",\"target\":[\"https:\\\/\\\/globalattitude.org.br\\\/delegacao-se-prepara-para-evento-da-comissao-europeia-sobre-direitos-da-mulher\\\/\"]}]},{\"@type\":\"ImageObject\",\"inLanguage\":\"en-US\",\"@id\":\"https:\\\/\\\/globalattitude.org.br\\\/delegacao-se-prepara-para-evento-da-comissao-europeia-sobre-direitos-da-mulher\\\/#primaryimage\",\"url\":\"https:\\\/\\\/globalattitude.org.br\\\/wp-content\\\/uploads\\\/2023\\\/03\\\/Ana-Claudia.png\",\"contentUrl\":\"https:\\\/\\\/globalattitude.org.br\\\/wp-content\\\/uploads\\\/2023\\\/03\\\/Ana-Claudia.png\",\"width\":880,\"height\":880},{\"@type\":\"BreadcrumbList\",\"@id\":\"https:\\\/\\\/globalattitude.org.br\\\/delegacao-se-prepara-para-evento-da-comissao-europeia-sobre-direitos-da-mulher\\\/#breadcrumb\",\"itemListElement\":[{\"@type\":\"ListItem\",\"position\":1,\"name\":\"In\u00edcio\",\"item\":\"https:\\\/\\\/globalattitude.org.br\\\/en\\\/\"},{\"@type\":\"ListItem\",\"position\":2,\"name\":\"Delega\u00e7\u00e3o se prepara para evento da Comiss\u00e3o Europeia sobre direitos da mulher\"}]},{\"@type\":\"WebSite\",\"@id\":\"https:\\\/\\\/globalattitude.org.br\\\/en\\\/#website\",\"url\":\"https:\\\/\\\/globalattitude.org.br\\\/en\\\/\",\"name\":\"Instituto Global Attitude\",\"description\":\"\",\"publisher\":{\"@id\":\"https:\\\/\\\/globalattitude.org.br\\\/en\\\/#organization\"},\"potentialAction\":[{\"@type\":\"SearchAction\",\"target\":{\"@type\":\"EntryPoint\",\"urlTemplate\":\"https:\\\/\\\/globalattitude.org.br\\\/en\\\/?s={search_term_string}\"},\"query-input\":{\"@type\":\"PropertyValueSpecification\",\"valueRequired\":true,\"valueName\":\"search_term_string\"}}],\"inLanguage\":\"en-US\"},{\"@type\":\"Organization\",\"@id\":\"https:\\\/\\\/globalattitude.org.br\\\/en\\\/#organization\",\"name\":\"Instituto Global Attitude\",\"url\":\"https:\\\/\\\/globalattitude.org.br\\\/en\\\/\",\"logo\":{\"@type\":\"ImageObject\",\"inLanguage\":\"en-US\",\"@id\":\"https:\\\/\\\/globalattitude.org.br\\\/en\\\/#\\\/schema\\\/logo\\\/image\\\/\",\"url\":\"https:\\\/\\\/globalattitude.org.br\\\/wp-content\\\/uploads\\\/2023\\\/01\\\/instituto-global-attitude-color.png\",\"contentUrl\":\"https:\\\/\\\/globalattitude.org.br\\\/wp-content\\\/uploads\\\/2023\\\/01\\\/instituto-global-attitude-color.png\",\"width\":300,\"height\":131,\"caption\":\"Instituto Global Attitude\"},\"image\":{\"@id\":\"https:\\\/\\\/globalattitude.org.br\\\/en\\\/#\\\/schema\\\/logo\\\/image\\\/\"},\"sameAs\":[\"https:\\\/\\\/www.facebook.com\\\/global.attitude.org\\\/\",\"https:\\\/\\\/x.com\\\/global_attitude\",\"https:\\\/\\\/www.instagram.com\\\/globalattitude\",\"https:\\\/\\\/www.linkedin.com\\\/company\\\/global-attitude\\\/?viewAsMember=true\"]},{\"@type\":\"Person\",\"@id\":\"https:\\\/\\\/globalattitude.org.br\\\/en\\\/#\\\/schema\\\/person\\\/6d308f9d9d1eebad0278ad9386f13169\",\"name\":\"123esite\",\"image\":{\"@type\":\"ImageObject\",\"inLanguage\":\"en-US\",\"@id\":\"https:\\\/\\\/secure.gravatar.com\\\/avatar\\\/07bd71fac19f42004f2b73567f012e126689afdb23cb0017536dea9113ba1806?s=96&d=mm&r=g\",\"url\":\"https:\\\/\\\/secure.gravatar.com\\\/avatar\\\/07bd71fac19f42004f2b73567f012e126689afdb23cb0017536dea9113ba1806?s=96&d=mm&r=g\",\"contentUrl\":\"https:\\\/\\\/secure.gravatar.com\\\/avatar\\\/07bd71fac19f42004f2b73567f012e126689afdb23cb0017536dea9113ba1806?s=96&d=mm&r=g\",\"caption\":\"123esite\"},\"sameAs\":[\"http:\\\/\\\/globalattitude.org.br\"],\"url\":\"https:\\\/\\\/globalattitude.org.br\\\/en\\\/author\\\/123esite\\\/\"}]}<\/script>\n<!-- \/ Yoast SEO plugin. -->","yoast_head_json":{"title":"Delega\u00e7\u00e3o se prepara para evento da Comiss\u00e3o Europeia sobre direitos da mulher - Instituto Global Attitude","robots":{"index":"index","follow":"follow","max-snippet":"max-snippet:-1","max-image-preview":"max-image-preview:large","max-video-preview":"max-video-preview:-1"},"canonical":"https:\/\/globalattitude.org.br\/delegacao-se-prepara-para-evento-da-comissao-europeia-sobre-direitos-da-mulher\/","og_locale":"en_US","og_type":"article","og_title":"Delega\u00e7\u00e3o se prepara para evento da Comiss\u00e3o Europeia sobre direitos da mulher - Instituto Global Attitude","og_description":"Parabenizamos os nove delegados do programa Diplomacia Civil que participar\u00e3o do European Development Days 2018 (EDD), evento que h\u00e1 12 anos \u00e9 promovido pela Comiss\u00e3o Europeia, realizado em Bruxelas, B\u00e9lgica, entre os dias 3 e 8 de junho. Este \u00e9\u00a0o principal f\u00f3rum europeu sobre coopera\u00e7\u00e3o e desenvolvimento internacional, reunindo mais de 6 mil participantes de [&hellip;]","og_url":"https:\/\/globalattitude.org.br\/delegacao-se-prepara-para-evento-da-comissao-europeia-sobre-direitos-da-mulher\/","og_site_name":"Instituto Global Attitude","article_publisher":"https:\/\/www.facebook.com\/global.attitude.org\/","article_published_time":"2018-05-25T23:25:06+00:00","article_modified_time":"2023-03-10T13:35:50+00:00","og_image":[{"width":880,"height":880,"url":"https:\/\/globalattitude.org.br\/wp-content\/uploads\/2023\/03\/Ana-Claudia.png","type":"image\/png"}],"author":"123esite","twitter_card":"summary_large_image","twitter_creator":"@global_attitude","twitter_site":"@global_attitude","twitter_misc":{"Written by":"123esite","Est. reading time":"6 minutes"},"schema":{"@context":"https:\/\/schema.org","@graph":[{"@type":["Article","BlogPosting"],"@id":"https:\/\/globalattitude.org.br\/delegacao-se-prepara-para-evento-da-comissao-europeia-sobre-direitos-da-mulher\/#article","isPartOf":{"@id":"https:\/\/globalattitude.org.br\/delegacao-se-prepara-para-evento-da-comissao-europeia-sobre-direitos-da-mulher\/"},"author":{"name":"123esite","@id":"https:\/\/globalattitude.org.br\/en\/#\/schema\/person\/6d308f9d9d1eebad0278ad9386f13169"},"headline":"Delega\u00e7\u00e3o se prepara para evento da Comiss\u00e3o Europeia sobre direitos da mulher","datePublished":"2018-05-25T23:25:06+00:00","dateModified":"2023-03-10T13:35:50+00:00","mainEntityOfPage":{"@id":"https:\/\/globalattitude.org.br\/delegacao-se-prepara-para-evento-da-comissao-europeia-sobre-direitos-da-mulher\/"},"wordCount":1313,"commentCount":0,"publisher":{"@id":"https:\/\/globalattitude.org.br\/en\/#organization"},"image":{"@id":"https:\/\/globalattitude.org.br\/delegacao-se-prepara-para-evento-da-comissao-europeia-sobre-direitos-da-mulher\/#primaryimage"},"thumbnailUrl":"https:\/\/globalattitude.org.br\/wp-content\/uploads\/2023\/03\/Ana-Claudia.png","articleSection":["Programas","\u00daltimas"],"inLanguage":"en-US","potentialAction":[{"@type":"CommentAction","name":"Comment","target":["https:\/\/globalattitude.org.br\/delegacao-se-prepara-para-evento-da-comissao-europeia-sobre-direitos-da-mulher\/#respond"]}]},{"@type":"WebPage","@id":"https:\/\/globalattitude.org.br\/delegacao-se-prepara-para-evento-da-comissao-europeia-sobre-direitos-da-mulher\/","url":"https:\/\/globalattitude.org.br\/delegacao-se-prepara-para-evento-da-comissao-europeia-sobre-direitos-da-mulher\/","name":"Delega\u00e7\u00e3o se prepara para evento da Comiss\u00e3o Europeia sobre direitos da mulher - Instituto Global Attitude","isPartOf":{"@id":"https:\/\/globalattitude.org.br\/en\/#website"},"primaryImageOfPage":{"@id":"https:\/\/globalattitude.org.br\/delegacao-se-prepara-para-evento-da-comissao-europeia-sobre-direitos-da-mulher\/#primaryimage"},"image":{"@id":"https:\/\/globalattitude.org.br\/delegacao-se-prepara-para-evento-da-comissao-europeia-sobre-direitos-da-mulher\/#primaryimage"},"thumbnailUrl":"https:\/\/globalattitude.org.br\/wp-content\/uploads\/2023\/03\/Ana-Claudia.png","datePublished":"2018-05-25T23:25:06+00:00","dateModified":"2023-03-10T13:35:50+00:00","breadcrumb":{"@id":"https:\/\/globalattitude.org.br\/delegacao-se-prepara-para-evento-da-comissao-europeia-sobre-direitos-da-mulher\/#breadcrumb"},"inLanguage":"en-US","potentialAction":[{"@type":"ReadAction","target":["https:\/\/globalattitude.org.br\/delegacao-se-prepara-para-evento-da-comissao-europeia-sobre-direitos-da-mulher\/"]}]},{"@type":"ImageObject","inLanguage":"en-US","@id":"https:\/\/globalattitude.org.br\/delegacao-se-prepara-para-evento-da-comissao-europeia-sobre-direitos-da-mulher\/#primaryimage","url":"https:\/\/globalattitude.org.br\/wp-content\/uploads\/2023\/03\/Ana-Claudia.png","contentUrl":"https:\/\/globalattitude.org.br\/wp-content\/uploads\/2023\/03\/Ana-Claudia.png","width":880,"height":880},{"@type":"BreadcrumbList","@id":"https:\/\/globalattitude.org.br\/delegacao-se-prepara-para-evento-da-comissao-europeia-sobre-direitos-da-mulher\/#breadcrumb","itemListElement":[{"@type":"ListItem","position":1,"name":"In\u00edcio","item":"https:\/\/globalattitude.org.br\/en\/"},{"@type":"ListItem","position":2,"name":"Delega\u00e7\u00e3o se prepara para evento da Comiss\u00e3o Europeia sobre direitos da mulher"}]},{"@type":"WebSite","@id":"https:\/\/globalattitude.org.br\/en\/#website","url":"https:\/\/globalattitude.org.br\/en\/","name":"Instituto Global Attitude","description":"","publisher":{"@id":"https:\/\/globalattitude.org.br\/en\/#organization"},"potentialAction":[{"@type":"SearchAction","target":{"@type":"EntryPoint","urlTemplate":"https:\/\/globalattitude.org.br\/en\/?s={search_term_string}"},"query-input":{"@type":"PropertyValueSpecification","valueRequired":true,"valueName":"search_term_string"}}],"inLanguage":"en-US"},{"@type":"Organization","@id":"https:\/\/globalattitude.org.br\/en\/#organization","name":"Instituto Global Attitude","url":"https:\/\/globalattitude.org.br\/en\/","logo":{"@type":"ImageObject","inLanguage":"en-US","@id":"https:\/\/globalattitude.org.br\/en\/#\/schema\/logo\/image\/","url":"https:\/\/globalattitude.org.br\/wp-content\/uploads\/2023\/01\/instituto-global-attitude-color.png","contentUrl":"https:\/\/globalattitude.org.br\/wp-content\/uploads\/2023\/01\/instituto-global-attitude-color.png","width":300,"height":131,"caption":"Instituto Global Attitude"},"image":{"@id":"https:\/\/globalattitude.org.br\/en\/#\/schema\/logo\/image\/"},"sameAs":["https:\/\/www.facebook.com\/global.attitude.org\/","https:\/\/x.com\/global_attitude","https:\/\/www.instagram.com\/globalattitude","https:\/\/www.linkedin.com\/company\/global-attitude\/?viewAsMember=true"]},{"@type":"Person","@id":"https:\/\/globalattitude.org.br\/en\/#\/schema\/person\/6d308f9d9d1eebad0278ad9386f13169","name":"123esite","image":{"@type":"ImageObject","inLanguage":"en-US","@id":"https:\/\/secure.gravatar.com\/avatar\/07bd71fac19f42004f2b73567f012e126689afdb23cb0017536dea9113ba1806?s=96&d=mm&r=g","url":"https:\/\/secure.gravatar.com\/avatar\/07bd71fac19f42004f2b73567f012e126689afdb23cb0017536dea9113ba1806?s=96&d=mm&r=g","contentUrl":"https:\/\/secure.gravatar.com\/avatar\/07bd71fac19f42004f2b73567f012e126689afdb23cb0017536dea9113ba1806?s=96&d=mm&r=g","caption":"123esite"},"sameAs":["http:\/\/globalattitude.org.br"],"url":"https:\/\/globalattitude.org.br\/en\/author\/123esite\/"}]}},"_links":{"self":[{"href":"https:\/\/globalattitude.org.br\/en\/wp-json\/wp\/v2\/posts\/2314","targetHints":{"allow":["GET"]}}],"collection":[{"href":"https:\/\/globalattitude.org.br\/en\/wp-json\/wp\/v2\/posts"}],"about":[{"href":"https:\/\/globalattitude.org.br\/en\/wp-json\/wp\/v2\/types\/post"}],"author":[{"embeddable":true,"href":"https:\/\/globalattitude.org.br\/en\/wp-json\/wp\/v2\/users\/1"}],"replies":[{"embeddable":true,"href":"https:\/\/globalattitude.org.br\/en\/wp-json\/wp\/v2\/comments?post=2314"}],"version-history":[{"count":1,"href":"https:\/\/globalattitude.org.br\/en\/wp-json\/wp\/v2\/posts\/2314\/revisions"}],"predecessor-version":[{"id":2324,"href":"https:\/\/globalattitude.org.br\/en\/wp-json\/wp\/v2\/posts\/2314\/revisions\/2324"}],"wp:featuredmedia":[{"embeddable":true,"href":"https:\/\/globalattitude.org.br\/en\/wp-json\/wp\/v2\/media\/2315"}],"wp:attachment":[{"href":"https:\/\/globalattitude.org.br\/en\/wp-json\/wp\/v2\/media?parent=2314"}],"wp:term":[{"taxonomy":"category","embeddable":true,"href":"https:\/\/globalattitude.org.br\/en\/wp-json\/wp\/v2\/categories?post=2314"},{"taxonomy":"post_tag","embeddable":true,"href":"https:\/\/globalattitude.org.br\/en\/wp-json\/wp\/v2\/tags?post=2314"}],"curies":[{"name":"wp","href":"https:\/\/api.w.org\/{rel}","templated":true}]}}