{"id":2336,"date":"2018-05-29T15:13:52","date_gmt":"2018-05-29T18:13:52","guid":{"rendered":"https:\/\/globalattitude.org.br\/ultima-delegacao-do-semestre-conheca-os-jovens-que-participarao-de-evento-da-onu-em-nova-york\/"},"modified":"2023-03-10T10:36:18","modified_gmt":"2023-03-10T13:36:18","slug":"ultima-delegacao-do-semestre-conheca-os-jovens-que-participarao-de-evento-da-onu-em-nova-york","status":"publish","type":"post","link":"https:\/\/globalattitude.org.br\/en\/ultima-delegacao-do-semestre-conheca-os-jovens-que-participarao-de-evento-da-onu-em-nova-york\/","title":{"rendered":"\u00daltima delega\u00e7\u00e3o do semestre: conhe\u00e7a os jovens que participar\u00e3o de evento da ONU em Nova York"},"content":{"rendered":"<p>Completando a \u00faltima delega\u00e7\u00e3o do semestre, o Diplomacia Civil anuncia oito jovens selecionados para participar do\u00a0<strong>Forum on Science, Technology and Innovation for the Sustainable Development Goals<\/strong>\u00a0(STI Forum), evento promovido pelo\u00a0Departamento das Na\u00e7\u00f5es Unidas para Assuntos Econ\u00f4micos e Sociais (UN-DESA), realizado entre os dias 3 e 8 de junho, em Nova York, Estados Unidos.<\/p>\n<p class=\"p1\">Passando por sua terceira edi\u00e7\u00e3o este ano, o STI Forum funciona como plataforma de discuss\u00e3o sobre \u00e1reas tem\u00e1ticas para a implementa\u00e7\u00e3o dos Objetivos do Desenvolvimento Sustent\u00e1vel (ODS). O tema desta edi\u00e7\u00e3o\u00a0ser\u00e1 \u201cScience, Technology and Innovation for sustainable and resilient societies\u201d, com foco nos ODS 6 (\u00e1gua pot\u00e1vel e saneamento); 7 (energia limpa e acess\u00edvel); 11 (cidades e comunidades sustent\u00e1veis), 12 (consumo e produ\u00e7\u00e3o respons\u00e1veis); e 15 (vida terrestre).<\/p>\n<p class=\"p1\">Como\u00a0parte do programa, os delegados\u00a0contam com cinco workshops preparat\u00f3rios para\u00a0o evento e est\u00e3o em fase de\u00a0produ\u00e7\u00e3o\u00a0dos artigos, com temas sugeridos por eles mesmos, orientados por\u00a0um professor especialista. A delega\u00e7\u00e3o\u00a0participar\u00e1 das palestras e debates do evento e contar\u00e1, ainda, com uma\u00a0agenda exclusiva de reuni\u00f5es e encontros com l\u00edderes e especialistas, promovidos pela coordena\u00e7\u00e3o do Diplomacia Civil.<\/p>\n<p class=\"p1\"><strong>Conhe\u00e7a a delega\u00e7\u00e3o:<\/strong><\/p>\n<p><strong><a href=\"http:\/\/globalattitude.org.br\/wp-content\/uploads\/2023\/03\/Adriano.jpg\"><img decoding=\"async\" class=\"alignleft wp-image-4125\" src=\"http:\/\/globalattitude.org.br\/wp-content\/uploads\/2023\/03\/Adriano-300x300.jpg\" alt=\"\" width=\"200\" height=\"200\" \/><\/a>Adriano Gouveia<\/strong> \u00e9\u00a0graduado em Engenharia El\u00e9trica e mestre em Energia E\u00f3lica, ambos pela Universidade Federal de Pernambuco. Possui certifica\u00e7\u00e3o WAsP na Universidade T\u00e9cnica da Dinamarca e, atualmente,\u00a0realiza\u00a0MBA Executivo em Administra\u00e7\u00e3o de Neg\u00f3cios do Setor El\u00e9trico na Funda\u00e7\u00e3o Get\u00falio Vargas. Tem experi\u00eancia em projetos de Pesquisa &amp; Desenvolvimento do setor el\u00e9trico, j\u00e1 trabalhou com efici\u00eancia energ\u00e9tica e em f\u00e1brica de turbinas e\u00f3licas de grande porte. Atualmente, \u00e9 gerente da \u00e1rea de Recurso E\u00f3lico e Solar na Neoenergia, empresa do grupo Iberdrola. \u00c9 um entusiasta da \u00e1rea de Energia Renov\u00e1vel e j\u00e1 ministrou palestras sobre o tema em eventos nacionais e internacionais.<\/p>\n<p><b><a href=\"http:\/\/globalattitude.org.br\/wp-content\/uploads\/2023\/03\/Amanda.jpeg\"><img decoding=\"async\" class=\"alignleft wp-image-4126\" src=\"http:\/\/globalattitude.org.br\/wp-content\/uploads\/2023\/03\/Amanda-300x300.jpeg\" alt=\"\" width=\"200\" height=\"200\" \/><\/a>Amanda Chami<\/b><span style=\"font-weight: 400;\"> \u00e9 graduanda em Direito pela Pont\u00edficia Univerdidade Cat\u00f3lica do Rio de Janeiro (PUC-Rio).\u00a0Foi vencedora do 9\u00ba Concurso Nacional de Reda\u00e7\u00e3o da CGU (2017), al\u00e9m de autora de romance publicado \u2014 <\/span><i><span style=\"font-weight: 400;\">Caoduro e Venturini<\/span><\/i><span style=\"font-weight: 400;\">. Representando o Brasil na maior simula\u00e7\u00e3o internacional da ONU (NHSMUN), em Nova York, recebeu o pr\u00eamio de <\/span><i><span style=\"font-weight: 400;\">Outstanding Achievement by a Foreign Language Delegation<\/span><\/i><span style=\"font-weight: 400;\"> e p<\/span><span style=\"font-weight: 400;\">ossui t\u00edtulos nacionais de Olimp\u00edada Brasileira de Astronomia e Astron\u00e1utica, Mostra Nacional de Foguetes e Olimp\u00edada Brasileira de Matem\u00e1tica. Possui hist\u00f3rico de mais de uma d\u00e9cada de participa\u00e7\u00e3o em trabalhos volunt\u00e1rios em diversas institui\u00e7\u00f5es, como a Aldeia SOS, no Rio de Janeiro, al\u00e9m da idealiza\u00e7\u00e3o e coordena\u00e7\u00e3o de campanhas sociais a n\u00edvel local.<\/span><\/p>\n<p><strong><a href=\"http:\/\/globalattitude.org.br\/wp-content\/uploads\/2023\/03\/Frederico.jpg\"><img decoding=\"async\" class=\"alignleft wp-image-4127\" src=\"http:\/\/globalattitude.org.br\/wp-content\/uploads\/2023\/03\/Frederico-300x300.jpg\" alt=\"\" width=\"200\" height=\"200\" \/><\/a>Frederico Ganz<\/strong> \u00e9 graduando em Rela\u00e7\u00f5es Internacionais pela PUC Minas, realizou interc\u00e2mbios na\u00a0Warlingham School, em Londres, no ano de 2013 e, em 2017, na Universidade de Col\u00f4nia, Alemanha, onde centrou seus estudos na \u00e1rea de Organiza\u00e7\u00f5es Internacionais, com foco especial na Uni\u00e3o Europeia. Como forma de ampliar sua experi\u00eancia neste meio, participa do Minionu, projeto de extens\u00e3o da PUC Minas e maior simula\u00e7\u00e3o da ONU da Am\u00e9rica Latina. J\u00e1 atuou na \u00e1rea de com\u00e9rcio exterior no Brasil e internacionalmente, acompanhando e dando assist\u00eancia a uma miss\u00e3o organizada pelo Instituto de Desenvolvimento Integrado de Minas Gerais (INDI), a qual levou empres\u00e1rios de Minas \u00e0 Europa para participa\u00e7\u00e3o em rodadas de neg\u00f3cios e na Anuga 2017, maior feira internacional do setor de alimentos e bebidas do mundo.<\/p>\n<p><strong><a href=\"http:\/\/globalattitude.org.br\/wp-content\/uploads\/2023\/03\/Guilherme-4.jpg\"><img loading=\"lazy\" decoding=\"async\" class=\"alignleft wp-image-4128\" src=\"http:\/\/globalattitude.org.br\/wp-content\/uploads\/2023\/03\/Guilherme-4-300x300.jpg\" alt=\"\" width=\"200\" height=\"200\" \/><\/a>Guilherme Lara<\/strong> \u00e9\u00a0graduado em Rela\u00e7\u00f5es Internacionais pela Universidade Federal do Rio Grande do Sul (UFRGS). J\u00e1 trabalhou como Coordenador de agendas internacionais no Gabinete do Governador do Rio Grande do Sul, entre 2015 e 2016. Atualmente, \u00e9 Chief Financial Officer na ONNi, startup\u00a0onde tamb\u00e9m \u00e9 um dos fundadores. A ONNi \u00e9 uma plataforma de gest\u00e3o do setor de entretenimento, contando com mais de 40.000 usu\u00e1rios no Brasil inteiro. No meio acad\u00eamico, seu foco de pesquisa \u00e9 &#8220;A Internacionaliza\u00e7\u00e3o das Empresas Brasileiras de Tecnologia da Informa\u00e7\u00e3o, no formato software&#8221;.<\/p>\n<p>&nbsp;<\/p>\n<p><strong><a href=\"http:\/\/globalattitude.org.br\/wp-content\/uploads\/2023\/03\/joao.png\"><img loading=\"lazy\" decoding=\"async\" class=\"alignleft wp-image-4129\" src=\"http:\/\/globalattitude.org.br\/wp-content\/uploads\/2023\/03\/joao-300x300.png\" alt=\"\" width=\"200\" height=\"200\" \/><\/a>Jo\u00e3o Rebou\u00e7as<\/strong> \u00e9\u00a0graduando em Rela\u00e7\u00f5es Econ\u00f4micas Internacionais pela Universidade Federal de Minas Gerais (UFMG). Atualmente, \u00e9 bolsista de extens\u00e3o e monitor na mesma institui\u00e7\u00e3o. J\u00e1 atuou no setor financeiro de uma empresa de servi\u00e7os ambientais e em uma empresa de prote\u00e7\u00e3o radiol\u00f3gica.<\/p>\n<p>&nbsp;<\/p>\n<p>&nbsp;<\/p>\n<p>&nbsp;<\/p>\n<p><span style=\"font-weight: 400;\"><strong><a href=\"http:\/\/globalattitude.org.br\/wp-content\/uploads\/2023\/03\/Rafael-2.jpg\"><img loading=\"lazy\" decoding=\"async\" class=\"alignleft wp-image-4130\" src=\"http:\/\/globalattitude.org.br\/wp-content\/uploads\/2023\/03\/Rafael-2-300x300.jpg\" alt=\"\" width=\"200\" height=\"200\" \/><\/a>Rafael Cogo<\/strong> \u00e9\u00a0graduado em Rela\u00e7\u00f5es Internacionais pela Universidade Estadual Paulista (UNESP). Atualmente, \u00e9 supervisor de Marketing Internacional do Grupo Isodur, empresa brasileira l\u00edder em tecnologia e engenharia de salas limpas. Seu foco de pesquisa \u00e9 a \u201cComunica\u00e7\u00e3o de desenvolvimento global e crescimento sustent\u00e1vel local\u201d, j\u00e1 tendo a oportunidade de palestrar sobre o assunto na Unesp, em Franca. Al\u00e9m disso, conquistou o pr\u00eamio de Desenvolvimento Digital da empresa Resultados Digitais.<\/span><\/p>\n<p>&nbsp;<\/p>\n<p><strong><a href=\"http:\/\/globalattitude.org.br\/wp-content\/uploads\/2023\/03\/Rodrigo.jpg\"><img loading=\"lazy\" decoding=\"async\" class=\"alignleft wp-image-4131\" src=\"http:\/\/globalattitude.org.br\/wp-content\/uploads\/2023\/03\/Rodrigo-300x300.jpg\" alt=\"\" width=\"200\" height=\"200\" \/><\/a>Rodrigo Ito<\/strong>\u00a0\u00e9 pesquisador do Laborat\u00f3rio de Pesquisa em Pol\u00edticas P\u00fablicas, Geografia da Inova\u00e7\u00e3o e Governan\u00e7a (LAB-GOING) do Instituto de Geoci\u00eancias e da Faculdade de Ci\u00eancias Aplicadas da Universidade Estadual de Campinas (UNICAMP). Economista graduado com distin\u00e7\u00e3o Magna Cum Laude pela Universidade Federal do Cear\u00e1 e mestrando em Pol\u00edtica Cient\u00edfica e Tecnol\u00f3gica no Departamento de Pol\u00edtica Cient\u00edfica e Tecnol\u00f3gica (DPCT) da UNICAMP. Foi aceito tamb\u00e9m no programa de p\u00f3s-gradua\u00e7\u00e3o em Science and Technology Policy do Science Policy Research Unit (SPRU), da Universidade de Sussex. J\u00e1 realizou quatro interc\u00e2mbios em tr\u00eas diferentes pa\u00edses, sendo um desses um curso de extens\u00e3o acad\u00eamica em sustentabilidade e gest\u00e3o de recursos renov\u00e1veis na Universidade de Pequim. Foi, ainda, staff volunt\u00e1rio do F\u00f3rum Econ\u00f4mico Mundial para Am\u00e9rica Latina 2018.<\/p>\n<p><span style=\"font-weight: 400;\"><strong><a href=\"http:\/\/globalattitude.org.br\/wp-content\/uploads\/2023\/03\/Thais.png\"><img loading=\"lazy\" decoding=\"async\" class=\"alignleft wp-image-4132\" src=\"http:\/\/globalattitude.org.br\/wp-content\/uploads\/2023\/03\/Thais-300x300.png\" alt=\"\" width=\"200\" height=\"200\" \/><\/a>Tha\u00eds Cordeiro<\/strong> \u00e9 graduada em Rela\u00e7\u00f5es Internacionais pela Pontif\u00edcia Universidade Cat\u00f3lica de Minas Gerais (PUC-MG), onde atualmente tamb\u00e9m estuda Ci\u00eancias Econ\u00f4micas. Realizou projeto de inicia\u00e7\u00e3o cient\u00edfica na \u00e1rea de Pol\u00edtica internacional e, atualmente, pesquisa sobre Desenvolvimento Econ\u00f4mico, raz\u00e3o pela qual fez um curso de inverno no Graduate Institute of International and Development studies,<\/span> <span style=\"font-weight: 400;\">em Genebra, Su\u00ed\u00e7a. Trabalha como estagi\u00e1ria de pesquisa na Funda\u00e7\u00e3o Jo\u00e3o Pinheiro, entidade p\u00fablica destinada ao estudo da administra\u00e7\u00e3o p\u00fablica, desenvolvimento regional e pol\u00edticas p\u00fablicas. Al\u00e9m disso, \u00e9 volunt\u00e1ria da\u00a0ONG ENACTUS PUC-MG e do projeto Rondon. Formou-se no Ensino M\u00e9dio na Athens High School, EUA, e\u00a0cursou dois semestres de Rela\u00e7\u00f5es Internacionais na University of Saint Joseph, em Macau, China.<\/span><\/p>\n<p>O\u00a0<strong>Instituto Global Attitude<\/strong>\u00a0agradece a todos os inscritos na sele\u00e7\u00e3o. Para saber sobre o que os delegados estar\u00e3o vivenciando no evento, acompanhe as nossas redes sociais (<a href=\"https:\/\/www.facebook.com\/global.attitude.org\/\">Facebook<\/a>,\u00a0<a href=\"https:\/\/twitter.com\/global_attitude\">Twitter<\/a>\u00a0e\u00a0<a href=\"https:\/\/www.instagram.com\/globalattitude\/\">Instagram<\/a>), onde promovemos a cobertura do programa.<\/p>\n","protected":false},"excerpt":{"rendered":"<p>Completando a \u00faltima delega\u00e7\u00e3o do semestre, o Diplomacia Civil anuncia oito jovens selecionados para participar do\u00a0Forum on Science, Technology and Innovation for the Sustainable Development Goals\u00a0(STI Forum), evento promovido pelo\u00a0Departamento das Na\u00e7\u00f5es Unidas para Assuntos Econ\u00f4micos e Sociais (UN-DESA), realizado entre os dias 3 e 8 de junho, em Nova York, Estados Unidos. Passando por [&hellip;]<\/p>\n","protected":false},"author":1,"featured_media":2337,"comment_status":"open","ping_status":"open","sticky":false,"template":"","format":"standard","meta":{"_acf_changed":false,"om_disable_all_campaigns":false,"_monsterinsights_skip_tracking":false,"_monsterinsights_sitenote_active":false,"_monsterinsights_sitenote_note":"","_monsterinsights_sitenote_category":0,"_uf_show_specific_survey":0,"_uf_disable_surveys":false,"footnotes":""},"categories":[22,34],"tags":[],"class_list":["post-2336","post","type-post","status-publish","format-standard","hentry","category-programas","category-ultimas"],"acf":[],"aioseo_notices":[],"yoast_head":"<!-- This site is optimized with the Yoast SEO plugin v27.5 - https:\/\/yoast.com\/product\/yoast-seo-wordpress\/ -->\n<title>\u00daltima delega\u00e7\u00e3o do semestre: conhe\u00e7a os jovens que participar\u00e3o de evento da ONU em Nova York - Instituto Global Attitude<\/title>\n<meta name=\"robots\" content=\"index, follow, max-snippet:-1, max-image-preview:large, max-video-preview:-1\" \/>\n<link rel=\"canonical\" href=\"http:\/\/globalattitude.org.br\/ultima-delegacao-do-semestre-conheca-os-jovens-que-participarao-de-evento-da-onu-em-nova-york\/\" \/>\n<meta property=\"og:locale\" content=\"en_US\" \/>\n<meta property=\"og:type\" content=\"article\" \/>\n<meta property=\"og:title\" content=\"\u00daltima delega\u00e7\u00e3o do semestre: conhe\u00e7a os jovens que participar\u00e3o de evento da ONU em Nova York - Instituto Global Attitude\" \/>\n<meta property=\"og:description\" content=\"Completando a \u00faltima delega\u00e7\u00e3o do semestre, o Diplomacia Civil anuncia oito jovens selecionados para participar do\u00a0Forum on Science, Technology and Innovation for the Sustainable Development Goals\u00a0(STI Forum), evento promovido pelo\u00a0Departamento das Na\u00e7\u00f5es Unidas para Assuntos Econ\u00f4micos e Sociais (UN-DESA), realizado entre os dias 3 e 8 de junho, em Nova York, Estados Unidos. Passando por [&hellip;]\" \/>\n<meta property=\"og:url\" content=\"http:\/\/globalattitude.org.br\/ultima-delegacao-do-semestre-conheca-os-jovens-que-participarao-de-evento-da-onu-em-nova-york\/\" \/>\n<meta property=\"og:site_name\" content=\"Instituto Global Attitude\" \/>\n<meta property=\"article:publisher\" content=\"https:\/\/www.facebook.com\/global.attitude.org\/\" \/>\n<meta property=\"article:published_time\" content=\"2018-05-29T18:13:52+00:00\" \/>\n<meta property=\"article:modified_time\" content=\"2023-03-10T13:36:18+00:00\" \/>\n<meta property=\"og:image\" content=\"http:\/\/globalattitude.org.br\/wp-content\/uploads\/2023\/03\/Adriano.jpg\" \/>\n\t<meta property=\"og:image:width\" content=\"900\" \/>\n\t<meta property=\"og:image:height\" content=\"900\" \/>\n\t<meta property=\"og:image:type\" content=\"image\/jpeg\" \/>\n<meta name=\"author\" content=\"123esite\" \/>\n<meta name=\"twitter:card\" content=\"summary_large_image\" \/>\n<meta name=\"twitter:creator\" content=\"@global_attitude\" \/>\n<meta name=\"twitter:site\" content=\"@global_attitude\" \/>\n<meta name=\"twitter:label1\" content=\"Written by\" \/>\n\t<meta name=\"twitter:data1\" content=\"123esite\" \/>\n\t<meta name=\"twitter:label2\" content=\"Est. reading time\" \/>\n\t<meta name=\"twitter:data2\" content=\"6 minutes\" \/>\n<script type=\"application\/ld+json\" class=\"yoast-schema-graph\">{\"@context\":\"https:\\\/\\\/schema.org\",\"@graph\":[{\"@type\":[\"Article\",\"BlogPosting\"],\"@id\":\"http:\\\/\\\/globalattitude.org.br\\\/ultima-delegacao-do-semestre-conheca-os-jovens-que-participarao-de-evento-da-onu-em-nova-york\\\/#article\",\"isPartOf\":{\"@id\":\"http:\\\/\\\/globalattitude.org.br\\\/ultima-delegacao-do-semestre-conheca-os-jovens-que-participarao-de-evento-da-onu-em-nova-york\\\/\"},\"author\":{\"name\":\"123esite\",\"@id\":\"https:\\\/\\\/globalattitude.org.br\\\/en\\\/#\\\/schema\\\/person\\\/6d308f9d9d1eebad0278ad9386f13169\"},\"headline\":\"\u00daltima delega\u00e7\u00e3o do semestre: conhe\u00e7a os jovens que participar\u00e3o de evento da ONU em Nova York\",\"datePublished\":\"2018-05-29T18:13:52+00:00\",\"dateModified\":\"2023-03-10T13:36:18+00:00\",\"mainEntityOfPage\":{\"@id\":\"http:\\\/\\\/globalattitude.org.br\\\/ultima-delegacao-do-semestre-conheca-os-jovens-que-participarao-de-evento-da-onu-em-nova-york\\\/\"},\"wordCount\":1152,\"commentCount\":0,\"publisher\":{\"@id\":\"https:\\\/\\\/globalattitude.org.br\\\/en\\\/#organization\"},\"image\":{\"@id\":\"http:\\\/\\\/globalattitude.org.br\\\/ultima-delegacao-do-semestre-conheca-os-jovens-que-participarao-de-evento-da-onu-em-nova-york\\\/#primaryimage\"},\"thumbnailUrl\":\"https:\\\/\\\/globalattitude.org.br\\\/wp-content\\\/uploads\\\/2023\\\/03\\\/Adriano.jpg\",\"articleSection\":[\"Programas\",\"\u00daltimas\"],\"inLanguage\":\"en-US\",\"potentialAction\":[{\"@type\":\"CommentAction\",\"name\":\"Comment\",\"target\":[\"http:\\\/\\\/globalattitude.org.br\\\/ultima-delegacao-do-semestre-conheca-os-jovens-que-participarao-de-evento-da-onu-em-nova-york\\\/#respond\"]}]},{\"@type\":\"WebPage\",\"@id\":\"http:\\\/\\\/globalattitude.org.br\\\/ultima-delegacao-do-semestre-conheca-os-jovens-que-participarao-de-evento-da-onu-em-nova-york\\\/\",\"url\":\"http:\\\/\\\/globalattitude.org.br\\\/ultima-delegacao-do-semestre-conheca-os-jovens-que-participarao-de-evento-da-onu-em-nova-york\\\/\",\"name\":\"\u00daltima delega\u00e7\u00e3o do semestre: conhe\u00e7a os jovens que participar\u00e3o de evento da ONU em Nova York - Instituto Global Attitude\",\"isPartOf\":{\"@id\":\"https:\\\/\\\/globalattitude.org.br\\\/en\\\/#website\"},\"primaryImageOfPage\":{\"@id\":\"http:\\\/\\\/globalattitude.org.br\\\/ultima-delegacao-do-semestre-conheca-os-jovens-que-participarao-de-evento-da-onu-em-nova-york\\\/#primaryimage\"},\"image\":{\"@id\":\"http:\\\/\\\/globalattitude.org.br\\\/ultima-delegacao-do-semestre-conheca-os-jovens-que-participarao-de-evento-da-onu-em-nova-york\\\/#primaryimage\"},\"thumbnailUrl\":\"https:\\\/\\\/globalattitude.org.br\\\/wp-content\\\/uploads\\\/2023\\\/03\\\/Adriano.jpg\",\"datePublished\":\"2018-05-29T18:13:52+00:00\",\"dateModified\":\"2023-03-10T13:36:18+00:00\",\"breadcrumb\":{\"@id\":\"http:\\\/\\\/globalattitude.org.br\\\/ultima-delegacao-do-semestre-conheca-os-jovens-que-participarao-de-evento-da-onu-em-nova-york\\\/#breadcrumb\"},\"inLanguage\":\"en-US\",\"potentialAction\":[{\"@type\":\"ReadAction\",\"target\":[\"http:\\\/\\\/globalattitude.org.br\\\/ultima-delegacao-do-semestre-conheca-os-jovens-que-participarao-de-evento-da-onu-em-nova-york\\\/\"]}]},{\"@type\":\"ImageObject\",\"inLanguage\":\"en-US\",\"@id\":\"http:\\\/\\\/globalattitude.org.br\\\/ultima-delegacao-do-semestre-conheca-os-jovens-que-participarao-de-evento-da-onu-em-nova-york\\\/#primaryimage\",\"url\":\"https:\\\/\\\/globalattitude.org.br\\\/wp-content\\\/uploads\\\/2023\\\/03\\\/Adriano.jpg\",\"contentUrl\":\"https:\\\/\\\/globalattitude.org.br\\\/wp-content\\\/uploads\\\/2023\\\/03\\\/Adriano.jpg\",\"width\":900,\"height\":900},{\"@type\":\"BreadcrumbList\",\"@id\":\"http:\\\/\\\/globalattitude.org.br\\\/ultima-delegacao-do-semestre-conheca-os-jovens-que-participarao-de-evento-da-onu-em-nova-york\\\/#breadcrumb\",\"itemListElement\":[{\"@type\":\"ListItem\",\"position\":1,\"name\":\"In\u00edcio\",\"item\":\"https:\\\/\\\/globalattitude.org.br\\\/en\\\/\"},{\"@type\":\"ListItem\",\"position\":2,\"name\":\"\u00daltima delega\u00e7\u00e3o do semestre: conhe\u00e7a os jovens que participar\u00e3o de evento da ONU em Nova York\"}]},{\"@type\":\"WebSite\",\"@id\":\"https:\\\/\\\/globalattitude.org.br\\\/en\\\/#website\",\"url\":\"https:\\\/\\\/globalattitude.org.br\\\/en\\\/\",\"name\":\"Instituto Global Attitude\",\"description\":\"\",\"publisher\":{\"@id\":\"https:\\\/\\\/globalattitude.org.br\\\/en\\\/#organization\"},\"potentialAction\":[{\"@type\":\"SearchAction\",\"target\":{\"@type\":\"EntryPoint\",\"urlTemplate\":\"https:\\\/\\\/globalattitude.org.br\\\/en\\\/?s={search_term_string}\"},\"query-input\":{\"@type\":\"PropertyValueSpecification\",\"valueRequired\":true,\"valueName\":\"search_term_string\"}}],\"inLanguage\":\"en-US\"},{\"@type\":\"Organization\",\"@id\":\"https:\\\/\\\/globalattitude.org.br\\\/en\\\/#organization\",\"name\":\"Instituto Global Attitude\",\"url\":\"https:\\\/\\\/globalattitude.org.br\\\/en\\\/\",\"logo\":{\"@type\":\"ImageObject\",\"inLanguage\":\"en-US\",\"@id\":\"https:\\\/\\\/globalattitude.org.br\\\/en\\\/#\\\/schema\\\/logo\\\/image\\\/\",\"url\":\"https:\\\/\\\/globalattitude.org.br\\\/wp-content\\\/uploads\\\/2023\\\/01\\\/instituto-global-attitude-color.png\",\"contentUrl\":\"https:\\\/\\\/globalattitude.org.br\\\/wp-content\\\/uploads\\\/2023\\\/01\\\/instituto-global-attitude-color.png\",\"width\":300,\"height\":131,\"caption\":\"Instituto Global Attitude\"},\"image\":{\"@id\":\"https:\\\/\\\/globalattitude.org.br\\\/en\\\/#\\\/schema\\\/logo\\\/image\\\/\"},\"sameAs\":[\"https:\\\/\\\/www.facebook.com\\\/global.attitude.org\\\/\",\"https:\\\/\\\/x.com\\\/global_attitude\",\"https:\\\/\\\/www.instagram.com\\\/globalattitude\",\"https:\\\/\\\/www.linkedin.com\\\/company\\\/global-attitude\\\/?viewAsMember=true\"]},{\"@type\":\"Person\",\"@id\":\"https:\\\/\\\/globalattitude.org.br\\\/en\\\/#\\\/schema\\\/person\\\/6d308f9d9d1eebad0278ad9386f13169\",\"name\":\"123esite\",\"image\":{\"@type\":\"ImageObject\",\"inLanguage\":\"en-US\",\"@id\":\"https:\\\/\\\/secure.gravatar.com\\\/avatar\\\/07bd71fac19f42004f2b73567f012e126689afdb23cb0017536dea9113ba1806?s=96&d=mm&r=g\",\"url\":\"https:\\\/\\\/secure.gravatar.com\\\/avatar\\\/07bd71fac19f42004f2b73567f012e126689afdb23cb0017536dea9113ba1806?s=96&d=mm&r=g\",\"contentUrl\":\"https:\\\/\\\/secure.gravatar.com\\\/avatar\\\/07bd71fac19f42004f2b73567f012e126689afdb23cb0017536dea9113ba1806?s=96&d=mm&r=g\",\"caption\":\"123esite\"},\"sameAs\":[\"http:\\\/\\\/globalattitude.org.br\"],\"url\":\"https:\\\/\\\/globalattitude.org.br\\\/en\\\/author\\\/123esite\\\/\"}]}<\/script>\n<!-- \/ Yoast SEO plugin. -->","yoast_head_json":{"title":"\u00daltima delega\u00e7\u00e3o do semestre: conhe\u00e7a os jovens que participar\u00e3o de evento da ONU em Nova York - Instituto Global Attitude","robots":{"index":"index","follow":"follow","max-snippet":"max-snippet:-1","max-image-preview":"max-image-preview:large","max-video-preview":"max-video-preview:-1"},"canonical":"http:\/\/globalattitude.org.br\/ultima-delegacao-do-semestre-conheca-os-jovens-que-participarao-de-evento-da-onu-em-nova-york\/","og_locale":"en_US","og_type":"article","og_title":"\u00daltima delega\u00e7\u00e3o do semestre: conhe\u00e7a os jovens que participar\u00e3o de evento da ONU em Nova York - Instituto Global Attitude","og_description":"Completando a \u00faltima delega\u00e7\u00e3o do semestre, o Diplomacia Civil anuncia oito jovens selecionados para participar do\u00a0Forum on Science, Technology and Innovation for the Sustainable Development Goals\u00a0(STI Forum), evento promovido pelo\u00a0Departamento das Na\u00e7\u00f5es Unidas para Assuntos Econ\u00f4micos e Sociais (UN-DESA), realizado entre os dias 3 e 8 de junho, em Nova York, Estados Unidos. Passando por [&hellip;]","og_url":"http:\/\/globalattitude.org.br\/ultima-delegacao-do-semestre-conheca-os-jovens-que-participarao-de-evento-da-onu-em-nova-york\/","og_site_name":"Instituto Global Attitude","article_publisher":"https:\/\/www.facebook.com\/global.attitude.org\/","article_published_time":"2018-05-29T18:13:52+00:00","article_modified_time":"2023-03-10T13:36:18+00:00","og_image":[{"width":900,"height":900,"url":"http:\/\/globalattitude.org.br\/wp-content\/uploads\/2023\/03\/Adriano.jpg","type":"image\/jpeg"}],"author":"123esite","twitter_card":"summary_large_image","twitter_creator":"@global_attitude","twitter_site":"@global_attitude","twitter_misc":{"Written by":"123esite","Est. reading time":"6 minutes"},"schema":{"@context":"https:\/\/schema.org","@graph":[{"@type":["Article","BlogPosting"],"@id":"http:\/\/globalattitude.org.br\/ultima-delegacao-do-semestre-conheca-os-jovens-que-participarao-de-evento-da-onu-em-nova-york\/#article","isPartOf":{"@id":"http:\/\/globalattitude.org.br\/ultima-delegacao-do-semestre-conheca-os-jovens-que-participarao-de-evento-da-onu-em-nova-york\/"},"author":{"name":"123esite","@id":"https:\/\/globalattitude.org.br\/en\/#\/schema\/person\/6d308f9d9d1eebad0278ad9386f13169"},"headline":"\u00daltima delega\u00e7\u00e3o do semestre: conhe\u00e7a os jovens que participar\u00e3o de evento da ONU em Nova York","datePublished":"2018-05-29T18:13:52+00:00","dateModified":"2023-03-10T13:36:18+00:00","mainEntityOfPage":{"@id":"http:\/\/globalattitude.org.br\/ultima-delegacao-do-semestre-conheca-os-jovens-que-participarao-de-evento-da-onu-em-nova-york\/"},"wordCount":1152,"commentCount":0,"publisher":{"@id":"https:\/\/globalattitude.org.br\/en\/#organization"},"image":{"@id":"http:\/\/globalattitude.org.br\/ultima-delegacao-do-semestre-conheca-os-jovens-que-participarao-de-evento-da-onu-em-nova-york\/#primaryimage"},"thumbnailUrl":"https:\/\/globalattitude.org.br\/wp-content\/uploads\/2023\/03\/Adriano.jpg","articleSection":["Programas","\u00daltimas"],"inLanguage":"en-US","potentialAction":[{"@type":"CommentAction","name":"Comment","target":["http:\/\/globalattitude.org.br\/ultima-delegacao-do-semestre-conheca-os-jovens-que-participarao-de-evento-da-onu-em-nova-york\/#respond"]}]},{"@type":"WebPage","@id":"http:\/\/globalattitude.org.br\/ultima-delegacao-do-semestre-conheca-os-jovens-que-participarao-de-evento-da-onu-em-nova-york\/","url":"http:\/\/globalattitude.org.br\/ultima-delegacao-do-semestre-conheca-os-jovens-que-participarao-de-evento-da-onu-em-nova-york\/","name":"\u00daltima delega\u00e7\u00e3o do semestre: conhe\u00e7a os jovens que participar\u00e3o de evento da ONU em Nova York - Instituto Global Attitude","isPartOf":{"@id":"https:\/\/globalattitude.org.br\/en\/#website"},"primaryImageOfPage":{"@id":"http:\/\/globalattitude.org.br\/ultima-delegacao-do-semestre-conheca-os-jovens-que-participarao-de-evento-da-onu-em-nova-york\/#primaryimage"},"image":{"@id":"http:\/\/globalattitude.org.br\/ultima-delegacao-do-semestre-conheca-os-jovens-que-participarao-de-evento-da-onu-em-nova-york\/#primaryimage"},"thumbnailUrl":"https:\/\/globalattitude.org.br\/wp-content\/uploads\/2023\/03\/Adriano.jpg","datePublished":"2018-05-29T18:13:52+00:00","dateModified":"2023-03-10T13:36:18+00:00","breadcrumb":{"@id":"http:\/\/globalattitude.org.br\/ultima-delegacao-do-semestre-conheca-os-jovens-que-participarao-de-evento-da-onu-em-nova-york\/#breadcrumb"},"inLanguage":"en-US","potentialAction":[{"@type":"ReadAction","target":["http:\/\/globalattitude.org.br\/ultima-delegacao-do-semestre-conheca-os-jovens-que-participarao-de-evento-da-onu-em-nova-york\/"]}]},{"@type":"ImageObject","inLanguage":"en-US","@id":"http:\/\/globalattitude.org.br\/ultima-delegacao-do-semestre-conheca-os-jovens-que-participarao-de-evento-da-onu-em-nova-york\/#primaryimage","url":"https:\/\/globalattitude.org.br\/wp-content\/uploads\/2023\/03\/Adriano.jpg","contentUrl":"https:\/\/globalattitude.org.br\/wp-content\/uploads\/2023\/03\/Adriano.jpg","width":900,"height":900},{"@type":"BreadcrumbList","@id":"http:\/\/globalattitude.org.br\/ultima-delegacao-do-semestre-conheca-os-jovens-que-participarao-de-evento-da-onu-em-nova-york\/#breadcrumb","itemListElement":[{"@type":"ListItem","position":1,"name":"In\u00edcio","item":"https:\/\/globalattitude.org.br\/en\/"},{"@type":"ListItem","position":2,"name":"\u00daltima delega\u00e7\u00e3o do semestre: conhe\u00e7a os jovens que participar\u00e3o de evento da ONU em Nova York"}]},{"@type":"WebSite","@id":"https:\/\/globalattitude.org.br\/en\/#website","url":"https:\/\/globalattitude.org.br\/en\/","name":"Instituto Global Attitude","description":"","publisher":{"@id":"https:\/\/globalattitude.org.br\/en\/#organization"},"potentialAction":[{"@type":"SearchAction","target":{"@type":"EntryPoint","urlTemplate":"https:\/\/globalattitude.org.br\/en\/?s={search_term_string}"},"query-input":{"@type":"PropertyValueSpecification","valueRequired":true,"valueName":"search_term_string"}}],"inLanguage":"en-US"},{"@type":"Organization","@id":"https:\/\/globalattitude.org.br\/en\/#organization","name":"Instituto Global Attitude","url":"https:\/\/globalattitude.org.br\/en\/","logo":{"@type":"ImageObject","inLanguage":"en-US","@id":"https:\/\/globalattitude.org.br\/en\/#\/schema\/logo\/image\/","url":"https:\/\/globalattitude.org.br\/wp-content\/uploads\/2023\/01\/instituto-global-attitude-color.png","contentUrl":"https:\/\/globalattitude.org.br\/wp-content\/uploads\/2023\/01\/instituto-global-attitude-color.png","width":300,"height":131,"caption":"Instituto Global Attitude"},"image":{"@id":"https:\/\/globalattitude.org.br\/en\/#\/schema\/logo\/image\/"},"sameAs":["https:\/\/www.facebook.com\/global.attitude.org\/","https:\/\/x.com\/global_attitude","https:\/\/www.instagram.com\/globalattitude","https:\/\/www.linkedin.com\/company\/global-attitude\/?viewAsMember=true"]},{"@type":"Person","@id":"https:\/\/globalattitude.org.br\/en\/#\/schema\/person\/6d308f9d9d1eebad0278ad9386f13169","name":"123esite","image":{"@type":"ImageObject","inLanguage":"en-US","@id":"https:\/\/secure.gravatar.com\/avatar\/07bd71fac19f42004f2b73567f012e126689afdb23cb0017536dea9113ba1806?s=96&d=mm&r=g","url":"https:\/\/secure.gravatar.com\/avatar\/07bd71fac19f42004f2b73567f012e126689afdb23cb0017536dea9113ba1806?s=96&d=mm&r=g","contentUrl":"https:\/\/secure.gravatar.com\/avatar\/07bd71fac19f42004f2b73567f012e126689afdb23cb0017536dea9113ba1806?s=96&d=mm&r=g","caption":"123esite"},"sameAs":["http:\/\/globalattitude.org.br"],"url":"https:\/\/globalattitude.org.br\/en\/author\/123esite\/"}]}},"_links":{"self":[{"href":"https:\/\/globalattitude.org.br\/en\/wp-json\/wp\/v2\/posts\/2336","targetHints":{"allow":["GET"]}}],"collection":[{"href":"https:\/\/globalattitude.org.br\/en\/wp-json\/wp\/v2\/posts"}],"about":[{"href":"https:\/\/globalattitude.org.br\/en\/wp-json\/wp\/v2\/types\/post"}],"author":[{"embeddable":true,"href":"https:\/\/globalattitude.org.br\/en\/wp-json\/wp\/v2\/users\/1"}],"replies":[{"embeddable":true,"href":"https:\/\/globalattitude.org.br\/en\/wp-json\/wp\/v2\/comments?post=2336"}],"version-history":[{"count":1,"href":"https:\/\/globalattitude.org.br\/en\/wp-json\/wp\/v2\/posts\/2336\/revisions"}],"predecessor-version":[{"id":2345,"href":"https:\/\/globalattitude.org.br\/en\/wp-json\/wp\/v2\/posts\/2336\/revisions\/2345"}],"wp:featuredmedia":[{"embeddable":true,"href":"https:\/\/globalattitude.org.br\/en\/wp-json\/wp\/v2\/media\/2337"}],"wp:attachment":[{"href":"https:\/\/globalattitude.org.br\/en\/wp-json\/wp\/v2\/media?parent=2336"}],"wp:term":[{"taxonomy":"category","embeddable":true,"href":"https:\/\/globalattitude.org.br\/en\/wp-json\/wp\/v2\/categories?post=2336"},{"taxonomy":"post_tag","embeddable":true,"href":"https:\/\/globalattitude.org.br\/en\/wp-json\/wp\/v2\/tags?post=2336"}],"curies":[{"name":"wp","href":"https:\/\/api.w.org\/{rel}","templated":true}]}}