{"id":2432,"date":"2018-08-28T16:47:20","date_gmt":"2018-08-28T19:47:20","guid":{"rendered":"https:\/\/globalattitude.org.br\/meio-ambiente-e-uma-das-principais-vitimas-de-guerras-e-conflitos-armados\/"},"modified":"2023-03-10T10:37:58","modified_gmt":"2023-03-10T13:37:58","slug":"meio-ambiente-e-uma-das-principais-vitimas-de-guerras-e-conflitos-armados","status":"publish","type":"post","link":"https:\/\/globalattitude.org.br\/en\/meio-ambiente-e-uma-das-principais-vitimas-de-guerras-e-conflitos-armados\/","title":{"rendered":"Meio ambiente \u00e9 uma das principais v\u00edtimas de guerras e conflitos armados"},"content":{"rendered":"<p>Utilizado h\u00e1 s\u00e9culos como arma de guerra, o meio ambiente e seus recursos naturais\u00a0s\u00e3o um dos principais alvos em conflitos. Os impactos ambientais, seja diretos ou indiretos, s\u00e3o dos mais diversos, desde polui\u00e7\u00e3o do ar e desflorestamento at\u00e9 degrada\u00e7\u00e3o de \u00e1reas protegidas e contamina\u00e7\u00e3o da \u00e1gua e solo.<\/p>\n<p>As t\u00e1ticas de guerra que envolvem a destrui\u00e7\u00e3o do meio ambiente, por\u00e9m, acontecem desde a antiguidade, quando era comum ex\u00e9rcitos matarem animais e atearem fogo nas moradias e planta\u00e7\u00f5es dos seus inimigos. Na Roma Antiga, tinha-se o costume de envenenar as fontes de \u00e1gua pot\u00e1vel que abasteciam as cidades alvo, causando doen\u00e7a e sede na popula\u00e7\u00e3o.<\/p>\n<p>O ataque ambiental \u00e9 utilizado para afetar diretamente a subsist\u00eancia da popula\u00e7\u00e3o, mas os estragos colaterais de longo prazo s\u00e3o preocupantes. Bombardeios, m\u00edsseis jogados sobre territ\u00f3rios em guerra, o intenso movimento de ve\u00edculos militares e a destrui\u00e7\u00e3o de estruturas industriais provocam a emiss\u00e3o de subst\u00e2ncias que contaminam o solo, a \u00e1gua e o ar. Ainda hoje, \u00e1reas da Europa s\u00e3o afetadas por contamina\u00e7\u00e3o por metais pesados, causados pelo uso de certas muni\u00e7\u00f5es durante a Primeira Guerra Mundial.<\/p>\n<div id=\"attachment_4267\" style=\"width: 610px\" class=\"wp-caption aligncenter\"><a href=\"http:\/\/globalattitude.org.br\/wp-content\/uploads\/2023\/03\/environment.jpg\"><img fetchpriority=\"high\" decoding=\"async\" aria-describedby=\"caption-attachment-4267\" class=\"wp-image-4267\" src=\"http:\/\/globalattitude.org.br\/wp-content\/uploads\/2023\/03\/environment-300x128.jpg\" alt=\"\" width=\"600\" height=\"257\" \/><\/a><p id=\"caption-attachment-4267\" class=\"wp-caption-text\">Efeitos do agente laranja s\u00e3o sentidos at\u00e9 hoje no Vietn\u00e3. Foto: Divulga\u00e7\u00e3o.<\/p><\/div>\n<p>Na Guerra do Vietn\u00e3 (1955 a 1975), os Estados Unidos utilizaram um herbicida conhecido como agente laranja, o qual desfolha as \u00e1rvores e afeta toda a cadeia ecol\u00f3gica. Ap\u00f3s mais de 40 anos do fim deste conflito, a popula\u00e7\u00e3o vietnamita ainda sofre as consequ\u00eancias da arma qu\u00edmica, com a m\u00e1-forma\u00e7\u00e3o de rec\u00e9m-nascidos e a contamina\u00e7\u00e3o dos recursos naturais do pa\u00eds.<\/p>\n<p>Dez anos antes da Guerra do Vietn\u00e3, aconteceu talvez o mais grave atentado contra o meio ambiente, quando os Estados Unidos jogaram a bomba at\u00f4mica nas cidades de Hiroshima e Nagazaki, no Jap\u00e3o. Ainda que tenha sido feito um processo de descontamina\u00e7\u00e3o por meio da tecnologia, ainda hoje h\u00e1 altos \u00edndices de radioatividade na regi\u00e3o e a ecologia n\u00e3o conseguiu ser normalizada.<\/p>\n<div id=\"attachment_4268\" style=\"width: 610px\" class=\"wp-caption alignnone\"><a href=\"http:\/\/globalattitude.org.br\/wp-content\/uploads\/2023\/03\/hiroshima-bombing-article-about-atomic-bomb.jpg\"><img decoding=\"async\" aria-describedby=\"caption-attachment-4268\" class=\"wp-image-4268\" src=\"http:\/\/globalattitude.org.br\/wp-content\/uploads\/2023\/03\/hiroshima-bombing-article-about-atomic-bomb-300x169.jpg\" alt=\"\" width=\"600\" height=\"338\" \/><\/a><p id=\"caption-attachment-4268\" class=\"wp-caption-text\">Bomba at\u00f4mica atingiu as cidades de Hiroshima e Nagazaki. Foto: Divulga\u00e7\u00e3o.<\/p><\/div>\n<p>Devido \u00e0 constante destrui\u00e7\u00e3o que se deu durante as guerras do s\u00e9culo XX, em 1977 foi inclu\u00eddo no Protocolo Adicional I \u00e0 Conven\u00e7\u00e3o de Genebra (1949) o art. 35, o qual determina que &#8220;em qualquer conflito armado, o direito das partes envolvidas em escolher os m\u00e9todos ou meios de guerra n\u00e3o \u00e9 ilimitado\u201d e que \u201c\u00e9 proibido empregar m\u00e9todos ou meios de guerra que causem, ou t\u00eam expectativas de causar, vasto, longo e severo dano ao meio ambiente natural\u201d.<\/p>\n<p>J\u00e1 em 1992, foi lan\u00e7ada a\u00a0Declara\u00e7\u00e3o Universal do Direito ao Meio Ambiente e ao Desenvolvimento Sustent\u00e1vel, durante a\u00a02\u00aa Confer\u00eancia Internacional do Meio Ambiente da ONU (tamb\u00e9m chamada de Eco-92), a qual cita que\u00a0\u201ca guerra \u00e9, por defini\u00e7\u00e3o, contr\u00e1ria ao desenvolvimento sustent\u00e1vel. Os Estados devem, por conseguinte, respeitar o Direito Internacional aplic\u00e1vel \u00e0 prote\u00e7\u00e3o do meio ambiente em tempos de conflito armado, e cooperar para seu desenvolvimento, quando necess\u00e1rio\u201d e que \u201ca paz, o desenvolvimento e a prote\u00e7\u00e3o ambiental s\u00e3o interdependentes e indivis\u00edveis\u201d, segundo os Princ\u00edpios 24 e 25.<\/p>\n<p>&nbsp;<\/p>\n<p>O meio ambiente pode tamb\u00e9m ser o principal motivo de um conflito. Segundo a ONU Meio Ambiente, pelo menos 40% dos conflitos armados dos \u00faltimos 65 anos aconteceram por conta de disputas por recursos naturais e sua explora\u00e7\u00e3o.<\/p>\n<p>Atualmente, a Rep\u00fablica Democr\u00e1tica do Congo vive uma das mais violentas disputas por recursos naturais, com a atua\u00e7\u00e3o de mais de 50 grupos armados na faixa leste do pa\u00eds, onde muitos det\u00eam o controle de minas e jazidas de grande apelo comercial. O pa\u00eds \u00e9 o segundo mais rico em recursos naturais (com um dos maiores dep\u00f3sitos de cobre e cobalto), ficando atr\u00e1s apenas do Brasil. Boa parte desta explora\u00e7\u00e3o, por\u00e9m, \u00e9 feita com o intuito de servir de fonte de renda para a atua\u00e7\u00e3o destes grupos.<\/p>\n<div id=\"attachment_4269\" style=\"width: 610px\" class=\"wp-caption aligncenter\"><a href=\"http:\/\/globalattitude.org.br\/wp-content\/uploads\/2023\/03\/Conflict-Minerals-Rebels-and-Child-Soldiers-in-Congo.jpg\"><img decoding=\"async\" aria-describedby=\"caption-attachment-4269\" class=\"wp-image-4269\" src=\"http:\/\/globalattitude.org.br\/wp-content\/uploads\/2023\/03\/Conflict-Minerals-Rebels-and-Child-Soldiers-in-Congo-300x166.jpg\" alt=\"\" width=\"600\" height=\"332\" \/><\/a><p id=\"caption-attachment-4269\" class=\"wp-caption-text\">Explora\u00e7\u00e3o de min\u00e9rios s\u00e3o a principal fonte de renda de grupos armados e mil\u00edcias. Foto: Hunter Vaughan<\/p><\/div>\n<p>Recentemente, a ONU Meio Ambiente lan\u00e7ou um alerta para os riscos \u00e0 vida silvestre provocados pelo confronto na Ucr\u00e2nia, que acontece desde abril de 2014. Ainda segundo a ag\u00eancia, a regi\u00e3o de Donbas, no leste do pa\u00eds, est\u00e1 &#8220;\u00e0 beira de uma cat\u00e1strofe ecol\u00f3gica&#8221;, visto que o uso de muni\u00e7\u00f5es e a destrui\u00e7\u00e3o da infra-estrutura industrial t\u00eam aumentado a polui\u00e7\u00e3o consideravelmente, j\u00e1 tendo afetado mais de 500 mil hectares.<\/p>\n<p>A devasta\u00e7\u00e3o inclui 80 mil hectares de reservas naturais e 150 mil hectares de inc\u00eandios florestais. Apenas no primeiro ano do conflito, 479 hectares de mata foram destru\u00eddos de forma irrevers\u00edvel.<\/p>\n<div id=\"attachment_4270\" style=\"width: 610px\" class=\"wp-caption aligncenter\"><a href=\"http:\/\/globalattitude.org.br\/wp-content\/uploads\/2023\/03\/Separatist-at-Donetsk-airport-Reuters.jpg\"><img loading=\"lazy\" decoding=\"async\" aria-describedby=\"caption-attachment-4270\" class=\"wp-image-4270\" src=\"http:\/\/globalattitude.org.br\/wp-content\/uploads\/2023\/03\/Separatist-at-Donetsk-airport-Reuters-300x169.jpg\" alt=\"\" width=\"600\" height=\"338\" \/><\/a><p id=\"caption-attachment-4270\" class=\"wp-caption-text\">Separatista em aeroporto destru\u00eddo, em Donetsk. Foto: Reuters.<\/p><\/div>\n<p>\u201cDonbas est\u00e1 \u00e0 beira de uma cat\u00e1strofe ecol\u00f3gica, alimentada pela polui\u00e7\u00e3o do ar, do solo e da \u00e1gua por conta da combust\u00e3o de grandes quantidades de muni\u00e7\u00e3o nos confrontos e de enchentes em f\u00e1bricas. A ONU est\u00e1 empenhada em proteger o meio ambiente como um pilar essencial da paz, seguran\u00e7a e desenvolvimento sustent\u00e1vel\u201d, alerta a analista da ONU Meio Ambiente, Leila Urekenova, em nota.<\/p>\n","protected":false},"excerpt":{"rendered":"<p>Utilizado h\u00e1 s\u00e9culos como arma de guerra, o meio ambiente e seus recursos naturais\u00a0s\u00e3o um dos principais alvos em conflitos. Os impactos ambientais, seja diretos ou indiretos, s\u00e3o dos mais diversos, desde polui\u00e7\u00e3o do ar e desflorestamento at\u00e9 degrada\u00e7\u00e3o de \u00e1reas protegidas e contamina\u00e7\u00e3o da \u00e1gua e solo. As t\u00e1ticas de guerra que envolvem a [&hellip;]<\/p>\n","protected":false},"author":1,"featured_media":2433,"comment_status":"open","ping_status":"open","sticky":false,"template":"","format":"standard","meta":{"_acf_changed":false,"om_disable_all_campaigns":false,"_monsterinsights_skip_tracking":false,"_monsterinsights_sitenote_active":false,"_monsterinsights_sitenote_note":"","_monsterinsights_sitenote_category":0,"_uf_show_specific_survey":0,"_uf_disable_surveys":false,"footnotes":""},"categories":[35,34],"tags":[],"class_list":["post-2432","post","type-post","status-publish","format-standard","hentry","category-opiniao","category-ultimas"],"acf":[],"aioseo_notices":[],"yoast_head":"<!-- This site is optimized with the Yoast SEO plugin v27.5 - https:\/\/yoast.com\/product\/yoast-seo-wordpress\/ -->\n<title>Meio ambiente \u00e9 uma das principais v\u00edtimas de guerras e conflitos armados - Instituto Global Attitude<\/title>\n<meta name=\"robots\" content=\"index, follow, max-snippet:-1, max-image-preview:large, max-video-preview:-1\" \/>\n<link rel=\"canonical\" href=\"https:\/\/globalattitude.org.br\/meio-ambiente-e-uma-das-principais-vitimas-de-guerras-e-conflitos-armados\/\" \/>\n<meta property=\"og:locale\" content=\"en_US\" \/>\n<meta property=\"og:type\" content=\"article\" \/>\n<meta property=\"og:title\" content=\"Meio ambiente \u00e9 uma das principais v\u00edtimas de guerras e conflitos armados - Instituto Global Attitude\" \/>\n<meta property=\"og:description\" content=\"Utilizado h\u00e1 s\u00e9culos como arma de guerra, o meio ambiente e seus recursos naturais\u00a0s\u00e3o um dos principais alvos em conflitos. Os impactos ambientais, seja diretos ou indiretos, s\u00e3o dos mais diversos, desde polui\u00e7\u00e3o do ar e desflorestamento at\u00e9 degrada\u00e7\u00e3o de \u00e1reas protegidas e contamina\u00e7\u00e3o da \u00e1gua e solo. As t\u00e1ticas de guerra que envolvem a [&hellip;]\" \/>\n<meta property=\"og:url\" content=\"https:\/\/globalattitude.org.br\/meio-ambiente-e-uma-das-principais-vitimas-de-guerras-e-conflitos-armados\/\" \/>\n<meta property=\"og:site_name\" content=\"Instituto Global Attitude\" \/>\n<meta property=\"article:publisher\" content=\"https:\/\/www.facebook.com\/global.attitude.org\/\" \/>\n<meta property=\"article:published_time\" content=\"2018-08-28T19:47:20+00:00\" \/>\n<meta property=\"article:modified_time\" content=\"2023-03-10T13:37:58+00:00\" \/>\n<meta property=\"og:image\" content=\"https:\/\/globalattitude.org.br\/wp-content\/uploads\/2023\/03\/environment.jpg\" \/>\n\t<meta property=\"og:image:width\" content=\"800\" \/>\n\t<meta property=\"og:image:height\" content=\"342\" \/>\n\t<meta property=\"og:image:type\" content=\"image\/jpeg\" \/>\n<meta name=\"author\" content=\"123esite\" \/>\n<meta name=\"twitter:card\" content=\"summary_large_image\" \/>\n<meta name=\"twitter:creator\" content=\"@global_attitude\" \/>\n<meta name=\"twitter:site\" content=\"@global_attitude\" \/>\n<meta name=\"twitter:label1\" content=\"Written by\" \/>\n\t<meta name=\"twitter:data1\" content=\"123esite\" \/>\n\t<meta name=\"twitter:label2\" content=\"Est. reading time\" \/>\n\t<meta name=\"twitter:data2\" content=\"5 minutes\" \/>\n<script type=\"application\/ld+json\" class=\"yoast-schema-graph\">{\"@context\":\"https:\\\/\\\/schema.org\",\"@graph\":[{\"@type\":[\"Article\",\"BlogPosting\"],\"@id\":\"https:\\\/\\\/globalattitude.org.br\\\/meio-ambiente-e-uma-das-principais-vitimas-de-guerras-e-conflitos-armados\\\/#article\",\"isPartOf\":{\"@id\":\"https:\\\/\\\/globalattitude.org.br\\\/meio-ambiente-e-uma-das-principais-vitimas-de-guerras-e-conflitos-armados\\\/\"},\"author\":{\"name\":\"123esite\",\"@id\":\"https:\\\/\\\/globalattitude.org.br\\\/en\\\/#\\\/schema\\\/person\\\/6d308f9d9d1eebad0278ad9386f13169\"},\"headline\":\"Meio ambiente \u00e9 uma das principais v\u00edtimas de guerras e conflitos armados\",\"datePublished\":\"2018-08-28T19:47:20+00:00\",\"dateModified\":\"2023-03-10T13:37:58+00:00\",\"mainEntityOfPage\":{\"@id\":\"https:\\\/\\\/globalattitude.org.br\\\/meio-ambiente-e-uma-das-principais-vitimas-de-guerras-e-conflitos-armados\\\/\"},\"wordCount\":931,\"commentCount\":0,\"publisher\":{\"@id\":\"https:\\\/\\\/globalattitude.org.br\\\/en\\\/#organization\"},\"image\":{\"@id\":\"https:\\\/\\\/globalattitude.org.br\\\/meio-ambiente-e-uma-das-principais-vitimas-de-guerras-e-conflitos-armados\\\/#primaryimage\"},\"thumbnailUrl\":\"https:\\\/\\\/globalattitude.org.br\\\/wp-content\\\/uploads\\\/2023\\\/03\\\/environment.jpg\",\"articleSection\":[\"Opini\u00e3o\",\"\u00daltimas\"],\"inLanguage\":\"en-US\",\"potentialAction\":[{\"@type\":\"CommentAction\",\"name\":\"Comment\",\"target\":[\"https:\\\/\\\/globalattitude.org.br\\\/meio-ambiente-e-uma-das-principais-vitimas-de-guerras-e-conflitos-armados\\\/#respond\"]}]},{\"@type\":\"WebPage\",\"@id\":\"https:\\\/\\\/globalattitude.org.br\\\/meio-ambiente-e-uma-das-principais-vitimas-de-guerras-e-conflitos-armados\\\/\",\"url\":\"https:\\\/\\\/globalattitude.org.br\\\/meio-ambiente-e-uma-das-principais-vitimas-de-guerras-e-conflitos-armados\\\/\",\"name\":\"Meio ambiente \u00e9 uma das principais v\u00edtimas de guerras e conflitos armados - Instituto Global Attitude\",\"isPartOf\":{\"@id\":\"https:\\\/\\\/globalattitude.org.br\\\/en\\\/#website\"},\"primaryImageOfPage\":{\"@id\":\"https:\\\/\\\/globalattitude.org.br\\\/meio-ambiente-e-uma-das-principais-vitimas-de-guerras-e-conflitos-armados\\\/#primaryimage\"},\"image\":{\"@id\":\"https:\\\/\\\/globalattitude.org.br\\\/meio-ambiente-e-uma-das-principais-vitimas-de-guerras-e-conflitos-armados\\\/#primaryimage\"},\"thumbnailUrl\":\"https:\\\/\\\/globalattitude.org.br\\\/wp-content\\\/uploads\\\/2023\\\/03\\\/environment.jpg\",\"datePublished\":\"2018-08-28T19:47:20+00:00\",\"dateModified\":\"2023-03-10T13:37:58+00:00\",\"breadcrumb\":{\"@id\":\"https:\\\/\\\/globalattitude.org.br\\\/meio-ambiente-e-uma-das-principais-vitimas-de-guerras-e-conflitos-armados\\\/#breadcrumb\"},\"inLanguage\":\"en-US\",\"potentialAction\":[{\"@type\":\"ReadAction\",\"target\":[\"https:\\\/\\\/globalattitude.org.br\\\/meio-ambiente-e-uma-das-principais-vitimas-de-guerras-e-conflitos-armados\\\/\"]}]},{\"@type\":\"ImageObject\",\"inLanguage\":\"en-US\",\"@id\":\"https:\\\/\\\/globalattitude.org.br\\\/meio-ambiente-e-uma-das-principais-vitimas-de-guerras-e-conflitos-armados\\\/#primaryimage\",\"url\":\"https:\\\/\\\/globalattitude.org.br\\\/wp-content\\\/uploads\\\/2023\\\/03\\\/environment.jpg\",\"contentUrl\":\"https:\\\/\\\/globalattitude.org.br\\\/wp-content\\\/uploads\\\/2023\\\/03\\\/environment.jpg\",\"width\":800,\"height\":342},{\"@type\":\"BreadcrumbList\",\"@id\":\"https:\\\/\\\/globalattitude.org.br\\\/meio-ambiente-e-uma-das-principais-vitimas-de-guerras-e-conflitos-armados\\\/#breadcrumb\",\"itemListElement\":[{\"@type\":\"ListItem\",\"position\":1,\"name\":\"In\u00edcio\",\"item\":\"https:\\\/\\\/globalattitude.org.br\\\/en\\\/\"},{\"@type\":\"ListItem\",\"position\":2,\"name\":\"Meio ambiente \u00e9 uma das principais v\u00edtimas de guerras e conflitos armados\"}]},{\"@type\":\"WebSite\",\"@id\":\"https:\\\/\\\/globalattitude.org.br\\\/en\\\/#website\",\"url\":\"https:\\\/\\\/globalattitude.org.br\\\/en\\\/\",\"name\":\"Instituto Global Attitude\",\"description\":\"\",\"publisher\":{\"@id\":\"https:\\\/\\\/globalattitude.org.br\\\/en\\\/#organization\"},\"potentialAction\":[{\"@type\":\"SearchAction\",\"target\":{\"@type\":\"EntryPoint\",\"urlTemplate\":\"https:\\\/\\\/globalattitude.org.br\\\/en\\\/?s={search_term_string}\"},\"query-input\":{\"@type\":\"PropertyValueSpecification\",\"valueRequired\":true,\"valueName\":\"search_term_string\"}}],\"inLanguage\":\"en-US\"},{\"@type\":\"Organization\",\"@id\":\"https:\\\/\\\/globalattitude.org.br\\\/en\\\/#organization\",\"name\":\"Instituto Global Attitude\",\"url\":\"https:\\\/\\\/globalattitude.org.br\\\/en\\\/\",\"logo\":{\"@type\":\"ImageObject\",\"inLanguage\":\"en-US\",\"@id\":\"https:\\\/\\\/globalattitude.org.br\\\/en\\\/#\\\/schema\\\/logo\\\/image\\\/\",\"url\":\"https:\\\/\\\/globalattitude.org.br\\\/wp-content\\\/uploads\\\/2023\\\/01\\\/instituto-global-attitude-color.png\",\"contentUrl\":\"https:\\\/\\\/globalattitude.org.br\\\/wp-content\\\/uploads\\\/2023\\\/01\\\/instituto-global-attitude-color.png\",\"width\":300,\"height\":131,\"caption\":\"Instituto Global Attitude\"},\"image\":{\"@id\":\"https:\\\/\\\/globalattitude.org.br\\\/en\\\/#\\\/schema\\\/logo\\\/image\\\/\"},\"sameAs\":[\"https:\\\/\\\/www.facebook.com\\\/global.attitude.org\\\/\",\"https:\\\/\\\/x.com\\\/global_attitude\",\"https:\\\/\\\/www.instagram.com\\\/globalattitude\",\"https:\\\/\\\/www.linkedin.com\\\/company\\\/global-attitude\\\/?viewAsMember=true\"]},{\"@type\":\"Person\",\"@id\":\"https:\\\/\\\/globalattitude.org.br\\\/en\\\/#\\\/schema\\\/person\\\/6d308f9d9d1eebad0278ad9386f13169\",\"name\":\"123esite\",\"image\":{\"@type\":\"ImageObject\",\"inLanguage\":\"en-US\",\"@id\":\"https:\\\/\\\/secure.gravatar.com\\\/avatar\\\/07bd71fac19f42004f2b73567f012e126689afdb23cb0017536dea9113ba1806?s=96&d=mm&r=g\",\"url\":\"https:\\\/\\\/secure.gravatar.com\\\/avatar\\\/07bd71fac19f42004f2b73567f012e126689afdb23cb0017536dea9113ba1806?s=96&d=mm&r=g\",\"contentUrl\":\"https:\\\/\\\/secure.gravatar.com\\\/avatar\\\/07bd71fac19f42004f2b73567f012e126689afdb23cb0017536dea9113ba1806?s=96&d=mm&r=g\",\"caption\":\"123esite\"},\"sameAs\":[\"http:\\\/\\\/globalattitude.org.br\"],\"url\":\"https:\\\/\\\/globalattitude.org.br\\\/en\\\/author\\\/123esite\\\/\"}]}<\/script>\n<!-- \/ Yoast SEO plugin. -->","yoast_head_json":{"title":"Meio ambiente \u00e9 uma das principais v\u00edtimas de guerras e conflitos armados - Instituto Global Attitude","robots":{"index":"index","follow":"follow","max-snippet":"max-snippet:-1","max-image-preview":"max-image-preview:large","max-video-preview":"max-video-preview:-1"},"canonical":"https:\/\/globalattitude.org.br\/meio-ambiente-e-uma-das-principais-vitimas-de-guerras-e-conflitos-armados\/","og_locale":"en_US","og_type":"article","og_title":"Meio ambiente \u00e9 uma das principais v\u00edtimas de guerras e conflitos armados - Instituto Global Attitude","og_description":"Utilizado h\u00e1 s\u00e9culos como arma de guerra, o meio ambiente e seus recursos naturais\u00a0s\u00e3o um dos principais alvos em conflitos. Os impactos ambientais, seja diretos ou indiretos, s\u00e3o dos mais diversos, desde polui\u00e7\u00e3o do ar e desflorestamento at\u00e9 degrada\u00e7\u00e3o de \u00e1reas protegidas e contamina\u00e7\u00e3o da \u00e1gua e solo. As t\u00e1ticas de guerra que envolvem a [&hellip;]","og_url":"https:\/\/globalattitude.org.br\/meio-ambiente-e-uma-das-principais-vitimas-de-guerras-e-conflitos-armados\/","og_site_name":"Instituto Global Attitude","article_publisher":"https:\/\/www.facebook.com\/global.attitude.org\/","article_published_time":"2018-08-28T19:47:20+00:00","article_modified_time":"2023-03-10T13:37:58+00:00","og_image":[{"width":800,"height":342,"url":"https:\/\/globalattitude.org.br\/wp-content\/uploads\/2023\/03\/environment.jpg","type":"image\/jpeg"}],"author":"123esite","twitter_card":"summary_large_image","twitter_creator":"@global_attitude","twitter_site":"@global_attitude","twitter_misc":{"Written by":"123esite","Est. reading time":"5 minutes"},"schema":{"@context":"https:\/\/schema.org","@graph":[{"@type":["Article","BlogPosting"],"@id":"https:\/\/globalattitude.org.br\/meio-ambiente-e-uma-das-principais-vitimas-de-guerras-e-conflitos-armados\/#article","isPartOf":{"@id":"https:\/\/globalattitude.org.br\/meio-ambiente-e-uma-das-principais-vitimas-de-guerras-e-conflitos-armados\/"},"author":{"name":"123esite","@id":"https:\/\/globalattitude.org.br\/en\/#\/schema\/person\/6d308f9d9d1eebad0278ad9386f13169"},"headline":"Meio ambiente \u00e9 uma das principais v\u00edtimas de guerras e conflitos armados","datePublished":"2018-08-28T19:47:20+00:00","dateModified":"2023-03-10T13:37:58+00:00","mainEntityOfPage":{"@id":"https:\/\/globalattitude.org.br\/meio-ambiente-e-uma-das-principais-vitimas-de-guerras-e-conflitos-armados\/"},"wordCount":931,"commentCount":0,"publisher":{"@id":"https:\/\/globalattitude.org.br\/en\/#organization"},"image":{"@id":"https:\/\/globalattitude.org.br\/meio-ambiente-e-uma-das-principais-vitimas-de-guerras-e-conflitos-armados\/#primaryimage"},"thumbnailUrl":"https:\/\/globalattitude.org.br\/wp-content\/uploads\/2023\/03\/environment.jpg","articleSection":["Opini\u00e3o","\u00daltimas"],"inLanguage":"en-US","potentialAction":[{"@type":"CommentAction","name":"Comment","target":["https:\/\/globalattitude.org.br\/meio-ambiente-e-uma-das-principais-vitimas-de-guerras-e-conflitos-armados\/#respond"]}]},{"@type":"WebPage","@id":"https:\/\/globalattitude.org.br\/meio-ambiente-e-uma-das-principais-vitimas-de-guerras-e-conflitos-armados\/","url":"https:\/\/globalattitude.org.br\/meio-ambiente-e-uma-das-principais-vitimas-de-guerras-e-conflitos-armados\/","name":"Meio ambiente \u00e9 uma das principais v\u00edtimas de guerras e conflitos armados - Instituto Global Attitude","isPartOf":{"@id":"https:\/\/globalattitude.org.br\/en\/#website"},"primaryImageOfPage":{"@id":"https:\/\/globalattitude.org.br\/meio-ambiente-e-uma-das-principais-vitimas-de-guerras-e-conflitos-armados\/#primaryimage"},"image":{"@id":"https:\/\/globalattitude.org.br\/meio-ambiente-e-uma-das-principais-vitimas-de-guerras-e-conflitos-armados\/#primaryimage"},"thumbnailUrl":"https:\/\/globalattitude.org.br\/wp-content\/uploads\/2023\/03\/environment.jpg","datePublished":"2018-08-28T19:47:20+00:00","dateModified":"2023-03-10T13:37:58+00:00","breadcrumb":{"@id":"https:\/\/globalattitude.org.br\/meio-ambiente-e-uma-das-principais-vitimas-de-guerras-e-conflitos-armados\/#breadcrumb"},"inLanguage":"en-US","potentialAction":[{"@type":"ReadAction","target":["https:\/\/globalattitude.org.br\/meio-ambiente-e-uma-das-principais-vitimas-de-guerras-e-conflitos-armados\/"]}]},{"@type":"ImageObject","inLanguage":"en-US","@id":"https:\/\/globalattitude.org.br\/meio-ambiente-e-uma-das-principais-vitimas-de-guerras-e-conflitos-armados\/#primaryimage","url":"https:\/\/globalattitude.org.br\/wp-content\/uploads\/2023\/03\/environment.jpg","contentUrl":"https:\/\/globalattitude.org.br\/wp-content\/uploads\/2023\/03\/environment.jpg","width":800,"height":342},{"@type":"BreadcrumbList","@id":"https:\/\/globalattitude.org.br\/meio-ambiente-e-uma-das-principais-vitimas-de-guerras-e-conflitos-armados\/#breadcrumb","itemListElement":[{"@type":"ListItem","position":1,"name":"In\u00edcio","item":"https:\/\/globalattitude.org.br\/en\/"},{"@type":"ListItem","position":2,"name":"Meio ambiente \u00e9 uma das principais v\u00edtimas de guerras e conflitos armados"}]},{"@type":"WebSite","@id":"https:\/\/globalattitude.org.br\/en\/#website","url":"https:\/\/globalattitude.org.br\/en\/","name":"Instituto Global Attitude","description":"","publisher":{"@id":"https:\/\/globalattitude.org.br\/en\/#organization"},"potentialAction":[{"@type":"SearchAction","target":{"@type":"EntryPoint","urlTemplate":"https:\/\/globalattitude.org.br\/en\/?s={search_term_string}"},"query-input":{"@type":"PropertyValueSpecification","valueRequired":true,"valueName":"search_term_string"}}],"inLanguage":"en-US"},{"@type":"Organization","@id":"https:\/\/globalattitude.org.br\/en\/#organization","name":"Instituto Global Attitude","url":"https:\/\/globalattitude.org.br\/en\/","logo":{"@type":"ImageObject","inLanguage":"en-US","@id":"https:\/\/globalattitude.org.br\/en\/#\/schema\/logo\/image\/","url":"https:\/\/globalattitude.org.br\/wp-content\/uploads\/2023\/01\/instituto-global-attitude-color.png","contentUrl":"https:\/\/globalattitude.org.br\/wp-content\/uploads\/2023\/01\/instituto-global-attitude-color.png","width":300,"height":131,"caption":"Instituto Global Attitude"},"image":{"@id":"https:\/\/globalattitude.org.br\/en\/#\/schema\/logo\/image\/"},"sameAs":["https:\/\/www.facebook.com\/global.attitude.org\/","https:\/\/x.com\/global_attitude","https:\/\/www.instagram.com\/globalattitude","https:\/\/www.linkedin.com\/company\/global-attitude\/?viewAsMember=true"]},{"@type":"Person","@id":"https:\/\/globalattitude.org.br\/en\/#\/schema\/person\/6d308f9d9d1eebad0278ad9386f13169","name":"123esite","image":{"@type":"ImageObject","inLanguage":"en-US","@id":"https:\/\/secure.gravatar.com\/avatar\/07bd71fac19f42004f2b73567f012e126689afdb23cb0017536dea9113ba1806?s=96&d=mm&r=g","url":"https:\/\/secure.gravatar.com\/avatar\/07bd71fac19f42004f2b73567f012e126689afdb23cb0017536dea9113ba1806?s=96&d=mm&r=g","contentUrl":"https:\/\/secure.gravatar.com\/avatar\/07bd71fac19f42004f2b73567f012e126689afdb23cb0017536dea9113ba1806?s=96&d=mm&r=g","caption":"123esite"},"sameAs":["http:\/\/globalattitude.org.br"],"url":"https:\/\/globalattitude.org.br\/en\/author\/123esite\/"}]}},"_links":{"self":[{"href":"https:\/\/globalattitude.org.br\/en\/wp-json\/wp\/v2\/posts\/2432","targetHints":{"allow":["GET"]}}],"collection":[{"href":"https:\/\/globalattitude.org.br\/en\/wp-json\/wp\/v2\/posts"}],"about":[{"href":"https:\/\/globalattitude.org.br\/en\/wp-json\/wp\/v2\/types\/post"}],"author":[{"embeddable":true,"href":"https:\/\/globalattitude.org.br\/en\/wp-json\/wp\/v2\/users\/1"}],"replies":[{"embeddable":true,"href":"https:\/\/globalattitude.org.br\/en\/wp-json\/wp\/v2\/comments?post=2432"}],"version-history":[{"count":1,"href":"https:\/\/globalattitude.org.br\/en\/wp-json\/wp\/v2\/posts\/2432\/revisions"}],"predecessor-version":[{"id":2437,"href":"https:\/\/globalattitude.org.br\/en\/wp-json\/wp\/v2\/posts\/2432\/revisions\/2437"}],"wp:featuredmedia":[{"embeddable":true,"href":"https:\/\/globalattitude.org.br\/en\/wp-json\/wp\/v2\/media\/2433"}],"wp:attachment":[{"href":"https:\/\/globalattitude.org.br\/en\/wp-json\/wp\/v2\/media?parent=2432"}],"wp:term":[{"taxonomy":"category","embeddable":true,"href":"https:\/\/globalattitude.org.br\/en\/wp-json\/wp\/v2\/categories?post=2432"},{"taxonomy":"post_tag","embeddable":true,"href":"https:\/\/globalattitude.org.br\/en\/wp-json\/wp\/v2\/tags?post=2432"}],"curies":[{"name":"wp","href":"https:\/\/api.w.org\/{rel}","templated":true}]}}