{"id":2568,"date":"2018-10-16T19:24:28","date_gmt":"2018-10-16T22:24:28","guid":{"rendered":"https:\/\/globalattitude.org.br\/eleicoes-2018-as-propostas-de-haddad-e-bolsonaro-para-politica-externa-e-educacao\/"},"modified":"2023-03-10T10:40:38","modified_gmt":"2023-03-10T13:40:38","slug":"eleicoes-2018-as-propostas-de-haddad-e-bolsonaro-para-politica-externa-e-educacao","status":"publish","type":"post","link":"https:\/\/globalattitude.org.br\/en\/eleicoes-2018-as-propostas-de-haddad-e-bolsonaro-para-politica-externa-e-educacao\/","title":{"rendered":"Elei\u00e7\u00f5es 2018: as propostas de Haddad e Bolsonaro para Pol\u00edtica Externa e Educa\u00e7\u00e3o"},"content":{"rendered":"<p>No dia 28 de outubro, a popula\u00e7\u00e3o vai \u00e0s urnas para eleger o pr\u00f3ximo presidente e, assim como ocorreu no <a href=\"http:\/\/blog.globalattitude.org.br\/eleicoes-2018-as-propostas-de-cada-candidato-para-a-politica-externa\/\">primeiro turno<\/a>, o <strong>Diplomacia Civil<\/strong> se compromete com a ideia da informa\u00e7\u00e3o\u00a0sendo um dos maiores recursos para a tomada de uma decis\u00e3o. Por isso,\u00a0reunimos as propostas dos dois candidatos \u00e0 presid\u00eancia do Brasil &#8211; Fernando Haddad e Jair Bolsonaro &#8211; voltadas \u00e0s \u00e1reas de Pol\u00edtica Externa e Educa\u00e7\u00e3o, expondo assim a forma como cada presidenci\u00e1vel entende\u00a0as rela\u00e7\u00f5es com os demais pa\u00edses, acordos internacionais e educa\u00e7\u00e3o para a juventude brasileira.<\/p>\n<p>Em combate \u00e0 dissemina\u00e7\u00e3o das chamadas fake news, as informa\u00e7\u00f5es apresentadas se baseiam n\u00e3o s\u00f3 nos pr\u00f3prios planos de governo protocolados na Justi\u00e7a Eleitoral, como tamb\u00e9m nos sites e redes sociais oficiais dos candidatos e entrevistas concedidas aos meios de comunica\u00e7\u00e3o.<\/p>\n<p><strong>Confira as propostas:<\/strong><\/p>\n<p><a href=\"http:\/\/globalattitude.org.br\/wp-content\/uploads\/2023\/03\/Politica-Externa.png\"><img fetchpriority=\"high\" decoding=\"async\" class=\"wp-image-4405 aligncenter\" src=\"http:\/\/globalattitude.org.br\/wp-content\/uploads\/2023\/03\/Politica-Externa.png\" alt=\"\" width=\"600\" height=\"257\" \/><\/a><\/p>\n<p><a href=\"http:\/\/globalattitude.org.br\/wp-content\/uploads\/2023\/03\/bolsonaro-4.jpg\"><img decoding=\"async\" class=\"wp-image-4406 alignleft\" src=\"http:\/\/globalattitude.org.br\/wp-content\/uploads\/2023\/03\/bolsonaro-4-300x300.jpg\" alt=\"\" width=\"200\" height=\"200\" \/><\/a><strong>Jair Bolsonaro<\/strong><\/p>\n<ul>\n<li>Sepultar o Foro de S\u00e3o Paulo;<\/li>\n<li>Fazer neg\u00f3cio com o mundo todo, sem vi\u00e9s ideol\u00f3gico, aprofundando integra\u00e7\u00e3o com pa\u00edses \u201clivres de ditaduras\u201d e prioridade a na\u00e7\u00f5es como Israel;<\/li>\n<li>Revogar a lei de imigra\u00e7\u00e3o e fazer campo de refugiados \u201ccom a ajuda da ONU\u201d, para lidar com a migra\u00e7\u00e3o de venezuelanos para o Brasil;<\/li>\n<li>Mudar a embaixada brasileira em Israel de Tel-Aviv para Jerusal\u00e9m, assim como fez Donald Trump, e fechar a Embaixada da Autoridade Palestina no Brasil;<\/li>\n<li>Reduzir al\u00edquotas de importa\u00e7\u00e3o e barreiras n\u00e3o tarif\u00e1rias. Constituir novos acordos bilaterais internacionais;<\/li>\n<li>Retirar o Brasil do Acordo de Paris sobre o clima \u2014 assim como fizeram os Estados Unidos no governo de Donald Trump;<\/li>\n<li>Retirar o Brasil do Comit\u00ea de Direitos Humanos da ONU, o qual fez recomenda\u00e7\u00e3o a favor da candidatura de Lula. Candidato chegou a dizer que cogitaria retirar o Brasil da ONU, dois dias depois disse que havia se expressado mal quando declarou que esta seria \u201cuma reuni\u00e3o de comunistas, de gente que n\u00e3o tem qualquer compromisso com a Am\u00e9rica do Sul\u201d;<\/li>\n<li>Extraditar Cesare Battisti, ex-ativista italiano, considerado pelo candidato um \u201cterrorista\u201d.<\/li>\n<\/ul>\n<p><strong><a href=\"http:\/\/globalattitude.org.br\/wp-content\/uploads\/2023\/03\/fernando-haddad.jpg\"><img decoding=\"async\" class=\"alignright wp-image-4407\" src=\"http:\/\/globalattitude.org.br\/wp-content\/uploads\/2023\/03\/fernando-haddad-300x300.jpg\" alt=\"\" width=\"200\" height=\"200\" \/><\/a><\/strong><\/p>\n<p style=\"text-align: right;\"><strong>Fernando Haddad<\/strong><\/p>\n<ul class=\"ul1\">\n<li class=\"li1\">Retomar a pol\u00edtica externa de integra\u00e7\u00e3o latino-americana e a coopera\u00e7\u00e3o Sul-Sul (especialmente com a \u00c1frica) nas \u00e1reas de sa\u00fade, educa\u00e7\u00e3o e seguran\u00e7a alimentar;<\/li>\n<li class=\"li1\">Fortalecer Mercosul, Unasul, BRICS e F\u00f3rum de Di\u00e1logo \u00cdndia, Brasil e \u00c1frica do Sul (IBAS) e dar protagonismo ao Itamaraty;<\/li>\n<li class=\"li1\">Fortalecer instrumentos de financiamento do desenvolvimento, como FOCEM, Banco do Sul e Novo Banco de Desenvolvimento (NBD);<\/li>\n<li class=\"li1\">Apoiar o multilateralismo, a busca de solu\u00e7\u00f5es pelo di\u00e1logo e o rep\u00fadio \u00e0 interven\u00e7\u00e3o e a solu\u00e7\u00f5es de for\u00e7a;<\/li>\n<li class=\"li1\">Defender a reforma da ONU, em particular o Conselho de Seguran\u00e7a, assim como dos instrumentos de prote\u00e7\u00e3o aos Direitos Humanos no plano internacional e regional.<\/li>\n<\/ul>\n<p><a href=\"http:\/\/globalattitude.org.br\/wp-content\/uploads\/2023\/03\/Politica-Externa-1.png\"><img loading=\"lazy\" decoding=\"async\" class=\"aligncenter wp-image-4404\" src=\"http:\/\/globalattitude.org.br\/wp-content\/uploads\/2023\/03\/Politica-Externa-1-300x128.png\" alt=\"\" width=\"600\" height=\"256\" \/><\/a><\/p>\n<p><a href=\"http:\/\/globalattitude.org.br\/wp-content\/uploads\/2023\/03\/fernando-haddad.jpg\"><img loading=\"lazy\" decoding=\"async\" class=\"alignleft wp-image-4407\" src=\"http:\/\/globalattitude.org.br\/wp-content\/uploads\/2023\/03\/fernando-haddad-300x300.jpg\" alt=\"\" width=\"200\" height=\"200\" \/><\/a><strong>Fernando Haddad<\/strong><\/p>\n<ul class=\"ul1\">\n<li class=\"li1\"><span class=\"s2\">Priorizar o Ensino M\u00e9dio, criando o Programa Ensino M\u00e9dio Federal, de forma a ampliar a participa\u00e7\u00e3o da Uni\u00e3o nesse quesito e fazer conv\u00eanio com Estados para assumir escolas localizadas em regi\u00f5es de alta vulnerabilidade. Tamb\u00e9m criar um programa de perman\u00eancia para jovens em situa\u00e7\u00e3o de pobreza e revogar a reforma do Ensino M\u00e9dio do governo Michel Temer;<\/span><\/li>\n<li class=\"li1\"><span class=\"s2\">Criar a Escola com Ci\u00eancia e Cultura, para valorizar a diversidade e servir de contraponto \u00e0 Escola Sem Partido;<\/span><\/li>\n<li class=\"li1\"><span class=\"s2\">Expandir as matr\u00edculas no Ensino Superior e nos ensinos t\u00e9cnico e profissional;<\/span><\/li>\n<li class=\"li1\"><span class=\"s2\">Realizar anualmente uma Prova Nacional para Ingresso na Carreira Docente na rede p\u00fablica de educa\u00e7\u00e3o b\u00e1sica;<\/span><\/li>\n<li class=\"li1\"><span class=\"s2\">Refinanciar as d\u00edvidas de estudantes do Fies;<\/span><\/li>\n<li class=\"li1\"><span class=\"s2\">Revogar a emenda do teto de gastos. Retomar os recursos dos royalties do petr\u00f3leo e do Fundo Social do Pr\u00e9-Sal para sa\u00fade e educa\u00e7\u00e3o.<\/span><\/li>\n<\/ul>\n<p style=\"text-align: right;\"><a href=\"http:\/\/globalattitude.org.br\/wp-content\/uploads\/2023\/03\/bolsonaro-4.jpg\"><img loading=\"lazy\" decoding=\"async\" class=\"alignright wp-image-4406\" src=\"http:\/\/globalattitude.org.br\/wp-content\/uploads\/2023\/03\/bolsonaro-4-300x300.jpg\" alt=\"\" width=\"200\" height=\"200\" \/><\/a><strong>Jair Bolsonaro<\/strong><\/p>\n<ul class=\"ul1\">\n<li class=\"li1\"><span class=\"s1\">Defende a ado\u00e7\u00e3o da educa\u00e7\u00e3o \u00e0 dist\u00e2ncia no Ensino Fundamental, M\u00e9dio e universit\u00e1rio, com aulas presenciais em provas ou aulas pr\u00e1ticas, o que &#8220;ajuda a combater o marxismo\u201d;<\/span><\/li>\n<li class=\"li2\"><span class=\"s2\">Retomar no curr\u00ed<\/span><span class=\"s1\">culo escolar as disciplinas educa\u00e7\u00e3o moral e c\u00edvica (EMC) e organiza\u00e7\u00e3o social e pol\u00edtica brasileira (OSPB) &#8211; ensinadas durante a ditadura militar;<\/span><\/li>\n<li class=\"li2\">Defende a cota social e, por isso, prop\u00f5e <span class=\"s1\">a diminui\u00e7\u00e3o do percentual de vagas para cotas raciais;<\/span><\/li>\n<li class=\"li2\"><span class=\"s1\">Ampliar o n\u00famero de escolas militares, fazendo parcerias com as redes municipal e estadual. Em dois anos, ter um col\u00e9gio militar em cada capital. Fazer o maior col\u00e9gio militar do pa\u00eds em S\u00e3o Paulo, no Campo de Marte;<\/span><\/li>\n<li class=\"li2\"><span class=\"s1\">N\u00e3o admitir ideologia de g\u00eanero nas escolas. Defende educa\u00e7\u00e3o &#8220;sem doutrina\u00e7\u00e3o e sexualiza\u00e7\u00e3o precoce&#8221;. &#8220;N\u00f3s precisamos de um presidente que trate com considera\u00e7\u00e3o crian\u00e7a em sala de aula, n\u00e3o admitindo ideologia de g\u00eanero, impondo a Escola Sem Partido\u201d.<\/span><\/li>\n<\/ul>\n<p>&nbsp;<\/p>\n","protected":false},"excerpt":{"rendered":"<p>No dia 28 de outubro, a popula\u00e7\u00e3o vai \u00e0s urnas para eleger o pr\u00f3ximo presidente e, assim como ocorreu no primeiro turno, o Diplomacia Civil se compromete com a ideia da informa\u00e7\u00e3o\u00a0sendo um dos maiores recursos para a tomada de uma decis\u00e3o. Por isso,\u00a0reunimos as propostas dos dois candidatos \u00e0 presid\u00eancia do Brasil &#8211; Fernando [&hellip;]<\/p>\n","protected":false},"author":1,"featured_media":2569,"comment_status":"open","ping_status":"open","sticky":false,"template":"","format":"standard","meta":{"_acf_changed":false,"om_disable_all_campaigns":false,"_monsterinsights_skip_tracking":false,"_uf_show_specific_survey":0,"_uf_disable_surveys":false,"footnotes":""},"categories":[35,34],"tags":[],"class_list":["post-2568","post","type-post","status-publish","format-standard","hentry","category-opiniao","category-ultimas"],"acf":[],"aioseo_notices":[],"aioseo_head":"\n\t\t<!-- All in One SEO 5.0.1.1 - aioseo.com -->\n\t<meta name=\"description\" content=\"No dia 28 de outubro, a popula\u00e7\u00e3o vai \u00e0s urnas para eleger o pr\u00f3ximo presidente e, assim como ocorreu no primeiro turno, o Diplomacia Civil se compromete com a ideia da informa\u00e7\u00e3o sendo um dos maiores recursos para a tomada de uma decis\u00e3o. Por isso, reunimos as propostas dos dois candidatos \u00e0 presid\u00eancia do Brasil - Fernando\" \/>\n\t<meta name=\"robots\" content=\"max-image-preview:large\" \/>\n\t<meta name=\"author\" content=\"123esite\"\/>\n\t<link rel=\"canonical\" href=\"https:\/\/globalattitude.org.br\/en\/eleicoes-2018-as-propostas-de-haddad-e-bolsonaro-para-politica-externa-e-educacao\/\" \/>\n\t<meta name=\"generator\" content=\"All in One SEO (AIOSEO) 5.0.1.1\" \/>\n\t\t<meta property=\"og:locale\" content=\"en_US\" \/>\n\t\t<meta property=\"og:site_name\" content=\"Instituto Global Attitude -\" \/>\n\t\t<meta property=\"og:type\" content=\"article\" \/>\n\t\t<meta property=\"og:title\" content=\"Elei\u00e7\u00f5es 2018: as propostas de Haddad e Bolsonaro para Pol\u00edtica Externa e Educa\u00e7\u00e3o - Instituto Global Attitude\" \/>\n\t\t<meta property=\"og:description\" content=\"No dia 28 de outubro, a popula\u00e7\u00e3o vai \u00e0s urnas para eleger o pr\u00f3ximo presidente e, assim como ocorreu no primeiro turno, o Diplomacia Civil se compromete com a ideia da informa\u00e7\u00e3o sendo um dos maiores recursos para a tomada de uma decis\u00e3o. Por isso, reunimos as propostas dos dois candidatos \u00e0 presid\u00eancia do Brasil - Fernando\" \/>\n\t\t<meta property=\"og:url\" content=\"https:\/\/globalattitude.org.br\/en\/eleicoes-2018-as-propostas-de-haddad-e-bolsonaro-para-politica-externa-e-educacao\/\" \/>\n\t\t<meta property=\"article:published_time\" content=\"2018-10-16T22:24:28+00:00\" \/>\n\t\t<meta property=\"article:modified_time\" content=\"2023-03-10T13:40:38+00:00\" \/>\n\t\t<meta name=\"twitter:card\" content=\"summary_large_image\" \/>\n\t\t<meta name=\"twitter:title\" content=\"Elei\u00e7\u00f5es 2018: as propostas de Haddad e Bolsonaro para Pol\u00edtica Externa e Educa\u00e7\u00e3o - Instituto Global Attitude\" \/>\n\t\t<meta name=\"twitter:description\" content=\"No dia 28 de outubro, a popula\u00e7\u00e3o vai \u00e0s urnas para eleger o pr\u00f3ximo presidente e, assim como ocorreu no primeiro turno, o Diplomacia Civil se compromete com a ideia da informa\u00e7\u00e3o sendo um dos maiores recursos para a tomada de uma decis\u00e3o. Por isso, reunimos as propostas dos dois candidatos \u00e0 presid\u00eancia do Brasil - Fernando\" \/>\n\t\t<script type=\"application\/ld+json\" class=\"aioseo-schema\">\n\t\t\t{\"@context\":\"https:\\\/\\\/schema.org\",\"@graph\":[{\"@type\":\"BlogPosting\",\"@id\":\"https:\\\/\\\/globalattitude.org.br\\\/en\\\/eleicoes-2018-as-propostas-de-haddad-e-bolsonaro-para-politica-externa-e-educacao\\\/#blogposting\",\"name\":\"Elei\\u00e7\\u00f5es 2018: as propostas de Haddad e Bolsonaro para Pol\\u00edtica Externa e Educa\\u00e7\\u00e3o - Instituto Global Attitude\",\"headline\":\"Elei\\u00e7\\u00f5es 2018: as propostas de Haddad e Bolsonaro para Pol\\u00edtica Externa e Educa\\u00e7\\u00e3o\",\"author\":{\"@id\":\"https:\\\/\\\/globalattitude.org.br\\\/en\\\/author\\\/123esite\\\/#author\"},\"publisher\":{\"@id\":\"https:\\\/\\\/globalattitude.org.br\\\/en\\\/#organization\"},\"image\":{\"@type\":\"ImageObject\",\"url\":\"https:\\\/\\\/globalattitude.org.br\\\/wp-content\\\/uploads\\\/2023\\\/03\\\/Politica-Externa.png\",\"width\":700,\"height\":300},\"datePublished\":\"2018-10-16T19:24:28-03:00\",\"dateModified\":\"2023-03-10T10:40:38-03:00\",\"inLanguage\":\"en-US\",\"mainEntityOfPage\":{\"@id\":\"https:\\\/\\\/globalattitude.org.br\\\/en\\\/eleicoes-2018-as-propostas-de-haddad-e-bolsonaro-para-politica-externa-e-educacao\\\/#webpage\"},\"isPartOf\":{\"@id\":\"https:\\\/\\\/globalattitude.org.br\\\/en\\\/eleicoes-2018-as-propostas-de-haddad-e-bolsonaro-para-politica-externa-e-educacao\\\/#webpage\"},\"articleSection\":\"Opini\\u00e3o, \\u00daltimas\"},{\"@type\":\"BreadcrumbList\",\"@id\":\"https:\\\/\\\/globalattitude.org.br\\\/en\\\/eleicoes-2018-as-propostas-de-haddad-e-bolsonaro-para-politica-externa-e-educacao\\\/#breadcrumblist\",\"itemListElement\":[{\"@type\":\"ListItem\",\"@id\":\"https:\\\/\\\/globalattitude.org.br\\\/en\\\/#listItem\",\"position\":1,\"name\":\"Home\",\"item\":\"https:\\\/\\\/globalattitude.org.br\\\/en\\\/\",\"nextItem\":{\"@type\":\"ListItem\",\"@id\":\"https:\\\/\\\/globalattitude.org.br\\\/category\\\/ultimas\\\/#listItem\",\"name\":\"\\u00daltimas\"}},{\"@type\":\"ListItem\",\"@id\":\"https:\\\/\\\/globalattitude.org.br\\\/category\\\/ultimas\\\/#listItem\",\"position\":2,\"name\":\"\\u00daltimas\",\"item\":\"https:\\\/\\\/globalattitude.org.br\\\/category\\\/ultimas\\\/\",\"nextItem\":{\"@type\":\"ListItem\",\"@id\":\"https:\\\/\\\/globalattitude.org.br\\\/en\\\/eleicoes-2018-as-propostas-de-haddad-e-bolsonaro-para-politica-externa-e-educacao\\\/#listItem\",\"name\":\"Elei\\u00e7\\u00f5es 2018: as propostas de Haddad e Bolsonaro para Pol\\u00edtica Externa e Educa\\u00e7\\u00e3o\"},\"previousItem\":{\"@type\":\"ListItem\",\"@id\":\"https:\\\/\\\/globalattitude.org.br\\\/en\\\/#listItem\",\"name\":\"Home\"}},{\"@type\":\"ListItem\",\"@id\":\"https:\\\/\\\/globalattitude.org.br\\\/en\\\/eleicoes-2018-as-propostas-de-haddad-e-bolsonaro-para-politica-externa-e-educacao\\\/#listItem\",\"position\":3,\"name\":\"Elei\\u00e7\\u00f5es 2018: as propostas de Haddad e Bolsonaro para Pol\\u00edtica Externa e Educa\\u00e7\\u00e3o\",\"previousItem\":{\"@type\":\"ListItem\",\"@id\":\"https:\\\/\\\/globalattitude.org.br\\\/category\\\/ultimas\\\/#listItem\",\"name\":\"\\u00daltimas\"}}]},{\"@type\":\"Organization\",\"@id\":\"https:\\\/\\\/globalattitude.org.br\\\/en\\\/#organization\",\"name\":\"Global Attitude\",\"url\":\"https:\\\/\\\/globalattitude.org.br\\\/en\\\/\"},{\"@type\":\"Person\",\"@id\":\"https:\\\/\\\/globalattitude.org.br\\\/en\\\/author\\\/123esite\\\/#author\",\"url\":\"https:\\\/\\\/globalattitude.org.br\\\/en\\\/author\\\/123esite\\\/\",\"name\":\"123esite\",\"image\":{\"@type\":\"ImageObject\",\"@id\":\"https:\\\/\\\/globalattitude.org.br\\\/en\\\/eleicoes-2018-as-propostas-de-haddad-e-bolsonaro-para-politica-externa-e-educacao\\\/#authorImage\",\"url\":\"https:\\\/\\\/secure.gravatar.com\\\/avatar\\\/07bd71fac19f42004f2b73567f012e126689afdb23cb0017536dea9113ba1806?s=96&d=mm&r=g\",\"width\":96,\"height\":96,\"caption\":\"123esite\"}},{\"@type\":\"WebPage\",\"@id\":\"https:\\\/\\\/globalattitude.org.br\\\/en\\\/eleicoes-2018-as-propostas-de-haddad-e-bolsonaro-para-politica-externa-e-educacao\\\/#webpage\",\"url\":\"https:\\\/\\\/globalattitude.org.br\\\/en\\\/eleicoes-2018-as-propostas-de-haddad-e-bolsonaro-para-politica-externa-e-educacao\\\/\",\"name\":\"Elei\\u00e7\\u00f5es 2018: as propostas de Haddad e Bolsonaro para Pol\\u00edtica Externa e Educa\\u00e7\\u00e3o - Instituto Global Attitude\",\"description\":\"No dia 28 de outubro, a popula\\u00e7\\u00e3o vai \\u00e0s urnas para eleger o pr\\u00f3ximo presidente e, assim como ocorreu no primeiro turno, o Diplomacia Civil se compromete com a ideia da informa\\u00e7\\u00e3o sendo um dos maiores recursos para a tomada de uma decis\\u00e3o. Por isso, reunimos as propostas dos dois candidatos \\u00e0 presid\\u00eancia do Brasil - Fernando\",\"inLanguage\":\"en-US\",\"isPartOf\":{\"@id\":\"https:\\\/\\\/globalattitude.org.br\\\/en\\\/#website\"},\"breadcrumb\":{\"@id\":\"https:\\\/\\\/globalattitude.org.br\\\/en\\\/eleicoes-2018-as-propostas-de-haddad-e-bolsonaro-para-politica-externa-e-educacao\\\/#breadcrumblist\"},\"author\":{\"@id\":\"https:\\\/\\\/globalattitude.org.br\\\/en\\\/author\\\/123esite\\\/#author\"},\"creator\":{\"@id\":\"https:\\\/\\\/globalattitude.org.br\\\/en\\\/author\\\/123esite\\\/#author\"},\"image\":{\"@type\":\"ImageObject\",\"url\":\"https:\\\/\\\/globalattitude.org.br\\\/wp-content\\\/uploads\\\/2023\\\/03\\\/Politica-Externa.png\",\"@id\":\"https:\\\/\\\/globalattitude.org.br\\\/en\\\/eleicoes-2018-as-propostas-de-haddad-e-bolsonaro-para-politica-externa-e-educacao\\\/#mainImage\",\"width\":700,\"height\":300},\"primaryImageOfPage\":{\"@id\":\"https:\\\/\\\/globalattitude.org.br\\\/en\\\/eleicoes-2018-as-propostas-de-haddad-e-bolsonaro-para-politica-externa-e-educacao\\\/#mainImage\"},\"datePublished\":\"2018-10-16T19:24:28-03:00\",\"dateModified\":\"2023-03-10T10:40:38-03:00\"},{\"@type\":\"WebSite\",\"@id\":\"https:\\\/\\\/globalattitude.org.br\\\/en\\\/#website\",\"url\":\"https:\\\/\\\/globalattitude.org.br\\\/en\\\/\",\"name\":\"Global Attitude\",\"inLanguage\":\"en-US\",\"publisher\":{\"@id\":\"https:\\\/\\\/globalattitude.org.br\\\/en\\\/#organization\"}}]}\n\t\t<\/script>\n\t\t<!-- All in One SEO -->\n\n","aioseo_head_json":{"title":"Elei\u00e7\u00f5es 2018: as propostas de Haddad e Bolsonaro para Pol\u00edtica Externa e Educa\u00e7\u00e3o - Instituto Global Attitude","description":"No dia 28 de outubro, a popula\u00e7\u00e3o vai \u00e0s urnas para eleger o pr\u00f3ximo presidente e, assim como ocorreu no primeiro turno, o Diplomacia Civil se compromete com a ideia da informa\u00e7\u00e3o sendo um dos maiores recursos para a tomada de uma decis\u00e3o. Por isso, reunimos as propostas dos dois candidatos \u00e0 presid\u00eancia do Brasil - Fernando","canonical_url":"https:\/\/globalattitude.org.br\/en\/eleicoes-2018-as-propostas-de-haddad-e-bolsonaro-para-politica-externa-e-educacao\/","robots":"max-image-preview:large","keywords":"","webmasterTools":{"miscellaneous":""},"schema":{"@context":"https:\/\/schema.org","@graph":[{"@type":"BlogPosting","@id":"https:\/\/globalattitude.org.br\/en\/eleicoes-2018-as-propostas-de-haddad-e-bolsonaro-para-politica-externa-e-educacao\/#blogposting","name":"Elei\u00e7\u00f5es 2018: as propostas de Haddad e Bolsonaro para Pol\u00edtica Externa e Educa\u00e7\u00e3o - Instituto Global Attitude","headline":"Elei\u00e7\u00f5es 2018: as propostas de Haddad e Bolsonaro para Pol\u00edtica Externa e Educa\u00e7\u00e3o","author":{"@id":"https:\/\/globalattitude.org.br\/en\/author\/123esite\/#author"},"publisher":{"@id":"https:\/\/globalattitude.org.br\/en\/#organization"},"image":{"@type":"ImageObject","url":"https:\/\/globalattitude.org.br\/wp-content\/uploads\/2023\/03\/Politica-Externa.png","width":700,"height":300},"datePublished":"2018-10-16T19:24:28-03:00","dateModified":"2023-03-10T10:40:38-03:00","inLanguage":"en-US","mainEntityOfPage":{"@id":"https:\/\/globalattitude.org.br\/en\/eleicoes-2018-as-propostas-de-haddad-e-bolsonaro-para-politica-externa-e-educacao\/#webpage"},"isPartOf":{"@id":"https:\/\/globalattitude.org.br\/en\/eleicoes-2018-as-propostas-de-haddad-e-bolsonaro-para-politica-externa-e-educacao\/#webpage"},"articleSection":"Opini\u00e3o, \u00daltimas"},{"@type":"BreadcrumbList","@id":"https:\/\/globalattitude.org.br\/en\/eleicoes-2018-as-propostas-de-haddad-e-bolsonaro-para-politica-externa-e-educacao\/#breadcrumblist","itemListElement":[{"@type":"ListItem","@id":"https:\/\/globalattitude.org.br\/en\/#listItem","position":1,"name":"Home","item":"https:\/\/globalattitude.org.br\/en\/","nextItem":{"@type":"ListItem","@id":"https:\/\/globalattitude.org.br\/category\/ultimas\/#listItem","name":"\u00daltimas"}},{"@type":"ListItem","@id":"https:\/\/globalattitude.org.br\/category\/ultimas\/#listItem","position":2,"name":"\u00daltimas","item":"https:\/\/globalattitude.org.br\/category\/ultimas\/","nextItem":{"@type":"ListItem","@id":"https:\/\/globalattitude.org.br\/en\/eleicoes-2018-as-propostas-de-haddad-e-bolsonaro-para-politica-externa-e-educacao\/#listItem","name":"Elei\u00e7\u00f5es 2018: as propostas de Haddad e Bolsonaro para Pol\u00edtica Externa e Educa\u00e7\u00e3o"},"previousItem":{"@type":"ListItem","@id":"https:\/\/globalattitude.org.br\/en\/#listItem","name":"Home"}},{"@type":"ListItem","@id":"https:\/\/globalattitude.org.br\/en\/eleicoes-2018-as-propostas-de-haddad-e-bolsonaro-para-politica-externa-e-educacao\/#listItem","position":3,"name":"Elei\u00e7\u00f5es 2018: as propostas de Haddad e Bolsonaro para Pol\u00edtica Externa e Educa\u00e7\u00e3o","previousItem":{"@type":"ListItem","@id":"https:\/\/globalattitude.org.br\/category\/ultimas\/#listItem","name":"\u00daltimas"}}]},{"@type":"Organization","@id":"https:\/\/globalattitude.org.br\/en\/#organization","name":"Global Attitude","url":"https:\/\/globalattitude.org.br\/en\/"},{"@type":"Person","@id":"https:\/\/globalattitude.org.br\/en\/author\/123esite\/#author","url":"https:\/\/globalattitude.org.br\/en\/author\/123esite\/","name":"123esite","image":{"@type":"ImageObject","@id":"https:\/\/globalattitude.org.br\/en\/eleicoes-2018-as-propostas-de-haddad-e-bolsonaro-para-politica-externa-e-educacao\/#authorImage","url":"https:\/\/secure.gravatar.com\/avatar\/07bd71fac19f42004f2b73567f012e126689afdb23cb0017536dea9113ba1806?s=96&d=mm&r=g","width":96,"height":96,"caption":"123esite"}},{"@type":"WebPage","@id":"https:\/\/globalattitude.org.br\/en\/eleicoes-2018-as-propostas-de-haddad-e-bolsonaro-para-politica-externa-e-educacao\/#webpage","url":"https:\/\/globalattitude.org.br\/en\/eleicoes-2018-as-propostas-de-haddad-e-bolsonaro-para-politica-externa-e-educacao\/","name":"Elei\u00e7\u00f5es 2018: as propostas de Haddad e Bolsonaro para Pol\u00edtica Externa e Educa\u00e7\u00e3o - Instituto Global Attitude","description":"No dia 28 de outubro, a popula\u00e7\u00e3o vai \u00e0s urnas para eleger o pr\u00f3ximo presidente e, assim como ocorreu no primeiro turno, o Diplomacia Civil se compromete com a ideia da informa\u00e7\u00e3o sendo um dos maiores recursos para a tomada de uma decis\u00e3o. Por isso, reunimos as propostas dos dois candidatos \u00e0 presid\u00eancia do Brasil - Fernando","inLanguage":"en-US","isPartOf":{"@id":"https:\/\/globalattitude.org.br\/en\/#website"},"breadcrumb":{"@id":"https:\/\/globalattitude.org.br\/en\/eleicoes-2018-as-propostas-de-haddad-e-bolsonaro-para-politica-externa-e-educacao\/#breadcrumblist"},"author":{"@id":"https:\/\/globalattitude.org.br\/en\/author\/123esite\/#author"},"creator":{"@id":"https:\/\/globalattitude.org.br\/en\/author\/123esite\/#author"},"image":{"@type":"ImageObject","url":"https:\/\/globalattitude.org.br\/wp-content\/uploads\/2023\/03\/Politica-Externa.png","@id":"https:\/\/globalattitude.org.br\/en\/eleicoes-2018-as-propostas-de-haddad-e-bolsonaro-para-politica-externa-e-educacao\/#mainImage","width":700,"height":300},"primaryImageOfPage":{"@id":"https:\/\/globalattitude.org.br\/en\/eleicoes-2018-as-propostas-de-haddad-e-bolsonaro-para-politica-externa-e-educacao\/#mainImage"},"datePublished":"2018-10-16T19:24:28-03:00","dateModified":"2023-03-10T10:40:38-03:00"},{"@type":"WebSite","@id":"https:\/\/globalattitude.org.br\/en\/#website","url":"https:\/\/globalattitude.org.br\/en\/","name":"Global Attitude","inLanguage":"en-US","publisher":{"@id":"https:\/\/globalattitude.org.br\/en\/#organization"}}]},"og:locale":"en_US","og:site_name":"Instituto Global Attitude -","og:type":"article","og:title":"Elei\u00e7\u00f5es 2018: as propostas de Haddad e Bolsonaro para Pol\u00edtica Externa e Educa\u00e7\u00e3o - Instituto Global Attitude","og:description":"No dia 28 de outubro, a popula\u00e7\u00e3o vai \u00e0s urnas para eleger o pr\u00f3ximo presidente e, assim como ocorreu no primeiro turno, o Diplomacia Civil se compromete com a ideia da informa\u00e7\u00e3o sendo um dos maiores recursos para a tomada de uma decis\u00e3o. Por isso, reunimos as propostas dos dois candidatos \u00e0 presid\u00eancia do Brasil - Fernando","og:url":"https:\/\/globalattitude.org.br\/en\/eleicoes-2018-as-propostas-de-haddad-e-bolsonaro-para-politica-externa-e-educacao\/","article:published_time":"2018-10-16T22:24:28+00:00","article:modified_time":"2023-03-10T13:40:38+00:00","twitter:card":"summary_large_image","twitter:title":"Elei\u00e7\u00f5es 2018: as propostas de Haddad e Bolsonaro para Pol\u00edtica Externa e Educa\u00e7\u00e3o - Instituto Global Attitude","twitter:description":"No dia 28 de outubro, a popula\u00e7\u00e3o vai \u00e0s urnas para eleger o pr\u00f3ximo presidente e, assim como ocorreu no primeiro turno, o Diplomacia Civil se compromete com a ideia da informa\u00e7\u00e3o sendo um dos maiores recursos para a tomada de uma decis\u00e3o. Por isso, reunimos as propostas dos dois candidatos \u00e0 presid\u00eancia do Brasil - Fernando"},"aioseo_meta_data":{"post_id":"2568","title":null,"description":null,"keywords":null,"keyphrases":null,"primary_term":null,"canonical_url":null,"og_title":null,"og_description":null,"og_object_type":"default","og_image_type":"default","og_image_url":null,"og_image_width":null,"og_image_height":null,"og_image_custom_url":null,"og_image_custom_fields":null,"og_video":null,"og_custom_url":null,"og_article_section":null,"og_article_tags":null,"twitter_use_og":false,"twitter_card":"default","twitter_image_type":"default","twitter_image_url":null,"twitter_image_custom_url":null,"twitter_image_custom_fields":null,"twitter_title":null,"twitter_description":null,"schema":{"blockGraphs":[],"customGraphs":[],"default":{"data":{"Article":[],"Course":[],"Dataset":[],"FAQPage":[],"Movie":[],"Person":[],"Product":[],"ProductReview":[],"Car":[],"Recipe":[],"Service":[],"SoftwareApplication":[],"WebPage":[]},"graphName":"","isEnabled":true},"graphs":[]},"schema_type":"default","schema_type_options":null,"pillar_content":false,"robots_default":true,"robots_noindex":false,"robots_noarchive":false,"robots_nosnippet":false,"robots_nofollow":false,"robots_noimageindex":false,"robots_noodp":false,"robots_notranslate":false,"robots_max_snippet":null,"robots_max_videopreview":null,"robots_max_imagepreview":"large","priority":null,"frequency":null,"local_seo":null,"breadcrumb_settings":null,"limit_modified_date":false,"ai":null,"created":"2024-04-18 14:03:37","updated":"2025-06-05 02:18:33","seo_analyzer_scan_date":null,"focus_keyword":null,"additional_keywords":null,"truseo_locale":null},"aioseo_breadcrumb":"<div class=\"aioseo-breadcrumbs\"><span class=\"aioseo-breadcrumb\">\n\t\t\t<a href=\"https:\/\/globalattitude.org.br\/en\/\" title=\"Home\">Home<\/a>\n\t\t<\/span><span class=\"aioseo-breadcrumb-separator\">&raquo;<\/span><span class=\"aioseo-breadcrumb\">\n\t\t\t<a href=\"https:\/\/globalattitude.org.br\/category\/ultimas\/\" title=\"\u00daltimas\">\u00daltimas<\/a>\n\t\t<\/span><span class=\"aioseo-breadcrumb-separator\">&raquo;<\/span><span class=\"aioseo-breadcrumb\">\n\t\t\tElei\u00e7\u00f5es 2018: as propostas de Haddad e Bolsonaro para Pol\u00edtica Externa e Educa\u00e7\u00e3o\n\t\t<\/span><\/div>","aioseo_breadcrumb_json":[{"label":"Home","link":"https:\/\/globalattitude.org.br\/en\/"},{"label":"\u00daltimas","link":"https:\/\/globalattitude.org.br\/category\/ultimas\/"},{"label":"Elei\u00e7\u00f5es 2018: as propostas de Haddad e Bolsonaro para Pol\u00edtica Externa e Educa\u00e7\u00e3o","link":"https:\/\/globalattitude.org.br\/en\/eleicoes-2018-as-propostas-de-haddad-e-bolsonaro-para-politica-externa-e-educacao\/"}],"yoast_head":"<!-- This site is optimized with the Yoast SEO plugin v28.4 - https:\/\/yoast.com\/product\/yoast-seo-wordpress\/ -->\n<title>Elei\u00e7\u00f5es 2018: as propostas de Haddad e Bolsonaro para Pol\u00edtica Externa e Educa\u00e7\u00e3o - Instituto Global Attitude<\/title>\n<meta name=\"robots\" content=\"index, follow, max-snippet:-1, max-image-preview:large, max-video-preview:-1\" \/>\n<link rel=\"canonical\" href=\"https:\/\/globalattitude.org.br\/eleicoes-2018-as-propostas-de-haddad-e-bolsonaro-para-politica-externa-e-educacao\/\" \/>\n<meta property=\"og:locale\" content=\"en_US\" \/>\n<meta property=\"og:type\" content=\"article\" \/>\n<meta property=\"og:title\" content=\"Elei\u00e7\u00f5es 2018: as propostas de Haddad e Bolsonaro para Pol\u00edtica Externa e Educa\u00e7\u00e3o - Instituto Global Attitude\" \/>\n<meta property=\"og:description\" content=\"No dia 28 de outubro, a popula\u00e7\u00e3o vai \u00e0s urnas para eleger o pr\u00f3ximo presidente e, assim como ocorreu no primeiro turno, o Diplomacia Civil se compromete com a ideia da informa\u00e7\u00e3o\u00a0sendo um dos maiores recursos para a tomada de uma decis\u00e3o. Por isso,\u00a0reunimos as propostas dos dois candidatos \u00e0 presid\u00eancia do Brasil &#8211; Fernando [&hellip;]\" \/>\n<meta property=\"og:url\" content=\"https:\/\/globalattitude.org.br\/eleicoes-2018-as-propostas-de-haddad-e-bolsonaro-para-politica-externa-e-educacao\/\" \/>\n<meta property=\"og:site_name\" content=\"Instituto Global Attitude\" \/>\n<meta property=\"article:publisher\" content=\"https:\/\/www.facebook.com\/global.attitude.org\/\" \/>\n<meta property=\"article:published_time\" content=\"2018-10-16T22:24:28+00:00\" \/>\n<meta property=\"article:modified_time\" content=\"2023-03-10T13:40:38+00:00\" \/>\n<meta property=\"og:image\" content=\"https:\/\/globalattitude.org.br\/wp-content\/uploads\/2023\/03\/Politica-Externa.png\" \/>\n\t<meta property=\"og:image:width\" content=\"700\" \/>\n\t<meta property=\"og:image:height\" content=\"300\" \/>\n\t<meta property=\"og:image:type\" content=\"image\/png\" \/>\n<meta name=\"author\" content=\"123esite\" \/>\n<meta name=\"twitter:card\" content=\"summary_large_image\" \/>\n<meta name=\"twitter:creator\" content=\"@global_attitude\" \/>\n<meta name=\"twitter:site\" content=\"@global_attitude\" \/>\n<meta name=\"twitter:label1\" content=\"Written by\" \/>\n\t<meta name=\"twitter:data1\" content=\"123esite\" \/>\n\t<meta name=\"twitter:label2\" content=\"Est. reading time\" \/>\n\t<meta name=\"twitter:data2\" content=\"4 minutes\" \/>\n<script type=\"application\/ld+json\" class=\"yoast-schema-graph\">{\"@context\":\"https:\\\/\\\/schema.org\",\"@graph\":[{\"@type\":[\"Article\",\"BlogPosting\"],\"@id\":\"https:\\\/\\\/globalattitude.org.br\\\/eleicoes-2018-as-propostas-de-haddad-e-bolsonaro-para-politica-externa-e-educacao\\\/#article\",\"isPartOf\":{\"@id\":\"https:\\\/\\\/globalattitude.org.br\\\/eleicoes-2018-as-propostas-de-haddad-e-bolsonaro-para-politica-externa-e-educacao\\\/\"},\"author\":{\"name\":\"123esite\",\"@id\":\"https:\\\/\\\/globalattitude.org.br\\\/#\\\/schema\\\/person\\\/6d308f9d9d1eebad0278ad9386f13169\"},\"headline\":\"Elei\u00e7\u00f5es 2018: as propostas de Haddad e Bolsonaro para Pol\u00edtica Externa e Educa\u00e7\u00e3o\",\"datePublished\":\"2018-10-16T22:24:28+00:00\",\"dateModified\":\"2023-03-10T13:40:38+00:00\",\"mainEntityOfPage\":{\"@id\":\"https:\\\/\\\/globalattitude.org.br\\\/eleicoes-2018-as-propostas-de-haddad-e-bolsonaro-para-politica-externa-e-educacao\\\/\"},\"wordCount\":821,\"commentCount\":0,\"publisher\":{\"@id\":\"https:\\\/\\\/globalattitude.org.br\\\/#organization\"},\"image\":{\"@id\":\"https:\\\/\\\/globalattitude.org.br\\\/eleicoes-2018-as-propostas-de-haddad-e-bolsonaro-para-politica-externa-e-educacao\\\/#primaryimage\"},\"thumbnailUrl\":\"https:\\\/\\\/globalattitude.org.br\\\/wp-content\\\/uploads\\\/2023\\\/03\\\/Politica-Externa.png\",\"articleSection\":[\"Opini\u00e3o\",\"\u00daltimas\"],\"inLanguage\":\"en-US\",\"potentialAction\":[{\"@type\":\"CommentAction\",\"name\":\"Comment\",\"target\":[\"https:\\\/\\\/globalattitude.org.br\\\/eleicoes-2018-as-propostas-de-haddad-e-bolsonaro-para-politica-externa-e-educacao\\\/#respond\"]}]},{\"@type\":\"WebPage\",\"@id\":\"https:\\\/\\\/globalattitude.org.br\\\/eleicoes-2018-as-propostas-de-haddad-e-bolsonaro-para-politica-externa-e-educacao\\\/\",\"url\":\"https:\\\/\\\/globalattitude.org.br\\\/eleicoes-2018-as-propostas-de-haddad-e-bolsonaro-para-politica-externa-e-educacao\\\/\",\"name\":\"Elei\u00e7\u00f5es 2018: as propostas de Haddad e Bolsonaro para Pol\u00edtica Externa e Educa\u00e7\u00e3o - Instituto Global Attitude\",\"isPartOf\":{\"@id\":\"https:\\\/\\\/globalattitude.org.br\\\/#website\"},\"primaryImageOfPage\":{\"@id\":\"https:\\\/\\\/globalattitude.org.br\\\/eleicoes-2018-as-propostas-de-haddad-e-bolsonaro-para-politica-externa-e-educacao\\\/#primaryimage\"},\"image\":{\"@id\":\"https:\\\/\\\/globalattitude.org.br\\\/eleicoes-2018-as-propostas-de-haddad-e-bolsonaro-para-politica-externa-e-educacao\\\/#primaryimage\"},\"thumbnailUrl\":\"https:\\\/\\\/globalattitude.org.br\\\/wp-content\\\/uploads\\\/2023\\\/03\\\/Politica-Externa.png\",\"datePublished\":\"2018-10-16T22:24:28+00:00\",\"dateModified\":\"2023-03-10T13:40:38+00:00\",\"breadcrumb\":{\"@id\":\"https:\\\/\\\/globalattitude.org.br\\\/eleicoes-2018-as-propostas-de-haddad-e-bolsonaro-para-politica-externa-e-educacao\\\/#breadcrumb\"},\"inLanguage\":\"en-US\",\"potentialAction\":[{\"@type\":\"ReadAction\",\"target\":[\"https:\\\/\\\/globalattitude.org.br\\\/eleicoes-2018-as-propostas-de-haddad-e-bolsonaro-para-politica-externa-e-educacao\\\/\"]}]},{\"@type\":\"ImageObject\",\"inLanguage\":\"en-US\",\"@id\":\"https:\\\/\\\/globalattitude.org.br\\\/eleicoes-2018-as-propostas-de-haddad-e-bolsonaro-para-politica-externa-e-educacao\\\/#primaryimage\",\"url\":\"https:\\\/\\\/globalattitude.org.br\\\/wp-content\\\/uploads\\\/2023\\\/03\\\/Politica-Externa.png\",\"contentUrl\":\"https:\\\/\\\/globalattitude.org.br\\\/wp-content\\\/uploads\\\/2023\\\/03\\\/Politica-Externa.png\",\"width\":700,\"height\":300},{\"@type\":\"BreadcrumbList\",\"@id\":\"https:\\\/\\\/globalattitude.org.br\\\/eleicoes-2018-as-propostas-de-haddad-e-bolsonaro-para-politica-externa-e-educacao\\\/#breadcrumb\",\"itemListElement\":[{\"@type\":\"ListItem\",\"position\":1,\"name\":\"In\u00edcio\",\"item\":\"http:\\\/\\\/globalattitude.org.br\\\/en\\\/\"},{\"@type\":\"ListItem\",\"position\":2,\"name\":\"Elei\u00e7\u00f5es 2018: as propostas de Haddad e Bolsonaro para Pol\u00edtica Externa e Educa\u00e7\u00e3o\"}]},{\"@type\":\"WebSite\",\"@id\":\"https:\\\/\\\/globalattitude.org.br\\\/#website\",\"url\":\"https:\\\/\\\/globalattitude.org.br\\\/\",\"name\":\"Instituto Global Attitude\",\"description\":\"\",\"publisher\":{\"@id\":\"https:\\\/\\\/globalattitude.org.br\\\/#organization\"},\"potentialAction\":[{\"@type\":\"SearchAction\",\"target\":{\"@type\":\"EntryPoint\",\"urlTemplate\":\"https:\\\/\\\/globalattitude.org.br\\\/?s={search_term_string}\"},\"query-input\":{\"@type\":\"PropertyValueSpecification\",\"valueRequired\":true,\"valueName\":\"search_term_string\"}}],\"inLanguage\":\"en-US\"},{\"@type\":\"Organization\",\"@id\":\"https:\\\/\\\/globalattitude.org.br\\\/#organization\",\"name\":\"Instituto Global Attitude\",\"url\":\"https:\\\/\\\/globalattitude.org.br\\\/\",\"logo\":{\"@type\":\"ImageObject\",\"inLanguage\":\"en-US\",\"@id\":\"https:\\\/\\\/globalattitude.org.br\\\/#\\\/schema\\\/logo\\\/image\\\/\",\"url\":\"https:\\\/\\\/globalattitude.org.br\\\/wp-content\\\/uploads\\\/2023\\\/01\\\/instituto-global-attitude-color.png\",\"contentUrl\":\"https:\\\/\\\/globalattitude.org.br\\\/wp-content\\\/uploads\\\/2023\\\/01\\\/instituto-global-attitude-color.png\",\"width\":300,\"height\":131,\"caption\":\"Instituto Global Attitude\"},\"image\":{\"@id\":\"https:\\\/\\\/globalattitude.org.br\\\/#\\\/schema\\\/logo\\\/image\\\/\"},\"sameAs\":[\"https:\\\/\\\/www.facebook.com\\\/global.attitude.org\\\/\",\"https:\\\/\\\/x.com\\\/global_attitude\",\"https:\\\/\\\/www.instagram.com\\\/globalattitude\",\"https:\\\/\\\/www.linkedin.com\\\/company\\\/global-attitude\\\/?viewAsMember=true\"]},{\"@type\":\"Person\",\"@id\":\"https:\\\/\\\/globalattitude.org.br\\\/#\\\/schema\\\/person\\\/6d308f9d9d1eebad0278ad9386f13169\",\"name\":\"123esite\",\"image\":{\"@type\":\"ImageObject\",\"inLanguage\":\"en-US\",\"@id\":\"https:\\\/\\\/secure.gravatar.com\\\/avatar\\\/07bd71fac19f42004f2b73567f012e126689afdb23cb0017536dea9113ba1806?s=96&d=mm&r=g\",\"url\":\"https:\\\/\\\/secure.gravatar.com\\\/avatar\\\/07bd71fac19f42004f2b73567f012e126689afdb23cb0017536dea9113ba1806?s=96&d=mm&r=g\",\"contentUrl\":\"https:\\\/\\\/secure.gravatar.com\\\/avatar\\\/07bd71fac19f42004f2b73567f012e126689afdb23cb0017536dea9113ba1806?s=96&d=mm&r=g\",\"caption\":\"123esite\"},\"sameAs\":[\"http:\\\/\\\/globalattitude.org.br\"],\"url\":\"https:\\\/\\\/globalattitude.org.br\\\/en\\\/author\\\/123esite\\\/\"}]}<\/script>\n<!-- \/ Yoast SEO plugin. -->","yoast_head_json":{"title":"Elei\u00e7\u00f5es 2018: as propostas de Haddad e Bolsonaro para Pol\u00edtica Externa e Educa\u00e7\u00e3o - Instituto Global Attitude","robots":{"index":"index","follow":"follow","max-snippet":"max-snippet:-1","max-image-preview":"max-image-preview:large","max-video-preview":"max-video-preview:-1"},"canonical":"https:\/\/globalattitude.org.br\/eleicoes-2018-as-propostas-de-haddad-e-bolsonaro-para-politica-externa-e-educacao\/","og_locale":"en_US","og_type":"article","og_title":"Elei\u00e7\u00f5es 2018: as propostas de Haddad e Bolsonaro para Pol\u00edtica Externa e Educa\u00e7\u00e3o - Instituto Global Attitude","og_description":"No dia 28 de outubro, a popula\u00e7\u00e3o vai \u00e0s urnas para eleger o pr\u00f3ximo presidente e, assim como ocorreu no primeiro turno, o Diplomacia Civil se compromete com a ideia da informa\u00e7\u00e3o\u00a0sendo um dos maiores recursos para a tomada de uma decis\u00e3o. Por isso,\u00a0reunimos as propostas dos dois candidatos \u00e0 presid\u00eancia do Brasil &#8211; Fernando [&hellip;]","og_url":"https:\/\/globalattitude.org.br\/eleicoes-2018-as-propostas-de-haddad-e-bolsonaro-para-politica-externa-e-educacao\/","og_site_name":"Instituto Global Attitude","article_publisher":"https:\/\/www.facebook.com\/global.attitude.org\/","article_published_time":"2018-10-16T22:24:28+00:00","article_modified_time":"2023-03-10T13:40:38+00:00","og_image":[{"width":700,"height":300,"url":"https:\/\/globalattitude.org.br\/wp-content\/uploads\/2023\/03\/Politica-Externa.png","type":"image\/png"}],"author":"123esite","twitter_card":"summary_large_image","twitter_creator":"@global_attitude","twitter_site":"@global_attitude","twitter_misc":{"Written by":"123esite","Est. reading time":"4 minutes"},"schema":{"@context":"https:\/\/schema.org","@graph":[{"@type":["Article","BlogPosting"],"@id":"https:\/\/globalattitude.org.br\/eleicoes-2018-as-propostas-de-haddad-e-bolsonaro-para-politica-externa-e-educacao\/#article","isPartOf":{"@id":"https:\/\/globalattitude.org.br\/eleicoes-2018-as-propostas-de-haddad-e-bolsonaro-para-politica-externa-e-educacao\/"},"author":{"name":"123esite","@id":"https:\/\/globalattitude.org.br\/#\/schema\/person\/6d308f9d9d1eebad0278ad9386f13169"},"headline":"Elei\u00e7\u00f5es 2018: as propostas de Haddad e Bolsonaro para Pol\u00edtica Externa e Educa\u00e7\u00e3o","datePublished":"2018-10-16T22:24:28+00:00","dateModified":"2023-03-10T13:40:38+00:00","mainEntityOfPage":{"@id":"https:\/\/globalattitude.org.br\/eleicoes-2018-as-propostas-de-haddad-e-bolsonaro-para-politica-externa-e-educacao\/"},"wordCount":821,"commentCount":0,"publisher":{"@id":"https:\/\/globalattitude.org.br\/#organization"},"image":{"@id":"https:\/\/globalattitude.org.br\/eleicoes-2018-as-propostas-de-haddad-e-bolsonaro-para-politica-externa-e-educacao\/#primaryimage"},"thumbnailUrl":"https:\/\/globalattitude.org.br\/wp-content\/uploads\/2023\/03\/Politica-Externa.png","articleSection":["Opini\u00e3o","\u00daltimas"],"inLanguage":"en-US","potentialAction":[{"@type":"CommentAction","name":"Comment","target":["https:\/\/globalattitude.org.br\/eleicoes-2018-as-propostas-de-haddad-e-bolsonaro-para-politica-externa-e-educacao\/#respond"]}]},{"@type":"WebPage","@id":"https:\/\/globalattitude.org.br\/eleicoes-2018-as-propostas-de-haddad-e-bolsonaro-para-politica-externa-e-educacao\/","url":"https:\/\/globalattitude.org.br\/eleicoes-2018-as-propostas-de-haddad-e-bolsonaro-para-politica-externa-e-educacao\/","name":"Elei\u00e7\u00f5es 2018: as propostas de Haddad e Bolsonaro para Pol\u00edtica Externa e Educa\u00e7\u00e3o - Instituto Global Attitude","isPartOf":{"@id":"https:\/\/globalattitude.org.br\/#website"},"primaryImageOfPage":{"@id":"https:\/\/globalattitude.org.br\/eleicoes-2018-as-propostas-de-haddad-e-bolsonaro-para-politica-externa-e-educacao\/#primaryimage"},"image":{"@id":"https:\/\/globalattitude.org.br\/eleicoes-2018-as-propostas-de-haddad-e-bolsonaro-para-politica-externa-e-educacao\/#primaryimage"},"thumbnailUrl":"https:\/\/globalattitude.org.br\/wp-content\/uploads\/2023\/03\/Politica-Externa.png","datePublished":"2018-10-16T22:24:28+00:00","dateModified":"2023-03-10T13:40:38+00:00","breadcrumb":{"@id":"https:\/\/globalattitude.org.br\/eleicoes-2018-as-propostas-de-haddad-e-bolsonaro-para-politica-externa-e-educacao\/#breadcrumb"},"inLanguage":"en-US","potentialAction":[{"@type":"ReadAction","target":["https:\/\/globalattitude.org.br\/eleicoes-2018-as-propostas-de-haddad-e-bolsonaro-para-politica-externa-e-educacao\/"]}]},{"@type":"ImageObject","inLanguage":"en-US","@id":"https:\/\/globalattitude.org.br\/eleicoes-2018-as-propostas-de-haddad-e-bolsonaro-para-politica-externa-e-educacao\/#primaryimage","url":"https:\/\/globalattitude.org.br\/wp-content\/uploads\/2023\/03\/Politica-Externa.png","contentUrl":"https:\/\/globalattitude.org.br\/wp-content\/uploads\/2023\/03\/Politica-Externa.png","width":700,"height":300},{"@type":"BreadcrumbList","@id":"https:\/\/globalattitude.org.br\/eleicoes-2018-as-propostas-de-haddad-e-bolsonaro-para-politica-externa-e-educacao\/#breadcrumb","itemListElement":[{"@type":"ListItem","position":1,"name":"In\u00edcio","item":"http:\/\/globalattitude.org.br\/en\/"},{"@type":"ListItem","position":2,"name":"Elei\u00e7\u00f5es 2018: as propostas de Haddad e Bolsonaro para Pol\u00edtica Externa e Educa\u00e7\u00e3o"}]},{"@type":"WebSite","@id":"https:\/\/globalattitude.org.br\/#website","url":"https:\/\/globalattitude.org.br\/","name":"Instituto Global Attitude","description":"","publisher":{"@id":"https:\/\/globalattitude.org.br\/#organization"},"potentialAction":[{"@type":"SearchAction","target":{"@type":"EntryPoint","urlTemplate":"https:\/\/globalattitude.org.br\/?s={search_term_string}"},"query-input":{"@type":"PropertyValueSpecification","valueRequired":true,"valueName":"search_term_string"}}],"inLanguage":"en-US"},{"@type":"Organization","@id":"https:\/\/globalattitude.org.br\/#organization","name":"Instituto Global Attitude","url":"https:\/\/globalattitude.org.br\/","logo":{"@type":"ImageObject","inLanguage":"en-US","@id":"https:\/\/globalattitude.org.br\/#\/schema\/logo\/image\/","url":"https:\/\/globalattitude.org.br\/wp-content\/uploads\/2023\/01\/instituto-global-attitude-color.png","contentUrl":"https:\/\/globalattitude.org.br\/wp-content\/uploads\/2023\/01\/instituto-global-attitude-color.png","width":300,"height":131,"caption":"Instituto Global Attitude"},"image":{"@id":"https:\/\/globalattitude.org.br\/#\/schema\/logo\/image\/"},"sameAs":["https:\/\/www.facebook.com\/global.attitude.org\/","https:\/\/x.com\/global_attitude","https:\/\/www.instagram.com\/globalattitude","https:\/\/www.linkedin.com\/company\/global-attitude\/?viewAsMember=true"]},{"@type":"Person","@id":"https:\/\/globalattitude.org.br\/#\/schema\/person\/6d308f9d9d1eebad0278ad9386f13169","name":"123esite","image":{"@type":"ImageObject","inLanguage":"en-US","@id":"https:\/\/secure.gravatar.com\/avatar\/07bd71fac19f42004f2b73567f012e126689afdb23cb0017536dea9113ba1806?s=96&d=mm&r=g","url":"https:\/\/secure.gravatar.com\/avatar\/07bd71fac19f42004f2b73567f012e126689afdb23cb0017536dea9113ba1806?s=96&d=mm&r=g","contentUrl":"https:\/\/secure.gravatar.com\/avatar\/07bd71fac19f42004f2b73567f012e126689afdb23cb0017536dea9113ba1806?s=96&d=mm&r=g","caption":"123esite"},"sameAs":["http:\/\/globalattitude.org.br"],"url":"https:\/\/globalattitude.org.br\/en\/author\/123esite\/"}]}},"_links":{"self":[{"href":"https:\/\/globalattitude.org.br\/en\/wp-json\/wp\/v2\/posts\/2568","targetHints":{"allow":["GET"]}}],"collection":[{"href":"https:\/\/globalattitude.org.br\/en\/wp-json\/wp\/v2\/posts"}],"about":[{"href":"https:\/\/globalattitude.org.br\/en\/wp-json\/wp\/v2\/types\/post"}],"author":[{"embeddable":true,"href":"https:\/\/globalattitude.org.br\/en\/wp-json\/wp\/v2\/users\/1"}],"replies":[{"embeddable":true,"href":"https:\/\/globalattitude.org.br\/en\/wp-json\/wp\/v2\/comments?post=2568"}],"version-history":[{"count":1,"href":"https:\/\/globalattitude.org.br\/en\/wp-json\/wp\/v2\/posts\/2568\/revisions"}],"predecessor-version":[{"id":2573,"href":"https:\/\/globalattitude.org.br\/en\/wp-json\/wp\/v2\/posts\/2568\/revisions\/2573"}],"wp:featuredmedia":[{"embeddable":true,"href":"https:\/\/globalattitude.org.br\/en\/wp-json\/wp\/v2\/media\/2569"}],"wp:attachment":[{"href":"https:\/\/globalattitude.org.br\/en\/wp-json\/wp\/v2\/media?parent=2568"}],"wp:term":[{"taxonomy":"category","embeddable":true,"href":"https:\/\/globalattitude.org.br\/en\/wp-json\/wp\/v2\/categories?post=2568"},{"taxonomy":"post_tag","embeddable":true,"href":"https:\/\/globalattitude.org.br\/en\/wp-json\/wp\/v2\/tags?post=2568"}],"curies":[{"name":"wp","href":"https:\/\/api.w.org\/{rel}","templated":true}]}}