{"id":2620,"date":"2018-11-19T15:23:36","date_gmt":"2018-11-19T17:23:36","guid":{"rendered":"https:\/\/globalattitude.org.br\/14-brasileiros-representam-o-diplomacia-civil-no-un-forum-on-business-and-human-rights-conheca-delegacao\/"},"modified":"2023-03-10T10:41:48","modified_gmt":"2023-03-10T13:41:48","slug":"14-brasileiros-representam-o-diplomacia-civil-no-un-forum-on-business-and-human-rights-conheca-delegacao","status":"publish","type":"post","link":"https:\/\/globalattitude.org.br\/en\/14-brasileiros-representam-o-diplomacia-civil-no-un-forum-on-business-and-human-rights-conheca-delegacao\/","title":{"rendered":"14 brasileiros representam o Diplomacia Civil no UN Forum on Business and Human Rights. Conhe\u00e7a delega\u00e7\u00e3o"},"content":{"rendered":"<p>O programa<strong> Diplomacia Civil<\/strong>\u00a0levar\u00e1 14 jovens brasileiros ao UN Forum on Business and Human Rights 2018, em Genebra, Su\u00ed\u00e7a. Promovido pelo Conselho de Direitos Humanos da ONU, o f\u00f3rum acontece entre os dias 24 e 30 de novembro, oferecendo um\u00a0espa\u00e7o \u00fanico para di\u00e1logo sobre as principais quest\u00f5es de direitos humanos da economia global.<\/p>\n<p>Em sua oitava edi\u00e7\u00e3o, o evento\u00a0tem como\u00a0tema principal \u201cBusiness respect for human rights \u2013 building on what works\u201d. Atrav\u00e9s dos diversos pain\u00e9is da programa\u00e7\u00e3o, ser\u00e3o discutidas as tend\u00eancias que consideram o papel dos neg\u00f3cios e dos direitos humanos nos contextos pol\u00edticos e sociais de hoje ao redor do mundo. A delega\u00e7\u00e3o ter\u00e1 a oportunidade de\u00a0assistir a debates e palestras com l\u00edderes mundiais e organiza\u00e7\u00f5es internacionais, em um evento que conta com mais de dois mil participantes.<\/p>\n<p class=\"p1\">Como processo preparat\u00f3rio para a viagem, os delegados passam por cinco workshops e est\u00e3o em fase de produ\u00e7\u00e3o de seus artigos, com\u00a0temas voltados ao assunto do f\u00f3rum \u2013 sugeridos por eles mesmos -, orientados por\u00a0um professor especialista. J\u00e1 em Genebra, a delega\u00e7\u00e3o\u00a0conta, al\u00e9m das palestras e debates do evento, com agenda exclusiva de reuni\u00f5es e encontros com l\u00edderes e especialistas, promovidos pela coordena\u00e7\u00e3o do Diplomacia Civil.<\/p>\n<p><strong>Conhe\u00e7a os selecionados:<\/strong><\/p>\n<p><span style=\"font-weight: 400;\"><strong><a href=\"http:\/\/globalattitude.org.br\/wp-content\/uploads\/2023\/03\/Foto-Aline.jpg\"><img decoding=\"async\" class=\"alignleft wp-image-4468\" src=\"http:\/\/globalattitude.org.br\/wp-content\/uploads\/2023\/03\/Foto-Aline-300x300.jpg\" alt=\"\" width=\"200\" height=\"200\" \/><\/a>Aline Lima<\/strong> \u00e9 graduada em Direito pela Universidade Presbiteriana Mackenzie, p\u00f3s-graduada em Economia e Finan\u00e7as pela Escola de Economia de S\u00e3o Paulo da FGV e p\u00f3s-graduanda em An\u00e1lise Econ\u00f4mica do Direito no Instituto de Economia da UNICAMP. Atuou por quase oito anos no escrit\u00f3rio Mattos Filho, Veiga Filho, Marrey Jr e Quiroga Advogados, na \u00e1rea de fus\u00f5es e aquisi\u00e7\u00f5es, tendo tamb\u00e9m participado dos grupos voltados \u00e0 advocacia <\/span><i><span style=\"font-weight: 400;\">pro bono.<\/span><\/i><span style=\"font-weight: 400;\">\u00a0J\u00e1 foi monitora e pesquisadora nos cursos de p\u00f3s-gradua\u00e7\u00e3o da Faculdade de Direito de S\u00e3o Paulo da FGV. Atualmente, \u00e9 advogada na \u00e1rea corporativa de um <\/span><i><span style=\"font-weight: 400;\">family office <\/span><\/i><span style=\"font-weight: 400;\">em S\u00e3o Paulo e volunt\u00e1ria no Projeto Aquarela, da Base Colaborativa, onde promove a diversidade e a inclus\u00e3o, tornando\u00a0ambientes mais acolhedores e plurais. Tamb\u00e9m \u00e9 volunt\u00e1ria em assuntos jur\u00eddicos do Projeto Lavanderia, do Instituto Ninho Social, que busca levar dignidade e empoderamento \u00e0 popula\u00e7\u00e3o em situa\u00e7\u00e3o de rua. <\/span><\/p>\n<p><span style=\"font-weight: 400;\"><strong><a href=\"http:\/\/globalattitude.org.br\/wp-content\/uploads\/2023\/03\/Ana-Paula.png\"><img decoding=\"async\" class=\"alignright wp-image-4466\" src=\"http:\/\/globalattitude.org.br\/wp-content\/uploads\/2023\/03\/Ana-Paula-300x300.png\" alt=\"\" width=\"200\" height=\"200\" \/><\/a>Ana Paula Araujo<\/strong> \u00e9 advogada, graduada pela Faculdade Baiana de Direito, p\u00f3s-graduanda em Advocacia Empresarial pela Pontif\u00edcia Universidade Cat\u00f3lica de Minas Gerais e em Direito e Processo do Trabalho pela Faculdade Baiana de Direito. Tem sua atua\u00e7\u00e3o voltada para a advocacia trabalhista e desenvolve pesquisa no campo de Responsabilidade Social Corporativa, tendo palestrado sobre o assunto no 15\u00ba Congresso Brasileiro de Direito Internacional e na I Semana de Direitos Humanos. Participou de Competi\u00e7\u00e3o Internacional no \u00e2mbito do direito sustent\u00e1vel, trabalhando como ju\u00edza da Stetson International Environmental Moot Court Competition. <\/span><\/p>\n<p><span style=\"font-weight: 400;\"><strong><a href=\"http:\/\/globalattitude.org.br\/wp-content\/uploads\/2023\/03\/Erica.jpg\"><img decoding=\"async\" class=\"alignleft wp-image-4458\" src=\"http:\/\/globalattitude.org.br\/wp-content\/uploads\/2023\/03\/Erica-300x300.jpg\" alt=\"\" width=\"200\" height=\"200\" \/><\/a>\u00c9rica Rocha<\/strong> \u00e9 graduada em Geografia pela UNESP, especialista em Gest\u00e3o da Sustentabilidade e Responsabilidade Corporativa pela UNICAMP e mestranda em Coopera\u00e7\u00e3o para o Desenvolvimento, Pol\u00edticas P\u00fablicas e de ONGDs pela Universidade de Granada, Espanha.\u00a0J\u00e1 fez\u00a0consultoria para diversos setores da economia em desenvolvimento de estrat\u00e9gias de sustentabilidade empresarial, liderou o Pr\u00eamio Isto\u00c9 por dois anos consecutivos (2014 e 2015), avaliando boas pr\u00e1ticas empresariais juntamente com o Sistema B, al\u00e9m de conduzir processos de engajamento e facilita\u00e7\u00e3o de pain\u00e9is com empresas de diversos setores e diferentes stakeholders. Tamb\u00e9m fez parte do time estrat\u00e9gico de elabora\u00e7\u00e3o da Agenda 2030 do Banco do Brasil. Atualmente, empreende a Base Colaborativa Campinas,\u00a0ONG que conecta pessoas e empresas para criar e co-criar projetos sociais.<\/span><\/p>\n<p><strong><a href=\"http:\/\/globalattitude.org.br\/wp-content\/uploads\/2023\/03\/Gabriela.jpeg\"><img loading=\"lazy\" decoding=\"async\" class=\"alignright wp-image-4470\" src=\"http:\/\/globalattitude.org.br\/wp-content\/uploads\/2023\/03\/Gabriela-300x300.jpeg\" alt=\"Forum on Business and Human Rights\" width=\"200\" height=\"200\" \/><\/a>Gabriela Oliveira Freitas<\/strong>\u00a0\u00e9 doutoranda, mestra e especialista em Direito Processual, Atua como assistente Judici\u00e1ria do Tribunal de Justi\u00e7a de Minas Gerais, professora de Direito Processual na Est\u00e1cio de S\u00e1 (Belo Horizonte) e no curso de p\u00f3s-gradua\u00e7\u00e3o de Direito Processual da PUC Minas Virtual. \u00c9, ainda, coordenadora adjunta do IMDP (Instituto Mineiro de Direito Processual) e 2\u00aa Vice-Diretora Institucional do INPEJ (Instituto Popperiano de Estudos Jur\u00eddicos).<\/p>\n<p>&nbsp;<\/p>\n<p>&nbsp;<\/p>\n<p><span style=\"font-weight: 400;\"><strong><a href=\"http:\/\/globalattitude.org.br\/wp-content\/uploads\/2023\/03\/Gustavo.jpg\"><img loading=\"lazy\" decoding=\"async\" class=\"alignleft wp-image-4471\" src=\"http:\/\/globalattitude.org.br\/wp-content\/uploads\/2023\/03\/Gustavo-300x300.jpg\" alt=\"Forum on Business and Human Rights\" width=\"200\" height=\"200\" \/><\/a>Gustavo Roque<\/strong> \u00e9 graduando em Administra\u00e7\u00e3o pela Pontif\u00edcia Universidade Cat\u00f3lica de S\u00e3o Paulo. J\u00e1 foi membro da AIESEC, viajando para Mendoza (Argentina) em um trabalho volunt\u00e1rio a fim de auxiliar em arrecada\u00e7\u00f5es de doa\u00e7\u00f5es e no marketing para promover a ONG Inmensa Esperanza, a qual abriga crian\u00e7as em situa\u00e7\u00e3o de risco. Atualmente, desenvolve uma inicia\u00e7\u00e3o cient\u00edfica com o tema &#8220;Evolu\u00e7\u00e3o tecnol\u00f3gica e os impactos no mercado de trabalho brasileiro: um estudo de caso sobre o setor banc\u00e1rio&#8221;. Trabalha como estagi\u00e1rio na \u00e1rea de Compras do Ita\u00fa Unibanco e \u00e9 professor de espanhol na ONG A\u00e7\u00e3o Transformar &#8211; A\u00e7\u00e3o Cultural Flavio Fernandez de Matos.<\/span><\/p>\n<p><b><a href=\"http:\/\/globalattitude.org.br\/wp-content\/uploads\/2023\/03\/Igor.jpg\"><img loading=\"lazy\" decoding=\"async\" class=\"alignright wp-image-4459\" src=\"http:\/\/globalattitude.org.br\/wp-content\/uploads\/2023\/03\/Igor-300x300.jpg\" alt=\"Forum on Business and Human Rights\" width=\"200\" height=\"200\" \/><\/a>Igor Cavalcante\u00a0<\/b>\u00e9\u00a0<span style=\"font-weight: 400;\">graduado em Direito, p\u00f3s-graduado em Direito e Rela\u00e7\u00f5es Internacionais pela UNIFOR, Direitos Fundamentais pela Universidade de Oxford,\u00a0 p\u00f3s-graduando em Direito da Arbitragem pela Universidade de Lisboa e mestrando cient\u00edfico em Direito e Ci\u00eancia jur\u00eddica com especialidade em Constitucional na mesma universidade. Tornou-se membro de grupos de pesquisa nas \u00e1reas Constitucional e Fundamentais, Direito Internacional e Direitos Humanos. \u00c9 Membro da Comiss\u00e3o de Direitos Humanos e de Direito Internacional da OAB\/CE, Conferencista Internacional com palestras nos Eventos de Direitos Humanos na Universidade Portucalense. \u00c9 tamb\u00e9m v<\/span><span style=\"font-weight: 400;\">olunt\u00e1rio no <\/span><b>Buddy Program<\/b><span style=\"font-weight: 400;\"> &#8211; Assessoria para Assuntos Internacionais Vice-Reitoria de Extens\u00e3o UNIFOR.<\/span><\/p>\n<p><span style=\"font-weight: 400;\"><strong><a href=\"http:\/\/globalattitude.org.br\/wp-content\/uploads\/2023\/03\/jasmine-andrade-foto.jpg\"><img loading=\"lazy\" decoding=\"async\" class=\"alignleft wp-image-4472\" src=\"http:\/\/globalattitude.org.br\/wp-content\/uploads\/2023\/03\/jasmine-andrade-foto-300x300.jpg\" alt=\"\" width=\"200\" height=\"200\" \/><\/a>Jasmine Andrade<\/strong> \u00e9 graduada em Defesa e Gest\u00e3o Estrat\u00e9gica Internacional pela Universidade Federal do Rio de Janeiro e atualmente \u00e9 graduanda em Rela\u00e7\u00f5es Internacionais pela Faculdade Est\u00e1cio de S\u00e1. Atuou como estagi\u00e1ria na UNICRI, Instituto Inter-regional de investiga\u00e7\u00e3o de Crime e Justi\u00e7a das Na\u00e7\u00f5es Unidas, e foi assessora de projetos da empresa j\u00fanior PROGED Jr., do seu curso na UFRJ. Participou em 2017, no Centro Conjunto de Opera\u00e7\u00e3o de Paz do Brasil, do Est\u00e1gio de Coordena\u00e7\u00e3o Civil-Militar. Tem como foco acad\u00eamico os Direitos Humanos e busca em sua carreira se encaminhar para esta \u00e1rea. <\/span><\/p>\n<p><span style=\"font-weight: 400;\"><strong><a href=\"http:\/\/globalattitude.org.br\/wp-content\/uploads\/2023\/03\/Julia.jpg\"><img loading=\"lazy\" decoding=\"async\" class=\"alignright wp-image-4460\" src=\"http:\/\/globalattitude.org.br\/wp-content\/uploads\/2023\/03\/Julia-300x300.jpg\" alt=\"Forum on Business and Human Rights\" width=\"200\" height=\"200\" \/><\/a>J\u00falia Abrah\u00e3o<\/strong> \u00e9 graduada em Ci\u00eancias Econ\u00f4micas pela Universidade Estadual de Campinas e estudou\u00a0International Management na Hamburg University of Applied Sciences, durante interc\u00e2mbio na Alemanha. Passou por diversas multinacionais nos setores industrial e banc\u00e1rio, atuando como Trainee no Banco HSBC Brasil e, atualmente, \u00e9 funcion\u00e1ria do Banco Santander na \u00e1rea de E-commerce, com experi\u00eancia nas metodologias Waterfall e Agile. Durante a gradua\u00e7\u00e3o foi bolsista PIBIC de Inicia\u00e7\u00e3o Cient\u00edfica na \u00e1rea de Desenvolvimento Urbano e Regional, abordando como tema de estudo os impactos socioecon\u00f4micos da Copa do Mundo de 2014 no Brasil, al\u00e9m de ter sido membro-integrante da Econ\u00f4mica Empresa J\u00fanior, do Instituto de Economia da UNICAMP.<\/span><\/p>\n<p><span style=\"font-weight: 400;\"><strong><a href=\"http:\/\/globalattitude.org.br\/wp-content\/uploads\/2023\/03\/Foto_MariaMariana.jpg\"><img loading=\"lazy\" decoding=\"async\" class=\"alignleft wp-image-4469\" src=\"http:\/\/globalattitude.org.br\/wp-content\/uploads\/2023\/03\/Foto_MariaMariana-300x300.jpg\" alt=\"\" width=\"200\" height=\"200\" \/><\/a>Maria Mariana de Azevedo<\/strong> \u00e9 graduanda em Comunica\u00e7\u00e3o Social pela Escola Superior de Propaganda e Marketing do Rio de Janeiro (ESPM). Foi componente ativa do Diret\u00f3rio Acad\u00eamico de sua faculdade, envolvendo-se diretamente com a organiza\u00e7\u00e3o de eventos, encontros e debates acad\u00eamicos voltados ao corpo discente. Entusiasta do universo do Marketing, possui experi\u00eancia profissional dentro de multinacionais, como L\u2019or\u00e9al e FOREO, nas quais atuou como vetor de expans\u00e3o de suas marcas. Al\u00e9m disso, \u00e9 uma das bolsistas selecionadas pela IBS (International Business School) para realizar um curso de curta dura\u00e7\u00e3o em International Management &amp; Leadership na CUOA Business School, It\u00e1lia.<\/span><\/p>\n<p><span style=\"font-weight: 400;\"><strong><a href=\"http:\/\/globalattitude.org.br\/wp-content\/uploads\/2023\/03\/Foto-Natalia-F-Almeida.png\"><img loading=\"lazy\" decoding=\"async\" class=\"alignright wp-image-4467\" src=\"http:\/\/globalattitude.org.br\/wp-content\/uploads\/2023\/03\/Foto-Natalia-F-Almeida.png\" alt=\"\" width=\"200\" height=\"200\" \/><\/a>Natalia Fava de Almeida<\/strong> \u00e9 graduada em Direito pela Escola de Direito da Funda\u00e7\u00e3o Get\u00falio Vargas (FGV), com um semestre cursado no Instituto Empresa, em Madri, Espanha. Obteve forma\u00e7\u00e3o complementar em Rela\u00e7\u00f5es Internacionais pelo Centro de Pesquisa e Documenta\u00e7\u00e3o Hist\u00f3ria do Brasil (CPDOC), da FGV. Atualmente, realiza curso de p\u00f3s-gradua\u00e7\u00e3o em Direito Societ\u00e1rio no Insper e atua como advogada no Machado Meyer Advogados, em S\u00e3o Paulo, onde tamb\u00e9m participa do Comit\u00ea de Responsabilidade Social e Pro Bono. Foi membra da equipe da Direito FGV no <\/span><i><span style=\"font-weight: 400;\">Elsa Moot Court Competition on WTO Law<\/span><\/i><span style=\"font-weight: 400;\"> nos anos de 2014 e 2015, competi\u00e7\u00e3o internacional que simula os pain\u00e9is da OMC, tendo a equipe sido campe\u00e3 da rodada regional. D<\/span><span style=\"font-weight: 400;\">esenvolveu trabalho volunt\u00e1rio com crian\u00e7as carentes em Santiago, no Chile, por meio da AIESEC.<\/span><\/p>\n<p><span style=\"font-weight: 400;\"><strong><a href=\"http:\/\/globalattitude.org.br\/wp-content\/uploads\/2023\/03\/Paula.jpg\"><img loading=\"lazy\" decoding=\"async\" class=\"alignleft wp-image-4473\" src=\"http:\/\/globalattitude.org.br\/wp-content\/uploads\/2023\/03\/Paula-300x300.jpg\" alt=\"\" width=\"200\" height=\"200\" \/><\/a>Paula Resende<\/strong> \u00e9 estudante de l\u00ednguas estrangeiras e com\u00e9rcio exterior pela Universit\u00e9 Toulouse Jean Jaur\u00e8s em Toulouse, Fran\u00e7a. Ingressou na Universidade Federal de Minas Gerais em Rela\u00e7\u00f5es Econ\u00f4micas Internacionais e se transferiu para o exterior no ano seguinte. Participou do programa de interc\u00e2mbio de representa\u00e7\u00e3o internacional entre o Brasil e a B\u00e9lgica em 2015 e trabalhou com pessoas vulner\u00e1veis em situa\u00e7\u00f5es de risco e com v\u00edtimas de c\u00e2ncer infantil no Hospital da Baleia, o qual presta assist\u00eancia m\u00e9dica e hospitalar em todo o estado. J\u00e1 trabalhou em uma das maiores empresas juniores do Brasil (UCJ \u2013 UFMG Consultoria Jr), prestando consultoria em marketing e finan\u00e7as a pequenos empres\u00e1rios. Foi, ainda, estagi\u00e1ria na HH Picchioni Corretora de C\u00e2mbio, na \u00e1rea de negocia\u00e7\u00f5es e assist\u00eancia em transa\u00e7\u00f5es monet\u00e1ria internacionais.<\/span><\/p>\n<p><span style=\"font-weight: 400;\"><strong><a href=\"http:\/\/globalattitude.org.br\/wp-content\/uploads\/2023\/03\/2018-08-05-sara-2048-P8050117.jpg\"><img loading=\"lazy\" decoding=\"async\" class=\"alignright wp-image-4465\" src=\"http:\/\/globalattitude.org.br\/wp-content\/uploads\/2023\/03\/2018-08-05-sara-2048-P8050117-300x300.jpg\" alt=\"\" width=\"200\" height=\"200\" \/><\/a>Sara Bel\u00e9m<\/strong>\u00a0\u00e9 arquiteta e urbanista pela Universidade de Fortaleza (UNIFOR), com dupla titula\u00e7\u00e3o pela Appalachian State University (ASU), Estados Unidos, mestra em Arquitetura e Urbanismo pela Universidade Presbiteriana Mackenzie (FAU-UPM), com \u00eanfase em Desenvolvimento Urbano e Patrim\u00f4nio Hist\u00f3rico, e p\u00f3s-graduada em Arquitetura, Educa\u00e7\u00e3o e Sociedade, pela Escola da Cidade. Atualmente, faz parte da equipe de Projetos Especiais da Agenda P\u00fablica,\u00a0OSCIP empenhada no aprimoramento dos servi\u00e7os e gest\u00e3o p\u00fablica. Trabalha com pesquisas sobre o tema da gentrifica\u00e7\u00e3o urbana, tendo j\u00e1 publicado em peri\u00f3dicos como a Revista ARA, da FAU-USP. Participa como volunt\u00e1ria do Fundo Imobili\u00e1rio Comunit\u00e1rio para Aluguel (FICA) e do projeto F\u00e1brica de Restauro, piloto para bairros hist\u00f3ricos brasileiros. Em fevereiro de 2018,\u00a0integrou a delega\u00e7\u00e3o\u00a0do Diplomacia Civil para o World Urban F\u00f3rum 09, na Mal\u00e1sia.<\/span><\/p>\n<p><span style=\"font-weight: 400;\"><strong><a href=\"http:\/\/globalattitude.org.br\/wp-content\/uploads\/2023\/03\/Vinicius.jpeg\"><img loading=\"lazy\" decoding=\"async\" class=\"alignleft wp-image-4475\" src=\"http:\/\/globalattitude.org.br\/wp-content\/uploads\/2023\/03\/Vinicius-300x300.jpeg\" alt=\"\" width=\"200\" height=\"200\" \/><\/a>Vinicius Melo<\/strong> \u00e9 graduando em\u00a0<\/span><span style=\"font-weight: 400;\">Direito na Faculdade Baiana de Direito (FBD). Atua na \u00e1rea de direitos humanos e possui larga experi\u00eancia em organiza\u00e7\u00f5es n\u00e3o-governamentais (ONG\u2019s). Foi Diretor da AIESEC in Lumbini, no Nepal, promovendo a assist\u00eancia na constru\u00e7\u00e3o de um novo comit\u00ea da institui\u00e7\u00e3o naquela localidade. Pesquisador de discurso de \u00f3dio, \u00e9 premiado pela Academia de Letras Jur\u00eddicas da Bahia e atua como Assessor Legislativo na C\u00e2mara Municipal de Salvador (CMS).<\/span><\/p>\n<p>&nbsp;<\/p>\n<p>O\u00a0<strong>Instituto Global Attitude<\/strong>\u00a0agradece a todos os inscritos na sele\u00e7\u00e3o. Para saber sobre o que os delegados estar\u00e3o vivenciando no evento, acompanhe as nossas redes sociais (<a href=\"https:\/\/www.facebook.com\/global.attitude.org\/\">Facebook<\/a>,\u00a0<a href=\"https:\/\/twitter.com\/global_attitude\">Twitter<\/a>\u00a0e\u00a0<a href=\"https:\/\/www.instagram.com\/globalattitude\/\">Instagram<\/a>), onde promovemos a cobertura do programa.<\/p>\n","protected":false},"excerpt":{"rendered":"<p>O programa Diplomacia Civil\u00a0levar\u00e1 14 jovens brasileiros ao UN Forum on Business and Human Rights 2018, em Genebra, Su\u00ed\u00e7a. Promovido pelo Conselho de Direitos Humanos da ONU, o f\u00f3rum acontece entre os dias 24 e 30 de novembro, oferecendo um\u00a0espa\u00e7o \u00fanico para di\u00e1logo sobre as principais quest\u00f5es de direitos humanos da economia global. Em sua [&hellip;]<\/p>\n","protected":false},"author":3,"featured_media":2621,"comment_status":"open","ping_status":"open","sticky":false,"template":"","format":"standard","meta":{"_acf_changed":false,"om_disable_all_campaigns":false,"_monsterinsights_skip_tracking":false,"_monsterinsights_sitenote_active":false,"_monsterinsights_sitenote_note":"","_monsterinsights_sitenote_category":0,"_uf_show_specific_survey":0,"_uf_disable_surveys":false,"footnotes":""},"categories":[22,34],"tags":[],"class_list":["post-2620","post","type-post","status-publish","format-standard","hentry","category-programas","category-ultimas"],"acf":[],"aioseo_notices":[],"yoast_head":"<!-- This site is optimized with the Yoast SEO plugin v27.5 - https:\/\/yoast.com\/product\/yoast-seo-wordpress\/ -->\n<title>Forum on Business and Human Rights - Delega\u00e7\u00e3o<\/title>\n<meta name=\"description\" content=\"Forum on Business and Human Rights - O programa Diplomacia Civil\u00a0levar\u00e1 14 jovens brasileiros ao UN Forum on Business and Human Rights ...Saiba Mais\" \/>\n<meta name=\"robots\" content=\"index, follow, max-snippet:-1, max-image-preview:large, max-video-preview:-1\" \/>\n<link rel=\"canonical\" href=\"http:\/\/globalattitude.org.br\/en\/14-brasileiros-representam-o-diplomacia-civil-no-un-forum-on-business-and-human-rights-conheca-delegacao\/\" \/>\n<meta property=\"og:locale\" content=\"en_US\" \/>\n<meta property=\"og:type\" content=\"article\" \/>\n<meta property=\"og:title\" content=\"Forum on Business and Human Rights - Delega\u00e7\u00e3o\" \/>\n<meta property=\"og:description\" content=\"Forum on Business and Human Rights - O programa Diplomacia Civil\u00a0levar\u00e1 14 jovens brasileiros ao UN Forum on Business and Human Rights ...Saiba Mais\" \/>\n<meta property=\"og:url\" content=\"http:\/\/globalattitude.org.br\/en\/14-brasileiros-representam-o-diplomacia-civil-no-un-forum-on-business-and-human-rights-conheca-delegacao\/\" \/>\n<meta property=\"og:site_name\" content=\"Instituto Global Attitude\" \/>\n<meta property=\"article:publisher\" content=\"https:\/\/www.facebook.com\/global.attitude.org\/\" \/>\n<meta property=\"article:published_time\" content=\"2018-11-19T17:23:36+00:00\" \/>\n<meta property=\"article:modified_time\" content=\"2023-03-10T13:41:48+00:00\" \/>\n<meta property=\"og:image\" content=\"http:\/\/globalattitude.org.br\/wp-content\/uploads\/2023\/03\/Foto-Aline.jpg\" \/>\n\t<meta property=\"og:image:width\" content=\"900\" \/>\n\t<meta property=\"og:image:height\" content=\"900\" \/>\n\t<meta property=\"og:image:type\" content=\"image\/jpeg\" \/>\n<meta name=\"author\" content=\"rodrigo\" \/>\n<meta name=\"twitter:card\" content=\"summary_large_image\" \/>\n<meta name=\"twitter:creator\" content=\"@global_attitude\" \/>\n<meta name=\"twitter:site\" content=\"@global_attitude\" \/>\n<meta name=\"twitter:label1\" content=\"Written by\" \/>\n\t<meta name=\"twitter:data1\" content=\"rodrigo\" \/>\n\t<meta name=\"twitter:label2\" content=\"Est. reading time\" \/>\n\t<meta name=\"twitter:data2\" content=\"9 minutes\" \/>\n<script type=\"application\/ld+json\" class=\"yoast-schema-graph\">{\"@context\":\"https:\\\/\\\/schema.org\",\"@graph\":[{\"@type\":[\"Article\",\"BlogPosting\"],\"@id\":\"http:\\\/\\\/globalattitude.org.br\\\/en\\\/14-brasileiros-representam-o-diplomacia-civil-no-un-forum-on-business-and-human-rights-conheca-delegacao\\\/#article\",\"isPartOf\":{\"@id\":\"http:\\\/\\\/globalattitude.org.br\\\/en\\\/14-brasileiros-representam-o-diplomacia-civil-no-un-forum-on-business-and-human-rights-conheca-delegacao\\\/\"},\"author\":{\"name\":\"rodrigo\",\"@id\":\"https:\\\/\\\/globalattitude.org.br\\\/en\\\/#\\\/schema\\\/person\\\/c0db5efc16133ab28ea2d64fc19667e5\"},\"headline\":\"14 brasileiros representam o Diplomacia Civil no UN Forum on Business and Human Rights. Conhe\u00e7a delega\u00e7\u00e3o\",\"datePublished\":\"2018-11-19T17:23:36+00:00\",\"dateModified\":\"2023-03-10T13:41:48+00:00\",\"mainEntityOfPage\":{\"@id\":\"http:\\\/\\\/globalattitude.org.br\\\/en\\\/14-brasileiros-representam-o-diplomacia-civil-no-un-forum-on-business-and-human-rights-conheca-delegacao\\\/\"},\"wordCount\":1812,\"commentCount\":0,\"publisher\":{\"@id\":\"https:\\\/\\\/globalattitude.org.br\\\/en\\\/#organization\"},\"image\":{\"@id\":\"http:\\\/\\\/globalattitude.org.br\\\/en\\\/14-brasileiros-representam-o-diplomacia-civil-no-un-forum-on-business-and-human-rights-conheca-delegacao\\\/#primaryimage\"},\"thumbnailUrl\":\"https:\\\/\\\/globalattitude.org.br\\\/wp-content\\\/uploads\\\/2023\\\/03\\\/Foto-Aline.jpg\",\"articleSection\":[\"Programas\",\"\u00daltimas\"],\"inLanguage\":\"en-US\",\"potentialAction\":[{\"@type\":\"CommentAction\",\"name\":\"Comment\",\"target\":[\"http:\\\/\\\/globalattitude.org.br\\\/en\\\/14-brasileiros-representam-o-diplomacia-civil-no-un-forum-on-business-and-human-rights-conheca-delegacao\\\/#respond\"]}]},{\"@type\":\"WebPage\",\"@id\":\"http:\\\/\\\/globalattitude.org.br\\\/en\\\/14-brasileiros-representam-o-diplomacia-civil-no-un-forum-on-business-and-human-rights-conheca-delegacao\\\/\",\"url\":\"http:\\\/\\\/globalattitude.org.br\\\/en\\\/14-brasileiros-representam-o-diplomacia-civil-no-un-forum-on-business-and-human-rights-conheca-delegacao\\\/\",\"name\":\"Forum on Business and Human Rights - Delega\u00e7\u00e3o\",\"isPartOf\":{\"@id\":\"https:\\\/\\\/globalattitude.org.br\\\/en\\\/#website\"},\"primaryImageOfPage\":{\"@id\":\"http:\\\/\\\/globalattitude.org.br\\\/en\\\/14-brasileiros-representam-o-diplomacia-civil-no-un-forum-on-business-and-human-rights-conheca-delegacao\\\/#primaryimage\"},\"image\":{\"@id\":\"http:\\\/\\\/globalattitude.org.br\\\/en\\\/14-brasileiros-representam-o-diplomacia-civil-no-un-forum-on-business-and-human-rights-conheca-delegacao\\\/#primaryimage\"},\"thumbnailUrl\":\"https:\\\/\\\/globalattitude.org.br\\\/wp-content\\\/uploads\\\/2023\\\/03\\\/Foto-Aline.jpg\",\"datePublished\":\"2018-11-19T17:23:36+00:00\",\"dateModified\":\"2023-03-10T13:41:48+00:00\",\"description\":\"Forum on Business and Human Rights - O programa Diplomacia Civil\u00a0levar\u00e1 14 jovens brasileiros ao UN Forum on Business and Human Rights ...Saiba Mais\",\"breadcrumb\":{\"@id\":\"http:\\\/\\\/globalattitude.org.br\\\/en\\\/14-brasileiros-representam-o-diplomacia-civil-no-un-forum-on-business-and-human-rights-conheca-delegacao\\\/#breadcrumb\"},\"inLanguage\":\"en-US\",\"potentialAction\":[{\"@type\":\"ReadAction\",\"target\":[\"http:\\\/\\\/globalattitude.org.br\\\/en\\\/14-brasileiros-representam-o-diplomacia-civil-no-un-forum-on-business-and-human-rights-conheca-delegacao\\\/\"]}]},{\"@type\":\"ImageObject\",\"inLanguage\":\"en-US\",\"@id\":\"http:\\\/\\\/globalattitude.org.br\\\/en\\\/14-brasileiros-representam-o-diplomacia-civil-no-un-forum-on-business-and-human-rights-conheca-delegacao\\\/#primaryimage\",\"url\":\"https:\\\/\\\/globalattitude.org.br\\\/wp-content\\\/uploads\\\/2023\\\/03\\\/Foto-Aline.jpg\",\"contentUrl\":\"https:\\\/\\\/globalattitude.org.br\\\/wp-content\\\/uploads\\\/2023\\\/03\\\/Foto-Aline.jpg\",\"width\":900,\"height\":900},{\"@type\":\"BreadcrumbList\",\"@id\":\"http:\\\/\\\/globalattitude.org.br\\\/en\\\/14-brasileiros-representam-o-diplomacia-civil-no-un-forum-on-business-and-human-rights-conheca-delegacao\\\/#breadcrumb\",\"itemListElement\":[{\"@type\":\"ListItem\",\"position\":1,\"name\":\"In\u00edcio\",\"item\":\"https:\\\/\\\/globalattitude.org.br\\\/en\\\/\"},{\"@type\":\"ListItem\",\"position\":2,\"name\":\"14 brasileiros representam o Diplomacia Civil no UN Forum on Business and Human Rights. Conhe\u00e7a delega\u00e7\u00e3o\"}]},{\"@type\":\"WebSite\",\"@id\":\"https:\\\/\\\/globalattitude.org.br\\\/en\\\/#website\",\"url\":\"https:\\\/\\\/globalattitude.org.br\\\/en\\\/\",\"name\":\"Instituto Global Attitude\",\"description\":\"\",\"publisher\":{\"@id\":\"https:\\\/\\\/globalattitude.org.br\\\/en\\\/#organization\"},\"potentialAction\":[{\"@type\":\"SearchAction\",\"target\":{\"@type\":\"EntryPoint\",\"urlTemplate\":\"https:\\\/\\\/globalattitude.org.br\\\/en\\\/?s={search_term_string}\"},\"query-input\":{\"@type\":\"PropertyValueSpecification\",\"valueRequired\":true,\"valueName\":\"search_term_string\"}}],\"inLanguage\":\"en-US\"},{\"@type\":\"Organization\",\"@id\":\"https:\\\/\\\/globalattitude.org.br\\\/en\\\/#organization\",\"name\":\"Instituto Global Attitude\",\"url\":\"https:\\\/\\\/globalattitude.org.br\\\/en\\\/\",\"logo\":{\"@type\":\"ImageObject\",\"inLanguage\":\"en-US\",\"@id\":\"https:\\\/\\\/globalattitude.org.br\\\/en\\\/#\\\/schema\\\/logo\\\/image\\\/\",\"url\":\"https:\\\/\\\/globalattitude.org.br\\\/wp-content\\\/uploads\\\/2023\\\/01\\\/instituto-global-attitude-color.png\",\"contentUrl\":\"https:\\\/\\\/globalattitude.org.br\\\/wp-content\\\/uploads\\\/2023\\\/01\\\/instituto-global-attitude-color.png\",\"width\":300,\"height\":131,\"caption\":\"Instituto Global Attitude\"},\"image\":{\"@id\":\"https:\\\/\\\/globalattitude.org.br\\\/en\\\/#\\\/schema\\\/logo\\\/image\\\/\"},\"sameAs\":[\"https:\\\/\\\/www.facebook.com\\\/global.attitude.org\\\/\",\"https:\\\/\\\/x.com\\\/global_attitude\",\"https:\\\/\\\/www.instagram.com\\\/globalattitude\",\"https:\\\/\\\/www.linkedin.com\\\/company\\\/global-attitude\\\/?viewAsMember=true\"]},{\"@type\":\"Person\",\"@id\":\"https:\\\/\\\/globalattitude.org.br\\\/en\\\/#\\\/schema\\\/person\\\/c0db5efc16133ab28ea2d64fc19667e5\",\"name\":\"rodrigo\",\"image\":{\"@type\":\"ImageObject\",\"inLanguage\":\"en-US\",\"@id\":\"https:\\\/\\\/secure.gravatar.com\\\/avatar\\\/1c1599db13943f3289fb3206e5aaf9560b644e4aaf0b4d3a378ba91202ab9cc4?s=96&d=mm&r=g\",\"url\":\"https:\\\/\\\/secure.gravatar.com\\\/avatar\\\/1c1599db13943f3289fb3206e5aaf9560b644e4aaf0b4d3a378ba91202ab9cc4?s=96&d=mm&r=g\",\"contentUrl\":\"https:\\\/\\\/secure.gravatar.com\\\/avatar\\\/1c1599db13943f3289fb3206e5aaf9560b644e4aaf0b4d3a378ba91202ab9cc4?s=96&d=mm&r=g\",\"caption\":\"rodrigo\"},\"url\":\"https:\\\/\\\/globalattitude.org.br\\\/en\\\/author\\\/rodrigo\\\/\"}]}<\/script>\n<!-- \/ Yoast SEO plugin. -->","yoast_head_json":{"title":"Forum on Business and Human Rights - Delega\u00e7\u00e3o","description":"Forum on Business and Human Rights - O programa Diplomacia Civil\u00a0levar\u00e1 14 jovens brasileiros ao UN Forum on Business and Human Rights ...Saiba Mais","robots":{"index":"index","follow":"follow","max-snippet":"max-snippet:-1","max-image-preview":"max-image-preview:large","max-video-preview":"max-video-preview:-1"},"canonical":"http:\/\/globalattitude.org.br\/en\/14-brasileiros-representam-o-diplomacia-civil-no-un-forum-on-business-and-human-rights-conheca-delegacao\/","og_locale":"en_US","og_type":"article","og_title":"Forum on Business and Human Rights - Delega\u00e7\u00e3o","og_description":"Forum on Business and Human Rights - O programa Diplomacia Civil\u00a0levar\u00e1 14 jovens brasileiros ao UN Forum on Business and Human Rights ...Saiba Mais","og_url":"http:\/\/globalattitude.org.br\/en\/14-brasileiros-representam-o-diplomacia-civil-no-un-forum-on-business-and-human-rights-conheca-delegacao\/","og_site_name":"Instituto Global Attitude","article_publisher":"https:\/\/www.facebook.com\/global.attitude.org\/","article_published_time":"2018-11-19T17:23:36+00:00","article_modified_time":"2023-03-10T13:41:48+00:00","og_image":[{"width":900,"height":900,"url":"http:\/\/globalattitude.org.br\/wp-content\/uploads\/2023\/03\/Foto-Aline.jpg","type":"image\/jpeg"}],"author":"rodrigo","twitter_card":"summary_large_image","twitter_creator":"@global_attitude","twitter_site":"@global_attitude","twitter_misc":{"Written by":"rodrigo","Est. reading time":"9 minutes"},"schema":{"@context":"https:\/\/schema.org","@graph":[{"@type":["Article","BlogPosting"],"@id":"http:\/\/globalattitude.org.br\/en\/14-brasileiros-representam-o-diplomacia-civil-no-un-forum-on-business-and-human-rights-conheca-delegacao\/#article","isPartOf":{"@id":"http:\/\/globalattitude.org.br\/en\/14-brasileiros-representam-o-diplomacia-civil-no-un-forum-on-business-and-human-rights-conheca-delegacao\/"},"author":{"name":"rodrigo","@id":"https:\/\/globalattitude.org.br\/en\/#\/schema\/person\/c0db5efc16133ab28ea2d64fc19667e5"},"headline":"14 brasileiros representam o Diplomacia Civil no UN Forum on Business and Human Rights. Conhe\u00e7a delega\u00e7\u00e3o","datePublished":"2018-11-19T17:23:36+00:00","dateModified":"2023-03-10T13:41:48+00:00","mainEntityOfPage":{"@id":"http:\/\/globalattitude.org.br\/en\/14-brasileiros-representam-o-diplomacia-civil-no-un-forum-on-business-and-human-rights-conheca-delegacao\/"},"wordCount":1812,"commentCount":0,"publisher":{"@id":"https:\/\/globalattitude.org.br\/en\/#organization"},"image":{"@id":"http:\/\/globalattitude.org.br\/en\/14-brasileiros-representam-o-diplomacia-civil-no-un-forum-on-business-and-human-rights-conheca-delegacao\/#primaryimage"},"thumbnailUrl":"https:\/\/globalattitude.org.br\/wp-content\/uploads\/2023\/03\/Foto-Aline.jpg","articleSection":["Programas","\u00daltimas"],"inLanguage":"en-US","potentialAction":[{"@type":"CommentAction","name":"Comment","target":["http:\/\/globalattitude.org.br\/en\/14-brasileiros-representam-o-diplomacia-civil-no-un-forum-on-business-and-human-rights-conheca-delegacao\/#respond"]}]},{"@type":"WebPage","@id":"http:\/\/globalattitude.org.br\/en\/14-brasileiros-representam-o-diplomacia-civil-no-un-forum-on-business-and-human-rights-conheca-delegacao\/","url":"http:\/\/globalattitude.org.br\/en\/14-brasileiros-representam-o-diplomacia-civil-no-un-forum-on-business-and-human-rights-conheca-delegacao\/","name":"Forum on Business and Human Rights - Delega\u00e7\u00e3o","isPartOf":{"@id":"https:\/\/globalattitude.org.br\/en\/#website"},"primaryImageOfPage":{"@id":"http:\/\/globalattitude.org.br\/en\/14-brasileiros-representam-o-diplomacia-civil-no-un-forum-on-business-and-human-rights-conheca-delegacao\/#primaryimage"},"image":{"@id":"http:\/\/globalattitude.org.br\/en\/14-brasileiros-representam-o-diplomacia-civil-no-un-forum-on-business-and-human-rights-conheca-delegacao\/#primaryimage"},"thumbnailUrl":"https:\/\/globalattitude.org.br\/wp-content\/uploads\/2023\/03\/Foto-Aline.jpg","datePublished":"2018-11-19T17:23:36+00:00","dateModified":"2023-03-10T13:41:48+00:00","description":"Forum on Business and Human Rights - O programa Diplomacia Civil\u00a0levar\u00e1 14 jovens brasileiros ao UN Forum on Business and Human Rights ...Saiba Mais","breadcrumb":{"@id":"http:\/\/globalattitude.org.br\/en\/14-brasileiros-representam-o-diplomacia-civil-no-un-forum-on-business-and-human-rights-conheca-delegacao\/#breadcrumb"},"inLanguage":"en-US","potentialAction":[{"@type":"ReadAction","target":["http:\/\/globalattitude.org.br\/en\/14-brasileiros-representam-o-diplomacia-civil-no-un-forum-on-business-and-human-rights-conheca-delegacao\/"]}]},{"@type":"ImageObject","inLanguage":"en-US","@id":"http:\/\/globalattitude.org.br\/en\/14-brasileiros-representam-o-diplomacia-civil-no-un-forum-on-business-and-human-rights-conheca-delegacao\/#primaryimage","url":"https:\/\/globalattitude.org.br\/wp-content\/uploads\/2023\/03\/Foto-Aline.jpg","contentUrl":"https:\/\/globalattitude.org.br\/wp-content\/uploads\/2023\/03\/Foto-Aline.jpg","width":900,"height":900},{"@type":"BreadcrumbList","@id":"http:\/\/globalattitude.org.br\/en\/14-brasileiros-representam-o-diplomacia-civil-no-un-forum-on-business-and-human-rights-conheca-delegacao\/#breadcrumb","itemListElement":[{"@type":"ListItem","position":1,"name":"In\u00edcio","item":"https:\/\/globalattitude.org.br\/en\/"},{"@type":"ListItem","position":2,"name":"14 brasileiros representam o Diplomacia Civil no UN Forum on Business and Human Rights. Conhe\u00e7a delega\u00e7\u00e3o"}]},{"@type":"WebSite","@id":"https:\/\/globalattitude.org.br\/en\/#website","url":"https:\/\/globalattitude.org.br\/en\/","name":"Instituto Global Attitude","description":"","publisher":{"@id":"https:\/\/globalattitude.org.br\/en\/#organization"},"potentialAction":[{"@type":"SearchAction","target":{"@type":"EntryPoint","urlTemplate":"https:\/\/globalattitude.org.br\/en\/?s={search_term_string}"},"query-input":{"@type":"PropertyValueSpecification","valueRequired":true,"valueName":"search_term_string"}}],"inLanguage":"en-US"},{"@type":"Organization","@id":"https:\/\/globalattitude.org.br\/en\/#organization","name":"Instituto Global Attitude","url":"https:\/\/globalattitude.org.br\/en\/","logo":{"@type":"ImageObject","inLanguage":"en-US","@id":"https:\/\/globalattitude.org.br\/en\/#\/schema\/logo\/image\/","url":"https:\/\/globalattitude.org.br\/wp-content\/uploads\/2023\/01\/instituto-global-attitude-color.png","contentUrl":"https:\/\/globalattitude.org.br\/wp-content\/uploads\/2023\/01\/instituto-global-attitude-color.png","width":300,"height":131,"caption":"Instituto Global Attitude"},"image":{"@id":"https:\/\/globalattitude.org.br\/en\/#\/schema\/logo\/image\/"},"sameAs":["https:\/\/www.facebook.com\/global.attitude.org\/","https:\/\/x.com\/global_attitude","https:\/\/www.instagram.com\/globalattitude","https:\/\/www.linkedin.com\/company\/global-attitude\/?viewAsMember=true"]},{"@type":"Person","@id":"https:\/\/globalattitude.org.br\/en\/#\/schema\/person\/c0db5efc16133ab28ea2d64fc19667e5","name":"rodrigo","image":{"@type":"ImageObject","inLanguage":"en-US","@id":"https:\/\/secure.gravatar.com\/avatar\/1c1599db13943f3289fb3206e5aaf9560b644e4aaf0b4d3a378ba91202ab9cc4?s=96&d=mm&r=g","url":"https:\/\/secure.gravatar.com\/avatar\/1c1599db13943f3289fb3206e5aaf9560b644e4aaf0b4d3a378ba91202ab9cc4?s=96&d=mm&r=g","contentUrl":"https:\/\/secure.gravatar.com\/avatar\/1c1599db13943f3289fb3206e5aaf9560b644e4aaf0b4d3a378ba91202ab9cc4?s=96&d=mm&r=g","caption":"rodrigo"},"url":"https:\/\/globalattitude.org.br\/en\/author\/rodrigo\/"}]}},"_links":{"self":[{"href":"https:\/\/globalattitude.org.br\/en\/wp-json\/wp\/v2\/posts\/2620","targetHints":{"allow":["GET"]}}],"collection":[{"href":"https:\/\/globalattitude.org.br\/en\/wp-json\/wp\/v2\/posts"}],"about":[{"href":"https:\/\/globalattitude.org.br\/en\/wp-json\/wp\/v2\/types\/post"}],"author":[{"embeddable":true,"href":"https:\/\/globalattitude.org.br\/en\/wp-json\/wp\/v2\/users\/3"}],"replies":[{"embeddable":true,"href":"https:\/\/globalattitude.org.br\/en\/wp-json\/wp\/v2\/comments?post=2620"}],"version-history":[{"count":1,"href":"https:\/\/globalattitude.org.br\/en\/wp-json\/wp\/v2\/posts\/2620\/revisions"}],"predecessor-version":[{"id":2634,"href":"https:\/\/globalattitude.org.br\/en\/wp-json\/wp\/v2\/posts\/2620\/revisions\/2634"}],"wp:featuredmedia":[{"embeddable":true,"href":"https:\/\/globalattitude.org.br\/en\/wp-json\/wp\/v2\/media\/2621"}],"wp:attachment":[{"href":"https:\/\/globalattitude.org.br\/en\/wp-json\/wp\/v2\/media?parent=2620"}],"wp:term":[{"taxonomy":"category","embeddable":true,"href":"https:\/\/globalattitude.org.br\/en\/wp-json\/wp\/v2\/categories?post=2620"},{"taxonomy":"post_tag","embeddable":true,"href":"https:\/\/globalattitude.org.br\/en\/wp-json\/wp\/v2\/tags?post=2620"}],"curies":[{"name":"wp","href":"https:\/\/api.w.org\/{rel}","templated":true}]}}