{"id":2651,"date":"2018-11-21T16:51:54","date_gmt":"2018-11-21T18:51:54","guid":{"rendered":"https:\/\/globalattitude.org.br\/quem-e-ernesto-araujo-e-como-seus-ideais-podem-abalar-as-relacoes-diplomaticas-e-economicas-com-o-mundo\/"},"modified":"2023-03-10T10:42:07","modified_gmt":"2023-03-10T13:42:07","slug":"quem-e-ernesto-araujo-e-como-seus-ideais-podem-abalar-as-relacoes-diplomaticas-e-economicas-com-o-mundo","status":"publish","type":"post","link":"https:\/\/globalattitude.org.br\/en\/quem-e-ernesto-araujo-e-como-seus-ideais-podem-abalar-as-relacoes-diplomaticas-e-economicas-com-o-mundo\/","title":{"rendered":"Quem \u00e9 Ernesto Ara\u00fajo e como seus ideais podem abalar as rela\u00e7\u00f5es diplom\u00e1ticas e econ\u00f4micas com o mundo"},"content":{"rendered":"<p>Na \u00faltima quarta-feira (14), o presidente Jair Bolsonaro anunciou a nomea\u00e7\u00e3o\u00a0de Ernesto Ara\u00fajo como novo Ministro de Rela\u00e7\u00f5es Exteriores, afirmando\u00a0que o ministro ter\u00e1 de &#8220;motivar o MRE [Minist\u00e9rio das Rela\u00e7\u00f5es Exteriores], incrementar a quest\u00e3o de neg\u00f3cios no mundo todo sem vi\u00e9s ideol\u00f3gico de um lado ou de outro e ter iniciativa&#8221;.<\/p>\n<p>Ara\u00fajo, que atua h\u00e1 dois anos como diretor do Departamento dos Estados Unidos, Canad\u00e1 e Assuntos Interamericanos do Itamaraty, declarou que com o novo cargo far\u00e1 uma pol\u00edtica &#8220;efetiva em fun\u00e7\u00e3o do interesse nacional, tornando o Brasil um pa\u00eds atuante, pr\u00f3spero e feliz&#8221;.<\/p>\n<p><a href=\"http:\/\/globalattitude.org.br\/wp-content\/uploads\/2023\/03\/Screen-Shot-2018-11-21-at-11.35.58-AM.png\"><img fetchpriority=\"high\" decoding=\"async\" class=\"aligncenter wp-image-4485\" src=\"http:\/\/globalattitude.org.br\/wp-content\/uploads\/2023\/03\/Screen-Shot-2018-11-21-at-11.35.58-AM-300x130.png\" alt=\"\" width=\"500\" height=\"216\" \/><\/a><\/p>\n<p>Questionado durante coletiva se pretende aproximar o Brasil a alguns pa\u00edses,\u00a0o diplomata respondeu n\u00e3o dar prefer\u00eancias e que &#8220;temos rela\u00e7\u00f5es excelentes com todos os parceiros para incrementar as parcerias em benef\u00edcio de todos e do povo brasileiro, sobretudo&#8221;.<\/p>\n<p>Ainda que elogiada por uns &#8211; como fez o atual ministro da pasta, o senador Aloysio Nunes (PSDB-SP), que disse que o futuro ministro tem o respeito dos colegas e tem sido um &#8220;servidor exemplar&#8221; do Itamaraty &#8211;\u00a0a escolha preocupou grande parte da comunidade internacional e outros setores brasileiros, como o do meio ambiente, por conta da vis\u00e3o de mundo de Ara\u00fajo.<\/p>\n<p>Iniciando a carreira no Itamaraty em 1991, o diplomata, agora com 51 anos, acumula quase tr\u00eas d\u00e9cadas de atua\u00e7\u00e3o, mas somente chegou ao seu primeiro posto como embaixador em junho deste ano. Ara\u00fajo\u00a0ganhou a confian\u00e7a do novo presidente por compartilhar\u00a0opini\u00f5es e ideias similares quanto ao patriotismo exacerbado, a prioriza\u00e7\u00e3o do alinhamento de atividades com os Estados Unidos e \u00e0 oposi\u00e7\u00e3o\u00a0ferrenha\u00a0ao multilateralismo e ao &#8220;marxismo cultural&#8221;. Com isso, acredita-se que a diplomacia brasileira sofrer\u00e1 uma guinada radical sob seu comando.<\/p>\n<div id=\"attachment_4486\" style=\"width: 610px\" class=\"wp-caption aligncenter\"><a href=\"http:\/\/globalattitude.org.br\/wp-content\/uploads\/2023\/03\/carta-araujo.jpg\"><img decoding=\"async\" aria-describedby=\"caption-attachment-4486\" class=\"wp-image-4486\" src=\"http:\/\/globalattitude.org.br\/wp-content\/uploads\/2023\/03\/carta-araujo-300x265.jpg\" alt=\"\" width=\"600\" height=\"531\" \/><\/a><p id=\"caption-attachment-4486\" class=\"wp-caption-text\">Carta emitida pelo futuro ministro ap\u00f3s nomea\u00e7\u00e3o. Foto: Reprodu\u00e7\u00e3o<\/p><\/div>\n<p>Pouco conhecido entre analistas de rela\u00e7\u00f5es internacionais e por boa parte da popula\u00e7\u00e3o, pesquisas no Google do Brasil durante a \u00faltima semana dispararam com a pergunta\u00a0&#8220;quem \u00e9 Ernesto Ara\u00fajo?&#8221;, chegando\u00a0at\u00e9 o seu blog pessoal, <a href=\"https:\/\/www.metapoliticabrasil.com\/\">Metapol\u00edtica 17<\/a>, onde publica textos e exprime opini\u00f5es que, como o subt\u00edtulo j\u00e1 diz, s\u00e3o &#8220;contra o globalismo&#8221;.<\/p>\n<p>J\u00e1 na descri\u00e7\u00e3o do blog, o diplomata afirma que quer &#8220;ajudar o Brasil e o mundo a\u00a0se libertarem da ideologia globalista&#8221;. E continua: &#8220;Globalismo \u00e9 a globaliza\u00e7\u00e3o econ\u00f4mica que passou a ser pilotada pelo marxismo cultural. Essencialmente \u00e9 um sistema anti-humano e anti-crist\u00e3o. A f\u00e9 em Cristo significa, hoje, lutar contra o globalismo, cujo objetivo \u00faltimo \u00e9 romper a conex\u00e3o entre Deus e o homem, tornado o homem escravo e Deus irrelevante. O projeto metapol\u00edtico significa, essencialmente, abrir-se para a presen\u00e7a de Deus na pol\u00edtica e na hist\u00f3ria&#8221;.<\/p>\n<p>Publicando\u00a0cr\u00edticas quase que unicamente ao PT, Ara\u00fajo discorre sobre uma s\u00e9rie de quest\u00f5es pol\u00edticas, econ\u00f4micas e sociais do pa\u00eds. Em uma <a href=\"https:\/\/www.metapoliticabrasil.com\/blog\/eu-vim-de-gra%C3%A7a\">publica\u00e7\u00e3o do m\u00eas passado<\/a>, o diplomata afirma que o partido (apelidado por ele de &#8220;Projeto Totalit\u00e1rio&#8221;) est\u00e1 &#8220;criminalizando o sexo e a reprodu\u00e7\u00e3o, dizendo que todo ato heterossexual \u00e9 estupro e todo beb\u00ea \u00e9 um risco para o planeta porque aumentar\u00e1 as emiss\u00f5es de carbono&#8221;. Ele segue, ent\u00e3o, acusando o PT de criminalizar a carne vermelha, o ar condicionado, a beleza, os filmes da Disney e a biologia, &#8220;ao proibir que se diga que uma pessoa nasce homem ou mulher&#8221;.<\/p>\n<div id=\"attachment_4488\" style=\"width: 610px\" class=\"wp-caption aligncenter\"><a href=\"http:\/\/globalattitude.org.br\/wp-content\/uploads\/2023\/03\/maxresdefault-4.jpg\"><img decoding=\"async\" aria-describedby=\"caption-attachment-4488\" class=\"wp-image-4488\" src=\"http:\/\/globalattitude.org.br\/wp-content\/uploads\/2023\/03\/maxresdefault-4-300x169.jpg\" alt=\"Ernesto Ara\u00fajo\" width=\"600\" height=\"338\" \/><\/a><p id=\"caption-attachment-4488\" class=\"wp-caption-text\">Foto: Reprodu\u00e7\u00e3o<\/p><\/div>\n<p>Ainda no mesmo texto, o futuro ministro defende Bolsonaro e as recentes atividades denunciadas durante as elei\u00e7\u00f5es de divulga\u00e7\u00e3o de not\u00edcias falsas pelo aplicativo Whatsapp, o qual &#8220;est\u00e1 ajudando Bolsonaro n\u00e3o porque empresas comprem pacotes de mensagens, mas porque o Whatsapp \u00e9 um instrumento estupendo para liberdade de express\u00e3o, e a liberdade de express\u00e3o favorece Bolsonaro por uma margem de 100 a zero&#8221;.<\/p>\n<p>Atacou, ainda, os <a href=\"https:\/\/www.metapoliticabrasil.com\/blog\/quem-tem-medo-de-fake-news\">sites de checagem de fatos<\/a>, que na sua opini\u00e3o seria um &#8220;grupo de marxistas que n\u00e3o veem a hora de desligar o interruptor da internet aut\u00eantica&#8221;.<\/p>\n<p>A apreens\u00e3o por parte da comunidade internacional, por\u00e9m, se centra nas opini\u00f5es expressas pelo diplomata quanto ao meio ambiente e rela\u00e7\u00f5es econ\u00f4micas. Para Ara\u00fajo, a mudan\u00e7a clim\u00e1tica faria parte de um plano de &#8220;marxistas culturais&#8221; para sufocar as economias ocidentais e promover o crescimento da China e que pol\u00edticos esquerdistas sequestraram o ambientalismo para us\u00e1-lo como ferramenta para a domina\u00e7\u00e3o global.<\/p>\n<p>As ideias do futuro ministro d\u00e3o a entender que o Brasil dar\u00e1 uma chacoalhada no Acordo de Paris &#8211; assinado por 195 pa\u00edses, comprometidos em reduzir as emiss\u00f5es de gases de efeito estufa e reduzir o avan\u00e7a da temperatura m\u00e9dia global. &#8220;Seria muito ruim para a imagem do pa\u00eds se ele trouxer sua ideologia ao trabalho&#8221;, declarou o Secret\u00e1rio Executivo do Observat\u00f3rio do Clima, Carlos Ritti.<\/p>\n<p>&#8220;Bolsonaro n\u00e3o \u00e9 Trump. Brasil n\u00e3o \u00e9 Estados Unidos. N\u00e3o temos as mesmas cartas. Se o Brasil se tornar um p\u00e1ria para a agenda clim\u00e1tica global ser\u00e1 extremamente ruim para os neg\u00f3cios, especialmente o agroneg\u00f3cio. Quando forem \u00e0 Europa para negociar um acordo, ressalvas clim\u00e1ticas ser\u00e3o impostas&#8221;, continua.<\/p>\n<p>As opini\u00f5es defendidas por ambos o novo presidente e o ministro das Rela\u00e7\u00f5es Exteriores podem significar um risco, por exemplo, para as vendas de soja e carne na Europa. Recentemente, Bolsonaro recuou quanto \u00e0 sua declara\u00e7\u00e3o de retirar o pa\u00eds do Acordo de Paris e unir os minist\u00e9rios da agricultura e meio ambiente, mas\u00a0isso serviu de alerta para importadores.<\/p>\n<div id=\"attachment_4487\" style=\"width: 610px\" class=\"wp-caption aligncenter\"><a href=\"http:\/\/globalattitude.org.br\/wp-content\/uploads\/2023\/03\/brasil-poltiica-jair-bolsonaro-ernesto-araujo-20181114-004.jpg\"><img loading=\"lazy\" decoding=\"async\" aria-describedby=\"caption-attachment-4487\" class=\"wp-image-4487\" src=\"http:\/\/globalattitude.org.br\/wp-content\/uploads\/2023\/03\/brasil-poltiica-jair-bolsonaro-ernesto-araujo-20181114-004-300x200.jpg\" alt=\"Ernesto Ara\u00fajo\" width=\"600\" height=\"400\" \/><\/a><p id=\"caption-attachment-4487\" class=\"wp-caption-text\">Foto: Sergio Lima \/ AFP<\/p><\/div>\n<p>Vale lembrar, ainda, que o Brasil \u00e9 o primeiro exportador de carne Halal no mundo, a qual segue regras de produ\u00e7\u00e3o exigidas pela religi\u00e3o mu\u00e7ulmana. Assim, a ideia de <a href=\"http:\/\/blog.globalattitude.org.br\/inauguracao-de-embaixada-dos-eua-em-jerusalem-gera-conflitos-e-polemica-internacional\/\">seguir os passos do presidente americano<\/a>, transferindo a embaixada brasileira de Tel Aviv para Jerusal\u00e9m, encontra forte resist\u00eancia tamb\u00e9m dentro da pr\u00f3pria gest\u00e3o de Bolsonaro, como \u00e9 o caso da sua equipe do agroneg\u00f3cio.<\/p>\n<p>Tal qual o presidente, Ara\u00fajo \u00e9 grande admirador da pol\u00edtica de Donald Trump, que, segundo ele, vai &#8220;salvar o Ocidente&#8221;. Essa pol\u00edtica de aproxima\u00e7\u00e3o com o norte pode significar um freio para a coopera\u00e7\u00e3o sul-sul, al\u00e9m de um maior isolamento de Cuba e da Venezuela. Ignorar a import\u00e2ncia da China tamb\u00e9m \u00e9 perigoso, visto que atualmente \u00e9 o primeiro mercado de exporta\u00e7\u00e3o do Brasil.<\/p>\n<p>Em entrevista \u00e0 AFP, M\u00f4nica Herz, professora do Instituto de Rela\u00e7\u00f5es Internacionais da PUC-Rio, declarou que\u00a0a escolha de Ernesto Ara\u00fajo se deu porque\u00a0&#8220;expressa muito claramente a vis\u00e3o de mundo de Bolsonaro&#8221;, o qual estaria &#8220;procurando\u00a0algu\u00e9m que falasse \u00e0s suas bases, com seus valores ultraconservadores, e uma forte intera\u00e7\u00e3o entre religi\u00e3o e pol\u00edtica&#8221;.<\/p>\n<div class=\"wall protected-content\"><\/div>\n","protected":false},"excerpt":{"rendered":"<p>Na \u00faltima quarta-feira (14), o presidente Jair Bolsonaro anunciou a nomea\u00e7\u00e3o\u00a0de Ernesto Ara\u00fajo como novo Ministro de Rela\u00e7\u00f5es Exteriores, afirmando\u00a0que o ministro ter\u00e1 de &#8220;motivar o MRE [Minist\u00e9rio das Rela\u00e7\u00f5es Exteriores], incrementar a quest\u00e3o de neg\u00f3cios no mundo todo sem vi\u00e9s ideol\u00f3gico de um lado ou de outro e ter iniciativa&#8221;. Ara\u00fajo, que atua h\u00e1 [&hellip;]<\/p>\n","protected":false},"author":3,"featured_media":2652,"comment_status":"open","ping_status":"open","sticky":false,"template":"","format":"standard","meta":{"_acf_changed":false,"om_disable_all_campaigns":false,"_monsterinsights_skip_tracking":false,"_monsterinsights_sitenote_active":false,"_monsterinsights_sitenote_note":"","_monsterinsights_sitenote_category":0,"_uf_show_specific_survey":0,"_uf_disable_surveys":false,"footnotes":""},"categories":[35,34],"tags":[],"class_list":["post-2651","post","type-post","status-publish","format-standard","hentry","category-opiniao","category-ultimas"],"acf":[],"aioseo_notices":[],"yoast_head":"<!-- This site is optimized with the Yoast SEO plugin v27.4 - https:\/\/yoast.com\/product\/yoast-seo-wordpress\/ -->\n<title>Ernesto Ara\u00fajo - Como seus ideais podem abalar as rela\u00e7\u00f5es diplom\u00e1ticas<\/title>\n<meta name=\"description\" content=\"Ernesto Ara\u00fajo - incrementar a quest\u00e3o de neg\u00f3cios no mundo todo sem vi\u00e9s ideol\u00f3gico de um lado ou de outro e ter iniciativa ... Saiba Mais\" \/>\n<meta name=\"robots\" content=\"index, follow, max-snippet:-1, max-image-preview:large, max-video-preview:-1\" \/>\n<link rel=\"canonical\" href=\"https:\/\/globalattitude.org.br\/en\/quem-e-ernesto-araujo-e-como-seus-ideais-podem-abalar-as-relacoes-diplomaticas-e-economicas-com-o-mundo\/\" \/>\n<meta property=\"og:locale\" content=\"en_US\" \/>\n<meta property=\"og:type\" content=\"article\" \/>\n<meta property=\"og:title\" content=\"Ernesto Ara\u00fajo - Como seus ideais podem abalar as rela\u00e7\u00f5es diplom\u00e1ticas\" \/>\n<meta property=\"og:description\" content=\"Ernesto Ara\u00fajo - incrementar a quest\u00e3o de neg\u00f3cios no mundo todo sem vi\u00e9s ideol\u00f3gico de um lado ou de outro e ter iniciativa ... Saiba Mais\" \/>\n<meta property=\"og:url\" content=\"https:\/\/globalattitude.org.br\/en\/quem-e-ernesto-araujo-e-como-seus-ideais-podem-abalar-as-relacoes-diplomaticas-e-economicas-com-o-mundo\/\" \/>\n<meta property=\"og:site_name\" content=\"Instituto Global Attitude\" \/>\n<meta property=\"article:publisher\" content=\"https:\/\/www.facebook.com\/global.attitude.org\/\" \/>\n<meta property=\"article:published_time\" content=\"2018-11-21T18:51:54+00:00\" \/>\n<meta property=\"article:modified_time\" content=\"2023-03-10T13:42:07+00:00\" \/>\n<meta property=\"og:image\" content=\"https:\/\/globalattitude.org.br\/wp-content\/uploads\/2023\/03\/Screen-Shot-2018-11-21-at-11.35.58-AM.png\" \/>\n\t<meta property=\"og:image:width\" content=\"491\" \/>\n\t<meta property=\"og:image:height\" content=\"212\" \/>\n\t<meta property=\"og:image:type\" content=\"image\/png\" \/>\n<meta name=\"author\" content=\"rodrigo\" \/>\n<meta name=\"twitter:card\" content=\"summary_large_image\" \/>\n<meta name=\"twitter:creator\" content=\"@global_attitude\" \/>\n<meta name=\"twitter:site\" content=\"@global_attitude\" \/>\n<meta name=\"twitter:label1\" content=\"Written by\" \/>\n\t<meta name=\"twitter:data1\" content=\"rodrigo\" \/>\n\t<meta name=\"twitter:label2\" content=\"Est. reading time\" \/>\n\t<meta name=\"twitter:data2\" content=\"6 minutes\" \/>\n<script type=\"application\/ld+json\" class=\"yoast-schema-graph\">{\"@context\":\"https:\\\/\\\/schema.org\",\"@graph\":[{\"@type\":[\"Article\",\"BlogPosting\"],\"@id\":\"https:\\\/\\\/globalattitude.org.br\\\/en\\\/quem-e-ernesto-araujo-e-como-seus-ideais-podem-abalar-as-relacoes-diplomaticas-e-economicas-com-o-mundo\\\/#article\",\"isPartOf\":{\"@id\":\"https:\\\/\\\/globalattitude.org.br\\\/en\\\/quem-e-ernesto-araujo-e-como-seus-ideais-podem-abalar-as-relacoes-diplomaticas-e-economicas-com-o-mundo\\\/\"},\"author\":{\"name\":\"rodrigo\",\"@id\":\"https:\\\/\\\/globalattitude.org.br\\\/en\\\/#\\\/schema\\\/person\\\/c0db5efc16133ab28ea2d64fc19667e5\"},\"headline\":\"Quem \u00e9 Ernesto Ara\u00fajo e como seus ideais podem abalar as rela\u00e7\u00f5es diplom\u00e1ticas e econ\u00f4micas com o mundo\",\"datePublished\":\"2018-11-21T18:51:54+00:00\",\"dateModified\":\"2023-03-10T13:42:07+00:00\",\"mainEntityOfPage\":{\"@id\":\"https:\\\/\\\/globalattitude.org.br\\\/en\\\/quem-e-ernesto-araujo-e-como-seus-ideais-podem-abalar-as-relacoes-diplomaticas-e-economicas-com-o-mundo\\\/\"},\"wordCount\":1198,\"commentCount\":0,\"publisher\":{\"@id\":\"https:\\\/\\\/globalattitude.org.br\\\/en\\\/#organization\"},\"image\":{\"@id\":\"https:\\\/\\\/globalattitude.org.br\\\/en\\\/quem-e-ernesto-araujo-e-como-seus-ideais-podem-abalar-as-relacoes-diplomaticas-e-economicas-com-o-mundo\\\/#primaryimage\"},\"thumbnailUrl\":\"https:\\\/\\\/globalattitude.org.br\\\/wp-content\\\/uploads\\\/2023\\\/03\\\/Screen-Shot-2018-11-21-at-11.35.58-AM.png\",\"articleSection\":[\"Opini\u00e3o\",\"\u00daltimas\"],\"inLanguage\":\"en-US\",\"potentialAction\":[{\"@type\":\"CommentAction\",\"name\":\"Comment\",\"target\":[\"https:\\\/\\\/globalattitude.org.br\\\/en\\\/quem-e-ernesto-araujo-e-como-seus-ideais-podem-abalar-as-relacoes-diplomaticas-e-economicas-com-o-mundo\\\/#respond\"]}]},{\"@type\":\"WebPage\",\"@id\":\"https:\\\/\\\/globalattitude.org.br\\\/en\\\/quem-e-ernesto-araujo-e-como-seus-ideais-podem-abalar-as-relacoes-diplomaticas-e-economicas-com-o-mundo\\\/\",\"url\":\"https:\\\/\\\/globalattitude.org.br\\\/en\\\/quem-e-ernesto-araujo-e-como-seus-ideais-podem-abalar-as-relacoes-diplomaticas-e-economicas-com-o-mundo\\\/\",\"name\":\"Ernesto Ara\u00fajo - Como seus ideais podem abalar as rela\u00e7\u00f5es diplom\u00e1ticas\",\"isPartOf\":{\"@id\":\"https:\\\/\\\/globalattitude.org.br\\\/en\\\/#website\"},\"primaryImageOfPage\":{\"@id\":\"https:\\\/\\\/globalattitude.org.br\\\/en\\\/quem-e-ernesto-araujo-e-como-seus-ideais-podem-abalar-as-relacoes-diplomaticas-e-economicas-com-o-mundo\\\/#primaryimage\"},\"image\":{\"@id\":\"https:\\\/\\\/globalattitude.org.br\\\/en\\\/quem-e-ernesto-araujo-e-como-seus-ideais-podem-abalar-as-relacoes-diplomaticas-e-economicas-com-o-mundo\\\/#primaryimage\"},\"thumbnailUrl\":\"https:\\\/\\\/globalattitude.org.br\\\/wp-content\\\/uploads\\\/2023\\\/03\\\/Screen-Shot-2018-11-21-at-11.35.58-AM.png\",\"datePublished\":\"2018-11-21T18:51:54+00:00\",\"dateModified\":\"2023-03-10T13:42:07+00:00\",\"description\":\"Ernesto Ara\u00fajo - incrementar a quest\u00e3o de neg\u00f3cios no mundo todo sem vi\u00e9s ideol\u00f3gico de um lado ou de outro e ter iniciativa ... Saiba Mais\",\"breadcrumb\":{\"@id\":\"https:\\\/\\\/globalattitude.org.br\\\/en\\\/quem-e-ernesto-araujo-e-como-seus-ideais-podem-abalar-as-relacoes-diplomaticas-e-economicas-com-o-mundo\\\/#breadcrumb\"},\"inLanguage\":\"en-US\",\"potentialAction\":[{\"@type\":\"ReadAction\",\"target\":[\"https:\\\/\\\/globalattitude.org.br\\\/en\\\/quem-e-ernesto-araujo-e-como-seus-ideais-podem-abalar-as-relacoes-diplomaticas-e-economicas-com-o-mundo\\\/\"]}]},{\"@type\":\"ImageObject\",\"inLanguage\":\"en-US\",\"@id\":\"https:\\\/\\\/globalattitude.org.br\\\/en\\\/quem-e-ernesto-araujo-e-como-seus-ideais-podem-abalar-as-relacoes-diplomaticas-e-economicas-com-o-mundo\\\/#primaryimage\",\"url\":\"https:\\\/\\\/globalattitude.org.br\\\/wp-content\\\/uploads\\\/2023\\\/03\\\/Screen-Shot-2018-11-21-at-11.35.58-AM.png\",\"contentUrl\":\"https:\\\/\\\/globalattitude.org.br\\\/wp-content\\\/uploads\\\/2023\\\/03\\\/Screen-Shot-2018-11-21-at-11.35.58-AM.png\",\"width\":491,\"height\":212},{\"@type\":\"BreadcrumbList\",\"@id\":\"https:\\\/\\\/globalattitude.org.br\\\/en\\\/quem-e-ernesto-araujo-e-como-seus-ideais-podem-abalar-as-relacoes-diplomaticas-e-economicas-com-o-mundo\\\/#breadcrumb\",\"itemListElement\":[{\"@type\":\"ListItem\",\"position\":1,\"name\":\"In\u00edcio\",\"item\":\"https:\\\/\\\/globalattitude.org.br\\\/en\\\/\"},{\"@type\":\"ListItem\",\"position\":2,\"name\":\"Quem \u00e9 Ernesto Ara\u00fajo e como seus ideais podem abalar as rela\u00e7\u00f5es diplom\u00e1ticas e econ\u00f4micas com o mundo\"}]},{\"@type\":\"WebSite\",\"@id\":\"https:\\\/\\\/globalattitude.org.br\\\/en\\\/#website\",\"url\":\"https:\\\/\\\/globalattitude.org.br\\\/en\\\/\",\"name\":\"Instituto Global Attitude\",\"description\":\"\",\"publisher\":{\"@id\":\"https:\\\/\\\/globalattitude.org.br\\\/en\\\/#organization\"},\"potentialAction\":[{\"@type\":\"SearchAction\",\"target\":{\"@type\":\"EntryPoint\",\"urlTemplate\":\"https:\\\/\\\/globalattitude.org.br\\\/en\\\/?s={search_term_string}\"},\"query-input\":{\"@type\":\"PropertyValueSpecification\",\"valueRequired\":true,\"valueName\":\"search_term_string\"}}],\"inLanguage\":\"en-US\"},{\"@type\":\"Organization\",\"@id\":\"https:\\\/\\\/globalattitude.org.br\\\/en\\\/#organization\",\"name\":\"Instituto Global Attitude\",\"url\":\"https:\\\/\\\/globalattitude.org.br\\\/en\\\/\",\"logo\":{\"@type\":\"ImageObject\",\"inLanguage\":\"en-US\",\"@id\":\"https:\\\/\\\/globalattitude.org.br\\\/en\\\/#\\\/schema\\\/logo\\\/image\\\/\",\"url\":\"https:\\\/\\\/globalattitude.org.br\\\/wp-content\\\/uploads\\\/2023\\\/01\\\/instituto-global-attitude-color.png\",\"contentUrl\":\"https:\\\/\\\/globalattitude.org.br\\\/wp-content\\\/uploads\\\/2023\\\/01\\\/instituto-global-attitude-color.png\",\"width\":300,\"height\":131,\"caption\":\"Instituto Global Attitude\"},\"image\":{\"@id\":\"https:\\\/\\\/globalattitude.org.br\\\/en\\\/#\\\/schema\\\/logo\\\/image\\\/\"},\"sameAs\":[\"https:\\\/\\\/www.facebook.com\\\/global.attitude.org\\\/\",\"https:\\\/\\\/x.com\\\/global_attitude\",\"https:\\\/\\\/www.instagram.com\\\/globalattitude\",\"https:\\\/\\\/www.linkedin.com\\\/company\\\/global-attitude\\\/?viewAsMember=true\"]},{\"@type\":\"Person\",\"@id\":\"https:\\\/\\\/globalattitude.org.br\\\/en\\\/#\\\/schema\\\/person\\\/c0db5efc16133ab28ea2d64fc19667e5\",\"name\":\"rodrigo\",\"image\":{\"@type\":\"ImageObject\",\"inLanguage\":\"en-US\",\"@id\":\"https:\\\/\\\/secure.gravatar.com\\\/avatar\\\/1c1599db13943f3289fb3206e5aaf9560b644e4aaf0b4d3a378ba91202ab9cc4?s=96&d=mm&r=g\",\"url\":\"https:\\\/\\\/secure.gravatar.com\\\/avatar\\\/1c1599db13943f3289fb3206e5aaf9560b644e4aaf0b4d3a378ba91202ab9cc4?s=96&d=mm&r=g\",\"contentUrl\":\"https:\\\/\\\/secure.gravatar.com\\\/avatar\\\/1c1599db13943f3289fb3206e5aaf9560b644e4aaf0b4d3a378ba91202ab9cc4?s=96&d=mm&r=g\",\"caption\":\"rodrigo\"},\"url\":\"https:\\\/\\\/globalattitude.org.br\\\/en\\\/author\\\/rodrigo\\\/\"}]}<\/script>\n<!-- \/ Yoast SEO plugin. -->","yoast_head_json":{"title":"Ernesto Ara\u00fajo - Como seus ideais podem abalar as rela\u00e7\u00f5es diplom\u00e1ticas","description":"Ernesto Ara\u00fajo - incrementar a quest\u00e3o de neg\u00f3cios no mundo todo sem vi\u00e9s ideol\u00f3gico de um lado ou de outro e ter iniciativa ... Saiba Mais","robots":{"index":"index","follow":"follow","max-snippet":"max-snippet:-1","max-image-preview":"max-image-preview:large","max-video-preview":"max-video-preview:-1"},"canonical":"https:\/\/globalattitude.org.br\/en\/quem-e-ernesto-araujo-e-como-seus-ideais-podem-abalar-as-relacoes-diplomaticas-e-economicas-com-o-mundo\/","og_locale":"en_US","og_type":"article","og_title":"Ernesto Ara\u00fajo - Como seus ideais podem abalar as rela\u00e7\u00f5es diplom\u00e1ticas","og_description":"Ernesto Ara\u00fajo - incrementar a quest\u00e3o de neg\u00f3cios no mundo todo sem vi\u00e9s ideol\u00f3gico de um lado ou de outro e ter iniciativa ... Saiba Mais","og_url":"https:\/\/globalattitude.org.br\/en\/quem-e-ernesto-araujo-e-como-seus-ideais-podem-abalar-as-relacoes-diplomaticas-e-economicas-com-o-mundo\/","og_site_name":"Instituto Global Attitude","article_publisher":"https:\/\/www.facebook.com\/global.attitude.org\/","article_published_time":"2018-11-21T18:51:54+00:00","article_modified_time":"2023-03-10T13:42:07+00:00","og_image":[{"width":491,"height":212,"url":"https:\/\/globalattitude.org.br\/wp-content\/uploads\/2023\/03\/Screen-Shot-2018-11-21-at-11.35.58-AM.png","type":"image\/png"}],"author":"rodrigo","twitter_card":"summary_large_image","twitter_creator":"@global_attitude","twitter_site":"@global_attitude","twitter_misc":{"Written by":"rodrigo","Est. reading time":"6 minutes"},"schema":{"@context":"https:\/\/schema.org","@graph":[{"@type":["Article","BlogPosting"],"@id":"https:\/\/globalattitude.org.br\/en\/quem-e-ernesto-araujo-e-como-seus-ideais-podem-abalar-as-relacoes-diplomaticas-e-economicas-com-o-mundo\/#article","isPartOf":{"@id":"https:\/\/globalattitude.org.br\/en\/quem-e-ernesto-araujo-e-como-seus-ideais-podem-abalar-as-relacoes-diplomaticas-e-economicas-com-o-mundo\/"},"author":{"name":"rodrigo","@id":"https:\/\/globalattitude.org.br\/en\/#\/schema\/person\/c0db5efc16133ab28ea2d64fc19667e5"},"headline":"Quem \u00e9 Ernesto Ara\u00fajo e como seus ideais podem abalar as rela\u00e7\u00f5es diplom\u00e1ticas e econ\u00f4micas com o mundo","datePublished":"2018-11-21T18:51:54+00:00","dateModified":"2023-03-10T13:42:07+00:00","mainEntityOfPage":{"@id":"https:\/\/globalattitude.org.br\/en\/quem-e-ernesto-araujo-e-como-seus-ideais-podem-abalar-as-relacoes-diplomaticas-e-economicas-com-o-mundo\/"},"wordCount":1198,"commentCount":0,"publisher":{"@id":"https:\/\/globalattitude.org.br\/en\/#organization"},"image":{"@id":"https:\/\/globalattitude.org.br\/en\/quem-e-ernesto-araujo-e-como-seus-ideais-podem-abalar-as-relacoes-diplomaticas-e-economicas-com-o-mundo\/#primaryimage"},"thumbnailUrl":"https:\/\/globalattitude.org.br\/wp-content\/uploads\/2023\/03\/Screen-Shot-2018-11-21-at-11.35.58-AM.png","articleSection":["Opini\u00e3o","\u00daltimas"],"inLanguage":"en-US","potentialAction":[{"@type":"CommentAction","name":"Comment","target":["https:\/\/globalattitude.org.br\/en\/quem-e-ernesto-araujo-e-como-seus-ideais-podem-abalar-as-relacoes-diplomaticas-e-economicas-com-o-mundo\/#respond"]}]},{"@type":"WebPage","@id":"https:\/\/globalattitude.org.br\/en\/quem-e-ernesto-araujo-e-como-seus-ideais-podem-abalar-as-relacoes-diplomaticas-e-economicas-com-o-mundo\/","url":"https:\/\/globalattitude.org.br\/en\/quem-e-ernesto-araujo-e-como-seus-ideais-podem-abalar-as-relacoes-diplomaticas-e-economicas-com-o-mundo\/","name":"Ernesto Ara\u00fajo - Como seus ideais podem abalar as rela\u00e7\u00f5es diplom\u00e1ticas","isPartOf":{"@id":"https:\/\/globalattitude.org.br\/en\/#website"},"primaryImageOfPage":{"@id":"https:\/\/globalattitude.org.br\/en\/quem-e-ernesto-araujo-e-como-seus-ideais-podem-abalar-as-relacoes-diplomaticas-e-economicas-com-o-mundo\/#primaryimage"},"image":{"@id":"https:\/\/globalattitude.org.br\/en\/quem-e-ernesto-araujo-e-como-seus-ideais-podem-abalar-as-relacoes-diplomaticas-e-economicas-com-o-mundo\/#primaryimage"},"thumbnailUrl":"https:\/\/globalattitude.org.br\/wp-content\/uploads\/2023\/03\/Screen-Shot-2018-11-21-at-11.35.58-AM.png","datePublished":"2018-11-21T18:51:54+00:00","dateModified":"2023-03-10T13:42:07+00:00","description":"Ernesto Ara\u00fajo - incrementar a quest\u00e3o de neg\u00f3cios no mundo todo sem vi\u00e9s ideol\u00f3gico de um lado ou de outro e ter iniciativa ... Saiba Mais","breadcrumb":{"@id":"https:\/\/globalattitude.org.br\/en\/quem-e-ernesto-araujo-e-como-seus-ideais-podem-abalar-as-relacoes-diplomaticas-e-economicas-com-o-mundo\/#breadcrumb"},"inLanguage":"en-US","potentialAction":[{"@type":"ReadAction","target":["https:\/\/globalattitude.org.br\/en\/quem-e-ernesto-araujo-e-como-seus-ideais-podem-abalar-as-relacoes-diplomaticas-e-economicas-com-o-mundo\/"]}]},{"@type":"ImageObject","inLanguage":"en-US","@id":"https:\/\/globalattitude.org.br\/en\/quem-e-ernesto-araujo-e-como-seus-ideais-podem-abalar-as-relacoes-diplomaticas-e-economicas-com-o-mundo\/#primaryimage","url":"https:\/\/globalattitude.org.br\/wp-content\/uploads\/2023\/03\/Screen-Shot-2018-11-21-at-11.35.58-AM.png","contentUrl":"https:\/\/globalattitude.org.br\/wp-content\/uploads\/2023\/03\/Screen-Shot-2018-11-21-at-11.35.58-AM.png","width":491,"height":212},{"@type":"BreadcrumbList","@id":"https:\/\/globalattitude.org.br\/en\/quem-e-ernesto-araujo-e-como-seus-ideais-podem-abalar-as-relacoes-diplomaticas-e-economicas-com-o-mundo\/#breadcrumb","itemListElement":[{"@type":"ListItem","position":1,"name":"In\u00edcio","item":"https:\/\/globalattitude.org.br\/en\/"},{"@type":"ListItem","position":2,"name":"Quem \u00e9 Ernesto Ara\u00fajo e como seus ideais podem abalar as rela\u00e7\u00f5es diplom\u00e1ticas e econ\u00f4micas com o mundo"}]},{"@type":"WebSite","@id":"https:\/\/globalattitude.org.br\/en\/#website","url":"https:\/\/globalattitude.org.br\/en\/","name":"Instituto Global Attitude","description":"","publisher":{"@id":"https:\/\/globalattitude.org.br\/en\/#organization"},"potentialAction":[{"@type":"SearchAction","target":{"@type":"EntryPoint","urlTemplate":"https:\/\/globalattitude.org.br\/en\/?s={search_term_string}"},"query-input":{"@type":"PropertyValueSpecification","valueRequired":true,"valueName":"search_term_string"}}],"inLanguage":"en-US"},{"@type":"Organization","@id":"https:\/\/globalattitude.org.br\/en\/#organization","name":"Instituto Global Attitude","url":"https:\/\/globalattitude.org.br\/en\/","logo":{"@type":"ImageObject","inLanguage":"en-US","@id":"https:\/\/globalattitude.org.br\/en\/#\/schema\/logo\/image\/","url":"https:\/\/globalattitude.org.br\/wp-content\/uploads\/2023\/01\/instituto-global-attitude-color.png","contentUrl":"https:\/\/globalattitude.org.br\/wp-content\/uploads\/2023\/01\/instituto-global-attitude-color.png","width":300,"height":131,"caption":"Instituto Global Attitude"},"image":{"@id":"https:\/\/globalattitude.org.br\/en\/#\/schema\/logo\/image\/"},"sameAs":["https:\/\/www.facebook.com\/global.attitude.org\/","https:\/\/x.com\/global_attitude","https:\/\/www.instagram.com\/globalattitude","https:\/\/www.linkedin.com\/company\/global-attitude\/?viewAsMember=true"]},{"@type":"Person","@id":"https:\/\/globalattitude.org.br\/en\/#\/schema\/person\/c0db5efc16133ab28ea2d64fc19667e5","name":"rodrigo","image":{"@type":"ImageObject","inLanguage":"en-US","@id":"https:\/\/secure.gravatar.com\/avatar\/1c1599db13943f3289fb3206e5aaf9560b644e4aaf0b4d3a378ba91202ab9cc4?s=96&d=mm&r=g","url":"https:\/\/secure.gravatar.com\/avatar\/1c1599db13943f3289fb3206e5aaf9560b644e4aaf0b4d3a378ba91202ab9cc4?s=96&d=mm&r=g","contentUrl":"https:\/\/secure.gravatar.com\/avatar\/1c1599db13943f3289fb3206e5aaf9560b644e4aaf0b4d3a378ba91202ab9cc4?s=96&d=mm&r=g","caption":"rodrigo"},"url":"https:\/\/globalattitude.org.br\/en\/author\/rodrigo\/"}]}},"_links":{"self":[{"href":"https:\/\/globalattitude.org.br\/en\/wp-json\/wp\/v2\/posts\/2651","targetHints":{"allow":["GET"]}}],"collection":[{"href":"https:\/\/globalattitude.org.br\/en\/wp-json\/wp\/v2\/posts"}],"about":[{"href":"https:\/\/globalattitude.org.br\/en\/wp-json\/wp\/v2\/types\/post"}],"author":[{"embeddable":true,"href":"https:\/\/globalattitude.org.br\/en\/wp-json\/wp\/v2\/users\/3"}],"replies":[{"embeddable":true,"href":"https:\/\/globalattitude.org.br\/en\/wp-json\/wp\/v2\/comments?post=2651"}],"version-history":[{"count":1,"href":"https:\/\/globalattitude.org.br\/en\/wp-json\/wp\/v2\/posts\/2651\/revisions"}],"predecessor-version":[{"id":2656,"href":"https:\/\/globalattitude.org.br\/en\/wp-json\/wp\/v2\/posts\/2651\/revisions\/2656"}],"wp:featuredmedia":[{"embeddable":true,"href":"https:\/\/globalattitude.org.br\/en\/wp-json\/wp\/v2\/media\/2652"}],"wp:attachment":[{"href":"https:\/\/globalattitude.org.br\/en\/wp-json\/wp\/v2\/media?parent=2651"}],"wp:term":[{"taxonomy":"category","embeddable":true,"href":"https:\/\/globalattitude.org.br\/en\/wp-json\/wp\/v2\/categories?post=2651"},{"taxonomy":"post_tag","embeddable":true,"href":"https:\/\/globalattitude.org.br\/en\/wp-json\/wp\/v2\/tags?post=2651"}],"curies":[{"name":"wp","href":"https:\/\/api.w.org\/{rel}","templated":true}]}}