{"id":2699,"date":"2019-01-28T16:44:10","date_gmt":"2019-01-28T18:44:10","guid":{"rendered":"https:\/\/globalattitude.org.br\/conheca-delegacao-que-participara-do-maior-forum-para-desenvolvimento-social-e-global\/"},"modified":"2023-03-10T10:43:02","modified_gmt":"2023-03-10T13:43:02","slug":"conheca-delegacao-que-participara-do-maior-forum-para-desenvolvimento-social-e-global","status":"publish","type":"post","link":"https:\/\/globalattitude.org.br\/en\/conheca-delegacao-que-participara-do-maior-forum-para-desenvolvimento-social-e-global\/","title":{"rendered":"Conhe\u00e7a delega\u00e7\u00e3o que participar\u00e1 do maior f\u00f3rum para desenvolvimento social e global"},"content":{"rendered":"<p>Nossa primeira delega\u00e7\u00e3o para 2019 est\u00e1 pronta para viajar! Oito jovens brasileiros representar\u00e3o o Diplomacia Civil na 57o Commission for Social Development, em Nova York, EUA, que acontece entre os dias 9 e 15 de fevereiro. Realizado anualmente na sede da ONU, o f\u00f3rum tem como objetivo discutir temas-chave voltados ao cumprimento e desenvolvimento de pol\u00edticas sociais de car\u00e1ter geral.<\/p>\n<p>Considerada uma das comiss\u00f5es de maior relev\u00e2ncia para abordar o desenvolvimento social e global, o tema principal deste ano ser\u00e1 \u201cAbordar as desigualdades e os desafios para a inclus\u00e3o social atrav\u00e9s de pol\u00edticas fiscais, salariais e de prote\u00e7\u00e3o social\u201d. Buscando\u00a0dar seguimento ao cumprimento dos objetivos da Agenda 2030, o f\u00f3rum destacar\u00e1, ainda, os progressos realizados e revisar\u00e1 planos de programas de a\u00e7\u00e3o voltados principalmente a: equaliza\u00e7\u00e3o de oportunidades a pessoas com defici\u00eancias; Programa Mundial de A\u00e7\u00e3o para Juventude;\u00a0Plano de A\u00e7\u00e3o Internacional de Madrid sobre o Envelhecimento; e quest\u00f5es de Fam\u00edlia.<\/p>\n<p>Como processo preparat\u00f3rio para a viagem, os delegados passam por cinco workshops e est\u00e3o em fase de\u00a0finaliza\u00e7\u00e3o de seus artigos, com\u00a0temas voltados ao assunto do f\u00f3rum \u2013 sugeridos por eles mesmos -, orientados por\u00a0um professor especialista. J\u00e1 em Nova York, a delega\u00e7\u00e3o\u00a0conta, al\u00e9m das palestras e debates do evento, com agenda exclusiva de reuni\u00f5es e encontros com l\u00edderes e especialistas, promovidos pela coordena\u00e7\u00e3o do Diplomacia Civil.<\/p>\n<p><strong>Conhe\u00e7a os selecionados:<\/strong><\/p>\n<p><span style=\"font-weight: 400;\"><a href=\"http:\/\/globalattitude.org.br\/wp-content\/uploads\/2023\/03\/Caio.jpg\"><img decoding=\"async\" class=\"alignleft wp-image-4537\" src=\"http:\/\/globalattitude.org.br\/wp-content\/uploads\/2023\/03\/Caio.jpg\" alt=\"\" width=\"200\" height=\"200\" \/><\/a><strong>Caio Uliana<\/strong> \u00e9 graduando em Direito pela PUC-Rio<\/span><span style=\"font-weight: 400;\">, com bolsa integral. Estudou na Harvard Extension School sobre Teoria Geral dos Contratos e na Thomas Jefferson School of Law sobre Civil Procedures e Corporate Law, tendo realizado outros cursos de curta e m\u00e9dia dura\u00e7\u00e3o na Escola Superior de Advocacia da Ordem dos Advogados do Brasil (ESA-OAB) e na Funda\u00e7\u00e3o\u00a0Get\u00falio Vargas (FGV). Vem desenvolvendo artigo acad\u00eamico sobre Business Judgment Rule, com foco no Direito Comparado e na aplica\u00e7\u00e3o pela Comiss\u00e3o de Valores Mobili\u00e1rios no Brasil. Trabalhou em escrit\u00f3rio de advocacia e consultoria voltado \u00e0s \u00e1reas de Direito Societ\u00e1rio e Mercado Financeiro. Atualmente, trabalha no escrit\u00f3rio Barbosa M\u00fcssnich Arag\u00e3o (BMA Advogados).<\/span><\/p>\n<p><span style=\"font-weight: 400;\"><a href=\"http:\/\/globalattitude.org.br\/wp-content\/uploads\/2023\/03\/Cristal.jpeg\"><img decoding=\"async\" class=\"alignright wp-image-4538\" src=\"http:\/\/globalattitude.org.br\/wp-content\/uploads\/2023\/03\/Cristal-300x300.jpeg\" alt=\"f\u00f3rum para desenvolvimento social\" width=\"200\" height=\"200\" \/><\/a><strong>Cristal de Oliveira<\/strong> \u00e9 graduada em Rela\u00e7\u00f5es Internacionais pela Universidade Estadual Paulista (UNESP) e p\u00f3s-graduanda em Gest\u00e3o em Inova\u00e7\u00e3o em Impacto Social, j\u00e1 tendo trabalhado em \u00e1reas como o setor de imigra\u00e7\u00e3o no Departamento de Pol\u00edcia Federal, empresa de Consultoria e Startup de meios de pagamento. Ingressou na International Connector, Consultoria Internacional boutique em desenvolvimento organizacional pautado nas tend\u00eancias de Millenials e Geraz\u00e3o \u201cZ\u201d. Foi volunt\u00e1ria no projeto de Encontro de Jovens Transformadores e da Teto. <\/span><\/p>\n<p>&nbsp;<\/p>\n<p><b><a href=\"http:\/\/globalattitude.org.br\/wp-content\/uploads\/2023\/03\/Fernando.png\"><img decoding=\"async\" class=\"alignleft wp-image-4539\" src=\"http:\/\/globalattitude.org.br\/wp-content\/uploads\/2023\/03\/Fernando-300x300.png\" alt=\"f\u00f3rum para desenvolvimento social\" width=\"200\" height=\"200\" \/><\/a>Fernando Luz<\/b><span style=\"font-weight: 400;\"> \u00e9 graduado em Administra\u00e7\u00e3o e p\u00f3s-graduando em Intelig\u00eancia Estrat\u00e9gica pela Universidade Federal do Rio Grande do Sul. \u00c9 especialista em Finan\u00e7as pela University of La Verne, Estados Unidos. Trabalhou por seis anos no Banco do Estado do Rio Grande do Sul, foi delegado sindical do SindBanc\u00e1rios RS por dois mandatos e foi diretor de Governan\u00e7a e Gest\u00e3o do munic\u00edpio de Esteio. Atualmente, \u00e9 Vereador suplente e Diretor de Eventos na mesma cidade, trabalhando na realiza\u00e7\u00e3o de atividades sociais, esportivas e culturais.<\/span><\/p>\n<p>&nbsp;<\/p>\n<p><span style=\"font-weight: 400;\"><a href=\"http:\/\/globalattitude.org.br\/wp-content\/uploads\/2023\/03\/Gustavo-2.jpg\"><img loading=\"lazy\" decoding=\"async\" class=\"alignright wp-image-4540\" src=\"http:\/\/globalattitude.org.br\/wp-content\/uploads\/2023\/03\/Gustavo-2-300x300.jpg\" alt=\"f\u00f3rum para desenvolvimento social\" width=\"200\" height=\"200\" \/><\/a><strong>Gustavo D\u00e9nes<\/strong> \u00e9 graduado em Economia pela FEA-USP, especialista em L\u00edngua e Cultura H\u00fangara pelo Instituto Balassi-Budapeste, mestre em Estudos em Desenvolvimento pelo International Institute of Social Studies &#8211; Erasmus University of Rotterdam e p\u00f3s-mestrado em Desenvolvimento Internacional pelo Centre for International Development Issues Nijmegen &#8211; Radboud University of Nijmegen. Atualmente, \u00e9 mestrando em Direito e Desenvolvimento pela Escola de Direito de S\u00e3o Paulo, pesquisando justi\u00e7a tribut\u00e1ria no Brasil em \u00e2mbito da tributa\u00e7\u00e3o sobre o consumo, a partir de uma perspectiva baseada em direitos econ\u00f4micos, sociais e culturais. Como volunt\u00e1rio, contribuiu para iniciativas de justi\u00e7a de transi\u00e7\u00e3o da Comiss\u00e3o de Anistia do Minist\u00e9rio da Justi\u00e7a e realizou interpreta\u00e7\u00e3o para procedimentos criminais envolvendo cidad\u00e3os estrangeiros, al\u00e9m de participar em grupo escoteiro h\u00e1 25 anos. Atua como assistente de assuntos econ\u00f4micos no Consulado-Geral da Hungria em S\u00e3o Paulo. <\/span><\/p>\n<p><span style=\"font-weight: 400;\"><a href=\"http:\/\/globalattitude.org.br\/wp-content\/uploads\/2023\/03\/Hannah.jpg\"><img loading=\"lazy\" decoding=\"async\" class=\"alignleft wp-image-4541\" src=\"http:\/\/globalattitude.org.br\/wp-content\/uploads\/2023\/03\/Hannah-300x300.jpg\" alt=\"f\u00f3rum para desenvolvimento social\" width=\"200\" height=\"200\" \/><\/a><strong>Hannah Vil\u00e1n<\/strong> \u00e9 graduada em Direito pela Faculdade Baiana de Direito e Gest\u00e3o. Durante sua trajet\u00f3ria escolar foi selecionada para interc\u00e2mbio multicultural em Portugal, no Col\u00e9gio Valsassina. Frequentou a escola de ingl\u00eas anglo-continental na Inglaterra, finalizando seus estudos na Matthew Mcnair em Richmond, Canad\u00e1. Durante a gradua\u00e7\u00e3o, participou como Oradora nas rodas nacionais e internacionais da 21 Annual International Environmental Moot Court Compettiton, sediada na Universidade de Stetson, nos EUA. Foi contemplada com uma bolsa de estudos na Pazmany Peter Catholic Universit\u00e9, na Hungria, onde aprofundou seus estudos na tem\u00e1tica de Direito Internacional e Direito Ambiental Internacional.<\/span><\/p>\n<p><b><a href=\"http:\/\/globalattitude.org.br\/wp-content\/uploads\/2023\/03\/Larissa-A-Aniceto.jpeg\"><img loading=\"lazy\" decoding=\"async\" class=\"alignright wp-image-4542\" src=\"http:\/\/globalattitude.org.br\/wp-content\/uploads\/2023\/03\/Larissa-A-Aniceto-300x300.jpeg\" alt=\"\" width=\"200\" height=\"200\" \/><\/a>Larissa Araujo Aniceto <\/b>\u00e9<b> <\/b><span style=\"font-weight: 400;\">graduanda na Funda\u00e7\u00e3o Instituto de Administra\u00e7\u00e3o (FIA), com experi\u00eancia em responsabilidade social corporativa no Instituto Votorantim. Foi embaixadora Choice, maior movimento de lideran\u00e7a jovem brasileira, desenvolvendo projetos sobre empoderamento feminino e educa\u00e7\u00e3o de qualidade. Participou de organiza\u00e7\u00f5es n\u00e3o-governamentais como a AIESEC, Rotary e TETO.<\/span><\/p>\n<p>&nbsp;<\/p>\n<p>&nbsp;<\/p>\n<p><span style=\"font-weight: 400;\"><a href=\"http:\/\/globalattitude.org.br\/wp-content\/uploads\/2023\/03\/Priscila-2.jpeg\"><img loading=\"lazy\" decoding=\"async\" class=\"alignleft wp-image-4543\" src=\"http:\/\/globalattitude.org.br\/wp-content\/uploads\/2023\/03\/Priscila-2.jpeg\" alt=\"\" width=\"200\" height=\"200\" \/><\/a><strong>Priscila Caneparo<\/strong> \u00e9 Professora de Direito Internacional P\u00fablico, Direito Humanos, Direito Constitucional e Ecopol\u00edtica Internacional. Graduada pelo Centro Universit\u00e1rio Curitiba, Especialista em Direito Internacional, Mestra em Direito das Rela\u00e7\u00f5es Econ\u00f4micas Internacionais e Doutora em Direito das Rela\u00e7\u00f5es Econ\u00f4micas Internacionais \u00a0pela Pontif\u00edcia Universidade Cat\u00f3lica de S\u00e3o Paulo. Membro da Comiss\u00e3o de Direito Internacional da OAB\/PR, Membro associado do Conselho Nacional de Pesquisa e P\u00f3s-Gradua\u00e7\u00e3o em Direito (CONPEDI) e da Academia Brasileira de Direito Internacional. Pesquisas voltadas, especialmente, aos temas de Direito Internacional P\u00fablico e Direitos Humanos.<\/span><br \/>\n<span style=\"font-weight: 400;\"><a href=\"http:\/\/globalattitude.org.br\/wp-content\/uploads\/2023\/03\/Rebeca-2.jpg\"><img loading=\"lazy\" decoding=\"async\" class=\"alignright wp-image-4544\" src=\"http:\/\/globalattitude.org.br\/wp-content\/uploads\/2023\/03\/Rebeca-2-300x300.jpg\" alt=\"\" width=\"200\" height=\"200\" \/><\/a><\/span><\/p>\n<p><span style=\"font-weight: 400;\"><strong>Rebeca Tabosa<\/strong> \u00e9 graduada em Arquitetura e Urbanismo pela Universidade Federal da Para\u00edba (UFPB) e mestra em Gest\u00e3o e Desenvolvimento Urbano pelo Institute for Housing and Urban Development Studies (IHS) Erasmus University Rotterdam. Fez curso de curta dura\u00e7\u00e3o em Gest\u00e3o de Projetos na Galilee International Management Institute em Israel e um ano de interc\u00e2mbio acad\u00eamico na <\/span><span style=\"font-weight: 400;\">University<\/span><span style=\"font-weight: 400;\"> of East London, Reino Unido. Foi estagi\u00e1ria na Superint\u00eandencia de Obras e Plano do Desenvolvimento do Estado da Para\u00edba (SUPLAN) e bolsista de inicia\u00e7\u00e3o cient\u00edfica PIBIC. Possui artigos publicados em revistas e anais, incluindo Sodebr\u00e1s, Pluris e WIT Transactions.<\/span><\/p>\n<p>O\u00a0<strong>Instituto Global Attitude<\/strong>\u00a0agradece a todos os inscritos na sele\u00e7\u00e3o. Para saber sobre o que os delegados estar\u00e3o vivenciando no evento, acompanhe as nossas redes sociais (<a href=\"https:\/\/www.facebook.com\/global.attitude.org\/\">Facebook<\/a>,\u00a0<a href=\"https:\/\/twitter.com\/global_attitude\">Twitter<\/a>\u00a0e\u00a0<a href=\"https:\/\/www.instagram.com\/globalattitude\/\">Instagram<\/a>), onde promovemos a cobertura do programa.<\/p>\n","protected":false},"excerpt":{"rendered":"<p>Nossa primeira delega\u00e7\u00e3o para 2019 est\u00e1 pronta para viajar! Oito jovens brasileiros representar\u00e3o o Diplomacia Civil na 57o Commission for Social Development, em Nova York, EUA, que acontece entre os dias 9 e 15 de fevereiro. Realizado anualmente na sede da ONU, o f\u00f3rum tem como objetivo discutir temas-chave voltados ao cumprimento e desenvolvimento de [&hellip;]<\/p>\n","protected":false},"author":3,"featured_media":2700,"comment_status":"open","ping_status":"open","sticky":false,"template":"","format":"standard","meta":{"_acf_changed":false,"om_disable_all_campaigns":false,"_monsterinsights_skip_tracking":false,"_monsterinsights_sitenote_active":false,"_monsterinsights_sitenote_note":"","_monsterinsights_sitenote_category":0,"_uf_show_specific_survey":0,"_uf_disable_surveys":false,"footnotes":""},"categories":[22,34],"tags":[],"class_list":["post-2699","post","type-post","status-publish","format-standard","hentry","category-programas","category-ultimas"],"acf":[],"aioseo_notices":[],"yoast_head":"<!-- This site is optimized with the Yoast SEO plugin v27.5 - https:\/\/yoast.com\/product\/yoast-seo-wordpress\/ -->\n<title>F\u00f3rum para desenvolvimento social - Conhe\u00e7a delega\u00e7\u00e3o que participar\u00e1<\/title>\n<meta name=\"description\" content=\"F\u00f3rum para desenvolvimento social - Oito jovens brasileiros representar\u00e3o o Diplomacia Civil na 57o Commission for Social Development, em Nova York, EUA\" \/>\n<meta name=\"robots\" content=\"index, follow, max-snippet:-1, max-image-preview:large, max-video-preview:-1\" \/>\n<link rel=\"canonical\" href=\"https:\/\/globalattitude.org.br\/en\/conheca-delegacao-que-participara-do-maior-forum-para-desenvolvimento-social-e-global\/\" \/>\n<meta property=\"og:locale\" content=\"en_US\" \/>\n<meta property=\"og:type\" content=\"article\" \/>\n<meta property=\"og:title\" content=\"F\u00f3rum para desenvolvimento social - Conhe\u00e7a delega\u00e7\u00e3o que participar\u00e1\" \/>\n<meta property=\"og:description\" content=\"F\u00f3rum para desenvolvimento social - Oito jovens brasileiros representar\u00e3o o Diplomacia Civil na 57o Commission for Social Development, em Nova York, EUA\" \/>\n<meta property=\"og:url\" content=\"https:\/\/globalattitude.org.br\/en\/conheca-delegacao-que-participara-do-maior-forum-para-desenvolvimento-social-e-global\/\" \/>\n<meta property=\"og:site_name\" content=\"Instituto Global Attitude\" \/>\n<meta property=\"article:publisher\" content=\"https:\/\/www.facebook.com\/global.attitude.org\/\" \/>\n<meta property=\"article:published_time\" content=\"2019-01-28T18:44:10+00:00\" \/>\n<meta property=\"article:modified_time\" content=\"2023-03-10T13:43:02+00:00\" \/>\n<meta property=\"og:image\" content=\"https:\/\/globalattitude.org.br\/wp-content\/uploads\/2023\/03\/Caio.jpg\" \/>\n\t<meta property=\"og:image:width\" content=\"195\" \/>\n\t<meta property=\"og:image:height\" content=\"195\" \/>\n\t<meta property=\"og:image:type\" content=\"image\/jpeg\" \/>\n<meta name=\"author\" content=\"rodrigo\" \/>\n<meta name=\"twitter:card\" content=\"summary_large_image\" \/>\n<meta name=\"twitter:creator\" content=\"@global_attitude\" \/>\n<meta name=\"twitter:site\" content=\"@global_attitude\" \/>\n<meta name=\"twitter:label1\" content=\"Written by\" \/>\n\t<meta name=\"twitter:data1\" content=\"rodrigo\" \/>\n\t<meta name=\"twitter:label2\" content=\"Est. reading time\" \/>\n\t<meta name=\"twitter:data2\" content=\"6 minutes\" \/>\n<script type=\"application\/ld+json\" class=\"yoast-schema-graph\">{\"@context\":\"https:\\\/\\\/schema.org\",\"@graph\":[{\"@type\":[\"Article\",\"BlogPosting\"],\"@id\":\"https:\\\/\\\/globalattitude.org.br\\\/en\\\/conheca-delegacao-que-participara-do-maior-forum-para-desenvolvimento-social-e-global\\\/#article\",\"isPartOf\":{\"@id\":\"https:\\\/\\\/globalattitude.org.br\\\/en\\\/conheca-delegacao-que-participara-do-maior-forum-para-desenvolvimento-social-e-global\\\/\"},\"author\":{\"name\":\"rodrigo\",\"@id\":\"https:\\\/\\\/globalattitude.org.br\\\/en\\\/#\\\/schema\\\/person\\\/c0db5efc16133ab28ea2d64fc19667e5\"},\"headline\":\"Conhe\u00e7a delega\u00e7\u00e3o que participar\u00e1 do maior f\u00f3rum para desenvolvimento social e global\",\"datePublished\":\"2019-01-28T18:44:10+00:00\",\"dateModified\":\"2023-03-10T13:43:02+00:00\",\"mainEntityOfPage\":{\"@id\":\"https:\\\/\\\/globalattitude.org.br\\\/en\\\/conheca-delegacao-que-participara-do-maior-forum-para-desenvolvimento-social-e-global\\\/\"},\"wordCount\":1118,\"commentCount\":0,\"publisher\":{\"@id\":\"https:\\\/\\\/globalattitude.org.br\\\/en\\\/#organization\"},\"image\":{\"@id\":\"https:\\\/\\\/globalattitude.org.br\\\/en\\\/conheca-delegacao-que-participara-do-maior-forum-para-desenvolvimento-social-e-global\\\/#primaryimage\"},\"thumbnailUrl\":\"https:\\\/\\\/globalattitude.org.br\\\/wp-content\\\/uploads\\\/2023\\\/03\\\/Caio.jpg\",\"articleSection\":[\"Programas\",\"\u00daltimas\"],\"inLanguage\":\"en-US\",\"potentialAction\":[{\"@type\":\"CommentAction\",\"name\":\"Comment\",\"target\":[\"https:\\\/\\\/globalattitude.org.br\\\/en\\\/conheca-delegacao-que-participara-do-maior-forum-para-desenvolvimento-social-e-global\\\/#respond\"]}]},{\"@type\":\"WebPage\",\"@id\":\"https:\\\/\\\/globalattitude.org.br\\\/en\\\/conheca-delegacao-que-participara-do-maior-forum-para-desenvolvimento-social-e-global\\\/\",\"url\":\"https:\\\/\\\/globalattitude.org.br\\\/en\\\/conheca-delegacao-que-participara-do-maior-forum-para-desenvolvimento-social-e-global\\\/\",\"name\":\"F\u00f3rum para desenvolvimento social - Conhe\u00e7a delega\u00e7\u00e3o que participar\u00e1\",\"isPartOf\":{\"@id\":\"https:\\\/\\\/globalattitude.org.br\\\/en\\\/#website\"},\"primaryImageOfPage\":{\"@id\":\"https:\\\/\\\/globalattitude.org.br\\\/en\\\/conheca-delegacao-que-participara-do-maior-forum-para-desenvolvimento-social-e-global\\\/#primaryimage\"},\"image\":{\"@id\":\"https:\\\/\\\/globalattitude.org.br\\\/en\\\/conheca-delegacao-que-participara-do-maior-forum-para-desenvolvimento-social-e-global\\\/#primaryimage\"},\"thumbnailUrl\":\"https:\\\/\\\/globalattitude.org.br\\\/wp-content\\\/uploads\\\/2023\\\/03\\\/Caio.jpg\",\"datePublished\":\"2019-01-28T18:44:10+00:00\",\"dateModified\":\"2023-03-10T13:43:02+00:00\",\"description\":\"F\u00f3rum para desenvolvimento social - Oito jovens brasileiros representar\u00e3o o Diplomacia Civil na 57o Commission for Social Development, em Nova York, EUA\",\"breadcrumb\":{\"@id\":\"https:\\\/\\\/globalattitude.org.br\\\/en\\\/conheca-delegacao-que-participara-do-maior-forum-para-desenvolvimento-social-e-global\\\/#breadcrumb\"},\"inLanguage\":\"en-US\",\"potentialAction\":[{\"@type\":\"ReadAction\",\"target\":[\"https:\\\/\\\/globalattitude.org.br\\\/en\\\/conheca-delegacao-que-participara-do-maior-forum-para-desenvolvimento-social-e-global\\\/\"]}]},{\"@type\":\"ImageObject\",\"inLanguage\":\"en-US\",\"@id\":\"https:\\\/\\\/globalattitude.org.br\\\/en\\\/conheca-delegacao-que-participara-do-maior-forum-para-desenvolvimento-social-e-global\\\/#primaryimage\",\"url\":\"https:\\\/\\\/globalattitude.org.br\\\/wp-content\\\/uploads\\\/2023\\\/03\\\/Caio.jpg\",\"contentUrl\":\"https:\\\/\\\/globalattitude.org.br\\\/wp-content\\\/uploads\\\/2023\\\/03\\\/Caio.jpg\",\"width\":195,\"height\":195},{\"@type\":\"BreadcrumbList\",\"@id\":\"https:\\\/\\\/globalattitude.org.br\\\/en\\\/conheca-delegacao-que-participara-do-maior-forum-para-desenvolvimento-social-e-global\\\/#breadcrumb\",\"itemListElement\":[{\"@type\":\"ListItem\",\"position\":1,\"name\":\"In\u00edcio\",\"item\":\"https:\\\/\\\/globalattitude.org.br\\\/en\\\/\"},{\"@type\":\"ListItem\",\"position\":2,\"name\":\"Conhe\u00e7a delega\u00e7\u00e3o que participar\u00e1 do maior f\u00f3rum para desenvolvimento social e global\"}]},{\"@type\":\"WebSite\",\"@id\":\"https:\\\/\\\/globalattitude.org.br\\\/en\\\/#website\",\"url\":\"https:\\\/\\\/globalattitude.org.br\\\/en\\\/\",\"name\":\"Instituto Global Attitude\",\"description\":\"\",\"publisher\":{\"@id\":\"https:\\\/\\\/globalattitude.org.br\\\/en\\\/#organization\"},\"potentialAction\":[{\"@type\":\"SearchAction\",\"target\":{\"@type\":\"EntryPoint\",\"urlTemplate\":\"https:\\\/\\\/globalattitude.org.br\\\/en\\\/?s={search_term_string}\"},\"query-input\":{\"@type\":\"PropertyValueSpecification\",\"valueRequired\":true,\"valueName\":\"search_term_string\"}}],\"inLanguage\":\"en-US\"},{\"@type\":\"Organization\",\"@id\":\"https:\\\/\\\/globalattitude.org.br\\\/en\\\/#organization\",\"name\":\"Instituto Global Attitude\",\"url\":\"https:\\\/\\\/globalattitude.org.br\\\/en\\\/\",\"logo\":{\"@type\":\"ImageObject\",\"inLanguage\":\"en-US\",\"@id\":\"https:\\\/\\\/globalattitude.org.br\\\/en\\\/#\\\/schema\\\/logo\\\/image\\\/\",\"url\":\"https:\\\/\\\/globalattitude.org.br\\\/wp-content\\\/uploads\\\/2023\\\/01\\\/instituto-global-attitude-color.png\",\"contentUrl\":\"https:\\\/\\\/globalattitude.org.br\\\/wp-content\\\/uploads\\\/2023\\\/01\\\/instituto-global-attitude-color.png\",\"width\":300,\"height\":131,\"caption\":\"Instituto Global Attitude\"},\"image\":{\"@id\":\"https:\\\/\\\/globalattitude.org.br\\\/en\\\/#\\\/schema\\\/logo\\\/image\\\/\"},\"sameAs\":[\"https:\\\/\\\/www.facebook.com\\\/global.attitude.org\\\/\",\"https:\\\/\\\/x.com\\\/global_attitude\",\"https:\\\/\\\/www.instagram.com\\\/globalattitude\",\"https:\\\/\\\/www.linkedin.com\\\/company\\\/global-attitude\\\/?viewAsMember=true\"]},{\"@type\":\"Person\",\"@id\":\"https:\\\/\\\/globalattitude.org.br\\\/en\\\/#\\\/schema\\\/person\\\/c0db5efc16133ab28ea2d64fc19667e5\",\"name\":\"rodrigo\",\"image\":{\"@type\":\"ImageObject\",\"inLanguage\":\"en-US\",\"@id\":\"https:\\\/\\\/secure.gravatar.com\\\/avatar\\\/1c1599db13943f3289fb3206e5aaf9560b644e4aaf0b4d3a378ba91202ab9cc4?s=96&d=mm&r=g\",\"url\":\"https:\\\/\\\/secure.gravatar.com\\\/avatar\\\/1c1599db13943f3289fb3206e5aaf9560b644e4aaf0b4d3a378ba91202ab9cc4?s=96&d=mm&r=g\",\"contentUrl\":\"https:\\\/\\\/secure.gravatar.com\\\/avatar\\\/1c1599db13943f3289fb3206e5aaf9560b644e4aaf0b4d3a378ba91202ab9cc4?s=96&d=mm&r=g\",\"caption\":\"rodrigo\"},\"url\":\"https:\\\/\\\/globalattitude.org.br\\\/en\\\/author\\\/rodrigo\\\/\"}]}<\/script>\n<!-- \/ Yoast SEO plugin. -->","yoast_head_json":{"title":"F\u00f3rum para desenvolvimento social - Conhe\u00e7a delega\u00e7\u00e3o que participar\u00e1","description":"F\u00f3rum para desenvolvimento social - Oito jovens brasileiros representar\u00e3o o Diplomacia Civil na 57o Commission for Social Development, em Nova York, EUA","robots":{"index":"index","follow":"follow","max-snippet":"max-snippet:-1","max-image-preview":"max-image-preview:large","max-video-preview":"max-video-preview:-1"},"canonical":"https:\/\/globalattitude.org.br\/en\/conheca-delegacao-que-participara-do-maior-forum-para-desenvolvimento-social-e-global\/","og_locale":"en_US","og_type":"article","og_title":"F\u00f3rum para desenvolvimento social - Conhe\u00e7a delega\u00e7\u00e3o que participar\u00e1","og_description":"F\u00f3rum para desenvolvimento social - Oito jovens brasileiros representar\u00e3o o Diplomacia Civil na 57o Commission for Social Development, em Nova York, EUA","og_url":"https:\/\/globalattitude.org.br\/en\/conheca-delegacao-que-participara-do-maior-forum-para-desenvolvimento-social-e-global\/","og_site_name":"Instituto Global Attitude","article_publisher":"https:\/\/www.facebook.com\/global.attitude.org\/","article_published_time":"2019-01-28T18:44:10+00:00","article_modified_time":"2023-03-10T13:43:02+00:00","og_image":[{"width":195,"height":195,"url":"https:\/\/globalattitude.org.br\/wp-content\/uploads\/2023\/03\/Caio.jpg","type":"image\/jpeg"}],"author":"rodrigo","twitter_card":"summary_large_image","twitter_creator":"@global_attitude","twitter_site":"@global_attitude","twitter_misc":{"Written by":"rodrigo","Est. reading time":"6 minutes"},"schema":{"@context":"https:\/\/schema.org","@graph":[{"@type":["Article","BlogPosting"],"@id":"https:\/\/globalattitude.org.br\/en\/conheca-delegacao-que-participara-do-maior-forum-para-desenvolvimento-social-e-global\/#article","isPartOf":{"@id":"https:\/\/globalattitude.org.br\/en\/conheca-delegacao-que-participara-do-maior-forum-para-desenvolvimento-social-e-global\/"},"author":{"name":"rodrigo","@id":"https:\/\/globalattitude.org.br\/en\/#\/schema\/person\/c0db5efc16133ab28ea2d64fc19667e5"},"headline":"Conhe\u00e7a delega\u00e7\u00e3o que participar\u00e1 do maior f\u00f3rum para desenvolvimento social e global","datePublished":"2019-01-28T18:44:10+00:00","dateModified":"2023-03-10T13:43:02+00:00","mainEntityOfPage":{"@id":"https:\/\/globalattitude.org.br\/en\/conheca-delegacao-que-participara-do-maior-forum-para-desenvolvimento-social-e-global\/"},"wordCount":1118,"commentCount":0,"publisher":{"@id":"https:\/\/globalattitude.org.br\/en\/#organization"},"image":{"@id":"https:\/\/globalattitude.org.br\/en\/conheca-delegacao-que-participara-do-maior-forum-para-desenvolvimento-social-e-global\/#primaryimage"},"thumbnailUrl":"https:\/\/globalattitude.org.br\/wp-content\/uploads\/2023\/03\/Caio.jpg","articleSection":["Programas","\u00daltimas"],"inLanguage":"en-US","potentialAction":[{"@type":"CommentAction","name":"Comment","target":["https:\/\/globalattitude.org.br\/en\/conheca-delegacao-que-participara-do-maior-forum-para-desenvolvimento-social-e-global\/#respond"]}]},{"@type":"WebPage","@id":"https:\/\/globalattitude.org.br\/en\/conheca-delegacao-que-participara-do-maior-forum-para-desenvolvimento-social-e-global\/","url":"https:\/\/globalattitude.org.br\/en\/conheca-delegacao-que-participara-do-maior-forum-para-desenvolvimento-social-e-global\/","name":"F\u00f3rum para desenvolvimento social - Conhe\u00e7a delega\u00e7\u00e3o que participar\u00e1","isPartOf":{"@id":"https:\/\/globalattitude.org.br\/en\/#website"},"primaryImageOfPage":{"@id":"https:\/\/globalattitude.org.br\/en\/conheca-delegacao-que-participara-do-maior-forum-para-desenvolvimento-social-e-global\/#primaryimage"},"image":{"@id":"https:\/\/globalattitude.org.br\/en\/conheca-delegacao-que-participara-do-maior-forum-para-desenvolvimento-social-e-global\/#primaryimage"},"thumbnailUrl":"https:\/\/globalattitude.org.br\/wp-content\/uploads\/2023\/03\/Caio.jpg","datePublished":"2019-01-28T18:44:10+00:00","dateModified":"2023-03-10T13:43:02+00:00","description":"F\u00f3rum para desenvolvimento social - Oito jovens brasileiros representar\u00e3o o Diplomacia Civil na 57o Commission for Social Development, em Nova York, EUA","breadcrumb":{"@id":"https:\/\/globalattitude.org.br\/en\/conheca-delegacao-que-participara-do-maior-forum-para-desenvolvimento-social-e-global\/#breadcrumb"},"inLanguage":"en-US","potentialAction":[{"@type":"ReadAction","target":["https:\/\/globalattitude.org.br\/en\/conheca-delegacao-que-participara-do-maior-forum-para-desenvolvimento-social-e-global\/"]}]},{"@type":"ImageObject","inLanguage":"en-US","@id":"https:\/\/globalattitude.org.br\/en\/conheca-delegacao-que-participara-do-maior-forum-para-desenvolvimento-social-e-global\/#primaryimage","url":"https:\/\/globalattitude.org.br\/wp-content\/uploads\/2023\/03\/Caio.jpg","contentUrl":"https:\/\/globalattitude.org.br\/wp-content\/uploads\/2023\/03\/Caio.jpg","width":195,"height":195},{"@type":"BreadcrumbList","@id":"https:\/\/globalattitude.org.br\/en\/conheca-delegacao-que-participara-do-maior-forum-para-desenvolvimento-social-e-global\/#breadcrumb","itemListElement":[{"@type":"ListItem","position":1,"name":"In\u00edcio","item":"https:\/\/globalattitude.org.br\/en\/"},{"@type":"ListItem","position":2,"name":"Conhe\u00e7a delega\u00e7\u00e3o que participar\u00e1 do maior f\u00f3rum para desenvolvimento social e global"}]},{"@type":"WebSite","@id":"https:\/\/globalattitude.org.br\/en\/#website","url":"https:\/\/globalattitude.org.br\/en\/","name":"Instituto Global Attitude","description":"","publisher":{"@id":"https:\/\/globalattitude.org.br\/en\/#organization"},"potentialAction":[{"@type":"SearchAction","target":{"@type":"EntryPoint","urlTemplate":"https:\/\/globalattitude.org.br\/en\/?s={search_term_string}"},"query-input":{"@type":"PropertyValueSpecification","valueRequired":true,"valueName":"search_term_string"}}],"inLanguage":"en-US"},{"@type":"Organization","@id":"https:\/\/globalattitude.org.br\/en\/#organization","name":"Instituto Global Attitude","url":"https:\/\/globalattitude.org.br\/en\/","logo":{"@type":"ImageObject","inLanguage":"en-US","@id":"https:\/\/globalattitude.org.br\/en\/#\/schema\/logo\/image\/","url":"https:\/\/globalattitude.org.br\/wp-content\/uploads\/2023\/01\/instituto-global-attitude-color.png","contentUrl":"https:\/\/globalattitude.org.br\/wp-content\/uploads\/2023\/01\/instituto-global-attitude-color.png","width":300,"height":131,"caption":"Instituto Global Attitude"},"image":{"@id":"https:\/\/globalattitude.org.br\/en\/#\/schema\/logo\/image\/"},"sameAs":["https:\/\/www.facebook.com\/global.attitude.org\/","https:\/\/x.com\/global_attitude","https:\/\/www.instagram.com\/globalattitude","https:\/\/www.linkedin.com\/company\/global-attitude\/?viewAsMember=true"]},{"@type":"Person","@id":"https:\/\/globalattitude.org.br\/en\/#\/schema\/person\/c0db5efc16133ab28ea2d64fc19667e5","name":"rodrigo","image":{"@type":"ImageObject","inLanguage":"en-US","@id":"https:\/\/secure.gravatar.com\/avatar\/1c1599db13943f3289fb3206e5aaf9560b644e4aaf0b4d3a378ba91202ab9cc4?s=96&d=mm&r=g","url":"https:\/\/secure.gravatar.com\/avatar\/1c1599db13943f3289fb3206e5aaf9560b644e4aaf0b4d3a378ba91202ab9cc4?s=96&d=mm&r=g","contentUrl":"https:\/\/secure.gravatar.com\/avatar\/1c1599db13943f3289fb3206e5aaf9560b644e4aaf0b4d3a378ba91202ab9cc4?s=96&d=mm&r=g","caption":"rodrigo"},"url":"https:\/\/globalattitude.org.br\/en\/author\/rodrigo\/"}]}},"_links":{"self":[{"href":"https:\/\/globalattitude.org.br\/en\/wp-json\/wp\/v2\/posts\/2699","targetHints":{"allow":["GET"]}}],"collection":[{"href":"https:\/\/globalattitude.org.br\/en\/wp-json\/wp\/v2\/posts"}],"about":[{"href":"https:\/\/globalattitude.org.br\/en\/wp-json\/wp\/v2\/types\/post"}],"author":[{"embeddable":true,"href":"https:\/\/globalattitude.org.br\/en\/wp-json\/wp\/v2\/users\/3"}],"replies":[{"embeddable":true,"href":"https:\/\/globalattitude.org.br\/en\/wp-json\/wp\/v2\/comments?post=2699"}],"version-history":[{"count":1,"href":"https:\/\/globalattitude.org.br\/en\/wp-json\/wp\/v2\/posts\/2699\/revisions"}],"predecessor-version":[{"id":2708,"href":"https:\/\/globalattitude.org.br\/en\/wp-json\/wp\/v2\/posts\/2699\/revisions\/2708"}],"wp:featuredmedia":[{"embeddable":true,"href":"https:\/\/globalattitude.org.br\/en\/wp-json\/wp\/v2\/media\/2700"}],"wp:attachment":[{"href":"https:\/\/globalattitude.org.br\/en\/wp-json\/wp\/v2\/media?parent=2699"}],"wp:term":[{"taxonomy":"category","embeddable":true,"href":"https:\/\/globalattitude.org.br\/en\/wp-json\/wp\/v2\/categories?post=2699"},{"taxonomy":"post_tag","embeddable":true,"href":"https:\/\/globalattitude.org.br\/en\/wp-json\/wp\/v2\/tags?post=2699"}],"curies":[{"name":"wp","href":"https:\/\/api.w.org\/{rel}","templated":true}]}}