{"id":2718,"date":"2019-01-30T18:53:53","date_gmt":"2019-01-30T20:53:53","guid":{"rendered":"https:\/\/globalattitude.org.br\/lista-suja-do-trabalho-escravo-ja-acumula-denuncias-a-mais-de-200-empresas-brasileiras\/"},"modified":"2023-03-10T10:43:13","modified_gmt":"2023-03-10T13:43:13","slug":"lista-suja-do-trabalho-escravo-ja-acumula-denuncias-a-mais-de-200-empresas-brasileiras","status":"publish","type":"post","link":"https:\/\/globalattitude.org.br\/en\/lista-suja-do-trabalho-escravo-ja-acumula-denuncias-a-mais-de-200-empresas-brasileiras\/","title":{"rendered":"Lista suja do trabalho escravo j\u00e1 acumula den\u00fancias a mais de 200 empresas brasileiras"},"content":{"rendered":"<p>Um novo levantamento da Secretaria de Inspe\u00e7\u00e3o do Trabalho, \u00f3rg\u00e3o ligado ao Minist\u00e9rio da Economia, denuncia 202 empresas e empregadores que tenham submetido seus trabalhadores a condi\u00e7\u00f5es an\u00e1logas \u00e0 escravid\u00e3o. Chamado de &#8220;<a href=\"https:\/\/d37iydjzbdkvr9.cloudfront.net\/arquivos\/2019\/01\/21\/cadastro-de-empregadores-2019-1-17.pdf\">lista suja do trabalho escravo<\/a>&#8220;, o documento\u00a0inclui um per\u00edodo de fiscaliza\u00e7\u00e3o entre 2011 e 2018.<\/p>\n<p>A maioria dos casos envolve fazendas ou construtoras e os Estados de\u00a0Minas Gerais, Bahia e Par\u00e1 figuram entre as maiores incid\u00eancias, com 49, 28 e 22 den\u00fancias, respectivamente. J\u00e1 no caso do Rio de Janeiro, 11 estabelecimentos foram inclu\u00eddos, a maioria voltada ao setor aliment\u00edcio, como lanchonetes e churrascarias.<\/p>\n<div id=\"attachment_4557\" style=\"width: 610px\" class=\"wp-caption aligncenter\"><a href=\"http:\/\/globalattitude.org.br\/wp-content\/uploads\/2023\/03\/trabalhoescravo.jpg\"><img fetchpriority=\"high\" decoding=\"async\" aria-describedby=\"caption-attachment-4557\" class=\"wp-image-4557\" src=\"http:\/\/globalattitude.org.br\/wp-content\/uploads\/2023\/03\/trabalhoescravo-300x200.jpg\" alt=\"Trabalho Escravo\" width=\"600\" height=\"400\" \/><\/a><p id=\"caption-attachment-4557\" class=\"wp-caption-text\">Foto: S\u00e9rgio Carvalho\/MTE<\/p><\/div>\n<p>A Secretaria possui um <a href=\"https:\/\/sit.trabalho.gov.br\/radar\/\">banco de dados<\/a> sobre suas inspe\u00e7\u00f5es do trabalho datados desde 1995, j\u00e1 tendo encontrado um total de 53,607 trabalhadores em condi\u00e7\u00f5es similares \u00e0 escravid\u00e3o at\u00e9 2018. Em 2012 e 2013 foram encontrados em apenas tr\u00eas empresas grandes n\u00fameros de trabalhadores envolvidos: 125 em uma usina de \u00e1lcool e a\u00e7\u00facar do Paran\u00e1, 173 em um canteiro de obras de Minas Gerais e 348 em uma fazenda agropecu\u00e1ria tamb\u00e9m em Minas Gerais.<\/p>\n<p><a href=\"http:\/\/globalattitude.org.br\/wp-content\/uploads\/2023\/03\/amCharts-4.png\"><img decoding=\"async\" class=\"aligncenter wp-image-4553\" src=\"http:\/\/globalattitude.org.br\/wp-content\/uploads\/2023\/03\/amCharts-4-300x102.png\" alt=\"Trabalho Escravo\" width=\"700\" height=\"238\" \/><\/a><\/p>\n<p>O \u00f3rg\u00e3o leva em considera\u00e7\u00e3o nas fiscaliza\u00e7\u00f5es o artigo 149 do C\u00f3digo Penal Brasileiro, o qual considera trabalho an\u00e1logo ao de escravo condi\u00e7\u00f5es degradantes, incompat\u00edveis com a dignidade humana, caracterizadas pela viola\u00e7\u00e3o de direitos fundamentais que coloquem em risco a sa\u00fade e a vida do trabalhador. Tamb\u00e9m inclui jornada exaustiva em que o trabalhador \u00e9 submetido a esfor\u00e7o excessivo ou sobrecarga que acarrete a danos \u00e0 sua sa\u00fade ou risco de vida; trabalho for\u00e7ado por meio de fraudes, isolamento geogr\u00e1fico, amea\u00e7as ou viol\u00eancias f\u00edsicas e psicol\u00f3gicas; e servid\u00e3o por d\u00edvida.<\/p>\n<p>Ainda de acordo com a Secretaria, as atividades econ\u00f4micas mais fiscalizadas para trabalho escravo s\u00e3o cria\u00e7\u00e3o de bovinos, produ\u00e7\u00e3o florestal, cultivo de soja, atividades voltadas \u00e0 agricultura e aos cultivos de caf\u00e9, cana-de-a\u00e7\u00facar e plantas de lavoura.<\/p>\n<p><a href=\"http:\/\/globalattitude.org.br\/wp-content\/uploads\/2023\/03\/amCharts-2.png\"><img decoding=\"async\" class=\"alignnone wp-image-4552\" src=\"http:\/\/globalattitude.org.br\/wp-content\/uploads\/2023\/03\/amCharts-2-300x102.png\" alt=\"Trabalho Escravo\" width=\"700\" height=\"238\" \/><\/a><\/p>\n","protected":false},"excerpt":{"rendered":"<p>Um novo levantamento da Secretaria de Inspe\u00e7\u00e3o do Trabalho, \u00f3rg\u00e3o ligado ao Minist\u00e9rio da Economia, denuncia 202 empresas e empregadores que tenham submetido seus trabalhadores a condi\u00e7\u00f5es an\u00e1logas \u00e0 escravid\u00e3o. Chamado de &#8220;lista suja do trabalho escravo&#8220;, o documento\u00a0inclui um per\u00edodo de fiscaliza\u00e7\u00e3o entre 2011 e 2018. A maioria dos casos envolve fazendas ou construtoras [&hellip;]<\/p>\n","protected":false},"author":3,"featured_media":2719,"comment_status":"open","ping_status":"open","sticky":false,"template":"","format":"standard","meta":{"_acf_changed":false,"om_disable_all_campaigns":false,"_monsterinsights_skip_tracking":false,"_monsterinsights_sitenote_active":false,"_monsterinsights_sitenote_note":"","_monsterinsights_sitenote_category":0,"_uf_show_specific_survey":0,"_uf_disable_surveys":false,"footnotes":""},"categories":[35,34],"tags":[],"class_list":["post-2718","post","type-post","status-publish","format-standard","hentry","category-opiniao","category-ultimas"],"acf":[],"aioseo_notices":[],"yoast_head":"<!-- This site is optimized with the Yoast SEO plugin v27.5 - https:\/\/yoast.com\/product\/yoast-seo-wordpress\/ -->\n<title>Trabalho escravo Lista suja acumula den\u00fancias a mais de 200 empresas<\/title>\n<meta name=\"description\" content=\"Trabalho escravo - Um novo levantamento da Secretaria de Inspe\u00e7\u00e3o do Trabalho, \u00f3rg\u00e3o ligado ao Minist\u00e9rio da Economia, denuncia 202 empresas ... Saiba Mais\" \/>\n<meta name=\"robots\" content=\"index, follow, max-snippet:-1, max-image-preview:large, max-video-preview:-1\" \/>\n<link rel=\"canonical\" href=\"https:\/\/globalattitude.org.br\/en\/lista-suja-do-trabalho-escravo-ja-acumula-denuncias-a-mais-de-200-empresas-brasileiras\/\" \/>\n<meta property=\"og:locale\" content=\"en_US\" \/>\n<meta property=\"og:type\" content=\"article\" \/>\n<meta property=\"og:title\" content=\"Trabalho escravo Lista suja acumula den\u00fancias a mais de 200 empresas\" \/>\n<meta property=\"og:description\" content=\"Trabalho escravo - Um novo levantamento da Secretaria de Inspe\u00e7\u00e3o do Trabalho, \u00f3rg\u00e3o ligado ao Minist\u00e9rio da Economia, denuncia 202 empresas ... Saiba Mais\" \/>\n<meta property=\"og:url\" content=\"https:\/\/globalattitude.org.br\/en\/lista-suja-do-trabalho-escravo-ja-acumula-denuncias-a-mais-de-200-empresas-brasileiras\/\" \/>\n<meta property=\"og:site_name\" content=\"Instituto Global Attitude\" \/>\n<meta property=\"article:publisher\" content=\"https:\/\/www.facebook.com\/global.attitude.org\/\" \/>\n<meta property=\"article:published_time\" content=\"2019-01-30T20:53:53+00:00\" \/>\n<meta property=\"article:modified_time\" content=\"2023-03-10T13:43:13+00:00\" \/>\n<meta property=\"og:image\" content=\"https:\/\/globalattitude.org.br\/wp-content\/uploads\/2023\/03\/trabalhoescravo-1200x800.jpg\" \/>\n\t<meta property=\"og:image:width\" content=\"1600\" \/>\n\t<meta property=\"og:image:height\" content=\"1067\" \/>\n\t<meta property=\"og:image:type\" content=\"image\/jpeg\" \/>\n<meta name=\"author\" content=\"rodrigo\" \/>\n<meta name=\"twitter:card\" content=\"summary_large_image\" \/>\n<meta name=\"twitter:creator\" content=\"@global_attitude\" \/>\n<meta name=\"twitter:site\" content=\"@global_attitude\" \/>\n<meta name=\"twitter:label1\" content=\"Written by\" \/>\n\t<meta name=\"twitter:data1\" content=\"rodrigo\" \/>\n\t<meta name=\"twitter:label2\" content=\"Est. reading time\" \/>\n\t<meta name=\"twitter:data2\" content=\"2 minutes\" \/>\n<script type=\"application\/ld+json\" class=\"yoast-schema-graph\">{\"@context\":\"https:\\\/\\\/schema.org\",\"@graph\":[{\"@type\":[\"Article\",\"BlogPosting\"],\"@id\":\"https:\\\/\\\/globalattitude.org.br\\\/en\\\/lista-suja-do-trabalho-escravo-ja-acumula-denuncias-a-mais-de-200-empresas-brasileiras\\\/#article\",\"isPartOf\":{\"@id\":\"https:\\\/\\\/globalattitude.org.br\\\/en\\\/lista-suja-do-trabalho-escravo-ja-acumula-denuncias-a-mais-de-200-empresas-brasileiras\\\/\"},\"author\":{\"name\":\"rodrigo\",\"@id\":\"https:\\\/\\\/globalattitude.org.br\\\/en\\\/#\\\/schema\\\/person\\\/c0db5efc16133ab28ea2d64fc19667e5\"},\"headline\":\"Lista suja do trabalho escravo j\u00e1 acumula den\u00fancias a mais de 200 empresas brasileiras\",\"datePublished\":\"2019-01-30T20:53:53+00:00\",\"dateModified\":\"2023-03-10T13:43:13+00:00\",\"mainEntityOfPage\":{\"@id\":\"https:\\\/\\\/globalattitude.org.br\\\/en\\\/lista-suja-do-trabalho-escravo-ja-acumula-denuncias-a-mais-de-200-empresas-brasileiras\\\/\"},\"wordCount\":349,\"commentCount\":0,\"publisher\":{\"@id\":\"https:\\\/\\\/globalattitude.org.br\\\/en\\\/#organization\"},\"image\":{\"@id\":\"https:\\\/\\\/globalattitude.org.br\\\/en\\\/lista-suja-do-trabalho-escravo-ja-acumula-denuncias-a-mais-de-200-empresas-brasileiras\\\/#primaryimage\"},\"thumbnailUrl\":\"https:\\\/\\\/globalattitude.org.br\\\/wp-content\\\/uploads\\\/2023\\\/03\\\/trabalhoescravo-1200x800.jpg\",\"articleSection\":[\"Opini\u00e3o\",\"\u00daltimas\"],\"inLanguage\":\"en-US\",\"potentialAction\":[{\"@type\":\"CommentAction\",\"name\":\"Comment\",\"target\":[\"https:\\\/\\\/globalattitude.org.br\\\/en\\\/lista-suja-do-trabalho-escravo-ja-acumula-denuncias-a-mais-de-200-empresas-brasileiras\\\/#respond\"]}]},{\"@type\":\"WebPage\",\"@id\":\"https:\\\/\\\/globalattitude.org.br\\\/en\\\/lista-suja-do-trabalho-escravo-ja-acumula-denuncias-a-mais-de-200-empresas-brasileiras\\\/\",\"url\":\"https:\\\/\\\/globalattitude.org.br\\\/en\\\/lista-suja-do-trabalho-escravo-ja-acumula-denuncias-a-mais-de-200-empresas-brasileiras\\\/\",\"name\":\"Trabalho escravo Lista suja acumula den\u00fancias a mais de 200 empresas\",\"isPartOf\":{\"@id\":\"https:\\\/\\\/globalattitude.org.br\\\/en\\\/#website\"},\"primaryImageOfPage\":{\"@id\":\"https:\\\/\\\/globalattitude.org.br\\\/en\\\/lista-suja-do-trabalho-escravo-ja-acumula-denuncias-a-mais-de-200-empresas-brasileiras\\\/#primaryimage\"},\"image\":{\"@id\":\"https:\\\/\\\/globalattitude.org.br\\\/en\\\/lista-suja-do-trabalho-escravo-ja-acumula-denuncias-a-mais-de-200-empresas-brasileiras\\\/#primaryimage\"},\"thumbnailUrl\":\"https:\\\/\\\/globalattitude.org.br\\\/wp-content\\\/uploads\\\/2023\\\/03\\\/trabalhoescravo-1200x800.jpg\",\"datePublished\":\"2019-01-30T20:53:53+00:00\",\"dateModified\":\"2023-03-10T13:43:13+00:00\",\"description\":\"Trabalho escravo - Um novo levantamento da Secretaria de Inspe\u00e7\u00e3o do Trabalho, \u00f3rg\u00e3o ligado ao Minist\u00e9rio da Economia, denuncia 202 empresas ... Saiba Mais\",\"breadcrumb\":{\"@id\":\"https:\\\/\\\/globalattitude.org.br\\\/en\\\/lista-suja-do-trabalho-escravo-ja-acumula-denuncias-a-mais-de-200-empresas-brasileiras\\\/#breadcrumb\"},\"inLanguage\":\"en-US\",\"potentialAction\":[{\"@type\":\"ReadAction\",\"target\":[\"https:\\\/\\\/globalattitude.org.br\\\/en\\\/lista-suja-do-trabalho-escravo-ja-acumula-denuncias-a-mais-de-200-empresas-brasileiras\\\/\"]}]},{\"@type\":\"ImageObject\",\"inLanguage\":\"en-US\",\"@id\":\"https:\\\/\\\/globalattitude.org.br\\\/en\\\/lista-suja-do-trabalho-escravo-ja-acumula-denuncias-a-mais-de-200-empresas-brasileiras\\\/#primaryimage\",\"url\":\"https:\\\/\\\/globalattitude.org.br\\\/wp-content\\\/uploads\\\/2023\\\/03\\\/trabalhoescravo-1200x800.jpg\",\"contentUrl\":\"https:\\\/\\\/globalattitude.org.br\\\/wp-content\\\/uploads\\\/2023\\\/03\\\/trabalhoescravo-1200x800.jpg\",\"width\":1600,\"height\":1067},{\"@type\":\"BreadcrumbList\",\"@id\":\"https:\\\/\\\/globalattitude.org.br\\\/en\\\/lista-suja-do-trabalho-escravo-ja-acumula-denuncias-a-mais-de-200-empresas-brasileiras\\\/#breadcrumb\",\"itemListElement\":[{\"@type\":\"ListItem\",\"position\":1,\"name\":\"In\u00edcio\",\"item\":\"https:\\\/\\\/globalattitude.org.br\\\/en\\\/\"},{\"@type\":\"ListItem\",\"position\":2,\"name\":\"Lista suja do trabalho escravo j\u00e1 acumula den\u00fancias a mais de 200 empresas brasileiras\"}]},{\"@type\":\"WebSite\",\"@id\":\"https:\\\/\\\/globalattitude.org.br\\\/en\\\/#website\",\"url\":\"https:\\\/\\\/globalattitude.org.br\\\/en\\\/\",\"name\":\"Instituto Global Attitude\",\"description\":\"\",\"publisher\":{\"@id\":\"https:\\\/\\\/globalattitude.org.br\\\/en\\\/#organization\"},\"potentialAction\":[{\"@type\":\"SearchAction\",\"target\":{\"@type\":\"EntryPoint\",\"urlTemplate\":\"https:\\\/\\\/globalattitude.org.br\\\/en\\\/?s={search_term_string}\"},\"query-input\":{\"@type\":\"PropertyValueSpecification\",\"valueRequired\":true,\"valueName\":\"search_term_string\"}}],\"inLanguage\":\"en-US\"},{\"@type\":\"Organization\",\"@id\":\"https:\\\/\\\/globalattitude.org.br\\\/en\\\/#organization\",\"name\":\"Instituto Global Attitude\",\"url\":\"https:\\\/\\\/globalattitude.org.br\\\/en\\\/\",\"logo\":{\"@type\":\"ImageObject\",\"inLanguage\":\"en-US\",\"@id\":\"https:\\\/\\\/globalattitude.org.br\\\/en\\\/#\\\/schema\\\/logo\\\/image\\\/\",\"url\":\"https:\\\/\\\/globalattitude.org.br\\\/wp-content\\\/uploads\\\/2023\\\/01\\\/instituto-global-attitude-color.png\",\"contentUrl\":\"https:\\\/\\\/globalattitude.org.br\\\/wp-content\\\/uploads\\\/2023\\\/01\\\/instituto-global-attitude-color.png\",\"width\":300,\"height\":131,\"caption\":\"Instituto Global Attitude\"},\"image\":{\"@id\":\"https:\\\/\\\/globalattitude.org.br\\\/en\\\/#\\\/schema\\\/logo\\\/image\\\/\"},\"sameAs\":[\"https:\\\/\\\/www.facebook.com\\\/global.attitude.org\\\/\",\"https:\\\/\\\/x.com\\\/global_attitude\",\"https:\\\/\\\/www.instagram.com\\\/globalattitude\",\"https:\\\/\\\/www.linkedin.com\\\/company\\\/global-attitude\\\/?viewAsMember=true\"]},{\"@type\":\"Person\",\"@id\":\"https:\\\/\\\/globalattitude.org.br\\\/en\\\/#\\\/schema\\\/person\\\/c0db5efc16133ab28ea2d64fc19667e5\",\"name\":\"rodrigo\",\"image\":{\"@type\":\"ImageObject\",\"inLanguage\":\"en-US\",\"@id\":\"https:\\\/\\\/secure.gravatar.com\\\/avatar\\\/1c1599db13943f3289fb3206e5aaf9560b644e4aaf0b4d3a378ba91202ab9cc4?s=96&d=mm&r=g\",\"url\":\"https:\\\/\\\/secure.gravatar.com\\\/avatar\\\/1c1599db13943f3289fb3206e5aaf9560b644e4aaf0b4d3a378ba91202ab9cc4?s=96&d=mm&r=g\",\"contentUrl\":\"https:\\\/\\\/secure.gravatar.com\\\/avatar\\\/1c1599db13943f3289fb3206e5aaf9560b644e4aaf0b4d3a378ba91202ab9cc4?s=96&d=mm&r=g\",\"caption\":\"rodrigo\"},\"url\":\"https:\\\/\\\/globalattitude.org.br\\\/en\\\/author\\\/rodrigo\\\/\"}]}<\/script>\n<!-- \/ Yoast SEO plugin. -->","yoast_head_json":{"title":"Trabalho escravo Lista suja acumula den\u00fancias a mais de 200 empresas","description":"Trabalho escravo - Um novo levantamento da Secretaria de Inspe\u00e7\u00e3o do Trabalho, \u00f3rg\u00e3o ligado ao Minist\u00e9rio da Economia, denuncia 202 empresas ... Saiba Mais","robots":{"index":"index","follow":"follow","max-snippet":"max-snippet:-1","max-image-preview":"max-image-preview:large","max-video-preview":"max-video-preview:-1"},"canonical":"https:\/\/globalattitude.org.br\/en\/lista-suja-do-trabalho-escravo-ja-acumula-denuncias-a-mais-de-200-empresas-brasileiras\/","og_locale":"en_US","og_type":"article","og_title":"Trabalho escravo Lista suja acumula den\u00fancias a mais de 200 empresas","og_description":"Trabalho escravo - Um novo levantamento da Secretaria de Inspe\u00e7\u00e3o do Trabalho, \u00f3rg\u00e3o ligado ao Minist\u00e9rio da Economia, denuncia 202 empresas ... Saiba Mais","og_url":"https:\/\/globalattitude.org.br\/en\/lista-suja-do-trabalho-escravo-ja-acumula-denuncias-a-mais-de-200-empresas-brasileiras\/","og_site_name":"Instituto Global Attitude","article_publisher":"https:\/\/www.facebook.com\/global.attitude.org\/","article_published_time":"2019-01-30T20:53:53+00:00","article_modified_time":"2023-03-10T13:43:13+00:00","og_image":[{"width":1600,"height":1067,"url":"https:\/\/globalattitude.org.br\/wp-content\/uploads\/2023\/03\/trabalhoescravo-1200x800.jpg","type":"image\/jpeg"}],"author":"rodrigo","twitter_card":"summary_large_image","twitter_creator":"@global_attitude","twitter_site":"@global_attitude","twitter_misc":{"Written by":"rodrigo","Est. reading time":"2 minutes"},"schema":{"@context":"https:\/\/schema.org","@graph":[{"@type":["Article","BlogPosting"],"@id":"https:\/\/globalattitude.org.br\/en\/lista-suja-do-trabalho-escravo-ja-acumula-denuncias-a-mais-de-200-empresas-brasileiras\/#article","isPartOf":{"@id":"https:\/\/globalattitude.org.br\/en\/lista-suja-do-trabalho-escravo-ja-acumula-denuncias-a-mais-de-200-empresas-brasileiras\/"},"author":{"name":"rodrigo","@id":"https:\/\/globalattitude.org.br\/en\/#\/schema\/person\/c0db5efc16133ab28ea2d64fc19667e5"},"headline":"Lista suja do trabalho escravo j\u00e1 acumula den\u00fancias a mais de 200 empresas brasileiras","datePublished":"2019-01-30T20:53:53+00:00","dateModified":"2023-03-10T13:43:13+00:00","mainEntityOfPage":{"@id":"https:\/\/globalattitude.org.br\/en\/lista-suja-do-trabalho-escravo-ja-acumula-denuncias-a-mais-de-200-empresas-brasileiras\/"},"wordCount":349,"commentCount":0,"publisher":{"@id":"https:\/\/globalattitude.org.br\/en\/#organization"},"image":{"@id":"https:\/\/globalattitude.org.br\/en\/lista-suja-do-trabalho-escravo-ja-acumula-denuncias-a-mais-de-200-empresas-brasileiras\/#primaryimage"},"thumbnailUrl":"https:\/\/globalattitude.org.br\/wp-content\/uploads\/2023\/03\/trabalhoescravo-1200x800.jpg","articleSection":["Opini\u00e3o","\u00daltimas"],"inLanguage":"en-US","potentialAction":[{"@type":"CommentAction","name":"Comment","target":["https:\/\/globalattitude.org.br\/en\/lista-suja-do-trabalho-escravo-ja-acumula-denuncias-a-mais-de-200-empresas-brasileiras\/#respond"]}]},{"@type":"WebPage","@id":"https:\/\/globalattitude.org.br\/en\/lista-suja-do-trabalho-escravo-ja-acumula-denuncias-a-mais-de-200-empresas-brasileiras\/","url":"https:\/\/globalattitude.org.br\/en\/lista-suja-do-trabalho-escravo-ja-acumula-denuncias-a-mais-de-200-empresas-brasileiras\/","name":"Trabalho escravo Lista suja acumula den\u00fancias a mais de 200 empresas","isPartOf":{"@id":"https:\/\/globalattitude.org.br\/en\/#website"},"primaryImageOfPage":{"@id":"https:\/\/globalattitude.org.br\/en\/lista-suja-do-trabalho-escravo-ja-acumula-denuncias-a-mais-de-200-empresas-brasileiras\/#primaryimage"},"image":{"@id":"https:\/\/globalattitude.org.br\/en\/lista-suja-do-trabalho-escravo-ja-acumula-denuncias-a-mais-de-200-empresas-brasileiras\/#primaryimage"},"thumbnailUrl":"https:\/\/globalattitude.org.br\/wp-content\/uploads\/2023\/03\/trabalhoescravo-1200x800.jpg","datePublished":"2019-01-30T20:53:53+00:00","dateModified":"2023-03-10T13:43:13+00:00","description":"Trabalho escravo - Um novo levantamento da Secretaria de Inspe\u00e7\u00e3o do Trabalho, \u00f3rg\u00e3o ligado ao Minist\u00e9rio da Economia, denuncia 202 empresas ... Saiba Mais","breadcrumb":{"@id":"https:\/\/globalattitude.org.br\/en\/lista-suja-do-trabalho-escravo-ja-acumula-denuncias-a-mais-de-200-empresas-brasileiras\/#breadcrumb"},"inLanguage":"en-US","potentialAction":[{"@type":"ReadAction","target":["https:\/\/globalattitude.org.br\/en\/lista-suja-do-trabalho-escravo-ja-acumula-denuncias-a-mais-de-200-empresas-brasileiras\/"]}]},{"@type":"ImageObject","inLanguage":"en-US","@id":"https:\/\/globalattitude.org.br\/en\/lista-suja-do-trabalho-escravo-ja-acumula-denuncias-a-mais-de-200-empresas-brasileiras\/#primaryimage","url":"https:\/\/globalattitude.org.br\/wp-content\/uploads\/2023\/03\/trabalhoescravo-1200x800.jpg","contentUrl":"https:\/\/globalattitude.org.br\/wp-content\/uploads\/2023\/03\/trabalhoescravo-1200x800.jpg","width":1600,"height":1067},{"@type":"BreadcrumbList","@id":"https:\/\/globalattitude.org.br\/en\/lista-suja-do-trabalho-escravo-ja-acumula-denuncias-a-mais-de-200-empresas-brasileiras\/#breadcrumb","itemListElement":[{"@type":"ListItem","position":1,"name":"In\u00edcio","item":"https:\/\/globalattitude.org.br\/en\/"},{"@type":"ListItem","position":2,"name":"Lista suja do trabalho escravo j\u00e1 acumula den\u00fancias a mais de 200 empresas brasileiras"}]},{"@type":"WebSite","@id":"https:\/\/globalattitude.org.br\/en\/#website","url":"https:\/\/globalattitude.org.br\/en\/","name":"Instituto Global Attitude","description":"","publisher":{"@id":"https:\/\/globalattitude.org.br\/en\/#organization"},"potentialAction":[{"@type":"SearchAction","target":{"@type":"EntryPoint","urlTemplate":"https:\/\/globalattitude.org.br\/en\/?s={search_term_string}"},"query-input":{"@type":"PropertyValueSpecification","valueRequired":true,"valueName":"search_term_string"}}],"inLanguage":"en-US"},{"@type":"Organization","@id":"https:\/\/globalattitude.org.br\/en\/#organization","name":"Instituto Global Attitude","url":"https:\/\/globalattitude.org.br\/en\/","logo":{"@type":"ImageObject","inLanguage":"en-US","@id":"https:\/\/globalattitude.org.br\/en\/#\/schema\/logo\/image\/","url":"https:\/\/globalattitude.org.br\/wp-content\/uploads\/2023\/01\/instituto-global-attitude-color.png","contentUrl":"https:\/\/globalattitude.org.br\/wp-content\/uploads\/2023\/01\/instituto-global-attitude-color.png","width":300,"height":131,"caption":"Instituto Global Attitude"},"image":{"@id":"https:\/\/globalattitude.org.br\/en\/#\/schema\/logo\/image\/"},"sameAs":["https:\/\/www.facebook.com\/global.attitude.org\/","https:\/\/x.com\/global_attitude","https:\/\/www.instagram.com\/globalattitude","https:\/\/www.linkedin.com\/company\/global-attitude\/?viewAsMember=true"]},{"@type":"Person","@id":"https:\/\/globalattitude.org.br\/en\/#\/schema\/person\/c0db5efc16133ab28ea2d64fc19667e5","name":"rodrigo","image":{"@type":"ImageObject","inLanguage":"en-US","@id":"https:\/\/secure.gravatar.com\/avatar\/1c1599db13943f3289fb3206e5aaf9560b644e4aaf0b4d3a378ba91202ab9cc4?s=96&d=mm&r=g","url":"https:\/\/secure.gravatar.com\/avatar\/1c1599db13943f3289fb3206e5aaf9560b644e4aaf0b4d3a378ba91202ab9cc4?s=96&d=mm&r=g","contentUrl":"https:\/\/secure.gravatar.com\/avatar\/1c1599db13943f3289fb3206e5aaf9560b644e4aaf0b4d3a378ba91202ab9cc4?s=96&d=mm&r=g","caption":"rodrigo"},"url":"https:\/\/globalattitude.org.br\/en\/author\/rodrigo\/"}]}},"_links":{"self":[{"href":"https:\/\/globalattitude.org.br\/en\/wp-json\/wp\/v2\/posts\/2718","targetHints":{"allow":["GET"]}}],"collection":[{"href":"https:\/\/globalattitude.org.br\/en\/wp-json\/wp\/v2\/posts"}],"about":[{"href":"https:\/\/globalattitude.org.br\/en\/wp-json\/wp\/v2\/types\/post"}],"author":[{"embeddable":true,"href":"https:\/\/globalattitude.org.br\/en\/wp-json\/wp\/v2\/users\/3"}],"replies":[{"embeddable":true,"href":"https:\/\/globalattitude.org.br\/en\/wp-json\/wp\/v2\/comments?post=2718"}],"version-history":[{"count":1,"href":"https:\/\/globalattitude.org.br\/en\/wp-json\/wp\/v2\/posts\/2718\/revisions"}],"predecessor-version":[{"id":2722,"href":"https:\/\/globalattitude.org.br\/en\/wp-json\/wp\/v2\/posts\/2718\/revisions\/2722"}],"wp:featuredmedia":[{"embeddable":true,"href":"https:\/\/globalattitude.org.br\/en\/wp-json\/wp\/v2\/media\/2719"}],"wp:attachment":[{"href":"https:\/\/globalattitude.org.br\/en\/wp-json\/wp\/v2\/media?parent=2718"}],"wp:term":[{"taxonomy":"category","embeddable":true,"href":"https:\/\/globalattitude.org.br\/en\/wp-json\/wp\/v2\/categories?post=2718"},{"taxonomy":"post_tag","embeddable":true,"href":"https:\/\/globalattitude.org.br\/en\/wp-json\/wp\/v2\/tags?post=2718"}],"curies":[{"name":"wp","href":"https:\/\/api.w.org\/{rel}","templated":true}]}}