{"id":2765,"date":"2019-02-25T20:12:30","date_gmt":"2019-02-25T23:12:30","guid":{"rendered":"https:\/\/globalattitude.org.br\/inscricoes-abertas-para-foruns-da-onu-sobre-florestas-e-reducao-de-risco-de-desastres\/"},"modified":"2023-03-10T10:44:01","modified_gmt":"2023-03-10T13:44:01","slug":"inscricoes-abertas-para-foruns-da-onu-sobre-florestas-e-reducao-de-risco-de-desastres","status":"publish","type":"post","link":"https:\/\/globalattitude.org.br\/en\/inscricoes-abertas-para-foruns-da-onu-sobre-florestas-e-reducao-de-risco-de-desastres\/","title":{"rendered":"Inscri\u00e7\u00f5es abertas para f\u00f3runs da ONU sobre florestas e redu\u00e7\u00e3o de risco de desastres"},"content":{"rendered":"<p>A cada ano que passa, se torna mais imprescind\u00edvel discutir pol\u00edticas e solu\u00e7\u00f5es para atingir os Objetivos do Desenvolvimento Sustent\u00e1vel. Durante o m\u00eas de maio acontecem dois f\u00f3runs da ONU sobre florestas e redu\u00e7\u00e3o de riscos de desastres, focados em meio ambiente, e o Diplomacia Civil est\u00e1 com inscri\u00e7\u00f5es abertas para formar as delega\u00e7\u00f5es que participar\u00e3o do <strong>UN Forum on Forests<\/strong>, promovido pelo\u00a0Departamento de Assuntos Econ\u00f4micos e Sociais da ONU (DESA), que acontece de 4 a 10 de maio, e do <strong>Global Platform for Disaster Risk Reduction<\/strong>, do\u00a0Escrit\u00f3rio da ONU para Redu\u00e7\u00e3o do Risco de Desastres (UNISDR), realizado de 11 a 17 de maio.<\/p>\n<p>Para se inscrever, o candidato deve ter entre 18 e 35 anos \u2013 podendo ser estudante, jovem\u00a0profissional ou pesquisador, independente da \u00e1rea de forma\u00e7\u00e3o \u2013 e\u00a0preencher um formul\u00e1rio online<strong>\u00a0<\/strong>de candidatura,\u00a0<strong><a href=\"http:\/\/blog.globalattitude.org.br\/inscricoes\/\">dispon\u00edvel na aba inscri\u00e7\u00f5es<\/a><\/strong>.<\/p>\n<p>As delega\u00e7\u00f5es ter\u00e3o\u00a0a oportunidade de assistir a debates e palestras com l\u00edderes mundiais e organiza\u00e7\u00f5es internacionais, al\u00e9m de contar com uma agenda de reuni\u00f5es exclusiva, organizada pelo programa, e workshops online de capacita\u00e7\u00e3o,\u00a0realizados antes\u00a0do evento.<\/p>\n<p><strong>Conhe\u00e7a os f\u00f3runs<\/strong><br \/>\nO <strong>UN Forum on Forests<\/strong>\u00a0acontece em Nova York, EUA, e re\u00fane representantes dos Estados membro da ONU, organiza\u00e7\u00f5es internacionais e membros com Status Consultivo no ECOSOC para discutir estrat\u00e9gias de implementa\u00e7\u00e3o dos objetivos focados na preserva\u00e7\u00e3o de florestas no mundo, por meio da coopera\u00e7\u00e3o financeira e tecnol\u00f3gica internacional.<\/p>\n<p>Criado no ano 2000, o\u00a0objetivo principal do evento \u00e9 promover a gest\u00e3o, conserva\u00e7\u00e3o e desenvolvimento sustent\u00e1vel de todos os tipos de florestas, promovendo o di\u00e1logo para melhorar a coopera\u00e7\u00e3o e coordena\u00e7\u00e3o em quest\u00f5es florestais e fornecendo, ainda, um panorama florestal que abrange aspectos econ\u00f4micos, sociais e ambientais.<\/p>\n<p><a href=\"http:\/\/globalattitude.org.br\/wp-content\/uploads\/2023\/03\/630442Tree_Planting.jpg\"><img fetchpriority=\"high\" decoding=\"async\" class=\"aligncenter wp-image-4605\" src=\"http:\/\/globalattitude.org.br\/wp-content\/uploads\/2023\/03\/630442Tree_Planting-300x200.jpg\" alt=\"f\u00f3runs da ONU sobre florestas\" width=\"600\" height=\"400\" \/><\/a><\/p>\n<p>J\u00e1 o <strong>Global Platform for Disaster Risk Reduction<\/strong> \u00e9 o principal f\u00f3rum mundial voltado \u00e0 discuss\u00e3o de medidas de preven\u00e7\u00e3o e redu\u00e7\u00e3o de risco de desastres e os progressos na implementa\u00e7\u00e3o do Sendai Framework for Disaster Risk Reduction. O evento \u00e9 bianual e nele s\u00e3o abordados temas como estrat\u00e9gias de resgate, recupera\u00e7\u00e3o e reconstru\u00e7\u00e3o ambiental, investimentos em redu\u00e7\u00e3o de risco de desastres e mudan\u00e7as clim\u00e1ticas, al\u00e9m de discutir solu\u00e7\u00f5es que atinjam os objetivos da Agenda 2030 voltados a este assunto.<\/p>\n<p>J\u00e1 em sua sexta sess\u00e3o, o f\u00f3rum deste ano acontece em Genebra, Su\u00ed\u00e7a, e foca no tema &#8220;Dividendo de resili\u00eancia: rumo a sociedades sustent\u00e1veis e inclusivas&#8221;, debatendo sobre o gerenciamento de riscos e o investimento em seu desenvolvimento.<\/p>\n<p><a href=\"http:\/\/globalattitude.org.br\/wp-content\/uploads\/2023\/03\/repairing_a_damaged_bridge_in_lao_pdr_c_stockholm_environment_institute_asia.jpg\"><img decoding=\"async\" class=\"aligncenter wp-image-4606\" src=\"http:\/\/globalattitude.org.br\/wp-content\/uploads\/2023\/03\/repairing_a_damaged_bridge_in_lao_pdr_c_stockholm_environment_institute_asia-300x200.jpg\" alt=\"f\u00f3runs da ONU sobre florestas\" width=\"600\" height=\"400\" \/><\/a><\/p>\n<p class=\"p1\"><strong>Como participar<br \/>\n<\/strong>Interessados devem se inscrever em um dos eventos\u00a0<strong>at\u00e9 o dia 17 de mar\u00e7o<\/strong>, \u00e0s 23h59 (hor\u00e1rio de Bras\u00edlia), preenchendo o formul\u00e1rio eletr\u00f4nico e anexando curr\u00edculo.\u00a0O crit\u00e9rio de sele\u00e7\u00e3o leva em conta tanto o desempenho acad\u00eamico do candidato como o interesse pela tem\u00e1tica abordada nos eventos, al\u00e9m da proposta de artigo (desenvolvido durante a prepara\u00e7\u00e3o para a viagem).<\/p>\n<p><strong>O programa \u00e9 pago<\/strong>\u00a0e inclui o credenciamento no evento, passagens a\u00e9reas de ida e volta, traslado aeroporto-hotel, acomoda\u00e7\u00e3o em hotel, seguro sa\u00fade, assist\u00eancia na emiss\u00e3o de visto, workshops de capacita\u00e7\u00e3o, supervis\u00e3o e orienta\u00e7\u00e3o para reda\u00e7\u00e3o do artigo de pesquisa, cart\u00e3o de visita personalizado, certificado de participa\u00e7\u00e3o e acompanhamento de um coordenador do Diplomacia Civil.<\/p>\n<p>N\u00e3o deixe para a \u00faltima hora e inscreva-se agora!<\/p>\n<p>Para mais informa\u00e7\u00f5es, acesse a nossa p\u00e1gina de\u00a0<a href=\"http:\/\/blog.globalattitude.org.br\/services-1\/\" target=\"_blank\" rel=\"noopener noreferrer\">perguntas frequentes<\/a>.<\/p>\n","protected":false},"excerpt":{"rendered":"<p>A cada ano que passa, se torna mais imprescind\u00edvel discutir pol\u00edticas e solu\u00e7\u00f5es para atingir os Objetivos do Desenvolvimento Sustent\u00e1vel. Durante o m\u00eas de maio acontecem dois f\u00f3runs da ONU sobre florestas e redu\u00e7\u00e3o de riscos de desastres, focados em meio ambiente, e o Diplomacia Civil est\u00e1 com inscri\u00e7\u00f5es abertas para formar as delega\u00e7\u00f5es que [&hellip;]<\/p>\n","protected":false},"author":3,"featured_media":2766,"comment_status":"open","ping_status":"open","sticky":false,"template":"","format":"standard","meta":{"_acf_changed":false,"om_disable_all_campaigns":false,"_monsterinsights_skip_tracking":false,"_monsterinsights_sitenote_active":false,"_monsterinsights_sitenote_note":"","_monsterinsights_sitenote_category":0,"_uf_show_specific_survey":0,"_uf_disable_surveys":false,"footnotes":""},"categories":[22,34],"tags":[],"class_list":["post-2765","post","type-post","status-publish","format-standard","hentry","category-programas","category-ultimas"],"acf":[],"aioseo_notices":[],"yoast_head":"<!-- This site is optimized with the Yoast SEO plugin v27.5 - https:\/\/yoast.com\/product\/yoast-seo-wordpress\/ -->\n<title>F\u00f3runs da ONU sobre florestas e Redu\u00e7\u00e3o de Riscos de Desastre<\/title>\n<meta name=\"description\" content=\"F\u00f3runs da ONU sobre florestas - A cada ano que passa, se torna mais imprescind\u00edvel discutir pol\u00edticas e solu\u00e7\u00f5es para atingir ... Saiba Mais\" \/>\n<meta name=\"robots\" content=\"index, follow, max-snippet:-1, max-image-preview:large, max-video-preview:-1\" \/>\n<link rel=\"canonical\" href=\"https:\/\/globalattitude.org.br\/en\/inscricoes-abertas-para-foruns-da-onu-sobre-florestas-e-reducao-de-risco-de-desastres\/\" \/>\n<meta property=\"og:locale\" content=\"en_US\" \/>\n<meta property=\"og:type\" content=\"article\" \/>\n<meta property=\"og:title\" content=\"F\u00f3runs da ONU sobre florestas e Redu\u00e7\u00e3o de Riscos de Desastre\" \/>\n<meta property=\"og:description\" content=\"F\u00f3runs da ONU sobre florestas - A cada ano que passa, se torna mais imprescind\u00edvel discutir pol\u00edticas e solu\u00e7\u00f5es para atingir ... Saiba Mais\" \/>\n<meta property=\"og:url\" content=\"https:\/\/globalattitude.org.br\/en\/inscricoes-abertas-para-foruns-da-onu-sobre-florestas-e-reducao-de-risco-de-desastres\/\" \/>\n<meta property=\"og:site_name\" content=\"Instituto Global Attitude\" \/>\n<meta property=\"article:publisher\" content=\"https:\/\/www.facebook.com\/global.attitude.org\/\" \/>\n<meta property=\"article:published_time\" content=\"2019-02-25T23:12:30+00:00\" \/>\n<meta property=\"article:modified_time\" content=\"2023-03-10T13:44:01+00:00\" \/>\n<meta property=\"og:image\" content=\"https:\/\/globalattitude.org.br\/wp-content\/uploads\/2023\/03\/630442Tree_Planting.jpg\" \/>\n\t<meta property=\"og:image:width\" content=\"1024\" \/>\n\t<meta property=\"og:image:height\" content=\"683\" \/>\n\t<meta property=\"og:image:type\" content=\"image\/jpeg\" \/>\n<meta name=\"author\" content=\"rodrigo\" \/>\n<meta name=\"twitter:card\" content=\"summary_large_image\" \/>\n<meta name=\"twitter:creator\" content=\"@global_attitude\" \/>\n<meta name=\"twitter:site\" content=\"@global_attitude\" \/>\n<meta name=\"twitter:label1\" content=\"Written by\" \/>\n\t<meta name=\"twitter:data1\" content=\"rodrigo\" \/>\n\t<meta name=\"twitter:label2\" content=\"Est. reading time\" \/>\n\t<meta name=\"twitter:data2\" content=\"3 minutes\" \/>\n<script type=\"application\/ld+json\" class=\"yoast-schema-graph\">{\"@context\":\"https:\\\/\\\/schema.org\",\"@graph\":[{\"@type\":[\"Article\",\"BlogPosting\"],\"@id\":\"https:\\\/\\\/globalattitude.org.br\\\/en\\\/inscricoes-abertas-para-foruns-da-onu-sobre-florestas-e-reducao-de-risco-de-desastres\\\/#article\",\"isPartOf\":{\"@id\":\"https:\\\/\\\/globalattitude.org.br\\\/en\\\/inscricoes-abertas-para-foruns-da-onu-sobre-florestas-e-reducao-de-risco-de-desastres\\\/\"},\"author\":{\"name\":\"rodrigo\",\"@id\":\"https:\\\/\\\/globalattitude.org.br\\\/en\\\/#\\\/schema\\\/person\\\/c0db5efc16133ab28ea2d64fc19667e5\"},\"headline\":\"Inscri\u00e7\u00f5es abertas para f\u00f3runs da ONU sobre florestas e redu\u00e7\u00e3o de risco de desastres\",\"datePublished\":\"2019-02-25T23:12:30+00:00\",\"dateModified\":\"2023-03-10T13:44:01+00:00\",\"mainEntityOfPage\":{\"@id\":\"https:\\\/\\\/globalattitude.org.br\\\/en\\\/inscricoes-abertas-para-foruns-da-onu-sobre-florestas-e-reducao-de-risco-de-desastres\\\/\"},\"wordCount\":621,\"commentCount\":0,\"publisher\":{\"@id\":\"https:\\\/\\\/globalattitude.org.br\\\/en\\\/#organization\"},\"image\":{\"@id\":\"https:\\\/\\\/globalattitude.org.br\\\/en\\\/inscricoes-abertas-para-foruns-da-onu-sobre-florestas-e-reducao-de-risco-de-desastres\\\/#primaryimage\"},\"thumbnailUrl\":\"https:\\\/\\\/globalattitude.org.br\\\/wp-content\\\/uploads\\\/2023\\\/03\\\/630442Tree_Planting.jpg\",\"articleSection\":[\"Programas\",\"\u00daltimas\"],\"inLanguage\":\"en-US\",\"potentialAction\":[{\"@type\":\"CommentAction\",\"name\":\"Comment\",\"target\":[\"https:\\\/\\\/globalattitude.org.br\\\/en\\\/inscricoes-abertas-para-foruns-da-onu-sobre-florestas-e-reducao-de-risco-de-desastres\\\/#respond\"]}]},{\"@type\":\"WebPage\",\"@id\":\"https:\\\/\\\/globalattitude.org.br\\\/en\\\/inscricoes-abertas-para-foruns-da-onu-sobre-florestas-e-reducao-de-risco-de-desastres\\\/\",\"url\":\"https:\\\/\\\/globalattitude.org.br\\\/en\\\/inscricoes-abertas-para-foruns-da-onu-sobre-florestas-e-reducao-de-risco-de-desastres\\\/\",\"name\":\"F\u00f3runs da ONU sobre florestas e Redu\u00e7\u00e3o de Riscos de Desastre\",\"isPartOf\":{\"@id\":\"https:\\\/\\\/globalattitude.org.br\\\/en\\\/#website\"},\"primaryImageOfPage\":{\"@id\":\"https:\\\/\\\/globalattitude.org.br\\\/en\\\/inscricoes-abertas-para-foruns-da-onu-sobre-florestas-e-reducao-de-risco-de-desastres\\\/#primaryimage\"},\"image\":{\"@id\":\"https:\\\/\\\/globalattitude.org.br\\\/en\\\/inscricoes-abertas-para-foruns-da-onu-sobre-florestas-e-reducao-de-risco-de-desastres\\\/#primaryimage\"},\"thumbnailUrl\":\"https:\\\/\\\/globalattitude.org.br\\\/wp-content\\\/uploads\\\/2023\\\/03\\\/630442Tree_Planting.jpg\",\"datePublished\":\"2019-02-25T23:12:30+00:00\",\"dateModified\":\"2023-03-10T13:44:01+00:00\",\"description\":\"F\u00f3runs da ONU sobre florestas - A cada ano que passa, se torna mais imprescind\u00edvel discutir pol\u00edticas e solu\u00e7\u00f5es para atingir ... Saiba Mais\",\"breadcrumb\":{\"@id\":\"https:\\\/\\\/globalattitude.org.br\\\/en\\\/inscricoes-abertas-para-foruns-da-onu-sobre-florestas-e-reducao-de-risco-de-desastres\\\/#breadcrumb\"},\"inLanguage\":\"en-US\",\"potentialAction\":[{\"@type\":\"ReadAction\",\"target\":[\"https:\\\/\\\/globalattitude.org.br\\\/en\\\/inscricoes-abertas-para-foruns-da-onu-sobre-florestas-e-reducao-de-risco-de-desastres\\\/\"]}]},{\"@type\":\"ImageObject\",\"inLanguage\":\"en-US\",\"@id\":\"https:\\\/\\\/globalattitude.org.br\\\/en\\\/inscricoes-abertas-para-foruns-da-onu-sobre-florestas-e-reducao-de-risco-de-desastres\\\/#primaryimage\",\"url\":\"https:\\\/\\\/globalattitude.org.br\\\/wp-content\\\/uploads\\\/2023\\\/03\\\/630442Tree_Planting.jpg\",\"contentUrl\":\"https:\\\/\\\/globalattitude.org.br\\\/wp-content\\\/uploads\\\/2023\\\/03\\\/630442Tree_Planting.jpg\",\"width\":1024,\"height\":683},{\"@type\":\"BreadcrumbList\",\"@id\":\"https:\\\/\\\/globalattitude.org.br\\\/en\\\/inscricoes-abertas-para-foruns-da-onu-sobre-florestas-e-reducao-de-risco-de-desastres\\\/#breadcrumb\",\"itemListElement\":[{\"@type\":\"ListItem\",\"position\":1,\"name\":\"In\u00edcio\",\"item\":\"https:\\\/\\\/globalattitude.org.br\\\/en\\\/\"},{\"@type\":\"ListItem\",\"position\":2,\"name\":\"Inscri\u00e7\u00f5es abertas para f\u00f3runs da ONU sobre florestas e redu\u00e7\u00e3o de risco de desastres\"}]},{\"@type\":\"WebSite\",\"@id\":\"https:\\\/\\\/globalattitude.org.br\\\/en\\\/#website\",\"url\":\"https:\\\/\\\/globalattitude.org.br\\\/en\\\/\",\"name\":\"Instituto Global Attitude\",\"description\":\"\",\"publisher\":{\"@id\":\"https:\\\/\\\/globalattitude.org.br\\\/en\\\/#organization\"},\"potentialAction\":[{\"@type\":\"SearchAction\",\"target\":{\"@type\":\"EntryPoint\",\"urlTemplate\":\"https:\\\/\\\/globalattitude.org.br\\\/en\\\/?s={search_term_string}\"},\"query-input\":{\"@type\":\"PropertyValueSpecification\",\"valueRequired\":true,\"valueName\":\"search_term_string\"}}],\"inLanguage\":\"en-US\"},{\"@type\":\"Organization\",\"@id\":\"https:\\\/\\\/globalattitude.org.br\\\/en\\\/#organization\",\"name\":\"Instituto Global Attitude\",\"url\":\"https:\\\/\\\/globalattitude.org.br\\\/en\\\/\",\"logo\":{\"@type\":\"ImageObject\",\"inLanguage\":\"en-US\",\"@id\":\"https:\\\/\\\/globalattitude.org.br\\\/en\\\/#\\\/schema\\\/logo\\\/image\\\/\",\"url\":\"https:\\\/\\\/globalattitude.org.br\\\/wp-content\\\/uploads\\\/2023\\\/01\\\/instituto-global-attitude-color.png\",\"contentUrl\":\"https:\\\/\\\/globalattitude.org.br\\\/wp-content\\\/uploads\\\/2023\\\/01\\\/instituto-global-attitude-color.png\",\"width\":300,\"height\":131,\"caption\":\"Instituto Global Attitude\"},\"image\":{\"@id\":\"https:\\\/\\\/globalattitude.org.br\\\/en\\\/#\\\/schema\\\/logo\\\/image\\\/\"},\"sameAs\":[\"https:\\\/\\\/www.facebook.com\\\/global.attitude.org\\\/\",\"https:\\\/\\\/x.com\\\/global_attitude\",\"https:\\\/\\\/www.instagram.com\\\/globalattitude\",\"https:\\\/\\\/www.linkedin.com\\\/company\\\/global-attitude\\\/?viewAsMember=true\"]},{\"@type\":\"Person\",\"@id\":\"https:\\\/\\\/globalattitude.org.br\\\/en\\\/#\\\/schema\\\/person\\\/c0db5efc16133ab28ea2d64fc19667e5\",\"name\":\"rodrigo\",\"image\":{\"@type\":\"ImageObject\",\"inLanguage\":\"en-US\",\"@id\":\"https:\\\/\\\/secure.gravatar.com\\\/avatar\\\/1c1599db13943f3289fb3206e5aaf9560b644e4aaf0b4d3a378ba91202ab9cc4?s=96&d=mm&r=g\",\"url\":\"https:\\\/\\\/secure.gravatar.com\\\/avatar\\\/1c1599db13943f3289fb3206e5aaf9560b644e4aaf0b4d3a378ba91202ab9cc4?s=96&d=mm&r=g\",\"contentUrl\":\"https:\\\/\\\/secure.gravatar.com\\\/avatar\\\/1c1599db13943f3289fb3206e5aaf9560b644e4aaf0b4d3a378ba91202ab9cc4?s=96&d=mm&r=g\",\"caption\":\"rodrigo\"},\"url\":\"https:\\\/\\\/globalattitude.org.br\\\/en\\\/author\\\/rodrigo\\\/\"}]}<\/script>\n<!-- \/ Yoast SEO plugin. -->","yoast_head_json":{"title":"F\u00f3runs da ONU sobre florestas e Redu\u00e7\u00e3o de Riscos de Desastre","description":"F\u00f3runs da ONU sobre florestas - A cada ano que passa, se torna mais imprescind\u00edvel discutir pol\u00edticas e solu\u00e7\u00f5es para atingir ... Saiba Mais","robots":{"index":"index","follow":"follow","max-snippet":"max-snippet:-1","max-image-preview":"max-image-preview:large","max-video-preview":"max-video-preview:-1"},"canonical":"https:\/\/globalattitude.org.br\/en\/inscricoes-abertas-para-foruns-da-onu-sobre-florestas-e-reducao-de-risco-de-desastres\/","og_locale":"en_US","og_type":"article","og_title":"F\u00f3runs da ONU sobre florestas e Redu\u00e7\u00e3o de Riscos de Desastre","og_description":"F\u00f3runs da ONU sobre florestas - A cada ano que passa, se torna mais imprescind\u00edvel discutir pol\u00edticas e solu\u00e7\u00f5es para atingir ... Saiba Mais","og_url":"https:\/\/globalattitude.org.br\/en\/inscricoes-abertas-para-foruns-da-onu-sobre-florestas-e-reducao-de-risco-de-desastres\/","og_site_name":"Instituto Global Attitude","article_publisher":"https:\/\/www.facebook.com\/global.attitude.org\/","article_published_time":"2019-02-25T23:12:30+00:00","article_modified_time":"2023-03-10T13:44:01+00:00","og_image":[{"width":1024,"height":683,"url":"https:\/\/globalattitude.org.br\/wp-content\/uploads\/2023\/03\/630442Tree_Planting.jpg","type":"image\/jpeg"}],"author":"rodrigo","twitter_card":"summary_large_image","twitter_creator":"@global_attitude","twitter_site":"@global_attitude","twitter_misc":{"Written by":"rodrigo","Est. reading time":"3 minutes"},"schema":{"@context":"https:\/\/schema.org","@graph":[{"@type":["Article","BlogPosting"],"@id":"https:\/\/globalattitude.org.br\/en\/inscricoes-abertas-para-foruns-da-onu-sobre-florestas-e-reducao-de-risco-de-desastres\/#article","isPartOf":{"@id":"https:\/\/globalattitude.org.br\/en\/inscricoes-abertas-para-foruns-da-onu-sobre-florestas-e-reducao-de-risco-de-desastres\/"},"author":{"name":"rodrigo","@id":"https:\/\/globalattitude.org.br\/en\/#\/schema\/person\/c0db5efc16133ab28ea2d64fc19667e5"},"headline":"Inscri\u00e7\u00f5es abertas para f\u00f3runs da ONU sobre florestas e redu\u00e7\u00e3o de risco de desastres","datePublished":"2019-02-25T23:12:30+00:00","dateModified":"2023-03-10T13:44:01+00:00","mainEntityOfPage":{"@id":"https:\/\/globalattitude.org.br\/en\/inscricoes-abertas-para-foruns-da-onu-sobre-florestas-e-reducao-de-risco-de-desastres\/"},"wordCount":621,"commentCount":0,"publisher":{"@id":"https:\/\/globalattitude.org.br\/en\/#organization"},"image":{"@id":"https:\/\/globalattitude.org.br\/en\/inscricoes-abertas-para-foruns-da-onu-sobre-florestas-e-reducao-de-risco-de-desastres\/#primaryimage"},"thumbnailUrl":"https:\/\/globalattitude.org.br\/wp-content\/uploads\/2023\/03\/630442Tree_Planting.jpg","articleSection":["Programas","\u00daltimas"],"inLanguage":"en-US","potentialAction":[{"@type":"CommentAction","name":"Comment","target":["https:\/\/globalattitude.org.br\/en\/inscricoes-abertas-para-foruns-da-onu-sobre-florestas-e-reducao-de-risco-de-desastres\/#respond"]}]},{"@type":"WebPage","@id":"https:\/\/globalattitude.org.br\/en\/inscricoes-abertas-para-foruns-da-onu-sobre-florestas-e-reducao-de-risco-de-desastres\/","url":"https:\/\/globalattitude.org.br\/en\/inscricoes-abertas-para-foruns-da-onu-sobre-florestas-e-reducao-de-risco-de-desastres\/","name":"F\u00f3runs da ONU sobre florestas e Redu\u00e7\u00e3o de Riscos de Desastre","isPartOf":{"@id":"https:\/\/globalattitude.org.br\/en\/#website"},"primaryImageOfPage":{"@id":"https:\/\/globalattitude.org.br\/en\/inscricoes-abertas-para-foruns-da-onu-sobre-florestas-e-reducao-de-risco-de-desastres\/#primaryimage"},"image":{"@id":"https:\/\/globalattitude.org.br\/en\/inscricoes-abertas-para-foruns-da-onu-sobre-florestas-e-reducao-de-risco-de-desastres\/#primaryimage"},"thumbnailUrl":"https:\/\/globalattitude.org.br\/wp-content\/uploads\/2023\/03\/630442Tree_Planting.jpg","datePublished":"2019-02-25T23:12:30+00:00","dateModified":"2023-03-10T13:44:01+00:00","description":"F\u00f3runs da ONU sobre florestas - A cada ano que passa, se torna mais imprescind\u00edvel discutir pol\u00edticas e solu\u00e7\u00f5es para atingir ... Saiba Mais","breadcrumb":{"@id":"https:\/\/globalattitude.org.br\/en\/inscricoes-abertas-para-foruns-da-onu-sobre-florestas-e-reducao-de-risco-de-desastres\/#breadcrumb"},"inLanguage":"en-US","potentialAction":[{"@type":"ReadAction","target":["https:\/\/globalattitude.org.br\/en\/inscricoes-abertas-para-foruns-da-onu-sobre-florestas-e-reducao-de-risco-de-desastres\/"]}]},{"@type":"ImageObject","inLanguage":"en-US","@id":"https:\/\/globalattitude.org.br\/en\/inscricoes-abertas-para-foruns-da-onu-sobre-florestas-e-reducao-de-risco-de-desastres\/#primaryimage","url":"https:\/\/globalattitude.org.br\/wp-content\/uploads\/2023\/03\/630442Tree_Planting.jpg","contentUrl":"https:\/\/globalattitude.org.br\/wp-content\/uploads\/2023\/03\/630442Tree_Planting.jpg","width":1024,"height":683},{"@type":"BreadcrumbList","@id":"https:\/\/globalattitude.org.br\/en\/inscricoes-abertas-para-foruns-da-onu-sobre-florestas-e-reducao-de-risco-de-desastres\/#breadcrumb","itemListElement":[{"@type":"ListItem","position":1,"name":"In\u00edcio","item":"https:\/\/globalattitude.org.br\/en\/"},{"@type":"ListItem","position":2,"name":"Inscri\u00e7\u00f5es abertas para f\u00f3runs da ONU sobre florestas e redu\u00e7\u00e3o de risco de desastres"}]},{"@type":"WebSite","@id":"https:\/\/globalattitude.org.br\/en\/#website","url":"https:\/\/globalattitude.org.br\/en\/","name":"Instituto Global Attitude","description":"","publisher":{"@id":"https:\/\/globalattitude.org.br\/en\/#organization"},"potentialAction":[{"@type":"SearchAction","target":{"@type":"EntryPoint","urlTemplate":"https:\/\/globalattitude.org.br\/en\/?s={search_term_string}"},"query-input":{"@type":"PropertyValueSpecification","valueRequired":true,"valueName":"search_term_string"}}],"inLanguage":"en-US"},{"@type":"Organization","@id":"https:\/\/globalattitude.org.br\/en\/#organization","name":"Instituto Global Attitude","url":"https:\/\/globalattitude.org.br\/en\/","logo":{"@type":"ImageObject","inLanguage":"en-US","@id":"https:\/\/globalattitude.org.br\/en\/#\/schema\/logo\/image\/","url":"https:\/\/globalattitude.org.br\/wp-content\/uploads\/2023\/01\/instituto-global-attitude-color.png","contentUrl":"https:\/\/globalattitude.org.br\/wp-content\/uploads\/2023\/01\/instituto-global-attitude-color.png","width":300,"height":131,"caption":"Instituto Global Attitude"},"image":{"@id":"https:\/\/globalattitude.org.br\/en\/#\/schema\/logo\/image\/"},"sameAs":["https:\/\/www.facebook.com\/global.attitude.org\/","https:\/\/x.com\/global_attitude","https:\/\/www.instagram.com\/globalattitude","https:\/\/www.linkedin.com\/company\/global-attitude\/?viewAsMember=true"]},{"@type":"Person","@id":"https:\/\/globalattitude.org.br\/en\/#\/schema\/person\/c0db5efc16133ab28ea2d64fc19667e5","name":"rodrigo","image":{"@type":"ImageObject","inLanguage":"en-US","@id":"https:\/\/secure.gravatar.com\/avatar\/1c1599db13943f3289fb3206e5aaf9560b644e4aaf0b4d3a378ba91202ab9cc4?s=96&d=mm&r=g","url":"https:\/\/secure.gravatar.com\/avatar\/1c1599db13943f3289fb3206e5aaf9560b644e4aaf0b4d3a378ba91202ab9cc4?s=96&d=mm&r=g","contentUrl":"https:\/\/secure.gravatar.com\/avatar\/1c1599db13943f3289fb3206e5aaf9560b644e4aaf0b4d3a378ba91202ab9cc4?s=96&d=mm&r=g","caption":"rodrigo"},"url":"https:\/\/globalattitude.org.br\/en\/author\/rodrigo\/"}]}},"_links":{"self":[{"href":"https:\/\/globalattitude.org.br\/en\/wp-json\/wp\/v2\/posts\/2765","targetHints":{"allow":["GET"]}}],"collection":[{"href":"https:\/\/globalattitude.org.br\/en\/wp-json\/wp\/v2\/posts"}],"about":[{"href":"https:\/\/globalattitude.org.br\/en\/wp-json\/wp\/v2\/types\/post"}],"author":[{"embeddable":true,"href":"https:\/\/globalattitude.org.br\/en\/wp-json\/wp\/v2\/users\/3"}],"replies":[{"embeddable":true,"href":"https:\/\/globalattitude.org.br\/en\/wp-json\/wp\/v2\/comments?post=2765"}],"version-history":[{"count":1,"href":"https:\/\/globalattitude.org.br\/en\/wp-json\/wp\/v2\/posts\/2765\/revisions"}],"predecessor-version":[{"id":2768,"href":"https:\/\/globalattitude.org.br\/en\/wp-json\/wp\/v2\/posts\/2765\/revisions\/2768"}],"wp:featuredmedia":[{"embeddable":true,"href":"https:\/\/globalattitude.org.br\/en\/wp-json\/wp\/v2\/media\/2766"}],"wp:attachment":[{"href":"https:\/\/globalattitude.org.br\/en\/wp-json\/wp\/v2\/media?parent=2765"}],"wp:term":[{"taxonomy":"category","embeddable":true,"href":"https:\/\/globalattitude.org.br\/en\/wp-json\/wp\/v2\/categories?post=2765"},{"taxonomy":"post_tag","embeddable":true,"href":"https:\/\/globalattitude.org.br\/en\/wp-json\/wp\/v2\/tags?post=2765"}],"curies":[{"name":"wp","href":"https:\/\/api.w.org\/{rel}","templated":true}]}}