{"id":2773,"date":"2019-03-08T17:57:20","date_gmt":"2019-03-08T20:57:20","guid":{"rendered":"https:\/\/globalattitude.org.br\/reivindicacoes-de-operarias-que-deram-origem-ao-dia-da-mulher-sao-pauta-ate-os-dias-atuais\/"},"modified":"2023-03-10T10:44:21","modified_gmt":"2023-03-10T13:44:21","slug":"reivindicacoes-de-operarias-que-deram-origem-ao-dia-da-mulher-sao-pauta-ate-os-dias-atuais","status":"publish","type":"post","link":"https:\/\/globalattitude.org.br\/en\/reivindicacoes-de-operarias-que-deram-origem-ao-dia-da-mulher-sao-pauta-ate-os-dias-atuais\/","title":{"rendered":"Reivindica\u00e7\u00f5es de oper\u00e1rias que deram origem ao Dia da Mulher s\u00e3o pauta at\u00e9 os dias atuais"},"content":{"rendered":"<p>O Dia Internacional da Mulher nos dias atuais \u00e9 marcado por protestos e reivindica\u00e7\u00f5es pelos direitos da mulher e da igualdade de g\u00eanero, atividade que se aproxima das mesmas lutas que deram origem \u00e0 data comemorativa. Dentro do movimento socialista, mulheres que trabalhavam em f\u00e1bricas\u00a0nos Estados Unidos e Europa come\u00e7aram uma campanha por melhores condi\u00e7\u00f5es de trabalho, que se comparadas \u00e0s dos homens eram ainda piores na \u00e9poca.<\/p>\n<p>Ainda que muitos associem a data de celebra\u00e7\u00e3o ao inc\u00eandio em uma f\u00e1brica de Nova York, em 25 de mar\u00e7o de 1911, que resultou na morte de 123 mulheres e trouxe \u00e0 tona as m\u00e1s condi\u00e7\u00f5es enfrentadas pelas trabalhadoras, registros mais antigos mostram a reivindica\u00e7\u00e3o feminina para que houvesse um espa\u00e7o dedicado \u00e0s suas causas no movimento de trabalhadores.<\/p>\n<p><a href=\"http:\/\/globalattitude.org.br\/wp-content\/uploads\/2023\/03\/image.jpg\"><img fetchpriority=\"high\" decoding=\"async\" class=\"aligncenter wp-image-4622\" src=\"http:\/\/globalattitude.org.br\/wp-content\/uploads\/2023\/03\/image-300x251.jpg\" alt=\"\" width=\"600\" height=\"503\" \/><\/a><\/p>\n<p>Ainda em 26 de fevereiro de 1909, em Nova York, ocorreu a grande passeata das mulheres. Em 1917, houve um marco ainda mais forte, quando um grupo de oper\u00e1rias\u00a0manifestou-se nas ruas contra a fome e a Primeira Guerra Mundial &#8211; ato que daria o pontap\u00e9 na conhecida Revolu\u00e7\u00e3o Russa. O protesto aconteceu em 23 de fevereiro segundo o calend\u00e1rio russo da \u00e9poca, o que significaria 8 de mar\u00e7o no calend\u00e1rio adotado pelo Ocidente.<\/p>\n<p>A data foi, ent\u00e3o, oficializada pelos sovi\u00e9ticos ap\u00f3s a revolu\u00e7\u00e3o bolchevique, celebrando a mulher her\u00f3ica e trabalhadora. A partir da\u00ed, o 8 de mar\u00e7o se tornou data importante nas manifesta\u00e7\u00f5es femininas de todo o mundo, sendo oficializado como Dia Internacional da Mulher apenas em 1975, quando a ONU estabeleceu o Ano Internacional da Mulher como forma de lembrar suas conquistas pol\u00edticas e sociais.<\/p>\n<p>No s\u00e9culo XX as mulheres reivindicavam melhores condi\u00e7\u00f5es de trabalho, que pelo menos se assemelhassem \u00e0 dos homens, e mais respeito. Mais de cem anos depois,\u00a0a data ainda levanta a quest\u00e3o de que muitos problemas persistem, com conquistas\u00a0insuficientes.<\/p>\n<p><a href=\"http:\/\/globalattitude.org.br\/wp-content\/uploads\/2023\/03\/Interesting-Photos-of-Women-Workers-in-England-During-World-War-I-1914-1918-1.jpg\"><img decoding=\"async\" class=\"aligncenter wp-image-4623\" src=\"http:\/\/globalattitude.org.br\/wp-content\/uploads\/2023\/03\/Interesting-Photos-of-Women-Workers-in-England-During-World-War-I-1914-1918-1-300x200.jpg\" alt=\"Dia da Mulher\" width=\"600\" height=\"400\" \/><\/a><\/p>\n<p>Ainda que seja comemorado no mundo inteiro, o 8 de mar\u00e7o ganhou um aspecto de comercializa\u00e7\u00e3o. Considerado feriado nacional na R\u00fassia, por exemplo, este \u00e9 o dia quando as vendas nas floriculturas mais se multiplicam. J\u00e1 na China, metade do dia \u00e9\u00a0tomado como folga para mulheres, apesar de nem todas as empresas implementarem\u00a0a sugest\u00e3o do governo.<\/p>\n<p>Em muitos pa\u00edses, por\u00e9m, esta \u00e9 uma data de luta. Nos Estados Unidos, todo o m\u00eas de mar\u00e7o \u00e9 dedicado a diversas marchas das mulheres e no Brasil muitas de suas cidades s\u00e3o marcadas por protestos, pedindo igualdade salarial, respeito, fim da viol\u00eancia contra a mulher e contra a criminaliza\u00e7\u00e3o do aborto.<\/p>\n<p>As manifesta\u00e7\u00f5es deste ano no Brasil tamb\u00e9m\u00a0alertam para os altos n\u00fameros de feminic\u00eddio nos primeiros dois meses de 2019. Segundo a Comiss\u00e3o Interamericana de Direitos Humanos (CIDH), mais de 126 mulheres foram mortas por conta de seu g\u00eanero no pa\u00eds, al\u00e9m de outras 70 tentativas de homic\u00eddio. Isso equivaleria a 2,17 assassinatos por dia, nos meses de janeiro e fevereiro, dos quais a maioria das v\u00edtimas s\u00e3o mulheres negras.<\/p>\n<p><a href=\"http:\/\/globalattitude.org.br\/wp-content\/uploads\/2023\/03\/00505C871000044C-3483800-image-a-59_1457524960348.jpg\"><img decoding=\"async\" class=\"aligncenter wp-image-4621\" src=\"http:\/\/globalattitude.org.br\/wp-content\/uploads\/2023\/03\/00505C871000044C-3483800-image-a-59_1457524960348-253x300.jpg\" alt=\"Dia da Mulher\" width=\"500\" height=\"594\" \/><\/a><\/p>\n<p>Ainda\u00a0de acordo com a CIDH, o Brasil concentrou 40% dos feminic\u00eddios na Am\u00e9rica Latina no ano de 2017, declarando em nota que &#8220;a impunidade que caracteriza os assassinatos de mulheres em raz\u00e3o de seu g\u00eanero transmite a mensagem de que essa viol\u00eancia \u00e9 tolerada&#8221;.<\/p>\n<p>Com isso, percebe-se que os mais de cem anos de reivindica\u00e7\u00f5es se tornaram, de alguma forma,\u00a0poucos para\u00a0ver\u00a0resultados concretos, mas \u00e9 importante destacar que, a cada ano, mais se discutem e escancaram-se problemas antes tidos com pouca visibilidade ou relev\u00e2ncia.<\/p>\n<p><strong>Delegadas na ONU<\/strong><br \/>\nNesta segunda-feira (11), a delega\u00e7\u00e3o do Diplomacia Civil para o Commission on the Status of Women, da ONU Mulheres, composta por 14 mulheres, <a href=\"http:\/\/blog.globalattitude.org.br\/delegacao-apresentara-painel-sobre-condicoes-da-mulher-brasileira-em-forum-da-onu-nos-eua\/\">apresentar\u00e1 um painel exclusivo sobre a situa\u00e7\u00e3o da mulher brasileira perante a sociedade civil<\/a>.<\/p>\n<p>Intitulado \u201cBrazilian Women and the Role of Civil Society Organizations\u201d, painel\u00a0faz parte de um comit\u00ea do CSW espec\u00edfico para ONGs, evento paralelo que representa mais de 100 organiza\u00e7\u00f5es e indiv\u00edduos focados em discutir a situa\u00e7\u00e3o feminina no mundo.<\/p>\n<p><a href=\"http:\/\/globalattitude.org.br\/wp-content\/uploads\/2023\/03\/flyer1.jpg\"><img loading=\"lazy\" decoding=\"async\" class=\"aligncenter wp-image-4620\" src=\"http:\/\/globalattitude.org.br\/wp-content\/uploads\/2023\/03\/flyer1-212x300.jpg\" alt=\"Dia da Mulher\" width=\"400\" height=\"566\" \/><\/a><\/p>\n","protected":false},"excerpt":{"rendered":"<p>O Dia Internacional da Mulher nos dias atuais \u00e9 marcado por protestos e reivindica\u00e7\u00f5es pelos direitos da mulher e da igualdade de g\u00eanero, atividade que se aproxima das mesmas lutas que deram origem \u00e0 data comemorativa. Dentro do movimento socialista, mulheres que trabalhavam em f\u00e1bricas\u00a0nos Estados Unidos e Europa come\u00e7aram uma campanha por melhores condi\u00e7\u00f5es [&hellip;]<\/p>\n","protected":false},"author":3,"featured_media":2774,"comment_status":"open","ping_status":"open","sticky":false,"template":"","format":"standard","meta":{"_acf_changed":false,"om_disable_all_campaigns":false,"_monsterinsights_skip_tracking":false,"_monsterinsights_sitenote_active":false,"_monsterinsights_sitenote_note":"","_monsterinsights_sitenote_category":0,"_uf_show_specific_survey":0,"_uf_disable_surveys":false,"footnotes":""},"categories":[35,34],"tags":[],"class_list":["post-2773","post","type-post","status-publish","format-standard","hentry","category-opiniao","category-ultimas"],"acf":[],"aioseo_notices":[],"yoast_head":"<!-- This site is optimized with the Yoast SEO plugin v27.5 - https:\/\/yoast.com\/product\/yoast-seo-wordpress\/ -->\n<title>Dia da Mulher - Reivindica\u00e7\u00f5es s\u00e3o pauta at\u00e9 hoje<\/title>\n<meta name=\"description\" content=\"Dia da Mulher - Reivindica\u00e7\u00f5es de oper\u00e1rias que deram origem ao Dia da Mulher s\u00e3o pauta at\u00e9 os dias atuais... Saiba Mais no Globalink\" \/>\n<meta name=\"robots\" content=\"index, follow, max-snippet:-1, max-image-preview:large, max-video-preview:-1\" \/>\n<link rel=\"canonical\" href=\"https:\/\/globalattitude.org.br\/reivindicacoes-de-operarias-que-deram-origem-ao-dia-da-mulher-sao-pauta-ate-os-dias-atuais\/\" \/>\n<meta property=\"og:locale\" content=\"en_US\" \/>\n<meta property=\"og:type\" content=\"article\" \/>\n<meta property=\"og:title\" content=\"Dia da Mulher - Reivindica\u00e7\u00f5es s\u00e3o pauta at\u00e9 hoje\" \/>\n<meta property=\"og:description\" content=\"Dia da Mulher - Reivindica\u00e7\u00f5es de oper\u00e1rias que deram origem ao Dia da Mulher s\u00e3o pauta at\u00e9 os dias atuais... Saiba Mais no Globalink\" \/>\n<meta property=\"og:url\" content=\"https:\/\/globalattitude.org.br\/reivindicacoes-de-operarias-que-deram-origem-ao-dia-da-mulher-sao-pauta-ate-os-dias-atuais\/\" \/>\n<meta property=\"og:site_name\" content=\"Instituto Global Attitude\" \/>\n<meta property=\"article:publisher\" content=\"https:\/\/www.facebook.com\/global.attitude.org\/\" \/>\n<meta property=\"article:published_time\" content=\"2019-03-08T20:57:20+00:00\" \/>\n<meta property=\"article:modified_time\" content=\"2023-03-10T13:44:21+00:00\" \/>\n<meta property=\"og:image\" content=\"https:\/\/globalattitude.org.br\/wp-content\/uploads\/2023\/03\/Imagens-blog-1400x750px-21-1200x643.png\" \/>\n\t<meta property=\"og:image:width\" content=\"1400\" \/>\n\t<meta property=\"og:image:height\" content=\"750\" \/>\n\t<meta property=\"og:image:type\" content=\"image\/png\" \/>\n<meta name=\"author\" content=\"rodrigo\" \/>\n<meta name=\"twitter:card\" content=\"summary_large_image\" \/>\n<meta name=\"twitter:creator\" content=\"@global_attitude\" \/>\n<meta name=\"twitter:site\" content=\"@global_attitude\" \/>\n<meta name=\"twitter:label1\" content=\"Written by\" \/>\n\t<meta name=\"twitter:data1\" content=\"rodrigo\" \/>\n\t<meta name=\"twitter:label2\" content=\"Est. reading time\" \/>\n\t<meta name=\"twitter:data2\" content=\"3 minutes\" \/>\n<script type=\"application\/ld+json\" class=\"yoast-schema-graph\">{\"@context\":\"https:\\\/\\\/schema.org\",\"@graph\":[{\"@type\":[\"Article\",\"BlogPosting\"],\"@id\":\"https:\\\/\\\/globalattitude.org.br\\\/reivindicacoes-de-operarias-que-deram-origem-ao-dia-da-mulher-sao-pauta-ate-os-dias-atuais\\\/#article\",\"isPartOf\":{\"@id\":\"https:\\\/\\\/globalattitude.org.br\\\/reivindicacoes-de-operarias-que-deram-origem-ao-dia-da-mulher-sao-pauta-ate-os-dias-atuais\\\/\"},\"author\":{\"name\":\"rodrigo\",\"@id\":\"https:\\\/\\\/globalattitude.org.br\\\/en\\\/#\\\/schema\\\/person\\\/c0db5efc16133ab28ea2d64fc19667e5\"},\"headline\":\"Reivindica\u00e7\u00f5es de oper\u00e1rias que deram origem ao Dia da Mulher s\u00e3o pauta at\u00e9 os dias atuais\",\"datePublished\":\"2019-03-08T20:57:20+00:00\",\"dateModified\":\"2023-03-10T13:44:21+00:00\",\"mainEntityOfPage\":{\"@id\":\"https:\\\/\\\/globalattitude.org.br\\\/reivindicacoes-de-operarias-que-deram-origem-ao-dia-da-mulher-sao-pauta-ate-os-dias-atuais\\\/\"},\"wordCount\":704,\"commentCount\":0,\"publisher\":{\"@id\":\"https:\\\/\\\/globalattitude.org.br\\\/en\\\/#organization\"},\"image\":{\"@id\":\"https:\\\/\\\/globalattitude.org.br\\\/reivindicacoes-de-operarias-que-deram-origem-ao-dia-da-mulher-sao-pauta-ate-os-dias-atuais\\\/#primaryimage\"},\"thumbnailUrl\":\"https:\\\/\\\/globalattitude.org.br\\\/wp-content\\\/uploads\\\/2023\\\/03\\\/Imagens-blog-1400x750px-21-1200x643.png\",\"articleSection\":[\"Opini\u00e3o\",\"\u00daltimas\"],\"inLanguage\":\"en-US\",\"potentialAction\":[{\"@type\":\"CommentAction\",\"name\":\"Comment\",\"target\":[\"https:\\\/\\\/globalattitude.org.br\\\/reivindicacoes-de-operarias-que-deram-origem-ao-dia-da-mulher-sao-pauta-ate-os-dias-atuais\\\/#respond\"]}]},{\"@type\":\"WebPage\",\"@id\":\"https:\\\/\\\/globalattitude.org.br\\\/reivindicacoes-de-operarias-que-deram-origem-ao-dia-da-mulher-sao-pauta-ate-os-dias-atuais\\\/\",\"url\":\"https:\\\/\\\/globalattitude.org.br\\\/reivindicacoes-de-operarias-que-deram-origem-ao-dia-da-mulher-sao-pauta-ate-os-dias-atuais\\\/\",\"name\":\"Dia da Mulher - Reivindica\u00e7\u00f5es s\u00e3o pauta at\u00e9 hoje\",\"isPartOf\":{\"@id\":\"https:\\\/\\\/globalattitude.org.br\\\/en\\\/#website\"},\"primaryImageOfPage\":{\"@id\":\"https:\\\/\\\/globalattitude.org.br\\\/reivindicacoes-de-operarias-que-deram-origem-ao-dia-da-mulher-sao-pauta-ate-os-dias-atuais\\\/#primaryimage\"},\"image\":{\"@id\":\"https:\\\/\\\/globalattitude.org.br\\\/reivindicacoes-de-operarias-que-deram-origem-ao-dia-da-mulher-sao-pauta-ate-os-dias-atuais\\\/#primaryimage\"},\"thumbnailUrl\":\"https:\\\/\\\/globalattitude.org.br\\\/wp-content\\\/uploads\\\/2023\\\/03\\\/Imagens-blog-1400x750px-21-1200x643.png\",\"datePublished\":\"2019-03-08T20:57:20+00:00\",\"dateModified\":\"2023-03-10T13:44:21+00:00\",\"description\":\"Dia da Mulher - Reivindica\u00e7\u00f5es de oper\u00e1rias que deram origem ao Dia da Mulher s\u00e3o pauta at\u00e9 os dias atuais... Saiba Mais no Globalink\",\"breadcrumb\":{\"@id\":\"https:\\\/\\\/globalattitude.org.br\\\/reivindicacoes-de-operarias-que-deram-origem-ao-dia-da-mulher-sao-pauta-ate-os-dias-atuais\\\/#breadcrumb\"},\"inLanguage\":\"en-US\",\"potentialAction\":[{\"@type\":\"ReadAction\",\"target\":[\"https:\\\/\\\/globalattitude.org.br\\\/reivindicacoes-de-operarias-que-deram-origem-ao-dia-da-mulher-sao-pauta-ate-os-dias-atuais\\\/\"]}]},{\"@type\":\"ImageObject\",\"inLanguage\":\"en-US\",\"@id\":\"https:\\\/\\\/globalattitude.org.br\\\/reivindicacoes-de-operarias-que-deram-origem-ao-dia-da-mulher-sao-pauta-ate-os-dias-atuais\\\/#primaryimage\",\"url\":\"https:\\\/\\\/globalattitude.org.br\\\/wp-content\\\/uploads\\\/2023\\\/03\\\/Imagens-blog-1400x750px-21-1200x643.png\",\"contentUrl\":\"https:\\\/\\\/globalattitude.org.br\\\/wp-content\\\/uploads\\\/2023\\\/03\\\/Imagens-blog-1400x750px-21-1200x643.png\",\"width\":1400,\"height\":750},{\"@type\":\"BreadcrumbList\",\"@id\":\"https:\\\/\\\/globalattitude.org.br\\\/reivindicacoes-de-operarias-que-deram-origem-ao-dia-da-mulher-sao-pauta-ate-os-dias-atuais\\\/#breadcrumb\",\"itemListElement\":[{\"@type\":\"ListItem\",\"position\":1,\"name\":\"In\u00edcio\",\"item\":\"https:\\\/\\\/globalattitude.org.br\\\/en\\\/\"},{\"@type\":\"ListItem\",\"position\":2,\"name\":\"Reivindica\u00e7\u00f5es de oper\u00e1rias que deram origem ao Dia da Mulher s\u00e3o pauta at\u00e9 os dias atuais\"}]},{\"@type\":\"WebSite\",\"@id\":\"https:\\\/\\\/globalattitude.org.br\\\/en\\\/#website\",\"url\":\"https:\\\/\\\/globalattitude.org.br\\\/en\\\/\",\"name\":\"Instituto Global Attitude\",\"description\":\"\",\"publisher\":{\"@id\":\"https:\\\/\\\/globalattitude.org.br\\\/en\\\/#organization\"},\"potentialAction\":[{\"@type\":\"SearchAction\",\"target\":{\"@type\":\"EntryPoint\",\"urlTemplate\":\"https:\\\/\\\/globalattitude.org.br\\\/en\\\/?s={search_term_string}\"},\"query-input\":{\"@type\":\"PropertyValueSpecification\",\"valueRequired\":true,\"valueName\":\"search_term_string\"}}],\"inLanguage\":\"en-US\"},{\"@type\":\"Organization\",\"@id\":\"https:\\\/\\\/globalattitude.org.br\\\/en\\\/#organization\",\"name\":\"Instituto Global Attitude\",\"url\":\"https:\\\/\\\/globalattitude.org.br\\\/en\\\/\",\"logo\":{\"@type\":\"ImageObject\",\"inLanguage\":\"en-US\",\"@id\":\"https:\\\/\\\/globalattitude.org.br\\\/en\\\/#\\\/schema\\\/logo\\\/image\\\/\",\"url\":\"https:\\\/\\\/globalattitude.org.br\\\/wp-content\\\/uploads\\\/2023\\\/01\\\/instituto-global-attitude-color.png\",\"contentUrl\":\"https:\\\/\\\/globalattitude.org.br\\\/wp-content\\\/uploads\\\/2023\\\/01\\\/instituto-global-attitude-color.png\",\"width\":300,\"height\":131,\"caption\":\"Instituto Global Attitude\"},\"image\":{\"@id\":\"https:\\\/\\\/globalattitude.org.br\\\/en\\\/#\\\/schema\\\/logo\\\/image\\\/\"},\"sameAs\":[\"https:\\\/\\\/www.facebook.com\\\/global.attitude.org\\\/\",\"https:\\\/\\\/x.com\\\/global_attitude\",\"https:\\\/\\\/www.instagram.com\\\/globalattitude\",\"https:\\\/\\\/www.linkedin.com\\\/company\\\/global-attitude\\\/?viewAsMember=true\"]},{\"@type\":\"Person\",\"@id\":\"https:\\\/\\\/globalattitude.org.br\\\/en\\\/#\\\/schema\\\/person\\\/c0db5efc16133ab28ea2d64fc19667e5\",\"name\":\"rodrigo\",\"image\":{\"@type\":\"ImageObject\",\"inLanguage\":\"en-US\",\"@id\":\"https:\\\/\\\/secure.gravatar.com\\\/avatar\\\/1c1599db13943f3289fb3206e5aaf9560b644e4aaf0b4d3a378ba91202ab9cc4?s=96&d=mm&r=g\",\"url\":\"https:\\\/\\\/secure.gravatar.com\\\/avatar\\\/1c1599db13943f3289fb3206e5aaf9560b644e4aaf0b4d3a378ba91202ab9cc4?s=96&d=mm&r=g\",\"contentUrl\":\"https:\\\/\\\/secure.gravatar.com\\\/avatar\\\/1c1599db13943f3289fb3206e5aaf9560b644e4aaf0b4d3a378ba91202ab9cc4?s=96&d=mm&r=g\",\"caption\":\"rodrigo\"},\"url\":\"https:\\\/\\\/globalattitude.org.br\\\/en\\\/author\\\/rodrigo\\\/\"}]}<\/script>\n<!-- \/ Yoast SEO plugin. -->","yoast_head_json":{"title":"Dia da Mulher - Reivindica\u00e7\u00f5es s\u00e3o pauta at\u00e9 hoje","description":"Dia da Mulher - Reivindica\u00e7\u00f5es de oper\u00e1rias que deram origem ao Dia da Mulher s\u00e3o pauta at\u00e9 os dias atuais... Saiba Mais no Globalink","robots":{"index":"index","follow":"follow","max-snippet":"max-snippet:-1","max-image-preview":"max-image-preview:large","max-video-preview":"max-video-preview:-1"},"canonical":"https:\/\/globalattitude.org.br\/reivindicacoes-de-operarias-que-deram-origem-ao-dia-da-mulher-sao-pauta-ate-os-dias-atuais\/","og_locale":"en_US","og_type":"article","og_title":"Dia da Mulher - Reivindica\u00e7\u00f5es s\u00e3o pauta at\u00e9 hoje","og_description":"Dia da Mulher - Reivindica\u00e7\u00f5es de oper\u00e1rias que deram origem ao Dia da Mulher s\u00e3o pauta at\u00e9 os dias atuais... Saiba Mais no Globalink","og_url":"https:\/\/globalattitude.org.br\/reivindicacoes-de-operarias-que-deram-origem-ao-dia-da-mulher-sao-pauta-ate-os-dias-atuais\/","og_site_name":"Instituto Global Attitude","article_publisher":"https:\/\/www.facebook.com\/global.attitude.org\/","article_published_time":"2019-03-08T20:57:20+00:00","article_modified_time":"2023-03-10T13:44:21+00:00","og_image":[{"width":1400,"height":750,"url":"https:\/\/globalattitude.org.br\/wp-content\/uploads\/2023\/03\/Imagens-blog-1400x750px-21-1200x643.png","type":"image\/png"}],"author":"rodrigo","twitter_card":"summary_large_image","twitter_creator":"@global_attitude","twitter_site":"@global_attitude","twitter_misc":{"Written by":"rodrigo","Est. reading time":"3 minutes"},"schema":{"@context":"https:\/\/schema.org","@graph":[{"@type":["Article","BlogPosting"],"@id":"https:\/\/globalattitude.org.br\/reivindicacoes-de-operarias-que-deram-origem-ao-dia-da-mulher-sao-pauta-ate-os-dias-atuais\/#article","isPartOf":{"@id":"https:\/\/globalattitude.org.br\/reivindicacoes-de-operarias-que-deram-origem-ao-dia-da-mulher-sao-pauta-ate-os-dias-atuais\/"},"author":{"name":"rodrigo","@id":"https:\/\/globalattitude.org.br\/en\/#\/schema\/person\/c0db5efc16133ab28ea2d64fc19667e5"},"headline":"Reivindica\u00e7\u00f5es de oper\u00e1rias que deram origem ao Dia da Mulher s\u00e3o pauta at\u00e9 os dias atuais","datePublished":"2019-03-08T20:57:20+00:00","dateModified":"2023-03-10T13:44:21+00:00","mainEntityOfPage":{"@id":"https:\/\/globalattitude.org.br\/reivindicacoes-de-operarias-que-deram-origem-ao-dia-da-mulher-sao-pauta-ate-os-dias-atuais\/"},"wordCount":704,"commentCount":0,"publisher":{"@id":"https:\/\/globalattitude.org.br\/en\/#organization"},"image":{"@id":"https:\/\/globalattitude.org.br\/reivindicacoes-de-operarias-que-deram-origem-ao-dia-da-mulher-sao-pauta-ate-os-dias-atuais\/#primaryimage"},"thumbnailUrl":"https:\/\/globalattitude.org.br\/wp-content\/uploads\/2023\/03\/Imagens-blog-1400x750px-21-1200x643.png","articleSection":["Opini\u00e3o","\u00daltimas"],"inLanguage":"en-US","potentialAction":[{"@type":"CommentAction","name":"Comment","target":["https:\/\/globalattitude.org.br\/reivindicacoes-de-operarias-que-deram-origem-ao-dia-da-mulher-sao-pauta-ate-os-dias-atuais\/#respond"]}]},{"@type":"WebPage","@id":"https:\/\/globalattitude.org.br\/reivindicacoes-de-operarias-que-deram-origem-ao-dia-da-mulher-sao-pauta-ate-os-dias-atuais\/","url":"https:\/\/globalattitude.org.br\/reivindicacoes-de-operarias-que-deram-origem-ao-dia-da-mulher-sao-pauta-ate-os-dias-atuais\/","name":"Dia da Mulher - Reivindica\u00e7\u00f5es s\u00e3o pauta at\u00e9 hoje","isPartOf":{"@id":"https:\/\/globalattitude.org.br\/en\/#website"},"primaryImageOfPage":{"@id":"https:\/\/globalattitude.org.br\/reivindicacoes-de-operarias-que-deram-origem-ao-dia-da-mulher-sao-pauta-ate-os-dias-atuais\/#primaryimage"},"image":{"@id":"https:\/\/globalattitude.org.br\/reivindicacoes-de-operarias-que-deram-origem-ao-dia-da-mulher-sao-pauta-ate-os-dias-atuais\/#primaryimage"},"thumbnailUrl":"https:\/\/globalattitude.org.br\/wp-content\/uploads\/2023\/03\/Imagens-blog-1400x750px-21-1200x643.png","datePublished":"2019-03-08T20:57:20+00:00","dateModified":"2023-03-10T13:44:21+00:00","description":"Dia da Mulher - Reivindica\u00e7\u00f5es de oper\u00e1rias que deram origem ao Dia da Mulher s\u00e3o pauta at\u00e9 os dias atuais... Saiba Mais no Globalink","breadcrumb":{"@id":"https:\/\/globalattitude.org.br\/reivindicacoes-de-operarias-que-deram-origem-ao-dia-da-mulher-sao-pauta-ate-os-dias-atuais\/#breadcrumb"},"inLanguage":"en-US","potentialAction":[{"@type":"ReadAction","target":["https:\/\/globalattitude.org.br\/reivindicacoes-de-operarias-que-deram-origem-ao-dia-da-mulher-sao-pauta-ate-os-dias-atuais\/"]}]},{"@type":"ImageObject","inLanguage":"en-US","@id":"https:\/\/globalattitude.org.br\/reivindicacoes-de-operarias-que-deram-origem-ao-dia-da-mulher-sao-pauta-ate-os-dias-atuais\/#primaryimage","url":"https:\/\/globalattitude.org.br\/wp-content\/uploads\/2023\/03\/Imagens-blog-1400x750px-21-1200x643.png","contentUrl":"https:\/\/globalattitude.org.br\/wp-content\/uploads\/2023\/03\/Imagens-blog-1400x750px-21-1200x643.png","width":1400,"height":750},{"@type":"BreadcrumbList","@id":"https:\/\/globalattitude.org.br\/reivindicacoes-de-operarias-que-deram-origem-ao-dia-da-mulher-sao-pauta-ate-os-dias-atuais\/#breadcrumb","itemListElement":[{"@type":"ListItem","position":1,"name":"In\u00edcio","item":"https:\/\/globalattitude.org.br\/en\/"},{"@type":"ListItem","position":2,"name":"Reivindica\u00e7\u00f5es de oper\u00e1rias que deram origem ao Dia da Mulher s\u00e3o pauta at\u00e9 os dias atuais"}]},{"@type":"WebSite","@id":"https:\/\/globalattitude.org.br\/en\/#website","url":"https:\/\/globalattitude.org.br\/en\/","name":"Instituto Global Attitude","description":"","publisher":{"@id":"https:\/\/globalattitude.org.br\/en\/#organization"},"potentialAction":[{"@type":"SearchAction","target":{"@type":"EntryPoint","urlTemplate":"https:\/\/globalattitude.org.br\/en\/?s={search_term_string}"},"query-input":{"@type":"PropertyValueSpecification","valueRequired":true,"valueName":"search_term_string"}}],"inLanguage":"en-US"},{"@type":"Organization","@id":"https:\/\/globalattitude.org.br\/en\/#organization","name":"Instituto Global Attitude","url":"https:\/\/globalattitude.org.br\/en\/","logo":{"@type":"ImageObject","inLanguage":"en-US","@id":"https:\/\/globalattitude.org.br\/en\/#\/schema\/logo\/image\/","url":"https:\/\/globalattitude.org.br\/wp-content\/uploads\/2023\/01\/instituto-global-attitude-color.png","contentUrl":"https:\/\/globalattitude.org.br\/wp-content\/uploads\/2023\/01\/instituto-global-attitude-color.png","width":300,"height":131,"caption":"Instituto Global Attitude"},"image":{"@id":"https:\/\/globalattitude.org.br\/en\/#\/schema\/logo\/image\/"},"sameAs":["https:\/\/www.facebook.com\/global.attitude.org\/","https:\/\/x.com\/global_attitude","https:\/\/www.instagram.com\/globalattitude","https:\/\/www.linkedin.com\/company\/global-attitude\/?viewAsMember=true"]},{"@type":"Person","@id":"https:\/\/globalattitude.org.br\/en\/#\/schema\/person\/c0db5efc16133ab28ea2d64fc19667e5","name":"rodrigo","image":{"@type":"ImageObject","inLanguage":"en-US","@id":"https:\/\/secure.gravatar.com\/avatar\/1c1599db13943f3289fb3206e5aaf9560b644e4aaf0b4d3a378ba91202ab9cc4?s=96&d=mm&r=g","url":"https:\/\/secure.gravatar.com\/avatar\/1c1599db13943f3289fb3206e5aaf9560b644e4aaf0b4d3a378ba91202ab9cc4?s=96&d=mm&r=g","contentUrl":"https:\/\/secure.gravatar.com\/avatar\/1c1599db13943f3289fb3206e5aaf9560b644e4aaf0b4d3a378ba91202ab9cc4?s=96&d=mm&r=g","caption":"rodrigo"},"url":"https:\/\/globalattitude.org.br\/en\/author\/rodrigo\/"}]}},"_links":{"self":[{"href":"https:\/\/globalattitude.org.br\/en\/wp-json\/wp\/v2\/posts\/2773","targetHints":{"allow":["GET"]}}],"collection":[{"href":"https:\/\/globalattitude.org.br\/en\/wp-json\/wp\/v2\/posts"}],"about":[{"href":"https:\/\/globalattitude.org.br\/en\/wp-json\/wp\/v2\/types\/post"}],"author":[{"embeddable":true,"href":"https:\/\/globalattitude.org.br\/en\/wp-json\/wp\/v2\/users\/3"}],"replies":[{"embeddable":true,"href":"https:\/\/globalattitude.org.br\/en\/wp-json\/wp\/v2\/comments?post=2773"}],"version-history":[{"count":1,"href":"https:\/\/globalattitude.org.br\/en\/wp-json\/wp\/v2\/posts\/2773\/revisions"}],"predecessor-version":[{"id":2779,"href":"https:\/\/globalattitude.org.br\/en\/wp-json\/wp\/v2\/posts\/2773\/revisions\/2779"}],"wp:featuredmedia":[{"embeddable":true,"href":"https:\/\/globalattitude.org.br\/en\/wp-json\/wp\/v2\/media\/2774"}],"wp:attachment":[{"href":"https:\/\/globalattitude.org.br\/en\/wp-json\/wp\/v2\/media?parent=2773"}],"wp:term":[{"taxonomy":"category","embeddable":true,"href":"https:\/\/globalattitude.org.br\/en\/wp-json\/wp\/v2\/categories?post=2773"},{"taxonomy":"post_tag","embeddable":true,"href":"https:\/\/globalattitude.org.br\/en\/wp-json\/wp\/v2\/tags?post=2773"}],"curies":[{"name":"wp","href":"https:\/\/api.w.org\/{rel}","templated":true}]}}