{"id":2798,"date":"2019-03-28T20:52:55","date_gmt":"2019-03-28T23:52:55","guid":{"rendered":"https:\/\/globalattitude.org.br\/diplomacia-civil-seleciona-delegacao-para-foruns-da-ocde-e-comissao-europeia\/"},"modified":"2023-03-10T10:50:01","modified_gmt":"2023-03-10T13:50:01","slug":"diplomacia-civil-seleciona-delegacao-para-foruns-da-ocde-e-comissao-europeia","status":"publish","type":"post","link":"https:\/\/globalattitude.org.br\/en\/diplomacia-civil-seleciona-delegacao-para-foruns-da-ocde-e-comissao-europeia\/","title":{"rendered":"Diplomacia Civil seleciona delega\u00e7\u00e3o para f\u00f3runs da OCDE e Comiss\u00e3o Europeia"},"content":{"rendered":"<p>Diplomacia Civil abre inscri\u00e7\u00f5es para formar duas das delega\u00e7\u00f5es mais esperadas do ano, que ir\u00e3o ao <strong>OECD Forum<\/strong>, promovido pela Organiza\u00e7\u00e3o para Coopera\u00e7\u00e3o e Desenvolvimento Econ\u00f4mico (OCDE) e ao <strong>European Development Days<\/strong>, realizado pela Comiss\u00e3o Europeia, ambos realizados na Europa.<\/p>\n<p>Candidatos devem ter entre 18 e 35 anos \u2013 podendo ser estudante, jovem\u00a0profissional ou pesquisador, independente da \u00e1rea de forma\u00e7\u00e3o \u2013 e\u00a0preencher o formul\u00e1rio online,\u00a0<strong><a href=\"http:\/\/blog.globalattitude.org.br\/inscricoes\/\">dispon\u00edvel na aba inscri\u00e7\u00f5es<\/a><\/strong>.<\/p>\n<p>As delega\u00e7\u00f5es ter\u00e3o\u00a0a oportunidade de assistir a debates e palestras com l\u00edderes mundiais e organiza\u00e7\u00f5es internacionais, al\u00e9m de contar com uma agenda de reuni\u00f5es exclusiva, organizada pelo programa, e workshops online de capacita\u00e7\u00e3o,\u00a0realizados antes\u00a0do evento.<\/p>\n<p><strong>Conhe\u00e7a os f\u00f3runs da OCDE<\/strong><br \/>\nRealizado anualmente em Paris, Fran\u00e7a, o <strong>OECD Forum<\/strong> completa a sua 20a edi\u00e7\u00e3o este ano, que acontece entre os dias 11 e 16 de maio. Evento \u00e9 uma oportunidade de debate entre governo, sociedade civil, terceiro setor, acad\u00eamicos e representantes da OCDE sobre como enfrentar os principais desafios econ\u00f4micos, sociais e de governo, decorrentes da economia globalizada, reunindo mais de 3 mil pessoas dos mais diversos pa\u00edses.<\/p>\n<p>O tema de 2019\u00a0ser\u00e1 \u201cWorld in EMotion\u201d, refletindo\u00a0para quatro quest\u00f5es principais: novo contrato social; integridade e confian\u00e7a; digitaliza\u00e7\u00e3o e o futuro do trabalho; e\u00a0Coopera\u00e7\u00e3o Internacional.<\/p>\n<p><a href=\"http:\/\/globalattitude.org.br\/wp-content\/uploads\/2023\/03\/oecd-forum-spotlights-what-brings-us-together-as-a-response-to-rising-populism.jpg\"><img fetchpriority=\"high\" decoding=\"async\" class=\"aligncenter wp-image-4654\" src=\"http:\/\/globalattitude.org.br\/wp-content\/uploads\/2023\/03\/oecd-forum-spotlights-what-brings-us-together-as-a-response-to-rising-populism-300x157.jpg\" alt=\"f\u00f3runs da OCDE\" width=\"600\" height=\"314\" \/><\/a><\/p>\n<p>O <strong>European Development Days<\/strong> (EDD), por sua vez, \u00e9 o principal f\u00f3rum europeu sobre coopera\u00e7\u00e3o e desenvolvimento internacional, reunindo mais de 10 mil participantes de 150 pa\u00edses anualmente em Bruxelas, B\u00e9lgica.<\/p>\n<p>Este ano, o evento acontece entre os dias 16 e 21 de junho e se debru\u00e7a sobre o tema \u201cEnfrentando as desigualdades: construindo um mundo que n\u00e3o deixa ningu\u00e9m para tr\u00e1s\u201d, com foco em tr\u00eas quest\u00f5es principais: por que desigualdades importam para o desenvolvimento sustent\u00e1vel; compreendendo as causas estruturais das desigualdades; e trabalhando em conjunto atrav\u00e9s de pol\u00edticas mais eficazes para lidar com as desigualdades.<\/p>\n<p><a href=\"http:\/\/globalattitude.org.br\/wp-content\/uploads\/2023\/03\/27941218861_a34df8502b_b.jpg\"><img decoding=\"async\" class=\"aligncenter wp-image-4652\" src=\"http:\/\/globalattitude.org.br\/wp-content\/uploads\/2023\/03\/27941218861_a34df8502b_b-300x200.jpg\" alt=\"f\u00f3runs da OCDE\" width=\"600\" height=\"399\" \/><\/a><\/p>\n<p class=\"p1\"><strong>Como participar<br \/>\n<\/strong>Interessados devem se inscrever em um dos eventos\u00a0<strong>at\u00e9 o dia 8 de abril<\/strong>, \u00e0s 23h59 (hor\u00e1rio de Bras\u00edlia), preenchendo o formul\u00e1rio eletr\u00f4nico e anexando curr\u00edculo. O crit\u00e9rio de sele\u00e7\u00e3o F\u00f3runs da OCDE leva em conta tanto o desempenho acad\u00eamico do candidato como o interesse pela tem\u00e1tica abordada nos eventos, al\u00e9m da proposta de artigo (desenvolvido durante a prepara\u00e7\u00e3o para a viagem).<\/p>\n<p><strong>O programa \u00e9 pago<\/strong>\u00a0e inclui o credenciamento no evento, passagens a\u00e9reas de ida e volta, traslado aeroporto-hotel, acomoda\u00e7\u00e3o em hotel, seguro sa\u00fade, workshops de capacita\u00e7\u00e3o, supervis\u00e3o e orienta\u00e7\u00e3o para reda\u00e7\u00e3o do artigo de pesquisa, cart\u00e3o de visita personalizado, certificado de participa\u00e7\u00e3o e acompanhamento de um coordenador do Diplomacia Civil.<\/p>\n<p>Para mais informa\u00e7\u00f5es, acesse a nossa p\u00e1gina de\u00a0<a href=\"http:\/\/blog.globalattitude.org.br\/services-1\/\" target=\"_blank\" rel=\"noopener noreferrer\">perguntas frequentes<\/a>.<\/p>\n","protected":false},"excerpt":{"rendered":"<p>Diplomacia Civil abre inscri\u00e7\u00f5es para formar duas das delega\u00e7\u00f5es mais esperadas do ano, que ir\u00e3o ao OECD Forum, promovido pela Organiza\u00e7\u00e3o para Coopera\u00e7\u00e3o e Desenvolvimento Econ\u00f4mico (OCDE) e ao European Development Days, realizado pela Comiss\u00e3o Europeia, ambos realizados na Europa. Candidatos devem ter entre 18 e 35 anos \u2013 podendo ser estudante, jovem\u00a0profissional ou pesquisador, [&hellip;]<\/p>\n","protected":false},"author":3,"featured_media":2799,"comment_status":"open","ping_status":"open","sticky":false,"template":"","format":"standard","meta":{"_acf_changed":false,"om_disable_all_campaigns":false,"_monsterinsights_skip_tracking":false,"_monsterinsights_sitenote_active":false,"_monsterinsights_sitenote_note":"","_monsterinsights_sitenote_category":0,"_uf_show_specific_survey":0,"_uf_disable_surveys":false,"footnotes":""},"categories":[22,3,34],"tags":[],"class_list":["post-2798","post","type-post","status-publish","format-standard","hentry","category-programas","category-sem-categoria","category-ultimas"],"acf":[],"aioseo_notices":[],"yoast_head":"<!-- This site is optimized with the Yoast SEO plugin v27.5 - https:\/\/yoast.com\/product\/yoast-seo-wordpress\/ -->\n<title>F\u00f3runs da OCDE - Diplomacia Civil seleciona Jovens<\/title>\n<meta name=\"description\" content=\"F\u00f3runs da OCDE - Diplomacia Civil abre inscri\u00e7\u00f5es para formar duas das delega\u00e7\u00f5es mais esperadas do ano, que ir\u00e3o ao OECD Forum... Saiba Mais\" \/>\n<meta name=\"robots\" content=\"index, follow, max-snippet:-1, max-image-preview:large, max-video-preview:-1\" \/>\n<link rel=\"canonical\" href=\"https:\/\/globalattitude.org.br\/diplomacia-civil-seleciona-delegacao-para-foruns-da-ocde-e-comissao-europeia\/\" \/>\n<meta property=\"og:locale\" content=\"en_US\" \/>\n<meta property=\"og:type\" content=\"article\" \/>\n<meta property=\"og:title\" content=\"F\u00f3runs da OCDE - Diplomacia Civil seleciona Jovens\" \/>\n<meta property=\"og:description\" content=\"F\u00f3runs da OCDE - Diplomacia Civil abre inscri\u00e7\u00f5es para formar duas das delega\u00e7\u00f5es mais esperadas do ano, que ir\u00e3o ao OECD Forum... Saiba Mais\" \/>\n<meta property=\"og:url\" content=\"https:\/\/globalattitude.org.br\/diplomacia-civil-seleciona-delegacao-para-foruns-da-ocde-e-comissao-europeia\/\" \/>\n<meta property=\"og:site_name\" content=\"Instituto Global Attitude\" \/>\n<meta property=\"article:publisher\" content=\"https:\/\/www.facebook.com\/global.attitude.org\/\" \/>\n<meta property=\"article:published_time\" content=\"2019-03-28T23:52:55+00:00\" \/>\n<meta property=\"article:modified_time\" content=\"2023-03-10T13:50:01+00:00\" \/>\n<meta property=\"og:image\" content=\"https:\/\/globalattitude.org.br\/wp-content\/uploads\/2023\/03\/oecd-forum-spotlights-what-brings-us-together-as-a-response-to-rising-populism-1200x628.jpg\" \/>\n\t<meta property=\"og:image:width\" content=\"1910\" \/>\n\t<meta property=\"og:image:height\" content=\"1000\" \/>\n\t<meta property=\"og:image:type\" content=\"image\/jpeg\" \/>\n<meta name=\"author\" content=\"rodrigo\" \/>\n<meta name=\"twitter:card\" content=\"summary_large_image\" \/>\n<meta name=\"twitter:creator\" content=\"@global_attitude\" \/>\n<meta name=\"twitter:site\" content=\"@global_attitude\" \/>\n<meta name=\"twitter:label1\" content=\"Written by\" \/>\n\t<meta name=\"twitter:data1\" content=\"rodrigo\" \/>\n\t<meta name=\"twitter:label2\" content=\"Est. reading time\" \/>\n\t<meta name=\"twitter:data2\" content=\"2 minutes\" \/>\n<script type=\"application\/ld+json\" class=\"yoast-schema-graph\">{\"@context\":\"https:\\\/\\\/schema.org\",\"@graph\":[{\"@type\":[\"Article\",\"BlogPosting\"],\"@id\":\"https:\\\/\\\/globalattitude.org.br\\\/diplomacia-civil-seleciona-delegacao-para-foruns-da-ocde-e-comissao-europeia\\\/#article\",\"isPartOf\":{\"@id\":\"https:\\\/\\\/globalattitude.org.br\\\/diplomacia-civil-seleciona-delegacao-para-foruns-da-ocde-e-comissao-europeia\\\/\"},\"author\":{\"name\":\"rodrigo\",\"@id\":\"https:\\\/\\\/globalattitude.org.br\\\/en\\\/#\\\/schema\\\/person\\\/c0db5efc16133ab28ea2d64fc19667e5\"},\"headline\":\"Diplomacia Civil seleciona delega\u00e7\u00e3o para f\u00f3runs da OCDE e Comiss\u00e3o Europeia\",\"datePublished\":\"2019-03-28T23:52:55+00:00\",\"dateModified\":\"2023-03-10T13:50:01+00:00\",\"mainEntityOfPage\":{\"@id\":\"https:\\\/\\\/globalattitude.org.br\\\/diplomacia-civil-seleciona-delegacao-para-foruns-da-ocde-e-comissao-europeia\\\/\"},\"wordCount\":492,\"commentCount\":0,\"publisher\":{\"@id\":\"https:\\\/\\\/globalattitude.org.br\\\/en\\\/#organization\"},\"image\":{\"@id\":\"https:\\\/\\\/globalattitude.org.br\\\/diplomacia-civil-seleciona-delegacao-para-foruns-da-ocde-e-comissao-europeia\\\/#primaryimage\"},\"thumbnailUrl\":\"https:\\\/\\\/globalattitude.org.br\\\/wp-content\\\/uploads\\\/2023\\\/03\\\/oecd-forum-spotlights-what-brings-us-together-as-a-response-to-rising-populism-1200x628.jpg\",\"articleSection\":[\"Programas\",\"Sem categoria\",\"\u00daltimas\"],\"inLanguage\":\"en-US\",\"potentialAction\":[{\"@type\":\"CommentAction\",\"name\":\"Comment\",\"target\":[\"https:\\\/\\\/globalattitude.org.br\\\/diplomacia-civil-seleciona-delegacao-para-foruns-da-ocde-e-comissao-europeia\\\/#respond\"]}]},{\"@type\":\"WebPage\",\"@id\":\"https:\\\/\\\/globalattitude.org.br\\\/diplomacia-civil-seleciona-delegacao-para-foruns-da-ocde-e-comissao-europeia\\\/\",\"url\":\"https:\\\/\\\/globalattitude.org.br\\\/diplomacia-civil-seleciona-delegacao-para-foruns-da-ocde-e-comissao-europeia\\\/\",\"name\":\"F\u00f3runs da OCDE - Diplomacia Civil seleciona Jovens\",\"isPartOf\":{\"@id\":\"https:\\\/\\\/globalattitude.org.br\\\/en\\\/#website\"},\"primaryImageOfPage\":{\"@id\":\"https:\\\/\\\/globalattitude.org.br\\\/diplomacia-civil-seleciona-delegacao-para-foruns-da-ocde-e-comissao-europeia\\\/#primaryimage\"},\"image\":{\"@id\":\"https:\\\/\\\/globalattitude.org.br\\\/diplomacia-civil-seleciona-delegacao-para-foruns-da-ocde-e-comissao-europeia\\\/#primaryimage\"},\"thumbnailUrl\":\"https:\\\/\\\/globalattitude.org.br\\\/wp-content\\\/uploads\\\/2023\\\/03\\\/oecd-forum-spotlights-what-brings-us-together-as-a-response-to-rising-populism-1200x628.jpg\",\"datePublished\":\"2019-03-28T23:52:55+00:00\",\"dateModified\":\"2023-03-10T13:50:01+00:00\",\"description\":\"F\u00f3runs da OCDE - Diplomacia Civil abre inscri\u00e7\u00f5es para formar duas das delega\u00e7\u00f5es mais esperadas do ano, que ir\u00e3o ao OECD Forum... Saiba Mais\",\"breadcrumb\":{\"@id\":\"https:\\\/\\\/globalattitude.org.br\\\/diplomacia-civil-seleciona-delegacao-para-foruns-da-ocde-e-comissao-europeia\\\/#breadcrumb\"},\"inLanguage\":\"en-US\",\"potentialAction\":[{\"@type\":\"ReadAction\",\"target\":[\"https:\\\/\\\/globalattitude.org.br\\\/diplomacia-civil-seleciona-delegacao-para-foruns-da-ocde-e-comissao-europeia\\\/\"]}]},{\"@type\":\"ImageObject\",\"inLanguage\":\"en-US\",\"@id\":\"https:\\\/\\\/globalattitude.org.br\\\/diplomacia-civil-seleciona-delegacao-para-foruns-da-ocde-e-comissao-europeia\\\/#primaryimage\",\"url\":\"https:\\\/\\\/globalattitude.org.br\\\/wp-content\\\/uploads\\\/2023\\\/03\\\/oecd-forum-spotlights-what-brings-us-together-as-a-response-to-rising-populism-1200x628.jpg\",\"contentUrl\":\"https:\\\/\\\/globalattitude.org.br\\\/wp-content\\\/uploads\\\/2023\\\/03\\\/oecd-forum-spotlights-what-brings-us-together-as-a-response-to-rising-populism-1200x628.jpg\",\"width\":1910,\"height\":1000},{\"@type\":\"BreadcrumbList\",\"@id\":\"https:\\\/\\\/globalattitude.org.br\\\/diplomacia-civil-seleciona-delegacao-para-foruns-da-ocde-e-comissao-europeia\\\/#breadcrumb\",\"itemListElement\":[{\"@type\":\"ListItem\",\"position\":1,\"name\":\"In\u00edcio\",\"item\":\"https:\\\/\\\/globalattitude.org.br\\\/en\\\/\"},{\"@type\":\"ListItem\",\"position\":2,\"name\":\"Diplomacia Civil seleciona delega\u00e7\u00e3o para f\u00f3runs da OCDE e Comiss\u00e3o Europeia\"}]},{\"@type\":\"WebSite\",\"@id\":\"https:\\\/\\\/globalattitude.org.br\\\/en\\\/#website\",\"url\":\"https:\\\/\\\/globalattitude.org.br\\\/en\\\/\",\"name\":\"Instituto Global Attitude\",\"description\":\"\",\"publisher\":{\"@id\":\"https:\\\/\\\/globalattitude.org.br\\\/en\\\/#organization\"},\"potentialAction\":[{\"@type\":\"SearchAction\",\"target\":{\"@type\":\"EntryPoint\",\"urlTemplate\":\"https:\\\/\\\/globalattitude.org.br\\\/en\\\/?s={search_term_string}\"},\"query-input\":{\"@type\":\"PropertyValueSpecification\",\"valueRequired\":true,\"valueName\":\"search_term_string\"}}],\"inLanguage\":\"en-US\"},{\"@type\":\"Organization\",\"@id\":\"https:\\\/\\\/globalattitude.org.br\\\/en\\\/#organization\",\"name\":\"Instituto Global Attitude\",\"url\":\"https:\\\/\\\/globalattitude.org.br\\\/en\\\/\",\"logo\":{\"@type\":\"ImageObject\",\"inLanguage\":\"en-US\",\"@id\":\"https:\\\/\\\/globalattitude.org.br\\\/en\\\/#\\\/schema\\\/logo\\\/image\\\/\",\"url\":\"https:\\\/\\\/globalattitude.org.br\\\/wp-content\\\/uploads\\\/2023\\\/01\\\/instituto-global-attitude-color.png\",\"contentUrl\":\"https:\\\/\\\/globalattitude.org.br\\\/wp-content\\\/uploads\\\/2023\\\/01\\\/instituto-global-attitude-color.png\",\"width\":300,\"height\":131,\"caption\":\"Instituto Global Attitude\"},\"image\":{\"@id\":\"https:\\\/\\\/globalattitude.org.br\\\/en\\\/#\\\/schema\\\/logo\\\/image\\\/\"},\"sameAs\":[\"https:\\\/\\\/www.facebook.com\\\/global.attitude.org\\\/\",\"https:\\\/\\\/x.com\\\/global_attitude\",\"https:\\\/\\\/www.instagram.com\\\/globalattitude\",\"https:\\\/\\\/www.linkedin.com\\\/company\\\/global-attitude\\\/?viewAsMember=true\"]},{\"@type\":\"Person\",\"@id\":\"https:\\\/\\\/globalattitude.org.br\\\/en\\\/#\\\/schema\\\/person\\\/c0db5efc16133ab28ea2d64fc19667e5\",\"name\":\"rodrigo\",\"image\":{\"@type\":\"ImageObject\",\"inLanguage\":\"en-US\",\"@id\":\"https:\\\/\\\/secure.gravatar.com\\\/avatar\\\/1c1599db13943f3289fb3206e5aaf9560b644e4aaf0b4d3a378ba91202ab9cc4?s=96&d=mm&r=g\",\"url\":\"https:\\\/\\\/secure.gravatar.com\\\/avatar\\\/1c1599db13943f3289fb3206e5aaf9560b644e4aaf0b4d3a378ba91202ab9cc4?s=96&d=mm&r=g\",\"contentUrl\":\"https:\\\/\\\/secure.gravatar.com\\\/avatar\\\/1c1599db13943f3289fb3206e5aaf9560b644e4aaf0b4d3a378ba91202ab9cc4?s=96&d=mm&r=g\",\"caption\":\"rodrigo\"},\"url\":\"https:\\\/\\\/globalattitude.org.br\\\/en\\\/author\\\/rodrigo\\\/\"}]}<\/script>\n<!-- \/ Yoast SEO plugin. -->","yoast_head_json":{"title":"F\u00f3runs da OCDE - Diplomacia Civil seleciona Jovens","description":"F\u00f3runs da OCDE - Diplomacia Civil abre inscri\u00e7\u00f5es para formar duas das delega\u00e7\u00f5es mais esperadas do ano, que ir\u00e3o ao OECD Forum... Saiba Mais","robots":{"index":"index","follow":"follow","max-snippet":"max-snippet:-1","max-image-preview":"max-image-preview:large","max-video-preview":"max-video-preview:-1"},"canonical":"https:\/\/globalattitude.org.br\/diplomacia-civil-seleciona-delegacao-para-foruns-da-ocde-e-comissao-europeia\/","og_locale":"en_US","og_type":"article","og_title":"F\u00f3runs da OCDE - Diplomacia Civil seleciona Jovens","og_description":"F\u00f3runs da OCDE - Diplomacia Civil abre inscri\u00e7\u00f5es para formar duas das delega\u00e7\u00f5es mais esperadas do ano, que ir\u00e3o ao OECD Forum... Saiba Mais","og_url":"https:\/\/globalattitude.org.br\/diplomacia-civil-seleciona-delegacao-para-foruns-da-ocde-e-comissao-europeia\/","og_site_name":"Instituto Global Attitude","article_publisher":"https:\/\/www.facebook.com\/global.attitude.org\/","article_published_time":"2019-03-28T23:52:55+00:00","article_modified_time":"2023-03-10T13:50:01+00:00","og_image":[{"width":1910,"height":1000,"url":"https:\/\/globalattitude.org.br\/wp-content\/uploads\/2023\/03\/oecd-forum-spotlights-what-brings-us-together-as-a-response-to-rising-populism-1200x628.jpg","type":"image\/jpeg"}],"author":"rodrigo","twitter_card":"summary_large_image","twitter_creator":"@global_attitude","twitter_site":"@global_attitude","twitter_misc":{"Written by":"rodrigo","Est. reading time":"2 minutes"},"schema":{"@context":"https:\/\/schema.org","@graph":[{"@type":["Article","BlogPosting"],"@id":"https:\/\/globalattitude.org.br\/diplomacia-civil-seleciona-delegacao-para-foruns-da-ocde-e-comissao-europeia\/#article","isPartOf":{"@id":"https:\/\/globalattitude.org.br\/diplomacia-civil-seleciona-delegacao-para-foruns-da-ocde-e-comissao-europeia\/"},"author":{"name":"rodrigo","@id":"https:\/\/globalattitude.org.br\/en\/#\/schema\/person\/c0db5efc16133ab28ea2d64fc19667e5"},"headline":"Diplomacia Civil seleciona delega\u00e7\u00e3o para f\u00f3runs da OCDE e Comiss\u00e3o Europeia","datePublished":"2019-03-28T23:52:55+00:00","dateModified":"2023-03-10T13:50:01+00:00","mainEntityOfPage":{"@id":"https:\/\/globalattitude.org.br\/diplomacia-civil-seleciona-delegacao-para-foruns-da-ocde-e-comissao-europeia\/"},"wordCount":492,"commentCount":0,"publisher":{"@id":"https:\/\/globalattitude.org.br\/en\/#organization"},"image":{"@id":"https:\/\/globalattitude.org.br\/diplomacia-civil-seleciona-delegacao-para-foruns-da-ocde-e-comissao-europeia\/#primaryimage"},"thumbnailUrl":"https:\/\/globalattitude.org.br\/wp-content\/uploads\/2023\/03\/oecd-forum-spotlights-what-brings-us-together-as-a-response-to-rising-populism-1200x628.jpg","articleSection":["Programas","Sem categoria","\u00daltimas"],"inLanguage":"en-US","potentialAction":[{"@type":"CommentAction","name":"Comment","target":["https:\/\/globalattitude.org.br\/diplomacia-civil-seleciona-delegacao-para-foruns-da-ocde-e-comissao-europeia\/#respond"]}]},{"@type":"WebPage","@id":"https:\/\/globalattitude.org.br\/diplomacia-civil-seleciona-delegacao-para-foruns-da-ocde-e-comissao-europeia\/","url":"https:\/\/globalattitude.org.br\/diplomacia-civil-seleciona-delegacao-para-foruns-da-ocde-e-comissao-europeia\/","name":"F\u00f3runs da OCDE - Diplomacia Civil seleciona Jovens","isPartOf":{"@id":"https:\/\/globalattitude.org.br\/en\/#website"},"primaryImageOfPage":{"@id":"https:\/\/globalattitude.org.br\/diplomacia-civil-seleciona-delegacao-para-foruns-da-ocde-e-comissao-europeia\/#primaryimage"},"image":{"@id":"https:\/\/globalattitude.org.br\/diplomacia-civil-seleciona-delegacao-para-foruns-da-ocde-e-comissao-europeia\/#primaryimage"},"thumbnailUrl":"https:\/\/globalattitude.org.br\/wp-content\/uploads\/2023\/03\/oecd-forum-spotlights-what-brings-us-together-as-a-response-to-rising-populism-1200x628.jpg","datePublished":"2019-03-28T23:52:55+00:00","dateModified":"2023-03-10T13:50:01+00:00","description":"F\u00f3runs da OCDE - Diplomacia Civil abre inscri\u00e7\u00f5es para formar duas das delega\u00e7\u00f5es mais esperadas do ano, que ir\u00e3o ao OECD Forum... Saiba Mais","breadcrumb":{"@id":"https:\/\/globalattitude.org.br\/diplomacia-civil-seleciona-delegacao-para-foruns-da-ocde-e-comissao-europeia\/#breadcrumb"},"inLanguage":"en-US","potentialAction":[{"@type":"ReadAction","target":["https:\/\/globalattitude.org.br\/diplomacia-civil-seleciona-delegacao-para-foruns-da-ocde-e-comissao-europeia\/"]}]},{"@type":"ImageObject","inLanguage":"en-US","@id":"https:\/\/globalattitude.org.br\/diplomacia-civil-seleciona-delegacao-para-foruns-da-ocde-e-comissao-europeia\/#primaryimage","url":"https:\/\/globalattitude.org.br\/wp-content\/uploads\/2023\/03\/oecd-forum-spotlights-what-brings-us-together-as-a-response-to-rising-populism-1200x628.jpg","contentUrl":"https:\/\/globalattitude.org.br\/wp-content\/uploads\/2023\/03\/oecd-forum-spotlights-what-brings-us-together-as-a-response-to-rising-populism-1200x628.jpg","width":1910,"height":1000},{"@type":"BreadcrumbList","@id":"https:\/\/globalattitude.org.br\/diplomacia-civil-seleciona-delegacao-para-foruns-da-ocde-e-comissao-europeia\/#breadcrumb","itemListElement":[{"@type":"ListItem","position":1,"name":"In\u00edcio","item":"https:\/\/globalattitude.org.br\/en\/"},{"@type":"ListItem","position":2,"name":"Diplomacia Civil seleciona delega\u00e7\u00e3o para f\u00f3runs da OCDE e Comiss\u00e3o Europeia"}]},{"@type":"WebSite","@id":"https:\/\/globalattitude.org.br\/en\/#website","url":"https:\/\/globalattitude.org.br\/en\/","name":"Instituto Global Attitude","description":"","publisher":{"@id":"https:\/\/globalattitude.org.br\/en\/#organization"},"potentialAction":[{"@type":"SearchAction","target":{"@type":"EntryPoint","urlTemplate":"https:\/\/globalattitude.org.br\/en\/?s={search_term_string}"},"query-input":{"@type":"PropertyValueSpecification","valueRequired":true,"valueName":"search_term_string"}}],"inLanguage":"en-US"},{"@type":"Organization","@id":"https:\/\/globalattitude.org.br\/en\/#organization","name":"Instituto Global Attitude","url":"https:\/\/globalattitude.org.br\/en\/","logo":{"@type":"ImageObject","inLanguage":"en-US","@id":"https:\/\/globalattitude.org.br\/en\/#\/schema\/logo\/image\/","url":"https:\/\/globalattitude.org.br\/wp-content\/uploads\/2023\/01\/instituto-global-attitude-color.png","contentUrl":"https:\/\/globalattitude.org.br\/wp-content\/uploads\/2023\/01\/instituto-global-attitude-color.png","width":300,"height":131,"caption":"Instituto Global Attitude"},"image":{"@id":"https:\/\/globalattitude.org.br\/en\/#\/schema\/logo\/image\/"},"sameAs":["https:\/\/www.facebook.com\/global.attitude.org\/","https:\/\/x.com\/global_attitude","https:\/\/www.instagram.com\/globalattitude","https:\/\/www.linkedin.com\/company\/global-attitude\/?viewAsMember=true"]},{"@type":"Person","@id":"https:\/\/globalattitude.org.br\/en\/#\/schema\/person\/c0db5efc16133ab28ea2d64fc19667e5","name":"rodrigo","image":{"@type":"ImageObject","inLanguage":"en-US","@id":"https:\/\/secure.gravatar.com\/avatar\/1c1599db13943f3289fb3206e5aaf9560b644e4aaf0b4d3a378ba91202ab9cc4?s=96&d=mm&r=g","url":"https:\/\/secure.gravatar.com\/avatar\/1c1599db13943f3289fb3206e5aaf9560b644e4aaf0b4d3a378ba91202ab9cc4?s=96&d=mm&r=g","contentUrl":"https:\/\/secure.gravatar.com\/avatar\/1c1599db13943f3289fb3206e5aaf9560b644e4aaf0b4d3a378ba91202ab9cc4?s=96&d=mm&r=g","caption":"rodrigo"},"url":"https:\/\/globalattitude.org.br\/en\/author\/rodrigo\/"}]}},"_links":{"self":[{"href":"https:\/\/globalattitude.org.br\/en\/wp-json\/wp\/v2\/posts\/2798","targetHints":{"allow":["GET"]}}],"collection":[{"href":"https:\/\/globalattitude.org.br\/en\/wp-json\/wp\/v2\/posts"}],"about":[{"href":"https:\/\/globalattitude.org.br\/en\/wp-json\/wp\/v2\/types\/post"}],"author":[{"embeddable":true,"href":"https:\/\/globalattitude.org.br\/en\/wp-json\/wp\/v2\/users\/3"}],"replies":[{"embeddable":true,"href":"https:\/\/globalattitude.org.br\/en\/wp-json\/wp\/v2\/comments?post=2798"}],"version-history":[{"count":1,"href":"https:\/\/globalattitude.org.br\/en\/wp-json\/wp\/v2\/posts\/2798\/revisions"}],"predecessor-version":[{"id":2801,"href":"https:\/\/globalattitude.org.br\/en\/wp-json\/wp\/v2\/posts\/2798\/revisions\/2801"}],"wp:featuredmedia":[{"embeddable":true,"href":"https:\/\/globalattitude.org.br\/en\/wp-json\/wp\/v2\/media\/2799"}],"wp:attachment":[{"href":"https:\/\/globalattitude.org.br\/en\/wp-json\/wp\/v2\/media?parent=2798"}],"wp:term":[{"taxonomy":"category","embeddable":true,"href":"https:\/\/globalattitude.org.br\/en\/wp-json\/wp\/v2\/categories?post=2798"},{"taxonomy":"post_tag","embeddable":true,"href":"https:\/\/globalattitude.org.br\/en\/wp-json\/wp\/v2\/tags?post=2798"}],"curies":[{"name":"wp","href":"https:\/\/api.w.org\/{rel}","templated":true}]}}