{"id":2830,"date":"2019-04-17T15:23:43","date_gmt":"2019-04-17T18:23:43","guid":{"rendered":"https:\/\/globalattitude.org.br\/delegacao-se-prepara-para-ir-ao-maior-forum-da-america-latina-conheca-selecionados\/"},"modified":"2023-03-10T10:50:35","modified_gmt":"2023-03-10T13:50:35","slug":"delegacao-se-prepara-para-ir-ao-maior-forum-da-america-latina-conheca-selecionados","status":"publish","type":"post","link":"https:\/\/globalattitude.org.br\/en\/delegacao-se-prepara-para-ir-ao-maior-forum-da-america-latina-conheca-selecionados\/","title":{"rendered":"Delega\u00e7\u00e3o se prepara para ir ao maior f\u00f3rum da Am\u00e9rica Latina. Conhe\u00e7a selecionados"},"content":{"rendered":"<p>Na pr\u00f3xima semana, nove brasileiros, integrantes da delega\u00e7\u00e3o do Diplomacia Civil, participam do maior f\u00f3rum da Am\u00e9rica Latina sobre desenvolvimento sustent\u00e1vel, promovido pela Comiss\u00e3o Econ\u00f4mica da ONU para Am\u00e9rica Latina e Caribe (Cepal) em Santiago, Chile. Entre eles, est\u00e1 o <a href=\"http:\/\/diplomaciacivil.org.br\/primeiro-bolsista-do-diplomacia-civil-desenvolve-projeto-com-agua-da-chuva-para-seca-no-nordeste\/\">primeiro vencedor da Bolsa Jovem Diplomacia Civil<\/a>, Erleyvaldo dos Santos.<\/p>\n<p>Criado durante sess\u00e3o de 2016 no M\u00e9xico, o f\u00f3rum tem o objetivo de dar seguimento e monitorar a implementa\u00e7\u00e3o da Agenda 2030 para o Desenvolvimento Sustent\u00e1vel, os Objetivos de Desenvolvimento Sustent\u00e1vel (ODS) e suas metas. J\u00e1 em sua terceira edi\u00e7\u00e3o, o evento acontece na sede da Cepal e tem como foco todos os pa\u00edses da regi\u00e3o, reunindo representantes de Estado, setores privados, sociedade civil, bancos de desenvolvimento, \u00f3rg\u00e3os subsidi\u00e1rios da pr\u00f3pria Cepal, ag\u00eancias da ONU e blocos de integra\u00e7\u00e3o regional.<\/p>\n<p>Como processo preparat\u00f3rio para a viagem, os delegados passaram por cinco Diplo.Labs (workshops) e est\u00e3o em fase de\u00a0finaliza\u00e7\u00e3o de seus artigos, com\u00a0temas voltados ao assunto do f\u00f3rum \u2013 sugeridos por eles mesmos -, orientados por\u00a0um professor especialista. J\u00e1 em Washington, a delega\u00e7\u00e3o\u00a0contar\u00e1, al\u00e9m das palestras e debates do evento, com agenda exclusiva de reuni\u00f5es e encontros com l\u00edderes e especialistas, promovidos pela coordena\u00e7\u00e3o do Diplomacia Civil.<\/p>\n<p><strong>Conhe\u00e7a a delega\u00e7\u00e3o:<\/strong><br \/>\n<strong><a href=\"http:\/\/globalattitude.org.br\/wp-content\/uploads\/2023\/03\/Erleyvaldo-foto-3x4-1.jpg\"><img decoding=\"async\" class=\"alignleft wp-image-4705\" src=\"http:\/\/globalattitude.org.br\/wp-content\/uploads\/2023\/03\/Erleyvaldo-foto-3x4-1-300x300.jpg\" alt=\"\" width=\"200\" height=\"200\" \/><\/a>Erleyvaldo Bispo dos Santos<\/strong> \u00e9 t\u00e9cnico em Agropecu\u00e1ria pelo\u00a0Instituto Federal de Educa\u00e7\u00e3o, Ci\u00eancia e Tecnologia de Sergipe (IFS) e graduando em Engenharia Florestal na Universidade Federal Rural do Rio de Janeiro (UFRRJ), onde \u00e9 membro do Laborat\u00f3rio de Sensoriamento Remoto e Climatologia Aplicada, e estagi\u00e1rio de Recursos H\u00eddricos da Ag\u00eancia de Bacia (AGEVAP). Alcan\u00e7ou o 1\u00ba lugar estadual no Programa Parlamento Jovem e\u00a0foi relator volunt\u00e1rio do 8th World Water Forum (2018) e convidado do 4th Global Climate Policy Conference (2018). Atualmente, \u00e9\u00a0integrante da ONG Engajamundo e criador do\u00a0projeto socioambiental \u201c\u00c1guas Resilientes\u201d, o qual busca a mitiga\u00e7\u00e3o das mudan\u00e7as clim\u00e1ticas e leva seguran\u00e7a h\u00eddrica e educa\u00e7\u00e3o clim\u00e1tica para pessoas em situa\u00e7\u00e3o de vulnerabilidade, gerando impacto social por um sistema de capta\u00e7\u00e3o de \u00e1gua da chuva de baixo custo.<\/p>\n<p><strong><a href=\"http:\/\/globalattitude.org.br\/wp-content\/uploads\/2023\/03\/Gabriella-2.jpg\"><img decoding=\"async\" class=\"alignright wp-image-4708\" src=\"http:\/\/globalattitude.org.br\/wp-content\/uploads\/2023\/03\/Gabriella-2-300x300.jpg\" alt=\"\" width=\"200\" height=\"200\" \/><\/a>Gabriella Prado<\/strong> \u00e9 graduada em Direito pela Universidade Federal de Mato Grosso (UFMT), possui LL.M em Direito Internacional de Neg\u00f3cios pela Sorbonne International Law School, Paris, e INSEAD Business School, Singapura. Mestre em Direito Internacional Privado e do Com\u00e9rcio Internacional pela Universidade Panth\u00e9on-Assas (Paris 2), atualmente \u00e9 doutoranda em Direito Internacional Privado pela mesma Universidade. \u00c9 advogada e consultora jur\u00eddica, atuando no Brasil e na Fran\u00e7a, principalmente na \u00e1rea de Direito Empresarial, opera\u00e7\u00f5es de fus\u00f5es e aquisi\u00e7\u00f5es, restrutura\u00e7\u00f5es de empresas e contratos. Como advogada e consultora, presta assessoria a clientes franceses e estrangeiros para a implanta\u00e7\u00e3o e desenvolvimento de suas atividades no Brasil, assim como a clientes brasileiros que desenvolvem projetos na Europa. Foi tamb\u00e9m professora volunt\u00e1ria na Universidade Federal de Mato Grosso (UFMT) em 2018, ju\u00edza volunt\u00e1ria no Inter-American Human Rights Moot Court Competition em Washington-DC (2018) e delegate no ECOSOC Youth Forum 2019 em Nova York.<\/p>\n<p><strong><a href=\"http:\/\/globalattitude.org.br\/wp-content\/uploads\/2023\/03\/Helena.jpeg\"><img decoding=\"async\" class=\"alignleft wp-image-4709\" src=\"http:\/\/globalattitude.org.br\/wp-content\/uploads\/2023\/03\/Helena.jpeg\" alt=\"\" width=\"200\" height=\"200\" \/><\/a>Helena Couto Porto<\/strong> \u00e9 graduanda em Engenharia Ambiental pela Universidade de S\u00e3o Paulo (USP), campus de Lorena. Recentemente realizou um interc\u00e2mbio como pesquisadora convidada j\u00fanior no laborat\u00f3rio de Engenharia Civil e Ambiental da Rice University, em Houston, Estados Unidos,\u00a0onde desenvolveu uma pesquisa na \u00e1rea de bioremedia\u00e7\u00e3o de 1,4-Dioxano, toxico de emergente preocupa\u00e7\u00e3o devido \u00e0 sua alta concentra\u00e7\u00e3o nas \u00e1guas subterr\u00e2neas e prov\u00e1vel carcinog\u00eanico. Envolvida em projetos sociais, foi diretora do grupo de Jovens do Projeto Crian\u00e7a Feliz, projeto desenvolvido por estudantes de Lorena que buscam mudar a vida de crian\u00e7as e jovens de vulnerabilidade social atrav\u00e9s da educa\u00e7\u00e3o. Tem interesses, principalmente, nas \u00e1reas de recursos h\u00eddricos, res\u00edduos e educa\u00e7\u00e3o ambiental.<\/p>\n<p><strong><a href=\"http:\/\/globalattitude.org.br\/wp-content\/uploads\/2023\/03\/Livia.jpg\"><img loading=\"lazy\" decoding=\"async\" class=\"alignright wp-image-4710\" src=\"http:\/\/globalattitude.org.br\/wp-content\/uploads\/2023\/03\/Livia-300x300.jpg\" alt=\"maior f\u00f3rum da Am\u00e9rica Latina\" width=\"200\" height=\"200\" \/><\/a>L\u00edvia Brioschi<\/strong> \u00e9 graduanda\u00a0em Direito pela Faculdade de Direito de Vit\u00f3ria. \u00c9 participante do Grupo de Pesquisa Estado, Direito e Democracia, e atualmente\u00a0elabora\u00a0artigo sobre a reciclagem dos navios. J\u00e1 estagiou na Justi\u00e7a Estadual\u00a0 e Justi\u00e7a Federal do Esp\u00edrito Santo, atuou como bolsista da FAPES na Rede de Internacionaliza\u00e7\u00e3o da Educa\u00e7\u00e3o no Esp\u00edrito Santo e escreveu artigo no Jornal Gazeta sobre os refugiados ambientais. Possui grande interesse pelo direito internacional ambiental e direito internacional dos direitos humanos.<\/p>\n<p>&nbsp;<\/p>\n<p><strong><a href=\"http:\/\/globalattitude.org.br\/wp-content\/uploads\/2023\/03\/Foto-Maysa-Magalhaes.jpg\"><img loading=\"lazy\" decoding=\"async\" class=\"alignleft wp-image-4706\" src=\"http:\/\/globalattitude.org.br\/wp-content\/uploads\/2023\/03\/Foto-Maysa-Magalhaes-300x300.jpg\" alt=\"maior f\u00f3rum da Am\u00e9rica Latina\" width=\"200\" height=\"200\" \/><\/a>Maysa Cristina Magalh\u00e3es Santos<\/strong> \u00e9 graduada em Direito pela Universidade Federal de Lavras. Durante a gradua\u00e7\u00e3o integrou o N\u00facleo de Estudos em Direito Ambiental e desenvolveu pesquisa de inicia\u00e7\u00e3o cient\u00edfica nesta \u00e1rea. Estagiou no Minist\u00e9rio P\u00fablico e na Defensoria P\u00fablica do Estado de Minas Gerais, e realizou interc\u00e2mbio na Universidad Nacional de La Plata, na Argentina. Atualmente, \u00e9 advogada, com escrit\u00f3rio particular de advocacia que atua, dentre outros setores, na \u00e1rea de Direito Ambiental e Crimes Ambientais.<\/p>\n<p>&nbsp;<\/p>\n<p><strong><a href=\"http:\/\/globalattitude.org.br\/wp-content\/uploads\/2023\/03\/Natalia.jpeg\"><img loading=\"lazy\" decoding=\"async\" class=\"alignright wp-image-4711\" src=\"http:\/\/globalattitude.org.br\/wp-content\/uploads\/2023\/03\/Natalia-300x300.jpeg\" alt=\"maior f\u00f3rum da Am\u00e9rica Latina\" width=\"200\" height=\"200\" \/><\/a>Nat\u00e1lia Cec\u00edlia<\/strong>\u00a0\u00e9 graduanda\u00a0em Rela\u00e7\u00f5es Internacionais pela Universidade Federal de Santa Catarina (UFSC). Poliglota e multi-instrumentista, trabalhou como professora de m\u00fasica cl\u00e1ssica em projetos sociais voltados para crian\u00e7as e idosos. Tamb\u00e9m \u00e9 bolsista Pibic\/CNPq em uma pesquisa voltada para Diplomacia Cient\u00edfica. Foi selecionada como Embaixadora da Brazil Conference Harvard and MIT 2019, onde representou a regi\u00e3o sul do pa\u00eds.<\/p>\n<p>&nbsp;<\/p>\n<p><strong><a href=\"http:\/\/globalattitude.org.br\/wp-content\/uploads\/2023\/03\/Foto_Natasha_CEPAL.png\"><img loading=\"lazy\" decoding=\"async\" class=\"alignleft wp-image-4707\" src=\"http:\/\/globalattitude.org.br\/wp-content\/uploads\/2023\/03\/Foto_Natasha_CEPAL.png\" alt=\"maior f\u00f3rum da Am\u00e9rica Latina\" width=\"200\" height=\"200\" \/><\/a>Natasha Briguet<\/strong> \u00e9 analista de rela\u00e7\u00f5es internacionais, graduada pela Pontif\u00edcia Universidade Cat\u00f3lica de S\u00e3o Paulo (PUC-SP), com experi\u00eancia na \u00e1rea de defesa comercial e acesso a mercados. Atualmente \u00e9 consultora em uma advocacia\u00a0de S\u00e3o Paulo, defendendo os interesses de empresas que querem ampliar seu escopo de atua\u00e7\u00e3o. Acredita no potencial do com\u00e9rcio internacional como ferramenta para promo\u00e7\u00e3o do desenvolvimento econ\u00f4mico sustent\u00e1vel. Pretende atuar na defesa dos interesses de pequenas e m\u00e9dias empresas brasileiras no acesso ao com\u00e9rcio internacional, de forma a impactar positivamente a economia brasileira. Recentemente, foi aceita para realizar seu mestrado na Universidade de Warwick, na Inglaterra, onde pretende realizar pesquisas na \u00e1rea de pol\u00edticas comerciais voltadas para o desenvolvimento na Am\u00e9rica Latina.<\/p>\n<p><strong><a href=\"http:\/\/globalattitude.org.br\/wp-content\/uploads\/2023\/03\/Rodrigo-2.jpg\"><img loading=\"lazy\" decoding=\"async\" class=\"alignright wp-image-4712\" src=\"http:\/\/globalattitude.org.br\/wp-content\/uploads\/2023\/03\/Rodrigo-2-300x300.jpg\" alt=\"\" width=\"200\" height=\"200\" \/><\/a>Rodrigo Zara<\/strong> \u00e9 graduado em Engenharia Civil pela Universidade Federal do Tri\u00e2ngulo Mineiro (UFTM), p\u00f3s-graduado em Auditoria, Avalia\u00e7\u00f5es e Per\u00edcias de Engenharia pelo IPOG. Trabalha como engenheiro de avalia\u00e7\u00f5es e per\u00edcias, perito judicial e est\u00e1 Vereador da cidade de Conquista\/MG, como o 5\u00ba mais votado.\u00a0Foi bolsista de Inicia\u00e7\u00e3o Cient\u00edfica sobre o sistema de transporte p\u00fablico Bus Rapid Transit (BRT) da cidade de Uberaba\/MG.\u00a0Em 2016 estudou ingl\u00eas na International House, em Dublin, Irlanda.\u00a0Participa de programas que envolvem o setor p\u00fablico e educa\u00e7\u00e3o pol\u00edtica, como o Programa Internacional de Semin\u00e1rios em Governabilidade, Ger\u00eancia Pol\u00edtica e Gest\u00e3o P\u00fablica da Funda\u00e7\u00e3o Get\u00falio Vargas (FGV-RJ), em parceria com a The George Washington University e o Banco de Desenvolvimento da Am\u00e9rica Latina (CAF), e cursos da Funda\u00e7\u00e3o Estudar. \u00c9 tamb\u00e9m volunt\u00e1rio na plataforma de educa\u00e7\u00e3o pol\u00edtica, Politize!, como um Embaixador Politize e \u00e9 presidente da Comiss\u00e3o de Educa\u00e7\u00e3o e Cultura da C\u00e2mara, onde trabalha para encontrar meios de melhoria do desenvolvimento intelectual de cada indiv\u00edduo.<\/p>\n<p><strong><a href=\"http:\/\/globalattitude.org.br\/wp-content\/uploads\/2023\/03\/Thiago.jpg\"><img loading=\"lazy\" decoding=\"async\" class=\"alignleft wp-image-4713\" src=\"http:\/\/globalattitude.org.br\/wp-content\/uploads\/2023\/03\/Thiago-300x300.jpg\" alt=\"\" width=\"200\" height=\"200\" \/><\/a>Thiago Leite Cruz<\/strong> \u00e9\u00a0graduado em Rela\u00e7\u00f5es Internacionais pela Universidade da Amaz\u00f4nia e em Biologia pela Universidade Federal do Par\u00e1. Mestre em Desenvolvimento Sustent\u00e1vel pelo Instituto Tecnol\u00f3gico Vale e p\u00f3s-graduado em Administra\u00e7\u00e3o de Neg\u00f3cios pela London School of Business and Finance. J\u00e1 estagiou no Vice-Consulado Italiano em Bel\u00e9m-PA e em institui\u00e7\u00f5es de pesquisa cient\u00edfica como o Centro Nacional de Primatas. Atualmente, trabalha como pesquisador do Instituto Tecnol\u00f3gico Vale, com experi\u00eancia em avalia\u00e7\u00e3o de impactos econ\u00f4micos e sociais da minera\u00e7\u00e3o. Desenvolve estudos objetivando fortalecer a sustentabilidade da ind\u00fastria de minera\u00e7\u00e3o e promover melhor gest\u00e3o de impactos e benef\u00edcios nas comunidades afetadas pela atividade, especialmente na regi\u00e3o amaz\u00f4nica.<\/p>\n<p>Acompanhe nossas redes sociais\u00a0(<a href=\"https:\/\/www.facebook.com\/global.attitude.org\/\">Facebook<\/a>,\u00a0<a href=\"https:\/\/twitter.com\/global_attitude\">Twitter<\/a>\u00a0e\u00a0<a href=\"https:\/\/www.instagram.com\/globalattitude\/\">Instagram<\/a>) para ver tudo o que os delegados estar\u00e3o vivenciando no f\u00f3rum.<\/p>\n","protected":false},"excerpt":{"rendered":"<p>Na pr\u00f3xima semana, nove brasileiros, integrantes da delega\u00e7\u00e3o do Diplomacia Civil, participam do maior f\u00f3rum da Am\u00e9rica Latina sobre desenvolvimento sustent\u00e1vel, promovido pela Comiss\u00e3o Econ\u00f4mica da ONU para Am\u00e9rica Latina e Caribe (Cepal) em Santiago, Chile. Entre eles, est\u00e1 o primeiro vencedor da Bolsa Jovem Diplomacia Civil, Erleyvaldo dos Santos. Criado durante sess\u00e3o de 2016 [&hellip;]<\/p>\n","protected":false},"author":3,"featured_media":2831,"comment_status":"open","ping_status":"open","sticky":false,"template":"","format":"standard","meta":{"_acf_changed":false,"om_disable_all_campaigns":false,"_monsterinsights_skip_tracking":false,"_monsterinsights_sitenote_active":false,"_monsterinsights_sitenote_note":"","_monsterinsights_sitenote_category":0,"_uf_show_specific_survey":0,"_uf_disable_surveys":false,"footnotes":""},"categories":[22,34],"tags":[52,53,54,55,56,25,4],"class_list":["post-2830","post","type-post","status-publish","format-standard","hentry","category-programas","category-ultimas","tag-america-latina","tag-caribe","tag-cepal","tag-chile","tag-desenvolvimento-sustentavel","tag-diplomacia-civil","tag-instituto-global-attitude"],"acf":[],"aioseo_notices":[],"yoast_head":"<!-- This site is optimized with the Yoast SEO plugin v27.5 - https:\/\/yoast.com\/product\/yoast-seo-wordpress\/ -->\n<title>Maior f\u00f3rum da Am\u00e9rica Latina - Desenvolvimento Sustent\u00e1vel<\/title>\n<meta name=\"description\" content=\"Maior f\u00f3rum da Am\u00e9rica Latina - sobre desenvolvimento sustent\u00e1vel, promovido pela Comiss\u00e3o Econ\u00f4mica da ONU para Am\u00e9rica Latina e Caribe (Cepal)\" \/>\n<meta name=\"robots\" content=\"index, follow, max-snippet:-1, max-image-preview:large, max-video-preview:-1\" \/>\n<link rel=\"canonical\" href=\"https:\/\/globalattitude.org.br\/delegacao-se-prepara-para-ir-ao-maior-forum-da-america-latina-conheca-selecionados\/\" \/>\n<meta property=\"og:locale\" content=\"en_US\" \/>\n<meta property=\"og:type\" content=\"article\" \/>\n<meta property=\"og:title\" content=\"Maior f\u00f3rum da Am\u00e9rica Latina - Desenvolvimento Sustent\u00e1vel\" \/>\n<meta property=\"og:description\" content=\"Maior f\u00f3rum da Am\u00e9rica Latina - sobre desenvolvimento sustent\u00e1vel, promovido pela Comiss\u00e3o Econ\u00f4mica da ONU para Am\u00e9rica Latina e Caribe (Cepal)\" \/>\n<meta property=\"og:url\" content=\"https:\/\/globalattitude.org.br\/delegacao-se-prepara-para-ir-ao-maior-forum-da-america-latina-conheca-selecionados\/\" \/>\n<meta property=\"og:site_name\" content=\"Instituto Global Attitude\" \/>\n<meta property=\"article:publisher\" content=\"https:\/\/www.facebook.com\/global.attitude.org\/\" \/>\n<meta property=\"article:published_time\" content=\"2019-04-17T18:23:43+00:00\" \/>\n<meta property=\"article:modified_time\" content=\"2023-03-10T13:50:35+00:00\" \/>\n<meta property=\"og:image\" content=\"https:\/\/globalattitude.org.br\/wp-content\/uploads\/2023\/03\/Erleyvaldo-foto-3x4-1.jpg\" \/>\n\t<meta property=\"og:image:width\" content=\"1000\" \/>\n\t<meta property=\"og:image:height\" content=\"1000\" \/>\n\t<meta property=\"og:image:type\" content=\"image\/jpeg\" \/>\n<meta name=\"author\" content=\"rodrigo\" \/>\n<meta name=\"twitter:card\" content=\"summary_large_image\" \/>\n<meta name=\"twitter:creator\" content=\"@global_attitude\" \/>\n<meta name=\"twitter:site\" content=\"@global_attitude\" \/>\n<meta name=\"twitter:label1\" content=\"Written by\" \/>\n\t<meta name=\"twitter:data1\" content=\"rodrigo\" \/>\n\t<meta name=\"twitter:label2\" content=\"Est. reading time\" \/>\n\t<meta name=\"twitter:data2\" content=\"7 minutes\" \/>\n<script type=\"application\/ld+json\" class=\"yoast-schema-graph\">{\"@context\":\"https:\\\/\\\/schema.org\",\"@graph\":[{\"@type\":[\"Article\",\"BlogPosting\"],\"@id\":\"https:\\\/\\\/globalattitude.org.br\\\/delegacao-se-prepara-para-ir-ao-maior-forum-da-america-latina-conheca-selecionados\\\/#article\",\"isPartOf\":{\"@id\":\"https:\\\/\\\/globalattitude.org.br\\\/delegacao-se-prepara-para-ir-ao-maior-forum-da-america-latina-conheca-selecionados\\\/\"},\"author\":{\"name\":\"rodrigo\",\"@id\":\"https:\\\/\\\/globalattitude.org.br\\\/en\\\/#\\\/schema\\\/person\\\/c0db5efc16133ab28ea2d64fc19667e5\"},\"headline\":\"Delega\u00e7\u00e3o se prepara para ir ao maior f\u00f3rum da Am\u00e9rica Latina. Conhe\u00e7a selecionados\",\"datePublished\":\"2019-04-17T18:23:43+00:00\",\"dateModified\":\"2023-03-10T13:50:35+00:00\",\"mainEntityOfPage\":{\"@id\":\"https:\\\/\\\/globalattitude.org.br\\\/delegacao-se-prepara-para-ir-ao-maior-forum-da-america-latina-conheca-selecionados\\\/\"},\"wordCount\":1383,\"commentCount\":0,\"publisher\":{\"@id\":\"https:\\\/\\\/globalattitude.org.br\\\/en\\\/#organization\"},\"image\":{\"@id\":\"https:\\\/\\\/globalattitude.org.br\\\/delegacao-se-prepara-para-ir-ao-maior-forum-da-america-latina-conheca-selecionados\\\/#primaryimage\"},\"thumbnailUrl\":\"https:\\\/\\\/globalattitude.org.br\\\/wp-content\\\/uploads\\\/2023\\\/03\\\/Erleyvaldo-foto-3x4-1.jpg\",\"keywords\":[\"Am\u00e9rica Latina\",\"Caribe\",\"Cepal\",\"Chile\",\"desenvolvimento sustent\u00e1vel\",\"Diplomacia Civil\",\"Instituto Global Attitude\"],\"articleSection\":[\"Programas\",\"\u00daltimas\"],\"inLanguage\":\"en-US\",\"potentialAction\":[{\"@type\":\"CommentAction\",\"name\":\"Comment\",\"target\":[\"https:\\\/\\\/globalattitude.org.br\\\/delegacao-se-prepara-para-ir-ao-maior-forum-da-america-latina-conheca-selecionados\\\/#respond\"]}]},{\"@type\":\"WebPage\",\"@id\":\"https:\\\/\\\/globalattitude.org.br\\\/delegacao-se-prepara-para-ir-ao-maior-forum-da-america-latina-conheca-selecionados\\\/\",\"url\":\"https:\\\/\\\/globalattitude.org.br\\\/delegacao-se-prepara-para-ir-ao-maior-forum-da-america-latina-conheca-selecionados\\\/\",\"name\":\"Maior f\u00f3rum da Am\u00e9rica Latina - Desenvolvimento Sustent\u00e1vel\",\"isPartOf\":{\"@id\":\"https:\\\/\\\/globalattitude.org.br\\\/en\\\/#website\"},\"primaryImageOfPage\":{\"@id\":\"https:\\\/\\\/globalattitude.org.br\\\/delegacao-se-prepara-para-ir-ao-maior-forum-da-america-latina-conheca-selecionados\\\/#primaryimage\"},\"image\":{\"@id\":\"https:\\\/\\\/globalattitude.org.br\\\/delegacao-se-prepara-para-ir-ao-maior-forum-da-america-latina-conheca-selecionados\\\/#primaryimage\"},\"thumbnailUrl\":\"https:\\\/\\\/globalattitude.org.br\\\/wp-content\\\/uploads\\\/2023\\\/03\\\/Erleyvaldo-foto-3x4-1.jpg\",\"datePublished\":\"2019-04-17T18:23:43+00:00\",\"dateModified\":\"2023-03-10T13:50:35+00:00\",\"description\":\"Maior f\u00f3rum da Am\u00e9rica Latina - sobre desenvolvimento sustent\u00e1vel, promovido pela Comiss\u00e3o Econ\u00f4mica da ONU para Am\u00e9rica Latina e Caribe (Cepal)\",\"breadcrumb\":{\"@id\":\"https:\\\/\\\/globalattitude.org.br\\\/delegacao-se-prepara-para-ir-ao-maior-forum-da-america-latina-conheca-selecionados\\\/#breadcrumb\"},\"inLanguage\":\"en-US\",\"potentialAction\":[{\"@type\":\"ReadAction\",\"target\":[\"https:\\\/\\\/globalattitude.org.br\\\/delegacao-se-prepara-para-ir-ao-maior-forum-da-america-latina-conheca-selecionados\\\/\"]}]},{\"@type\":\"ImageObject\",\"inLanguage\":\"en-US\",\"@id\":\"https:\\\/\\\/globalattitude.org.br\\\/delegacao-se-prepara-para-ir-ao-maior-forum-da-america-latina-conheca-selecionados\\\/#primaryimage\",\"url\":\"https:\\\/\\\/globalattitude.org.br\\\/wp-content\\\/uploads\\\/2023\\\/03\\\/Erleyvaldo-foto-3x4-1.jpg\",\"contentUrl\":\"https:\\\/\\\/globalattitude.org.br\\\/wp-content\\\/uploads\\\/2023\\\/03\\\/Erleyvaldo-foto-3x4-1.jpg\",\"width\":1000,\"height\":1000},{\"@type\":\"BreadcrumbList\",\"@id\":\"https:\\\/\\\/globalattitude.org.br\\\/delegacao-se-prepara-para-ir-ao-maior-forum-da-america-latina-conheca-selecionados\\\/#breadcrumb\",\"itemListElement\":[{\"@type\":\"ListItem\",\"position\":1,\"name\":\"In\u00edcio\",\"item\":\"https:\\\/\\\/globalattitude.org.br\\\/en\\\/\"},{\"@type\":\"ListItem\",\"position\":2,\"name\":\"Delega\u00e7\u00e3o se prepara para ir ao maior f\u00f3rum da Am\u00e9rica Latina. Conhe\u00e7a selecionados\"}]},{\"@type\":\"WebSite\",\"@id\":\"https:\\\/\\\/globalattitude.org.br\\\/en\\\/#website\",\"url\":\"https:\\\/\\\/globalattitude.org.br\\\/en\\\/\",\"name\":\"Instituto Global Attitude\",\"description\":\"\",\"publisher\":{\"@id\":\"https:\\\/\\\/globalattitude.org.br\\\/en\\\/#organization\"},\"potentialAction\":[{\"@type\":\"SearchAction\",\"target\":{\"@type\":\"EntryPoint\",\"urlTemplate\":\"https:\\\/\\\/globalattitude.org.br\\\/en\\\/?s={search_term_string}\"},\"query-input\":{\"@type\":\"PropertyValueSpecification\",\"valueRequired\":true,\"valueName\":\"search_term_string\"}}],\"inLanguage\":\"en-US\"},{\"@type\":\"Organization\",\"@id\":\"https:\\\/\\\/globalattitude.org.br\\\/en\\\/#organization\",\"name\":\"Instituto Global Attitude\",\"url\":\"https:\\\/\\\/globalattitude.org.br\\\/en\\\/\",\"logo\":{\"@type\":\"ImageObject\",\"inLanguage\":\"en-US\",\"@id\":\"https:\\\/\\\/globalattitude.org.br\\\/en\\\/#\\\/schema\\\/logo\\\/image\\\/\",\"url\":\"https:\\\/\\\/globalattitude.org.br\\\/wp-content\\\/uploads\\\/2023\\\/01\\\/instituto-global-attitude-color.png\",\"contentUrl\":\"https:\\\/\\\/globalattitude.org.br\\\/wp-content\\\/uploads\\\/2023\\\/01\\\/instituto-global-attitude-color.png\",\"width\":300,\"height\":131,\"caption\":\"Instituto Global Attitude\"},\"image\":{\"@id\":\"https:\\\/\\\/globalattitude.org.br\\\/en\\\/#\\\/schema\\\/logo\\\/image\\\/\"},\"sameAs\":[\"https:\\\/\\\/www.facebook.com\\\/global.attitude.org\\\/\",\"https:\\\/\\\/x.com\\\/global_attitude\",\"https:\\\/\\\/www.instagram.com\\\/globalattitude\",\"https:\\\/\\\/www.linkedin.com\\\/company\\\/global-attitude\\\/?viewAsMember=true\"]},{\"@type\":\"Person\",\"@id\":\"https:\\\/\\\/globalattitude.org.br\\\/en\\\/#\\\/schema\\\/person\\\/c0db5efc16133ab28ea2d64fc19667e5\",\"name\":\"rodrigo\",\"image\":{\"@type\":\"ImageObject\",\"inLanguage\":\"en-US\",\"@id\":\"https:\\\/\\\/secure.gravatar.com\\\/avatar\\\/1c1599db13943f3289fb3206e5aaf9560b644e4aaf0b4d3a378ba91202ab9cc4?s=96&d=mm&r=g\",\"url\":\"https:\\\/\\\/secure.gravatar.com\\\/avatar\\\/1c1599db13943f3289fb3206e5aaf9560b644e4aaf0b4d3a378ba91202ab9cc4?s=96&d=mm&r=g\",\"contentUrl\":\"https:\\\/\\\/secure.gravatar.com\\\/avatar\\\/1c1599db13943f3289fb3206e5aaf9560b644e4aaf0b4d3a378ba91202ab9cc4?s=96&d=mm&r=g\",\"caption\":\"rodrigo\"},\"url\":\"https:\\\/\\\/globalattitude.org.br\\\/en\\\/author\\\/rodrigo\\\/\"}]}<\/script>\n<!-- \/ Yoast SEO plugin. -->","yoast_head_json":{"title":"Maior f\u00f3rum da Am\u00e9rica Latina - Desenvolvimento Sustent\u00e1vel","description":"Maior f\u00f3rum da Am\u00e9rica Latina - sobre desenvolvimento sustent\u00e1vel, promovido pela Comiss\u00e3o Econ\u00f4mica da ONU para Am\u00e9rica Latina e Caribe (Cepal)","robots":{"index":"index","follow":"follow","max-snippet":"max-snippet:-1","max-image-preview":"max-image-preview:large","max-video-preview":"max-video-preview:-1"},"canonical":"https:\/\/globalattitude.org.br\/delegacao-se-prepara-para-ir-ao-maior-forum-da-america-latina-conheca-selecionados\/","og_locale":"en_US","og_type":"article","og_title":"Maior f\u00f3rum da Am\u00e9rica Latina - Desenvolvimento Sustent\u00e1vel","og_description":"Maior f\u00f3rum da Am\u00e9rica Latina - sobre desenvolvimento sustent\u00e1vel, promovido pela Comiss\u00e3o Econ\u00f4mica da ONU para Am\u00e9rica Latina e Caribe (Cepal)","og_url":"https:\/\/globalattitude.org.br\/delegacao-se-prepara-para-ir-ao-maior-forum-da-america-latina-conheca-selecionados\/","og_site_name":"Instituto Global Attitude","article_publisher":"https:\/\/www.facebook.com\/global.attitude.org\/","article_published_time":"2019-04-17T18:23:43+00:00","article_modified_time":"2023-03-10T13:50:35+00:00","og_image":[{"width":1000,"height":1000,"url":"https:\/\/globalattitude.org.br\/wp-content\/uploads\/2023\/03\/Erleyvaldo-foto-3x4-1.jpg","type":"image\/jpeg"}],"author":"rodrigo","twitter_card":"summary_large_image","twitter_creator":"@global_attitude","twitter_site":"@global_attitude","twitter_misc":{"Written by":"rodrigo","Est. reading time":"7 minutes"},"schema":{"@context":"https:\/\/schema.org","@graph":[{"@type":["Article","BlogPosting"],"@id":"https:\/\/globalattitude.org.br\/delegacao-se-prepara-para-ir-ao-maior-forum-da-america-latina-conheca-selecionados\/#article","isPartOf":{"@id":"https:\/\/globalattitude.org.br\/delegacao-se-prepara-para-ir-ao-maior-forum-da-america-latina-conheca-selecionados\/"},"author":{"name":"rodrigo","@id":"https:\/\/globalattitude.org.br\/en\/#\/schema\/person\/c0db5efc16133ab28ea2d64fc19667e5"},"headline":"Delega\u00e7\u00e3o se prepara para ir ao maior f\u00f3rum da Am\u00e9rica Latina. Conhe\u00e7a selecionados","datePublished":"2019-04-17T18:23:43+00:00","dateModified":"2023-03-10T13:50:35+00:00","mainEntityOfPage":{"@id":"https:\/\/globalattitude.org.br\/delegacao-se-prepara-para-ir-ao-maior-forum-da-america-latina-conheca-selecionados\/"},"wordCount":1383,"commentCount":0,"publisher":{"@id":"https:\/\/globalattitude.org.br\/en\/#organization"},"image":{"@id":"https:\/\/globalattitude.org.br\/delegacao-se-prepara-para-ir-ao-maior-forum-da-america-latina-conheca-selecionados\/#primaryimage"},"thumbnailUrl":"https:\/\/globalattitude.org.br\/wp-content\/uploads\/2023\/03\/Erleyvaldo-foto-3x4-1.jpg","keywords":["Am\u00e9rica Latina","Caribe","Cepal","Chile","desenvolvimento sustent\u00e1vel","Diplomacia Civil","Instituto Global Attitude"],"articleSection":["Programas","\u00daltimas"],"inLanguage":"en-US","potentialAction":[{"@type":"CommentAction","name":"Comment","target":["https:\/\/globalattitude.org.br\/delegacao-se-prepara-para-ir-ao-maior-forum-da-america-latina-conheca-selecionados\/#respond"]}]},{"@type":"WebPage","@id":"https:\/\/globalattitude.org.br\/delegacao-se-prepara-para-ir-ao-maior-forum-da-america-latina-conheca-selecionados\/","url":"https:\/\/globalattitude.org.br\/delegacao-se-prepara-para-ir-ao-maior-forum-da-america-latina-conheca-selecionados\/","name":"Maior f\u00f3rum da Am\u00e9rica Latina - Desenvolvimento Sustent\u00e1vel","isPartOf":{"@id":"https:\/\/globalattitude.org.br\/en\/#website"},"primaryImageOfPage":{"@id":"https:\/\/globalattitude.org.br\/delegacao-se-prepara-para-ir-ao-maior-forum-da-america-latina-conheca-selecionados\/#primaryimage"},"image":{"@id":"https:\/\/globalattitude.org.br\/delegacao-se-prepara-para-ir-ao-maior-forum-da-america-latina-conheca-selecionados\/#primaryimage"},"thumbnailUrl":"https:\/\/globalattitude.org.br\/wp-content\/uploads\/2023\/03\/Erleyvaldo-foto-3x4-1.jpg","datePublished":"2019-04-17T18:23:43+00:00","dateModified":"2023-03-10T13:50:35+00:00","description":"Maior f\u00f3rum da Am\u00e9rica Latina - sobre desenvolvimento sustent\u00e1vel, promovido pela Comiss\u00e3o Econ\u00f4mica da ONU para Am\u00e9rica Latina e Caribe (Cepal)","breadcrumb":{"@id":"https:\/\/globalattitude.org.br\/delegacao-se-prepara-para-ir-ao-maior-forum-da-america-latina-conheca-selecionados\/#breadcrumb"},"inLanguage":"en-US","potentialAction":[{"@type":"ReadAction","target":["https:\/\/globalattitude.org.br\/delegacao-se-prepara-para-ir-ao-maior-forum-da-america-latina-conheca-selecionados\/"]}]},{"@type":"ImageObject","inLanguage":"en-US","@id":"https:\/\/globalattitude.org.br\/delegacao-se-prepara-para-ir-ao-maior-forum-da-america-latina-conheca-selecionados\/#primaryimage","url":"https:\/\/globalattitude.org.br\/wp-content\/uploads\/2023\/03\/Erleyvaldo-foto-3x4-1.jpg","contentUrl":"https:\/\/globalattitude.org.br\/wp-content\/uploads\/2023\/03\/Erleyvaldo-foto-3x4-1.jpg","width":1000,"height":1000},{"@type":"BreadcrumbList","@id":"https:\/\/globalattitude.org.br\/delegacao-se-prepara-para-ir-ao-maior-forum-da-america-latina-conheca-selecionados\/#breadcrumb","itemListElement":[{"@type":"ListItem","position":1,"name":"In\u00edcio","item":"https:\/\/globalattitude.org.br\/en\/"},{"@type":"ListItem","position":2,"name":"Delega\u00e7\u00e3o se prepara para ir ao maior f\u00f3rum da Am\u00e9rica Latina. Conhe\u00e7a selecionados"}]},{"@type":"WebSite","@id":"https:\/\/globalattitude.org.br\/en\/#website","url":"https:\/\/globalattitude.org.br\/en\/","name":"Instituto Global Attitude","description":"","publisher":{"@id":"https:\/\/globalattitude.org.br\/en\/#organization"},"potentialAction":[{"@type":"SearchAction","target":{"@type":"EntryPoint","urlTemplate":"https:\/\/globalattitude.org.br\/en\/?s={search_term_string}"},"query-input":{"@type":"PropertyValueSpecification","valueRequired":true,"valueName":"search_term_string"}}],"inLanguage":"en-US"},{"@type":"Organization","@id":"https:\/\/globalattitude.org.br\/en\/#organization","name":"Instituto Global Attitude","url":"https:\/\/globalattitude.org.br\/en\/","logo":{"@type":"ImageObject","inLanguage":"en-US","@id":"https:\/\/globalattitude.org.br\/en\/#\/schema\/logo\/image\/","url":"https:\/\/globalattitude.org.br\/wp-content\/uploads\/2023\/01\/instituto-global-attitude-color.png","contentUrl":"https:\/\/globalattitude.org.br\/wp-content\/uploads\/2023\/01\/instituto-global-attitude-color.png","width":300,"height":131,"caption":"Instituto Global Attitude"},"image":{"@id":"https:\/\/globalattitude.org.br\/en\/#\/schema\/logo\/image\/"},"sameAs":["https:\/\/www.facebook.com\/global.attitude.org\/","https:\/\/x.com\/global_attitude","https:\/\/www.instagram.com\/globalattitude","https:\/\/www.linkedin.com\/company\/global-attitude\/?viewAsMember=true"]},{"@type":"Person","@id":"https:\/\/globalattitude.org.br\/en\/#\/schema\/person\/c0db5efc16133ab28ea2d64fc19667e5","name":"rodrigo","image":{"@type":"ImageObject","inLanguage":"en-US","@id":"https:\/\/secure.gravatar.com\/avatar\/1c1599db13943f3289fb3206e5aaf9560b644e4aaf0b4d3a378ba91202ab9cc4?s=96&d=mm&r=g","url":"https:\/\/secure.gravatar.com\/avatar\/1c1599db13943f3289fb3206e5aaf9560b644e4aaf0b4d3a378ba91202ab9cc4?s=96&d=mm&r=g","contentUrl":"https:\/\/secure.gravatar.com\/avatar\/1c1599db13943f3289fb3206e5aaf9560b644e4aaf0b4d3a378ba91202ab9cc4?s=96&d=mm&r=g","caption":"rodrigo"},"url":"https:\/\/globalattitude.org.br\/en\/author\/rodrigo\/"}]}},"_links":{"self":[{"href":"https:\/\/globalattitude.org.br\/en\/wp-json\/wp\/v2\/posts\/2830","targetHints":{"allow":["GET"]}}],"collection":[{"href":"https:\/\/globalattitude.org.br\/en\/wp-json\/wp\/v2\/posts"}],"about":[{"href":"https:\/\/globalattitude.org.br\/en\/wp-json\/wp\/v2\/types\/post"}],"author":[{"embeddable":true,"href":"https:\/\/globalattitude.org.br\/en\/wp-json\/wp\/v2\/users\/3"}],"replies":[{"embeddable":true,"href":"https:\/\/globalattitude.org.br\/en\/wp-json\/wp\/v2\/comments?post=2830"}],"version-history":[{"count":1,"href":"https:\/\/globalattitude.org.br\/en\/wp-json\/wp\/v2\/posts\/2830\/revisions"}],"predecessor-version":[{"id":2840,"href":"https:\/\/globalattitude.org.br\/en\/wp-json\/wp\/v2\/posts\/2830\/revisions\/2840"}],"wp:featuredmedia":[{"embeddable":true,"href":"https:\/\/globalattitude.org.br\/en\/wp-json\/wp\/v2\/media\/2831"}],"wp:attachment":[{"href":"https:\/\/globalattitude.org.br\/en\/wp-json\/wp\/v2\/media?parent=2830"}],"wp:term":[{"taxonomy":"category","embeddable":true,"href":"https:\/\/globalattitude.org.br\/en\/wp-json\/wp\/v2\/categories?post=2830"},{"taxonomy":"post_tag","embeddable":true,"href":"https:\/\/globalattitude.org.br\/en\/wp-json\/wp\/v2\/tags?post=2830"}],"curies":[{"name":"wp","href":"https:\/\/api.w.org\/{rel}","templated":true}]}}