{"id":2845,"date":"2019-04-25T18:12:16","date_gmt":"2019-04-25T21:12:16","guid":{"rendered":"https:\/\/globalattitude.org.br\/inscricoes-abertas-delegacao-participara-de-principal-forum-da-onu-sobre-desenvolvimento-sustentavel\/"},"modified":"2023-03-10T10:50:43","modified_gmt":"2023-03-10T13:50:43","slug":"inscricoes-abertas-delegacao-participara-de-principal-forum-da-onu-sobre-desenvolvimento-sustentavel","status":"publish","type":"post","link":"https:\/\/globalattitude.org.br\/en\/inscricoes-abertas-delegacao-participara-de-principal-forum-da-onu-sobre-desenvolvimento-sustentavel\/","title":{"rendered":"Inscri\u00e7\u00f5es abertas: delega\u00e7\u00e3o participar\u00e1 de principal f\u00f3rum da ONU sobre Desenvolvimento Sustent\u00e1vel"},"content":{"rendered":"<p>Discutir as melhores pr\u00e1ticas e avan\u00e7os para alcan\u00e7ar os Objetivos do Desenvolvimento Sustent\u00e1vel (ODS), na sede da ONU em Nova York, ao lado de representantes de governos, ag\u00eancias e organiza\u00e7\u00f5es e ainda curtindo o ver\u00e3o americano? Sim! Chegou a hora de se candidatar \u00e0 delega\u00e7\u00e3o para o<strong> High-Level Political Forum on Sustainable Development 2019<\/strong>, que acontece de 7 a 12 de julho.<\/p>\n<p>Promovido pelo Conselho Econ\u00f4mico e Social da ONU (ECOSOC), o f\u00f3rum \u00e9 a plataforma principal de acompanhamento e revis\u00e3o dos progressos feitos pela Agenda 2030 e seus ODS, prevendo a participa\u00e7\u00e3o plena e efetiva de todos os Estados Membros da ONU, ag\u00eancias especializadas e organiza\u00e7\u00f5es com Status Consultivo no ECOSOC.<\/p>\n<p><a href=\"http:\/\/globalattitude.org.br\/wp-content\/uploads\/2023\/03\/20180710_HLPF.jpg\"><img fetchpriority=\"high\" decoding=\"async\" class=\"aligncenter wp-image-4733\" src=\"http:\/\/globalattitude.org.br\/wp-content\/uploads\/2023\/03\/20180710_HLPF-300x159.jpg\" alt=\"f\u00f3rum da ONU sobre Desenvolvimento Sustent\u00e1vel\" width=\"600\" height=\"317\" \/><\/a><\/p>\n<p>O f\u00f3rum \u00e9 realizado anualmente para oferecer insights efetivos para a implementa\u00e7\u00e3o de ODS individuais. Neste ano, o evento se debru\u00e7ar\u00e1 sobre o tema \u201cEmpoderando pessoas e assegurando a inclus\u00e3o e a igualdade\u201d, discutindo especialmente os ODS 4 (Educa\u00e7\u00e3o de Qualidade), 8 (Trabalho Decente e Crescimento Econ\u00f4mico), 10 (Redu\u00e7\u00e3o das Desigualdades), 13 (A\u00e7\u00e3o Contra a Mudan\u00e7a Global do Clima), 16 (Paz, Justi\u00e7a e Institui\u00e7\u00f5es Eficazes) e 17 (Parcerias e Meios de Implementa\u00e7\u00e3o).<\/p>\n<p class=\"p1\"><strong>Como participar<br \/>\n<\/strong>Interessados devem se inscrever <strong>at\u00e9 o dia 6 de maio<\/strong>, \u00e0s 23h59 (hor\u00e1rio de Bras\u00edlia), preenchendo o <a href=\"https:\/\/form.jotformz.com\/91144837603659\">formul\u00e1rio eletr\u00f4nico<\/a> e anexando curr\u00edculo.\u00a0O crit\u00e9rio de sele\u00e7\u00e3o leva em conta tanto o desempenho acad\u00eamico do candidato como o interesse pela tem\u00e1tica abordada no evento, al\u00e9m da proposta de artigo (desenvolvido durante a prepara\u00e7\u00e3o para a viagem).<\/p>\n<p><strong>O programa \u00e9 pago<\/strong>\u00a0e inclui o credenciamento no f\u00f3rum, passagens a\u00e9reas de ida e volta, traslado aeroporto-hotel, acomoda\u00e7\u00e3o em hotel, seguro sa\u00fade, workshops de capacita\u00e7\u00e3o, supervis\u00e3o e orienta\u00e7\u00e3o para reda\u00e7\u00e3o do artigo de pesquisa, cart\u00e3o de visita personalizado e kit delegado, certificado de participa\u00e7\u00e3o e acompanhamento de um coordenador do Diplomacia Civil.<\/p>\n<p>Para mais informa\u00e7\u00f5es, acesse a nossa p\u00e1gina de\u00a0<a href=\"http:\/\/diplomaciacivil.org.br\/services-1\/\" target=\"_blank\" rel=\"noopener noreferrer\">perguntas frequentes<\/a>.<\/p>\n","protected":false},"excerpt":{"rendered":"<p>Discutir as melhores pr\u00e1ticas e avan\u00e7os para alcan\u00e7ar os Objetivos do Desenvolvimento Sustent\u00e1vel (ODS), na sede da ONU em Nova York, ao lado de representantes de governos, ag\u00eancias e organiza\u00e7\u00f5es e ainda curtindo o ver\u00e3o americano? Sim! Chegou a hora de se candidatar \u00e0 delega\u00e7\u00e3o para o High-Level Political Forum on Sustainable Development 2019, que [&hellip;]<\/p>\n","protected":false},"author":3,"featured_media":2846,"comment_status":"open","ping_status":"open","sticky":false,"template":"","format":"standard","meta":{"_acf_changed":false,"om_disable_all_campaigns":false,"_monsterinsights_skip_tracking":false,"_monsterinsights_sitenote_active":false,"_monsterinsights_sitenote_note":"","_monsterinsights_sitenote_category":0,"_uf_show_specific_survey":0,"_uf_disable_surveys":false,"footnotes":""},"categories":[22,34],"tags":[63,56,25,37,64,4,38,65,5,66],"class_list":["post-2845","post","type-post","status-publish","format-standard","hentry","category-programas","category-ultimas","tag-agenda-2030","tag-desenvolvimento-sustentavel","tag-diplomacia-civil","tag-ecosoc","tag-high-level-political-forum","tag-instituto-global-attitude","tag-nova-york","tag-ods","tag-onu","tag-sustentabilidade"],"acf":[],"aioseo_notices":[],"yoast_head":"<!-- This site is optimized with the Yoast SEO plugin v27.5 - https:\/\/yoast.com\/product\/yoast-seo-wordpress\/ -->\n<title>F\u00f3rum da ONU sobre Desenvolvimento Sustent\u00e1vel - Inscri\u00e7\u00f5es Abertas<\/title>\n<meta name=\"description\" content=\"f\u00f3rum da ONU sobre Desenvolvimento Sustent\u00e1vel - Chegou a hora de se candidatar \u00e0 delega\u00e7\u00e3o para o High-Level Political Forum .. Saiba Mais\" \/>\n<meta name=\"robots\" content=\"index, follow, max-snippet:-1, max-image-preview:large, max-video-preview:-1\" \/>\n<link rel=\"canonical\" href=\"https:\/\/globalattitude.org.br\/inscricoes-abertas-delegacao-participara-de-principal-forum-da-onu-sobre-desenvolvimento-sustentavel\/\" \/>\n<meta property=\"og:locale\" content=\"en_US\" \/>\n<meta property=\"og:type\" content=\"article\" \/>\n<meta property=\"og:title\" content=\"F\u00f3rum da ONU sobre Desenvolvimento Sustent\u00e1vel - Inscri\u00e7\u00f5es Abertas\" \/>\n<meta property=\"og:description\" content=\"f\u00f3rum da ONU sobre Desenvolvimento Sustent\u00e1vel - Chegou a hora de se candidatar \u00e0 delega\u00e7\u00e3o para o High-Level Political Forum .. Saiba Mais\" \/>\n<meta property=\"og:url\" content=\"https:\/\/globalattitude.org.br\/inscricoes-abertas-delegacao-participara-de-principal-forum-da-onu-sobre-desenvolvimento-sustentavel\/\" \/>\n<meta property=\"og:site_name\" content=\"Instituto Global Attitude\" \/>\n<meta property=\"article:publisher\" content=\"https:\/\/www.facebook.com\/global.attitude.org\/\" \/>\n<meta property=\"article:published_time\" content=\"2019-04-25T21:12:16+00:00\" \/>\n<meta property=\"article:modified_time\" content=\"2023-03-10T13:50:43+00:00\" \/>\n<meta property=\"og:image\" content=\"https:\/\/globalattitude.org.br\/wp-content\/uploads\/2023\/03\/20180710_HLPF-1200x634.jpg\" \/>\n\t<meta property=\"og:image:width\" content=\"1567\" \/>\n\t<meta property=\"og:image:height\" content=\"828\" \/>\n\t<meta property=\"og:image:type\" content=\"image\/jpeg\" \/>\n<meta name=\"author\" content=\"rodrigo\" \/>\n<meta name=\"twitter:card\" content=\"summary_large_image\" \/>\n<meta name=\"twitter:creator\" content=\"@global_attitude\" \/>\n<meta name=\"twitter:site\" content=\"@global_attitude\" \/>\n<meta name=\"twitter:label1\" content=\"Written by\" \/>\n\t<meta name=\"twitter:data1\" content=\"rodrigo\" \/>\n\t<meta name=\"twitter:label2\" content=\"Est. reading time\" \/>\n\t<meta name=\"twitter:data2\" content=\"2 minutes\" \/>\n<script type=\"application\/ld+json\" class=\"yoast-schema-graph\">{\"@context\":\"https:\\\/\\\/schema.org\",\"@graph\":[{\"@type\":[\"Article\",\"BlogPosting\"],\"@id\":\"https:\\\/\\\/globalattitude.org.br\\\/inscricoes-abertas-delegacao-participara-de-principal-forum-da-onu-sobre-desenvolvimento-sustentavel\\\/#article\",\"isPartOf\":{\"@id\":\"https:\\\/\\\/globalattitude.org.br\\\/inscricoes-abertas-delegacao-participara-de-principal-forum-da-onu-sobre-desenvolvimento-sustentavel\\\/\"},\"author\":{\"name\":\"rodrigo\",\"@id\":\"https:\\\/\\\/globalattitude.org.br\\\/en\\\/#\\\/schema\\\/person\\\/c0db5efc16133ab28ea2d64fc19667e5\"},\"headline\":\"Inscri\u00e7\u00f5es abertas: delega\u00e7\u00e3o participar\u00e1 de principal f\u00f3rum da ONU sobre Desenvolvimento Sustent\u00e1vel\",\"datePublished\":\"2019-04-25T21:12:16+00:00\",\"dateModified\":\"2023-03-10T13:50:43+00:00\",\"mainEntityOfPage\":{\"@id\":\"https:\\\/\\\/globalattitude.org.br\\\/inscricoes-abertas-delegacao-participara-de-principal-forum-da-onu-sobre-desenvolvimento-sustentavel\\\/\"},\"wordCount\":354,\"commentCount\":0,\"publisher\":{\"@id\":\"https:\\\/\\\/globalattitude.org.br\\\/en\\\/#organization\"},\"image\":{\"@id\":\"https:\\\/\\\/globalattitude.org.br\\\/inscricoes-abertas-delegacao-participara-de-principal-forum-da-onu-sobre-desenvolvimento-sustentavel\\\/#primaryimage\"},\"thumbnailUrl\":\"https:\\\/\\\/globalattitude.org.br\\\/wp-content\\\/uploads\\\/2023\\\/03\\\/20180710_HLPF-1200x634.jpg\",\"keywords\":[\"agenda 2030\",\"desenvolvimento sustent\u00e1vel\",\"Diplomacia Civil\",\"ecosoc\",\"High-Level Political Forum\",\"Instituto Global Attitude\",\"Nova York\",\"ods\",\"ONU\",\"sustentabilidade\"],\"articleSection\":[\"Programas\",\"\u00daltimas\"],\"inLanguage\":\"en-US\",\"potentialAction\":[{\"@type\":\"CommentAction\",\"name\":\"Comment\",\"target\":[\"https:\\\/\\\/globalattitude.org.br\\\/inscricoes-abertas-delegacao-participara-de-principal-forum-da-onu-sobre-desenvolvimento-sustentavel\\\/#respond\"]}]},{\"@type\":\"WebPage\",\"@id\":\"https:\\\/\\\/globalattitude.org.br\\\/inscricoes-abertas-delegacao-participara-de-principal-forum-da-onu-sobre-desenvolvimento-sustentavel\\\/\",\"url\":\"https:\\\/\\\/globalattitude.org.br\\\/inscricoes-abertas-delegacao-participara-de-principal-forum-da-onu-sobre-desenvolvimento-sustentavel\\\/\",\"name\":\"F\u00f3rum da ONU sobre Desenvolvimento Sustent\u00e1vel - Inscri\u00e7\u00f5es Abertas\",\"isPartOf\":{\"@id\":\"https:\\\/\\\/globalattitude.org.br\\\/en\\\/#website\"},\"primaryImageOfPage\":{\"@id\":\"https:\\\/\\\/globalattitude.org.br\\\/inscricoes-abertas-delegacao-participara-de-principal-forum-da-onu-sobre-desenvolvimento-sustentavel\\\/#primaryimage\"},\"image\":{\"@id\":\"https:\\\/\\\/globalattitude.org.br\\\/inscricoes-abertas-delegacao-participara-de-principal-forum-da-onu-sobre-desenvolvimento-sustentavel\\\/#primaryimage\"},\"thumbnailUrl\":\"https:\\\/\\\/globalattitude.org.br\\\/wp-content\\\/uploads\\\/2023\\\/03\\\/20180710_HLPF-1200x634.jpg\",\"datePublished\":\"2019-04-25T21:12:16+00:00\",\"dateModified\":\"2023-03-10T13:50:43+00:00\",\"description\":\"f\u00f3rum da ONU sobre Desenvolvimento Sustent\u00e1vel - Chegou a hora de se candidatar \u00e0 delega\u00e7\u00e3o para o High-Level Political Forum .. Saiba Mais\",\"breadcrumb\":{\"@id\":\"https:\\\/\\\/globalattitude.org.br\\\/inscricoes-abertas-delegacao-participara-de-principal-forum-da-onu-sobre-desenvolvimento-sustentavel\\\/#breadcrumb\"},\"inLanguage\":\"en-US\",\"potentialAction\":[{\"@type\":\"ReadAction\",\"target\":[\"https:\\\/\\\/globalattitude.org.br\\\/inscricoes-abertas-delegacao-participara-de-principal-forum-da-onu-sobre-desenvolvimento-sustentavel\\\/\"]}]},{\"@type\":\"ImageObject\",\"inLanguage\":\"en-US\",\"@id\":\"https:\\\/\\\/globalattitude.org.br\\\/inscricoes-abertas-delegacao-participara-de-principal-forum-da-onu-sobre-desenvolvimento-sustentavel\\\/#primaryimage\",\"url\":\"https:\\\/\\\/globalattitude.org.br\\\/wp-content\\\/uploads\\\/2023\\\/03\\\/20180710_HLPF-1200x634.jpg\",\"contentUrl\":\"https:\\\/\\\/globalattitude.org.br\\\/wp-content\\\/uploads\\\/2023\\\/03\\\/20180710_HLPF-1200x634.jpg\",\"width\":1567,\"height\":828},{\"@type\":\"BreadcrumbList\",\"@id\":\"https:\\\/\\\/globalattitude.org.br\\\/inscricoes-abertas-delegacao-participara-de-principal-forum-da-onu-sobre-desenvolvimento-sustentavel\\\/#breadcrumb\",\"itemListElement\":[{\"@type\":\"ListItem\",\"position\":1,\"name\":\"In\u00edcio\",\"item\":\"https:\\\/\\\/globalattitude.org.br\\\/en\\\/\"},{\"@type\":\"ListItem\",\"position\":2,\"name\":\"Inscri\u00e7\u00f5es abertas: delega\u00e7\u00e3o participar\u00e1 de principal f\u00f3rum da ONU sobre Desenvolvimento Sustent\u00e1vel\"}]},{\"@type\":\"WebSite\",\"@id\":\"https:\\\/\\\/globalattitude.org.br\\\/en\\\/#website\",\"url\":\"https:\\\/\\\/globalattitude.org.br\\\/en\\\/\",\"name\":\"Instituto Global Attitude\",\"description\":\"\",\"publisher\":{\"@id\":\"https:\\\/\\\/globalattitude.org.br\\\/en\\\/#organization\"},\"potentialAction\":[{\"@type\":\"SearchAction\",\"target\":{\"@type\":\"EntryPoint\",\"urlTemplate\":\"https:\\\/\\\/globalattitude.org.br\\\/en\\\/?s={search_term_string}\"},\"query-input\":{\"@type\":\"PropertyValueSpecification\",\"valueRequired\":true,\"valueName\":\"search_term_string\"}}],\"inLanguage\":\"en-US\"},{\"@type\":\"Organization\",\"@id\":\"https:\\\/\\\/globalattitude.org.br\\\/en\\\/#organization\",\"name\":\"Instituto Global Attitude\",\"url\":\"https:\\\/\\\/globalattitude.org.br\\\/en\\\/\",\"logo\":{\"@type\":\"ImageObject\",\"inLanguage\":\"en-US\",\"@id\":\"https:\\\/\\\/globalattitude.org.br\\\/en\\\/#\\\/schema\\\/logo\\\/image\\\/\",\"url\":\"https:\\\/\\\/globalattitude.org.br\\\/wp-content\\\/uploads\\\/2023\\\/01\\\/instituto-global-attitude-color.png\",\"contentUrl\":\"https:\\\/\\\/globalattitude.org.br\\\/wp-content\\\/uploads\\\/2023\\\/01\\\/instituto-global-attitude-color.png\",\"width\":300,\"height\":131,\"caption\":\"Instituto Global Attitude\"},\"image\":{\"@id\":\"https:\\\/\\\/globalattitude.org.br\\\/en\\\/#\\\/schema\\\/logo\\\/image\\\/\"},\"sameAs\":[\"https:\\\/\\\/www.facebook.com\\\/global.attitude.org\\\/\",\"https:\\\/\\\/x.com\\\/global_attitude\",\"https:\\\/\\\/www.instagram.com\\\/globalattitude\",\"https:\\\/\\\/www.linkedin.com\\\/company\\\/global-attitude\\\/?viewAsMember=true\"]},{\"@type\":\"Person\",\"@id\":\"https:\\\/\\\/globalattitude.org.br\\\/en\\\/#\\\/schema\\\/person\\\/c0db5efc16133ab28ea2d64fc19667e5\",\"name\":\"rodrigo\",\"image\":{\"@type\":\"ImageObject\",\"inLanguage\":\"en-US\",\"@id\":\"https:\\\/\\\/secure.gravatar.com\\\/avatar\\\/1c1599db13943f3289fb3206e5aaf9560b644e4aaf0b4d3a378ba91202ab9cc4?s=96&d=mm&r=g\",\"url\":\"https:\\\/\\\/secure.gravatar.com\\\/avatar\\\/1c1599db13943f3289fb3206e5aaf9560b644e4aaf0b4d3a378ba91202ab9cc4?s=96&d=mm&r=g\",\"contentUrl\":\"https:\\\/\\\/secure.gravatar.com\\\/avatar\\\/1c1599db13943f3289fb3206e5aaf9560b644e4aaf0b4d3a378ba91202ab9cc4?s=96&d=mm&r=g\",\"caption\":\"rodrigo\"},\"url\":\"https:\\\/\\\/globalattitude.org.br\\\/en\\\/author\\\/rodrigo\\\/\"}]}<\/script>\n<!-- \/ Yoast SEO plugin. -->","yoast_head_json":{"title":"F\u00f3rum da ONU sobre Desenvolvimento Sustent\u00e1vel - Inscri\u00e7\u00f5es Abertas","description":"f\u00f3rum da ONU sobre Desenvolvimento Sustent\u00e1vel - Chegou a hora de se candidatar \u00e0 delega\u00e7\u00e3o para o High-Level Political Forum .. Saiba Mais","robots":{"index":"index","follow":"follow","max-snippet":"max-snippet:-1","max-image-preview":"max-image-preview:large","max-video-preview":"max-video-preview:-1"},"canonical":"https:\/\/globalattitude.org.br\/inscricoes-abertas-delegacao-participara-de-principal-forum-da-onu-sobre-desenvolvimento-sustentavel\/","og_locale":"en_US","og_type":"article","og_title":"F\u00f3rum da ONU sobre Desenvolvimento Sustent\u00e1vel - Inscri\u00e7\u00f5es Abertas","og_description":"f\u00f3rum da ONU sobre Desenvolvimento Sustent\u00e1vel - Chegou a hora de se candidatar \u00e0 delega\u00e7\u00e3o para o High-Level Political Forum .. Saiba Mais","og_url":"https:\/\/globalattitude.org.br\/inscricoes-abertas-delegacao-participara-de-principal-forum-da-onu-sobre-desenvolvimento-sustentavel\/","og_site_name":"Instituto Global Attitude","article_publisher":"https:\/\/www.facebook.com\/global.attitude.org\/","article_published_time":"2019-04-25T21:12:16+00:00","article_modified_time":"2023-03-10T13:50:43+00:00","og_image":[{"width":1567,"height":828,"url":"https:\/\/globalattitude.org.br\/wp-content\/uploads\/2023\/03\/20180710_HLPF-1200x634.jpg","type":"image\/jpeg"}],"author":"rodrigo","twitter_card":"summary_large_image","twitter_creator":"@global_attitude","twitter_site":"@global_attitude","twitter_misc":{"Written by":"rodrigo","Est. reading time":"2 minutes"},"schema":{"@context":"https:\/\/schema.org","@graph":[{"@type":["Article","BlogPosting"],"@id":"https:\/\/globalattitude.org.br\/inscricoes-abertas-delegacao-participara-de-principal-forum-da-onu-sobre-desenvolvimento-sustentavel\/#article","isPartOf":{"@id":"https:\/\/globalattitude.org.br\/inscricoes-abertas-delegacao-participara-de-principal-forum-da-onu-sobre-desenvolvimento-sustentavel\/"},"author":{"name":"rodrigo","@id":"https:\/\/globalattitude.org.br\/en\/#\/schema\/person\/c0db5efc16133ab28ea2d64fc19667e5"},"headline":"Inscri\u00e7\u00f5es abertas: delega\u00e7\u00e3o participar\u00e1 de principal f\u00f3rum da ONU sobre Desenvolvimento Sustent\u00e1vel","datePublished":"2019-04-25T21:12:16+00:00","dateModified":"2023-03-10T13:50:43+00:00","mainEntityOfPage":{"@id":"https:\/\/globalattitude.org.br\/inscricoes-abertas-delegacao-participara-de-principal-forum-da-onu-sobre-desenvolvimento-sustentavel\/"},"wordCount":354,"commentCount":0,"publisher":{"@id":"https:\/\/globalattitude.org.br\/en\/#organization"},"image":{"@id":"https:\/\/globalattitude.org.br\/inscricoes-abertas-delegacao-participara-de-principal-forum-da-onu-sobre-desenvolvimento-sustentavel\/#primaryimage"},"thumbnailUrl":"https:\/\/globalattitude.org.br\/wp-content\/uploads\/2023\/03\/20180710_HLPF-1200x634.jpg","keywords":["agenda 2030","desenvolvimento sustent\u00e1vel","Diplomacia Civil","ecosoc","High-Level Political Forum","Instituto Global Attitude","Nova York","ods","ONU","sustentabilidade"],"articleSection":["Programas","\u00daltimas"],"inLanguage":"en-US","potentialAction":[{"@type":"CommentAction","name":"Comment","target":["https:\/\/globalattitude.org.br\/inscricoes-abertas-delegacao-participara-de-principal-forum-da-onu-sobre-desenvolvimento-sustentavel\/#respond"]}]},{"@type":"WebPage","@id":"https:\/\/globalattitude.org.br\/inscricoes-abertas-delegacao-participara-de-principal-forum-da-onu-sobre-desenvolvimento-sustentavel\/","url":"https:\/\/globalattitude.org.br\/inscricoes-abertas-delegacao-participara-de-principal-forum-da-onu-sobre-desenvolvimento-sustentavel\/","name":"F\u00f3rum da ONU sobre Desenvolvimento Sustent\u00e1vel - Inscri\u00e7\u00f5es Abertas","isPartOf":{"@id":"https:\/\/globalattitude.org.br\/en\/#website"},"primaryImageOfPage":{"@id":"https:\/\/globalattitude.org.br\/inscricoes-abertas-delegacao-participara-de-principal-forum-da-onu-sobre-desenvolvimento-sustentavel\/#primaryimage"},"image":{"@id":"https:\/\/globalattitude.org.br\/inscricoes-abertas-delegacao-participara-de-principal-forum-da-onu-sobre-desenvolvimento-sustentavel\/#primaryimage"},"thumbnailUrl":"https:\/\/globalattitude.org.br\/wp-content\/uploads\/2023\/03\/20180710_HLPF-1200x634.jpg","datePublished":"2019-04-25T21:12:16+00:00","dateModified":"2023-03-10T13:50:43+00:00","description":"f\u00f3rum da ONU sobre Desenvolvimento Sustent\u00e1vel - Chegou a hora de se candidatar \u00e0 delega\u00e7\u00e3o para o High-Level Political Forum .. Saiba Mais","breadcrumb":{"@id":"https:\/\/globalattitude.org.br\/inscricoes-abertas-delegacao-participara-de-principal-forum-da-onu-sobre-desenvolvimento-sustentavel\/#breadcrumb"},"inLanguage":"en-US","potentialAction":[{"@type":"ReadAction","target":["https:\/\/globalattitude.org.br\/inscricoes-abertas-delegacao-participara-de-principal-forum-da-onu-sobre-desenvolvimento-sustentavel\/"]}]},{"@type":"ImageObject","inLanguage":"en-US","@id":"https:\/\/globalattitude.org.br\/inscricoes-abertas-delegacao-participara-de-principal-forum-da-onu-sobre-desenvolvimento-sustentavel\/#primaryimage","url":"https:\/\/globalattitude.org.br\/wp-content\/uploads\/2023\/03\/20180710_HLPF-1200x634.jpg","contentUrl":"https:\/\/globalattitude.org.br\/wp-content\/uploads\/2023\/03\/20180710_HLPF-1200x634.jpg","width":1567,"height":828},{"@type":"BreadcrumbList","@id":"https:\/\/globalattitude.org.br\/inscricoes-abertas-delegacao-participara-de-principal-forum-da-onu-sobre-desenvolvimento-sustentavel\/#breadcrumb","itemListElement":[{"@type":"ListItem","position":1,"name":"In\u00edcio","item":"https:\/\/globalattitude.org.br\/en\/"},{"@type":"ListItem","position":2,"name":"Inscri\u00e7\u00f5es abertas: delega\u00e7\u00e3o participar\u00e1 de principal f\u00f3rum da ONU sobre Desenvolvimento Sustent\u00e1vel"}]},{"@type":"WebSite","@id":"https:\/\/globalattitude.org.br\/en\/#website","url":"https:\/\/globalattitude.org.br\/en\/","name":"Instituto Global Attitude","description":"","publisher":{"@id":"https:\/\/globalattitude.org.br\/en\/#organization"},"potentialAction":[{"@type":"SearchAction","target":{"@type":"EntryPoint","urlTemplate":"https:\/\/globalattitude.org.br\/en\/?s={search_term_string}"},"query-input":{"@type":"PropertyValueSpecification","valueRequired":true,"valueName":"search_term_string"}}],"inLanguage":"en-US"},{"@type":"Organization","@id":"https:\/\/globalattitude.org.br\/en\/#organization","name":"Instituto Global Attitude","url":"https:\/\/globalattitude.org.br\/en\/","logo":{"@type":"ImageObject","inLanguage":"en-US","@id":"https:\/\/globalattitude.org.br\/en\/#\/schema\/logo\/image\/","url":"https:\/\/globalattitude.org.br\/wp-content\/uploads\/2023\/01\/instituto-global-attitude-color.png","contentUrl":"https:\/\/globalattitude.org.br\/wp-content\/uploads\/2023\/01\/instituto-global-attitude-color.png","width":300,"height":131,"caption":"Instituto Global Attitude"},"image":{"@id":"https:\/\/globalattitude.org.br\/en\/#\/schema\/logo\/image\/"},"sameAs":["https:\/\/www.facebook.com\/global.attitude.org\/","https:\/\/x.com\/global_attitude","https:\/\/www.instagram.com\/globalattitude","https:\/\/www.linkedin.com\/company\/global-attitude\/?viewAsMember=true"]},{"@type":"Person","@id":"https:\/\/globalattitude.org.br\/en\/#\/schema\/person\/c0db5efc16133ab28ea2d64fc19667e5","name":"rodrigo","image":{"@type":"ImageObject","inLanguage":"en-US","@id":"https:\/\/secure.gravatar.com\/avatar\/1c1599db13943f3289fb3206e5aaf9560b644e4aaf0b4d3a378ba91202ab9cc4?s=96&d=mm&r=g","url":"https:\/\/secure.gravatar.com\/avatar\/1c1599db13943f3289fb3206e5aaf9560b644e4aaf0b4d3a378ba91202ab9cc4?s=96&d=mm&r=g","contentUrl":"https:\/\/secure.gravatar.com\/avatar\/1c1599db13943f3289fb3206e5aaf9560b644e4aaf0b4d3a378ba91202ab9cc4?s=96&d=mm&r=g","caption":"rodrigo"},"url":"https:\/\/globalattitude.org.br\/en\/author\/rodrigo\/"}]}},"_links":{"self":[{"href":"https:\/\/globalattitude.org.br\/en\/wp-json\/wp\/v2\/posts\/2845","targetHints":{"allow":["GET"]}}],"collection":[{"href":"https:\/\/globalattitude.org.br\/en\/wp-json\/wp\/v2\/posts"}],"about":[{"href":"https:\/\/globalattitude.org.br\/en\/wp-json\/wp\/v2\/types\/post"}],"author":[{"embeddable":true,"href":"https:\/\/globalattitude.org.br\/en\/wp-json\/wp\/v2\/users\/3"}],"replies":[{"embeddable":true,"href":"https:\/\/globalattitude.org.br\/en\/wp-json\/wp\/v2\/comments?post=2845"}],"version-history":[{"count":1,"href":"https:\/\/globalattitude.org.br\/en\/wp-json\/wp\/v2\/posts\/2845\/revisions"}],"predecessor-version":[{"id":2847,"href":"https:\/\/globalattitude.org.br\/en\/wp-json\/wp\/v2\/posts\/2845\/revisions\/2847"}],"wp:featuredmedia":[{"embeddable":true,"href":"https:\/\/globalattitude.org.br\/en\/wp-json\/wp\/v2\/media\/2846"}],"wp:attachment":[{"href":"https:\/\/globalattitude.org.br\/en\/wp-json\/wp\/v2\/media?parent=2845"}],"wp:term":[{"taxonomy":"category","embeddable":true,"href":"https:\/\/globalattitude.org.br\/en\/wp-json\/wp\/v2\/categories?post=2845"},{"taxonomy":"post_tag","embeddable":true,"href":"https:\/\/globalattitude.org.br\/en\/wp-json\/wp\/v2\/tags?post=2845"}],"curies":[{"name":"wp","href":"https:\/\/api.w.org\/{rel}","templated":true}]}}