{"id":2848,"date":"2019-04-29T15:57:25","date_gmt":"2019-04-29T18:57:25","guid":{"rendered":"https:\/\/globalattitude.org.br\/delegacao-viaja-a-nova-york-para-participar-de-forum-da-onu-sobre-conservacao-florestal\/"},"modified":"2023-03-10T10:50:47","modified_gmt":"2023-03-10T13:50:47","slug":"delegacao-viaja-a-nova-york-para-participar-de-forum-da-onu-sobre-conservacao-florestal","status":"publish","type":"post","link":"https:\/\/globalattitude.org.br\/en\/delegacao-viaja-a-nova-york-para-participar-de-forum-da-onu-sobre-conservacao-florestal\/","title":{"rendered":"Delega\u00e7\u00e3o viaja a Nova York para participar de f\u00f3rum da ONU sobre conserva\u00e7\u00e3o florestal"},"content":{"rendered":"<p>Neste s\u00e1bado (4), uma nova delega\u00e7\u00e3o do Diplomacia Civil embarca a Nova York, EUA, para participar do UN Forum on Forests, ao lado de\u00a0representantes dos Estados membro da ONU, organiza\u00e7\u00f5es internacionais e membros com Status Consultivo no ECOSOC para discutir estrat\u00e9gias de implementa\u00e7\u00e3o dos objetivos focados na preserva\u00e7\u00e3o de florestas no mundo, por meio da coopera\u00e7\u00e3o financeira e tecnol\u00f3gica internacional.<\/p>\n<p>Criado no ano 2000, o\u00a0objetivo principal do evento \u00e9 promover a gest\u00e3o, conserva\u00e7\u00e3o e desenvolvimento sustent\u00e1vel de todos os tipos de florestas, promovendo o di\u00e1logo para melhorar a coopera\u00e7\u00e3o e coordena\u00e7\u00e3o em quest\u00f5es florestais e fornecendo, ainda, um panorama florestal que abrange aspectos econ\u00f4micos, sociais e ambientais.<\/p>\n<p>Como processo preparat\u00f3rio para a viagem,\u00a0a delega\u00e7\u00e3o, composta por tr\u00eas mulheres, passou por cinco Diplo.Labs (workshops) e est\u00e3o em fase de\u00a0finaliza\u00e7\u00e3o de seus artigos, com\u00a0temas voltados ao assunto do f\u00f3rum \u2013 sugeridos por elas mesmas -, orientadas por\u00a0um professor especialista. J\u00e1 em Nova York, a delega\u00e7\u00e3o\u00a0contar\u00e1, al\u00e9m das palestras e debates do evento, com agenda exclusiva de reuni\u00f5es e encontros com l\u00edderes e especialistas, promovidos pela coordena\u00e7\u00e3o do Diplomacia Civil.<\/p>\n<p><strong>Conhe\u00e7a as selecionadas:<br \/>\n<\/strong><span style=\"font-weight: 400;\"><strong><a href=\"http:\/\/globalattitude.org.br\/wp-content\/uploads\/2023\/03\/fERNANDA-2.jpg\"><img decoding=\"async\" class=\"alignleft wp-image-4739\" src=\"http:\/\/globalattitude.org.br\/wp-content\/uploads\/2023\/03\/fERNANDA-2-300x300.jpg\" alt=\"\" width=\"200\" height=\"200\" \/><\/a>Fernanda Martins Freitas<\/strong> \u00e9 graduanda em Direito pela Pontif\u00edcia Universidade Cat\u00f3lica de S\u00e3o Paulo (PUC-SP) e trabalha no escrit\u00f3rio Battaglia e Pedrosa Advogados, com foco em Contencioso Empresarial. Participou de diversas competi\u00e7\u00f5es nacionais e internacionais de negocia\u00e7\u00e3o e media\u00e7\u00e3o, ficando em terceiro lugar na The IBA-VIAC Mediation &amp; Negotiation Competition &#8211; CDRC\/ Vienna (2017), e obtendo resultados significativos na I Competi\u00e7\u00e3o Brasileira de Media\u00e7\u00e3o e Negocia\u00e7\u00e3o Empresarial &#8211; CAMARB (2016), International Commercial Mediation Competition &#8211; ICC\/ Paris (2017) e CPR International Mediation Competition (2017). Publicou monografia cient\u00edfica pela PUC-SP sob o tema &#8220;Media\u00e7\u00e3o na Administra\u00e7\u00e3o P\u00fablica&#8221; e participou do programa Public International Law Program, da PUC-SP, onde teve a oportunidade de visitar \u00f3rg\u00e3os internacionais como o Pal\u00e1cio da Organiza\u00e7\u00e3o das Na\u00e7\u00f5es Unidas; Alto Comissariado da ONU para Refugiados; Organiza\u00e7\u00e3o Internacional do Trabalho; Organiza\u00e7\u00e3o Mundial do Com\u00e9rcio; Tribunal Penal Internacional e Corte Internacional de Justi\u00e7a.<\/span><\/p>\n<p><span style=\"font-weight: 400;\"><strong><a href=\"http:\/\/globalattitude.org.br\/wp-content\/uploads\/2023\/03\/Helena.jpg\"><img decoding=\"async\" class=\"alignright wp-image-4740\" src=\"http:\/\/globalattitude.org.br\/wp-content\/uploads\/2023\/03\/Helena-300x300.jpg\" alt=\"conserva\u00e7\u00e3o florestal\" width=\"200\" height=\"200\" \/><\/a>Helena Andrade<\/strong> \u00e9 graduanda em Rela\u00e7\u00f5es Internacionais pelo Instituto de Educa\u00e7\u00e3o Superior de Bras\u00edlia (IESB) e em Ci\u00eancia Pol\u00edtica pela Universidade de Bras\u00edlia (UnB). <\/span><span style=\"font-weight: 400;\">Possui estudos direcionados a temas como meio ambiente, pol\u00edticas indigenistas e antropologia. Apresenta forte habilidade de comunica\u00e7\u00e3o escrita, reconhecida atrav\u00e9s do primeiro lugar no IV Concurso SINEPE de Reda\u00e7\u00e3o (2015) e do destaque no projeto Jovem Escritor, desenvolvido pela Funda\u00e7\u00e3o Matias Machline (2016). Participou ainda da Olimp\u00edada Brasileira de Lingu\u00edstica (2017) e da Expedi\u00e7\u00e3o Amaz\u00f4nia 21 (2019). Atualmente, compartilha seus conhecimentos e experi\u00eancias atrav\u00e9s das m\u00eddias sociais, atuando em prol de uma maior democratiza\u00e7\u00e3o do saber.<\/span><\/p>\n<p><span style=\"font-weight: 400;\"><strong><a href=\"http:\/\/globalattitude.org.br\/wp-content\/uploads\/2023\/03\/DSC_3158.jpg\"><img decoding=\"async\" class=\"alignleft wp-image-4738\" src=\"http:\/\/globalattitude.org.br\/wp-content\/uploads\/2023\/03\/DSC_3158-300x300.jpg\" alt=\"conserva\u00e7\u00e3o florestal\" width=\"200\" height=\"200\" \/><\/a>Julia Sydow<\/strong> \u00e9 Engenheira Florestal pela Universidade Federal do Paran\u00e1. Passou por Inicia\u00e7\u00e3o \u00e0 Doc\u00eancia e Cient\u00edfica, Empresa J\u00fanior e eventos do MEJ (Movimento Empresa J\u00fanior), Est\u00e1gios de ver\u00e3o, colaborou no CAEF (Centro Acad\u00eamico de Engenharia Florestal), Curso de Manejo Florestal do INPA, Est\u00e1gio profissional na Fibria e Apresenta\u00e7\u00e3o de resumo em Congresso Florestal Latino-Americano com \u00eanfase em Manejo Florestal e Mudan\u00e7as clim\u00e1ticas. Todas essas experi\u00eancias expandiram sua mente e propiciaram conhecer pessoas incr\u00edveis, e ainda, identificar todos os potenciais os quais poderia explorar. Sua busca continua e, nesse caminho, encontrou o Instituto Global Attitude, ao identificar que o Brasil \u00e9 um pa\u00eds florestal e deve se reconhecer como tal para alcan\u00e7ar uma sociedade mais justa e sustent\u00e1vel.<\/span><\/p>\n<p><strong>Acompanhe nossas redes sociais\u00a0(<a href=\"https:\/\/www.facebook.com\/global.attitude.org\/\">Facebook<\/a>,\u00a0<a href=\"https:\/\/twitter.com\/global_attitude\">Twitter<\/a>\u00a0e\u00a0<a href=\"https:\/\/www.instagram.com\/globalattitude\/\">Instagram<\/a>) para ver tudo o que as delegadas estar\u00e3o vivenciando no f\u00f3rum.<\/strong><\/p>\n","protected":false},"excerpt":{"rendered":"<p>Neste s\u00e1bado (4), uma nova delega\u00e7\u00e3o do Diplomacia Civil embarca a Nova York, EUA, para participar do UN Forum on Forests, ao lado de\u00a0representantes dos Estados membro da ONU, organiza\u00e7\u00f5es internacionais e membros com Status Consultivo no ECOSOC para discutir estrat\u00e9gias de implementa\u00e7\u00e3o dos objetivos focados na preserva\u00e7\u00e3o de florestas no mundo, por meio da [&hellip;]<\/p>\n","protected":false},"author":3,"featured_media":2849,"comment_status":"open","ping_status":"open","sticky":false,"template":"","format":"standard","meta":{"_acf_changed":false,"om_disable_all_campaigns":false,"_monsterinsights_skip_tracking":false,"_monsterinsights_sitenote_active":false,"_monsterinsights_sitenote_note":"","_monsterinsights_sitenote_category":0,"_uf_show_specific_survey":0,"_uf_disable_surveys":false,"footnotes":""},"categories":[22,34],"tags":[67,56,25,68,4,69,5,70],"class_list":["post-2848","post","type-post","status-publish","format-standard","hentry","category-programas","category-ultimas","tag-conservacao-florestal","tag-desenvolvimento-sustentavel","tag-diplomacia-civil","tag-florestas","tag-instituto-global-attitude","tag-meio-ambiente","tag-onu","tag-un-forum-on-forests"],"acf":[],"aioseo_notices":[],"yoast_head":"<!-- This site is optimized with the Yoast SEO plugin v27.5 - https:\/\/yoast.com\/product\/yoast-seo-wordpress\/ -->\n<title>Conserva\u00e7\u00e3o florestal - Delega\u00e7\u00e3o participa de F\u00f3rum da ONU<\/title>\n<meta name=\"description\" content=\"Conserva\u00e7\u00e3o florestal - uma nova delega\u00e7\u00e3o do Diplomacia Civil embarca a Nova York, EUA, para participar do UN Forum on Forests... Saiba Mais\" \/>\n<meta name=\"robots\" content=\"index, follow, max-snippet:-1, max-image-preview:large, max-video-preview:-1\" \/>\n<link rel=\"canonical\" href=\"https:\/\/globalattitude.org.br\/delegacao-viaja-a-nova-york-para-participar-de-forum-da-onu-sobre-conservacao-florestal\/\" \/>\n<meta property=\"og:locale\" content=\"en_US\" \/>\n<meta property=\"og:type\" content=\"article\" \/>\n<meta property=\"og:title\" content=\"Conserva\u00e7\u00e3o florestal - Delega\u00e7\u00e3o participa de F\u00f3rum da ONU\" \/>\n<meta property=\"og:description\" content=\"Conserva\u00e7\u00e3o florestal - uma nova delega\u00e7\u00e3o do Diplomacia Civil embarca a Nova York, EUA, para participar do UN Forum on Forests... Saiba Mais\" \/>\n<meta property=\"og:url\" content=\"https:\/\/globalattitude.org.br\/delegacao-viaja-a-nova-york-para-participar-de-forum-da-onu-sobre-conservacao-florestal\/\" \/>\n<meta property=\"og:site_name\" content=\"Instituto Global Attitude\" \/>\n<meta property=\"article:publisher\" content=\"https:\/\/www.facebook.com\/global.attitude.org\/\" \/>\n<meta property=\"article:published_time\" content=\"2019-04-29T18:57:25+00:00\" \/>\n<meta property=\"article:modified_time\" content=\"2023-03-10T13:50:47+00:00\" \/>\n<meta property=\"og:image\" content=\"https:\/\/globalattitude.org.br\/wp-content\/uploads\/2023\/03\/fERNANDA-2.jpg\" \/>\n\t<meta property=\"og:image:width\" content=\"1000\" \/>\n\t<meta property=\"og:image:height\" content=\"1000\" \/>\n\t<meta property=\"og:image:type\" content=\"image\/jpeg\" \/>\n<meta name=\"author\" content=\"rodrigo\" \/>\n<meta name=\"twitter:card\" content=\"summary_large_image\" \/>\n<meta name=\"twitter:creator\" content=\"@global_attitude\" \/>\n<meta name=\"twitter:site\" content=\"@global_attitude\" \/>\n<meta name=\"twitter:label1\" content=\"Written by\" \/>\n\t<meta name=\"twitter:data1\" content=\"rodrigo\" \/>\n\t<meta name=\"twitter:label2\" content=\"Est. reading time\" \/>\n\t<meta name=\"twitter:data2\" content=\"3 minutes\" \/>\n<script type=\"application\/ld+json\" class=\"yoast-schema-graph\">{\"@context\":\"https:\\\/\\\/schema.org\",\"@graph\":[{\"@type\":[\"Article\",\"BlogPosting\"],\"@id\":\"https:\\\/\\\/globalattitude.org.br\\\/delegacao-viaja-a-nova-york-para-participar-de-forum-da-onu-sobre-conservacao-florestal\\\/#article\",\"isPartOf\":{\"@id\":\"https:\\\/\\\/globalattitude.org.br\\\/delegacao-viaja-a-nova-york-para-participar-de-forum-da-onu-sobre-conservacao-florestal\\\/\"},\"author\":{\"name\":\"rodrigo\",\"@id\":\"https:\\\/\\\/globalattitude.org.br\\\/en\\\/#\\\/schema\\\/person\\\/c0db5efc16133ab28ea2d64fc19667e5\"},\"headline\":\"Delega\u00e7\u00e3o viaja a Nova York para participar de f\u00f3rum da ONU sobre conserva\u00e7\u00e3o florestal\",\"datePublished\":\"2019-04-29T18:57:25+00:00\",\"dateModified\":\"2023-03-10T13:50:47+00:00\",\"mainEntityOfPage\":{\"@id\":\"https:\\\/\\\/globalattitude.org.br\\\/delegacao-viaja-a-nova-york-para-participar-de-forum-da-onu-sobre-conservacao-florestal\\\/\"},\"wordCount\":656,\"commentCount\":0,\"publisher\":{\"@id\":\"https:\\\/\\\/globalattitude.org.br\\\/en\\\/#organization\"},\"image\":{\"@id\":\"https:\\\/\\\/globalattitude.org.br\\\/delegacao-viaja-a-nova-york-para-participar-de-forum-da-onu-sobre-conservacao-florestal\\\/#primaryimage\"},\"thumbnailUrl\":\"https:\\\/\\\/globalattitude.org.br\\\/wp-content\\\/uploads\\\/2023\\\/03\\\/fERNANDA-2.jpg\",\"keywords\":[\"Conserva\u00e7\u00e3o florestal\",\"desenvolvimento sustent\u00e1vel\",\"Diplomacia Civil\",\"Florestas\",\"Instituto Global Attitude\",\"meio ambiente\",\"ONU\",\"UN Forum on Forests\"],\"articleSection\":[\"Programas\",\"\u00daltimas\"],\"inLanguage\":\"en-US\",\"potentialAction\":[{\"@type\":\"CommentAction\",\"name\":\"Comment\",\"target\":[\"https:\\\/\\\/globalattitude.org.br\\\/delegacao-viaja-a-nova-york-para-participar-de-forum-da-onu-sobre-conservacao-florestal\\\/#respond\"]}]},{\"@type\":\"WebPage\",\"@id\":\"https:\\\/\\\/globalattitude.org.br\\\/delegacao-viaja-a-nova-york-para-participar-de-forum-da-onu-sobre-conservacao-florestal\\\/\",\"url\":\"https:\\\/\\\/globalattitude.org.br\\\/delegacao-viaja-a-nova-york-para-participar-de-forum-da-onu-sobre-conservacao-florestal\\\/\",\"name\":\"Conserva\u00e7\u00e3o florestal - Delega\u00e7\u00e3o participa de F\u00f3rum da ONU\",\"isPartOf\":{\"@id\":\"https:\\\/\\\/globalattitude.org.br\\\/en\\\/#website\"},\"primaryImageOfPage\":{\"@id\":\"https:\\\/\\\/globalattitude.org.br\\\/delegacao-viaja-a-nova-york-para-participar-de-forum-da-onu-sobre-conservacao-florestal\\\/#primaryimage\"},\"image\":{\"@id\":\"https:\\\/\\\/globalattitude.org.br\\\/delegacao-viaja-a-nova-york-para-participar-de-forum-da-onu-sobre-conservacao-florestal\\\/#primaryimage\"},\"thumbnailUrl\":\"https:\\\/\\\/globalattitude.org.br\\\/wp-content\\\/uploads\\\/2023\\\/03\\\/fERNANDA-2.jpg\",\"datePublished\":\"2019-04-29T18:57:25+00:00\",\"dateModified\":\"2023-03-10T13:50:47+00:00\",\"description\":\"Conserva\u00e7\u00e3o florestal - uma nova delega\u00e7\u00e3o do Diplomacia Civil embarca a Nova York, EUA, para participar do UN Forum on Forests... Saiba Mais\",\"breadcrumb\":{\"@id\":\"https:\\\/\\\/globalattitude.org.br\\\/delegacao-viaja-a-nova-york-para-participar-de-forum-da-onu-sobre-conservacao-florestal\\\/#breadcrumb\"},\"inLanguage\":\"en-US\",\"potentialAction\":[{\"@type\":\"ReadAction\",\"target\":[\"https:\\\/\\\/globalattitude.org.br\\\/delegacao-viaja-a-nova-york-para-participar-de-forum-da-onu-sobre-conservacao-florestal\\\/\"]}]},{\"@type\":\"ImageObject\",\"inLanguage\":\"en-US\",\"@id\":\"https:\\\/\\\/globalattitude.org.br\\\/delegacao-viaja-a-nova-york-para-participar-de-forum-da-onu-sobre-conservacao-florestal\\\/#primaryimage\",\"url\":\"https:\\\/\\\/globalattitude.org.br\\\/wp-content\\\/uploads\\\/2023\\\/03\\\/fERNANDA-2.jpg\",\"contentUrl\":\"https:\\\/\\\/globalattitude.org.br\\\/wp-content\\\/uploads\\\/2023\\\/03\\\/fERNANDA-2.jpg\",\"width\":1000,\"height\":1000},{\"@type\":\"BreadcrumbList\",\"@id\":\"https:\\\/\\\/globalattitude.org.br\\\/delegacao-viaja-a-nova-york-para-participar-de-forum-da-onu-sobre-conservacao-florestal\\\/#breadcrumb\",\"itemListElement\":[{\"@type\":\"ListItem\",\"position\":1,\"name\":\"In\u00edcio\",\"item\":\"https:\\\/\\\/globalattitude.org.br\\\/en\\\/\"},{\"@type\":\"ListItem\",\"position\":2,\"name\":\"Delega\u00e7\u00e3o viaja a Nova York para participar de f\u00f3rum da ONU sobre conserva\u00e7\u00e3o florestal\"}]},{\"@type\":\"WebSite\",\"@id\":\"https:\\\/\\\/globalattitude.org.br\\\/en\\\/#website\",\"url\":\"https:\\\/\\\/globalattitude.org.br\\\/en\\\/\",\"name\":\"Instituto Global Attitude\",\"description\":\"\",\"publisher\":{\"@id\":\"https:\\\/\\\/globalattitude.org.br\\\/en\\\/#organization\"},\"potentialAction\":[{\"@type\":\"SearchAction\",\"target\":{\"@type\":\"EntryPoint\",\"urlTemplate\":\"https:\\\/\\\/globalattitude.org.br\\\/en\\\/?s={search_term_string}\"},\"query-input\":{\"@type\":\"PropertyValueSpecification\",\"valueRequired\":true,\"valueName\":\"search_term_string\"}}],\"inLanguage\":\"en-US\"},{\"@type\":\"Organization\",\"@id\":\"https:\\\/\\\/globalattitude.org.br\\\/en\\\/#organization\",\"name\":\"Instituto Global Attitude\",\"url\":\"https:\\\/\\\/globalattitude.org.br\\\/en\\\/\",\"logo\":{\"@type\":\"ImageObject\",\"inLanguage\":\"en-US\",\"@id\":\"https:\\\/\\\/globalattitude.org.br\\\/en\\\/#\\\/schema\\\/logo\\\/image\\\/\",\"url\":\"https:\\\/\\\/globalattitude.org.br\\\/wp-content\\\/uploads\\\/2023\\\/01\\\/instituto-global-attitude-color.png\",\"contentUrl\":\"https:\\\/\\\/globalattitude.org.br\\\/wp-content\\\/uploads\\\/2023\\\/01\\\/instituto-global-attitude-color.png\",\"width\":300,\"height\":131,\"caption\":\"Instituto Global Attitude\"},\"image\":{\"@id\":\"https:\\\/\\\/globalattitude.org.br\\\/en\\\/#\\\/schema\\\/logo\\\/image\\\/\"},\"sameAs\":[\"https:\\\/\\\/www.facebook.com\\\/global.attitude.org\\\/\",\"https:\\\/\\\/x.com\\\/global_attitude\",\"https:\\\/\\\/www.instagram.com\\\/globalattitude\",\"https:\\\/\\\/www.linkedin.com\\\/company\\\/global-attitude\\\/?viewAsMember=true\"]},{\"@type\":\"Person\",\"@id\":\"https:\\\/\\\/globalattitude.org.br\\\/en\\\/#\\\/schema\\\/person\\\/c0db5efc16133ab28ea2d64fc19667e5\",\"name\":\"rodrigo\",\"image\":{\"@type\":\"ImageObject\",\"inLanguage\":\"en-US\",\"@id\":\"https:\\\/\\\/secure.gravatar.com\\\/avatar\\\/1c1599db13943f3289fb3206e5aaf9560b644e4aaf0b4d3a378ba91202ab9cc4?s=96&d=mm&r=g\",\"url\":\"https:\\\/\\\/secure.gravatar.com\\\/avatar\\\/1c1599db13943f3289fb3206e5aaf9560b644e4aaf0b4d3a378ba91202ab9cc4?s=96&d=mm&r=g\",\"contentUrl\":\"https:\\\/\\\/secure.gravatar.com\\\/avatar\\\/1c1599db13943f3289fb3206e5aaf9560b644e4aaf0b4d3a378ba91202ab9cc4?s=96&d=mm&r=g\",\"caption\":\"rodrigo\"},\"url\":\"https:\\\/\\\/globalattitude.org.br\\\/en\\\/author\\\/rodrigo\\\/\"}]}<\/script>\n<!-- \/ Yoast SEO plugin. -->","yoast_head_json":{"title":"Conserva\u00e7\u00e3o florestal - Delega\u00e7\u00e3o participa de F\u00f3rum da ONU","description":"Conserva\u00e7\u00e3o florestal - uma nova delega\u00e7\u00e3o do Diplomacia Civil embarca a Nova York, EUA, para participar do UN Forum on Forests... Saiba Mais","robots":{"index":"index","follow":"follow","max-snippet":"max-snippet:-1","max-image-preview":"max-image-preview:large","max-video-preview":"max-video-preview:-1"},"canonical":"https:\/\/globalattitude.org.br\/delegacao-viaja-a-nova-york-para-participar-de-forum-da-onu-sobre-conservacao-florestal\/","og_locale":"en_US","og_type":"article","og_title":"Conserva\u00e7\u00e3o florestal - Delega\u00e7\u00e3o participa de F\u00f3rum da ONU","og_description":"Conserva\u00e7\u00e3o florestal - uma nova delega\u00e7\u00e3o do Diplomacia Civil embarca a Nova York, EUA, para participar do UN Forum on Forests... Saiba Mais","og_url":"https:\/\/globalattitude.org.br\/delegacao-viaja-a-nova-york-para-participar-de-forum-da-onu-sobre-conservacao-florestal\/","og_site_name":"Instituto Global Attitude","article_publisher":"https:\/\/www.facebook.com\/global.attitude.org\/","article_published_time":"2019-04-29T18:57:25+00:00","article_modified_time":"2023-03-10T13:50:47+00:00","og_image":[{"width":1000,"height":1000,"url":"https:\/\/globalattitude.org.br\/wp-content\/uploads\/2023\/03\/fERNANDA-2.jpg","type":"image\/jpeg"}],"author":"rodrigo","twitter_card":"summary_large_image","twitter_creator":"@global_attitude","twitter_site":"@global_attitude","twitter_misc":{"Written by":"rodrigo","Est. reading time":"3 minutes"},"schema":{"@context":"https:\/\/schema.org","@graph":[{"@type":["Article","BlogPosting"],"@id":"https:\/\/globalattitude.org.br\/delegacao-viaja-a-nova-york-para-participar-de-forum-da-onu-sobre-conservacao-florestal\/#article","isPartOf":{"@id":"https:\/\/globalattitude.org.br\/delegacao-viaja-a-nova-york-para-participar-de-forum-da-onu-sobre-conservacao-florestal\/"},"author":{"name":"rodrigo","@id":"https:\/\/globalattitude.org.br\/en\/#\/schema\/person\/c0db5efc16133ab28ea2d64fc19667e5"},"headline":"Delega\u00e7\u00e3o viaja a Nova York para participar de f\u00f3rum da ONU sobre conserva\u00e7\u00e3o florestal","datePublished":"2019-04-29T18:57:25+00:00","dateModified":"2023-03-10T13:50:47+00:00","mainEntityOfPage":{"@id":"https:\/\/globalattitude.org.br\/delegacao-viaja-a-nova-york-para-participar-de-forum-da-onu-sobre-conservacao-florestal\/"},"wordCount":656,"commentCount":0,"publisher":{"@id":"https:\/\/globalattitude.org.br\/en\/#organization"},"image":{"@id":"https:\/\/globalattitude.org.br\/delegacao-viaja-a-nova-york-para-participar-de-forum-da-onu-sobre-conservacao-florestal\/#primaryimage"},"thumbnailUrl":"https:\/\/globalattitude.org.br\/wp-content\/uploads\/2023\/03\/fERNANDA-2.jpg","keywords":["Conserva\u00e7\u00e3o florestal","desenvolvimento sustent\u00e1vel","Diplomacia Civil","Florestas","Instituto Global Attitude","meio ambiente","ONU","UN Forum on Forests"],"articleSection":["Programas","\u00daltimas"],"inLanguage":"en-US","potentialAction":[{"@type":"CommentAction","name":"Comment","target":["https:\/\/globalattitude.org.br\/delegacao-viaja-a-nova-york-para-participar-de-forum-da-onu-sobre-conservacao-florestal\/#respond"]}]},{"@type":"WebPage","@id":"https:\/\/globalattitude.org.br\/delegacao-viaja-a-nova-york-para-participar-de-forum-da-onu-sobre-conservacao-florestal\/","url":"https:\/\/globalattitude.org.br\/delegacao-viaja-a-nova-york-para-participar-de-forum-da-onu-sobre-conservacao-florestal\/","name":"Conserva\u00e7\u00e3o florestal - Delega\u00e7\u00e3o participa de F\u00f3rum da ONU","isPartOf":{"@id":"https:\/\/globalattitude.org.br\/en\/#website"},"primaryImageOfPage":{"@id":"https:\/\/globalattitude.org.br\/delegacao-viaja-a-nova-york-para-participar-de-forum-da-onu-sobre-conservacao-florestal\/#primaryimage"},"image":{"@id":"https:\/\/globalattitude.org.br\/delegacao-viaja-a-nova-york-para-participar-de-forum-da-onu-sobre-conservacao-florestal\/#primaryimage"},"thumbnailUrl":"https:\/\/globalattitude.org.br\/wp-content\/uploads\/2023\/03\/fERNANDA-2.jpg","datePublished":"2019-04-29T18:57:25+00:00","dateModified":"2023-03-10T13:50:47+00:00","description":"Conserva\u00e7\u00e3o florestal - uma nova delega\u00e7\u00e3o do Diplomacia Civil embarca a Nova York, EUA, para participar do UN Forum on Forests... Saiba Mais","breadcrumb":{"@id":"https:\/\/globalattitude.org.br\/delegacao-viaja-a-nova-york-para-participar-de-forum-da-onu-sobre-conservacao-florestal\/#breadcrumb"},"inLanguage":"en-US","potentialAction":[{"@type":"ReadAction","target":["https:\/\/globalattitude.org.br\/delegacao-viaja-a-nova-york-para-participar-de-forum-da-onu-sobre-conservacao-florestal\/"]}]},{"@type":"ImageObject","inLanguage":"en-US","@id":"https:\/\/globalattitude.org.br\/delegacao-viaja-a-nova-york-para-participar-de-forum-da-onu-sobre-conservacao-florestal\/#primaryimage","url":"https:\/\/globalattitude.org.br\/wp-content\/uploads\/2023\/03\/fERNANDA-2.jpg","contentUrl":"https:\/\/globalattitude.org.br\/wp-content\/uploads\/2023\/03\/fERNANDA-2.jpg","width":1000,"height":1000},{"@type":"BreadcrumbList","@id":"https:\/\/globalattitude.org.br\/delegacao-viaja-a-nova-york-para-participar-de-forum-da-onu-sobre-conservacao-florestal\/#breadcrumb","itemListElement":[{"@type":"ListItem","position":1,"name":"In\u00edcio","item":"https:\/\/globalattitude.org.br\/en\/"},{"@type":"ListItem","position":2,"name":"Delega\u00e7\u00e3o viaja a Nova York para participar de f\u00f3rum da ONU sobre conserva\u00e7\u00e3o florestal"}]},{"@type":"WebSite","@id":"https:\/\/globalattitude.org.br\/en\/#website","url":"https:\/\/globalattitude.org.br\/en\/","name":"Instituto Global Attitude","description":"","publisher":{"@id":"https:\/\/globalattitude.org.br\/en\/#organization"},"potentialAction":[{"@type":"SearchAction","target":{"@type":"EntryPoint","urlTemplate":"https:\/\/globalattitude.org.br\/en\/?s={search_term_string}"},"query-input":{"@type":"PropertyValueSpecification","valueRequired":true,"valueName":"search_term_string"}}],"inLanguage":"en-US"},{"@type":"Organization","@id":"https:\/\/globalattitude.org.br\/en\/#organization","name":"Instituto Global Attitude","url":"https:\/\/globalattitude.org.br\/en\/","logo":{"@type":"ImageObject","inLanguage":"en-US","@id":"https:\/\/globalattitude.org.br\/en\/#\/schema\/logo\/image\/","url":"https:\/\/globalattitude.org.br\/wp-content\/uploads\/2023\/01\/instituto-global-attitude-color.png","contentUrl":"https:\/\/globalattitude.org.br\/wp-content\/uploads\/2023\/01\/instituto-global-attitude-color.png","width":300,"height":131,"caption":"Instituto Global Attitude"},"image":{"@id":"https:\/\/globalattitude.org.br\/en\/#\/schema\/logo\/image\/"},"sameAs":["https:\/\/www.facebook.com\/global.attitude.org\/","https:\/\/x.com\/global_attitude","https:\/\/www.instagram.com\/globalattitude","https:\/\/www.linkedin.com\/company\/global-attitude\/?viewAsMember=true"]},{"@type":"Person","@id":"https:\/\/globalattitude.org.br\/en\/#\/schema\/person\/c0db5efc16133ab28ea2d64fc19667e5","name":"rodrigo","image":{"@type":"ImageObject","inLanguage":"en-US","@id":"https:\/\/secure.gravatar.com\/avatar\/1c1599db13943f3289fb3206e5aaf9560b644e4aaf0b4d3a378ba91202ab9cc4?s=96&d=mm&r=g","url":"https:\/\/secure.gravatar.com\/avatar\/1c1599db13943f3289fb3206e5aaf9560b644e4aaf0b4d3a378ba91202ab9cc4?s=96&d=mm&r=g","contentUrl":"https:\/\/secure.gravatar.com\/avatar\/1c1599db13943f3289fb3206e5aaf9560b644e4aaf0b4d3a378ba91202ab9cc4?s=96&d=mm&r=g","caption":"rodrigo"},"url":"https:\/\/globalattitude.org.br\/en\/author\/rodrigo\/"}]}},"_links":{"self":[{"href":"https:\/\/globalattitude.org.br\/en\/wp-json\/wp\/v2\/posts\/2848","targetHints":{"allow":["GET"]}}],"collection":[{"href":"https:\/\/globalattitude.org.br\/en\/wp-json\/wp\/v2\/posts"}],"about":[{"href":"https:\/\/globalattitude.org.br\/en\/wp-json\/wp\/v2\/types\/post"}],"author":[{"embeddable":true,"href":"https:\/\/globalattitude.org.br\/en\/wp-json\/wp\/v2\/users\/3"}],"replies":[{"embeddable":true,"href":"https:\/\/globalattitude.org.br\/en\/wp-json\/wp\/v2\/comments?post=2848"}],"version-history":[{"count":1,"href":"https:\/\/globalattitude.org.br\/en\/wp-json\/wp\/v2\/posts\/2848\/revisions"}],"predecessor-version":[{"id":2852,"href":"https:\/\/globalattitude.org.br\/en\/wp-json\/wp\/v2\/posts\/2848\/revisions\/2852"}],"wp:featuredmedia":[{"embeddable":true,"href":"https:\/\/globalattitude.org.br\/en\/wp-json\/wp\/v2\/media\/2849"}],"wp:attachment":[{"href":"https:\/\/globalattitude.org.br\/en\/wp-json\/wp\/v2\/media?parent=2848"}],"wp:term":[{"taxonomy":"category","embeddable":true,"href":"https:\/\/globalattitude.org.br\/en\/wp-json\/wp\/v2\/categories?post=2848"},{"taxonomy":"post_tag","embeddable":true,"href":"https:\/\/globalattitude.org.br\/en\/wp-json\/wp\/v2\/tags?post=2848"}],"curies":[{"name":"wp","href":"https:\/\/api.w.org\/{rel}","templated":true}]}}