{"id":2871,"date":"2019-06-07T18:44:49","date_gmt":"2019-06-07T21:44:49","guid":{"rendered":"https:\/\/globalattitude.org.br\/jovens-brasileiros-compoem-delegacao-para-forum-europeu-sobre-desenvolvimento-internacional\/"},"modified":"2026-06-10T14:44:56","modified_gmt":"2026-06-10T17:44:56","slug":"jovens-brasileiros-compoem-delegacao-para-forum-europeu-sobre-desenvolvimento-internacional","status":"publish","type":"post","link":"https:\/\/globalattitude.org.br\/en\/jovens-brasileiros-compoem-delegacao-para-forum-europeu-sobre-desenvolvimento-internacional\/","title":{"rendered":"Jovens brasileiros comp\u00f5em delega\u00e7\u00e3o para f\u00f3rum europeu sobre desenvolvimento internacional"},"content":{"rendered":"<p>Um dos f\u00f3runs mais antigos entre os trabalhados no programa Diplomacia Civil, o European Development Days 2019 contar\u00e1 com uma delega\u00e7\u00e3o para f\u00f3rum composta por quatro jovens brasileiros. Este \u00e9 o quinto ano consecutivo no principal f\u00f3rum europeu sobre coopera\u00e7\u00e3o e desenvolvimento internacional, promovido pela Comiss\u00e3o Europeia, que acontece anualmente em Bruxelas B\u00e9lgica.<\/p>\n<p>Sob o tema\u00a0\u201cEnfrentando as desigualdades: construindo um mundo que n\u00e3o deixa ningu\u00e9m para tr\u00e1s\u201d, a edi\u00e7\u00e3o de 2019 acontece de 16 a 21 de junho e foca em tr\u00eas quest\u00f5es principais:\u00a0por que desigualdades importam para o desenvolvimento sustent\u00e1vel; compreendendo as causas estruturais das desigualdades; e trabalhando em conjunto atrav\u00e9s de pol\u00edticas mais eficazes para lidar com as desigualdades. A delega\u00e7\u00e3o integrar\u00e1 os mais de 10 mil participantes do f\u00f3rum.<\/p>\n<p>Como processo preparat\u00f3rio para a viagem,\u00a0os delegados passam por cinco Diplo.Labs (workshops) e est\u00e3o em fase de\u00a0finaliza\u00e7\u00e3o de seus artigos, com\u00a0temas voltados ao assunto do f\u00f3rum \u2013 sugeridos por eles mesmos -, orientados por\u00a0um professor especialista. J\u00e1 em Bruxelas, a delega\u00e7\u00e3o\u00a0contar\u00e1, al\u00e9m das palestras e debates do evento, com agenda exclusiva de reuni\u00f5es e encontros com l\u00edderes e especialistas, promovidos pela coordena\u00e7\u00e3o do Diplomacia Civil.<\/p>\n<p><strong>Conhe\u00e7a os selecionados:<\/strong><br \/>\n<span style=\"font-weight: 400;\"><strong><a href=\"http:\/\/globalattitude.org.br\/wp-content\/uploads\/2023\/03\/gabriel-2.jpg\"><img decoding=\"async\" class=\"alignleft wp-image-4820\" src=\"http:\/\/globalattitude.org.br\/wp-content\/uploads\/2023\/03\/gabriel-2-300x300.jpg\" alt=\"\" width=\"200\" height=\"200\" \/><\/a>Gabriel Miceli de Carvalho<\/strong>, \u00e9 advogado, graduado em Direito pela Faculdade de Direito da Universidade Cat\u00f3lica de Santos (Unisantos), p\u00f3s-graduado em Direito Penal e Processual Penal pela Escola Paulista de Direito (EPD), com cursos de extens\u00e3o em Governabilidade, Ger\u00eancia Pol\u00edtica e Gest\u00e3o P\u00fablica pela FGV-RJ\/CAF\/George Washington University e advocacy pelo Advocacy HUB. \u00c9 s\u00f3cio propriet\u00e1rio do escrit\u00f3rio Carvalho Miceli Advogados desde 2015 e diretor adjunto de Cidadania e A\u00e7\u00e3o Social da Ordem dos Advogados Brasil &#8211; Subse\u00e7\u00e3o Santos-SP para o tri\u00eanio 2019\/2021. Atualmente, \u00e9 membro da Rede de A\u00e7\u00e3o Pol\u00edtica pela Sustentabilidade (RAPS), embaixador Politize e conselheiro titular no Conselho Municipal da Juventude de Santos para o bi\u00eanio 2019\/2020. <\/span><\/p>\n<p><b><a href=\"http:\/\/globalattitude.org.br\/wp-content\/uploads\/2023\/03\/igor-2.jpg\"><img decoding=\"async\" class=\"alignright wp-image-4821\" src=\"http:\/\/globalattitude.org.br\/wp-content\/uploads\/2023\/03\/igor-2-300x300.jpg\" alt=\"\" width=\"200\" height=\"200\" \/><\/a>Igor Cavalcante <\/b><span style=\"font-weight: 400;\">\u00e9 graduado em Direito, p\u00f3s-graduado em Direito e Rela\u00e7\u00f5es Internacionais pela UNIFOR, Direitos Fundamentais pela Universidade de Oxford, \u00a0p\u00f3s-graduando em Direito da Arbitragem pela Universidade de Lisboa e mestrando cient\u00edfico em Direito e Ci\u00eancia jur\u00eddica com especialidade em Constitucional na mesma universidade. Tornou-se membro de grupos de pesquisa nas \u00e1reas Constitucional e Fundamentais, Direito Internacional e Direitos Humanos. \u00c9 Membro da Comiss\u00e3o de Direitos Humanos e de Direito Internacional da OAB\/CE, Conferencista Internacional com palestras nos Eventos de Direitos Humanos na Universidade Portucalense.<\/span><\/p>\n<p><strong><a href=\"http:\/\/globalattitude.org.br\/wp-content\/uploads\/2023\/03\/isabella.jpeg\"><img decoding=\"async\" class=\"alignleft wp-image-4822\" src=\"http:\/\/globalattitude.org.br\/wp-content\/uploads\/2023\/03\/isabella-300x300.jpeg\" alt=\"\" width=\"200\" height=\"200\" \/><\/a>Isabella Trevisan Ferreira<\/strong> \u00e9 advogada, graduada pelo Centro Universit\u00e1rio Curitiba (Unicuritiba) e p\u00f3s-graduanda em Direitos Humanos e Pol\u00edticas P\u00fablicas para inf\u00e2ncias e juventudes pela Pontif\u00edcia Universidade Cat\u00f3lica do Paran\u00e1 (PUC-PR). Fez interc\u00e2mbio de um ano durante o High School no Colorado, Estados Unidos, onde alavancou o seu conhecimento e dom\u00ednio do ingl\u00eas. Atualmente, trabalha como s\u00f3cia administradora na Wizard by Pearson em Curitiba, tendo relevante experi\u00eancia na \u00e1rea de gest\u00e3o e finan\u00e7as empresariais.<\/p>\n<p>&nbsp;<\/p>\n<p><span style=\"font-weight: 400;\"><strong><a href=\"http:\/\/globalattitude.org.br\/wp-content\/uploads\/2023\/03\/marina-1.jpg\"><img loading=\"lazy\" decoding=\"async\" class=\"alignright wp-image-4823\" src=\"http:\/\/globalattitude.org.br\/wp-content\/uploads\/2023\/03\/marina-1.jpg\" alt=\"delega\u00e7\u00e3o para f\u00f3rum\" width=\"200\" height=\"200\" \/><\/a>Marina de Figueiredo Pongitor<\/strong> \u00e9 graduada em Rela\u00e7\u00f5es Internacionais pelas Faculdades de Campinas e se especializa em Direito Internacional pela Pontif\u00edcia Universidade Cat\u00f3lica de S\u00e3o Paulo. Atualmente, estuda e se prepara para a carreira de diplomata. Atua em eventos como Consultora de Rela\u00e7\u00f5es Internacionais para empresas e j\u00e1 participou de cursos na Fran\u00e7a e na Alemanha para sua faculdade sobre Pol\u00edtica e Economia da Uni\u00e3o Europeia.<\/span><\/p>\n<p>&nbsp;<\/p>\n<p><strong>Acompanhe nossas redes sociais\u00a0(<a href=\"https:\/\/www.facebook.com\/global.attitude.org\/\">Facebook<\/a>,\u00a0<a href=\"https:\/\/twitter.com\/global_attitude\">Twitter<\/a>\u00a0e\u00a0<a href=\"https:\/\/www.instagram.com\/globalattitude\/\">Instagram<\/a>) para ver tudo o que os delegados estar\u00e3o vivenciando no f\u00f3rum.<\/strong><\/p>\n","protected":false},"excerpt":{"rendered":"<p>Um dos f\u00f3runs mais antigos entre os trabalhados no programa Diplomacia Civil, o European Development Days 2019 contar\u00e1 com uma delega\u00e7\u00e3o para f\u00f3rum composta por quatro jovens brasileiros. Este \u00e9 o quinto ano consecutivo no principal f\u00f3rum europeu sobre coopera\u00e7\u00e3o e desenvolvimento internacional, promovido pela Comiss\u00e3o Europeia, que acontece anualmente em Bruxelas B\u00e9lgica. Sob o [&hellip;]<\/p>\n","protected":false},"author":3,"featured_media":2872,"comment_status":"open","ping_status":"open","sticky":false,"template":"","format":"standard","meta":{"_acf_changed":false,"om_disable_all_campaigns":false,"_monsterinsights_skip_tracking":false,"_uf_show_specific_survey":0,"_uf_disable_surveys":false,"footnotes":""},"categories":[22,34],"tags":[79,80,75,81,25,82,4],"class_list":["post-2871","post","type-post","status-publish","format-standard","hentry","category-programas","category-ultimas","tag-belgica","tag-comissao-europeia","tag-cooperacao-internacional","tag-desigualdade","tag-diplomacia-civil","tag-edd","tag-instituto-global-attitude"],"acf":[],"aioseo_notices":[],"aioseo_head":"\n\t\t<!-- All in One SEO 5.0.1.1 - aioseo.com -->\n\t<meta name=\"description\" content=\"Um dos f\u00f3runs mais antigos entre os trabalhados no programa Diplomacia Civil, o European Development Days 2019 contar\u00e1 com uma delega\u00e7\u00e3o para f\u00f3rum composta por quatro jovens brasileiros. Este \u00e9 o quinto ano consecutivo no principal f\u00f3rum europeu sobre coopera\u00e7\u00e3o e desenvolvimento internacional, promovido pela Comiss\u00e3o Europeia, que acontece anualmente em Bruxelas B\u00e9lgica. Sob o\" \/>\n\t<meta name=\"robots\" content=\"max-image-preview:large\" \/>\n\t<meta name=\"author\" content=\"rodrigo\"\/>\n\t<link rel=\"canonical\" href=\"https:\/\/globalattitude.org.br\/en\/jovens-brasileiros-compoem-delegacao-para-forum-europeu-sobre-desenvolvimento-internacional\/\" \/>\n\t<meta name=\"generator\" content=\"All in One SEO (AIOSEO) 5.0.1.1\" \/>\n\t\t<meta property=\"og:locale\" content=\"en_US\" \/>\n\t\t<meta property=\"og:site_name\" content=\"Instituto Global Attitude -\" \/>\n\t\t<meta property=\"og:type\" content=\"article\" \/>\n\t\t<meta property=\"og:title\" content=\"Jovens brasileiros comp\u00f5em delega\u00e7\u00e3o para f\u00f3rum europeu sobre desenvolvimento internacional - Instituto Global Attitude\" \/>\n\t\t<meta property=\"og:description\" content=\"Um dos f\u00f3runs mais antigos entre os trabalhados no programa Diplomacia Civil, o European Development Days 2019 contar\u00e1 com uma delega\u00e7\u00e3o para f\u00f3rum composta por quatro jovens brasileiros. Este \u00e9 o quinto ano consecutivo no principal f\u00f3rum europeu sobre coopera\u00e7\u00e3o e desenvolvimento internacional, promovido pela Comiss\u00e3o Europeia, que acontece anualmente em Bruxelas B\u00e9lgica. Sob o\" \/>\n\t\t<meta property=\"og:url\" content=\"https:\/\/globalattitude.org.br\/en\/jovens-brasileiros-compoem-delegacao-para-forum-europeu-sobre-desenvolvimento-internacional\/\" \/>\n\t\t<meta property=\"article:published_time\" content=\"2019-06-07T21:44:49+00:00\" \/>\n\t\t<meta property=\"article:modified_time\" content=\"2026-06-10T17:44:56+00:00\" \/>\n\t\t<meta name=\"twitter:card\" content=\"summary_large_image\" \/>\n\t\t<meta name=\"twitter:title\" content=\"Jovens brasileiros comp\u00f5em delega\u00e7\u00e3o para f\u00f3rum europeu sobre desenvolvimento internacional - Instituto Global Attitude\" \/>\n\t\t<meta name=\"twitter:description\" content=\"Um dos f\u00f3runs mais antigos entre os trabalhados no programa Diplomacia Civil, o European Development Days 2019 contar\u00e1 com uma delega\u00e7\u00e3o para f\u00f3rum composta por quatro jovens brasileiros. Este \u00e9 o quinto ano consecutivo no principal f\u00f3rum europeu sobre coopera\u00e7\u00e3o e desenvolvimento internacional, promovido pela Comiss\u00e3o Europeia, que acontece anualmente em Bruxelas B\u00e9lgica. Sob o\" \/>\n\t\t<script type=\"application\/ld+json\" class=\"aioseo-schema\">\n\t\t\t{\"@context\":\"https:\\\/\\\/schema.org\",\"@graph\":[{\"@type\":\"BlogPosting\",\"@id\":\"https:\\\/\\\/globalattitude.org.br\\\/en\\\/jovens-brasileiros-compoem-delegacao-para-forum-europeu-sobre-desenvolvimento-internacional\\\/#blogposting\",\"name\":\"Jovens brasileiros comp\\u00f5em delega\\u00e7\\u00e3o para f\\u00f3rum europeu sobre desenvolvimento internacional - Instituto Global Attitude\",\"headline\":\"Jovens brasileiros comp\\u00f5em delega\\u00e7\\u00e3o para f\\u00f3rum europeu sobre desenvolvimento internacional\",\"author\":{\"@id\":\"https:\\\/\\\/globalattitude.org.br\\\/en\\\/author\\\/rodrigo\\\/#author\"},\"publisher\":{\"@id\":\"https:\\\/\\\/globalattitude.org.br\\\/en\\\/#organization\"},\"image\":{\"@type\":\"ImageObject\",\"url\":\"https:\\\/\\\/globalattitude.org.br\\\/wp-content\\\/uploads\\\/2023\\\/03\\\/gabriel-2.jpg\",\"width\":650,\"height\":650},\"datePublished\":\"2019-06-07T18:44:49-03:00\",\"dateModified\":\"2026-06-10T14:44:56-03:00\",\"inLanguage\":\"en-US\",\"mainEntityOfPage\":{\"@id\":\"https:\\\/\\\/globalattitude.org.br\\\/en\\\/jovens-brasileiros-compoem-delegacao-para-forum-europeu-sobre-desenvolvimento-internacional\\\/#webpage\"},\"isPartOf\":{\"@id\":\"https:\\\/\\\/globalattitude.org.br\\\/en\\\/jovens-brasileiros-compoem-delegacao-para-forum-europeu-sobre-desenvolvimento-internacional\\\/#webpage\"},\"articleSection\":\"Programas, \\u00daltimas, B\\u00e9lgica, Comiss\\u00e3o Europeia, Coopera\\u00e7\\u00e3o internacional, Desigualdade, Diplomacia Civil, EDD, Instituto Global Attitude, Opcional\"},{\"@type\":\"BreadcrumbList\",\"@id\":\"https:\\\/\\\/globalattitude.org.br\\\/en\\\/jovens-brasileiros-compoem-delegacao-para-forum-europeu-sobre-desenvolvimento-internacional\\\/#breadcrumblist\",\"itemListElement\":[{\"@type\":\"ListItem\",\"@id\":\"https:\\\/\\\/globalattitude.org.br\\\/en\\\/#listItem\",\"position\":1,\"name\":\"Home\",\"item\":\"https:\\\/\\\/globalattitude.org.br\\\/en\\\/\",\"nextItem\":{\"@type\":\"ListItem\",\"@id\":\"https:\\\/\\\/globalattitude.org.br\\\/category\\\/programas\\\/#listItem\",\"name\":\"Programas\"}},{\"@type\":\"ListItem\",\"@id\":\"https:\\\/\\\/globalattitude.org.br\\\/category\\\/programas\\\/#listItem\",\"position\":2,\"name\":\"Programas\",\"item\":\"https:\\\/\\\/globalattitude.org.br\\\/category\\\/programas\\\/\",\"nextItem\":{\"@type\":\"ListItem\",\"@id\":\"https:\\\/\\\/globalattitude.org.br\\\/en\\\/jovens-brasileiros-compoem-delegacao-para-forum-europeu-sobre-desenvolvimento-internacional\\\/#listItem\",\"name\":\"Jovens brasileiros comp\\u00f5em delega\\u00e7\\u00e3o para f\\u00f3rum europeu sobre desenvolvimento internacional\"},\"previousItem\":{\"@type\":\"ListItem\",\"@id\":\"https:\\\/\\\/globalattitude.org.br\\\/en\\\/#listItem\",\"name\":\"Home\"}},{\"@type\":\"ListItem\",\"@id\":\"https:\\\/\\\/globalattitude.org.br\\\/en\\\/jovens-brasileiros-compoem-delegacao-para-forum-europeu-sobre-desenvolvimento-internacional\\\/#listItem\",\"position\":3,\"name\":\"Jovens brasileiros comp\\u00f5em delega\\u00e7\\u00e3o para f\\u00f3rum europeu sobre desenvolvimento internacional\",\"previousItem\":{\"@type\":\"ListItem\",\"@id\":\"https:\\\/\\\/globalattitude.org.br\\\/category\\\/programas\\\/#listItem\",\"name\":\"Programas\"}}]},{\"@type\":\"Organization\",\"@id\":\"https:\\\/\\\/globalattitude.org.br\\\/en\\\/#organization\",\"name\":\"Global Attitude\",\"url\":\"https:\\\/\\\/globalattitude.org.br\\\/en\\\/\"},{\"@type\":\"Person\",\"@id\":\"https:\\\/\\\/globalattitude.org.br\\\/en\\\/author\\\/rodrigo\\\/#author\",\"url\":\"https:\\\/\\\/globalattitude.org.br\\\/en\\\/author\\\/rodrigo\\\/\",\"name\":\"rodrigo\",\"image\":{\"@type\":\"ImageObject\",\"@id\":\"https:\\\/\\\/globalattitude.org.br\\\/en\\\/jovens-brasileiros-compoem-delegacao-para-forum-europeu-sobre-desenvolvimento-internacional\\\/#authorImage\",\"url\":\"https:\\\/\\\/secure.gravatar.com\\\/avatar\\\/1c1599db13943f3289fb3206e5aaf9560b644e4aaf0b4d3a378ba91202ab9cc4?s=96&d=mm&r=g\",\"width\":96,\"height\":96,\"caption\":\"rodrigo\"}},{\"@type\":\"WebPage\",\"@id\":\"https:\\\/\\\/globalattitude.org.br\\\/en\\\/jovens-brasileiros-compoem-delegacao-para-forum-europeu-sobre-desenvolvimento-internacional\\\/#webpage\",\"url\":\"https:\\\/\\\/globalattitude.org.br\\\/en\\\/jovens-brasileiros-compoem-delegacao-para-forum-europeu-sobre-desenvolvimento-internacional\\\/\",\"name\":\"Jovens brasileiros comp\\u00f5em delega\\u00e7\\u00e3o para f\\u00f3rum europeu sobre desenvolvimento internacional - Instituto Global Attitude\",\"description\":\"Um dos f\\u00f3runs mais antigos entre os trabalhados no programa Diplomacia Civil, o European Development Days 2019 contar\\u00e1 com uma delega\\u00e7\\u00e3o para f\\u00f3rum composta por quatro jovens brasileiros. Este \\u00e9 o quinto ano consecutivo no principal f\\u00f3rum europeu sobre coopera\\u00e7\\u00e3o e desenvolvimento internacional, promovido pela Comiss\\u00e3o Europeia, que acontece anualmente em Bruxelas B\\u00e9lgica. Sob o\",\"inLanguage\":\"en-US\",\"isPartOf\":{\"@id\":\"https:\\\/\\\/globalattitude.org.br\\\/en\\\/#website\"},\"breadcrumb\":{\"@id\":\"https:\\\/\\\/globalattitude.org.br\\\/en\\\/jovens-brasileiros-compoem-delegacao-para-forum-europeu-sobre-desenvolvimento-internacional\\\/#breadcrumblist\"},\"author\":{\"@id\":\"https:\\\/\\\/globalattitude.org.br\\\/en\\\/author\\\/rodrigo\\\/#author\"},\"creator\":{\"@id\":\"https:\\\/\\\/globalattitude.org.br\\\/en\\\/author\\\/rodrigo\\\/#author\"},\"image\":{\"@type\":\"ImageObject\",\"url\":\"https:\\\/\\\/globalattitude.org.br\\\/wp-content\\\/uploads\\\/2023\\\/03\\\/gabriel-2.jpg\",\"@id\":\"https:\\\/\\\/globalattitude.org.br\\\/en\\\/jovens-brasileiros-compoem-delegacao-para-forum-europeu-sobre-desenvolvimento-internacional\\\/#mainImage\",\"width\":650,\"height\":650},\"primaryImageOfPage\":{\"@id\":\"https:\\\/\\\/globalattitude.org.br\\\/en\\\/jovens-brasileiros-compoem-delegacao-para-forum-europeu-sobre-desenvolvimento-internacional\\\/#mainImage\"},\"datePublished\":\"2019-06-07T18:44:49-03:00\",\"dateModified\":\"2026-06-10T14:44:56-03:00\"},{\"@type\":\"WebSite\",\"@id\":\"https:\\\/\\\/globalattitude.org.br\\\/en\\\/#website\",\"url\":\"https:\\\/\\\/globalattitude.org.br\\\/en\\\/\",\"name\":\"Global Attitude\",\"inLanguage\":\"en-US\",\"publisher\":{\"@id\":\"https:\\\/\\\/globalattitude.org.br\\\/en\\\/#organization\"}}]}\n\t\t<\/script>\n\t\t<!-- All in One SEO -->\n\n","aioseo_head_json":{"title":"Jovens brasileiros comp\u00f5em delega\u00e7\u00e3o para f\u00f3rum europeu sobre desenvolvimento internacional - Instituto Global Attitude","description":"Um dos f\u00f3runs mais antigos entre os trabalhados no programa Diplomacia Civil, o European Development Days 2019 contar\u00e1 com uma delega\u00e7\u00e3o para f\u00f3rum composta por quatro jovens brasileiros. Este \u00e9 o quinto ano consecutivo no principal f\u00f3rum europeu sobre coopera\u00e7\u00e3o e desenvolvimento internacional, promovido pela Comiss\u00e3o Europeia, que acontece anualmente em Bruxelas B\u00e9lgica. Sob o","canonical_url":"https:\/\/globalattitude.org.br\/en\/jovens-brasileiros-compoem-delegacao-para-forum-europeu-sobre-desenvolvimento-internacional\/","robots":"max-image-preview:large","keywords":"","webmasterTools":{"miscellaneous":""},"schema":{"@context":"https:\/\/schema.org","@graph":[{"@type":"BlogPosting","@id":"https:\/\/globalattitude.org.br\/en\/jovens-brasileiros-compoem-delegacao-para-forum-europeu-sobre-desenvolvimento-internacional\/#blogposting","name":"Jovens brasileiros comp\u00f5em delega\u00e7\u00e3o para f\u00f3rum europeu sobre desenvolvimento internacional - Instituto Global Attitude","headline":"Jovens brasileiros comp\u00f5em delega\u00e7\u00e3o para f\u00f3rum europeu sobre desenvolvimento internacional","author":{"@id":"https:\/\/globalattitude.org.br\/en\/author\/rodrigo\/#author"},"publisher":{"@id":"https:\/\/globalattitude.org.br\/en\/#organization"},"image":{"@type":"ImageObject","url":"https:\/\/globalattitude.org.br\/wp-content\/uploads\/2023\/03\/gabriel-2.jpg","width":650,"height":650},"datePublished":"2019-06-07T18:44:49-03:00","dateModified":"2026-06-10T14:44:56-03:00","inLanguage":"en-US","mainEntityOfPage":{"@id":"https:\/\/globalattitude.org.br\/en\/jovens-brasileiros-compoem-delegacao-para-forum-europeu-sobre-desenvolvimento-internacional\/#webpage"},"isPartOf":{"@id":"https:\/\/globalattitude.org.br\/en\/jovens-brasileiros-compoem-delegacao-para-forum-europeu-sobre-desenvolvimento-internacional\/#webpage"},"articleSection":"Programas, \u00daltimas, B\u00e9lgica, Comiss\u00e3o Europeia, Coopera\u00e7\u00e3o internacional, Desigualdade, Diplomacia Civil, EDD, Instituto Global Attitude, Opcional"},{"@type":"BreadcrumbList","@id":"https:\/\/globalattitude.org.br\/en\/jovens-brasileiros-compoem-delegacao-para-forum-europeu-sobre-desenvolvimento-internacional\/#breadcrumblist","itemListElement":[{"@type":"ListItem","@id":"https:\/\/globalattitude.org.br\/en\/#listItem","position":1,"name":"Home","item":"https:\/\/globalattitude.org.br\/en\/","nextItem":{"@type":"ListItem","@id":"https:\/\/globalattitude.org.br\/category\/programas\/#listItem","name":"Programas"}},{"@type":"ListItem","@id":"https:\/\/globalattitude.org.br\/category\/programas\/#listItem","position":2,"name":"Programas","item":"https:\/\/globalattitude.org.br\/category\/programas\/","nextItem":{"@type":"ListItem","@id":"https:\/\/globalattitude.org.br\/en\/jovens-brasileiros-compoem-delegacao-para-forum-europeu-sobre-desenvolvimento-internacional\/#listItem","name":"Jovens brasileiros comp\u00f5em delega\u00e7\u00e3o para f\u00f3rum europeu sobre desenvolvimento internacional"},"previousItem":{"@type":"ListItem","@id":"https:\/\/globalattitude.org.br\/en\/#listItem","name":"Home"}},{"@type":"ListItem","@id":"https:\/\/globalattitude.org.br\/en\/jovens-brasileiros-compoem-delegacao-para-forum-europeu-sobre-desenvolvimento-internacional\/#listItem","position":3,"name":"Jovens brasileiros comp\u00f5em delega\u00e7\u00e3o para f\u00f3rum europeu sobre desenvolvimento internacional","previousItem":{"@type":"ListItem","@id":"https:\/\/globalattitude.org.br\/category\/programas\/#listItem","name":"Programas"}}]},{"@type":"Organization","@id":"https:\/\/globalattitude.org.br\/en\/#organization","name":"Global Attitude","url":"https:\/\/globalattitude.org.br\/en\/"},{"@type":"Person","@id":"https:\/\/globalattitude.org.br\/en\/author\/rodrigo\/#author","url":"https:\/\/globalattitude.org.br\/en\/author\/rodrigo\/","name":"rodrigo","image":{"@type":"ImageObject","@id":"https:\/\/globalattitude.org.br\/en\/jovens-brasileiros-compoem-delegacao-para-forum-europeu-sobre-desenvolvimento-internacional\/#authorImage","url":"https:\/\/secure.gravatar.com\/avatar\/1c1599db13943f3289fb3206e5aaf9560b644e4aaf0b4d3a378ba91202ab9cc4?s=96&d=mm&r=g","width":96,"height":96,"caption":"rodrigo"}},{"@type":"WebPage","@id":"https:\/\/globalattitude.org.br\/en\/jovens-brasileiros-compoem-delegacao-para-forum-europeu-sobre-desenvolvimento-internacional\/#webpage","url":"https:\/\/globalattitude.org.br\/en\/jovens-brasileiros-compoem-delegacao-para-forum-europeu-sobre-desenvolvimento-internacional\/","name":"Jovens brasileiros comp\u00f5em delega\u00e7\u00e3o para f\u00f3rum europeu sobre desenvolvimento internacional - Instituto Global Attitude","description":"Um dos f\u00f3runs mais antigos entre os trabalhados no programa Diplomacia Civil, o European Development Days 2019 contar\u00e1 com uma delega\u00e7\u00e3o para f\u00f3rum composta por quatro jovens brasileiros. Este \u00e9 o quinto ano consecutivo no principal f\u00f3rum europeu sobre coopera\u00e7\u00e3o e desenvolvimento internacional, promovido pela Comiss\u00e3o Europeia, que acontece anualmente em Bruxelas B\u00e9lgica. Sob o","inLanguage":"en-US","isPartOf":{"@id":"https:\/\/globalattitude.org.br\/en\/#website"},"breadcrumb":{"@id":"https:\/\/globalattitude.org.br\/en\/jovens-brasileiros-compoem-delegacao-para-forum-europeu-sobre-desenvolvimento-internacional\/#breadcrumblist"},"author":{"@id":"https:\/\/globalattitude.org.br\/en\/author\/rodrigo\/#author"},"creator":{"@id":"https:\/\/globalattitude.org.br\/en\/author\/rodrigo\/#author"},"image":{"@type":"ImageObject","url":"https:\/\/globalattitude.org.br\/wp-content\/uploads\/2023\/03\/gabriel-2.jpg","@id":"https:\/\/globalattitude.org.br\/en\/jovens-brasileiros-compoem-delegacao-para-forum-europeu-sobre-desenvolvimento-internacional\/#mainImage","width":650,"height":650},"primaryImageOfPage":{"@id":"https:\/\/globalattitude.org.br\/en\/jovens-brasileiros-compoem-delegacao-para-forum-europeu-sobre-desenvolvimento-internacional\/#mainImage"},"datePublished":"2019-06-07T18:44:49-03:00","dateModified":"2026-06-10T14:44:56-03:00"},{"@type":"WebSite","@id":"https:\/\/globalattitude.org.br\/en\/#website","url":"https:\/\/globalattitude.org.br\/en\/","name":"Global Attitude","inLanguage":"en-US","publisher":{"@id":"https:\/\/globalattitude.org.br\/en\/#organization"}}]},"og:locale":"en_US","og:site_name":"Instituto Global Attitude -","og:type":"article","og:title":"Jovens brasileiros comp\u00f5em delega\u00e7\u00e3o para f\u00f3rum europeu sobre desenvolvimento internacional - Instituto Global Attitude","og:description":"Um dos f\u00f3runs mais antigos entre os trabalhados no programa Diplomacia Civil, o European Development Days 2019 contar\u00e1 com uma delega\u00e7\u00e3o para f\u00f3rum composta por quatro jovens brasileiros. Este \u00e9 o quinto ano consecutivo no principal f\u00f3rum europeu sobre coopera\u00e7\u00e3o e desenvolvimento internacional, promovido pela Comiss\u00e3o Europeia, que acontece anualmente em Bruxelas B\u00e9lgica. Sob o","og:url":"https:\/\/globalattitude.org.br\/en\/jovens-brasileiros-compoem-delegacao-para-forum-europeu-sobre-desenvolvimento-internacional\/","article:published_time":"2019-06-07T21:44:49+00:00","article:modified_time":"2026-06-10T17:44:56+00:00","twitter:card":"summary_large_image","twitter:title":"Jovens brasileiros comp\u00f5em delega\u00e7\u00e3o para f\u00f3rum europeu sobre desenvolvimento internacional - Instituto Global Attitude","twitter:description":"Um dos f\u00f3runs mais antigos entre os trabalhados no programa Diplomacia Civil, o European Development Days 2019 contar\u00e1 com uma delega\u00e7\u00e3o para f\u00f3rum composta por quatro jovens brasileiros. Este \u00e9 o quinto ano consecutivo no principal f\u00f3rum europeu sobre coopera\u00e7\u00e3o e desenvolvimento internacional, promovido pela Comiss\u00e3o Europeia, que acontece anualmente em Bruxelas B\u00e9lgica. Sob o"},"aioseo_meta_data":{"post_id":"2871","title":null,"description":null,"keywords":null,"keyphrases":{"focus":{"keyphrase":"","score":0,"analysis":{"keyphraseInTitle":{"score":0,"maxScore":9,"error":1}}},"additional":[]},"primary_term":null,"canonical_url":null,"og_title":null,"og_description":null,"og_object_type":"default","og_image_type":"default","og_image_url":null,"og_image_width":null,"og_image_height":null,"og_image_custom_url":null,"og_image_custom_fields":null,"og_video":"","og_custom_url":null,"og_article_section":null,"og_article_tags":null,"twitter_use_og":false,"twitter_card":"default","twitter_image_type":"default","twitter_image_url":null,"twitter_image_custom_url":null,"twitter_image_custom_fields":null,"twitter_title":null,"twitter_description":null,"schema":{"blockGraphs":[],"customGraphs":[],"default":{"data":{"Article":[],"Course":[],"Dataset":[],"FAQPage":[],"Movie":[],"Person":[],"Product":[],"ProductReview":[],"Car":[],"Recipe":[],"Service":[],"SoftwareApplication":[],"WebPage":[]},"graphName":"BlogPosting","isEnabled":true},"graphs":[]},"schema_type":"default","schema_type_options":null,"pillar_content":false,"robots_default":true,"robots_noindex":false,"robots_noarchive":false,"robots_nosnippet":false,"robots_nofollow":false,"robots_noimageindex":false,"robots_noodp":false,"robots_notranslate":false,"robots_max_snippet":"-1","robots_max_videopreview":"-1","robots_max_imagepreview":"large","priority":null,"frequency":"default","local_seo":null,"breadcrumb_settings":null,"limit_modified_date":false,"ai":{"faqs":[],"keyPoints":[],"schemas":[],"titles":[],"descriptions":[],"socialPosts":{"email":[],"linkedin":[],"twitter":[],"facebook":[],"instagram":[]}},"created":"2024-04-18 14:06:03","updated":"2026-06-10 18:26:57","seo_analyzer_scan_date":null,"focus_keyword":null,"additional_keywords":null,"truseo_locale":null},"aioseo_breadcrumb":"<div class=\"aioseo-breadcrumbs\"><span class=\"aioseo-breadcrumb\">\n\t\t\t<a href=\"https:\/\/globalattitude.org.br\/en\/\" title=\"Home\">Home<\/a>\n\t\t<\/span><span class=\"aioseo-breadcrumb-separator\">&raquo;<\/span><span class=\"aioseo-breadcrumb\">\n\t\t\t<a href=\"https:\/\/globalattitude.org.br\/category\/programas\/\" title=\"Programas\">Programas<\/a>\n\t\t<\/span><span class=\"aioseo-breadcrumb-separator\">&raquo;<\/span><span class=\"aioseo-breadcrumb\">\n\t\t\tJovens brasileiros comp\u00f5em delega\u00e7\u00e3o para f\u00f3rum europeu sobre desenvolvimento internacional\n\t\t<\/span><\/div>","aioseo_breadcrumb_json":[{"label":"Home","link":"https:\/\/globalattitude.org.br\/en\/"},{"label":"Programas","link":"https:\/\/globalattitude.org.br\/category\/programas\/"},{"label":"Jovens brasileiros comp\u00f5em delega\u00e7\u00e3o para f\u00f3rum europeu sobre desenvolvimento internacional","link":"https:\/\/globalattitude.org.br\/en\/jovens-brasileiros-compoem-delegacao-para-forum-europeu-sobre-desenvolvimento-internacional\/"}],"yoast_head":"<!-- This site is optimized with the Yoast SEO plugin v28.4 - https:\/\/yoast.com\/product\/yoast-seo-wordpress\/ -->\n<title>Delega\u00e7\u00e3o para f\u00f3rum europeu sobre desenvolvimento internacional<\/title>\n<meta name=\"description\" content=\"Delega\u00e7\u00e3o para f\u00f3rum - Um dos f\u00f3runs mais antigos entre os trabalhados no programa Diplomacia Civil, o European Development Days 2019 ... Saiba Mais\" \/>\n<meta name=\"robots\" content=\"index, follow, max-snippet:-1, max-image-preview:large, max-video-preview:-1\" \/>\n<link rel=\"canonical\" href=\"https:\/\/globalattitude.org.br\/en\/jovens-brasileiros-compoem-delegacao-para-forum-europeu-sobre-desenvolvimento-internacional\/\" \/>\n<meta property=\"og:locale\" content=\"en_US\" \/>\n<meta property=\"og:type\" content=\"article\" \/>\n<meta property=\"og:title\" content=\"Delega\u00e7\u00e3o para f\u00f3rum europeu sobre desenvolvimento internacional\" \/>\n<meta property=\"og:description\" content=\"Delega\u00e7\u00e3o para f\u00f3rum - Um dos f\u00f3runs mais antigos entre os trabalhados no programa Diplomacia Civil, o European Development Days 2019 ... Saiba Mais\" \/>\n<meta property=\"og:url\" content=\"https:\/\/globalattitude.org.br\/en\/jovens-brasileiros-compoem-delegacao-para-forum-europeu-sobre-desenvolvimento-internacional\/\" \/>\n<meta property=\"og:site_name\" content=\"Instituto Global Attitude\" \/>\n<meta property=\"article:publisher\" content=\"https:\/\/www.facebook.com\/global.attitude.org\/\" \/>\n<meta property=\"article:published_time\" content=\"2019-06-07T21:44:49+00:00\" \/>\n<meta property=\"article:modified_time\" content=\"2026-06-10T17:44:56+00:00\" \/>\n<meta property=\"og:image\" content=\"https:\/\/globalattitude.org.br\/wp-content\/uploads\/2023\/03\/gabriel-2.jpg\" \/>\n\t<meta property=\"og:image:width\" content=\"650\" \/>\n\t<meta property=\"og:image:height\" content=\"650\" \/>\n\t<meta property=\"og:image:type\" content=\"image\/jpeg\" \/>\n<meta name=\"author\" content=\"rodrigo\" \/>\n<meta name=\"twitter:card\" content=\"summary_large_image\" \/>\n<meta name=\"twitter:creator\" content=\"@global_attitude\" \/>\n<meta name=\"twitter:site\" content=\"@global_attitude\" \/>\n<meta name=\"twitter:label1\" content=\"Written by\" \/>\n\t<meta name=\"twitter:data1\" content=\"rodrigo\" \/>\n\t<meta name=\"twitter:label2\" content=\"Est. reading time\" \/>\n\t<meta name=\"twitter:data2\" content=\"4 minutes\" \/>\n<script type=\"application\/ld+json\" class=\"yoast-schema-graph\">{\"@context\":\"https:\\\/\\\/schema.org\",\"@graph\":[{\"@type\":[\"Article\",\"BlogPosting\"],\"@id\":\"https:\\\/\\\/globalattitude.org.br\\\/en\\\/jovens-brasileiros-compoem-delegacao-para-forum-europeu-sobre-desenvolvimento-internacional\\\/#article\",\"isPartOf\":{\"@id\":\"https:\\\/\\\/globalattitude.org.br\\\/en\\\/jovens-brasileiros-compoem-delegacao-para-forum-europeu-sobre-desenvolvimento-internacional\\\/\"},\"author\":{\"name\":\"rodrigo\",\"@id\":\"https:\\\/\\\/globalattitude.org.br\\\/#\\\/schema\\\/person\\\/c0db5efc16133ab28ea2d64fc19667e5\"},\"headline\":\"Jovens brasileiros comp\u00f5em delega\u00e7\u00e3o para f\u00f3rum europeu sobre desenvolvimento internacional\",\"datePublished\":\"2019-06-07T21:44:49+00:00\",\"dateModified\":\"2026-06-10T17:44:56+00:00\",\"mainEntityOfPage\":{\"@id\":\"https:\\\/\\\/globalattitude.org.br\\\/en\\\/jovens-brasileiros-compoem-delegacao-para-forum-europeu-sobre-desenvolvimento-internacional\\\/\"},\"wordCount\":626,\"commentCount\":0,\"publisher\":{\"@id\":\"https:\\\/\\\/globalattitude.org.br\\\/#organization\"},\"image\":{\"@id\":\"https:\\\/\\\/globalattitude.org.br\\\/en\\\/jovens-brasileiros-compoem-delegacao-para-forum-europeu-sobre-desenvolvimento-internacional\\\/#primaryimage\"},\"thumbnailUrl\":\"https:\\\/\\\/globalattitude.org.br\\\/wp-content\\\/uploads\\\/2023\\\/03\\\/gabriel-2.jpg\",\"keywords\":[\"B\u00e9lgica\",\"Comiss\u00e3o Europeia\",\"Coopera\u00e7\u00e3o internacional\",\"Desigualdade\",\"Diplomacia Civil\",\"EDD\",\"Instituto Global Attitude\"],\"articleSection\":[\"Programas\",\"\u00daltimas\"],\"inLanguage\":\"en-US\",\"potentialAction\":[{\"@type\":\"CommentAction\",\"name\":\"Comment\",\"target\":[\"https:\\\/\\\/globalattitude.org.br\\\/en\\\/jovens-brasileiros-compoem-delegacao-para-forum-europeu-sobre-desenvolvimento-internacional\\\/#respond\"]}]},{\"@type\":\"WebPage\",\"@id\":\"https:\\\/\\\/globalattitude.org.br\\\/en\\\/jovens-brasileiros-compoem-delegacao-para-forum-europeu-sobre-desenvolvimento-internacional\\\/\",\"url\":\"https:\\\/\\\/globalattitude.org.br\\\/en\\\/jovens-brasileiros-compoem-delegacao-para-forum-europeu-sobre-desenvolvimento-internacional\\\/\",\"name\":\"Delega\u00e7\u00e3o para f\u00f3rum europeu sobre desenvolvimento internacional\",\"isPartOf\":{\"@id\":\"https:\\\/\\\/globalattitude.org.br\\\/#website\"},\"primaryImageOfPage\":{\"@id\":\"https:\\\/\\\/globalattitude.org.br\\\/en\\\/jovens-brasileiros-compoem-delegacao-para-forum-europeu-sobre-desenvolvimento-internacional\\\/#primaryimage\"},\"image\":{\"@id\":\"https:\\\/\\\/globalattitude.org.br\\\/en\\\/jovens-brasileiros-compoem-delegacao-para-forum-europeu-sobre-desenvolvimento-internacional\\\/#primaryimage\"},\"thumbnailUrl\":\"https:\\\/\\\/globalattitude.org.br\\\/wp-content\\\/uploads\\\/2023\\\/03\\\/gabriel-2.jpg\",\"datePublished\":\"2019-06-07T21:44:49+00:00\",\"dateModified\":\"2026-06-10T17:44:56+00:00\",\"description\":\"Delega\u00e7\u00e3o para f\u00f3rum - Um dos f\u00f3runs mais antigos entre os trabalhados no programa Diplomacia Civil, o European Development Days 2019 ... Saiba Mais\",\"breadcrumb\":{\"@id\":\"https:\\\/\\\/globalattitude.org.br\\\/en\\\/jovens-brasileiros-compoem-delegacao-para-forum-europeu-sobre-desenvolvimento-internacional\\\/#breadcrumb\"},\"inLanguage\":\"en-US\",\"potentialAction\":[{\"@type\":\"ReadAction\",\"target\":[\"https:\\\/\\\/globalattitude.org.br\\\/en\\\/jovens-brasileiros-compoem-delegacao-para-forum-europeu-sobre-desenvolvimento-internacional\\\/\"]}]},{\"@type\":\"ImageObject\",\"inLanguage\":\"en-US\",\"@id\":\"https:\\\/\\\/globalattitude.org.br\\\/en\\\/jovens-brasileiros-compoem-delegacao-para-forum-europeu-sobre-desenvolvimento-internacional\\\/#primaryimage\",\"url\":\"https:\\\/\\\/globalattitude.org.br\\\/wp-content\\\/uploads\\\/2023\\\/03\\\/gabriel-2.jpg\",\"contentUrl\":\"https:\\\/\\\/globalattitude.org.br\\\/wp-content\\\/uploads\\\/2023\\\/03\\\/gabriel-2.jpg\",\"width\":650,\"height\":650},{\"@type\":\"BreadcrumbList\",\"@id\":\"https:\\\/\\\/globalattitude.org.br\\\/en\\\/jovens-brasileiros-compoem-delegacao-para-forum-europeu-sobre-desenvolvimento-internacional\\\/#breadcrumb\",\"itemListElement\":[{\"@type\":\"ListItem\",\"position\":1,\"name\":\"In\u00edcio\",\"item\":\"http:\\\/\\\/globalattitude.org.br\\\/en\\\/\"},{\"@type\":\"ListItem\",\"position\":2,\"name\":\"Jovens brasileiros comp\u00f5em delega\u00e7\u00e3o para f\u00f3rum europeu sobre desenvolvimento internacional\"}]},{\"@type\":\"WebSite\",\"@id\":\"https:\\\/\\\/globalattitude.org.br\\\/#website\",\"url\":\"https:\\\/\\\/globalattitude.org.br\\\/\",\"name\":\"Instituto Global Attitude\",\"description\":\"\",\"publisher\":{\"@id\":\"https:\\\/\\\/globalattitude.org.br\\\/#organization\"},\"potentialAction\":[{\"@type\":\"SearchAction\",\"target\":{\"@type\":\"EntryPoint\",\"urlTemplate\":\"https:\\\/\\\/globalattitude.org.br\\\/?s={search_term_string}\"},\"query-input\":{\"@type\":\"PropertyValueSpecification\",\"valueRequired\":true,\"valueName\":\"search_term_string\"}}],\"inLanguage\":\"en-US\"},{\"@type\":\"Organization\",\"@id\":\"https:\\\/\\\/globalattitude.org.br\\\/#organization\",\"name\":\"Instituto Global Attitude\",\"url\":\"https:\\\/\\\/globalattitude.org.br\\\/\",\"logo\":{\"@type\":\"ImageObject\",\"inLanguage\":\"en-US\",\"@id\":\"https:\\\/\\\/globalattitude.org.br\\\/#\\\/schema\\\/logo\\\/image\\\/\",\"url\":\"https:\\\/\\\/globalattitude.org.br\\\/wp-content\\\/uploads\\\/2023\\\/01\\\/instituto-global-attitude-color.png\",\"contentUrl\":\"https:\\\/\\\/globalattitude.org.br\\\/wp-content\\\/uploads\\\/2023\\\/01\\\/instituto-global-attitude-color.png\",\"width\":300,\"height\":131,\"caption\":\"Instituto Global Attitude\"},\"image\":{\"@id\":\"https:\\\/\\\/globalattitude.org.br\\\/#\\\/schema\\\/logo\\\/image\\\/\"},\"sameAs\":[\"https:\\\/\\\/www.facebook.com\\\/global.attitude.org\\\/\",\"https:\\\/\\\/x.com\\\/global_attitude\",\"https:\\\/\\\/www.instagram.com\\\/globalattitude\",\"https:\\\/\\\/www.linkedin.com\\\/company\\\/global-attitude\\\/?viewAsMember=true\"]},{\"@type\":\"Person\",\"@id\":\"https:\\\/\\\/globalattitude.org.br\\\/#\\\/schema\\\/person\\\/c0db5efc16133ab28ea2d64fc19667e5\",\"name\":\"rodrigo\",\"image\":{\"@type\":\"ImageObject\",\"inLanguage\":\"en-US\",\"@id\":\"https:\\\/\\\/secure.gravatar.com\\\/avatar\\\/1c1599db13943f3289fb3206e5aaf9560b644e4aaf0b4d3a378ba91202ab9cc4?s=96&d=mm&r=g\",\"url\":\"https:\\\/\\\/secure.gravatar.com\\\/avatar\\\/1c1599db13943f3289fb3206e5aaf9560b644e4aaf0b4d3a378ba91202ab9cc4?s=96&d=mm&r=g\",\"contentUrl\":\"https:\\\/\\\/secure.gravatar.com\\\/avatar\\\/1c1599db13943f3289fb3206e5aaf9560b644e4aaf0b4d3a378ba91202ab9cc4?s=96&d=mm&r=g\",\"caption\":\"rodrigo\"},\"url\":\"https:\\\/\\\/globalattitude.org.br\\\/en\\\/author\\\/rodrigo\\\/\"}]}<\/script>\n<!-- \/ Yoast SEO plugin. -->","yoast_head_json":{"title":"Delega\u00e7\u00e3o para f\u00f3rum europeu sobre desenvolvimento internacional","description":"Delega\u00e7\u00e3o para f\u00f3rum - Um dos f\u00f3runs mais antigos entre os trabalhados no programa Diplomacia Civil, o European Development Days 2019 ... Saiba Mais","robots":{"index":"index","follow":"follow","max-snippet":"max-snippet:-1","max-image-preview":"max-image-preview:large","max-video-preview":"max-video-preview:-1"},"canonical":"https:\/\/globalattitude.org.br\/en\/jovens-brasileiros-compoem-delegacao-para-forum-europeu-sobre-desenvolvimento-internacional\/","og_locale":"en_US","og_type":"article","og_title":"Delega\u00e7\u00e3o para f\u00f3rum europeu sobre desenvolvimento internacional","og_description":"Delega\u00e7\u00e3o para f\u00f3rum - Um dos f\u00f3runs mais antigos entre os trabalhados no programa Diplomacia Civil, o European Development Days 2019 ... Saiba Mais","og_url":"https:\/\/globalattitude.org.br\/en\/jovens-brasileiros-compoem-delegacao-para-forum-europeu-sobre-desenvolvimento-internacional\/","og_site_name":"Instituto Global Attitude","article_publisher":"https:\/\/www.facebook.com\/global.attitude.org\/","article_published_time":"2019-06-07T21:44:49+00:00","article_modified_time":"2026-06-10T17:44:56+00:00","og_image":[{"width":650,"height":650,"url":"https:\/\/globalattitude.org.br\/wp-content\/uploads\/2023\/03\/gabriel-2.jpg","type":"image\/jpeg"}],"author":"rodrigo","twitter_card":"summary_large_image","twitter_creator":"@global_attitude","twitter_site":"@global_attitude","twitter_misc":{"Written by":"rodrigo","Est. reading time":"4 minutes"},"schema":{"@context":"https:\/\/schema.org","@graph":[{"@type":["Article","BlogPosting"],"@id":"https:\/\/globalattitude.org.br\/en\/jovens-brasileiros-compoem-delegacao-para-forum-europeu-sobre-desenvolvimento-internacional\/#article","isPartOf":{"@id":"https:\/\/globalattitude.org.br\/en\/jovens-brasileiros-compoem-delegacao-para-forum-europeu-sobre-desenvolvimento-internacional\/"},"author":{"name":"rodrigo","@id":"https:\/\/globalattitude.org.br\/#\/schema\/person\/c0db5efc16133ab28ea2d64fc19667e5"},"headline":"Jovens brasileiros comp\u00f5em delega\u00e7\u00e3o para f\u00f3rum europeu sobre desenvolvimento internacional","datePublished":"2019-06-07T21:44:49+00:00","dateModified":"2026-06-10T17:44:56+00:00","mainEntityOfPage":{"@id":"https:\/\/globalattitude.org.br\/en\/jovens-brasileiros-compoem-delegacao-para-forum-europeu-sobre-desenvolvimento-internacional\/"},"wordCount":626,"commentCount":0,"publisher":{"@id":"https:\/\/globalattitude.org.br\/#organization"},"image":{"@id":"https:\/\/globalattitude.org.br\/en\/jovens-brasileiros-compoem-delegacao-para-forum-europeu-sobre-desenvolvimento-internacional\/#primaryimage"},"thumbnailUrl":"https:\/\/globalattitude.org.br\/wp-content\/uploads\/2023\/03\/gabriel-2.jpg","keywords":["B\u00e9lgica","Comiss\u00e3o Europeia","Coopera\u00e7\u00e3o internacional","Desigualdade","Diplomacia Civil","EDD","Instituto Global Attitude"],"articleSection":["Programas","\u00daltimas"],"inLanguage":"en-US","potentialAction":[{"@type":"CommentAction","name":"Comment","target":["https:\/\/globalattitude.org.br\/en\/jovens-brasileiros-compoem-delegacao-para-forum-europeu-sobre-desenvolvimento-internacional\/#respond"]}]},{"@type":"WebPage","@id":"https:\/\/globalattitude.org.br\/en\/jovens-brasileiros-compoem-delegacao-para-forum-europeu-sobre-desenvolvimento-internacional\/","url":"https:\/\/globalattitude.org.br\/en\/jovens-brasileiros-compoem-delegacao-para-forum-europeu-sobre-desenvolvimento-internacional\/","name":"Delega\u00e7\u00e3o para f\u00f3rum europeu sobre desenvolvimento internacional","isPartOf":{"@id":"https:\/\/globalattitude.org.br\/#website"},"primaryImageOfPage":{"@id":"https:\/\/globalattitude.org.br\/en\/jovens-brasileiros-compoem-delegacao-para-forum-europeu-sobre-desenvolvimento-internacional\/#primaryimage"},"image":{"@id":"https:\/\/globalattitude.org.br\/en\/jovens-brasileiros-compoem-delegacao-para-forum-europeu-sobre-desenvolvimento-internacional\/#primaryimage"},"thumbnailUrl":"https:\/\/globalattitude.org.br\/wp-content\/uploads\/2023\/03\/gabriel-2.jpg","datePublished":"2019-06-07T21:44:49+00:00","dateModified":"2026-06-10T17:44:56+00:00","description":"Delega\u00e7\u00e3o para f\u00f3rum - Um dos f\u00f3runs mais antigos entre os trabalhados no programa Diplomacia Civil, o European Development Days 2019 ... Saiba Mais","breadcrumb":{"@id":"https:\/\/globalattitude.org.br\/en\/jovens-brasileiros-compoem-delegacao-para-forum-europeu-sobre-desenvolvimento-internacional\/#breadcrumb"},"inLanguage":"en-US","potentialAction":[{"@type":"ReadAction","target":["https:\/\/globalattitude.org.br\/en\/jovens-brasileiros-compoem-delegacao-para-forum-europeu-sobre-desenvolvimento-internacional\/"]}]},{"@type":"ImageObject","inLanguage":"en-US","@id":"https:\/\/globalattitude.org.br\/en\/jovens-brasileiros-compoem-delegacao-para-forum-europeu-sobre-desenvolvimento-internacional\/#primaryimage","url":"https:\/\/globalattitude.org.br\/wp-content\/uploads\/2023\/03\/gabriel-2.jpg","contentUrl":"https:\/\/globalattitude.org.br\/wp-content\/uploads\/2023\/03\/gabriel-2.jpg","width":650,"height":650},{"@type":"BreadcrumbList","@id":"https:\/\/globalattitude.org.br\/en\/jovens-brasileiros-compoem-delegacao-para-forum-europeu-sobre-desenvolvimento-internacional\/#breadcrumb","itemListElement":[{"@type":"ListItem","position":1,"name":"In\u00edcio","item":"http:\/\/globalattitude.org.br\/en\/"},{"@type":"ListItem","position":2,"name":"Jovens brasileiros comp\u00f5em delega\u00e7\u00e3o para f\u00f3rum europeu sobre desenvolvimento internacional"}]},{"@type":"WebSite","@id":"https:\/\/globalattitude.org.br\/#website","url":"https:\/\/globalattitude.org.br\/","name":"Instituto Global Attitude","description":"","publisher":{"@id":"https:\/\/globalattitude.org.br\/#organization"},"potentialAction":[{"@type":"SearchAction","target":{"@type":"EntryPoint","urlTemplate":"https:\/\/globalattitude.org.br\/?s={search_term_string}"},"query-input":{"@type":"PropertyValueSpecification","valueRequired":true,"valueName":"search_term_string"}}],"inLanguage":"en-US"},{"@type":"Organization","@id":"https:\/\/globalattitude.org.br\/#organization","name":"Instituto Global Attitude","url":"https:\/\/globalattitude.org.br\/","logo":{"@type":"ImageObject","inLanguage":"en-US","@id":"https:\/\/globalattitude.org.br\/#\/schema\/logo\/image\/","url":"https:\/\/globalattitude.org.br\/wp-content\/uploads\/2023\/01\/instituto-global-attitude-color.png","contentUrl":"https:\/\/globalattitude.org.br\/wp-content\/uploads\/2023\/01\/instituto-global-attitude-color.png","width":300,"height":131,"caption":"Instituto Global Attitude"},"image":{"@id":"https:\/\/globalattitude.org.br\/#\/schema\/logo\/image\/"},"sameAs":["https:\/\/www.facebook.com\/global.attitude.org\/","https:\/\/x.com\/global_attitude","https:\/\/www.instagram.com\/globalattitude","https:\/\/www.linkedin.com\/company\/global-attitude\/?viewAsMember=true"]},{"@type":"Person","@id":"https:\/\/globalattitude.org.br\/#\/schema\/person\/c0db5efc16133ab28ea2d64fc19667e5","name":"rodrigo","image":{"@type":"ImageObject","inLanguage":"en-US","@id":"https:\/\/secure.gravatar.com\/avatar\/1c1599db13943f3289fb3206e5aaf9560b644e4aaf0b4d3a378ba91202ab9cc4?s=96&d=mm&r=g","url":"https:\/\/secure.gravatar.com\/avatar\/1c1599db13943f3289fb3206e5aaf9560b644e4aaf0b4d3a378ba91202ab9cc4?s=96&d=mm&r=g","contentUrl":"https:\/\/secure.gravatar.com\/avatar\/1c1599db13943f3289fb3206e5aaf9560b644e4aaf0b4d3a378ba91202ab9cc4?s=96&d=mm&r=g","caption":"rodrigo"},"url":"https:\/\/globalattitude.org.br\/en\/author\/rodrigo\/"}]}},"_links":{"self":[{"href":"https:\/\/globalattitude.org.br\/en\/wp-json\/wp\/v2\/posts\/2871","targetHints":{"allow":["GET"]}}],"collection":[{"href":"https:\/\/globalattitude.org.br\/en\/wp-json\/wp\/v2\/posts"}],"about":[{"href":"https:\/\/globalattitude.org.br\/en\/wp-json\/wp\/v2\/types\/post"}],"author":[{"embeddable":true,"href":"https:\/\/globalattitude.org.br\/en\/wp-json\/wp\/v2\/users\/3"}],"replies":[{"embeddable":true,"href":"https:\/\/globalattitude.org.br\/en\/wp-json\/wp\/v2\/comments?post=2871"}],"version-history":[{"count":2,"href":"https:\/\/globalattitude.org.br\/en\/wp-json\/wp\/v2\/posts\/2871\/revisions"}],"predecessor-version":[{"id":14467,"href":"https:\/\/globalattitude.org.br\/en\/wp-json\/wp\/v2\/posts\/2871\/revisions\/14467"}],"wp:featuredmedia":[{"embeddable":true,"href":"https:\/\/globalattitude.org.br\/en\/wp-json\/wp\/v2\/media\/2872"}],"wp:attachment":[{"href":"https:\/\/globalattitude.org.br\/en\/wp-json\/wp\/v2\/media?parent=2871"}],"wp:term":[{"taxonomy":"category","embeddable":true,"href":"https:\/\/globalattitude.org.br\/en\/wp-json\/wp\/v2\/categories?post=2871"},{"taxonomy":"post_tag","embeddable":true,"href":"https:\/\/globalattitude.org.br\/en\/wp-json\/wp\/v2\/tags?post=2871"}],"curies":[{"name":"wp","href":"https:\/\/api.w.org\/{rel}","templated":true}]}}