{"id":2922,"date":"2019-07-03T19:38:43","date_gmt":"2019-07-03T22:38:43","guid":{"rendered":"https:\/\/globalattitude.org.br\/brasa-em-casa-convida-drauzio-varella-ciro-gomes-e-outros-para-debate-sobre-cenario-brasileiro\/"},"modified":"2023-03-10T10:52:24","modified_gmt":"2023-03-10T13:52:24","slug":"brasa-em-casa-convida-drauzio-varella-ciro-gomes-e-outros-para-debate-sobre-cenario-brasileiro","status":"publish","type":"post","link":"https:\/\/globalattitude.org.br\/en\/brasa-em-casa-convida-drauzio-varella-ciro-gomes-e-outros-para-debate-sobre-cenario-brasileiro\/","title":{"rendered":"&#8220;BRASA em Casa&#8221; convida Dr\u00e1uzio Varella, Ciro Gomes e outros para debate sobre cen\u00e1rio brasileiro"},"content":{"rendered":"<p><span style=\"font-weight: 400;\">No dia 13 de julho, em S\u00e3o Paulo, acontece o <a href=\"https:\/\/www.brasaemcasa.gobrasa.org\/\">\u201cBRASA em casa: o Brasil no div\u00e3\u201d<\/a>, encontro que <\/span><span style=\"font-weight: 400;\">re\u00fane<\/span><span style=\"font-weight: 400;\"> acad\u00eamicos, empreendedores e pol\u00edticos para debater sobre o momento atual do pa\u00eds. Ser\u00e1 um dia inteiro de palestras diversificadas, workshops e networking com personalidades e empresas inspiradoras, al\u00e9m de servir como uma grande feira de carreiras internacionais.<\/span><\/p>\n<p><a href=\"http:\/\/globalattitude.org.br\/wp-content\/uploads\/2023\/03\/WhatsApp-Image-2019-06-17-at-18.32.51.jpeg\"><img fetchpriority=\"high\" decoding=\"async\" class=\"aligncenter wp-image-4991\" src=\"http:\/\/globalattitude.org.br\/wp-content\/uploads\/2023\/03\/WhatsApp-Image-2019-06-17-at-18.32.51-300x130.jpeg\" alt=\"BRASA em Casa\" width=\"600\" height=\"259\" \/><\/a><\/p>\n<p><span style=\"font-weight: 400;\">Grandes lideran\u00e7as e refer\u00eancias <\/span><span style=\"font-weight: 400;\">nos assuntos debatidos <\/span><span style=\"font-weight: 400;\">j\u00e1 confirmaram presen\u00e7a no encontro, como os ex-candidatos \u00e0 presid\u00eancia <\/span><b>Ciro Gomes e Marina Silva<\/b><span style=\"font-weight: 400;\">, a diretora de investimentos do BNDES<\/span><b> Eliane Lustrosa<\/b><span style=\"font-weight: 400;\">, o economista <\/span><b>Marcos Lisboa<\/b><span style=\"font-weight: 400;\"> e o m\u00e9dico e educador <\/span><b>Drauzio Varella<\/b><span style=\"font-weight: 400;\">.<\/span><\/p>\n<p><span style=\"font-weight: 400;\">A confer\u00eancia, que acontece desde 2017, \u00e9 organizada pela <\/span><a href=\"http:\/\/www.gobrasa.org\"><span style=\"font-weight: 400;\">BRASA<\/span><\/a><span style=\"font-weight: 400;\"> (Brazilian Student Association), a maior associa\u00e7\u00e3o de estudantes brasileiros no exterior, e foi proposta como uma forma de conectar, no Brasil, diferentes gera\u00e7\u00f5es de pessoas que j\u00e1 estudaram ou pretendem estudar no exterior. A associa\u00e7\u00e3o busca, atrav\u00e9s do \u201cBRASA em casa\u201d, abrir um espa\u00e7o de discuss\u00f5es transparentes e multidisciplinares sobre a situa\u00e7\u00e3o do pa\u00eds e os pontos fundamentais para seu desenvolvimento.<\/span><\/p>\n<p><span style=\"font-weight: 400;\">Nessa edi\u00e7\u00e3o, que ser\u00e1 realizada no Teatro Raul Cortez em S\u00e3o Paulo, a BRASA levar\u00e1 o Brasil ao div\u00e3: durante as palestras, debates e workshops sobre o cen\u00e1rio brasileiro atual, os participantes entender\u00e3o a import\u00e2ncia de temas como educa\u00e7\u00e3o, economia, pol\u00edtica e cultura no \u00e2mbito do debate. Al\u00e9m das atividades mencionadas, <\/span><span style=\"font-weight: 400;\">acontece durante o evento <\/span><span style=\"font-weight: 400;\">uma feira de carreiras com empresas renomadas, cujos representantes estar\u00e3o dispon\u00edveis para conversar e orientar os estudantes.<\/span><\/p>\n<p><span style=\"font-weight: 400;\">Interessados em participar do <\/span><span style=\"font-weight: 400;\">encontro <\/span><span style=\"font-weight: 400;\">podem <\/span><span style=\"font-weight: 400;\">\u00a0a<\/span><span style=\"font-weight: 400;\">t\u00e9 o dia do evento, pelo valor de 55 reais.\u00a0<\/span><\/p>\n<p><iframe title=\"Teaser Brasa em Casa 2019 - O Brasil no Div\u00e3\" width=\"500\" height=\"281\" src=\"https:\/\/www.youtube.com\/embed\/YcGGrns97C8?feature=oembed\" frameborder=\"0\" allow=\"accelerometer; autoplay; clipboard-write; encrypted-media; gyroscope; picture-in-picture; web-share\" referrerpolicy=\"strict-origin-when-cross-origin\" allowfullscreen><\/iframe><\/p>\n","protected":false},"excerpt":{"rendered":"<p>No dia 13 de julho, em S\u00e3o Paulo, acontece o \u201cBRASA em casa: o Brasil no div\u00e3\u201d, encontro que re\u00fane acad\u00eamicos, empreendedores e pol\u00edticos para debater sobre o momento atual do pa\u00eds. Ser\u00e1 um dia inteiro de palestras diversificadas, workshops e networking com personalidades e empresas inspiradoras, al\u00e9m de servir como uma grande feira de [&hellip;]<\/p>\n","protected":false},"author":4,"featured_media":2923,"comment_status":"open","ping_status":"open","sticky":false,"template":"","format":"standard","meta":{"_acf_changed":false,"om_disable_all_campaigns":false,"_monsterinsights_skip_tracking":false,"_monsterinsights_sitenote_active":false,"_monsterinsights_sitenote_note":"","_monsterinsights_sitenote_category":0,"_uf_show_specific_survey":0,"_uf_disable_surveys":false,"footnotes":""},"categories":[12,34],"tags":[112,113,8,114,115,4,10,116,14],"class_list":["post-2922","post","type-post","status-publish","format-standard","hentry","category-na-midia","category-ultimas","tag-brasa","tag-brasa-em-casa","tag-brasil","tag-ciro-gomes","tag-drauzio-varella","tag-instituto-global-attitude","tag-juventude","tag-marina-silva","tag-politica"],"acf":[],"aioseo_notices":[],"yoast_head":"<!-- This site is optimized with the Yoast SEO plugin v27.5 - https:\/\/yoast.com\/product\/yoast-seo-wordpress\/ -->\n<title>BRASA em Casa Convida Dr\u00e1uzio Varella e Ciro Gomes<\/title>\n<meta name=\"description\" content=\"BRASA em Casa - encontro que re\u00fane acad\u00eamicos, empreendedores e pol\u00edticos para debater sobre o momento atual do pa\u00eds...Saiba Mais\" \/>\n<meta name=\"robots\" content=\"index, follow, max-snippet:-1, max-image-preview:large, max-video-preview:-1\" \/>\n<link rel=\"canonical\" href=\"https:\/\/globalattitude.org.br\/en\/brasa-em-casa-convida-drauzio-varella-ciro-gomes-e-outros-para-debate-sobre-cenario-brasileiro\/\" \/>\n<meta property=\"og:locale\" content=\"en_US\" \/>\n<meta property=\"og:type\" content=\"article\" \/>\n<meta property=\"og:title\" content=\"BRASA em Casa Convida Dr\u00e1uzio Varella e Ciro Gomes\" \/>\n<meta property=\"og:description\" content=\"BRASA em Casa - encontro que re\u00fane acad\u00eamicos, empreendedores e pol\u00edticos para debater sobre o momento atual do pa\u00eds...Saiba Mais\" \/>\n<meta property=\"og:url\" content=\"https:\/\/globalattitude.org.br\/en\/brasa-em-casa-convida-drauzio-varella-ciro-gomes-e-outros-para-debate-sobre-cenario-brasileiro\/\" \/>\n<meta property=\"og:site_name\" content=\"Instituto Global Attitude\" \/>\n<meta property=\"article:publisher\" content=\"https:\/\/www.facebook.com\/global.attitude.org\/\" \/>\n<meta property=\"article:published_time\" content=\"2019-07-03T22:38:43+00:00\" \/>\n<meta property=\"article:modified_time\" content=\"2023-03-10T13:52:24+00:00\" \/>\n<meta property=\"og:image\" content=\"https:\/\/globalattitude.org.br\/wp-content\/uploads\/2023\/03\/Imagens-blog-1400x750px-15-1200x643.png\" \/>\n\t<meta property=\"og:image:width\" content=\"1400\" \/>\n\t<meta property=\"og:image:height\" content=\"750\" \/>\n\t<meta property=\"og:image:type\" content=\"image\/png\" \/>\n<meta name=\"author\" content=\"comunicacao\" \/>\n<meta name=\"twitter:card\" content=\"summary_large_image\" \/>\n<meta name=\"twitter:creator\" content=\"@global_attitude\" \/>\n<meta name=\"twitter:site\" content=\"@global_attitude\" \/>\n<meta name=\"twitter:label1\" content=\"Written by\" \/>\n\t<meta name=\"twitter:data1\" content=\"comunicacao\" \/>\n\t<meta name=\"twitter:label2\" content=\"Est. reading time\" \/>\n\t<meta name=\"twitter:data2\" content=\"1 minute\" \/>\n<script type=\"application\/ld+json\" class=\"yoast-schema-graph\">{\"@context\":\"https:\\\/\\\/schema.org\",\"@graph\":[{\"@type\":[\"Article\",\"BlogPosting\"],\"@id\":\"https:\\\/\\\/globalattitude.org.br\\\/en\\\/brasa-em-casa-convida-drauzio-varella-ciro-gomes-e-outros-para-debate-sobre-cenario-brasileiro\\\/#article\",\"isPartOf\":{\"@id\":\"https:\\\/\\\/globalattitude.org.br\\\/en\\\/brasa-em-casa-convida-drauzio-varella-ciro-gomes-e-outros-para-debate-sobre-cenario-brasileiro\\\/\"},\"author\":{\"name\":\"comunicacao\",\"@id\":\"https:\\\/\\\/globalattitude.org.br\\\/en\\\/#\\\/schema\\\/person\\\/d2d0edb26129b7407b05aa493af63725\"},\"headline\":\"&#8220;BRASA em Casa&#8221; convida Dr\u00e1uzio Varella, Ciro Gomes e outros para debate sobre cen\u00e1rio brasileiro\",\"datePublished\":\"2019-07-03T22:38:43+00:00\",\"dateModified\":\"2023-03-10T13:52:24+00:00\",\"mainEntityOfPage\":{\"@id\":\"https:\\\/\\\/globalattitude.org.br\\\/en\\\/brasa-em-casa-convida-drauzio-varella-ciro-gomes-e-outros-para-debate-sobre-cenario-brasileiro\\\/\"},\"wordCount\":310,\"commentCount\":0,\"publisher\":{\"@id\":\"https:\\\/\\\/globalattitude.org.br\\\/en\\\/#organization\"},\"image\":{\"@id\":\"https:\\\/\\\/globalattitude.org.br\\\/en\\\/brasa-em-casa-convida-drauzio-varella-ciro-gomes-e-outros-para-debate-sobre-cenario-brasileiro\\\/#primaryimage\"},\"thumbnailUrl\":\"https:\\\/\\\/globalattitude.org.br\\\/wp-content\\\/uploads\\\/2023\\\/03\\\/Imagens-blog-1400x750px-15-1200x643.png\",\"keywords\":[\"brasa\",\"brasa em casa\",\"Brasil\",\"Ciro Gomes\",\"Drauzio Varella\",\"Instituto Global Attitude\",\"juventude\",\"Marina Silva\",\"Pol\u00edtica\"],\"articleSection\":[\"Na m\u00eddia\",\"\u00daltimas\"],\"inLanguage\":\"en-US\",\"potentialAction\":[{\"@type\":\"CommentAction\",\"name\":\"Comment\",\"target\":[\"https:\\\/\\\/globalattitude.org.br\\\/en\\\/brasa-em-casa-convida-drauzio-varella-ciro-gomes-e-outros-para-debate-sobre-cenario-brasileiro\\\/#respond\"]}]},{\"@type\":\"WebPage\",\"@id\":\"https:\\\/\\\/globalattitude.org.br\\\/en\\\/brasa-em-casa-convida-drauzio-varella-ciro-gomes-e-outros-para-debate-sobre-cenario-brasileiro\\\/\",\"url\":\"https:\\\/\\\/globalattitude.org.br\\\/en\\\/brasa-em-casa-convida-drauzio-varella-ciro-gomes-e-outros-para-debate-sobre-cenario-brasileiro\\\/\",\"name\":\"BRASA em Casa Convida Dr\u00e1uzio Varella e Ciro Gomes\",\"isPartOf\":{\"@id\":\"https:\\\/\\\/globalattitude.org.br\\\/en\\\/#website\"},\"primaryImageOfPage\":{\"@id\":\"https:\\\/\\\/globalattitude.org.br\\\/en\\\/brasa-em-casa-convida-drauzio-varella-ciro-gomes-e-outros-para-debate-sobre-cenario-brasileiro\\\/#primaryimage\"},\"image\":{\"@id\":\"https:\\\/\\\/globalattitude.org.br\\\/en\\\/brasa-em-casa-convida-drauzio-varella-ciro-gomes-e-outros-para-debate-sobre-cenario-brasileiro\\\/#primaryimage\"},\"thumbnailUrl\":\"https:\\\/\\\/globalattitude.org.br\\\/wp-content\\\/uploads\\\/2023\\\/03\\\/Imagens-blog-1400x750px-15-1200x643.png\",\"datePublished\":\"2019-07-03T22:38:43+00:00\",\"dateModified\":\"2023-03-10T13:52:24+00:00\",\"description\":\"BRASA em Casa - encontro que re\u00fane acad\u00eamicos, empreendedores e pol\u00edticos para debater sobre o momento atual do pa\u00eds...Saiba Mais\",\"breadcrumb\":{\"@id\":\"https:\\\/\\\/globalattitude.org.br\\\/en\\\/brasa-em-casa-convida-drauzio-varella-ciro-gomes-e-outros-para-debate-sobre-cenario-brasileiro\\\/#breadcrumb\"},\"inLanguage\":\"en-US\",\"potentialAction\":[{\"@type\":\"ReadAction\",\"target\":[\"https:\\\/\\\/globalattitude.org.br\\\/en\\\/brasa-em-casa-convida-drauzio-varella-ciro-gomes-e-outros-para-debate-sobre-cenario-brasileiro\\\/\"]}]},{\"@type\":\"ImageObject\",\"inLanguage\":\"en-US\",\"@id\":\"https:\\\/\\\/globalattitude.org.br\\\/en\\\/brasa-em-casa-convida-drauzio-varella-ciro-gomes-e-outros-para-debate-sobre-cenario-brasileiro\\\/#primaryimage\",\"url\":\"https:\\\/\\\/globalattitude.org.br\\\/wp-content\\\/uploads\\\/2023\\\/03\\\/Imagens-blog-1400x750px-15-1200x643.png\",\"contentUrl\":\"https:\\\/\\\/globalattitude.org.br\\\/wp-content\\\/uploads\\\/2023\\\/03\\\/Imagens-blog-1400x750px-15-1200x643.png\",\"width\":1400,\"height\":750},{\"@type\":\"BreadcrumbList\",\"@id\":\"https:\\\/\\\/globalattitude.org.br\\\/en\\\/brasa-em-casa-convida-drauzio-varella-ciro-gomes-e-outros-para-debate-sobre-cenario-brasileiro\\\/#breadcrumb\",\"itemListElement\":[{\"@type\":\"ListItem\",\"position\":1,\"name\":\"In\u00edcio\",\"item\":\"https:\\\/\\\/globalattitude.org.br\\\/en\\\/\"},{\"@type\":\"ListItem\",\"position\":2,\"name\":\"&#8220;BRASA em Casa&#8221; convida Dr\u00e1uzio Varella, Ciro Gomes e outros para debate sobre cen\u00e1rio brasileiro\"}]},{\"@type\":\"WebSite\",\"@id\":\"https:\\\/\\\/globalattitude.org.br\\\/en\\\/#website\",\"url\":\"https:\\\/\\\/globalattitude.org.br\\\/en\\\/\",\"name\":\"Instituto Global Attitude\",\"description\":\"\",\"publisher\":{\"@id\":\"https:\\\/\\\/globalattitude.org.br\\\/en\\\/#organization\"},\"potentialAction\":[{\"@type\":\"SearchAction\",\"target\":{\"@type\":\"EntryPoint\",\"urlTemplate\":\"https:\\\/\\\/globalattitude.org.br\\\/en\\\/?s={search_term_string}\"},\"query-input\":{\"@type\":\"PropertyValueSpecification\",\"valueRequired\":true,\"valueName\":\"search_term_string\"}}],\"inLanguage\":\"en-US\"},{\"@type\":\"Organization\",\"@id\":\"https:\\\/\\\/globalattitude.org.br\\\/en\\\/#organization\",\"name\":\"Instituto Global Attitude\",\"url\":\"https:\\\/\\\/globalattitude.org.br\\\/en\\\/\",\"logo\":{\"@type\":\"ImageObject\",\"inLanguage\":\"en-US\",\"@id\":\"https:\\\/\\\/globalattitude.org.br\\\/en\\\/#\\\/schema\\\/logo\\\/image\\\/\",\"url\":\"https:\\\/\\\/globalattitude.org.br\\\/wp-content\\\/uploads\\\/2023\\\/01\\\/instituto-global-attitude-color.png\",\"contentUrl\":\"https:\\\/\\\/globalattitude.org.br\\\/wp-content\\\/uploads\\\/2023\\\/01\\\/instituto-global-attitude-color.png\",\"width\":300,\"height\":131,\"caption\":\"Instituto Global Attitude\"},\"image\":{\"@id\":\"https:\\\/\\\/globalattitude.org.br\\\/en\\\/#\\\/schema\\\/logo\\\/image\\\/\"},\"sameAs\":[\"https:\\\/\\\/www.facebook.com\\\/global.attitude.org\\\/\",\"https:\\\/\\\/x.com\\\/global_attitude\",\"https:\\\/\\\/www.instagram.com\\\/globalattitude\",\"https:\\\/\\\/www.linkedin.com\\\/company\\\/global-attitude\\\/?viewAsMember=true\"]},{\"@type\":\"Person\",\"@id\":\"https:\\\/\\\/globalattitude.org.br\\\/en\\\/#\\\/schema\\\/person\\\/d2d0edb26129b7407b05aa493af63725\",\"name\":\"comunicacao\",\"image\":{\"@type\":\"ImageObject\",\"inLanguage\":\"en-US\",\"@id\":\"https:\\\/\\\/secure.gravatar.com\\\/avatar\\\/a25dbef6d352d1355e632d9629c19165ddb3e176cbcb21ee573e3d96d011d16b?s=96&d=mm&r=g\",\"url\":\"https:\\\/\\\/secure.gravatar.com\\\/avatar\\\/a25dbef6d352d1355e632d9629c19165ddb3e176cbcb21ee573e3d96d011d16b?s=96&d=mm&r=g\",\"contentUrl\":\"https:\\\/\\\/secure.gravatar.com\\\/avatar\\\/a25dbef6d352d1355e632d9629c19165ddb3e176cbcb21ee573e3d96d011d16b?s=96&d=mm&r=g\",\"caption\":\"comunicacao\"},\"url\":\"https:\\\/\\\/globalattitude.org.br\\\/en\\\/author\\\/comunicacao\\\/\"}]}<\/script>\n<!-- \/ Yoast SEO plugin. -->","yoast_head_json":{"title":"BRASA em Casa Convida Dr\u00e1uzio Varella e Ciro Gomes","description":"BRASA em Casa - encontro que re\u00fane acad\u00eamicos, empreendedores e pol\u00edticos para debater sobre o momento atual do pa\u00eds...Saiba Mais","robots":{"index":"index","follow":"follow","max-snippet":"max-snippet:-1","max-image-preview":"max-image-preview:large","max-video-preview":"max-video-preview:-1"},"canonical":"https:\/\/globalattitude.org.br\/en\/brasa-em-casa-convida-drauzio-varella-ciro-gomes-e-outros-para-debate-sobre-cenario-brasileiro\/","og_locale":"en_US","og_type":"article","og_title":"BRASA em Casa Convida Dr\u00e1uzio Varella e Ciro Gomes","og_description":"BRASA em Casa - encontro que re\u00fane acad\u00eamicos, empreendedores e pol\u00edticos para debater sobre o momento atual do pa\u00eds...Saiba Mais","og_url":"https:\/\/globalattitude.org.br\/en\/brasa-em-casa-convida-drauzio-varella-ciro-gomes-e-outros-para-debate-sobre-cenario-brasileiro\/","og_site_name":"Instituto Global Attitude","article_publisher":"https:\/\/www.facebook.com\/global.attitude.org\/","article_published_time":"2019-07-03T22:38:43+00:00","article_modified_time":"2023-03-10T13:52:24+00:00","og_image":[{"width":1400,"height":750,"url":"https:\/\/globalattitude.org.br\/wp-content\/uploads\/2023\/03\/Imagens-blog-1400x750px-15-1200x643.png","type":"image\/png"}],"author":"comunicacao","twitter_card":"summary_large_image","twitter_creator":"@global_attitude","twitter_site":"@global_attitude","twitter_misc":{"Written by":"comunicacao","Est. reading time":"1 minute"},"schema":{"@context":"https:\/\/schema.org","@graph":[{"@type":["Article","BlogPosting"],"@id":"https:\/\/globalattitude.org.br\/en\/brasa-em-casa-convida-drauzio-varella-ciro-gomes-e-outros-para-debate-sobre-cenario-brasileiro\/#article","isPartOf":{"@id":"https:\/\/globalattitude.org.br\/en\/brasa-em-casa-convida-drauzio-varella-ciro-gomes-e-outros-para-debate-sobre-cenario-brasileiro\/"},"author":{"name":"comunicacao","@id":"https:\/\/globalattitude.org.br\/en\/#\/schema\/person\/d2d0edb26129b7407b05aa493af63725"},"headline":"&#8220;BRASA em Casa&#8221; convida Dr\u00e1uzio Varella, Ciro Gomes e outros para debate sobre cen\u00e1rio brasileiro","datePublished":"2019-07-03T22:38:43+00:00","dateModified":"2023-03-10T13:52:24+00:00","mainEntityOfPage":{"@id":"https:\/\/globalattitude.org.br\/en\/brasa-em-casa-convida-drauzio-varella-ciro-gomes-e-outros-para-debate-sobre-cenario-brasileiro\/"},"wordCount":310,"commentCount":0,"publisher":{"@id":"https:\/\/globalattitude.org.br\/en\/#organization"},"image":{"@id":"https:\/\/globalattitude.org.br\/en\/brasa-em-casa-convida-drauzio-varella-ciro-gomes-e-outros-para-debate-sobre-cenario-brasileiro\/#primaryimage"},"thumbnailUrl":"https:\/\/globalattitude.org.br\/wp-content\/uploads\/2023\/03\/Imagens-blog-1400x750px-15-1200x643.png","keywords":["brasa","brasa em casa","Brasil","Ciro Gomes","Drauzio Varella","Instituto Global Attitude","juventude","Marina Silva","Pol\u00edtica"],"articleSection":["Na m\u00eddia","\u00daltimas"],"inLanguage":"en-US","potentialAction":[{"@type":"CommentAction","name":"Comment","target":["https:\/\/globalattitude.org.br\/en\/brasa-em-casa-convida-drauzio-varella-ciro-gomes-e-outros-para-debate-sobre-cenario-brasileiro\/#respond"]}]},{"@type":"WebPage","@id":"https:\/\/globalattitude.org.br\/en\/brasa-em-casa-convida-drauzio-varella-ciro-gomes-e-outros-para-debate-sobre-cenario-brasileiro\/","url":"https:\/\/globalattitude.org.br\/en\/brasa-em-casa-convida-drauzio-varella-ciro-gomes-e-outros-para-debate-sobre-cenario-brasileiro\/","name":"BRASA em Casa Convida Dr\u00e1uzio Varella e Ciro Gomes","isPartOf":{"@id":"https:\/\/globalattitude.org.br\/en\/#website"},"primaryImageOfPage":{"@id":"https:\/\/globalattitude.org.br\/en\/brasa-em-casa-convida-drauzio-varella-ciro-gomes-e-outros-para-debate-sobre-cenario-brasileiro\/#primaryimage"},"image":{"@id":"https:\/\/globalattitude.org.br\/en\/brasa-em-casa-convida-drauzio-varella-ciro-gomes-e-outros-para-debate-sobre-cenario-brasileiro\/#primaryimage"},"thumbnailUrl":"https:\/\/globalattitude.org.br\/wp-content\/uploads\/2023\/03\/Imagens-blog-1400x750px-15-1200x643.png","datePublished":"2019-07-03T22:38:43+00:00","dateModified":"2023-03-10T13:52:24+00:00","description":"BRASA em Casa - encontro que re\u00fane acad\u00eamicos, empreendedores e pol\u00edticos para debater sobre o momento atual do pa\u00eds...Saiba Mais","breadcrumb":{"@id":"https:\/\/globalattitude.org.br\/en\/brasa-em-casa-convida-drauzio-varella-ciro-gomes-e-outros-para-debate-sobre-cenario-brasileiro\/#breadcrumb"},"inLanguage":"en-US","potentialAction":[{"@type":"ReadAction","target":["https:\/\/globalattitude.org.br\/en\/brasa-em-casa-convida-drauzio-varella-ciro-gomes-e-outros-para-debate-sobre-cenario-brasileiro\/"]}]},{"@type":"ImageObject","inLanguage":"en-US","@id":"https:\/\/globalattitude.org.br\/en\/brasa-em-casa-convida-drauzio-varella-ciro-gomes-e-outros-para-debate-sobre-cenario-brasileiro\/#primaryimage","url":"https:\/\/globalattitude.org.br\/wp-content\/uploads\/2023\/03\/Imagens-blog-1400x750px-15-1200x643.png","contentUrl":"https:\/\/globalattitude.org.br\/wp-content\/uploads\/2023\/03\/Imagens-blog-1400x750px-15-1200x643.png","width":1400,"height":750},{"@type":"BreadcrumbList","@id":"https:\/\/globalattitude.org.br\/en\/brasa-em-casa-convida-drauzio-varella-ciro-gomes-e-outros-para-debate-sobre-cenario-brasileiro\/#breadcrumb","itemListElement":[{"@type":"ListItem","position":1,"name":"In\u00edcio","item":"https:\/\/globalattitude.org.br\/en\/"},{"@type":"ListItem","position":2,"name":"&#8220;BRASA em Casa&#8221; convida Dr\u00e1uzio Varella, Ciro Gomes e outros para debate sobre cen\u00e1rio brasileiro"}]},{"@type":"WebSite","@id":"https:\/\/globalattitude.org.br\/en\/#website","url":"https:\/\/globalattitude.org.br\/en\/","name":"Instituto Global Attitude","description":"","publisher":{"@id":"https:\/\/globalattitude.org.br\/en\/#organization"},"potentialAction":[{"@type":"SearchAction","target":{"@type":"EntryPoint","urlTemplate":"https:\/\/globalattitude.org.br\/en\/?s={search_term_string}"},"query-input":{"@type":"PropertyValueSpecification","valueRequired":true,"valueName":"search_term_string"}}],"inLanguage":"en-US"},{"@type":"Organization","@id":"https:\/\/globalattitude.org.br\/en\/#organization","name":"Instituto Global Attitude","url":"https:\/\/globalattitude.org.br\/en\/","logo":{"@type":"ImageObject","inLanguage":"en-US","@id":"https:\/\/globalattitude.org.br\/en\/#\/schema\/logo\/image\/","url":"https:\/\/globalattitude.org.br\/wp-content\/uploads\/2023\/01\/instituto-global-attitude-color.png","contentUrl":"https:\/\/globalattitude.org.br\/wp-content\/uploads\/2023\/01\/instituto-global-attitude-color.png","width":300,"height":131,"caption":"Instituto Global Attitude"},"image":{"@id":"https:\/\/globalattitude.org.br\/en\/#\/schema\/logo\/image\/"},"sameAs":["https:\/\/www.facebook.com\/global.attitude.org\/","https:\/\/x.com\/global_attitude","https:\/\/www.instagram.com\/globalattitude","https:\/\/www.linkedin.com\/company\/global-attitude\/?viewAsMember=true"]},{"@type":"Person","@id":"https:\/\/globalattitude.org.br\/en\/#\/schema\/person\/d2d0edb26129b7407b05aa493af63725","name":"comunicacao","image":{"@type":"ImageObject","inLanguage":"en-US","@id":"https:\/\/secure.gravatar.com\/avatar\/a25dbef6d352d1355e632d9629c19165ddb3e176cbcb21ee573e3d96d011d16b?s=96&d=mm&r=g","url":"https:\/\/secure.gravatar.com\/avatar\/a25dbef6d352d1355e632d9629c19165ddb3e176cbcb21ee573e3d96d011d16b?s=96&d=mm&r=g","contentUrl":"https:\/\/secure.gravatar.com\/avatar\/a25dbef6d352d1355e632d9629c19165ddb3e176cbcb21ee573e3d96d011d16b?s=96&d=mm&r=g","caption":"comunicacao"},"url":"https:\/\/globalattitude.org.br\/en\/author\/comunicacao\/"}]}},"_links":{"self":[{"href":"https:\/\/globalattitude.org.br\/en\/wp-json\/wp\/v2\/posts\/2922","targetHints":{"allow":["GET"]}}],"collection":[{"href":"https:\/\/globalattitude.org.br\/en\/wp-json\/wp\/v2\/posts"}],"about":[{"href":"https:\/\/globalattitude.org.br\/en\/wp-json\/wp\/v2\/types\/post"}],"author":[{"embeddable":true,"href":"https:\/\/globalattitude.org.br\/en\/wp-json\/wp\/v2\/users\/4"}],"replies":[{"embeddable":true,"href":"https:\/\/globalattitude.org.br\/en\/wp-json\/wp\/v2\/comments?post=2922"}],"version-history":[{"count":1,"href":"https:\/\/globalattitude.org.br\/en\/wp-json\/wp\/v2\/posts\/2922\/revisions"}],"predecessor-version":[{"id":2925,"href":"https:\/\/globalattitude.org.br\/en\/wp-json\/wp\/v2\/posts\/2922\/revisions\/2925"}],"wp:featuredmedia":[{"embeddable":true,"href":"https:\/\/globalattitude.org.br\/en\/wp-json\/wp\/v2\/media\/2923"}],"wp:attachment":[{"href":"https:\/\/globalattitude.org.br\/en\/wp-json\/wp\/v2\/media?parent=2922"}],"wp:term":[{"taxonomy":"category","embeddable":true,"href":"https:\/\/globalattitude.org.br\/en\/wp-json\/wp\/v2\/categories?post=2922"},{"taxonomy":"post_tag","embeddable":true,"href":"https:\/\/globalattitude.org.br\/en\/wp-json\/wp\/v2\/tags?post=2922"}],"curies":[{"name":"wp","href":"https:\/\/api.w.org\/{rel}","templated":true}]}}