{"id":2964,"date":"2019-08-13T17:50:17","date_gmt":"2019-08-13T20:50:17","guid":{"rendered":"https:\/\/globalattitude.org.br\/segunda-edicao-do-forum-estadual-de-relacoes-internacionais-esta-com-inscricoes-abertas\/"},"modified":"2023-05-04T11:07:38","modified_gmt":"2023-05-04T14:07:38","slug":"segunda-edicao-do-forum-estadual-de-relacoes-internacionais-esta-com-inscricoes-abertas","status":"publish","type":"post","link":"https:\/\/globalattitude.org.br\/en\/segunda-edicao-do-forum-estadual-de-relacoes-internacionais-esta-com-inscricoes-abertas\/","title":{"rendered":"Segunda edi\u00e7\u00e3o do F\u00f3rum Estadual de Rela\u00e7\u00f5es Internacionais est\u00e1 com inscri\u00e7\u00f5es abertas"},"content":{"rendered":"<p>Est\u00e3o abertas as inscri\u00e7\u00f5es para a segunda edi\u00e7\u00e3o do <a href=\"https:\/\/www.integri.com.br\/ferisp\">F\u00f3rum Estadual de Rela\u00e7\u00f5es Internacionais de S\u00e3o Paulo<\/a> (FERISP), evento\u00a0promovido pelo\u00a0<a href=\"http:\/\/www.integri.com.br\/\">IntegRI<\/a>, organiza\u00e7\u00e3o de Integra\u00e7\u00e3o dos cursos de Rela\u00e7\u00f5es Internacionais de S\u00e3o Paulo, que acontece de 27 a 29 de setembro, na Universidade S\u00e3o Judas (Unidade Mooca), em S\u00e3o Paulo.<\/p>\n<p>Com foco em discutir o campo de atua\u00e7\u00e3o de um internacionalista,\u00a0a n\u00edvel\u00a0local e nacional, a edi\u00e7\u00e3o deste ano se debru\u00e7a sobre o tema &#8220;Conectando o mundo por meio das Rela\u00e7\u00f5es Internacionais&#8221;, reunindo estudantes, pesquisadores, analistas de RI, professores, cientistas pol\u00edticos, economistas e\u00a0representantes de movimentos sociais para discutir projetos e a\u00e7\u00f5es \u00e0 efetiva operacionaliza\u00e7\u00e3o das rela\u00e7\u00f5es internacionais brasileiras dentro de um panorama de inser\u00e7\u00e3o internacional.<\/p>\n<p>&#8220;<span class=\"color_35\">\u202f<\/span><span class=\"color_35\">Nosso objetivo com o \u202fFERISP\u00a0\u00e9 de criar um evento que levante e agregue diferentes perspectivas e opini\u00f5es sobre temas pertinentes \u00e0 efetiva operacionaliza\u00e7\u00e3o das rela\u00e7\u00f5es internacionais brasileiras dentro de um panorama de inser\u00e7\u00e3o internacional&#8221;, afirma a equipe organizadora. O f\u00f3rum\u00a0<\/span>oferece tr\u00eas dias de debates, palestras, minicursos, workshops e outras atividades. <a href=\"https:\/\/www.sympla.com.br\/ferisp-2019---forum-estadual-de-relacoes-internacionais-de-sao-paulo__560489\">A programa\u00e7\u00e3o completa pode ser conferida aqui<\/a>.\u200b<\/p>\n<p>As inscri\u00e7\u00f5es s\u00e3o pagas e limitadas. Ainda est\u00e3o dispon\u00edveis\u00a0<a href=\"https:\/\/www.sympla.com.br\/ferisp-2019---forum-estadual-de-relacoes-internacionais-de-sao-paulo__560489\">ingressos do primeiro lote<\/a>,\u00a0com op\u00e7\u00f5es entre o pacote acad\u00eamico \u2013 o qual inclui palestras magnas, pain\u00e9is, minicursos, workshops, coffee break de boas-vindas e acesso \u00e0s cerim\u00f4nias de abertura e encerramento -, e o acad\u00eamico+festa, o qual al\u00e9m do pacote principal, inclui festa tem\u00e1tica.<\/p>\n<p>Acompanhe as\u00a0<a href=\"https:\/\/www.facebook.com\/ferisp.br\/?ref=page_internal\">redes sociais oficiais do evento<\/a>\u00a0para ficar por dentro das novidades e\u00a0saber mais sobre os palestrantes confirmados.<\/p>\n","protected":false},"excerpt":{"rendered":"<p>Est\u00e3o abertas as inscri\u00e7\u00f5es para a segunda edi\u00e7\u00e3o do F\u00f3rum Estadual de Rela\u00e7\u00f5es Internacionais de S\u00e3o Paulo (FERISP), evento\u00a0promovido pelo\u00a0IntegRI, organiza\u00e7\u00e3o de Integra\u00e7\u00e3o dos cursos de Rela\u00e7\u00f5es Internacionais de S\u00e3o Paulo, que acontece de 27 a 29 de setembro, na Universidade S\u00e3o Judas (Unidade Mooca), em S\u00e3o Paulo. Com foco em discutir o campo de [&hellip;]<\/p>\n","protected":false},"author":3,"featured_media":2965,"comment_status":"open","ping_status":"open","sticky":false,"template":"","format":"standard","meta":{"_acf_changed":false,"om_disable_all_campaigns":false,"_monsterinsights_skip_tracking":false,"_uf_show_specific_survey":0,"_uf_disable_surveys":false,"footnotes":""},"categories":[33,34],"tags":[25,138,139,4,140,61,141],"class_list":["post-2964","post","type-post","status-publish","format-standard","hentry","category-oportunidades","category-ultimas","tag-diplomacia-civil","tag-ferisp","tag-forum","tag-instituto-global-attitude","tag-integri","tag-relacoes-internacionais","tag-sao-paulo"],"acf":[],"aioseo_notices":[],"aioseo_head":"\n\t\t<!-- All in One SEO 5.0.1.1 - aioseo.com -->\n\t<meta name=\"description\" content=\"Est\u00e3o abertas as inscri\u00e7\u00f5es para a segunda edi\u00e7\u00e3o do F\u00f3rum Estadual de Rela\u00e7\u00f5es Internacionais de S\u00e3o Paulo (FERISP), evento promovido pelo IntegRI, organiza\u00e7\u00e3o de Integra\u00e7\u00e3o dos cursos de Rela\u00e7\u00f5es Internacionais de S\u00e3o Paulo, que acontece de 27 a 29 de setembro, na Universidade S\u00e3o Judas (Unidade Mooca), em S\u00e3o Paulo. Com foco em discutir o campo de\" \/>\n\t<meta name=\"robots\" content=\"max-image-preview:large\" \/>\n\t<meta name=\"author\" content=\"rodrigo\"\/>\n\t<link rel=\"canonical\" href=\"https:\/\/globalattitude.org.br\/en\/segunda-edicao-do-forum-estadual-de-relacoes-internacionais-esta-com-inscricoes-abertas\/\" \/>\n\t<meta name=\"generator\" content=\"All in One SEO (AIOSEO) 5.0.1.1\" \/>\n\t\t<meta property=\"og:locale\" content=\"en_US\" \/>\n\t\t<meta property=\"og:site_name\" content=\"Instituto Global Attitude -\" \/>\n\t\t<meta property=\"og:type\" content=\"article\" \/>\n\t\t<meta property=\"og:title\" content=\"Segunda edi\u00e7\u00e3o do F\u00f3rum Estadual de Rela\u00e7\u00f5es Internacionais est\u00e1 com inscri\u00e7\u00f5es abertas - Instituto Global Attitude\" \/>\n\t\t<meta property=\"og:description\" content=\"Est\u00e3o abertas as inscri\u00e7\u00f5es para a segunda edi\u00e7\u00e3o do F\u00f3rum Estadual de Rela\u00e7\u00f5es Internacionais de S\u00e3o Paulo (FERISP), evento promovido pelo IntegRI, organiza\u00e7\u00e3o de Integra\u00e7\u00e3o dos cursos de Rela\u00e7\u00f5es Internacionais de S\u00e3o Paulo, que acontece de 27 a 29 de setembro, na Universidade S\u00e3o Judas (Unidade Mooca), em S\u00e3o Paulo. Com foco em discutir o campo de\" \/>\n\t\t<meta property=\"og:url\" content=\"https:\/\/globalattitude.org.br\/en\/segunda-edicao-do-forum-estadual-de-relacoes-internacionais-esta-com-inscricoes-abertas\/\" \/>\n\t\t<meta property=\"article:published_time\" content=\"2019-08-13T20:50:17+00:00\" \/>\n\t\t<meta property=\"article:modified_time\" content=\"2023-05-04T14:07:38+00:00\" \/>\n\t\t<meta name=\"twitter:card\" content=\"summary_large_image\" \/>\n\t\t<meta name=\"twitter:title\" content=\"Segunda edi\u00e7\u00e3o do F\u00f3rum Estadual de Rela\u00e7\u00f5es Internacionais est\u00e1 com inscri\u00e7\u00f5es abertas - Instituto Global Attitude\" \/>\n\t\t<meta name=\"twitter:description\" content=\"Est\u00e3o abertas as inscri\u00e7\u00f5es para a segunda edi\u00e7\u00e3o do F\u00f3rum Estadual de Rela\u00e7\u00f5es Internacionais de S\u00e3o Paulo (FERISP), evento promovido pelo IntegRI, organiza\u00e7\u00e3o de Integra\u00e7\u00e3o dos cursos de Rela\u00e7\u00f5es Internacionais de S\u00e3o Paulo, que acontece de 27 a 29 de setembro, na Universidade S\u00e3o Judas (Unidade Mooca), em S\u00e3o Paulo. Com foco em discutir o campo de\" \/>\n\t\t<script type=\"application\/ld+json\" class=\"aioseo-schema\">\n\t\t\t{\"@context\":\"https:\\\/\\\/schema.org\",\"@graph\":[{\"@type\":\"BlogPosting\",\"@id\":\"https:\\\/\\\/globalattitude.org.br\\\/en\\\/segunda-edicao-do-forum-estadual-de-relacoes-internacionais-esta-com-inscricoes-abertas\\\/#blogposting\",\"name\":\"Segunda edi\\u00e7\\u00e3o do F\\u00f3rum Estadual de Rela\\u00e7\\u00f5es Internacionais est\\u00e1 com inscri\\u00e7\\u00f5es abertas - Instituto Global Attitude\",\"headline\":\"Segunda edi\\u00e7\\u00e3o do F\\u00f3rum Estadual de Rela\\u00e7\\u00f5es Internacionais est\\u00e1 com inscri\\u00e7\\u00f5es abertas\",\"author\":{\"@id\":\"https:\\\/\\\/globalattitude.org.br\\\/en\\\/author\\\/rodrigo\\\/#author\"},\"publisher\":{\"@id\":\"https:\\\/\\\/globalattitude.org.br\\\/en\\\/#organization\"},\"image\":{\"@type\":\"ImageObject\",\"url\":\"https:\\\/\\\/globalattitude.org.br\\\/wp-content\\\/uploads\\\/2023\\\/03\\\/Imagens-blog-1400x750px-7-1-1200x643.png\",\"width\":1400,\"height\":750},\"datePublished\":\"2019-08-13T17:50:17-03:00\",\"dateModified\":\"2023-05-04T11:07:38-03:00\",\"inLanguage\":\"en-US\",\"mainEntityOfPage\":{\"@id\":\"https:\\\/\\\/globalattitude.org.br\\\/en\\\/segunda-edicao-do-forum-estadual-de-relacoes-internacionais-esta-com-inscricoes-abertas\\\/#webpage\"},\"isPartOf\":{\"@id\":\"https:\\\/\\\/globalattitude.org.br\\\/en\\\/segunda-edicao-do-forum-estadual-de-relacoes-internacionais-esta-com-inscricoes-abertas\\\/#webpage\"},\"articleSection\":\"Oportunidades, \\u00daltimas, Diplomacia Civil, FERISP, F\\u00f3rum, Instituto Global Attitude, IntegRI, rela\\u00e7\\u00f5es internacionais, S\\u00e3o Paulo\"},{\"@type\":\"BreadcrumbList\",\"@id\":\"https:\\\/\\\/globalattitude.org.br\\\/en\\\/segunda-edicao-do-forum-estadual-de-relacoes-internacionais-esta-com-inscricoes-abertas\\\/#breadcrumblist\",\"itemListElement\":[{\"@type\":\"ListItem\",\"@id\":\"https:\\\/\\\/globalattitude.org.br\\\/en\\\/#listItem\",\"position\":1,\"name\":\"Home\",\"item\":\"https:\\\/\\\/globalattitude.org.br\\\/en\\\/\",\"nextItem\":{\"@type\":\"ListItem\",\"@id\":\"https:\\\/\\\/globalattitude.org.br\\\/category\\\/oportunidades\\\/#listItem\",\"name\":\"Oportunidades\"}},{\"@type\":\"ListItem\",\"@id\":\"https:\\\/\\\/globalattitude.org.br\\\/category\\\/oportunidades\\\/#listItem\",\"position\":2,\"name\":\"Oportunidades\",\"item\":\"https:\\\/\\\/globalattitude.org.br\\\/category\\\/oportunidades\\\/\",\"nextItem\":{\"@type\":\"ListItem\",\"@id\":\"https:\\\/\\\/globalattitude.org.br\\\/en\\\/segunda-edicao-do-forum-estadual-de-relacoes-internacionais-esta-com-inscricoes-abertas\\\/#listItem\",\"name\":\"Segunda edi\\u00e7\\u00e3o do F\\u00f3rum Estadual de Rela\\u00e7\\u00f5es Internacionais est\\u00e1 com inscri\\u00e7\\u00f5es abertas\"},\"previousItem\":{\"@type\":\"ListItem\",\"@id\":\"https:\\\/\\\/globalattitude.org.br\\\/en\\\/#listItem\",\"name\":\"Home\"}},{\"@type\":\"ListItem\",\"@id\":\"https:\\\/\\\/globalattitude.org.br\\\/en\\\/segunda-edicao-do-forum-estadual-de-relacoes-internacionais-esta-com-inscricoes-abertas\\\/#listItem\",\"position\":3,\"name\":\"Segunda edi\\u00e7\\u00e3o do F\\u00f3rum Estadual de Rela\\u00e7\\u00f5es Internacionais est\\u00e1 com inscri\\u00e7\\u00f5es abertas\",\"previousItem\":{\"@type\":\"ListItem\",\"@id\":\"https:\\\/\\\/globalattitude.org.br\\\/category\\\/oportunidades\\\/#listItem\",\"name\":\"Oportunidades\"}}]},{\"@type\":\"Organization\",\"@id\":\"https:\\\/\\\/globalattitude.org.br\\\/en\\\/#organization\",\"name\":\"Global Attitude\",\"url\":\"https:\\\/\\\/globalattitude.org.br\\\/en\\\/\"},{\"@type\":\"Person\",\"@id\":\"https:\\\/\\\/globalattitude.org.br\\\/en\\\/author\\\/rodrigo\\\/#author\",\"url\":\"https:\\\/\\\/globalattitude.org.br\\\/en\\\/author\\\/rodrigo\\\/\",\"name\":\"rodrigo\",\"image\":{\"@type\":\"ImageObject\",\"@id\":\"https:\\\/\\\/globalattitude.org.br\\\/en\\\/segunda-edicao-do-forum-estadual-de-relacoes-internacionais-esta-com-inscricoes-abertas\\\/#authorImage\",\"url\":\"https:\\\/\\\/secure.gravatar.com\\\/avatar\\\/1c1599db13943f3289fb3206e5aaf9560b644e4aaf0b4d3a378ba91202ab9cc4?s=96&d=mm&r=g\",\"width\":96,\"height\":96,\"caption\":\"rodrigo\"}},{\"@type\":\"WebPage\",\"@id\":\"https:\\\/\\\/globalattitude.org.br\\\/en\\\/segunda-edicao-do-forum-estadual-de-relacoes-internacionais-esta-com-inscricoes-abertas\\\/#webpage\",\"url\":\"https:\\\/\\\/globalattitude.org.br\\\/en\\\/segunda-edicao-do-forum-estadual-de-relacoes-internacionais-esta-com-inscricoes-abertas\\\/\",\"name\":\"Segunda edi\\u00e7\\u00e3o do F\\u00f3rum Estadual de Rela\\u00e7\\u00f5es Internacionais est\\u00e1 com inscri\\u00e7\\u00f5es abertas - Instituto Global Attitude\",\"description\":\"Est\\u00e3o abertas as inscri\\u00e7\\u00f5es para a segunda edi\\u00e7\\u00e3o do F\\u00f3rum Estadual de Rela\\u00e7\\u00f5es Internacionais de S\\u00e3o Paulo (FERISP), evento promovido pelo IntegRI, organiza\\u00e7\\u00e3o de Integra\\u00e7\\u00e3o dos cursos de Rela\\u00e7\\u00f5es Internacionais de S\\u00e3o Paulo, que acontece de 27 a 29 de setembro, na Universidade S\\u00e3o Judas (Unidade Mooca), em S\\u00e3o Paulo. Com foco em discutir o campo de\",\"inLanguage\":\"en-US\",\"isPartOf\":{\"@id\":\"https:\\\/\\\/globalattitude.org.br\\\/en\\\/#website\"},\"breadcrumb\":{\"@id\":\"https:\\\/\\\/globalattitude.org.br\\\/en\\\/segunda-edicao-do-forum-estadual-de-relacoes-internacionais-esta-com-inscricoes-abertas\\\/#breadcrumblist\"},\"author\":{\"@id\":\"https:\\\/\\\/globalattitude.org.br\\\/en\\\/author\\\/rodrigo\\\/#author\"},\"creator\":{\"@id\":\"https:\\\/\\\/globalattitude.org.br\\\/en\\\/author\\\/rodrigo\\\/#author\"},\"image\":{\"@type\":\"ImageObject\",\"url\":\"https:\\\/\\\/globalattitude.org.br\\\/wp-content\\\/uploads\\\/2023\\\/03\\\/Imagens-blog-1400x750px-7-1-1200x643.png\",\"@id\":\"https:\\\/\\\/globalattitude.org.br\\\/en\\\/segunda-edicao-do-forum-estadual-de-relacoes-internacionais-esta-com-inscricoes-abertas\\\/#mainImage\",\"width\":1400,\"height\":750},\"primaryImageOfPage\":{\"@id\":\"https:\\\/\\\/globalattitude.org.br\\\/en\\\/segunda-edicao-do-forum-estadual-de-relacoes-internacionais-esta-com-inscricoes-abertas\\\/#mainImage\"},\"datePublished\":\"2019-08-13T17:50:17-03:00\",\"dateModified\":\"2023-05-04T11:07:38-03:00\"},{\"@type\":\"WebSite\",\"@id\":\"https:\\\/\\\/globalattitude.org.br\\\/en\\\/#website\",\"url\":\"https:\\\/\\\/globalattitude.org.br\\\/en\\\/\",\"name\":\"Global Attitude\",\"inLanguage\":\"en-US\",\"publisher\":{\"@id\":\"https:\\\/\\\/globalattitude.org.br\\\/en\\\/#organization\"}}]}\n\t\t<\/script>\n\t\t<!-- All in One SEO -->\n\n","aioseo_head_json":{"title":"Segunda edi\u00e7\u00e3o do F\u00f3rum Estadual de Rela\u00e7\u00f5es Internacionais est\u00e1 com inscri\u00e7\u00f5es abertas - Instituto Global Attitude","description":"Est\u00e3o abertas as inscri\u00e7\u00f5es para a segunda edi\u00e7\u00e3o do F\u00f3rum Estadual de Rela\u00e7\u00f5es Internacionais de S\u00e3o Paulo (FERISP), evento promovido pelo IntegRI, organiza\u00e7\u00e3o de Integra\u00e7\u00e3o dos cursos de Rela\u00e7\u00f5es Internacionais de S\u00e3o Paulo, que acontece de 27 a 29 de setembro, na Universidade S\u00e3o Judas (Unidade Mooca), em S\u00e3o Paulo. Com foco em discutir o campo de","canonical_url":"https:\/\/globalattitude.org.br\/en\/segunda-edicao-do-forum-estadual-de-relacoes-internacionais-esta-com-inscricoes-abertas\/","robots":"max-image-preview:large","keywords":"","webmasterTools":{"miscellaneous":""},"schema":{"@context":"https:\/\/schema.org","@graph":[{"@type":"BlogPosting","@id":"https:\/\/globalattitude.org.br\/en\/segunda-edicao-do-forum-estadual-de-relacoes-internacionais-esta-com-inscricoes-abertas\/#blogposting","name":"Segunda edi\u00e7\u00e3o do F\u00f3rum Estadual de Rela\u00e7\u00f5es Internacionais est\u00e1 com inscri\u00e7\u00f5es abertas - Instituto Global Attitude","headline":"Segunda edi\u00e7\u00e3o do F\u00f3rum Estadual de Rela\u00e7\u00f5es Internacionais est\u00e1 com inscri\u00e7\u00f5es abertas","author":{"@id":"https:\/\/globalattitude.org.br\/en\/author\/rodrigo\/#author"},"publisher":{"@id":"https:\/\/globalattitude.org.br\/en\/#organization"},"image":{"@type":"ImageObject","url":"https:\/\/globalattitude.org.br\/wp-content\/uploads\/2023\/03\/Imagens-blog-1400x750px-7-1-1200x643.png","width":1400,"height":750},"datePublished":"2019-08-13T17:50:17-03:00","dateModified":"2023-05-04T11:07:38-03:00","inLanguage":"en-US","mainEntityOfPage":{"@id":"https:\/\/globalattitude.org.br\/en\/segunda-edicao-do-forum-estadual-de-relacoes-internacionais-esta-com-inscricoes-abertas\/#webpage"},"isPartOf":{"@id":"https:\/\/globalattitude.org.br\/en\/segunda-edicao-do-forum-estadual-de-relacoes-internacionais-esta-com-inscricoes-abertas\/#webpage"},"articleSection":"Oportunidades, \u00daltimas, Diplomacia Civil, FERISP, F\u00f3rum, Instituto Global Attitude, IntegRI, rela\u00e7\u00f5es internacionais, S\u00e3o Paulo"},{"@type":"BreadcrumbList","@id":"https:\/\/globalattitude.org.br\/en\/segunda-edicao-do-forum-estadual-de-relacoes-internacionais-esta-com-inscricoes-abertas\/#breadcrumblist","itemListElement":[{"@type":"ListItem","@id":"https:\/\/globalattitude.org.br\/en\/#listItem","position":1,"name":"Home","item":"https:\/\/globalattitude.org.br\/en\/","nextItem":{"@type":"ListItem","@id":"https:\/\/globalattitude.org.br\/category\/oportunidades\/#listItem","name":"Oportunidades"}},{"@type":"ListItem","@id":"https:\/\/globalattitude.org.br\/category\/oportunidades\/#listItem","position":2,"name":"Oportunidades","item":"https:\/\/globalattitude.org.br\/category\/oportunidades\/","nextItem":{"@type":"ListItem","@id":"https:\/\/globalattitude.org.br\/en\/segunda-edicao-do-forum-estadual-de-relacoes-internacionais-esta-com-inscricoes-abertas\/#listItem","name":"Segunda edi\u00e7\u00e3o do F\u00f3rum Estadual de Rela\u00e7\u00f5es Internacionais est\u00e1 com inscri\u00e7\u00f5es abertas"},"previousItem":{"@type":"ListItem","@id":"https:\/\/globalattitude.org.br\/en\/#listItem","name":"Home"}},{"@type":"ListItem","@id":"https:\/\/globalattitude.org.br\/en\/segunda-edicao-do-forum-estadual-de-relacoes-internacionais-esta-com-inscricoes-abertas\/#listItem","position":3,"name":"Segunda edi\u00e7\u00e3o do F\u00f3rum Estadual de Rela\u00e7\u00f5es Internacionais est\u00e1 com inscri\u00e7\u00f5es abertas","previousItem":{"@type":"ListItem","@id":"https:\/\/globalattitude.org.br\/category\/oportunidades\/#listItem","name":"Oportunidades"}}]},{"@type":"Organization","@id":"https:\/\/globalattitude.org.br\/en\/#organization","name":"Global Attitude","url":"https:\/\/globalattitude.org.br\/en\/"},{"@type":"Person","@id":"https:\/\/globalattitude.org.br\/en\/author\/rodrigo\/#author","url":"https:\/\/globalattitude.org.br\/en\/author\/rodrigo\/","name":"rodrigo","image":{"@type":"ImageObject","@id":"https:\/\/globalattitude.org.br\/en\/segunda-edicao-do-forum-estadual-de-relacoes-internacionais-esta-com-inscricoes-abertas\/#authorImage","url":"https:\/\/secure.gravatar.com\/avatar\/1c1599db13943f3289fb3206e5aaf9560b644e4aaf0b4d3a378ba91202ab9cc4?s=96&d=mm&r=g","width":96,"height":96,"caption":"rodrigo"}},{"@type":"WebPage","@id":"https:\/\/globalattitude.org.br\/en\/segunda-edicao-do-forum-estadual-de-relacoes-internacionais-esta-com-inscricoes-abertas\/#webpage","url":"https:\/\/globalattitude.org.br\/en\/segunda-edicao-do-forum-estadual-de-relacoes-internacionais-esta-com-inscricoes-abertas\/","name":"Segunda edi\u00e7\u00e3o do F\u00f3rum Estadual de Rela\u00e7\u00f5es Internacionais est\u00e1 com inscri\u00e7\u00f5es abertas - Instituto Global Attitude","description":"Est\u00e3o abertas as inscri\u00e7\u00f5es para a segunda edi\u00e7\u00e3o do F\u00f3rum Estadual de Rela\u00e7\u00f5es Internacionais de S\u00e3o Paulo (FERISP), evento promovido pelo IntegRI, organiza\u00e7\u00e3o de Integra\u00e7\u00e3o dos cursos de Rela\u00e7\u00f5es Internacionais de S\u00e3o Paulo, que acontece de 27 a 29 de setembro, na Universidade S\u00e3o Judas (Unidade Mooca), em S\u00e3o Paulo. Com foco em discutir o campo de","inLanguage":"en-US","isPartOf":{"@id":"https:\/\/globalattitude.org.br\/en\/#website"},"breadcrumb":{"@id":"https:\/\/globalattitude.org.br\/en\/segunda-edicao-do-forum-estadual-de-relacoes-internacionais-esta-com-inscricoes-abertas\/#breadcrumblist"},"author":{"@id":"https:\/\/globalattitude.org.br\/en\/author\/rodrigo\/#author"},"creator":{"@id":"https:\/\/globalattitude.org.br\/en\/author\/rodrigo\/#author"},"image":{"@type":"ImageObject","url":"https:\/\/globalattitude.org.br\/wp-content\/uploads\/2023\/03\/Imagens-blog-1400x750px-7-1-1200x643.png","@id":"https:\/\/globalattitude.org.br\/en\/segunda-edicao-do-forum-estadual-de-relacoes-internacionais-esta-com-inscricoes-abertas\/#mainImage","width":1400,"height":750},"primaryImageOfPage":{"@id":"https:\/\/globalattitude.org.br\/en\/segunda-edicao-do-forum-estadual-de-relacoes-internacionais-esta-com-inscricoes-abertas\/#mainImage"},"datePublished":"2019-08-13T17:50:17-03:00","dateModified":"2023-05-04T11:07:38-03:00"},{"@type":"WebSite","@id":"https:\/\/globalattitude.org.br\/en\/#website","url":"https:\/\/globalattitude.org.br\/en\/","name":"Global Attitude","inLanguage":"en-US","publisher":{"@id":"https:\/\/globalattitude.org.br\/en\/#organization"}}]},"og:locale":"en_US","og:site_name":"Instituto Global Attitude -","og:type":"article","og:title":"Segunda edi\u00e7\u00e3o do F\u00f3rum Estadual de Rela\u00e7\u00f5es Internacionais est\u00e1 com inscri\u00e7\u00f5es abertas - Instituto Global Attitude","og:description":"Est\u00e3o abertas as inscri\u00e7\u00f5es para a segunda edi\u00e7\u00e3o do F\u00f3rum Estadual de Rela\u00e7\u00f5es Internacionais de S\u00e3o Paulo (FERISP), evento promovido pelo IntegRI, organiza\u00e7\u00e3o de Integra\u00e7\u00e3o dos cursos de Rela\u00e7\u00f5es Internacionais de S\u00e3o Paulo, que acontece de 27 a 29 de setembro, na Universidade S\u00e3o Judas (Unidade Mooca), em S\u00e3o Paulo. Com foco em discutir o campo de","og:url":"https:\/\/globalattitude.org.br\/en\/segunda-edicao-do-forum-estadual-de-relacoes-internacionais-esta-com-inscricoes-abertas\/","article:published_time":"2019-08-13T20:50:17+00:00","article:modified_time":"2023-05-04T14:07:38+00:00","twitter:card":"summary_large_image","twitter:title":"Segunda edi\u00e7\u00e3o do F\u00f3rum Estadual de Rela\u00e7\u00f5es Internacionais est\u00e1 com inscri\u00e7\u00f5es abertas - Instituto Global Attitude","twitter:description":"Est\u00e3o abertas as inscri\u00e7\u00f5es para a segunda edi\u00e7\u00e3o do F\u00f3rum Estadual de Rela\u00e7\u00f5es Internacionais de S\u00e3o Paulo (FERISP), evento promovido pelo IntegRI, organiza\u00e7\u00e3o de Integra\u00e7\u00e3o dos cursos de Rela\u00e7\u00f5es Internacionais de S\u00e3o Paulo, que acontece de 27 a 29 de setembro, na Universidade S\u00e3o Judas (Unidade Mooca), em S\u00e3o Paulo. Com foco em discutir o campo de"},"aioseo_meta_data":{"post_id":"2964","title":null,"description":null,"keywords":null,"keyphrases":null,"primary_term":null,"canonical_url":null,"og_title":null,"og_description":null,"og_object_type":"default","og_image_type":"default","og_image_url":null,"og_image_width":null,"og_image_height":null,"og_image_custom_url":null,"og_image_custom_fields":null,"og_video":null,"og_custom_url":null,"og_article_section":null,"og_article_tags":null,"twitter_use_og":false,"twitter_card":"default","twitter_image_type":"default","twitter_image_url":null,"twitter_image_custom_url":null,"twitter_image_custom_fields":null,"twitter_title":null,"twitter_description":null,"schema":{"blockGraphs":[],"customGraphs":[],"default":{"data":{"Article":[],"Course":[],"Dataset":[],"FAQPage":[],"Movie":[],"Person":[],"Product":[],"ProductReview":[],"Car":[],"Recipe":[],"Service":[],"SoftwareApplication":[],"WebPage":[]},"graphName":"","isEnabled":true},"graphs":[]},"schema_type":"default","schema_type_options":null,"pillar_content":false,"robots_default":true,"robots_noindex":false,"robots_noarchive":false,"robots_nosnippet":false,"robots_nofollow":false,"robots_noimageindex":false,"robots_noodp":false,"robots_notranslate":false,"robots_max_snippet":null,"robots_max_videopreview":null,"robots_max_imagepreview":"large","priority":null,"frequency":null,"local_seo":null,"breadcrumb_settings":null,"limit_modified_date":false,"ai":null,"created":"2024-04-18 14:07:05","updated":"2025-06-05 02:24:44","seo_analyzer_scan_date":null,"focus_keyword":null,"additional_keywords":null,"truseo_locale":null},"aioseo_breadcrumb":"<div class=\"aioseo-breadcrumbs\"><span class=\"aioseo-breadcrumb\">\n\t\t\t<a href=\"https:\/\/globalattitude.org.br\/en\/\" title=\"Home\">Home<\/a>\n\t\t<\/span><span class=\"aioseo-breadcrumb-separator\">&raquo;<\/span><span class=\"aioseo-breadcrumb\">\n\t\t\t<a href=\"https:\/\/globalattitude.org.br\/category\/oportunidades\/\" title=\"Oportunidades\">Oportunidades<\/a>\n\t\t<\/span><span class=\"aioseo-breadcrumb-separator\">&raquo;<\/span><span class=\"aioseo-breadcrumb\">\n\t\t\tSegunda edi\u00e7\u00e3o do F\u00f3rum Estadual de Rela\u00e7\u00f5es Internacionais est\u00e1 com inscri\u00e7\u00f5es abertas\n\t\t<\/span><\/div>","aioseo_breadcrumb_json":[{"label":"Home","link":"https:\/\/globalattitude.org.br\/en\/"},{"label":"Oportunidades","link":"https:\/\/globalattitude.org.br\/category\/oportunidades\/"},{"label":"Segunda edi\u00e7\u00e3o do F\u00f3rum Estadual de Rela\u00e7\u00f5es Internacionais est\u00e1 com inscri\u00e7\u00f5es abertas","link":"https:\/\/globalattitude.org.br\/en\/segunda-edicao-do-forum-estadual-de-relacoes-internacionais-esta-com-inscricoes-abertas\/"}],"yoast_head":"<!-- This site is optimized with the Yoast SEO plugin v28.4 - https:\/\/yoast.com\/product\/yoast-seo-wordpress\/ -->\n<title>F\u00f3rum Estadual - Rela\u00e7\u00f5es Internacionais - Inscri\u00e7\u00f5es Abertas<\/title>\n<meta name=\"description\" content=\"F\u00f3rum Estadual - A Segunda edi\u00e7\u00e3o do F\u00f3rum Estadual de Rela\u00e7\u00f5es Internacionais est\u00e1 com inscri\u00e7\u00f5es abertas - ... Saiba Mais\" \/>\n<meta name=\"robots\" content=\"index, follow, max-snippet:-1, max-image-preview:large, max-video-preview:-1\" \/>\n<link rel=\"canonical\" href=\"https:\/\/globalattitude.org.br\/segunda-edicao-do-forum-estadual-de-relacoes-internacionais-esta-com-inscricoes-abertas\/\" \/>\n<meta property=\"og:locale\" content=\"en_US\" \/>\n<meta property=\"og:type\" content=\"article\" \/>\n<meta property=\"og:title\" content=\"F\u00f3rum Estadual - Rela\u00e7\u00f5es Internacionais - Inscri\u00e7\u00f5es Abertas\" \/>\n<meta property=\"og:description\" content=\"F\u00f3rum Estadual - A Segunda edi\u00e7\u00e3o do F\u00f3rum Estadual de Rela\u00e7\u00f5es Internacionais est\u00e1 com inscri\u00e7\u00f5es abertas - ... Saiba Mais\" \/>\n<meta property=\"og:url\" content=\"https:\/\/globalattitude.org.br\/segunda-edicao-do-forum-estadual-de-relacoes-internacionais-esta-com-inscricoes-abertas\/\" \/>\n<meta property=\"og:site_name\" content=\"Instituto Global Attitude\" \/>\n<meta property=\"article:publisher\" content=\"https:\/\/www.facebook.com\/global.attitude.org\/\" \/>\n<meta property=\"article:published_time\" content=\"2019-08-13T20:50:17+00:00\" \/>\n<meta property=\"article:modified_time\" content=\"2023-05-04T14:07:38+00:00\" \/>\n<meta property=\"og:image\" content=\"https:\/\/globalattitude.org.br\/wp-content\/uploads\/2023\/03\/Imagens-blog-1400x750px-7-1-1200x643.png\" \/>\n\t<meta property=\"og:image:width\" content=\"1400\" \/>\n\t<meta property=\"og:image:height\" content=\"750\" \/>\n\t<meta property=\"og:image:type\" content=\"image\/png\" \/>\n<meta name=\"author\" content=\"rodrigo\" \/>\n<meta name=\"twitter:card\" content=\"summary_large_image\" \/>\n<meta name=\"twitter:creator\" content=\"@global_attitude\" \/>\n<meta name=\"twitter:site\" content=\"@global_attitude\" \/>\n<meta name=\"twitter:label1\" content=\"Written by\" \/>\n\t<meta name=\"twitter:data1\" content=\"rodrigo\" \/>\n\t<meta name=\"twitter:label2\" content=\"Est. reading time\" \/>\n\t<meta name=\"twitter:data2\" content=\"2 minutes\" \/>\n<script type=\"application\/ld+json\" class=\"yoast-schema-graph\">{\"@context\":\"https:\\\/\\\/schema.org\",\"@graph\":[{\"@type\":[\"Article\",\"BlogPosting\"],\"@id\":\"https:\\\/\\\/globalattitude.org.br\\\/segunda-edicao-do-forum-estadual-de-relacoes-internacionais-esta-com-inscricoes-abertas\\\/#article\",\"isPartOf\":{\"@id\":\"https:\\\/\\\/globalattitude.org.br\\\/segunda-edicao-do-forum-estadual-de-relacoes-internacionais-esta-com-inscricoes-abertas\\\/\"},\"author\":{\"name\":\"rodrigo\",\"@id\":\"https:\\\/\\\/globalattitude.org.br\\\/#\\\/schema\\\/person\\\/c0db5efc16133ab28ea2d64fc19667e5\"},\"headline\":\"Segunda edi\u00e7\u00e3o do F\u00f3rum Estadual de Rela\u00e7\u00f5es Internacionais est\u00e1 com inscri\u00e7\u00f5es abertas\",\"datePublished\":\"2019-08-13T20:50:17+00:00\",\"dateModified\":\"2023-05-04T14:07:38+00:00\",\"mainEntityOfPage\":{\"@id\":\"https:\\\/\\\/globalattitude.org.br\\\/segunda-edicao-do-forum-estadual-de-relacoes-internacionais-esta-com-inscricoes-abertas\\\/\"},\"wordCount\":300,\"commentCount\":0,\"publisher\":{\"@id\":\"https:\\\/\\\/globalattitude.org.br\\\/#organization\"},\"image\":{\"@id\":\"https:\\\/\\\/globalattitude.org.br\\\/segunda-edicao-do-forum-estadual-de-relacoes-internacionais-esta-com-inscricoes-abertas\\\/#primaryimage\"},\"thumbnailUrl\":\"https:\\\/\\\/globalattitude.org.br\\\/wp-content\\\/uploads\\\/2023\\\/03\\\/Imagens-blog-1400x750px-7-1-1200x643.png\",\"keywords\":[\"Diplomacia Civil\",\"FERISP\",\"F\u00f3rum\",\"Instituto Global Attitude\",\"IntegRI\",\"rela\u00e7\u00f5es internacionais\",\"S\u00e3o Paulo\"],\"articleSection\":[\"Oportunidades\",\"\u00daltimas\"],\"inLanguage\":\"en-US\",\"potentialAction\":[{\"@type\":\"CommentAction\",\"name\":\"Comment\",\"target\":[\"https:\\\/\\\/globalattitude.org.br\\\/segunda-edicao-do-forum-estadual-de-relacoes-internacionais-esta-com-inscricoes-abertas\\\/#respond\"]}]},{\"@type\":\"WebPage\",\"@id\":\"https:\\\/\\\/globalattitude.org.br\\\/segunda-edicao-do-forum-estadual-de-relacoes-internacionais-esta-com-inscricoes-abertas\\\/\",\"url\":\"https:\\\/\\\/globalattitude.org.br\\\/segunda-edicao-do-forum-estadual-de-relacoes-internacionais-esta-com-inscricoes-abertas\\\/\",\"name\":\"F\u00f3rum Estadual - Rela\u00e7\u00f5es Internacionais - Inscri\u00e7\u00f5es Abertas\",\"isPartOf\":{\"@id\":\"https:\\\/\\\/globalattitude.org.br\\\/#website\"},\"primaryImageOfPage\":{\"@id\":\"https:\\\/\\\/globalattitude.org.br\\\/segunda-edicao-do-forum-estadual-de-relacoes-internacionais-esta-com-inscricoes-abertas\\\/#primaryimage\"},\"image\":{\"@id\":\"https:\\\/\\\/globalattitude.org.br\\\/segunda-edicao-do-forum-estadual-de-relacoes-internacionais-esta-com-inscricoes-abertas\\\/#primaryimage\"},\"thumbnailUrl\":\"https:\\\/\\\/globalattitude.org.br\\\/wp-content\\\/uploads\\\/2023\\\/03\\\/Imagens-blog-1400x750px-7-1-1200x643.png\",\"datePublished\":\"2019-08-13T20:50:17+00:00\",\"dateModified\":\"2023-05-04T14:07:38+00:00\",\"description\":\"F\u00f3rum Estadual - A Segunda edi\u00e7\u00e3o do F\u00f3rum Estadual de Rela\u00e7\u00f5es Internacionais est\u00e1 com inscri\u00e7\u00f5es abertas - ... Saiba Mais\",\"breadcrumb\":{\"@id\":\"https:\\\/\\\/globalattitude.org.br\\\/segunda-edicao-do-forum-estadual-de-relacoes-internacionais-esta-com-inscricoes-abertas\\\/#breadcrumb\"},\"inLanguage\":\"en-US\",\"potentialAction\":[{\"@type\":\"ReadAction\",\"target\":[\"https:\\\/\\\/globalattitude.org.br\\\/segunda-edicao-do-forum-estadual-de-relacoes-internacionais-esta-com-inscricoes-abertas\\\/\"]}]},{\"@type\":\"ImageObject\",\"inLanguage\":\"en-US\",\"@id\":\"https:\\\/\\\/globalattitude.org.br\\\/segunda-edicao-do-forum-estadual-de-relacoes-internacionais-esta-com-inscricoes-abertas\\\/#primaryimage\",\"url\":\"https:\\\/\\\/globalattitude.org.br\\\/wp-content\\\/uploads\\\/2023\\\/03\\\/Imagens-blog-1400x750px-7-1-1200x643.png\",\"contentUrl\":\"https:\\\/\\\/globalattitude.org.br\\\/wp-content\\\/uploads\\\/2023\\\/03\\\/Imagens-blog-1400x750px-7-1-1200x643.png\",\"width\":1400,\"height\":750},{\"@type\":\"BreadcrumbList\",\"@id\":\"https:\\\/\\\/globalattitude.org.br\\\/segunda-edicao-do-forum-estadual-de-relacoes-internacionais-esta-com-inscricoes-abertas\\\/#breadcrumb\",\"itemListElement\":[{\"@type\":\"ListItem\",\"position\":1,\"name\":\"In\u00edcio\",\"item\":\"http:\\\/\\\/globalattitude.org.br\\\/en\\\/\"},{\"@type\":\"ListItem\",\"position\":2,\"name\":\"Segunda edi\u00e7\u00e3o do F\u00f3rum Estadual de Rela\u00e7\u00f5es Internacionais est\u00e1 com inscri\u00e7\u00f5es abertas\"}]},{\"@type\":\"WebSite\",\"@id\":\"https:\\\/\\\/globalattitude.org.br\\\/#website\",\"url\":\"https:\\\/\\\/globalattitude.org.br\\\/\",\"name\":\"Instituto Global Attitude\",\"description\":\"\",\"publisher\":{\"@id\":\"https:\\\/\\\/globalattitude.org.br\\\/#organization\"},\"potentialAction\":[{\"@type\":\"SearchAction\",\"target\":{\"@type\":\"EntryPoint\",\"urlTemplate\":\"https:\\\/\\\/globalattitude.org.br\\\/?s={search_term_string}\"},\"query-input\":{\"@type\":\"PropertyValueSpecification\",\"valueRequired\":true,\"valueName\":\"search_term_string\"}}],\"inLanguage\":\"en-US\"},{\"@type\":\"Organization\",\"@id\":\"https:\\\/\\\/globalattitude.org.br\\\/#organization\",\"name\":\"Instituto Global Attitude\",\"url\":\"https:\\\/\\\/globalattitude.org.br\\\/\",\"logo\":{\"@type\":\"ImageObject\",\"inLanguage\":\"en-US\",\"@id\":\"https:\\\/\\\/globalattitude.org.br\\\/#\\\/schema\\\/logo\\\/image\\\/\",\"url\":\"https:\\\/\\\/globalattitude.org.br\\\/wp-content\\\/uploads\\\/2023\\\/01\\\/instituto-global-attitude-color.png\",\"contentUrl\":\"https:\\\/\\\/globalattitude.org.br\\\/wp-content\\\/uploads\\\/2023\\\/01\\\/instituto-global-attitude-color.png\",\"width\":300,\"height\":131,\"caption\":\"Instituto Global Attitude\"},\"image\":{\"@id\":\"https:\\\/\\\/globalattitude.org.br\\\/#\\\/schema\\\/logo\\\/image\\\/\"},\"sameAs\":[\"https:\\\/\\\/www.facebook.com\\\/global.attitude.org\\\/\",\"https:\\\/\\\/x.com\\\/global_attitude\",\"https:\\\/\\\/www.instagram.com\\\/globalattitude\",\"https:\\\/\\\/www.linkedin.com\\\/company\\\/global-attitude\\\/?viewAsMember=true\"]},{\"@type\":\"Person\",\"@id\":\"https:\\\/\\\/globalattitude.org.br\\\/#\\\/schema\\\/person\\\/c0db5efc16133ab28ea2d64fc19667e5\",\"name\":\"rodrigo\",\"image\":{\"@type\":\"ImageObject\",\"inLanguage\":\"en-US\",\"@id\":\"https:\\\/\\\/secure.gravatar.com\\\/avatar\\\/1c1599db13943f3289fb3206e5aaf9560b644e4aaf0b4d3a378ba91202ab9cc4?s=96&d=mm&r=g\",\"url\":\"https:\\\/\\\/secure.gravatar.com\\\/avatar\\\/1c1599db13943f3289fb3206e5aaf9560b644e4aaf0b4d3a378ba91202ab9cc4?s=96&d=mm&r=g\",\"contentUrl\":\"https:\\\/\\\/secure.gravatar.com\\\/avatar\\\/1c1599db13943f3289fb3206e5aaf9560b644e4aaf0b4d3a378ba91202ab9cc4?s=96&d=mm&r=g\",\"caption\":\"rodrigo\"},\"url\":\"https:\\\/\\\/globalattitude.org.br\\\/en\\\/author\\\/rodrigo\\\/\"}]}<\/script>\n<!-- \/ Yoast SEO plugin. -->","yoast_head_json":{"title":"F\u00f3rum Estadual - Rela\u00e7\u00f5es Internacionais - Inscri\u00e7\u00f5es Abertas","description":"F\u00f3rum Estadual - A Segunda edi\u00e7\u00e3o do F\u00f3rum Estadual de Rela\u00e7\u00f5es Internacionais est\u00e1 com inscri\u00e7\u00f5es abertas - ... Saiba Mais","robots":{"index":"index","follow":"follow","max-snippet":"max-snippet:-1","max-image-preview":"max-image-preview:large","max-video-preview":"max-video-preview:-1"},"canonical":"https:\/\/globalattitude.org.br\/segunda-edicao-do-forum-estadual-de-relacoes-internacionais-esta-com-inscricoes-abertas\/","og_locale":"en_US","og_type":"article","og_title":"F\u00f3rum Estadual - Rela\u00e7\u00f5es Internacionais - Inscri\u00e7\u00f5es Abertas","og_description":"F\u00f3rum Estadual - A Segunda edi\u00e7\u00e3o do F\u00f3rum Estadual de Rela\u00e7\u00f5es Internacionais est\u00e1 com inscri\u00e7\u00f5es abertas - ... Saiba Mais","og_url":"https:\/\/globalattitude.org.br\/segunda-edicao-do-forum-estadual-de-relacoes-internacionais-esta-com-inscricoes-abertas\/","og_site_name":"Instituto Global Attitude","article_publisher":"https:\/\/www.facebook.com\/global.attitude.org\/","article_published_time":"2019-08-13T20:50:17+00:00","article_modified_time":"2023-05-04T14:07:38+00:00","og_image":[{"width":1400,"height":750,"url":"https:\/\/globalattitude.org.br\/wp-content\/uploads\/2023\/03\/Imagens-blog-1400x750px-7-1-1200x643.png","type":"image\/png"}],"author":"rodrigo","twitter_card":"summary_large_image","twitter_creator":"@global_attitude","twitter_site":"@global_attitude","twitter_misc":{"Written by":"rodrigo","Est. reading time":"2 minutes"},"schema":{"@context":"https:\/\/schema.org","@graph":[{"@type":["Article","BlogPosting"],"@id":"https:\/\/globalattitude.org.br\/segunda-edicao-do-forum-estadual-de-relacoes-internacionais-esta-com-inscricoes-abertas\/#article","isPartOf":{"@id":"https:\/\/globalattitude.org.br\/segunda-edicao-do-forum-estadual-de-relacoes-internacionais-esta-com-inscricoes-abertas\/"},"author":{"name":"rodrigo","@id":"https:\/\/globalattitude.org.br\/#\/schema\/person\/c0db5efc16133ab28ea2d64fc19667e5"},"headline":"Segunda edi\u00e7\u00e3o do F\u00f3rum Estadual de Rela\u00e7\u00f5es Internacionais est\u00e1 com inscri\u00e7\u00f5es abertas","datePublished":"2019-08-13T20:50:17+00:00","dateModified":"2023-05-04T14:07:38+00:00","mainEntityOfPage":{"@id":"https:\/\/globalattitude.org.br\/segunda-edicao-do-forum-estadual-de-relacoes-internacionais-esta-com-inscricoes-abertas\/"},"wordCount":300,"commentCount":0,"publisher":{"@id":"https:\/\/globalattitude.org.br\/#organization"},"image":{"@id":"https:\/\/globalattitude.org.br\/segunda-edicao-do-forum-estadual-de-relacoes-internacionais-esta-com-inscricoes-abertas\/#primaryimage"},"thumbnailUrl":"https:\/\/globalattitude.org.br\/wp-content\/uploads\/2023\/03\/Imagens-blog-1400x750px-7-1-1200x643.png","keywords":["Diplomacia Civil","FERISP","F\u00f3rum","Instituto Global Attitude","IntegRI","rela\u00e7\u00f5es internacionais","S\u00e3o Paulo"],"articleSection":["Oportunidades","\u00daltimas"],"inLanguage":"en-US","potentialAction":[{"@type":"CommentAction","name":"Comment","target":["https:\/\/globalattitude.org.br\/segunda-edicao-do-forum-estadual-de-relacoes-internacionais-esta-com-inscricoes-abertas\/#respond"]}]},{"@type":"WebPage","@id":"https:\/\/globalattitude.org.br\/segunda-edicao-do-forum-estadual-de-relacoes-internacionais-esta-com-inscricoes-abertas\/","url":"https:\/\/globalattitude.org.br\/segunda-edicao-do-forum-estadual-de-relacoes-internacionais-esta-com-inscricoes-abertas\/","name":"F\u00f3rum Estadual - Rela\u00e7\u00f5es Internacionais - Inscri\u00e7\u00f5es Abertas","isPartOf":{"@id":"https:\/\/globalattitude.org.br\/#website"},"primaryImageOfPage":{"@id":"https:\/\/globalattitude.org.br\/segunda-edicao-do-forum-estadual-de-relacoes-internacionais-esta-com-inscricoes-abertas\/#primaryimage"},"image":{"@id":"https:\/\/globalattitude.org.br\/segunda-edicao-do-forum-estadual-de-relacoes-internacionais-esta-com-inscricoes-abertas\/#primaryimage"},"thumbnailUrl":"https:\/\/globalattitude.org.br\/wp-content\/uploads\/2023\/03\/Imagens-blog-1400x750px-7-1-1200x643.png","datePublished":"2019-08-13T20:50:17+00:00","dateModified":"2023-05-04T14:07:38+00:00","description":"F\u00f3rum Estadual - A Segunda edi\u00e7\u00e3o do F\u00f3rum Estadual de Rela\u00e7\u00f5es Internacionais est\u00e1 com inscri\u00e7\u00f5es abertas - ... Saiba Mais","breadcrumb":{"@id":"https:\/\/globalattitude.org.br\/segunda-edicao-do-forum-estadual-de-relacoes-internacionais-esta-com-inscricoes-abertas\/#breadcrumb"},"inLanguage":"en-US","potentialAction":[{"@type":"ReadAction","target":["https:\/\/globalattitude.org.br\/segunda-edicao-do-forum-estadual-de-relacoes-internacionais-esta-com-inscricoes-abertas\/"]}]},{"@type":"ImageObject","inLanguage":"en-US","@id":"https:\/\/globalattitude.org.br\/segunda-edicao-do-forum-estadual-de-relacoes-internacionais-esta-com-inscricoes-abertas\/#primaryimage","url":"https:\/\/globalattitude.org.br\/wp-content\/uploads\/2023\/03\/Imagens-blog-1400x750px-7-1-1200x643.png","contentUrl":"https:\/\/globalattitude.org.br\/wp-content\/uploads\/2023\/03\/Imagens-blog-1400x750px-7-1-1200x643.png","width":1400,"height":750},{"@type":"BreadcrumbList","@id":"https:\/\/globalattitude.org.br\/segunda-edicao-do-forum-estadual-de-relacoes-internacionais-esta-com-inscricoes-abertas\/#breadcrumb","itemListElement":[{"@type":"ListItem","position":1,"name":"In\u00edcio","item":"http:\/\/globalattitude.org.br\/en\/"},{"@type":"ListItem","position":2,"name":"Segunda edi\u00e7\u00e3o do F\u00f3rum Estadual de Rela\u00e7\u00f5es Internacionais est\u00e1 com inscri\u00e7\u00f5es abertas"}]},{"@type":"WebSite","@id":"https:\/\/globalattitude.org.br\/#website","url":"https:\/\/globalattitude.org.br\/","name":"Instituto Global Attitude","description":"","publisher":{"@id":"https:\/\/globalattitude.org.br\/#organization"},"potentialAction":[{"@type":"SearchAction","target":{"@type":"EntryPoint","urlTemplate":"https:\/\/globalattitude.org.br\/?s={search_term_string}"},"query-input":{"@type":"PropertyValueSpecification","valueRequired":true,"valueName":"search_term_string"}}],"inLanguage":"en-US"},{"@type":"Organization","@id":"https:\/\/globalattitude.org.br\/#organization","name":"Instituto Global Attitude","url":"https:\/\/globalattitude.org.br\/","logo":{"@type":"ImageObject","inLanguage":"en-US","@id":"https:\/\/globalattitude.org.br\/#\/schema\/logo\/image\/","url":"https:\/\/globalattitude.org.br\/wp-content\/uploads\/2023\/01\/instituto-global-attitude-color.png","contentUrl":"https:\/\/globalattitude.org.br\/wp-content\/uploads\/2023\/01\/instituto-global-attitude-color.png","width":300,"height":131,"caption":"Instituto Global Attitude"},"image":{"@id":"https:\/\/globalattitude.org.br\/#\/schema\/logo\/image\/"},"sameAs":["https:\/\/www.facebook.com\/global.attitude.org\/","https:\/\/x.com\/global_attitude","https:\/\/www.instagram.com\/globalattitude","https:\/\/www.linkedin.com\/company\/global-attitude\/?viewAsMember=true"]},{"@type":"Person","@id":"https:\/\/globalattitude.org.br\/#\/schema\/person\/c0db5efc16133ab28ea2d64fc19667e5","name":"rodrigo","image":{"@type":"ImageObject","inLanguage":"en-US","@id":"https:\/\/secure.gravatar.com\/avatar\/1c1599db13943f3289fb3206e5aaf9560b644e4aaf0b4d3a378ba91202ab9cc4?s=96&d=mm&r=g","url":"https:\/\/secure.gravatar.com\/avatar\/1c1599db13943f3289fb3206e5aaf9560b644e4aaf0b4d3a378ba91202ab9cc4?s=96&d=mm&r=g","contentUrl":"https:\/\/secure.gravatar.com\/avatar\/1c1599db13943f3289fb3206e5aaf9560b644e4aaf0b4d3a378ba91202ab9cc4?s=96&d=mm&r=g","caption":"rodrigo"},"url":"https:\/\/globalattitude.org.br\/en\/author\/rodrigo\/"}]}},"_links":{"self":[{"href":"https:\/\/globalattitude.org.br\/en\/wp-json\/wp\/v2\/posts\/2964","targetHints":{"allow":["GET"]}}],"collection":[{"href":"https:\/\/globalattitude.org.br\/en\/wp-json\/wp\/v2\/posts"}],"about":[{"href":"https:\/\/globalattitude.org.br\/en\/wp-json\/wp\/v2\/types\/post"}],"author":[{"embeddable":true,"href":"https:\/\/globalattitude.org.br\/en\/wp-json\/wp\/v2\/users\/3"}],"replies":[{"embeddable":true,"href":"https:\/\/globalattitude.org.br\/en\/wp-json\/wp\/v2\/comments?post=2964"}],"version-history":[{"count":3,"href":"https:\/\/globalattitude.org.br\/en\/wp-json\/wp\/v2\/posts\/2964\/revisions"}],"predecessor-version":[{"id":3861,"href":"https:\/\/globalattitude.org.br\/en\/wp-json\/wp\/v2\/posts\/2964\/revisions\/3861"}],"wp:featuredmedia":[{"embeddable":true,"href":"https:\/\/globalattitude.org.br\/en\/wp-json\/wp\/v2\/media\/2965"}],"wp:attachment":[{"href":"https:\/\/globalattitude.org.br\/en\/wp-json\/wp\/v2\/media?parent=2964"}],"wp:term":[{"taxonomy":"category","embeddable":true,"href":"https:\/\/globalattitude.org.br\/en\/wp-json\/wp\/v2\/categories?post=2964"},{"taxonomy":"post_tag","embeddable":true,"href":"https:\/\/globalattitude.org.br\/en\/wp-json\/wp\/v2\/tags?post=2964"}],"curies":[{"name":"wp","href":"https:\/\/api.w.org\/{rel}","templated":true}]}}