{"id":2972,"date":"2019-08-16T14:13:53","date_gmt":"2019-08-16T17:13:53","guid":{"rendered":"https:\/\/globalattitude.org.br\/delegacao-representa-diplomacia-civil-no-maior-forum-da-onu-para-sociedade-civil-conheca-selecionados\/"},"modified":"2023-05-04T10:53:46","modified_gmt":"2023-05-04T13:53:46","slug":"delegacao-representa-diplomacia-civil-no-maior-forum-da-onu-para-sociedade-civil-conheca-selecionados","status":"publish","type":"post","link":"https:\/\/globalattitude.org.br\/en\/delegacao-representa-diplomacia-civil-no-maior-forum-da-onu-para-sociedade-civil-conheca-selecionados\/","title":{"rendered":"Delega\u00e7\u00e3o representa Diplomacia Civil no maior f\u00f3rum da ONU para sociedade civil. Conhe\u00e7a selecionados"},"content":{"rendered":"<p>Na pr\u00f3xima semana, seis jovens brasileiros representar\u00e3o o Diplomacia Civil\u00a0no maior encontro anual de membros da sociedade civil, a UN Civil Society Conference. O evento acontece de 24 a 30 de agosto, em Salt Lake City, EUA, e pretende reunir mais de tr\u00eas mil representantes do\u00a0alto-escal\u00e3o da ONU, organiza\u00e7\u00f5es da sociedade civil, formadores de opini\u00e3o e m\u00eddia internacional para discutir quest\u00f5es de impacto global.<\/p>\n<p>A edi\u00e7\u00e3o deste ano se debru\u00e7ar\u00e1 sobre o tema\u00a0\u201cConstruindo cidades e comunidades inclusivas e sustent\u00e1veis\u201d, debatendo sobre mudan\u00e7a clim\u00e1tica, direitos humanos, sa\u00fade global, sustentabilidade e voluntariado, com destaque para\u00a0as grandes realiza\u00e7\u00f5es j\u00e1 conquistadas pela participa\u00e7\u00e3o social em diversos debates da ONU.<\/p>\n<p>Como parte do processo preparat\u00f3rio para a viagem,\u00a0os delegados passaram por cinco Diplo.Labs (workshops) e est\u00e3o desenvolvendo artigos, com\u00a0temas voltados ao assunto do f\u00f3rum \u2013 sugeridos por eles mesmos -, com orienta\u00e7\u00e3o de um professor especialista. J\u00e1 em Salt Lake City, a delega\u00e7\u00e3o\u00a0contar\u00e1, al\u00e9m das palestras e debates do evento, com agenda exclusiva de reuni\u00f5es e encontros com l\u00edderes e especialistas, promovidos pela coordena\u00e7\u00e3o do Diplomacia Civil.<\/p>\n<h2><strong>Saiba mais sobre os delegados<\/strong><\/h2>\n<p><span style=\"font-weight: 400;\"><strong>Beatriz Torres<\/strong> \u00e9 graduanda em Defesa e Gest\u00e3o Estrat\u00e9gica Internacional pela Universidade Federal do Rio de Janeiro (UFRJ), tendo cursado um ano de interc\u00e2mbio acad\u00eamico na Universit\u00e9 de Bordeaux, na Fran\u00e7a, com \u00eanfase em Direito e Economia Europeia, atrav\u00e9s de bolsa do programa Erasmus Mundus. \u00c9 tamb\u00e9m graduanda\u00a0em Com\u00e9rcio Exterior da Universidade IBMR. Estagiou na Diretoria de Rela\u00e7\u00f5es Internacionais da UFRJ na \u00e1rea de Acordos Acad\u00eamicos Internacionais e foi diretora de Marketing da Empresa Jr. PROGED UFRJ, ajudando a desenvolver projetos de planejamento estrat\u00e9gico para empresas. Desenvolve pesquisa na \u00e1rea de Estudos Migrat\u00f3rios Europeus, com \u00eanfase na rela\u00e7\u00e3o Fran\u00e7a e pa\u00edses terceiros, sendo esta apresentada na 10\u00aa Semana de Integra\u00e7\u00e3o Acad\u00eamica (SIAC) da UFRJ .<\/span><\/p>\n<p><strong>Brenda Condado de Moraes<\/strong> \u00e9 graduada em Rela\u00e7\u00f5es Internacionais e Economia pela Faculdade de Campinas \u2013 FACAMP. Durante a gradua\u00e7\u00e3o foi premiada como melhor delegada de simula\u00e7\u00f5es de comit\u00eas da ONU &#8211; FAMUN e foi selecionada para o Programa Internacional da Uni\u00e3o Europeia, cursando na UIW e Goethe University e realizando visitas institucionais e t\u00e9cnicas no Conselho e Parlamento Europeu, no Euro-instituto, na Bolsa de Valores alem\u00e3, no Banco Federal da Alemanha, e ainda em algumas empresas do Parque Tecnol\u00f3gico de Heidelberg, como a Huber e a Koehler Papermill. Cursou, ainda, Direito Internacional Humanit\u00e1rio na EsPCEx e como volunt\u00e1ria liderou Projetos na Enactus, time de empreendedorismo social. Atua na \u00e1rea de e-commerce em meio de pagamento em sinergia com parceiros do grupo Ita\u00fa-Unibanco.<\/p>\n<p><span style=\"font-weight: 400;\"><strong>It\u00e2nio Mariano<\/strong> \u00e9 graduando em Rela\u00e7\u00f5es Internacionais pela\u00a0<\/span><span style=\"font-weight: 400;\">Universidade de Mogi das Cruzes atrav\u00e9s do ProUni. Estudou a vida toda em escola p\u00fablica, tendo cursado o Fundamental II e M\u00e9dio na E.E Dr. Deodato Wertheimer, onde tamb\u00e9m foi Presidente do Gr\u00eamio Estudantil por quatro anos. Foi Jovem Vereador pelo Parlamento Estudantil da C\u00e2mara Municipal de Mogi das Cruzes em 2015, ano em que tamb\u00e9m integrou o CACS-Fundeb do munic\u00edpio. Em 2016 se tornou o primeiro Jovem Prefeito de Mogi das Cruzes e, no in\u00edcio de 2017, foi eleito para o Conselho Municipal de Juventude. Em conjunto com um grupo de jovens lan\u00e7ou o movimento Juventude Cidad\u00e3 e faz parte da\u00a0<\/span><span style=\"font-weight: 400;\">turma de Jovens RAPS 2017 (Rede de A\u00e7\u00e3o Pol\u00edtica pela Sustentabilidade). \u00c9, ainda, Embaixador do maior portal de educa\u00e7\u00e3o pol\u00edtica do Brasil, o Politize. Recentemente, foi selecionado para compor a nova turma de alunos do RenovaBR.<\/span><\/p>\n<p><span style=\"font-weight: 400;\"><strong>J\u00falia Coimbra<\/strong> \u00e9 bacharela\u00a0em Direito pela faculdade IBMEC, unidade de Belo Horizonte\/MG, e se engaja em quest\u00f5es voltadas ao direito internacional. \u00c9 advogada, analista profiler, poliglota e escritora. Desde cedo interessou-se por causas sociais e exerceu o cargo de Diretora de Servi\u00e7os \u00e0 Comunidade do Interact Club em sua adolesc\u00eancia. Dedicou-se, ainda, \u00e0s artes, cultura e conhecimento em geral, estudando marketing digital, empreendedorismo, investimentos, viol\u00e3o e canto. Teve passagens por \u00f3rg\u00e3os p\u00fablicos (MP, JF), onde estagiou na \u00e1rea do Direito Penal, e tem se especializado em <\/span><i><span style=\"font-weight: 400;\">Compliance<\/span><\/i><span style=\"font-weight: 400;\">, tema de sua tese de conclus\u00e3o de curso. Possui alto conhecimento pessoal e profissional, desenvolvido em processo de coaching, e deseja empenhar-se, cada vez mais, em projetos voltados ao encorajamento das lideran\u00e7as jovens.\u00a0<\/span><\/p>\n<p><span style=\"font-weight: 400;\"><strong>Paola Ticom<\/strong>\u00a0\u00e9 graduanda de Rela\u00e7\u00f5es Internacionais pelo Instituto de Educa\u00e7\u00e3o Superior de Bras\u00edlia. Atualmente, trabalha na Embaixada da Palestina no Brasil, uma oportunidade onde \u00e9 poss\u00edvel aprender diariamente a import\u00e2ncia e o papel transformador do internacionalista na vida daqueles que precisam de suporte e aten\u00e7\u00e3o humanizada. Sempre interessada pelas pautas sociais, pol\u00edticas e ambientais, \u00e9 volunt\u00e1ria em diversas a\u00e7\u00f5es, como na comunidade agroecol\u00f3gica do Bem Viver e arrecada doa\u00e7\u00f5es para projetos sociais de Bras\u00edlia. Em 2018, estudou franc\u00eas no Centre CLL de Louvain-la-Neuve na B\u00e9lgica, onde ao mesmo tempo p\u00f4de participar do programa Au Pair World. Esse contato com estudantes de diversos pa\u00edses e suas culturas aumentou ainda mais sua paix\u00e3o pelo mundo e sua vontade de ser uma agente transformadora de realidades.<\/span><\/p>\n<p><span style=\"font-weight: 400;\"><strong>Sarah Darcie<\/strong> \u00e9 graduada em Rela\u00e7\u00f5es Internacionais pela PUC-SP e especializada em Gest\u00e3o de Projetos Sociais pela Ink Inspira e Advocacy e Pol\u00edticas P\u00fablicas pela Funda\u00e7\u00e3o Get\u00falio Vargas. Estudou na universidade Sciences Po, em Paris, com foco em quest\u00f5es de desenvolvimento, g\u00eanero e sustentabilidade. Durante a gradua\u00e7\u00e3o, participou ativamente da empresa j\u00fanior de RI da PUC, a Prisma Consultoria Internacional, como consultora e, posteriormente, como Gerente de Projetos. Dentre os trabalhos volunt\u00e1rios exercidos, o mais marcante foi pela Sciences Po Refugee Help, onde atuou como l\u00edder de atividades para integra\u00e7\u00e3o social de refugiados em territ\u00f3rio franc\u00eas. Atualmente, realiza a gest\u00e3o e execu\u00e7\u00e3o de projetos na ASID Brasil, organiza\u00e7\u00e3o que atua pela inclus\u00e3o de pessoas com defici\u00eancia na sociedade, alinhada aos ODS. Trabalha com projetos de desenvolvimento de territ\u00f3rio, voluntariado corporativo e inclus\u00e3o da pessoa com defici\u00eancia no mercado de trabalho, bem como com assessoria de gest\u00e3o para institui\u00e7\u00f5es do terceiro setor.\u00a0<\/span><\/p>\n<p><strong>Acompanhe nossas redes sociais\u00a0(<a href=\"https:\/\/www.facebook.com\/global.attitude.org\/\">Facebook<\/a>,\u00a0<a href=\"https:\/\/twitter.com\/global_attitude\">Twitter<\/a>\u00a0e\u00a0<a href=\"https:\/\/www.instagram.com\/globalattitude\/\">Instagram<\/a>) para ver tudo o que os delegados estar\u00e3o vivenciando no f\u00f3rum.<\/strong><\/p>\n","protected":false},"excerpt":{"rendered":"<p>Na pr\u00f3xima semana, seis jovens brasileiros representar\u00e3o o Diplomacia Civil\u00a0no maior encontro anual de membros da sociedade civil, a UN Civil Society Conference. O evento acontece de 24 a 30 de agosto, em Salt Lake City, EUA, e pretende reunir mais de tr\u00eas mil representantes do\u00a0alto-escal\u00e3o da ONU, organiza\u00e7\u00f5es da sociedade civil, formadores de opini\u00e3o [&hellip;]<\/p>\n","protected":false},"author":3,"featured_media":2973,"comment_status":"open","ping_status":"open","sticky":false,"template":"","format":"standard","meta":{"_acf_changed":false,"om_disable_all_campaigns":false,"_monsterinsights_skip_tracking":false,"_monsterinsights_sitenote_active":false,"_monsterinsights_sitenote_note":"","_monsterinsights_sitenote_category":0,"_uf_show_specific_survey":0,"_uf_disable_surveys":false,"footnotes":""},"categories":[22,34],"tags":[8,72,25,4,97,66,151],"class_list":["post-2972","post","type-post","status-publish","format-standard","hentry","category-programas","category-ultimas","tag-brasil","tag-delegacao","tag-diplomacia-civil","tag-instituto-global-attitude","tag-sociedade-civil","tag-sustentabilidade","tag-un-civil-society-conference"],"acf":[],"aioseo_notices":[],"yoast_head":"<!-- This site is optimized with the Yoast SEO plugin v27.5 - https:\/\/yoast.com\/product\/yoast-seo-wordpress\/ -->\n<title>Sociedade civil - UN Civil Society Conference - maior encontro anual<\/title>\n<meta name=\"description\" content=\"Sociedade civil - UN Civil Society Conference - seis jovens brasileiros representar\u00e3o o Diplomacia Civil\u00a0no maior encontro anual ... Saiba Mais\" \/>\n<meta name=\"robots\" content=\"index, follow, max-snippet:-1, max-image-preview:large, max-video-preview:-1\" \/>\n<link rel=\"canonical\" href=\"http:\/\/globalattitude.org.br\/delegacao-representa-diplomacia-civil-no-maior-forum-da-onu-para-sociedade-civil-conheca-selecionados\/\" \/>\n<meta property=\"og:locale\" content=\"en_US\" \/>\n<meta property=\"og:type\" content=\"article\" \/>\n<meta property=\"og:title\" content=\"Sociedade civil - UN Civil Society Conference - maior encontro anual\" \/>\n<meta property=\"og:description\" content=\"Sociedade civil - UN Civil Society Conference - seis jovens brasileiros representar\u00e3o o Diplomacia Civil\u00a0no maior encontro anual ... Saiba Mais\" \/>\n<meta property=\"og:url\" content=\"http:\/\/globalattitude.org.br\/delegacao-representa-diplomacia-civil-no-maior-forum-da-onu-para-sociedade-civil-conheca-selecionados\/\" \/>\n<meta property=\"og:site_name\" content=\"Instituto Global Attitude\" \/>\n<meta property=\"article:publisher\" content=\"https:\/\/www.facebook.com\/global.attitude.org\/\" \/>\n<meta property=\"article:published_time\" content=\"2019-08-16T17:13:53+00:00\" \/>\n<meta property=\"article:modified_time\" content=\"2023-05-04T13:53:46+00:00\" \/>\n<meta property=\"og:image\" content=\"http:\/\/globalattitude.org.br\/wp-content\/uploads\/2023\/03\/Delegacao-representa-Diplomacia-Civil-1024x549.png\" \/>\n\t<meta property=\"og:image:width\" content=\"1024\" \/>\n\t<meta property=\"og:image:height\" content=\"549\" \/>\n\t<meta property=\"og:image:type\" content=\"image\/png\" \/>\n<meta name=\"author\" content=\"rodrigo\" \/>\n<meta name=\"twitter:card\" content=\"summary_large_image\" \/>\n<meta name=\"twitter:creator\" content=\"@global_attitude\" \/>\n<meta name=\"twitter:site\" content=\"@global_attitude\" \/>\n<meta name=\"twitter:label1\" content=\"Written by\" \/>\n\t<meta name=\"twitter:data1\" content=\"rodrigo\" \/>\n\t<meta name=\"twitter:label2\" content=\"Est. reading time\" \/>\n\t<meta name=\"twitter:data2\" content=\"6 minutes\" \/>\n<script type=\"application\/ld+json\" class=\"yoast-schema-graph\">{\"@context\":\"https:\\\/\\\/schema.org\",\"@graph\":[{\"@type\":[\"Article\",\"BlogPosting\"],\"@id\":\"http:\\\/\\\/globalattitude.org.br\\\/delegacao-representa-diplomacia-civil-no-maior-forum-da-onu-para-sociedade-civil-conheca-selecionados\\\/#article\",\"isPartOf\":{\"@id\":\"http:\\\/\\\/globalattitude.org.br\\\/delegacao-representa-diplomacia-civil-no-maior-forum-da-onu-para-sociedade-civil-conheca-selecionados\\\/\"},\"author\":{\"name\":\"rodrigo\",\"@id\":\"http:\\\/\\\/globalattitude.org.br\\\/#\\\/schema\\\/person\\\/c0db5efc16133ab28ea2d64fc19667e5\"},\"headline\":\"Delega\u00e7\u00e3o representa Diplomacia Civil no maior f\u00f3rum da ONU para sociedade civil. Conhe\u00e7a selecionados\",\"datePublished\":\"2019-08-16T17:13:53+00:00\",\"dateModified\":\"2023-05-04T13:53:46+00:00\",\"mainEntityOfPage\":{\"@id\":\"http:\\\/\\\/globalattitude.org.br\\\/delegacao-representa-diplomacia-civil-no-maior-forum-da-onu-para-sociedade-civil-conheca-selecionados\\\/\"},\"wordCount\":1102,\"commentCount\":0,\"publisher\":{\"@id\":\"http:\\\/\\\/globalattitude.org.br\\\/#organization\"},\"image\":{\"@id\":\"http:\\\/\\\/globalattitude.org.br\\\/delegacao-representa-diplomacia-civil-no-maior-forum-da-onu-para-sociedade-civil-conheca-selecionados\\\/#primaryimage\"},\"thumbnailUrl\":\"https:\\\/\\\/globalattitude.org.br\\\/wp-content\\\/uploads\\\/2023\\\/03\\\/Delegacao-representa-Diplomacia-Civil-1200x643.png\",\"keywords\":[\"Brasil\",\"Delega\u00e7\u00e3o\",\"Diplomacia Civil\",\"Instituto Global Attitude\",\"sociedade civil\",\"sustentabilidade\",\"UN Civil Society Conference\"],\"articleSection\":[\"Programas\",\"\u00daltimas\"],\"inLanguage\":\"en-US\",\"potentialAction\":[{\"@type\":\"CommentAction\",\"name\":\"Comment\",\"target\":[\"http:\\\/\\\/globalattitude.org.br\\\/delegacao-representa-diplomacia-civil-no-maior-forum-da-onu-para-sociedade-civil-conheca-selecionados\\\/#respond\"]}]},{\"@type\":\"WebPage\",\"@id\":\"http:\\\/\\\/globalattitude.org.br\\\/delegacao-representa-diplomacia-civil-no-maior-forum-da-onu-para-sociedade-civil-conheca-selecionados\\\/\",\"url\":\"http:\\\/\\\/globalattitude.org.br\\\/delegacao-representa-diplomacia-civil-no-maior-forum-da-onu-para-sociedade-civil-conheca-selecionados\\\/\",\"name\":\"Sociedade civil - UN Civil Society Conference - maior encontro anual\",\"isPartOf\":{\"@id\":\"http:\\\/\\\/globalattitude.org.br\\\/#website\"},\"primaryImageOfPage\":{\"@id\":\"http:\\\/\\\/globalattitude.org.br\\\/delegacao-representa-diplomacia-civil-no-maior-forum-da-onu-para-sociedade-civil-conheca-selecionados\\\/#primaryimage\"},\"image\":{\"@id\":\"http:\\\/\\\/globalattitude.org.br\\\/delegacao-representa-diplomacia-civil-no-maior-forum-da-onu-para-sociedade-civil-conheca-selecionados\\\/#primaryimage\"},\"thumbnailUrl\":\"https:\\\/\\\/globalattitude.org.br\\\/wp-content\\\/uploads\\\/2023\\\/03\\\/Delegacao-representa-Diplomacia-Civil-1200x643.png\",\"datePublished\":\"2019-08-16T17:13:53+00:00\",\"dateModified\":\"2023-05-04T13:53:46+00:00\",\"description\":\"Sociedade civil - UN Civil Society Conference - seis jovens brasileiros representar\u00e3o o Diplomacia Civil\u00a0no maior encontro anual ... Saiba Mais\",\"breadcrumb\":{\"@id\":\"http:\\\/\\\/globalattitude.org.br\\\/delegacao-representa-diplomacia-civil-no-maior-forum-da-onu-para-sociedade-civil-conheca-selecionados\\\/#breadcrumb\"},\"inLanguage\":\"en-US\",\"potentialAction\":[{\"@type\":\"ReadAction\",\"target\":[\"http:\\\/\\\/globalattitude.org.br\\\/delegacao-representa-diplomacia-civil-no-maior-forum-da-onu-para-sociedade-civil-conheca-selecionados\\\/\"]}]},{\"@type\":\"ImageObject\",\"inLanguage\":\"en-US\",\"@id\":\"http:\\\/\\\/globalattitude.org.br\\\/delegacao-representa-diplomacia-civil-no-maior-forum-da-onu-para-sociedade-civil-conheca-selecionados\\\/#primaryimage\",\"url\":\"https:\\\/\\\/globalattitude.org.br\\\/wp-content\\\/uploads\\\/2023\\\/03\\\/Delegacao-representa-Diplomacia-Civil-1200x643.png\",\"contentUrl\":\"https:\\\/\\\/globalattitude.org.br\\\/wp-content\\\/uploads\\\/2023\\\/03\\\/Delegacao-representa-Diplomacia-Civil-1200x643.png\",\"width\":1400,\"height\":750},{\"@type\":\"BreadcrumbList\",\"@id\":\"http:\\\/\\\/globalattitude.org.br\\\/delegacao-representa-diplomacia-civil-no-maior-forum-da-onu-para-sociedade-civil-conheca-selecionados\\\/#breadcrumb\",\"itemListElement\":[{\"@type\":\"ListItem\",\"position\":1,\"name\":\"In\u00edcio\",\"item\":\"https:\\\/\\\/globalattitude.org.br\\\/en\\\/\"},{\"@type\":\"ListItem\",\"position\":2,\"name\":\"Delega\u00e7\u00e3o representa Diplomacia Civil no maior f\u00f3rum da ONU para sociedade civil. Conhe\u00e7a selecionados\"}]},{\"@type\":\"WebSite\",\"@id\":\"http:\\\/\\\/globalattitude.org.br\\\/#website\",\"url\":\"http:\\\/\\\/globalattitude.org.br\\\/\",\"name\":\"Instituto Global Attitude\",\"description\":\"\",\"publisher\":{\"@id\":\"http:\\\/\\\/globalattitude.org.br\\\/#organization\"},\"potentialAction\":[{\"@type\":\"SearchAction\",\"target\":{\"@type\":\"EntryPoint\",\"urlTemplate\":\"http:\\\/\\\/globalattitude.org.br\\\/?s={search_term_string}\"},\"query-input\":{\"@type\":\"PropertyValueSpecification\",\"valueRequired\":true,\"valueName\":\"search_term_string\"}}],\"inLanguage\":\"en-US\"},{\"@type\":\"Organization\",\"@id\":\"http:\\\/\\\/globalattitude.org.br\\\/#organization\",\"name\":\"Instituto Global Attitude\",\"url\":\"http:\\\/\\\/globalattitude.org.br\\\/\",\"logo\":{\"@type\":\"ImageObject\",\"inLanguage\":\"en-US\",\"@id\":\"http:\\\/\\\/globalattitude.org.br\\\/#\\\/schema\\\/logo\\\/image\\\/\",\"url\":\"https:\\\/\\\/globalattitude.org.br\\\/wp-content\\\/uploads\\\/2023\\\/01\\\/instituto-global-attitude-color.png\",\"contentUrl\":\"https:\\\/\\\/globalattitude.org.br\\\/wp-content\\\/uploads\\\/2023\\\/01\\\/instituto-global-attitude-color.png\",\"width\":300,\"height\":131,\"caption\":\"Instituto Global Attitude\"},\"image\":{\"@id\":\"http:\\\/\\\/globalattitude.org.br\\\/#\\\/schema\\\/logo\\\/image\\\/\"},\"sameAs\":[\"https:\\\/\\\/www.facebook.com\\\/global.attitude.org\\\/\",\"https:\\\/\\\/x.com\\\/global_attitude\",\"https:\\\/\\\/www.instagram.com\\\/globalattitude\",\"https:\\\/\\\/www.linkedin.com\\\/company\\\/global-attitude\\\/?viewAsMember=true\"]},{\"@type\":\"Person\",\"@id\":\"http:\\\/\\\/globalattitude.org.br\\\/#\\\/schema\\\/person\\\/c0db5efc16133ab28ea2d64fc19667e5\",\"name\":\"rodrigo\",\"image\":{\"@type\":\"ImageObject\",\"inLanguage\":\"en-US\",\"@id\":\"https:\\\/\\\/secure.gravatar.com\\\/avatar\\\/1c1599db13943f3289fb3206e5aaf9560b644e4aaf0b4d3a378ba91202ab9cc4?s=96&d=mm&r=g\",\"url\":\"https:\\\/\\\/secure.gravatar.com\\\/avatar\\\/1c1599db13943f3289fb3206e5aaf9560b644e4aaf0b4d3a378ba91202ab9cc4?s=96&d=mm&r=g\",\"contentUrl\":\"https:\\\/\\\/secure.gravatar.com\\\/avatar\\\/1c1599db13943f3289fb3206e5aaf9560b644e4aaf0b4d3a378ba91202ab9cc4?s=96&d=mm&r=g\",\"caption\":\"rodrigo\"},\"url\":\"https:\\\/\\\/globalattitude.org.br\\\/en\\\/author\\\/rodrigo\\\/\"}]}<\/script>\n<!-- \/ Yoast SEO plugin. -->","yoast_head_json":{"title":"Sociedade civil - UN Civil Society Conference - maior encontro anual","description":"Sociedade civil - UN Civil Society Conference - seis jovens brasileiros representar\u00e3o o Diplomacia Civil\u00a0no maior encontro anual ... Saiba Mais","robots":{"index":"index","follow":"follow","max-snippet":"max-snippet:-1","max-image-preview":"max-image-preview:large","max-video-preview":"max-video-preview:-1"},"canonical":"http:\/\/globalattitude.org.br\/delegacao-representa-diplomacia-civil-no-maior-forum-da-onu-para-sociedade-civil-conheca-selecionados\/","og_locale":"en_US","og_type":"article","og_title":"Sociedade civil - UN Civil Society Conference - maior encontro anual","og_description":"Sociedade civil - UN Civil Society Conference - seis jovens brasileiros representar\u00e3o o Diplomacia Civil\u00a0no maior encontro anual ... Saiba Mais","og_url":"http:\/\/globalattitude.org.br\/delegacao-representa-diplomacia-civil-no-maior-forum-da-onu-para-sociedade-civil-conheca-selecionados\/","og_site_name":"Instituto Global Attitude","article_publisher":"https:\/\/www.facebook.com\/global.attitude.org\/","article_published_time":"2019-08-16T17:13:53+00:00","article_modified_time":"2023-05-04T13:53:46+00:00","og_image":[{"width":1024,"height":549,"url":"http:\/\/globalattitude.org.br\/wp-content\/uploads\/2023\/03\/Delegacao-representa-Diplomacia-Civil-1024x549.png","type":"image\/png"}],"author":"rodrigo","twitter_card":"summary_large_image","twitter_creator":"@global_attitude","twitter_site":"@global_attitude","twitter_misc":{"Written by":"rodrigo","Est. reading time":"6 minutes"},"schema":{"@context":"https:\/\/schema.org","@graph":[{"@type":["Article","BlogPosting"],"@id":"http:\/\/globalattitude.org.br\/delegacao-representa-diplomacia-civil-no-maior-forum-da-onu-para-sociedade-civil-conheca-selecionados\/#article","isPartOf":{"@id":"http:\/\/globalattitude.org.br\/delegacao-representa-diplomacia-civil-no-maior-forum-da-onu-para-sociedade-civil-conheca-selecionados\/"},"author":{"name":"rodrigo","@id":"http:\/\/globalattitude.org.br\/#\/schema\/person\/c0db5efc16133ab28ea2d64fc19667e5"},"headline":"Delega\u00e7\u00e3o representa Diplomacia Civil no maior f\u00f3rum da ONU para sociedade civil. Conhe\u00e7a selecionados","datePublished":"2019-08-16T17:13:53+00:00","dateModified":"2023-05-04T13:53:46+00:00","mainEntityOfPage":{"@id":"http:\/\/globalattitude.org.br\/delegacao-representa-diplomacia-civil-no-maior-forum-da-onu-para-sociedade-civil-conheca-selecionados\/"},"wordCount":1102,"commentCount":0,"publisher":{"@id":"http:\/\/globalattitude.org.br\/#organization"},"image":{"@id":"http:\/\/globalattitude.org.br\/delegacao-representa-diplomacia-civil-no-maior-forum-da-onu-para-sociedade-civil-conheca-selecionados\/#primaryimage"},"thumbnailUrl":"https:\/\/globalattitude.org.br\/wp-content\/uploads\/2023\/03\/Delegacao-representa-Diplomacia-Civil-1200x643.png","keywords":["Brasil","Delega\u00e7\u00e3o","Diplomacia Civil","Instituto Global Attitude","sociedade civil","sustentabilidade","UN Civil Society Conference"],"articleSection":["Programas","\u00daltimas"],"inLanguage":"en-US","potentialAction":[{"@type":"CommentAction","name":"Comment","target":["http:\/\/globalattitude.org.br\/delegacao-representa-diplomacia-civil-no-maior-forum-da-onu-para-sociedade-civil-conheca-selecionados\/#respond"]}]},{"@type":"WebPage","@id":"http:\/\/globalattitude.org.br\/delegacao-representa-diplomacia-civil-no-maior-forum-da-onu-para-sociedade-civil-conheca-selecionados\/","url":"http:\/\/globalattitude.org.br\/delegacao-representa-diplomacia-civil-no-maior-forum-da-onu-para-sociedade-civil-conheca-selecionados\/","name":"Sociedade civil - UN Civil Society Conference - maior encontro anual","isPartOf":{"@id":"http:\/\/globalattitude.org.br\/#website"},"primaryImageOfPage":{"@id":"http:\/\/globalattitude.org.br\/delegacao-representa-diplomacia-civil-no-maior-forum-da-onu-para-sociedade-civil-conheca-selecionados\/#primaryimage"},"image":{"@id":"http:\/\/globalattitude.org.br\/delegacao-representa-diplomacia-civil-no-maior-forum-da-onu-para-sociedade-civil-conheca-selecionados\/#primaryimage"},"thumbnailUrl":"https:\/\/globalattitude.org.br\/wp-content\/uploads\/2023\/03\/Delegacao-representa-Diplomacia-Civil-1200x643.png","datePublished":"2019-08-16T17:13:53+00:00","dateModified":"2023-05-04T13:53:46+00:00","description":"Sociedade civil - UN Civil Society Conference - seis jovens brasileiros representar\u00e3o o Diplomacia Civil\u00a0no maior encontro anual ... Saiba Mais","breadcrumb":{"@id":"http:\/\/globalattitude.org.br\/delegacao-representa-diplomacia-civil-no-maior-forum-da-onu-para-sociedade-civil-conheca-selecionados\/#breadcrumb"},"inLanguage":"en-US","potentialAction":[{"@type":"ReadAction","target":["http:\/\/globalattitude.org.br\/delegacao-representa-diplomacia-civil-no-maior-forum-da-onu-para-sociedade-civil-conheca-selecionados\/"]}]},{"@type":"ImageObject","inLanguage":"en-US","@id":"http:\/\/globalattitude.org.br\/delegacao-representa-diplomacia-civil-no-maior-forum-da-onu-para-sociedade-civil-conheca-selecionados\/#primaryimage","url":"https:\/\/globalattitude.org.br\/wp-content\/uploads\/2023\/03\/Delegacao-representa-Diplomacia-Civil-1200x643.png","contentUrl":"https:\/\/globalattitude.org.br\/wp-content\/uploads\/2023\/03\/Delegacao-representa-Diplomacia-Civil-1200x643.png","width":1400,"height":750},{"@type":"BreadcrumbList","@id":"http:\/\/globalattitude.org.br\/delegacao-representa-diplomacia-civil-no-maior-forum-da-onu-para-sociedade-civil-conheca-selecionados\/#breadcrumb","itemListElement":[{"@type":"ListItem","position":1,"name":"In\u00edcio","item":"https:\/\/globalattitude.org.br\/en\/"},{"@type":"ListItem","position":2,"name":"Delega\u00e7\u00e3o representa Diplomacia Civil no maior f\u00f3rum da ONU para sociedade civil. Conhe\u00e7a selecionados"}]},{"@type":"WebSite","@id":"http:\/\/globalattitude.org.br\/#website","url":"http:\/\/globalattitude.org.br\/","name":"Instituto Global Attitude","description":"","publisher":{"@id":"http:\/\/globalattitude.org.br\/#organization"},"potentialAction":[{"@type":"SearchAction","target":{"@type":"EntryPoint","urlTemplate":"http:\/\/globalattitude.org.br\/?s={search_term_string}"},"query-input":{"@type":"PropertyValueSpecification","valueRequired":true,"valueName":"search_term_string"}}],"inLanguage":"en-US"},{"@type":"Organization","@id":"http:\/\/globalattitude.org.br\/#organization","name":"Instituto Global Attitude","url":"http:\/\/globalattitude.org.br\/","logo":{"@type":"ImageObject","inLanguage":"en-US","@id":"http:\/\/globalattitude.org.br\/#\/schema\/logo\/image\/","url":"https:\/\/globalattitude.org.br\/wp-content\/uploads\/2023\/01\/instituto-global-attitude-color.png","contentUrl":"https:\/\/globalattitude.org.br\/wp-content\/uploads\/2023\/01\/instituto-global-attitude-color.png","width":300,"height":131,"caption":"Instituto Global Attitude"},"image":{"@id":"http:\/\/globalattitude.org.br\/#\/schema\/logo\/image\/"},"sameAs":["https:\/\/www.facebook.com\/global.attitude.org\/","https:\/\/x.com\/global_attitude","https:\/\/www.instagram.com\/globalattitude","https:\/\/www.linkedin.com\/company\/global-attitude\/?viewAsMember=true"]},{"@type":"Person","@id":"http:\/\/globalattitude.org.br\/#\/schema\/person\/c0db5efc16133ab28ea2d64fc19667e5","name":"rodrigo","image":{"@type":"ImageObject","inLanguage":"en-US","@id":"https:\/\/secure.gravatar.com\/avatar\/1c1599db13943f3289fb3206e5aaf9560b644e4aaf0b4d3a378ba91202ab9cc4?s=96&d=mm&r=g","url":"https:\/\/secure.gravatar.com\/avatar\/1c1599db13943f3289fb3206e5aaf9560b644e4aaf0b4d3a378ba91202ab9cc4?s=96&d=mm&r=g","contentUrl":"https:\/\/secure.gravatar.com\/avatar\/1c1599db13943f3289fb3206e5aaf9560b644e4aaf0b4d3a378ba91202ab9cc4?s=96&d=mm&r=g","caption":"rodrigo"},"url":"https:\/\/globalattitude.org.br\/en\/author\/rodrigo\/"}]}},"_links":{"self":[{"href":"https:\/\/globalattitude.org.br\/en\/wp-json\/wp\/v2\/posts\/2972","targetHints":{"allow":["GET"]}}],"collection":[{"href":"https:\/\/globalattitude.org.br\/en\/wp-json\/wp\/v2\/posts"}],"about":[{"href":"https:\/\/globalattitude.org.br\/en\/wp-json\/wp\/v2\/types\/post"}],"author":[{"embeddable":true,"href":"https:\/\/globalattitude.org.br\/en\/wp-json\/wp\/v2\/users\/3"}],"replies":[{"embeddable":true,"href":"https:\/\/globalattitude.org.br\/en\/wp-json\/wp\/v2\/comments?post=2972"}],"version-history":[{"count":3,"href":"https:\/\/globalattitude.org.br\/en\/wp-json\/wp\/v2\/posts\/2972\/revisions"}],"predecessor-version":[{"id":3855,"href":"https:\/\/globalattitude.org.br\/en\/wp-json\/wp\/v2\/posts\/2972\/revisions\/3855"}],"wp:featuredmedia":[{"embeddable":true,"href":"https:\/\/globalattitude.org.br\/en\/wp-json\/wp\/v2\/media\/2973"}],"wp:attachment":[{"href":"https:\/\/globalattitude.org.br\/en\/wp-json\/wp\/v2\/media?parent=2972"}],"wp:term":[{"taxonomy":"category","embeddable":true,"href":"https:\/\/globalattitude.org.br\/en\/wp-json\/wp\/v2\/categories?post=2972"},{"taxonomy":"post_tag","embeddable":true,"href":"https:\/\/globalattitude.org.br\/en\/wp-json\/wp\/v2\/tags?post=2972"}],"curies":[{"name":"wp","href":"https:\/\/api.w.org\/{rel}","templated":true}]}}