{"id":2981,"date":"2019-08-30T18:46:27","date_gmt":"2019-08-30T21:46:27","guid":{"rendered":"https:\/\/globalattitude.org.br\/os-objetivos-de-desenvolvimento-sustentavel-da-consciencia-individual-ao-impacto-global\/"},"modified":"2023-05-04T10:42:37","modified_gmt":"2023-05-04T13:42:37","slug":"os-objetivos-de-desenvolvimento-sustentavel-da-consciencia-individual-ao-impacto-global","status":"publish","type":"post","link":"https:\/\/globalattitude.org.br\/en\/os-objetivos-de-desenvolvimento-sustentavel-da-consciencia-individual-ao-impacto-global\/","title":{"rendered":"Os Objetivos de Desenvolvimento Sustent\u00e1vel: da consci\u00eancia individual ao impacto global"},"content":{"rendered":"<p><strong><em>Por Maria Luiza Pacheco*<\/em><\/strong><\/p>\n<p><span style=\"font-weight: 400;\">H\u00e1 pouco tempo fiz parte de uma equipe que promoveu um workshop com alunos de 12 a 17 anos em uma escola para falar sobre os Objetivos de Desenvolvimento Sustent\u00e1vel. Me surpreendi com o fato deles estarem familiarizados com a tem\u00e1tica, articulados e curiosos. A Agenda 2030 j\u00e1 \u00e9 um tema tratado com frequ\u00eancia nesta escola e logo ser\u00e1 parte do plano disciplinar. Uma realidade que se existir na maioria das escolas, far\u00e1 uma grande diferen\u00e7a.\u00a0<\/span><\/p>\n<p><span style=\"font-weight: 400;\">Durante a atividade proposta, que consistia em associar os 17 ODS \u00e0 palavras, frases ou desenhos em uma esp\u00e9cie de mapa mental em cartolina, percebi que a maioria dos jovens tinha facilidade em falar, mas dificuldade em passar para o papel. Alguns deles nos contaram espontaneamente suas experi\u00eancias associadas aos ODS, por exemplo \u00e0 Educa\u00e7\u00e3o (ODS 4), questionando o modelo de ensino, \u00e0 Sa\u00fade (ODS 3), contando sobre a doen\u00e7a de um familiar, \u00e0 Igualdade de G\u00eanero (ODS 5), descrevendo situa\u00e7\u00f5es entre colegas na escola.<\/span><\/p>\n<p><span style=\"font-weight: 400;\">O exerc\u00edcio da aproxima\u00e7\u00e3o das nossas vidas com os ODS \u00e9 o primeiro passo para a concretiza\u00e7\u00e3o de a\u00e7\u00f5es no nosso dia a dia. Por isso, quando falamos de Objetivos Globais, temos que adapt\u00e1-los, quando poss\u00edvel, para Objetivos Pessoais. Isso significa pensar que o local \u00e9 tamb\u00e9m internacional, ou seja, quando promovemos mudan\u00e7as localmente, isso estar\u00e1 contribuindo globalmente, e \u00e9 por isso que os ODS n\u00e3o s\u00e3o nada mais do que n\u00f3s mesmos.\u00a0<\/span><\/p>\n<p><span style=\"font-weight: 400;\">Outro ponto \u00e9 pensar nas conex\u00f5es existentes entre os Objetivos. Quando pensamos em um, facilmente e quase naturalmente associamos a outros. Vamos l\u00e1: se falarmos de pobreza, estamos tratando diretamente de fome, sa\u00fade, educa\u00e7\u00e3o, \u00e1gua, energia, desigualdade, consumo, cidades sustent\u00e1veis, lixo, crescimento econ\u00f4mico, saneamento b\u00e1sico\u2026 uma coisa leva a outra. Os tr\u00eas pilares da sustentabilidade: social, ambiental e econ\u00f4mico, se constroem juntos, dependem um do outro, formando um grande e complexo ciclo de causas e consequ\u00eancias.<\/span><\/p>\n<p><span style=\"font-weight: 400;\">Tudo isso pode soar um pouco \u00f3bvio, mas na minha experi\u00eancia com os jovens, percebi que as suas dificuldades em colocar pensamentos, experi\u00eancias e associa\u00e7\u00f5es no papel \u00e9 aquilo que acontece em muitos de n\u00f3s: a dificuldade de colocar em pr\u00e1tica. Sabemos da import\u00e2ncia de economizar \u00e1gua, mas s\u00f3 sentimos na pele quando ela falta em nossa casa, sabemos que devemos produzir menos lixo, mas consumimos industrializados com frequ\u00eancia e muitas vezes utilizamos sacolas pl\u00e1sticas, sabemos da import\u00e2ncia da reciclagem, mas poucos de n\u00f3s facilitamos esse processo, sabemos que as praias devem estar limpas, mas muitas vezes atropelamos o lixo, sabemos que existem pessoas no nosso bairro passando frio, mas nem sempre doamos aquilo que n\u00e3o usamos mais.<\/span><\/p>\n<p><strong>Leia mais artigos da colunista:<br \/>\n<\/strong><strong><a href=\"http:\/\/diplomaciacivil.org.br\/mulheres-paz-e-seguranca-do-local-ao-internacional\/\">Mulheres, paz e seguran\u00e7a: do local ao internacional<\/a><\/strong><strong><a href=\"http:\/\/diplomaciacivil.org.br\/mulheres-paz-e-seguranca-do-local-ao-internacional\/\"><br \/>\n<\/a><a href=\"http:\/\/diplomaciacivil.org.br\/israel-e-palestina-se-essa-historia-fosse-minha\/\">Israel e Palestina: se essa hist\u00f3ria fosse minha&#8230;<\/a><\/strong><\/p>\n<p><span style=\"font-weight: 400;\">A verdade \u00e9 que a maioria de n\u00f3s sabe de tudo isso. Certamente sempre podemos aprender mais, e por isso, movimentos, organiza\u00e7\u00f5es e coletivos s\u00e3o t\u00e3o importantes neste momento. Mas se j\u00e1 coloc\u00e1ssemos em pr\u00e1tica aquilo que sabemos, poder\u00edamos ter mais esperan\u00e7as sobre o alcance de muitas das Metas ligadas aos ODS. O que eu acredito que falte para isso acontecer \u00e9 justamente a consci\u00eancia da for\u00e7a e vontade individual, que em conjunto se torna poderosa. Eu particularmente gosto de me perguntar: como posso incorporar a\u00e7\u00f5es respons\u00e1veis no meu dia a dia que n\u00e3o prejudiquem o meio ambiente e promovam o bem comum?\u00a0<\/span><\/p>\n<p><span style=\"font-weight: 400;\">E para falarmos de a\u00e7\u00f5es e consci\u00eancia individual, precisamos falar tamb\u00e9m do todo, do coletivo, e portanto dar a devida \u00eanfase ao ODS 5: Igualdade de G\u00eanero. Essa foi a segunda quest\u00e3o que mais me chamou mais aten\u00e7\u00e3o no workshop. Durante a conversa e a exposi\u00e7\u00e3o verbal dos jovens, quase sempre havia falas sobre empoderamento feminino e desigualdade entre homens e mulheres. Tentei resgatar na mem\u00f3ria o que eu realmente sabia sobre esses assuntos nas idades deles, e constatei que n\u00e3o, esta gera\u00e7\u00e3o n\u00e3o est\u00e1 perdida, como dizem por a\u00ed. Muitos dos nossos jovens, principalmente as meninas, j\u00e1 sabem que a desigualdade de g\u00eanero impacta suas vidas em v\u00e1rios aspectos, e isso come\u00e7a desde cedo, ou desde sempre.<\/span><\/p>\n<p><span style=\"font-weight: 400;\">Assim, considero que o ODS 5 \u00e9 primordial, ou at\u00e9 mesmo a base para a possibilidade de sucesso dos demais Objetivos, pois ele n\u00e3o \u00e9 apenas um direito fundamental, mas tamb\u00e9m algo necess\u00e1rio para um mundo mais pac\u00edfico, justo e sustent\u00e1vel. O Objetivo 5 \u00e9 transversal a toda Agenda 2030, pois sem igualdade, apenas a metade de n\u00f3s estaria sendo atendida em suas necessidades.<\/span><\/p>\n<p><span style=\"font-weight: 400;\">Falar sobre igualdade de direitos e oportunidades entre homens e mulheres significa reconhecer as rela\u00e7\u00f5es de poder desiguais existentes em todas as esferas sociais, significa discutir as vertentes da viol\u00eancia, a naturaliza\u00e7\u00e3o das hierarquias de g\u00eanero, a constru\u00e7\u00e3o e a perpetua\u00e7\u00e3o de estere\u00f3tipos que definem e limitam as pessoas. Tudo isso influencia na participa\u00e7\u00e3o efetiva das mulheres na promo\u00e7\u00e3o do desenvolvimento sustent\u00e1vel, na pol\u00edtica, na economia e nas diversas \u00e1reas de tomada de decis\u00e3o, o que determina muitas vezes a incorpora\u00e7\u00e3o e a abrang\u00eancia das pautas das necessidades femininas em \u00e1reas como sa\u00fade, educa\u00e7\u00e3o, trabalho, paz e viol\u00eancia, justi\u00e7a, institui\u00e7\u00f5es eficazes e parcerias. Para todo o complexo entendimento dos ODS, a igualdade de g\u00eanero \u00e9 primordial e determinante para a\u00a0 evolu\u00e7\u00e3o do alcance das Metas.<\/span><\/p>\n<p><a href=\"http:\/\/globalattitude.org.br\/wp-content\/uploads\/2023\/03\/800.jpg\"><img fetchpriority=\"high\" decoding=\"async\" class=\"wp-image-5147 aligncenter\" src=\"http:\/\/globalattitude.org.br\/wp-content\/uploads\/2023\/03\/800-300x169.jpg\" alt=\"Desenvolvimento Sustent\u00e1vel\" width=\"600\" height=\"338\" \/><\/a><\/p>\n<p><span style=\"font-weight: 400;\">Seguindo esta linha de pensamento, para falarmos de desigualdade de g\u00eanero, precisamos falar de viol\u00eancia. Proponho uma reflex\u00e3o sobre o \u201cTri\u00e2ngulo das Viol\u00eancias\u201d do precursor dos Estudos para a Paz, Johan Galtung\u00b9<\/span><span style=\"font-weight: 400;\">: viol\u00eancia direta (manifestada pela for\u00e7a f\u00edsica e pela morte), viol\u00eancia estrutural (caracteriza-se pela distribui\u00e7\u00e3o desigual de poder e de recursos, ou seja, oportunidades de vidas desiguais. \u00c9 uma viol\u00eancia disfar\u00e7ada, latente e praticamente invis\u00edvel, que tem consequ\u00eancias devastadoras, principalmente em situa\u00e7\u00f5es de conflito, como injusti\u00e7a, explora\u00e7\u00e3o, pobreza e opress\u00e3o) e a viol\u00eancia cultural (considera a pol\u00edtica de identidade, expressada a partir de normas e comportamentos constru\u00eddos atrav\u00e9s de s\u00edmbolos culturais como religi\u00e3o, ideologia, ci\u00eancia, arte e linguagem, podendo causar comportamentos fundamentalistas, racismo, sexismo, colonialismo, entre outros).\u00a0<\/span><\/p>\n<p><span style=\"font-weight: 400;\">Assim, fica n\u00edtido que a viol\u00eancia est\u00e1 presente em quase tudo, interferindo nos processos de constru\u00e7\u00e3o da paz tanto no \u00e2mbito local, quanto no internacional, e consequentemente na evolu\u00e7\u00e3o do desenvolvimento sustent\u00e1vel. Para considerarmos a quest\u00e3o da viol\u00eancia neste debate, \u00e9 importante olharmos para todas as suas vertentes e saber, novamente, que as nossas a\u00e7\u00f5es devem estar conectadas diretamente ao ODS 16 que se refere \u00e0 paz e \u00e0 justi\u00e7a.<\/span><\/p>\n<p><span style=\"font-weight: 400;\">Por isso, para nos aproximarmos dos Objetivos de Desenvolvimento Sustent\u00e1vel e deixarmos de pensar que eles est\u00e3o longe, l\u00e1 no internacional, e portanto seriam inalcan\u00e7\u00e1veis, precisamos colocar no papel o que sabemos e o que ainda podemos aprender. Colocar na pr\u00e1tica, agindo com responsabilidade, igualdade e paz, e lembrando sempre, que o pessoal \u00e9 tamb\u00e9m internacional.<\/span><\/p>\n<p><span style=\"font-weight: 400;\"><strong>\u00b9Galtung, Johan (1969) \u201cViolence, peace, and peace research\u201d Journal of peace research. 6(3), 167191.<\/strong> <\/span><\/p>\n<p><strong>*Conhe\u00e7a a colunista:<\/strong><br \/>\n<b><em>Maria Luiza Pereira Pacheco<\/em><\/b><em>\u00a0\u00e9 internacionalista e pesquisadora, graduada em Rela\u00e7\u00f5es Internacionais pela Universidade Vila Velha e mestra em Rela\u00e7\u00f5es Internacionais \u2013 Estudos da Paz, Seguran\u00e7a e Desenvolvimento pela Universidade de Coimbra. Tem experi\u00eancia em comunica\u00e7\u00e3o social nas \u00e1reas de direitos humanos, empoderamento feminino e Objetivos de Desenvolvimento Sustent\u00e1vel. Atua em Terceiro Setor e assessoria internacional, e atualmente\u00a0pesquisa processos de paz e a participa\u00e7\u00e3o das mulheres.<\/em><\/p>\n","protected":false},"excerpt":{"rendered":"<p>Por Maria Luiza Pacheco* H\u00e1 pouco tempo fiz parte de uma equipe que promoveu um workshop com alunos de 12 a 17 anos em uma escola para falar sobre os Objetivos de Desenvolvimento Sustent\u00e1vel. Me surpreendi com o fato deles estarem familiarizados com a tem\u00e1tica, articulados e curiosos. A Agenda 2030 j\u00e1 \u00e9 um tema [&hellip;]<\/p>\n","protected":false},"author":1,"featured_media":2982,"comment_status":"open","ping_status":"open","sticky":false,"template":"","format":"standard","meta":{"_acf_changed":false,"om_disable_all_campaigns":false,"_monsterinsights_skip_tracking":false,"_monsterinsights_sitenote_active":false,"_monsterinsights_sitenote_note":"","_monsterinsights_sitenote_category":0,"_uf_show_specific_survey":0,"_uf_disable_surveys":false,"footnotes":""},"categories":[35,34],"tags":[23,152,4,153,65],"class_list":["post-2981","post","type-post","status-publish","format-standard","hentry","category-opiniao","category-ultimas","tag-artigo","tag-igualdade","tag-instituto-global-attitude","tag-objetivos-do-desenvolvimento-sustentavel","tag-ods"],"acf":[],"aioseo_notices":[],"yoast_head":"<!-- This site is optimized with the Yoast SEO plugin v27.5 - https:\/\/yoast.com\/product\/yoast-seo-wordpress\/ -->\n<title>Desenvolvimento Sustent\u00e1vel - da consci\u00eancia individual ao impacto global<\/title>\n<meta name=\"description\" content=\"Desenvolvimento Sustent\u00e1vel - &quot;H\u00e1 pouco tempo fiz parte de uma equipe que promoveu um workshop com alunos de 12 a 17 anos em uma escola ...&quot; - Saiba Mais\" \/>\n<meta name=\"robots\" content=\"index, follow, max-snippet:-1, max-image-preview:large, max-video-preview:-1\" \/>\n<link rel=\"canonical\" href=\"https:\/\/globalattitude.org.br\/os-objetivos-de-desenvolvimento-sustentavel-da-consciencia-individual-ao-impacto-global\/\" \/>\n<meta property=\"og:locale\" content=\"en_US\" \/>\n<meta property=\"og:type\" content=\"article\" \/>\n<meta property=\"og:title\" content=\"Desenvolvimento Sustent\u00e1vel - da consci\u00eancia individual ao impacto global\" \/>\n<meta property=\"og:description\" content=\"Desenvolvimento Sustent\u00e1vel - &quot;H\u00e1 pouco tempo fiz parte de uma equipe que promoveu um workshop com alunos de 12 a 17 anos em uma escola ...&quot; - Saiba Mais\" \/>\n<meta property=\"og:url\" content=\"https:\/\/globalattitude.org.br\/os-objetivos-de-desenvolvimento-sustentavel-da-consciencia-individual-ao-impacto-global\/\" \/>\n<meta property=\"og:site_name\" content=\"Instituto Global Attitude\" \/>\n<meta property=\"article:publisher\" content=\"https:\/\/www.facebook.com\/global.attitude.org\/\" \/>\n<meta property=\"article:published_time\" content=\"2019-08-30T21:46:27+00:00\" \/>\n<meta property=\"article:modified_time\" content=\"2023-05-04T13:42:37+00:00\" \/>\n<meta property=\"og:image\" content=\"https:\/\/globalattitude.org.br\/wp-content\/uploads\/2023\/03\/Os-Objetivos-de-Desenvolvimento-Sustentavel-1200x643.png\" \/>\n\t<meta property=\"og:image:width\" content=\"1400\" \/>\n\t<meta property=\"og:image:height\" content=\"750\" \/>\n\t<meta property=\"og:image:type\" content=\"image\/png\" \/>\n<meta name=\"author\" content=\"123esite\" \/>\n<meta name=\"twitter:card\" content=\"summary_large_image\" \/>\n<meta name=\"twitter:creator\" content=\"@global_attitude\" \/>\n<meta name=\"twitter:site\" content=\"@global_attitude\" \/>\n<meta name=\"twitter:label1\" content=\"Written by\" \/>\n\t<meta name=\"twitter:data1\" content=\"123esite\" \/>\n\t<meta name=\"twitter:label2\" content=\"Est. reading time\" \/>\n\t<meta name=\"twitter:data2\" content=\"7 minutes\" \/>\n<script type=\"application\/ld+json\" class=\"yoast-schema-graph\">{\"@context\":\"https:\\\/\\\/schema.org\",\"@graph\":[{\"@type\":[\"Article\",\"BlogPosting\"],\"@id\":\"https:\\\/\\\/globalattitude.org.br\\\/os-objetivos-de-desenvolvimento-sustentavel-da-consciencia-individual-ao-impacto-global\\\/#article\",\"isPartOf\":{\"@id\":\"https:\\\/\\\/globalattitude.org.br\\\/os-objetivos-de-desenvolvimento-sustentavel-da-consciencia-individual-ao-impacto-global\\\/\"},\"author\":{\"name\":\"123esite\",\"@id\":\"http:\\\/\\\/globalattitude.org.br\\\/#\\\/schema\\\/person\\\/6d308f9d9d1eebad0278ad9386f13169\"},\"headline\":\"Os Objetivos de Desenvolvimento Sustent\u00e1vel: da consci\u00eancia individual ao impacto global\",\"datePublished\":\"2019-08-30T21:46:27+00:00\",\"dateModified\":\"2023-05-04T13:42:37+00:00\",\"mainEntityOfPage\":{\"@id\":\"https:\\\/\\\/globalattitude.org.br\\\/os-objetivos-de-desenvolvimento-sustentavel-da-consciencia-individual-ao-impacto-global\\\/\"},\"wordCount\":1311,\"commentCount\":0,\"publisher\":{\"@id\":\"http:\\\/\\\/globalattitude.org.br\\\/#organization\"},\"image\":{\"@id\":\"https:\\\/\\\/globalattitude.org.br\\\/os-objetivos-de-desenvolvimento-sustentavel-da-consciencia-individual-ao-impacto-global\\\/#primaryimage\"},\"thumbnailUrl\":\"https:\\\/\\\/globalattitude.org.br\\\/wp-content\\\/uploads\\\/2023\\\/03\\\/Os-Objetivos-de-Desenvolvimento-Sustentavel-1200x643.png\",\"keywords\":[\"artigo\",\"Igualdade\",\"Instituto Global Attitude\",\"Objetivos do Desenvolvimento Sustent\u00e1vel\",\"ods\"],\"articleSection\":[\"Opini\u00e3o\",\"\u00daltimas\"],\"inLanguage\":\"en-US\",\"potentialAction\":[{\"@type\":\"CommentAction\",\"name\":\"Comment\",\"target\":[\"https:\\\/\\\/globalattitude.org.br\\\/os-objetivos-de-desenvolvimento-sustentavel-da-consciencia-individual-ao-impacto-global\\\/#respond\"]}]},{\"@type\":\"WebPage\",\"@id\":\"https:\\\/\\\/globalattitude.org.br\\\/os-objetivos-de-desenvolvimento-sustentavel-da-consciencia-individual-ao-impacto-global\\\/\",\"url\":\"https:\\\/\\\/globalattitude.org.br\\\/os-objetivos-de-desenvolvimento-sustentavel-da-consciencia-individual-ao-impacto-global\\\/\",\"name\":\"Desenvolvimento Sustent\u00e1vel - da consci\u00eancia individual ao impacto global\",\"isPartOf\":{\"@id\":\"http:\\\/\\\/globalattitude.org.br\\\/#website\"},\"primaryImageOfPage\":{\"@id\":\"https:\\\/\\\/globalattitude.org.br\\\/os-objetivos-de-desenvolvimento-sustentavel-da-consciencia-individual-ao-impacto-global\\\/#primaryimage\"},\"image\":{\"@id\":\"https:\\\/\\\/globalattitude.org.br\\\/os-objetivos-de-desenvolvimento-sustentavel-da-consciencia-individual-ao-impacto-global\\\/#primaryimage\"},\"thumbnailUrl\":\"https:\\\/\\\/globalattitude.org.br\\\/wp-content\\\/uploads\\\/2023\\\/03\\\/Os-Objetivos-de-Desenvolvimento-Sustentavel-1200x643.png\",\"datePublished\":\"2019-08-30T21:46:27+00:00\",\"dateModified\":\"2023-05-04T13:42:37+00:00\",\"description\":\"Desenvolvimento Sustent\u00e1vel - \\\"H\u00e1 pouco tempo fiz parte de uma equipe que promoveu um workshop com alunos de 12 a 17 anos em uma escola ...\\\" - Saiba Mais\",\"breadcrumb\":{\"@id\":\"https:\\\/\\\/globalattitude.org.br\\\/os-objetivos-de-desenvolvimento-sustentavel-da-consciencia-individual-ao-impacto-global\\\/#breadcrumb\"},\"inLanguage\":\"en-US\",\"potentialAction\":[{\"@type\":\"ReadAction\",\"target\":[\"https:\\\/\\\/globalattitude.org.br\\\/os-objetivos-de-desenvolvimento-sustentavel-da-consciencia-individual-ao-impacto-global\\\/\"]}]},{\"@type\":\"ImageObject\",\"inLanguage\":\"en-US\",\"@id\":\"https:\\\/\\\/globalattitude.org.br\\\/os-objetivos-de-desenvolvimento-sustentavel-da-consciencia-individual-ao-impacto-global\\\/#primaryimage\",\"url\":\"https:\\\/\\\/globalattitude.org.br\\\/wp-content\\\/uploads\\\/2023\\\/03\\\/Os-Objetivos-de-Desenvolvimento-Sustentavel-1200x643.png\",\"contentUrl\":\"https:\\\/\\\/globalattitude.org.br\\\/wp-content\\\/uploads\\\/2023\\\/03\\\/Os-Objetivos-de-Desenvolvimento-Sustentavel-1200x643.png\",\"width\":1400,\"height\":750},{\"@type\":\"BreadcrumbList\",\"@id\":\"https:\\\/\\\/globalattitude.org.br\\\/os-objetivos-de-desenvolvimento-sustentavel-da-consciencia-individual-ao-impacto-global\\\/#breadcrumb\",\"itemListElement\":[{\"@type\":\"ListItem\",\"position\":1,\"name\":\"In\u00edcio\",\"item\":\"https:\\\/\\\/globalattitude.org.br\\\/en\\\/\"},{\"@type\":\"ListItem\",\"position\":2,\"name\":\"Os Objetivos de Desenvolvimento Sustent\u00e1vel: da consci\u00eancia individual ao impacto global\"}]},{\"@type\":\"WebSite\",\"@id\":\"http:\\\/\\\/globalattitude.org.br\\\/#website\",\"url\":\"http:\\\/\\\/globalattitude.org.br\\\/\",\"name\":\"Instituto Global Attitude\",\"description\":\"\",\"publisher\":{\"@id\":\"http:\\\/\\\/globalattitude.org.br\\\/#organization\"},\"potentialAction\":[{\"@type\":\"SearchAction\",\"target\":{\"@type\":\"EntryPoint\",\"urlTemplate\":\"http:\\\/\\\/globalattitude.org.br\\\/?s={search_term_string}\"},\"query-input\":{\"@type\":\"PropertyValueSpecification\",\"valueRequired\":true,\"valueName\":\"search_term_string\"}}],\"inLanguage\":\"en-US\"},{\"@type\":\"Organization\",\"@id\":\"http:\\\/\\\/globalattitude.org.br\\\/#organization\",\"name\":\"Instituto Global Attitude\",\"url\":\"http:\\\/\\\/globalattitude.org.br\\\/\",\"logo\":{\"@type\":\"ImageObject\",\"inLanguage\":\"en-US\",\"@id\":\"http:\\\/\\\/globalattitude.org.br\\\/#\\\/schema\\\/logo\\\/image\\\/\",\"url\":\"https:\\\/\\\/globalattitude.org.br\\\/wp-content\\\/uploads\\\/2023\\\/01\\\/instituto-global-attitude-color.png\",\"contentUrl\":\"https:\\\/\\\/globalattitude.org.br\\\/wp-content\\\/uploads\\\/2023\\\/01\\\/instituto-global-attitude-color.png\",\"width\":300,\"height\":131,\"caption\":\"Instituto Global Attitude\"},\"image\":{\"@id\":\"http:\\\/\\\/globalattitude.org.br\\\/#\\\/schema\\\/logo\\\/image\\\/\"},\"sameAs\":[\"https:\\\/\\\/www.facebook.com\\\/global.attitude.org\\\/\",\"https:\\\/\\\/x.com\\\/global_attitude\",\"https:\\\/\\\/www.instagram.com\\\/globalattitude\",\"https:\\\/\\\/www.linkedin.com\\\/company\\\/global-attitude\\\/?viewAsMember=true\"]},{\"@type\":\"Person\",\"@id\":\"http:\\\/\\\/globalattitude.org.br\\\/#\\\/schema\\\/person\\\/6d308f9d9d1eebad0278ad9386f13169\",\"name\":\"123esite\",\"image\":{\"@type\":\"ImageObject\",\"inLanguage\":\"en-US\",\"@id\":\"https:\\\/\\\/secure.gravatar.com\\\/avatar\\\/07bd71fac19f42004f2b73567f012e126689afdb23cb0017536dea9113ba1806?s=96&d=mm&r=g\",\"url\":\"https:\\\/\\\/secure.gravatar.com\\\/avatar\\\/07bd71fac19f42004f2b73567f012e126689afdb23cb0017536dea9113ba1806?s=96&d=mm&r=g\",\"contentUrl\":\"https:\\\/\\\/secure.gravatar.com\\\/avatar\\\/07bd71fac19f42004f2b73567f012e126689afdb23cb0017536dea9113ba1806?s=96&d=mm&r=g\",\"caption\":\"123esite\"},\"sameAs\":[\"http:\\\/\\\/globalattitude.org.br\"],\"url\":\"https:\\\/\\\/globalattitude.org.br\\\/en\\\/author\\\/123esite\\\/\"}]}<\/script>\n<!-- \/ Yoast SEO plugin. -->","yoast_head_json":{"title":"Desenvolvimento Sustent\u00e1vel - da consci\u00eancia individual ao impacto global","description":"Desenvolvimento Sustent\u00e1vel - \"H\u00e1 pouco tempo fiz parte de uma equipe que promoveu um workshop com alunos de 12 a 17 anos em uma escola ...\" - Saiba Mais","robots":{"index":"index","follow":"follow","max-snippet":"max-snippet:-1","max-image-preview":"max-image-preview:large","max-video-preview":"max-video-preview:-1"},"canonical":"https:\/\/globalattitude.org.br\/os-objetivos-de-desenvolvimento-sustentavel-da-consciencia-individual-ao-impacto-global\/","og_locale":"en_US","og_type":"article","og_title":"Desenvolvimento Sustent\u00e1vel - da consci\u00eancia individual ao impacto global","og_description":"Desenvolvimento Sustent\u00e1vel - \"H\u00e1 pouco tempo fiz parte de uma equipe que promoveu um workshop com alunos de 12 a 17 anos em uma escola ...\" - Saiba Mais","og_url":"https:\/\/globalattitude.org.br\/os-objetivos-de-desenvolvimento-sustentavel-da-consciencia-individual-ao-impacto-global\/","og_site_name":"Instituto Global Attitude","article_publisher":"https:\/\/www.facebook.com\/global.attitude.org\/","article_published_time":"2019-08-30T21:46:27+00:00","article_modified_time":"2023-05-04T13:42:37+00:00","og_image":[{"width":1400,"height":750,"url":"https:\/\/globalattitude.org.br\/wp-content\/uploads\/2023\/03\/Os-Objetivos-de-Desenvolvimento-Sustentavel-1200x643.png","type":"image\/png"}],"author":"123esite","twitter_card":"summary_large_image","twitter_creator":"@global_attitude","twitter_site":"@global_attitude","twitter_misc":{"Written by":"123esite","Est. reading time":"7 minutes"},"schema":{"@context":"https:\/\/schema.org","@graph":[{"@type":["Article","BlogPosting"],"@id":"https:\/\/globalattitude.org.br\/os-objetivos-de-desenvolvimento-sustentavel-da-consciencia-individual-ao-impacto-global\/#article","isPartOf":{"@id":"https:\/\/globalattitude.org.br\/os-objetivos-de-desenvolvimento-sustentavel-da-consciencia-individual-ao-impacto-global\/"},"author":{"name":"123esite","@id":"http:\/\/globalattitude.org.br\/#\/schema\/person\/6d308f9d9d1eebad0278ad9386f13169"},"headline":"Os Objetivos de Desenvolvimento Sustent\u00e1vel: da consci\u00eancia individual ao impacto global","datePublished":"2019-08-30T21:46:27+00:00","dateModified":"2023-05-04T13:42:37+00:00","mainEntityOfPage":{"@id":"https:\/\/globalattitude.org.br\/os-objetivos-de-desenvolvimento-sustentavel-da-consciencia-individual-ao-impacto-global\/"},"wordCount":1311,"commentCount":0,"publisher":{"@id":"http:\/\/globalattitude.org.br\/#organization"},"image":{"@id":"https:\/\/globalattitude.org.br\/os-objetivos-de-desenvolvimento-sustentavel-da-consciencia-individual-ao-impacto-global\/#primaryimage"},"thumbnailUrl":"https:\/\/globalattitude.org.br\/wp-content\/uploads\/2023\/03\/Os-Objetivos-de-Desenvolvimento-Sustentavel-1200x643.png","keywords":["artigo","Igualdade","Instituto Global Attitude","Objetivos do Desenvolvimento Sustent\u00e1vel","ods"],"articleSection":["Opini\u00e3o","\u00daltimas"],"inLanguage":"en-US","potentialAction":[{"@type":"CommentAction","name":"Comment","target":["https:\/\/globalattitude.org.br\/os-objetivos-de-desenvolvimento-sustentavel-da-consciencia-individual-ao-impacto-global\/#respond"]}]},{"@type":"WebPage","@id":"https:\/\/globalattitude.org.br\/os-objetivos-de-desenvolvimento-sustentavel-da-consciencia-individual-ao-impacto-global\/","url":"https:\/\/globalattitude.org.br\/os-objetivos-de-desenvolvimento-sustentavel-da-consciencia-individual-ao-impacto-global\/","name":"Desenvolvimento Sustent\u00e1vel - da consci\u00eancia individual ao impacto global","isPartOf":{"@id":"http:\/\/globalattitude.org.br\/#website"},"primaryImageOfPage":{"@id":"https:\/\/globalattitude.org.br\/os-objetivos-de-desenvolvimento-sustentavel-da-consciencia-individual-ao-impacto-global\/#primaryimage"},"image":{"@id":"https:\/\/globalattitude.org.br\/os-objetivos-de-desenvolvimento-sustentavel-da-consciencia-individual-ao-impacto-global\/#primaryimage"},"thumbnailUrl":"https:\/\/globalattitude.org.br\/wp-content\/uploads\/2023\/03\/Os-Objetivos-de-Desenvolvimento-Sustentavel-1200x643.png","datePublished":"2019-08-30T21:46:27+00:00","dateModified":"2023-05-04T13:42:37+00:00","description":"Desenvolvimento Sustent\u00e1vel - \"H\u00e1 pouco tempo fiz parte de uma equipe que promoveu um workshop com alunos de 12 a 17 anos em uma escola ...\" - Saiba Mais","breadcrumb":{"@id":"https:\/\/globalattitude.org.br\/os-objetivos-de-desenvolvimento-sustentavel-da-consciencia-individual-ao-impacto-global\/#breadcrumb"},"inLanguage":"en-US","potentialAction":[{"@type":"ReadAction","target":["https:\/\/globalattitude.org.br\/os-objetivos-de-desenvolvimento-sustentavel-da-consciencia-individual-ao-impacto-global\/"]}]},{"@type":"ImageObject","inLanguage":"en-US","@id":"https:\/\/globalattitude.org.br\/os-objetivos-de-desenvolvimento-sustentavel-da-consciencia-individual-ao-impacto-global\/#primaryimage","url":"https:\/\/globalattitude.org.br\/wp-content\/uploads\/2023\/03\/Os-Objetivos-de-Desenvolvimento-Sustentavel-1200x643.png","contentUrl":"https:\/\/globalattitude.org.br\/wp-content\/uploads\/2023\/03\/Os-Objetivos-de-Desenvolvimento-Sustentavel-1200x643.png","width":1400,"height":750},{"@type":"BreadcrumbList","@id":"https:\/\/globalattitude.org.br\/os-objetivos-de-desenvolvimento-sustentavel-da-consciencia-individual-ao-impacto-global\/#breadcrumb","itemListElement":[{"@type":"ListItem","position":1,"name":"In\u00edcio","item":"https:\/\/globalattitude.org.br\/en\/"},{"@type":"ListItem","position":2,"name":"Os Objetivos de Desenvolvimento Sustent\u00e1vel: da consci\u00eancia individual ao impacto global"}]},{"@type":"WebSite","@id":"http:\/\/globalattitude.org.br\/#website","url":"http:\/\/globalattitude.org.br\/","name":"Instituto Global Attitude","description":"","publisher":{"@id":"http:\/\/globalattitude.org.br\/#organization"},"potentialAction":[{"@type":"SearchAction","target":{"@type":"EntryPoint","urlTemplate":"http:\/\/globalattitude.org.br\/?s={search_term_string}"},"query-input":{"@type":"PropertyValueSpecification","valueRequired":true,"valueName":"search_term_string"}}],"inLanguage":"en-US"},{"@type":"Organization","@id":"http:\/\/globalattitude.org.br\/#organization","name":"Instituto Global Attitude","url":"http:\/\/globalattitude.org.br\/","logo":{"@type":"ImageObject","inLanguage":"en-US","@id":"http:\/\/globalattitude.org.br\/#\/schema\/logo\/image\/","url":"https:\/\/globalattitude.org.br\/wp-content\/uploads\/2023\/01\/instituto-global-attitude-color.png","contentUrl":"https:\/\/globalattitude.org.br\/wp-content\/uploads\/2023\/01\/instituto-global-attitude-color.png","width":300,"height":131,"caption":"Instituto Global Attitude"},"image":{"@id":"http:\/\/globalattitude.org.br\/#\/schema\/logo\/image\/"},"sameAs":["https:\/\/www.facebook.com\/global.attitude.org\/","https:\/\/x.com\/global_attitude","https:\/\/www.instagram.com\/globalattitude","https:\/\/www.linkedin.com\/company\/global-attitude\/?viewAsMember=true"]},{"@type":"Person","@id":"http:\/\/globalattitude.org.br\/#\/schema\/person\/6d308f9d9d1eebad0278ad9386f13169","name":"123esite","image":{"@type":"ImageObject","inLanguage":"en-US","@id":"https:\/\/secure.gravatar.com\/avatar\/07bd71fac19f42004f2b73567f012e126689afdb23cb0017536dea9113ba1806?s=96&d=mm&r=g","url":"https:\/\/secure.gravatar.com\/avatar\/07bd71fac19f42004f2b73567f012e126689afdb23cb0017536dea9113ba1806?s=96&d=mm&r=g","contentUrl":"https:\/\/secure.gravatar.com\/avatar\/07bd71fac19f42004f2b73567f012e126689afdb23cb0017536dea9113ba1806?s=96&d=mm&r=g","caption":"123esite"},"sameAs":["http:\/\/globalattitude.org.br"],"url":"https:\/\/globalattitude.org.br\/en\/author\/123esite\/"}]}},"_links":{"self":[{"href":"https:\/\/globalattitude.org.br\/en\/wp-json\/wp\/v2\/posts\/2981","targetHints":{"allow":["GET"]}}],"collection":[{"href":"https:\/\/globalattitude.org.br\/en\/wp-json\/wp\/v2\/posts"}],"about":[{"href":"https:\/\/globalattitude.org.br\/en\/wp-json\/wp\/v2\/types\/post"}],"author":[{"embeddable":true,"href":"https:\/\/globalattitude.org.br\/en\/wp-json\/wp\/v2\/users\/1"}],"replies":[{"embeddable":true,"href":"https:\/\/globalattitude.org.br\/en\/wp-json\/wp\/v2\/comments?post=2981"}],"version-history":[{"count":5,"href":"https:\/\/globalattitude.org.br\/en\/wp-json\/wp\/v2\/posts\/2981\/revisions"}],"predecessor-version":[{"id":3852,"href":"https:\/\/globalattitude.org.br\/en\/wp-json\/wp\/v2\/posts\/2981\/revisions\/3852"}],"wp:featuredmedia":[{"embeddable":true,"href":"https:\/\/globalattitude.org.br\/en\/wp-json\/wp\/v2\/media\/2982"}],"wp:attachment":[{"href":"https:\/\/globalattitude.org.br\/en\/wp-json\/wp\/v2\/media?parent=2981"}],"wp:term":[{"taxonomy":"category","embeddable":true,"href":"https:\/\/globalattitude.org.br\/en\/wp-json\/wp\/v2\/categories?post=2981"},{"taxonomy":"post_tag","embeddable":true,"href":"https:\/\/globalattitude.org.br\/en\/wp-json\/wp\/v2\/tags?post=2981"}],"curies":[{"name":"wp","href":"https:\/\/api.w.org\/{rel}","templated":true}]}}