{"id":2992,"date":"2019-10-01T14:17:43","date_gmt":"2019-10-01T17:17:43","guid":{"rendered":"https:\/\/globalattitude.org.br\/conheca-a-delegacao-de-jovens-brasileiros-que-ira-ao-evento-anual-da-omc-o-wto-public-forum\/"},"modified":"2023-05-04T10:35:00","modified_gmt":"2023-05-04T13:35:00","slug":"conheca-a-delegacao-de-jovens-brasileiros-que-ira-ao-evento-anual-da-omc-o-wto-public-forum","status":"publish","type":"post","link":"https:\/\/globalattitude.org.br\/en\/conheca-a-delegacao-de-jovens-brasileiros-que-ira-ao-evento-anual-da-omc-o-wto-public-forum\/","title":{"rendered":"Conhe\u00e7a a delega\u00e7\u00e3o de jovens brasileiros que ir\u00e1 ao evento anual da OMC, o WTO Public Forum"},"content":{"rendered":"<p>Dia 6 de outubro a delega\u00e7\u00e3o de jovens do Diplomacia Civil embarcam para o WTO Public Forum, que acontecer\u00e1 em Genebra, entre os dias 8 e 11 do mesmo m\u00eas. O evento anual da Organiza\u00e7\u00e3o Mundial do Com\u00e9rcio (OMC) serve como plataforma de discuss\u00e3o sobre os \u00faltimos desenvolvimentos no com\u00e9rcio mundial, propondo meios de melhorar o sistema comercial multilateral. A edi\u00e7\u00e3o deste ano ser\u00e1 sobre o tema: \u201cAvan\u00e7os no Mercado: adaptando-se a um mundo em mudan\u00e7a\u201d. E receber\u00e1 discuss\u00f5es acerca de sub-temas como: Servi\u00e7os: a pr\u00f3xima fronteira do mercado; A pr\u00f3xima gera\u00e7\u00e3o: o que Millennials e a Gera\u00e7\u00e3o Z querem ver no com\u00e9rcio mundial; O pr\u00f3ximo cap\u00edtulo da OMC: fortalecendo o sistema de com\u00e9rcio.<\/p>\n<p>Como parte do processo preparat\u00f3rio para o Evento anual da OMC, os sete delegados selecionados passaram por cinco Diplo.Labs (workshops) e est\u00e3o desenvolvendo artigos, com temas voltados ao assunto do f\u00f3rum \u2013 sugeridos por eles mesmos -, com orienta\u00e7\u00e3o de um professor especialista. J\u00e1 em Salt Lake City, a delega\u00e7\u00e3o contar\u00e1, al\u00e9m das palestras e debates do Evento anual da OMC, com agenda exclusiva de reuni\u00f5es e encontros com l\u00edderes e especialistas, promovidos pela coordena\u00e7\u00e3o do Diplomacia Civil.<\/p>\n<h2>Conhe\u00e7a os delegados<\/h2>\n<p><strong>Adriano Assem<\/strong> \u00e9 graduado em administra\u00e7\u00e3o de empresas pelo Centro Universit\u00e1rio FIEO (UNIFIEO). Possui certifica\u00e7\u00e3o em Scrum Master e \u00e9 respons\u00e1vel pela execu\u00e7\u00e3o de projetos estrat\u00e9gicos no Banco Bradesco e em todos as empresas do grupo, aplicando m\u00e9todos \u00e1geis e frameworks da administra\u00e7\u00e3o. M\u00fasico saxofonista, entende a m\u00fasica como fator de transforma\u00e7\u00e3o social e atua com aulas de m\u00fasica gratuita.<\/p>\n<p><strong>Ana Michi<\/strong> \u00e9 bacharel em Economia pela Universidade Presbiteriana Mackenzie, e possui p\u00f3s gradua\u00e7\u00e3o em administra\u00e7\u00e3o pela FGV. Na vida acad\u00eamica concluiu os cursos com uma an\u00e1lise da desigualdade social do subdistrito da Brasil\u00e2ndia, por onde viveu por 14 anos, e sobre Governan\u00e7a Corporativa em Compras, como a mitiga\u00e7\u00e3o de m\u00e3o obra escrava na cadeia de fornecimento, onde possui experi\u00eancia profissional. \u00c9 parte do time de Intraempreendedores Sociais da Funda\u00e7\u00e3o Dom Cabral, onde tem como desafio impulsionar solu\u00e7\u00f5es ambiental, social e economicamente ben\u00e9ficas aos neg\u00f3cios. Antenada em oportunidades comercialmente sustent\u00e1veis das mudan\u00e7as clim\u00e1ticas, vem estudado o tema como o\u00a0\u00a0Acordo de Paris e Mercado Internacional de Carbono na FAAP, e realizado cursos online Harvard \u2013 The Climate Challenge, e London Business School \u2013 Financial Risks and Oportunities on Climate Change.<\/p>\n<p><strong>Felipe Amoroso<\/strong> \u00e9 graduando em Direito pela PUC &#8211; Campinas. No in\u00edcio da faculdade foi volunt\u00e1rio em projeto de combate ao tr\u00e1fico de pessoas desenvolvido em comunidades ind\u00edgenas na Amaz\u00f4nia. Fez interc\u00e2mbio acad\u00eamico para a Cor\u00e9ia do Sul, com foco em business, onde estruturou trabalho sobre responsabilidade social de corpora\u00e7\u00f5es, \u00e9tica e tecnologia e publicou artigo de opini\u00e3o na revista da faculdade sobre o contexto pol\u00edtico, econ\u00f4mico e social brasileiro. Teve sua tese de gradua\u00e7\u00e3o publicada e, ainda, um artigo publicado em livro organizado por professores da Unicamp, dentro do tema dos direitos humanos. Atualmente, foca seus estudos em estrat\u00e9gia de neg\u00f3cios e estagia no GRI Club, na \u00e1rea de gest\u00e3o de projetos. Realiza pesquisas cient\u00edficas na \u00e1rea de com\u00e9rcio internacional para apresenta\u00e7\u00e3o no IV Congresso Internacional de Direitos Humanos de Coimbra.<\/p>\n<p><strong>Fernanda Lacerda<\/strong> \u00e9 formada em Rela\u00e7\u00f5es Internacionais pela PUC-Rio e graduanda em Ci\u00eancias Sociais pela Universidade Federal Fluminense. Atualmente, \u00e9 aspirante \u00e0 carreira diplom\u00e1tica e atual delegada da Global Atittude para o WTO Public Forum 2019. Possui experi\u00eancia em pesquisa acad\u00eamica na \u00e1rea de desenvolvimento e coopera\u00e7\u00e3o internacional. Apresentou trabalhos sobre o Asian Infrastructure Investment Bank e sobre a Belt and Road Initiative durante o VI Congresso da Associa\u00e7\u00e3o Brasileira de Rela\u00e7\u00f5es Internacionais. Possui experi\u00eancia no terceiro setor, na \u00e1rea de planejamento e execu\u00e7\u00e3o de projetos de inova\u00e7\u00e3o e educa\u00e7\u00e3o. Atuou como assistente de pesquisa no BRICS Policy Center, como bolsista de inicia\u00e7\u00e3o cient\u00edfica do CNPq, na \u00e1rea de Economia Pol\u00edtica, com \u00eanfase em Institui\u00e7\u00f5es e Regimes Internacionais. Foi ativista na Anistia Internacional Brasil por 3 anos e \u00e9 tradutora de artigos ingl\u00eas-portugu\u00eas para o RioOnWatch, programa criado com o intuito de trazer visibilidade internacional \u00e0s vozes das favelas no contexto dos megaeventos. Tamb\u00e9m exerce o papel de professora de franc\u00eas aut\u00f4noma e tradutora de artigos franc\u00eas-portugu\u00eas.<\/p>\n<p><strong>Gustavo Duarte<\/strong> \u00e9 graduado em Direito pela Universidade Federal de Lavras (UFLA). Fez interc\u00e2mbio na Universidad del Sin\u00fa, na Col\u00f4mbia, onde recebeu o pr\u00eamio de melhor delegado em uma simula\u00e7\u00e3o de reuni\u00e3o do ECOSOC. Estagiou na Diretoria de Rela\u00e7\u00f5es Internacionais da UFLA, na \u00e1rea de instrumentos para coopera\u00e7\u00e3o internacional. Foi estagi\u00e1rio visitante na Unit\u00e0 Promozione Internazionale da Universit\u00e0 di Pisa, na It\u00e1lia. Atualmente trabalha como advogado.<\/p>\n<p><strong>J\u00falia Comitti<\/strong> \u00e9 graduada em Ci\u00eancias Econ\u00f4micas pela Universidade Federal de Minas Gerais (UFMG) com CBA em Finan\u00e7as e Controladoria pelo IBMEC-MG. Durante a gradua\u00e7\u00e3o trabalhou como volunt\u00e1ria no programa \u201cBrasil ponto a ponto\u201d, do Programa das Na\u00e7\u00f5es Unidas para o Desenvolvimento (PNUD), que teve por objetivo estimular o debate em todo o pa\u00eds sobre o que precisa ser mudado no Brasil para melhorar a vida das pessoas. Atualmente integra o time da Companhia de Desenvolvimento de Minas Gerais (CODEMGE), atuando na \u00e1rea de an\u00e1lise de investimentos em projetos\/empresas do setor de alta tecnologia e com grande potencial de inova\u00e7\u00e3o. Tamb\u00e9m possui experi\u00eancia na estrutura\u00e7\u00e3o de Fundos de Investimentos nos setores aeroespacial e de biotecnologia.<\/p>\n<p><strong>Luana Paris<\/strong> \u00e9 graduada em Ci\u00eancias Biol\u00f3gicas pela Universidade Federal de Minas Gerais (UFMG) e graduanda em Rela\u00e7\u00f5es Internacionais pela Pontif\u00edcia Universidade Cat\u00f3lica de Minas Gerais (PUC-MG). Trabalha voluntariamente na associa\u00e7\u00e3o Youth Experience (YEx), onde \u00e9 coordenadora de um programa voltado para o voluntariado e desenvolvimento pessoal de jovens adultos, e membro do Departamento de Rela\u00e7\u00f5es Internacionais, atuando no contato com as parcerias internacionais. J\u00e1 trabalhou na Walt Disney World Company, voluntariou no YMCA Camp Manitou-Lin, ambos nos Estados Unidos, e se engajou em projetos de educa\u00e7\u00e3o e divulga\u00e7\u00e3o cient\u00edfica na UFMG. Atualmente, \u00e9 professora de ingl\u00eas e participante do Grupo de Pesquisa Atl\u00e2ntico Sul da PUC-MG, se interessando principalmente por quest\u00f5es de desenvolvimento sustent\u00e1vel, meio ambiente e rela\u00e7\u00f5es comerciais entre os Estados.<\/p>\n","protected":false},"excerpt":{"rendered":"<p>Dia 6 de outubro a delega\u00e7\u00e3o de jovens do Diplomacia Civil embarcam para o WTO Public Forum, que acontecer\u00e1 em Genebra, entre os dias 8 e 11 do mesmo m\u00eas. O evento anual da Organiza\u00e7\u00e3o Mundial do Com\u00e9rcio (OMC) serve como plataforma de discuss\u00e3o sobre os \u00faltimos desenvolvimentos no com\u00e9rcio mundial, propondo meios de melhorar [&hellip;]<\/p>\n","protected":false},"author":3,"featured_media":2993,"comment_status":"open","ping_status":"open","sticky":false,"template":"","format":"standard","meta":{"_acf_changed":false,"om_disable_all_campaigns":false,"_monsterinsights_skip_tracking":false,"_monsterinsights_sitenote_active":false,"_monsterinsights_sitenote_note":"","_monsterinsights_sitenote_category":0,"_uf_show_specific_survey":0,"_uf_disable_surveys":false,"footnotes":""},"categories":[22,34],"tags":[72,25,145,119,4,121,157,61,122],"class_list":["post-2992","post","type-post","status-publish","format-standard","hentry","category-programas","category-ultimas","tag-delegacao","tag-diplomacia-civil","tag-foruns-internacionais","tag-genebra","tag-instituto-global-attitude","tag-omc","tag-organizacao-mundial-do-comercio","tag-relacoes-internacionais","tag-wto-public-forum"],"acf":[],"aioseo_notices":[],"yoast_head":"<!-- This site is optimized with the Yoast SEO plugin v27.5 - https:\/\/yoast.com\/product\/yoast-seo-wordpress\/ -->\n<title>Evento anual da OMC - WTO Public Forum - Conhe\u00e7a quem ir\u00e1<\/title>\n<meta name=\"description\" content=\"Evento anual da OMC - Dia 6 de outubro a delega\u00e7\u00e3o de jovens do Diplomacia Civil embarcam para o WTO Public Forum, que acontecer\u00e1 em Genebra.. Saiba Mais\" \/>\n<meta name=\"robots\" content=\"index, follow, max-snippet:-1, max-image-preview:large, max-video-preview:-1\" \/>\n<link rel=\"canonical\" href=\"http:\/\/globalattitude.org.br\/en\/conheca-a-delegacao-de-jovens-brasileiros-que-ira-ao-evento-anual-da-omc-o-wto-public-forum\/\" \/>\n<meta property=\"og:locale\" content=\"en_US\" \/>\n<meta property=\"og:type\" content=\"article\" \/>\n<meta property=\"og:title\" content=\"Evento anual da OMC - WTO Public Forum - Conhe\u00e7a quem ir\u00e1\" \/>\n<meta property=\"og:description\" content=\"Evento anual da OMC - Dia 6 de outubro a delega\u00e7\u00e3o de jovens do Diplomacia Civil embarcam para o WTO Public Forum, que acontecer\u00e1 em Genebra.. Saiba Mais\" \/>\n<meta property=\"og:url\" content=\"http:\/\/globalattitude.org.br\/en\/conheca-a-delegacao-de-jovens-brasileiros-que-ira-ao-evento-anual-da-omc-o-wto-public-forum\/\" \/>\n<meta property=\"og:site_name\" content=\"Instituto Global Attitude\" \/>\n<meta property=\"article:publisher\" content=\"https:\/\/www.facebook.com\/global.attitude.org\/\" \/>\n<meta property=\"article:published_time\" content=\"2019-10-01T17:17:43+00:00\" \/>\n<meta property=\"article:modified_time\" content=\"2023-05-04T13:35:00+00:00\" \/>\n<meta property=\"og:image\" content=\"http:\/\/globalattitude.org.br\/wp-content\/uploads\/2023\/03\/WTO-Public-Forum-2019-1200x643.png\" \/>\n\t<meta property=\"og:image:width\" content=\"1400\" \/>\n\t<meta property=\"og:image:height\" content=\"750\" \/>\n\t<meta property=\"og:image:type\" content=\"image\/png\" \/>\n<meta name=\"author\" content=\"rodrigo\" \/>\n<meta name=\"twitter:card\" content=\"summary_large_image\" \/>\n<meta name=\"twitter:creator\" content=\"@global_attitude\" \/>\n<meta name=\"twitter:site\" content=\"@global_attitude\" \/>\n<meta name=\"twitter:label1\" content=\"Written by\" \/>\n\t<meta name=\"twitter:data1\" content=\"rodrigo\" \/>\n\t<meta name=\"twitter:label2\" content=\"Est. reading time\" \/>\n\t<meta name=\"twitter:data2\" content=\"6 minutes\" \/>\n<script type=\"application\/ld+json\" class=\"yoast-schema-graph\">{\"@context\":\"https:\\\/\\\/schema.org\",\"@graph\":[{\"@type\":[\"Article\",\"BlogPosting\"],\"@id\":\"http:\\\/\\\/globalattitude.org.br\\\/en\\\/conheca-a-delegacao-de-jovens-brasileiros-que-ira-ao-evento-anual-da-omc-o-wto-public-forum\\\/#article\",\"isPartOf\":{\"@id\":\"http:\\\/\\\/globalattitude.org.br\\\/en\\\/conheca-a-delegacao-de-jovens-brasileiros-que-ira-ao-evento-anual-da-omc-o-wto-public-forum\\\/\"},\"author\":{\"name\":\"rodrigo\",\"@id\":\"https:\\\/\\\/globalattitude.org.br\\\/en\\\/#\\\/schema\\\/person\\\/c0db5efc16133ab28ea2d64fc19667e5\"},\"headline\":\"Conhe\u00e7a a delega\u00e7\u00e3o de jovens brasileiros que ir\u00e1 ao evento anual da OMC, o WTO Public Forum\",\"datePublished\":\"2019-10-01T17:17:43+00:00\",\"dateModified\":\"2023-05-04T13:35:00+00:00\",\"mainEntityOfPage\":{\"@id\":\"http:\\\/\\\/globalattitude.org.br\\\/en\\\/conheca-a-delegacao-de-jovens-brasileiros-que-ira-ao-evento-anual-da-omc-o-wto-public-forum\\\/\"},\"wordCount\":1123,\"commentCount\":0,\"publisher\":{\"@id\":\"https:\\\/\\\/globalattitude.org.br\\\/en\\\/#organization\"},\"image\":{\"@id\":\"http:\\\/\\\/globalattitude.org.br\\\/en\\\/conheca-a-delegacao-de-jovens-brasileiros-que-ira-ao-evento-anual-da-omc-o-wto-public-forum\\\/#primaryimage\"},\"thumbnailUrl\":\"https:\\\/\\\/globalattitude.org.br\\\/wp-content\\\/uploads\\\/2023\\\/03\\\/WTO-Public-Forum-2019-1200x643.png\",\"keywords\":[\"Delega\u00e7\u00e3o\",\"Diplomacia Civil\",\"F\u00f3runs internacionais\",\"Genebra\",\"Instituto Global Attitude\",\"OMC\",\"Organiza\u00e7\u00e3o Mundial do Com\u00e9rcio\",\"rela\u00e7\u00f5es internacionais\",\"WTO Public Forum\"],\"articleSection\":[\"Programas\",\"\u00daltimas\"],\"inLanguage\":\"en-US\",\"potentialAction\":[{\"@type\":\"CommentAction\",\"name\":\"Comment\",\"target\":[\"http:\\\/\\\/globalattitude.org.br\\\/en\\\/conheca-a-delegacao-de-jovens-brasileiros-que-ira-ao-evento-anual-da-omc-o-wto-public-forum\\\/#respond\"]}]},{\"@type\":\"WebPage\",\"@id\":\"http:\\\/\\\/globalattitude.org.br\\\/en\\\/conheca-a-delegacao-de-jovens-brasileiros-que-ira-ao-evento-anual-da-omc-o-wto-public-forum\\\/\",\"url\":\"http:\\\/\\\/globalattitude.org.br\\\/en\\\/conheca-a-delegacao-de-jovens-brasileiros-que-ira-ao-evento-anual-da-omc-o-wto-public-forum\\\/\",\"name\":\"Evento anual da OMC - WTO Public Forum - Conhe\u00e7a quem ir\u00e1\",\"isPartOf\":{\"@id\":\"https:\\\/\\\/globalattitude.org.br\\\/en\\\/#website\"},\"primaryImageOfPage\":{\"@id\":\"http:\\\/\\\/globalattitude.org.br\\\/en\\\/conheca-a-delegacao-de-jovens-brasileiros-que-ira-ao-evento-anual-da-omc-o-wto-public-forum\\\/#primaryimage\"},\"image\":{\"@id\":\"http:\\\/\\\/globalattitude.org.br\\\/en\\\/conheca-a-delegacao-de-jovens-brasileiros-que-ira-ao-evento-anual-da-omc-o-wto-public-forum\\\/#primaryimage\"},\"thumbnailUrl\":\"https:\\\/\\\/globalattitude.org.br\\\/wp-content\\\/uploads\\\/2023\\\/03\\\/WTO-Public-Forum-2019-1200x643.png\",\"datePublished\":\"2019-10-01T17:17:43+00:00\",\"dateModified\":\"2023-05-04T13:35:00+00:00\",\"description\":\"Evento anual da OMC - Dia 6 de outubro a delega\u00e7\u00e3o de jovens do Diplomacia Civil embarcam para o WTO Public Forum, que acontecer\u00e1 em Genebra.. Saiba Mais\",\"breadcrumb\":{\"@id\":\"http:\\\/\\\/globalattitude.org.br\\\/en\\\/conheca-a-delegacao-de-jovens-brasileiros-que-ira-ao-evento-anual-da-omc-o-wto-public-forum\\\/#breadcrumb\"},\"inLanguage\":\"en-US\",\"potentialAction\":[{\"@type\":\"ReadAction\",\"target\":[\"http:\\\/\\\/globalattitude.org.br\\\/en\\\/conheca-a-delegacao-de-jovens-brasileiros-que-ira-ao-evento-anual-da-omc-o-wto-public-forum\\\/\"]}]},{\"@type\":\"ImageObject\",\"inLanguage\":\"en-US\",\"@id\":\"http:\\\/\\\/globalattitude.org.br\\\/en\\\/conheca-a-delegacao-de-jovens-brasileiros-que-ira-ao-evento-anual-da-omc-o-wto-public-forum\\\/#primaryimage\",\"url\":\"https:\\\/\\\/globalattitude.org.br\\\/wp-content\\\/uploads\\\/2023\\\/03\\\/WTO-Public-Forum-2019-1200x643.png\",\"contentUrl\":\"https:\\\/\\\/globalattitude.org.br\\\/wp-content\\\/uploads\\\/2023\\\/03\\\/WTO-Public-Forum-2019-1200x643.png\",\"width\":1400,\"height\":750},{\"@type\":\"BreadcrumbList\",\"@id\":\"http:\\\/\\\/globalattitude.org.br\\\/en\\\/conheca-a-delegacao-de-jovens-brasileiros-que-ira-ao-evento-anual-da-omc-o-wto-public-forum\\\/#breadcrumb\",\"itemListElement\":[{\"@type\":\"ListItem\",\"position\":1,\"name\":\"In\u00edcio\",\"item\":\"https:\\\/\\\/globalattitude.org.br\\\/en\\\/\"},{\"@type\":\"ListItem\",\"position\":2,\"name\":\"Conhe\u00e7a a delega\u00e7\u00e3o de jovens brasileiros que ir\u00e1 ao evento anual da OMC, o WTO Public Forum\"}]},{\"@type\":\"WebSite\",\"@id\":\"https:\\\/\\\/globalattitude.org.br\\\/en\\\/#website\",\"url\":\"https:\\\/\\\/globalattitude.org.br\\\/en\\\/\",\"name\":\"Instituto Global Attitude\",\"description\":\"\",\"publisher\":{\"@id\":\"https:\\\/\\\/globalattitude.org.br\\\/en\\\/#organization\"},\"potentialAction\":[{\"@type\":\"SearchAction\",\"target\":{\"@type\":\"EntryPoint\",\"urlTemplate\":\"https:\\\/\\\/globalattitude.org.br\\\/en\\\/?s={search_term_string}\"},\"query-input\":{\"@type\":\"PropertyValueSpecification\",\"valueRequired\":true,\"valueName\":\"search_term_string\"}}],\"inLanguage\":\"en-US\"},{\"@type\":\"Organization\",\"@id\":\"https:\\\/\\\/globalattitude.org.br\\\/en\\\/#organization\",\"name\":\"Instituto Global Attitude\",\"url\":\"https:\\\/\\\/globalattitude.org.br\\\/en\\\/\",\"logo\":{\"@type\":\"ImageObject\",\"inLanguage\":\"en-US\",\"@id\":\"https:\\\/\\\/globalattitude.org.br\\\/en\\\/#\\\/schema\\\/logo\\\/image\\\/\",\"url\":\"https:\\\/\\\/globalattitude.org.br\\\/wp-content\\\/uploads\\\/2023\\\/01\\\/instituto-global-attitude-color.png\",\"contentUrl\":\"https:\\\/\\\/globalattitude.org.br\\\/wp-content\\\/uploads\\\/2023\\\/01\\\/instituto-global-attitude-color.png\",\"width\":300,\"height\":131,\"caption\":\"Instituto Global Attitude\"},\"image\":{\"@id\":\"https:\\\/\\\/globalattitude.org.br\\\/en\\\/#\\\/schema\\\/logo\\\/image\\\/\"},\"sameAs\":[\"https:\\\/\\\/www.facebook.com\\\/global.attitude.org\\\/\",\"https:\\\/\\\/x.com\\\/global_attitude\",\"https:\\\/\\\/www.instagram.com\\\/globalattitude\",\"https:\\\/\\\/www.linkedin.com\\\/company\\\/global-attitude\\\/?viewAsMember=true\"]},{\"@type\":\"Person\",\"@id\":\"https:\\\/\\\/globalattitude.org.br\\\/en\\\/#\\\/schema\\\/person\\\/c0db5efc16133ab28ea2d64fc19667e5\",\"name\":\"rodrigo\",\"image\":{\"@type\":\"ImageObject\",\"inLanguage\":\"en-US\",\"@id\":\"https:\\\/\\\/secure.gravatar.com\\\/avatar\\\/1c1599db13943f3289fb3206e5aaf9560b644e4aaf0b4d3a378ba91202ab9cc4?s=96&d=mm&r=g\",\"url\":\"https:\\\/\\\/secure.gravatar.com\\\/avatar\\\/1c1599db13943f3289fb3206e5aaf9560b644e4aaf0b4d3a378ba91202ab9cc4?s=96&d=mm&r=g\",\"contentUrl\":\"https:\\\/\\\/secure.gravatar.com\\\/avatar\\\/1c1599db13943f3289fb3206e5aaf9560b644e4aaf0b4d3a378ba91202ab9cc4?s=96&d=mm&r=g\",\"caption\":\"rodrigo\"},\"url\":\"https:\\\/\\\/globalattitude.org.br\\\/en\\\/author\\\/rodrigo\\\/\"}]}<\/script>\n<!-- \/ Yoast SEO plugin. -->","yoast_head_json":{"title":"Evento anual da OMC - WTO Public Forum - Conhe\u00e7a quem ir\u00e1","description":"Evento anual da OMC - Dia 6 de outubro a delega\u00e7\u00e3o de jovens do Diplomacia Civil embarcam para o WTO Public Forum, que acontecer\u00e1 em Genebra.. Saiba Mais","robots":{"index":"index","follow":"follow","max-snippet":"max-snippet:-1","max-image-preview":"max-image-preview:large","max-video-preview":"max-video-preview:-1"},"canonical":"http:\/\/globalattitude.org.br\/en\/conheca-a-delegacao-de-jovens-brasileiros-que-ira-ao-evento-anual-da-omc-o-wto-public-forum\/","og_locale":"en_US","og_type":"article","og_title":"Evento anual da OMC - WTO Public Forum - Conhe\u00e7a quem ir\u00e1","og_description":"Evento anual da OMC - Dia 6 de outubro a delega\u00e7\u00e3o de jovens do Diplomacia Civil embarcam para o WTO Public Forum, que acontecer\u00e1 em Genebra.. Saiba Mais","og_url":"http:\/\/globalattitude.org.br\/en\/conheca-a-delegacao-de-jovens-brasileiros-que-ira-ao-evento-anual-da-omc-o-wto-public-forum\/","og_site_name":"Instituto Global Attitude","article_publisher":"https:\/\/www.facebook.com\/global.attitude.org\/","article_published_time":"2019-10-01T17:17:43+00:00","article_modified_time":"2023-05-04T13:35:00+00:00","og_image":[{"width":1400,"height":750,"url":"http:\/\/globalattitude.org.br\/wp-content\/uploads\/2023\/03\/WTO-Public-Forum-2019-1200x643.png","type":"image\/png"}],"author":"rodrigo","twitter_card":"summary_large_image","twitter_creator":"@global_attitude","twitter_site":"@global_attitude","twitter_misc":{"Written by":"rodrigo","Est. reading time":"6 minutes"},"schema":{"@context":"https:\/\/schema.org","@graph":[{"@type":["Article","BlogPosting"],"@id":"http:\/\/globalattitude.org.br\/en\/conheca-a-delegacao-de-jovens-brasileiros-que-ira-ao-evento-anual-da-omc-o-wto-public-forum\/#article","isPartOf":{"@id":"http:\/\/globalattitude.org.br\/en\/conheca-a-delegacao-de-jovens-brasileiros-que-ira-ao-evento-anual-da-omc-o-wto-public-forum\/"},"author":{"name":"rodrigo","@id":"https:\/\/globalattitude.org.br\/en\/#\/schema\/person\/c0db5efc16133ab28ea2d64fc19667e5"},"headline":"Conhe\u00e7a a delega\u00e7\u00e3o de jovens brasileiros que ir\u00e1 ao evento anual da OMC, o WTO Public Forum","datePublished":"2019-10-01T17:17:43+00:00","dateModified":"2023-05-04T13:35:00+00:00","mainEntityOfPage":{"@id":"http:\/\/globalattitude.org.br\/en\/conheca-a-delegacao-de-jovens-brasileiros-que-ira-ao-evento-anual-da-omc-o-wto-public-forum\/"},"wordCount":1123,"commentCount":0,"publisher":{"@id":"https:\/\/globalattitude.org.br\/en\/#organization"},"image":{"@id":"http:\/\/globalattitude.org.br\/en\/conheca-a-delegacao-de-jovens-brasileiros-que-ira-ao-evento-anual-da-omc-o-wto-public-forum\/#primaryimage"},"thumbnailUrl":"https:\/\/globalattitude.org.br\/wp-content\/uploads\/2023\/03\/WTO-Public-Forum-2019-1200x643.png","keywords":["Delega\u00e7\u00e3o","Diplomacia Civil","F\u00f3runs internacionais","Genebra","Instituto Global Attitude","OMC","Organiza\u00e7\u00e3o Mundial do Com\u00e9rcio","rela\u00e7\u00f5es internacionais","WTO Public Forum"],"articleSection":["Programas","\u00daltimas"],"inLanguage":"en-US","potentialAction":[{"@type":"CommentAction","name":"Comment","target":["http:\/\/globalattitude.org.br\/en\/conheca-a-delegacao-de-jovens-brasileiros-que-ira-ao-evento-anual-da-omc-o-wto-public-forum\/#respond"]}]},{"@type":"WebPage","@id":"http:\/\/globalattitude.org.br\/en\/conheca-a-delegacao-de-jovens-brasileiros-que-ira-ao-evento-anual-da-omc-o-wto-public-forum\/","url":"http:\/\/globalattitude.org.br\/en\/conheca-a-delegacao-de-jovens-brasileiros-que-ira-ao-evento-anual-da-omc-o-wto-public-forum\/","name":"Evento anual da OMC - WTO Public Forum - Conhe\u00e7a quem ir\u00e1","isPartOf":{"@id":"https:\/\/globalattitude.org.br\/en\/#website"},"primaryImageOfPage":{"@id":"http:\/\/globalattitude.org.br\/en\/conheca-a-delegacao-de-jovens-brasileiros-que-ira-ao-evento-anual-da-omc-o-wto-public-forum\/#primaryimage"},"image":{"@id":"http:\/\/globalattitude.org.br\/en\/conheca-a-delegacao-de-jovens-brasileiros-que-ira-ao-evento-anual-da-omc-o-wto-public-forum\/#primaryimage"},"thumbnailUrl":"https:\/\/globalattitude.org.br\/wp-content\/uploads\/2023\/03\/WTO-Public-Forum-2019-1200x643.png","datePublished":"2019-10-01T17:17:43+00:00","dateModified":"2023-05-04T13:35:00+00:00","description":"Evento anual da OMC - Dia 6 de outubro a delega\u00e7\u00e3o de jovens do Diplomacia Civil embarcam para o WTO Public Forum, que acontecer\u00e1 em Genebra.. Saiba Mais","breadcrumb":{"@id":"http:\/\/globalattitude.org.br\/en\/conheca-a-delegacao-de-jovens-brasileiros-que-ira-ao-evento-anual-da-omc-o-wto-public-forum\/#breadcrumb"},"inLanguage":"en-US","potentialAction":[{"@type":"ReadAction","target":["http:\/\/globalattitude.org.br\/en\/conheca-a-delegacao-de-jovens-brasileiros-que-ira-ao-evento-anual-da-omc-o-wto-public-forum\/"]}]},{"@type":"ImageObject","inLanguage":"en-US","@id":"http:\/\/globalattitude.org.br\/en\/conheca-a-delegacao-de-jovens-brasileiros-que-ira-ao-evento-anual-da-omc-o-wto-public-forum\/#primaryimage","url":"https:\/\/globalattitude.org.br\/wp-content\/uploads\/2023\/03\/WTO-Public-Forum-2019-1200x643.png","contentUrl":"https:\/\/globalattitude.org.br\/wp-content\/uploads\/2023\/03\/WTO-Public-Forum-2019-1200x643.png","width":1400,"height":750},{"@type":"BreadcrumbList","@id":"http:\/\/globalattitude.org.br\/en\/conheca-a-delegacao-de-jovens-brasileiros-que-ira-ao-evento-anual-da-omc-o-wto-public-forum\/#breadcrumb","itemListElement":[{"@type":"ListItem","position":1,"name":"In\u00edcio","item":"https:\/\/globalattitude.org.br\/en\/"},{"@type":"ListItem","position":2,"name":"Conhe\u00e7a a delega\u00e7\u00e3o de jovens brasileiros que ir\u00e1 ao evento anual da OMC, o WTO Public Forum"}]},{"@type":"WebSite","@id":"https:\/\/globalattitude.org.br\/en\/#website","url":"https:\/\/globalattitude.org.br\/en\/","name":"Instituto Global Attitude","description":"","publisher":{"@id":"https:\/\/globalattitude.org.br\/en\/#organization"},"potentialAction":[{"@type":"SearchAction","target":{"@type":"EntryPoint","urlTemplate":"https:\/\/globalattitude.org.br\/en\/?s={search_term_string}"},"query-input":{"@type":"PropertyValueSpecification","valueRequired":true,"valueName":"search_term_string"}}],"inLanguage":"en-US"},{"@type":"Organization","@id":"https:\/\/globalattitude.org.br\/en\/#organization","name":"Instituto Global Attitude","url":"https:\/\/globalattitude.org.br\/en\/","logo":{"@type":"ImageObject","inLanguage":"en-US","@id":"https:\/\/globalattitude.org.br\/en\/#\/schema\/logo\/image\/","url":"https:\/\/globalattitude.org.br\/wp-content\/uploads\/2023\/01\/instituto-global-attitude-color.png","contentUrl":"https:\/\/globalattitude.org.br\/wp-content\/uploads\/2023\/01\/instituto-global-attitude-color.png","width":300,"height":131,"caption":"Instituto Global Attitude"},"image":{"@id":"https:\/\/globalattitude.org.br\/en\/#\/schema\/logo\/image\/"},"sameAs":["https:\/\/www.facebook.com\/global.attitude.org\/","https:\/\/x.com\/global_attitude","https:\/\/www.instagram.com\/globalattitude","https:\/\/www.linkedin.com\/company\/global-attitude\/?viewAsMember=true"]},{"@type":"Person","@id":"https:\/\/globalattitude.org.br\/en\/#\/schema\/person\/c0db5efc16133ab28ea2d64fc19667e5","name":"rodrigo","image":{"@type":"ImageObject","inLanguage":"en-US","@id":"https:\/\/secure.gravatar.com\/avatar\/1c1599db13943f3289fb3206e5aaf9560b644e4aaf0b4d3a378ba91202ab9cc4?s=96&d=mm&r=g","url":"https:\/\/secure.gravatar.com\/avatar\/1c1599db13943f3289fb3206e5aaf9560b644e4aaf0b4d3a378ba91202ab9cc4?s=96&d=mm&r=g","contentUrl":"https:\/\/secure.gravatar.com\/avatar\/1c1599db13943f3289fb3206e5aaf9560b644e4aaf0b4d3a378ba91202ab9cc4?s=96&d=mm&r=g","caption":"rodrigo"},"url":"https:\/\/globalattitude.org.br\/en\/author\/rodrigo\/"}]}},"_links":{"self":[{"href":"https:\/\/globalattitude.org.br\/en\/wp-json\/wp\/v2\/posts\/2992","targetHints":{"allow":["GET"]}}],"collection":[{"href":"https:\/\/globalattitude.org.br\/en\/wp-json\/wp\/v2\/posts"}],"about":[{"href":"https:\/\/globalattitude.org.br\/en\/wp-json\/wp\/v2\/types\/post"}],"author":[{"embeddable":true,"href":"https:\/\/globalattitude.org.br\/en\/wp-json\/wp\/v2\/users\/3"}],"replies":[{"embeddable":true,"href":"https:\/\/globalattitude.org.br\/en\/wp-json\/wp\/v2\/comments?post=2992"}],"version-history":[{"count":2,"href":"https:\/\/globalattitude.org.br\/en\/wp-json\/wp\/v2\/posts\/2992\/revisions"}],"predecessor-version":[{"id":3847,"href":"https:\/\/globalattitude.org.br\/en\/wp-json\/wp\/v2\/posts\/2992\/revisions\/3847"}],"wp:featuredmedia":[{"embeddable":true,"href":"https:\/\/globalattitude.org.br\/en\/wp-json\/wp\/v2\/media\/2993"}],"wp:attachment":[{"href":"https:\/\/globalattitude.org.br\/en\/wp-json\/wp\/v2\/media?parent=2992"}],"wp:term":[{"taxonomy":"category","embeddable":true,"href":"https:\/\/globalattitude.org.br\/en\/wp-json\/wp\/v2\/categories?post=2992"},{"taxonomy":"post_tag","embeddable":true,"href":"https:\/\/globalattitude.org.br\/en\/wp-json\/wp\/v2\/tags?post=2992"}],"curies":[{"name":"wp","href":"https:\/\/api.w.org\/{rel}","templated":true}]}}