{"id":3133,"date":"2020-03-23T14:31:26","date_gmt":"2020-03-23T17:31:26","guid":{"rendered":"https:\/\/globalattitude.org.br\/inscricoes-diplomaci-civil-edd-2020\/"},"modified":"2023-05-03T11:40:41","modified_gmt":"2023-05-03T14:40:41","slug":"inscricoes-diplomaci-civil-edd-2020","status":"publish","type":"post","link":"https:\/\/globalattitude.org.br\/en\/inscricoes-diplomaci-civil-edd-2020\/","title":{"rendered":"Desenvolvimento e Sustentabilidade s\u00e3o os temas do European Development Days"},"content":{"rendered":"<p><strong>Desenvolvimento e Sustentabilidade s\u00e3o os temas do European Development Days. Saiba mais sobre o pr\u00f3ximo f\u00f3rum do Diplomacia Civil.<\/strong><\/p>\n<p>O programa Diplomacia Civil est\u00e1 com inscri\u00e7\u00f5es abertas para\u00a0o European Development Days, que tem foco no desenvolvimento sustent\u00e1vel. O European Development Days (EDD) acontecer\u00e1 nos dias 9 e 10 de junho, em Bruxelas, na B\u00e9lgica.<\/p>\n<p>Em tempos de COVID-19, o Instituto Global Attitude est\u00e1 seguindo todas as recomenda\u00e7\u00f5es dos \u00f3rg\u00e3os nacionais e internacionais sobre pandemia, declarada pela OMS. \u00c9 um momento de grandes instabilidades e recentemente a Europa fechou seu espa\u00e7o a\u00e9reo por 30 dias. Tomadas todas as precau\u00e7\u00f5es globalmente, o Instituto acredita que at\u00e9 o m\u00eas de junho a situa\u00e7\u00e3o j\u00e1 esteja normalizada. \u00c9 importante frisar que sempre comunicamos aos inscritos o status dos f\u00f3runs. No momento, o EDD ainda n\u00e3o tem nenhum posicionamento oficial. Portanto, continuem lavando as m\u00e3os, usando \u00e1lcool em gel e ficando quietinhos em casa para evitarmos a prolifera\u00e7\u00e3o do v\u00edrus. Contamos com o interesse de voc\u00eas nos f\u00f3runs! Ent\u00e3o, vamos saber mais sobre\u00a0o European Development Days!<\/p>\n<h2>European Development Days (EDD)<\/h2>\n<p>O f\u00f3rum organizado anualmente pela Comiss\u00e3o Europeia, desde 2006, busca discutir e apresentar medidas e solu\u00e7\u00f5es para Desenvolvimento e Sustentabilidade. Considerado o &#8220;Davos do desenvolvimento&#8221;, em refer\u00eancia ao F\u00f3rum Econ\u00f4mico Mundial, que ocorre na Sui\u00e7a, o encontro tem como objetivo inspirar, encontrar solu\u00e7\u00f5es inovadoras e estimular parcerias entre os participantes. O evento de Desenvolvimento e Sustentabilidade recebe jovens de todo o mundo para participar de debates sobre pol\u00edticas de desenvolvimento e coopera\u00e7\u00e3o internacional.<\/p>\n<p><a href=\"https:\/\/www.youtube.com\/watch?v=WsrCPiJzWls\"><strong>Veja como foi a experi\u00eancia de alguns dos nossos delegados em edi\u00e7\u00f5es anteriores do EDD<\/strong><\/a><\/p>\n<h3>Desenvolvimento e Sustentabilidade &#8211; o EDD<\/h3>\n<p>S\u00e3o mais de 65 mil participantes. Entre eles, representantes dos governos de mais de 150 pa\u00edses, de 4500 organiza\u00e7\u00f5es internacionais e da sociedade civil. Estes se unem\u00a0durante o evento\u00a0a acad\u00eamicos, jovens l\u00edderes, entre outros, nesses dois dias de EDD no esfor\u00e7o de abrangerem e assimilarem aquilo que\u00a0todas essas experi\u00eancias conjuntas s\u00e3o capazes de trazer como benef\u00edcio para o mundo. Esse ano o tem a ser discutido \u00e9: &#8220;T<em>he Green Deal for a Sustainable Future&#8221;, <\/em>bem de acordo com o tema do nosso pr\u00f3ximo f\u00f3rum.<\/p>\n<p><a href=\"http:\/\/diplomaciacivil.org.br\/inscricoes\/\"><strong>QUERO ME INSCREVER!<\/strong><\/a><\/p>\n<h2>Como participar do programa Diplomacia Civil<\/h2>\n<p class=\"p1\">Interessados devem se inscrever em um dos eventos\u00a0<strong>at\u00e9 o dia\u00a05\u00a0de abril<\/strong>, \u00e0s 23h59 (hor\u00e1rio de Bras\u00edlia), preenchendo o formul\u00e1rio eletr\u00f4nico e anexando curr\u00edculo.\u00a0O crit\u00e9rio de sele\u00e7\u00e3o leva em conta tanto o desempenho acad\u00eamico do candidato como o interesse pela tem\u00e1tica abordada nos eventos, al\u00e9m da proposta de artigo (desenvolvido durante a prepara\u00e7\u00e3o para a viagem).<\/p>\n<p><strong>O investimento<\/strong>\u00a0inclui o credenciamento no evento, passagens a\u00e9reas de ida e volta, traslado aeroporto-hotel, acomoda\u00e7\u00e3o em hotel, seguro sa\u00fade, workshops de capacita\u00e7\u00e3o, supervis\u00e3o e orienta\u00e7\u00e3o para reda\u00e7\u00e3o do artigo de pesquisa, cart\u00e3o de visita personalizado, kit do delegado, certificado de participa\u00e7\u00e3o e acompanhamento de um coordenador do Diplomacia Civil.<\/p>\n<p>Para mais informa\u00e7\u00f5es, acesse a nossa p\u00e1gina de\u00a0<a href=\"http:\/\/diplomaciacivil.org.br\/services-1\/\" target=\"_blank\" rel=\"noopener noreferrer\">perguntas frequentes<\/a>.<\/p>\n<p><a href=\"http:\/\/diplomaciacivil.org.br\/inscricoes\/\"><b>INSCREVA-SE AGORA!<\/b><\/a><\/p>\n","protected":false},"excerpt":{"rendered":"<p>Desenvolvimento e Sustentabilidade s\u00e3o os temas do European Development Days. Saiba mais sobre o pr\u00f3ximo f\u00f3rum do Diplomacia Civil. O programa Diplomacia Civil est\u00e1 com inscri\u00e7\u00f5es abertas para\u00a0o European Development Days, que tem foco no desenvolvimento sustent\u00e1vel. O European Development Days (EDD) acontecer\u00e1 nos dias 9 e 10 de junho, em Bruxelas, na B\u00e9lgica. Em [&hellip;]<\/p>\n","protected":false},"author":1,"featured_media":3134,"comment_status":"open","ping_status":"open","sticky":false,"template":"","format":"standard","meta":{"_acf_changed":false,"om_disable_all_campaigns":false,"_monsterinsights_skip_tracking":false,"_uf_show_specific_survey":0,"_uf_disable_surveys":false,"footnotes":""},"categories":[22,34],"tags":[80,25,82,189,161],"class_list":["post-3133","post","type-post","status-publish","format-standard","hentry","category-programas","category-ultimas","tag-comissao-europeia","tag-diplomacia-civil","tag-edd","tag-european-development-days","tag-global-attitude"],"acf":[],"aioseo_notices":[],"aioseo_head":"\n\t\t<!-- All in One SEO 5.0.1.1 - aioseo.com -->\n\t<meta name=\"description\" content=\"Desenvolvimento e Sustentabilidade s\u00e3o os temas do European Development Days. Saiba mais sobre o pr\u00f3ximo f\u00f3rum do Diplomacia Civil. O programa Diplomacia Civil est\u00e1 com inscri\u00e7\u00f5es abertas para o European Development Days, que tem foco no desenvolvimento sustent\u00e1vel. O European Development Days (EDD) acontecer\u00e1 nos dias 9 e 10 de junho, em Bruxelas, na B\u00e9lgica. Em\" \/>\n\t<meta name=\"robots\" content=\"max-image-preview:large\" \/>\n\t<meta name=\"author\" content=\"123esite\"\/>\n\t<link rel=\"canonical\" href=\"https:\/\/globalattitude.org.br\/en\/inscricoes-diplomaci-civil-edd-2020\/\" \/>\n\t<meta name=\"generator\" content=\"All in One SEO (AIOSEO) 5.0.1.1\" \/>\n\t\t<meta property=\"og:locale\" content=\"en_US\" \/>\n\t\t<meta property=\"og:site_name\" content=\"Instituto Global Attitude -\" \/>\n\t\t<meta property=\"og:type\" content=\"article\" \/>\n\t\t<meta property=\"og:title\" content=\"Desenvolvimento e Sustentabilidade s\u00e3o os temas do European Development Days - Instituto Global Attitude\" \/>\n\t\t<meta property=\"og:description\" content=\"Desenvolvimento e Sustentabilidade s\u00e3o os temas do European Development Days. Saiba mais sobre o pr\u00f3ximo f\u00f3rum do Diplomacia Civil. O programa Diplomacia Civil est\u00e1 com inscri\u00e7\u00f5es abertas para o European Development Days, que tem foco no desenvolvimento sustent\u00e1vel. O European Development Days (EDD) acontecer\u00e1 nos dias 9 e 10 de junho, em Bruxelas, na B\u00e9lgica. Em\" \/>\n\t\t<meta property=\"og:url\" content=\"https:\/\/globalattitude.org.br\/en\/inscricoes-diplomaci-civil-edd-2020\/\" \/>\n\t\t<meta property=\"article:published_time\" content=\"2020-03-23T17:31:26+00:00\" \/>\n\t\t<meta property=\"article:modified_time\" content=\"2023-05-03T14:40:41+00:00\" \/>\n\t\t<meta name=\"twitter:card\" content=\"summary_large_image\" \/>\n\t\t<meta name=\"twitter:title\" content=\"Desenvolvimento e Sustentabilidade s\u00e3o os temas do European Development Days - Instituto Global Attitude\" \/>\n\t\t<meta name=\"twitter:description\" content=\"Desenvolvimento e Sustentabilidade s\u00e3o os temas do European Development Days. Saiba mais sobre o pr\u00f3ximo f\u00f3rum do Diplomacia Civil. O programa Diplomacia Civil est\u00e1 com inscri\u00e7\u00f5es abertas para o European Development Days, que tem foco no desenvolvimento sustent\u00e1vel. O European Development Days (EDD) acontecer\u00e1 nos dias 9 e 10 de junho, em Bruxelas, na B\u00e9lgica. Em\" \/>\n\t\t<script type=\"application\/ld+json\" class=\"aioseo-schema\">\n\t\t\t{\"@context\":\"https:\\\/\\\/schema.org\",\"@graph\":[{\"@type\":\"BlogPosting\",\"@id\":\"https:\\\/\\\/globalattitude.org.br\\\/en\\\/inscricoes-diplomaci-civil-edd-2020\\\/#blogposting\",\"name\":\"Desenvolvimento e Sustentabilidade s\\u00e3o os temas do European Development Days - Instituto Global Attitude\",\"headline\":\"Desenvolvimento e Sustentabilidade s\\u00e3o os temas do European Development Days\",\"author\":{\"@id\":\"https:\\\/\\\/globalattitude.org.br\\\/en\\\/author\\\/123esite\\\/#author\"},\"publisher\":{\"@id\":\"https:\\\/\\\/globalattitude.org.br\\\/en\\\/#organization\"},\"image\":{\"@type\":\"ImageObject\",\"url\":\"https:\\\/\\\/globalattitude.org.br\\\/wp-content\\\/uploads\\\/2023\\\/03\\\/EDD-eudevdays-1200x643.jpg\",\"width\":1400,\"height\":750},\"datePublished\":\"2020-03-23T14:31:26-03:00\",\"dateModified\":\"2023-05-03T11:40:41-03:00\",\"inLanguage\":\"en-US\",\"mainEntityOfPage\":{\"@id\":\"https:\\\/\\\/globalattitude.org.br\\\/en\\\/inscricoes-diplomaci-civil-edd-2020\\\/#webpage\"},\"isPartOf\":{\"@id\":\"https:\\\/\\\/globalattitude.org.br\\\/en\\\/inscricoes-diplomaci-civil-edd-2020\\\/#webpage\"},\"articleSection\":\"Programas, \\u00daltimas, Comiss\\u00e3o Europeia, Diplomacia Civil, EDD, European Development Days, Global Attitude\"},{\"@type\":\"BreadcrumbList\",\"@id\":\"https:\\\/\\\/globalattitude.org.br\\\/en\\\/inscricoes-diplomaci-civil-edd-2020\\\/#breadcrumblist\",\"itemListElement\":[{\"@type\":\"ListItem\",\"@id\":\"https:\\\/\\\/globalattitude.org.br\\\/en\\\/#listItem\",\"position\":1,\"name\":\"Home\",\"item\":\"https:\\\/\\\/globalattitude.org.br\\\/en\\\/\",\"nextItem\":{\"@type\":\"ListItem\",\"@id\":\"https:\\\/\\\/globalattitude.org.br\\\/category\\\/programas\\\/#listItem\",\"name\":\"Programas\"}},{\"@type\":\"ListItem\",\"@id\":\"https:\\\/\\\/globalattitude.org.br\\\/category\\\/programas\\\/#listItem\",\"position\":2,\"name\":\"Programas\",\"item\":\"https:\\\/\\\/globalattitude.org.br\\\/category\\\/programas\\\/\",\"nextItem\":{\"@type\":\"ListItem\",\"@id\":\"https:\\\/\\\/globalattitude.org.br\\\/en\\\/inscricoes-diplomaci-civil-edd-2020\\\/#listItem\",\"name\":\"Desenvolvimento e Sustentabilidade s\\u00e3o os temas do European Development Days\"},\"previousItem\":{\"@type\":\"ListItem\",\"@id\":\"https:\\\/\\\/globalattitude.org.br\\\/en\\\/#listItem\",\"name\":\"Home\"}},{\"@type\":\"ListItem\",\"@id\":\"https:\\\/\\\/globalattitude.org.br\\\/en\\\/inscricoes-diplomaci-civil-edd-2020\\\/#listItem\",\"position\":3,\"name\":\"Desenvolvimento e Sustentabilidade s\\u00e3o os temas do European Development Days\",\"previousItem\":{\"@type\":\"ListItem\",\"@id\":\"https:\\\/\\\/globalattitude.org.br\\\/category\\\/programas\\\/#listItem\",\"name\":\"Programas\"}}]},{\"@type\":\"Organization\",\"@id\":\"https:\\\/\\\/globalattitude.org.br\\\/en\\\/#organization\",\"name\":\"Global Attitude\",\"url\":\"https:\\\/\\\/globalattitude.org.br\\\/en\\\/\"},{\"@type\":\"Person\",\"@id\":\"https:\\\/\\\/globalattitude.org.br\\\/en\\\/author\\\/123esite\\\/#author\",\"url\":\"https:\\\/\\\/globalattitude.org.br\\\/en\\\/author\\\/123esite\\\/\",\"name\":\"123esite\",\"image\":{\"@type\":\"ImageObject\",\"@id\":\"https:\\\/\\\/globalattitude.org.br\\\/en\\\/inscricoes-diplomaci-civil-edd-2020\\\/#authorImage\",\"url\":\"https:\\\/\\\/secure.gravatar.com\\\/avatar\\\/07bd71fac19f42004f2b73567f012e126689afdb23cb0017536dea9113ba1806?s=96&d=mm&r=g\",\"width\":96,\"height\":96,\"caption\":\"123esite\"}},{\"@type\":\"WebPage\",\"@id\":\"https:\\\/\\\/globalattitude.org.br\\\/en\\\/inscricoes-diplomaci-civil-edd-2020\\\/#webpage\",\"url\":\"https:\\\/\\\/globalattitude.org.br\\\/en\\\/inscricoes-diplomaci-civil-edd-2020\\\/\",\"name\":\"Desenvolvimento e Sustentabilidade s\\u00e3o os temas do European Development Days - Instituto Global Attitude\",\"description\":\"Desenvolvimento e Sustentabilidade s\\u00e3o os temas do European Development Days. Saiba mais sobre o pr\\u00f3ximo f\\u00f3rum do Diplomacia Civil. O programa Diplomacia Civil est\\u00e1 com inscri\\u00e7\\u00f5es abertas para o European Development Days, que tem foco no desenvolvimento sustent\\u00e1vel. O European Development Days (EDD) acontecer\\u00e1 nos dias 9 e 10 de junho, em Bruxelas, na B\\u00e9lgica. Em\",\"inLanguage\":\"en-US\",\"isPartOf\":{\"@id\":\"https:\\\/\\\/globalattitude.org.br\\\/en\\\/#website\"},\"breadcrumb\":{\"@id\":\"https:\\\/\\\/globalattitude.org.br\\\/en\\\/inscricoes-diplomaci-civil-edd-2020\\\/#breadcrumblist\"},\"author\":{\"@id\":\"https:\\\/\\\/globalattitude.org.br\\\/en\\\/author\\\/123esite\\\/#author\"},\"creator\":{\"@id\":\"https:\\\/\\\/globalattitude.org.br\\\/en\\\/author\\\/123esite\\\/#author\"},\"image\":{\"@type\":\"ImageObject\",\"url\":\"https:\\\/\\\/globalattitude.org.br\\\/wp-content\\\/uploads\\\/2023\\\/03\\\/EDD-eudevdays-1200x643.jpg\",\"@id\":\"https:\\\/\\\/globalattitude.org.br\\\/en\\\/inscricoes-diplomaci-civil-edd-2020\\\/#mainImage\",\"width\":1400,\"height\":750},\"primaryImageOfPage\":{\"@id\":\"https:\\\/\\\/globalattitude.org.br\\\/en\\\/inscricoes-diplomaci-civil-edd-2020\\\/#mainImage\"},\"datePublished\":\"2020-03-23T14:31:26-03:00\",\"dateModified\":\"2023-05-03T11:40:41-03:00\"},{\"@type\":\"WebSite\",\"@id\":\"https:\\\/\\\/globalattitude.org.br\\\/en\\\/#website\",\"url\":\"https:\\\/\\\/globalattitude.org.br\\\/en\\\/\",\"name\":\"Global Attitude\",\"inLanguage\":\"en-US\",\"publisher\":{\"@id\":\"https:\\\/\\\/globalattitude.org.br\\\/en\\\/#organization\"}}]}\n\t\t<\/script>\n\t\t<!-- All in One SEO -->\n\n","aioseo_head_json":{"title":"Desenvolvimento e Sustentabilidade s\u00e3o os temas do European Development Days - Instituto Global Attitude","description":"Desenvolvimento e Sustentabilidade s\u00e3o os temas do European Development Days. Saiba mais sobre o pr\u00f3ximo f\u00f3rum do Diplomacia Civil. O programa Diplomacia Civil est\u00e1 com inscri\u00e7\u00f5es abertas para o European Development Days, que tem foco no desenvolvimento sustent\u00e1vel. O European Development Days (EDD) acontecer\u00e1 nos dias 9 e 10 de junho, em Bruxelas, na B\u00e9lgica. Em","canonical_url":"https:\/\/globalattitude.org.br\/en\/inscricoes-diplomaci-civil-edd-2020\/","robots":"max-image-preview:large","keywords":"","webmasterTools":{"miscellaneous":""},"schema":{"@context":"https:\/\/schema.org","@graph":[{"@type":"BlogPosting","@id":"https:\/\/globalattitude.org.br\/en\/inscricoes-diplomaci-civil-edd-2020\/#blogposting","name":"Desenvolvimento e Sustentabilidade s\u00e3o os temas do European Development Days - Instituto Global Attitude","headline":"Desenvolvimento e Sustentabilidade s\u00e3o os temas do European Development Days","author":{"@id":"https:\/\/globalattitude.org.br\/en\/author\/123esite\/#author"},"publisher":{"@id":"https:\/\/globalattitude.org.br\/en\/#organization"},"image":{"@type":"ImageObject","url":"https:\/\/globalattitude.org.br\/wp-content\/uploads\/2023\/03\/EDD-eudevdays-1200x643.jpg","width":1400,"height":750},"datePublished":"2020-03-23T14:31:26-03:00","dateModified":"2023-05-03T11:40:41-03:00","inLanguage":"en-US","mainEntityOfPage":{"@id":"https:\/\/globalattitude.org.br\/en\/inscricoes-diplomaci-civil-edd-2020\/#webpage"},"isPartOf":{"@id":"https:\/\/globalattitude.org.br\/en\/inscricoes-diplomaci-civil-edd-2020\/#webpage"},"articleSection":"Programas, \u00daltimas, Comiss\u00e3o Europeia, Diplomacia Civil, EDD, European Development Days, Global Attitude"},{"@type":"BreadcrumbList","@id":"https:\/\/globalattitude.org.br\/en\/inscricoes-diplomaci-civil-edd-2020\/#breadcrumblist","itemListElement":[{"@type":"ListItem","@id":"https:\/\/globalattitude.org.br\/en\/#listItem","position":1,"name":"Home","item":"https:\/\/globalattitude.org.br\/en\/","nextItem":{"@type":"ListItem","@id":"https:\/\/globalattitude.org.br\/category\/programas\/#listItem","name":"Programas"}},{"@type":"ListItem","@id":"https:\/\/globalattitude.org.br\/category\/programas\/#listItem","position":2,"name":"Programas","item":"https:\/\/globalattitude.org.br\/category\/programas\/","nextItem":{"@type":"ListItem","@id":"https:\/\/globalattitude.org.br\/en\/inscricoes-diplomaci-civil-edd-2020\/#listItem","name":"Desenvolvimento e Sustentabilidade s\u00e3o os temas do European Development Days"},"previousItem":{"@type":"ListItem","@id":"https:\/\/globalattitude.org.br\/en\/#listItem","name":"Home"}},{"@type":"ListItem","@id":"https:\/\/globalattitude.org.br\/en\/inscricoes-diplomaci-civil-edd-2020\/#listItem","position":3,"name":"Desenvolvimento e Sustentabilidade s\u00e3o os temas do European Development Days","previousItem":{"@type":"ListItem","@id":"https:\/\/globalattitude.org.br\/category\/programas\/#listItem","name":"Programas"}}]},{"@type":"Organization","@id":"https:\/\/globalattitude.org.br\/en\/#organization","name":"Global Attitude","url":"https:\/\/globalattitude.org.br\/en\/"},{"@type":"Person","@id":"https:\/\/globalattitude.org.br\/en\/author\/123esite\/#author","url":"https:\/\/globalattitude.org.br\/en\/author\/123esite\/","name":"123esite","image":{"@type":"ImageObject","@id":"https:\/\/globalattitude.org.br\/en\/inscricoes-diplomaci-civil-edd-2020\/#authorImage","url":"https:\/\/secure.gravatar.com\/avatar\/07bd71fac19f42004f2b73567f012e126689afdb23cb0017536dea9113ba1806?s=96&d=mm&r=g","width":96,"height":96,"caption":"123esite"}},{"@type":"WebPage","@id":"https:\/\/globalattitude.org.br\/en\/inscricoes-diplomaci-civil-edd-2020\/#webpage","url":"https:\/\/globalattitude.org.br\/en\/inscricoes-diplomaci-civil-edd-2020\/","name":"Desenvolvimento e Sustentabilidade s\u00e3o os temas do European Development Days - Instituto Global Attitude","description":"Desenvolvimento e Sustentabilidade s\u00e3o os temas do European Development Days. Saiba mais sobre o pr\u00f3ximo f\u00f3rum do Diplomacia Civil. O programa Diplomacia Civil est\u00e1 com inscri\u00e7\u00f5es abertas para o European Development Days, que tem foco no desenvolvimento sustent\u00e1vel. O European Development Days (EDD) acontecer\u00e1 nos dias 9 e 10 de junho, em Bruxelas, na B\u00e9lgica. Em","inLanguage":"en-US","isPartOf":{"@id":"https:\/\/globalattitude.org.br\/en\/#website"},"breadcrumb":{"@id":"https:\/\/globalattitude.org.br\/en\/inscricoes-diplomaci-civil-edd-2020\/#breadcrumblist"},"author":{"@id":"https:\/\/globalattitude.org.br\/en\/author\/123esite\/#author"},"creator":{"@id":"https:\/\/globalattitude.org.br\/en\/author\/123esite\/#author"},"image":{"@type":"ImageObject","url":"https:\/\/globalattitude.org.br\/wp-content\/uploads\/2023\/03\/EDD-eudevdays-1200x643.jpg","@id":"https:\/\/globalattitude.org.br\/en\/inscricoes-diplomaci-civil-edd-2020\/#mainImage","width":1400,"height":750},"primaryImageOfPage":{"@id":"https:\/\/globalattitude.org.br\/en\/inscricoes-diplomaci-civil-edd-2020\/#mainImage"},"datePublished":"2020-03-23T14:31:26-03:00","dateModified":"2023-05-03T11:40:41-03:00"},{"@type":"WebSite","@id":"https:\/\/globalattitude.org.br\/en\/#website","url":"https:\/\/globalattitude.org.br\/en\/","name":"Global Attitude","inLanguage":"en-US","publisher":{"@id":"https:\/\/globalattitude.org.br\/en\/#organization"}}]},"og:locale":"en_US","og:site_name":"Instituto Global Attitude -","og:type":"article","og:title":"Desenvolvimento e Sustentabilidade s\u00e3o os temas do European Development Days - Instituto Global Attitude","og:description":"Desenvolvimento e Sustentabilidade s\u00e3o os temas do European Development Days. Saiba mais sobre o pr\u00f3ximo f\u00f3rum do Diplomacia Civil. O programa Diplomacia Civil est\u00e1 com inscri\u00e7\u00f5es abertas para o European Development Days, que tem foco no desenvolvimento sustent\u00e1vel. O European Development Days (EDD) acontecer\u00e1 nos dias 9 e 10 de junho, em Bruxelas, na B\u00e9lgica. Em","og:url":"https:\/\/globalattitude.org.br\/en\/inscricoes-diplomaci-civil-edd-2020\/","article:published_time":"2020-03-23T17:31:26+00:00","article:modified_time":"2023-05-03T14:40:41+00:00","twitter:card":"summary_large_image","twitter:title":"Desenvolvimento e Sustentabilidade s\u00e3o os temas do European Development Days - Instituto Global Attitude","twitter:description":"Desenvolvimento e Sustentabilidade s\u00e3o os temas do European Development Days. Saiba mais sobre o pr\u00f3ximo f\u00f3rum do Diplomacia Civil. O programa Diplomacia Civil est\u00e1 com inscri\u00e7\u00f5es abertas para o European Development Days, que tem foco no desenvolvimento sustent\u00e1vel. O European Development Days (EDD) acontecer\u00e1 nos dias 9 e 10 de junho, em Bruxelas, na B\u00e9lgica. Em"},"aioseo_meta_data":{"post_id":"3133","title":null,"description":null,"keywords":null,"keyphrases":null,"primary_term":null,"canonical_url":null,"og_title":null,"og_description":null,"og_object_type":"default","og_image_type":"default","og_image_url":null,"og_image_width":null,"og_image_height":null,"og_image_custom_url":null,"og_image_custom_fields":null,"og_video":null,"og_custom_url":null,"og_article_section":null,"og_article_tags":null,"twitter_use_og":false,"twitter_card":"default","twitter_image_type":"default","twitter_image_url":null,"twitter_image_custom_url":null,"twitter_image_custom_fields":null,"twitter_title":null,"twitter_description":null,"schema":{"blockGraphs":[],"customGraphs":[],"default":{"data":{"Article":[],"Course":[],"Dataset":[],"FAQPage":[],"Movie":[],"Person":[],"Product":[],"ProductReview":[],"Car":[],"Recipe":[],"Service":[],"SoftwareApplication":[],"WebPage":[]},"graphName":"","isEnabled":true},"graphs":[]},"schema_type":"default","schema_type_options":null,"pillar_content":false,"robots_default":true,"robots_noindex":false,"robots_noarchive":false,"robots_nosnippet":false,"robots_nofollow":false,"robots_noimageindex":false,"robots_noodp":false,"robots_notranslate":false,"robots_max_snippet":null,"robots_max_videopreview":null,"robots_max_imagepreview":"large","priority":null,"frequency":null,"local_seo":null,"breadcrumb_settings":null,"limit_modified_date":false,"ai":null,"created":"2024-04-18 14:09:08","updated":"2025-06-05 02:26:37","seo_analyzer_scan_date":null,"focus_keyword":null,"additional_keywords":null,"truseo_locale":null},"aioseo_breadcrumb":"<div class=\"aioseo-breadcrumbs\"><span class=\"aioseo-breadcrumb\">\n\t\t\t<a href=\"https:\/\/globalattitude.org.br\/en\/\" title=\"Home\">Home<\/a>\n\t\t<\/span><span class=\"aioseo-breadcrumb-separator\">&raquo;<\/span><span class=\"aioseo-breadcrumb\">\n\t\t\t<a href=\"https:\/\/globalattitude.org.br\/category\/programas\/\" title=\"Programas\">Programas<\/a>\n\t\t<\/span><span class=\"aioseo-breadcrumb-separator\">&raquo;<\/span><span class=\"aioseo-breadcrumb\">\n\t\t\tDesenvolvimento e Sustentabilidade s\u00e3o os temas do European Development Days\n\t\t<\/span><\/div>","aioseo_breadcrumb_json":[{"label":"Home","link":"https:\/\/globalattitude.org.br\/en\/"},{"label":"Programas","link":"https:\/\/globalattitude.org.br\/category\/programas\/"},{"label":"Desenvolvimento e Sustentabilidade s\u00e3o os temas do European Development Days","link":"https:\/\/globalattitude.org.br\/en\/inscricoes-diplomaci-civil-edd-2020\/"}],"yoast_head":"<!-- This site is optimized with the Yoast SEO plugin v28.4 - https:\/\/yoast.com\/product\/yoast-seo-wordpress\/ -->\n<title>Desenvolvimento e Sustentabilidade -European Development Days<\/title>\n<meta name=\"description\" content=\"Desenvolvimento e Sustentabilidade -s\u00e3o os temas do European Development Days. Saiba mais sobre o pr\u00f3ximo f\u00f3rum do Diplomacia Civil.\" \/>\n<meta name=\"robots\" content=\"index, follow, max-snippet:-1, max-image-preview:large, max-video-preview:-1\" \/>\n<link rel=\"canonical\" href=\"https:\/\/globalattitude.org.br\/inscricoes-diplomaci-civil-edd-2020\/\" \/>\n<meta property=\"og:locale\" content=\"en_US\" \/>\n<meta property=\"og:type\" content=\"article\" \/>\n<meta property=\"og:title\" content=\"Desenvolvimento e Sustentabilidade -European Development Days\" \/>\n<meta property=\"og:description\" content=\"Desenvolvimento e Sustentabilidade -s\u00e3o os temas do European Development Days. Saiba mais sobre o pr\u00f3ximo f\u00f3rum do Diplomacia Civil.\" \/>\n<meta property=\"og:url\" content=\"https:\/\/globalattitude.org.br\/inscricoes-diplomaci-civil-edd-2020\/\" \/>\n<meta property=\"og:site_name\" content=\"Instituto Global Attitude\" \/>\n<meta property=\"article:publisher\" content=\"https:\/\/www.facebook.com\/global.attitude.org\/\" \/>\n<meta property=\"article:published_time\" content=\"2020-03-23T17:31:26+00:00\" \/>\n<meta property=\"article:modified_time\" content=\"2023-05-03T14:40:41+00:00\" \/>\n<meta property=\"og:image\" content=\"https:\/\/globalattitude.org.br\/wp-content\/uploads\/2023\/03\/EDD-eudevdays-1200x643.jpg\" \/>\n\t<meta property=\"og:image:width\" content=\"1400\" \/>\n\t<meta property=\"og:image:height\" content=\"750\" \/>\n\t<meta property=\"og:image:type\" content=\"image\/jpeg\" \/>\n<meta name=\"author\" content=\"123esite\" \/>\n<meta name=\"twitter:card\" content=\"summary_large_image\" \/>\n<meta name=\"twitter:creator\" content=\"@global_attitude\" \/>\n<meta name=\"twitter:site\" content=\"@global_attitude\" \/>\n<meta name=\"twitter:label1\" content=\"Written by\" \/>\n\t<meta name=\"twitter:data1\" content=\"123esite\" \/>\n\t<meta name=\"twitter:label2\" content=\"Est. reading time\" \/>\n\t<meta name=\"twitter:data2\" content=\"3 minutes\" \/>\n<script type=\"application\/ld+json\" class=\"yoast-schema-graph\">{\"@context\":\"https:\\\/\\\/schema.org\",\"@graph\":[{\"@type\":[\"Article\",\"BlogPosting\"],\"@id\":\"https:\\\/\\\/globalattitude.org.br\\\/inscricoes-diplomaci-civil-edd-2020\\\/#article\",\"isPartOf\":{\"@id\":\"https:\\\/\\\/globalattitude.org.br\\\/inscricoes-diplomaci-civil-edd-2020\\\/\"},\"author\":{\"name\":\"123esite\",\"@id\":\"https:\\\/\\\/globalattitude.org.br\\\/#\\\/schema\\\/person\\\/6d308f9d9d1eebad0278ad9386f13169\"},\"headline\":\"Desenvolvimento e Sustentabilidade s\u00e3o os temas do European Development Days\",\"datePublished\":\"2020-03-23T17:31:26+00:00\",\"dateModified\":\"2023-05-03T14:40:41+00:00\",\"mainEntityOfPage\":{\"@id\":\"https:\\\/\\\/globalattitude.org.br\\\/inscricoes-diplomaci-civil-edd-2020\\\/\"},\"wordCount\":554,\"commentCount\":0,\"publisher\":{\"@id\":\"https:\\\/\\\/globalattitude.org.br\\\/#organization\"},\"image\":{\"@id\":\"https:\\\/\\\/globalattitude.org.br\\\/inscricoes-diplomaci-civil-edd-2020\\\/#primaryimage\"},\"thumbnailUrl\":\"https:\\\/\\\/globalattitude.org.br\\\/wp-content\\\/uploads\\\/2023\\\/03\\\/EDD-eudevdays-1200x643.jpg\",\"keywords\":[\"Comiss\u00e3o Europeia\",\"Diplomacia Civil\",\"EDD\",\"European Development Days\",\"Global Attitude\"],\"articleSection\":[\"Programas\",\"\u00daltimas\"],\"inLanguage\":\"en-US\",\"potentialAction\":[{\"@type\":\"CommentAction\",\"name\":\"Comment\",\"target\":[\"https:\\\/\\\/globalattitude.org.br\\\/inscricoes-diplomaci-civil-edd-2020\\\/#respond\"]}]},{\"@type\":\"WebPage\",\"@id\":\"https:\\\/\\\/globalattitude.org.br\\\/inscricoes-diplomaci-civil-edd-2020\\\/\",\"url\":\"https:\\\/\\\/globalattitude.org.br\\\/inscricoes-diplomaci-civil-edd-2020\\\/\",\"name\":\"Desenvolvimento e Sustentabilidade -European Development Days\",\"isPartOf\":{\"@id\":\"https:\\\/\\\/globalattitude.org.br\\\/#website\"},\"primaryImageOfPage\":{\"@id\":\"https:\\\/\\\/globalattitude.org.br\\\/inscricoes-diplomaci-civil-edd-2020\\\/#primaryimage\"},\"image\":{\"@id\":\"https:\\\/\\\/globalattitude.org.br\\\/inscricoes-diplomaci-civil-edd-2020\\\/#primaryimage\"},\"thumbnailUrl\":\"https:\\\/\\\/globalattitude.org.br\\\/wp-content\\\/uploads\\\/2023\\\/03\\\/EDD-eudevdays-1200x643.jpg\",\"datePublished\":\"2020-03-23T17:31:26+00:00\",\"dateModified\":\"2023-05-03T14:40:41+00:00\",\"description\":\"Desenvolvimento e Sustentabilidade -s\u00e3o os temas do European Development Days. Saiba mais sobre o pr\u00f3ximo f\u00f3rum do Diplomacia Civil.\",\"breadcrumb\":{\"@id\":\"https:\\\/\\\/globalattitude.org.br\\\/inscricoes-diplomaci-civil-edd-2020\\\/#breadcrumb\"},\"inLanguage\":\"en-US\",\"potentialAction\":[{\"@type\":\"ReadAction\",\"target\":[\"https:\\\/\\\/globalattitude.org.br\\\/inscricoes-diplomaci-civil-edd-2020\\\/\"]}]},{\"@type\":\"ImageObject\",\"inLanguage\":\"en-US\",\"@id\":\"https:\\\/\\\/globalattitude.org.br\\\/inscricoes-diplomaci-civil-edd-2020\\\/#primaryimage\",\"url\":\"https:\\\/\\\/globalattitude.org.br\\\/wp-content\\\/uploads\\\/2023\\\/03\\\/EDD-eudevdays-1200x643.jpg\",\"contentUrl\":\"https:\\\/\\\/globalattitude.org.br\\\/wp-content\\\/uploads\\\/2023\\\/03\\\/EDD-eudevdays-1200x643.jpg\",\"width\":1400,\"height\":750},{\"@type\":\"BreadcrumbList\",\"@id\":\"https:\\\/\\\/globalattitude.org.br\\\/inscricoes-diplomaci-civil-edd-2020\\\/#breadcrumb\",\"itemListElement\":[{\"@type\":\"ListItem\",\"position\":1,\"name\":\"In\u00edcio\",\"item\":\"http:\\\/\\\/globalattitude.org.br\\\/en\\\/\"},{\"@type\":\"ListItem\",\"position\":2,\"name\":\"Desenvolvimento e Sustentabilidade s\u00e3o os temas do European Development Days\"}]},{\"@type\":\"WebSite\",\"@id\":\"https:\\\/\\\/globalattitude.org.br\\\/#website\",\"url\":\"https:\\\/\\\/globalattitude.org.br\\\/\",\"name\":\"Instituto Global Attitude\",\"description\":\"\",\"publisher\":{\"@id\":\"https:\\\/\\\/globalattitude.org.br\\\/#organization\"},\"potentialAction\":[{\"@type\":\"SearchAction\",\"target\":{\"@type\":\"EntryPoint\",\"urlTemplate\":\"https:\\\/\\\/globalattitude.org.br\\\/?s={search_term_string}\"},\"query-input\":{\"@type\":\"PropertyValueSpecification\",\"valueRequired\":true,\"valueName\":\"search_term_string\"}}],\"inLanguage\":\"en-US\"},{\"@type\":\"Organization\",\"@id\":\"https:\\\/\\\/globalattitude.org.br\\\/#organization\",\"name\":\"Instituto Global Attitude\",\"url\":\"https:\\\/\\\/globalattitude.org.br\\\/\",\"logo\":{\"@type\":\"ImageObject\",\"inLanguage\":\"en-US\",\"@id\":\"https:\\\/\\\/globalattitude.org.br\\\/#\\\/schema\\\/logo\\\/image\\\/\",\"url\":\"https:\\\/\\\/globalattitude.org.br\\\/wp-content\\\/uploads\\\/2023\\\/01\\\/instituto-global-attitude-color.png\",\"contentUrl\":\"https:\\\/\\\/globalattitude.org.br\\\/wp-content\\\/uploads\\\/2023\\\/01\\\/instituto-global-attitude-color.png\",\"width\":300,\"height\":131,\"caption\":\"Instituto Global Attitude\"},\"image\":{\"@id\":\"https:\\\/\\\/globalattitude.org.br\\\/#\\\/schema\\\/logo\\\/image\\\/\"},\"sameAs\":[\"https:\\\/\\\/www.facebook.com\\\/global.attitude.org\\\/\",\"https:\\\/\\\/x.com\\\/global_attitude\",\"https:\\\/\\\/www.instagram.com\\\/globalattitude\",\"https:\\\/\\\/www.linkedin.com\\\/company\\\/global-attitude\\\/?viewAsMember=true\"]},{\"@type\":\"Person\",\"@id\":\"https:\\\/\\\/globalattitude.org.br\\\/#\\\/schema\\\/person\\\/6d308f9d9d1eebad0278ad9386f13169\",\"name\":\"123esite\",\"image\":{\"@type\":\"ImageObject\",\"inLanguage\":\"en-US\",\"@id\":\"https:\\\/\\\/secure.gravatar.com\\\/avatar\\\/07bd71fac19f42004f2b73567f012e126689afdb23cb0017536dea9113ba1806?s=96&d=mm&r=g\",\"url\":\"https:\\\/\\\/secure.gravatar.com\\\/avatar\\\/07bd71fac19f42004f2b73567f012e126689afdb23cb0017536dea9113ba1806?s=96&d=mm&r=g\",\"contentUrl\":\"https:\\\/\\\/secure.gravatar.com\\\/avatar\\\/07bd71fac19f42004f2b73567f012e126689afdb23cb0017536dea9113ba1806?s=96&d=mm&r=g\",\"caption\":\"123esite\"},\"sameAs\":[\"http:\\\/\\\/globalattitude.org.br\"],\"url\":\"https:\\\/\\\/globalattitude.org.br\\\/en\\\/author\\\/123esite\\\/\"}]}<\/script>\n<!-- \/ Yoast SEO plugin. -->","yoast_head_json":{"title":"Desenvolvimento e Sustentabilidade -European Development Days","description":"Desenvolvimento e Sustentabilidade -s\u00e3o os temas do European Development Days. Saiba mais sobre o pr\u00f3ximo f\u00f3rum do Diplomacia Civil.","robots":{"index":"index","follow":"follow","max-snippet":"max-snippet:-1","max-image-preview":"max-image-preview:large","max-video-preview":"max-video-preview:-1"},"canonical":"https:\/\/globalattitude.org.br\/inscricoes-diplomaci-civil-edd-2020\/","og_locale":"en_US","og_type":"article","og_title":"Desenvolvimento e Sustentabilidade -European Development Days","og_description":"Desenvolvimento e Sustentabilidade -s\u00e3o os temas do European Development Days. Saiba mais sobre o pr\u00f3ximo f\u00f3rum do Diplomacia Civil.","og_url":"https:\/\/globalattitude.org.br\/inscricoes-diplomaci-civil-edd-2020\/","og_site_name":"Instituto Global Attitude","article_publisher":"https:\/\/www.facebook.com\/global.attitude.org\/","article_published_time":"2020-03-23T17:31:26+00:00","article_modified_time":"2023-05-03T14:40:41+00:00","og_image":[{"width":1400,"height":750,"url":"https:\/\/globalattitude.org.br\/wp-content\/uploads\/2023\/03\/EDD-eudevdays-1200x643.jpg","type":"image\/jpeg"}],"author":"123esite","twitter_card":"summary_large_image","twitter_creator":"@global_attitude","twitter_site":"@global_attitude","twitter_misc":{"Written by":"123esite","Est. reading time":"3 minutes"},"schema":{"@context":"https:\/\/schema.org","@graph":[{"@type":["Article","BlogPosting"],"@id":"https:\/\/globalattitude.org.br\/inscricoes-diplomaci-civil-edd-2020\/#article","isPartOf":{"@id":"https:\/\/globalattitude.org.br\/inscricoes-diplomaci-civil-edd-2020\/"},"author":{"name":"123esite","@id":"https:\/\/globalattitude.org.br\/#\/schema\/person\/6d308f9d9d1eebad0278ad9386f13169"},"headline":"Desenvolvimento e Sustentabilidade s\u00e3o os temas do European Development Days","datePublished":"2020-03-23T17:31:26+00:00","dateModified":"2023-05-03T14:40:41+00:00","mainEntityOfPage":{"@id":"https:\/\/globalattitude.org.br\/inscricoes-diplomaci-civil-edd-2020\/"},"wordCount":554,"commentCount":0,"publisher":{"@id":"https:\/\/globalattitude.org.br\/#organization"},"image":{"@id":"https:\/\/globalattitude.org.br\/inscricoes-diplomaci-civil-edd-2020\/#primaryimage"},"thumbnailUrl":"https:\/\/globalattitude.org.br\/wp-content\/uploads\/2023\/03\/EDD-eudevdays-1200x643.jpg","keywords":["Comiss\u00e3o Europeia","Diplomacia Civil","EDD","European Development Days","Global Attitude"],"articleSection":["Programas","\u00daltimas"],"inLanguage":"en-US","potentialAction":[{"@type":"CommentAction","name":"Comment","target":["https:\/\/globalattitude.org.br\/inscricoes-diplomaci-civil-edd-2020\/#respond"]}]},{"@type":"WebPage","@id":"https:\/\/globalattitude.org.br\/inscricoes-diplomaci-civil-edd-2020\/","url":"https:\/\/globalattitude.org.br\/inscricoes-diplomaci-civil-edd-2020\/","name":"Desenvolvimento e Sustentabilidade -European Development Days","isPartOf":{"@id":"https:\/\/globalattitude.org.br\/#website"},"primaryImageOfPage":{"@id":"https:\/\/globalattitude.org.br\/inscricoes-diplomaci-civil-edd-2020\/#primaryimage"},"image":{"@id":"https:\/\/globalattitude.org.br\/inscricoes-diplomaci-civil-edd-2020\/#primaryimage"},"thumbnailUrl":"https:\/\/globalattitude.org.br\/wp-content\/uploads\/2023\/03\/EDD-eudevdays-1200x643.jpg","datePublished":"2020-03-23T17:31:26+00:00","dateModified":"2023-05-03T14:40:41+00:00","description":"Desenvolvimento e Sustentabilidade -s\u00e3o os temas do European Development Days. Saiba mais sobre o pr\u00f3ximo f\u00f3rum do Diplomacia Civil.","breadcrumb":{"@id":"https:\/\/globalattitude.org.br\/inscricoes-diplomaci-civil-edd-2020\/#breadcrumb"},"inLanguage":"en-US","potentialAction":[{"@type":"ReadAction","target":["https:\/\/globalattitude.org.br\/inscricoes-diplomaci-civil-edd-2020\/"]}]},{"@type":"ImageObject","inLanguage":"en-US","@id":"https:\/\/globalattitude.org.br\/inscricoes-diplomaci-civil-edd-2020\/#primaryimage","url":"https:\/\/globalattitude.org.br\/wp-content\/uploads\/2023\/03\/EDD-eudevdays-1200x643.jpg","contentUrl":"https:\/\/globalattitude.org.br\/wp-content\/uploads\/2023\/03\/EDD-eudevdays-1200x643.jpg","width":1400,"height":750},{"@type":"BreadcrumbList","@id":"https:\/\/globalattitude.org.br\/inscricoes-diplomaci-civil-edd-2020\/#breadcrumb","itemListElement":[{"@type":"ListItem","position":1,"name":"In\u00edcio","item":"http:\/\/globalattitude.org.br\/en\/"},{"@type":"ListItem","position":2,"name":"Desenvolvimento e Sustentabilidade s\u00e3o os temas do European Development Days"}]},{"@type":"WebSite","@id":"https:\/\/globalattitude.org.br\/#website","url":"https:\/\/globalattitude.org.br\/","name":"Instituto Global Attitude","description":"","publisher":{"@id":"https:\/\/globalattitude.org.br\/#organization"},"potentialAction":[{"@type":"SearchAction","target":{"@type":"EntryPoint","urlTemplate":"https:\/\/globalattitude.org.br\/?s={search_term_string}"},"query-input":{"@type":"PropertyValueSpecification","valueRequired":true,"valueName":"search_term_string"}}],"inLanguage":"en-US"},{"@type":"Organization","@id":"https:\/\/globalattitude.org.br\/#organization","name":"Instituto Global Attitude","url":"https:\/\/globalattitude.org.br\/","logo":{"@type":"ImageObject","inLanguage":"en-US","@id":"https:\/\/globalattitude.org.br\/#\/schema\/logo\/image\/","url":"https:\/\/globalattitude.org.br\/wp-content\/uploads\/2023\/01\/instituto-global-attitude-color.png","contentUrl":"https:\/\/globalattitude.org.br\/wp-content\/uploads\/2023\/01\/instituto-global-attitude-color.png","width":300,"height":131,"caption":"Instituto Global Attitude"},"image":{"@id":"https:\/\/globalattitude.org.br\/#\/schema\/logo\/image\/"},"sameAs":["https:\/\/www.facebook.com\/global.attitude.org\/","https:\/\/x.com\/global_attitude","https:\/\/www.instagram.com\/globalattitude","https:\/\/www.linkedin.com\/company\/global-attitude\/?viewAsMember=true"]},{"@type":"Person","@id":"https:\/\/globalattitude.org.br\/#\/schema\/person\/6d308f9d9d1eebad0278ad9386f13169","name":"123esite","image":{"@type":"ImageObject","inLanguage":"en-US","@id":"https:\/\/secure.gravatar.com\/avatar\/07bd71fac19f42004f2b73567f012e126689afdb23cb0017536dea9113ba1806?s=96&d=mm&r=g","url":"https:\/\/secure.gravatar.com\/avatar\/07bd71fac19f42004f2b73567f012e126689afdb23cb0017536dea9113ba1806?s=96&d=mm&r=g","contentUrl":"https:\/\/secure.gravatar.com\/avatar\/07bd71fac19f42004f2b73567f012e126689afdb23cb0017536dea9113ba1806?s=96&d=mm&r=g","caption":"123esite"},"sameAs":["http:\/\/globalattitude.org.br"],"url":"https:\/\/globalattitude.org.br\/en\/author\/123esite\/"}]}},"_links":{"self":[{"href":"https:\/\/globalattitude.org.br\/en\/wp-json\/wp\/v2\/posts\/3133","targetHints":{"allow":["GET"]}}],"collection":[{"href":"https:\/\/globalattitude.org.br\/en\/wp-json\/wp\/v2\/posts"}],"about":[{"href":"https:\/\/globalattitude.org.br\/en\/wp-json\/wp\/v2\/types\/post"}],"author":[{"embeddable":true,"href":"https:\/\/globalattitude.org.br\/en\/wp-json\/wp\/v2\/users\/1"}],"replies":[{"embeddable":true,"href":"https:\/\/globalattitude.org.br\/en\/wp-json\/wp\/v2\/comments?post=3133"}],"version-history":[{"count":3,"href":"https:\/\/globalattitude.org.br\/en\/wp-json\/wp\/v2\/posts\/3133\/revisions"}],"predecessor-version":[{"id":3802,"href":"https:\/\/globalattitude.org.br\/en\/wp-json\/wp\/v2\/posts\/3133\/revisions\/3802"}],"wp:featuredmedia":[{"embeddable":true,"href":"https:\/\/globalattitude.org.br\/en\/wp-json\/wp\/v2\/media\/3134"}],"wp:attachment":[{"href":"https:\/\/globalattitude.org.br\/en\/wp-json\/wp\/v2\/media?parent=3133"}],"wp:term":[{"taxonomy":"category","embeddable":true,"href":"https:\/\/globalattitude.org.br\/en\/wp-json\/wp\/v2\/categories?post=3133"},{"taxonomy":"post_tag","embeddable":true,"href":"https:\/\/globalattitude.org.br\/en\/wp-json\/wp\/v2\/tags?post=3133"}],"curies":[{"name":"wp","href":"https:\/\/api.w.org\/{rel}","templated":true}]}}