{"id":3236,"date":"2016-11-29T20:00:31","date_gmt":"2016-11-29T22:00:31","guid":{"rendered":"https:\/\/globalattitude.org.br\/as-parcerias-publico-privadas-no-debate-contemporaneo-sobre-urbanizacao\/"},"modified":"2023-03-10T10:58:28","modified_gmt":"2023-03-10T13:58:28","slug":"as-parcerias-publico-privadas-no-debate-contemporaneo-sobre-urbanizacao","status":"publish","type":"post","link":"https:\/\/globalattitude.org.br\/en\/as-parcerias-publico-privadas-no-debate-contemporaneo-sobre-urbanizacao\/","title":{"rendered":"As parcerias p\u00fablico-privadas no debate contempor\u00e2neo sobre urbaniza\u00e7\u00e3o"},"content":{"rendered":"<div class=\"headline\">\n<h2 class=\"headline__subtitle\"><em>N\u00e3o se trata mais de futurologia, mas sim de meta: novos centros urbanos devem ser sustent\u00e1veis e, principalmente, capazes de dar poder ao cidad\u00e3o de decidir sobre o que se passa ao seu redor &#8211; o que alguns estudiosos chamam de &#8220;direito \u00e0 cidade&#8221;. Com seu efeito r\u00e1pido, a proposta das Parcerias P\u00fablico-Privadas tamb\u00e9m j\u00e1 n\u00e3o aparecem mais como t\u00edmidas for\u00e7as presentes nessas discuss\u00f5es &#8211; s\u00e3o propostas concretas, e estar\u00e3o cada vez mais no centro da roda.<\/em><\/h2>\n<header id=\"entry-header\" class=\"entry__header yr-entry-header\" data-rapid-sec=\"{&quot;entry-header&quot;:&quot;entry-header&quot;}\">\n<div class=\"author-byline yr-byline\" data-rapid-subsec=\"byline\">\n<ul class=\"author-list \">\n<li class=\"author-card yr-author-card\" data-rapid-cpos=\"1\">\n<div class=\"author-card__details\"><span class=\"author-card__details-container\"><a class=\"author-card__details__name\" href=\"https:\/\/www.huffpostbrasil.com\/author\/rodrigo-reis\" aria-label=\"More from Rodrigo Reis\" data-ylk=\"subsec:byline;cpos:1;pos:1\" data-rapid-sec=\"{&quot;entry-header&quot;:&quot;entry-header&quot;}\" data-rapid-pos=\"1\" data-rapid_p=\"7\" data-v9y=\"1\"><span class=\"author-card__details__name\">Rodrigo Reis<\/span><\/a><\/span><span class=\"author-card__details-container\"><br \/>\n<\/span><span class=\"author-card__microbio\">Fundador Instituto Global Attitude e especialista em Rela\u00e7\u00f5es Internacionais<\/span><\/div>\n<\/li>\n<\/ul>\n<\/div>\n<\/header>\n<div class=\"page__content__row row--no-border\">\n<div class=\"col col--body-center\">\n<div class=\"entry__below-entry\">\n<div class=\"entry__content js-entry-content\">\n<div class=\"entry__body\" data-part=\"contents\">\n<div id=\"sharebox_260x60\" class=\"advertisement sharebox_260x60 ad_spot desktop-only\"><\/div>\n<div id=\"entry-text\" class=\"post-contents yr-entry-text\" data-rapid-sec=\"{&quot;entry-text&quot;:&quot;entry-text&quot;}\">\n<figure class=\"content-list-component image\"><span class=\"share-bar-image-wrapper\"><img decoding=\"async\" class=\"image__src aligncenter\" src=\"http:\/\/globalattitude.org.br\/wp-content\/uploads\/2023\/03\/5c37b84d3b00005f00688677.jpeg\" alt=\"Vintage sport bicycle next to white\" aria-label=\"Vintage sport bicycle next to white\" \/><\/span><\/p>\n<div class=\"image__meta-wrapper\">\n<div class=\"image__meta-wrapper\" style=\"text-align: center;\"><span class=\"image__credit\">DANILO__ VIA GETTY IMAGES<\/span><\/div>\n<\/div><figcaption class=\"image__caption\">Vintage sport bicycle next to white wall.<\/figcaption><\/figure>\n<\/div>\n<\/div>\n<\/div>\n<\/div>\n<\/div>\n<\/div>\n<div class=\"headline__stroke\">\n<div class=\"content-list-component text\">\n<p>O s\u00e9culo XXI n\u00e3o pede por cidades novas, mas por novas cidades. A escolha por um modelo mais eficiente de gest\u00e3o e por pol\u00edticas p\u00fablicas que tornem o que j\u00e1 temos mais humano e habit\u00e1vel \u00e9 o centro da agenda de diversas organiza\u00e7\u00f5es no mundo. Especialistas debatem sobre novas formas de se viver em uma metr\u00f3pole &#8211; e ao mesmo tempo, propostas de gest\u00e3o dessas grandes massas humanas ganham adeptos e cr\u00edticos.<\/p>\n<div id=\"entry_paragraph_1\" class=\"advertisement-holder entry-paragraph-ad entry-body--paragraph-ad\" data-label-height=\"50\">\n<div class=\"ad_spot \">\n<div id=\"teads-entry_paragraph_1\" class=\"hp-teads-adspot ad-entry_paragraph_1\"><\/div>\n<\/div>\n<\/div>\n<\/div>\n<figure class=\"content-list-component image\"><a href=\"https:\/\/images.huffingtonpost.com\/2016-11-22-1479844500-6744586-8092063353_e52aa0ea66_o.jpg\" target=\"_blank\" rel=\"nofollow noopener noreferrer\" data-rapid-elm=\"context_link\" data-ylk=\"elm:context_link\" data-rapid-sec=\"{&quot;entry-text&quot;:&quot;entry-text&quot;}\"><span class=\"share-bar-image-wrapper\"><img decoding=\"async\" class=\"image__src aligncenter\" src=\"http:\/\/globalattitude.org.br\/wp-content\/uploads\/2023\/03\/5c37b84d24000033009f959c.jpeg\" alt=\"As parcerias p\u00fablico-privadas no debate contempor\u00e2neo sobre\" aria-label=\"As parcerias p\u00fablico-privadas no debate contempor\u00e2neo sobre\" \/><\/span><\/a><\/p>\n<div class=\"share-bar share-bar--instream\">\n<div class=\"share-bar__item pinterest\" data-type=\"pinterest\"><\/div>\n<\/div>\n<\/figure>\n<div class=\"content-list-component text\">\n<p style=\"text-align: center;\"><em>S\u00e3o Paulo adotou a bicicleta como alternativa ao transporte. Sistema p\u00fablico de empr\u00e9stimo \u00e9 gerido por PPP. Foto de Milton Jung\/Flickr<\/em><\/p>\n<p>Para isso, podemos contar com a sorte de vivenciar as experi\u00eancias de um grande laborat\u00f3rio: a grande S\u00e3o Paulo, a maior metr\u00f3pole do hemisf\u00e9rio Sul, lar de quase 10% da popula\u00e7\u00e3o brasileira, est\u00e1 em nosso notici\u00e1rio todo dia. Com sua extens\u00e3o territorial gigantesca, com estruturas plurais e popula\u00e7\u00e3o maior que a do Chile ou da Holanda, SP se tornou palco de experi\u00eancias diversas, tentando-se adequar aos novos tempos e tornando-se o mais humana poss\u00edvel. Falo aqui n\u00e3o apenas de projetos pontuais, mas da forma como eles podem ser feitos. Chegou a hora de debater seriamente as parcerias entre governos e servi\u00e7os privados na cria\u00e7\u00e3o de uma nova metr\u00f3pole paulistana.<\/p>\n<p>O\u00a0<a href=\"https:\/\/habitat3.org\/\" target=\"_blank\" rel=\"nofollow noopener noreferrer\" data-rapid-elm=\"context_link\" data-ylk=\"elm:context_link\" data-rapid-sec=\"{&quot;entry-text&quot;:&quot;entry-text&quot;}\">Habitat III<\/a>, congresso que a ONU realiza a cada 20 anos sobre Moradia e Desenvolvimento Urbano, apresentou um\u00a0<a href=\"https:\/\/www2.habitat3.org\/bitcache\/99d99fbd0824de50214e99f864459d8081a9be00?vid=591155&amp;disposition=inline&amp;op=view\" target=\"_blank\" rel=\"nofollow noopener noreferrer\" data-rapid-elm=\"context_link\" data-ylk=\"elm:context_link\" data-rapid-sec=\"{&quot;entry-text&quot;:&quot;entry-text&quot;}\">documento final<\/a>, no m\u00eas passado, definindo uma nova proposta de a\u00e7\u00e3o, baseado em cidades mais humanas e que empoderem os seus cidad\u00e3os. O\u00a0<a href=\"http:\/\/www.smartcityexpo.com\/\" target=\"_blank\" rel=\"nofollow noopener noreferrer\" data-rapid-elm=\"context_link\" data-ylk=\"elm:context_link\" data-rapid-sec=\"{&quot;entry-text&quot;:&quot;entry-text&quot;}\">Smart City Expo<\/a>, realizado anualmente em Barcelona e uma refer\u00eancia no debate de urbanismo, tamb\u00e9m discutiu a necessidade de rearranjar as duas esferas do poder (a p\u00fablica e a privada) de forma mais harm\u00f4nica, em rela\u00e7\u00f5es que beneficiem ainda mais os grupos presentes na sociedade como um todo.<\/p>\n<p>Um dos principais dispositivos para isso \u00e9 uma conhecida na nossa discuss\u00e3o pol\u00edtica: a PPP &#8211; Parceria P\u00fablico-Privada. Elas n\u00e3o s\u00e3o novidade para n\u00f3s: foram regulamentadas por lei em 2004, mas existem desde Dom Pedro II. Em sua g\u00eanese, a PPP consiste do patroc\u00ednio ou administra\u00e7\u00e3o de algum bem p\u00fablico por uma entidade privada, como empresas e funda\u00e7\u00f5es.<\/p>\n<p>De volta ao caso paulistano, cada vez mais esses exemplos ocorrem pela cidade: dois bancos gerem uma rede de empr\u00e9stimos gratuitos de bicicleta &#8211; e um desses bancos tamb\u00e9m cuida dos equipamentos p\u00fablicos de pra\u00e7as no centro da cidade. Projetos na \u00e1rea da ilumina\u00e7\u00e3o e da sa\u00fade tamb\u00e9m avan\u00e7am com esse tipo de parceria.<\/p>\n<p>As PPPs, por mais debates que suscitem, se apresentam como uma proposta de desenvolvimento coerente com os novos desafios urbanos: com uma demanda cada vez maior da sociedade pelo corte de impostos, o Estado fica com menos verba para todas suas tarefas. Este sistema &#8211; onde o poder p\u00fablico tem total controle e deveres sobre a cidade &#8211; passa nessa d\u00e9cada por uma s\u00e9ria crise de identidade.<\/p>\n<p>Para resolver esse entrave, as parcerias s\u00e3o modelos atraentes aos tr\u00eas lados do neg\u00f3cio: empresas veem uma chance de estimular sua imagem de responsabilidade social, e os \u00f3rg\u00e3os p\u00fablicos enxergam o desafogo da pr\u00f3pria m\u00e1quina p\u00fablica. A popula\u00e7\u00e3o, \u00e9 claro, aproveita-se dos bens negociados entre as partes. Em tempos de governos-empres\u00e1rios, devemos ouvir cada vez mais esta sigla &#8211; Jo\u00e3o Doria, prefeito-eleito de S\u00e3o Paulo, inclusive prometeu criar uma\u00a0<a href=\"http:\/\/www1.folha.uol.com.br\/cotidiano\/2016\/10\/1820351-doria-vai-criar-secretarias-de-parcerias-publico-privadas-e-de-internet.shtml\" target=\"_blank\" rel=\"nofollow noopener noreferrer\" data-rapid-elm=\"context_link\" data-ylk=\"elm:context_link\" data-rapid-sec=\"{&quot;entry-text&quot;:&quot;entry-text&quot;}\">secretaria especial<\/a>\u00a0para elas a partir de janeiro de 2017.<\/p>\n<\/div>\n<figure class=\"content-list-component image\"><a href=\"https:\/\/images.huffingtonpost.com\/2016-11-22-1479844409-2316584-Metro_linha_4_amarela_2.jpg\" target=\"_blank\" rel=\"nofollow noopener noreferrer\" data-rapid-elm=\"context_link\" data-ylk=\"elm:context_link\" data-rapid-sec=\"{&quot;entry-text&quot;:&quot;entry-text&quot;}\"><span class=\"share-bar-image-wrapper\"><img decoding=\"async\" class=\"image__src aligncenter\" src=\"http:\/\/globalattitude.org.br\/wp-content\/uploads\/2023\/03\/5c37b84d2500003500c5865d.jpeg\" alt=\"As parcerias p\u00fablico-privadas no debate contempor\u00e2neo sobre\" aria-label=\"As parcerias p\u00fablico-privadas no debate contempor\u00e2neo sobre\" \/><\/span><\/a><\/p>\n<div class=\"share-bar share-bar--instream\">\n<div class=\"share-bar__item pinterest\" data-type=\"pinterest\"><\/div>\n<\/div>\n<\/figure>\n<div class=\"content-list-component text\">\n<p style=\"text-align: center;\"><em>A Linha-4 amarela do metr\u00f4 paulistano \u00e9 a primeira PPP do pa\u00eds. Foto: divulga\u00e7\u00e3o<\/em><\/p>\n<p>N\u00e3o digo aqui que todas as PPPs sejam sin\u00f4nimos de acertos. Em S\u00e3o Paulo, a Linha 4-amarela do Metr\u00f4, primeira PPP do Brasil, ainda n\u00e3o est\u00e1 conclu\u00edda &#8211; planejada para 2010, ser\u00e1 conclu\u00edda, se nada atrasar mais, em 2019. O sistema dessa linha, gerido por uma concession\u00e1ria n\u00e3o traz muitas vantagens em rela\u00e7\u00e3o ao metr\u00f4 das outras linhas, geridos pelo governo do Estado de S\u00e3o Paulo. Em cidades-irm\u00e3s da capital paulista, como Lisboa, as PPPs s\u00e3o comuns, mas tamb\u00e9m fruto de pol\u00eamica.<\/p>\n<p>Mas o sistema tem pontos importantes a serem aproveitados &#8211; e a legisla\u00e7\u00e3o \u00e9 a melhor forma de evitar o que se entende como o principal problema da PPP: a interfer\u00eancia de uma esfera na outra. O momento \u00e9 de a\u00e7\u00e3o, afinal de contas\u00a0<a href=\"http:\/\/www.unric.org\/pt\/actualidade\/31537-relatorio-da-onu-mostra-populacao-mundial-cada-vez-mais-urbanizada-mais-de-metade-vive-em-zonas-urbanizadas-ao-que-se-podem-juntar-25-mil-milhoes-em-2050\" target=\"_blank\" rel=\"nofollow noopener noreferrer\" data-rapid-elm=\"context_link\" data-ylk=\"elm:context_link\" data-rapid-sec=\"{&quot;entry-text&quot;:&quot;entry-text&quot;}\">66% da popula\u00e7\u00e3o mundial, segundo a ONU, viver\u00e3o em zonas urbanas em 2050<\/a>.<\/p>\n<p>N\u00e3o se trata mais de futurologia, mas sim de meta: novos centros urbanos devem ser sustent\u00e1veis e, principalmente, capazes de dar poder ao cidad\u00e3o de decidir sobre o que se passa ao seu redor &#8211; o que alguns estudiosos chamam de &#8220;direito \u00e0 cidade&#8221;. Com seu efeito r\u00e1pido, a proposta das Parcerias P\u00fablico-Privadas tamb\u00e9m j\u00e1 n\u00e3o aparecem mais como t\u00edmidas for\u00e7as presentes nessas discuss\u00f5es &#8211; s\u00e3o propostas concretas, e estar\u00e3o cada vez mais no centro da roda.<\/p>\n<\/div>\n<p><em><span style=\"font-size: 10pt;\">Originalmente publicado no Huffpost: https:\/\/www.huffpostbrasil.com\/rodrigo-reis\/as-parcerias-publico-privadas-no-debate-contemporaneo-sobre-urba_b_13151190.html<\/span><\/em><\/p>\n<\/div>\n<\/div>\n","protected":false},"excerpt":{"rendered":"<p>N\u00e3o se trata mais de futurologia, mas sim de meta: novos centros urbanos devem ser sustent\u00e1veis e, principalmente, capazes de dar poder ao cidad\u00e3o de decidir sobre o que se passa ao seu redor &#8211; o que alguns estudiosos chamam de &#8220;direito \u00e0 cidade&#8221;. Com seu efeito r\u00e1pido, a proposta das Parcerias P\u00fablico-Privadas tamb\u00e9m j\u00e1 [&hellip;]<\/p>\n","protected":false},"author":1,"featured_media":3237,"comment_status":"open","ping_status":"open","sticky":false,"template":"","format":"standard","meta":{"_acf_changed":false,"om_disable_all_campaigns":false,"_monsterinsights_skip_tracking":false,"_monsterinsights_sitenote_active":false,"_monsterinsights_sitenote_note":"","_monsterinsights_sitenote_category":0,"_uf_show_specific_survey":0,"_uf_disable_surveys":false,"footnotes":""},"categories":[12,35,3],"tags":[],"class_list":["post-3236","post","type-post","status-publish","format-standard","hentry","category-na-midia","category-opiniao","category-sem-categoria"],"acf":[],"aioseo_notices":[],"yoast_head":"<!-- This site is optimized with the Yoast SEO plugin v27.5 - https:\/\/yoast.com\/product\/yoast-seo-wordpress\/ -->\n<title>As parcerias p\u00fablico-privadas no debate contempor\u00e2neo sobre urbaniza\u00e7\u00e3o - Instituto Global Attitude<\/title>\n<meta name=\"robots\" content=\"index, follow, max-snippet:-1, max-image-preview:large, max-video-preview:-1\" \/>\n<link rel=\"canonical\" href=\"http:\/\/globalattitude.org.br\/en\/as-parcerias-publico-privadas-no-debate-contemporaneo-sobre-urbanizacao\/\" \/>\n<meta property=\"og:locale\" content=\"en_US\" \/>\n<meta property=\"og:type\" content=\"article\" \/>\n<meta property=\"og:title\" content=\"As parcerias p\u00fablico-privadas no debate contempor\u00e2neo sobre urbaniza\u00e7\u00e3o - Instituto Global Attitude\" \/>\n<meta property=\"og:description\" content=\"N\u00e3o se trata mais de futurologia, mas sim de meta: novos centros urbanos devem ser sustent\u00e1veis e, principalmente, capazes de dar poder ao cidad\u00e3o de decidir sobre o que se passa ao seu redor &#8211; o que alguns estudiosos chamam de &#8220;direito \u00e0 cidade&#8221;. Com seu efeito r\u00e1pido, a proposta das Parcerias P\u00fablico-Privadas tamb\u00e9m j\u00e1 [&hellip;]\" \/>\n<meta property=\"og:url\" content=\"http:\/\/globalattitude.org.br\/en\/as-parcerias-publico-privadas-no-debate-contemporaneo-sobre-urbanizacao\/\" \/>\n<meta property=\"og:site_name\" content=\"Instituto Global Attitude\" \/>\n<meta property=\"article:publisher\" content=\"https:\/\/www.facebook.com\/global.attitude.org\/\" \/>\n<meta property=\"article:published_time\" content=\"2016-11-29T22:00:31+00:00\" \/>\n<meta property=\"article:modified_time\" content=\"2023-03-10T13:58:28+00:00\" \/>\n<meta property=\"og:image\" content=\"http:\/\/globalattitude.org.br\/wp-content\/uploads\/2023\/03\/5c37b84d3b00005f00688677.jpeg\" \/>\n\t<meta property=\"og:image:width\" content=\"630\" \/>\n\t<meta property=\"og:image:height\" content=\"315\" \/>\n\t<meta property=\"og:image:type\" content=\"image\/jpeg\" \/>\n<meta name=\"author\" content=\"123esite\" \/>\n<meta name=\"twitter:card\" content=\"summary_large_image\" \/>\n<meta name=\"twitter:creator\" content=\"@global_attitude\" \/>\n<meta name=\"twitter:site\" content=\"@global_attitude\" \/>\n<meta name=\"twitter:label1\" content=\"Written by\" \/>\n\t<meta name=\"twitter:data1\" content=\"123esite\" \/>\n\t<meta name=\"twitter:label2\" content=\"Est. reading time\" \/>\n\t<meta name=\"twitter:data2\" content=\"5 minutes\" \/>\n<script type=\"application\/ld+json\" class=\"yoast-schema-graph\">{\"@context\":\"https:\\\/\\\/schema.org\",\"@graph\":[{\"@type\":[\"Article\",\"BlogPosting\"],\"@id\":\"http:\\\/\\\/globalattitude.org.br\\\/en\\\/as-parcerias-publico-privadas-no-debate-contemporaneo-sobre-urbanizacao\\\/#article\",\"isPartOf\":{\"@id\":\"http:\\\/\\\/globalattitude.org.br\\\/en\\\/as-parcerias-publico-privadas-no-debate-contemporaneo-sobre-urbanizacao\\\/\"},\"author\":{\"name\":\"123esite\",\"@id\":\"https:\\\/\\\/globalattitude.org.br\\\/en\\\/#\\\/schema\\\/person\\\/6d308f9d9d1eebad0278ad9386f13169\"},\"headline\":\"As parcerias p\u00fablico-privadas no debate contempor\u00e2neo sobre urbaniza\u00e7\u00e3o\",\"datePublished\":\"2016-11-29T22:00:31+00:00\",\"dateModified\":\"2023-03-10T13:58:28+00:00\",\"mainEntityOfPage\":{\"@id\":\"http:\\\/\\\/globalattitude.org.br\\\/en\\\/as-parcerias-publico-privadas-no-debate-contemporaneo-sobre-urbanizacao\\\/\"},\"wordCount\":1002,\"commentCount\":0,\"publisher\":{\"@id\":\"https:\\\/\\\/globalattitude.org.br\\\/en\\\/#organization\"},\"image\":{\"@id\":\"http:\\\/\\\/globalattitude.org.br\\\/en\\\/as-parcerias-publico-privadas-no-debate-contemporaneo-sobre-urbanizacao\\\/#primaryimage\"},\"thumbnailUrl\":\"https:\\\/\\\/globalattitude.org.br\\\/wp-content\\\/uploads\\\/2023\\\/03\\\/5c37b84d3b00005f00688677.jpeg\",\"articleSection\":[\"Na m\u00eddia\",\"Opini\u00e3o\",\"Sem categoria\"],\"inLanguage\":\"en-US\",\"potentialAction\":[{\"@type\":\"CommentAction\",\"name\":\"Comment\",\"target\":[\"http:\\\/\\\/globalattitude.org.br\\\/en\\\/as-parcerias-publico-privadas-no-debate-contemporaneo-sobre-urbanizacao\\\/#respond\"]}]},{\"@type\":\"WebPage\",\"@id\":\"http:\\\/\\\/globalattitude.org.br\\\/en\\\/as-parcerias-publico-privadas-no-debate-contemporaneo-sobre-urbanizacao\\\/\",\"url\":\"http:\\\/\\\/globalattitude.org.br\\\/en\\\/as-parcerias-publico-privadas-no-debate-contemporaneo-sobre-urbanizacao\\\/\",\"name\":\"As parcerias p\u00fablico-privadas no debate contempor\u00e2neo sobre urbaniza\u00e7\u00e3o - Instituto Global Attitude\",\"isPartOf\":{\"@id\":\"https:\\\/\\\/globalattitude.org.br\\\/en\\\/#website\"},\"primaryImageOfPage\":{\"@id\":\"http:\\\/\\\/globalattitude.org.br\\\/en\\\/as-parcerias-publico-privadas-no-debate-contemporaneo-sobre-urbanizacao\\\/#primaryimage\"},\"image\":{\"@id\":\"http:\\\/\\\/globalattitude.org.br\\\/en\\\/as-parcerias-publico-privadas-no-debate-contemporaneo-sobre-urbanizacao\\\/#primaryimage\"},\"thumbnailUrl\":\"https:\\\/\\\/globalattitude.org.br\\\/wp-content\\\/uploads\\\/2023\\\/03\\\/5c37b84d3b00005f00688677.jpeg\",\"datePublished\":\"2016-11-29T22:00:31+00:00\",\"dateModified\":\"2023-03-10T13:58:28+00:00\",\"breadcrumb\":{\"@id\":\"http:\\\/\\\/globalattitude.org.br\\\/en\\\/as-parcerias-publico-privadas-no-debate-contemporaneo-sobre-urbanizacao\\\/#breadcrumb\"},\"inLanguage\":\"en-US\",\"potentialAction\":[{\"@type\":\"ReadAction\",\"target\":[\"http:\\\/\\\/globalattitude.org.br\\\/en\\\/as-parcerias-publico-privadas-no-debate-contemporaneo-sobre-urbanizacao\\\/\"]}]},{\"@type\":\"ImageObject\",\"inLanguage\":\"en-US\",\"@id\":\"http:\\\/\\\/globalattitude.org.br\\\/en\\\/as-parcerias-publico-privadas-no-debate-contemporaneo-sobre-urbanizacao\\\/#primaryimage\",\"url\":\"https:\\\/\\\/globalattitude.org.br\\\/wp-content\\\/uploads\\\/2023\\\/03\\\/5c37b84d3b00005f00688677.jpeg\",\"contentUrl\":\"https:\\\/\\\/globalattitude.org.br\\\/wp-content\\\/uploads\\\/2023\\\/03\\\/5c37b84d3b00005f00688677.jpeg\",\"width\":630,\"height\":315},{\"@type\":\"BreadcrumbList\",\"@id\":\"http:\\\/\\\/globalattitude.org.br\\\/en\\\/as-parcerias-publico-privadas-no-debate-contemporaneo-sobre-urbanizacao\\\/#breadcrumb\",\"itemListElement\":[{\"@type\":\"ListItem\",\"position\":1,\"name\":\"In\u00edcio\",\"item\":\"https:\\\/\\\/globalattitude.org.br\\\/en\\\/\"},{\"@type\":\"ListItem\",\"position\":2,\"name\":\"As parcerias p\u00fablico-privadas no debate contempor\u00e2neo sobre urbaniza\u00e7\u00e3o\"}]},{\"@type\":\"WebSite\",\"@id\":\"https:\\\/\\\/globalattitude.org.br\\\/en\\\/#website\",\"url\":\"https:\\\/\\\/globalattitude.org.br\\\/en\\\/\",\"name\":\"Instituto Global Attitude\",\"description\":\"\",\"publisher\":{\"@id\":\"https:\\\/\\\/globalattitude.org.br\\\/en\\\/#organization\"},\"potentialAction\":[{\"@type\":\"SearchAction\",\"target\":{\"@type\":\"EntryPoint\",\"urlTemplate\":\"https:\\\/\\\/globalattitude.org.br\\\/en\\\/?s={search_term_string}\"},\"query-input\":{\"@type\":\"PropertyValueSpecification\",\"valueRequired\":true,\"valueName\":\"search_term_string\"}}],\"inLanguage\":\"en-US\"},{\"@type\":\"Organization\",\"@id\":\"https:\\\/\\\/globalattitude.org.br\\\/en\\\/#organization\",\"name\":\"Instituto Global Attitude\",\"url\":\"https:\\\/\\\/globalattitude.org.br\\\/en\\\/\",\"logo\":{\"@type\":\"ImageObject\",\"inLanguage\":\"en-US\",\"@id\":\"https:\\\/\\\/globalattitude.org.br\\\/en\\\/#\\\/schema\\\/logo\\\/image\\\/\",\"url\":\"https:\\\/\\\/globalattitude.org.br\\\/wp-content\\\/uploads\\\/2023\\\/01\\\/instituto-global-attitude-color.png\",\"contentUrl\":\"https:\\\/\\\/globalattitude.org.br\\\/wp-content\\\/uploads\\\/2023\\\/01\\\/instituto-global-attitude-color.png\",\"width\":300,\"height\":131,\"caption\":\"Instituto Global Attitude\"},\"image\":{\"@id\":\"https:\\\/\\\/globalattitude.org.br\\\/en\\\/#\\\/schema\\\/logo\\\/image\\\/\"},\"sameAs\":[\"https:\\\/\\\/www.facebook.com\\\/global.attitude.org\\\/\",\"https:\\\/\\\/x.com\\\/global_attitude\",\"https:\\\/\\\/www.instagram.com\\\/globalattitude\",\"https:\\\/\\\/www.linkedin.com\\\/company\\\/global-attitude\\\/?viewAsMember=true\"]},{\"@type\":\"Person\",\"@id\":\"https:\\\/\\\/globalattitude.org.br\\\/en\\\/#\\\/schema\\\/person\\\/6d308f9d9d1eebad0278ad9386f13169\",\"name\":\"123esite\",\"image\":{\"@type\":\"ImageObject\",\"inLanguage\":\"en-US\",\"@id\":\"https:\\\/\\\/secure.gravatar.com\\\/avatar\\\/07bd71fac19f42004f2b73567f012e126689afdb23cb0017536dea9113ba1806?s=96&d=mm&r=g\",\"url\":\"https:\\\/\\\/secure.gravatar.com\\\/avatar\\\/07bd71fac19f42004f2b73567f012e126689afdb23cb0017536dea9113ba1806?s=96&d=mm&r=g\",\"contentUrl\":\"https:\\\/\\\/secure.gravatar.com\\\/avatar\\\/07bd71fac19f42004f2b73567f012e126689afdb23cb0017536dea9113ba1806?s=96&d=mm&r=g\",\"caption\":\"123esite\"},\"sameAs\":[\"http:\\\/\\\/globalattitude.org.br\"],\"url\":\"https:\\\/\\\/globalattitude.org.br\\\/en\\\/author\\\/123esite\\\/\"}]}<\/script>\n<!-- \/ Yoast SEO plugin. -->","yoast_head_json":{"title":"As parcerias p\u00fablico-privadas no debate contempor\u00e2neo sobre urbaniza\u00e7\u00e3o - Instituto Global Attitude","robots":{"index":"index","follow":"follow","max-snippet":"max-snippet:-1","max-image-preview":"max-image-preview:large","max-video-preview":"max-video-preview:-1"},"canonical":"http:\/\/globalattitude.org.br\/en\/as-parcerias-publico-privadas-no-debate-contemporaneo-sobre-urbanizacao\/","og_locale":"en_US","og_type":"article","og_title":"As parcerias p\u00fablico-privadas no debate contempor\u00e2neo sobre urbaniza\u00e7\u00e3o - Instituto Global Attitude","og_description":"N\u00e3o se trata mais de futurologia, mas sim de meta: novos centros urbanos devem ser sustent\u00e1veis e, principalmente, capazes de dar poder ao cidad\u00e3o de decidir sobre o que se passa ao seu redor &#8211; o que alguns estudiosos chamam de &#8220;direito \u00e0 cidade&#8221;. Com seu efeito r\u00e1pido, a proposta das Parcerias P\u00fablico-Privadas tamb\u00e9m j\u00e1 [&hellip;]","og_url":"http:\/\/globalattitude.org.br\/en\/as-parcerias-publico-privadas-no-debate-contemporaneo-sobre-urbanizacao\/","og_site_name":"Instituto Global Attitude","article_publisher":"https:\/\/www.facebook.com\/global.attitude.org\/","article_published_time":"2016-11-29T22:00:31+00:00","article_modified_time":"2023-03-10T13:58:28+00:00","og_image":[{"width":630,"height":315,"url":"http:\/\/globalattitude.org.br\/wp-content\/uploads\/2023\/03\/5c37b84d3b00005f00688677.jpeg","type":"image\/jpeg"}],"author":"123esite","twitter_card":"summary_large_image","twitter_creator":"@global_attitude","twitter_site":"@global_attitude","twitter_misc":{"Written by":"123esite","Est. reading time":"5 minutes"},"schema":{"@context":"https:\/\/schema.org","@graph":[{"@type":["Article","BlogPosting"],"@id":"http:\/\/globalattitude.org.br\/en\/as-parcerias-publico-privadas-no-debate-contemporaneo-sobre-urbanizacao\/#article","isPartOf":{"@id":"http:\/\/globalattitude.org.br\/en\/as-parcerias-publico-privadas-no-debate-contemporaneo-sobre-urbanizacao\/"},"author":{"name":"123esite","@id":"https:\/\/globalattitude.org.br\/en\/#\/schema\/person\/6d308f9d9d1eebad0278ad9386f13169"},"headline":"As parcerias p\u00fablico-privadas no debate contempor\u00e2neo sobre urbaniza\u00e7\u00e3o","datePublished":"2016-11-29T22:00:31+00:00","dateModified":"2023-03-10T13:58:28+00:00","mainEntityOfPage":{"@id":"http:\/\/globalattitude.org.br\/en\/as-parcerias-publico-privadas-no-debate-contemporaneo-sobre-urbanizacao\/"},"wordCount":1002,"commentCount":0,"publisher":{"@id":"https:\/\/globalattitude.org.br\/en\/#organization"},"image":{"@id":"http:\/\/globalattitude.org.br\/en\/as-parcerias-publico-privadas-no-debate-contemporaneo-sobre-urbanizacao\/#primaryimage"},"thumbnailUrl":"https:\/\/globalattitude.org.br\/wp-content\/uploads\/2023\/03\/5c37b84d3b00005f00688677.jpeg","articleSection":["Na m\u00eddia","Opini\u00e3o","Sem categoria"],"inLanguage":"en-US","potentialAction":[{"@type":"CommentAction","name":"Comment","target":["http:\/\/globalattitude.org.br\/en\/as-parcerias-publico-privadas-no-debate-contemporaneo-sobre-urbanizacao\/#respond"]}]},{"@type":"WebPage","@id":"http:\/\/globalattitude.org.br\/en\/as-parcerias-publico-privadas-no-debate-contemporaneo-sobre-urbanizacao\/","url":"http:\/\/globalattitude.org.br\/en\/as-parcerias-publico-privadas-no-debate-contemporaneo-sobre-urbanizacao\/","name":"As parcerias p\u00fablico-privadas no debate contempor\u00e2neo sobre urbaniza\u00e7\u00e3o - Instituto Global Attitude","isPartOf":{"@id":"https:\/\/globalattitude.org.br\/en\/#website"},"primaryImageOfPage":{"@id":"http:\/\/globalattitude.org.br\/en\/as-parcerias-publico-privadas-no-debate-contemporaneo-sobre-urbanizacao\/#primaryimage"},"image":{"@id":"http:\/\/globalattitude.org.br\/en\/as-parcerias-publico-privadas-no-debate-contemporaneo-sobre-urbanizacao\/#primaryimage"},"thumbnailUrl":"https:\/\/globalattitude.org.br\/wp-content\/uploads\/2023\/03\/5c37b84d3b00005f00688677.jpeg","datePublished":"2016-11-29T22:00:31+00:00","dateModified":"2023-03-10T13:58:28+00:00","breadcrumb":{"@id":"http:\/\/globalattitude.org.br\/en\/as-parcerias-publico-privadas-no-debate-contemporaneo-sobre-urbanizacao\/#breadcrumb"},"inLanguage":"en-US","potentialAction":[{"@type":"ReadAction","target":["http:\/\/globalattitude.org.br\/en\/as-parcerias-publico-privadas-no-debate-contemporaneo-sobre-urbanizacao\/"]}]},{"@type":"ImageObject","inLanguage":"en-US","@id":"http:\/\/globalattitude.org.br\/en\/as-parcerias-publico-privadas-no-debate-contemporaneo-sobre-urbanizacao\/#primaryimage","url":"https:\/\/globalattitude.org.br\/wp-content\/uploads\/2023\/03\/5c37b84d3b00005f00688677.jpeg","contentUrl":"https:\/\/globalattitude.org.br\/wp-content\/uploads\/2023\/03\/5c37b84d3b00005f00688677.jpeg","width":630,"height":315},{"@type":"BreadcrumbList","@id":"http:\/\/globalattitude.org.br\/en\/as-parcerias-publico-privadas-no-debate-contemporaneo-sobre-urbanizacao\/#breadcrumb","itemListElement":[{"@type":"ListItem","position":1,"name":"In\u00edcio","item":"https:\/\/globalattitude.org.br\/en\/"},{"@type":"ListItem","position":2,"name":"As parcerias p\u00fablico-privadas no debate contempor\u00e2neo sobre urbaniza\u00e7\u00e3o"}]},{"@type":"WebSite","@id":"https:\/\/globalattitude.org.br\/en\/#website","url":"https:\/\/globalattitude.org.br\/en\/","name":"Instituto Global Attitude","description":"","publisher":{"@id":"https:\/\/globalattitude.org.br\/en\/#organization"},"potentialAction":[{"@type":"SearchAction","target":{"@type":"EntryPoint","urlTemplate":"https:\/\/globalattitude.org.br\/en\/?s={search_term_string}"},"query-input":{"@type":"PropertyValueSpecification","valueRequired":true,"valueName":"search_term_string"}}],"inLanguage":"en-US"},{"@type":"Organization","@id":"https:\/\/globalattitude.org.br\/en\/#organization","name":"Instituto Global Attitude","url":"https:\/\/globalattitude.org.br\/en\/","logo":{"@type":"ImageObject","inLanguage":"en-US","@id":"https:\/\/globalattitude.org.br\/en\/#\/schema\/logo\/image\/","url":"https:\/\/globalattitude.org.br\/wp-content\/uploads\/2023\/01\/instituto-global-attitude-color.png","contentUrl":"https:\/\/globalattitude.org.br\/wp-content\/uploads\/2023\/01\/instituto-global-attitude-color.png","width":300,"height":131,"caption":"Instituto Global Attitude"},"image":{"@id":"https:\/\/globalattitude.org.br\/en\/#\/schema\/logo\/image\/"},"sameAs":["https:\/\/www.facebook.com\/global.attitude.org\/","https:\/\/x.com\/global_attitude","https:\/\/www.instagram.com\/globalattitude","https:\/\/www.linkedin.com\/company\/global-attitude\/?viewAsMember=true"]},{"@type":"Person","@id":"https:\/\/globalattitude.org.br\/en\/#\/schema\/person\/6d308f9d9d1eebad0278ad9386f13169","name":"123esite","image":{"@type":"ImageObject","inLanguage":"en-US","@id":"https:\/\/secure.gravatar.com\/avatar\/07bd71fac19f42004f2b73567f012e126689afdb23cb0017536dea9113ba1806?s=96&d=mm&r=g","url":"https:\/\/secure.gravatar.com\/avatar\/07bd71fac19f42004f2b73567f012e126689afdb23cb0017536dea9113ba1806?s=96&d=mm&r=g","contentUrl":"https:\/\/secure.gravatar.com\/avatar\/07bd71fac19f42004f2b73567f012e126689afdb23cb0017536dea9113ba1806?s=96&d=mm&r=g","caption":"123esite"},"sameAs":["http:\/\/globalattitude.org.br"],"url":"https:\/\/globalattitude.org.br\/en\/author\/123esite\/"}]}},"_links":{"self":[{"href":"https:\/\/globalattitude.org.br\/en\/wp-json\/wp\/v2\/posts\/3236","targetHints":{"allow":["GET"]}}],"collection":[{"href":"https:\/\/globalattitude.org.br\/en\/wp-json\/wp\/v2\/posts"}],"about":[{"href":"https:\/\/globalattitude.org.br\/en\/wp-json\/wp\/v2\/types\/post"}],"author":[{"embeddable":true,"href":"https:\/\/globalattitude.org.br\/en\/wp-json\/wp\/v2\/users\/1"}],"replies":[{"embeddable":true,"href":"https:\/\/globalattitude.org.br\/en\/wp-json\/wp\/v2\/comments?post=3236"}],"version-history":[{"count":1,"href":"https:\/\/globalattitude.org.br\/en\/wp-json\/wp\/v2\/posts\/3236\/revisions"}],"predecessor-version":[{"id":3240,"href":"https:\/\/globalattitude.org.br\/en\/wp-json\/wp\/v2\/posts\/3236\/revisions\/3240"}],"wp:featuredmedia":[{"embeddable":true,"href":"https:\/\/globalattitude.org.br\/en\/wp-json\/wp\/v2\/media\/3237"}],"wp:attachment":[{"href":"https:\/\/globalattitude.org.br\/en\/wp-json\/wp\/v2\/media?parent=3236"}],"wp:term":[{"taxonomy":"category","embeddable":true,"href":"https:\/\/globalattitude.org.br\/en\/wp-json\/wp\/v2\/categories?post=3236"},{"taxonomy":"post_tag","embeddable":true,"href":"https:\/\/globalattitude.org.br\/en\/wp-json\/wp\/v2\/tags?post=3236"}],"curies":[{"name":"wp","href":"https:\/\/api.w.org\/{rel}","templated":true}]}}