{"id":3294,"date":"2020-11-26T15:30:10","date_gmt":"2020-11-26T18:30:10","guid":{"rendered":"https:\/\/globalattitude.org.br\/pandemia-e-desigualdade-de-genero\/"},"modified":"2023-04-28T17:27:20","modified_gmt":"2023-04-28T20:27:20","slug":"pandemia-e-desigualdade-de-genero","status":"publish","type":"post","link":"https:\/\/globalattitude.org.br\/en\/pandemia-e-desigualdade-de-genero\/","title":{"rendered":"Pandemia e (des)igualdade de g\u00eanero"},"content":{"rendered":"<p>A pandemia veio como um bin\u00f3culo capaz de evidenciar vulnerabilidades e potencialidades em n\u00f3s e no mundo. Pudemos observar de perto e at\u00e9 mesmo experenciar realidades desconhecidas, sentir a priva\u00e7\u00e3o da liberdade e a dificuldade de acesso a produtos e servi\u00e7os, se deparar com o distanciamento social, com a inseguran\u00e7a e at\u00e9 com a morte. Realidades que sab\u00edamos que j\u00e1 existiam para alguns, mas que eram invisibilizadas ou at\u00e9 mesmo naturalizadas. Apesar do v\u00edrus n\u00e3o ter escolhido um alvo, infectando pessoas indiscriminadamente, \u00e9 necess\u00e1rio reconhecermos de que forma a pandemia tem afetado e refor\u00e7ado estruturas violentas e desiguais pr\u00e9-existentes.<\/p>\n<blockquote><p>Clare Wenham, professora de Pol\u00edtica de Sa\u00fade Global na <em>London School of Economics and Political <\/em>Science destacou que: \u201cQuando voc\u00ea est\u00e1 pensando em uma pandemia, \u00e9 preciso diferenciar entre o que vem de ser infectado e o que vem de ser afetado<a href=\"https:\/\/www.psi.org\/2020\/09\/infected-and-affected-the-indirect-consequences-of-covid-19-in-central-america\/\" name=\"_ftnref1\">[1]<\/a>\u201d. Esta declara\u00e7\u00e3o \u00e9 assertiva quando se analisa a pandemia sob uma perspectiva de g\u00eanero, considerando elementos como sa\u00fade, trabalho, vida p\u00fablica e privada, fam\u00edlia, ra\u00e7a, viol\u00eancia e educa\u00e7\u00e3o.<\/p><\/blockquote>\n<p>No artigo \u201c<em>COVID-19: the gendered impacts of the outbreak<a href=\"https:\/\/www.thelancet.com\/article\/S0140-6736(20)30526-2\/fulltext\" name=\"_ftnref2\"><strong>[2]<\/strong><\/a><\/em>\u201d, publicado no <em>The Lancet<\/em>, em coautoria com Julia Smith e Rosemary Morgan, Clare Wenham mostra que durante o surto de \u00c9bola na \u00c1frica Ocidental as mulheres ocupavam a fun\u00e7\u00e3o de cuidadoras e profissionais de sa\u00fade. Por outro lado, possu\u00edam menos participa\u00e7\u00e3o e representa\u00e7\u00e3o nas tomadas de decis\u00e3o em rela\u00e7\u00e3o \u00e0 crise, o que consequentemente eliminou as pautas que abordavam as necessidades femininas, como as quest\u00f5es de sa\u00fade sexual e reprodutiva, o que favoreceu o alto \u00edndice de mortalidade de mulheres neste per\u00edodo.<\/p>\n<p>De acordo com a Organiza\u00e7\u00e3o Internacional do Trabalho (OIT) e o Fundo Monet\u00e1rio Internacional (FMI)<a href=\"https:\/\/www.imf.org\/en\/Publications\/WEO\/Issues\/2020\/09\/30\/world-economic-outlook-october-2020\" name=\"_ftnref3\">[3]<\/a>, as mulheres s\u00e3o as mais afetadas no mercado de trabalho, sendo as mais mal remuneradas e com menos prote\u00e7\u00e3o legislativa laboral. Com as economias fragilizadas pela pandemia, o desemprego afetou as mulheres de forma impactante, uma vez que elas comp\u00f5em a maior parte dos trabalhadores informais, com \u00eanfase nas mulheres negras e imigrantes. Em rela\u00e7\u00e3o \u00e0 situa\u00e7\u00e3o de trabalho das profissionais de sa\u00fade, h\u00e1 frequentemente casos de abuso e ass\u00e9dio por parte da equipe ou pacientes, situa\u00e7\u00e3o que se agravou com a pandemia, levando em conta que as mulheres comp\u00f5em 70% de todo o pessoal que est\u00e1 na linha de frente. Apesar desta grande porcentagem, quando se refere aos processos decis\u00f3rios e de lideran\u00e7a, a maioria dos diretores executivos de organiza\u00e7\u00f5es de sa\u00fade s\u00e3o homens, o que mostra a clara hierarquia de g\u00eanero neste segmento sustentada por estere\u00f3tipos e o patriarcalismo institucional.<\/p>\n<p>Em rela\u00e7\u00e3o \u00e0 vida privada, o confinamento propiciou divis\u00f5es desproporcionais de tarefas dom\u00e9sticas, refor\u00e7ando desigualdades pr\u00e9-existentes. Os estere\u00f3tipos de g\u00eanero associam as mulheres como cuidadoras, colocando-as como respons\u00e1veis pelo cuidado com a casa e fam\u00edlia. Apesar de movimentos para a desconstru\u00e7\u00e3o destas defini\u00e7\u00f5es, h\u00e1 ainda muitas culturas que mant\u00e9m essa organiza\u00e7\u00e3o em casa, definindo o homem como o provedor financeiro e da prote\u00e7\u00e3o.<\/p>\n<p>Com as pausas nas aulas presenciais das crian\u00e7as, a rotina de concilia\u00e7\u00e3o das tarefas do dia a dia se tornou um grande desafio, e as mulheres t\u00eam sido as maiores respons\u00e1veis por garantir o acompanhamento escolar dos filhos. H\u00e1 as m\u00e3es que podem fazer isso e h\u00e1 ainda aquelas que s\u00e3o atravessadas por dificuldades maiores, por exemplo serem m\u00e3e solo ou por n\u00e3o poderem exercer <em>home office<\/em> por terem v\u00ednculo de trabalho informal. A desigualdade no ambiente dom\u00e9stico acaba por refor\u00e7ar rela\u00e7\u00f5es de poder e podem manter as mulheres em liga\u00e7\u00f5es de depend\u00eancia e subalternidade, estando suscet\u00edveis \u00e0s diversas formas de viol\u00eancia.<\/p>\n<p>Ainda em rela\u00e7\u00e3o \u00e0 inf\u00e2ncia, h\u00e1 situa\u00e7\u00f5es em que meninas s\u00e3o for\u00e7adas a deixar os estudos para trabalhar e outras em que as fam\u00edlias procuram maridos para garantir o futuro da filha, como \u00e9 o caso da \u00cdndia, mostrado no relat\u00f3rio do Fundo <em>Malala Girl\u2019s Education and COVID-19<a href=\"https:\/\/downloads.ctfassets.net\/0oan5gk9rgbh\/6TMYLYAcUpjhQpXLDgmdIa\/3e1c12d8d827985ef2b4e815a3a6da1f\/COVID19_GirlsEducation_corrected_071420.pdf\" name=\"_ftnref4\"><strong>[4]<\/strong><\/a><\/em>. Casos como esse, impulsionados pela pandemia, privam as meninas do acesso \u00e0 educa\u00e7\u00e3o, intensificando a pobreza e perpetuando um ciclo de viol\u00eancias e desigualdades.<\/p>\n<p>Dentre este ciclo de viol\u00eancias diretas e estruturais pr\u00e9-existentes e fortalecidas pela pandemia, a viol\u00eancia dom\u00e9stica gerou grande preocupa\u00e7\u00e3o devido ao confinamento. Apesar do aumento no n\u00famero de casos, em alguns pa\u00edses as chamadas para linhas de prote\u00e7\u00e3o e den\u00fancia ca\u00edram pelo fato das v\u00edtimas se sentirem inseguras. Esse fato abre espa\u00e7o para um debate sobre a desconstru\u00e7\u00e3o da romantiza\u00e7\u00e3o do lar como um ambiente seguro, sendo muitas vezes um cen\u00e1rio de terror e luta por sobreviv\u00eancia.<\/p>\n<blockquote><p>De acordo com o artigo \u201c<em>A Pandemic within a Pandemic \u2013 Intimate Partner Violence during Covid-19<\/em>\u201d publicado no <em>The New England Journal of Medicine<\/em><a href=\"https:\/\/www.nejm.org\/doi\/full\/10.1056\/NEJMp2024046\" name=\"_ftnref5\">[5]<\/a>, uma a cada quatro mulheres e um a cada dez homens sofrem de Viol\u00eancia por Parceiro \u00cdntimo (VPI), podendo ser f\u00edsica, psicol\u00f3gica, moral, patrimonial ou sexual. Um dos fatores que mant\u00e9m a pessoa presa ao seu agressor \u00e9 a depend\u00eancia financeira, uma quest\u00e3o problem\u00e1tica pelo fato de n\u00e3o possuir uma alternativa de assist\u00eancia econ\u00f4mica. Esta quest\u00e3o nos leva a refor\u00e7ar a import\u00e2ncia da promo\u00e7\u00e3o e valoriza\u00e7\u00e3o da educa\u00e7\u00e3o e capacita\u00e7\u00e3o de pessoas para o mercado de trabalho, juntamente com o apoio e incentivo ao empreendedorismo.<\/p><\/blockquote>\n<p>H\u00e1 muito ainda o que se explorar sobre as consequ\u00eancias da pandemia para a quest\u00e3o da igualdade de g\u00eanero. Para j\u00e1, ap\u00f3s esta breve an\u00e1lise, venho apontar que este ano comemora-se o 25\u00ba anivers\u00e1rio da Plataforma de A\u00e7\u00e3o de Pequim<a href=\"http:\/\/www.onumulheres.org.br\/wp-content\/uploads\/2015\/03\/declaracao_pequim1.pdf\" name=\"_ftnref6\">[6]<\/a> (designa\u00e7\u00e3o atribu\u00edda ao documento adotado na IV Confer\u00eancia Mundial das Na\u00e7\u00f5es Unidas sobre Mulheres) e o 20\u00ba anivers\u00e1rio da Resolu\u00e7\u00e3o 1325 sobre Mulheres, Paz e Seguran\u00e7a<a href=\"https:\/\/peacemaker.un.org\/node\/105\" name=\"_ftnref7\">[7]<\/a> do Conselho de Seguran\u00e7a da ONU, tornando-se fundamental lembrarmos que a igualdade de g\u00eanero \u00e9 um pilar para a constru\u00e7\u00e3o de uma sociedade mais pac\u00edfica e justa. A pandemia tem sido uma oportunidade para os estados reverem suas medidas econ\u00f4micas e pol\u00edticas, e de tornarem a igualdade de g\u00eanero uma prioridade. \u00c9 preciso usarmos o bin\u00f3culo quando consideramos a cria\u00e7\u00e3o e execu\u00e7\u00e3o de pol\u00edticas p\u00fablicas e tomadas de decis\u00e3o, o que leva \u00e0 import\u00e2ncia da nossa responsabilidade no exerc\u00edcio da cidadania. Isso significa que os avan\u00e7os para uma sociedade mais coesa aos princ\u00edpios da igualdade de g\u00eanero dependem sim deles, mas tamb\u00e9m dependem de n\u00f3s.<a href=\"#_ftnref1\" name=\"_ftn1\"><\/a><\/p>\n<hr \/>\n<p><span style=\"font-size: 8pt;\">Para conferir as refer\u00eancias citadas no texto, basta clicar no n\u00famero respectivo de cada uma delas.\u00a0<\/span><\/p>\n","protected":false},"excerpt":{"rendered":"<p>A pandemia veio como um bin\u00f3culo capaz de evidenciar vulnerabilidades e potencialidades em n\u00f3s e no mundo. Pudemos observar de perto e at\u00e9 mesmo experenciar realidades desconhecidas, sentir a priva\u00e7\u00e3o da liberdade e a dificuldade de acesso a produtos e servi\u00e7os, se deparar com o distanciamento social, com a inseguran\u00e7a e at\u00e9 com a morte. [&hellip;]<\/p>\n","protected":false},"author":1,"featured_media":3295,"comment_status":"open","ping_status":"open","sticky":false,"template":"","format":"standard","meta":{"_acf_changed":false,"om_disable_all_campaigns":false,"_monsterinsights_skip_tracking":false,"_monsterinsights_sitenote_active":false,"_monsterinsights_sitenote_note":"","_monsterinsights_sitenote_category":0,"_uf_show_specific_survey":0,"_uf_disable_surveys":false,"footnotes":""},"categories":[35],"tags":[202,56,81,208,203,209,100,204,65,5,210,205,14,207],"class_list":["post-3294","post","type-post","status-publish","format-standard","hentry","category-opiniao","tag-covid","tag-desenvolvimento-sustentavel","tag-desigualdade","tag-desigualdade-de-genero","tag-governo","tag-mercado-de-trabalho","tag-mulheres","tag-objetivos","tag-ods","tag-onu","tag-pandemia","tag-poder-executivo","tag-politica","tag-stf"],"acf":[],"aioseo_notices":[],"yoast_head":"<!-- This site is optimized with the Yoast SEO plugin v27.5 - https:\/\/yoast.com\/product\/yoast-seo-wordpress\/ -->\n<title>Pandemia e desigualdade de g\u00eanero<\/title>\n<meta name=\"description\" content=\"Realidades que sab\u00edamos que j\u00e1 existiam para alguns, mas que eram invisibilizadas ou at\u00e9 mesmo naturalizadas.\" \/>\n<meta name=\"robots\" content=\"index, follow, max-snippet:-1, max-image-preview:large, max-video-preview:-1\" \/>\n<link rel=\"canonical\" href=\"https:\/\/globalattitude.org.br\/pandemia-e-desigualdade-de-genero\/\" \/>\n<meta property=\"og:locale\" content=\"en_US\" \/>\n<meta property=\"og:type\" content=\"article\" \/>\n<meta property=\"og:title\" content=\"Pandemia e desigualdade de g\u00eanero\" \/>\n<meta property=\"og:description\" content=\"Realidades que sab\u00edamos que j\u00e1 existiam para alguns, mas que eram invisibilizadas ou at\u00e9 mesmo naturalizadas.\" \/>\n<meta property=\"og:url\" content=\"https:\/\/globalattitude.org.br\/pandemia-e-desigualdade-de-genero\/\" \/>\n<meta property=\"og:site_name\" content=\"Instituto Global Attitude\" \/>\n<meta property=\"article:publisher\" content=\"https:\/\/www.facebook.com\/global.attitude.org\/\" \/>\n<meta property=\"article:published_time\" content=\"2020-11-26T18:30:10+00:00\" \/>\n<meta property=\"article:modified_time\" content=\"2023-04-28T20:27:20+00:00\" \/>\n<meta property=\"og:image\" content=\"https:\/\/globalattitude.org.br\/wp-content\/uploads\/2023\/03\/coronavirus-4910360_1920-1200x774.jpg\" \/>\n\t<meta property=\"og:image:width\" content=\"1920\" \/>\n\t<meta property=\"og:image:height\" content=\"1238\" \/>\n\t<meta property=\"og:image:type\" content=\"image\/jpeg\" \/>\n<meta name=\"author\" content=\"123esite\" \/>\n<meta name=\"twitter:card\" content=\"summary_large_image\" \/>\n<meta name=\"twitter:creator\" content=\"@global_attitude\" \/>\n<meta name=\"twitter:site\" content=\"@global_attitude\" \/>\n<meta name=\"twitter:label1\" content=\"Written by\" \/>\n\t<meta name=\"twitter:data1\" content=\"123esite\" \/>\n\t<meta name=\"twitter:label2\" content=\"Est. reading time\" \/>\n\t<meta name=\"twitter:data2\" content=\"6 minutes\" \/>\n<script type=\"application\/ld+json\" class=\"yoast-schema-graph\">{\"@context\":\"https:\\\/\\\/schema.org\",\"@graph\":[{\"@type\":[\"Article\",\"BlogPosting\"],\"@id\":\"https:\\\/\\\/globalattitude.org.br\\\/pandemia-e-desigualdade-de-genero\\\/#article\",\"isPartOf\":{\"@id\":\"https:\\\/\\\/globalattitude.org.br\\\/pandemia-e-desigualdade-de-genero\\\/\"},\"author\":{\"name\":\"123esite\",\"@id\":\"https:\\\/\\\/globalattitude.org.br\\\/en\\\/#\\\/schema\\\/person\\\/6d308f9d9d1eebad0278ad9386f13169\"},\"headline\":\"Pandemia e (des)igualdade de g\u00eanero\",\"datePublished\":\"2020-11-26T18:30:10+00:00\",\"dateModified\":\"2023-04-28T20:27:20+00:00\",\"mainEntityOfPage\":{\"@id\":\"https:\\\/\\\/globalattitude.org.br\\\/pandemia-e-desigualdade-de-genero\\\/\"},\"wordCount\":1174,\"commentCount\":0,\"publisher\":{\"@id\":\"https:\\\/\\\/globalattitude.org.br\\\/en\\\/#organization\"},\"image\":{\"@id\":\"https:\\\/\\\/globalattitude.org.br\\\/pandemia-e-desigualdade-de-genero\\\/#primaryimage\"},\"thumbnailUrl\":\"https:\\\/\\\/globalattitude.org.br\\\/wp-content\\\/uploads\\\/2023\\\/03\\\/coronavirus-4910360_1920-1200x774.jpg\",\"keywords\":[\"covid\",\"desenvolvimento sustent\u00e1vel\",\"Desigualdade\",\"desigualdade de genero\",\"governo\",\"Mercado de trabalho\",\"Mulheres\",\"objetivos\",\"ods\",\"ONU\",\"pandemia\",\"poder executivo\",\"Pol\u00edtica\",\"stf\"],\"articleSection\":[\"Opini\u00e3o\"],\"inLanguage\":\"en-US\",\"potentialAction\":[{\"@type\":\"CommentAction\",\"name\":\"Comment\",\"target\":[\"https:\\\/\\\/globalattitude.org.br\\\/pandemia-e-desigualdade-de-genero\\\/#respond\"]}]},{\"@type\":\"WebPage\",\"@id\":\"https:\\\/\\\/globalattitude.org.br\\\/pandemia-e-desigualdade-de-genero\\\/\",\"url\":\"https:\\\/\\\/globalattitude.org.br\\\/pandemia-e-desigualdade-de-genero\\\/\",\"name\":\"Pandemia e desigualdade de g\u00eanero\",\"isPartOf\":{\"@id\":\"https:\\\/\\\/globalattitude.org.br\\\/en\\\/#website\"},\"primaryImageOfPage\":{\"@id\":\"https:\\\/\\\/globalattitude.org.br\\\/pandemia-e-desigualdade-de-genero\\\/#primaryimage\"},\"image\":{\"@id\":\"https:\\\/\\\/globalattitude.org.br\\\/pandemia-e-desigualdade-de-genero\\\/#primaryimage\"},\"thumbnailUrl\":\"https:\\\/\\\/globalattitude.org.br\\\/wp-content\\\/uploads\\\/2023\\\/03\\\/coronavirus-4910360_1920-1200x774.jpg\",\"datePublished\":\"2020-11-26T18:30:10+00:00\",\"dateModified\":\"2023-04-28T20:27:20+00:00\",\"description\":\"Realidades que sab\u00edamos que j\u00e1 existiam para alguns, mas que eram invisibilizadas ou at\u00e9 mesmo naturalizadas.\",\"breadcrumb\":{\"@id\":\"https:\\\/\\\/globalattitude.org.br\\\/pandemia-e-desigualdade-de-genero\\\/#breadcrumb\"},\"inLanguage\":\"en-US\",\"potentialAction\":[{\"@type\":\"ReadAction\",\"target\":[\"https:\\\/\\\/globalattitude.org.br\\\/pandemia-e-desigualdade-de-genero\\\/\"]}]},{\"@type\":\"ImageObject\",\"inLanguage\":\"en-US\",\"@id\":\"https:\\\/\\\/globalattitude.org.br\\\/pandemia-e-desigualdade-de-genero\\\/#primaryimage\",\"url\":\"https:\\\/\\\/globalattitude.org.br\\\/wp-content\\\/uploads\\\/2023\\\/03\\\/coronavirus-4910360_1920-1200x774.jpg\",\"contentUrl\":\"https:\\\/\\\/globalattitude.org.br\\\/wp-content\\\/uploads\\\/2023\\\/03\\\/coronavirus-4910360_1920-1200x774.jpg\",\"width\":1920,\"height\":1238},{\"@type\":\"BreadcrumbList\",\"@id\":\"https:\\\/\\\/globalattitude.org.br\\\/pandemia-e-desigualdade-de-genero\\\/#breadcrumb\",\"itemListElement\":[{\"@type\":\"ListItem\",\"position\":1,\"name\":\"In\u00edcio\",\"item\":\"https:\\\/\\\/globalattitude.org.br\\\/en\\\/\"},{\"@type\":\"ListItem\",\"position\":2,\"name\":\"Pandemia e (des)igualdade de g\u00eanero\"}]},{\"@type\":\"WebSite\",\"@id\":\"https:\\\/\\\/globalattitude.org.br\\\/en\\\/#website\",\"url\":\"https:\\\/\\\/globalattitude.org.br\\\/en\\\/\",\"name\":\"Instituto Global Attitude\",\"description\":\"\",\"publisher\":{\"@id\":\"https:\\\/\\\/globalattitude.org.br\\\/en\\\/#organization\"},\"potentialAction\":[{\"@type\":\"SearchAction\",\"target\":{\"@type\":\"EntryPoint\",\"urlTemplate\":\"https:\\\/\\\/globalattitude.org.br\\\/en\\\/?s={search_term_string}\"},\"query-input\":{\"@type\":\"PropertyValueSpecification\",\"valueRequired\":true,\"valueName\":\"search_term_string\"}}],\"inLanguage\":\"en-US\"},{\"@type\":\"Organization\",\"@id\":\"https:\\\/\\\/globalattitude.org.br\\\/en\\\/#organization\",\"name\":\"Instituto Global Attitude\",\"url\":\"https:\\\/\\\/globalattitude.org.br\\\/en\\\/\",\"logo\":{\"@type\":\"ImageObject\",\"inLanguage\":\"en-US\",\"@id\":\"https:\\\/\\\/globalattitude.org.br\\\/en\\\/#\\\/schema\\\/logo\\\/image\\\/\",\"url\":\"https:\\\/\\\/globalattitude.org.br\\\/wp-content\\\/uploads\\\/2023\\\/01\\\/instituto-global-attitude-color.png\",\"contentUrl\":\"https:\\\/\\\/globalattitude.org.br\\\/wp-content\\\/uploads\\\/2023\\\/01\\\/instituto-global-attitude-color.png\",\"width\":300,\"height\":131,\"caption\":\"Instituto Global Attitude\"},\"image\":{\"@id\":\"https:\\\/\\\/globalattitude.org.br\\\/en\\\/#\\\/schema\\\/logo\\\/image\\\/\"},\"sameAs\":[\"https:\\\/\\\/www.facebook.com\\\/global.attitude.org\\\/\",\"https:\\\/\\\/x.com\\\/global_attitude\",\"https:\\\/\\\/www.instagram.com\\\/globalattitude\",\"https:\\\/\\\/www.linkedin.com\\\/company\\\/global-attitude\\\/?viewAsMember=true\"]},{\"@type\":\"Person\",\"@id\":\"https:\\\/\\\/globalattitude.org.br\\\/en\\\/#\\\/schema\\\/person\\\/6d308f9d9d1eebad0278ad9386f13169\",\"name\":\"123esite\",\"image\":{\"@type\":\"ImageObject\",\"inLanguage\":\"en-US\",\"@id\":\"https:\\\/\\\/secure.gravatar.com\\\/avatar\\\/07bd71fac19f42004f2b73567f012e126689afdb23cb0017536dea9113ba1806?s=96&d=mm&r=g\",\"url\":\"https:\\\/\\\/secure.gravatar.com\\\/avatar\\\/07bd71fac19f42004f2b73567f012e126689afdb23cb0017536dea9113ba1806?s=96&d=mm&r=g\",\"contentUrl\":\"https:\\\/\\\/secure.gravatar.com\\\/avatar\\\/07bd71fac19f42004f2b73567f012e126689afdb23cb0017536dea9113ba1806?s=96&d=mm&r=g\",\"caption\":\"123esite\"},\"sameAs\":[\"http:\\\/\\\/globalattitude.org.br\"],\"url\":\"https:\\\/\\\/globalattitude.org.br\\\/en\\\/author\\\/123esite\\\/\"}]}<\/script>\n<!-- \/ Yoast SEO plugin. -->","yoast_head_json":{"title":"Pandemia e desigualdade de g\u00eanero","description":"Realidades que sab\u00edamos que j\u00e1 existiam para alguns, mas que eram invisibilizadas ou at\u00e9 mesmo naturalizadas.","robots":{"index":"index","follow":"follow","max-snippet":"max-snippet:-1","max-image-preview":"max-image-preview:large","max-video-preview":"max-video-preview:-1"},"canonical":"https:\/\/globalattitude.org.br\/pandemia-e-desigualdade-de-genero\/","og_locale":"en_US","og_type":"article","og_title":"Pandemia e desigualdade de g\u00eanero","og_description":"Realidades que sab\u00edamos que j\u00e1 existiam para alguns, mas que eram invisibilizadas ou at\u00e9 mesmo naturalizadas.","og_url":"https:\/\/globalattitude.org.br\/pandemia-e-desigualdade-de-genero\/","og_site_name":"Instituto Global Attitude","article_publisher":"https:\/\/www.facebook.com\/global.attitude.org\/","article_published_time":"2020-11-26T18:30:10+00:00","article_modified_time":"2023-04-28T20:27:20+00:00","og_image":[{"width":1920,"height":1238,"url":"https:\/\/globalattitude.org.br\/wp-content\/uploads\/2023\/03\/coronavirus-4910360_1920-1200x774.jpg","type":"image\/jpeg"}],"author":"123esite","twitter_card":"summary_large_image","twitter_creator":"@global_attitude","twitter_site":"@global_attitude","twitter_misc":{"Written by":"123esite","Est. reading time":"6 minutes"},"schema":{"@context":"https:\/\/schema.org","@graph":[{"@type":["Article","BlogPosting"],"@id":"https:\/\/globalattitude.org.br\/pandemia-e-desigualdade-de-genero\/#article","isPartOf":{"@id":"https:\/\/globalattitude.org.br\/pandemia-e-desigualdade-de-genero\/"},"author":{"name":"123esite","@id":"https:\/\/globalattitude.org.br\/en\/#\/schema\/person\/6d308f9d9d1eebad0278ad9386f13169"},"headline":"Pandemia e (des)igualdade de g\u00eanero","datePublished":"2020-11-26T18:30:10+00:00","dateModified":"2023-04-28T20:27:20+00:00","mainEntityOfPage":{"@id":"https:\/\/globalattitude.org.br\/pandemia-e-desigualdade-de-genero\/"},"wordCount":1174,"commentCount":0,"publisher":{"@id":"https:\/\/globalattitude.org.br\/en\/#organization"},"image":{"@id":"https:\/\/globalattitude.org.br\/pandemia-e-desigualdade-de-genero\/#primaryimage"},"thumbnailUrl":"https:\/\/globalattitude.org.br\/wp-content\/uploads\/2023\/03\/coronavirus-4910360_1920-1200x774.jpg","keywords":["covid","desenvolvimento sustent\u00e1vel","Desigualdade","desigualdade de genero","governo","Mercado de trabalho","Mulheres","objetivos","ods","ONU","pandemia","poder executivo","Pol\u00edtica","stf"],"articleSection":["Opini\u00e3o"],"inLanguage":"en-US","potentialAction":[{"@type":"CommentAction","name":"Comment","target":["https:\/\/globalattitude.org.br\/pandemia-e-desigualdade-de-genero\/#respond"]}]},{"@type":"WebPage","@id":"https:\/\/globalattitude.org.br\/pandemia-e-desigualdade-de-genero\/","url":"https:\/\/globalattitude.org.br\/pandemia-e-desigualdade-de-genero\/","name":"Pandemia e desigualdade de g\u00eanero","isPartOf":{"@id":"https:\/\/globalattitude.org.br\/en\/#website"},"primaryImageOfPage":{"@id":"https:\/\/globalattitude.org.br\/pandemia-e-desigualdade-de-genero\/#primaryimage"},"image":{"@id":"https:\/\/globalattitude.org.br\/pandemia-e-desigualdade-de-genero\/#primaryimage"},"thumbnailUrl":"https:\/\/globalattitude.org.br\/wp-content\/uploads\/2023\/03\/coronavirus-4910360_1920-1200x774.jpg","datePublished":"2020-11-26T18:30:10+00:00","dateModified":"2023-04-28T20:27:20+00:00","description":"Realidades que sab\u00edamos que j\u00e1 existiam para alguns, mas que eram invisibilizadas ou at\u00e9 mesmo naturalizadas.","breadcrumb":{"@id":"https:\/\/globalattitude.org.br\/pandemia-e-desigualdade-de-genero\/#breadcrumb"},"inLanguage":"en-US","potentialAction":[{"@type":"ReadAction","target":["https:\/\/globalattitude.org.br\/pandemia-e-desigualdade-de-genero\/"]}]},{"@type":"ImageObject","inLanguage":"en-US","@id":"https:\/\/globalattitude.org.br\/pandemia-e-desigualdade-de-genero\/#primaryimage","url":"https:\/\/globalattitude.org.br\/wp-content\/uploads\/2023\/03\/coronavirus-4910360_1920-1200x774.jpg","contentUrl":"https:\/\/globalattitude.org.br\/wp-content\/uploads\/2023\/03\/coronavirus-4910360_1920-1200x774.jpg","width":1920,"height":1238},{"@type":"BreadcrumbList","@id":"https:\/\/globalattitude.org.br\/pandemia-e-desigualdade-de-genero\/#breadcrumb","itemListElement":[{"@type":"ListItem","position":1,"name":"In\u00edcio","item":"https:\/\/globalattitude.org.br\/en\/"},{"@type":"ListItem","position":2,"name":"Pandemia e (des)igualdade de g\u00eanero"}]},{"@type":"WebSite","@id":"https:\/\/globalattitude.org.br\/en\/#website","url":"https:\/\/globalattitude.org.br\/en\/","name":"Instituto Global Attitude","description":"","publisher":{"@id":"https:\/\/globalattitude.org.br\/en\/#organization"},"potentialAction":[{"@type":"SearchAction","target":{"@type":"EntryPoint","urlTemplate":"https:\/\/globalattitude.org.br\/en\/?s={search_term_string}"},"query-input":{"@type":"PropertyValueSpecification","valueRequired":true,"valueName":"search_term_string"}}],"inLanguage":"en-US"},{"@type":"Organization","@id":"https:\/\/globalattitude.org.br\/en\/#organization","name":"Instituto Global Attitude","url":"https:\/\/globalattitude.org.br\/en\/","logo":{"@type":"ImageObject","inLanguage":"en-US","@id":"https:\/\/globalattitude.org.br\/en\/#\/schema\/logo\/image\/","url":"https:\/\/globalattitude.org.br\/wp-content\/uploads\/2023\/01\/instituto-global-attitude-color.png","contentUrl":"https:\/\/globalattitude.org.br\/wp-content\/uploads\/2023\/01\/instituto-global-attitude-color.png","width":300,"height":131,"caption":"Instituto Global Attitude"},"image":{"@id":"https:\/\/globalattitude.org.br\/en\/#\/schema\/logo\/image\/"},"sameAs":["https:\/\/www.facebook.com\/global.attitude.org\/","https:\/\/x.com\/global_attitude","https:\/\/www.instagram.com\/globalattitude","https:\/\/www.linkedin.com\/company\/global-attitude\/?viewAsMember=true"]},{"@type":"Person","@id":"https:\/\/globalattitude.org.br\/en\/#\/schema\/person\/6d308f9d9d1eebad0278ad9386f13169","name":"123esite","image":{"@type":"ImageObject","inLanguage":"en-US","@id":"https:\/\/secure.gravatar.com\/avatar\/07bd71fac19f42004f2b73567f012e126689afdb23cb0017536dea9113ba1806?s=96&d=mm&r=g","url":"https:\/\/secure.gravatar.com\/avatar\/07bd71fac19f42004f2b73567f012e126689afdb23cb0017536dea9113ba1806?s=96&d=mm&r=g","contentUrl":"https:\/\/secure.gravatar.com\/avatar\/07bd71fac19f42004f2b73567f012e126689afdb23cb0017536dea9113ba1806?s=96&d=mm&r=g","caption":"123esite"},"sameAs":["http:\/\/globalattitude.org.br"],"url":"https:\/\/globalattitude.org.br\/en\/author\/123esite\/"}]}},"_links":{"self":[{"href":"https:\/\/globalattitude.org.br\/en\/wp-json\/wp\/v2\/posts\/3294","targetHints":{"allow":["GET"]}}],"collection":[{"href":"https:\/\/globalattitude.org.br\/en\/wp-json\/wp\/v2\/posts"}],"about":[{"href":"https:\/\/globalattitude.org.br\/en\/wp-json\/wp\/v2\/types\/post"}],"author":[{"embeddable":true,"href":"https:\/\/globalattitude.org.br\/en\/wp-json\/wp\/v2\/users\/1"}],"replies":[{"embeddable":true,"href":"https:\/\/globalattitude.org.br\/en\/wp-json\/wp\/v2\/comments?post=3294"}],"version-history":[{"count":3,"href":"https:\/\/globalattitude.org.br\/en\/wp-json\/wp\/v2\/posts\/3294\/revisions"}],"predecessor-version":[{"id":3752,"href":"https:\/\/globalattitude.org.br\/en\/wp-json\/wp\/v2\/posts\/3294\/revisions\/3752"}],"wp:featuredmedia":[{"embeddable":true,"href":"https:\/\/globalattitude.org.br\/en\/wp-json\/wp\/v2\/media\/3295"}],"wp:attachment":[{"href":"https:\/\/globalattitude.org.br\/en\/wp-json\/wp\/v2\/media?parent=3294"}],"wp:term":[{"taxonomy":"category","embeddable":true,"href":"https:\/\/globalattitude.org.br\/en\/wp-json\/wp\/v2\/categories?post=3294"},{"taxonomy":"post_tag","embeddable":true,"href":"https:\/\/globalattitude.org.br\/en\/wp-json\/wp\/v2\/tags?post=3294"}],"curies":[{"name":"wp","href":"https:\/\/api.w.org\/{rel}","templated":true}]}}