{"id":3304,"date":"2020-12-16T17:34:52","date_gmt":"2020-12-16T20:34:52","guid":{"rendered":"https:\/\/globalattitude.org.br\/convencao-interamericana-contra-o-racismo\/"},"modified":"2023-04-28T17:21:37","modified_gmt":"2023-04-28T20:21:37","slug":"convencao-interamericana-contra-o-racismo","status":"publish","type":"post","link":"https:\/\/globalattitude.org.br\/en\/convencao-interamericana-contra-o-racismo\/","title":{"rendered":"Conven\u00e7\u00e3o Interamericana contra o racismo"},"content":{"rendered":"<p>Em 9 de dezembro, um dia antes do anivers\u00e1rio de 72 da Declara\u00e7\u00e3o Universal de Direitos Humanos, a C\u00e2mara dos Deputados aprovou a ratifica\u00e7\u00e3o da <strong>Conven\u00e7\u00e3o Interamericana contra o Racismo<\/strong> com status de norma constitucional. O texto segue agora para vota\u00e7\u00e3o no Senado.<\/p>\n<p>Via de regra, um tratado ou conven\u00e7\u00e3o internacional \u00e9 recepcionado na ordem jur\u00eddica brasileira, depois de sua assinatura no \u00e2mbito internacional, com efeitos de lei federal.<\/p>\n<p>Mas quando o instrumento internacional \u00e9 sobre direitos humanos, o procedimento pode ser mais complexo e longo, a fim de conferir o car\u00e1ter de emenda constitucional ao tratado ou conven\u00e7\u00e3o, colocando o seu texto no topo da hierarquia de normas do Direito brasileiro.<\/p>\n<p>Depois de aprovada por tr\u00eas quintos dos votos da C\u00e2mara dos Deputados, em dois turnos, a ratifica\u00e7\u00e3o da Conven\u00e7\u00e3o Interamericana contra o Racismo agora segue para o Senado. Havendo sua aprova\u00e7\u00e3o tamb\u00e9m em dois turnos e por tr\u00eas quintos dos votos, o texto da Conven\u00e7\u00e3o ser\u00e1 submetido \u00e0 san\u00e7\u00e3o presidencial.<\/p>\n<hr \/>\n<p><strong>O texto integral da Conven\u00e7\u00e3o pode ser consultado no seguinte link: <a href=\"https:\/\/www.camara.leg.br\/proposicoesWeb\/fichadetramitacao?idProposicao=2164132\" target=\"_blank\" rel=\"noopener noreferrer\">PDC 861\/2017<\/a><\/strong><\/p>\n","protected":false},"excerpt":{"rendered":"<p>Em 9 de dezembro, um dia antes do anivers\u00e1rio de 72 da Declara\u00e7\u00e3o Universal de Direitos Humanos, a C\u00e2mara dos Deputados aprovou a ratifica\u00e7\u00e3o da Conven\u00e7\u00e3o Interamericana contra o Racismo com status de norma constitucional. O texto segue agora para vota\u00e7\u00e3o no Senado. Via de regra, um tratado ou conven\u00e7\u00e3o internacional \u00e9 recepcionado na ordem [&hellip;]<\/p>\n","protected":false},"author":1,"featured_media":3305,"comment_status":"open","ping_status":"open","sticky":false,"template":"","format":"standard","meta":{"_acf_changed":false,"om_disable_all_campaigns":false,"_monsterinsights_skip_tracking":false,"_monsterinsights_sitenote_active":false,"_monsterinsights_sitenote_note":"","_monsterinsights_sitenote_category":0,"_uf_show_specific_survey":0,"_uf_disable_surveys":false,"footnotes":""},"categories":[211],"tags":[212,208,203,209,100,204,65,5,205,14,213,207],"class_list":["post-3304","post","type-post","status-publish","format-standard","hentry","category-nota","tag-convencao","tag-desigualdade-de-genero","tag-governo","tag-mercado-de-trabalho","tag-mulheres","tag-objetivos","tag-ods","tag-onu","tag-poder-executivo","tag-politica","tag-racismo","tag-stf"],"acf":[],"aioseo_notices":[],"yoast_head":"<!-- This site is optimized with the Yoast SEO plugin v27.5 - https:\/\/yoast.com\/product\/yoast-seo-wordpress\/ -->\n<title>Conven\u00e7\u00e3o Interamericana contra o racismo<\/title>\n<meta name=\"description\" content=\"Em 09 de dezembro, um dia antes do anivers\u00e1rio de 72 da Declara\u00e7\u00e3oUniversal de Direitos Humanos, a C\u00e2mara dos Deputados aprovou a ratifica\u00e7\u00e3oda Conven\u00e7\u00e3o Interamericana contra o Racismo com status de normaconstitucional. O\" \/>\n<meta name=\"robots\" content=\"index, follow, max-snippet:-1, max-image-preview:large, max-video-preview:-1\" \/>\n<link rel=\"canonical\" href=\"https:\/\/globalattitude.org.br\/convencao-interamericana-contra-o-racismo\/\" \/>\n<meta property=\"og:locale\" content=\"en_US\" \/>\n<meta property=\"og:type\" content=\"article\" \/>\n<meta property=\"og:title\" content=\"Conven\u00e7\u00e3o Interamericana contra o racismo\" \/>\n<meta property=\"og:description\" content=\"Em 09 de dezembro, um dia antes do anivers\u00e1rio de 72 da Declara\u00e7\u00e3oUniversal de Direitos Humanos, a C\u00e2mara dos Deputados aprovou a ratifica\u00e7\u00e3oda Conven\u00e7\u00e3o Interamericana contra o Racismo com status de normaconstitucional. O\" \/>\n<meta property=\"og:url\" content=\"https:\/\/globalattitude.org.br\/convencao-interamericana-contra-o-racismo\/\" \/>\n<meta property=\"og:site_name\" content=\"Instituto Global Attitude\" \/>\n<meta property=\"article:publisher\" content=\"https:\/\/www.facebook.com\/global.attitude.org\/\" \/>\n<meta property=\"article:published_time\" content=\"2020-12-16T20:34:52+00:00\" \/>\n<meta property=\"article:modified_time\" content=\"2023-04-28T20:21:37+00:00\" \/>\n<meta property=\"og:image\" content=\"https:\/\/globalattitude.org.br\/wp-content\/uploads\/2023\/03\/black-live-matter-5278646_1920-1200x928.png\" \/>\n\t<meta property=\"og:image:width\" content=\"1920\" \/>\n\t<meta property=\"og:image:height\" content=\"1484\" \/>\n\t<meta property=\"og:image:type\" content=\"image\/png\" \/>\n<meta name=\"author\" content=\"123esite\" \/>\n<meta name=\"twitter:card\" content=\"summary_large_image\" \/>\n<meta name=\"twitter:creator\" content=\"@global_attitude\" \/>\n<meta name=\"twitter:site\" content=\"@global_attitude\" \/>\n<meta name=\"twitter:label1\" content=\"Written by\" \/>\n\t<meta name=\"twitter:data1\" content=\"123esite\" \/>\n\t<meta name=\"twitter:label2\" content=\"Est. reading time\" \/>\n\t<meta name=\"twitter:data2\" content=\"1 minute\" \/>\n<script type=\"application\/ld+json\" class=\"yoast-schema-graph\">{\"@context\":\"https:\\\/\\\/schema.org\",\"@graph\":[{\"@type\":[\"Article\",\"BlogPosting\"],\"@id\":\"https:\\\/\\\/globalattitude.org.br\\\/convencao-interamericana-contra-o-racismo\\\/#article\",\"isPartOf\":{\"@id\":\"https:\\\/\\\/globalattitude.org.br\\\/convencao-interamericana-contra-o-racismo\\\/\"},\"author\":{\"name\":\"123esite\",\"@id\":\"http:\\\/\\\/globalattitude.org.br\\\/#\\\/schema\\\/person\\\/6d308f9d9d1eebad0278ad9386f13169\"},\"headline\":\"Conven\u00e7\u00e3o Interamericana contra o racismo\",\"datePublished\":\"2020-12-16T20:34:52+00:00\",\"dateModified\":\"2023-04-28T20:21:37+00:00\",\"mainEntityOfPage\":{\"@id\":\"https:\\\/\\\/globalattitude.org.br\\\/convencao-interamericana-contra-o-racismo\\\/\"},\"wordCount\":195,\"commentCount\":0,\"publisher\":{\"@id\":\"http:\\\/\\\/globalattitude.org.br\\\/#organization\"},\"image\":{\"@id\":\"https:\\\/\\\/globalattitude.org.br\\\/convencao-interamericana-contra-o-racismo\\\/#primaryimage\"},\"thumbnailUrl\":\"https:\\\/\\\/globalattitude.org.br\\\/wp-content\\\/uploads\\\/2023\\\/03\\\/black-live-matter-5278646_1920-1200x928.png\",\"keywords\":[\"convencao\",\"desigualdade de genero\",\"governo\",\"Mercado de trabalho\",\"Mulheres\",\"objetivos\",\"ods\",\"ONU\",\"poder executivo\",\"Pol\u00edtica\",\"racismo\",\"stf\"],\"articleSection\":[\"Nota\"],\"inLanguage\":\"en-US\",\"potentialAction\":[{\"@type\":\"CommentAction\",\"name\":\"Comment\",\"target\":[\"https:\\\/\\\/globalattitude.org.br\\\/convencao-interamericana-contra-o-racismo\\\/#respond\"]}]},{\"@type\":\"WebPage\",\"@id\":\"https:\\\/\\\/globalattitude.org.br\\\/convencao-interamericana-contra-o-racismo\\\/\",\"url\":\"https:\\\/\\\/globalattitude.org.br\\\/convencao-interamericana-contra-o-racismo\\\/\",\"name\":\"Conven\u00e7\u00e3o Interamericana contra o racismo\",\"isPartOf\":{\"@id\":\"http:\\\/\\\/globalattitude.org.br\\\/#website\"},\"primaryImageOfPage\":{\"@id\":\"https:\\\/\\\/globalattitude.org.br\\\/convencao-interamericana-contra-o-racismo\\\/#primaryimage\"},\"image\":{\"@id\":\"https:\\\/\\\/globalattitude.org.br\\\/convencao-interamericana-contra-o-racismo\\\/#primaryimage\"},\"thumbnailUrl\":\"https:\\\/\\\/globalattitude.org.br\\\/wp-content\\\/uploads\\\/2023\\\/03\\\/black-live-matter-5278646_1920-1200x928.png\",\"datePublished\":\"2020-12-16T20:34:52+00:00\",\"dateModified\":\"2023-04-28T20:21:37+00:00\",\"description\":\"Em 09 de dezembro, um dia antes do anivers\u00e1rio de 72 da Declara\u00e7\u00e3oUniversal de Direitos Humanos, a C\u00e2mara dos Deputados aprovou a ratifica\u00e7\u00e3oda Conven\u00e7\u00e3o Interamericana contra o Racismo com status de normaconstitucional. O\",\"breadcrumb\":{\"@id\":\"https:\\\/\\\/globalattitude.org.br\\\/convencao-interamericana-contra-o-racismo\\\/#breadcrumb\"},\"inLanguage\":\"en-US\",\"potentialAction\":[{\"@type\":\"ReadAction\",\"target\":[\"https:\\\/\\\/globalattitude.org.br\\\/convencao-interamericana-contra-o-racismo\\\/\"]}]},{\"@type\":\"ImageObject\",\"inLanguage\":\"en-US\",\"@id\":\"https:\\\/\\\/globalattitude.org.br\\\/convencao-interamericana-contra-o-racismo\\\/#primaryimage\",\"url\":\"https:\\\/\\\/globalattitude.org.br\\\/wp-content\\\/uploads\\\/2023\\\/03\\\/black-live-matter-5278646_1920-1200x928.png\",\"contentUrl\":\"https:\\\/\\\/globalattitude.org.br\\\/wp-content\\\/uploads\\\/2023\\\/03\\\/black-live-matter-5278646_1920-1200x928.png\",\"width\":1920,\"height\":1484},{\"@type\":\"BreadcrumbList\",\"@id\":\"https:\\\/\\\/globalattitude.org.br\\\/convencao-interamericana-contra-o-racismo\\\/#breadcrumb\",\"itemListElement\":[{\"@type\":\"ListItem\",\"position\":1,\"name\":\"In\u00edcio\",\"item\":\"https:\\\/\\\/globalattitude.org.br\\\/en\\\/\"},{\"@type\":\"ListItem\",\"position\":2,\"name\":\"Conven\u00e7\u00e3o Interamericana contra o racismo\"}]},{\"@type\":\"WebSite\",\"@id\":\"http:\\\/\\\/globalattitude.org.br\\\/#website\",\"url\":\"http:\\\/\\\/globalattitude.org.br\\\/\",\"name\":\"Instituto Global Attitude\",\"description\":\"\",\"publisher\":{\"@id\":\"http:\\\/\\\/globalattitude.org.br\\\/#organization\"},\"potentialAction\":[{\"@type\":\"SearchAction\",\"target\":{\"@type\":\"EntryPoint\",\"urlTemplate\":\"http:\\\/\\\/globalattitude.org.br\\\/?s={search_term_string}\"},\"query-input\":{\"@type\":\"PropertyValueSpecification\",\"valueRequired\":true,\"valueName\":\"search_term_string\"}}],\"inLanguage\":\"en-US\"},{\"@type\":\"Organization\",\"@id\":\"http:\\\/\\\/globalattitude.org.br\\\/#organization\",\"name\":\"Instituto Global Attitude\",\"url\":\"http:\\\/\\\/globalattitude.org.br\\\/\",\"logo\":{\"@type\":\"ImageObject\",\"inLanguage\":\"en-US\",\"@id\":\"http:\\\/\\\/globalattitude.org.br\\\/#\\\/schema\\\/logo\\\/image\\\/\",\"url\":\"https:\\\/\\\/globalattitude.org.br\\\/wp-content\\\/uploads\\\/2023\\\/01\\\/instituto-global-attitude-color.png\",\"contentUrl\":\"https:\\\/\\\/globalattitude.org.br\\\/wp-content\\\/uploads\\\/2023\\\/01\\\/instituto-global-attitude-color.png\",\"width\":300,\"height\":131,\"caption\":\"Instituto Global Attitude\"},\"image\":{\"@id\":\"http:\\\/\\\/globalattitude.org.br\\\/#\\\/schema\\\/logo\\\/image\\\/\"},\"sameAs\":[\"https:\\\/\\\/www.facebook.com\\\/global.attitude.org\\\/\",\"https:\\\/\\\/x.com\\\/global_attitude\",\"https:\\\/\\\/www.instagram.com\\\/globalattitude\",\"https:\\\/\\\/www.linkedin.com\\\/company\\\/global-attitude\\\/?viewAsMember=true\"]},{\"@type\":\"Person\",\"@id\":\"http:\\\/\\\/globalattitude.org.br\\\/#\\\/schema\\\/person\\\/6d308f9d9d1eebad0278ad9386f13169\",\"name\":\"123esite\",\"image\":{\"@type\":\"ImageObject\",\"inLanguage\":\"en-US\",\"@id\":\"https:\\\/\\\/secure.gravatar.com\\\/avatar\\\/07bd71fac19f42004f2b73567f012e126689afdb23cb0017536dea9113ba1806?s=96&d=mm&r=g\",\"url\":\"https:\\\/\\\/secure.gravatar.com\\\/avatar\\\/07bd71fac19f42004f2b73567f012e126689afdb23cb0017536dea9113ba1806?s=96&d=mm&r=g\",\"contentUrl\":\"https:\\\/\\\/secure.gravatar.com\\\/avatar\\\/07bd71fac19f42004f2b73567f012e126689afdb23cb0017536dea9113ba1806?s=96&d=mm&r=g\",\"caption\":\"123esite\"},\"sameAs\":[\"http:\\\/\\\/globalattitude.org.br\"],\"url\":\"https:\\\/\\\/globalattitude.org.br\\\/en\\\/author\\\/123esite\\\/\"}]}<\/script>\n<!-- \/ Yoast SEO plugin. -->","yoast_head_json":{"title":"Conven\u00e7\u00e3o Interamericana contra o racismo","description":"Em 09 de dezembro, um dia antes do anivers\u00e1rio de 72 da Declara\u00e7\u00e3oUniversal de Direitos Humanos, a C\u00e2mara dos Deputados aprovou a ratifica\u00e7\u00e3oda Conven\u00e7\u00e3o Interamericana contra o Racismo com status de normaconstitucional. O","robots":{"index":"index","follow":"follow","max-snippet":"max-snippet:-1","max-image-preview":"max-image-preview:large","max-video-preview":"max-video-preview:-1"},"canonical":"https:\/\/globalattitude.org.br\/convencao-interamericana-contra-o-racismo\/","og_locale":"en_US","og_type":"article","og_title":"Conven\u00e7\u00e3o Interamericana contra o racismo","og_description":"Em 09 de dezembro, um dia antes do anivers\u00e1rio de 72 da Declara\u00e7\u00e3oUniversal de Direitos Humanos, a C\u00e2mara dos Deputados aprovou a ratifica\u00e7\u00e3oda Conven\u00e7\u00e3o Interamericana contra o Racismo com status de normaconstitucional. O","og_url":"https:\/\/globalattitude.org.br\/convencao-interamericana-contra-o-racismo\/","og_site_name":"Instituto Global Attitude","article_publisher":"https:\/\/www.facebook.com\/global.attitude.org\/","article_published_time":"2020-12-16T20:34:52+00:00","article_modified_time":"2023-04-28T20:21:37+00:00","og_image":[{"width":1920,"height":1484,"url":"https:\/\/globalattitude.org.br\/wp-content\/uploads\/2023\/03\/black-live-matter-5278646_1920-1200x928.png","type":"image\/png"}],"author":"123esite","twitter_card":"summary_large_image","twitter_creator":"@global_attitude","twitter_site":"@global_attitude","twitter_misc":{"Written by":"123esite","Est. reading time":"1 minute"},"schema":{"@context":"https:\/\/schema.org","@graph":[{"@type":["Article","BlogPosting"],"@id":"https:\/\/globalattitude.org.br\/convencao-interamericana-contra-o-racismo\/#article","isPartOf":{"@id":"https:\/\/globalattitude.org.br\/convencao-interamericana-contra-o-racismo\/"},"author":{"name":"123esite","@id":"http:\/\/globalattitude.org.br\/#\/schema\/person\/6d308f9d9d1eebad0278ad9386f13169"},"headline":"Conven\u00e7\u00e3o Interamericana contra o racismo","datePublished":"2020-12-16T20:34:52+00:00","dateModified":"2023-04-28T20:21:37+00:00","mainEntityOfPage":{"@id":"https:\/\/globalattitude.org.br\/convencao-interamericana-contra-o-racismo\/"},"wordCount":195,"commentCount":0,"publisher":{"@id":"http:\/\/globalattitude.org.br\/#organization"},"image":{"@id":"https:\/\/globalattitude.org.br\/convencao-interamericana-contra-o-racismo\/#primaryimage"},"thumbnailUrl":"https:\/\/globalattitude.org.br\/wp-content\/uploads\/2023\/03\/black-live-matter-5278646_1920-1200x928.png","keywords":["convencao","desigualdade de genero","governo","Mercado de trabalho","Mulheres","objetivos","ods","ONU","poder executivo","Pol\u00edtica","racismo","stf"],"articleSection":["Nota"],"inLanguage":"en-US","potentialAction":[{"@type":"CommentAction","name":"Comment","target":["https:\/\/globalattitude.org.br\/convencao-interamericana-contra-o-racismo\/#respond"]}]},{"@type":"WebPage","@id":"https:\/\/globalattitude.org.br\/convencao-interamericana-contra-o-racismo\/","url":"https:\/\/globalattitude.org.br\/convencao-interamericana-contra-o-racismo\/","name":"Conven\u00e7\u00e3o Interamericana contra o racismo","isPartOf":{"@id":"http:\/\/globalattitude.org.br\/#website"},"primaryImageOfPage":{"@id":"https:\/\/globalattitude.org.br\/convencao-interamericana-contra-o-racismo\/#primaryimage"},"image":{"@id":"https:\/\/globalattitude.org.br\/convencao-interamericana-contra-o-racismo\/#primaryimage"},"thumbnailUrl":"https:\/\/globalattitude.org.br\/wp-content\/uploads\/2023\/03\/black-live-matter-5278646_1920-1200x928.png","datePublished":"2020-12-16T20:34:52+00:00","dateModified":"2023-04-28T20:21:37+00:00","description":"Em 09 de dezembro, um dia antes do anivers\u00e1rio de 72 da Declara\u00e7\u00e3oUniversal de Direitos Humanos, a C\u00e2mara dos Deputados aprovou a ratifica\u00e7\u00e3oda Conven\u00e7\u00e3o Interamericana contra o Racismo com status de normaconstitucional. O","breadcrumb":{"@id":"https:\/\/globalattitude.org.br\/convencao-interamericana-contra-o-racismo\/#breadcrumb"},"inLanguage":"en-US","potentialAction":[{"@type":"ReadAction","target":["https:\/\/globalattitude.org.br\/convencao-interamericana-contra-o-racismo\/"]}]},{"@type":"ImageObject","inLanguage":"en-US","@id":"https:\/\/globalattitude.org.br\/convencao-interamericana-contra-o-racismo\/#primaryimage","url":"https:\/\/globalattitude.org.br\/wp-content\/uploads\/2023\/03\/black-live-matter-5278646_1920-1200x928.png","contentUrl":"https:\/\/globalattitude.org.br\/wp-content\/uploads\/2023\/03\/black-live-matter-5278646_1920-1200x928.png","width":1920,"height":1484},{"@type":"BreadcrumbList","@id":"https:\/\/globalattitude.org.br\/convencao-interamericana-contra-o-racismo\/#breadcrumb","itemListElement":[{"@type":"ListItem","position":1,"name":"In\u00edcio","item":"https:\/\/globalattitude.org.br\/en\/"},{"@type":"ListItem","position":2,"name":"Conven\u00e7\u00e3o Interamericana contra o racismo"}]},{"@type":"WebSite","@id":"http:\/\/globalattitude.org.br\/#website","url":"http:\/\/globalattitude.org.br\/","name":"Instituto Global Attitude","description":"","publisher":{"@id":"http:\/\/globalattitude.org.br\/#organization"},"potentialAction":[{"@type":"SearchAction","target":{"@type":"EntryPoint","urlTemplate":"http:\/\/globalattitude.org.br\/?s={search_term_string}"},"query-input":{"@type":"PropertyValueSpecification","valueRequired":true,"valueName":"search_term_string"}}],"inLanguage":"en-US"},{"@type":"Organization","@id":"http:\/\/globalattitude.org.br\/#organization","name":"Instituto Global Attitude","url":"http:\/\/globalattitude.org.br\/","logo":{"@type":"ImageObject","inLanguage":"en-US","@id":"http:\/\/globalattitude.org.br\/#\/schema\/logo\/image\/","url":"https:\/\/globalattitude.org.br\/wp-content\/uploads\/2023\/01\/instituto-global-attitude-color.png","contentUrl":"https:\/\/globalattitude.org.br\/wp-content\/uploads\/2023\/01\/instituto-global-attitude-color.png","width":300,"height":131,"caption":"Instituto Global Attitude"},"image":{"@id":"http:\/\/globalattitude.org.br\/#\/schema\/logo\/image\/"},"sameAs":["https:\/\/www.facebook.com\/global.attitude.org\/","https:\/\/x.com\/global_attitude","https:\/\/www.instagram.com\/globalattitude","https:\/\/www.linkedin.com\/company\/global-attitude\/?viewAsMember=true"]},{"@type":"Person","@id":"http:\/\/globalattitude.org.br\/#\/schema\/person\/6d308f9d9d1eebad0278ad9386f13169","name":"123esite","image":{"@type":"ImageObject","inLanguage":"en-US","@id":"https:\/\/secure.gravatar.com\/avatar\/07bd71fac19f42004f2b73567f012e126689afdb23cb0017536dea9113ba1806?s=96&d=mm&r=g","url":"https:\/\/secure.gravatar.com\/avatar\/07bd71fac19f42004f2b73567f012e126689afdb23cb0017536dea9113ba1806?s=96&d=mm&r=g","contentUrl":"https:\/\/secure.gravatar.com\/avatar\/07bd71fac19f42004f2b73567f012e126689afdb23cb0017536dea9113ba1806?s=96&d=mm&r=g","caption":"123esite"},"sameAs":["http:\/\/globalattitude.org.br"],"url":"https:\/\/globalattitude.org.br\/en\/author\/123esite\/"}]}},"_links":{"self":[{"href":"https:\/\/globalattitude.org.br\/en\/wp-json\/wp\/v2\/posts\/3304","targetHints":{"allow":["GET"]}}],"collection":[{"href":"https:\/\/globalattitude.org.br\/en\/wp-json\/wp\/v2\/posts"}],"about":[{"href":"https:\/\/globalattitude.org.br\/en\/wp-json\/wp\/v2\/types\/post"}],"author":[{"embeddable":true,"href":"https:\/\/globalattitude.org.br\/en\/wp-json\/wp\/v2\/users\/1"}],"replies":[{"embeddable":true,"href":"https:\/\/globalattitude.org.br\/en\/wp-json\/wp\/v2\/comments?post=3304"}],"version-history":[{"count":3,"href":"https:\/\/globalattitude.org.br\/en\/wp-json\/wp\/v2\/posts\/3304\/revisions"}],"predecessor-version":[{"id":3748,"href":"https:\/\/globalattitude.org.br\/en\/wp-json\/wp\/v2\/posts\/3304\/revisions\/3748"}],"wp:featuredmedia":[{"embeddable":true,"href":"https:\/\/globalattitude.org.br\/en\/wp-json\/wp\/v2\/media\/3305"}],"wp:attachment":[{"href":"https:\/\/globalattitude.org.br\/en\/wp-json\/wp\/v2\/media?parent=3304"}],"wp:term":[{"taxonomy":"category","embeddable":true,"href":"https:\/\/globalattitude.org.br\/en\/wp-json\/wp\/v2\/categories?post=3304"},{"taxonomy":"post_tag","embeddable":true,"href":"https:\/\/globalattitude.org.br\/en\/wp-json\/wp\/v2\/tags?post=3304"}],"curies":[{"name":"wp","href":"https:\/\/api.w.org\/{rel}","templated":true}]}}