{"id":3306,"date":"2021-01-14T14:18:14","date_gmt":"2021-01-14T17:18:14","guid":{"rendered":"https:\/\/globalattitude.org.br\/politicas-publicas-e-juventude\/"},"modified":"2023-04-28T17:02:51","modified_gmt":"2023-04-28T20:02:51","slug":"politicas-publicas-e-juventude","status":"publish","type":"post","link":"https:\/\/globalattitude.org.br\/en\/politicas-publicas-e-juventude\/","title":{"rendered":"Desafios e caminhos na constitui\u00e7\u00e3o das pol\u00edticas p\u00fablicas de juventude"},"content":{"rendered":"<p><span style=\"font-weight: 400;\">Uma na\u00e7\u00e3o predominantemente jovem. A pluralidade caracter\u00edstica em nosso pa\u00eds demanda uma variedade de pol\u00edticas p\u00fablicas que possam oferecer alternativas e ferramentas que evitem a propaga\u00e7\u00e3o de desigualdades estruturais que limitam narrativas individuais. Essa valoriza\u00e7\u00e3o se d\u00e1 por meio do investimento em pol\u00edticas voltadas para o combate aos abismos presenciados ainda nos dias de hoje, principalmente \u00e0s mais <\/span><span style=\"font-weight: 400;\">diversas realidades existentes <strong><em>(jovens perif\u00e9ricos, quilombolas, rurais, ribeirinhos e ind\u00edgenas,<\/em><\/strong><\/span><strong><em> LGBTQIA+<\/em><\/strong><span style=\"font-weight: 400;\"><strong><em> e outros)<\/em> <\/strong>rodeados de desigualdades estruturais de ra\u00e7a, g\u00eanero, classe social e territ\u00f3rios<\/span><span style=\"font-weight: 400;\">. Antes de propor alternativas para promover autonomia e emancipa\u00e7\u00e3o desses jovens, uma leitura \u00e9 necess\u00e1ria para a compreens\u00e3o de s\u00e9culos de desigualdade institucionalizada.\u00a0<\/span><\/p>\n<p><span style=\"font-weight: 400;\">A evolu\u00e7\u00e3o hist\u00f3rica das pol\u00edticas de juventude foi determinada pelos problemas de exclus\u00e3o dos jovens da sociedade e os desafios da transi\u00e7\u00e3o e participa\u00e7\u00e3o no mundo adulto.<\/span><span style=\"font-weight: 400;\"> No Brasil, s\u00e3o cerca de\u00a047 milh\u00f5es de jovens<\/span><b>\u00a0<\/b><span style=\"font-weight: 400;\">(entre 15 e 29 anos)<\/span> <span style=\"font-weight: 400;\">(<a href=\"https:\/\/agenciadenoticias.ibge.gov.br\/agencia-sala-de-imprensa\/2013-agencia-de-noticias\/releases\/21253-pnad-continua-2017-numero-de-jovens-que-nao-estudam-nem-trabalham-ou-se-qualificam-cresce-5-9-em-um-ano#:~:text=Pr%C3%B3ximas%20divulga%C3%A7%C3%B5es-,PNAD%20Cont%C3%ADnua%202017%3A%20n%C3%BAmero%20de%20jovens%20que%20n%C3%A3o%20estudam%20nem,5%2C9%25%20em%20um%20ano&amp;text=Em%202017%2C%20das%2048%2C5,21%2C9%25%20em%202016\">IBGE, 2019<\/a>), a <\/span><span style=\"font-weight: 400;\">faixa et\u00e1ria de abrang\u00eancia dos programas \u00e9 ampla, pela Organiza\u00e7\u00e3o das Na\u00e7\u00f5es Unidas (ONU) \u00e9 definida dos 14 aos 24 (<a href=\"https:\/\/pt.unesco.org\/fieldoffice\/brasilia\/expertise\/youth-brasil\">UNESCO, 2020<\/a>), embora alguns ampliem essa faixa at\u00e9 29 anos, como define a Organiza\u00e7\u00e3o Internacional da Juventude (OIJ).\u00a0<\/span><\/p>\n<p><span style=\"font-weight: 400;\">No \u00e2mbito de uma concep\u00e7\u00e3o ampliada de direitos, deu-se pelo Estatuto da Crian\u00e7a e Adolescente (ECA- lei federal n\u00ba 8.069), promulgado em 1990. Uma proposta de uma Pol\u00edtica Nacional de Juventude s\u00f3 ocorreria em 2004 e o Estatuto da Juventude s\u00f3 seria transformado em lei em 2013 (lei federal n\u00b0 12.852). A Constitui\u00e7\u00e3o Federal de 1988 que, a partir da Emenda Constitucional 65\/2010, sofreu altera\u00e7\u00e3o com a inser\u00e7\u00e3o dos termos<em><strong> \u201cjovem\u201d e \u201cjuventude\u201d<\/strong><\/em>, apontando a especificidade desse p\u00fablico e destacando-o, como j\u00e1 estavam as crian\u00e7as e os adolescentes. Essa lei de 2013 oferece o status<\/span> <span style=\"font-weight: 400;\">de sujeitos portadores de direitos, determina a cria\u00e7\u00e3o de um sistema de abrang\u00eancia nacional com o objetivo de reunir as iniciativas voltadas para a juventude brasileira. A cria\u00e7\u00e3o de uma secretaria espec\u00edfica para o atendimento desta faixa et\u00e1ria ocorreu apenas em 2005. Foram iniciativas tardias. A cria\u00e7\u00e3o da Pol\u00edtica Nacional de Juventude representou avan\u00e7os no reconhecimento dos jovens como sujeitos de direitos, propondo a coopera\u00e7\u00e3o entre a Uni\u00e3o, os Estados, o Distrito Federal e os Munic\u00edpios na promo\u00e7\u00e3o da participa\u00e7\u00e3o social, formula\u00e7\u00e3o, implementa\u00e7\u00e3o, acompanhamento, avalia\u00e7\u00e3o e controle social das pol\u00edticas p\u00fablicas de juventude.\u00a0<\/span><\/p>\n<p><span style=\"font-weight: 400;\">S\u00e3o diversas as pol\u00edticas p\u00fablicas, especialmente no que diz respeito \u00e0 prote\u00e7\u00e3o social, \u00e0 inser\u00e7\u00e3o profissional, ao combate \u00e0 viol\u00eancia e \u00e0 participa\u00e7\u00e3o cidad\u00e3. Temas como educa\u00e7\u00e3o, trabalho, sa\u00fade e cultura devem ser aprofundados para atender \u00e0s necessidades espec\u00edficas, respeitando suas trajet\u00f3rias e diversidades, e para assegurar direitos, como o direito \u00e0 participa\u00e7\u00e3o social, ao territ\u00f3rio, \u00e0 livre orienta\u00e7\u00e3o sexual e \u00e0 sustentabilidade. \u00c9 not\u00f3rio que n\u00e3o basta criar leis, pol\u00edticas p\u00fablicas e projetos, mas estabelecer mecanismos que assegurem a sua implementa\u00e7\u00e3o. Trata-se de somar esfor\u00e7os junto \u00e0 juventude, para que a partir de suas demandas reais, sejam poss\u00edveis di\u00e1logos no seu desenvolvimento integral, garantindo-lhes igualdade de acessos e oportunidades. Uma fase singular da vida, que pressup\u00f5e o reconhecimento de seus direitos e deveres espec\u00edficos.\u00a0<\/span><\/p>\n<hr \/>\n<h5><span style=\"font-size: 8pt;\">O post cont\u00e9m refer\u00eancias no corpo do texto e outros nos seguintes links:<\/span><\/h5>\n<h5><span style=\"font-size: 8pt;\"> <a href=\"https:\/\/sinajuve.ibict.br\/\">SINAJUVE <\/a><\/span><\/h5>\n<h5><span style=\"font-size: 8pt;\"><a href=\"https:\/\/www.ipea.gov.br\/participacao\/images\/pdfs\/participacao\/politicas%20de%20juventude1.pdf\">Esta\u00e7\u00e3o Juventude: Pontos de partida para uma reflex\u00e3o sobre pol\u00edticas p\u00fablicas<\/a><\/span><\/h5>\n<p><span style=\"font-size: 8pt;\"><a href=\"https:\/\/www.redalyc.org\/pdf\/305\/30554026003.pdf\">Pol\u00edticas P\u00fablicas e Juventude<\/a><\/span><\/p>\n<p><span style=\"font-size: 8pt;\"><span style=\"font-weight: 400;\">KERBAUY<\/span><i><span style=\"font-weight: 400;\">, <\/span><\/i><span style=\"font-weight: 400;\">Maria Teresa Miceli<\/span><i><span style=\"font-weight: 400;\">. <\/span><\/i><span style=\"font-weight: 400;\">Pol\u00edticas de juventude: Pol\u00edticas P\u00fablicas ou Pol\u00edticas governamentais?.<\/span> <span style=\"font-weight: 400;\">Estudos de Sociologia, Araraquara, 18\/19, 193-203, 2005. <\/span><\/span><\/p>\n<p><span style=\"font-size: 8pt;\"><a href=\"https:\/\/ppsinajuve.ibict.br\/jspui\/bitstream\/123456789\/226\/1\/MMFDH_sistemanacionaldejuventude_2019.pdf\">Sistema Nacional da Juventude: Uma gest\u00e3o conectada e interativa<\/a><\/span><\/p>\n","protected":false},"excerpt":{"rendered":"<p>Uma na\u00e7\u00e3o predominantemente jovem. A pluralidade caracter\u00edstica em nosso pa\u00eds demanda uma variedade de pol\u00edticas p\u00fablicas que possam oferecer alternativas e ferramentas que evitem a propaga\u00e7\u00e3o de desigualdades estruturais que limitam narrativas individuais. Essa valoriza\u00e7\u00e3o se d\u00e1 por meio do investimento em pol\u00edticas voltadas para o combate aos abismos presenciados ainda nos dias de hoje, [&hellip;]<\/p>\n","protected":false},"author":1,"featured_media":3307,"comment_status":"open","ping_status":"open","sticky":false,"template":"","format":"standard","meta":{"_acf_changed":false,"om_disable_all_campaigns":false,"_monsterinsights_skip_tracking":false,"_monsterinsights_sitenote_active":false,"_monsterinsights_sitenote_note":"","_monsterinsights_sitenote_category":0,"_uf_show_specific_survey":0,"_uf_disable_surveys":false,"footnotes":""},"categories":[211,35],"tags":[15,208,16,144,214,203,209,100,204,5,215,205,14,216,213],"class_list":["post-3306","post","type-post","status-publish","format-standard","hentry","category-nota","category-opiniao","tag-conselho-de-juventude","tag-desigualdade-de-genero","tag-ecosoc-youth-forum","tag-empoderamento","tag-forum-da-juventude","tag-governo","tag-mercado-de-trabalho","tag-mulheres","tag-objetivos","tag-onu","tag-oportunidade","tag-poder-executivo","tag-politica","tag-politicas-publicas","tag-racismo"],"acf":[],"aioseo_notices":[],"yoast_head":"<!-- This site is optimized with the Yoast SEO plugin v27.5 - https:\/\/yoast.com\/product\/yoast-seo-wordpress\/ -->\n<title>Desafios e caminhos na constitui\u00e7\u00e3o das pol\u00edticas p\u00fablicas de juventude<\/title>\n<meta name=\"description\" content=\"A evolu\u00e7\u00e3o hist\u00f3rica das pol\u00edticas de juventude foi determinada pelos problemas de exclus\u00e3o dos jovens da sociedade.\" \/>\n<meta name=\"robots\" content=\"index, follow, max-snippet:-1, max-image-preview:large, max-video-preview:-1\" \/>\n<link rel=\"canonical\" href=\"https:\/\/globalattitude.org.br\/en\/politicas-publicas-e-juventude\/\" \/>\n<meta property=\"og:locale\" content=\"en_US\" \/>\n<meta property=\"og:type\" content=\"article\" \/>\n<meta property=\"og:title\" content=\"Desafios e caminhos na constitui\u00e7\u00e3o das pol\u00edticas p\u00fablicas de juventude\" \/>\n<meta property=\"og:description\" content=\"A evolu\u00e7\u00e3o hist\u00f3rica das pol\u00edticas de juventude foi determinada pelos problemas de exclus\u00e3o dos jovens da sociedade.\" \/>\n<meta property=\"og:url\" content=\"https:\/\/globalattitude.org.br\/en\/politicas-publicas-e-juventude\/\" \/>\n<meta property=\"og:site_name\" content=\"Instituto Global Attitude\" \/>\n<meta property=\"article:publisher\" content=\"https:\/\/www.facebook.com\/global.attitude.org\/\" \/>\n<meta property=\"article:published_time\" content=\"2021-01-14T17:18:14+00:00\" \/>\n<meta property=\"article:modified_time\" content=\"2023-04-28T20:02:51+00:00\" \/>\n<meta property=\"og:image\" content=\"https:\/\/globalattitude.org.br\/wp-content\/uploads\/2023\/03\/pol-social.jpg\" \/>\n\t<meta property=\"og:image:width\" content=\"600\" \/>\n\t<meta property=\"og:image:height\" content=\"350\" \/>\n\t<meta property=\"og:image:type\" content=\"image\/jpeg\" \/>\n<meta name=\"author\" content=\"123esite\" \/>\n<meta name=\"twitter:card\" content=\"summary_large_image\" \/>\n<meta name=\"twitter:creator\" content=\"@global_attitude\" \/>\n<meta name=\"twitter:site\" content=\"@global_attitude\" \/>\n<meta name=\"twitter:label1\" content=\"Written by\" \/>\n\t<meta name=\"twitter:data1\" content=\"123esite\" \/>\n\t<meta name=\"twitter:label2\" content=\"Est. reading time\" \/>\n\t<meta name=\"twitter:data2\" content=\"4 minutes\" \/>\n<script type=\"application\/ld+json\" class=\"yoast-schema-graph\">{\"@context\":\"https:\\\/\\\/schema.org\",\"@graph\":[{\"@type\":[\"Article\",\"BlogPosting\"],\"@id\":\"https:\\\/\\\/globalattitude.org.br\\\/en\\\/politicas-publicas-e-juventude\\\/#article\",\"isPartOf\":{\"@id\":\"https:\\\/\\\/globalattitude.org.br\\\/en\\\/politicas-publicas-e-juventude\\\/\"},\"author\":{\"name\":\"123esite\",\"@id\":\"http:\\\/\\\/globalattitude.org.br\\\/#\\\/schema\\\/person\\\/6d308f9d9d1eebad0278ad9386f13169\"},\"headline\":\"Desafios e caminhos na constitui\u00e7\u00e3o das pol\u00edticas p\u00fablicas de juventude\",\"datePublished\":\"2021-01-14T17:18:14+00:00\",\"dateModified\":\"2023-04-28T20:02:51+00:00\",\"mainEntityOfPage\":{\"@id\":\"https:\\\/\\\/globalattitude.org.br\\\/en\\\/politicas-publicas-e-juventude\\\/\"},\"wordCount\":632,\"commentCount\":0,\"publisher\":{\"@id\":\"http:\\\/\\\/globalattitude.org.br\\\/#organization\"},\"image\":{\"@id\":\"https:\\\/\\\/globalattitude.org.br\\\/en\\\/politicas-publicas-e-juventude\\\/#primaryimage\"},\"thumbnailUrl\":\"https:\\\/\\\/globalattitude.org.br\\\/wp-content\\\/uploads\\\/2023\\\/03\\\/pol-social.jpg\",\"keywords\":[\"Conselho de Juventude\",\"desigualdade de genero\",\"ECOSOC Youth Forum\",\"Empoderamento\",\"forum da juventude\",\"governo\",\"Mercado de trabalho\",\"Mulheres\",\"objetivos\",\"ONU\",\"oportunidade\",\"poder executivo\",\"Pol\u00edtica\",\"Pol\u00edticas P\u00fablicas\",\"racismo\"],\"articleSection\":[\"Nota\",\"Opini\u00e3o\"],\"inLanguage\":\"en-US\",\"potentialAction\":[{\"@type\":\"CommentAction\",\"name\":\"Comment\",\"target\":[\"https:\\\/\\\/globalattitude.org.br\\\/en\\\/politicas-publicas-e-juventude\\\/#respond\"]}]},{\"@type\":\"WebPage\",\"@id\":\"https:\\\/\\\/globalattitude.org.br\\\/en\\\/politicas-publicas-e-juventude\\\/\",\"url\":\"https:\\\/\\\/globalattitude.org.br\\\/en\\\/politicas-publicas-e-juventude\\\/\",\"name\":\"Desafios e caminhos na constitui\u00e7\u00e3o das pol\u00edticas p\u00fablicas de juventude\",\"isPartOf\":{\"@id\":\"http:\\\/\\\/globalattitude.org.br\\\/#website\"},\"primaryImageOfPage\":{\"@id\":\"https:\\\/\\\/globalattitude.org.br\\\/en\\\/politicas-publicas-e-juventude\\\/#primaryimage\"},\"image\":{\"@id\":\"https:\\\/\\\/globalattitude.org.br\\\/en\\\/politicas-publicas-e-juventude\\\/#primaryimage\"},\"thumbnailUrl\":\"https:\\\/\\\/globalattitude.org.br\\\/wp-content\\\/uploads\\\/2023\\\/03\\\/pol-social.jpg\",\"datePublished\":\"2021-01-14T17:18:14+00:00\",\"dateModified\":\"2023-04-28T20:02:51+00:00\",\"description\":\"A evolu\u00e7\u00e3o hist\u00f3rica das pol\u00edticas de juventude foi determinada pelos problemas de exclus\u00e3o dos jovens da sociedade.\",\"breadcrumb\":{\"@id\":\"https:\\\/\\\/globalattitude.org.br\\\/en\\\/politicas-publicas-e-juventude\\\/#breadcrumb\"},\"inLanguage\":\"en-US\",\"potentialAction\":[{\"@type\":\"ReadAction\",\"target\":[\"https:\\\/\\\/globalattitude.org.br\\\/en\\\/politicas-publicas-e-juventude\\\/\"]}]},{\"@type\":\"ImageObject\",\"inLanguage\":\"en-US\",\"@id\":\"https:\\\/\\\/globalattitude.org.br\\\/en\\\/politicas-publicas-e-juventude\\\/#primaryimage\",\"url\":\"https:\\\/\\\/globalattitude.org.br\\\/wp-content\\\/uploads\\\/2023\\\/03\\\/pol-social.jpg\",\"contentUrl\":\"https:\\\/\\\/globalattitude.org.br\\\/wp-content\\\/uploads\\\/2023\\\/03\\\/pol-social.jpg\",\"width\":600,\"height\":350},{\"@type\":\"BreadcrumbList\",\"@id\":\"https:\\\/\\\/globalattitude.org.br\\\/en\\\/politicas-publicas-e-juventude\\\/#breadcrumb\",\"itemListElement\":[{\"@type\":\"ListItem\",\"position\":1,\"name\":\"In\u00edcio\",\"item\":\"https:\\\/\\\/globalattitude.org.br\\\/en\\\/\"},{\"@type\":\"ListItem\",\"position\":2,\"name\":\"Desafios e caminhos na constitui\u00e7\u00e3o das pol\u00edticas p\u00fablicas de juventude\"}]},{\"@type\":\"WebSite\",\"@id\":\"http:\\\/\\\/globalattitude.org.br\\\/#website\",\"url\":\"http:\\\/\\\/globalattitude.org.br\\\/\",\"name\":\"Instituto Global Attitude\",\"description\":\"\",\"publisher\":{\"@id\":\"http:\\\/\\\/globalattitude.org.br\\\/#organization\"},\"potentialAction\":[{\"@type\":\"SearchAction\",\"target\":{\"@type\":\"EntryPoint\",\"urlTemplate\":\"http:\\\/\\\/globalattitude.org.br\\\/?s={search_term_string}\"},\"query-input\":{\"@type\":\"PropertyValueSpecification\",\"valueRequired\":true,\"valueName\":\"search_term_string\"}}],\"inLanguage\":\"en-US\"},{\"@type\":\"Organization\",\"@id\":\"http:\\\/\\\/globalattitude.org.br\\\/#organization\",\"name\":\"Instituto Global Attitude\",\"url\":\"http:\\\/\\\/globalattitude.org.br\\\/\",\"logo\":{\"@type\":\"ImageObject\",\"inLanguage\":\"en-US\",\"@id\":\"http:\\\/\\\/globalattitude.org.br\\\/#\\\/schema\\\/logo\\\/image\\\/\",\"url\":\"https:\\\/\\\/globalattitude.org.br\\\/wp-content\\\/uploads\\\/2023\\\/01\\\/instituto-global-attitude-color.png\",\"contentUrl\":\"https:\\\/\\\/globalattitude.org.br\\\/wp-content\\\/uploads\\\/2023\\\/01\\\/instituto-global-attitude-color.png\",\"width\":300,\"height\":131,\"caption\":\"Instituto Global Attitude\"},\"image\":{\"@id\":\"http:\\\/\\\/globalattitude.org.br\\\/#\\\/schema\\\/logo\\\/image\\\/\"},\"sameAs\":[\"https:\\\/\\\/www.facebook.com\\\/global.attitude.org\\\/\",\"https:\\\/\\\/x.com\\\/global_attitude\",\"https:\\\/\\\/www.instagram.com\\\/globalattitude\",\"https:\\\/\\\/www.linkedin.com\\\/company\\\/global-attitude\\\/?viewAsMember=true\"]},{\"@type\":\"Person\",\"@id\":\"http:\\\/\\\/globalattitude.org.br\\\/#\\\/schema\\\/person\\\/6d308f9d9d1eebad0278ad9386f13169\",\"name\":\"123esite\",\"image\":{\"@type\":\"ImageObject\",\"inLanguage\":\"en-US\",\"@id\":\"https:\\\/\\\/secure.gravatar.com\\\/avatar\\\/07bd71fac19f42004f2b73567f012e126689afdb23cb0017536dea9113ba1806?s=96&d=mm&r=g\",\"url\":\"https:\\\/\\\/secure.gravatar.com\\\/avatar\\\/07bd71fac19f42004f2b73567f012e126689afdb23cb0017536dea9113ba1806?s=96&d=mm&r=g\",\"contentUrl\":\"https:\\\/\\\/secure.gravatar.com\\\/avatar\\\/07bd71fac19f42004f2b73567f012e126689afdb23cb0017536dea9113ba1806?s=96&d=mm&r=g\",\"caption\":\"123esite\"},\"sameAs\":[\"http:\\\/\\\/globalattitude.org.br\"],\"url\":\"https:\\\/\\\/globalattitude.org.br\\\/en\\\/author\\\/123esite\\\/\"}]}<\/script>\n<!-- \/ Yoast SEO plugin. -->","yoast_head_json":{"title":"Desafios e caminhos na constitui\u00e7\u00e3o das pol\u00edticas p\u00fablicas de juventude","description":"A evolu\u00e7\u00e3o hist\u00f3rica das pol\u00edticas de juventude foi determinada pelos problemas de exclus\u00e3o dos jovens da sociedade.","robots":{"index":"index","follow":"follow","max-snippet":"max-snippet:-1","max-image-preview":"max-image-preview:large","max-video-preview":"max-video-preview:-1"},"canonical":"https:\/\/globalattitude.org.br\/en\/politicas-publicas-e-juventude\/","og_locale":"en_US","og_type":"article","og_title":"Desafios e caminhos na constitui\u00e7\u00e3o das pol\u00edticas p\u00fablicas de juventude","og_description":"A evolu\u00e7\u00e3o hist\u00f3rica das pol\u00edticas de juventude foi determinada pelos problemas de exclus\u00e3o dos jovens da sociedade.","og_url":"https:\/\/globalattitude.org.br\/en\/politicas-publicas-e-juventude\/","og_site_name":"Instituto Global Attitude","article_publisher":"https:\/\/www.facebook.com\/global.attitude.org\/","article_published_time":"2021-01-14T17:18:14+00:00","article_modified_time":"2023-04-28T20:02:51+00:00","og_image":[{"width":600,"height":350,"url":"https:\/\/globalattitude.org.br\/wp-content\/uploads\/2023\/03\/pol-social.jpg","type":"image\/jpeg"}],"author":"123esite","twitter_card":"summary_large_image","twitter_creator":"@global_attitude","twitter_site":"@global_attitude","twitter_misc":{"Written by":"123esite","Est. reading time":"4 minutes"},"schema":{"@context":"https:\/\/schema.org","@graph":[{"@type":["Article","BlogPosting"],"@id":"https:\/\/globalattitude.org.br\/en\/politicas-publicas-e-juventude\/#article","isPartOf":{"@id":"https:\/\/globalattitude.org.br\/en\/politicas-publicas-e-juventude\/"},"author":{"name":"123esite","@id":"http:\/\/globalattitude.org.br\/#\/schema\/person\/6d308f9d9d1eebad0278ad9386f13169"},"headline":"Desafios e caminhos na constitui\u00e7\u00e3o das pol\u00edticas p\u00fablicas de juventude","datePublished":"2021-01-14T17:18:14+00:00","dateModified":"2023-04-28T20:02:51+00:00","mainEntityOfPage":{"@id":"https:\/\/globalattitude.org.br\/en\/politicas-publicas-e-juventude\/"},"wordCount":632,"commentCount":0,"publisher":{"@id":"http:\/\/globalattitude.org.br\/#organization"},"image":{"@id":"https:\/\/globalattitude.org.br\/en\/politicas-publicas-e-juventude\/#primaryimage"},"thumbnailUrl":"https:\/\/globalattitude.org.br\/wp-content\/uploads\/2023\/03\/pol-social.jpg","keywords":["Conselho de Juventude","desigualdade de genero","ECOSOC Youth Forum","Empoderamento","forum da juventude","governo","Mercado de trabalho","Mulheres","objetivos","ONU","oportunidade","poder executivo","Pol\u00edtica","Pol\u00edticas P\u00fablicas","racismo"],"articleSection":["Nota","Opini\u00e3o"],"inLanguage":"en-US","potentialAction":[{"@type":"CommentAction","name":"Comment","target":["https:\/\/globalattitude.org.br\/en\/politicas-publicas-e-juventude\/#respond"]}]},{"@type":"WebPage","@id":"https:\/\/globalattitude.org.br\/en\/politicas-publicas-e-juventude\/","url":"https:\/\/globalattitude.org.br\/en\/politicas-publicas-e-juventude\/","name":"Desafios e caminhos na constitui\u00e7\u00e3o das pol\u00edticas p\u00fablicas de juventude","isPartOf":{"@id":"http:\/\/globalattitude.org.br\/#website"},"primaryImageOfPage":{"@id":"https:\/\/globalattitude.org.br\/en\/politicas-publicas-e-juventude\/#primaryimage"},"image":{"@id":"https:\/\/globalattitude.org.br\/en\/politicas-publicas-e-juventude\/#primaryimage"},"thumbnailUrl":"https:\/\/globalattitude.org.br\/wp-content\/uploads\/2023\/03\/pol-social.jpg","datePublished":"2021-01-14T17:18:14+00:00","dateModified":"2023-04-28T20:02:51+00:00","description":"A evolu\u00e7\u00e3o hist\u00f3rica das pol\u00edticas de juventude foi determinada pelos problemas de exclus\u00e3o dos jovens da sociedade.","breadcrumb":{"@id":"https:\/\/globalattitude.org.br\/en\/politicas-publicas-e-juventude\/#breadcrumb"},"inLanguage":"en-US","potentialAction":[{"@type":"ReadAction","target":["https:\/\/globalattitude.org.br\/en\/politicas-publicas-e-juventude\/"]}]},{"@type":"ImageObject","inLanguage":"en-US","@id":"https:\/\/globalattitude.org.br\/en\/politicas-publicas-e-juventude\/#primaryimage","url":"https:\/\/globalattitude.org.br\/wp-content\/uploads\/2023\/03\/pol-social.jpg","contentUrl":"https:\/\/globalattitude.org.br\/wp-content\/uploads\/2023\/03\/pol-social.jpg","width":600,"height":350},{"@type":"BreadcrumbList","@id":"https:\/\/globalattitude.org.br\/en\/politicas-publicas-e-juventude\/#breadcrumb","itemListElement":[{"@type":"ListItem","position":1,"name":"In\u00edcio","item":"https:\/\/globalattitude.org.br\/en\/"},{"@type":"ListItem","position":2,"name":"Desafios e caminhos na constitui\u00e7\u00e3o das pol\u00edticas p\u00fablicas de juventude"}]},{"@type":"WebSite","@id":"http:\/\/globalattitude.org.br\/#website","url":"http:\/\/globalattitude.org.br\/","name":"Instituto Global Attitude","description":"","publisher":{"@id":"http:\/\/globalattitude.org.br\/#organization"},"potentialAction":[{"@type":"SearchAction","target":{"@type":"EntryPoint","urlTemplate":"http:\/\/globalattitude.org.br\/?s={search_term_string}"},"query-input":{"@type":"PropertyValueSpecification","valueRequired":true,"valueName":"search_term_string"}}],"inLanguage":"en-US"},{"@type":"Organization","@id":"http:\/\/globalattitude.org.br\/#organization","name":"Instituto Global Attitude","url":"http:\/\/globalattitude.org.br\/","logo":{"@type":"ImageObject","inLanguage":"en-US","@id":"http:\/\/globalattitude.org.br\/#\/schema\/logo\/image\/","url":"https:\/\/globalattitude.org.br\/wp-content\/uploads\/2023\/01\/instituto-global-attitude-color.png","contentUrl":"https:\/\/globalattitude.org.br\/wp-content\/uploads\/2023\/01\/instituto-global-attitude-color.png","width":300,"height":131,"caption":"Instituto Global Attitude"},"image":{"@id":"http:\/\/globalattitude.org.br\/#\/schema\/logo\/image\/"},"sameAs":["https:\/\/www.facebook.com\/global.attitude.org\/","https:\/\/x.com\/global_attitude","https:\/\/www.instagram.com\/globalattitude","https:\/\/www.linkedin.com\/company\/global-attitude\/?viewAsMember=true"]},{"@type":"Person","@id":"http:\/\/globalattitude.org.br\/#\/schema\/person\/6d308f9d9d1eebad0278ad9386f13169","name":"123esite","image":{"@type":"ImageObject","inLanguage":"en-US","@id":"https:\/\/secure.gravatar.com\/avatar\/07bd71fac19f42004f2b73567f012e126689afdb23cb0017536dea9113ba1806?s=96&d=mm&r=g","url":"https:\/\/secure.gravatar.com\/avatar\/07bd71fac19f42004f2b73567f012e126689afdb23cb0017536dea9113ba1806?s=96&d=mm&r=g","contentUrl":"https:\/\/secure.gravatar.com\/avatar\/07bd71fac19f42004f2b73567f012e126689afdb23cb0017536dea9113ba1806?s=96&d=mm&r=g","caption":"123esite"},"sameAs":["http:\/\/globalattitude.org.br"],"url":"https:\/\/globalattitude.org.br\/en\/author\/123esite\/"}]}},"_links":{"self":[{"href":"https:\/\/globalattitude.org.br\/en\/wp-json\/wp\/v2\/posts\/3306","targetHints":{"allow":["GET"]}}],"collection":[{"href":"https:\/\/globalattitude.org.br\/en\/wp-json\/wp\/v2\/posts"}],"about":[{"href":"https:\/\/globalattitude.org.br\/en\/wp-json\/wp\/v2\/types\/post"}],"author":[{"embeddable":true,"href":"https:\/\/globalattitude.org.br\/en\/wp-json\/wp\/v2\/users\/1"}],"replies":[{"embeddable":true,"href":"https:\/\/globalattitude.org.br\/en\/wp-json\/wp\/v2\/comments?post=3306"}],"version-history":[{"count":2,"href":"https:\/\/globalattitude.org.br\/en\/wp-json\/wp\/v2\/posts\/3306\/revisions"}],"predecessor-version":[{"id":3740,"href":"https:\/\/globalattitude.org.br\/en\/wp-json\/wp\/v2\/posts\/3306\/revisions\/3740"}],"wp:featuredmedia":[{"embeddable":true,"href":"https:\/\/globalattitude.org.br\/en\/wp-json\/wp\/v2\/media\/3307"}],"wp:attachment":[{"href":"https:\/\/globalattitude.org.br\/en\/wp-json\/wp\/v2\/media?parent=3306"}],"wp:term":[{"taxonomy":"category","embeddable":true,"href":"https:\/\/globalattitude.org.br\/en\/wp-json\/wp\/v2\/categories?post=3306"},{"taxonomy":"post_tag","embeddable":true,"href":"https:\/\/globalattitude.org.br\/en\/wp-json\/wp\/v2\/tags?post=3306"}],"curies":[{"name":"wp","href":"https:\/\/api.w.org\/{rel}","templated":true}]}}