{"id":3314,"date":"2021-02-12T19:25:35","date_gmt":"2021-02-12T22:25:35","guid":{"rendered":"https:\/\/globalattitude.org.br\/relatos-de-uma-delegada-y20-2020\/"},"modified":"2023-04-28T11:42:51","modified_gmt":"2023-04-28T14:42:51","slug":"relatos-de-uma-delegada-y20-2020","status":"publish","type":"post","link":"https:\/\/globalattitude.org.br\/en\/relatos-de-uma-delegada-y20-2020\/","title":{"rendered":"G20 Youth 20 (Y20) Summit 2020 \u2013 relatos de uma delegada"},"content":{"rendered":"<p><span style=\"font-weight: 400;\">Em 2020 eu fui selecionada para representar o Brasil no G20 Youth 20 (Y20) Summit. Esse caminho foi compartilhado com o Felipe Honorato e a Beatriz Mendes, dois incr\u00edveis jovens brasileiros. Para quem n\u00e3o conhece o Y20: o Y20 \u00e9 um dos f\u00f3runs diplom\u00e1ticos internacionais mais influentes para jovens l\u00edderes e a \u00fanica plataforma oficialmente reconhecida para que os jovens se envolvam com o G20 em geral. O Y20, como parte da C\u00fapula do G20, re\u00fane jovens l\u00edderes de pa\u00edses do G20 para discutir e debater a agenda dos L\u00edderes do G20. O G20 \u00e9 composto por 19 pa\u00edses e pela Uni\u00e3o Europeia. Os 19 pa\u00edses s\u00e3o Argentina, Austr\u00e1lia, Brasil, Canad\u00e1, China, Alemanha, Fran\u00e7a, \u00cdndia, Indon\u00e9sia, It\u00e1lia, Jap\u00e3o, M\u00e9xico, Federa\u00e7\u00e3o Russa, Ar\u00e1bia Saudita, \u00c1frica do Sul, Coreia do Sul, Turquia, Reino Unido e EUA.<\/span><\/p>\n<p><span style=\"font-weight: 400;\">O Y20 \u00e9 um f\u00f3rum para o desenvolvimento da coopera\u00e7\u00e3o entre as gera\u00e7\u00f5es futuras e fornece uma plataforma para que os jovens tenham suas vozes ouvidas sobre quest\u00f5es relevantes para a agenda dos l\u00edderes do G20. A edi\u00e7\u00e3o de 2020 do Y20 Summit foi realizada de 15 a 17 de outubro e marcou o 10\u00ba anivers\u00e1rio da juventude tendo um assento na mesa de pol\u00edtica global dos pa\u00edses do G20. As \u00e1reas priorit\u00e1rias da edi\u00e7\u00e3o de 2020 para cada delega\u00e7\u00e3o foram: <\/span><i><span style=\"font-weight: 400;\">Future Fit, Youth Empowerment<\/span><\/i><span style=\"font-weight: 400;\">, e <\/span><i><span style=\"font-weight: 400;\">Global Citizenship<\/span><\/i><span style=\"font-weight: 400;\">. Os delegados do Y20 desenvolvem suas habilidades e expandem suas redes \u00e0 medida que identificam os desafios e oportunidades econ\u00f4micos mais urgentes que os jovens enfrentam hoje. A edi\u00e7\u00e3o de 2020 do Y20 Summit teve lugar (virtualmente devido \u00e0 pandemia COVID-19) no Reino da Ar\u00e1bia Saudita, presidida por Othman Almoamar. Pela primeira vez, o Y20 Summit esteve dispon\u00edvel para um p\u00fablico global (https:\/\/youth20saudi.org\/).<\/span><\/p>\n<p><span style=\"font-weight: 400;\">Como delegada do Brasil, meu papel n\u00e3o se limitava a ser uma observadora silenciosa. Como pesquisadora e acad\u00eamica, tentei reunir dados para ter uma vis\u00e3o clara dos problemas e desafios que os jovens enfrentam e desenvolver solu\u00e7\u00f5es. Ao mesmo tempo, comecei a me reunir com outras delega\u00e7\u00f5es do Y20 para ouvi-las e aprender com elas. Aprendi suas hist\u00f3rias, perspectivas e experi\u00eancias. E eu tenho que dizer: os delegados do Y20 da edi\u00e7\u00e3o de 2020 s\u00e3o jovens incr\u00edveis, e eles realmente me inspiraram com suas ideias e vozes.<\/span><\/p>\n<p><span style=\"font-weight: 400;\">Atuei e liderei o tema de Cidadania Global (Global Citizenship), com foco no desenvolvimento sustent\u00e1vel e multiculturalismo. Contribui com muitos t\u00f3picos, especialmente com objetivos de desenvolvimento sustent\u00e1vel, diplomacia cient\u00edfica, migra\u00e7\u00e3o e pol\u00edticas de prote\u00e7\u00e3o de grupos vulner\u00e1veis. Negociei e defendi pol\u00edticas que representassem n\u00e3o apenas as demandas da juventude brasileira, mas que impactassem a juventude de todo o mundo. Tamb\u00e9m fui escolhida para falar no Youth # G0 Talk Show #WhatWouldYouSay, representando o Brasil e compartilhando minha experi\u00eancia com os objetivos de desenvolvimento sustent\u00e1vel. O show est\u00e1 dispon\u00edvel no canal Y20 no YouTube: https:\/\/www.youtube.com\/watch?v=hp_8O6XKbeM<\/span><\/p>\n<p><span style=\"font-weight: 400;\">O Y20 teve palestrantes incr\u00edveis das mais diversas \u00e1reas do conhecimento. E todos desenvolviam atividades que eram capazes de impactar a juventude. Muitos compartilharam experi\u00eancias e conselhos para que os jovens pudessem se envolver na constru\u00e7\u00e3o de um futuro melhor. Ouvimos especialistas de diversas \u00e1reas, jovens l\u00edderes e l\u00edderes mundiais de todo o mundo. At\u00e9 mesmo Antonio Guterres, secret\u00e1rio-geral da ONU, compartilhou sua palavra e apoio ao trabalho do Y20, reconhecendo a import\u00e2ncia de ter as vozes dos jovens ouvidas.<\/span><\/p>\n<p><span style=\"font-weight: 400;\">Por \u00faltimo, mas definitivamente n\u00e3o menos importante, e ap\u00f3s meses de prepara\u00e7\u00e3o, reuni\u00f5es eletr\u00f4nicas e trabalho \u00e1rduo, o Y20 se encerrou com a apresenta\u00e7\u00e3o do comunicado final da edi\u00e7\u00e3o de 2020, o qual que est\u00e1 dispon\u00edvel em <\/span><a href=\"https:\/\/youth20saudi.org\/\"><span style=\"font-weight: 400;\">https:\/\/youth20saudi.org\/<\/span><\/a><span style=\"font-weight: 400;\">. Esse documento internacional foi apresentado aos l\u00edderes do G20 durante a pr\u00f3pria c\u00fapula deles, que tamb\u00e9m foi sediada na Ar\u00e1bia Saudita (https:\/\/g20.org\/en\/Pages\/home.aspx). As consultas para a reuni\u00e3o anual do G20 s\u00e3o conduzidas por meio de tr\u00eas vias. As discuss\u00f5es do governo acontecem sob as vias de Finan\u00e7as e dos Sherpa. As organiza\u00e7\u00f5es da sociedade civil participam por meio de Grupos de Engajamento. Os Grupos de Engajamento s\u00e3o coletivos independentes liderados por organiza\u00e7\u00f5es do pa\u00eds anfitri\u00e3o. Eles trabalham com outras organiza\u00e7\u00f5es de pa\u00edses do G20 para desenvolver recomenda\u00e7\u00f5es de pol\u00edticas que s\u00e3o formalmente submetidas aos l\u00edderes do G20 para considera\u00e7\u00e3o. Os grupos de engajamento do G20 s\u00e3o:<\/span><\/p>\n<ul>\n<li style=\"font-weight: 400;\" aria-level=\"1\"><span style=\"font-weight: 400;\">Neg\u00f3cios 20 (em ingl\u00eas <\/span><i><span style=\"font-weight: 400;\">Business<\/span><\/i><span style=\"font-weight: 400;\"> 20 &#8211; B20), que representa o setor privado;<\/span><\/li>\n<li style=\"font-weight: 400;\" aria-level=\"1\"><span style=\"font-weight: 400;\">Juventude 20 (em ingl\u00eas <\/span><i><span style=\"font-weight: 400;\">Youth 20<\/span><\/i><span style=\"font-weight: 400;\"> &#8211; Y20), que re\u00fane jovens l\u00edderes de todos os pa\u00edses membros do G20;<\/span><\/li>\n<li style=\"font-weight: 400;\" aria-level=\"1\"><span style=\"font-weight: 400;\">Trabalho 20 (em ingl\u00eas <\/span><i><span style=\"font-weight: 400;\">Labour 20<\/span><\/i><span style=\"font-weight: 400;\"> &#8211; L20), que inclui sindicatos de todos os pa\u00edses membros do G20;<\/span><\/li>\n<li style=\"font-weight: 400;\" aria-level=\"1\"><span style=\"font-weight: 400;\">Civil 20 (em ingl\u00eas <\/span><i><span style=\"font-weight: 400;\">Civil 20<\/span><\/i><span style=\"font-weight: 400;\"> &#8211; C20), em representa\u00e7\u00e3o de organiza\u00e7\u00f5es da sociedade civil;<\/span><\/li>\n<li style=\"font-weight: 400;\" aria-level=\"1\"><span style=\"font-weight: 400;\">Mulheres 20 (em ingl\u00eas <\/span><i><span style=\"font-weight: 400;\">Women 20<\/span><\/i><span style=\"font-weight: 400;\"> &#8211; W20), representando os interesses das mulheres;<\/span><\/li>\n<li style=\"font-weight: 400;\" aria-level=\"1\"><span style=\"font-weight: 400;\">Think 20 (T20), rede de think tanks e pesquisadores;<\/span><\/li>\n<li style=\"font-weight: 400;\" aria-level=\"1\"><span style=\"font-weight: 400;\">Ci\u00eancia 20 (em ingl\u00eas <\/span><i><span style=\"font-weight: 400;\">Science 20<\/span><\/i><span style=\"font-weight: 400;\"> &#8211; S20), que representa a comunidade cient\u00edfica;<\/span><\/li>\n<li style=\"font-weight: 400;\" aria-level=\"1\"><span style=\"font-weight: 400;\">Urbano 20 (em ingl\u00eas <\/span><i><span style=\"font-weight: 400;\">Urban 20<\/span><\/i><span style=\"font-weight: 400;\"> &#8211; U20), que inclui prefeitos de cidades entre os representantes de cidades do G20;<\/span><\/li>\n<\/ul>\n<p><span style=\"font-weight: 400;\">A Presid\u00eancia da Ar\u00e1bia Saudita escolheu o tema \u201cPercebendo as Oportunidades do S\u00e9culo 21 para Todos\u201d para esta C\u00fapula do G20 de 2020. Os tr\u00eas itens principais da agenda a serem tratados neste tema s\u00e3o: \u201cEmpoderando as Pessoas, criando as condi\u00e7\u00f5es em que todas as pessoas &#8211; especialmente mulheres e jovens &#8211; podem viver, trabalhar e prosperar\u201d; \u201cProtegendo o Planeta, promovendo esfor\u00e7os coletivos para proteger nossos bens comuns globais\u201d; e \u201cMoldando Novas Fronteiras, ao adotar estrat\u00e9gias ousadas e de longo prazo para compartilhar os benef\u00edcios da inova\u00e7\u00e3o e do avan\u00e7o tecnol\u00f3gico\u201d.<\/span><\/p>\n<p><span style=\"font-weight: 400;\">Se voc\u00ea quiser saber mais sobre a comunidade Y20, acesse https:\/\/y20community.org\/ e fa\u00e7a parte de uma comunidade de colegas em n\u00edvel global para apoiar as carreiras e projetos uns dos outros. E n\u00e3o se esque\u00e7a: as inscri\u00e7\u00f5es para o processo seletivo para compor a delega\u00e7\u00e3o brasileira da edi\u00e7\u00e3o de 2021 do Y20 est\u00e3o abertas.<\/span><\/p>\n<p><a href=\"https:\/\/y20-indonesia.org\/gallery\/\" target=\"_blank\" rel=\"noopener\"><strong>Foto: Site oficial do Y20 Indonesia<\/strong><\/a><\/p>\n","protected":false},"excerpt":{"rendered":"<p>Em 2020 eu fui selecionada para representar o Brasil no G20 Youth 20 (Y20) Summit. Esse caminho foi compartilhado com o Felipe Honorato e a Beatriz Mendes, dois incr\u00edveis jovens brasileiros. Para quem n\u00e3o conhece o Y20: o Y20 \u00e9 um dos f\u00f3runs diplom\u00e1ticos internacionais mais influentes para jovens l\u00edderes e a \u00fanica plataforma oficialmente [&hellip;]<\/p>\n","protected":false},"author":1,"featured_media":3315,"comment_status":"open","ping_status":"open","sticky":false,"template":"","format":"standard","meta":{"_acf_changed":false,"om_disable_all_campaigns":false,"_monsterinsights_skip_tracking":false,"_monsterinsights_sitenote_active":false,"_monsterinsights_sitenote_note":"","_monsterinsights_sitenote_category":0,"_uf_show_specific_survey":0,"_uf_disable_surveys":false,"footnotes":""},"categories":[33,22],"tags":[23,72,25,217,203,4,218,219,10,204,5,215,14,61,221,220],"class_list":["post-3314","post","type-post","status-publish","format-standard","hentry","category-oportunidades","category-programas","tag-artigo","tag-delegacao","tag-diplomacia-civil","tag-g20","tag-governo","tag-instituto-global-attitude","tag-italia","tag-jovens","tag-juventude","tag-objetivos","tag-onu","tag-oportunidade","tag-politica","tag-relacoes-internacionais","tag-relato","tag-y20"],"acf":[],"aioseo_notices":[],"yoast_head":"<!-- This site is optimized with the Yoast SEO plugin v27.5 - https:\/\/yoast.com\/product\/yoast-seo-wordpress\/ -->\n<title>Relatos de uma delegada do Y20 (Ar\u00e1bia Saudita - 2020)<\/title>\n<meta name=\"description\" content=\"Em 2020 eu fui selecionada para representar o Brasil Y20. Esse caminho foi compartilhado com Felipe Honorato e Beatriz Mendes.\" \/>\n<meta name=\"robots\" content=\"index, follow, max-snippet:-1, max-image-preview:large, max-video-preview:-1\" \/>\n<link rel=\"canonical\" href=\"https:\/\/globalattitude.org.br\/relatos-de-uma-delegada-y20-2020\/\" \/>\n<meta property=\"og:locale\" content=\"en_US\" \/>\n<meta property=\"og:type\" content=\"article\" \/>\n<meta property=\"og:title\" content=\"Relatos de uma delegada do Y20 (Ar\u00e1bia Saudita - 2020)\" \/>\n<meta property=\"og:description\" content=\"Em 2020 eu fui selecionada para representar o Brasil Y20. Esse caminho foi compartilhado com Felipe Honorato e Beatriz Mendes.\" \/>\n<meta property=\"og:url\" content=\"https:\/\/globalattitude.org.br\/relatos-de-uma-delegada-y20-2020\/\" \/>\n<meta property=\"og:site_name\" content=\"Instituto Global Attitude\" \/>\n<meta property=\"article:publisher\" content=\"https:\/\/www.facebook.com\/global.attitude.org\/\" \/>\n<meta property=\"article:published_time\" content=\"2021-02-12T22:25:35+00:00\" \/>\n<meta property=\"article:modified_time\" content=\"2023-04-28T14:42:51+00:00\" \/>\n<meta property=\"og:image\" content=\"https:\/\/globalattitude.org.br\/wp-content\/uploads\/2023\/03\/99a42cb6-d69b-4bab-8062-96435800822bnn-1.jpg\" \/>\n\t<meta property=\"og:image:width\" content=\"955\" \/>\n\t<meta property=\"og:image:height\" content=\"675\" \/>\n\t<meta property=\"og:image:type\" content=\"image\/jpeg\" \/>\n<meta name=\"author\" content=\"123esite\" \/>\n<meta name=\"twitter:card\" content=\"summary_large_image\" \/>\n<meta name=\"twitter:creator\" content=\"@global_attitude\" \/>\n<meta name=\"twitter:site\" content=\"@global_attitude\" \/>\n<meta name=\"twitter:label1\" content=\"Written by\" \/>\n\t<meta name=\"twitter:data1\" content=\"123esite\" \/>\n\t<meta name=\"twitter:label2\" content=\"Est. reading time\" \/>\n\t<meta name=\"twitter:data2\" content=\"6 minutes\" \/>\n<script type=\"application\/ld+json\" class=\"yoast-schema-graph\">{\"@context\":\"https:\\\/\\\/schema.org\",\"@graph\":[{\"@type\":[\"Article\",\"BlogPosting\"],\"@id\":\"https:\\\/\\\/globalattitude.org.br\\\/relatos-de-uma-delegada-y20-2020\\\/#article\",\"isPartOf\":{\"@id\":\"https:\\\/\\\/globalattitude.org.br\\\/relatos-de-uma-delegada-y20-2020\\\/\"},\"author\":{\"name\":\"123esite\",\"@id\":\"https:\\\/\\\/globalattitude.org.br\\\/en\\\/#\\\/schema\\\/person\\\/6d308f9d9d1eebad0278ad9386f13169\"},\"headline\":\"G20 Youth 20 (Y20) Summit 2020 \u2013 relatos de uma delegada\",\"datePublished\":\"2021-02-12T22:25:35+00:00\",\"dateModified\":\"2023-04-28T14:42:51+00:00\",\"mainEntityOfPage\":{\"@id\":\"https:\\\/\\\/globalattitude.org.br\\\/relatos-de-uma-delegada-y20-2020\\\/\"},\"wordCount\":1094,\"commentCount\":0,\"publisher\":{\"@id\":\"https:\\\/\\\/globalattitude.org.br\\\/en\\\/#organization\"},\"image\":{\"@id\":\"https:\\\/\\\/globalattitude.org.br\\\/relatos-de-uma-delegada-y20-2020\\\/#primaryimage\"},\"thumbnailUrl\":\"https:\\\/\\\/globalattitude.org.br\\\/wp-content\\\/uploads\\\/2023\\\/03\\\/99a42cb6-d69b-4bab-8062-96435800822bnn-1.jpg\",\"keywords\":[\"artigo\",\"Delega\u00e7\u00e3o\",\"Diplomacia Civil\",\"G20\",\"governo\",\"Instituto Global Attitude\",\"It\u00e1lia\",\"jovens\",\"juventude\",\"objetivos\",\"ONU\",\"oportunidade\",\"Pol\u00edtica\",\"rela\u00e7\u00f5es internacionais\",\"relato\",\"Y20\"],\"articleSection\":[\"Oportunidades\",\"Programas\"],\"inLanguage\":\"en-US\",\"potentialAction\":[{\"@type\":\"CommentAction\",\"name\":\"Comment\",\"target\":[\"https:\\\/\\\/globalattitude.org.br\\\/relatos-de-uma-delegada-y20-2020\\\/#respond\"]}]},{\"@type\":\"WebPage\",\"@id\":\"https:\\\/\\\/globalattitude.org.br\\\/relatos-de-uma-delegada-y20-2020\\\/\",\"url\":\"https:\\\/\\\/globalattitude.org.br\\\/relatos-de-uma-delegada-y20-2020\\\/\",\"name\":\"Relatos de uma delegada do Y20 (Ar\u00e1bia Saudita - 2020)\",\"isPartOf\":{\"@id\":\"https:\\\/\\\/globalattitude.org.br\\\/en\\\/#website\"},\"primaryImageOfPage\":{\"@id\":\"https:\\\/\\\/globalattitude.org.br\\\/relatos-de-uma-delegada-y20-2020\\\/#primaryimage\"},\"image\":{\"@id\":\"https:\\\/\\\/globalattitude.org.br\\\/relatos-de-uma-delegada-y20-2020\\\/#primaryimage\"},\"thumbnailUrl\":\"https:\\\/\\\/globalattitude.org.br\\\/wp-content\\\/uploads\\\/2023\\\/03\\\/99a42cb6-d69b-4bab-8062-96435800822bnn-1.jpg\",\"datePublished\":\"2021-02-12T22:25:35+00:00\",\"dateModified\":\"2023-04-28T14:42:51+00:00\",\"description\":\"Em 2020 eu fui selecionada para representar o Brasil Y20. Esse caminho foi compartilhado com Felipe Honorato e Beatriz Mendes.\",\"breadcrumb\":{\"@id\":\"https:\\\/\\\/globalattitude.org.br\\\/relatos-de-uma-delegada-y20-2020\\\/#breadcrumb\"},\"inLanguage\":\"en-US\",\"potentialAction\":[{\"@type\":\"ReadAction\",\"target\":[\"https:\\\/\\\/globalattitude.org.br\\\/relatos-de-uma-delegada-y20-2020\\\/\"]}]},{\"@type\":\"ImageObject\",\"inLanguage\":\"en-US\",\"@id\":\"https:\\\/\\\/globalattitude.org.br\\\/relatos-de-uma-delegada-y20-2020\\\/#primaryimage\",\"url\":\"https:\\\/\\\/globalattitude.org.br\\\/wp-content\\\/uploads\\\/2023\\\/03\\\/99a42cb6-d69b-4bab-8062-96435800822bnn-1.jpg\",\"contentUrl\":\"https:\\\/\\\/globalattitude.org.br\\\/wp-content\\\/uploads\\\/2023\\\/03\\\/99a42cb6-d69b-4bab-8062-96435800822bnn-1.jpg\",\"width\":955,\"height\":675},{\"@type\":\"BreadcrumbList\",\"@id\":\"https:\\\/\\\/globalattitude.org.br\\\/relatos-de-uma-delegada-y20-2020\\\/#breadcrumb\",\"itemListElement\":[{\"@type\":\"ListItem\",\"position\":1,\"name\":\"In\u00edcio\",\"item\":\"https:\\\/\\\/globalattitude.org.br\\\/en\\\/\"},{\"@type\":\"ListItem\",\"position\":2,\"name\":\"G20 Youth 20 (Y20) Summit 2020 \u2013 relatos de uma delegada\"}]},{\"@type\":\"WebSite\",\"@id\":\"https:\\\/\\\/globalattitude.org.br\\\/en\\\/#website\",\"url\":\"https:\\\/\\\/globalattitude.org.br\\\/en\\\/\",\"name\":\"Instituto Global Attitude\",\"description\":\"\",\"publisher\":{\"@id\":\"https:\\\/\\\/globalattitude.org.br\\\/en\\\/#organization\"},\"potentialAction\":[{\"@type\":\"SearchAction\",\"target\":{\"@type\":\"EntryPoint\",\"urlTemplate\":\"https:\\\/\\\/globalattitude.org.br\\\/en\\\/?s={search_term_string}\"},\"query-input\":{\"@type\":\"PropertyValueSpecification\",\"valueRequired\":true,\"valueName\":\"search_term_string\"}}],\"inLanguage\":\"en-US\"},{\"@type\":\"Organization\",\"@id\":\"https:\\\/\\\/globalattitude.org.br\\\/en\\\/#organization\",\"name\":\"Instituto Global Attitude\",\"url\":\"https:\\\/\\\/globalattitude.org.br\\\/en\\\/\",\"logo\":{\"@type\":\"ImageObject\",\"inLanguage\":\"en-US\",\"@id\":\"https:\\\/\\\/globalattitude.org.br\\\/en\\\/#\\\/schema\\\/logo\\\/image\\\/\",\"url\":\"https:\\\/\\\/globalattitude.org.br\\\/wp-content\\\/uploads\\\/2023\\\/01\\\/instituto-global-attitude-color.png\",\"contentUrl\":\"https:\\\/\\\/globalattitude.org.br\\\/wp-content\\\/uploads\\\/2023\\\/01\\\/instituto-global-attitude-color.png\",\"width\":300,\"height\":131,\"caption\":\"Instituto Global Attitude\"},\"image\":{\"@id\":\"https:\\\/\\\/globalattitude.org.br\\\/en\\\/#\\\/schema\\\/logo\\\/image\\\/\"},\"sameAs\":[\"https:\\\/\\\/www.facebook.com\\\/global.attitude.org\\\/\",\"https:\\\/\\\/x.com\\\/global_attitude\",\"https:\\\/\\\/www.instagram.com\\\/globalattitude\",\"https:\\\/\\\/www.linkedin.com\\\/company\\\/global-attitude\\\/?viewAsMember=true\"]},{\"@type\":\"Person\",\"@id\":\"https:\\\/\\\/globalattitude.org.br\\\/en\\\/#\\\/schema\\\/person\\\/6d308f9d9d1eebad0278ad9386f13169\",\"name\":\"123esite\",\"image\":{\"@type\":\"ImageObject\",\"inLanguage\":\"en-US\",\"@id\":\"https:\\\/\\\/secure.gravatar.com\\\/avatar\\\/07bd71fac19f42004f2b73567f012e126689afdb23cb0017536dea9113ba1806?s=96&d=mm&r=g\",\"url\":\"https:\\\/\\\/secure.gravatar.com\\\/avatar\\\/07bd71fac19f42004f2b73567f012e126689afdb23cb0017536dea9113ba1806?s=96&d=mm&r=g\",\"contentUrl\":\"https:\\\/\\\/secure.gravatar.com\\\/avatar\\\/07bd71fac19f42004f2b73567f012e126689afdb23cb0017536dea9113ba1806?s=96&d=mm&r=g\",\"caption\":\"123esite\"},\"sameAs\":[\"http:\\\/\\\/globalattitude.org.br\"],\"url\":\"https:\\\/\\\/globalattitude.org.br\\\/en\\\/author\\\/123esite\\\/\"}]}<\/script>\n<!-- \/ Yoast SEO plugin. -->","yoast_head_json":{"title":"Relatos de uma delegada do Y20 (Ar\u00e1bia Saudita - 2020)","description":"Em 2020 eu fui selecionada para representar o Brasil Y20. Esse caminho foi compartilhado com Felipe Honorato e Beatriz Mendes.","robots":{"index":"index","follow":"follow","max-snippet":"max-snippet:-1","max-image-preview":"max-image-preview:large","max-video-preview":"max-video-preview:-1"},"canonical":"https:\/\/globalattitude.org.br\/relatos-de-uma-delegada-y20-2020\/","og_locale":"en_US","og_type":"article","og_title":"Relatos de uma delegada do Y20 (Ar\u00e1bia Saudita - 2020)","og_description":"Em 2020 eu fui selecionada para representar o Brasil Y20. Esse caminho foi compartilhado com Felipe Honorato e Beatriz Mendes.","og_url":"https:\/\/globalattitude.org.br\/relatos-de-uma-delegada-y20-2020\/","og_site_name":"Instituto Global Attitude","article_publisher":"https:\/\/www.facebook.com\/global.attitude.org\/","article_published_time":"2021-02-12T22:25:35+00:00","article_modified_time":"2023-04-28T14:42:51+00:00","og_image":[{"width":955,"height":675,"url":"https:\/\/globalattitude.org.br\/wp-content\/uploads\/2023\/03\/99a42cb6-d69b-4bab-8062-96435800822bnn-1.jpg","type":"image\/jpeg"}],"author":"123esite","twitter_card":"summary_large_image","twitter_creator":"@global_attitude","twitter_site":"@global_attitude","twitter_misc":{"Written by":"123esite","Est. reading time":"6 minutes"},"schema":{"@context":"https:\/\/schema.org","@graph":[{"@type":["Article","BlogPosting"],"@id":"https:\/\/globalattitude.org.br\/relatos-de-uma-delegada-y20-2020\/#article","isPartOf":{"@id":"https:\/\/globalattitude.org.br\/relatos-de-uma-delegada-y20-2020\/"},"author":{"name":"123esite","@id":"https:\/\/globalattitude.org.br\/en\/#\/schema\/person\/6d308f9d9d1eebad0278ad9386f13169"},"headline":"G20 Youth 20 (Y20) Summit 2020 \u2013 relatos de uma delegada","datePublished":"2021-02-12T22:25:35+00:00","dateModified":"2023-04-28T14:42:51+00:00","mainEntityOfPage":{"@id":"https:\/\/globalattitude.org.br\/relatos-de-uma-delegada-y20-2020\/"},"wordCount":1094,"commentCount":0,"publisher":{"@id":"https:\/\/globalattitude.org.br\/en\/#organization"},"image":{"@id":"https:\/\/globalattitude.org.br\/relatos-de-uma-delegada-y20-2020\/#primaryimage"},"thumbnailUrl":"https:\/\/globalattitude.org.br\/wp-content\/uploads\/2023\/03\/99a42cb6-d69b-4bab-8062-96435800822bnn-1.jpg","keywords":["artigo","Delega\u00e7\u00e3o","Diplomacia Civil","G20","governo","Instituto Global Attitude","It\u00e1lia","jovens","juventude","objetivos","ONU","oportunidade","Pol\u00edtica","rela\u00e7\u00f5es internacionais","relato","Y20"],"articleSection":["Oportunidades","Programas"],"inLanguage":"en-US","potentialAction":[{"@type":"CommentAction","name":"Comment","target":["https:\/\/globalattitude.org.br\/relatos-de-uma-delegada-y20-2020\/#respond"]}]},{"@type":"WebPage","@id":"https:\/\/globalattitude.org.br\/relatos-de-uma-delegada-y20-2020\/","url":"https:\/\/globalattitude.org.br\/relatos-de-uma-delegada-y20-2020\/","name":"Relatos de uma delegada do Y20 (Ar\u00e1bia Saudita - 2020)","isPartOf":{"@id":"https:\/\/globalattitude.org.br\/en\/#website"},"primaryImageOfPage":{"@id":"https:\/\/globalattitude.org.br\/relatos-de-uma-delegada-y20-2020\/#primaryimage"},"image":{"@id":"https:\/\/globalattitude.org.br\/relatos-de-uma-delegada-y20-2020\/#primaryimage"},"thumbnailUrl":"https:\/\/globalattitude.org.br\/wp-content\/uploads\/2023\/03\/99a42cb6-d69b-4bab-8062-96435800822bnn-1.jpg","datePublished":"2021-02-12T22:25:35+00:00","dateModified":"2023-04-28T14:42:51+00:00","description":"Em 2020 eu fui selecionada para representar o Brasil Y20. Esse caminho foi compartilhado com Felipe Honorato e Beatriz Mendes.","breadcrumb":{"@id":"https:\/\/globalattitude.org.br\/relatos-de-uma-delegada-y20-2020\/#breadcrumb"},"inLanguage":"en-US","potentialAction":[{"@type":"ReadAction","target":["https:\/\/globalattitude.org.br\/relatos-de-uma-delegada-y20-2020\/"]}]},{"@type":"ImageObject","inLanguage":"en-US","@id":"https:\/\/globalattitude.org.br\/relatos-de-uma-delegada-y20-2020\/#primaryimage","url":"https:\/\/globalattitude.org.br\/wp-content\/uploads\/2023\/03\/99a42cb6-d69b-4bab-8062-96435800822bnn-1.jpg","contentUrl":"https:\/\/globalattitude.org.br\/wp-content\/uploads\/2023\/03\/99a42cb6-d69b-4bab-8062-96435800822bnn-1.jpg","width":955,"height":675},{"@type":"BreadcrumbList","@id":"https:\/\/globalattitude.org.br\/relatos-de-uma-delegada-y20-2020\/#breadcrumb","itemListElement":[{"@type":"ListItem","position":1,"name":"In\u00edcio","item":"https:\/\/globalattitude.org.br\/en\/"},{"@type":"ListItem","position":2,"name":"G20 Youth 20 (Y20) Summit 2020 \u2013 relatos de uma delegada"}]},{"@type":"WebSite","@id":"https:\/\/globalattitude.org.br\/en\/#website","url":"https:\/\/globalattitude.org.br\/en\/","name":"Instituto Global Attitude","description":"","publisher":{"@id":"https:\/\/globalattitude.org.br\/en\/#organization"},"potentialAction":[{"@type":"SearchAction","target":{"@type":"EntryPoint","urlTemplate":"https:\/\/globalattitude.org.br\/en\/?s={search_term_string}"},"query-input":{"@type":"PropertyValueSpecification","valueRequired":true,"valueName":"search_term_string"}}],"inLanguage":"en-US"},{"@type":"Organization","@id":"https:\/\/globalattitude.org.br\/en\/#organization","name":"Instituto Global Attitude","url":"https:\/\/globalattitude.org.br\/en\/","logo":{"@type":"ImageObject","inLanguage":"en-US","@id":"https:\/\/globalattitude.org.br\/en\/#\/schema\/logo\/image\/","url":"https:\/\/globalattitude.org.br\/wp-content\/uploads\/2023\/01\/instituto-global-attitude-color.png","contentUrl":"https:\/\/globalattitude.org.br\/wp-content\/uploads\/2023\/01\/instituto-global-attitude-color.png","width":300,"height":131,"caption":"Instituto Global Attitude"},"image":{"@id":"https:\/\/globalattitude.org.br\/en\/#\/schema\/logo\/image\/"},"sameAs":["https:\/\/www.facebook.com\/global.attitude.org\/","https:\/\/x.com\/global_attitude","https:\/\/www.instagram.com\/globalattitude","https:\/\/www.linkedin.com\/company\/global-attitude\/?viewAsMember=true"]},{"@type":"Person","@id":"https:\/\/globalattitude.org.br\/en\/#\/schema\/person\/6d308f9d9d1eebad0278ad9386f13169","name":"123esite","image":{"@type":"ImageObject","inLanguage":"en-US","@id":"https:\/\/secure.gravatar.com\/avatar\/07bd71fac19f42004f2b73567f012e126689afdb23cb0017536dea9113ba1806?s=96&d=mm&r=g","url":"https:\/\/secure.gravatar.com\/avatar\/07bd71fac19f42004f2b73567f012e126689afdb23cb0017536dea9113ba1806?s=96&d=mm&r=g","contentUrl":"https:\/\/secure.gravatar.com\/avatar\/07bd71fac19f42004f2b73567f012e126689afdb23cb0017536dea9113ba1806?s=96&d=mm&r=g","caption":"123esite"},"sameAs":["http:\/\/globalattitude.org.br"],"url":"https:\/\/globalattitude.org.br\/en\/author\/123esite\/"}]}},"_links":{"self":[{"href":"https:\/\/globalattitude.org.br\/en\/wp-json\/wp\/v2\/posts\/3314","targetHints":{"allow":["GET"]}}],"collection":[{"href":"https:\/\/globalattitude.org.br\/en\/wp-json\/wp\/v2\/posts"}],"about":[{"href":"https:\/\/globalattitude.org.br\/en\/wp-json\/wp\/v2\/types\/post"}],"author":[{"embeddable":true,"href":"https:\/\/globalattitude.org.br\/en\/wp-json\/wp\/v2\/users\/1"}],"replies":[{"embeddable":true,"href":"https:\/\/globalattitude.org.br\/en\/wp-json\/wp\/v2\/comments?post=3314"}],"version-history":[{"count":3,"href":"https:\/\/globalattitude.org.br\/en\/wp-json\/wp\/v2\/posts\/3314\/revisions"}],"predecessor-version":[{"id":3728,"href":"https:\/\/globalattitude.org.br\/en\/wp-json\/wp\/v2\/posts\/3314\/revisions\/3728"}],"wp:featuredmedia":[{"embeddable":true,"href":"https:\/\/globalattitude.org.br\/en\/wp-json\/wp\/v2\/media\/3315"}],"wp:attachment":[{"href":"https:\/\/globalattitude.org.br\/en\/wp-json\/wp\/v2\/media?parent=3314"}],"wp:term":[{"taxonomy":"category","embeddable":true,"href":"https:\/\/globalattitude.org.br\/en\/wp-json\/wp\/v2\/categories?post=3314"},{"taxonomy":"post_tag","embeddable":true,"href":"https:\/\/globalattitude.org.br\/en\/wp-json\/wp\/v2\/tags?post=3314"}],"curies":[{"name":"wp","href":"https:\/\/api.w.org\/{rel}","templated":true}]}}