{"id":3327,"date":"2021-03-19T20:21:16","date_gmt":"2021-03-19T23:21:16","guid":{"rendered":"https:\/\/globalattitude.org.br\/o-retorno-dos-estados-unidos-ao-acordo-de-paris\/"},"modified":"2023-04-25T17:16:46","modified_gmt":"2023-04-25T20:16:46","slug":"o-retorno-dos-estados-unidos-ao-acordo-de-paris","status":"publish","type":"post","link":"https:\/\/globalattitude.org.br\/en\/o-retorno-dos-estados-unidos-ao-acordo-de-paris\/","title":{"rendered":"O retorno dos Estados Unidos ao Acordo de Paris"},"content":{"rendered":"<p><span style=\"font-weight: 400;\">Desde o come\u00e7o de sua campanha presidencial, Joe Biden disse que iria recolocar os Estados Unidos no Acordo de Paris caso fosse eleito presidente. Para o democrata, o combate ao aquecimento global seria uma das prioridades de sua gest\u00e3o. E promessa feita \u00e9 promessa cumprida para Joe Biden. Em 20 de janeiro de 2021, o primeiro dia de mandato do novo presidente norte-americano, Biden cumpriu a sua promessa, fazendo com que os Estados Unidos tornaram-se novamente parte oficial do Acordo.\u00a0<\/span><\/p>\n<p><span style=\"font-weight: 400;\">Com a retomada do pa\u00eds ao Acordo ap\u00f3s quase quatro anos de sua sa\u00edda do pacto clim\u00e1tico durante o governo do ex-presidente Trump, Biden reafirmou que a luta contra a crise clim\u00e1tica \u00e9 mundial. Biden reconheceu que os EUA, um dos maiores poluidores do mundo, tem um dever a cumprir nesse combate. O pa\u00eds \u00e9 o segundo maior emissor de gases de efeito estufa (GEEs) do planeta (lembrando que os pa\u00edses do G20 contribuem para mais de 78% das emiss\u00f5es mundiais de CO2). Em 2017, os EUA eram o \u00fanico pa\u00eds de fora do Acordo de Paris. Uma vergonha para uma na\u00e7\u00e3o que \u00e9 considerada a maior economia do mundo.\u00a0<\/span><\/p>\n<p><span style=\"font-weight: 400;\">Em comunicado oficial \u00e0 imprensa divulgado pela Casa Branca, Biden afirmou que \u201cn\u00e3o h\u00e1 tempo a perder\u201d, e que os EUA sob a administra\u00e7\u00e3o Biden-Harris v\u00e3o \u201ccombater as mudan\u00e7as clim\u00e1ticas de uma maneira que nunca fizemos antes\u201d<\/span><span style=\"font-weight: 400;\">. Biden se comprometeu a zerar a emiss\u00e3o de di\u00f3xido de carbono para a produ\u00e7\u00e3o de energia el\u00e9trica at\u00e9 2050. O presidente norte-americano tamb\u00e9m determinou o bloqueio imediato do oleoduto Keystone XL, e a interrup\u00e7\u00e3o da perfura\u00e7\u00e3o de petr\u00f3leo e g\u00e1s em regi\u00f5es importantes para a vida selvagem nos EUA.<\/span><\/p>\n<p><span style=\"font-weight: 400;\">Vale lembrar que o Acordo de Paris \u00e9 um tratado mundial dedicado a combater a crise clim\u00e1tica. Ele foi desenvolvido em 12 de dezembro de 2015 durante a 21\u00aa Confer\u00eancia das Na\u00e7\u00f5es Unidas sobre as Mudan\u00e7as Clim\u00e1ticas (COP21). As propostas do Acordo de Paris, no entanto, entraram em vigor somente no dia 4 de novembro de 2016, ap\u00f3s sua ratifica\u00e7\u00e3o em, ao menos, 55 pa\u00edses que correspondem, juntos, a 55% da emiss\u00e3o de GEEs. O Brasil, por exemplo, ratificou o Acordo em 2017, com o Decreto N\u00ba 9.073\/17.\u00a0<\/span><\/p>\n<p><span style=\"font-weight: 400;\">Considerado como um documento internacional sem precedentes, o Acordo de Paris estabelece a\u00e7\u00f5es globais contra a crise clim\u00e1tica e baseadas no desenvolvimento sustent\u00e1vel. Um de seus principais objetivos \u00e9 impedir o aumento de 2\u00ba C na temperatura global em rela\u00e7\u00e3o \u00e0 era pr\u00e9-industrial. O Acordo prev\u00ea a cria\u00e7\u00e3o de um mecanismo de revis\u00e3o dos compromissos volunt\u00e1rios dos pa\u00edses, que passam por revis\u00e3o a cada 5 anos.<\/span><\/p>\n<p><span style=\"font-weight: 400;\">Ressalta-se que n\u00e3o existe nenhuma penalidade pelo n\u00e3o cumprimento do Acordo de Paris. Tal como grande parte dos tratados e acordos de coopera\u00e7\u00e3o internacional, o Acordo de Paris n\u00e3o prev\u00ea o estabelecimento de instrumentos de puni\u00e7\u00e3o. No entanto, san\u00e7\u00f5es financeiras e comerciais n\u00e3o vinculadas ao Acordo podem ser feitas. Um exemplo dessa possibilidade seria o posicionamento do presidente franc\u00eas Emmanuel Macron frente a amea\u00e7a feita em 2019 pelo governo do presidente Jair Bolsonaro com rela\u00e7\u00e3o a uma poss\u00edvel sa\u00edda do Brasil do Acordo. Como resposta, Macron anunciou que n\u00e3o manteria um acordo comercial com o Mercosul caso o Brasil realmente sa\u00edsse do Acordo de Paris. Frente a press\u00e3o internacional feita tanto por pa\u00edses europeus quanto por outros pa\u00edses da Am\u00e9rica do Sul, Bolsonaro retirou sua amea\u00e7a.<\/span><\/p>\n<p><span style=\"font-weight: 400;\">Interessante notar que enquanto o governo Biden se destaca pela pauta progressista e pela retomada de uma agenda ambiental engajada em prevenir o acirramento da crise clim\u00e1tica, o governo brasileiro continua a passar vergonha no cen\u00e1rio internacional devido \u00e0 m\u00e1 gest\u00e3o do presidente Bolsonaro. Fora o descaso com a pauta ambiental, principalmente pelas queimadas na Amaz\u00f4nia e pela extensa lista de agrot\u00f3xicos liberados, o pa\u00eds ainda tem se destacado pela p\u00e9ssima gest\u00e3o da pandemia de COVID-19.\u00a0<\/span><\/p>\n<p><span style=\"font-weight: 400;\">N\u00e3o podemos esquecer que Biden e Bolsonaro n\u00e3o possuem uma rela\u00e7\u00e3o ideal para governantes de pa\u00edses tradicionalmente parceiros. No ano passado quando Biden mencionou consequ\u00eancias econ\u00f4micas n\u00e3o especificadas ao Brasil em decorr\u00eancia do desmatamento na Amaz\u00f4nia, Bolsonaro reagiu com raiva, respondendo em um tweet em mai\u00fasculas que \u201cnossa soberania n\u00e3o \u00e9 negoci\u00e1vel\u201d e que o Brasil n\u00e3o aceitaria \u201csubornos\u201d ou \u201camea\u00e7as infundadas\u201d. Para Oliver Stuenker, professor de Rala\u00e7\u00f5es Internacionais da FGV, \u201cO cen\u00e1rio \u00e9 desafiador, mas h\u00e1 esperan\u00e7a de que o governo Biden possa persuadir Bolsonaro a realmente reduzir o desmatamento\u201d<\/span><\/p>\n<p><span style=\"font-weight: 400;\">O retorno dos EUA ao Acordo de Paris d\u00e1 esperan\u00e7as aos esfor\u00e7os internacionais para conter a eleva\u00e7\u00e3o da temperatura no planeta. De certo s\u00e3o pontos de partida para mudan\u00e7as reais. No entanto, ainda nos resta a d\u00favida se 2021 ser\u00e1 realmente um <\/span><i><span style=\"font-weight: 400;\">turning point<\/span><\/i><span style=\"font-weight: 400;\"> para o combate \u00e0s mudan\u00e7as clim\u00e1ticas. E a pr\u00f3xima COP, a ser realizada em Glasgow (Reino Unido) em novembro, ser\u00e1 um bom par\u00e2metro para avaliar tanto a chegada de Joe Biden \u00e0 presid\u00eancia dos EUA, quanto o papel do Reino Unido como anfitri\u00e3o da pr\u00f3pria c\u00fapula do clima. As apostas n\u00e3o poderiam ser maiores.<\/span><\/p>\n<hr \/>\n<p><span style=\"font-size: 8pt;\">Refer\u00eancias:<\/span><\/p>\n<h1><span style=\"font-size: 8pt;\"><a href=\"https:\/\/br.usembassy.gov\/pt\/eua-voltam-oficialmente-ao-acordo-de-paris\/\">EUA\u00a0voltam\u00a0oficialmente\u00a0ao\u00a0Acordo\u00a0de Paris<\/a><\/span><\/h1>\n<h1 class=\"article-headline\"><span style=\"font-size: 8pt;\"><a href=\"https:\/\/www.americasquarterly.org\/article\/how-biden-can-change-bolsonaros-mind-on-the-amazon\/#.YB0KLWGQbBI.twitter\">How Biden Can Change Bolsonaro\u2019s Mind on the Amazon<\/a><\/span><\/h1>\n","protected":false},"excerpt":{"rendered":"<p>Desde o come\u00e7o de sua campanha presidencial, Joe Biden disse que iria recolocar os Estados Unidos no Acordo de Paris caso fosse eleito presidente. Para o democrata, o combate ao aquecimento global seria uma das prioridades de sua gest\u00e3o. E promessa feita \u00e9 promessa cumprida para Joe Biden. Em 20 de janeiro de 2021, o [&hellip;]<\/p>\n","protected":false},"author":1,"featured_media":3328,"comment_status":"open","ping_status":"open","sticky":false,"template":"","format":"standard","meta":{"_acf_changed":false,"om_disable_all_campaigns":false,"_monsterinsights_skip_tracking":false,"_monsterinsights_sitenote_active":false,"_monsterinsights_sitenote_note":"","_monsterinsights_sitenote_category":0,"_uf_show_specific_survey":0,"_uf_disable_surveys":false,"footnotes":""},"categories":[211,35],"tags":[225,57,56,127,161,203,204,215,205,14],"class_list":["post-3327","post","type-post","status-publish","format-standard","hentry","category-nota","category-opiniao","tag-acordo-de-paris","tag-conflitos","tag-desenvolvimento-sustentavel","tag-eua","tag-global-attitude","tag-governo","tag-objetivos","tag-oportunidade","tag-poder-executivo","tag-politica"],"acf":[],"aioseo_notices":[],"yoast_head":"<!-- This site is optimized with the Yoast SEO plugin v27.5 - https:\/\/yoast.com\/product\/yoast-seo-wordpress\/ -->\n<title>O retorno dos Estados Unidos ao Acordo de Paris - por Isabela Esp\u00edndola<\/title>\n<meta name=\"description\" content=\"Desde o come\u00e7o de sua campanha, Joe Biden disse que iria recolocar os Estados Unidos no Acordo de Paris caso fosse eleito presidente\" \/>\n<meta name=\"robots\" content=\"index, follow, max-snippet:-1, max-image-preview:large, max-video-preview:-1\" \/>\n<link rel=\"canonical\" href=\"https:\/\/globalattitude.org.br\/o-retorno-dos-estados-unidos-ao-acordo-de-paris\/\" \/>\n<meta property=\"og:locale\" content=\"en_US\" \/>\n<meta property=\"og:type\" content=\"article\" \/>\n<meta property=\"og:title\" content=\"O retorno dos Estados Unidos ao Acordo de Paris - por Isabela Esp\u00edndola\" \/>\n<meta property=\"og:description\" content=\"Desde o come\u00e7o de sua campanha, Joe Biden disse que iria recolocar os Estados Unidos no Acordo de Paris caso fosse eleito presidente\" \/>\n<meta property=\"og:url\" content=\"https:\/\/globalattitude.org.br\/o-retorno-dos-estados-unidos-ao-acordo-de-paris\/\" \/>\n<meta property=\"og:site_name\" content=\"Instituto Global Attitude\" \/>\n<meta property=\"article:publisher\" content=\"https:\/\/www.facebook.com\/global.attitude.org\/\" \/>\n<meta property=\"article:published_time\" content=\"2021-03-19T23:21:16+00:00\" \/>\n<meta property=\"article:modified_time\" content=\"2023-04-25T20:16:46+00:00\" \/>\n<meta property=\"og:image\" content=\"https:\/\/globalattitude.org.br\/wp-content\/uploads\/2023\/03\/Acordo-de-Paris-810x450-1.png\" \/>\n\t<meta property=\"og:image:width\" content=\"810\" \/>\n\t<meta property=\"og:image:height\" content=\"450\" \/>\n\t<meta property=\"og:image:type\" content=\"image\/png\" \/>\n<meta name=\"author\" content=\"123esite\" \/>\n<meta name=\"twitter:card\" content=\"summary_large_image\" \/>\n<meta name=\"twitter:creator\" content=\"@global_attitude\" \/>\n<meta name=\"twitter:site\" content=\"@global_attitude\" \/>\n<meta name=\"twitter:label1\" content=\"Written by\" \/>\n\t<meta name=\"twitter:data1\" content=\"123esite\" \/>\n\t<meta name=\"twitter:label2\" content=\"Est. reading time\" \/>\n\t<meta name=\"twitter:data2\" content=\"5 minutes\" \/>\n<script type=\"application\/ld+json\" class=\"yoast-schema-graph\">{\"@context\":\"https:\\\/\\\/schema.org\",\"@graph\":[{\"@type\":[\"Article\",\"BlogPosting\"],\"@id\":\"https:\\\/\\\/globalattitude.org.br\\\/o-retorno-dos-estados-unidos-ao-acordo-de-paris\\\/#article\",\"isPartOf\":{\"@id\":\"https:\\\/\\\/globalattitude.org.br\\\/o-retorno-dos-estados-unidos-ao-acordo-de-paris\\\/\"},\"author\":{\"name\":\"123esite\",\"@id\":\"http:\\\/\\\/globalattitude.org.br\\\/#\\\/schema\\\/person\\\/6d308f9d9d1eebad0278ad9386f13169\"},\"headline\":\"O retorno dos Estados Unidos ao Acordo de Paris\",\"datePublished\":\"2021-03-19T23:21:16+00:00\",\"dateModified\":\"2023-04-25T20:16:46+00:00\",\"mainEntityOfPage\":{\"@id\":\"https:\\\/\\\/globalattitude.org.br\\\/o-retorno-dos-estados-unidos-ao-acordo-de-paris\\\/\"},\"wordCount\":924,\"commentCount\":0,\"publisher\":{\"@id\":\"http:\\\/\\\/globalattitude.org.br\\\/#organization\"},\"image\":{\"@id\":\"https:\\\/\\\/globalattitude.org.br\\\/o-retorno-dos-estados-unidos-ao-acordo-de-paris\\\/#primaryimage\"},\"thumbnailUrl\":\"https:\\\/\\\/globalattitude.org.br\\\/wp-content\\\/uploads\\\/2023\\\/03\\\/Acordo-de-Paris-810x450-1.png\",\"keywords\":[\"Acordo de Paris\",\"conflitos\",\"desenvolvimento sustent\u00e1vel\",\"EUA\",\"Global Attitude\",\"governo\",\"objetivos\",\"oportunidade\",\"poder executivo\",\"Pol\u00edtica\"],\"articleSection\":[\"Nota\",\"Opini\u00e3o\"],\"inLanguage\":\"en-US\",\"potentialAction\":[{\"@type\":\"CommentAction\",\"name\":\"Comment\",\"target\":[\"https:\\\/\\\/globalattitude.org.br\\\/o-retorno-dos-estados-unidos-ao-acordo-de-paris\\\/#respond\"]}]},{\"@type\":\"WebPage\",\"@id\":\"https:\\\/\\\/globalattitude.org.br\\\/o-retorno-dos-estados-unidos-ao-acordo-de-paris\\\/\",\"url\":\"https:\\\/\\\/globalattitude.org.br\\\/o-retorno-dos-estados-unidos-ao-acordo-de-paris\\\/\",\"name\":\"O retorno dos Estados Unidos ao Acordo de Paris - por Isabela Esp\u00edndola\",\"isPartOf\":{\"@id\":\"http:\\\/\\\/globalattitude.org.br\\\/#website\"},\"primaryImageOfPage\":{\"@id\":\"https:\\\/\\\/globalattitude.org.br\\\/o-retorno-dos-estados-unidos-ao-acordo-de-paris\\\/#primaryimage\"},\"image\":{\"@id\":\"https:\\\/\\\/globalattitude.org.br\\\/o-retorno-dos-estados-unidos-ao-acordo-de-paris\\\/#primaryimage\"},\"thumbnailUrl\":\"https:\\\/\\\/globalattitude.org.br\\\/wp-content\\\/uploads\\\/2023\\\/03\\\/Acordo-de-Paris-810x450-1.png\",\"datePublished\":\"2021-03-19T23:21:16+00:00\",\"dateModified\":\"2023-04-25T20:16:46+00:00\",\"description\":\"Desde o come\u00e7o de sua campanha, Joe Biden disse que iria recolocar os Estados Unidos no Acordo de Paris caso fosse eleito presidente\",\"breadcrumb\":{\"@id\":\"https:\\\/\\\/globalattitude.org.br\\\/o-retorno-dos-estados-unidos-ao-acordo-de-paris\\\/#breadcrumb\"},\"inLanguage\":\"en-US\",\"potentialAction\":[{\"@type\":\"ReadAction\",\"target\":[\"https:\\\/\\\/globalattitude.org.br\\\/o-retorno-dos-estados-unidos-ao-acordo-de-paris\\\/\"]}]},{\"@type\":\"ImageObject\",\"inLanguage\":\"en-US\",\"@id\":\"https:\\\/\\\/globalattitude.org.br\\\/o-retorno-dos-estados-unidos-ao-acordo-de-paris\\\/#primaryimage\",\"url\":\"https:\\\/\\\/globalattitude.org.br\\\/wp-content\\\/uploads\\\/2023\\\/03\\\/Acordo-de-Paris-810x450-1.png\",\"contentUrl\":\"https:\\\/\\\/globalattitude.org.br\\\/wp-content\\\/uploads\\\/2023\\\/03\\\/Acordo-de-Paris-810x450-1.png\",\"width\":810,\"height\":450},{\"@type\":\"BreadcrumbList\",\"@id\":\"https:\\\/\\\/globalattitude.org.br\\\/o-retorno-dos-estados-unidos-ao-acordo-de-paris\\\/#breadcrumb\",\"itemListElement\":[{\"@type\":\"ListItem\",\"position\":1,\"name\":\"In\u00edcio\",\"item\":\"https:\\\/\\\/globalattitude.org.br\\\/en\\\/\"},{\"@type\":\"ListItem\",\"position\":2,\"name\":\"O retorno dos Estados Unidos ao Acordo de Paris\"}]},{\"@type\":\"WebSite\",\"@id\":\"http:\\\/\\\/globalattitude.org.br\\\/#website\",\"url\":\"http:\\\/\\\/globalattitude.org.br\\\/\",\"name\":\"Instituto Global Attitude\",\"description\":\"\",\"publisher\":{\"@id\":\"http:\\\/\\\/globalattitude.org.br\\\/#organization\"},\"potentialAction\":[{\"@type\":\"SearchAction\",\"target\":{\"@type\":\"EntryPoint\",\"urlTemplate\":\"http:\\\/\\\/globalattitude.org.br\\\/?s={search_term_string}\"},\"query-input\":{\"@type\":\"PropertyValueSpecification\",\"valueRequired\":true,\"valueName\":\"search_term_string\"}}],\"inLanguage\":\"en-US\"},{\"@type\":\"Organization\",\"@id\":\"http:\\\/\\\/globalattitude.org.br\\\/#organization\",\"name\":\"Instituto Global Attitude\",\"url\":\"http:\\\/\\\/globalattitude.org.br\\\/\",\"logo\":{\"@type\":\"ImageObject\",\"inLanguage\":\"en-US\",\"@id\":\"http:\\\/\\\/globalattitude.org.br\\\/#\\\/schema\\\/logo\\\/image\\\/\",\"url\":\"https:\\\/\\\/globalattitude.org.br\\\/wp-content\\\/uploads\\\/2023\\\/01\\\/instituto-global-attitude-color.png\",\"contentUrl\":\"https:\\\/\\\/globalattitude.org.br\\\/wp-content\\\/uploads\\\/2023\\\/01\\\/instituto-global-attitude-color.png\",\"width\":300,\"height\":131,\"caption\":\"Instituto Global Attitude\"},\"image\":{\"@id\":\"http:\\\/\\\/globalattitude.org.br\\\/#\\\/schema\\\/logo\\\/image\\\/\"},\"sameAs\":[\"https:\\\/\\\/www.facebook.com\\\/global.attitude.org\\\/\",\"https:\\\/\\\/x.com\\\/global_attitude\",\"https:\\\/\\\/www.instagram.com\\\/globalattitude\",\"https:\\\/\\\/www.linkedin.com\\\/company\\\/global-attitude\\\/?viewAsMember=true\"]},{\"@type\":\"Person\",\"@id\":\"http:\\\/\\\/globalattitude.org.br\\\/#\\\/schema\\\/person\\\/6d308f9d9d1eebad0278ad9386f13169\",\"name\":\"123esite\",\"image\":{\"@type\":\"ImageObject\",\"inLanguage\":\"en-US\",\"@id\":\"https:\\\/\\\/secure.gravatar.com\\\/avatar\\\/07bd71fac19f42004f2b73567f012e126689afdb23cb0017536dea9113ba1806?s=96&d=mm&r=g\",\"url\":\"https:\\\/\\\/secure.gravatar.com\\\/avatar\\\/07bd71fac19f42004f2b73567f012e126689afdb23cb0017536dea9113ba1806?s=96&d=mm&r=g\",\"contentUrl\":\"https:\\\/\\\/secure.gravatar.com\\\/avatar\\\/07bd71fac19f42004f2b73567f012e126689afdb23cb0017536dea9113ba1806?s=96&d=mm&r=g\",\"caption\":\"123esite\"},\"sameAs\":[\"http:\\\/\\\/globalattitude.org.br\"],\"url\":\"https:\\\/\\\/globalattitude.org.br\\\/en\\\/author\\\/123esite\\\/\"}]}<\/script>\n<!-- \/ Yoast SEO plugin. -->","yoast_head_json":{"title":"O retorno dos Estados Unidos ao Acordo de Paris - por Isabela Esp\u00edndola","description":"Desde o come\u00e7o de sua campanha, Joe Biden disse que iria recolocar os Estados Unidos no Acordo de Paris caso fosse eleito presidente","robots":{"index":"index","follow":"follow","max-snippet":"max-snippet:-1","max-image-preview":"max-image-preview:large","max-video-preview":"max-video-preview:-1"},"canonical":"https:\/\/globalattitude.org.br\/o-retorno-dos-estados-unidos-ao-acordo-de-paris\/","og_locale":"en_US","og_type":"article","og_title":"O retorno dos Estados Unidos ao Acordo de Paris - por Isabela Esp\u00edndola","og_description":"Desde o come\u00e7o de sua campanha, Joe Biden disse que iria recolocar os Estados Unidos no Acordo de Paris caso fosse eleito presidente","og_url":"https:\/\/globalattitude.org.br\/o-retorno-dos-estados-unidos-ao-acordo-de-paris\/","og_site_name":"Instituto Global Attitude","article_publisher":"https:\/\/www.facebook.com\/global.attitude.org\/","article_published_time":"2021-03-19T23:21:16+00:00","article_modified_time":"2023-04-25T20:16:46+00:00","og_image":[{"width":810,"height":450,"url":"https:\/\/globalattitude.org.br\/wp-content\/uploads\/2023\/03\/Acordo-de-Paris-810x450-1.png","type":"image\/png"}],"author":"123esite","twitter_card":"summary_large_image","twitter_creator":"@global_attitude","twitter_site":"@global_attitude","twitter_misc":{"Written by":"123esite","Est. reading time":"5 minutes"},"schema":{"@context":"https:\/\/schema.org","@graph":[{"@type":["Article","BlogPosting"],"@id":"https:\/\/globalattitude.org.br\/o-retorno-dos-estados-unidos-ao-acordo-de-paris\/#article","isPartOf":{"@id":"https:\/\/globalattitude.org.br\/o-retorno-dos-estados-unidos-ao-acordo-de-paris\/"},"author":{"name":"123esite","@id":"http:\/\/globalattitude.org.br\/#\/schema\/person\/6d308f9d9d1eebad0278ad9386f13169"},"headline":"O retorno dos Estados Unidos ao Acordo de Paris","datePublished":"2021-03-19T23:21:16+00:00","dateModified":"2023-04-25T20:16:46+00:00","mainEntityOfPage":{"@id":"https:\/\/globalattitude.org.br\/o-retorno-dos-estados-unidos-ao-acordo-de-paris\/"},"wordCount":924,"commentCount":0,"publisher":{"@id":"http:\/\/globalattitude.org.br\/#organization"},"image":{"@id":"https:\/\/globalattitude.org.br\/o-retorno-dos-estados-unidos-ao-acordo-de-paris\/#primaryimage"},"thumbnailUrl":"https:\/\/globalattitude.org.br\/wp-content\/uploads\/2023\/03\/Acordo-de-Paris-810x450-1.png","keywords":["Acordo de Paris","conflitos","desenvolvimento sustent\u00e1vel","EUA","Global Attitude","governo","objetivos","oportunidade","poder executivo","Pol\u00edtica"],"articleSection":["Nota","Opini\u00e3o"],"inLanguage":"en-US","potentialAction":[{"@type":"CommentAction","name":"Comment","target":["https:\/\/globalattitude.org.br\/o-retorno-dos-estados-unidos-ao-acordo-de-paris\/#respond"]}]},{"@type":"WebPage","@id":"https:\/\/globalattitude.org.br\/o-retorno-dos-estados-unidos-ao-acordo-de-paris\/","url":"https:\/\/globalattitude.org.br\/o-retorno-dos-estados-unidos-ao-acordo-de-paris\/","name":"O retorno dos Estados Unidos ao Acordo de Paris - por Isabela Esp\u00edndola","isPartOf":{"@id":"http:\/\/globalattitude.org.br\/#website"},"primaryImageOfPage":{"@id":"https:\/\/globalattitude.org.br\/o-retorno-dos-estados-unidos-ao-acordo-de-paris\/#primaryimage"},"image":{"@id":"https:\/\/globalattitude.org.br\/o-retorno-dos-estados-unidos-ao-acordo-de-paris\/#primaryimage"},"thumbnailUrl":"https:\/\/globalattitude.org.br\/wp-content\/uploads\/2023\/03\/Acordo-de-Paris-810x450-1.png","datePublished":"2021-03-19T23:21:16+00:00","dateModified":"2023-04-25T20:16:46+00:00","description":"Desde o come\u00e7o de sua campanha, Joe Biden disse que iria recolocar os Estados Unidos no Acordo de Paris caso fosse eleito presidente","breadcrumb":{"@id":"https:\/\/globalattitude.org.br\/o-retorno-dos-estados-unidos-ao-acordo-de-paris\/#breadcrumb"},"inLanguage":"en-US","potentialAction":[{"@type":"ReadAction","target":["https:\/\/globalattitude.org.br\/o-retorno-dos-estados-unidos-ao-acordo-de-paris\/"]}]},{"@type":"ImageObject","inLanguage":"en-US","@id":"https:\/\/globalattitude.org.br\/o-retorno-dos-estados-unidos-ao-acordo-de-paris\/#primaryimage","url":"https:\/\/globalattitude.org.br\/wp-content\/uploads\/2023\/03\/Acordo-de-Paris-810x450-1.png","contentUrl":"https:\/\/globalattitude.org.br\/wp-content\/uploads\/2023\/03\/Acordo-de-Paris-810x450-1.png","width":810,"height":450},{"@type":"BreadcrumbList","@id":"https:\/\/globalattitude.org.br\/o-retorno-dos-estados-unidos-ao-acordo-de-paris\/#breadcrumb","itemListElement":[{"@type":"ListItem","position":1,"name":"In\u00edcio","item":"https:\/\/globalattitude.org.br\/en\/"},{"@type":"ListItem","position":2,"name":"O retorno dos Estados Unidos ao Acordo de Paris"}]},{"@type":"WebSite","@id":"http:\/\/globalattitude.org.br\/#website","url":"http:\/\/globalattitude.org.br\/","name":"Instituto Global Attitude","description":"","publisher":{"@id":"http:\/\/globalattitude.org.br\/#organization"},"potentialAction":[{"@type":"SearchAction","target":{"@type":"EntryPoint","urlTemplate":"http:\/\/globalattitude.org.br\/?s={search_term_string}"},"query-input":{"@type":"PropertyValueSpecification","valueRequired":true,"valueName":"search_term_string"}}],"inLanguage":"en-US"},{"@type":"Organization","@id":"http:\/\/globalattitude.org.br\/#organization","name":"Instituto Global Attitude","url":"http:\/\/globalattitude.org.br\/","logo":{"@type":"ImageObject","inLanguage":"en-US","@id":"http:\/\/globalattitude.org.br\/#\/schema\/logo\/image\/","url":"https:\/\/globalattitude.org.br\/wp-content\/uploads\/2023\/01\/instituto-global-attitude-color.png","contentUrl":"https:\/\/globalattitude.org.br\/wp-content\/uploads\/2023\/01\/instituto-global-attitude-color.png","width":300,"height":131,"caption":"Instituto Global Attitude"},"image":{"@id":"http:\/\/globalattitude.org.br\/#\/schema\/logo\/image\/"},"sameAs":["https:\/\/www.facebook.com\/global.attitude.org\/","https:\/\/x.com\/global_attitude","https:\/\/www.instagram.com\/globalattitude","https:\/\/www.linkedin.com\/company\/global-attitude\/?viewAsMember=true"]},{"@type":"Person","@id":"http:\/\/globalattitude.org.br\/#\/schema\/person\/6d308f9d9d1eebad0278ad9386f13169","name":"123esite","image":{"@type":"ImageObject","inLanguage":"en-US","@id":"https:\/\/secure.gravatar.com\/avatar\/07bd71fac19f42004f2b73567f012e126689afdb23cb0017536dea9113ba1806?s=96&d=mm&r=g","url":"https:\/\/secure.gravatar.com\/avatar\/07bd71fac19f42004f2b73567f012e126689afdb23cb0017536dea9113ba1806?s=96&d=mm&r=g","contentUrl":"https:\/\/secure.gravatar.com\/avatar\/07bd71fac19f42004f2b73567f012e126689afdb23cb0017536dea9113ba1806?s=96&d=mm&r=g","caption":"123esite"},"sameAs":["http:\/\/globalattitude.org.br"],"url":"https:\/\/globalattitude.org.br\/en\/author\/123esite\/"}]}},"_links":{"self":[{"href":"https:\/\/globalattitude.org.br\/en\/wp-json\/wp\/v2\/posts\/3327","targetHints":{"allow":["GET"]}}],"collection":[{"href":"https:\/\/globalattitude.org.br\/en\/wp-json\/wp\/v2\/posts"}],"about":[{"href":"https:\/\/globalattitude.org.br\/en\/wp-json\/wp\/v2\/types\/post"}],"author":[{"embeddable":true,"href":"https:\/\/globalattitude.org.br\/en\/wp-json\/wp\/v2\/users\/1"}],"replies":[{"embeddable":true,"href":"https:\/\/globalattitude.org.br\/en\/wp-json\/wp\/v2\/comments?post=3327"}],"version-history":[{"count":2,"href":"https:\/\/globalattitude.org.br\/en\/wp-json\/wp\/v2\/posts\/3327\/revisions"}],"predecessor-version":[{"id":3684,"href":"https:\/\/globalattitude.org.br\/en\/wp-json\/wp\/v2\/posts\/3327\/revisions\/3684"}],"wp:featuredmedia":[{"embeddable":true,"href":"https:\/\/globalattitude.org.br\/en\/wp-json\/wp\/v2\/media\/3328"}],"wp:attachment":[{"href":"https:\/\/globalattitude.org.br\/en\/wp-json\/wp\/v2\/media?parent=3327"}],"wp:term":[{"taxonomy":"category","embeddable":true,"href":"https:\/\/globalattitude.org.br\/en\/wp-json\/wp\/v2\/categories?post=3327"},{"taxonomy":"post_tag","embeddable":true,"href":"https:\/\/globalattitude.org.br\/en\/wp-json\/wp\/v2\/tags?post=3327"}],"curies":[{"name":"wp","href":"https:\/\/api.w.org\/{rel}","templated":true}]}}