{"id":3351,"date":"2021-04-29T20:36:43","date_gmt":"2021-04-29T23:36:43","guid":{"rendered":"https:\/\/globalattitude.org.br\/geopolitica-da-vacina\/"},"modified":"2023-08-17T12:38:14","modified_gmt":"2023-08-17T15:38:14","slug":"geopolitica-da-vacina-contra-o-coronavirus","status":"publish","type":"post","link":"https:\/\/globalattitude.org.br\/en\/geopolitica-da-vacina-contra-o-coronavirus\/","title":{"rendered":"Geopol\u00edtica da Vacina contra o Coronav\u00edrus"},"content":{"rendered":"<p>Com a atual conjuntura, ainda no momento pand\u00eamico e sem vacina, as a\u00e7\u00f5es e tomadas de decis\u00f5es t\u00eam acontecido, sobretudo, de modo mais ativo devido \u00e0 rapidez que o momento carece. Isso, porque o n\u00edvel de propaga\u00e7\u00e3o do v\u00edrus e o surgimento de novas variantes. Apesar de um objetivo em comum nesta situa\u00e7\u00e3o mundial, \u00e9 n\u00edtido o contraste entre os pa\u00edses desenvolvidos e os subdesenvolvidos na tem\u00e1tica sa\u00fade e ci\u00eancia. Em outras palavras, pontos primordiais para atingir a solu\u00e7\u00e3o do momento nocivo global.<\/p>\n<h2>Tecnologia da Vacina<\/h2>\n<p>Os chamados pa\u00edses de primeiro mundo possuem um acesso elevado para o desenvolvimento da vacina, conforme podemos testemunhar. E tendo isso em vista, realizou-se eventualmente um processo de coopera\u00e7\u00e3o com uma grande participa\u00e7\u00e3o desses pa\u00edses. Devido a isso, o avan\u00e7o com a imuniza\u00e7\u00e3o contra a Covid-19 foi cada vez mais acelerado nesses pa\u00edses.<\/p>\n<p>Quanto aos outros povos, al\u00e9m do insuficiente acesso \u00e0s tecnologias para o desenvolvimento da vacina, t\u00eam sido um obst\u00e1culo a chegada da imuniza\u00e7\u00e3o contra o v\u00edrus e tamb\u00e9m a quantidade disponibilizada. Levando em considera\u00e7\u00e3o que a recomenda\u00e7\u00e3o de cientistas da OMS, pelo menos 70% da popula\u00e7\u00e3o mundial precisa ser imunizada para assegurar o fim da pandemia e atualmente, apenas 4% da popula\u00e7\u00e3o mundial j\u00e1 foi vacinada.<\/p>\n<blockquote><p><a href=\"https:\/\/globalattitude.org.br\/a-contribuicao-da-pandemia-na-comunicacao-corporativa-global\/\" target=\"_blank\" rel=\"noopener\">Leia tamb\u00e9m: A contribui\u00e7\u00e3o da pandemia na comunica\u00e7\u00e3o corporativa global<\/a><\/p><\/blockquote>\n<h2>Suspens\u00e3o das Patentes<\/h2>\n<p>Um fator importante e decisivo para a atual condi\u00e7\u00e3o, \u00e9 o que tem se debatido na Organiza\u00e7\u00e3o Mundial do Com\u00e9rcio (OMC) quanto \u00e0 suspens\u00e3o de patentes das vacinas. Como resultado, as patentes regulam os direitos de propriedade intelectual, desenhos industriais, protegem as informa\u00e7\u00f5es confidenciais, e sua suspens\u00e3o tempor\u00e1ria tem como objetivo que mais fabricantes consigam produzir vacinas em larga escala. Todavia, \u00e9 uma proposta que n\u00e3o tem ganhado apoio, pois n\u00e3o se encontra um consenso entre os pa\u00edses membros da organiza\u00e7\u00e3o.<\/p>\n<p>Dessa maneira, em virtude dos aspectos mencionados, \u00e9 uma prioridade a vacina\u00e7\u00e3o em massa e de modo gratuito, a vacina\u00e7\u00e3o \u00e9 uma quest\u00e3o de sa\u00fade p\u00fablica e de direito humanit\u00e1rio. Tamb\u00e9m a cria\u00e7\u00e3o de uma proposta de distribui\u00e7\u00e3o das vacinas que atinja esses povos em desvantagem social. Enfim, somente com solidariedade no sistema internacional, ser\u00e1 poss\u00edvel superar mundialmente o v\u00edrus da Covid-19.<\/p>\n<h3>Fontes:<\/h3>\n<ul>\n<li><strong><a href=\"https:\/\/jovempan.com.br\/noticias\/mundo\/oms-pandemia-tera-fim-quando-70-d a-populacao-mundial-for-vacinada.html\" target=\"_blank\" rel=\"noopener\">OMS: A pandemia ter\u00e1 fim quando 70% da popula\u00e7\u00e3o mundial for vacinada. Jovem Pan, 11 de novembro de 2020. Acesso em: 19 de abril de 2021. <\/a><\/strong><\/li>\n<li><strong><a href=\"https:\/\/portal.fgv.br\/noticias\/geopolitica-vacina-pelo-mundo-e-tema-evento-onl ine\" target=\"_blank\" rel=\"noopener\">Geopol\u00edtica da vacina pelo mundo \u00e9 tema de evento online. FGV, 16 de mar\u00e7o de 2021. Acesso em: 19 de abril de 2021.<\/a> <\/strong><\/li>\n<li><strong><a href=\"https:\/\/g1.globo.com\/podcast\/o-assunto\/noticia\/2021\/02\/09\/o-assunto-386-geo politica-da-vacina-os-emergentes.ghtml\" target=\"_blank\" rel=\"noopener\">O Assunto #386: Geopol\u00edtica da vacina &#8211; os emergentes. G1, 09 de fevereiro de 2021. Acesso em: 19 de abril de 2021.<\/a> <\/strong><\/li>\n<li><strong><a href=\"https:\/\/www.dw.com\/pt-br\/sem-apoio-do-brasil-proposta-para-suspender-pate nte-de-vacinas-trava-na-omc\/a-56859401\" target=\"_blank\" rel=\"noopener\">Sem apoio do Brasil, proposta para suspender patente de vacina trava OMC. DW Brasil, 12 de mar\u00e7o de 2021. Acesso em: 21 de abril de 2021.\u00a0<\/a><\/strong><\/li>\n<\/ul>\n","protected":false},"excerpt":{"rendered":"<p>Com a atual conjuntura, ainda no momento pand\u00eamico e sem vacina, as a\u00e7\u00f5es e tomadas de decis\u00f5es t\u00eam acontecido, sobretudo, de modo mais ativo devido \u00e0 rapidez que o momento carece. Isso, porque o n\u00edvel de propaga\u00e7\u00e3o do v\u00edrus e o surgimento de novas variantes. Apesar de um objetivo em comum nesta situa\u00e7\u00e3o mundial, \u00e9 [&hellip;]<\/p>\n","protected":false},"author":1,"featured_media":3352,"comment_status":"open","ping_status":"open","sticky":false,"template":"","format":"standard","meta":{"_acf_changed":false,"om_disable_all_campaigns":false,"_monsterinsights_skip_tracking":false,"_monsterinsights_sitenote_active":false,"_monsterinsights_sitenote_note":"","_monsterinsights_sitenote_category":0,"_uf_show_specific_survey":0,"_uf_disable_surveys":false,"footnotes":""},"categories":[211,35],"tags":[258,210,262],"class_list":["post-3351","post","type-post","status-publish","format-standard","hentry","category-nota","category-opiniao","tag-coronavirus","tag-pandemia","tag-vacina"],"acf":[],"aioseo_notices":[],"yoast_head":"<!-- This site is optimized with the Yoast SEO plugin v27.5 - https:\/\/yoast.com\/product\/yoast-seo-wordpress\/ -->\n<title>Geopol\u00edtica da Vacina contra o Coronav\u00edrus<\/title>\n<meta name=\"description\" content=\"A geopol\u00edtica da vacina revela disputas globais por acesso e influ\u00eancia, afetando estrat\u00e9gias de sa\u00fade e rela\u00e7\u00f5es internacionais.\" \/>\n<meta name=\"robots\" content=\"index, follow, max-snippet:-1, max-image-preview:large, max-video-preview:-1\" \/>\n<link rel=\"canonical\" href=\"https:\/\/globalattitude.org.br\/en\/geopolitica-da-vacina-contra-o-coronavirus\/\" \/>\n<meta property=\"og:locale\" content=\"en_US\" \/>\n<meta property=\"og:type\" content=\"article\" \/>\n<meta property=\"og:title\" content=\"Geopol\u00edtica da Vacina contra o Coronav\u00edrus\" \/>\n<meta property=\"og:description\" content=\"A geopol\u00edtica da vacina revela disputas globais por acesso e influ\u00eancia, afetando estrat\u00e9gias de sa\u00fade e rela\u00e7\u00f5es internacionais.\" \/>\n<meta property=\"og:url\" content=\"https:\/\/globalattitude.org.br\/en\/geopolitica-da-vacina-contra-o-coronavirus\/\" \/>\n<meta property=\"og:site_name\" content=\"Instituto Global Attitude\" \/>\n<meta property=\"article:publisher\" content=\"https:\/\/www.facebook.com\/global.attitude.org\/\" \/>\n<meta property=\"article:published_time\" content=\"2021-04-29T23:36:43+00:00\" \/>\n<meta property=\"article:modified_time\" content=\"2023-08-17T15:38:14+00:00\" \/>\n<meta property=\"og:image\" content=\"https:\/\/globalattitude.org.br\/wp-content\/uploads\/2023\/03\/Capa-blog-1-1-1-1200x675.png\" \/>\n\t<meta property=\"og:image:width\" content=\"1920\" \/>\n\t<meta property=\"og:image:height\" content=\"1080\" \/>\n\t<meta property=\"og:image:type\" content=\"image\/png\" \/>\n<meta name=\"author\" content=\"123esite\" \/>\n<meta name=\"twitter:card\" content=\"summary_large_image\" \/>\n<meta name=\"twitter:creator\" content=\"@global_attitude\" \/>\n<meta name=\"twitter:site\" content=\"@global_attitude\" \/>\n<meta name=\"twitter:label1\" content=\"Written by\" \/>\n\t<meta name=\"twitter:data1\" content=\"123esite\" \/>\n\t<meta name=\"twitter:label2\" content=\"Est. reading time\" \/>\n\t<meta name=\"twitter:data2\" content=\"3 minutes\" \/>\n<script type=\"application\/ld+json\" class=\"yoast-schema-graph\">{\"@context\":\"https:\\\/\\\/schema.org\",\"@graph\":[{\"@type\":[\"Article\",\"BlogPosting\"],\"@id\":\"https:\\\/\\\/globalattitude.org.br\\\/en\\\/geopolitica-da-vacina-contra-o-coronavirus\\\/#article\",\"isPartOf\":{\"@id\":\"https:\\\/\\\/globalattitude.org.br\\\/en\\\/geopolitica-da-vacina-contra-o-coronavirus\\\/\"},\"author\":{\"name\":\"123esite\",\"@id\":\"https:\\\/\\\/globalattitude.org.br\\\/en\\\/#\\\/schema\\\/person\\\/6d308f9d9d1eebad0278ad9386f13169\"},\"headline\":\"Geopol\u00edtica da Vacina contra o Coronav\u00edrus\",\"datePublished\":\"2021-04-29T23:36:43+00:00\",\"dateModified\":\"2023-08-17T15:38:14+00:00\",\"mainEntityOfPage\":{\"@id\":\"https:\\\/\\\/globalattitude.org.br\\\/en\\\/geopolitica-da-vacina-contra-o-coronavirus\\\/\"},\"wordCount\":501,\"commentCount\":0,\"publisher\":{\"@id\":\"https:\\\/\\\/globalattitude.org.br\\\/en\\\/#organization\"},\"image\":{\"@id\":\"https:\\\/\\\/globalattitude.org.br\\\/en\\\/geopolitica-da-vacina-contra-o-coronavirus\\\/#primaryimage\"},\"thumbnailUrl\":\"https:\\\/\\\/globalattitude.org.br\\\/wp-content\\\/uploads\\\/2023\\\/03\\\/Capa-blog-1-1-1-1200x675.png\",\"keywords\":[\"coronav\u00edrus\",\"pandemia\",\"vacina\"],\"articleSection\":[\"Nota\",\"Opini\u00e3o\"],\"inLanguage\":\"en-US\",\"potentialAction\":[{\"@type\":\"CommentAction\",\"name\":\"Comment\",\"target\":[\"https:\\\/\\\/globalattitude.org.br\\\/en\\\/geopolitica-da-vacina-contra-o-coronavirus\\\/#respond\"]}]},{\"@type\":\"WebPage\",\"@id\":\"https:\\\/\\\/globalattitude.org.br\\\/en\\\/geopolitica-da-vacina-contra-o-coronavirus\\\/\",\"url\":\"https:\\\/\\\/globalattitude.org.br\\\/en\\\/geopolitica-da-vacina-contra-o-coronavirus\\\/\",\"name\":\"Geopol\u00edtica da Vacina contra o Coronav\u00edrus\",\"isPartOf\":{\"@id\":\"https:\\\/\\\/globalattitude.org.br\\\/en\\\/#website\"},\"primaryImageOfPage\":{\"@id\":\"https:\\\/\\\/globalattitude.org.br\\\/en\\\/geopolitica-da-vacina-contra-o-coronavirus\\\/#primaryimage\"},\"image\":{\"@id\":\"https:\\\/\\\/globalattitude.org.br\\\/en\\\/geopolitica-da-vacina-contra-o-coronavirus\\\/#primaryimage\"},\"thumbnailUrl\":\"https:\\\/\\\/globalattitude.org.br\\\/wp-content\\\/uploads\\\/2023\\\/03\\\/Capa-blog-1-1-1-1200x675.png\",\"datePublished\":\"2021-04-29T23:36:43+00:00\",\"dateModified\":\"2023-08-17T15:38:14+00:00\",\"description\":\"A geopol\u00edtica da vacina revela disputas globais por acesso e influ\u00eancia, afetando estrat\u00e9gias de sa\u00fade e rela\u00e7\u00f5es internacionais.\",\"breadcrumb\":{\"@id\":\"https:\\\/\\\/globalattitude.org.br\\\/en\\\/geopolitica-da-vacina-contra-o-coronavirus\\\/#breadcrumb\"},\"inLanguage\":\"en-US\",\"potentialAction\":[{\"@type\":\"ReadAction\",\"target\":[\"https:\\\/\\\/globalattitude.org.br\\\/en\\\/geopolitica-da-vacina-contra-o-coronavirus\\\/\"]}]},{\"@type\":\"ImageObject\",\"inLanguage\":\"en-US\",\"@id\":\"https:\\\/\\\/globalattitude.org.br\\\/en\\\/geopolitica-da-vacina-contra-o-coronavirus\\\/#primaryimage\",\"url\":\"https:\\\/\\\/globalattitude.org.br\\\/wp-content\\\/uploads\\\/2023\\\/03\\\/Capa-blog-1-1-1-1200x675.png\",\"contentUrl\":\"https:\\\/\\\/globalattitude.org.br\\\/wp-content\\\/uploads\\\/2023\\\/03\\\/Capa-blog-1-1-1-1200x675.png\",\"width\":1920,\"height\":1080},{\"@type\":\"BreadcrumbList\",\"@id\":\"https:\\\/\\\/globalattitude.org.br\\\/en\\\/geopolitica-da-vacina-contra-o-coronavirus\\\/#breadcrumb\",\"itemListElement\":[{\"@type\":\"ListItem\",\"position\":1,\"name\":\"In\u00edcio\",\"item\":\"https:\\\/\\\/globalattitude.org.br\\\/en\\\/\"},{\"@type\":\"ListItem\",\"position\":2,\"name\":\"Geopol\u00edtica da Vacina contra o Coronav\u00edrus\"}]},{\"@type\":\"WebSite\",\"@id\":\"https:\\\/\\\/globalattitude.org.br\\\/en\\\/#website\",\"url\":\"https:\\\/\\\/globalattitude.org.br\\\/en\\\/\",\"name\":\"Instituto Global Attitude\",\"description\":\"\",\"publisher\":{\"@id\":\"https:\\\/\\\/globalattitude.org.br\\\/en\\\/#organization\"},\"potentialAction\":[{\"@type\":\"SearchAction\",\"target\":{\"@type\":\"EntryPoint\",\"urlTemplate\":\"https:\\\/\\\/globalattitude.org.br\\\/en\\\/?s={search_term_string}\"},\"query-input\":{\"@type\":\"PropertyValueSpecification\",\"valueRequired\":true,\"valueName\":\"search_term_string\"}}],\"inLanguage\":\"en-US\"},{\"@type\":\"Organization\",\"@id\":\"https:\\\/\\\/globalattitude.org.br\\\/en\\\/#organization\",\"name\":\"Instituto Global Attitude\",\"url\":\"https:\\\/\\\/globalattitude.org.br\\\/en\\\/\",\"logo\":{\"@type\":\"ImageObject\",\"inLanguage\":\"en-US\",\"@id\":\"https:\\\/\\\/globalattitude.org.br\\\/en\\\/#\\\/schema\\\/logo\\\/image\\\/\",\"url\":\"https:\\\/\\\/globalattitude.org.br\\\/wp-content\\\/uploads\\\/2023\\\/01\\\/instituto-global-attitude-color.png\",\"contentUrl\":\"https:\\\/\\\/globalattitude.org.br\\\/wp-content\\\/uploads\\\/2023\\\/01\\\/instituto-global-attitude-color.png\",\"width\":300,\"height\":131,\"caption\":\"Instituto Global Attitude\"},\"image\":{\"@id\":\"https:\\\/\\\/globalattitude.org.br\\\/en\\\/#\\\/schema\\\/logo\\\/image\\\/\"},\"sameAs\":[\"https:\\\/\\\/www.facebook.com\\\/global.attitude.org\\\/\",\"https:\\\/\\\/x.com\\\/global_attitude\",\"https:\\\/\\\/www.instagram.com\\\/globalattitude\",\"https:\\\/\\\/www.linkedin.com\\\/company\\\/global-attitude\\\/?viewAsMember=true\"]},{\"@type\":\"Person\",\"@id\":\"https:\\\/\\\/globalattitude.org.br\\\/en\\\/#\\\/schema\\\/person\\\/6d308f9d9d1eebad0278ad9386f13169\",\"name\":\"123esite\",\"image\":{\"@type\":\"ImageObject\",\"inLanguage\":\"en-US\",\"@id\":\"https:\\\/\\\/secure.gravatar.com\\\/avatar\\\/07bd71fac19f42004f2b73567f012e126689afdb23cb0017536dea9113ba1806?s=96&d=mm&r=g\",\"url\":\"https:\\\/\\\/secure.gravatar.com\\\/avatar\\\/07bd71fac19f42004f2b73567f012e126689afdb23cb0017536dea9113ba1806?s=96&d=mm&r=g\",\"contentUrl\":\"https:\\\/\\\/secure.gravatar.com\\\/avatar\\\/07bd71fac19f42004f2b73567f012e126689afdb23cb0017536dea9113ba1806?s=96&d=mm&r=g\",\"caption\":\"123esite\"},\"sameAs\":[\"http:\\\/\\\/globalattitude.org.br\"],\"url\":\"https:\\\/\\\/globalattitude.org.br\\\/en\\\/author\\\/123esite\\\/\"}]}<\/script>\n<!-- \/ Yoast SEO plugin. -->","yoast_head_json":{"title":"Geopol\u00edtica da Vacina contra o Coronav\u00edrus","description":"A geopol\u00edtica da vacina revela disputas globais por acesso e influ\u00eancia, afetando estrat\u00e9gias de sa\u00fade e rela\u00e7\u00f5es internacionais.","robots":{"index":"index","follow":"follow","max-snippet":"max-snippet:-1","max-image-preview":"max-image-preview:large","max-video-preview":"max-video-preview:-1"},"canonical":"https:\/\/globalattitude.org.br\/en\/geopolitica-da-vacina-contra-o-coronavirus\/","og_locale":"en_US","og_type":"article","og_title":"Geopol\u00edtica da Vacina contra o Coronav\u00edrus","og_description":"A geopol\u00edtica da vacina revela disputas globais por acesso e influ\u00eancia, afetando estrat\u00e9gias de sa\u00fade e rela\u00e7\u00f5es internacionais.","og_url":"https:\/\/globalattitude.org.br\/en\/geopolitica-da-vacina-contra-o-coronavirus\/","og_site_name":"Instituto Global Attitude","article_publisher":"https:\/\/www.facebook.com\/global.attitude.org\/","article_published_time":"2021-04-29T23:36:43+00:00","article_modified_time":"2023-08-17T15:38:14+00:00","og_image":[{"width":1920,"height":1080,"url":"https:\/\/globalattitude.org.br\/wp-content\/uploads\/2023\/03\/Capa-blog-1-1-1-1200x675.png","type":"image\/png"}],"author":"123esite","twitter_card":"summary_large_image","twitter_creator":"@global_attitude","twitter_site":"@global_attitude","twitter_misc":{"Written by":"123esite","Est. reading time":"3 minutes"},"schema":{"@context":"https:\/\/schema.org","@graph":[{"@type":["Article","BlogPosting"],"@id":"https:\/\/globalattitude.org.br\/en\/geopolitica-da-vacina-contra-o-coronavirus\/#article","isPartOf":{"@id":"https:\/\/globalattitude.org.br\/en\/geopolitica-da-vacina-contra-o-coronavirus\/"},"author":{"name":"123esite","@id":"https:\/\/globalattitude.org.br\/en\/#\/schema\/person\/6d308f9d9d1eebad0278ad9386f13169"},"headline":"Geopol\u00edtica da Vacina contra o Coronav\u00edrus","datePublished":"2021-04-29T23:36:43+00:00","dateModified":"2023-08-17T15:38:14+00:00","mainEntityOfPage":{"@id":"https:\/\/globalattitude.org.br\/en\/geopolitica-da-vacina-contra-o-coronavirus\/"},"wordCount":501,"commentCount":0,"publisher":{"@id":"https:\/\/globalattitude.org.br\/en\/#organization"},"image":{"@id":"https:\/\/globalattitude.org.br\/en\/geopolitica-da-vacina-contra-o-coronavirus\/#primaryimage"},"thumbnailUrl":"https:\/\/globalattitude.org.br\/wp-content\/uploads\/2023\/03\/Capa-blog-1-1-1-1200x675.png","keywords":["coronav\u00edrus","pandemia","vacina"],"articleSection":["Nota","Opini\u00e3o"],"inLanguage":"en-US","potentialAction":[{"@type":"CommentAction","name":"Comment","target":["https:\/\/globalattitude.org.br\/en\/geopolitica-da-vacina-contra-o-coronavirus\/#respond"]}]},{"@type":"WebPage","@id":"https:\/\/globalattitude.org.br\/en\/geopolitica-da-vacina-contra-o-coronavirus\/","url":"https:\/\/globalattitude.org.br\/en\/geopolitica-da-vacina-contra-o-coronavirus\/","name":"Geopol\u00edtica da Vacina contra o Coronav\u00edrus","isPartOf":{"@id":"https:\/\/globalattitude.org.br\/en\/#website"},"primaryImageOfPage":{"@id":"https:\/\/globalattitude.org.br\/en\/geopolitica-da-vacina-contra-o-coronavirus\/#primaryimage"},"image":{"@id":"https:\/\/globalattitude.org.br\/en\/geopolitica-da-vacina-contra-o-coronavirus\/#primaryimage"},"thumbnailUrl":"https:\/\/globalattitude.org.br\/wp-content\/uploads\/2023\/03\/Capa-blog-1-1-1-1200x675.png","datePublished":"2021-04-29T23:36:43+00:00","dateModified":"2023-08-17T15:38:14+00:00","description":"A geopol\u00edtica da vacina revela disputas globais por acesso e influ\u00eancia, afetando estrat\u00e9gias de sa\u00fade e rela\u00e7\u00f5es internacionais.","breadcrumb":{"@id":"https:\/\/globalattitude.org.br\/en\/geopolitica-da-vacina-contra-o-coronavirus\/#breadcrumb"},"inLanguage":"en-US","potentialAction":[{"@type":"ReadAction","target":["https:\/\/globalattitude.org.br\/en\/geopolitica-da-vacina-contra-o-coronavirus\/"]}]},{"@type":"ImageObject","inLanguage":"en-US","@id":"https:\/\/globalattitude.org.br\/en\/geopolitica-da-vacina-contra-o-coronavirus\/#primaryimage","url":"https:\/\/globalattitude.org.br\/wp-content\/uploads\/2023\/03\/Capa-blog-1-1-1-1200x675.png","contentUrl":"https:\/\/globalattitude.org.br\/wp-content\/uploads\/2023\/03\/Capa-blog-1-1-1-1200x675.png","width":1920,"height":1080},{"@type":"BreadcrumbList","@id":"https:\/\/globalattitude.org.br\/en\/geopolitica-da-vacina-contra-o-coronavirus\/#breadcrumb","itemListElement":[{"@type":"ListItem","position":1,"name":"In\u00edcio","item":"https:\/\/globalattitude.org.br\/en\/"},{"@type":"ListItem","position":2,"name":"Geopol\u00edtica da Vacina contra o Coronav\u00edrus"}]},{"@type":"WebSite","@id":"https:\/\/globalattitude.org.br\/en\/#website","url":"https:\/\/globalattitude.org.br\/en\/","name":"Instituto Global Attitude","description":"","publisher":{"@id":"https:\/\/globalattitude.org.br\/en\/#organization"},"potentialAction":[{"@type":"SearchAction","target":{"@type":"EntryPoint","urlTemplate":"https:\/\/globalattitude.org.br\/en\/?s={search_term_string}"},"query-input":{"@type":"PropertyValueSpecification","valueRequired":true,"valueName":"search_term_string"}}],"inLanguage":"en-US"},{"@type":"Organization","@id":"https:\/\/globalattitude.org.br\/en\/#organization","name":"Instituto Global Attitude","url":"https:\/\/globalattitude.org.br\/en\/","logo":{"@type":"ImageObject","inLanguage":"en-US","@id":"https:\/\/globalattitude.org.br\/en\/#\/schema\/logo\/image\/","url":"https:\/\/globalattitude.org.br\/wp-content\/uploads\/2023\/01\/instituto-global-attitude-color.png","contentUrl":"https:\/\/globalattitude.org.br\/wp-content\/uploads\/2023\/01\/instituto-global-attitude-color.png","width":300,"height":131,"caption":"Instituto Global Attitude"},"image":{"@id":"https:\/\/globalattitude.org.br\/en\/#\/schema\/logo\/image\/"},"sameAs":["https:\/\/www.facebook.com\/global.attitude.org\/","https:\/\/x.com\/global_attitude","https:\/\/www.instagram.com\/globalattitude","https:\/\/www.linkedin.com\/company\/global-attitude\/?viewAsMember=true"]},{"@type":"Person","@id":"https:\/\/globalattitude.org.br\/en\/#\/schema\/person\/6d308f9d9d1eebad0278ad9386f13169","name":"123esite","image":{"@type":"ImageObject","inLanguage":"en-US","@id":"https:\/\/secure.gravatar.com\/avatar\/07bd71fac19f42004f2b73567f012e126689afdb23cb0017536dea9113ba1806?s=96&d=mm&r=g","url":"https:\/\/secure.gravatar.com\/avatar\/07bd71fac19f42004f2b73567f012e126689afdb23cb0017536dea9113ba1806?s=96&d=mm&r=g","contentUrl":"https:\/\/secure.gravatar.com\/avatar\/07bd71fac19f42004f2b73567f012e126689afdb23cb0017536dea9113ba1806?s=96&d=mm&r=g","caption":"123esite"},"sameAs":["http:\/\/globalattitude.org.br"],"url":"https:\/\/globalattitude.org.br\/en\/author\/123esite\/"}]}},"_links":{"self":[{"href":"https:\/\/globalattitude.org.br\/en\/wp-json\/wp\/v2\/posts\/3351","targetHints":{"allow":["GET"]}}],"collection":[{"href":"https:\/\/globalattitude.org.br\/en\/wp-json\/wp\/v2\/posts"}],"about":[{"href":"https:\/\/globalattitude.org.br\/en\/wp-json\/wp\/v2\/types\/post"}],"author":[{"embeddable":true,"href":"https:\/\/globalattitude.org.br\/en\/wp-json\/wp\/v2\/users\/1"}],"replies":[{"embeddable":true,"href":"https:\/\/globalattitude.org.br\/en\/wp-json\/wp\/v2\/comments?post=3351"}],"version-history":[{"count":3,"href":"https:\/\/globalattitude.org.br\/en\/wp-json\/wp\/v2\/posts\/3351\/revisions"}],"predecessor-version":[{"id":7292,"href":"https:\/\/globalattitude.org.br\/en\/wp-json\/wp\/v2\/posts\/3351\/revisions\/7292"}],"wp:featuredmedia":[{"embeddable":true,"href":"https:\/\/globalattitude.org.br\/en\/wp-json\/wp\/v2\/media\/3352"}],"wp:attachment":[{"href":"https:\/\/globalattitude.org.br\/en\/wp-json\/wp\/v2\/media?parent=3351"}],"wp:term":[{"taxonomy":"category","embeddable":true,"href":"https:\/\/globalattitude.org.br\/en\/wp-json\/wp\/v2\/categories?post=3351"},{"taxonomy":"post_tag","embeddable":true,"href":"https:\/\/globalattitude.org.br\/en\/wp-json\/wp\/v2\/tags?post=3351"}],"curies":[{"name":"wp","href":"https:\/\/api.w.org\/{rel}","templated":true}]}}