{"id":3353,"date":"2021-05-05T20:21:42","date_gmt":"2021-05-05T23:21:42","guid":{"rendered":"https:\/\/globalattitude.org.br\/as-relacoes-multilaterais-e-bilaterais-do-brasil\/"},"modified":"2023-08-17T11:59:40","modified_gmt":"2023-08-17T14:59:40","slug":"as-relacoes-multilaterais-e-bilaterais-do-brasil","status":"publish","type":"post","link":"https:\/\/globalattitude.org.br\/en\/as-relacoes-multilaterais-e-bilaterais-do-brasil\/","title":{"rendered":"As rela\u00e7\u00f5es multilaterais e bilaterais do Brasil"},"content":{"rendered":"<p>Por conta do mundo globalizado em que vivemos, todos os pa\u00edses tendem a uma integra\u00e7\u00e3o de rela\u00e7\u00f5es socioespaciais para que seja poss\u00edvel sustentar o desenvolvimento de toda sociedade. Em decorr\u00eancia desse movimento, a maneira encontrada para solucionar problemas, foi atrav\u00e9s da coopera\u00e7\u00e3o em torno da converg\u00eancia de interesses comuns, para superar d\u00e9cadas de atrasos, imposto pelo neocolonialismo e, tamb\u00e9m, pelo protecionismo das na\u00e7\u00f5es desenvolvidas, resultando na cria\u00e7\u00e3o das rela\u00e7\u00f5es multilaterais e bilaterais. Isso leva a facilitar o com\u00e9rcio entre pa\u00edses membros com redu\u00e7\u00e3o alfandeg\u00e1rias, resolu\u00e7\u00e3o de problemas, cotas de exporta\u00e7\u00e3o, entre outros. Mas, como funciona, as rela\u00e7\u00f5es comerciais funcionam no Brasil e elas realmente produzem bem-estar econ\u00f4mico perante ao Sistema Internacional?<\/p>\n<p>Em primeiro lugar, o Brasil, atualmente, est\u00e1 avan\u00e7ando para se tornar um pa\u00eds globalizado. Mas seu modo de inser\u00e7\u00e3o no cen\u00e1rio internacional difere de outros pa\u00edses globalistas. Exemplo do Chile, que enquadra uma orienta\u00e7\u00e3o comercial que prolonga diretrizes dos tratados de livre com\u00e9rcio e, uma economia baseada nas exporta\u00e7\u00f5es prim\u00e1rias. Ou seja, os preceitos neoliberais dos anos 1990. Ao contr\u00e1rio do Estado brasileiro, onde adota-se o modo de globalismo industrial, esse processo de desenvolvimento possui duas caracter\u00edsticas essenciais. Desse modo, podemos citar o multilateralismo rec\u00edproco (quando as regras de ordem multilateral beneficiam todas as na\u00e7\u00f5es) e a internacionaliza\u00e7\u00e3o econ\u00f4mica.<\/p>\n<h2>Resultado das Rela\u00e7\u00f5es Multilaterais e Bilaterais<\/h2>\n<p>Desde 2003, as negocia\u00e7\u00f5es incorporaram essa pol\u00edtica econ\u00f4mica e administram a conduta diplom\u00e1tica na OMC, no \u00e2mbito da \u00c1rea de Livre Com\u00e9rcio das Am\u00e9ricas (ALCA), e em rela\u00e7\u00e3o \u00e0 Uni\u00e3o Europeia, assim como na forma\u00e7\u00e3o de coaliz\u00f5es com pa\u00edses emergentes. O objetivo dessa estrat\u00e9gia \u00e9 estreitar os la\u00e7os com o maior n\u00famero poss\u00edvel de na\u00e7\u00f5es, blocos e regi\u00f5es. Todavia, independentemente de sua situa\u00e7\u00e3o geogr\u00e1fica, mas se expressa com \u00eanfase no Hemisf\u00e9rio Sul, devido aos interesses brasileiros. Em 2004, por exemplo, a Argentina foi o segundo maior destino das exporta\u00e7\u00f5es brasileiras, depois dos Estados Unidos, enquanto a China ficou em terceiro lugar, e os pa\u00edses do sul foram o destino de 50% do total das exporta\u00e7\u00f5es.<\/p>\n<p>Entretanto, o Brasil ainda \u00e9 visto como um Estado protecionista no cen\u00e1rio internacional. Segundo pesquisas realizadas pela UNQ, \u00e9 evidente que o Brasil ainda \u00e9 observado por fora de forma protecionista e retrocedente. Sobretudo, mostrando que nos \u00faltimos s\u00e9culos pa\u00edses emergentes latino-americanos, como Col\u00f4mbia, Peru, M\u00e9xico e Chile tiveram maior \u00edndice de desenvolvimento em acordos bilaterais em rela\u00e7\u00e3o ao Brasil. Al\u00e9m disso, acrescenta, que os novos desafios internacionais for\u00e7am o Brasil a tentar criar uma estrat\u00e9gia de se relacionar com o mundo, ou pelo menos, v\u00e3o impor as linhas de uma atua\u00e7\u00e3o internacional condizente com os meios dispon\u00edveis.<\/p>\n<h2>Moderniza\u00e7\u00e3o do Sistema<\/h2>\n<p>Apesar da globaliza\u00e7\u00e3o, moderniza\u00e7\u00e3o do sistema produtivo brasileiro e da estrat\u00e9gia log\u00edstica de inser\u00e7\u00e3o no cen\u00e1rio internacional, o Brasil n\u00e3o conseguiu no s\u00e9culo XXI modificar substancialmente sua pauta de exporta\u00e7\u00f5es e colher maiores benef\u00edcios do com\u00e9rcio exterior. No ano de 2009, exportou mais commodities do que manufaturados. Em rela\u00e7\u00e3o \u00e0s manufaturas, 40% acabaram sendo para as principais economias (Estados Unidos, Uni\u00e3o Europeia e China). Enquanto isso, outros 40% foram para a Am\u00e9rica Latina, o que atesta a aten\u00e7\u00e3o aos pa\u00edses vizinhos (UNQ, 2001).<\/p>\n<p>Em suma, a import\u00e2ncia dessa ferramenta internacional para o com\u00e9rcio seria a formula\u00e7\u00e3o da pol\u00edtica externa brasileira, a fim de se desenvolver um mundo globalizado. Esses acordos s\u00e3o criados e formados, principalmente, para resolver quest\u00f5es complexas e que precisam de apoio. Desse modo, mesmo que um Estado n\u00e3o tome conta de resolver um problema sozinho, um acordo internacional com um ou mais pa\u00edses, pode ajud\u00e1-lo a se livrar do obst\u00e1culo. S\u00e3o os acordos bilaterais que v\u00e3o garantir direitos e ditar deveres que dever\u00e3o ser cumpridos e respeitados por ambas as partes nas negocia\u00e7\u00f5es (DALPIAZDALPIAZ, 2017).<\/p>\n<blockquote><p><a href=\"https:\/\/globalattitude.org.br\/a-cooperacao-em-materia-de-energia-entre-os-paises-do-brics\/\" target=\"_blank\" rel=\"noopener\">Leia tamb\u00e9m: A coopera\u00e7\u00e3o em mat\u00e9ria de energia entre os pa\u00edses do BRICS<\/a><\/p><\/blockquote>\n<p>O Brasil mesmo sendo um pa\u00eds visto como emergente, atualmente tomou diversas iniciativas para tais acordos internacionais, exemplo do BRICS, e seu peso no cen\u00e1rio brasileiro tem aumentado rapidamente devido ao crescimento acelerado das quatro economias e \u00e0 recess\u00e3o que afetou os pa\u00edses ricos. Como desejava a diplomacia nacional, o estabelecimento de regras para a ordem global passou a significar uma responsabilidade compartilhada para o aumento do com\u00e9rcio. N\u00e3o somente o BRICS fez sucesso no territ\u00f3rio brasileiro no \u00e2mbito comercial, como existem muitos outros acordos bilaterais e multilaterais que s\u00e3o importantes para rela\u00e7\u00f5es. Para obter mais informa\u00e7\u00f5es sobre os acordos em que o Brasil est\u00e1 inserido, acesse o site do governo, para obter o resultado de todas as atividades ainda vigentes.<\/p>\n<h3>Fontes:<\/h3>\n<ul>\n<li><a href=\"https:\/\/agenciabrasil.ebc.com.br\/economia\/noticia\/2019-11\/china-e-o-principal-d estino-das-exportacoes-brasileiras-aponta-fgv\" target=\"_blank\" rel=\"noopener\"><strong>Ag\u00eancia Brasil, 2019. China e o principal destino das exporta\u00e7\u00f5es brasileiras. Acesso em: 25 de abr de 2021.<\/strong><\/a><\/li>\n<li><strong><a href=\"http:\/\/www.unq.com.br\/blog\/a-importancia-dos-acordos-bilaterais-e-multilaterais -no-comercio-internacional\/\" target=\"_blank\" rel=\"noopener\">Blog UNQ, 2017. A import\u00e2ncia dos acordos bilaterais e multilaterais no com\u00e9rcio internacional. Acesso em: 24 de abr de 2021.<\/a><\/strong><\/li>\n<li><a href=\"https:\/\/dalpiazdalpiaz.com.br\/opiniao-e-noticia\/o-que-sao-acordos-multilaterais# .YIbuw5BKjIU\" target=\"_blank\" rel=\"noopener\"><strong>Dalpiaz Dalpiaz, 2017. O que s\u00e3o acordos multilaterais. Acesso em: 25 de abr de 2021.<\/strong><\/a><\/li>\n<\/ul>\n","protected":false},"excerpt":{"rendered":"<p>Por conta do mundo globalizado em que vivemos, todos os pa\u00edses tendem a uma integra\u00e7\u00e3o de rela\u00e7\u00f5es socioespaciais para que seja poss\u00edvel sustentar o desenvolvimento de toda sociedade. Em decorr\u00eancia desse movimento, a maneira encontrada para solucionar problemas, foi atrav\u00e9s da coopera\u00e7\u00e3o em torno da converg\u00eancia de interesses comuns, para superar d\u00e9cadas de atrasos, imposto [&hellip;]<\/p>\n","protected":false},"author":1,"featured_media":3354,"comment_status":"open","ping_status":"open","sticky":false,"template":"","format":"standard","meta":{"_acf_changed":false,"om_disable_all_campaigns":false,"_monsterinsights_skip_tracking":false,"_monsterinsights_sitenote_active":false,"_monsterinsights_sitenote_note":"","_monsterinsights_sitenote_category":0,"_uf_show_specific_survey":0,"_uf_disable_surveys":false,"footnotes":""},"categories":[211,35],"tags":[389,8,390],"class_list":["post-3353","post","type-post","status-publish","format-standard","hentry","category-nota","category-opiniao","tag-alca","tag-brasil","tag-uniao-europeia"],"acf":[],"aioseo_notices":[],"yoast_head":"<!-- This site is optimized with the Yoast SEO plugin v27.5 - https:\/\/yoast.com\/product\/yoast-seo-wordpress\/ -->\n<title>As rela\u00e7\u00f5es multilaterais e bilaterais do Brasil<\/title>\n<meta name=\"description\" content=\"O Brasil mant\u00e9m rela\u00e7\u00f5es multilaterais e bilaterais s\u00f3lidos, promovendo coopera\u00e7\u00e3o global e parcerias para impulsionar seu desenvolvimento.\" \/>\n<meta name=\"robots\" content=\"index, follow, max-snippet:-1, max-image-preview:large, max-video-preview:-1\" \/>\n<link rel=\"canonical\" href=\"https:\/\/globalattitude.org.br\/as-relacoes-multilaterais-e-bilaterais-do-brasil\/\" \/>\n<meta property=\"og:locale\" content=\"en_US\" \/>\n<meta property=\"og:type\" content=\"article\" \/>\n<meta property=\"og:title\" content=\"As rela\u00e7\u00f5es multilaterais e bilaterais do Brasil\" \/>\n<meta property=\"og:description\" content=\"O Brasil mant\u00e9m rela\u00e7\u00f5es multilaterais e bilaterais s\u00f3lidos, promovendo coopera\u00e7\u00e3o global e parcerias para impulsionar seu desenvolvimento.\" \/>\n<meta property=\"og:url\" content=\"https:\/\/globalattitude.org.br\/as-relacoes-multilaterais-e-bilaterais-do-brasil\/\" \/>\n<meta property=\"og:site_name\" content=\"Instituto Global Attitude\" \/>\n<meta property=\"article:publisher\" content=\"https:\/\/www.facebook.com\/global.attitude.org\/\" \/>\n<meta property=\"article:published_time\" content=\"2021-05-05T23:21:42+00:00\" \/>\n<meta property=\"article:modified_time\" content=\"2023-08-17T14:59:40+00:00\" \/>\n<meta property=\"og:image\" content=\"https:\/\/globalattitude.org.br\/wp-content\/uploads\/2023\/03\/Capa-blog-3-1200x675.png\" \/>\n\t<meta property=\"og:image:width\" content=\"1920\" \/>\n\t<meta property=\"og:image:height\" content=\"1080\" \/>\n\t<meta property=\"og:image:type\" content=\"image\/png\" \/>\n<meta name=\"author\" content=\"123esite\" \/>\n<meta name=\"twitter:card\" content=\"summary_large_image\" \/>\n<meta name=\"twitter:creator\" content=\"@global_attitude\" \/>\n<meta name=\"twitter:site\" content=\"@global_attitude\" \/>\n<meta name=\"twitter:label1\" content=\"Written by\" \/>\n\t<meta name=\"twitter:data1\" content=\"123esite\" \/>\n\t<meta name=\"twitter:label2\" content=\"Est. reading time\" \/>\n\t<meta name=\"twitter:data2\" content=\"5 minutes\" \/>\n<script type=\"application\/ld+json\" class=\"yoast-schema-graph\">{\"@context\":\"https:\\\/\\\/schema.org\",\"@graph\":[{\"@type\":[\"Article\",\"BlogPosting\"],\"@id\":\"https:\\\/\\\/globalattitude.org.br\\\/as-relacoes-multilaterais-e-bilaterais-do-brasil\\\/#article\",\"isPartOf\":{\"@id\":\"https:\\\/\\\/globalattitude.org.br\\\/as-relacoes-multilaterais-e-bilaterais-do-brasil\\\/\"},\"author\":{\"name\":\"123esite\",\"@id\":\"http:\\\/\\\/globalattitude.org.br\\\/#\\\/schema\\\/person\\\/6d308f9d9d1eebad0278ad9386f13169\"},\"headline\":\"As rela\u00e7\u00f5es multilaterais e bilaterais do Brasil\",\"datePublished\":\"2021-05-05T23:21:42+00:00\",\"dateModified\":\"2023-08-17T14:59:40+00:00\",\"mainEntityOfPage\":{\"@id\":\"https:\\\/\\\/globalattitude.org.br\\\/as-relacoes-multilaterais-e-bilaterais-do-brasil\\\/\"},\"wordCount\":904,\"commentCount\":0,\"publisher\":{\"@id\":\"http:\\\/\\\/globalattitude.org.br\\\/#organization\"},\"image\":{\"@id\":\"https:\\\/\\\/globalattitude.org.br\\\/as-relacoes-multilaterais-e-bilaterais-do-brasil\\\/#primaryimage\"},\"thumbnailUrl\":\"https:\\\/\\\/globalattitude.org.br\\\/wp-content\\\/uploads\\\/2023\\\/03\\\/Capa-blog-3-1200x675.png\",\"keywords\":[\"ALCA\",\"Brasil\",\"Uni\u00e3o Europeia\"],\"articleSection\":[\"Nota\",\"Opini\u00e3o\"],\"inLanguage\":\"en-US\",\"potentialAction\":[{\"@type\":\"CommentAction\",\"name\":\"Comment\",\"target\":[\"https:\\\/\\\/globalattitude.org.br\\\/as-relacoes-multilaterais-e-bilaterais-do-brasil\\\/#respond\"]}]},{\"@type\":\"WebPage\",\"@id\":\"https:\\\/\\\/globalattitude.org.br\\\/as-relacoes-multilaterais-e-bilaterais-do-brasil\\\/\",\"url\":\"https:\\\/\\\/globalattitude.org.br\\\/as-relacoes-multilaterais-e-bilaterais-do-brasil\\\/\",\"name\":\"As rela\u00e7\u00f5es multilaterais e bilaterais do Brasil\",\"isPartOf\":{\"@id\":\"http:\\\/\\\/globalattitude.org.br\\\/#website\"},\"primaryImageOfPage\":{\"@id\":\"https:\\\/\\\/globalattitude.org.br\\\/as-relacoes-multilaterais-e-bilaterais-do-brasil\\\/#primaryimage\"},\"image\":{\"@id\":\"https:\\\/\\\/globalattitude.org.br\\\/as-relacoes-multilaterais-e-bilaterais-do-brasil\\\/#primaryimage\"},\"thumbnailUrl\":\"https:\\\/\\\/globalattitude.org.br\\\/wp-content\\\/uploads\\\/2023\\\/03\\\/Capa-blog-3-1200x675.png\",\"datePublished\":\"2021-05-05T23:21:42+00:00\",\"dateModified\":\"2023-08-17T14:59:40+00:00\",\"description\":\"O Brasil mant\u00e9m rela\u00e7\u00f5es multilaterais e bilaterais s\u00f3lidos, promovendo coopera\u00e7\u00e3o global e parcerias para impulsionar seu desenvolvimento.\",\"breadcrumb\":{\"@id\":\"https:\\\/\\\/globalattitude.org.br\\\/as-relacoes-multilaterais-e-bilaterais-do-brasil\\\/#breadcrumb\"},\"inLanguage\":\"en-US\",\"potentialAction\":[{\"@type\":\"ReadAction\",\"target\":[\"https:\\\/\\\/globalattitude.org.br\\\/as-relacoes-multilaterais-e-bilaterais-do-brasil\\\/\"]}]},{\"@type\":\"ImageObject\",\"inLanguage\":\"en-US\",\"@id\":\"https:\\\/\\\/globalattitude.org.br\\\/as-relacoes-multilaterais-e-bilaterais-do-brasil\\\/#primaryimage\",\"url\":\"https:\\\/\\\/globalattitude.org.br\\\/wp-content\\\/uploads\\\/2023\\\/03\\\/Capa-blog-3-1200x675.png\",\"contentUrl\":\"https:\\\/\\\/globalattitude.org.br\\\/wp-content\\\/uploads\\\/2023\\\/03\\\/Capa-blog-3-1200x675.png\",\"width\":1920,\"height\":1080},{\"@type\":\"BreadcrumbList\",\"@id\":\"https:\\\/\\\/globalattitude.org.br\\\/as-relacoes-multilaterais-e-bilaterais-do-brasil\\\/#breadcrumb\",\"itemListElement\":[{\"@type\":\"ListItem\",\"position\":1,\"name\":\"In\u00edcio\",\"item\":\"https:\\\/\\\/globalattitude.org.br\\\/en\\\/\"},{\"@type\":\"ListItem\",\"position\":2,\"name\":\"As rela\u00e7\u00f5es multilaterais e bilaterais do Brasil\"}]},{\"@type\":\"WebSite\",\"@id\":\"http:\\\/\\\/globalattitude.org.br\\\/#website\",\"url\":\"http:\\\/\\\/globalattitude.org.br\\\/\",\"name\":\"Instituto Global Attitude\",\"description\":\"\",\"publisher\":{\"@id\":\"http:\\\/\\\/globalattitude.org.br\\\/#organization\"},\"potentialAction\":[{\"@type\":\"SearchAction\",\"target\":{\"@type\":\"EntryPoint\",\"urlTemplate\":\"http:\\\/\\\/globalattitude.org.br\\\/?s={search_term_string}\"},\"query-input\":{\"@type\":\"PropertyValueSpecification\",\"valueRequired\":true,\"valueName\":\"search_term_string\"}}],\"inLanguage\":\"en-US\"},{\"@type\":\"Organization\",\"@id\":\"http:\\\/\\\/globalattitude.org.br\\\/#organization\",\"name\":\"Instituto Global Attitude\",\"url\":\"http:\\\/\\\/globalattitude.org.br\\\/\",\"logo\":{\"@type\":\"ImageObject\",\"inLanguage\":\"en-US\",\"@id\":\"http:\\\/\\\/globalattitude.org.br\\\/#\\\/schema\\\/logo\\\/image\\\/\",\"url\":\"https:\\\/\\\/globalattitude.org.br\\\/wp-content\\\/uploads\\\/2023\\\/01\\\/instituto-global-attitude-color.png\",\"contentUrl\":\"https:\\\/\\\/globalattitude.org.br\\\/wp-content\\\/uploads\\\/2023\\\/01\\\/instituto-global-attitude-color.png\",\"width\":300,\"height\":131,\"caption\":\"Instituto Global Attitude\"},\"image\":{\"@id\":\"http:\\\/\\\/globalattitude.org.br\\\/#\\\/schema\\\/logo\\\/image\\\/\"},\"sameAs\":[\"https:\\\/\\\/www.facebook.com\\\/global.attitude.org\\\/\",\"https:\\\/\\\/x.com\\\/global_attitude\",\"https:\\\/\\\/www.instagram.com\\\/globalattitude\",\"https:\\\/\\\/www.linkedin.com\\\/company\\\/global-attitude\\\/?viewAsMember=true\"]},{\"@type\":\"Person\",\"@id\":\"http:\\\/\\\/globalattitude.org.br\\\/#\\\/schema\\\/person\\\/6d308f9d9d1eebad0278ad9386f13169\",\"name\":\"123esite\",\"image\":{\"@type\":\"ImageObject\",\"inLanguage\":\"en-US\",\"@id\":\"https:\\\/\\\/secure.gravatar.com\\\/avatar\\\/07bd71fac19f42004f2b73567f012e126689afdb23cb0017536dea9113ba1806?s=96&d=mm&r=g\",\"url\":\"https:\\\/\\\/secure.gravatar.com\\\/avatar\\\/07bd71fac19f42004f2b73567f012e126689afdb23cb0017536dea9113ba1806?s=96&d=mm&r=g\",\"contentUrl\":\"https:\\\/\\\/secure.gravatar.com\\\/avatar\\\/07bd71fac19f42004f2b73567f012e126689afdb23cb0017536dea9113ba1806?s=96&d=mm&r=g\",\"caption\":\"123esite\"},\"sameAs\":[\"http:\\\/\\\/globalattitude.org.br\"],\"url\":\"https:\\\/\\\/globalattitude.org.br\\\/en\\\/author\\\/123esite\\\/\"}]}<\/script>\n<!-- \/ Yoast SEO plugin. -->","yoast_head_json":{"title":"As rela\u00e7\u00f5es multilaterais e bilaterais do Brasil","description":"O Brasil mant\u00e9m rela\u00e7\u00f5es multilaterais e bilaterais s\u00f3lidos, promovendo coopera\u00e7\u00e3o global e parcerias para impulsionar seu desenvolvimento.","robots":{"index":"index","follow":"follow","max-snippet":"max-snippet:-1","max-image-preview":"max-image-preview:large","max-video-preview":"max-video-preview:-1"},"canonical":"https:\/\/globalattitude.org.br\/as-relacoes-multilaterais-e-bilaterais-do-brasil\/","og_locale":"en_US","og_type":"article","og_title":"As rela\u00e7\u00f5es multilaterais e bilaterais do Brasil","og_description":"O Brasil mant\u00e9m rela\u00e7\u00f5es multilaterais e bilaterais s\u00f3lidos, promovendo coopera\u00e7\u00e3o global e parcerias para impulsionar seu desenvolvimento.","og_url":"https:\/\/globalattitude.org.br\/as-relacoes-multilaterais-e-bilaterais-do-brasil\/","og_site_name":"Instituto Global Attitude","article_publisher":"https:\/\/www.facebook.com\/global.attitude.org\/","article_published_time":"2021-05-05T23:21:42+00:00","article_modified_time":"2023-08-17T14:59:40+00:00","og_image":[{"width":1920,"height":1080,"url":"https:\/\/globalattitude.org.br\/wp-content\/uploads\/2023\/03\/Capa-blog-3-1200x675.png","type":"image\/png"}],"author":"123esite","twitter_card":"summary_large_image","twitter_creator":"@global_attitude","twitter_site":"@global_attitude","twitter_misc":{"Written by":"123esite","Est. reading time":"5 minutes"},"schema":{"@context":"https:\/\/schema.org","@graph":[{"@type":["Article","BlogPosting"],"@id":"https:\/\/globalattitude.org.br\/as-relacoes-multilaterais-e-bilaterais-do-brasil\/#article","isPartOf":{"@id":"https:\/\/globalattitude.org.br\/as-relacoes-multilaterais-e-bilaterais-do-brasil\/"},"author":{"name":"123esite","@id":"http:\/\/globalattitude.org.br\/#\/schema\/person\/6d308f9d9d1eebad0278ad9386f13169"},"headline":"As rela\u00e7\u00f5es multilaterais e bilaterais do Brasil","datePublished":"2021-05-05T23:21:42+00:00","dateModified":"2023-08-17T14:59:40+00:00","mainEntityOfPage":{"@id":"https:\/\/globalattitude.org.br\/as-relacoes-multilaterais-e-bilaterais-do-brasil\/"},"wordCount":904,"commentCount":0,"publisher":{"@id":"http:\/\/globalattitude.org.br\/#organization"},"image":{"@id":"https:\/\/globalattitude.org.br\/as-relacoes-multilaterais-e-bilaterais-do-brasil\/#primaryimage"},"thumbnailUrl":"https:\/\/globalattitude.org.br\/wp-content\/uploads\/2023\/03\/Capa-blog-3-1200x675.png","keywords":["ALCA","Brasil","Uni\u00e3o Europeia"],"articleSection":["Nota","Opini\u00e3o"],"inLanguage":"en-US","potentialAction":[{"@type":"CommentAction","name":"Comment","target":["https:\/\/globalattitude.org.br\/as-relacoes-multilaterais-e-bilaterais-do-brasil\/#respond"]}]},{"@type":"WebPage","@id":"https:\/\/globalattitude.org.br\/as-relacoes-multilaterais-e-bilaterais-do-brasil\/","url":"https:\/\/globalattitude.org.br\/as-relacoes-multilaterais-e-bilaterais-do-brasil\/","name":"As rela\u00e7\u00f5es multilaterais e bilaterais do Brasil","isPartOf":{"@id":"http:\/\/globalattitude.org.br\/#website"},"primaryImageOfPage":{"@id":"https:\/\/globalattitude.org.br\/as-relacoes-multilaterais-e-bilaterais-do-brasil\/#primaryimage"},"image":{"@id":"https:\/\/globalattitude.org.br\/as-relacoes-multilaterais-e-bilaterais-do-brasil\/#primaryimage"},"thumbnailUrl":"https:\/\/globalattitude.org.br\/wp-content\/uploads\/2023\/03\/Capa-blog-3-1200x675.png","datePublished":"2021-05-05T23:21:42+00:00","dateModified":"2023-08-17T14:59:40+00:00","description":"O Brasil mant\u00e9m rela\u00e7\u00f5es multilaterais e bilaterais s\u00f3lidos, promovendo coopera\u00e7\u00e3o global e parcerias para impulsionar seu desenvolvimento.","breadcrumb":{"@id":"https:\/\/globalattitude.org.br\/as-relacoes-multilaterais-e-bilaterais-do-brasil\/#breadcrumb"},"inLanguage":"en-US","potentialAction":[{"@type":"ReadAction","target":["https:\/\/globalattitude.org.br\/as-relacoes-multilaterais-e-bilaterais-do-brasil\/"]}]},{"@type":"ImageObject","inLanguage":"en-US","@id":"https:\/\/globalattitude.org.br\/as-relacoes-multilaterais-e-bilaterais-do-brasil\/#primaryimage","url":"https:\/\/globalattitude.org.br\/wp-content\/uploads\/2023\/03\/Capa-blog-3-1200x675.png","contentUrl":"https:\/\/globalattitude.org.br\/wp-content\/uploads\/2023\/03\/Capa-blog-3-1200x675.png","width":1920,"height":1080},{"@type":"BreadcrumbList","@id":"https:\/\/globalattitude.org.br\/as-relacoes-multilaterais-e-bilaterais-do-brasil\/#breadcrumb","itemListElement":[{"@type":"ListItem","position":1,"name":"In\u00edcio","item":"https:\/\/globalattitude.org.br\/en\/"},{"@type":"ListItem","position":2,"name":"As rela\u00e7\u00f5es multilaterais e bilaterais do Brasil"}]},{"@type":"WebSite","@id":"http:\/\/globalattitude.org.br\/#website","url":"http:\/\/globalattitude.org.br\/","name":"Instituto Global Attitude","description":"","publisher":{"@id":"http:\/\/globalattitude.org.br\/#organization"},"potentialAction":[{"@type":"SearchAction","target":{"@type":"EntryPoint","urlTemplate":"http:\/\/globalattitude.org.br\/?s={search_term_string}"},"query-input":{"@type":"PropertyValueSpecification","valueRequired":true,"valueName":"search_term_string"}}],"inLanguage":"en-US"},{"@type":"Organization","@id":"http:\/\/globalattitude.org.br\/#organization","name":"Instituto Global Attitude","url":"http:\/\/globalattitude.org.br\/","logo":{"@type":"ImageObject","inLanguage":"en-US","@id":"http:\/\/globalattitude.org.br\/#\/schema\/logo\/image\/","url":"https:\/\/globalattitude.org.br\/wp-content\/uploads\/2023\/01\/instituto-global-attitude-color.png","contentUrl":"https:\/\/globalattitude.org.br\/wp-content\/uploads\/2023\/01\/instituto-global-attitude-color.png","width":300,"height":131,"caption":"Instituto Global Attitude"},"image":{"@id":"http:\/\/globalattitude.org.br\/#\/schema\/logo\/image\/"},"sameAs":["https:\/\/www.facebook.com\/global.attitude.org\/","https:\/\/x.com\/global_attitude","https:\/\/www.instagram.com\/globalattitude","https:\/\/www.linkedin.com\/company\/global-attitude\/?viewAsMember=true"]},{"@type":"Person","@id":"http:\/\/globalattitude.org.br\/#\/schema\/person\/6d308f9d9d1eebad0278ad9386f13169","name":"123esite","image":{"@type":"ImageObject","inLanguage":"en-US","@id":"https:\/\/secure.gravatar.com\/avatar\/07bd71fac19f42004f2b73567f012e126689afdb23cb0017536dea9113ba1806?s=96&d=mm&r=g","url":"https:\/\/secure.gravatar.com\/avatar\/07bd71fac19f42004f2b73567f012e126689afdb23cb0017536dea9113ba1806?s=96&d=mm&r=g","contentUrl":"https:\/\/secure.gravatar.com\/avatar\/07bd71fac19f42004f2b73567f012e126689afdb23cb0017536dea9113ba1806?s=96&d=mm&r=g","caption":"123esite"},"sameAs":["http:\/\/globalattitude.org.br"],"url":"https:\/\/globalattitude.org.br\/en\/author\/123esite\/"}]}},"_links":{"self":[{"href":"https:\/\/globalattitude.org.br\/en\/wp-json\/wp\/v2\/posts\/3353","targetHints":{"allow":["GET"]}}],"collection":[{"href":"https:\/\/globalattitude.org.br\/en\/wp-json\/wp\/v2\/posts"}],"about":[{"href":"https:\/\/globalattitude.org.br\/en\/wp-json\/wp\/v2\/types\/post"}],"author":[{"embeddable":true,"href":"https:\/\/globalattitude.org.br\/en\/wp-json\/wp\/v2\/users\/1"}],"replies":[{"embeddable":true,"href":"https:\/\/globalattitude.org.br\/en\/wp-json\/wp\/v2\/comments?post=3353"}],"version-history":[{"count":4,"href":"https:\/\/globalattitude.org.br\/en\/wp-json\/wp\/v2\/posts\/3353\/revisions"}],"predecessor-version":[{"id":7291,"href":"https:\/\/globalattitude.org.br\/en\/wp-json\/wp\/v2\/posts\/3353\/revisions\/7291"}],"wp:featuredmedia":[{"embeddable":true,"href":"https:\/\/globalattitude.org.br\/en\/wp-json\/wp\/v2\/media\/3354"}],"wp:attachment":[{"href":"https:\/\/globalattitude.org.br\/en\/wp-json\/wp\/v2\/media?parent=3353"}],"wp:term":[{"taxonomy":"category","embeddable":true,"href":"https:\/\/globalattitude.org.br\/en\/wp-json\/wp\/v2\/categories?post=3353"},{"taxonomy":"post_tag","embeddable":true,"href":"https:\/\/globalattitude.org.br\/en\/wp-json\/wp\/v2\/tags?post=3353"}],"curies":[{"name":"wp","href":"https:\/\/api.w.org\/{rel}","templated":true}]}}