{"id":3407,"date":"2021-08-30T15:14:12","date_gmt":"2021-08-30T18:14:12","guid":{"rendered":"https:\/\/globalattitude.org.br\/historiaconflitosnoafeganistacao\/"},"modified":"2023-08-03T16:16:16","modified_gmt":"2023-08-03T19:16:16","slug":"entendendo-a-historia-dos-conflitos-no-afeganistao","status":"publish","type":"post","link":"https:\/\/globalattitude.org.br\/en\/entendendo-a-historia-dos-conflitos-no-afeganistao\/","title":{"rendered":"Entendendo a hist\u00f3ria dos conflitos no Afeganist\u00e3o"},"content":{"rendered":"<p>A hist\u00f3ria dos conflitos no Afeganist\u00e3o \u00e9 antiga. Em 21 de setembro de 2001, um s\u00e9rie de atentados terroristas ocorreram nos Estados Unidos. Certamente voc\u00ea se lembra do atentado terrorista \u00e0s Torres G\u00eameas, feito com aeronaves sequestradas, deixou 3 mil mortos. O grupo extremista Al-Qaeda assumiu o ataque, com Osama Bin Laden na lideran\u00e7a, logo ap\u00f3s o caos surgir.<\/p>\n<p>Com esse cen\u00e1rio desenhado, os Estados Unidos tinham alguns objetivos: erradicar a Al-Qaeda e capturar Osama Bin Laden, al\u00e9m de derrubar o regime Talib\u00e3 no Afeganist\u00e3o. Ent\u00e3o, um m\u00eas depois dos ataques terroristas de 11 de setembro, os EUA iniciaram um ataque a\u00e9reo no pa\u00eds e de certa forma alcan\u00e7ou seus objetivos. O Talib\u00e3 saiu do poder e foi retra\u00eddo, mas n\u00e3o parou com seus ataques &#8211; feitos de forma sazonais, na primavera.<\/p>\n<p>Em fevereiro de 2020, foi feito um acordo entre o Talib\u00e3 e os Estados Unidos, sem a presen\u00e7a do Afeganist\u00e3o, que dizia que o ex\u00e9rcito americano se retiraria em cerca de 14 meses se o Talib\u00e3 cumprisse algumas promessas, tais como: n\u00e3o deixar que outros grupos terroristas interferissem em lugares j\u00e1 ocupados ou que exista qualquer tipo de conflito com ex\u00e9rcitos estrangeiros.<\/p>\n<blockquote><p><em><strong><a href=\"https:\/\/globalattitude.org.br\/o-que-o-fluxo-migratorio-dos-estados-unidos-tem-de-novo\/\" target=\"_blank\" rel=\"noopener\">Leia tamb\u00e9m: O que o fluxo migrat\u00f3rio aos Estados Unidos tem de novo<\/a><\/strong><\/em><\/p><\/blockquote>\n<h2>Conflitos no Afeganist\u00e3o<\/h2>\n<p>De acordo com o G1, \u201cA guerra do Afeganist\u00e3o custou aos cofres p\u00fablicos dos EUA\u201d um valor estimado em cerca de US $2 trilh\u00f5es, apontado pela ag\u00eancia Associated Press. Eventualmente, uma despesa dif\u00edcil de justificar frente \u00e0 opini\u00e3o p\u00fablica dos americanos. O dinheiro acabou sendo destinado para compra de equipamentos e a manuten\u00e7\u00e3o das tropas no exterior. Al\u00e9m disso, os EUA investiram cerca de US $83 bilh\u00f5es no ex\u00e9rcito afeg\u00e3o\u201d. Entretanto, as despesas aumentaram devido aos problemas de sa\u00fade dos soldados, al\u00e9m da falta de estrutura tecnol\u00f3gica no Afeganist\u00e3o.<\/p>\n<p>Segundo o Gabinete das Na\u00e7\u00f5es Unidas, o dobro da popula\u00e7\u00e3o afeg\u00e3 precisar\u00e1 de ajuda humanit\u00e1ria em compara\u00e7\u00e3o ao ano de 2020. Mulheres e crian\u00e7as temem por seus direitos, mesmo com a tentativa do grupo de demonstrar algum tipo de mudan\u00e7a ao convidar mulheres para se juntarem ao governo, ainda existe muita desconfian\u00e7a, principalmente por aqueles que j\u00e1 trabalharam para o governo afeg\u00e3o ou do estrangeiro tamb\u00e9m demonstram estar c\u00e9ticos sobre as falas de paz do grupo.<\/p>\n<h3>Fontes:<\/h3>\n<p><a href=\"https:\/\/www.dw.com\/pt-002\/afeganist%C3%A3o-como-lidar-com-o-regime-talib%C3%A3\/a-58899803\" target=\"_blank\" rel=\"noopener\"><strong>Deutsche Welle. Afeganist\u00e3o: Como lidar com o regime talib\u00e3?: DW: 18.08.2021.\u00a0<\/strong><\/a><\/p>\n<p><a href=\"https:\/\/g1.globo.com\/mundo\/noticia\/2021\/08\/16\/entenda-a-guerra-no-afeganistao.ghtml\" target=\"_blank\" rel=\"noopener\"><strong>Entenda a Guerra no Afeganist\u00e3o.\u00a0<\/strong><\/a><\/p>\n<p><a href=\"https:\/\/www1.folha.uol.com.br\/podcasts\/2020\/04\/o-fracasso-dos-eua-no-afeganistao-e-a-volta-do-taleban-ao-poder-ouca-podcast.shtml\" target=\"_blank\" rel=\"noopener\"><strong>FOLHA. O fracasso dos EUA no Afeganist\u00e3o e a volta do Taleban ao poder.<\/strong><\/a><\/p>\n<p><a href=\"https:\/\/guiadoestudante.abril.com.br\/estudo\/11-de-setembro-entenda-o-ataque-terrorista-que-completa-20-anos\/\" target=\"_blank\" rel=\"noopener\"><strong>POR JULIA DI SPAGNA. 11 de setembro: entenda o ataque terrorista que completa 20anos.<\/strong><\/a><\/p>\n<p><a href=\"http:\/\/g1.globo.com\/mundo\/noticia\/2021\/08\/17\/taliba-anuncia-anistia-geral-no-afeganistao\/\" target=\"_blank\" rel=\"noopener\"><strong>Talib\u00e3 anuncia &#8216;anistia geral&#8217; e faz apelo a mulheres no Afeganist\u00e3o.<\/strong><\/a><\/p>\n","protected":false},"excerpt":{"rendered":"<p>A hist\u00f3ria dos conflitos no Afeganist\u00e3o \u00e9 antiga. Em 21 de setembro de 2001, um s\u00e9rie de atentados terroristas ocorreram nos Estados Unidos. Certamente voc\u00ea se lembra do atentado terrorista \u00e0s Torres G\u00eameas, feito com aeronaves sequestradas, deixou 3 mil mortos. O grupo extremista Al-Qaeda assumiu o ataque, com Osama Bin Laden na lideran\u00e7a, logo [&hellip;]<\/p>\n","protected":false},"author":1,"featured_media":3408,"comment_status":"open","ping_status":"open","sticky":false,"template":"","format":"standard","meta":{"_acf_changed":false,"om_disable_all_campaigns":false,"_monsterinsights_skip_tracking":false,"_monsterinsights_sitenote_active":false,"_monsterinsights_sitenote_note":"","_monsterinsights_sitenote_category":0,"_uf_show_specific_survey":0,"_uf_disable_surveys":false,"footnotes":""},"categories":[211,35],"tags":[344,376,348],"class_list":["post-3407","post","type-post","status-publish","format-standard","hentry","category-nota","category-opiniao","tag-afeganistao","tag-al-qaeda","tag-estados-unidos"],"acf":[],"aioseo_notices":[],"yoast_head":"<!-- This site is optimized with the Yoast SEO plugin v27.5 - https:\/\/yoast.com\/product\/yoast-seo-wordpress\/ -->\n<title>Entendendo a hist\u00f3ria dos conflitos no Afeganist\u00e3o<\/title>\n<meta name=\"description\" content=\"Os EUA queriam erradicar a Al-Qaeda e capturar Osama Bin Laden, al\u00e9m de derrubar o regime Talib\u00e3 no Afeganist\u00e3o e acabar com os conflitos.\" \/>\n<meta name=\"robots\" content=\"index, follow, max-snippet:-1, max-image-preview:large, max-video-preview:-1\" \/>\n<link rel=\"canonical\" href=\"https:\/\/globalattitude.org.br\/en\/entendendo-a-historia-dos-conflitos-no-afeganistao\/\" \/>\n<meta property=\"og:locale\" content=\"en_US\" \/>\n<meta property=\"og:type\" content=\"article\" \/>\n<meta property=\"og:title\" content=\"Entendendo a hist\u00f3ria dos conflitos no Afeganist\u00e3o\" \/>\n<meta property=\"og:description\" content=\"Os EUA queriam erradicar a Al-Qaeda e capturar Osama Bin Laden, al\u00e9m de derrubar o regime Talib\u00e3 no Afeganist\u00e3o e acabar com os conflitos.\" \/>\n<meta property=\"og:url\" content=\"https:\/\/globalattitude.org.br\/en\/entendendo-a-historia-dos-conflitos-no-afeganistao\/\" \/>\n<meta property=\"og:site_name\" content=\"Instituto Global Attitude\" \/>\n<meta property=\"article:publisher\" content=\"https:\/\/www.facebook.com\/global.attitude.org\/\" \/>\n<meta property=\"article:published_time\" content=\"2021-08-30T18:14:12+00:00\" \/>\n<meta property=\"article:modified_time\" content=\"2023-08-03T19:16:16+00:00\" \/>\n<meta property=\"og:image\" content=\"https:\/\/globalattitude.org.br\/wp-content\/uploads\/2023\/03\/Capa-blog-5-2-1200x675.png\" \/>\n\t<meta property=\"og:image:width\" content=\"1920\" \/>\n\t<meta property=\"og:image:height\" content=\"1080\" \/>\n\t<meta property=\"og:image:type\" content=\"image\/png\" \/>\n<meta name=\"author\" content=\"123esite\" \/>\n<meta name=\"twitter:card\" content=\"summary_large_image\" \/>\n<meta name=\"twitter:creator\" content=\"@global_attitude\" \/>\n<meta name=\"twitter:site\" content=\"@global_attitude\" \/>\n<meta name=\"twitter:label1\" content=\"Written by\" \/>\n\t<meta name=\"twitter:data1\" content=\"123esite\" \/>\n\t<meta name=\"twitter:label2\" content=\"Est. reading time\" \/>\n\t<meta name=\"twitter:data2\" content=\"3 minutes\" \/>\n<script type=\"application\/ld+json\" class=\"yoast-schema-graph\">{\"@context\":\"https:\\\/\\\/schema.org\",\"@graph\":[{\"@type\":[\"Article\",\"BlogPosting\"],\"@id\":\"https:\\\/\\\/globalattitude.org.br\\\/en\\\/entendendo-a-historia-dos-conflitos-no-afeganistao\\\/#article\",\"isPartOf\":{\"@id\":\"https:\\\/\\\/globalattitude.org.br\\\/en\\\/entendendo-a-historia-dos-conflitos-no-afeganistao\\\/\"},\"author\":{\"name\":\"123esite\",\"@id\":\"http:\\\/\\\/globalattitude.org.br\\\/#\\\/schema\\\/person\\\/6d308f9d9d1eebad0278ad9386f13169\"},\"headline\":\"Entendendo a hist\u00f3ria dos conflitos no Afeganist\u00e3o\",\"datePublished\":\"2021-08-30T18:14:12+00:00\",\"dateModified\":\"2023-08-03T19:16:16+00:00\",\"mainEntityOfPage\":{\"@id\":\"https:\\\/\\\/globalattitude.org.br\\\/en\\\/entendendo-a-historia-dos-conflitos-no-afeganistao\\\/\"},\"wordCount\":481,\"commentCount\":0,\"publisher\":{\"@id\":\"http:\\\/\\\/globalattitude.org.br\\\/#organization\"},\"image\":{\"@id\":\"https:\\\/\\\/globalattitude.org.br\\\/en\\\/entendendo-a-historia-dos-conflitos-no-afeganistao\\\/#primaryimage\"},\"thumbnailUrl\":\"https:\\\/\\\/globalattitude.org.br\\\/wp-content\\\/uploads\\\/2023\\\/03\\\/Capa-blog-5-2-1200x675.png\",\"keywords\":[\"Afeganist\u00e3o\",\"Al-Qaeda\",\"Estados Unidos\"],\"articleSection\":[\"Nota\",\"Opini\u00e3o\"],\"inLanguage\":\"en-US\",\"potentialAction\":[{\"@type\":\"CommentAction\",\"name\":\"Comment\",\"target\":[\"https:\\\/\\\/globalattitude.org.br\\\/en\\\/entendendo-a-historia-dos-conflitos-no-afeganistao\\\/#respond\"]}]},{\"@type\":\"WebPage\",\"@id\":\"https:\\\/\\\/globalattitude.org.br\\\/en\\\/entendendo-a-historia-dos-conflitos-no-afeganistao\\\/\",\"url\":\"https:\\\/\\\/globalattitude.org.br\\\/en\\\/entendendo-a-historia-dos-conflitos-no-afeganistao\\\/\",\"name\":\"Entendendo a hist\u00f3ria dos conflitos no Afeganist\u00e3o\",\"isPartOf\":{\"@id\":\"http:\\\/\\\/globalattitude.org.br\\\/#website\"},\"primaryImageOfPage\":{\"@id\":\"https:\\\/\\\/globalattitude.org.br\\\/en\\\/entendendo-a-historia-dos-conflitos-no-afeganistao\\\/#primaryimage\"},\"image\":{\"@id\":\"https:\\\/\\\/globalattitude.org.br\\\/en\\\/entendendo-a-historia-dos-conflitos-no-afeganistao\\\/#primaryimage\"},\"thumbnailUrl\":\"https:\\\/\\\/globalattitude.org.br\\\/wp-content\\\/uploads\\\/2023\\\/03\\\/Capa-blog-5-2-1200x675.png\",\"datePublished\":\"2021-08-30T18:14:12+00:00\",\"dateModified\":\"2023-08-03T19:16:16+00:00\",\"description\":\"Os EUA queriam erradicar a Al-Qaeda e capturar Osama Bin Laden, al\u00e9m de derrubar o regime Talib\u00e3 no Afeganist\u00e3o e acabar com os conflitos.\",\"breadcrumb\":{\"@id\":\"https:\\\/\\\/globalattitude.org.br\\\/en\\\/entendendo-a-historia-dos-conflitos-no-afeganistao\\\/#breadcrumb\"},\"inLanguage\":\"en-US\",\"potentialAction\":[{\"@type\":\"ReadAction\",\"target\":[\"https:\\\/\\\/globalattitude.org.br\\\/en\\\/entendendo-a-historia-dos-conflitos-no-afeganistao\\\/\"]}]},{\"@type\":\"ImageObject\",\"inLanguage\":\"en-US\",\"@id\":\"https:\\\/\\\/globalattitude.org.br\\\/en\\\/entendendo-a-historia-dos-conflitos-no-afeganistao\\\/#primaryimage\",\"url\":\"https:\\\/\\\/globalattitude.org.br\\\/wp-content\\\/uploads\\\/2023\\\/03\\\/Capa-blog-5-2-1200x675.png\",\"contentUrl\":\"https:\\\/\\\/globalattitude.org.br\\\/wp-content\\\/uploads\\\/2023\\\/03\\\/Capa-blog-5-2-1200x675.png\",\"width\":1920,\"height\":1080},{\"@type\":\"BreadcrumbList\",\"@id\":\"https:\\\/\\\/globalattitude.org.br\\\/en\\\/entendendo-a-historia-dos-conflitos-no-afeganistao\\\/#breadcrumb\",\"itemListElement\":[{\"@type\":\"ListItem\",\"position\":1,\"name\":\"In\u00edcio\",\"item\":\"https:\\\/\\\/globalattitude.org.br\\\/en\\\/\"},{\"@type\":\"ListItem\",\"position\":2,\"name\":\"Entendendo a hist\u00f3ria dos conflitos no Afeganist\u00e3o\"}]},{\"@type\":\"WebSite\",\"@id\":\"http:\\\/\\\/globalattitude.org.br\\\/#website\",\"url\":\"http:\\\/\\\/globalattitude.org.br\\\/\",\"name\":\"Instituto Global Attitude\",\"description\":\"\",\"publisher\":{\"@id\":\"http:\\\/\\\/globalattitude.org.br\\\/#organization\"},\"potentialAction\":[{\"@type\":\"SearchAction\",\"target\":{\"@type\":\"EntryPoint\",\"urlTemplate\":\"http:\\\/\\\/globalattitude.org.br\\\/?s={search_term_string}\"},\"query-input\":{\"@type\":\"PropertyValueSpecification\",\"valueRequired\":true,\"valueName\":\"search_term_string\"}}],\"inLanguage\":\"en-US\"},{\"@type\":\"Organization\",\"@id\":\"http:\\\/\\\/globalattitude.org.br\\\/#organization\",\"name\":\"Instituto Global Attitude\",\"url\":\"http:\\\/\\\/globalattitude.org.br\\\/\",\"logo\":{\"@type\":\"ImageObject\",\"inLanguage\":\"en-US\",\"@id\":\"http:\\\/\\\/globalattitude.org.br\\\/#\\\/schema\\\/logo\\\/image\\\/\",\"url\":\"https:\\\/\\\/globalattitude.org.br\\\/wp-content\\\/uploads\\\/2023\\\/01\\\/instituto-global-attitude-color.png\",\"contentUrl\":\"https:\\\/\\\/globalattitude.org.br\\\/wp-content\\\/uploads\\\/2023\\\/01\\\/instituto-global-attitude-color.png\",\"width\":300,\"height\":131,\"caption\":\"Instituto Global Attitude\"},\"image\":{\"@id\":\"http:\\\/\\\/globalattitude.org.br\\\/#\\\/schema\\\/logo\\\/image\\\/\"},\"sameAs\":[\"https:\\\/\\\/www.facebook.com\\\/global.attitude.org\\\/\",\"https:\\\/\\\/x.com\\\/global_attitude\",\"https:\\\/\\\/www.instagram.com\\\/globalattitude\",\"https:\\\/\\\/www.linkedin.com\\\/company\\\/global-attitude\\\/?viewAsMember=true\"]},{\"@type\":\"Person\",\"@id\":\"http:\\\/\\\/globalattitude.org.br\\\/#\\\/schema\\\/person\\\/6d308f9d9d1eebad0278ad9386f13169\",\"name\":\"123esite\",\"image\":{\"@type\":\"ImageObject\",\"inLanguage\":\"en-US\",\"@id\":\"https:\\\/\\\/secure.gravatar.com\\\/avatar\\\/07bd71fac19f42004f2b73567f012e126689afdb23cb0017536dea9113ba1806?s=96&d=mm&r=g\",\"url\":\"https:\\\/\\\/secure.gravatar.com\\\/avatar\\\/07bd71fac19f42004f2b73567f012e126689afdb23cb0017536dea9113ba1806?s=96&d=mm&r=g\",\"contentUrl\":\"https:\\\/\\\/secure.gravatar.com\\\/avatar\\\/07bd71fac19f42004f2b73567f012e126689afdb23cb0017536dea9113ba1806?s=96&d=mm&r=g\",\"caption\":\"123esite\"},\"sameAs\":[\"http:\\\/\\\/globalattitude.org.br\"],\"url\":\"https:\\\/\\\/globalattitude.org.br\\\/en\\\/author\\\/123esite\\\/\"}]}<\/script>\n<!-- \/ Yoast SEO plugin. -->","yoast_head_json":{"title":"Entendendo a hist\u00f3ria dos conflitos no Afeganist\u00e3o","description":"Os EUA queriam erradicar a Al-Qaeda e capturar Osama Bin Laden, al\u00e9m de derrubar o regime Talib\u00e3 no Afeganist\u00e3o e acabar com os conflitos.","robots":{"index":"index","follow":"follow","max-snippet":"max-snippet:-1","max-image-preview":"max-image-preview:large","max-video-preview":"max-video-preview:-1"},"canonical":"https:\/\/globalattitude.org.br\/en\/entendendo-a-historia-dos-conflitos-no-afeganistao\/","og_locale":"en_US","og_type":"article","og_title":"Entendendo a hist\u00f3ria dos conflitos no Afeganist\u00e3o","og_description":"Os EUA queriam erradicar a Al-Qaeda e capturar Osama Bin Laden, al\u00e9m de derrubar o regime Talib\u00e3 no Afeganist\u00e3o e acabar com os conflitos.","og_url":"https:\/\/globalattitude.org.br\/en\/entendendo-a-historia-dos-conflitos-no-afeganistao\/","og_site_name":"Instituto Global Attitude","article_publisher":"https:\/\/www.facebook.com\/global.attitude.org\/","article_published_time":"2021-08-30T18:14:12+00:00","article_modified_time":"2023-08-03T19:16:16+00:00","og_image":[{"width":1920,"height":1080,"url":"https:\/\/globalattitude.org.br\/wp-content\/uploads\/2023\/03\/Capa-blog-5-2-1200x675.png","type":"image\/png"}],"author":"123esite","twitter_card":"summary_large_image","twitter_creator":"@global_attitude","twitter_site":"@global_attitude","twitter_misc":{"Written by":"123esite","Est. reading time":"3 minutes"},"schema":{"@context":"https:\/\/schema.org","@graph":[{"@type":["Article","BlogPosting"],"@id":"https:\/\/globalattitude.org.br\/en\/entendendo-a-historia-dos-conflitos-no-afeganistao\/#article","isPartOf":{"@id":"https:\/\/globalattitude.org.br\/en\/entendendo-a-historia-dos-conflitos-no-afeganistao\/"},"author":{"name":"123esite","@id":"http:\/\/globalattitude.org.br\/#\/schema\/person\/6d308f9d9d1eebad0278ad9386f13169"},"headline":"Entendendo a hist\u00f3ria dos conflitos no Afeganist\u00e3o","datePublished":"2021-08-30T18:14:12+00:00","dateModified":"2023-08-03T19:16:16+00:00","mainEntityOfPage":{"@id":"https:\/\/globalattitude.org.br\/en\/entendendo-a-historia-dos-conflitos-no-afeganistao\/"},"wordCount":481,"commentCount":0,"publisher":{"@id":"http:\/\/globalattitude.org.br\/#organization"},"image":{"@id":"https:\/\/globalattitude.org.br\/en\/entendendo-a-historia-dos-conflitos-no-afeganistao\/#primaryimage"},"thumbnailUrl":"https:\/\/globalattitude.org.br\/wp-content\/uploads\/2023\/03\/Capa-blog-5-2-1200x675.png","keywords":["Afeganist\u00e3o","Al-Qaeda","Estados Unidos"],"articleSection":["Nota","Opini\u00e3o"],"inLanguage":"en-US","potentialAction":[{"@type":"CommentAction","name":"Comment","target":["https:\/\/globalattitude.org.br\/en\/entendendo-a-historia-dos-conflitos-no-afeganistao\/#respond"]}]},{"@type":"WebPage","@id":"https:\/\/globalattitude.org.br\/en\/entendendo-a-historia-dos-conflitos-no-afeganistao\/","url":"https:\/\/globalattitude.org.br\/en\/entendendo-a-historia-dos-conflitos-no-afeganistao\/","name":"Entendendo a hist\u00f3ria dos conflitos no Afeganist\u00e3o","isPartOf":{"@id":"http:\/\/globalattitude.org.br\/#website"},"primaryImageOfPage":{"@id":"https:\/\/globalattitude.org.br\/en\/entendendo-a-historia-dos-conflitos-no-afeganistao\/#primaryimage"},"image":{"@id":"https:\/\/globalattitude.org.br\/en\/entendendo-a-historia-dos-conflitos-no-afeganistao\/#primaryimage"},"thumbnailUrl":"https:\/\/globalattitude.org.br\/wp-content\/uploads\/2023\/03\/Capa-blog-5-2-1200x675.png","datePublished":"2021-08-30T18:14:12+00:00","dateModified":"2023-08-03T19:16:16+00:00","description":"Os EUA queriam erradicar a Al-Qaeda e capturar Osama Bin Laden, al\u00e9m de derrubar o regime Talib\u00e3 no Afeganist\u00e3o e acabar com os conflitos.","breadcrumb":{"@id":"https:\/\/globalattitude.org.br\/en\/entendendo-a-historia-dos-conflitos-no-afeganistao\/#breadcrumb"},"inLanguage":"en-US","potentialAction":[{"@type":"ReadAction","target":["https:\/\/globalattitude.org.br\/en\/entendendo-a-historia-dos-conflitos-no-afeganistao\/"]}]},{"@type":"ImageObject","inLanguage":"en-US","@id":"https:\/\/globalattitude.org.br\/en\/entendendo-a-historia-dos-conflitos-no-afeganistao\/#primaryimage","url":"https:\/\/globalattitude.org.br\/wp-content\/uploads\/2023\/03\/Capa-blog-5-2-1200x675.png","contentUrl":"https:\/\/globalattitude.org.br\/wp-content\/uploads\/2023\/03\/Capa-blog-5-2-1200x675.png","width":1920,"height":1080},{"@type":"BreadcrumbList","@id":"https:\/\/globalattitude.org.br\/en\/entendendo-a-historia-dos-conflitos-no-afeganistao\/#breadcrumb","itemListElement":[{"@type":"ListItem","position":1,"name":"In\u00edcio","item":"https:\/\/globalattitude.org.br\/en\/"},{"@type":"ListItem","position":2,"name":"Entendendo a hist\u00f3ria dos conflitos no Afeganist\u00e3o"}]},{"@type":"WebSite","@id":"http:\/\/globalattitude.org.br\/#website","url":"http:\/\/globalattitude.org.br\/","name":"Instituto Global Attitude","description":"","publisher":{"@id":"http:\/\/globalattitude.org.br\/#organization"},"potentialAction":[{"@type":"SearchAction","target":{"@type":"EntryPoint","urlTemplate":"http:\/\/globalattitude.org.br\/?s={search_term_string}"},"query-input":{"@type":"PropertyValueSpecification","valueRequired":true,"valueName":"search_term_string"}}],"inLanguage":"en-US"},{"@type":"Organization","@id":"http:\/\/globalattitude.org.br\/#organization","name":"Instituto Global Attitude","url":"http:\/\/globalattitude.org.br\/","logo":{"@type":"ImageObject","inLanguage":"en-US","@id":"http:\/\/globalattitude.org.br\/#\/schema\/logo\/image\/","url":"https:\/\/globalattitude.org.br\/wp-content\/uploads\/2023\/01\/instituto-global-attitude-color.png","contentUrl":"https:\/\/globalattitude.org.br\/wp-content\/uploads\/2023\/01\/instituto-global-attitude-color.png","width":300,"height":131,"caption":"Instituto Global Attitude"},"image":{"@id":"http:\/\/globalattitude.org.br\/#\/schema\/logo\/image\/"},"sameAs":["https:\/\/www.facebook.com\/global.attitude.org\/","https:\/\/x.com\/global_attitude","https:\/\/www.instagram.com\/globalattitude","https:\/\/www.linkedin.com\/company\/global-attitude\/?viewAsMember=true"]},{"@type":"Person","@id":"http:\/\/globalattitude.org.br\/#\/schema\/person\/6d308f9d9d1eebad0278ad9386f13169","name":"123esite","image":{"@type":"ImageObject","inLanguage":"en-US","@id":"https:\/\/secure.gravatar.com\/avatar\/07bd71fac19f42004f2b73567f012e126689afdb23cb0017536dea9113ba1806?s=96&d=mm&r=g","url":"https:\/\/secure.gravatar.com\/avatar\/07bd71fac19f42004f2b73567f012e126689afdb23cb0017536dea9113ba1806?s=96&d=mm&r=g","contentUrl":"https:\/\/secure.gravatar.com\/avatar\/07bd71fac19f42004f2b73567f012e126689afdb23cb0017536dea9113ba1806?s=96&d=mm&r=g","caption":"123esite"},"sameAs":["http:\/\/globalattitude.org.br"],"url":"https:\/\/globalattitude.org.br\/en\/author\/123esite\/"}]}},"_links":{"self":[{"href":"https:\/\/globalattitude.org.br\/en\/wp-json\/wp\/v2\/posts\/3407","targetHints":{"allow":["GET"]}}],"collection":[{"href":"https:\/\/globalattitude.org.br\/en\/wp-json\/wp\/v2\/posts"}],"about":[{"href":"https:\/\/globalattitude.org.br\/en\/wp-json\/wp\/v2\/types\/post"}],"author":[{"embeddable":true,"href":"https:\/\/globalattitude.org.br\/en\/wp-json\/wp\/v2\/users\/1"}],"replies":[{"embeddable":true,"href":"https:\/\/globalattitude.org.br\/en\/wp-json\/wp\/v2\/comments?post=3407"}],"version-history":[{"count":5,"href":"https:\/\/globalattitude.org.br\/en\/wp-json\/wp\/v2\/posts\/3407\/revisions"}],"predecessor-version":[{"id":7235,"href":"https:\/\/globalattitude.org.br\/en\/wp-json\/wp\/v2\/posts\/3407\/revisions\/7235"}],"wp:featuredmedia":[{"embeddable":true,"href":"https:\/\/globalattitude.org.br\/en\/wp-json\/wp\/v2\/media\/3408"}],"wp:attachment":[{"href":"https:\/\/globalattitude.org.br\/en\/wp-json\/wp\/v2\/media?parent=3407"}],"wp:term":[{"taxonomy":"category","embeddable":true,"href":"https:\/\/globalattitude.org.br\/en\/wp-json\/wp\/v2\/categories?post=3407"},{"taxonomy":"post_tag","embeddable":true,"href":"https:\/\/globalattitude.org.br\/en\/wp-json\/wp\/v2\/tags?post=3407"}],"curies":[{"name":"wp","href":"https:\/\/api.w.org\/{rel}","templated":true}]}}