{"id":3409,"date":"2021-08-31T12:44:37","date_gmt":"2021-08-31T15:44:37","guid":{"rendered":"https:\/\/globalattitude.org.br\/consulta-publica-mudancas-climaticas\/"},"modified":"2023-08-02T18:26:41","modified_gmt":"2023-08-02T21:26:41","slug":"consulta-publica-mudancas-climaticas-e-juventude-brasileira","status":"publish","type":"post","link":"https:\/\/globalattitude.org.br\/en\/consulta-publica-mudancas-climaticas-e-juventude-brasileira\/","title":{"rendered":"Consulta P\u00fablica: Mudan\u00e7as Clim\u00e1ticas e Juventude Brasileira"},"content":{"rendered":"<p>As mudan\u00e7as clim\u00e1ticas s\u00e3o uma das pautas mais importantes atualmente, e dar espa\u00e7o para a juventude dizer o que pensa sobre o assunto \u00e9 essencial!<\/p>\n<p>Por isso, lan\u00e7amos a Consulta p\u00fablica <strong>\u201cMudan\u00e7as Clim\u00e1ticas e Juventude Brasileira\u201d,<\/strong> com o intuito de ouvir a voz dos jovens e conhecer um pouco mais seus pensamentos a respeito desse tema.<\/p>\n<p>Quais s\u00e3o os principais desafios da juventude brasileira no enfrentamento \u00e0 <strong><a href=\"https:\/\/www.climate.gov\/\" target=\"_blank\" rel=\"noopener\">crise clim\u00e1tica?<\/a><\/strong> Quais s\u00e3o suas ideias a respeito disso?<\/p>\n<p>Compartilhar sua vis\u00e3o conosco \u00e9 muito importante \u2013 e r\u00e1pido. \u00c9 s\u00f3 preencher o formul\u00e1rio dispon\u00edvel <strong>aqui.<\/strong><\/p>\n<h2>Sobre Mudan\u00e7as Clim\u00e1ticas<\/h2>\n<p>As mudan\u00e7as clim\u00e1ticas emergem como um tema urgente e de grande relev\u00e2ncia global. Esse fen\u00f4meno, impulsionado pelas atividades humanas, tem efeitos devastadores em nosso planeta. O aumento das emiss\u00f5es de gases de efeito estufa, provenientes da queima de combust\u00edveis f\u00f3sseis e desmatamento, \u00e9 uma das principais causas do aquecimento global.<\/p>\n<p>Por conseguinte, <a href=\"https:\/\/globalattitude.org.br\/por-que-devemos-nos-preocupar-com-as-mudancas-climaticas-no-contexto-da-seguranca-alimentar\/\" target=\"_blank\" rel=\"noopener\"><strong>os impactos das mudan\u00e7as clim\u00e1ticas<\/strong><\/a> s\u00e3o vastos e preocupantes, afetando ecossistemas, economias e comunidades em todo o mundo. Nesse sentido, <a href=\"https:\/\/www.inpe.br\/\" target=\"_blank\" rel=\"noopener\"><strong>eventos clim\u00e1ticos<\/strong><\/a> extremos, como furac\u00f5es, secas prolongadas e inunda\u00e7\u00f5es, t\u00eam se tornado mais frequentes e intensos, causando preju\u00edzos significativos. Al\u00e9m disso, o derretimento de geleiras e calotas polares tem elevado o n\u00edvel do mar, amea\u00e7ando \u00e1reas costeiras e popula\u00e7\u00f5es vulner\u00e1veis.<\/p>\n<p>Diante desses desafios, \u00e9 imperativo adotar medidas imediatas e coordenadas. A transi\u00e7\u00e3o para fontes de energia renov\u00e1vel, a ado\u00e7\u00e3o de pr\u00e1ticas sustent\u00e1veis e a implementa\u00e7\u00e3o de pol\u00edticas ambientais eficazes s\u00e3o essenciais para mitigar todos os impactos. Ademais, o engajamento da sociedade, incluindo os jovens, \u00e9 fundamental para conscientizar e pressionar por solu\u00e7\u00f5es efetivas.<\/p>\n<p>\u00c9 importante ressaltar que o combate \u00e0s mudan\u00e7as clim\u00e1ticas n\u00e3o \u00e9 apenas uma quest\u00e3o ambiental, mas tamb\u00e9m uma quest\u00e3o de sobreviv\u00eancia. Por conseguinte, atrav\u00e9s de esfor\u00e7os conjuntos, podemos proteger nosso planeta e garantir um futuro mais seguro e sustent\u00e1vel para as pr\u00f3ximas gera\u00e7\u00f5es. Nesse sentido, junte-se a essa causa e fa\u00e7a a diferen\u00e7a pelo nosso futuro!<\/p>\n","protected":false},"excerpt":{"rendered":"<p>As mudan\u00e7as clim\u00e1ticas s\u00e3o uma das pautas mais importantes atualmente, e dar espa\u00e7o para a juventude dizer o que pensa sobre o assunto \u00e9 essencial! Por isso, lan\u00e7amos a Consulta p\u00fablica \u201cMudan\u00e7as Clim\u00e1ticas e Juventude Brasileira\u201d, com o intuito de ouvir a voz dos jovens e conhecer um pouco mais seus pensamentos a respeito desse [&hellip;]<\/p>\n","protected":false},"author":1,"featured_media":3410,"comment_status":"open","ping_status":"open","sticky":false,"template":"","format":"standard","meta":{"_acf_changed":false,"om_disable_all_campaigns":false,"_monsterinsights_skip_tracking":false,"_monsterinsights_sitenote_active":false,"_monsterinsights_sitenote_note":"","_monsterinsights_sitenote_category":0,"_uf_show_specific_survey":0,"_uf_disable_surveys":false,"footnotes":""},"categories":[211],"tags":[374,10,294],"class_list":["post-3409","post","type-post","status-publish","format-standard","hentry","category-nota","tag-crise-climatica","tag-juventude","tag-mudancas-climaticas"],"acf":[],"aioseo_notices":[],"yoast_head":"<!-- This site is optimized with the Yoast SEO plugin v27.5 - https:\/\/yoast.com\/product\/yoast-seo-wordpress\/ -->\n<title>Consulta P\u00fablica: Mudan\u00e7as Clim\u00e1ticas e Juventude Brasileira<\/title>\n<meta name=\"description\" content=\"As mudan\u00e7as clim\u00e1ticas s\u00e3o pautas importantes na atualidade e dar espa\u00e7o para a juventude dizer o que pensa sobre o assunto \u00e9 essencial!\" \/>\n<meta name=\"robots\" content=\"index, follow, max-snippet:-1, max-image-preview:large, max-video-preview:-1\" \/>\n<link rel=\"canonical\" href=\"https:\/\/globalattitude.org.br\/en\/consulta-publica-mudancas-climaticas-e-juventude-brasileira\/\" \/>\n<meta property=\"og:locale\" content=\"en_US\" \/>\n<meta property=\"og:type\" content=\"article\" \/>\n<meta property=\"og:title\" content=\"Consulta P\u00fablica: Mudan\u00e7as Clim\u00e1ticas e Juventude Brasileira\" \/>\n<meta property=\"og:description\" content=\"As mudan\u00e7as clim\u00e1ticas s\u00e3o pautas importantes na atualidade e dar espa\u00e7o para a juventude dizer o que pensa sobre o assunto \u00e9 essencial!\" \/>\n<meta property=\"og:url\" content=\"https:\/\/globalattitude.org.br\/en\/consulta-publica-mudancas-climaticas-e-juventude-brasileira\/\" \/>\n<meta property=\"og:site_name\" content=\"Instituto Global Attitude\" \/>\n<meta property=\"article:publisher\" content=\"https:\/\/www.facebook.com\/global.attitude.org\/\" \/>\n<meta property=\"article:published_time\" content=\"2021-08-31T15:44:37+00:00\" \/>\n<meta property=\"article:modified_time\" content=\"2023-08-02T21:26:41+00:00\" \/>\n<meta property=\"og:image\" content=\"https:\/\/globalattitude.org.br\/wp-content\/uploads\/2023\/03\/WhatsApp-Image-2021-08-24-at-17.13.08.jpeg\" \/>\n\t<meta property=\"og:image:width\" content=\"1080\" \/>\n\t<meta property=\"og:image:height\" content=\"1080\" \/>\n\t<meta property=\"og:image:type\" content=\"image\/jpeg\" \/>\n<meta name=\"author\" content=\"123esite\" \/>\n<meta name=\"twitter:card\" content=\"summary_large_image\" \/>\n<meta name=\"twitter:creator\" content=\"@global_attitude\" \/>\n<meta name=\"twitter:site\" content=\"@global_attitude\" \/>\n<meta name=\"twitter:label1\" content=\"Written by\" \/>\n\t<meta name=\"twitter:data1\" content=\"123esite\" \/>\n\t<meta name=\"twitter:label2\" content=\"Est. reading time\" \/>\n\t<meta name=\"twitter:data2\" content=\"2 minutes\" \/>\n<script type=\"application\/ld+json\" class=\"yoast-schema-graph\">{\"@context\":\"https:\\\/\\\/schema.org\",\"@graph\":[{\"@type\":[\"Article\",\"BlogPosting\"],\"@id\":\"https:\\\/\\\/globalattitude.org.br\\\/en\\\/consulta-publica-mudancas-climaticas-e-juventude-brasileira\\\/#article\",\"isPartOf\":{\"@id\":\"https:\\\/\\\/globalattitude.org.br\\\/en\\\/consulta-publica-mudancas-climaticas-e-juventude-brasileira\\\/\"},\"author\":{\"name\":\"123esite\",\"@id\":\"http:\\\/\\\/globalattitude.org.br\\\/#\\\/schema\\\/person\\\/6d308f9d9d1eebad0278ad9386f13169\"},\"headline\":\"Consulta P\u00fablica: Mudan\u00e7as Clim\u00e1ticas e Juventude Brasileira\",\"datePublished\":\"2021-08-31T15:44:37+00:00\",\"dateModified\":\"2023-08-02T21:26:41+00:00\",\"mainEntityOfPage\":{\"@id\":\"https:\\\/\\\/globalattitude.org.br\\\/en\\\/consulta-publica-mudancas-climaticas-e-juventude-brasileira\\\/\"},\"wordCount\":377,\"commentCount\":0,\"publisher\":{\"@id\":\"http:\\\/\\\/globalattitude.org.br\\\/#organization\"},\"image\":{\"@id\":\"https:\\\/\\\/globalattitude.org.br\\\/en\\\/consulta-publica-mudancas-climaticas-e-juventude-brasileira\\\/#primaryimage\"},\"thumbnailUrl\":\"https:\\\/\\\/globalattitude.org.br\\\/wp-content\\\/uploads\\\/2023\\\/03\\\/WhatsApp-Image-2021-08-24-at-17.13.08.jpeg\",\"keywords\":[\"Crise clim\u00e1tica\",\"juventude\",\"mudan\u00e7as clim\u00e1ticas\"],\"articleSection\":[\"Nota\"],\"inLanguage\":\"en-US\",\"potentialAction\":[{\"@type\":\"CommentAction\",\"name\":\"Comment\",\"target\":[\"https:\\\/\\\/globalattitude.org.br\\\/en\\\/consulta-publica-mudancas-climaticas-e-juventude-brasileira\\\/#respond\"]}]},{\"@type\":\"WebPage\",\"@id\":\"https:\\\/\\\/globalattitude.org.br\\\/en\\\/consulta-publica-mudancas-climaticas-e-juventude-brasileira\\\/\",\"url\":\"https:\\\/\\\/globalattitude.org.br\\\/en\\\/consulta-publica-mudancas-climaticas-e-juventude-brasileira\\\/\",\"name\":\"Consulta P\u00fablica: Mudan\u00e7as Clim\u00e1ticas e Juventude Brasileira\",\"isPartOf\":{\"@id\":\"http:\\\/\\\/globalattitude.org.br\\\/#website\"},\"primaryImageOfPage\":{\"@id\":\"https:\\\/\\\/globalattitude.org.br\\\/en\\\/consulta-publica-mudancas-climaticas-e-juventude-brasileira\\\/#primaryimage\"},\"image\":{\"@id\":\"https:\\\/\\\/globalattitude.org.br\\\/en\\\/consulta-publica-mudancas-climaticas-e-juventude-brasileira\\\/#primaryimage\"},\"thumbnailUrl\":\"https:\\\/\\\/globalattitude.org.br\\\/wp-content\\\/uploads\\\/2023\\\/03\\\/WhatsApp-Image-2021-08-24-at-17.13.08.jpeg\",\"datePublished\":\"2021-08-31T15:44:37+00:00\",\"dateModified\":\"2023-08-02T21:26:41+00:00\",\"description\":\"As mudan\u00e7as clim\u00e1ticas s\u00e3o pautas importantes na atualidade e dar espa\u00e7o para a juventude dizer o que pensa sobre o assunto \u00e9 essencial!\",\"breadcrumb\":{\"@id\":\"https:\\\/\\\/globalattitude.org.br\\\/en\\\/consulta-publica-mudancas-climaticas-e-juventude-brasileira\\\/#breadcrumb\"},\"inLanguage\":\"en-US\",\"potentialAction\":[{\"@type\":\"ReadAction\",\"target\":[\"https:\\\/\\\/globalattitude.org.br\\\/en\\\/consulta-publica-mudancas-climaticas-e-juventude-brasileira\\\/\"]}]},{\"@type\":\"ImageObject\",\"inLanguage\":\"en-US\",\"@id\":\"https:\\\/\\\/globalattitude.org.br\\\/en\\\/consulta-publica-mudancas-climaticas-e-juventude-brasileira\\\/#primaryimage\",\"url\":\"https:\\\/\\\/globalattitude.org.br\\\/wp-content\\\/uploads\\\/2023\\\/03\\\/WhatsApp-Image-2021-08-24-at-17.13.08.jpeg\",\"contentUrl\":\"https:\\\/\\\/globalattitude.org.br\\\/wp-content\\\/uploads\\\/2023\\\/03\\\/WhatsApp-Image-2021-08-24-at-17.13.08.jpeg\",\"width\":1080,\"height\":1080},{\"@type\":\"BreadcrumbList\",\"@id\":\"https:\\\/\\\/globalattitude.org.br\\\/en\\\/consulta-publica-mudancas-climaticas-e-juventude-brasileira\\\/#breadcrumb\",\"itemListElement\":[{\"@type\":\"ListItem\",\"position\":1,\"name\":\"In\u00edcio\",\"item\":\"https:\\\/\\\/globalattitude.org.br\\\/en\\\/\"},{\"@type\":\"ListItem\",\"position\":2,\"name\":\"Consulta P\u00fablica: Mudan\u00e7as Clim\u00e1ticas e Juventude Brasileira\"}]},{\"@type\":\"WebSite\",\"@id\":\"http:\\\/\\\/globalattitude.org.br\\\/#website\",\"url\":\"http:\\\/\\\/globalattitude.org.br\\\/\",\"name\":\"Instituto Global Attitude\",\"description\":\"\",\"publisher\":{\"@id\":\"http:\\\/\\\/globalattitude.org.br\\\/#organization\"},\"potentialAction\":[{\"@type\":\"SearchAction\",\"target\":{\"@type\":\"EntryPoint\",\"urlTemplate\":\"http:\\\/\\\/globalattitude.org.br\\\/?s={search_term_string}\"},\"query-input\":{\"@type\":\"PropertyValueSpecification\",\"valueRequired\":true,\"valueName\":\"search_term_string\"}}],\"inLanguage\":\"en-US\"},{\"@type\":\"Organization\",\"@id\":\"http:\\\/\\\/globalattitude.org.br\\\/#organization\",\"name\":\"Instituto Global Attitude\",\"url\":\"http:\\\/\\\/globalattitude.org.br\\\/\",\"logo\":{\"@type\":\"ImageObject\",\"inLanguage\":\"en-US\",\"@id\":\"http:\\\/\\\/globalattitude.org.br\\\/#\\\/schema\\\/logo\\\/image\\\/\",\"url\":\"https:\\\/\\\/globalattitude.org.br\\\/wp-content\\\/uploads\\\/2023\\\/01\\\/instituto-global-attitude-color.png\",\"contentUrl\":\"https:\\\/\\\/globalattitude.org.br\\\/wp-content\\\/uploads\\\/2023\\\/01\\\/instituto-global-attitude-color.png\",\"width\":300,\"height\":131,\"caption\":\"Instituto Global Attitude\"},\"image\":{\"@id\":\"http:\\\/\\\/globalattitude.org.br\\\/#\\\/schema\\\/logo\\\/image\\\/\"},\"sameAs\":[\"https:\\\/\\\/www.facebook.com\\\/global.attitude.org\\\/\",\"https:\\\/\\\/x.com\\\/global_attitude\",\"https:\\\/\\\/www.instagram.com\\\/globalattitude\",\"https:\\\/\\\/www.linkedin.com\\\/company\\\/global-attitude\\\/?viewAsMember=true\"]},{\"@type\":\"Person\",\"@id\":\"http:\\\/\\\/globalattitude.org.br\\\/#\\\/schema\\\/person\\\/6d308f9d9d1eebad0278ad9386f13169\",\"name\":\"123esite\",\"image\":{\"@type\":\"ImageObject\",\"inLanguage\":\"en-US\",\"@id\":\"https:\\\/\\\/secure.gravatar.com\\\/avatar\\\/07bd71fac19f42004f2b73567f012e126689afdb23cb0017536dea9113ba1806?s=96&d=mm&r=g\",\"url\":\"https:\\\/\\\/secure.gravatar.com\\\/avatar\\\/07bd71fac19f42004f2b73567f012e126689afdb23cb0017536dea9113ba1806?s=96&d=mm&r=g\",\"contentUrl\":\"https:\\\/\\\/secure.gravatar.com\\\/avatar\\\/07bd71fac19f42004f2b73567f012e126689afdb23cb0017536dea9113ba1806?s=96&d=mm&r=g\",\"caption\":\"123esite\"},\"sameAs\":[\"http:\\\/\\\/globalattitude.org.br\"],\"url\":\"https:\\\/\\\/globalattitude.org.br\\\/en\\\/author\\\/123esite\\\/\"}]}<\/script>\n<!-- \/ Yoast SEO plugin. -->","yoast_head_json":{"title":"Consulta P\u00fablica: Mudan\u00e7as Clim\u00e1ticas e Juventude Brasileira","description":"As mudan\u00e7as clim\u00e1ticas s\u00e3o pautas importantes na atualidade e dar espa\u00e7o para a juventude dizer o que pensa sobre o assunto \u00e9 essencial!","robots":{"index":"index","follow":"follow","max-snippet":"max-snippet:-1","max-image-preview":"max-image-preview:large","max-video-preview":"max-video-preview:-1"},"canonical":"https:\/\/globalattitude.org.br\/en\/consulta-publica-mudancas-climaticas-e-juventude-brasileira\/","og_locale":"en_US","og_type":"article","og_title":"Consulta P\u00fablica: Mudan\u00e7as Clim\u00e1ticas e Juventude Brasileira","og_description":"As mudan\u00e7as clim\u00e1ticas s\u00e3o pautas importantes na atualidade e dar espa\u00e7o para a juventude dizer o que pensa sobre o assunto \u00e9 essencial!","og_url":"https:\/\/globalattitude.org.br\/en\/consulta-publica-mudancas-climaticas-e-juventude-brasileira\/","og_site_name":"Instituto Global Attitude","article_publisher":"https:\/\/www.facebook.com\/global.attitude.org\/","article_published_time":"2021-08-31T15:44:37+00:00","article_modified_time":"2023-08-02T21:26:41+00:00","og_image":[{"width":1080,"height":1080,"url":"https:\/\/globalattitude.org.br\/wp-content\/uploads\/2023\/03\/WhatsApp-Image-2021-08-24-at-17.13.08.jpeg","type":"image\/jpeg"}],"author":"123esite","twitter_card":"summary_large_image","twitter_creator":"@global_attitude","twitter_site":"@global_attitude","twitter_misc":{"Written by":"123esite","Est. reading time":"2 minutes"},"schema":{"@context":"https:\/\/schema.org","@graph":[{"@type":["Article","BlogPosting"],"@id":"https:\/\/globalattitude.org.br\/en\/consulta-publica-mudancas-climaticas-e-juventude-brasileira\/#article","isPartOf":{"@id":"https:\/\/globalattitude.org.br\/en\/consulta-publica-mudancas-climaticas-e-juventude-brasileira\/"},"author":{"name":"123esite","@id":"http:\/\/globalattitude.org.br\/#\/schema\/person\/6d308f9d9d1eebad0278ad9386f13169"},"headline":"Consulta P\u00fablica: Mudan\u00e7as Clim\u00e1ticas e Juventude Brasileira","datePublished":"2021-08-31T15:44:37+00:00","dateModified":"2023-08-02T21:26:41+00:00","mainEntityOfPage":{"@id":"https:\/\/globalattitude.org.br\/en\/consulta-publica-mudancas-climaticas-e-juventude-brasileira\/"},"wordCount":377,"commentCount":0,"publisher":{"@id":"http:\/\/globalattitude.org.br\/#organization"},"image":{"@id":"https:\/\/globalattitude.org.br\/en\/consulta-publica-mudancas-climaticas-e-juventude-brasileira\/#primaryimage"},"thumbnailUrl":"https:\/\/globalattitude.org.br\/wp-content\/uploads\/2023\/03\/WhatsApp-Image-2021-08-24-at-17.13.08.jpeg","keywords":["Crise clim\u00e1tica","juventude","mudan\u00e7as clim\u00e1ticas"],"articleSection":["Nota"],"inLanguage":"en-US","potentialAction":[{"@type":"CommentAction","name":"Comment","target":["https:\/\/globalattitude.org.br\/en\/consulta-publica-mudancas-climaticas-e-juventude-brasileira\/#respond"]}]},{"@type":"WebPage","@id":"https:\/\/globalattitude.org.br\/en\/consulta-publica-mudancas-climaticas-e-juventude-brasileira\/","url":"https:\/\/globalattitude.org.br\/en\/consulta-publica-mudancas-climaticas-e-juventude-brasileira\/","name":"Consulta P\u00fablica: Mudan\u00e7as Clim\u00e1ticas e Juventude Brasileira","isPartOf":{"@id":"http:\/\/globalattitude.org.br\/#website"},"primaryImageOfPage":{"@id":"https:\/\/globalattitude.org.br\/en\/consulta-publica-mudancas-climaticas-e-juventude-brasileira\/#primaryimage"},"image":{"@id":"https:\/\/globalattitude.org.br\/en\/consulta-publica-mudancas-climaticas-e-juventude-brasileira\/#primaryimage"},"thumbnailUrl":"https:\/\/globalattitude.org.br\/wp-content\/uploads\/2023\/03\/WhatsApp-Image-2021-08-24-at-17.13.08.jpeg","datePublished":"2021-08-31T15:44:37+00:00","dateModified":"2023-08-02T21:26:41+00:00","description":"As mudan\u00e7as clim\u00e1ticas s\u00e3o pautas importantes na atualidade e dar espa\u00e7o para a juventude dizer o que pensa sobre o assunto \u00e9 essencial!","breadcrumb":{"@id":"https:\/\/globalattitude.org.br\/en\/consulta-publica-mudancas-climaticas-e-juventude-brasileira\/#breadcrumb"},"inLanguage":"en-US","potentialAction":[{"@type":"ReadAction","target":["https:\/\/globalattitude.org.br\/en\/consulta-publica-mudancas-climaticas-e-juventude-brasileira\/"]}]},{"@type":"ImageObject","inLanguage":"en-US","@id":"https:\/\/globalattitude.org.br\/en\/consulta-publica-mudancas-climaticas-e-juventude-brasileira\/#primaryimage","url":"https:\/\/globalattitude.org.br\/wp-content\/uploads\/2023\/03\/WhatsApp-Image-2021-08-24-at-17.13.08.jpeg","contentUrl":"https:\/\/globalattitude.org.br\/wp-content\/uploads\/2023\/03\/WhatsApp-Image-2021-08-24-at-17.13.08.jpeg","width":1080,"height":1080},{"@type":"BreadcrumbList","@id":"https:\/\/globalattitude.org.br\/en\/consulta-publica-mudancas-climaticas-e-juventude-brasileira\/#breadcrumb","itemListElement":[{"@type":"ListItem","position":1,"name":"In\u00edcio","item":"https:\/\/globalattitude.org.br\/en\/"},{"@type":"ListItem","position":2,"name":"Consulta P\u00fablica: Mudan\u00e7as Clim\u00e1ticas e Juventude Brasileira"}]},{"@type":"WebSite","@id":"http:\/\/globalattitude.org.br\/#website","url":"http:\/\/globalattitude.org.br\/","name":"Instituto Global Attitude","description":"","publisher":{"@id":"http:\/\/globalattitude.org.br\/#organization"},"potentialAction":[{"@type":"SearchAction","target":{"@type":"EntryPoint","urlTemplate":"http:\/\/globalattitude.org.br\/?s={search_term_string}"},"query-input":{"@type":"PropertyValueSpecification","valueRequired":true,"valueName":"search_term_string"}}],"inLanguage":"en-US"},{"@type":"Organization","@id":"http:\/\/globalattitude.org.br\/#organization","name":"Instituto Global Attitude","url":"http:\/\/globalattitude.org.br\/","logo":{"@type":"ImageObject","inLanguage":"en-US","@id":"http:\/\/globalattitude.org.br\/#\/schema\/logo\/image\/","url":"https:\/\/globalattitude.org.br\/wp-content\/uploads\/2023\/01\/instituto-global-attitude-color.png","contentUrl":"https:\/\/globalattitude.org.br\/wp-content\/uploads\/2023\/01\/instituto-global-attitude-color.png","width":300,"height":131,"caption":"Instituto Global Attitude"},"image":{"@id":"http:\/\/globalattitude.org.br\/#\/schema\/logo\/image\/"},"sameAs":["https:\/\/www.facebook.com\/global.attitude.org\/","https:\/\/x.com\/global_attitude","https:\/\/www.instagram.com\/globalattitude","https:\/\/www.linkedin.com\/company\/global-attitude\/?viewAsMember=true"]},{"@type":"Person","@id":"http:\/\/globalattitude.org.br\/#\/schema\/person\/6d308f9d9d1eebad0278ad9386f13169","name":"123esite","image":{"@type":"ImageObject","inLanguage":"en-US","@id":"https:\/\/secure.gravatar.com\/avatar\/07bd71fac19f42004f2b73567f012e126689afdb23cb0017536dea9113ba1806?s=96&d=mm&r=g","url":"https:\/\/secure.gravatar.com\/avatar\/07bd71fac19f42004f2b73567f012e126689afdb23cb0017536dea9113ba1806?s=96&d=mm&r=g","contentUrl":"https:\/\/secure.gravatar.com\/avatar\/07bd71fac19f42004f2b73567f012e126689afdb23cb0017536dea9113ba1806?s=96&d=mm&r=g","caption":"123esite"},"sameAs":["http:\/\/globalattitude.org.br"],"url":"https:\/\/globalattitude.org.br\/en\/author\/123esite\/"}]}},"_links":{"self":[{"href":"https:\/\/globalattitude.org.br\/en\/wp-json\/wp\/v2\/posts\/3409","targetHints":{"allow":["GET"]}}],"collection":[{"href":"https:\/\/globalattitude.org.br\/en\/wp-json\/wp\/v2\/posts"}],"about":[{"href":"https:\/\/globalattitude.org.br\/en\/wp-json\/wp\/v2\/types\/post"}],"author":[{"embeddable":true,"href":"https:\/\/globalattitude.org.br\/en\/wp-json\/wp\/v2\/users\/1"}],"replies":[{"embeddable":true,"href":"https:\/\/globalattitude.org.br\/en\/wp-json\/wp\/v2\/comments?post=3409"}],"version-history":[{"count":5,"href":"https:\/\/globalattitude.org.br\/en\/wp-json\/wp\/v2\/posts\/3409\/revisions"}],"predecessor-version":[{"id":7231,"href":"https:\/\/globalattitude.org.br\/en\/wp-json\/wp\/v2\/posts\/3409\/revisions\/7231"}],"wp:featuredmedia":[{"embeddable":true,"href":"https:\/\/globalattitude.org.br\/en\/wp-json\/wp\/v2\/media\/3410"}],"wp:attachment":[{"href":"https:\/\/globalattitude.org.br\/en\/wp-json\/wp\/v2\/media?parent=3409"}],"wp:term":[{"taxonomy":"category","embeddable":true,"href":"https:\/\/globalattitude.org.br\/en\/wp-json\/wp\/v2\/categories?post=3409"},{"taxonomy":"post_tag","embeddable":true,"href":"https:\/\/globalattitude.org.br\/en\/wp-json\/wp\/v2\/tags?post=3409"}],"curies":[{"name":"wp","href":"https:\/\/api.w.org\/{rel}","templated":true}]}}