{"id":3694,"date":"2023-04-28T09:00:07","date_gmt":"2023-04-28T12:00:07","guid":{"rendered":"https:\/\/globalattitude.org.br\/?p=3694"},"modified":"2023-04-26T16:30:40","modified_gmt":"2023-04-26T19:30:40","slug":"robos-na-coletiva-ia-faz-historia-na-onu-em-genebra","status":"publish","type":"post","link":"https:\/\/globalattitude.org.br\/en\/robos-na-coletiva-ia-faz-historia-na-onu-em-genebra\/","title":{"rendered":"Rob\u00f4s na coletiva: IA faz hist\u00f3ria na ONU, em Genebra"},"content":{"rendered":"<p>Que os rob\u00f4s dotados de Intelig\u00eancia Artificial (IA) est\u00e3o ganhando mais espa\u00e7o entre n\u00f3s, seres-humanos, n\u00e3o \u00e9 novidade. E incrivelmente, agora, eles ir\u00e3o participar de uma entrevista coletiva promovida pela Uni\u00e3o Internacional de Telecomunica\u00e7\u00f5es (UIT), da Organiza\u00e7\u00e3o das Na\u00e7\u00f5es Unidas (ONU).<\/p>\n<p>Essa ser\u00e1 a primeira coletiva de imprensa da entidade a ser \u201ccomandada\u201d por rob\u00f4s, de fato, um ato hist\u00f3rico e sem precedentes no mundo inteiro. O evento vai acontecer durante a AI for Good Global Summit (em portugu\u00eas: Confer\u00eancia da Intelig\u00eancia Artificial para o Bem).<\/p>\n<p>Mas agora pense, voc\u00ea j\u00e1 imaginou que estaria vivo para ver um rob\u00f4 respondendo perguntas na ONU? Ent\u00e3o, fique por dentro do que ir\u00e1 acontecer em Genebra, na Su\u00ed\u00e7a, para a pr\u00f3xima confer\u00eancia da ONU para n\u00e3o perder nada.<\/p>\n<h2>Intelig\u00eancia Artificial<\/h2>\n<p>Essa ser\u00e1 a primeira vez que rob\u00f4s participar\u00e3o de uma coletiva de imprensa na organiza\u00e7\u00e3o internacional. A iniciativa faz parte de um projeto piloto de IA desenvolvido pela ONU, que visa promover a inclus\u00e3o digital e a igualdade de oportunidades na sociedade.<\/p>\n<p>Nesse \u00ednterim, ressalta-se que na tecnologia, a IA \u00e9 a intelig\u00eancia demonstrada por m\u00e1quinas ao executar tarefas complexas associadas a seres inteligentes.<\/p>\n<p>Em suma, uma solu\u00e7\u00e3o de IA envolve um agrupamento de v\u00e1rias tecnologias, como redes neurais artificiais, algoritmos, sistemas de aprendizado, entre outros. E esses argumentos conseguem, de certa forma, simular capacidades humanas ligadas \u00e0 intelig\u00eancia.<\/p>\n<h2>Os rob\u00f4s<\/h2>\n<p>Com uma apar\u00eancia humana quase fiel, os rob\u00f4s foram programados para responder perguntas sobre temas relacionados a direitos humanos, meio ambiente e desenvolvimento sustent\u00e1vel.<\/p>\n<p>Certamente, algo muito relevante para acrescentar ao curr\u00edculo de realiza\u00e7\u00f5es da Intelig\u00eancia Artificial. Nove rob\u00f4s em forma humana juntos, sabatinados por jornalistas, interagindo com os profissionais.<\/p>\n<p>Abaixo, veja quem s\u00e3o eles:<\/p>\n<ul>\n<li>Beonmi, o primeiro rob\u00f4 humanoide de uso geral totalmente funcional;<\/li>\n<li>Ameca, a m\u00e1quina com express\u00f5es faciais extremamente realistas;<\/li>\n<li>Geminoid, o rob\u00f4 g\u00eameo de seu criador, que \u00e9 capaz de falar, cantar e dan\u00e7ar;<\/li>\n<li>Ai-Da, um rob\u00f4 \u201cartista\u201d;<\/li>\n<li>Grace, um dos exemplos mais avan\u00e7ados em cuidados de sa\u00fade;<\/li>\n<li>Nadine, rob\u00f4 de Singapura que \u00e9 um dos humanoides sociais mais realistas que existem;<\/li>\n<li>Desd\u00eamona, a rob\u00f4 cantora, vocalista da banda Jam Galaxy;<\/li>\n<li>Sophia, que atua como embaixadora da ONU;<\/li>\n<li>4ne-1, um dos rob\u00f4s humanoides cognitivos mais avan\u00e7ados do mundo.<\/li>\n<\/ul>\n<p>Al\u00e9m disso, estar\u00e3o presentes cerca de outros 40 rob\u00f4s, que possuem fun\u00e7\u00f5es diferenciadas e estar\u00e3o dispon\u00edveis para execu\u00e7\u00f5es espec\u00edficas. Sem d\u00favida ser\u00e1 magn\u00edfico, pois eles ir\u00e3o apagar inc\u00eandios, prestar cuidados m\u00e9dicos e construir casas. Acredite!<\/p>\n<div id=\"attachment_3697\" style=\"width: 1180px\" class=\"wp-caption alignnone\"><img fetchpriority=\"high\" decoding=\"async\" aria-describedby=\"caption-attachment-3697\" class=\"wp-image-3697 size-full\" src=\"http:\/\/globalattitude.org.br\/wp-content\/uploads\/2023\/04\/Inteligencia-Artificial-e-Robos-Servindo-Homem.jpg\" alt=\"Intelig\u00eancia Artificial e Rob\u00f4s Servindo Homem\" width=\"1170\" height=\"500\" srcset=\"https:\/\/globalattitude.org.br\/wp-content\/uploads\/2023\/04\/Inteligencia-Artificial-e-Robos-Servindo-Homem.jpg 1170w, https:\/\/globalattitude.org.br\/wp-content\/uploads\/2023\/04\/Inteligencia-Artificial-e-Robos-Servindo-Homem-300x128.jpg 300w, https:\/\/globalattitude.org.br\/wp-content\/uploads\/2023\/04\/Inteligencia-Artificial-e-Robos-Servindo-Homem-1024x438.jpg 1024w, https:\/\/globalattitude.org.br\/wp-content\/uploads\/2023\/04\/Inteligencia-Artificial-e-Robos-Servindo-Homem-768x328.jpg 768w, https:\/\/globalattitude.org.br\/wp-content\/uploads\/2023\/04\/Inteligencia-Artificial-e-Robos-Servindo-Homem-180x77.jpg 180w, https:\/\/globalattitude.org.br\/wp-content\/uploads\/2023\/04\/Inteligencia-Artificial-e-Robos-Servindo-Homem-421x180.jpg 421w\" sizes=\"(max-width: 1170px) 100vw, 1170px\" \/><p id=\"caption-attachment-3697\" class=\"wp-caption-text\">Os rob\u00f4s est\u00e3o cada vez mais evolu\u00eddos<\/p><\/div>\n<h2>Hist\u00f3rico!<\/h2>\n<p>E para evitar uma <a href=\"https:\/\/globalattitude.org.br\/brasil-e-o-conselho-de-seguranca-das-nacoes-unidas\/\" target=\"_blank\" rel=\"noopener\"><strong>revolu\u00e7\u00e3o<\/strong><\/a> a l\u00e1 Skynet, todos os criadores participar\u00e3o do evento e acompanhar\u00e3o suas m\u00e1quinas. Contudo, eles ser\u00e3o respons\u00e1veis por demonstrar os desempenhos aos participantes da c\u00fapula.<\/p>\n<p>A expectativa \u00e9 que essa experi\u00eancia seja um marco para o uso da tecnologia na comunica\u00e7\u00e3o e na promo\u00e7\u00e3o da igualdade de acesso \u00e0 informa\u00e7\u00e3o. Afinal, n\u00e3o \u00e9 todo dia que vemos uma cena dessa.<\/p>\n<p>Ali\u00e1s, a UIT espera que esse evento, totalmente gratuito, mas aberto a todos mediante <a href=\"https:\/\/aiforgood.itu.int\/summit23\/\" target=\"_blank\" rel=\"noopener\"><strong>inscri\u00e7\u00e3o<\/strong><\/a>, mostre como a tecnologia pode ajudar a alcan\u00e7ar os objetivos da Agenda 2030.<\/p>\n","protected":false},"excerpt":{"rendered":"<p>Que os rob\u00f4s dotados de Intelig\u00eancia Artificial (IA) est\u00e3o ganhando mais espa\u00e7o entre n\u00f3s, seres-humanos, n\u00e3o \u00e9 novidade. E incrivelmente, agora, eles ir\u00e3o participar de uma entrevista coletiva promovida pela Uni\u00e3o Internacional de Telecomunica\u00e7\u00f5es (UIT), da Organiza\u00e7\u00e3o das Na\u00e7\u00f5es Unidas (ONU). Essa ser\u00e1 a primeira coletiva de imprensa da entidade a ser \u201ccomandada\u201d por rob\u00f4s, [&hellip;]<\/p>\n","protected":false},"author":4,"featured_media":0,"comment_status":"open","ping_status":"open","sticky":false,"template":"","format":"standard","meta":{"_acf_changed":false,"om_disable_all_campaigns":false,"_monsterinsights_skip_tracking":false,"_monsterinsights_sitenote_active":false,"_monsterinsights_sitenote_note":"","_monsterinsights_sitenote_category":0,"_uf_show_specific_survey":0,"_uf_disable_surveys":false,"footnotes":""},"categories":[353],"tags":[355,356,357],"class_list":["post-3694","post","type-post","status-publish","format-standard","hentry","category-internacional","tag-ia","tag-inteligencia-artificial","tag-robos"],"acf":[],"aioseo_notices":[],"yoast_head":"<!-- This site is optimized with the Yoast SEO plugin v27.5 - https:\/\/yoast.com\/product\/yoast-seo-wordpress\/ -->\n<title>Rob\u00f4s na coletiva: IA faz hist\u00f3ria na ONU, em Genebra<\/title>\n<meta name=\"description\" content=\"O AI for Good Global Summit \u00e9 a plataforma das Na\u00e7\u00f5es Unidas que promove a Intelig\u00eancia Artificial para inclus\u00e3o digital.\" \/>\n<meta name=\"robots\" content=\"index, follow, max-snippet:-1, max-image-preview:large, max-video-preview:-1\" \/>\n<link rel=\"canonical\" href=\"https:\/\/globalattitude.org.br\/en\/robos-na-coletiva-ia-faz-historia-na-onu-em-genebra\/\" \/>\n<meta property=\"og:locale\" content=\"en_US\" \/>\n<meta property=\"og:type\" content=\"article\" \/>\n<meta property=\"og:title\" content=\"Rob\u00f4s na coletiva: IA faz hist\u00f3ria na ONU, em Genebra\" \/>\n<meta property=\"og:description\" content=\"O AI for Good Global Summit \u00e9 a plataforma das Na\u00e7\u00f5es Unidas que promove a Intelig\u00eancia Artificial para inclus\u00e3o digital.\" \/>\n<meta property=\"og:url\" content=\"https:\/\/globalattitude.org.br\/en\/robos-na-coletiva-ia-faz-historia-na-onu-em-genebra\/\" \/>\n<meta property=\"og:site_name\" content=\"Instituto Global Attitude\" \/>\n<meta property=\"article:publisher\" content=\"https:\/\/www.facebook.com\/global.attitude.org\/\" \/>\n<meta property=\"article:published_time\" content=\"2023-04-28T12:00:07+00:00\" \/>\n<meta property=\"og:image\" content=\"http:\/\/globalattitude.org.br\/wp-content\/uploads\/2023\/04\/Inteligencia-Artificial-e-Robos-Servindo-Homem.jpg\" \/>\n<meta name=\"author\" content=\"comunicacao\" \/>\n<meta name=\"twitter:card\" content=\"summary_large_image\" \/>\n<meta name=\"twitter:creator\" content=\"@global_attitude\" \/>\n<meta name=\"twitter:site\" content=\"@global_attitude\" \/>\n<meta name=\"twitter:label1\" content=\"Written by\" \/>\n\t<meta name=\"twitter:data1\" content=\"comunicacao\" \/>\n\t<meta name=\"twitter:label2\" content=\"Est. reading time\" \/>\n\t<meta name=\"twitter:data2\" content=\"4 minutes\" \/>\n<script type=\"application\/ld+json\" class=\"yoast-schema-graph\">{\"@context\":\"https:\\\/\\\/schema.org\",\"@graph\":[{\"@type\":[\"Article\",\"BlogPosting\"],\"@id\":\"https:\\\/\\\/globalattitude.org.br\\\/en\\\/robos-na-coletiva-ia-faz-historia-na-onu-em-genebra\\\/#article\",\"isPartOf\":{\"@id\":\"https:\\\/\\\/globalattitude.org.br\\\/en\\\/robos-na-coletiva-ia-faz-historia-na-onu-em-genebra\\\/\"},\"author\":{\"name\":\"comunicacao\",\"@id\":\"http:\\\/\\\/globalattitude.org.br\\\/#\\\/schema\\\/person\\\/d2d0edb26129b7407b05aa493af63725\"},\"headline\":\"Rob\u00f4s na coletiva: IA faz hist\u00f3ria na ONU, em Genebra\",\"datePublished\":\"2023-04-28T12:00:07+00:00\",\"mainEntityOfPage\":{\"@id\":\"https:\\\/\\\/globalattitude.org.br\\\/en\\\/robos-na-coletiva-ia-faz-historia-na-onu-em-genebra\\\/\"},\"wordCount\":596,\"commentCount\":0,\"publisher\":{\"@id\":\"http:\\\/\\\/globalattitude.org.br\\\/#organization\"},\"image\":{\"@id\":\"https:\\\/\\\/globalattitude.org.br\\\/en\\\/robos-na-coletiva-ia-faz-historia-na-onu-em-genebra\\\/#primaryimage\"},\"thumbnailUrl\":\"http:\\\/\\\/globalattitude.org.br\\\/wp-content\\\/uploads\\\/2023\\\/04\\\/Inteligencia-Artificial-e-Robos-Servindo-Homem.jpg\",\"keywords\":[\"IA\",\"Intelig\u00eancia Artificial\",\"Rob\u00f4s\"],\"articleSection\":[\"Internacional\"],\"inLanguage\":\"en-US\",\"potentialAction\":[{\"@type\":\"CommentAction\",\"name\":\"Comment\",\"target\":[\"https:\\\/\\\/globalattitude.org.br\\\/en\\\/robos-na-coletiva-ia-faz-historia-na-onu-em-genebra\\\/#respond\"]}]},{\"@type\":\"WebPage\",\"@id\":\"https:\\\/\\\/globalattitude.org.br\\\/en\\\/robos-na-coletiva-ia-faz-historia-na-onu-em-genebra\\\/\",\"url\":\"https:\\\/\\\/globalattitude.org.br\\\/en\\\/robos-na-coletiva-ia-faz-historia-na-onu-em-genebra\\\/\",\"name\":\"Rob\u00f4s na coletiva: IA faz hist\u00f3ria na ONU, em Genebra\",\"isPartOf\":{\"@id\":\"http:\\\/\\\/globalattitude.org.br\\\/#website\"},\"primaryImageOfPage\":{\"@id\":\"https:\\\/\\\/globalattitude.org.br\\\/en\\\/robos-na-coletiva-ia-faz-historia-na-onu-em-genebra\\\/#primaryimage\"},\"image\":{\"@id\":\"https:\\\/\\\/globalattitude.org.br\\\/en\\\/robos-na-coletiva-ia-faz-historia-na-onu-em-genebra\\\/#primaryimage\"},\"thumbnailUrl\":\"http:\\\/\\\/globalattitude.org.br\\\/wp-content\\\/uploads\\\/2023\\\/04\\\/Inteligencia-Artificial-e-Robos-Servindo-Homem.jpg\",\"datePublished\":\"2023-04-28T12:00:07+00:00\",\"description\":\"O AI for Good Global Summit \u00e9 a plataforma das Na\u00e7\u00f5es Unidas que promove a Intelig\u00eancia Artificial para inclus\u00e3o digital.\",\"breadcrumb\":{\"@id\":\"https:\\\/\\\/globalattitude.org.br\\\/en\\\/robos-na-coletiva-ia-faz-historia-na-onu-em-genebra\\\/#breadcrumb\"},\"inLanguage\":\"en-US\",\"potentialAction\":[{\"@type\":\"ReadAction\",\"target\":[\"https:\\\/\\\/globalattitude.org.br\\\/en\\\/robos-na-coletiva-ia-faz-historia-na-onu-em-genebra\\\/\"]}]},{\"@type\":\"ImageObject\",\"inLanguage\":\"en-US\",\"@id\":\"https:\\\/\\\/globalattitude.org.br\\\/en\\\/robos-na-coletiva-ia-faz-historia-na-onu-em-genebra\\\/#primaryimage\",\"url\":\"http:\\\/\\\/globalattitude.org.br\\\/wp-content\\\/uploads\\\/2023\\\/04\\\/Inteligencia-Artificial-e-Robos-Servindo-Homem.jpg\",\"contentUrl\":\"http:\\\/\\\/globalattitude.org.br\\\/wp-content\\\/uploads\\\/2023\\\/04\\\/Inteligencia-Artificial-e-Robos-Servindo-Homem.jpg\"},{\"@type\":\"BreadcrumbList\",\"@id\":\"https:\\\/\\\/globalattitude.org.br\\\/en\\\/robos-na-coletiva-ia-faz-historia-na-onu-em-genebra\\\/#breadcrumb\",\"itemListElement\":[{\"@type\":\"ListItem\",\"position\":1,\"name\":\"In\u00edcio\",\"item\":\"https:\\\/\\\/globalattitude.org.br\\\/en\\\/\"},{\"@type\":\"ListItem\",\"position\":2,\"name\":\"Rob\u00f4s na coletiva: IA faz hist\u00f3ria na ONU, em Genebra\"}]},{\"@type\":\"WebSite\",\"@id\":\"http:\\\/\\\/globalattitude.org.br\\\/#website\",\"url\":\"http:\\\/\\\/globalattitude.org.br\\\/\",\"name\":\"Instituto Global Attitude\",\"description\":\"\",\"publisher\":{\"@id\":\"http:\\\/\\\/globalattitude.org.br\\\/#organization\"},\"potentialAction\":[{\"@type\":\"SearchAction\",\"target\":{\"@type\":\"EntryPoint\",\"urlTemplate\":\"http:\\\/\\\/globalattitude.org.br\\\/?s={search_term_string}\"},\"query-input\":{\"@type\":\"PropertyValueSpecification\",\"valueRequired\":true,\"valueName\":\"search_term_string\"}}],\"inLanguage\":\"en-US\"},{\"@type\":\"Organization\",\"@id\":\"http:\\\/\\\/globalattitude.org.br\\\/#organization\",\"name\":\"Instituto Global Attitude\",\"url\":\"http:\\\/\\\/globalattitude.org.br\\\/\",\"logo\":{\"@type\":\"ImageObject\",\"inLanguage\":\"en-US\",\"@id\":\"http:\\\/\\\/globalattitude.org.br\\\/#\\\/schema\\\/logo\\\/image\\\/\",\"url\":\"https:\\\/\\\/globalattitude.org.br\\\/wp-content\\\/uploads\\\/2023\\\/01\\\/instituto-global-attitude-color.png\",\"contentUrl\":\"https:\\\/\\\/globalattitude.org.br\\\/wp-content\\\/uploads\\\/2023\\\/01\\\/instituto-global-attitude-color.png\",\"width\":300,\"height\":131,\"caption\":\"Instituto Global Attitude\"},\"image\":{\"@id\":\"http:\\\/\\\/globalattitude.org.br\\\/#\\\/schema\\\/logo\\\/image\\\/\"},\"sameAs\":[\"https:\\\/\\\/www.facebook.com\\\/global.attitude.org\\\/\",\"https:\\\/\\\/x.com\\\/global_attitude\",\"https:\\\/\\\/www.instagram.com\\\/globalattitude\",\"https:\\\/\\\/www.linkedin.com\\\/company\\\/global-attitude\\\/?viewAsMember=true\"]},{\"@type\":\"Person\",\"@id\":\"http:\\\/\\\/globalattitude.org.br\\\/#\\\/schema\\\/person\\\/d2d0edb26129b7407b05aa493af63725\",\"name\":\"comunicacao\",\"image\":{\"@type\":\"ImageObject\",\"inLanguage\":\"en-US\",\"@id\":\"https:\\\/\\\/secure.gravatar.com\\\/avatar\\\/a25dbef6d352d1355e632d9629c19165ddb3e176cbcb21ee573e3d96d011d16b?s=96&d=mm&r=g\",\"url\":\"https:\\\/\\\/secure.gravatar.com\\\/avatar\\\/a25dbef6d352d1355e632d9629c19165ddb3e176cbcb21ee573e3d96d011d16b?s=96&d=mm&r=g\",\"contentUrl\":\"https:\\\/\\\/secure.gravatar.com\\\/avatar\\\/a25dbef6d352d1355e632d9629c19165ddb3e176cbcb21ee573e3d96d011d16b?s=96&d=mm&r=g\",\"caption\":\"comunicacao\"},\"url\":\"https:\\\/\\\/globalattitude.org.br\\\/en\\\/author\\\/comunicacao\\\/\"}]}<\/script>\n<!-- \/ Yoast SEO plugin. -->","yoast_head_json":{"title":"Rob\u00f4s na coletiva: IA faz hist\u00f3ria na ONU, em Genebra","description":"O AI for Good Global Summit \u00e9 a plataforma das Na\u00e7\u00f5es Unidas que promove a Intelig\u00eancia Artificial para inclus\u00e3o digital.","robots":{"index":"index","follow":"follow","max-snippet":"max-snippet:-1","max-image-preview":"max-image-preview:large","max-video-preview":"max-video-preview:-1"},"canonical":"https:\/\/globalattitude.org.br\/en\/robos-na-coletiva-ia-faz-historia-na-onu-em-genebra\/","og_locale":"en_US","og_type":"article","og_title":"Rob\u00f4s na coletiva: IA faz hist\u00f3ria na ONU, em Genebra","og_description":"O AI for Good Global Summit \u00e9 a plataforma das Na\u00e7\u00f5es Unidas que promove a Intelig\u00eancia Artificial para inclus\u00e3o digital.","og_url":"https:\/\/globalattitude.org.br\/en\/robos-na-coletiva-ia-faz-historia-na-onu-em-genebra\/","og_site_name":"Instituto Global Attitude","article_publisher":"https:\/\/www.facebook.com\/global.attitude.org\/","article_published_time":"2023-04-28T12:00:07+00:00","og_image":[{"url":"http:\/\/globalattitude.org.br\/wp-content\/uploads\/2023\/04\/Inteligencia-Artificial-e-Robos-Servindo-Homem.jpg","type":"","width":"","height":""}],"author":"comunicacao","twitter_card":"summary_large_image","twitter_creator":"@global_attitude","twitter_site":"@global_attitude","twitter_misc":{"Written by":"comunicacao","Est. reading time":"4 minutes"},"schema":{"@context":"https:\/\/schema.org","@graph":[{"@type":["Article","BlogPosting"],"@id":"https:\/\/globalattitude.org.br\/en\/robos-na-coletiva-ia-faz-historia-na-onu-em-genebra\/#article","isPartOf":{"@id":"https:\/\/globalattitude.org.br\/en\/robos-na-coletiva-ia-faz-historia-na-onu-em-genebra\/"},"author":{"name":"comunicacao","@id":"http:\/\/globalattitude.org.br\/#\/schema\/person\/d2d0edb26129b7407b05aa493af63725"},"headline":"Rob\u00f4s na coletiva: IA faz hist\u00f3ria na ONU, em Genebra","datePublished":"2023-04-28T12:00:07+00:00","mainEntityOfPage":{"@id":"https:\/\/globalattitude.org.br\/en\/robos-na-coletiva-ia-faz-historia-na-onu-em-genebra\/"},"wordCount":596,"commentCount":0,"publisher":{"@id":"http:\/\/globalattitude.org.br\/#organization"},"image":{"@id":"https:\/\/globalattitude.org.br\/en\/robos-na-coletiva-ia-faz-historia-na-onu-em-genebra\/#primaryimage"},"thumbnailUrl":"http:\/\/globalattitude.org.br\/wp-content\/uploads\/2023\/04\/Inteligencia-Artificial-e-Robos-Servindo-Homem.jpg","keywords":["IA","Intelig\u00eancia Artificial","Rob\u00f4s"],"articleSection":["Internacional"],"inLanguage":"en-US","potentialAction":[{"@type":"CommentAction","name":"Comment","target":["https:\/\/globalattitude.org.br\/en\/robos-na-coletiva-ia-faz-historia-na-onu-em-genebra\/#respond"]}]},{"@type":"WebPage","@id":"https:\/\/globalattitude.org.br\/en\/robos-na-coletiva-ia-faz-historia-na-onu-em-genebra\/","url":"https:\/\/globalattitude.org.br\/en\/robos-na-coletiva-ia-faz-historia-na-onu-em-genebra\/","name":"Rob\u00f4s na coletiva: IA faz hist\u00f3ria na ONU, em Genebra","isPartOf":{"@id":"http:\/\/globalattitude.org.br\/#website"},"primaryImageOfPage":{"@id":"https:\/\/globalattitude.org.br\/en\/robos-na-coletiva-ia-faz-historia-na-onu-em-genebra\/#primaryimage"},"image":{"@id":"https:\/\/globalattitude.org.br\/en\/robos-na-coletiva-ia-faz-historia-na-onu-em-genebra\/#primaryimage"},"thumbnailUrl":"http:\/\/globalattitude.org.br\/wp-content\/uploads\/2023\/04\/Inteligencia-Artificial-e-Robos-Servindo-Homem.jpg","datePublished":"2023-04-28T12:00:07+00:00","description":"O AI for Good Global Summit \u00e9 a plataforma das Na\u00e7\u00f5es Unidas que promove a Intelig\u00eancia Artificial para inclus\u00e3o digital.","breadcrumb":{"@id":"https:\/\/globalattitude.org.br\/en\/robos-na-coletiva-ia-faz-historia-na-onu-em-genebra\/#breadcrumb"},"inLanguage":"en-US","potentialAction":[{"@type":"ReadAction","target":["https:\/\/globalattitude.org.br\/en\/robos-na-coletiva-ia-faz-historia-na-onu-em-genebra\/"]}]},{"@type":"ImageObject","inLanguage":"en-US","@id":"https:\/\/globalattitude.org.br\/en\/robos-na-coletiva-ia-faz-historia-na-onu-em-genebra\/#primaryimage","url":"http:\/\/globalattitude.org.br\/wp-content\/uploads\/2023\/04\/Inteligencia-Artificial-e-Robos-Servindo-Homem.jpg","contentUrl":"http:\/\/globalattitude.org.br\/wp-content\/uploads\/2023\/04\/Inteligencia-Artificial-e-Robos-Servindo-Homem.jpg"},{"@type":"BreadcrumbList","@id":"https:\/\/globalattitude.org.br\/en\/robos-na-coletiva-ia-faz-historia-na-onu-em-genebra\/#breadcrumb","itemListElement":[{"@type":"ListItem","position":1,"name":"In\u00edcio","item":"https:\/\/globalattitude.org.br\/en\/"},{"@type":"ListItem","position":2,"name":"Rob\u00f4s na coletiva: IA faz hist\u00f3ria na ONU, em Genebra"}]},{"@type":"WebSite","@id":"http:\/\/globalattitude.org.br\/#website","url":"http:\/\/globalattitude.org.br\/","name":"Instituto Global Attitude","description":"","publisher":{"@id":"http:\/\/globalattitude.org.br\/#organization"},"potentialAction":[{"@type":"SearchAction","target":{"@type":"EntryPoint","urlTemplate":"http:\/\/globalattitude.org.br\/?s={search_term_string}"},"query-input":{"@type":"PropertyValueSpecification","valueRequired":true,"valueName":"search_term_string"}}],"inLanguage":"en-US"},{"@type":"Organization","@id":"http:\/\/globalattitude.org.br\/#organization","name":"Instituto Global Attitude","url":"http:\/\/globalattitude.org.br\/","logo":{"@type":"ImageObject","inLanguage":"en-US","@id":"http:\/\/globalattitude.org.br\/#\/schema\/logo\/image\/","url":"https:\/\/globalattitude.org.br\/wp-content\/uploads\/2023\/01\/instituto-global-attitude-color.png","contentUrl":"https:\/\/globalattitude.org.br\/wp-content\/uploads\/2023\/01\/instituto-global-attitude-color.png","width":300,"height":131,"caption":"Instituto Global Attitude"},"image":{"@id":"http:\/\/globalattitude.org.br\/#\/schema\/logo\/image\/"},"sameAs":["https:\/\/www.facebook.com\/global.attitude.org\/","https:\/\/x.com\/global_attitude","https:\/\/www.instagram.com\/globalattitude","https:\/\/www.linkedin.com\/company\/global-attitude\/?viewAsMember=true"]},{"@type":"Person","@id":"http:\/\/globalattitude.org.br\/#\/schema\/person\/d2d0edb26129b7407b05aa493af63725","name":"comunicacao","image":{"@type":"ImageObject","inLanguage":"en-US","@id":"https:\/\/secure.gravatar.com\/avatar\/a25dbef6d352d1355e632d9629c19165ddb3e176cbcb21ee573e3d96d011d16b?s=96&d=mm&r=g","url":"https:\/\/secure.gravatar.com\/avatar\/a25dbef6d352d1355e632d9629c19165ddb3e176cbcb21ee573e3d96d011d16b?s=96&d=mm&r=g","contentUrl":"https:\/\/secure.gravatar.com\/avatar\/a25dbef6d352d1355e632d9629c19165ddb3e176cbcb21ee573e3d96d011d16b?s=96&d=mm&r=g","caption":"comunicacao"},"url":"https:\/\/globalattitude.org.br\/en\/author\/comunicacao\/"}]}},"_links":{"self":[{"href":"https:\/\/globalattitude.org.br\/en\/wp-json\/wp\/v2\/posts\/3694","targetHints":{"allow":["GET"]}}],"collection":[{"href":"https:\/\/globalattitude.org.br\/en\/wp-json\/wp\/v2\/posts"}],"about":[{"href":"https:\/\/globalattitude.org.br\/en\/wp-json\/wp\/v2\/types\/post"}],"author":[{"embeddable":true,"href":"https:\/\/globalattitude.org.br\/en\/wp-json\/wp\/v2\/users\/4"}],"replies":[{"embeddable":true,"href":"https:\/\/globalattitude.org.br\/en\/wp-json\/wp\/v2\/comments?post=3694"}],"version-history":[{"count":8,"href":"https:\/\/globalattitude.org.br\/en\/wp-json\/wp\/v2\/posts\/3694\/revisions"}],"predecessor-version":[{"id":3704,"href":"https:\/\/globalattitude.org.br\/en\/wp-json\/wp\/v2\/posts\/3694\/revisions\/3704"}],"wp:attachment":[{"href":"https:\/\/globalattitude.org.br\/en\/wp-json\/wp\/v2\/media?parent=3694"}],"wp:term":[{"taxonomy":"category","embeddable":true,"href":"https:\/\/globalattitude.org.br\/en\/wp-json\/wp\/v2\/categories?post=3694"},{"taxonomy":"post_tag","embeddable":true,"href":"https:\/\/globalattitude.org.br\/en\/wp-json\/wp\/v2\/tags?post=3694"}],"curies":[{"name":"wp","href":"https:\/\/api.w.org\/{rel}","templated":true}]}}