{"id":542,"date":"2019-07-31T16:01:46","date_gmt":"2019-07-31T19:01:46","guid":{"rendered":"https:\/\/globalattitude.org.br\/diretor-do-global-attitude-participa-de-primeira-reuniao-de-estrategias-do-conjuve-2\/"},"modified":"2023-03-10T09:51:58","modified_gmt":"2023-03-10T12:51:58","slug":"diretor-do-global-attitude-participa-de-primeira-reuniao-de-estrategias-do-conjuve-2","status":"publish","type":"post","link":"https:\/\/globalattitude.org.br\/en\/diretor-do-global-attitude-participa-de-primeira-reuniao-de-estrategias-do-conjuve-2\/","title":{"rendered":"Diretor do Global Attitude participa de primeira reuni\u00e3o de estrat\u00e9gias do Conjuve"},"content":{"rendered":"\n<p>Nesta \u00faltima ter\u00e7a-feira (21), o Conselho Nacional de Juventude (Conjuve) realizou sua\u00a0<a href=\"http:\/\/juventude.gov.br\/juventude\/noticias\/conjuve-promoveu-a-primeira-reuniao-de-sua-mesa-ampliada#.Whxhe7Q-fVr\">primeira reuni\u00e3o de Mesa Ampliada<\/a>, composta pela Mesa Diretora e pelos presidentes das comiss\u00f5es, em Bras\u00edlia, para estabelecer t\u00e9cnicas de planejamento, definir miss\u00e3o, vis\u00e3o e prioridades do Conselho e dar um pontap\u00e9 inicial nos projetos definidos para 2018.<\/p>\n\n\n\n<p><a href=\"http:\/\/diplomaciacivil.org.br\/instituto-global-attitude-eleito-para-conselho-nacional-da-juventude\/\">Eleito para um mandato de dois anos<\/a>\u00a0como presidente da Comiss\u00e3o de Rela\u00e7\u00f5es Internacionais, o Diretor Executivo do Instituto Global Attitude, Rodrigo Reis, fez parte da reuni\u00e3o, ao lado do presidente do Conjuve, Anderson Pavin Neto, o vice-presidente, Marcus Bar\u00e3o, o secret\u00e1rio-executivo, Saulo Spinelly, e os presidentes das demais comiss\u00f5es: Jessica Ohana (Articula\u00e7\u00e3o e Di\u00e1logo), Camila Ribeiro (Comunica\u00e7\u00e3o), Maria das Neves (Programas e Pol\u00edticas), Misael Rocha (Parlamento), Ne\u00edlson Marques (Sinajuve) e Desire Queiroz (Relatora \u2013 Empreendedorismo e Inova\u00e7\u00e3o).<\/p>\n\n\n\n<p>\u201cEsta reuni\u00e3o \u00e9 um evento que d\u00e1 base a todo o planejamento e estrat\u00e9gias do Conjuve e aos pr\u00f3ximos passos. A Comiss\u00e3o de Assuntos Internacionais j\u00e1 tem um plano de trabalho desenvolvido e estamos em processo de aprova\u00e7\u00e3o para lan\u00e7\u00e1-lo\u201d, conta Rodrigo.<\/p>\n\n\n\n<figure class=\"wp-block-image\"><img fetchpriority=\"high\" decoding=\"async\" class=\"alignnone wp-image-31\" src=\"http:\/\/globalattitude.org.br\/blog\/wp-content\/uploads\/2019\/07\/WhatsApp-Image-2017-11-27-at-16.44.00-1-768x432.jpeg\" alt=\"estrat\u00e9gias do Conjuve\" width=\"768\" height=\"432\" \/>\n<figcaption><em>Presidentes das comiss\u00f5es e Mesa Diretora trabalham em Plano de Estrat\u00e9gias. Foto: Arquivo pessoal.<\/em><\/figcaption>\n<\/figure>\n\n\n\n<p>O encontro promoveu uma Oficina de Planejamento Estrat\u00e9gico que, al\u00e9m de analisar a situa\u00e7\u00e3o do Conselho, serviu como forma\u00e7\u00e3o\u00a0e exerc\u00edcio para definir os Planos de Trabalho de todas as comiss\u00f5es. Ainda na pauta da reuni\u00e3o,\u00a0a Mesa Diretora promoveu\u00a0o lan\u00e7amento\u00a0de uma campanha de mapeamento, fortalecimento e amplia\u00e7\u00e3o dos Conselhos Estaduais e Municipais, denominado Conselhos em Rede.\u00a0A campanha permitir\u00e1 a elabora\u00e7\u00e3o de\u00a0estrat\u00e9gias para capacitar os Conselheiros na atua\u00e7\u00e3o em suas\u00a0respectivas regi\u00f5es junto aos poderes executivo e legislativo estaduais e municipais, disseminando a relev\u00e2ncia e orientando, mobilizando e promovendo a cria\u00e7\u00e3o dos Conselhos em todos os entes da federa\u00e7\u00e3o.<\/p>\n\n\n\n<p>Em entrevista \u00e0 Secretaria Nacional de Juventude, o presidente do Conjuve, Anderson Neto, destacou que a reuni\u00e3o \u201cfoi mais uma grande demonstra\u00e7\u00e3o da qualidade dos quadros que temos no Conjuve e mais uma prova do poder que a uni\u00e3o das nossas for\u00e7as tem de levar esse Conselho a cumprir a sua miss\u00e3o com excel\u00eancia e efetividade\u201d.<\/p>\n\n\n\n<figure class=\"wp-block-image\"><img decoding=\"async\" class=\"alignnone wp-image-32\" src=\"http:\/\/globalattitude.org.br\/blog\/wp-content\/uploads\/2019\/07\/IMG-20171121-WA0033-768x468.jpg\" alt=\"estrat\u00e9gias do Conjuve\" width=\"768\" height=\"468\" \/>\n<figcaption><em>Participantes da Mesa Ampliada. Foto: Arquivo pessoal.<\/em><\/figcaption>\n<\/figure>\n\n\n\n<p>Criado em 2005, o Conselho d\u00e1 voz \u00e0 realidade da juventude no Brasil, propondo diretrizes voltadas a pol\u00edticas p\u00fablicas e desenvolvendo\u00a0estudos e pesquisas sobre a realidade socioecon\u00f4mica desta gera\u00e7\u00e3o.\u00a0O Conjuve \u00e9 composto por 1\/3 de representantes do poder p\u00fablico e 2\/3 da sociedade civil,\u00a0totalizando 60 membros.<\/p>\n\n\n\n<p>A pr\u00f3xima reuni\u00e3o est\u00e1 marcada para o in\u00edcio de fevereiro e dar\u00e1 prosseguimento aos projetos e estrat\u00e9gias do Conjuve aperfei\u00e7oados desde a primeira Mesa.<\/p>\n","protected":false},"excerpt":{"rendered":"<p>Nesta \u00faltima ter\u00e7a-feira (21), o Conselho Nacional de Juventude (Conjuve) realizou sua\u00a0primeira reuni\u00e3o de Mesa Ampliada, composta pela Mesa Diretora e pelos presidentes das comiss\u00f5es, em Bras\u00edlia, para estabelecer t\u00e9cnicas de planejamento, definir miss\u00e3o, vis\u00e3o e prioridades do Conselho e dar um pontap\u00e9 inicial nos projetos definidos para 2018. Eleito para um mandato de dois [&hellip;]<\/p>\n","protected":false},"author":3,"featured_media":543,"comment_status":"open","ping_status":"open","sticky":false,"template":"","format":"standard","meta":{"_acf_changed":false,"om_disable_all_campaigns":false,"_monsterinsights_skip_tracking":false,"_monsterinsights_sitenote_active":false,"_monsterinsights_sitenote_note":"","_monsterinsights_sitenote_category":0,"_uf_show_specific_survey":0,"_uf_disable_surveys":false,"footnotes":""},"categories":[2,3],"tags":[8,9,4,10,11],"class_list":["post-542","post","type-post","status-publish","format-standard","hentry","category-iga","category-sem-categoria","tag-brasil","tag-conjuve","tag-instituto-global-attitude","tag-juventude","tag-secretaria-nacional-de-juventude"],"acf":[],"aioseo_notices":[],"yoast_head":"<!-- This site is optimized with the Yoast SEO plugin v27.5 - https:\/\/yoast.com\/product\/yoast-seo-wordpress\/ -->\n<title>Estrat\u00e9gias do Conjuve - Diretor da Global Attitude participa da reuni\u00e3o<\/title>\n<meta name=\"description\" content=\"Estrat\u00e9gias do Conjuve - Diretor da Global Attitude participa da reuni\u00e3o de planejamento e estrat\u00e9gias do Conjuve ... Saiba Mais\" \/>\n<meta name=\"robots\" content=\"index, follow, max-snippet:-1, max-image-preview:large, max-video-preview:-1\" \/>\n<link rel=\"canonical\" href=\"https:\/\/globalattitude.org.br\/diretor-do-global-attitude-participa-de-primeira-reuniao-de-estrategias-do-conjuve-2\/\" \/>\n<meta property=\"og:locale\" content=\"en_US\" \/>\n<meta property=\"og:type\" content=\"article\" \/>\n<meta property=\"og:title\" content=\"Estrat\u00e9gias do Conjuve - Diretor da Global Attitude participa da reuni\u00e3o\" \/>\n<meta property=\"og:description\" content=\"Estrat\u00e9gias do Conjuve - Diretor da Global Attitude participa da reuni\u00e3o de planejamento e estrat\u00e9gias do Conjuve ... Saiba Mais\" \/>\n<meta property=\"og:url\" content=\"https:\/\/globalattitude.org.br\/diretor-do-global-attitude-participa-de-primeira-reuniao-de-estrategias-do-conjuve-2\/\" \/>\n<meta property=\"og:site_name\" content=\"Instituto Global Attitude\" \/>\n<meta property=\"article:publisher\" content=\"https:\/\/www.facebook.com\/global.attitude.org\/\" \/>\n<meta property=\"article:published_time\" content=\"2019-07-31T19:01:46+00:00\" \/>\n<meta property=\"article:modified_time\" content=\"2023-03-10T12:51:58+00:00\" \/>\n<meta property=\"og:image\" content=\"https:\/\/globalattitude.org.br\/wp-content\/uploads\/2023\/03\/Imagens-blog-1400x750px-5-1200x643.png\" \/>\n\t<meta property=\"og:image:width\" content=\"1400\" \/>\n\t<meta property=\"og:image:height\" content=\"750\" \/>\n\t<meta property=\"og:image:type\" content=\"image\/png\" \/>\n<meta name=\"author\" content=\"rodrigo\" \/>\n<meta name=\"twitter:card\" content=\"summary_large_image\" \/>\n<meta name=\"twitter:creator\" content=\"@global_attitude\" \/>\n<meta name=\"twitter:site\" content=\"@global_attitude\" \/>\n<meta name=\"twitter:label1\" content=\"Written by\" \/>\n\t<meta name=\"twitter:data1\" content=\"rodrigo\" \/>\n\t<meta name=\"twitter:label2\" content=\"Est. reading time\" \/>\n\t<meta name=\"twitter:data2\" content=\"2 minutes\" \/>\n<script type=\"application\/ld+json\" class=\"yoast-schema-graph\">{\"@context\":\"https:\\\/\\\/schema.org\",\"@graph\":[{\"@type\":[\"Article\",\"BlogPosting\"],\"@id\":\"https:\\\/\\\/globalattitude.org.br\\\/diretor-do-global-attitude-participa-de-primeira-reuniao-de-estrategias-do-conjuve-2\\\/#article\",\"isPartOf\":{\"@id\":\"https:\\\/\\\/globalattitude.org.br\\\/diretor-do-global-attitude-participa-de-primeira-reuniao-de-estrategias-do-conjuve-2\\\/\"},\"author\":{\"name\":\"rodrigo\",\"@id\":\"http:\\\/\\\/globalattitude.org.br\\\/#\\\/schema\\\/person\\\/c0db5efc16133ab28ea2d64fc19667e5\"},\"headline\":\"Diretor do Global Attitude participa de primeira reuni\u00e3o de estrat\u00e9gias do Conjuve\",\"datePublished\":\"2019-07-31T19:01:46+00:00\",\"dateModified\":\"2023-03-10T12:51:58+00:00\",\"mainEntityOfPage\":{\"@id\":\"https:\\\/\\\/globalattitude.org.br\\\/diretor-do-global-attitude-participa-de-primeira-reuniao-de-estrategias-do-conjuve-2\\\/\"},\"wordCount\":485,\"commentCount\":0,\"publisher\":{\"@id\":\"http:\\\/\\\/globalattitude.org.br\\\/#organization\"},\"image\":{\"@id\":\"https:\\\/\\\/globalattitude.org.br\\\/diretor-do-global-attitude-participa-de-primeira-reuniao-de-estrategias-do-conjuve-2\\\/#primaryimage\"},\"thumbnailUrl\":\"https:\\\/\\\/globalattitude.org.br\\\/wp-content\\\/uploads\\\/2023\\\/03\\\/Imagens-blog-1400x750px-5-1200x643.png\",\"keywords\":[\"Brasil\",\"Conjuve\",\"Instituto Global Attitude\",\"juventude\",\"Secretaria Nacional de Juventude\"],\"articleSection\":[\"IGA\",\"Sem categoria\"],\"inLanguage\":\"en-US\",\"potentialAction\":[{\"@type\":\"CommentAction\",\"name\":\"Comment\",\"target\":[\"https:\\\/\\\/globalattitude.org.br\\\/diretor-do-global-attitude-participa-de-primeira-reuniao-de-estrategias-do-conjuve-2\\\/#respond\"]}]},{\"@type\":\"WebPage\",\"@id\":\"https:\\\/\\\/globalattitude.org.br\\\/diretor-do-global-attitude-participa-de-primeira-reuniao-de-estrategias-do-conjuve-2\\\/\",\"url\":\"https:\\\/\\\/globalattitude.org.br\\\/diretor-do-global-attitude-participa-de-primeira-reuniao-de-estrategias-do-conjuve-2\\\/\",\"name\":\"Estrat\u00e9gias do Conjuve - Diretor da Global Attitude participa da reuni\u00e3o\",\"isPartOf\":{\"@id\":\"http:\\\/\\\/globalattitude.org.br\\\/#website\"},\"primaryImageOfPage\":{\"@id\":\"https:\\\/\\\/globalattitude.org.br\\\/diretor-do-global-attitude-participa-de-primeira-reuniao-de-estrategias-do-conjuve-2\\\/#primaryimage\"},\"image\":{\"@id\":\"https:\\\/\\\/globalattitude.org.br\\\/diretor-do-global-attitude-participa-de-primeira-reuniao-de-estrategias-do-conjuve-2\\\/#primaryimage\"},\"thumbnailUrl\":\"https:\\\/\\\/globalattitude.org.br\\\/wp-content\\\/uploads\\\/2023\\\/03\\\/Imagens-blog-1400x750px-5-1200x643.png\",\"datePublished\":\"2019-07-31T19:01:46+00:00\",\"dateModified\":\"2023-03-10T12:51:58+00:00\",\"description\":\"Estrat\u00e9gias do Conjuve - Diretor da Global Attitude participa da reuni\u00e3o de planejamento e estrat\u00e9gias do Conjuve ... Saiba Mais\",\"breadcrumb\":{\"@id\":\"https:\\\/\\\/globalattitude.org.br\\\/diretor-do-global-attitude-participa-de-primeira-reuniao-de-estrategias-do-conjuve-2\\\/#breadcrumb\"},\"inLanguage\":\"en-US\",\"potentialAction\":[{\"@type\":\"ReadAction\",\"target\":[\"https:\\\/\\\/globalattitude.org.br\\\/diretor-do-global-attitude-participa-de-primeira-reuniao-de-estrategias-do-conjuve-2\\\/\"]}]},{\"@type\":\"ImageObject\",\"inLanguage\":\"en-US\",\"@id\":\"https:\\\/\\\/globalattitude.org.br\\\/diretor-do-global-attitude-participa-de-primeira-reuniao-de-estrategias-do-conjuve-2\\\/#primaryimage\",\"url\":\"https:\\\/\\\/globalattitude.org.br\\\/wp-content\\\/uploads\\\/2023\\\/03\\\/Imagens-blog-1400x750px-5-1200x643.png\",\"contentUrl\":\"https:\\\/\\\/globalattitude.org.br\\\/wp-content\\\/uploads\\\/2023\\\/03\\\/Imagens-blog-1400x750px-5-1200x643.png\",\"width\":1400,\"height\":750},{\"@type\":\"BreadcrumbList\",\"@id\":\"https:\\\/\\\/globalattitude.org.br\\\/diretor-do-global-attitude-participa-de-primeira-reuniao-de-estrategias-do-conjuve-2\\\/#breadcrumb\",\"itemListElement\":[{\"@type\":\"ListItem\",\"position\":1,\"name\":\"In\u00edcio\",\"item\":\"https:\\\/\\\/globalattitude.org.br\\\/en\\\/\"},{\"@type\":\"ListItem\",\"position\":2,\"name\":\"Diretor do Global Attitude participa de primeira reuni\u00e3o de estrat\u00e9gias do Conjuve\"}]},{\"@type\":\"WebSite\",\"@id\":\"http:\\\/\\\/globalattitude.org.br\\\/#website\",\"url\":\"http:\\\/\\\/globalattitude.org.br\\\/\",\"name\":\"Instituto Global Attitude\",\"description\":\"\",\"publisher\":{\"@id\":\"http:\\\/\\\/globalattitude.org.br\\\/#organization\"},\"potentialAction\":[{\"@type\":\"SearchAction\",\"target\":{\"@type\":\"EntryPoint\",\"urlTemplate\":\"http:\\\/\\\/globalattitude.org.br\\\/?s={search_term_string}\"},\"query-input\":{\"@type\":\"PropertyValueSpecification\",\"valueRequired\":true,\"valueName\":\"search_term_string\"}}],\"inLanguage\":\"en-US\"},{\"@type\":\"Organization\",\"@id\":\"http:\\\/\\\/globalattitude.org.br\\\/#organization\",\"name\":\"Instituto Global Attitude\",\"url\":\"http:\\\/\\\/globalattitude.org.br\\\/\",\"logo\":{\"@type\":\"ImageObject\",\"inLanguage\":\"en-US\",\"@id\":\"http:\\\/\\\/globalattitude.org.br\\\/#\\\/schema\\\/logo\\\/image\\\/\",\"url\":\"https:\\\/\\\/globalattitude.org.br\\\/wp-content\\\/uploads\\\/2023\\\/01\\\/instituto-global-attitude-color.png\",\"contentUrl\":\"https:\\\/\\\/globalattitude.org.br\\\/wp-content\\\/uploads\\\/2023\\\/01\\\/instituto-global-attitude-color.png\",\"width\":300,\"height\":131,\"caption\":\"Instituto Global Attitude\"},\"image\":{\"@id\":\"http:\\\/\\\/globalattitude.org.br\\\/#\\\/schema\\\/logo\\\/image\\\/\"},\"sameAs\":[\"https:\\\/\\\/www.facebook.com\\\/global.attitude.org\\\/\",\"https:\\\/\\\/x.com\\\/global_attitude\",\"https:\\\/\\\/www.instagram.com\\\/globalattitude\",\"https:\\\/\\\/www.linkedin.com\\\/company\\\/global-attitude\\\/?viewAsMember=true\"]},{\"@type\":\"Person\",\"@id\":\"http:\\\/\\\/globalattitude.org.br\\\/#\\\/schema\\\/person\\\/c0db5efc16133ab28ea2d64fc19667e5\",\"name\":\"rodrigo\",\"image\":{\"@type\":\"ImageObject\",\"inLanguage\":\"en-US\",\"@id\":\"https:\\\/\\\/secure.gravatar.com\\\/avatar\\\/1c1599db13943f3289fb3206e5aaf9560b644e4aaf0b4d3a378ba91202ab9cc4?s=96&d=mm&r=g\",\"url\":\"https:\\\/\\\/secure.gravatar.com\\\/avatar\\\/1c1599db13943f3289fb3206e5aaf9560b644e4aaf0b4d3a378ba91202ab9cc4?s=96&d=mm&r=g\",\"contentUrl\":\"https:\\\/\\\/secure.gravatar.com\\\/avatar\\\/1c1599db13943f3289fb3206e5aaf9560b644e4aaf0b4d3a378ba91202ab9cc4?s=96&d=mm&r=g\",\"caption\":\"rodrigo\"},\"url\":\"https:\\\/\\\/globalattitude.org.br\\\/en\\\/author\\\/rodrigo\\\/\"}]}<\/script>\n<!-- \/ Yoast SEO plugin. -->","yoast_head_json":{"title":"Estrat\u00e9gias do Conjuve - Diretor da Global Attitude participa da reuni\u00e3o","description":"Estrat\u00e9gias do Conjuve - Diretor da Global Attitude participa da reuni\u00e3o de planejamento e estrat\u00e9gias do Conjuve ... Saiba Mais","robots":{"index":"index","follow":"follow","max-snippet":"max-snippet:-1","max-image-preview":"max-image-preview:large","max-video-preview":"max-video-preview:-1"},"canonical":"https:\/\/globalattitude.org.br\/diretor-do-global-attitude-participa-de-primeira-reuniao-de-estrategias-do-conjuve-2\/","og_locale":"en_US","og_type":"article","og_title":"Estrat\u00e9gias do Conjuve - Diretor da Global Attitude participa da reuni\u00e3o","og_description":"Estrat\u00e9gias do Conjuve - Diretor da Global Attitude participa da reuni\u00e3o de planejamento e estrat\u00e9gias do Conjuve ... Saiba Mais","og_url":"https:\/\/globalattitude.org.br\/diretor-do-global-attitude-participa-de-primeira-reuniao-de-estrategias-do-conjuve-2\/","og_site_name":"Instituto Global Attitude","article_publisher":"https:\/\/www.facebook.com\/global.attitude.org\/","article_published_time":"2019-07-31T19:01:46+00:00","article_modified_time":"2023-03-10T12:51:58+00:00","og_image":[{"width":1400,"height":750,"url":"https:\/\/globalattitude.org.br\/wp-content\/uploads\/2023\/03\/Imagens-blog-1400x750px-5-1200x643.png","type":"image\/png"}],"author":"rodrigo","twitter_card":"summary_large_image","twitter_creator":"@global_attitude","twitter_site":"@global_attitude","twitter_misc":{"Written by":"rodrigo","Est. reading time":"2 minutes"},"schema":{"@context":"https:\/\/schema.org","@graph":[{"@type":["Article","BlogPosting"],"@id":"https:\/\/globalattitude.org.br\/diretor-do-global-attitude-participa-de-primeira-reuniao-de-estrategias-do-conjuve-2\/#article","isPartOf":{"@id":"https:\/\/globalattitude.org.br\/diretor-do-global-attitude-participa-de-primeira-reuniao-de-estrategias-do-conjuve-2\/"},"author":{"name":"rodrigo","@id":"http:\/\/globalattitude.org.br\/#\/schema\/person\/c0db5efc16133ab28ea2d64fc19667e5"},"headline":"Diretor do Global Attitude participa de primeira reuni\u00e3o de estrat\u00e9gias do Conjuve","datePublished":"2019-07-31T19:01:46+00:00","dateModified":"2023-03-10T12:51:58+00:00","mainEntityOfPage":{"@id":"https:\/\/globalattitude.org.br\/diretor-do-global-attitude-participa-de-primeira-reuniao-de-estrategias-do-conjuve-2\/"},"wordCount":485,"commentCount":0,"publisher":{"@id":"http:\/\/globalattitude.org.br\/#organization"},"image":{"@id":"https:\/\/globalattitude.org.br\/diretor-do-global-attitude-participa-de-primeira-reuniao-de-estrategias-do-conjuve-2\/#primaryimage"},"thumbnailUrl":"https:\/\/globalattitude.org.br\/wp-content\/uploads\/2023\/03\/Imagens-blog-1400x750px-5-1200x643.png","keywords":["Brasil","Conjuve","Instituto Global Attitude","juventude","Secretaria Nacional de Juventude"],"articleSection":["IGA","Sem categoria"],"inLanguage":"en-US","potentialAction":[{"@type":"CommentAction","name":"Comment","target":["https:\/\/globalattitude.org.br\/diretor-do-global-attitude-participa-de-primeira-reuniao-de-estrategias-do-conjuve-2\/#respond"]}]},{"@type":"WebPage","@id":"https:\/\/globalattitude.org.br\/diretor-do-global-attitude-participa-de-primeira-reuniao-de-estrategias-do-conjuve-2\/","url":"https:\/\/globalattitude.org.br\/diretor-do-global-attitude-participa-de-primeira-reuniao-de-estrategias-do-conjuve-2\/","name":"Estrat\u00e9gias do Conjuve - Diretor da Global Attitude participa da reuni\u00e3o","isPartOf":{"@id":"http:\/\/globalattitude.org.br\/#website"},"primaryImageOfPage":{"@id":"https:\/\/globalattitude.org.br\/diretor-do-global-attitude-participa-de-primeira-reuniao-de-estrategias-do-conjuve-2\/#primaryimage"},"image":{"@id":"https:\/\/globalattitude.org.br\/diretor-do-global-attitude-participa-de-primeira-reuniao-de-estrategias-do-conjuve-2\/#primaryimage"},"thumbnailUrl":"https:\/\/globalattitude.org.br\/wp-content\/uploads\/2023\/03\/Imagens-blog-1400x750px-5-1200x643.png","datePublished":"2019-07-31T19:01:46+00:00","dateModified":"2023-03-10T12:51:58+00:00","description":"Estrat\u00e9gias do Conjuve - Diretor da Global Attitude participa da reuni\u00e3o de planejamento e estrat\u00e9gias do Conjuve ... Saiba Mais","breadcrumb":{"@id":"https:\/\/globalattitude.org.br\/diretor-do-global-attitude-participa-de-primeira-reuniao-de-estrategias-do-conjuve-2\/#breadcrumb"},"inLanguage":"en-US","potentialAction":[{"@type":"ReadAction","target":["https:\/\/globalattitude.org.br\/diretor-do-global-attitude-participa-de-primeira-reuniao-de-estrategias-do-conjuve-2\/"]}]},{"@type":"ImageObject","inLanguage":"en-US","@id":"https:\/\/globalattitude.org.br\/diretor-do-global-attitude-participa-de-primeira-reuniao-de-estrategias-do-conjuve-2\/#primaryimage","url":"https:\/\/globalattitude.org.br\/wp-content\/uploads\/2023\/03\/Imagens-blog-1400x750px-5-1200x643.png","contentUrl":"https:\/\/globalattitude.org.br\/wp-content\/uploads\/2023\/03\/Imagens-blog-1400x750px-5-1200x643.png","width":1400,"height":750},{"@type":"BreadcrumbList","@id":"https:\/\/globalattitude.org.br\/diretor-do-global-attitude-participa-de-primeira-reuniao-de-estrategias-do-conjuve-2\/#breadcrumb","itemListElement":[{"@type":"ListItem","position":1,"name":"In\u00edcio","item":"https:\/\/globalattitude.org.br\/en\/"},{"@type":"ListItem","position":2,"name":"Diretor do Global Attitude participa de primeira reuni\u00e3o de estrat\u00e9gias do Conjuve"}]},{"@type":"WebSite","@id":"http:\/\/globalattitude.org.br\/#website","url":"http:\/\/globalattitude.org.br\/","name":"Instituto Global Attitude","description":"","publisher":{"@id":"http:\/\/globalattitude.org.br\/#organization"},"potentialAction":[{"@type":"SearchAction","target":{"@type":"EntryPoint","urlTemplate":"http:\/\/globalattitude.org.br\/?s={search_term_string}"},"query-input":{"@type":"PropertyValueSpecification","valueRequired":true,"valueName":"search_term_string"}}],"inLanguage":"en-US"},{"@type":"Organization","@id":"http:\/\/globalattitude.org.br\/#organization","name":"Instituto Global Attitude","url":"http:\/\/globalattitude.org.br\/","logo":{"@type":"ImageObject","inLanguage":"en-US","@id":"http:\/\/globalattitude.org.br\/#\/schema\/logo\/image\/","url":"https:\/\/globalattitude.org.br\/wp-content\/uploads\/2023\/01\/instituto-global-attitude-color.png","contentUrl":"https:\/\/globalattitude.org.br\/wp-content\/uploads\/2023\/01\/instituto-global-attitude-color.png","width":300,"height":131,"caption":"Instituto Global Attitude"},"image":{"@id":"http:\/\/globalattitude.org.br\/#\/schema\/logo\/image\/"},"sameAs":["https:\/\/www.facebook.com\/global.attitude.org\/","https:\/\/x.com\/global_attitude","https:\/\/www.instagram.com\/globalattitude","https:\/\/www.linkedin.com\/company\/global-attitude\/?viewAsMember=true"]},{"@type":"Person","@id":"http:\/\/globalattitude.org.br\/#\/schema\/person\/c0db5efc16133ab28ea2d64fc19667e5","name":"rodrigo","image":{"@type":"ImageObject","inLanguage":"en-US","@id":"https:\/\/secure.gravatar.com\/avatar\/1c1599db13943f3289fb3206e5aaf9560b644e4aaf0b4d3a378ba91202ab9cc4?s=96&d=mm&r=g","url":"https:\/\/secure.gravatar.com\/avatar\/1c1599db13943f3289fb3206e5aaf9560b644e4aaf0b4d3a378ba91202ab9cc4?s=96&d=mm&r=g","contentUrl":"https:\/\/secure.gravatar.com\/avatar\/1c1599db13943f3289fb3206e5aaf9560b644e4aaf0b4d3a378ba91202ab9cc4?s=96&d=mm&r=g","caption":"rodrigo"},"url":"https:\/\/globalattitude.org.br\/en\/author\/rodrigo\/"}]}},"_links":{"self":[{"href":"https:\/\/globalattitude.org.br\/en\/wp-json\/wp\/v2\/posts\/542","targetHints":{"allow":["GET"]}}],"collection":[{"href":"https:\/\/globalattitude.org.br\/en\/wp-json\/wp\/v2\/posts"}],"about":[{"href":"https:\/\/globalattitude.org.br\/en\/wp-json\/wp\/v2\/types\/post"}],"author":[{"embeddable":true,"href":"https:\/\/globalattitude.org.br\/en\/wp-json\/wp\/v2\/users\/3"}],"replies":[{"embeddable":true,"href":"https:\/\/globalattitude.org.br\/en\/wp-json\/wp\/v2\/comments?post=542"}],"version-history":[{"count":1,"href":"https:\/\/globalattitude.org.br\/en\/wp-json\/wp\/v2\/posts\/542\/revisions"}],"predecessor-version":[{"id":544,"href":"https:\/\/globalattitude.org.br\/en\/wp-json\/wp\/v2\/posts\/542\/revisions\/544"}],"wp:featuredmedia":[{"embeddable":true,"href":"https:\/\/globalattitude.org.br\/en\/wp-json\/wp\/v2\/media\/543"}],"wp:attachment":[{"href":"https:\/\/globalattitude.org.br\/en\/wp-json\/wp\/v2\/media?parent=542"}],"wp:term":[{"taxonomy":"category","embeddable":true,"href":"https:\/\/globalattitude.org.br\/en\/wp-json\/wp\/v2\/categories?post=542"},{"taxonomy":"post_tag","embeddable":true,"href":"https:\/\/globalattitude.org.br\/en\/wp-json\/wp\/v2\/tags?post=542"}],"curies":[{"name":"wp","href":"https:\/\/api.w.org\/{rel}","templated":true}]}}