{"id":602,"date":"2015-03-10T16:52:00","date_gmt":"2015-03-10T19:52:00","guid":{"rendered":"https:\/\/globalattitude.org.br\/vem-ver-quem-sao-os-delegados-brasileiros-para-o-spring-meetings-e-y20-em-2015\/"},"modified":"2015-03-10T16:52:00","modified_gmt":"2015-03-10T19:52:00","slug":"vem-ver-quem-sao-os-delegados-brasileiros-para-o-spring-meetings-e-y20-em-2015","status":"publish","type":"post","link":"https:\/\/globalattitude.org.br\/en\/vem-ver-quem-sao-os-delegados-brasileiros-para-o-spring-meetings-e-y20-em-2015\/","title":{"rendered":"Vem ver quem s\u00e3o os delegados brasileiros para o Spring Meetings e Y20 em 2015"},"content":{"rendered":"<p style=\"text-align: left;\">Depois de um longo processo, cheio de gente bacana participando, temos o prazer em divulgar as delega\u00e7\u00f5es que ir\u00e3o representar o Brasil nos f\u00f3runs Spring Meetings, em Washington D.C. (EUA), e Y20, em Istambul (Turquia). Aos delegados, parab\u00e9ns por chegarem at\u00e9 aqui e que essa seja uma experi\u00eancia incr\u00edvel e enriquecedora para cada um de voc\u00eas.<\/p>\n<h3 style=\"text-align: left;\"><b><br \/>\n<b>Spring Meetings e Civil Society Policy Forum &#8211; 14 a 19\u00a0de abril\u00a0&#8211; Washington D.C.<br \/>\n<\/b><\/b><\/h3>\n<p style=\"text-align: left;\"><b>Lara Sibinelli &#8211; <\/b>Graduada em Rela\u00e7\u00f5es Internacionais pela PUC-SP. Trabalhou com consultoria de marketing durante 2 anos. Tem a tem\u00e1tica do desenvolvimento econ\u00f4mico como \u00e1rea de interesse na qual pretende se especializar, come\u00e7ando um mestrado ainda neste ano.<\/p>\n<p style=\"text-align: left;\"><b>Lu\u00edsa Cortat Simonetti Gon\u00e7alves Coutinho &#8211;\u00a0<\/b>Mestre em Direitos e Garantias Fundamentais pela Faculdade de Direito de Vit\u00f3ria &#8211; FDV. P\u00f3s-graduanda em Economia e Meio Ambiente pela UFPR. Coordenadora de Extens\u00e3o e de Rela\u00e7\u00f5es Internacionais na FDV. \u00c9 Pesquisadora e professora de Direito. J\u00e1 recebeu diversos pr\u00eamios, incluindo pr\u00eamio Massimo D\u2019Antona, conferido pela EIDOS, Associa\u00e7\u00e3o Italiana de Universidades, aos jovens estudantes de Direito com destaque em suas \u00e1reas de atua\u00e7\u00e3o. Em 2014, participou do Y20 Australia pelo programa Diplomacia Civil.<\/p>\n<p style=\"text-align: left;\"><b>Beatriz Maciel Pontes &#8211;\u00a0<\/b>Graduanda em Rela\u00e7\u00f5es Internacionais pelo Instituto Universit\u00e1rio de Pesquisa do Rio de Janeiro. Atualmente desenvolve sua tese de conclus\u00e3o de curso sobre a mudan\u00e7a de perfil da pol\u00edtica externa da R\u00fassia do s\u00e9culo XXI. Estagiou durante um ano e meio na Ger\u00eancia Regional de Apoio ao Com\u00e9rcio Exterior do Banco do Brasil, onde participou do curso de Neg\u00f3cios Internacionais, pela Universidade Corporativa da institui\u00e7\u00e3o.<\/p>\n<p style=\"text-align: left;\"><b>L\u00edvia Lopes da Concei\u00e7\u00e3o &#8211;\u00a0<\/b>Graduanda em Engenharia de Produ\u00e7\u00e3o pela PUC-Rio. Realizou projetos voltados \u00e0 \u00e1rea de empreendedorismo, consultorias ergon\u00f4micas e de higiene e seguran\u00e7a do trabalho e visitas t\u00e9cnicas a ind\u00fastrias. Tamb\u00e9m j\u00e1 atuou como fiscal da OMERJ (Olimp\u00edada de Matem\u00e1tica do Estado do Rio de Janeiro).<\/p>\n<p style=\"text-align: left;\"><b>Itali Pedroni Collini &#8211;\u00a0<\/b>Graduanda em Economia pela USP, estagi\u00e1ria em Corporate pela Standard &amp; Poor&#8217;s, gestora do <a href=\"https:\/\/www.facebook.com\/generaUSP\" target=\"_blank\" rel=\"noopener noreferrer\">N\u00facleo FEA de Pesquisa em G\u00eanero e Ra\u00e7a<\/a> e pesquisadora pelo mesmo grupo. Possui grande interesse na quest\u00e3o da inclus\u00e3o da mulher na economia, tendo escrito um artigo sobre mulheres no mercado financeiro, o qual foi aceito pelo maior congresso de contabilidade da Europa. Tamb\u00e9m possui contato com diversos grupos e institui\u00e7\u00f5es pr\u00f3 causa feminina, tendo seu nome citado na lista <a href=\"http:\/\/thinkolga.com\/2014\/12\/08\/mulheres-inspiradoras-de-2014\/\" target=\"_blank\" rel=\"noopener noreferrer\">Mulheres Inspiradoras de 2014<\/a>,\u00a0do projeto Think OLGA.<\/p>\n<p style=\"text-align: left;\"><b>Ricardo Targa Villas B\u00f4as &#8211;\u00a0<\/b>Graduado em Engenharia de Produ\u00e7\u00e3o pela USP. Trabalhou como management consultant na Monitor Group em S\u00e3o Paulo, onde se envolveu em projetos de finan\u00e7as corporativas e estrat\u00e9gias de crescimento e entrada em novos mercados. Foi aprovado no concurso de analista financeiro do Banco Central e hoje trabalha na Frente Nacional de Prefeitos, na elabora\u00e7\u00e3o do plano financeiro do III EMDS (Encontro dos Munic\u00edpios para o Desenvolvimento Sustent\u00e1vel), maior evento sobre sustentabilidade do pa\u00eds.<\/p>\n<h3 style=\"text-align: left;\"><b><b><br \/>\nY20 &#8211;\u00a015 a 21 de agosto de 2015 &#8211; Istambul<\/b><\/b><\/h3>\n<p style=\"text-align: left;\"><b>Bruno Stankevicius Bassi &#8211;\u00a0<\/b>Atual aluno de p\u00f3s-gradua\u00e7\u00e3o em Comunica\u00e7\u00e3o pela Faculdade C\u00e1sper L\u00edbero. Graduado em Rela\u00e7\u00f5es Internacionais pela FMU. Atua na \u00e1rea de promo\u00e7\u00e3o comercial para organismos governamentais. Participou do F\u00f3rum P\u00fablico 2014 da OMC pelo programa Diplomacia Civil.<\/p>\n<p style=\"text-align: left;\"><b>J<\/b><b>uliana de Faria Kenski &#8211;\u00a0<\/b>Graduada em Jornalismo pela PUC-SP. Fundadora do projeto <a title=\"Olga\" href=\"http:\/\/thinkolga.com\" target=\"_blank\" rel=\"noopener noreferrer\">OLGA<\/a>, e co-fundadora da consultoria <a href=\"http:\/\/www.thinkeva.com.br\/\" target=\"_blank\" rel=\"noopener noreferrer\">Think EVA<\/a>. Criadora da campanha <a href=\"http:\/\/thinkolga.com\/chega-de-fiu-fiu\/\" target=\"_blank\" rel=\"noopener noreferrer\">Chega de Fiu Fiu<\/a> e de um folder sobre ass\u00e9dio sexual, distribu\u00eddo \u00e0 popula\u00e7\u00e3o, em parceria com a Defensoria P\u00fablica do Estado de SP. J\u00e1 trabalhou na Veja S\u00e3o Paulo, Editora Abril, Harper&#8217;s Bazaar, ELLE Brasil e MT Performance. Foi eleita uma das 8 mulheres inspiradoras do mundo, pela Clinton Foundation e Cosmopolitan US, e uma das 24 pessoas mais influentes da internet brasileira em 2014, pelo YouPIX.<\/p>\n<p style=\"text-align: left;\"><b>Boris Perius Zabolotsky &#8211;\u00a0<\/b>Graduando em Rela\u00e7\u00f5es Internacionais pela UFSM e bolsista da Secretaria de Apoio Internacional da mesma institui\u00e7\u00e3o. Trabalhou como analista de exporta\u00e7\u00e3o para o Leste Europeu e \u00c1sia Central na Stara S\/A Ind\u00fastria de Implementos Agr\u00edcolas. Tamb\u00e9m representou o Brasil no IV Congresso Mundial de Compatriotas e descendentes russos que vivem no exterior, em S\u00e3o Petersburgo (R\u00fassia), e foi voluntario na Copa do Mundo da FIFA 2014.<\/p>\n<p style=\"text-align: left;\"><b>Helder Seabra Consoli &#8211;\u00a0<\/b>P\u00f3s-graduando em Economia da Ind\u00fastria e da Tecnologia na UFRJ. Graduado em Ci\u00eancias Econ\u00f4micas pela UFRJ, com especializa\u00e7\u00e3o em Economia da Energia. J\u00e1 atuou no desenvolvimento de pesquisa sobre o arcabou\u00e7o regulat\u00f3rio do setor de E&amp;P de petr\u00f3leo no Brasil e na constru\u00e7\u00e3o do invent\u00e1rio de emiss\u00f5es do setor de transportes no Cone Sul. Foi premiado no Congresso Brasileiro de Planejamento Energ\u00e9tico e possui dois artigos a serem apresentados no Encontro Latino-americano de Economia da Energia.<\/p>\n<p style=\"text-align: left;\"><b>Lucas Gabriel Figueira Rocha &#8211;\u00a0<\/b>Mestrando em Direito Internacional e Rela\u00e7\u00f5es Internacionais pela Universidade de Lisboa. Graduado em Direito pelo Instituto Vianna J\u00fanior. Possui experi\u00eancia internacional em conceituadas institui\u00e7\u00f5es acad\u00eamicas e organismos da ONU.<\/p>\n<p style=\"text-align: left;\">Aos que n\u00e3o foram aprovados, n\u00e3o desistam. 2015 est\u00e1 s\u00f3 come\u00e7ando! V\u00e1rios eventos importantes ainda v\u00e3o acontecer neste ano! E aos que n\u00e3o se inscreveram, n\u00e3o percam tempo, hein, galera? Participar de f\u00f3runs internacionais \u00e9 uma oportunidade \u00fanica. As pr\u00f3ximas inscri\u00e7\u00f5es come\u00e7am logo logo.<\/p>\n<p style=\"text-align: left;\">Acompanhem a nossa <a href=\"https:\/\/www.facebook.com\/global.attitude.org\" target=\"_blank\" rel=\"noopener noreferrer\">p\u00e1gina<\/a> no Facebook para saber sobre a abertura de inscri\u00e7\u00f5es e tamb\u00e9m para ficar por dentro da experi\u00eancia dos delegados em Washington e na Turquia.<\/p>\n","protected":false},"excerpt":{"rendered":"<p>Depois de um longo processo, cheio de gente bacana participando, temos o prazer em divulgar as delega\u00e7\u00f5es que ir\u00e3o representar o Brasil nos f\u00f3runs Spring Meetings, em Washington D.C. (EUA), e Y20, em Istambul (Turquia). Aos delegados, parab\u00e9ns por chegarem at\u00e9 aqui e que essa seja uma experi\u00eancia incr\u00edvel e enriquecedora para cada um de [&hellip;]<\/p>\n","protected":false},"author":1,"featured_media":0,"comment_status":"open","ping_status":"open","sticky":false,"template":"","format":"standard","meta":{"_acf_changed":false,"om_disable_all_campaigns":false,"_monsterinsights_skip_tracking":false,"_monsterinsights_sitenote_active":false,"_monsterinsights_sitenote_note":"","_monsterinsights_sitenote_category":0,"_uf_show_specific_survey":0,"_uf_disable_surveys":false,"footnotes":""},"categories":[22,34],"tags":[],"class_list":["post-602","post","type-post","status-publish","format-standard","hentry","category-programas","category-ultimas"],"acf":[],"aioseo_notices":[],"yoast_head":"<!-- This site is optimized with the Yoast SEO plugin v27.5 - https:\/\/yoast.com\/product\/yoast-seo-wordpress\/ -->\n<title>Vem ver quem s\u00e3o os delegados brasileiros para o Spring Meetings e Y20 em 2015 - Instituto Global Attitude<\/title>\n<meta name=\"robots\" content=\"index, follow, max-snippet:-1, max-image-preview:large, max-video-preview:-1\" \/>\n<link rel=\"canonical\" href=\"https:\/\/globalattitude.org.br\/en\/vem-ver-quem-sao-os-delegados-brasileiros-para-o-spring-meetings-e-y20-em-2015\/\" \/>\n<meta property=\"og:locale\" content=\"en_US\" \/>\n<meta property=\"og:type\" content=\"article\" \/>\n<meta property=\"og:title\" content=\"Vem ver quem s\u00e3o os delegados brasileiros para o Spring Meetings e Y20 em 2015 - Instituto Global Attitude\" \/>\n<meta property=\"og:description\" content=\"Depois de um longo processo, cheio de gente bacana participando, temos o prazer em divulgar as delega\u00e7\u00f5es que ir\u00e3o representar o Brasil nos f\u00f3runs Spring Meetings, em Washington D.C. (EUA), e Y20, em Istambul (Turquia). Aos delegados, parab\u00e9ns por chegarem at\u00e9 aqui e que essa seja uma experi\u00eancia incr\u00edvel e enriquecedora para cada um de [&hellip;]\" \/>\n<meta property=\"og:url\" content=\"https:\/\/globalattitude.org.br\/en\/vem-ver-quem-sao-os-delegados-brasileiros-para-o-spring-meetings-e-y20-em-2015\/\" \/>\n<meta property=\"og:site_name\" content=\"Instituto Global Attitude\" \/>\n<meta property=\"article:publisher\" content=\"https:\/\/www.facebook.com\/global.attitude.org\/\" \/>\n<meta property=\"article:published_time\" content=\"2015-03-10T19:52:00+00:00\" \/>\n<meta name=\"author\" content=\"123esite\" \/>\n<meta name=\"twitter:card\" content=\"summary_large_image\" \/>\n<meta name=\"twitter:creator\" content=\"@global_attitude\" \/>\n<meta name=\"twitter:site\" content=\"@global_attitude\" \/>\n<meta name=\"twitter:label1\" content=\"Written by\" \/>\n\t<meta name=\"twitter:data1\" content=\"123esite\" \/>\n\t<meta name=\"twitter:label2\" content=\"Est. reading time\" \/>\n\t<meta name=\"twitter:data2\" content=\"5 minutes\" \/>\n<script type=\"application\/ld+json\" class=\"yoast-schema-graph\">{\"@context\":\"https:\\\/\\\/schema.org\",\"@graph\":[{\"@type\":[\"Article\",\"BlogPosting\"],\"@id\":\"https:\\\/\\\/globalattitude.org.br\\\/en\\\/vem-ver-quem-sao-os-delegados-brasileiros-para-o-spring-meetings-e-y20-em-2015\\\/#article\",\"isPartOf\":{\"@id\":\"https:\\\/\\\/globalattitude.org.br\\\/en\\\/vem-ver-quem-sao-os-delegados-brasileiros-para-o-spring-meetings-e-y20-em-2015\\\/\"},\"author\":{\"name\":\"123esite\",\"@id\":\"http:\\\/\\\/globalattitude.org.br\\\/#\\\/schema\\\/person\\\/6d308f9d9d1eebad0278ad9386f13169\"},\"headline\":\"Vem ver quem s\u00e3o os delegados brasileiros para o Spring Meetings e Y20 em 2015\",\"datePublished\":\"2015-03-10T19:52:00+00:00\",\"mainEntityOfPage\":{\"@id\":\"https:\\\/\\\/globalattitude.org.br\\\/en\\\/vem-ver-quem-sao-os-delegados-brasileiros-para-o-spring-meetings-e-y20-em-2015\\\/\"},\"wordCount\":987,\"commentCount\":0,\"publisher\":{\"@id\":\"http:\\\/\\\/globalattitude.org.br\\\/#organization\"},\"articleSection\":[\"Programas\",\"\u00daltimas\"],\"inLanguage\":\"en-US\",\"potentialAction\":[{\"@type\":\"CommentAction\",\"name\":\"Comment\",\"target\":[\"https:\\\/\\\/globalattitude.org.br\\\/en\\\/vem-ver-quem-sao-os-delegados-brasileiros-para-o-spring-meetings-e-y20-em-2015\\\/#respond\"]}]},{\"@type\":\"WebPage\",\"@id\":\"https:\\\/\\\/globalattitude.org.br\\\/en\\\/vem-ver-quem-sao-os-delegados-brasileiros-para-o-spring-meetings-e-y20-em-2015\\\/\",\"url\":\"https:\\\/\\\/globalattitude.org.br\\\/en\\\/vem-ver-quem-sao-os-delegados-brasileiros-para-o-spring-meetings-e-y20-em-2015\\\/\",\"name\":\"Vem ver quem s\u00e3o os delegados brasileiros para o Spring Meetings e Y20 em 2015 - Instituto Global Attitude\",\"isPartOf\":{\"@id\":\"http:\\\/\\\/globalattitude.org.br\\\/#website\"},\"datePublished\":\"2015-03-10T19:52:00+00:00\",\"breadcrumb\":{\"@id\":\"https:\\\/\\\/globalattitude.org.br\\\/en\\\/vem-ver-quem-sao-os-delegados-brasileiros-para-o-spring-meetings-e-y20-em-2015\\\/#breadcrumb\"},\"inLanguage\":\"en-US\",\"potentialAction\":[{\"@type\":\"ReadAction\",\"target\":[\"https:\\\/\\\/globalattitude.org.br\\\/en\\\/vem-ver-quem-sao-os-delegados-brasileiros-para-o-spring-meetings-e-y20-em-2015\\\/\"]}]},{\"@type\":\"BreadcrumbList\",\"@id\":\"https:\\\/\\\/globalattitude.org.br\\\/en\\\/vem-ver-quem-sao-os-delegados-brasileiros-para-o-spring-meetings-e-y20-em-2015\\\/#breadcrumb\",\"itemListElement\":[{\"@type\":\"ListItem\",\"position\":1,\"name\":\"In\u00edcio\",\"item\":\"https:\\\/\\\/globalattitude.org.br\\\/en\\\/\"},{\"@type\":\"ListItem\",\"position\":2,\"name\":\"Vem ver quem s\u00e3o os delegados brasileiros para o Spring Meetings e Y20 em 2015\"}]},{\"@type\":\"WebSite\",\"@id\":\"http:\\\/\\\/globalattitude.org.br\\\/#website\",\"url\":\"http:\\\/\\\/globalattitude.org.br\\\/\",\"name\":\"Instituto Global Attitude\",\"description\":\"\",\"publisher\":{\"@id\":\"http:\\\/\\\/globalattitude.org.br\\\/#organization\"},\"potentialAction\":[{\"@type\":\"SearchAction\",\"target\":{\"@type\":\"EntryPoint\",\"urlTemplate\":\"http:\\\/\\\/globalattitude.org.br\\\/?s={search_term_string}\"},\"query-input\":{\"@type\":\"PropertyValueSpecification\",\"valueRequired\":true,\"valueName\":\"search_term_string\"}}],\"inLanguage\":\"en-US\"},{\"@type\":\"Organization\",\"@id\":\"http:\\\/\\\/globalattitude.org.br\\\/#organization\",\"name\":\"Instituto Global Attitude\",\"url\":\"http:\\\/\\\/globalattitude.org.br\\\/\",\"logo\":{\"@type\":\"ImageObject\",\"inLanguage\":\"en-US\",\"@id\":\"http:\\\/\\\/globalattitude.org.br\\\/#\\\/schema\\\/logo\\\/image\\\/\",\"url\":\"https:\\\/\\\/globalattitude.org.br\\\/wp-content\\\/uploads\\\/2023\\\/01\\\/instituto-global-attitude-color.png\",\"contentUrl\":\"https:\\\/\\\/globalattitude.org.br\\\/wp-content\\\/uploads\\\/2023\\\/01\\\/instituto-global-attitude-color.png\",\"width\":300,\"height\":131,\"caption\":\"Instituto Global Attitude\"},\"image\":{\"@id\":\"http:\\\/\\\/globalattitude.org.br\\\/#\\\/schema\\\/logo\\\/image\\\/\"},\"sameAs\":[\"https:\\\/\\\/www.facebook.com\\\/global.attitude.org\\\/\",\"https:\\\/\\\/x.com\\\/global_attitude\",\"https:\\\/\\\/www.instagram.com\\\/globalattitude\",\"https:\\\/\\\/www.linkedin.com\\\/company\\\/global-attitude\\\/?viewAsMember=true\"]},{\"@type\":\"Person\",\"@id\":\"http:\\\/\\\/globalattitude.org.br\\\/#\\\/schema\\\/person\\\/6d308f9d9d1eebad0278ad9386f13169\",\"name\":\"123esite\",\"image\":{\"@type\":\"ImageObject\",\"inLanguage\":\"en-US\",\"@id\":\"https:\\\/\\\/secure.gravatar.com\\\/avatar\\\/07bd71fac19f42004f2b73567f012e126689afdb23cb0017536dea9113ba1806?s=96&d=mm&r=g\",\"url\":\"https:\\\/\\\/secure.gravatar.com\\\/avatar\\\/07bd71fac19f42004f2b73567f012e126689afdb23cb0017536dea9113ba1806?s=96&d=mm&r=g\",\"contentUrl\":\"https:\\\/\\\/secure.gravatar.com\\\/avatar\\\/07bd71fac19f42004f2b73567f012e126689afdb23cb0017536dea9113ba1806?s=96&d=mm&r=g\",\"caption\":\"123esite\"},\"sameAs\":[\"http:\\\/\\\/globalattitude.org.br\"],\"url\":\"https:\\\/\\\/globalattitude.org.br\\\/en\\\/author\\\/123esite\\\/\"}]}<\/script>\n<!-- \/ Yoast SEO plugin. -->","yoast_head_json":{"title":"Vem ver quem s\u00e3o os delegados brasileiros para o Spring Meetings e Y20 em 2015 - Instituto Global Attitude","robots":{"index":"index","follow":"follow","max-snippet":"max-snippet:-1","max-image-preview":"max-image-preview:large","max-video-preview":"max-video-preview:-1"},"canonical":"https:\/\/globalattitude.org.br\/en\/vem-ver-quem-sao-os-delegados-brasileiros-para-o-spring-meetings-e-y20-em-2015\/","og_locale":"en_US","og_type":"article","og_title":"Vem ver quem s\u00e3o os delegados brasileiros para o Spring Meetings e Y20 em 2015 - Instituto Global Attitude","og_description":"Depois de um longo processo, cheio de gente bacana participando, temos o prazer em divulgar as delega\u00e7\u00f5es que ir\u00e3o representar o Brasil nos f\u00f3runs Spring Meetings, em Washington D.C. (EUA), e Y20, em Istambul (Turquia). Aos delegados, parab\u00e9ns por chegarem at\u00e9 aqui e que essa seja uma experi\u00eancia incr\u00edvel e enriquecedora para cada um de [&hellip;]","og_url":"https:\/\/globalattitude.org.br\/en\/vem-ver-quem-sao-os-delegados-brasileiros-para-o-spring-meetings-e-y20-em-2015\/","og_site_name":"Instituto Global Attitude","article_publisher":"https:\/\/www.facebook.com\/global.attitude.org\/","article_published_time":"2015-03-10T19:52:00+00:00","author":"123esite","twitter_card":"summary_large_image","twitter_creator":"@global_attitude","twitter_site":"@global_attitude","twitter_misc":{"Written by":"123esite","Est. reading time":"5 minutes"},"schema":{"@context":"https:\/\/schema.org","@graph":[{"@type":["Article","BlogPosting"],"@id":"https:\/\/globalattitude.org.br\/en\/vem-ver-quem-sao-os-delegados-brasileiros-para-o-spring-meetings-e-y20-em-2015\/#article","isPartOf":{"@id":"https:\/\/globalattitude.org.br\/en\/vem-ver-quem-sao-os-delegados-brasileiros-para-o-spring-meetings-e-y20-em-2015\/"},"author":{"name":"123esite","@id":"http:\/\/globalattitude.org.br\/#\/schema\/person\/6d308f9d9d1eebad0278ad9386f13169"},"headline":"Vem ver quem s\u00e3o os delegados brasileiros para o Spring Meetings e Y20 em 2015","datePublished":"2015-03-10T19:52:00+00:00","mainEntityOfPage":{"@id":"https:\/\/globalattitude.org.br\/en\/vem-ver-quem-sao-os-delegados-brasileiros-para-o-spring-meetings-e-y20-em-2015\/"},"wordCount":987,"commentCount":0,"publisher":{"@id":"http:\/\/globalattitude.org.br\/#organization"},"articleSection":["Programas","\u00daltimas"],"inLanguage":"en-US","potentialAction":[{"@type":"CommentAction","name":"Comment","target":["https:\/\/globalattitude.org.br\/en\/vem-ver-quem-sao-os-delegados-brasileiros-para-o-spring-meetings-e-y20-em-2015\/#respond"]}]},{"@type":"WebPage","@id":"https:\/\/globalattitude.org.br\/en\/vem-ver-quem-sao-os-delegados-brasileiros-para-o-spring-meetings-e-y20-em-2015\/","url":"https:\/\/globalattitude.org.br\/en\/vem-ver-quem-sao-os-delegados-brasileiros-para-o-spring-meetings-e-y20-em-2015\/","name":"Vem ver quem s\u00e3o os delegados brasileiros para o Spring Meetings e Y20 em 2015 - Instituto Global Attitude","isPartOf":{"@id":"http:\/\/globalattitude.org.br\/#website"},"datePublished":"2015-03-10T19:52:00+00:00","breadcrumb":{"@id":"https:\/\/globalattitude.org.br\/en\/vem-ver-quem-sao-os-delegados-brasileiros-para-o-spring-meetings-e-y20-em-2015\/#breadcrumb"},"inLanguage":"en-US","potentialAction":[{"@type":"ReadAction","target":["https:\/\/globalattitude.org.br\/en\/vem-ver-quem-sao-os-delegados-brasileiros-para-o-spring-meetings-e-y20-em-2015\/"]}]},{"@type":"BreadcrumbList","@id":"https:\/\/globalattitude.org.br\/en\/vem-ver-quem-sao-os-delegados-brasileiros-para-o-spring-meetings-e-y20-em-2015\/#breadcrumb","itemListElement":[{"@type":"ListItem","position":1,"name":"In\u00edcio","item":"https:\/\/globalattitude.org.br\/en\/"},{"@type":"ListItem","position":2,"name":"Vem ver quem s\u00e3o os delegados brasileiros para o Spring Meetings e Y20 em 2015"}]},{"@type":"WebSite","@id":"http:\/\/globalattitude.org.br\/#website","url":"http:\/\/globalattitude.org.br\/","name":"Instituto Global Attitude","description":"","publisher":{"@id":"http:\/\/globalattitude.org.br\/#organization"},"potentialAction":[{"@type":"SearchAction","target":{"@type":"EntryPoint","urlTemplate":"http:\/\/globalattitude.org.br\/?s={search_term_string}"},"query-input":{"@type":"PropertyValueSpecification","valueRequired":true,"valueName":"search_term_string"}}],"inLanguage":"en-US"},{"@type":"Organization","@id":"http:\/\/globalattitude.org.br\/#organization","name":"Instituto Global Attitude","url":"http:\/\/globalattitude.org.br\/","logo":{"@type":"ImageObject","inLanguage":"en-US","@id":"http:\/\/globalattitude.org.br\/#\/schema\/logo\/image\/","url":"https:\/\/globalattitude.org.br\/wp-content\/uploads\/2023\/01\/instituto-global-attitude-color.png","contentUrl":"https:\/\/globalattitude.org.br\/wp-content\/uploads\/2023\/01\/instituto-global-attitude-color.png","width":300,"height":131,"caption":"Instituto Global Attitude"},"image":{"@id":"http:\/\/globalattitude.org.br\/#\/schema\/logo\/image\/"},"sameAs":["https:\/\/www.facebook.com\/global.attitude.org\/","https:\/\/x.com\/global_attitude","https:\/\/www.instagram.com\/globalattitude","https:\/\/www.linkedin.com\/company\/global-attitude\/?viewAsMember=true"]},{"@type":"Person","@id":"http:\/\/globalattitude.org.br\/#\/schema\/person\/6d308f9d9d1eebad0278ad9386f13169","name":"123esite","image":{"@type":"ImageObject","inLanguage":"en-US","@id":"https:\/\/secure.gravatar.com\/avatar\/07bd71fac19f42004f2b73567f012e126689afdb23cb0017536dea9113ba1806?s=96&d=mm&r=g","url":"https:\/\/secure.gravatar.com\/avatar\/07bd71fac19f42004f2b73567f012e126689afdb23cb0017536dea9113ba1806?s=96&d=mm&r=g","contentUrl":"https:\/\/secure.gravatar.com\/avatar\/07bd71fac19f42004f2b73567f012e126689afdb23cb0017536dea9113ba1806?s=96&d=mm&r=g","caption":"123esite"},"sameAs":["http:\/\/globalattitude.org.br"],"url":"https:\/\/globalattitude.org.br\/en\/author\/123esite\/"}]}},"_links":{"self":[{"href":"https:\/\/globalattitude.org.br\/en\/wp-json\/wp\/v2\/posts\/602","targetHints":{"allow":["GET"]}}],"collection":[{"href":"https:\/\/globalattitude.org.br\/en\/wp-json\/wp\/v2\/posts"}],"about":[{"href":"https:\/\/globalattitude.org.br\/en\/wp-json\/wp\/v2\/types\/post"}],"author":[{"embeddable":true,"href":"https:\/\/globalattitude.org.br\/en\/wp-json\/wp\/v2\/users\/1"}],"replies":[{"embeddable":true,"href":"https:\/\/globalattitude.org.br\/en\/wp-json\/wp\/v2\/comments?post=602"}],"version-history":[{"count":0,"href":"https:\/\/globalattitude.org.br\/en\/wp-json\/wp\/v2\/posts\/602\/revisions"}],"wp:attachment":[{"href":"https:\/\/globalattitude.org.br\/en\/wp-json\/wp\/v2\/media?parent=602"}],"wp:term":[{"taxonomy":"category","embeddable":true,"href":"https:\/\/globalattitude.org.br\/en\/wp-json\/wp\/v2\/categories?post=602"},{"taxonomy":"post_tag","embeddable":true,"href":"https:\/\/globalattitude.org.br\/en\/wp-json\/wp\/v2\/tags?post=602"}],"curies":[{"name":"wp","href":"https:\/\/api.w.org\/{rel}","templated":true}]}}