{"id":603,"date":"2015-03-26T03:00:56","date_gmt":"2015-03-26T06:00:56","guid":{"rendered":"https:\/\/globalattitude.org.br\/estao-abertas-as-inscricoes-para-participar-de-foruns-sobre-desenvolvimento-economico-e-sustentavel-em-paris-e-viena\/"},"modified":"2015-03-26T03:00:56","modified_gmt":"2015-03-26T06:00:56","slug":"estao-abertas-as-inscricoes-para-participar-de-foruns-sobre-desenvolvimento-economico-e-sustentavel-em-paris-e-viena","status":"publish","type":"post","link":"https:\/\/globalattitude.org.br\/en\/estao-abertas-as-inscricoes-para-participar-de-foruns-sobre-desenvolvimento-economico-e-sustentavel-em-paris-e-viena\/","title":{"rendered":"Est\u00e3o abertas as inscri\u00e7\u00f5es para participar de f\u00f3runs sobre desenvolvimento econ\u00f4mico e sustent\u00e1vel em Paris e Viena"},"content":{"rendered":"<p>O programa Diplomacia Civil ir\u00e1 trabalhar com mais duas confer\u00eancias a partir de 2015 e voc\u00ea pode fazer parte dessa hist\u00f3ria como membro das primeiras delega\u00e7\u00f5es brasileiras para o OECD Forum e Vienna Energy Forum. Os eventos acontecem de 1 a 5 de junho, em Paris (Fran\u00e7a), e 17 a 21 de junho, em Viena (\u00c1ustria), respectivamente. \u00c9 poss\u00edvel se inscrever at\u00e9 as 23h59 do dia 6 de abril, mas se eu fosse voc\u00ea, j\u00e1 me inscreveria agora! \u00c9 s\u00f3 clicar <a href=\"http:\/\/blog.globalattitude.org.br\/inscricoes\/\" target=\"_blank\" rel=\"noopener noreferrer\">aqui<\/a>!<\/p>\n<p>A 1\u00aa chamada de aprovados ser\u00e1 feita no dia 8 de abril. Se voc\u00ea for selecionado, ter\u00e1 a oportunidade de assistir a debates e reuni\u00f5es entre v\u00e1rios l\u00edderes mundiais sobre desafios e solu\u00e7\u00f5es pr\u00e1ticas para um desenvolvimento social, econ\u00f4mico e sustent\u00e1vel.<\/p>\n<p>A participa\u00e7\u00e3o no programa \u00e9 paga e inclui credenciamento no evento, passagem a\u00e9rea de ida e volta para o trecho internacional, translado aeroporto-hotel, acomoda\u00e7\u00e3o, seguro sa\u00fade, workshops de capacita\u00e7\u00e3o, supervis\u00e3o na reda\u00e7\u00e3o de artigo de pesquisa e certificado de participa\u00e7\u00e3o. Para mais informa\u00e7\u00f5es, acesse a nossa p\u00e1gina de <a href=\"http:\/\/goo.gl\/r4wbHY\" target=\"_blank\" rel=\"noopener noreferrer\">perguntas frequentes<\/a>.<\/p>\n<h3><\/h3>\n<h3><b>Saiba mais sobre as confer\u00eancias<br \/>\n<\/b><\/h3>\n<p>O <a href=\"http:\/\/www.oecd.org\/\" target=\"_blank\" rel=\"noopener noreferrer\">OECD Forum<\/a> prop\u00f5e o debate sobre desafios econ\u00f4micos, sociais e de governo decorrentes da economia globalizada, reunindo grandes executivos dos setores p\u00fablico, privado e setor social, bem como a academia e os representantes da pr\u00f3pria OECD. Em 2015, o OECD Forum ocorre entre 1 a 5 de junho, durante a OECD Week, em Paris, na Fran\u00e7a.<\/p>\n<p>O <a href=\"http:\/\/viennaenergyforum.org\/\">Vienna Energy Forum<\/a> \u00e9 uma iniciativa conjunta do governo austr\u00edaco, da <a href=\"https:\/\/www.unido.org\/\" target=\"_blank\" rel=\"noopener noreferrer\">ONUDI<\/a> e do Institute for Applied Systems Analysis e funciona como plataforma de debate sobre\u00a0os desafios globais relacionados \u00e0 energia sustent\u00e1vel.\u00a0O Vienna Energy Forum 2015 ser\u00e1 em Vienna, na \u00c1ustria, de 17 a 21 de junho, sob o tema \u201cSustainable Energy for Inclusive Development\u201d.<\/p>\n","protected":false},"excerpt":{"rendered":"<p>O programa Diplomacia Civil ir\u00e1 trabalhar com mais duas confer\u00eancias a partir de 2015 e voc\u00ea pode fazer parte dessa hist\u00f3ria como membro das primeiras delega\u00e7\u00f5es brasileiras para o OECD Forum e Vienna Energy Forum. Os eventos acontecem de 1 a 5 de junho, em Paris (Fran\u00e7a), e 17 a 21 de junho, em Viena [&hellip;]<\/p>\n","protected":false},"author":1,"featured_media":0,"comment_status":"open","ping_status":"open","sticky":false,"template":"","format":"standard","meta":{"_acf_changed":false,"om_disable_all_campaigns":false,"_monsterinsights_skip_tracking":false,"_monsterinsights_sitenote_active":false,"_monsterinsights_sitenote_note":"","_monsterinsights_sitenote_category":0,"_uf_show_specific_survey":0,"_uf_disable_surveys":false,"footnotes":""},"categories":[22,34],"tags":[],"class_list":["post-603","post","type-post","status-publish","format-standard","hentry","category-programas","category-ultimas"],"acf":[],"aioseo_notices":[],"yoast_head":"<!-- This site is optimized with the Yoast SEO plugin v27.5 - https:\/\/yoast.com\/product\/yoast-seo-wordpress\/ -->\n<title>Est\u00e3o abertas as inscri\u00e7\u00f5es para participar de f\u00f3runs sobre desenvolvimento econ\u00f4mico e sustent\u00e1vel em Paris e Viena - Instituto Global Attitude<\/title>\n<meta name=\"robots\" content=\"index, follow, max-snippet:-1, max-image-preview:large, max-video-preview:-1\" \/>\n<link rel=\"canonical\" href=\"https:\/\/globalattitude.org.br\/en\/estao-abertas-as-inscricoes-para-participar-de-foruns-sobre-desenvolvimento-economico-e-sustentavel-em-paris-e-viena\/\" \/>\n<meta property=\"og:locale\" content=\"en_US\" \/>\n<meta property=\"og:type\" content=\"article\" \/>\n<meta property=\"og:title\" content=\"Est\u00e3o abertas as inscri\u00e7\u00f5es para participar de f\u00f3runs sobre desenvolvimento econ\u00f4mico e sustent\u00e1vel em Paris e Viena - Instituto Global Attitude\" \/>\n<meta property=\"og:description\" content=\"O programa Diplomacia Civil ir\u00e1 trabalhar com mais duas confer\u00eancias a partir de 2015 e voc\u00ea pode fazer parte dessa hist\u00f3ria como membro das primeiras delega\u00e7\u00f5es brasileiras para o OECD Forum e Vienna Energy Forum. Os eventos acontecem de 1 a 5 de junho, em Paris (Fran\u00e7a), e 17 a 21 de junho, em Viena [&hellip;]\" \/>\n<meta property=\"og:url\" content=\"https:\/\/globalattitude.org.br\/en\/estao-abertas-as-inscricoes-para-participar-de-foruns-sobre-desenvolvimento-economico-e-sustentavel-em-paris-e-viena\/\" \/>\n<meta property=\"og:site_name\" content=\"Instituto Global Attitude\" \/>\n<meta property=\"article:publisher\" content=\"https:\/\/www.facebook.com\/global.attitude.org\/\" \/>\n<meta property=\"article:published_time\" content=\"2015-03-26T06:00:56+00:00\" \/>\n<meta name=\"author\" content=\"123esite\" \/>\n<meta name=\"twitter:card\" content=\"summary_large_image\" \/>\n<meta name=\"twitter:creator\" content=\"@global_attitude\" \/>\n<meta name=\"twitter:site\" content=\"@global_attitude\" \/>\n<meta name=\"twitter:label1\" content=\"Written by\" \/>\n\t<meta name=\"twitter:data1\" content=\"123esite\" \/>\n\t<meta name=\"twitter:label2\" content=\"Est. reading time\" \/>\n\t<meta name=\"twitter:data2\" content=\"2 minutes\" \/>\n<script type=\"application\/ld+json\" class=\"yoast-schema-graph\">{\"@context\":\"https:\\\/\\\/schema.org\",\"@graph\":[{\"@type\":[\"Article\",\"BlogPosting\"],\"@id\":\"https:\\\/\\\/globalattitude.org.br\\\/en\\\/estao-abertas-as-inscricoes-para-participar-de-foruns-sobre-desenvolvimento-economico-e-sustentavel-em-paris-e-viena\\\/#article\",\"isPartOf\":{\"@id\":\"https:\\\/\\\/globalattitude.org.br\\\/en\\\/estao-abertas-as-inscricoes-para-participar-de-foruns-sobre-desenvolvimento-economico-e-sustentavel-em-paris-e-viena\\\/\"},\"author\":{\"name\":\"123esite\",\"@id\":\"http:\\\/\\\/globalattitude.org.br\\\/#\\\/schema\\\/person\\\/6d308f9d9d1eebad0278ad9386f13169\"},\"headline\":\"Est\u00e3o abertas as inscri\u00e7\u00f5es para participar de f\u00f3runs sobre desenvolvimento econ\u00f4mico e sustent\u00e1vel em Paris e Viena\",\"datePublished\":\"2015-03-26T06:00:56+00:00\",\"mainEntityOfPage\":{\"@id\":\"https:\\\/\\\/globalattitude.org.br\\\/en\\\/estao-abertas-as-inscricoes-para-participar-de-foruns-sobre-desenvolvimento-economico-e-sustentavel-em-paris-e-viena\\\/\"},\"wordCount\":326,\"commentCount\":0,\"publisher\":{\"@id\":\"http:\\\/\\\/globalattitude.org.br\\\/#organization\"},\"articleSection\":[\"Programas\",\"\u00daltimas\"],\"inLanguage\":\"en-US\",\"potentialAction\":[{\"@type\":\"CommentAction\",\"name\":\"Comment\",\"target\":[\"https:\\\/\\\/globalattitude.org.br\\\/en\\\/estao-abertas-as-inscricoes-para-participar-de-foruns-sobre-desenvolvimento-economico-e-sustentavel-em-paris-e-viena\\\/#respond\"]}]},{\"@type\":\"WebPage\",\"@id\":\"https:\\\/\\\/globalattitude.org.br\\\/en\\\/estao-abertas-as-inscricoes-para-participar-de-foruns-sobre-desenvolvimento-economico-e-sustentavel-em-paris-e-viena\\\/\",\"url\":\"https:\\\/\\\/globalattitude.org.br\\\/en\\\/estao-abertas-as-inscricoes-para-participar-de-foruns-sobre-desenvolvimento-economico-e-sustentavel-em-paris-e-viena\\\/\",\"name\":\"Est\u00e3o abertas as inscri\u00e7\u00f5es para participar de f\u00f3runs sobre desenvolvimento econ\u00f4mico e sustent\u00e1vel em Paris e Viena - Instituto Global Attitude\",\"isPartOf\":{\"@id\":\"http:\\\/\\\/globalattitude.org.br\\\/#website\"},\"datePublished\":\"2015-03-26T06:00:56+00:00\",\"breadcrumb\":{\"@id\":\"https:\\\/\\\/globalattitude.org.br\\\/en\\\/estao-abertas-as-inscricoes-para-participar-de-foruns-sobre-desenvolvimento-economico-e-sustentavel-em-paris-e-viena\\\/#breadcrumb\"},\"inLanguage\":\"en-US\",\"potentialAction\":[{\"@type\":\"ReadAction\",\"target\":[\"https:\\\/\\\/globalattitude.org.br\\\/en\\\/estao-abertas-as-inscricoes-para-participar-de-foruns-sobre-desenvolvimento-economico-e-sustentavel-em-paris-e-viena\\\/\"]}]},{\"@type\":\"BreadcrumbList\",\"@id\":\"https:\\\/\\\/globalattitude.org.br\\\/en\\\/estao-abertas-as-inscricoes-para-participar-de-foruns-sobre-desenvolvimento-economico-e-sustentavel-em-paris-e-viena\\\/#breadcrumb\",\"itemListElement\":[{\"@type\":\"ListItem\",\"position\":1,\"name\":\"In\u00edcio\",\"item\":\"https:\\\/\\\/globalattitude.org.br\\\/en\\\/\"},{\"@type\":\"ListItem\",\"position\":2,\"name\":\"Est\u00e3o abertas as inscri\u00e7\u00f5es para participar de f\u00f3runs sobre desenvolvimento econ\u00f4mico e sustent\u00e1vel em Paris e Viena\"}]},{\"@type\":\"WebSite\",\"@id\":\"http:\\\/\\\/globalattitude.org.br\\\/#website\",\"url\":\"http:\\\/\\\/globalattitude.org.br\\\/\",\"name\":\"Instituto Global Attitude\",\"description\":\"\",\"publisher\":{\"@id\":\"http:\\\/\\\/globalattitude.org.br\\\/#organization\"},\"potentialAction\":[{\"@type\":\"SearchAction\",\"target\":{\"@type\":\"EntryPoint\",\"urlTemplate\":\"http:\\\/\\\/globalattitude.org.br\\\/?s={search_term_string}\"},\"query-input\":{\"@type\":\"PropertyValueSpecification\",\"valueRequired\":true,\"valueName\":\"search_term_string\"}}],\"inLanguage\":\"en-US\"},{\"@type\":\"Organization\",\"@id\":\"http:\\\/\\\/globalattitude.org.br\\\/#organization\",\"name\":\"Instituto Global Attitude\",\"url\":\"http:\\\/\\\/globalattitude.org.br\\\/\",\"logo\":{\"@type\":\"ImageObject\",\"inLanguage\":\"en-US\",\"@id\":\"http:\\\/\\\/globalattitude.org.br\\\/#\\\/schema\\\/logo\\\/image\\\/\",\"url\":\"https:\\\/\\\/globalattitude.org.br\\\/wp-content\\\/uploads\\\/2023\\\/01\\\/instituto-global-attitude-color.png\",\"contentUrl\":\"https:\\\/\\\/globalattitude.org.br\\\/wp-content\\\/uploads\\\/2023\\\/01\\\/instituto-global-attitude-color.png\",\"width\":300,\"height\":131,\"caption\":\"Instituto Global Attitude\"},\"image\":{\"@id\":\"http:\\\/\\\/globalattitude.org.br\\\/#\\\/schema\\\/logo\\\/image\\\/\"},\"sameAs\":[\"https:\\\/\\\/www.facebook.com\\\/global.attitude.org\\\/\",\"https:\\\/\\\/x.com\\\/global_attitude\",\"https:\\\/\\\/www.instagram.com\\\/globalattitude\",\"https:\\\/\\\/www.linkedin.com\\\/company\\\/global-attitude\\\/?viewAsMember=true\"]},{\"@type\":\"Person\",\"@id\":\"http:\\\/\\\/globalattitude.org.br\\\/#\\\/schema\\\/person\\\/6d308f9d9d1eebad0278ad9386f13169\",\"name\":\"123esite\",\"image\":{\"@type\":\"ImageObject\",\"inLanguage\":\"en-US\",\"@id\":\"https:\\\/\\\/secure.gravatar.com\\\/avatar\\\/07bd71fac19f42004f2b73567f012e126689afdb23cb0017536dea9113ba1806?s=96&d=mm&r=g\",\"url\":\"https:\\\/\\\/secure.gravatar.com\\\/avatar\\\/07bd71fac19f42004f2b73567f012e126689afdb23cb0017536dea9113ba1806?s=96&d=mm&r=g\",\"contentUrl\":\"https:\\\/\\\/secure.gravatar.com\\\/avatar\\\/07bd71fac19f42004f2b73567f012e126689afdb23cb0017536dea9113ba1806?s=96&d=mm&r=g\",\"caption\":\"123esite\"},\"sameAs\":[\"http:\\\/\\\/globalattitude.org.br\"],\"url\":\"https:\\\/\\\/globalattitude.org.br\\\/en\\\/author\\\/123esite\\\/\"}]}<\/script>\n<!-- \/ Yoast SEO plugin. -->","yoast_head_json":{"title":"Est\u00e3o abertas as inscri\u00e7\u00f5es para participar de f\u00f3runs sobre desenvolvimento econ\u00f4mico e sustent\u00e1vel em Paris e Viena - Instituto Global Attitude","robots":{"index":"index","follow":"follow","max-snippet":"max-snippet:-1","max-image-preview":"max-image-preview:large","max-video-preview":"max-video-preview:-1"},"canonical":"https:\/\/globalattitude.org.br\/en\/estao-abertas-as-inscricoes-para-participar-de-foruns-sobre-desenvolvimento-economico-e-sustentavel-em-paris-e-viena\/","og_locale":"en_US","og_type":"article","og_title":"Est\u00e3o abertas as inscri\u00e7\u00f5es para participar de f\u00f3runs sobre desenvolvimento econ\u00f4mico e sustent\u00e1vel em Paris e Viena - Instituto Global Attitude","og_description":"O programa Diplomacia Civil ir\u00e1 trabalhar com mais duas confer\u00eancias a partir de 2015 e voc\u00ea pode fazer parte dessa hist\u00f3ria como membro das primeiras delega\u00e7\u00f5es brasileiras para o OECD Forum e Vienna Energy Forum. Os eventos acontecem de 1 a 5 de junho, em Paris (Fran\u00e7a), e 17 a 21 de junho, em Viena [&hellip;]","og_url":"https:\/\/globalattitude.org.br\/en\/estao-abertas-as-inscricoes-para-participar-de-foruns-sobre-desenvolvimento-economico-e-sustentavel-em-paris-e-viena\/","og_site_name":"Instituto Global Attitude","article_publisher":"https:\/\/www.facebook.com\/global.attitude.org\/","article_published_time":"2015-03-26T06:00:56+00:00","author":"123esite","twitter_card":"summary_large_image","twitter_creator":"@global_attitude","twitter_site":"@global_attitude","twitter_misc":{"Written by":"123esite","Est. reading time":"2 minutes"},"schema":{"@context":"https:\/\/schema.org","@graph":[{"@type":["Article","BlogPosting"],"@id":"https:\/\/globalattitude.org.br\/en\/estao-abertas-as-inscricoes-para-participar-de-foruns-sobre-desenvolvimento-economico-e-sustentavel-em-paris-e-viena\/#article","isPartOf":{"@id":"https:\/\/globalattitude.org.br\/en\/estao-abertas-as-inscricoes-para-participar-de-foruns-sobre-desenvolvimento-economico-e-sustentavel-em-paris-e-viena\/"},"author":{"name":"123esite","@id":"http:\/\/globalattitude.org.br\/#\/schema\/person\/6d308f9d9d1eebad0278ad9386f13169"},"headline":"Est\u00e3o abertas as inscri\u00e7\u00f5es para participar de f\u00f3runs sobre desenvolvimento econ\u00f4mico e sustent\u00e1vel em Paris e Viena","datePublished":"2015-03-26T06:00:56+00:00","mainEntityOfPage":{"@id":"https:\/\/globalattitude.org.br\/en\/estao-abertas-as-inscricoes-para-participar-de-foruns-sobre-desenvolvimento-economico-e-sustentavel-em-paris-e-viena\/"},"wordCount":326,"commentCount":0,"publisher":{"@id":"http:\/\/globalattitude.org.br\/#organization"},"articleSection":["Programas","\u00daltimas"],"inLanguage":"en-US","potentialAction":[{"@type":"CommentAction","name":"Comment","target":["https:\/\/globalattitude.org.br\/en\/estao-abertas-as-inscricoes-para-participar-de-foruns-sobre-desenvolvimento-economico-e-sustentavel-em-paris-e-viena\/#respond"]}]},{"@type":"WebPage","@id":"https:\/\/globalattitude.org.br\/en\/estao-abertas-as-inscricoes-para-participar-de-foruns-sobre-desenvolvimento-economico-e-sustentavel-em-paris-e-viena\/","url":"https:\/\/globalattitude.org.br\/en\/estao-abertas-as-inscricoes-para-participar-de-foruns-sobre-desenvolvimento-economico-e-sustentavel-em-paris-e-viena\/","name":"Est\u00e3o abertas as inscri\u00e7\u00f5es para participar de f\u00f3runs sobre desenvolvimento econ\u00f4mico e sustent\u00e1vel em Paris e Viena - Instituto Global Attitude","isPartOf":{"@id":"http:\/\/globalattitude.org.br\/#website"},"datePublished":"2015-03-26T06:00:56+00:00","breadcrumb":{"@id":"https:\/\/globalattitude.org.br\/en\/estao-abertas-as-inscricoes-para-participar-de-foruns-sobre-desenvolvimento-economico-e-sustentavel-em-paris-e-viena\/#breadcrumb"},"inLanguage":"en-US","potentialAction":[{"@type":"ReadAction","target":["https:\/\/globalattitude.org.br\/en\/estao-abertas-as-inscricoes-para-participar-de-foruns-sobre-desenvolvimento-economico-e-sustentavel-em-paris-e-viena\/"]}]},{"@type":"BreadcrumbList","@id":"https:\/\/globalattitude.org.br\/en\/estao-abertas-as-inscricoes-para-participar-de-foruns-sobre-desenvolvimento-economico-e-sustentavel-em-paris-e-viena\/#breadcrumb","itemListElement":[{"@type":"ListItem","position":1,"name":"In\u00edcio","item":"https:\/\/globalattitude.org.br\/en\/"},{"@type":"ListItem","position":2,"name":"Est\u00e3o abertas as inscri\u00e7\u00f5es para participar de f\u00f3runs sobre desenvolvimento econ\u00f4mico e sustent\u00e1vel em Paris e Viena"}]},{"@type":"WebSite","@id":"http:\/\/globalattitude.org.br\/#website","url":"http:\/\/globalattitude.org.br\/","name":"Instituto Global Attitude","description":"","publisher":{"@id":"http:\/\/globalattitude.org.br\/#organization"},"potentialAction":[{"@type":"SearchAction","target":{"@type":"EntryPoint","urlTemplate":"http:\/\/globalattitude.org.br\/?s={search_term_string}"},"query-input":{"@type":"PropertyValueSpecification","valueRequired":true,"valueName":"search_term_string"}}],"inLanguage":"en-US"},{"@type":"Organization","@id":"http:\/\/globalattitude.org.br\/#organization","name":"Instituto Global Attitude","url":"http:\/\/globalattitude.org.br\/","logo":{"@type":"ImageObject","inLanguage":"en-US","@id":"http:\/\/globalattitude.org.br\/#\/schema\/logo\/image\/","url":"https:\/\/globalattitude.org.br\/wp-content\/uploads\/2023\/01\/instituto-global-attitude-color.png","contentUrl":"https:\/\/globalattitude.org.br\/wp-content\/uploads\/2023\/01\/instituto-global-attitude-color.png","width":300,"height":131,"caption":"Instituto Global Attitude"},"image":{"@id":"http:\/\/globalattitude.org.br\/#\/schema\/logo\/image\/"},"sameAs":["https:\/\/www.facebook.com\/global.attitude.org\/","https:\/\/x.com\/global_attitude","https:\/\/www.instagram.com\/globalattitude","https:\/\/www.linkedin.com\/company\/global-attitude\/?viewAsMember=true"]},{"@type":"Person","@id":"http:\/\/globalattitude.org.br\/#\/schema\/person\/6d308f9d9d1eebad0278ad9386f13169","name":"123esite","image":{"@type":"ImageObject","inLanguage":"en-US","@id":"https:\/\/secure.gravatar.com\/avatar\/07bd71fac19f42004f2b73567f012e126689afdb23cb0017536dea9113ba1806?s=96&d=mm&r=g","url":"https:\/\/secure.gravatar.com\/avatar\/07bd71fac19f42004f2b73567f012e126689afdb23cb0017536dea9113ba1806?s=96&d=mm&r=g","contentUrl":"https:\/\/secure.gravatar.com\/avatar\/07bd71fac19f42004f2b73567f012e126689afdb23cb0017536dea9113ba1806?s=96&d=mm&r=g","caption":"123esite"},"sameAs":["http:\/\/globalattitude.org.br"],"url":"https:\/\/globalattitude.org.br\/en\/author\/123esite\/"}]}},"_links":{"self":[{"href":"https:\/\/globalattitude.org.br\/en\/wp-json\/wp\/v2\/posts\/603","targetHints":{"allow":["GET"]}}],"collection":[{"href":"https:\/\/globalattitude.org.br\/en\/wp-json\/wp\/v2\/posts"}],"about":[{"href":"https:\/\/globalattitude.org.br\/en\/wp-json\/wp\/v2\/types\/post"}],"author":[{"embeddable":true,"href":"https:\/\/globalattitude.org.br\/en\/wp-json\/wp\/v2\/users\/1"}],"replies":[{"embeddable":true,"href":"https:\/\/globalattitude.org.br\/en\/wp-json\/wp\/v2\/comments?post=603"}],"version-history":[{"count":0,"href":"https:\/\/globalattitude.org.br\/en\/wp-json\/wp\/v2\/posts\/603\/revisions"}],"wp:attachment":[{"href":"https:\/\/globalattitude.org.br\/en\/wp-json\/wp\/v2\/media?parent=603"}],"wp:term":[{"taxonomy":"category","embeddable":true,"href":"https:\/\/globalattitude.org.br\/en\/wp-json\/wp\/v2\/categories?post=603"},{"taxonomy":"post_tag","embeddable":true,"href":"https:\/\/globalattitude.org.br\/en\/wp-json\/wp\/v2\/tags?post=603"}],"curies":[{"name":"wp","href":"https:\/\/api.w.org\/{rel}","templated":true}]}}