{"id":618,"date":"2015-06-12T17:57:27","date_gmt":"2015-06-12T20:57:27","guid":{"rendered":"https:\/\/globalattitude.org.br\/global-attitude-esta-entre-os-participantes-do-civil-brics-2015\/"},"modified":"2015-06-12T17:57:27","modified_gmt":"2015-06-12T20:57:27","slug":"global-attitude-esta-entre-os-participantes-do-civil-brics-2015","status":"publish","type":"post","link":"https:\/\/globalattitude.org.br\/en\/global-attitude-esta-entre-os-participantes-do-civil-brics-2015\/","title":{"rendered":"Global Attitude est\u00e1 entre os participantes do Civil BRICS 2015"},"content":{"rendered":"<p>Rodrigo Reis, diretor e idealizador do\u00a0Instituto Global Attitude, foi formalmente convidado para participar do\u00a0<a href=\"http:\/\/www.civilbrics.ru\/pt\/\" target=\"_blank\" rel=\"noopener noreferrer\">Civil BRICS 2015<\/a>, que acontece entre os dias\u00a029 de junho e 1 de julho, em Moscou, na R\u00fassia.<\/p>\n<p>Implementado pela primeira vez no \u00e2mbito da\u00a0C\u00fapula BRICS, o &#8220;Civil BRICS&#8221; \u00e9 um F\u00f3rum Civil, que tem como\u00a0objetivo criar\u00a0um di\u00e1logo construtivo entre governo e sociedade civil sobre os mais importantes temas sociais, como sa\u00fade p\u00fablica, educa\u00e7\u00e3o, cultura, problemas de urbaniza\u00e7\u00e3o, desenvolvimento, finan\u00e7as e resolu\u00e7\u00e3o de conflitos.<\/p>\n<p>Segundo informou Vikt\u00f3ria Panova, copresidente do Civil BRICS \u00e0 ag\u00eancia de not\u00edcias Ria N\u00f4vosti,\u00a0&#8220;O documento mais fundamental produzido nesse processo ser\u00e3o as recomenda\u00e7\u00f5es aos chefes de Estado em Uf\u00e1&#8221;.\u00a0Cerca de 120 pessoas poder\u00e3o integrar as\u00a0delega\u00e7\u00e3o de participantes do f\u00f3rum e dos grupos de trabalho.<\/p>\n<p>Quer ficar por dentro do evento? Acompanhe nosso blog e <a href=\"https:\/\/www.facebook.com\/global.attitude.org?fref=ts\" target=\"_blank\" rel=\"noopener noreferrer\">nossa p\u00e1gina do Facebook<\/a> e receba informa\u00e7\u00f5es multim\u00eddia em primeira m\u00e3o.<\/p>\n","protected":false},"excerpt":{"rendered":"<p>Rodrigo Reis, diretor e idealizador do\u00a0Instituto Global Attitude, foi formalmente convidado para participar do\u00a0Civil BRICS 2015, que acontece entre os dias\u00a029 de junho e 1 de julho, em Moscou, na R\u00fassia. Implementado pela primeira vez no \u00e2mbito da\u00a0C\u00fapula BRICS, o &#8220;Civil BRICS&#8221; \u00e9 um F\u00f3rum Civil, que tem como\u00a0objetivo criar\u00a0um di\u00e1logo construtivo entre governo e [&hellip;]<\/p>\n","protected":false},"author":1,"featured_media":0,"comment_status":"open","ping_status":"open","sticky":false,"template":"","format":"standard","meta":{"_acf_changed":false,"om_disable_all_campaigns":false,"_monsterinsights_skip_tracking":false,"_monsterinsights_sitenote_active":false,"_monsterinsights_sitenote_note":"","_monsterinsights_sitenote_category":0,"_uf_show_specific_survey":0,"_uf_disable_surveys":false,"footnotes":""},"categories":[22,34],"tags":[],"class_list":["post-618","post","type-post","status-publish","format-standard","hentry","category-programas","category-ultimas"],"acf":[],"aioseo_notices":[],"yoast_head":"<!-- This site is optimized with the Yoast SEO plugin v27.5 - https:\/\/yoast.com\/product\/yoast-seo-wordpress\/ -->\n<title>Global Attitude est\u00e1 entre os participantes do Civil BRICS 2015 - Instituto Global Attitude<\/title>\n<meta name=\"robots\" content=\"index, follow, max-snippet:-1, max-image-preview:large, max-video-preview:-1\" \/>\n<link rel=\"canonical\" href=\"http:\/\/globalattitude.org.br\/en\/global-attitude-esta-entre-os-participantes-do-civil-brics-2015\/\" \/>\n<meta property=\"og:locale\" content=\"en_US\" \/>\n<meta property=\"og:type\" content=\"article\" \/>\n<meta property=\"og:title\" content=\"Global Attitude est\u00e1 entre os participantes do Civil BRICS 2015 - Instituto Global Attitude\" \/>\n<meta property=\"og:description\" content=\"Rodrigo Reis, diretor e idealizador do\u00a0Instituto Global Attitude, foi formalmente convidado para participar do\u00a0Civil BRICS 2015, que acontece entre os dias\u00a029 de junho e 1 de julho, em Moscou, na R\u00fassia. Implementado pela primeira vez no \u00e2mbito da\u00a0C\u00fapula BRICS, o &#8220;Civil BRICS&#8221; \u00e9 um F\u00f3rum Civil, que tem como\u00a0objetivo criar\u00a0um di\u00e1logo construtivo entre governo e [&hellip;]\" \/>\n<meta property=\"og:url\" content=\"http:\/\/globalattitude.org.br\/en\/global-attitude-esta-entre-os-participantes-do-civil-brics-2015\/\" \/>\n<meta property=\"og:site_name\" content=\"Instituto Global Attitude\" \/>\n<meta property=\"article:publisher\" content=\"https:\/\/www.facebook.com\/global.attitude.org\/\" \/>\n<meta property=\"article:published_time\" content=\"2015-06-12T20:57:27+00:00\" \/>\n<meta name=\"author\" content=\"123esite\" \/>\n<meta name=\"twitter:card\" content=\"summary_large_image\" \/>\n<meta name=\"twitter:creator\" content=\"@global_attitude\" \/>\n<meta name=\"twitter:site\" content=\"@global_attitude\" \/>\n<meta name=\"twitter:label1\" content=\"Written by\" \/>\n\t<meta name=\"twitter:data1\" content=\"123esite\" \/>\n\t<meta name=\"twitter:label2\" content=\"Est. reading time\" \/>\n\t<meta name=\"twitter:data2\" content=\"1 minute\" \/>\n<script type=\"application\/ld+json\" class=\"yoast-schema-graph\">{\"@context\":\"https:\\\/\\\/schema.org\",\"@graph\":[{\"@type\":[\"Article\",\"BlogPosting\"],\"@id\":\"http:\\\/\\\/globalattitude.org.br\\\/en\\\/global-attitude-esta-entre-os-participantes-do-civil-brics-2015\\\/#article\",\"isPartOf\":{\"@id\":\"http:\\\/\\\/globalattitude.org.br\\\/en\\\/global-attitude-esta-entre-os-participantes-do-civil-brics-2015\\\/\"},\"author\":{\"name\":\"123esite\",\"@id\":\"https:\\\/\\\/globalattitude.org.br\\\/en\\\/#\\\/schema\\\/person\\\/6d308f9d9d1eebad0278ad9386f13169\"},\"headline\":\"Global Attitude est\u00e1 entre os participantes do Civil BRICS 2015\",\"datePublished\":\"2015-06-12T20:57:27+00:00\",\"mainEntityOfPage\":{\"@id\":\"http:\\\/\\\/globalattitude.org.br\\\/en\\\/global-attitude-esta-entre-os-participantes-do-civil-brics-2015\\\/\"},\"wordCount\":177,\"commentCount\":0,\"publisher\":{\"@id\":\"https:\\\/\\\/globalattitude.org.br\\\/en\\\/#organization\"},\"articleSection\":[\"Programas\",\"\u00daltimas\"],\"inLanguage\":\"en-US\",\"potentialAction\":[{\"@type\":\"CommentAction\",\"name\":\"Comment\",\"target\":[\"http:\\\/\\\/globalattitude.org.br\\\/en\\\/global-attitude-esta-entre-os-participantes-do-civil-brics-2015\\\/#respond\"]}]},{\"@type\":\"WebPage\",\"@id\":\"http:\\\/\\\/globalattitude.org.br\\\/en\\\/global-attitude-esta-entre-os-participantes-do-civil-brics-2015\\\/\",\"url\":\"http:\\\/\\\/globalattitude.org.br\\\/en\\\/global-attitude-esta-entre-os-participantes-do-civil-brics-2015\\\/\",\"name\":\"Global Attitude est\u00e1 entre os participantes do Civil BRICS 2015 - Instituto Global Attitude\",\"isPartOf\":{\"@id\":\"https:\\\/\\\/globalattitude.org.br\\\/en\\\/#website\"},\"datePublished\":\"2015-06-12T20:57:27+00:00\",\"breadcrumb\":{\"@id\":\"http:\\\/\\\/globalattitude.org.br\\\/en\\\/global-attitude-esta-entre-os-participantes-do-civil-brics-2015\\\/#breadcrumb\"},\"inLanguage\":\"en-US\",\"potentialAction\":[{\"@type\":\"ReadAction\",\"target\":[\"http:\\\/\\\/globalattitude.org.br\\\/en\\\/global-attitude-esta-entre-os-participantes-do-civil-brics-2015\\\/\"]}]},{\"@type\":\"BreadcrumbList\",\"@id\":\"http:\\\/\\\/globalattitude.org.br\\\/en\\\/global-attitude-esta-entre-os-participantes-do-civil-brics-2015\\\/#breadcrumb\",\"itemListElement\":[{\"@type\":\"ListItem\",\"position\":1,\"name\":\"In\u00edcio\",\"item\":\"https:\\\/\\\/globalattitude.org.br\\\/en\\\/\"},{\"@type\":\"ListItem\",\"position\":2,\"name\":\"Global Attitude est\u00e1 entre os participantes do Civil BRICS 2015\"}]},{\"@type\":\"WebSite\",\"@id\":\"https:\\\/\\\/globalattitude.org.br\\\/en\\\/#website\",\"url\":\"https:\\\/\\\/globalattitude.org.br\\\/en\\\/\",\"name\":\"Instituto Global Attitude\",\"description\":\"\",\"publisher\":{\"@id\":\"https:\\\/\\\/globalattitude.org.br\\\/en\\\/#organization\"},\"potentialAction\":[{\"@type\":\"SearchAction\",\"target\":{\"@type\":\"EntryPoint\",\"urlTemplate\":\"https:\\\/\\\/globalattitude.org.br\\\/en\\\/?s={search_term_string}\"},\"query-input\":{\"@type\":\"PropertyValueSpecification\",\"valueRequired\":true,\"valueName\":\"search_term_string\"}}],\"inLanguage\":\"en-US\"},{\"@type\":\"Organization\",\"@id\":\"https:\\\/\\\/globalattitude.org.br\\\/en\\\/#organization\",\"name\":\"Instituto Global Attitude\",\"url\":\"https:\\\/\\\/globalattitude.org.br\\\/en\\\/\",\"logo\":{\"@type\":\"ImageObject\",\"inLanguage\":\"en-US\",\"@id\":\"https:\\\/\\\/globalattitude.org.br\\\/en\\\/#\\\/schema\\\/logo\\\/image\\\/\",\"url\":\"https:\\\/\\\/globalattitude.org.br\\\/wp-content\\\/uploads\\\/2023\\\/01\\\/instituto-global-attitude-color.png\",\"contentUrl\":\"https:\\\/\\\/globalattitude.org.br\\\/wp-content\\\/uploads\\\/2023\\\/01\\\/instituto-global-attitude-color.png\",\"width\":300,\"height\":131,\"caption\":\"Instituto Global Attitude\"},\"image\":{\"@id\":\"https:\\\/\\\/globalattitude.org.br\\\/en\\\/#\\\/schema\\\/logo\\\/image\\\/\"},\"sameAs\":[\"https:\\\/\\\/www.facebook.com\\\/global.attitude.org\\\/\",\"https:\\\/\\\/x.com\\\/global_attitude\",\"https:\\\/\\\/www.instagram.com\\\/globalattitude\",\"https:\\\/\\\/www.linkedin.com\\\/company\\\/global-attitude\\\/?viewAsMember=true\"]},{\"@type\":\"Person\",\"@id\":\"https:\\\/\\\/globalattitude.org.br\\\/en\\\/#\\\/schema\\\/person\\\/6d308f9d9d1eebad0278ad9386f13169\",\"name\":\"123esite\",\"image\":{\"@type\":\"ImageObject\",\"inLanguage\":\"en-US\",\"@id\":\"https:\\\/\\\/secure.gravatar.com\\\/avatar\\\/07bd71fac19f42004f2b73567f012e126689afdb23cb0017536dea9113ba1806?s=96&d=mm&r=g\",\"url\":\"https:\\\/\\\/secure.gravatar.com\\\/avatar\\\/07bd71fac19f42004f2b73567f012e126689afdb23cb0017536dea9113ba1806?s=96&d=mm&r=g\",\"contentUrl\":\"https:\\\/\\\/secure.gravatar.com\\\/avatar\\\/07bd71fac19f42004f2b73567f012e126689afdb23cb0017536dea9113ba1806?s=96&d=mm&r=g\",\"caption\":\"123esite\"},\"sameAs\":[\"http:\\\/\\\/globalattitude.org.br\"],\"url\":\"https:\\\/\\\/globalattitude.org.br\\\/en\\\/author\\\/123esite\\\/\"}]}<\/script>\n<!-- \/ Yoast SEO plugin. -->","yoast_head_json":{"title":"Global Attitude est\u00e1 entre os participantes do Civil BRICS 2015 - Instituto Global Attitude","robots":{"index":"index","follow":"follow","max-snippet":"max-snippet:-1","max-image-preview":"max-image-preview:large","max-video-preview":"max-video-preview:-1"},"canonical":"http:\/\/globalattitude.org.br\/en\/global-attitude-esta-entre-os-participantes-do-civil-brics-2015\/","og_locale":"en_US","og_type":"article","og_title":"Global Attitude est\u00e1 entre os participantes do Civil BRICS 2015 - Instituto Global Attitude","og_description":"Rodrigo Reis, diretor e idealizador do\u00a0Instituto Global Attitude, foi formalmente convidado para participar do\u00a0Civil BRICS 2015, que acontece entre os dias\u00a029 de junho e 1 de julho, em Moscou, na R\u00fassia. Implementado pela primeira vez no \u00e2mbito da\u00a0C\u00fapula BRICS, o &#8220;Civil BRICS&#8221; \u00e9 um F\u00f3rum Civil, que tem como\u00a0objetivo criar\u00a0um di\u00e1logo construtivo entre governo e [&hellip;]","og_url":"http:\/\/globalattitude.org.br\/en\/global-attitude-esta-entre-os-participantes-do-civil-brics-2015\/","og_site_name":"Instituto Global Attitude","article_publisher":"https:\/\/www.facebook.com\/global.attitude.org\/","article_published_time":"2015-06-12T20:57:27+00:00","author":"123esite","twitter_card":"summary_large_image","twitter_creator":"@global_attitude","twitter_site":"@global_attitude","twitter_misc":{"Written by":"123esite","Est. reading time":"1 minute"},"schema":{"@context":"https:\/\/schema.org","@graph":[{"@type":["Article","BlogPosting"],"@id":"http:\/\/globalattitude.org.br\/en\/global-attitude-esta-entre-os-participantes-do-civil-brics-2015\/#article","isPartOf":{"@id":"http:\/\/globalattitude.org.br\/en\/global-attitude-esta-entre-os-participantes-do-civil-brics-2015\/"},"author":{"name":"123esite","@id":"https:\/\/globalattitude.org.br\/en\/#\/schema\/person\/6d308f9d9d1eebad0278ad9386f13169"},"headline":"Global Attitude est\u00e1 entre os participantes do Civil BRICS 2015","datePublished":"2015-06-12T20:57:27+00:00","mainEntityOfPage":{"@id":"http:\/\/globalattitude.org.br\/en\/global-attitude-esta-entre-os-participantes-do-civil-brics-2015\/"},"wordCount":177,"commentCount":0,"publisher":{"@id":"https:\/\/globalattitude.org.br\/en\/#organization"},"articleSection":["Programas","\u00daltimas"],"inLanguage":"en-US","potentialAction":[{"@type":"CommentAction","name":"Comment","target":["http:\/\/globalattitude.org.br\/en\/global-attitude-esta-entre-os-participantes-do-civil-brics-2015\/#respond"]}]},{"@type":"WebPage","@id":"http:\/\/globalattitude.org.br\/en\/global-attitude-esta-entre-os-participantes-do-civil-brics-2015\/","url":"http:\/\/globalattitude.org.br\/en\/global-attitude-esta-entre-os-participantes-do-civil-brics-2015\/","name":"Global Attitude est\u00e1 entre os participantes do Civil BRICS 2015 - Instituto Global Attitude","isPartOf":{"@id":"https:\/\/globalattitude.org.br\/en\/#website"},"datePublished":"2015-06-12T20:57:27+00:00","breadcrumb":{"@id":"http:\/\/globalattitude.org.br\/en\/global-attitude-esta-entre-os-participantes-do-civil-brics-2015\/#breadcrumb"},"inLanguage":"en-US","potentialAction":[{"@type":"ReadAction","target":["http:\/\/globalattitude.org.br\/en\/global-attitude-esta-entre-os-participantes-do-civil-brics-2015\/"]}]},{"@type":"BreadcrumbList","@id":"http:\/\/globalattitude.org.br\/en\/global-attitude-esta-entre-os-participantes-do-civil-brics-2015\/#breadcrumb","itemListElement":[{"@type":"ListItem","position":1,"name":"In\u00edcio","item":"https:\/\/globalattitude.org.br\/en\/"},{"@type":"ListItem","position":2,"name":"Global Attitude est\u00e1 entre os participantes do Civil BRICS 2015"}]},{"@type":"WebSite","@id":"https:\/\/globalattitude.org.br\/en\/#website","url":"https:\/\/globalattitude.org.br\/en\/","name":"Instituto Global Attitude","description":"","publisher":{"@id":"https:\/\/globalattitude.org.br\/en\/#organization"},"potentialAction":[{"@type":"SearchAction","target":{"@type":"EntryPoint","urlTemplate":"https:\/\/globalattitude.org.br\/en\/?s={search_term_string}"},"query-input":{"@type":"PropertyValueSpecification","valueRequired":true,"valueName":"search_term_string"}}],"inLanguage":"en-US"},{"@type":"Organization","@id":"https:\/\/globalattitude.org.br\/en\/#organization","name":"Instituto Global Attitude","url":"https:\/\/globalattitude.org.br\/en\/","logo":{"@type":"ImageObject","inLanguage":"en-US","@id":"https:\/\/globalattitude.org.br\/en\/#\/schema\/logo\/image\/","url":"https:\/\/globalattitude.org.br\/wp-content\/uploads\/2023\/01\/instituto-global-attitude-color.png","contentUrl":"https:\/\/globalattitude.org.br\/wp-content\/uploads\/2023\/01\/instituto-global-attitude-color.png","width":300,"height":131,"caption":"Instituto Global Attitude"},"image":{"@id":"https:\/\/globalattitude.org.br\/en\/#\/schema\/logo\/image\/"},"sameAs":["https:\/\/www.facebook.com\/global.attitude.org\/","https:\/\/x.com\/global_attitude","https:\/\/www.instagram.com\/globalattitude","https:\/\/www.linkedin.com\/company\/global-attitude\/?viewAsMember=true"]},{"@type":"Person","@id":"https:\/\/globalattitude.org.br\/en\/#\/schema\/person\/6d308f9d9d1eebad0278ad9386f13169","name":"123esite","image":{"@type":"ImageObject","inLanguage":"en-US","@id":"https:\/\/secure.gravatar.com\/avatar\/07bd71fac19f42004f2b73567f012e126689afdb23cb0017536dea9113ba1806?s=96&d=mm&r=g","url":"https:\/\/secure.gravatar.com\/avatar\/07bd71fac19f42004f2b73567f012e126689afdb23cb0017536dea9113ba1806?s=96&d=mm&r=g","contentUrl":"https:\/\/secure.gravatar.com\/avatar\/07bd71fac19f42004f2b73567f012e126689afdb23cb0017536dea9113ba1806?s=96&d=mm&r=g","caption":"123esite"},"sameAs":["http:\/\/globalattitude.org.br"],"url":"https:\/\/globalattitude.org.br\/en\/author\/123esite\/"}]}},"_links":{"self":[{"href":"https:\/\/globalattitude.org.br\/en\/wp-json\/wp\/v2\/posts\/618","targetHints":{"allow":["GET"]}}],"collection":[{"href":"https:\/\/globalattitude.org.br\/en\/wp-json\/wp\/v2\/posts"}],"about":[{"href":"https:\/\/globalattitude.org.br\/en\/wp-json\/wp\/v2\/types\/post"}],"author":[{"embeddable":true,"href":"https:\/\/globalattitude.org.br\/en\/wp-json\/wp\/v2\/users\/1"}],"replies":[{"embeddable":true,"href":"https:\/\/globalattitude.org.br\/en\/wp-json\/wp\/v2\/comments?post=618"}],"version-history":[{"count":0,"href":"https:\/\/globalattitude.org.br\/en\/wp-json\/wp\/v2\/posts\/618\/revisions"}],"wp:attachment":[{"href":"https:\/\/globalattitude.org.br\/en\/wp-json\/wp\/v2\/media?parent=618"}],"wp:term":[{"taxonomy":"category","embeddable":true,"href":"https:\/\/globalattitude.org.br\/en\/wp-json\/wp\/v2\/categories?post=618"},{"taxonomy":"post_tag","embeddable":true,"href":"https:\/\/globalattitude.org.br\/en\/wp-json\/wp\/v2\/tags?post=618"}],"curies":[{"name":"wp","href":"https:\/\/api.w.org\/{rel}","templated":true}]}}