{"id":626,"date":"2015-06-23T15:21:10","date_gmt":"2015-06-23T18:21:10","guid":{"rendered":"https:\/\/globalattitude.org.br\/mobilidade-graficos-mostram-o-aumento-de-refugiados-no-mundo\/"},"modified":"2023-03-10T09:53:38","modified_gmt":"2023-03-10T12:53:38","slug":"mobilidade-graficos-mostram-o-aumento-de-refugiados-no-mundo","status":"publish","type":"post","link":"https:\/\/globalattitude.org.br\/en\/mobilidade-graficos-mostram-o-aumento-de-refugiados-no-mundo\/","title":{"rendered":"Mobilidade: gr\u00e1ficos mostram o aumento de refugiados no mundo"},"content":{"rendered":"<p>Atualmente, cerca de\u00a060 milh\u00f5es de pessoas est\u00e3o\u00a0deslocadas pelo mundo, por causa de conflitos\u00a0e persegui\u00e7\u00f5es. Este \u00e9 o maior n\u00famero j\u00e1 registrado segundo a Organiza\u00e7\u00e3o das Na\u00e7\u00f5es Unidas.<\/p>\n<p>De acordo com o relat\u00f3rio da ONU, divulgado esta semana, cerca de 14 milh\u00f5es destes fugiram em 2014. Estes infogr\u00e1ficos, criados pelos\u00a0jornalistas do\u00a0<a href=\"http:\/\/www.nytimes.com\" target=\"_blank\" rel=\"noopener noreferrer\">The New York Times<\/a>\u00a0Sergio Pe\u00e7anha e Tim Wallace, ajudam a\u00a0entender melhor a quest\u00e3o dos refugiados e da\u00a0mobilidade, num mundo cada vez mais m\u00f3vel. Voc\u00ea pode ler a mat\u00e9ria original, em ingl\u00eas, <a href=\"http:\/\/www.nytimes.com\/interactive\/2015\/06\/21\/world\/map-flow-desperate-migration-refugee-crisis.html?smid=tw-share&amp;_r=1\" target=\"_blank\" rel=\"noopener noreferrer\">aqui<\/a>.<\/p>\n<div id=\"attachment_1351\" style=\"width: 610px\" class=\"wp-caption alignnone\"><a href=\"http:\/\/globalattitude.org.br\/wp-content\/uploads\/2023\/03\/Screen-Shot-2015-06-23-at-12.06.06.png\"><img fetchpriority=\"high\" decoding=\"async\" aria-describedby=\"caption-attachment-1351\" class=\"wp-image-1351\" src=\"http:\/\/globalattitude.org.br\/wp-content\/uploads\/2023\/03\/Screen-Shot-2015-06-23-at-12.06.06.png\" alt=\"\" width=\"600\" height=\"358\" \/><\/a><p id=\"caption-attachment-1351\" class=\"wp-caption-text\">Imagem: NY Times\/ Sergio Pe\u00e7anha e Tim Wallace<\/p><\/div>\n<p><strong>DESLOCAMENTO S\u00cdRIO<\/strong><br \/>\nCerca de 11,6 milh\u00f5es de s\u00edrios foram deslocados, quase metade\u00a0de toda a popula\u00e7\u00e3o da S\u00edria. A maioria deles est\u00e3o\u00a0dispersos dentro\u00a0S\u00edria, mas 3,9 milh\u00f5es estavam vivendo no exterior at\u00e9 o final de 2014. Agora, quase todos eles est\u00e3o na\u00a0Turquia, L\u00edbano, Jord\u00e2nia e Iraque.<\/p>\n<div id=\"attachment_1352\" style=\"width: 610px\" class=\"wp-caption alignnone\"><a href=\"http:\/\/globalattitude.org.br\/wp-content\/uploads\/2023\/03\/Screen-Shot-2015-06-23-at-12.06.17.png\"><img decoding=\"async\" aria-describedby=\"caption-attachment-1352\" class=\"wp-image-1352\" src=\"http:\/\/globalattitude.org.br\/wp-content\/uploads\/2023\/03\/Screen-Shot-2015-06-23-at-12.06.17.png\" alt=\"\" width=\"600\" height=\"380\" \/><\/a><p id=\"caption-attachment-1352\" class=\"wp-caption-text\">Imagem: NY Times\/ Sergio Pe\u00e7anha e Tim Wallace<\/p><\/div>\n<p>Al\u00e9m das milh\u00f5es de pessoas que fugiram para os vizinhos imediatos da S\u00edria, o Egito recebeu o maior n\u00famero de refugiados da S\u00edria, cerca de 138 mil em dezembro de 2014. Todos os outros pa\u00edses combinados tem recebido um n\u00famero relativamente pequeno, cerca de 140.000, conforme mostrado acima.<\/p>\n<p><strong><span class=\"hps\">\u00c1FRICA: CONTINENTE<\/span> <span class=\"hps\">NEGLIGENCIADO<\/span><\/strong><br \/>\n<span class=\"hps\">Apesar<\/span> <span class=\"hps\">do drama<\/span> <span class=\"hps\">dos imigrantes<\/span> <span class=\"hps\">que tentam atravessar<\/span> <span class=\"hps\">o Mediterr\u00e2neo\u00a0<\/span><span class=\"hps\">para chegar \u00e0 Europa<\/span>, <span class=\"hps\">a maioria dos africanos<\/span>\u00a0deslocados por\u00a0<span class=\"hps\">conflitos ficam na\u00a0\u00c1frica<\/span>.<\/p>\n<div id=\"attachment_1353\" style=\"width: 610px\" class=\"wp-caption alignnone\"><a href=\"http:\/\/globalattitude.org.br\/wp-content\/uploads\/2023\/03\/Screen-Shot-2015-06-23-at-12.06.31.png\"><img decoding=\"async\" aria-describedby=\"caption-attachment-1353\" class=\"wp-image-1353\" src=\"http:\/\/globalattitude.org.br\/wp-content\/uploads\/2023\/03\/Screen-Shot-2015-06-23-at-12.06.31.png\" alt=\"Imagem: NY Times\/ Sergio Pe\u00e7anha e Tim Wallace\" width=\"600\" height=\"504\" \/><\/a><p id=\"caption-attachment-1353\" class=\"wp-caption-text\">Imagem: NY Times\/ Sergio Pe\u00e7anha e Tim Wallace<\/p><\/div>\n<div id=\"attachment_1354\" style=\"width: 610px\" class=\"wp-caption alignnone\"><a href=\"http:\/\/globalattitude.org.br\/wp-content\/uploads\/2023\/03\/Screen-Shot-2015-06-23-at-12.06.41.png\"><img loading=\"lazy\" decoding=\"async\" aria-describedby=\"caption-attachment-1354\" class=\"wp-image-1354\" src=\"http:\/\/globalattitude.org.br\/wp-content\/uploads\/2023\/03\/Screen-Shot-2015-06-23-at-12.06.41.png\" alt=\"\" width=\"600\" height=\"441\" \/><\/a><p id=\"caption-attachment-1354\" class=\"wp-caption-text\">Imagem: NY Times\/ Sergio Pe\u00e7anha e Tim Wallace<\/p><\/div>\n<p>Cerca de 15 milh\u00f5es de pessoas est\u00e3o deslocadas na \u00c1frica subsaariana &#8211; 4,5 milh\u00f5es deles fugiram no ano passado. Conflitos de longa dura\u00e7\u00e3o na Som\u00e1lia, Sud\u00e3o e na Rep\u00fablica Democr\u00e1tica do Congo, bem como a guerra civil no sul do Sud\u00e3o, s\u00e3o alguns dos principais contribuidores.<\/p>\n<p><strong>PRINCIPAIS DESTINOS<\/strong><br \/>\nQuando refugiados fogem de seus pr\u00f3prios pa\u00edses, a maioria acabam indo para vizinhos imediatos, muitas vezes uma das na\u00e7\u00f5es mais pobres do mundo.<\/p>\n<p><a href=\"http:\/\/globalattitude.org.br\/wp-content\/uploads\/2023\/03\/Screen-Shot-2015-06-23-at-12.06.49.png\"><img loading=\"lazy\" decoding=\"async\" class=\"alignnone wp-image-1355\" src=\"http:\/\/globalattitude.org.br\/wp-content\/uploads\/2023\/03\/Screen-Shot-2015-06-23-at-12.06.49.png\" alt=\"\" width=\"600\" height=\"313\" \/><\/a><\/p>\n<p><strong>EM PA\u00cdSES DE PRIMEIRO MUNDO<\/strong><br \/>\nOs Estados Unidos e a Fran\u00e7a, s\u00e3o os pa\u00edses de primeiro mundo que mais recebem refugiados. Eles t\u00eam a maior variedade de refugiados por pa\u00eds de origem.<\/p>\n<div id=\"attachment_1356\" style=\"width: 610px\" class=\"wp-caption alignnone\"><a href=\"http:\/\/globalattitude.org.br\/wp-content\/uploads\/2023\/03\/Screen-Shot-2015-06-23-at-12.07.03.png\"><img loading=\"lazy\" decoding=\"async\" aria-describedby=\"caption-attachment-1356\" class=\"wp-image-1356\" src=\"http:\/\/globalattitude.org.br\/wp-content\/uploads\/2023\/03\/Screen-Shot-2015-06-23-at-12.07.03.png\" alt=\"\" width=\"600\" height=\"487\" \/><\/a><p id=\"caption-attachment-1356\" class=\"wp-caption-text\">Imagem: NY Times\/ Sergio Pe\u00e7anha e Tim Wallace<\/p><\/div>\n<div id=\"attachment_1357\" style=\"width: 610px\" class=\"wp-caption alignnone\"><a href=\"http:\/\/globalattitude.org.br\/wp-content\/uploads\/2023\/03\/Screen-Shot-2015-06-23-at-12.07.15.png\"><img loading=\"lazy\" decoding=\"async\" aria-describedby=\"caption-attachment-1357\" class=\"wp-image-1357\" src=\"http:\/\/globalattitude.org.br\/wp-content\/uploads\/2023\/03\/Screen-Shot-2015-06-23-at-12.07.15.png\" alt=\"\" width=\"600\" height=\"379\" \/><\/a><p id=\"caption-attachment-1357\" class=\"wp-caption-text\">Imagem: NY Times\/ Sergio Pe\u00e7anha e Tim Wallace<\/p><\/div>\n<p>Em termos de hospedagem de pessoas deslocadas, os pa\u00edses desenvolvidos recebem poucas pessoas se comparados com pa\u00edses fronteiri\u00e7os as zonas de conflito. Combinados, os Estados Unidos e a Fran\u00e7a tinham 760 mil refugiados no ano passado. Sozinha, a Eti\u00f3pia, por exemplo, \u00e9 palco de 665.000, a maior parte da Som\u00e1lia e do Sud\u00e3o do Sul. Os pa\u00edses ricos oferecem a maior parte do financiamento para ajudar os refugiados no mundo em desenvolvimento. Em 2014, os Estados Unidos contribui com cerca de um ter\u00e7o do or\u00e7amento da ag\u00eancia de refugiados das Na\u00e7\u00f5es Unidas.<\/p>\n<p>Fonte: Alto Comissariado das Na\u00e7\u00f5es Unidas para os Refugiados<\/p>\n","protected":false},"excerpt":{"rendered":"<p>Atualmente, cerca de\u00a060 milh\u00f5es de pessoas est\u00e3o\u00a0deslocadas pelo mundo, por causa de conflitos\u00a0e persegui\u00e7\u00f5es. Este \u00e9 o maior n\u00famero j\u00e1 registrado segundo a Organiza\u00e7\u00e3o das Na\u00e7\u00f5es Unidas. De acordo com o relat\u00f3rio da ONU, divulgado esta semana, cerca de 14 milh\u00f5es destes fugiram em 2014. Estes infogr\u00e1ficos, criados pelos\u00a0jornalistas do\u00a0The New York Times\u00a0Sergio Pe\u00e7anha e [&hellip;]<\/p>\n","protected":false},"author":1,"featured_media":627,"comment_status":"open","ping_status":"open","sticky":false,"template":"","format":"standard","meta":{"_acf_changed":false,"om_disable_all_campaigns":false,"_monsterinsights_skip_tracking":false,"_monsterinsights_sitenote_active":false,"_monsterinsights_sitenote_note":"","_monsterinsights_sitenote_category":0,"_uf_show_specific_survey":0,"_uf_disable_surveys":false,"footnotes":""},"categories":[35,34],"tags":[],"class_list":["post-626","post","type-post","status-publish","format-standard","hentry","category-opiniao","category-ultimas"],"acf":[],"aioseo_notices":[],"yoast_head":"<!-- This site is optimized with the Yoast SEO plugin v27.5 - https:\/\/yoast.com\/product\/yoast-seo-wordpress\/ -->\n<title>Mobilidade: gr\u00e1ficos mostram o aumento de refugiados no mundo - Instituto Global Attitude<\/title>\n<meta name=\"robots\" content=\"index, follow, max-snippet:-1, max-image-preview:large, max-video-preview:-1\" \/>\n<link rel=\"canonical\" href=\"http:\/\/globalattitude.org.br\/mobilidade-graficos-mostram-o-aumento-de-refugiados-no-mundo\/\" \/>\n<meta property=\"og:locale\" content=\"en_US\" \/>\n<meta property=\"og:type\" content=\"article\" \/>\n<meta property=\"og:title\" content=\"Mobilidade: gr\u00e1ficos mostram o aumento de refugiados no mundo - Instituto Global Attitude\" \/>\n<meta property=\"og:description\" content=\"Atualmente, cerca de\u00a060 milh\u00f5es de pessoas est\u00e3o\u00a0deslocadas pelo mundo, por causa de conflitos\u00a0e persegui\u00e7\u00f5es. Este \u00e9 o maior n\u00famero j\u00e1 registrado segundo a Organiza\u00e7\u00e3o das Na\u00e7\u00f5es Unidas. De acordo com o relat\u00f3rio da ONU, divulgado esta semana, cerca de 14 milh\u00f5es destes fugiram em 2014. Estes infogr\u00e1ficos, criados pelos\u00a0jornalistas do\u00a0The New York Times\u00a0Sergio Pe\u00e7anha e [&hellip;]\" \/>\n<meta property=\"og:url\" content=\"http:\/\/globalattitude.org.br\/mobilidade-graficos-mostram-o-aumento-de-refugiados-no-mundo\/\" \/>\n<meta property=\"og:site_name\" content=\"Instituto Global Attitude\" \/>\n<meta property=\"article:publisher\" content=\"https:\/\/www.facebook.com\/global.attitude.org\/\" \/>\n<meta property=\"article:published_time\" content=\"2015-06-23T18:21:10+00:00\" \/>\n<meta property=\"article:modified_time\" content=\"2023-03-10T12:53:38+00:00\" \/>\n<meta property=\"og:image\" content=\"http:\/\/globalattitude.org.br\/wp-content\/uploads\/2023\/03\/Screen-Shot-2015-06-23-at-12.06.06.png\" \/>\n\t<meta property=\"og:image:width\" content=\"1068\" \/>\n\t<meta property=\"og:image:height\" content=\"637\" \/>\n\t<meta property=\"og:image:type\" content=\"image\/png\" \/>\n<meta name=\"author\" content=\"123esite\" \/>\n<meta name=\"twitter:card\" content=\"summary_large_image\" \/>\n<meta name=\"twitter:creator\" content=\"@global_attitude\" \/>\n<meta name=\"twitter:site\" content=\"@global_attitude\" \/>\n<meta name=\"twitter:label1\" content=\"Written by\" \/>\n\t<meta name=\"twitter:data1\" content=\"123esite\" \/>\n\t<meta name=\"twitter:label2\" content=\"Est. reading time\" \/>\n\t<meta name=\"twitter:data2\" content=\"3 minutes\" \/>\n<script type=\"application\/ld+json\" class=\"yoast-schema-graph\">{\"@context\":\"https:\\\/\\\/schema.org\",\"@graph\":[{\"@type\":[\"Article\",\"BlogPosting\"],\"@id\":\"http:\\\/\\\/globalattitude.org.br\\\/mobilidade-graficos-mostram-o-aumento-de-refugiados-no-mundo\\\/#article\",\"isPartOf\":{\"@id\":\"http:\\\/\\\/globalattitude.org.br\\\/mobilidade-graficos-mostram-o-aumento-de-refugiados-no-mundo\\\/\"},\"author\":{\"name\":\"123esite\",\"@id\":\"https:\\\/\\\/globalattitude.org.br\\\/en\\\/#\\\/schema\\\/person\\\/6d308f9d9d1eebad0278ad9386f13169\"},\"headline\":\"Mobilidade: gr\u00e1ficos mostram o aumento de refugiados no mundo\",\"datePublished\":\"2015-06-23T18:21:10+00:00\",\"dateModified\":\"2023-03-10T12:53:38+00:00\",\"mainEntityOfPage\":{\"@id\":\"http:\\\/\\\/globalattitude.org.br\\\/mobilidade-graficos-mostram-o-aumento-de-refugiados-no-mundo\\\/\"},\"wordCount\":570,\"commentCount\":0,\"publisher\":{\"@id\":\"https:\\\/\\\/globalattitude.org.br\\\/en\\\/#organization\"},\"image\":{\"@id\":\"http:\\\/\\\/globalattitude.org.br\\\/mobilidade-graficos-mostram-o-aumento-de-refugiados-no-mundo\\\/#primaryimage\"},\"thumbnailUrl\":\"https:\\\/\\\/globalattitude.org.br\\\/wp-content\\\/uploads\\\/2023\\\/03\\\/Screen-Shot-2015-06-23-at-12.06.06.png\",\"articleSection\":[\"Opini\u00e3o\",\"\u00daltimas\"],\"inLanguage\":\"en-US\",\"potentialAction\":[{\"@type\":\"CommentAction\",\"name\":\"Comment\",\"target\":[\"http:\\\/\\\/globalattitude.org.br\\\/mobilidade-graficos-mostram-o-aumento-de-refugiados-no-mundo\\\/#respond\"]}]},{\"@type\":\"WebPage\",\"@id\":\"http:\\\/\\\/globalattitude.org.br\\\/mobilidade-graficos-mostram-o-aumento-de-refugiados-no-mundo\\\/\",\"url\":\"http:\\\/\\\/globalattitude.org.br\\\/mobilidade-graficos-mostram-o-aumento-de-refugiados-no-mundo\\\/\",\"name\":\"Mobilidade: gr\u00e1ficos mostram o aumento de refugiados no mundo - Instituto Global Attitude\",\"isPartOf\":{\"@id\":\"https:\\\/\\\/globalattitude.org.br\\\/en\\\/#website\"},\"primaryImageOfPage\":{\"@id\":\"http:\\\/\\\/globalattitude.org.br\\\/mobilidade-graficos-mostram-o-aumento-de-refugiados-no-mundo\\\/#primaryimage\"},\"image\":{\"@id\":\"http:\\\/\\\/globalattitude.org.br\\\/mobilidade-graficos-mostram-o-aumento-de-refugiados-no-mundo\\\/#primaryimage\"},\"thumbnailUrl\":\"https:\\\/\\\/globalattitude.org.br\\\/wp-content\\\/uploads\\\/2023\\\/03\\\/Screen-Shot-2015-06-23-at-12.06.06.png\",\"datePublished\":\"2015-06-23T18:21:10+00:00\",\"dateModified\":\"2023-03-10T12:53:38+00:00\",\"breadcrumb\":{\"@id\":\"http:\\\/\\\/globalattitude.org.br\\\/mobilidade-graficos-mostram-o-aumento-de-refugiados-no-mundo\\\/#breadcrumb\"},\"inLanguage\":\"en-US\",\"potentialAction\":[{\"@type\":\"ReadAction\",\"target\":[\"http:\\\/\\\/globalattitude.org.br\\\/mobilidade-graficos-mostram-o-aumento-de-refugiados-no-mundo\\\/\"]}]},{\"@type\":\"ImageObject\",\"inLanguage\":\"en-US\",\"@id\":\"http:\\\/\\\/globalattitude.org.br\\\/mobilidade-graficos-mostram-o-aumento-de-refugiados-no-mundo\\\/#primaryimage\",\"url\":\"https:\\\/\\\/globalattitude.org.br\\\/wp-content\\\/uploads\\\/2023\\\/03\\\/Screen-Shot-2015-06-23-at-12.06.06.png\",\"contentUrl\":\"https:\\\/\\\/globalattitude.org.br\\\/wp-content\\\/uploads\\\/2023\\\/03\\\/Screen-Shot-2015-06-23-at-12.06.06.png\",\"width\":1068,\"height\":637},{\"@type\":\"BreadcrumbList\",\"@id\":\"http:\\\/\\\/globalattitude.org.br\\\/mobilidade-graficos-mostram-o-aumento-de-refugiados-no-mundo\\\/#breadcrumb\",\"itemListElement\":[{\"@type\":\"ListItem\",\"position\":1,\"name\":\"In\u00edcio\",\"item\":\"https:\\\/\\\/globalattitude.org.br\\\/en\\\/\"},{\"@type\":\"ListItem\",\"position\":2,\"name\":\"Mobilidade: gr\u00e1ficos mostram o aumento de refugiados no mundo\"}]},{\"@type\":\"WebSite\",\"@id\":\"https:\\\/\\\/globalattitude.org.br\\\/en\\\/#website\",\"url\":\"https:\\\/\\\/globalattitude.org.br\\\/en\\\/\",\"name\":\"Instituto Global Attitude\",\"description\":\"\",\"publisher\":{\"@id\":\"https:\\\/\\\/globalattitude.org.br\\\/en\\\/#organization\"},\"potentialAction\":[{\"@type\":\"SearchAction\",\"target\":{\"@type\":\"EntryPoint\",\"urlTemplate\":\"https:\\\/\\\/globalattitude.org.br\\\/en\\\/?s={search_term_string}\"},\"query-input\":{\"@type\":\"PropertyValueSpecification\",\"valueRequired\":true,\"valueName\":\"search_term_string\"}}],\"inLanguage\":\"en-US\"},{\"@type\":\"Organization\",\"@id\":\"https:\\\/\\\/globalattitude.org.br\\\/en\\\/#organization\",\"name\":\"Instituto Global Attitude\",\"url\":\"https:\\\/\\\/globalattitude.org.br\\\/en\\\/\",\"logo\":{\"@type\":\"ImageObject\",\"inLanguage\":\"en-US\",\"@id\":\"https:\\\/\\\/globalattitude.org.br\\\/en\\\/#\\\/schema\\\/logo\\\/image\\\/\",\"url\":\"https:\\\/\\\/globalattitude.org.br\\\/wp-content\\\/uploads\\\/2023\\\/01\\\/instituto-global-attitude-color.png\",\"contentUrl\":\"https:\\\/\\\/globalattitude.org.br\\\/wp-content\\\/uploads\\\/2023\\\/01\\\/instituto-global-attitude-color.png\",\"width\":300,\"height\":131,\"caption\":\"Instituto Global Attitude\"},\"image\":{\"@id\":\"https:\\\/\\\/globalattitude.org.br\\\/en\\\/#\\\/schema\\\/logo\\\/image\\\/\"},\"sameAs\":[\"https:\\\/\\\/www.facebook.com\\\/global.attitude.org\\\/\",\"https:\\\/\\\/x.com\\\/global_attitude\",\"https:\\\/\\\/www.instagram.com\\\/globalattitude\",\"https:\\\/\\\/www.linkedin.com\\\/company\\\/global-attitude\\\/?viewAsMember=true\"]},{\"@type\":\"Person\",\"@id\":\"https:\\\/\\\/globalattitude.org.br\\\/en\\\/#\\\/schema\\\/person\\\/6d308f9d9d1eebad0278ad9386f13169\",\"name\":\"123esite\",\"image\":{\"@type\":\"ImageObject\",\"inLanguage\":\"en-US\",\"@id\":\"https:\\\/\\\/secure.gravatar.com\\\/avatar\\\/07bd71fac19f42004f2b73567f012e126689afdb23cb0017536dea9113ba1806?s=96&d=mm&r=g\",\"url\":\"https:\\\/\\\/secure.gravatar.com\\\/avatar\\\/07bd71fac19f42004f2b73567f012e126689afdb23cb0017536dea9113ba1806?s=96&d=mm&r=g\",\"contentUrl\":\"https:\\\/\\\/secure.gravatar.com\\\/avatar\\\/07bd71fac19f42004f2b73567f012e126689afdb23cb0017536dea9113ba1806?s=96&d=mm&r=g\",\"caption\":\"123esite\"},\"sameAs\":[\"http:\\\/\\\/globalattitude.org.br\"],\"url\":\"https:\\\/\\\/globalattitude.org.br\\\/en\\\/author\\\/123esite\\\/\"}]}<\/script>\n<!-- \/ Yoast SEO plugin. -->","yoast_head_json":{"title":"Mobilidade: gr\u00e1ficos mostram o aumento de refugiados no mundo - Instituto Global Attitude","robots":{"index":"index","follow":"follow","max-snippet":"max-snippet:-1","max-image-preview":"max-image-preview:large","max-video-preview":"max-video-preview:-1"},"canonical":"http:\/\/globalattitude.org.br\/mobilidade-graficos-mostram-o-aumento-de-refugiados-no-mundo\/","og_locale":"en_US","og_type":"article","og_title":"Mobilidade: gr\u00e1ficos mostram o aumento de refugiados no mundo - Instituto Global Attitude","og_description":"Atualmente, cerca de\u00a060 milh\u00f5es de pessoas est\u00e3o\u00a0deslocadas pelo mundo, por causa de conflitos\u00a0e persegui\u00e7\u00f5es. Este \u00e9 o maior n\u00famero j\u00e1 registrado segundo a Organiza\u00e7\u00e3o das Na\u00e7\u00f5es Unidas. De acordo com o relat\u00f3rio da ONU, divulgado esta semana, cerca de 14 milh\u00f5es destes fugiram em 2014. Estes infogr\u00e1ficos, criados pelos\u00a0jornalistas do\u00a0The New York Times\u00a0Sergio Pe\u00e7anha e [&hellip;]","og_url":"http:\/\/globalattitude.org.br\/mobilidade-graficos-mostram-o-aumento-de-refugiados-no-mundo\/","og_site_name":"Instituto Global Attitude","article_publisher":"https:\/\/www.facebook.com\/global.attitude.org\/","article_published_time":"2015-06-23T18:21:10+00:00","article_modified_time":"2023-03-10T12:53:38+00:00","og_image":[{"width":1068,"height":637,"url":"http:\/\/globalattitude.org.br\/wp-content\/uploads\/2023\/03\/Screen-Shot-2015-06-23-at-12.06.06.png","type":"image\/png"}],"author":"123esite","twitter_card":"summary_large_image","twitter_creator":"@global_attitude","twitter_site":"@global_attitude","twitter_misc":{"Written by":"123esite","Est. reading time":"3 minutes"},"schema":{"@context":"https:\/\/schema.org","@graph":[{"@type":["Article","BlogPosting"],"@id":"http:\/\/globalattitude.org.br\/mobilidade-graficos-mostram-o-aumento-de-refugiados-no-mundo\/#article","isPartOf":{"@id":"http:\/\/globalattitude.org.br\/mobilidade-graficos-mostram-o-aumento-de-refugiados-no-mundo\/"},"author":{"name":"123esite","@id":"https:\/\/globalattitude.org.br\/en\/#\/schema\/person\/6d308f9d9d1eebad0278ad9386f13169"},"headline":"Mobilidade: gr\u00e1ficos mostram o aumento de refugiados no mundo","datePublished":"2015-06-23T18:21:10+00:00","dateModified":"2023-03-10T12:53:38+00:00","mainEntityOfPage":{"@id":"http:\/\/globalattitude.org.br\/mobilidade-graficos-mostram-o-aumento-de-refugiados-no-mundo\/"},"wordCount":570,"commentCount":0,"publisher":{"@id":"https:\/\/globalattitude.org.br\/en\/#organization"},"image":{"@id":"http:\/\/globalattitude.org.br\/mobilidade-graficos-mostram-o-aumento-de-refugiados-no-mundo\/#primaryimage"},"thumbnailUrl":"https:\/\/globalattitude.org.br\/wp-content\/uploads\/2023\/03\/Screen-Shot-2015-06-23-at-12.06.06.png","articleSection":["Opini\u00e3o","\u00daltimas"],"inLanguage":"en-US","potentialAction":[{"@type":"CommentAction","name":"Comment","target":["http:\/\/globalattitude.org.br\/mobilidade-graficos-mostram-o-aumento-de-refugiados-no-mundo\/#respond"]}]},{"@type":"WebPage","@id":"http:\/\/globalattitude.org.br\/mobilidade-graficos-mostram-o-aumento-de-refugiados-no-mundo\/","url":"http:\/\/globalattitude.org.br\/mobilidade-graficos-mostram-o-aumento-de-refugiados-no-mundo\/","name":"Mobilidade: gr\u00e1ficos mostram o aumento de refugiados no mundo - Instituto Global Attitude","isPartOf":{"@id":"https:\/\/globalattitude.org.br\/en\/#website"},"primaryImageOfPage":{"@id":"http:\/\/globalattitude.org.br\/mobilidade-graficos-mostram-o-aumento-de-refugiados-no-mundo\/#primaryimage"},"image":{"@id":"http:\/\/globalattitude.org.br\/mobilidade-graficos-mostram-o-aumento-de-refugiados-no-mundo\/#primaryimage"},"thumbnailUrl":"https:\/\/globalattitude.org.br\/wp-content\/uploads\/2023\/03\/Screen-Shot-2015-06-23-at-12.06.06.png","datePublished":"2015-06-23T18:21:10+00:00","dateModified":"2023-03-10T12:53:38+00:00","breadcrumb":{"@id":"http:\/\/globalattitude.org.br\/mobilidade-graficos-mostram-o-aumento-de-refugiados-no-mundo\/#breadcrumb"},"inLanguage":"en-US","potentialAction":[{"@type":"ReadAction","target":["http:\/\/globalattitude.org.br\/mobilidade-graficos-mostram-o-aumento-de-refugiados-no-mundo\/"]}]},{"@type":"ImageObject","inLanguage":"en-US","@id":"http:\/\/globalattitude.org.br\/mobilidade-graficos-mostram-o-aumento-de-refugiados-no-mundo\/#primaryimage","url":"https:\/\/globalattitude.org.br\/wp-content\/uploads\/2023\/03\/Screen-Shot-2015-06-23-at-12.06.06.png","contentUrl":"https:\/\/globalattitude.org.br\/wp-content\/uploads\/2023\/03\/Screen-Shot-2015-06-23-at-12.06.06.png","width":1068,"height":637},{"@type":"BreadcrumbList","@id":"http:\/\/globalattitude.org.br\/mobilidade-graficos-mostram-o-aumento-de-refugiados-no-mundo\/#breadcrumb","itemListElement":[{"@type":"ListItem","position":1,"name":"In\u00edcio","item":"https:\/\/globalattitude.org.br\/en\/"},{"@type":"ListItem","position":2,"name":"Mobilidade: gr\u00e1ficos mostram o aumento de refugiados no mundo"}]},{"@type":"WebSite","@id":"https:\/\/globalattitude.org.br\/en\/#website","url":"https:\/\/globalattitude.org.br\/en\/","name":"Instituto Global Attitude","description":"","publisher":{"@id":"https:\/\/globalattitude.org.br\/en\/#organization"},"potentialAction":[{"@type":"SearchAction","target":{"@type":"EntryPoint","urlTemplate":"https:\/\/globalattitude.org.br\/en\/?s={search_term_string}"},"query-input":{"@type":"PropertyValueSpecification","valueRequired":true,"valueName":"search_term_string"}}],"inLanguage":"en-US"},{"@type":"Organization","@id":"https:\/\/globalattitude.org.br\/en\/#organization","name":"Instituto Global Attitude","url":"https:\/\/globalattitude.org.br\/en\/","logo":{"@type":"ImageObject","inLanguage":"en-US","@id":"https:\/\/globalattitude.org.br\/en\/#\/schema\/logo\/image\/","url":"https:\/\/globalattitude.org.br\/wp-content\/uploads\/2023\/01\/instituto-global-attitude-color.png","contentUrl":"https:\/\/globalattitude.org.br\/wp-content\/uploads\/2023\/01\/instituto-global-attitude-color.png","width":300,"height":131,"caption":"Instituto Global Attitude"},"image":{"@id":"https:\/\/globalattitude.org.br\/en\/#\/schema\/logo\/image\/"},"sameAs":["https:\/\/www.facebook.com\/global.attitude.org\/","https:\/\/x.com\/global_attitude","https:\/\/www.instagram.com\/globalattitude","https:\/\/www.linkedin.com\/company\/global-attitude\/?viewAsMember=true"]},{"@type":"Person","@id":"https:\/\/globalattitude.org.br\/en\/#\/schema\/person\/6d308f9d9d1eebad0278ad9386f13169","name":"123esite","image":{"@type":"ImageObject","inLanguage":"en-US","@id":"https:\/\/secure.gravatar.com\/avatar\/07bd71fac19f42004f2b73567f012e126689afdb23cb0017536dea9113ba1806?s=96&d=mm&r=g","url":"https:\/\/secure.gravatar.com\/avatar\/07bd71fac19f42004f2b73567f012e126689afdb23cb0017536dea9113ba1806?s=96&d=mm&r=g","contentUrl":"https:\/\/secure.gravatar.com\/avatar\/07bd71fac19f42004f2b73567f012e126689afdb23cb0017536dea9113ba1806?s=96&d=mm&r=g","caption":"123esite"},"sameAs":["http:\/\/globalattitude.org.br"],"url":"https:\/\/globalattitude.org.br\/en\/author\/123esite\/"}]}},"_links":{"self":[{"href":"https:\/\/globalattitude.org.br\/en\/wp-json\/wp\/v2\/posts\/626","targetHints":{"allow":["GET"]}}],"collection":[{"href":"https:\/\/globalattitude.org.br\/en\/wp-json\/wp\/v2\/posts"}],"about":[{"href":"https:\/\/globalattitude.org.br\/en\/wp-json\/wp\/v2\/types\/post"}],"author":[{"embeddable":true,"href":"https:\/\/globalattitude.org.br\/en\/wp-json\/wp\/v2\/users\/1"}],"replies":[{"embeddable":true,"href":"https:\/\/globalattitude.org.br\/en\/wp-json\/wp\/v2\/comments?post=626"}],"version-history":[{"count":1,"href":"https:\/\/globalattitude.org.br\/en\/wp-json\/wp\/v2\/posts\/626\/revisions"}],"predecessor-version":[{"id":634,"href":"https:\/\/globalattitude.org.br\/en\/wp-json\/wp\/v2\/posts\/626\/revisions\/634"}],"wp:featuredmedia":[{"embeddable":true,"href":"https:\/\/globalattitude.org.br\/en\/wp-json\/wp\/v2\/media\/627"}],"wp:attachment":[{"href":"https:\/\/globalattitude.org.br\/en\/wp-json\/wp\/v2\/media?parent=626"}],"wp:term":[{"taxonomy":"category","embeddable":true,"href":"https:\/\/globalattitude.org.br\/en\/wp-json\/wp\/v2\/categories?post=626"},{"taxonomy":"post_tag","embeddable":true,"href":"https:\/\/globalattitude.org.br\/en\/wp-json\/wp\/v2\/tags?post=626"}],"curies":[{"name":"wp","href":"https:\/\/api.w.org\/{rel}","templated":true}]}}