{"id":646,"date":"2015-07-02T20:02:22","date_gmt":"2015-07-02T23:02:22","guid":{"rendered":"https:\/\/globalattitude.org.br\/na-primeira-edicao-do-youth-brics-global-attitude-leva-cinco-brasileiros-a-kazan-na-russia\/"},"modified":"2015-07-02T20:02:22","modified_gmt":"2015-07-02T23:02:22","slug":"na-primeira-edicao-do-youth-brics-global-attitude-leva-cinco-brasileiros-a-kazan-na-russia","status":"publish","type":"post","link":"https:\/\/globalattitude.org.br\/en\/na-primeira-edicao-do-youth-brics-global-attitude-leva-cinco-brasileiros-a-kazan-na-russia\/","title":{"rendered":"Na primeira edi\u00e7\u00e3o do Youth BRICS, Global Attitude leva quatro brasileiros a Kazan, na R\u00fassia"},"content":{"rendered":"<p><strong>Bra\u00e7o do Civil BRICS, evento\u00a0pretende fomentar\u00a0um di\u00e1logo construtivo entre a juventude civil dos pa\u00edses que fazem parte da coopera\u00e7\u00e3o\u00a0<strong>internacional<\/strong> e suas lideran\u00e7as<\/strong><\/p>\n<p class=\"p1\">Cerca de trezentos jovens &#8211; dentre eles, quatro brasileiros selecionados pelo programa <a href=\"http:\/\/blog.globalattitude.org.br\/\" target=\"_blank\" rel=\"noopener noreferrer\">Diplomacia Civil<\/a>, do Instituto Global Attitude &#8211; devem se reunir em Kazan, na R\u00fassia, entre os dias 3 e 7 de julho, para debater cinco temas globais importantes:\u00a0pol\u00edtica, economia, comunica\u00e7\u00e3o, m\u00eddia de massa e tecnologia da informa\u00e7\u00e3o, ci\u00eancia e tecnologia, al\u00e9m da esfera humanit\u00e1ria.<\/p>\n<p>Bra\u00e7o do\u00a0Civil BRICS, a primeira edi\u00e7\u00e3o do\u00a0<a href=\"http:\/\/en.brics2015.ru\/news\/20150701\/223516.html\" target=\"_blank\" rel=\"noopener noreferrer\">Youth BRICS <\/a>contar\u00e1 com a presen\u00e7a do Ministro do Exterior Sergey Lavrov e tem como objetivo fomentar\u00a0um di\u00e1logo construtivo entre a juventude civil dos pa\u00edses que fazem parte da coopera\u00e7\u00e3o\u00a0internacional e suas lideran\u00e7as.\u00a0Todos os jovens\u00a0delegados selecionados\u00a0tiveram\u00a0seus custos de passagem, hospedagem e transporte interno subsidiados pela organiza\u00e7\u00e3o do Youth BRICS.<\/p>\n<p>Como\u00a0afirmou o chefe da Ag\u00eancia Federal para a Juventude Sergei Pospelov, em uma coletiva de imprensa, na mesma ocasi\u00e3o tamb\u00e9m haver\u00e1 uma sess\u00e3o voltada somente para a quest\u00e3o da\u00a0coopera\u00e7\u00e3o energ\u00e9tica.\u00a0&#8220;A c\u00fapula terminar\u00e1 com a assinatura de um plano de a\u00e7\u00e3o para a dimens\u00e3o da juventude BRICS&#8221;, disse Pospelov.<\/p>\n<p class=\"p1\">Idealizador do Diplomacia Civil &#8211; programa que engaja\u00a0jovens em temas de relev\u00e2ncia mundial por meio da capacita\u00e7\u00e3o e coordena\u00e7\u00e3o de delega\u00e7\u00f5es para confer\u00eancias internacionais &#8211; o Instituto Global Attitude \u00e9 uma\u00a0OSCIP (Organiza\u00e7\u00e3o da Sociedade Civil de Interesse P\u00fablico), sem fins lucrativos, que, desde 2011, articula a coopera\u00e7\u00e3o internacional e promove processos transformativos no Brasil e no mundo.<\/p>\n<p class=\"p1\">Dentre os brasileiros selecionados pelo Instituto est\u00e3o os pesquisadores\u00a0Victor Miriam,\u00a0Danillo Alarcon e\u00a0Juliana Moura Bueno, al\u00e9m do jornalista\u00a0Renan de Souza.<\/p>\n<p class=\"p1\">\n","protected":false},"excerpt":{"rendered":"<p>Bra\u00e7o do Civil BRICS, evento\u00a0pretende fomentar\u00a0um di\u00e1logo construtivo entre a juventude civil dos pa\u00edses que fazem parte da coopera\u00e7\u00e3o\u00a0internacional e suas lideran\u00e7as Cerca de trezentos jovens &#8211; dentre eles, quatro brasileiros selecionados pelo programa Diplomacia Civil, do Instituto Global Attitude &#8211; devem se reunir em Kazan, na R\u00fassia, entre os dias 3 e 7 de [&hellip;]<\/p>\n","protected":false},"author":1,"featured_media":0,"comment_status":"open","ping_status":"open","sticky":false,"template":"","format":"standard","meta":{"_acf_changed":false,"om_disable_all_campaigns":false,"_monsterinsights_skip_tracking":false,"_monsterinsights_sitenote_active":false,"_monsterinsights_sitenote_note":"","_monsterinsights_sitenote_category":0,"_uf_show_specific_survey":0,"_uf_disable_surveys":false,"footnotes":""},"categories":[22,34],"tags":[],"class_list":["post-646","post","type-post","status-publish","format-standard","hentry","category-programas","category-ultimas"],"acf":[],"aioseo_notices":[],"yoast_head":"<!-- This site is optimized with the Yoast SEO plugin v27.5 - https:\/\/yoast.com\/product\/yoast-seo-wordpress\/ -->\n<title>Na primeira edi\u00e7\u00e3o do Youth BRICS, Global Attitude leva quatro brasileiros a Kazan, na R\u00fassia - Instituto Global Attitude<\/title>\n<meta name=\"robots\" content=\"index, follow, max-snippet:-1, max-image-preview:large, max-video-preview:-1\" \/>\n<link rel=\"canonical\" href=\"https:\/\/globalattitude.org.br\/na-primeira-edicao-do-youth-brics-global-attitude-leva-cinco-brasileiros-a-kazan-na-russia\/\" \/>\n<meta property=\"og:locale\" content=\"en_US\" \/>\n<meta property=\"og:type\" content=\"article\" \/>\n<meta property=\"og:title\" content=\"Na primeira edi\u00e7\u00e3o do Youth BRICS, Global Attitude leva quatro brasileiros a Kazan, na R\u00fassia - Instituto Global Attitude\" \/>\n<meta property=\"og:description\" content=\"Bra\u00e7o do Civil BRICS, evento\u00a0pretende fomentar\u00a0um di\u00e1logo construtivo entre a juventude civil dos pa\u00edses que fazem parte da coopera\u00e7\u00e3o\u00a0internacional e suas lideran\u00e7as Cerca de trezentos jovens &#8211; dentre eles, quatro brasileiros selecionados pelo programa Diplomacia Civil, do Instituto Global Attitude &#8211; devem se reunir em Kazan, na R\u00fassia, entre os dias 3 e 7 de [&hellip;]\" \/>\n<meta property=\"og:url\" content=\"https:\/\/globalattitude.org.br\/na-primeira-edicao-do-youth-brics-global-attitude-leva-cinco-brasileiros-a-kazan-na-russia\/\" \/>\n<meta property=\"og:site_name\" content=\"Instituto Global Attitude\" \/>\n<meta property=\"article:publisher\" content=\"https:\/\/www.facebook.com\/global.attitude.org\/\" \/>\n<meta property=\"article:published_time\" content=\"2015-07-02T23:02:22+00:00\" \/>\n<meta name=\"author\" content=\"123esite\" \/>\n<meta name=\"twitter:card\" content=\"summary_large_image\" \/>\n<meta name=\"twitter:creator\" content=\"@global_attitude\" \/>\n<meta name=\"twitter:site\" content=\"@global_attitude\" \/>\n<meta name=\"twitter:label1\" content=\"Written by\" \/>\n\t<meta name=\"twitter:data1\" content=\"123esite\" \/>\n\t<meta name=\"twitter:label2\" content=\"Est. reading time\" \/>\n\t<meta name=\"twitter:data2\" content=\"2 minutes\" \/>\n<script type=\"application\/ld+json\" class=\"yoast-schema-graph\">{\"@context\":\"https:\\\/\\\/schema.org\",\"@graph\":[{\"@type\":[\"Article\",\"BlogPosting\"],\"@id\":\"https:\\\/\\\/globalattitude.org.br\\\/na-primeira-edicao-do-youth-brics-global-attitude-leva-cinco-brasileiros-a-kazan-na-russia\\\/#article\",\"isPartOf\":{\"@id\":\"https:\\\/\\\/globalattitude.org.br\\\/na-primeira-edicao-do-youth-brics-global-attitude-leva-cinco-brasileiros-a-kazan-na-russia\\\/\"},\"author\":{\"name\":\"123esite\",\"@id\":\"https:\\\/\\\/globalattitude.org.br\\\/en\\\/#\\\/schema\\\/person\\\/6d308f9d9d1eebad0278ad9386f13169\"},\"headline\":\"Na primeira edi\u00e7\u00e3o do Youth BRICS, Global Attitude leva quatro brasileiros a Kazan, na R\u00fassia\",\"datePublished\":\"2015-07-02T23:02:22+00:00\",\"mainEntityOfPage\":{\"@id\":\"https:\\\/\\\/globalattitude.org.br\\\/na-primeira-edicao-do-youth-brics-global-attitude-leva-cinco-brasileiros-a-kazan-na-russia\\\/\"},\"wordCount\":332,\"commentCount\":0,\"publisher\":{\"@id\":\"https:\\\/\\\/globalattitude.org.br\\\/en\\\/#organization\"},\"articleSection\":[\"Programas\",\"\u00daltimas\"],\"inLanguage\":\"en-US\",\"potentialAction\":[{\"@type\":\"CommentAction\",\"name\":\"Comment\",\"target\":[\"https:\\\/\\\/globalattitude.org.br\\\/na-primeira-edicao-do-youth-brics-global-attitude-leva-cinco-brasileiros-a-kazan-na-russia\\\/#respond\"]}]},{\"@type\":\"WebPage\",\"@id\":\"https:\\\/\\\/globalattitude.org.br\\\/na-primeira-edicao-do-youth-brics-global-attitude-leva-cinco-brasileiros-a-kazan-na-russia\\\/\",\"url\":\"https:\\\/\\\/globalattitude.org.br\\\/na-primeira-edicao-do-youth-brics-global-attitude-leva-cinco-brasileiros-a-kazan-na-russia\\\/\",\"name\":\"Na primeira edi\u00e7\u00e3o do Youth BRICS, Global Attitude leva quatro brasileiros a Kazan, na R\u00fassia - Instituto Global Attitude\",\"isPartOf\":{\"@id\":\"https:\\\/\\\/globalattitude.org.br\\\/en\\\/#website\"},\"datePublished\":\"2015-07-02T23:02:22+00:00\",\"breadcrumb\":{\"@id\":\"https:\\\/\\\/globalattitude.org.br\\\/na-primeira-edicao-do-youth-brics-global-attitude-leva-cinco-brasileiros-a-kazan-na-russia\\\/#breadcrumb\"},\"inLanguage\":\"en-US\",\"potentialAction\":[{\"@type\":\"ReadAction\",\"target\":[\"https:\\\/\\\/globalattitude.org.br\\\/na-primeira-edicao-do-youth-brics-global-attitude-leva-cinco-brasileiros-a-kazan-na-russia\\\/\"]}]},{\"@type\":\"BreadcrumbList\",\"@id\":\"https:\\\/\\\/globalattitude.org.br\\\/na-primeira-edicao-do-youth-brics-global-attitude-leva-cinco-brasileiros-a-kazan-na-russia\\\/#breadcrumb\",\"itemListElement\":[{\"@type\":\"ListItem\",\"position\":1,\"name\":\"In\u00edcio\",\"item\":\"https:\\\/\\\/globalattitude.org.br\\\/en\\\/\"},{\"@type\":\"ListItem\",\"position\":2,\"name\":\"Na primeira edi\u00e7\u00e3o do Youth BRICS, Global Attitude leva quatro brasileiros a Kazan, na R\u00fassia\"}]},{\"@type\":\"WebSite\",\"@id\":\"https:\\\/\\\/globalattitude.org.br\\\/en\\\/#website\",\"url\":\"https:\\\/\\\/globalattitude.org.br\\\/en\\\/\",\"name\":\"Instituto Global Attitude\",\"description\":\"\",\"publisher\":{\"@id\":\"https:\\\/\\\/globalattitude.org.br\\\/en\\\/#organization\"},\"potentialAction\":[{\"@type\":\"SearchAction\",\"target\":{\"@type\":\"EntryPoint\",\"urlTemplate\":\"https:\\\/\\\/globalattitude.org.br\\\/en\\\/?s={search_term_string}\"},\"query-input\":{\"@type\":\"PropertyValueSpecification\",\"valueRequired\":true,\"valueName\":\"search_term_string\"}}],\"inLanguage\":\"en-US\"},{\"@type\":\"Organization\",\"@id\":\"https:\\\/\\\/globalattitude.org.br\\\/en\\\/#organization\",\"name\":\"Instituto Global Attitude\",\"url\":\"https:\\\/\\\/globalattitude.org.br\\\/en\\\/\",\"logo\":{\"@type\":\"ImageObject\",\"inLanguage\":\"en-US\",\"@id\":\"https:\\\/\\\/globalattitude.org.br\\\/en\\\/#\\\/schema\\\/logo\\\/image\\\/\",\"url\":\"https:\\\/\\\/globalattitude.org.br\\\/wp-content\\\/uploads\\\/2023\\\/01\\\/instituto-global-attitude-color.png\",\"contentUrl\":\"https:\\\/\\\/globalattitude.org.br\\\/wp-content\\\/uploads\\\/2023\\\/01\\\/instituto-global-attitude-color.png\",\"width\":300,\"height\":131,\"caption\":\"Instituto Global Attitude\"},\"image\":{\"@id\":\"https:\\\/\\\/globalattitude.org.br\\\/en\\\/#\\\/schema\\\/logo\\\/image\\\/\"},\"sameAs\":[\"https:\\\/\\\/www.facebook.com\\\/global.attitude.org\\\/\",\"https:\\\/\\\/x.com\\\/global_attitude\",\"https:\\\/\\\/www.instagram.com\\\/globalattitude\",\"https:\\\/\\\/www.linkedin.com\\\/company\\\/global-attitude\\\/?viewAsMember=true\"]},{\"@type\":\"Person\",\"@id\":\"https:\\\/\\\/globalattitude.org.br\\\/en\\\/#\\\/schema\\\/person\\\/6d308f9d9d1eebad0278ad9386f13169\",\"name\":\"123esite\",\"image\":{\"@type\":\"ImageObject\",\"inLanguage\":\"en-US\",\"@id\":\"https:\\\/\\\/secure.gravatar.com\\\/avatar\\\/07bd71fac19f42004f2b73567f012e126689afdb23cb0017536dea9113ba1806?s=96&d=mm&r=g\",\"url\":\"https:\\\/\\\/secure.gravatar.com\\\/avatar\\\/07bd71fac19f42004f2b73567f012e126689afdb23cb0017536dea9113ba1806?s=96&d=mm&r=g\",\"contentUrl\":\"https:\\\/\\\/secure.gravatar.com\\\/avatar\\\/07bd71fac19f42004f2b73567f012e126689afdb23cb0017536dea9113ba1806?s=96&d=mm&r=g\",\"caption\":\"123esite\"},\"sameAs\":[\"http:\\\/\\\/globalattitude.org.br\"],\"url\":\"https:\\\/\\\/globalattitude.org.br\\\/en\\\/author\\\/123esite\\\/\"}]}<\/script>\n<!-- \/ Yoast SEO plugin. -->","yoast_head_json":{"title":"Na primeira edi\u00e7\u00e3o do Youth BRICS, Global Attitude leva quatro brasileiros a Kazan, na R\u00fassia - Instituto Global Attitude","robots":{"index":"index","follow":"follow","max-snippet":"max-snippet:-1","max-image-preview":"max-image-preview:large","max-video-preview":"max-video-preview:-1"},"canonical":"https:\/\/globalattitude.org.br\/na-primeira-edicao-do-youth-brics-global-attitude-leva-cinco-brasileiros-a-kazan-na-russia\/","og_locale":"en_US","og_type":"article","og_title":"Na primeira edi\u00e7\u00e3o do Youth BRICS, Global Attitude leva quatro brasileiros a Kazan, na R\u00fassia - Instituto Global Attitude","og_description":"Bra\u00e7o do Civil BRICS, evento\u00a0pretende fomentar\u00a0um di\u00e1logo construtivo entre a juventude civil dos pa\u00edses que fazem parte da coopera\u00e7\u00e3o\u00a0internacional e suas lideran\u00e7as Cerca de trezentos jovens &#8211; dentre eles, quatro brasileiros selecionados pelo programa Diplomacia Civil, do Instituto Global Attitude &#8211; devem se reunir em Kazan, na R\u00fassia, entre os dias 3 e 7 de [&hellip;]","og_url":"https:\/\/globalattitude.org.br\/na-primeira-edicao-do-youth-brics-global-attitude-leva-cinco-brasileiros-a-kazan-na-russia\/","og_site_name":"Instituto Global Attitude","article_publisher":"https:\/\/www.facebook.com\/global.attitude.org\/","article_published_time":"2015-07-02T23:02:22+00:00","author":"123esite","twitter_card":"summary_large_image","twitter_creator":"@global_attitude","twitter_site":"@global_attitude","twitter_misc":{"Written by":"123esite","Est. reading time":"2 minutes"},"schema":{"@context":"https:\/\/schema.org","@graph":[{"@type":["Article","BlogPosting"],"@id":"https:\/\/globalattitude.org.br\/na-primeira-edicao-do-youth-brics-global-attitude-leva-cinco-brasileiros-a-kazan-na-russia\/#article","isPartOf":{"@id":"https:\/\/globalattitude.org.br\/na-primeira-edicao-do-youth-brics-global-attitude-leva-cinco-brasileiros-a-kazan-na-russia\/"},"author":{"name":"123esite","@id":"https:\/\/globalattitude.org.br\/en\/#\/schema\/person\/6d308f9d9d1eebad0278ad9386f13169"},"headline":"Na primeira edi\u00e7\u00e3o do Youth BRICS, Global Attitude leva quatro brasileiros a Kazan, na R\u00fassia","datePublished":"2015-07-02T23:02:22+00:00","mainEntityOfPage":{"@id":"https:\/\/globalattitude.org.br\/na-primeira-edicao-do-youth-brics-global-attitude-leva-cinco-brasileiros-a-kazan-na-russia\/"},"wordCount":332,"commentCount":0,"publisher":{"@id":"https:\/\/globalattitude.org.br\/en\/#organization"},"articleSection":["Programas","\u00daltimas"],"inLanguage":"en-US","potentialAction":[{"@type":"CommentAction","name":"Comment","target":["https:\/\/globalattitude.org.br\/na-primeira-edicao-do-youth-brics-global-attitude-leva-cinco-brasileiros-a-kazan-na-russia\/#respond"]}]},{"@type":"WebPage","@id":"https:\/\/globalattitude.org.br\/na-primeira-edicao-do-youth-brics-global-attitude-leva-cinco-brasileiros-a-kazan-na-russia\/","url":"https:\/\/globalattitude.org.br\/na-primeira-edicao-do-youth-brics-global-attitude-leva-cinco-brasileiros-a-kazan-na-russia\/","name":"Na primeira edi\u00e7\u00e3o do Youth BRICS, Global Attitude leva quatro brasileiros a Kazan, na R\u00fassia - Instituto Global Attitude","isPartOf":{"@id":"https:\/\/globalattitude.org.br\/en\/#website"},"datePublished":"2015-07-02T23:02:22+00:00","breadcrumb":{"@id":"https:\/\/globalattitude.org.br\/na-primeira-edicao-do-youth-brics-global-attitude-leva-cinco-brasileiros-a-kazan-na-russia\/#breadcrumb"},"inLanguage":"en-US","potentialAction":[{"@type":"ReadAction","target":["https:\/\/globalattitude.org.br\/na-primeira-edicao-do-youth-brics-global-attitude-leva-cinco-brasileiros-a-kazan-na-russia\/"]}]},{"@type":"BreadcrumbList","@id":"https:\/\/globalattitude.org.br\/na-primeira-edicao-do-youth-brics-global-attitude-leva-cinco-brasileiros-a-kazan-na-russia\/#breadcrumb","itemListElement":[{"@type":"ListItem","position":1,"name":"In\u00edcio","item":"https:\/\/globalattitude.org.br\/en\/"},{"@type":"ListItem","position":2,"name":"Na primeira edi\u00e7\u00e3o do Youth BRICS, Global Attitude leva quatro brasileiros a Kazan, na R\u00fassia"}]},{"@type":"WebSite","@id":"https:\/\/globalattitude.org.br\/en\/#website","url":"https:\/\/globalattitude.org.br\/en\/","name":"Instituto Global Attitude","description":"","publisher":{"@id":"https:\/\/globalattitude.org.br\/en\/#organization"},"potentialAction":[{"@type":"SearchAction","target":{"@type":"EntryPoint","urlTemplate":"https:\/\/globalattitude.org.br\/en\/?s={search_term_string}"},"query-input":{"@type":"PropertyValueSpecification","valueRequired":true,"valueName":"search_term_string"}}],"inLanguage":"en-US"},{"@type":"Organization","@id":"https:\/\/globalattitude.org.br\/en\/#organization","name":"Instituto Global Attitude","url":"https:\/\/globalattitude.org.br\/en\/","logo":{"@type":"ImageObject","inLanguage":"en-US","@id":"https:\/\/globalattitude.org.br\/en\/#\/schema\/logo\/image\/","url":"https:\/\/globalattitude.org.br\/wp-content\/uploads\/2023\/01\/instituto-global-attitude-color.png","contentUrl":"https:\/\/globalattitude.org.br\/wp-content\/uploads\/2023\/01\/instituto-global-attitude-color.png","width":300,"height":131,"caption":"Instituto Global Attitude"},"image":{"@id":"https:\/\/globalattitude.org.br\/en\/#\/schema\/logo\/image\/"},"sameAs":["https:\/\/www.facebook.com\/global.attitude.org\/","https:\/\/x.com\/global_attitude","https:\/\/www.instagram.com\/globalattitude","https:\/\/www.linkedin.com\/company\/global-attitude\/?viewAsMember=true"]},{"@type":"Person","@id":"https:\/\/globalattitude.org.br\/en\/#\/schema\/person\/6d308f9d9d1eebad0278ad9386f13169","name":"123esite","image":{"@type":"ImageObject","inLanguage":"en-US","@id":"https:\/\/secure.gravatar.com\/avatar\/07bd71fac19f42004f2b73567f012e126689afdb23cb0017536dea9113ba1806?s=96&d=mm&r=g","url":"https:\/\/secure.gravatar.com\/avatar\/07bd71fac19f42004f2b73567f012e126689afdb23cb0017536dea9113ba1806?s=96&d=mm&r=g","contentUrl":"https:\/\/secure.gravatar.com\/avatar\/07bd71fac19f42004f2b73567f012e126689afdb23cb0017536dea9113ba1806?s=96&d=mm&r=g","caption":"123esite"},"sameAs":["http:\/\/globalattitude.org.br"],"url":"https:\/\/globalattitude.org.br\/en\/author\/123esite\/"}]}},"_links":{"self":[{"href":"https:\/\/globalattitude.org.br\/en\/wp-json\/wp\/v2\/posts\/646","targetHints":{"allow":["GET"]}}],"collection":[{"href":"https:\/\/globalattitude.org.br\/en\/wp-json\/wp\/v2\/posts"}],"about":[{"href":"https:\/\/globalattitude.org.br\/en\/wp-json\/wp\/v2\/types\/post"}],"author":[{"embeddable":true,"href":"https:\/\/globalattitude.org.br\/en\/wp-json\/wp\/v2\/users\/1"}],"replies":[{"embeddable":true,"href":"https:\/\/globalattitude.org.br\/en\/wp-json\/wp\/v2\/comments?post=646"}],"version-history":[{"count":0,"href":"https:\/\/globalattitude.org.br\/en\/wp-json\/wp\/v2\/posts\/646\/revisions"}],"wp:attachment":[{"href":"https:\/\/globalattitude.org.br\/en\/wp-json\/wp\/v2\/media?parent=646"}],"wp:term":[{"taxonomy":"category","embeddable":true,"href":"https:\/\/globalattitude.org.br\/en\/wp-json\/wp\/v2\/categories?post=646"},{"taxonomy":"post_tag","embeddable":true,"href":"https:\/\/globalattitude.org.br\/en\/wp-json\/wp\/v2\/tags?post=646"}],"curies":[{"name":"wp","href":"https:\/\/api.w.org\/{rel}","templated":true}]}}