{"id":7937,"date":"2024-01-22T12:18:01","date_gmt":"2024-01-22T15:18:01","guid":{"rendered":"https:\/\/globalattitude.org.br\/?p=7937"},"modified":"2024-01-22T12:18:01","modified_gmt":"2024-01-22T15:18:01","slug":"racismo-ambiental-uma-reflexao-necessaria","status":"publish","type":"post","link":"https:\/\/globalattitude.org.br\/en\/racismo-ambiental-uma-reflexao-necessaria\/","title":{"rendered":"Racismo ambiental, uma reflex\u00e3o necess\u00e1ria"},"content":{"rendered":"<p>Voc\u00ea j\u00e1 ouviu falar em racismo ambiental? Embora esse termo possa n\u00e3o ser t\u00e3o amplamente discutido quanto outros tipos de discrimina\u00e7\u00e3o, como o racismo tradicional, ele desempenha um papel significativo em nossa sociedade. Neste artigo, mergulharemos nas \u00e1guas turbulentas desse tema, explorando suas ra\u00edzes, impactos e a necessidade premente de conscientiza\u00e7\u00e3o.<\/p>\n<h2>Conhecendo o Racismo Ambiental<\/h2>\n<p>Antes de mais nada, <a href=\"https:\/\/www.cartacapital.com.br\/sustentabilidade\/o-que-e-o-racismo-ambiental\/\" target=\"_blank\" rel=\"noopener\"><strong>\u00e9 crucial compreender o que significa<\/strong><\/a> o termo &#8220;racismo ambiental&#8221;. Em sua ess\u00eancia, refere-se \u00e0 distribui\u00e7\u00e3o desigual dos \u00f4nus ambientais e dos benef\u00edcios ecossist\u00eamicos, com comunidades racialmente minorit\u00e1rias muitas vezes enfrentando uma carga maior de polui\u00e7\u00e3o e degrada\u00e7\u00e3o ambiental.<\/p>\n<p>\u00c0 medida que adentramos este complexo tema, \u00e9 fundamental perceber que o racismo ambiental <a href=\"https:\/\/www.estadao.com.br\/sustentabilidade\/racismo-ambiental-o-que-e-e-de-onde-surgiu-a-expressao-nprm\/\" target=\"_blank\" rel=\"noopener\"><strong>n\u00e3o \u00e9 uma quest\u00e3o isolada<\/strong>.<\/a> Ele est\u00e1 profundamente entrela\u00e7ado com fatores socioecon\u00f4micos e hist\u00f3ricos, que moldaram as disparidades ambientais que vemos hoje.<\/p>\n<h2>As Origens do Racismo Ambiental<\/h2>\n<p>Em primeiro lugar, \u00e9 necess\u00e1rio voltar os olhos para o passado, onde pr\u00e1ticas discriminat\u00f3rias e segregacionistas moldaram o cen\u00e1rio atual. Comunidades racialmente marginalizadas muitas vezes foram relegadas a \u00e1reas degradadas, expostas a riscos ambientais.<\/p>\n<p>Al\u00e9m disso, pol\u00edticas p\u00fablicas historicamente discriminat\u00f3rias contribu\u00edram para a cria\u00e7\u00e3o de zonas de sacrif\u00edcio, onde ind\u00fastrias poluentes se estabeleceram, impactando de maneira desproporcional essas comunidades vulner\u00e1veis.<\/p>\n<h2>Impactos Sociais e Ambientais<\/h2>\n<p>Num segundo momento, \u00e9 crucial analisar os <a href=\"https:\/\/www.gov.br\/secom\/pt-br\/fatos\/brasil-contra-fake\/noticias\/2023\/3\/o-que-e-racismo-ambiental-e-de-que-forma-impacta-populacoes-mais-vulneraveis\" target=\"_blank\" rel=\"noopener\"><strong>impactos diretos do racismo ambiental<\/strong><\/a> nas comunidades afetadas. A exposi\u00e7\u00e3o a poluentes do ar e da \u00e1gua, por exemplo, tem <a href=\"https:\/\/jornal.usp.br\/atualidades\/racismo-ambiental-e-uma-realidade-que-atinge-populacoes-vulnerabilizadas\/\" target=\"_blank\" rel=\"noopener\"><strong>efeitos devastadores na sa\u00fade<\/strong><\/a> dessas popula\u00e7\u00f5es.<\/p>\n<p>Por conseguinte, a qualidade de vida acaba sendo prejudicada, contribuindo para um ciclo intermin\u00e1vel de desigualdades sociais e ambientais. A falta de acesso a recursos naturais de qualidade tamb\u00e9m afeta a resili\u00eancia dessas comunidades diante das mudan\u00e7as clim\u00e1ticas.<\/p>\n<h2>A Necessidade de Conscientiza\u00e7\u00e3o<\/h2>\n<p>Entretanto, a conscientiza\u00e7\u00e3o sobre esse tema \u00e9 a chave para promover mudan\u00e7as significativas. \u00c0 medida que mais pessoas compreendem a interconex\u00e3o entre <a href=\"https:\/\/www.politize.com.br\/racismo-e-injustica-ambiental\/\" target=\"_blank\" rel=\"noopener\"><strong>justi\u00e7a ambiental e igualdade racial,<\/strong><\/a> surgem movimentos e iniciativas para combater essas disparidades.<\/p>\n<p>Em \u00faltima an\u00e1lise, \u00e9 imperativo que a sociedade reconhe\u00e7a que a luta contra o racismo ambiental n\u00e3o \u00e9 apenas uma quest\u00e3o das comunidades afetadas, mas sim uma responsabilidade coletiva. A mudan\u00e7a s\u00f3 pode acontecer quando todos reconhecem a urg\u00eancia de a\u00e7\u00f5es concretas.<\/p>\n<h2>Estrat\u00e9gias para Combater o Racismo Ambiental<\/h2>\n<p>No entanto, reconhecer o problema \u00e9 apenas o primeiro passo. \u00c9 vital implementar estrat\u00e9gias eficazes para combater o racismo ambiental. Isso inclui a promo\u00e7\u00e3o de pol\u00edticas p\u00fablicas que garantam uma distribui\u00e7\u00e3o equitativa dos \u00f4nus e benef\u00edcios ambientais.<\/p>\n<p>Ademais, a inclus\u00e3o das comunidades afetadas nas decis\u00f5es relacionadas ao meio ambiente \u00e9 fundamental. Capacitar essas popula\u00e7\u00f5es, dando-lhes uma voz ativa nas discuss\u00f5es, \u00e9 um passo crucial para alcan\u00e7ar uma verdadeira justi\u00e7a ambiental.<\/p>\n<h2>Conclus\u00e3o: Um Chamado \u00e0 A\u00e7\u00e3o Coletiva<\/h2>\n<p>Por fim, \u00e9 essencial compreender que o racismo ambiental n\u00e3o \u00e9 uma batalha isolada, mas sim um componente intr\u00ednseco da <a href=\"https:\/\/globalattitude.org.br\/convencao-interamericana-contra-o-racismo\/\" target=\"_blank\" rel=\"noopener\"><strong>luta por equidade e justi\u00e7a.<\/strong><\/a> \u00c0 medida que avan\u00e7amos para um futuro mais sustent\u00e1vel, devemos nos unir para erradicar as ra\u00edzes profundas desse fen\u00f4meno prejudicial.<\/p>\n<p>Assim, ao integrar a luta contra o racismo ambiental em nossos esfor\u00e7os cotidianos, podemos construir uma sociedade mais justa e equitativa. Cada a\u00e7\u00e3o, cada voz elevada contra as disparidades ambientais, contribui para a constru\u00e7\u00e3o de um mundo onde a justi\u00e7a e a igualdade prevalecem.<\/p>\n","protected":false},"excerpt":{"rendered":"<p>Voc\u00ea j\u00e1 ouviu falar em racismo ambiental? Embora esse termo possa n\u00e3o ser t\u00e3o amplamente discutido quanto outros tipos de discrimina\u00e7\u00e3o, como o racismo tradicional, ele desempenha um papel significativo em nossa sociedade. Neste artigo, mergulharemos nas \u00e1guas turbulentas desse tema, explorando suas ra\u00edzes, impactos e a necessidade premente de conscientiza\u00e7\u00e3o. Conhecendo o Racismo Ambiental [&hellip;]<\/p>\n","protected":false},"author":4,"featured_media":0,"comment_status":"open","ping_status":"open","sticky":false,"template":"","format":"standard","meta":{"_acf_changed":false,"om_disable_all_campaigns":false,"_monsterinsights_skip_tracking":false,"_monsterinsights_sitenote_active":false,"_monsterinsights_sitenote_note":"","_monsterinsights_sitenote_category":0,"_uf_show_specific_survey":0,"_uf_disable_surveys":false,"footnotes":""},"categories":[364,35],"tags":[402,401,66],"class_list":["post-7937","post","type-post","status-publish","format-standard","hentry","category-livre","category-opiniao","tag-justica-ambiental","tag-racismo-ambiental","tag-sustentabilidade"],"acf":[],"aioseo_notices":[],"yoast_head":"<!-- This site is optimized with the Yoast SEO plugin v27.4 - https:\/\/yoast.com\/product\/yoast-seo-wordpress\/ -->\n<title>Racismo ambiental, uma reflex\u00e3o necess\u00e1ria - Instituto Global Attitude<\/title>\n<meta name=\"description\" content=\"Descubra as ra\u00edzes e impactos do racismo ambiental neste artigo informativo. Junte-se \u00e0 luta por justi\u00e7a e equidade ambiental.\" \/>\n<meta name=\"robots\" content=\"index, follow, max-snippet:-1, max-image-preview:large, max-video-preview:-1\" \/>\n<link rel=\"canonical\" href=\"https:\/\/globalattitude.org.br\/racismo-ambiental-uma-reflexao-necessaria\/\" \/>\n<meta property=\"og:locale\" content=\"en_US\" \/>\n<meta property=\"og:type\" content=\"article\" \/>\n<meta property=\"og:title\" content=\"Racismo ambiental, uma reflex\u00e3o necess\u00e1ria - Instituto Global Attitude\" \/>\n<meta property=\"og:description\" content=\"Descubra as ra\u00edzes e impactos do racismo ambiental neste artigo informativo. Junte-se \u00e0 luta por justi\u00e7a e equidade ambiental.\" \/>\n<meta property=\"og:url\" content=\"https:\/\/globalattitude.org.br\/racismo-ambiental-uma-reflexao-necessaria\/\" \/>\n<meta property=\"og:site_name\" content=\"Instituto Global Attitude\" \/>\n<meta property=\"article:publisher\" content=\"https:\/\/www.facebook.com\/global.attitude.org\/\" \/>\n<meta property=\"article:published_time\" content=\"2024-01-22T15:18:01+00:00\" \/>\n<meta name=\"author\" content=\"comunicacao\" \/>\n<meta name=\"twitter:card\" content=\"summary_large_image\" \/>\n<meta name=\"twitter:creator\" content=\"@global_attitude\" \/>\n<meta name=\"twitter:site\" content=\"@global_attitude\" \/>\n<meta name=\"twitter:label1\" content=\"Written by\" \/>\n\t<meta name=\"twitter:data1\" content=\"comunicacao\" \/>\n\t<meta name=\"twitter:label2\" content=\"Est. reading time\" \/>\n\t<meta name=\"twitter:data2\" content=\"4 minutes\" \/>\n<script type=\"application\/ld+json\" class=\"yoast-schema-graph\">{\"@context\":\"https:\\\/\\\/schema.org\",\"@graph\":[{\"@type\":[\"Article\",\"BlogPosting\"],\"@id\":\"https:\\\/\\\/globalattitude.org.br\\\/racismo-ambiental-uma-reflexao-necessaria\\\/#article\",\"isPartOf\":{\"@id\":\"https:\\\/\\\/globalattitude.org.br\\\/racismo-ambiental-uma-reflexao-necessaria\\\/\"},\"author\":{\"name\":\"comunicacao\",\"@id\":\"https:\\\/\\\/globalattitude.org.br\\\/#\\\/schema\\\/person\\\/d2d0edb26129b7407b05aa493af63725\"},\"headline\":\"Racismo ambiental, uma reflex\u00e3o necess\u00e1ria\",\"datePublished\":\"2024-01-22T15:18:01+00:00\",\"mainEntityOfPage\":{\"@id\":\"https:\\\/\\\/globalattitude.org.br\\\/racismo-ambiental-uma-reflexao-necessaria\\\/\"},\"wordCount\":590,\"commentCount\":0,\"publisher\":{\"@id\":\"https:\\\/\\\/globalattitude.org.br\\\/#organization\"},\"keywords\":[\"Justi\u00e7a Ambiental\",\"Racismo Ambiental\",\"sustentabilidade\"],\"articleSection\":[\"Livre\",\"Opini\u00e3o\"],\"inLanguage\":\"en-US\",\"potentialAction\":[{\"@type\":\"CommentAction\",\"name\":\"Comment\",\"target\":[\"https:\\\/\\\/globalattitude.org.br\\\/racismo-ambiental-uma-reflexao-necessaria\\\/#respond\"]}]},{\"@type\":\"WebPage\",\"@id\":\"https:\\\/\\\/globalattitude.org.br\\\/racismo-ambiental-uma-reflexao-necessaria\\\/\",\"url\":\"https:\\\/\\\/globalattitude.org.br\\\/racismo-ambiental-uma-reflexao-necessaria\\\/\",\"name\":\"Racismo ambiental, uma reflex\u00e3o necess\u00e1ria - Instituto Global Attitude\",\"isPartOf\":{\"@id\":\"https:\\\/\\\/globalattitude.org.br\\\/#website\"},\"datePublished\":\"2024-01-22T15:18:01+00:00\",\"description\":\"Descubra as ra\u00edzes e impactos do racismo ambiental neste artigo informativo. Junte-se \u00e0 luta por justi\u00e7a e equidade ambiental.\",\"breadcrumb\":{\"@id\":\"https:\\\/\\\/globalattitude.org.br\\\/racismo-ambiental-uma-reflexao-necessaria\\\/#breadcrumb\"},\"inLanguage\":\"en-US\",\"potentialAction\":[{\"@type\":\"ReadAction\",\"target\":[\"https:\\\/\\\/globalattitude.org.br\\\/racismo-ambiental-uma-reflexao-necessaria\\\/\"]}]},{\"@type\":\"BreadcrumbList\",\"@id\":\"https:\\\/\\\/globalattitude.org.br\\\/racismo-ambiental-uma-reflexao-necessaria\\\/#breadcrumb\",\"itemListElement\":[{\"@type\":\"ListItem\",\"position\":1,\"name\":\"In\u00edcio\",\"item\":\"http:\\\/\\\/globalattitude.org.br\\\/en\\\/\"},{\"@type\":\"ListItem\",\"position\":2,\"name\":\"Racismo ambiental, uma reflex\u00e3o necess\u00e1ria\"}]},{\"@type\":\"WebSite\",\"@id\":\"https:\\\/\\\/globalattitude.org.br\\\/#website\",\"url\":\"https:\\\/\\\/globalattitude.org.br\\\/\",\"name\":\"Instituto Global Attitude\",\"description\":\"\",\"publisher\":{\"@id\":\"https:\\\/\\\/globalattitude.org.br\\\/#organization\"},\"potentialAction\":[{\"@type\":\"SearchAction\",\"target\":{\"@type\":\"EntryPoint\",\"urlTemplate\":\"https:\\\/\\\/globalattitude.org.br\\\/?s={search_term_string}\"},\"query-input\":{\"@type\":\"PropertyValueSpecification\",\"valueRequired\":true,\"valueName\":\"search_term_string\"}}],\"inLanguage\":\"en-US\"},{\"@type\":\"Organization\",\"@id\":\"https:\\\/\\\/globalattitude.org.br\\\/#organization\",\"name\":\"Instituto Global Attitude\",\"url\":\"https:\\\/\\\/globalattitude.org.br\\\/\",\"logo\":{\"@type\":\"ImageObject\",\"inLanguage\":\"en-US\",\"@id\":\"https:\\\/\\\/globalattitude.org.br\\\/#\\\/schema\\\/logo\\\/image\\\/\",\"url\":\"https:\\\/\\\/globalattitude.org.br\\\/wp-content\\\/uploads\\\/2023\\\/01\\\/instituto-global-attitude-color.png\",\"contentUrl\":\"https:\\\/\\\/globalattitude.org.br\\\/wp-content\\\/uploads\\\/2023\\\/01\\\/instituto-global-attitude-color.png\",\"width\":300,\"height\":131,\"caption\":\"Instituto Global Attitude\"},\"image\":{\"@id\":\"https:\\\/\\\/globalattitude.org.br\\\/#\\\/schema\\\/logo\\\/image\\\/\"},\"sameAs\":[\"https:\\\/\\\/www.facebook.com\\\/global.attitude.org\\\/\",\"https:\\\/\\\/x.com\\\/global_attitude\",\"https:\\\/\\\/www.instagram.com\\\/globalattitude\",\"https:\\\/\\\/www.linkedin.com\\\/company\\\/global-attitude\\\/?viewAsMember=true\"]},{\"@type\":\"Person\",\"@id\":\"https:\\\/\\\/globalattitude.org.br\\\/#\\\/schema\\\/person\\\/d2d0edb26129b7407b05aa493af63725\",\"name\":\"comunicacao\",\"image\":{\"@type\":\"ImageObject\",\"inLanguage\":\"en-US\",\"@id\":\"https:\\\/\\\/secure.gravatar.com\\\/avatar\\\/a25dbef6d352d1355e632d9629c19165ddb3e176cbcb21ee573e3d96d011d16b?s=96&d=mm&r=g\",\"url\":\"https:\\\/\\\/secure.gravatar.com\\\/avatar\\\/a25dbef6d352d1355e632d9629c19165ddb3e176cbcb21ee573e3d96d011d16b?s=96&d=mm&r=g\",\"contentUrl\":\"https:\\\/\\\/secure.gravatar.com\\\/avatar\\\/a25dbef6d352d1355e632d9629c19165ddb3e176cbcb21ee573e3d96d011d16b?s=96&d=mm&r=g\",\"caption\":\"comunicacao\"},\"url\":\"https:\\\/\\\/globalattitude.org.br\\\/en\\\/author\\\/comunicacao\\\/\"}]}<\/script>\n<!-- \/ Yoast SEO plugin. -->","yoast_head_json":{"title":"Racismo ambiental, uma reflex\u00e3o necess\u00e1ria - Instituto Global Attitude","description":"Descubra as ra\u00edzes e impactos do racismo ambiental neste artigo informativo. Junte-se \u00e0 luta por justi\u00e7a e equidade ambiental.","robots":{"index":"index","follow":"follow","max-snippet":"max-snippet:-1","max-image-preview":"max-image-preview:large","max-video-preview":"max-video-preview:-1"},"canonical":"https:\/\/globalattitude.org.br\/racismo-ambiental-uma-reflexao-necessaria\/","og_locale":"en_US","og_type":"article","og_title":"Racismo ambiental, uma reflex\u00e3o necess\u00e1ria - Instituto Global Attitude","og_description":"Descubra as ra\u00edzes e impactos do racismo ambiental neste artigo informativo. Junte-se \u00e0 luta por justi\u00e7a e equidade ambiental.","og_url":"https:\/\/globalattitude.org.br\/racismo-ambiental-uma-reflexao-necessaria\/","og_site_name":"Instituto Global Attitude","article_publisher":"https:\/\/www.facebook.com\/global.attitude.org\/","article_published_time":"2024-01-22T15:18:01+00:00","author":"comunicacao","twitter_card":"summary_large_image","twitter_creator":"@global_attitude","twitter_site":"@global_attitude","twitter_misc":{"Written by":"comunicacao","Est. reading time":"4 minutes"},"schema":{"@context":"https:\/\/schema.org","@graph":[{"@type":["Article","BlogPosting"],"@id":"https:\/\/globalattitude.org.br\/racismo-ambiental-uma-reflexao-necessaria\/#article","isPartOf":{"@id":"https:\/\/globalattitude.org.br\/racismo-ambiental-uma-reflexao-necessaria\/"},"author":{"name":"comunicacao","@id":"https:\/\/globalattitude.org.br\/#\/schema\/person\/d2d0edb26129b7407b05aa493af63725"},"headline":"Racismo ambiental, uma reflex\u00e3o necess\u00e1ria","datePublished":"2024-01-22T15:18:01+00:00","mainEntityOfPage":{"@id":"https:\/\/globalattitude.org.br\/racismo-ambiental-uma-reflexao-necessaria\/"},"wordCount":590,"commentCount":0,"publisher":{"@id":"https:\/\/globalattitude.org.br\/#organization"},"keywords":["Justi\u00e7a Ambiental","Racismo Ambiental","sustentabilidade"],"articleSection":["Livre","Opini\u00e3o"],"inLanguage":"en-US","potentialAction":[{"@type":"CommentAction","name":"Comment","target":["https:\/\/globalattitude.org.br\/racismo-ambiental-uma-reflexao-necessaria\/#respond"]}]},{"@type":"WebPage","@id":"https:\/\/globalattitude.org.br\/racismo-ambiental-uma-reflexao-necessaria\/","url":"https:\/\/globalattitude.org.br\/racismo-ambiental-uma-reflexao-necessaria\/","name":"Racismo ambiental, uma reflex\u00e3o necess\u00e1ria - Instituto Global Attitude","isPartOf":{"@id":"https:\/\/globalattitude.org.br\/#website"},"datePublished":"2024-01-22T15:18:01+00:00","description":"Descubra as ra\u00edzes e impactos do racismo ambiental neste artigo informativo. Junte-se \u00e0 luta por justi\u00e7a e equidade ambiental.","breadcrumb":{"@id":"https:\/\/globalattitude.org.br\/racismo-ambiental-uma-reflexao-necessaria\/#breadcrumb"},"inLanguage":"en-US","potentialAction":[{"@type":"ReadAction","target":["https:\/\/globalattitude.org.br\/racismo-ambiental-uma-reflexao-necessaria\/"]}]},{"@type":"BreadcrumbList","@id":"https:\/\/globalattitude.org.br\/racismo-ambiental-uma-reflexao-necessaria\/#breadcrumb","itemListElement":[{"@type":"ListItem","position":1,"name":"In\u00edcio","item":"http:\/\/globalattitude.org.br\/en\/"},{"@type":"ListItem","position":2,"name":"Racismo ambiental, uma reflex\u00e3o necess\u00e1ria"}]},{"@type":"WebSite","@id":"https:\/\/globalattitude.org.br\/#website","url":"https:\/\/globalattitude.org.br\/","name":"Instituto Global Attitude","description":"","publisher":{"@id":"https:\/\/globalattitude.org.br\/#organization"},"potentialAction":[{"@type":"SearchAction","target":{"@type":"EntryPoint","urlTemplate":"https:\/\/globalattitude.org.br\/?s={search_term_string}"},"query-input":{"@type":"PropertyValueSpecification","valueRequired":true,"valueName":"search_term_string"}}],"inLanguage":"en-US"},{"@type":"Organization","@id":"https:\/\/globalattitude.org.br\/#organization","name":"Instituto Global Attitude","url":"https:\/\/globalattitude.org.br\/","logo":{"@type":"ImageObject","inLanguage":"en-US","@id":"https:\/\/globalattitude.org.br\/#\/schema\/logo\/image\/","url":"https:\/\/globalattitude.org.br\/wp-content\/uploads\/2023\/01\/instituto-global-attitude-color.png","contentUrl":"https:\/\/globalattitude.org.br\/wp-content\/uploads\/2023\/01\/instituto-global-attitude-color.png","width":300,"height":131,"caption":"Instituto Global Attitude"},"image":{"@id":"https:\/\/globalattitude.org.br\/#\/schema\/logo\/image\/"},"sameAs":["https:\/\/www.facebook.com\/global.attitude.org\/","https:\/\/x.com\/global_attitude","https:\/\/www.instagram.com\/globalattitude","https:\/\/www.linkedin.com\/company\/global-attitude\/?viewAsMember=true"]},{"@type":"Person","@id":"https:\/\/globalattitude.org.br\/#\/schema\/person\/d2d0edb26129b7407b05aa493af63725","name":"comunicacao","image":{"@type":"ImageObject","inLanguage":"en-US","@id":"https:\/\/secure.gravatar.com\/avatar\/a25dbef6d352d1355e632d9629c19165ddb3e176cbcb21ee573e3d96d011d16b?s=96&d=mm&r=g","url":"https:\/\/secure.gravatar.com\/avatar\/a25dbef6d352d1355e632d9629c19165ddb3e176cbcb21ee573e3d96d011d16b?s=96&d=mm&r=g","contentUrl":"https:\/\/secure.gravatar.com\/avatar\/a25dbef6d352d1355e632d9629c19165ddb3e176cbcb21ee573e3d96d011d16b?s=96&d=mm&r=g","caption":"comunicacao"},"url":"https:\/\/globalattitude.org.br\/en\/author\/comunicacao\/"}]}},"_links":{"self":[{"href":"https:\/\/globalattitude.org.br\/en\/wp-json\/wp\/v2\/posts\/7937","targetHints":{"allow":["GET"]}}],"collection":[{"href":"https:\/\/globalattitude.org.br\/en\/wp-json\/wp\/v2\/posts"}],"about":[{"href":"https:\/\/globalattitude.org.br\/en\/wp-json\/wp\/v2\/types\/post"}],"author":[{"embeddable":true,"href":"https:\/\/globalattitude.org.br\/en\/wp-json\/wp\/v2\/users\/4"}],"replies":[{"embeddable":true,"href":"https:\/\/globalattitude.org.br\/en\/wp-json\/wp\/v2\/comments?post=7937"}],"version-history":[{"count":2,"href":"https:\/\/globalattitude.org.br\/en\/wp-json\/wp\/v2\/posts\/7937\/revisions"}],"predecessor-version":[{"id":7941,"href":"https:\/\/globalattitude.org.br\/en\/wp-json\/wp\/v2\/posts\/7937\/revisions\/7941"}],"wp:attachment":[{"href":"https:\/\/globalattitude.org.br\/en\/wp-json\/wp\/v2\/media?parent=7937"}],"wp:term":[{"taxonomy":"category","embeddable":true,"href":"https:\/\/globalattitude.org.br\/en\/wp-json\/wp\/v2\/categories?post=7937"},{"taxonomy":"post_tag","embeddable":true,"href":"https:\/\/globalattitude.org.br\/en\/wp-json\/wp\/v2\/tags?post=7937"}],"curies":[{"name":"wp","href":"https:\/\/api.w.org\/{rel}","templated":true}]}}