{"id":8017,"date":"2024-04-18T11:15:04","date_gmt":"2024-04-18T14:15:04","guid":{"rendered":"https:\/\/globalattitude.org.br\/?p=8017"},"modified":"2024-07-30T12:18:58","modified_gmt":"2024-07-30T15:18:58","slug":"alunos-do-empodera-juventudes-fazem-visita-ao-parque-natural-municipal-francisco-affonso-de-mello","status":"publish","type":"post","link":"https:\/\/globalattitude.org.br\/en\/alunos-do-empodera-juventudes-fazem-visita-ao-parque-natural-municipal-francisco-affonso-de-mello\/","title":{"rendered":"Alunos do Empodera Juventudes fazem visita ao Parque Natural Municipal Francisco Affonso de Mello"},"content":{"rendered":"<p><span style=\"font-weight: 400;\">A a\u00e7\u00e3o faz parte do eixo agenda 2030, um plano global, da ONU, para atingirmos em 2030 um mundo melhor para todos os povos e na\u00e7\u00f5es.<\/span><\/p>\n<p>Por Reda\u00e7\u00e3o, IGA Mogi das Cruzes \u2014 S\u00e3o Paulo 18\/04\/2024 11h02 Atualizado h\u00e1 20 minutos<\/p>\n<p>Quase cem estudantes, de dez escolas diferentes, foram conhecer o Parque Natural Municipal Francisco Affonso de Mello, em Mogi das Cruzes, regi\u00e3o metropolitana de S\u00e3o Paulo. O bosque \u00e9 considerado um grande viveiro da flora e fauna nativas da Mata Atl\u00e2ntica. Com \u00e1rea de mais de 350 hectares, o local \u00e9 ponto de refer\u00eancia para a comunidade cient\u00edfica.<\/p>\n<p><span style=\"font-weight: 400;\">Sua biodiversidade inclui 372 esp\u00e9cies vegetais, entre \u00e1rvores, arbustos e orqu\u00eddeas, 207 esp\u00e9cies de aves, 62 de mam\u00edferos e 40 de anf\u00edbios. O Parque possui, ainda, o Centro de Visitantes e trilhas interpretativas.<\/span><\/p>\n<p><span style=\"font-weight: 400;\">Os alunos fazem parte do projeto Empodera Juventudes, iniciativa da Prefeitura de Mogi das Cruzes, por meio da Secretaria de Desenvolvimento Econ\u00f4mico e Inova\u00e7\u00e3o, com o Instituto Global Attitude.\u00a0<\/span><\/p>\n<p><i><span style=\"font-weight: 400;\">\u00a0\u201cO objetivo desta aula externa \u00e9 proporcionar aos jovens a experi\u00eancia de vivenciar o contato com a natureza, o aprendizado sobre a biodiversidade de nossa fauna e flora e a conscientiza\u00e7\u00e3o ambiental\u201d, concluiu Gislene Oliveira, coordenadora pedag\u00f3gica.<\/span><\/i><\/p>\n<p><span style=\"font-weight: 400;\">O tema tem total conex\u00e3o com as propostas dos Objetivos de Desenvolvimento Sustent\u00e1vel (ODS), uma cole\u00e7\u00e3o de 17 metas globais, estabelecidas pela Assembleia Geral das Na\u00e7\u00f5es Unidas. Al\u00e9m disto, o curso proporciona educa\u00e7\u00e3o de qualidade, desenvolvendo tem\u00e1ticas como: <\/span><span style=\"font-weight: 400;\">Forma\u00e7\u00e3o Cidad\u00e3, Compet\u00eancias Socioemocionais, Mundo do Trabalho e Projeto de Vida.<\/span><\/p>\n<p><span style=\"font-weight: 400;\">O programa est\u00e1 presente em diversos bairros mogianos, em Taia\u00e7upeba, Novo Horizonte, Jundiapeba, Tabo\u00e3o, Parque S\u00e3o Martinho, Rodeio, Vila Brasileira, Vila Natal, Braz Cubas, C\u00e9sar de Souza, Vila Industrial, Centro, Botujuru e Jardim Layr.<\/span><\/p>\n<h2><strong>+ conte\u00fados: veja a galeria de fotos<\/strong><\/h2>\n\n\t\t<style type=\"text\/css\">\n\t\t\t#gallery-1 {\n\t\t\t\tmargin: auto;\n\t\t\t}\n\t\t\t#gallery-1 .gallery-item {\n\t\t\t\tfloat: left;\n\t\t\t\tmargin-top: 10px;\n\t\t\t\ttext-align: center;\n\t\t\t\twidth: 25%;\n\t\t\t}\n\t\t\t#gallery-1 img {\n\t\t\t\tborder: 2px solid #cfcfcf;\n\t\t\t}\n\t\t\t#gallery-1 .gallery-caption {\n\t\t\t\tmargin-left: 0;\n\t\t\t}\n\t\t\t\/* see gallery_shortcode() in wp-includes\/media.php *\/\n\t\t<\/style>\n\t\t<div id='gallery-1' class='gallery galleryid-8017 gallery-columns-4 gallery-size-large'><dl class='gallery-item'>\n\t\t\t<dt class='gallery-icon portrait'>\n\t\t\t\t<a href='https:\/\/globalattitude.org.br\/en\/whatsapp-image-2024-04-17-at-12-16-24-1-2-2\/'><img fetchpriority=\"high\" decoding=\"async\" width=\"582\" height=\"1024\" src=\"https:\/\/globalattitude.org.br\/wp-content\/uploads\/2024\/04\/WhatsApp-Image-2024-04-17-at-12.16.24-1-1-582x1024.jpeg\" class=\"attachment-large size-large\" alt=\"\" srcset=\"https:\/\/globalattitude.org.br\/wp-content\/uploads\/2024\/04\/WhatsApp-Image-2024-04-17-at-12.16.24-1-1-582x1024.jpeg 582w, https:\/\/globalattitude.org.br\/wp-content\/uploads\/2024\/04\/WhatsApp-Image-2024-04-17-at-12.16.24-1-1-171x300.jpeg 171w, https:\/\/globalattitude.org.br\/wp-content\/uploads\/2024\/04\/WhatsApp-Image-2024-04-17-at-12.16.24-1-1-768x1350.jpeg 768w, https:\/\/globalattitude.org.br\/wp-content\/uploads\/2024\/04\/WhatsApp-Image-2024-04-17-at-12.16.24-1-1-874x1536.jpeg 874w, https:\/\/globalattitude.org.br\/wp-content\/uploads\/2024\/04\/WhatsApp-Image-2024-04-17-at-12.16.24-1-1-102x180.jpeg 102w, https:\/\/globalattitude.org.br\/wp-content\/uploads\/2024\/04\/WhatsApp-Image-2024-04-17-at-12.16.24-1-1-683x1200.jpeg 683w, https:\/\/globalattitude.org.br\/wp-content\/uploads\/2024\/04\/WhatsApp-Image-2024-04-17-at-12.16.24-1-1.jpeg 910w\" sizes=\"(max-width: 582px) 100vw, 582px\" \/><\/a>\n\t\t\t<\/dt><\/dl><dl class='gallery-item'>\n\t\t\t<dt class='gallery-icon portrait'>\n\t\t\t\t<a href='https:\/\/globalattitude.org.br\/en\/whatsapp-image-2024-04-17-at-12-16-22-1-2-2\/'><img decoding=\"async\" width=\"768\" height=\"1024\" src=\"https:\/\/globalattitude.org.br\/wp-content\/uploads\/2024\/04\/WhatsApp-Image-2024-04-17-at-12.16.22-1-2-768x1024.jpeg\" class=\"attachment-large size-large\" alt=\"\" srcset=\"https:\/\/globalattitude.org.br\/wp-content\/uploads\/2024\/04\/WhatsApp-Image-2024-04-17-at-12.16.22-1-2-768x1024.jpeg 768w, https:\/\/globalattitude.org.br\/wp-content\/uploads\/2024\/04\/WhatsApp-Image-2024-04-17-at-12.16.22-1-2-225x300.jpeg 225w, https:\/\/globalattitude.org.br\/wp-content\/uploads\/2024\/04\/WhatsApp-Image-2024-04-17-at-12.16.22-1-2-1152x1536.jpeg 1152w, https:\/\/globalattitude.org.br\/wp-content\/uploads\/2024\/04\/WhatsApp-Image-2024-04-17-at-12.16.22-1-2-135x180.jpeg 135w, https:\/\/globalattitude.org.br\/wp-content\/uploads\/2024\/04\/WhatsApp-Image-2024-04-17-at-12.16.22-1-2-900x1200.jpeg 900w, https:\/\/globalattitude.org.br\/wp-content\/uploads\/2024\/04\/WhatsApp-Image-2024-04-17-at-12.16.22-1-2.jpeg 1200w\" sizes=\"(max-width: 768px) 100vw, 768px\" \/><\/a>\n\t\t\t<\/dt><\/dl><dl class='gallery-item'>\n\t\t\t<dt class='gallery-icon portrait'>\n\t\t\t\t<a href='https:\/\/globalattitude.org.br\/en\/whatsapp-image-2024-04-17-at-12-16-20-2-2\/'><img decoding=\"async\" width=\"768\" height=\"1024\" src=\"https:\/\/globalattitude.org.br\/wp-content\/uploads\/2024\/04\/WhatsApp-Image-2024-04-17-at-12.16.20-1-768x1024.jpeg\" class=\"attachment-large size-large\" alt=\"\" srcset=\"https:\/\/globalattitude.org.br\/wp-content\/uploads\/2024\/04\/WhatsApp-Image-2024-04-17-at-12.16.20-1-768x1024.jpeg 768w, https:\/\/globalattitude.org.br\/wp-content\/uploads\/2024\/04\/WhatsApp-Image-2024-04-17-at-12.16.20-1-225x300.jpeg 225w, https:\/\/globalattitude.org.br\/wp-content\/uploads\/2024\/04\/WhatsApp-Image-2024-04-17-at-12.16.20-1-1152x1536.jpeg 1152w, https:\/\/globalattitude.org.br\/wp-content\/uploads\/2024\/04\/WhatsApp-Image-2024-04-17-at-12.16.20-1-135x180.jpeg 135w, https:\/\/globalattitude.org.br\/wp-content\/uploads\/2024\/04\/WhatsApp-Image-2024-04-17-at-12.16.20-1-900x1200.jpeg 900w, https:\/\/globalattitude.org.br\/wp-content\/uploads\/2024\/04\/WhatsApp-Image-2024-04-17-at-12.16.20-1.jpeg 1200w\" sizes=\"(max-width: 768px) 100vw, 768px\" \/><\/a>\n\t\t\t<\/dt><\/dl><dl class='gallery-item'>\n\t\t\t<dt class='gallery-icon portrait'>\n\t\t\t\t<a href='https:\/\/globalattitude.org.br\/en\/63bc73a5-242e-453f-801e-d3af98c582ba-2\/'><img loading=\"lazy\" decoding=\"async\" width=\"768\" height=\"1024\" src=\"https:\/\/globalattitude.org.br\/wp-content\/uploads\/2024\/04\/63bc73a5-242e-453f-801e-d3af98c582ba-768x1024.jpg\" class=\"attachment-large size-large\" alt=\"\" srcset=\"https:\/\/globalattitude.org.br\/wp-content\/uploads\/2024\/04\/63bc73a5-242e-453f-801e-d3af98c582ba-768x1024.jpg 768w, https:\/\/globalattitude.org.br\/wp-content\/uploads\/2024\/04\/63bc73a5-242e-453f-801e-d3af98c582ba-225x300.jpg 225w, https:\/\/globalattitude.org.br\/wp-content\/uploads\/2024\/04\/63bc73a5-242e-453f-801e-d3af98c582ba-135x180.jpg 135w, https:\/\/globalattitude.org.br\/wp-content\/uploads\/2024\/04\/63bc73a5-242e-453f-801e-d3af98c582ba.jpg 843w\" sizes=\"(max-width: 768px) 100vw, 768px\" \/><\/a>\n\t\t\t<\/dt><\/dl><br style=\"clear: both\" \/><dl class='gallery-item'>\n\t\t\t<dt class='gallery-icon portrait'>\n\t\t\t\t<a href='https:\/\/globalattitude.org.br\/en\/59d1b8fd-6824-45ab-9e44-1b1f52916dc1-2\/'><img loading=\"lazy\" decoding=\"async\" width=\"768\" height=\"1024\" src=\"https:\/\/globalattitude.org.br\/wp-content\/uploads\/2024\/04\/59d1b8fd-6824-45ab-9e44-1b1f52916dc1-768x1024.jpg\" class=\"attachment-large size-large\" alt=\"\" srcset=\"https:\/\/globalattitude.org.br\/wp-content\/uploads\/2024\/04\/59d1b8fd-6824-45ab-9e44-1b1f52916dc1-768x1024.jpg 768w, https:\/\/globalattitude.org.br\/wp-content\/uploads\/2024\/04\/59d1b8fd-6824-45ab-9e44-1b1f52916dc1-225x300.jpg 225w, https:\/\/globalattitude.org.br\/wp-content\/uploads\/2024\/04\/59d1b8fd-6824-45ab-9e44-1b1f52916dc1-135x180.jpg 135w, https:\/\/globalattitude.org.br\/wp-content\/uploads\/2024\/04\/59d1b8fd-6824-45ab-9e44-1b1f52916dc1-900x1200.jpg 900w, https:\/\/globalattitude.org.br\/wp-content\/uploads\/2024\/04\/59d1b8fd-6824-45ab-9e44-1b1f52916dc1.jpg 960w\" sizes=\"(max-width: 768px) 100vw, 768px\" \/><\/a>\n\t\t\t<\/dt><\/dl>\n\t\t\t<br style='clear: both' \/>\n\t\t<\/div>\n\n","protected":false},"excerpt":{"rendered":"<p>A a\u00e7\u00e3o faz parte do eixo agenda 2030, um plano global, da ONU, para atingirmos em 2030 um mundo melhor para todos os povos e na\u00e7\u00f5es. Por Reda\u00e7\u00e3o, IGA Mogi das Cruzes \u2014 S\u00e3o Paulo 18\/04\/2024 11h02 Atualizado h\u00e1 20 minutos Quase cem estudantes, de dez escolas diferentes, foram conhecer o Parque Natural Municipal Francisco [&hellip;]<\/p>\n","protected":false},"author":4,"featured_media":0,"comment_status":"open","ping_status":"open","sticky":false,"template":"","format":"standard","meta":{"_acf_changed":false,"om_disable_all_campaigns":false,"_monsterinsights_skip_tracking":false,"_monsterinsights_sitenote_active":false,"_monsterinsights_sitenote_note":"","_monsterinsights_sitenote_category":0,"_uf_show_specific_survey":0,"_uf_disable_surveys":false,"footnotes":""},"categories":[360],"tags":[446],"class_list":["post-8017","post","type-post","status-publish","format-standard","hentry","category-noticias","tag-alunos-do-empodera-juventudes-fazem-visita-ao-parque-natural-municipal-francisco-affonso-de-mello"],"acf":[],"aioseo_notices":[],"yoast_head":"<!-- This site is optimized with the Yoast SEO plugin v27.5 - https:\/\/yoast.com\/product\/yoast-seo-wordpress\/ -->\n<title>Alunos do Empodera Juventudes fazem visita ao Parque Natural Municipal Francisco Affonso de Mello - Instituto Global Attitude<\/title>\n<meta name=\"robots\" content=\"index, follow, max-snippet:-1, max-image-preview:large, max-video-preview:-1\" \/>\n<link rel=\"canonical\" href=\"https:\/\/globalattitude.org.br\/en\/alunos-do-empodera-juventudes-fazem-visita-ao-parque-natural-municipal-francisco-affonso-de-mello\/\" \/>\n<meta property=\"og:locale\" content=\"en_US\" \/>\n<meta property=\"og:type\" content=\"article\" \/>\n<meta property=\"og:title\" content=\"Alunos do Empodera Juventudes fazem visita ao Parque Natural Municipal Francisco Affonso de Mello - Instituto Global Attitude\" \/>\n<meta property=\"og:description\" content=\"A a\u00e7\u00e3o faz parte do eixo agenda 2030, um plano global, da ONU, para atingirmos em 2030 um mundo melhor para todos os povos e na\u00e7\u00f5es. Por Reda\u00e7\u00e3o, IGA Mogi das Cruzes \u2014 S\u00e3o Paulo 18\/04\/2024 11h02 Atualizado h\u00e1 20 minutos Quase cem estudantes, de dez escolas diferentes, foram conhecer o Parque Natural Municipal Francisco [&hellip;]\" \/>\n<meta property=\"og:url\" content=\"https:\/\/globalattitude.org.br\/en\/alunos-do-empodera-juventudes-fazem-visita-ao-parque-natural-municipal-francisco-affonso-de-mello\/\" \/>\n<meta property=\"og:site_name\" content=\"Instituto Global Attitude\" \/>\n<meta property=\"article:publisher\" content=\"https:\/\/www.facebook.com\/global.attitude.org\/\" \/>\n<meta property=\"article:published_time\" content=\"2024-04-18T14:15:04+00:00\" \/>\n<meta property=\"article:modified_time\" content=\"2024-07-30T15:18:58+00:00\" \/>\n<meta property=\"og:image\" content=\"https:\/\/globalattitude.org.br\/wp-content\/uploads\/2024\/04\/WhatsApp-Image-2024-04-17-at-12.16.24-1-1-582x1024.jpeg\" \/>\n<meta name=\"author\" content=\"comunicacao\" \/>\n<meta name=\"twitter:card\" content=\"summary_large_image\" \/>\n<meta name=\"twitter:creator\" content=\"@global_attitude\" \/>\n<meta name=\"twitter:site\" content=\"@global_attitude\" \/>\n<meta name=\"twitter:label1\" content=\"Written by\" \/>\n\t<meta name=\"twitter:data1\" content=\"comunicacao\" \/>\n\t<meta name=\"twitter:label2\" content=\"Est. reading time\" \/>\n\t<meta name=\"twitter:data2\" content=\"2 minutes\" \/>\n<script type=\"application\/ld+json\" class=\"yoast-schema-graph\">{\"@context\":\"https:\\\/\\\/schema.org\",\"@graph\":[{\"@type\":[\"Article\",\"BlogPosting\"],\"@id\":\"https:\\\/\\\/globalattitude.org.br\\\/en\\\/alunos-do-empodera-juventudes-fazem-visita-ao-parque-natural-municipal-francisco-affonso-de-mello\\\/#article\",\"isPartOf\":{\"@id\":\"https:\\\/\\\/globalattitude.org.br\\\/en\\\/alunos-do-empodera-juventudes-fazem-visita-ao-parque-natural-municipal-francisco-affonso-de-mello\\\/\"},\"author\":{\"name\":\"comunicacao\",\"@id\":\"https:\\\/\\\/globalattitude.org.br\\\/en\\\/#\\\/schema\\\/person\\\/d2d0edb26129b7407b05aa493af63725\"},\"headline\":\"Alunos do Empodera Juventudes fazem visita ao Parque Natural Municipal Francisco Affonso de Mello\",\"datePublished\":\"2024-04-18T14:15:04+00:00\",\"dateModified\":\"2024-07-30T15:18:58+00:00\",\"mainEntityOfPage\":{\"@id\":\"https:\\\/\\\/globalattitude.org.br\\\/en\\\/alunos-do-empodera-juventudes-fazem-visita-ao-parque-natural-municipal-francisco-affonso-de-mello\\\/\"},\"wordCount\":325,\"commentCount\":0,\"publisher\":{\"@id\":\"https:\\\/\\\/globalattitude.org.br\\\/en\\\/#organization\"},\"keywords\":[\"Alunos do Empodera Juventudes fazem visita ao Parque Natural Municipal Francisco Affonso de Mello\"],\"articleSection\":[\"Not\u00edcias\"],\"inLanguage\":\"en-US\",\"potentialAction\":[{\"@type\":\"CommentAction\",\"name\":\"Comment\",\"target\":[\"https:\\\/\\\/globalattitude.org.br\\\/en\\\/alunos-do-empodera-juventudes-fazem-visita-ao-parque-natural-municipal-francisco-affonso-de-mello\\\/#respond\"]}]},{\"@type\":\"WebPage\",\"@id\":\"https:\\\/\\\/globalattitude.org.br\\\/en\\\/alunos-do-empodera-juventudes-fazem-visita-ao-parque-natural-municipal-francisco-affonso-de-mello\\\/\",\"url\":\"https:\\\/\\\/globalattitude.org.br\\\/en\\\/alunos-do-empodera-juventudes-fazem-visita-ao-parque-natural-municipal-francisco-affonso-de-mello\\\/\",\"name\":\"Alunos do Empodera Juventudes fazem visita ao Parque Natural Municipal Francisco Affonso de Mello - Instituto Global Attitude\",\"isPartOf\":{\"@id\":\"https:\\\/\\\/globalattitude.org.br\\\/en\\\/#website\"},\"datePublished\":\"2024-04-18T14:15:04+00:00\",\"dateModified\":\"2024-07-30T15:18:58+00:00\",\"breadcrumb\":{\"@id\":\"https:\\\/\\\/globalattitude.org.br\\\/en\\\/alunos-do-empodera-juventudes-fazem-visita-ao-parque-natural-municipal-francisco-affonso-de-mello\\\/#breadcrumb\"},\"inLanguage\":\"en-US\",\"potentialAction\":[{\"@type\":\"ReadAction\",\"target\":[\"https:\\\/\\\/globalattitude.org.br\\\/en\\\/alunos-do-empodera-juventudes-fazem-visita-ao-parque-natural-municipal-francisco-affonso-de-mello\\\/\"]}]},{\"@type\":\"BreadcrumbList\",\"@id\":\"https:\\\/\\\/globalattitude.org.br\\\/en\\\/alunos-do-empodera-juventudes-fazem-visita-ao-parque-natural-municipal-francisco-affonso-de-mello\\\/#breadcrumb\",\"itemListElement\":[{\"@type\":\"ListItem\",\"position\":1,\"name\":\"In\u00edcio\",\"item\":\"https:\\\/\\\/globalattitude.org.br\\\/en\\\/\"},{\"@type\":\"ListItem\",\"position\":2,\"name\":\"Alunos do Empodera Juventudes fazem visita ao Parque Natural Municipal Francisco Affonso de Mello\"}]},{\"@type\":\"WebSite\",\"@id\":\"https:\\\/\\\/globalattitude.org.br\\\/en\\\/#website\",\"url\":\"https:\\\/\\\/globalattitude.org.br\\\/en\\\/\",\"name\":\"Instituto Global Attitude\",\"description\":\"\",\"publisher\":{\"@id\":\"https:\\\/\\\/globalattitude.org.br\\\/en\\\/#organization\"},\"potentialAction\":[{\"@type\":\"SearchAction\",\"target\":{\"@type\":\"EntryPoint\",\"urlTemplate\":\"https:\\\/\\\/globalattitude.org.br\\\/en\\\/?s={search_term_string}\"},\"query-input\":{\"@type\":\"PropertyValueSpecification\",\"valueRequired\":true,\"valueName\":\"search_term_string\"}}],\"inLanguage\":\"en-US\"},{\"@type\":\"Organization\",\"@id\":\"https:\\\/\\\/globalattitude.org.br\\\/en\\\/#organization\",\"name\":\"Instituto Global Attitude\",\"url\":\"https:\\\/\\\/globalattitude.org.br\\\/en\\\/\",\"logo\":{\"@type\":\"ImageObject\",\"inLanguage\":\"en-US\",\"@id\":\"https:\\\/\\\/globalattitude.org.br\\\/en\\\/#\\\/schema\\\/logo\\\/image\\\/\",\"url\":\"https:\\\/\\\/globalattitude.org.br\\\/wp-content\\\/uploads\\\/2023\\\/01\\\/instituto-global-attitude-color.png\",\"contentUrl\":\"https:\\\/\\\/globalattitude.org.br\\\/wp-content\\\/uploads\\\/2023\\\/01\\\/instituto-global-attitude-color.png\",\"width\":300,\"height\":131,\"caption\":\"Instituto Global Attitude\"},\"image\":{\"@id\":\"https:\\\/\\\/globalattitude.org.br\\\/en\\\/#\\\/schema\\\/logo\\\/image\\\/\"},\"sameAs\":[\"https:\\\/\\\/www.facebook.com\\\/global.attitude.org\\\/\",\"https:\\\/\\\/x.com\\\/global_attitude\",\"https:\\\/\\\/www.instagram.com\\\/globalattitude\",\"https:\\\/\\\/www.linkedin.com\\\/company\\\/global-attitude\\\/?viewAsMember=true\"]},{\"@type\":\"Person\",\"@id\":\"https:\\\/\\\/globalattitude.org.br\\\/en\\\/#\\\/schema\\\/person\\\/d2d0edb26129b7407b05aa493af63725\",\"name\":\"comunicacao\",\"image\":{\"@type\":\"ImageObject\",\"inLanguage\":\"en-US\",\"@id\":\"https:\\\/\\\/secure.gravatar.com\\\/avatar\\\/a25dbef6d352d1355e632d9629c19165ddb3e176cbcb21ee573e3d96d011d16b?s=96&d=mm&r=g\",\"url\":\"https:\\\/\\\/secure.gravatar.com\\\/avatar\\\/a25dbef6d352d1355e632d9629c19165ddb3e176cbcb21ee573e3d96d011d16b?s=96&d=mm&r=g\",\"contentUrl\":\"https:\\\/\\\/secure.gravatar.com\\\/avatar\\\/a25dbef6d352d1355e632d9629c19165ddb3e176cbcb21ee573e3d96d011d16b?s=96&d=mm&r=g\",\"caption\":\"comunicacao\"},\"url\":\"https:\\\/\\\/globalattitude.org.br\\\/en\\\/author\\\/comunicacao\\\/\"}]}<\/script>\n<!-- \/ Yoast SEO plugin. -->","yoast_head_json":{"title":"Alunos do Empodera Juventudes fazem visita ao Parque Natural Municipal Francisco Affonso de Mello - Instituto Global Attitude","robots":{"index":"index","follow":"follow","max-snippet":"max-snippet:-1","max-image-preview":"max-image-preview:large","max-video-preview":"max-video-preview:-1"},"canonical":"https:\/\/globalattitude.org.br\/en\/alunos-do-empodera-juventudes-fazem-visita-ao-parque-natural-municipal-francisco-affonso-de-mello\/","og_locale":"en_US","og_type":"article","og_title":"Alunos do Empodera Juventudes fazem visita ao Parque Natural Municipal Francisco Affonso de Mello - Instituto Global Attitude","og_description":"A a\u00e7\u00e3o faz parte do eixo agenda 2030, um plano global, da ONU, para atingirmos em 2030 um mundo melhor para todos os povos e na\u00e7\u00f5es. Por Reda\u00e7\u00e3o, IGA Mogi das Cruzes \u2014 S\u00e3o Paulo 18\/04\/2024 11h02 Atualizado h\u00e1 20 minutos Quase cem estudantes, de dez escolas diferentes, foram conhecer o Parque Natural Municipal Francisco [&hellip;]","og_url":"https:\/\/globalattitude.org.br\/en\/alunos-do-empodera-juventudes-fazem-visita-ao-parque-natural-municipal-francisco-affonso-de-mello\/","og_site_name":"Instituto Global Attitude","article_publisher":"https:\/\/www.facebook.com\/global.attitude.org\/","article_published_time":"2024-04-18T14:15:04+00:00","article_modified_time":"2024-07-30T15:18:58+00:00","og_image":[{"url":"https:\/\/globalattitude.org.br\/wp-content\/uploads\/2024\/04\/WhatsApp-Image-2024-04-17-at-12.16.24-1-1-582x1024.jpeg","type":"","width":"","height":""}],"author":"comunicacao","twitter_card":"summary_large_image","twitter_creator":"@global_attitude","twitter_site":"@global_attitude","twitter_misc":{"Written by":"comunicacao","Est. reading time":"2 minutes"},"schema":{"@context":"https:\/\/schema.org","@graph":[{"@type":["Article","BlogPosting"],"@id":"https:\/\/globalattitude.org.br\/en\/alunos-do-empodera-juventudes-fazem-visita-ao-parque-natural-municipal-francisco-affonso-de-mello\/#article","isPartOf":{"@id":"https:\/\/globalattitude.org.br\/en\/alunos-do-empodera-juventudes-fazem-visita-ao-parque-natural-municipal-francisco-affonso-de-mello\/"},"author":{"name":"comunicacao","@id":"https:\/\/globalattitude.org.br\/en\/#\/schema\/person\/d2d0edb26129b7407b05aa493af63725"},"headline":"Alunos do Empodera Juventudes fazem visita ao Parque Natural Municipal Francisco Affonso de Mello","datePublished":"2024-04-18T14:15:04+00:00","dateModified":"2024-07-30T15:18:58+00:00","mainEntityOfPage":{"@id":"https:\/\/globalattitude.org.br\/en\/alunos-do-empodera-juventudes-fazem-visita-ao-parque-natural-municipal-francisco-affonso-de-mello\/"},"wordCount":325,"commentCount":0,"publisher":{"@id":"https:\/\/globalattitude.org.br\/en\/#organization"},"keywords":["Alunos do Empodera Juventudes fazem visita ao Parque Natural Municipal Francisco Affonso de Mello"],"articleSection":["Not\u00edcias"],"inLanguage":"en-US","potentialAction":[{"@type":"CommentAction","name":"Comment","target":["https:\/\/globalattitude.org.br\/en\/alunos-do-empodera-juventudes-fazem-visita-ao-parque-natural-municipal-francisco-affonso-de-mello\/#respond"]}]},{"@type":"WebPage","@id":"https:\/\/globalattitude.org.br\/en\/alunos-do-empodera-juventudes-fazem-visita-ao-parque-natural-municipal-francisco-affonso-de-mello\/","url":"https:\/\/globalattitude.org.br\/en\/alunos-do-empodera-juventudes-fazem-visita-ao-parque-natural-municipal-francisco-affonso-de-mello\/","name":"Alunos do Empodera Juventudes fazem visita ao Parque Natural Municipal Francisco Affonso de Mello - Instituto Global Attitude","isPartOf":{"@id":"https:\/\/globalattitude.org.br\/en\/#website"},"datePublished":"2024-04-18T14:15:04+00:00","dateModified":"2024-07-30T15:18:58+00:00","breadcrumb":{"@id":"https:\/\/globalattitude.org.br\/en\/alunos-do-empodera-juventudes-fazem-visita-ao-parque-natural-municipal-francisco-affonso-de-mello\/#breadcrumb"},"inLanguage":"en-US","potentialAction":[{"@type":"ReadAction","target":["https:\/\/globalattitude.org.br\/en\/alunos-do-empodera-juventudes-fazem-visita-ao-parque-natural-municipal-francisco-affonso-de-mello\/"]}]},{"@type":"BreadcrumbList","@id":"https:\/\/globalattitude.org.br\/en\/alunos-do-empodera-juventudes-fazem-visita-ao-parque-natural-municipal-francisco-affonso-de-mello\/#breadcrumb","itemListElement":[{"@type":"ListItem","position":1,"name":"In\u00edcio","item":"https:\/\/globalattitude.org.br\/en\/"},{"@type":"ListItem","position":2,"name":"Alunos do Empodera Juventudes fazem visita ao Parque Natural Municipal Francisco Affonso de Mello"}]},{"@type":"WebSite","@id":"https:\/\/globalattitude.org.br\/en\/#website","url":"https:\/\/globalattitude.org.br\/en\/","name":"Instituto Global Attitude","description":"","publisher":{"@id":"https:\/\/globalattitude.org.br\/en\/#organization"},"potentialAction":[{"@type":"SearchAction","target":{"@type":"EntryPoint","urlTemplate":"https:\/\/globalattitude.org.br\/en\/?s={search_term_string}"},"query-input":{"@type":"PropertyValueSpecification","valueRequired":true,"valueName":"search_term_string"}}],"inLanguage":"en-US"},{"@type":"Organization","@id":"https:\/\/globalattitude.org.br\/en\/#organization","name":"Instituto Global Attitude","url":"https:\/\/globalattitude.org.br\/en\/","logo":{"@type":"ImageObject","inLanguage":"en-US","@id":"https:\/\/globalattitude.org.br\/en\/#\/schema\/logo\/image\/","url":"https:\/\/globalattitude.org.br\/wp-content\/uploads\/2023\/01\/instituto-global-attitude-color.png","contentUrl":"https:\/\/globalattitude.org.br\/wp-content\/uploads\/2023\/01\/instituto-global-attitude-color.png","width":300,"height":131,"caption":"Instituto Global Attitude"},"image":{"@id":"https:\/\/globalattitude.org.br\/en\/#\/schema\/logo\/image\/"},"sameAs":["https:\/\/www.facebook.com\/global.attitude.org\/","https:\/\/x.com\/global_attitude","https:\/\/www.instagram.com\/globalattitude","https:\/\/www.linkedin.com\/company\/global-attitude\/?viewAsMember=true"]},{"@type":"Person","@id":"https:\/\/globalattitude.org.br\/en\/#\/schema\/person\/d2d0edb26129b7407b05aa493af63725","name":"comunicacao","image":{"@type":"ImageObject","inLanguage":"en-US","@id":"https:\/\/secure.gravatar.com\/avatar\/a25dbef6d352d1355e632d9629c19165ddb3e176cbcb21ee573e3d96d011d16b?s=96&d=mm&r=g","url":"https:\/\/secure.gravatar.com\/avatar\/a25dbef6d352d1355e632d9629c19165ddb3e176cbcb21ee573e3d96d011d16b?s=96&d=mm&r=g","contentUrl":"https:\/\/secure.gravatar.com\/avatar\/a25dbef6d352d1355e632d9629c19165ddb3e176cbcb21ee573e3d96d011d16b?s=96&d=mm&r=g","caption":"comunicacao"},"url":"https:\/\/globalattitude.org.br\/en\/author\/comunicacao\/"}]}},"_links":{"self":[{"href":"https:\/\/globalattitude.org.br\/en\/wp-json\/wp\/v2\/posts\/8017","targetHints":{"allow":["GET"]}}],"collection":[{"href":"https:\/\/globalattitude.org.br\/en\/wp-json\/wp\/v2\/posts"}],"about":[{"href":"https:\/\/globalattitude.org.br\/en\/wp-json\/wp\/v2\/types\/post"}],"author":[{"embeddable":true,"href":"https:\/\/globalattitude.org.br\/en\/wp-json\/wp\/v2\/users\/4"}],"replies":[{"embeddable":true,"href":"https:\/\/globalattitude.org.br\/en\/wp-json\/wp\/v2\/comments?post=8017"}],"version-history":[{"count":8,"href":"https:\/\/globalattitude.org.br\/en\/wp-json\/wp\/v2\/posts\/8017\/revisions"}],"predecessor-version":[{"id":8752,"href":"https:\/\/globalattitude.org.br\/en\/wp-json\/wp\/v2\/posts\/8017\/revisions\/8752"}],"wp:attachment":[{"href":"https:\/\/globalattitude.org.br\/en\/wp-json\/wp\/v2\/media?parent=8017"}],"wp:term":[{"taxonomy":"category","embeddable":true,"href":"https:\/\/globalattitude.org.br\/en\/wp-json\/wp\/v2\/categories?post=8017"},{"taxonomy":"post_tag","embeddable":true,"href":"https:\/\/globalattitude.org.br\/en\/wp-json\/wp\/v2\/tags?post=8017"}],"curies":[{"name":"wp","href":"https:\/\/api.w.org\/{rel}","templated":true}]}}