{"id":8045,"date":"2024-05-03T14:47:39","date_gmt":"2024-05-03T17:47:39","guid":{"rendered":"https:\/\/globalattitude.org.br\/?p=8045"},"modified":"2025-01-09T11:40:07","modified_gmt":"2025-01-09T14:40:07","slug":"perfil-do-instituto-global-attitude-ganha-selo-de-verificacao-do-instagram","status":"publish","type":"post","link":"https:\/\/globalattitude.org.br\/en\/perfil-do-instituto-global-attitude-ganha-selo-de-verificacao-do-instagram\/","title":{"rendered":"Perfil do Instituto Global Attitude ganha selo de verifica\u00e7\u00e3o do Instagram"},"content":{"rendered":"<p>O selo azul confirma a autenticidade de perfis not\u00e1veis, como celebridades, empresas e entidades.<\/p>\n<p>Por Rodrigo Harshe, IGA SP \u2014 S\u00e3o Paulo 03\/05\/2024 14h44 Atualizado h\u00e1 20 minutos<\/p>\n<p>O Instituto Global Attitude (IGA) foi reconhecido como uma p\u00e1gina leg\u00edtima e not\u00e1vel pelo Instagram, empresa pertencente \u00e0 Meta, a big tech fundada por Marck Zukemberg.<\/p>\n<p>O <a href=\"https:\/\/www.instagram.com\/globalattitude\/\">perfil do IGA<\/a> conta com mais de 12 mil seguidores ativos e \u00e9 usado para divulgar projetos de empreendedorismo e sustentabilidade a n\u00edvel nacional, al\u00e9m de dar espa\u00e7o ao turismo cultural gratuito, no eixo Rio-S\u00e3o Paulo.<\/p>\n<p>Para Rodrigo Harshe, coordenador de marketing e comunica\u00e7\u00e3o do Global Attitude, o recebimento do selo est\u00e1 associado ao uso respons\u00e1vel e transparente do perfil, na plataforma.<\/p>\n<p><em>\u201cA valida\u00e7\u00e3o da p\u00e1gina vem para confirmar a credibilidade e confian\u00e7a do Instituto, tamb\u00e9m no campo digital. Hoje, al\u00e9m dos projetos, prestamos servi\u00e7os de acesso \u00e0 cultura com divulga\u00e7\u00e3o de eventos gratuitos. \u201d<\/em><\/p>\n<p>Para Harshe, a rede social tem papel significativo no Brasil: \u201cTemos visto o crescimento do Instagram em nosso pa\u00eds, cada vez mais popular e diverso. E, seguindo nesta mesma dire\u00e7\u00e3o, vamos construindo um di\u00e1logo com o nosso p\u00fablico-alvo. \u201d<\/p>\n<p>Dados divulgados pela consultoria <a href=\"https:\/\/blog.opinionbox.com\/pesquisa-instagram\/vv\">Opinion Box<\/a>, revelam que o Brasil ocupa a terceira posi\u00e7\u00e3o com mais usu\u00e1rios na plataforma, com 110 milh\u00f5es de pessoas. A lideran\u00e7a \u00e9 ocupada pela \u00cdndia, com 180 milh\u00f5es e seguido pelos Estados Unidos, com 170 milh\u00f5es.<\/p>\n<p>O selo azul \u00e9 concedido para perfis oficiais de institui\u00e7\u00f5es, empresas, personalidades e artistas, sempre de forma org\u00e2nica, ou seja, sem ser assinante do Meta Verified, um modelo em que criadores e empresas compram o selo.<\/p>\n<p>Essa \u00e9 uma importante conquista para evitar golpes e fake News envolvendo o nome do Instituto. Vale lembrar que toda a comunica\u00e7\u00e3o do IGA ocorre pelos canais oficias, como site, Facebook e Instagram.<\/p>\n<p>Estamos em todas as redes sociais, acompanhe:<\/p>\n<p>Se inscreva em nosso canal no <a href=\"https:\/\/encurtador.com.br\/bglX9\">Youtube<\/a>.<\/p>\n<p>Acesse nossa p\u00e1gina no <a href=\"https:\/\/www.facebook.com\/global.attitude.org\/\">Facebook<\/a>.<\/p>\n<p>Siga nossa p\u00e1gina no <a href=\"https:\/\/www.instagram.com\/globalattitude\/\">Instagram<\/a>.<\/p>\n<p>&nbsp;<\/p>\n","protected":false},"excerpt":{"rendered":"<p>O selo azul confirma a autenticidade de perfis not\u00e1veis, como celebridades, empresas e entidades. Por Rodrigo Harshe, IGA SP \u2014 S\u00e3o Paulo 03\/05\/2024 14h44 Atualizado h\u00e1 20 minutos O Instituto Global Attitude (IGA) foi reconhecido como uma p\u00e1gina leg\u00edtima e not\u00e1vel pelo Instagram, empresa pertencente \u00e0 Meta, a big tech fundada por Marck Zukemberg. O [&hellip;]<\/p>\n","protected":false},"author":4,"featured_media":0,"comment_status":"open","ping_status":"open","sticky":false,"template":"","format":"standard","meta":{"_acf_changed":false,"om_disable_all_campaigns":false,"_monsterinsights_skip_tracking":false,"_monsterinsights_sitenote_active":false,"_monsterinsights_sitenote_note":"","_monsterinsights_sitenote_category":0,"_uf_show_specific_survey":0,"_uf_disable_surveys":false,"footnotes":""},"categories":[360],"tags":[247,414,408,416,409,415],"class_list":["post-8045","post","type-post","status-publish","format-standard","hentry","category-noticias","tag-fake-news","tag-instagram","tag-news","tag-noticia","tag-noticias-boas","tag-rede-social"],"acf":[],"aioseo_notices":[],"yoast_head":"<!-- This site is optimized with the Yoast SEO plugin v27.5 - https:\/\/yoast.com\/product\/yoast-seo-wordpress\/ -->\n<title>Perfil do Instituto Global Attitude ganha selo de verifica\u00e7\u00e3o do Instagram - Instituto Global Attitude<\/title>\n<meta name=\"robots\" content=\"index, follow, max-snippet:-1, max-image-preview:large, max-video-preview:-1\" \/>\n<link rel=\"canonical\" href=\"https:\/\/globalattitude.org.br\/en\/perfil-do-instituto-global-attitude-ganha-selo-de-verificacao-do-instagram\/\" \/>\n<meta property=\"og:locale\" content=\"en_US\" \/>\n<meta property=\"og:type\" content=\"article\" \/>\n<meta property=\"og:title\" content=\"Perfil do Instituto Global Attitude ganha selo de verifica\u00e7\u00e3o do Instagram - Instituto Global Attitude\" \/>\n<meta property=\"og:description\" content=\"O selo azul confirma a autenticidade de perfis not\u00e1veis, como celebridades, empresas e entidades. Por Rodrigo Harshe, IGA SP \u2014 S\u00e3o Paulo 03\/05\/2024 14h44 Atualizado h\u00e1 20 minutos O Instituto Global Attitude (IGA) foi reconhecido como uma p\u00e1gina leg\u00edtima e not\u00e1vel pelo Instagram, empresa pertencente \u00e0 Meta, a big tech fundada por Marck Zukemberg. O [&hellip;]\" \/>\n<meta property=\"og:url\" content=\"https:\/\/globalattitude.org.br\/en\/perfil-do-instituto-global-attitude-ganha-selo-de-verificacao-do-instagram\/\" \/>\n<meta property=\"og:site_name\" content=\"Instituto Global Attitude\" \/>\n<meta property=\"article:publisher\" content=\"https:\/\/www.facebook.com\/global.attitude.org\/\" \/>\n<meta property=\"article:published_time\" content=\"2024-05-03T17:47:39+00:00\" \/>\n<meta property=\"article:modified_time\" content=\"2025-01-09T14:40:07+00:00\" \/>\n<meta name=\"author\" content=\"comunicacao\" \/>\n<meta name=\"twitter:card\" content=\"summary_large_image\" \/>\n<meta name=\"twitter:creator\" content=\"@global_attitude\" \/>\n<meta name=\"twitter:site\" content=\"@global_attitude\" \/>\n<meta name=\"twitter:label1\" content=\"Written by\" \/>\n\t<meta name=\"twitter:data1\" content=\"comunicacao\" \/>\n\t<meta name=\"twitter:label2\" content=\"Est. reading time\" \/>\n\t<meta name=\"twitter:data2\" content=\"2 minutes\" \/>\n<script type=\"application\/ld+json\" class=\"yoast-schema-graph\">{\"@context\":\"https:\\\/\\\/schema.org\",\"@graph\":[{\"@type\":[\"Article\",\"BlogPosting\"],\"@id\":\"https:\\\/\\\/globalattitude.org.br\\\/en\\\/perfil-do-instituto-global-attitude-ganha-selo-de-verificacao-do-instagram\\\/#article\",\"isPartOf\":{\"@id\":\"https:\\\/\\\/globalattitude.org.br\\\/en\\\/perfil-do-instituto-global-attitude-ganha-selo-de-verificacao-do-instagram\\\/\"},\"author\":{\"name\":\"comunicacao\",\"@id\":\"http:\\\/\\\/globalattitude.org.br\\\/#\\\/schema\\\/person\\\/d2d0edb26129b7407b05aa493af63725\"},\"headline\":\"Perfil do Instituto Global Attitude ganha selo de verifica\u00e7\u00e3o do Instagram\",\"datePublished\":\"2024-05-03T17:47:39+00:00\",\"dateModified\":\"2025-01-09T14:40:07+00:00\",\"mainEntityOfPage\":{\"@id\":\"https:\\\/\\\/globalattitude.org.br\\\/en\\\/perfil-do-instituto-global-attitude-ganha-selo-de-verificacao-do-instagram\\\/\"},\"wordCount\":354,\"commentCount\":0,\"publisher\":{\"@id\":\"http:\\\/\\\/globalattitude.org.br\\\/#organization\"},\"keywords\":[\"fake news\",\"INSTAGRAM\",\"news\",\"NOT\u00cdCIA\",\"not\u00edcias boas\",\"REDE SOCIAL\"],\"articleSection\":[\"Not\u00edcias\"],\"inLanguage\":\"en-US\",\"potentialAction\":[{\"@type\":\"CommentAction\",\"name\":\"Comment\",\"target\":[\"https:\\\/\\\/globalattitude.org.br\\\/en\\\/perfil-do-instituto-global-attitude-ganha-selo-de-verificacao-do-instagram\\\/#respond\"]}]},{\"@type\":\"WebPage\",\"@id\":\"https:\\\/\\\/globalattitude.org.br\\\/en\\\/perfil-do-instituto-global-attitude-ganha-selo-de-verificacao-do-instagram\\\/\",\"url\":\"https:\\\/\\\/globalattitude.org.br\\\/en\\\/perfil-do-instituto-global-attitude-ganha-selo-de-verificacao-do-instagram\\\/\",\"name\":\"Perfil do Instituto Global Attitude ganha selo de verifica\u00e7\u00e3o do Instagram - Instituto Global Attitude\",\"isPartOf\":{\"@id\":\"http:\\\/\\\/globalattitude.org.br\\\/#website\"},\"datePublished\":\"2024-05-03T17:47:39+00:00\",\"dateModified\":\"2025-01-09T14:40:07+00:00\",\"breadcrumb\":{\"@id\":\"https:\\\/\\\/globalattitude.org.br\\\/en\\\/perfil-do-instituto-global-attitude-ganha-selo-de-verificacao-do-instagram\\\/#breadcrumb\"},\"inLanguage\":\"en-US\",\"potentialAction\":[{\"@type\":\"ReadAction\",\"target\":[\"https:\\\/\\\/globalattitude.org.br\\\/en\\\/perfil-do-instituto-global-attitude-ganha-selo-de-verificacao-do-instagram\\\/\"]}]},{\"@type\":\"BreadcrumbList\",\"@id\":\"https:\\\/\\\/globalattitude.org.br\\\/en\\\/perfil-do-instituto-global-attitude-ganha-selo-de-verificacao-do-instagram\\\/#breadcrumb\",\"itemListElement\":[{\"@type\":\"ListItem\",\"position\":1,\"name\":\"In\u00edcio\",\"item\":\"https:\\\/\\\/globalattitude.org.br\\\/en\\\/\"},{\"@type\":\"ListItem\",\"position\":2,\"name\":\"Perfil do Instituto Global Attitude ganha selo de verifica\u00e7\u00e3o do Instagram\"}]},{\"@type\":\"WebSite\",\"@id\":\"http:\\\/\\\/globalattitude.org.br\\\/#website\",\"url\":\"http:\\\/\\\/globalattitude.org.br\\\/\",\"name\":\"Instituto Global Attitude\",\"description\":\"\",\"publisher\":{\"@id\":\"http:\\\/\\\/globalattitude.org.br\\\/#organization\"},\"potentialAction\":[{\"@type\":\"SearchAction\",\"target\":{\"@type\":\"EntryPoint\",\"urlTemplate\":\"http:\\\/\\\/globalattitude.org.br\\\/?s={search_term_string}\"},\"query-input\":{\"@type\":\"PropertyValueSpecification\",\"valueRequired\":true,\"valueName\":\"search_term_string\"}}],\"inLanguage\":\"en-US\"},{\"@type\":\"Organization\",\"@id\":\"http:\\\/\\\/globalattitude.org.br\\\/#organization\",\"name\":\"Instituto Global Attitude\",\"url\":\"http:\\\/\\\/globalattitude.org.br\\\/\",\"logo\":{\"@type\":\"ImageObject\",\"inLanguage\":\"en-US\",\"@id\":\"http:\\\/\\\/globalattitude.org.br\\\/#\\\/schema\\\/logo\\\/image\\\/\",\"url\":\"https:\\\/\\\/globalattitude.org.br\\\/wp-content\\\/uploads\\\/2023\\\/01\\\/instituto-global-attitude-color.png\",\"contentUrl\":\"https:\\\/\\\/globalattitude.org.br\\\/wp-content\\\/uploads\\\/2023\\\/01\\\/instituto-global-attitude-color.png\",\"width\":300,\"height\":131,\"caption\":\"Instituto Global Attitude\"},\"image\":{\"@id\":\"http:\\\/\\\/globalattitude.org.br\\\/#\\\/schema\\\/logo\\\/image\\\/\"},\"sameAs\":[\"https:\\\/\\\/www.facebook.com\\\/global.attitude.org\\\/\",\"https:\\\/\\\/x.com\\\/global_attitude\",\"https:\\\/\\\/www.instagram.com\\\/globalattitude\",\"https:\\\/\\\/www.linkedin.com\\\/company\\\/global-attitude\\\/?viewAsMember=true\"]},{\"@type\":\"Person\",\"@id\":\"http:\\\/\\\/globalattitude.org.br\\\/#\\\/schema\\\/person\\\/d2d0edb26129b7407b05aa493af63725\",\"name\":\"comunicacao\",\"image\":{\"@type\":\"ImageObject\",\"inLanguage\":\"en-US\",\"@id\":\"https:\\\/\\\/secure.gravatar.com\\\/avatar\\\/a25dbef6d352d1355e632d9629c19165ddb3e176cbcb21ee573e3d96d011d16b?s=96&d=mm&r=g\",\"url\":\"https:\\\/\\\/secure.gravatar.com\\\/avatar\\\/a25dbef6d352d1355e632d9629c19165ddb3e176cbcb21ee573e3d96d011d16b?s=96&d=mm&r=g\",\"contentUrl\":\"https:\\\/\\\/secure.gravatar.com\\\/avatar\\\/a25dbef6d352d1355e632d9629c19165ddb3e176cbcb21ee573e3d96d011d16b?s=96&d=mm&r=g\",\"caption\":\"comunicacao\"},\"url\":\"https:\\\/\\\/globalattitude.org.br\\\/en\\\/author\\\/comunicacao\\\/\"}]}<\/script>\n<!-- \/ Yoast SEO plugin. -->","yoast_head_json":{"title":"Perfil do Instituto Global Attitude ganha selo de verifica\u00e7\u00e3o do Instagram - Instituto Global Attitude","robots":{"index":"index","follow":"follow","max-snippet":"max-snippet:-1","max-image-preview":"max-image-preview:large","max-video-preview":"max-video-preview:-1"},"canonical":"https:\/\/globalattitude.org.br\/en\/perfil-do-instituto-global-attitude-ganha-selo-de-verificacao-do-instagram\/","og_locale":"en_US","og_type":"article","og_title":"Perfil do Instituto Global Attitude ganha selo de verifica\u00e7\u00e3o do Instagram - Instituto Global Attitude","og_description":"O selo azul confirma a autenticidade de perfis not\u00e1veis, como celebridades, empresas e entidades. Por Rodrigo Harshe, IGA SP \u2014 S\u00e3o Paulo 03\/05\/2024 14h44 Atualizado h\u00e1 20 minutos O Instituto Global Attitude (IGA) foi reconhecido como uma p\u00e1gina leg\u00edtima e not\u00e1vel pelo Instagram, empresa pertencente \u00e0 Meta, a big tech fundada por Marck Zukemberg. O [&hellip;]","og_url":"https:\/\/globalattitude.org.br\/en\/perfil-do-instituto-global-attitude-ganha-selo-de-verificacao-do-instagram\/","og_site_name":"Instituto Global Attitude","article_publisher":"https:\/\/www.facebook.com\/global.attitude.org\/","article_published_time":"2024-05-03T17:47:39+00:00","article_modified_time":"2025-01-09T14:40:07+00:00","author":"comunicacao","twitter_card":"summary_large_image","twitter_creator":"@global_attitude","twitter_site":"@global_attitude","twitter_misc":{"Written by":"comunicacao","Est. reading time":"2 minutes"},"schema":{"@context":"https:\/\/schema.org","@graph":[{"@type":["Article","BlogPosting"],"@id":"https:\/\/globalattitude.org.br\/en\/perfil-do-instituto-global-attitude-ganha-selo-de-verificacao-do-instagram\/#article","isPartOf":{"@id":"https:\/\/globalattitude.org.br\/en\/perfil-do-instituto-global-attitude-ganha-selo-de-verificacao-do-instagram\/"},"author":{"name":"comunicacao","@id":"http:\/\/globalattitude.org.br\/#\/schema\/person\/d2d0edb26129b7407b05aa493af63725"},"headline":"Perfil do Instituto Global Attitude ganha selo de verifica\u00e7\u00e3o do Instagram","datePublished":"2024-05-03T17:47:39+00:00","dateModified":"2025-01-09T14:40:07+00:00","mainEntityOfPage":{"@id":"https:\/\/globalattitude.org.br\/en\/perfil-do-instituto-global-attitude-ganha-selo-de-verificacao-do-instagram\/"},"wordCount":354,"commentCount":0,"publisher":{"@id":"http:\/\/globalattitude.org.br\/#organization"},"keywords":["fake news","INSTAGRAM","news","NOT\u00cdCIA","not\u00edcias boas","REDE SOCIAL"],"articleSection":["Not\u00edcias"],"inLanguage":"en-US","potentialAction":[{"@type":"CommentAction","name":"Comment","target":["https:\/\/globalattitude.org.br\/en\/perfil-do-instituto-global-attitude-ganha-selo-de-verificacao-do-instagram\/#respond"]}]},{"@type":"WebPage","@id":"https:\/\/globalattitude.org.br\/en\/perfil-do-instituto-global-attitude-ganha-selo-de-verificacao-do-instagram\/","url":"https:\/\/globalattitude.org.br\/en\/perfil-do-instituto-global-attitude-ganha-selo-de-verificacao-do-instagram\/","name":"Perfil do Instituto Global Attitude ganha selo de verifica\u00e7\u00e3o do Instagram - Instituto Global Attitude","isPartOf":{"@id":"http:\/\/globalattitude.org.br\/#website"},"datePublished":"2024-05-03T17:47:39+00:00","dateModified":"2025-01-09T14:40:07+00:00","breadcrumb":{"@id":"https:\/\/globalattitude.org.br\/en\/perfil-do-instituto-global-attitude-ganha-selo-de-verificacao-do-instagram\/#breadcrumb"},"inLanguage":"en-US","potentialAction":[{"@type":"ReadAction","target":["https:\/\/globalattitude.org.br\/en\/perfil-do-instituto-global-attitude-ganha-selo-de-verificacao-do-instagram\/"]}]},{"@type":"BreadcrumbList","@id":"https:\/\/globalattitude.org.br\/en\/perfil-do-instituto-global-attitude-ganha-selo-de-verificacao-do-instagram\/#breadcrumb","itemListElement":[{"@type":"ListItem","position":1,"name":"In\u00edcio","item":"https:\/\/globalattitude.org.br\/en\/"},{"@type":"ListItem","position":2,"name":"Perfil do Instituto Global Attitude ganha selo de verifica\u00e7\u00e3o do Instagram"}]},{"@type":"WebSite","@id":"http:\/\/globalattitude.org.br\/#website","url":"http:\/\/globalattitude.org.br\/","name":"Instituto Global Attitude","description":"","publisher":{"@id":"http:\/\/globalattitude.org.br\/#organization"},"potentialAction":[{"@type":"SearchAction","target":{"@type":"EntryPoint","urlTemplate":"http:\/\/globalattitude.org.br\/?s={search_term_string}"},"query-input":{"@type":"PropertyValueSpecification","valueRequired":true,"valueName":"search_term_string"}}],"inLanguage":"en-US"},{"@type":"Organization","@id":"http:\/\/globalattitude.org.br\/#organization","name":"Instituto Global Attitude","url":"http:\/\/globalattitude.org.br\/","logo":{"@type":"ImageObject","inLanguage":"en-US","@id":"http:\/\/globalattitude.org.br\/#\/schema\/logo\/image\/","url":"https:\/\/globalattitude.org.br\/wp-content\/uploads\/2023\/01\/instituto-global-attitude-color.png","contentUrl":"https:\/\/globalattitude.org.br\/wp-content\/uploads\/2023\/01\/instituto-global-attitude-color.png","width":300,"height":131,"caption":"Instituto Global Attitude"},"image":{"@id":"http:\/\/globalattitude.org.br\/#\/schema\/logo\/image\/"},"sameAs":["https:\/\/www.facebook.com\/global.attitude.org\/","https:\/\/x.com\/global_attitude","https:\/\/www.instagram.com\/globalattitude","https:\/\/www.linkedin.com\/company\/global-attitude\/?viewAsMember=true"]},{"@type":"Person","@id":"http:\/\/globalattitude.org.br\/#\/schema\/person\/d2d0edb26129b7407b05aa493af63725","name":"comunicacao","image":{"@type":"ImageObject","inLanguage":"en-US","@id":"https:\/\/secure.gravatar.com\/avatar\/a25dbef6d352d1355e632d9629c19165ddb3e176cbcb21ee573e3d96d011d16b?s=96&d=mm&r=g","url":"https:\/\/secure.gravatar.com\/avatar\/a25dbef6d352d1355e632d9629c19165ddb3e176cbcb21ee573e3d96d011d16b?s=96&d=mm&r=g","contentUrl":"https:\/\/secure.gravatar.com\/avatar\/a25dbef6d352d1355e632d9629c19165ddb3e176cbcb21ee573e3d96d011d16b?s=96&d=mm&r=g","caption":"comunicacao"},"url":"https:\/\/globalattitude.org.br\/en\/author\/comunicacao\/"}]}},"_links":{"self":[{"href":"https:\/\/globalattitude.org.br\/en\/wp-json\/wp\/v2\/posts\/8045","targetHints":{"allow":["GET"]}}],"collection":[{"href":"https:\/\/globalattitude.org.br\/en\/wp-json\/wp\/v2\/posts"}],"about":[{"href":"https:\/\/globalattitude.org.br\/en\/wp-json\/wp\/v2\/types\/post"}],"author":[{"embeddable":true,"href":"https:\/\/globalattitude.org.br\/en\/wp-json\/wp\/v2\/users\/4"}],"replies":[{"embeddable":true,"href":"https:\/\/globalattitude.org.br\/en\/wp-json\/wp\/v2\/comments?post=8045"}],"version-history":[{"count":7,"href":"https:\/\/globalattitude.org.br\/en\/wp-json\/wp\/v2\/posts\/8045\/revisions"}],"predecessor-version":[{"id":11151,"href":"https:\/\/globalattitude.org.br\/en\/wp-json\/wp\/v2\/posts\/8045\/revisions\/11151"}],"wp:attachment":[{"href":"https:\/\/globalattitude.org.br\/en\/wp-json\/wp\/v2\/media?parent=8045"}],"wp:term":[{"taxonomy":"category","embeddable":true,"href":"https:\/\/globalattitude.org.br\/en\/wp-json\/wp\/v2\/categories?post=8045"},{"taxonomy":"post_tag","embeddable":true,"href":"https:\/\/globalattitude.org.br\/en\/wp-json\/wp\/v2\/tags?post=8045"}],"curies":[{"name":"wp","href":"https:\/\/api.w.org\/{rel}","templated":true}]}}